{"id":351546,"date":"2019-02-28T09:38:32","date_gmt":"2019-02-28T08:38:32","guid":{"rendered":"https:\/\/www.salzburgerland.com\/de\/?p=351546"},"modified":"2020-07-14T12:51:59","modified_gmt":"2020-07-14T10:51:59","slug":"alpine-spa-forest-bathing-in-bad-hofgastein","status":"publish","type":"post","link":"https:\/\/www.salzburgerland.com\/de\/alpine-spa-forest-bathing-in-bad-hofgastein\/","title":{"rendered":"\u201eAlpine Spa Forest Bathing\u201c in Bad Hofgastein"},"content":{"rendered":"<p>Langsam, fast zaghaft tauchen die morgendlichen Sonnenstrahlen den Bergwald in ein sanftes Licht. Ein filigranes Spinnennetz schwebt scheinbar schwerelos zwischen den \u00c4sten der jungen Fichten, die feuchte Luft zaubert Locken ins Haar und wirkt beruhigend auf die Bronchien. Das tiefe Einatmen kommt von selbst und ich nehme wahr, wie sich mein Brustkorb hebt und senkt \u2013 im ureigenen Rhythmus, den ich angesichts der hohen Schlagzahl des Alltags viel zu oft ignoriere.<\/p>\n<p><em>\u201eWann \u00fcberhaupt ist f\u00fcr Sie die richtige Waldbade-Zeit zwischen Sonnenauf- und Sonnenuntergang?\u201c<\/em> steht in der \u201eAlpine Spa Forest Bathing\u201c-Brosch\u00fcre, die ich gestern Abend im Bett studiert habe. <em>\u201eGanz klar der Morgen bevor die Welt so richtig erwacht<\/em>\u201c, schoss es mir durch den Kopf. In den Wald muss man fr\u00fch, das hat mir schon mein Gro\u00dfvater \u2013 der J\u00e4ger \u2013 beigebracht. Doch ich bin im Urlaub und \u2013 auch das hat mir Opa Ferdinand beigebracht \u2013 die Wildtiere nutzen die fr\u00fchen Morgenstunden zum \u00c4sen und sollen dabei nicht gest\u00f6rt werden. Also mache ich mich erst nach dem Fr\u00fchst\u00fcck auf ins Angertal und siehe da: Obwohl in Bad Hofgastein schon emsige Betriebsamkeit herrscht, finde ich mich hier mit mir, meinem Atem und meinen Gedanken alleine wieder.<\/p>\n<h2>Natur Resonanz macht Waldbaden zum ganzheitlichen Erlebnis<\/h2>\n<p>\u201eDer gro\u00dfe Unterschied zwischen einer herk\u00f6mmlichen Wanderung durch den Wald und dem vitalen Waldbaden liegt in der Natur Resonanz bzw. in der von mir entwickelten Methode \u201aBewegen in Resonanz mit der Natur\u2018. Dabei wird Bezug auf konkrete Pl\u00e4tze in der Natur, ihre Optik und Qualit\u00e4t genommen. Zwischen den einzelnen Stationen wird man angeleitet, unterschiedliche Geh-Varianten auszuprobieren\u201c, betont Naturdenkerin, Tourismusgeomantin und Begr\u00fcnderin der Methode <a href=\"http:\/\/www.sabine-schulz-kommunikation.com\/naturesponse\/\" target=\"_blank\" rel=\"noopener noreferrer\">NATURESPONSE\u00ae Sabine Schulz<\/a>, die die beiden \u201eAlpine Spa Forest Bathing\u201c-Waldwege samt \u00dcbungen in Bad Hofgastein konzipiert und mitgestaltet hat. \u201eNatur-Resonanz-\u00dcbungen bestehen aus Bewegungen, Atmen\u00fcbungen und Gedankenimpulsen, passend zu den Naturpl\u00e4tzen sowie zu \u00fcbergeordneten Themen. Auf diese Weise wirken K\u00f6rper, Gedanken und \u201aHerzliches\u2018 zusammen.\u201c<\/p>\n<div id=\"attachment_357321\" style=\"width: 1180px\" class=\"wp-caption alignnone\"><img decoding=\"async\" aria-describedby=\"caption-attachment-357321\" class=\"size-1170_658 wp-image-357321\" src=\"https:\/\/cdn.salzburgerland.com\/de\/wp-content\/uploads\/2019\/02\/gastein-alpine-bathing-1-1170x658.jpg\" alt=\"\" width=\"1170\" height=\"658\" srcset=\"https:\/\/www.salzburgerland.com\/de\/wp-content\/uploads\/2019\/02\/gastein-alpine-bathing-1-1170x658.jpg 1170w, https:\/\/www.salzburgerland.com\/de\/wp-content\/uploads\/2019\/02\/gastein-alpine-bathing-1-1200x675.jpg 1200w\" sizes=\"(max-width: 1170px) 100vw, 1170px\"><p id=\"caption-attachment-357321\" class=\"wp-caption-text\">\u00a9 Gasteinertal Tourismus \u2013 Michael Gr\u00f6ssinger<\/p><\/div>\n<h2>Von der \u201eZentrumswiese\u201c zur \u201eLos-Lass-Linie\u201c<\/h2>\n<p>F\u00fcr mich ist der in der Brosch\u00fcre beschriebene Weg perfekt: Nicht zu steil, nicht zu lang. Ich lebe in der Stadt und die weitesten Strecken, die ich zu Fu\u00df zur\u00fccklege, sind jene zur U-Bahn oder in den Supermarkt. Der unebene Waldboden und die kleinen Trails wecken meine Fu\u00dfmuskulatur auf, die nicht daran gew\u00f6hnt ist, \u00fcber Stock und Stein zu steigen. Sieben Stationen erwarten mich auf dem Weg: Ich bin allein, schwinge kraftvoll meine Arme zur Seite und lockere die Knie, so wie es in der Brosch\u00fcre beschrieben ist. Doch ich spitze auch meine Ohren und unter dem lauten Rauschen des Baches erahne ich unbekannte Vogelstimmen. Zudem weckt der erdige Geruch des Waldes meine Sinne: Die Feuchtigkeit des Mooses vermischt sich mit einer ungew\u00f6hnlichen Frische, die von den B\u00e4umen direkt zu stammen scheint. Es ist der pure Sauerstoff, der meine Lungen f\u00fcllt. Angekommen auf der \u201eZentrumswiese\u201c lege ich, wie im Guide beschrieben, die H\u00e4nde auf den Bauch, um meine eigene Mitte zu sp\u00fcren. Die Baumst\u00fcmpfe der \u201eLos-Lass-Linie\u201c etwas weiter entfernt regen dazu an, von Altem Abschied zu nehmen: Das kurze, aber bewusste Anspannen der F\u00e4uste, Arme und Beine und das wohltuende Loslassen und Entspannen unterst\u00fctzen diese Intention.<\/p>\n<p>Das Zwitschern der V\u00f6gel hat sich mittlerweile zu einem Crescendo gesteigert: Sie scheinen mein Auftauchen in ihrem Wald mit Begeisterung zu verfolgen. Ich aber bemerke, wie ich immer ruhiger und langsamer werde \u2013 gerade so, als w\u00fcrde ich mich dem Takt des Waldes anpassen. Es geht mir nicht darum, schnell durch den Wald zu hetzen und diesen Urlaubsprogrammpunkt abzuhaken.<\/p>\n<p>Endlich bin ich dabei, einfach anzukommen.<\/p>\n<h2>Spielerisch die Natur erkunden<\/h2>\n<p>So kann ich auch nicht widerstehen, mich mitten in einem kleinen Ger\u00f6llfeld niederzulassen: Steinm\u00e4nnchen haben sich hier in Gruppen zusammengetan, gebaut von Menschen wie mir. Wie lange schon habe ich nicht mehr gespielt? Wann war es das letzte Mal, dass ich gedankenverloren vor mich hingepuzzelt habe? Stein f\u00fcr Stein staple ich \u00fcbereinander, bis ich selbst eine kleine Steinm\u00e4nnchenfamilie gegr\u00fcndet und dabei gar nicht bemerkt habe, dass sich in einiger Entfernung Kinder zu mir gesellt haben. Auch sie v\u00f6llig versunken in ihrem Spiel.<\/p>\n<p>Heiter und gelassen erhebe ich mich und wandere weiter \u2013 \u00fcber eine Br\u00fccke und tiefer in den Wald hinein: Bartflechten scheinen an den \u00c4sten zu tanzen und riesengro\u00dfe Ameisenh\u00fcgel ducken sich unter hohen Fichten. Ich beobachte das emsige Treiben und ganz vorsichtig lege ich ein Papiertaschentuch auf den gro\u00dfen H\u00fcgel, so wie es mir mein Gro\u00dfvater beigebracht hat. Die Ameisen bespr\u00fchen dieses binnen k\u00fcrzester Zeit mit ihrer S\u00e4ure. Vorsichtig ziehe ich es weg, ohne das fragile Ger\u00fcst zu zerst\u00f6ren und halte es mir vor die Nase: Was bei akutem Schnupfen hilft, wird doch auch pr\u00e4ventiv helfen, denke ich bei mir.<\/p>\n<div id=\"attachment_357322\" style=\"width: 1180px\" class=\"wp-caption alignnone\"><img decoding=\"async\" aria-describedby=\"caption-attachment-357322\" class=\"size-1170_658 wp-image-357322\" src=\"https:\/\/cdn.salzburgerland.com\/de\/wp-content\/uploads\/2019\/02\/gastein-alpine-bathing-2-1170x658.jpg\" alt=\"\" width=\"1170\" height=\"658\" srcset=\"https:\/\/www.salzburgerland.com\/de\/wp-content\/uploads\/2019\/02\/gastein-alpine-bathing-2-1170x658.jpg 1170w, https:\/\/www.salzburgerland.com\/de\/wp-content\/uploads\/2019\/02\/gastein-alpine-bathing-2-1200x675.jpg 1200w\" sizes=\"(max-width: 1170px) 100vw, 1170px\"><p id=\"caption-attachment-357322\" class=\"wp-caption-text\">\u00a9 Gasteinertal Tourismus \u2013 Michael Gr\u00f6ssinger<\/p><\/div>\n<h2>Die nachhaltige Wirkung des Waldes sp\u00fcren<\/h2>\n<p>Ganz ohne Hektik wandere ich von einer Station zu n\u00e4chsten und lasse mich auf die Gedankenimpulse ein, h\u00f6re aber auch auf meine eigenen Bed\u00fcrfnisse. Ich steige auf Baumst\u00fcmpfe, um neue Perspektiven zu erhalten und schl\u00fcpfe durch \u201ePaar-B\u00e4ume\u201c, um Altes abzustreifen. Begleitet von dem guten Gef\u00fchl, dass ich mich dem Wald und seinen B\u00e4umen einfach nur hinzugeben brauche, damit sie ihre Wirkung entfalten. \u201eStudien zeigen, dass die bewusste und aktive Bewegung im Wald den Blutdruck senkt sowie die Immunabwehr und die Konzentrationsf\u00e4higkeit erh\u00f6ht\u201c, best\u00e4tigt Sabine Schulz. \u201eNegative Gef\u00fchle haben im Wald wenig Chance: Wut und \u00c4ngste verschwinden. Waldger\u00fcche vermitteln allein schon evolutionsbedingt ein wohltuendes \u201aZu-Hause-Gef\u00fchl\u2018 und die gr\u00fcnen Farb-Frequenzen sorgen f\u00fcr Ausgeglichenheit\u201c. Langsam werden die Wanderer im Angertal mehr: Auch sie scheinen auf der Suche nach einem Perspektivenwechsel oder habe den Wunsch, sich mit der Kraft der B\u00e4ume zu verbinden. Oder bilde ich mir das nur ein?<\/p>\n<p>Vollgetankt kehre ich an den Ausgangspunkt meiner Wanderung zur\u00fcck: Will ich sonst meist weiter und h\u00f6her, reicht mir heute dieser ganz bewusste Spaziergang. Ich m\u00f6chte ihm und mir Zeit zum Nachwirken geben. So wie es auch nach einem <a href=\"https:\/\/www.alpentherme.com\/de\" target=\"_blank\" rel=\"noopener noreferrer\">Thermalbad im Gasteinertal<\/a> seit jeher empfohlen wird.<\/p>\n<p><iframe title=\"Energie tanken in den W\u00e4ldern von Gastein\" width=\"500\" height=\"281\" src=\"https:\/\/www.youtube-nocookie.com\/embed\/6mbAUh4S-tg?feature=oembed&amp;rel=0&amp;modestbranding=1\" frameborder=\"0\" allow=\"accelerometer; autoplay; clipboard-write; encrypted-media; gyroscope; picture-in-picture; web-share\" referrerpolicy=\"strict-origin-when-cross-origin\" allowfullscreen><\/iframe><\/p>\n<p>\u00a0<\/p>\n","protected":false},"excerpt":{"rendered":"<p>Langsam, fast zaghaft tauchen die morgendlichen Sonnenstrahlen den Bergwald in ein sanftes Licht. Ein filigranes Spinnennetz schwebt scheinbar schwerelos zwischen den \u00c4sten der jungen Fichten, die feuchte Luft zaubert Locken ins Haar und wirkt beruhigend auf die Bronchien. Das tiefe Einatmen kommt von selbst und ich nehme wahr, wie sich mein Brustkorb hebt und senkt [&hellip;]<\/p>\n","protected":false},"author":17,"featured_media":351537,"comment_status":"closed","ping_status":"closed","sticky":false,"template":"","format":"standard","meta":{"_acf_changed":false,"wl_entities_gutenberg":"","_relevanssi_hide_post":"","_relevanssi_hide_content":"","_relevanssi_pin_for_all":"","_relevanssi_pin_keywords":"","_relevanssi_unpin_keywords":"","_relevanssi_related_keywords":"","_relevanssi_related_include_ids":"","_relevanssi_related_exclude_ids":"","_relevanssi_related_no_append":"","_relevanssi_related_not_related":"","_relevanssi_related_posts":"","_relevanssi_noindex_reason":"","footnotes":""},"categories":[1],"tags":[],"wl_entity_type":[11495],"class_list":["post-351546","post","type-post","status-publish","format-standard","has-post-thumbnail","hentry","category-allgemein","wl_entity_type-article"],"acf":[],"yoast_head":"<!-- This site is optimized with the Yoast SEO Premium plugin v26.9 (Yoast SEO v26.9) - https:\/\/yoast.com\/product\/yoast-seo-premium-wordpress\/ -->\n<title>Waldbaden im Gasteinertal \u00bb SalzburgerLand.com<\/title>\n<meta name=\"description\" content=\"Das vitale Waldbaden ist eine noch weitgehend unbekannte, jedoch sehr wirksame Form der Gesundheitsf\u00fcrsorge.\" \/>\n<meta name=\"robots\" content=\"index, follow, max-snippet:-1, max-image-preview:large, max-video-preview:-1\" \/>\n<link rel=\"canonical\" href=\"https:\/\/www.salzburgerland.com\/de\/wp-json\/wp\/v2\/posts\/351546\" \/>\n<meta property=\"og:locale\" content=\"de_DE\" \/>\n<meta property=\"og:type\" content=\"article\" \/>\n<meta property=\"og:title\" content=\"\u201eAlpine Spa Forest Bathing\u201c in Bad Hofgastein\" \/>\n<meta property=\"og:description\" content=\"Das vitale Waldbaden ist eine noch weitgehend unbekannte, jedoch sehr wirksame Form der Gesundheitsf\u00fcrsorge.\" \/>\n<meta property=\"og:url\" content=\"https:\/\/www.salzburgerland.com\/de\/wp-json\/wp\/v2\/posts\/351546\" \/>\n<meta property=\"og:site_name\" content=\"SalzburgerLand.com\" \/>\n<meta property=\"article:publisher\" content=\"https:\/\/www.facebook.com\/salzburgerland\/\" \/>\n<meta property=\"article:published_time\" content=\"2019-02-28T08:38:32+00:00\" \/>\n<meta property=\"article:modified_time\" content=\"2020-07-14T10:51:59+00:00\" \/>\n<meta property=\"og:image\" content=\"https:\/\/www.salzburgerland.com\/de\/wp-content\/uploads\/2019\/02\/gastein-allgemein-1200x675.jpg\" \/>\n\t<meta property=\"og:image:width\" content=\"1200\" \/>\n\t<meta property=\"og:image:height\" content=\"675\" \/>\n\t<meta property=\"og:image:type\" content=\"image\/jpeg\" \/>\n<meta name=\"author\" content=\"Ulli Hammerl\" \/>\n<meta name=\"twitter:card\" content=\"summary_large_image\" \/>\n<meta name=\"twitter:creator\" content=\"@Salzburgerland\" \/>\n<meta name=\"twitter:site\" content=\"@Salzburgerland\" \/>\n<meta name=\"twitter:label1\" content=\"Verfasst von\" \/>\n\t<meta name=\"twitter:data1\" content=\"Ulli Hammerl\" \/>\n\t<meta name=\"twitter:label2\" content=\"Gesch\u00e4tzte Lesezeit\" \/>\n\t<meta name=\"twitter:data2\" content=\"5\u00a0Minuten\" \/>\n<script type=\"application\/ld+json\" class=\"yoast-schema-graph\">{\"@context\":\"https:\/\/schema.org\",\"@graph\":[{\"@type\":\"WebPage\",\"@id\":\"https:\/\/www.salzburgerland.com\/de\/alpine-spa-forest-bathing-in-bad-hofgastein\/\",\"url\":\"https:\/\/www.salzburgerland.com\/de\/alpine-spa-forest-bathing-in-bad-hofgastein\/\",\"name\":\"Waldbaden im Gasteinertal \u00bb SalzburgerLand.com\",\"isPartOf\":{\"@id\":\"https:\/\/www.salzburgerland.com\/de\/#website\"},\"primaryImageOfPage\":{\"@id\":\"https:\/\/www.salzburgerland.com\/de\/alpine-spa-forest-bathing-in-bad-hofgastein\/#primaryimage\"},\"image\":{\"@id\":\"https:\/\/www.salzburgerland.com\/de\/alpine-spa-forest-bathing-in-bad-hofgastein\/#primaryimage\"},\"thumbnailUrl\":\"https:\/\/www.salzburgerland.com\/de\/wp-content\/uploads\/2019\/02\/gastein-allgemein.jpg\",\"datePublished\":\"2019-02-28T08:38:32+00:00\",\"dateModified\":\"2020-07-14T10:51:59+00:00\",\"description\":\"Das vitale Waldbaden ist eine noch weitgehend unbekannte, jedoch sehr wirksame Form der Gesundheitsf\u00fcrsorge.\",\"breadcrumb\":{\"@id\":\"https:\/\/www.salzburgerland.com\/de\/alpine-spa-forest-bathing-in-bad-hofgastein\/#breadcrumb\"},\"inLanguage\":\"de\",\"potentialAction\":[{\"@type\":\"ReadAction\",\"target\":[\"https:\/\/www.salzburgerland.com\/de\/alpine-spa-forest-bathing-in-bad-hofgastein\/\"]}]},{\"@type\":\"ImageObject\",\"inLanguage\":\"de\",\"@id\":\"https:\/\/www.salzburgerland.com\/de\/alpine-spa-forest-bathing-in-bad-hofgastein\/#primaryimage\",\"url\":\"https:\/\/www.salzburgerland.com\/de\/wp-content\/uploads\/2019\/02\/gastein-allgemein.jpg\",\"contentUrl\":\"https:\/\/www.salzburgerland.com\/de\/wp-content\/uploads\/2019\/02\/gastein-allgemein.jpg\",\"width\":1920,\"height\":1280,\"caption\":\"\u00a9 SLTG, Michael Groessinger, Waldwanderung\"},{\"@type\":\"BreadcrumbList\",\"@id\":\"https:\/\/www.salzburgerland.com\/de\/alpine-spa-forest-bathing-in-bad-hofgastein\/#breadcrumb\",\"itemListElement\":[{\"@type\":\"ListItem\",\"position\":1,\"name\":\"Natur- und Lebensraum Wald\",\"item\":\"https:\/\/www.salzburgerland.com\/de\/naturraum-wald\/\"},{\"@type\":\"ListItem\",\"position\":2,\"name\":\"\u201eAlpine Spa Forest Bathing\u201c in Bad Hofgastein\"}]},{\"@type\":\"WebSite\",\"@id\":\"https:\/\/www.salzburgerland.com\/de\/#website\",\"url\":\"https:\/\/www.salzburgerland.com\/de\/\",\"name\":\"SalzburgerLand.com\",\"description\":\"Ihr Urlaub in Salzburg, \u00d6sterreich\",\"publisher\":{\"@id\":\"https:\/\/www.salzburgerland.com\/de\/#organization\"},\"potentialAction\":[{\"@type\":\"SearchAction\",\"target\":{\"@type\":\"EntryPoint\",\"urlTemplate\":\"https:\/\/www.salzburgerland.com\/de\/?s={search_term_string}\"},\"query-input\":{\"@type\":\"PropertyValueSpecification\",\"valueRequired\":true,\"valueName\":\"search_term_string\"}}],\"inLanguage\":\"de\"},{\"@type\":\"Organization\",\"@id\":\"https:\/\/www.salzburgerland.com\/de\/#organization\",\"name\":\"SalzburgerLand Tourismus GmbH\",\"url\":\"https:\/\/www.salzburgerland.com\/de\/\",\"logo\":{\"@type\":\"ImageObject\",\"inLanguage\":\"de\",\"@id\":\"https:\/\/www.salzburgerland.com\/de\/#\/schema\/logo\/image\/\",\"url\":\"https:\/\/www.salzburgerland.com\/de\/wp-content\/uploads\/2017\/01\/salzburgerland-logo.jpg\",\"contentUrl\":\"https:\/\/www.salzburgerland.com\/de\/wp-content\/uploads\/2017\/01\/salzburgerland-logo.jpg\",\"width\":1920,\"height\":827,\"caption\":\"SalzburgerLand Tourismus GmbH\"},\"image\":{\"@id\":\"https:\/\/www.salzburgerland.com\/de\/#\/schema\/logo\/image\/\"},\"sameAs\":[\"https:\/\/www.facebook.com\/salzburgerland\/\",\"https:\/\/x.com\/Salzburgerland\",\"https:\/\/www.instagram.com\/salzburgerland\/\",\"http:\/\/dbpedia.org\/resource\/Salzburg_(state)\",\"http:\/\/wikidata.dbpedia.org\/resource\/Q43325\",\"http:\/\/open.salzburgerland.com\/de\/entity\/salzburgerland\",\"https:\/\/www.youtube.com\/user\/salzburgerland\"]},{\"@type\":\"Person\",\"@id\":\"https:\/\/www.salzburgerland.com\/de\/#\/schema\/person\/43ce9aa621bd7728940e04ed11ce9b6e\",\"name\":\"Ulli Hammerl\",\"image\":{\"@type\":\"ImageObject\",\"inLanguage\":\"de\",\"@id\":\"https:\/\/www.salzburgerland.com\/de\/#\/schema\/person\/image\/\",\"url\":\"https:\/\/secure.gravatar.com\/avatar\/35c80e0404a213597afdb17e84ea42a986fe814f3f881bb75d00261a3ff7aefd?s=96&d=mm&r=g\",\"contentUrl\":\"https:\/\/secure.gravatar.com\/avatar\/35c80e0404a213597afdb17e84ea42a986fe814f3f881bb75d00261a3ff7aefd?s=96&d=mm&r=g\",\"caption\":\"Ulli Hammerl\"}}]}<\/script>\n<!-- \/ Yoast SEO Premium plugin. -->","yoast_head_json":{"title":"Waldbaden im Gasteinertal \u00bb SalzburgerLand.com","description":"Das vitale Waldbaden ist eine noch weitgehend unbekannte, jedoch sehr wirksame Form der Gesundheitsf\u00fcrsorge.","robots":{"index":"index","follow":"follow","max-snippet":"max-snippet:-1","max-image-preview":"max-image-preview:large","max-video-preview":"max-video-preview:-1"},"canonical":"https:\/\/www.salzburgerland.com\/de\/wp-json\/wp\/v2\/posts\/351546","og_locale":"de_DE","og_type":"article","og_title":"\u201eAlpine Spa Forest Bathing\u201c in Bad Hofgastein","og_description":"Das vitale Waldbaden ist eine noch weitgehend unbekannte, jedoch sehr wirksame Form der Gesundheitsf\u00fcrsorge.","og_url":"https:\/\/www.salzburgerland.com\/de\/wp-json\/wp\/v2\/posts\/351546","og_site_name":"SalzburgerLand.com","article_publisher":"https:\/\/www.facebook.com\/salzburgerland\/","article_published_time":"2019-02-28T08:38:32+00:00","article_modified_time":"2020-07-14T10:51:59+00:00","og_image":[{"width":1200,"height":675,"url":"https:\/\/www.salzburgerland.com\/de\/wp-content\/uploads\/2019\/02\/gastein-allgemein-1200x675.jpg","type":"image\/jpeg"}],"author":"Ulli Hammerl","twitter_card":"summary_large_image","twitter_creator":"@Salzburgerland","twitter_site":"@Salzburgerland","twitter_misc":{"Verfasst von":"Ulli Hammerl","Gesch\u00e4tzte Lesezeit":"5\u00a0Minuten"},"schema":{"@context":"https:\/\/schema.org","@graph":[{"@type":"WebPage","@id":"https:\/\/www.salzburgerland.com\/de\/alpine-spa-forest-bathing-in-bad-hofgastein\/","url":"https:\/\/www.salzburgerland.com\/de\/alpine-spa-forest-bathing-in-bad-hofgastein\/","name":"Waldbaden im Gasteinertal \u00bb SalzburgerLand.com","isPartOf":{"@id":"https:\/\/www.salzburgerland.com\/de\/#website"},"primaryImageOfPage":{"@id":"https:\/\/www.salzburgerland.com\/de\/alpine-spa-forest-bathing-in-bad-hofgastein\/#primaryimage"},"image":{"@id":"https:\/\/www.salzburgerland.com\/de\/alpine-spa-forest-bathing-in-bad-hofgastein\/#primaryimage"},"thumbnailUrl":"https:\/\/www.salzburgerland.com\/de\/wp-content\/uploads\/2019\/02\/gastein-allgemein.jpg","datePublished":"2019-02-28T08:38:32+00:00","dateModified":"2020-07-14T10:51:59+00:00","description":"Das vitale Waldbaden ist eine noch weitgehend unbekannte, jedoch sehr wirksame Form der Gesundheitsf\u00fcrsorge.","breadcrumb":{"@id":"https:\/\/www.salzburgerland.com\/de\/alpine-spa-forest-bathing-in-bad-hofgastein\/#breadcrumb"},"inLanguage":"de","potentialAction":[{"@type":"ReadAction","target":["https:\/\/www.salzburgerland.com\/de\/alpine-spa-forest-bathing-in-bad-hofgastein\/"]}]},{"@type":"ImageObject","inLanguage":"de","@id":"https:\/\/www.salzburgerland.com\/de\/alpine-spa-forest-bathing-in-bad-hofgastein\/#primaryimage","url":"https:\/\/www.salzburgerland.com\/de\/wp-content\/uploads\/2019\/02\/gastein-allgemein.jpg","contentUrl":"https:\/\/www.salzburgerland.com\/de\/wp-content\/uploads\/2019\/02\/gastein-allgemein.jpg","width":1920,"height":1280,"caption":"\u00a9 SLTG, Michael Groessinger, Waldwanderung"},{"@type":"BreadcrumbList","@id":"https:\/\/www.salzburgerland.com\/de\/alpine-spa-forest-bathing-in-bad-hofgastein\/#breadcrumb","itemListElement":[{"@type":"ListItem","position":1,"name":"Natur- und Lebensraum Wald","item":"https:\/\/www.salzburgerland.com\/de\/naturraum-wald\/"},{"@type":"ListItem","position":2,"name":"\u201eAlpine Spa Forest Bathing\u201c in Bad Hofgastein"}]},{"@type":"WebSite","@id":"https:\/\/www.salzburgerland.com\/de\/#website","url":"https:\/\/www.salzburgerland.com\/de\/","name":"SalzburgerLand.com","description":"Ihr Urlaub in Salzburg, \u00d6sterreich","publisher":{"@id":"https:\/\/www.salzburgerland.com\/de\/#organization"},"potentialAction":[{"@type":"SearchAction","target":{"@type":"EntryPoint","urlTemplate":"https:\/\/www.salzburgerland.com\/de\/?s={search_term_string}"},"query-input":{"@type":"PropertyValueSpecification","valueRequired":true,"valueName":"search_term_string"}}],"inLanguage":"de"},{"@type":"Organization","@id":"https:\/\/www.salzburgerland.com\/de\/#organization","name":"SalzburgerLand Tourismus GmbH","url":"https:\/\/www.salzburgerland.com\/de\/","logo":{"@type":"ImageObject","inLanguage":"de","@id":"https:\/\/www.salzburgerland.com\/de\/#\/schema\/logo\/image\/","url":"https:\/\/www.salzburgerland.com\/de\/wp-content\/uploads\/2017\/01\/salzburgerland-logo.jpg","contentUrl":"https:\/\/www.salzburgerland.com\/de\/wp-content\/uploads\/2017\/01\/salzburgerland-logo.jpg","width":1920,"height":827,"caption":"SalzburgerLand Tourismus GmbH"},"image":{"@id":"https:\/\/www.salzburgerland.com\/de\/#\/schema\/logo\/image\/"},"sameAs":["https:\/\/www.facebook.com\/salzburgerland\/","https:\/\/x.com\/Salzburgerland","https:\/\/www.instagram.com\/salzburgerland\/","http:\/\/dbpedia.org\/resource\/Salzburg_(state)","http:\/\/wikidata.dbpedia.org\/resource\/Q43325","http:\/\/open.salzburgerland.com\/de\/entity\/salzburgerland","https:\/\/www.youtube.com\/user\/salzburgerland"]},{"@type":"Person","@id":"https:\/\/www.salzburgerland.com\/de\/#\/schema\/person\/43ce9aa621bd7728940e04ed11ce9b6e","name":"Ulli Hammerl","image":{"@type":"ImageObject","inLanguage":"de","@id":"https:\/\/www.salzburgerland.com\/de\/#\/schema\/person\/image\/","url":"https:\/\/secure.gravatar.com\/avatar\/35c80e0404a213597afdb17e84ea42a986fe814f3f881bb75d00261a3ff7aefd?s=96&d=mm&r=g","contentUrl":"https:\/\/secure.gravatar.com\/avatar\/35c80e0404a213597afdb17e84ea42a986fe814f3f881bb75d00261a3ff7aefd?s=96&d=mm&r=g","caption":"Ulli Hammerl"}}]}},"_wl_alt_label":[],"wl:entity_url":"http:\/\/open.salzburgerland.com\/de\/post\/alpine_spa_forest_bathing_in_bad_hofgastein","_links":{"self":[{"href":"https:\/\/www.salzburgerland.com\/de\/wp-json\/wp\/v2\/posts\/351546","targetHints":{"allow":["GET"]}}],"collection":[{"href":"https:\/\/www.salzburgerland.com\/de\/wp-json\/wp\/v2\/posts"}],"about":[{"href":"https:\/\/www.salzburgerland.com\/de\/wp-json\/wp\/v2\/types\/post"}],"author":[{"embeddable":true,"href":"https:\/\/www.salzburgerland.com\/de\/wp-json\/wp\/v2\/users\/17"}],"replies":[{"embeddable":true,"href":"https:\/\/www.salzburgerland.com\/de\/wp-json\/wp\/v2\/comments?post=351546"}],"version-history":[{"count":0,"href":"https:\/\/www.salzburgerland.com\/de\/wp-json\/wp\/v2\/posts\/351546\/revisions"}],"wp:featuredmedia":[{"embeddable":true,"href":"https:\/\/www.salzburgerland.com\/de\/wp-json\/wp\/v2\/media\/351537"}],"wp:attachment":[{"href":"https:\/\/www.salzburgerland.com\/de\/wp-json\/wp\/v2\/media?parent=351546"}],"wp:term":[{"taxonomy":"category","embeddable":true,"href":"https:\/\/www.salzburgerland.com\/de\/wp-json\/wp\/v2\/categories?post=351546"},{"taxonomy":"post_tag","embeddable":true,"href":"https:\/\/www.salzburgerland.com\/de\/wp-json\/wp\/v2\/tags?post=351546"},{"taxonomy":"wl_entity_type","embeddable":true,"href":"https:\/\/www.salzburgerland.com\/de\/wp-json\/wp\/v2\/wl_entity_type?post=351546"}],"curies":[{"name":"wp","href":"https:\/\/api.w.org\/{rel}","templated":true}]}}