{"id":347104,"date":"2019-03-06T15:45:23","date_gmt":"2019-03-06T14:45:23","guid":{"rendered":"https:\/\/www.salzburgerland.com\/de\/?p=347104"},"modified":"2022-02-22T13:54:13","modified_gmt":"2022-02-22T12:54:13","slug":"alpine-kueche","status":"publish","type":"post","link":"https:\/\/www.salzburgerland.com\/de\/alpine-kueche\/","title":{"rendered":"Geschmack der Alpen"},"content":{"rendered":"<p>Was passiert wenn K\u00f6che in den Wald gehen, um Baumtriebe, Pilze und Beeren zu sammeln? Wenn nur das auf der Speisekarte steht, was man selbst produziert hat oder regionale Lieferanten anzubieten haben? Wenn experimentierfreudige junge Menschen sich auf das kulinarische Erbe der eigenen Vorfahren besinnen? Nun, es entstehen Gerichte, die einzigartig sind weil es ihre Zutaten sind. Das SalzburgerLand ist der Inbegriff der Alpinen K\u00fcche, die in ihrem Facettenreichtum an allen <a href=\"https:\/\/www.salzburgerland.com\/de\/neun-genusswege-im-ueberblick\/\">Via-Culinaria-Genussadressen<\/a> kredenzt wird. Dazu geh\u00f6ren die ganz gro\u00dfen Klassiker, wie Salzburger Bierfleisch, Blunzen, Wildgerichte, Bauernkrapfen oder genauso, wie spannende Neuinterpretationen wie Steinpilz-Rehpraline oder Schwarzbeer-Flechten-Marshmallow.<\/p>\n<h3>\u201eVIA CULINARIA \u2013 Genusswege im SalzburgerLand\u201c<\/h3>\n<p>Die Via Culinaria umfasst engagierte Bauern, regionale Produzenten und hervorragende K\u00f6che: Diese bilden auch das Dreigespann der Alpinen K\u00fcche. Nur wenn sie Hand in Hand und nach den gleichen Qualit\u00e4tsprinzipien arbeiten, entsteht ein gr\u00f6\u00dferes Ganzes. Ein Konzept, das sowohl authentisch als auch innovativ ist. Eine Alpine K\u00fcche, die sich auf alt\u00fcberlieferte Zutaten und Rezepte in gleicher Weise besinnt wie auf moderne Zubereitungsarten. Eine\u00a0Philosophie, die der Globalisierung f\u00fcr einen raren Genussmoment Einhalt gebietet und die Mut erfordert. Mut, sich auf die eigenen St\u00e4rken, Produkte und Traditionen zu besinnen. Mut aber auch, um den Verlockungen der Austauschbarkeit zu widerstehen. Gut m\u00f6glich, dass es gerade die l\u00e4ndliche Struktur im SalzburgerLand war, die dazu f\u00fchrte, dass Selbstgemachtes immer einen hohen Stellenwert behielt, dass man sich der Natur als Schatzk\u00e4stchen bewusst war und man sich schon fr\u00fch als Feinkostladen Europas verstand. Kein Zufall also ist es auch, dass bereits 2009 die \u201eVia Culinaria\u201c genau vor diesem Hintergrund entstanden ist.<\/p>\n<div id=\"attachment_348444\" style=\"width: 1180px\" class=\"wp-caption aligncenter\"><img decoding=\"async\" aria-describedby=\"caption-attachment-348444\" class=\"size-1170_658 wp-image-348444\" src=\"https:\/\/cdn.salzburgerland.com\/de\/wp-content\/uploads\/2019\/02\/via-culinaria-eierschwammerl-pfifferlinge-1170x658.jpg\" alt=\"\" width=\"1170\" height=\"658\" srcset=\"https:\/\/www.salzburgerland.com\/de\/wp-content\/uploads\/2019\/02\/via-culinaria-eierschwammerl-pfifferlinge-1170x658.jpg 1170w, https:\/\/www.salzburgerland.com\/de\/wp-content\/uploads\/2019\/02\/via-culinaria-eierschwammerl-pfifferlinge-1200x675.jpg 1200w\" sizes=\"(max-width: 1170px) 100vw, 1170px\"><p id=\"caption-attachment-348444\" class=\"wp-caption-text\">\u00a9 SalzburgerLandTourismus: Wenn die Zutaten aus der unmittelbaren Umgebung kommen, ist Genuss garantiert.<\/p><\/div>\n<h3><strong>LEBENDIGE TRADITION<\/strong><\/h3>\n<p>Im SalzburgerLand ist die Alpine K\u00fcche nie verloren gegangen: Auf den Almen werden seit Jahrhunderten nach den gleichen Verfahren K\u00e4se und Butter hergestellt. In die Buttermilch r\u00fchrt man die selbstgepfl\u00fcckten Preiselbeeren, und der Bauernkrapfen besteht aus den wenigen Zutaten, die man greifbar hat: Mehl, Milch und Schmalz. Gar nur aus Mehl und Schmalz besteht das traditionelle Muas, das sich Holzknechte fr\u00fcher zum Fr\u00fchst\u00fcck zubereiteten. <a href=\"https:\/\/www.doellerer.at\" target=\"_blank\" rel=\"noopener noreferrer\"><strong>4-Hauben-Koch Andreas D\u00f6llerer<\/strong><\/a>, einer der besten K\u00f6che \u00d6sterreichs, hat sich getraut, das ehemalige \u201eArme-Leute\u201c-Gericht zu entstauben und ihm einen Platz in seinem Kochbuch \u201eCuisine Alpine\u201c einzur\u00e4umen.<\/p>\n<blockquote><p>Das Muas ist ein traditionelles Essen aus dem Pinzgau und Pongau, das mich durch die Kindheit begleitet hat. Damit auch nachfolgende Generationen an dieser unvergleichlichen Art der Esskultur ihre Freude haben, muss sie nur weitergegeben werden.\u00a0(Andreas D\u00f6llerer)<\/p><\/blockquote>\n<div id=\"attachment_348442\" style=\"width: 1180px\" class=\"wp-caption aligncenter\"><img decoding=\"async\" aria-describedby=\"caption-attachment-348442\" class=\"size-1170_658 wp-image-348442\" src=\"https:\/\/cdn.salzburgerland.com\/de\/wp-content\/uploads\/2019\/02\/via-culinaria-hiasnhof-kaese--1170x658.jpg\" alt=\"\" width=\"1170\" height=\"658\" srcset=\"https:\/\/www.salzburgerland.com\/de\/wp-content\/uploads\/2019\/02\/via-culinaria-hiasnhof-kaese--1170x658.jpg 1170w, https:\/\/www.salzburgerland.com\/de\/wp-content\/uploads\/2019\/02\/via-culinaria-hiasnhof-kaese--1200x675.jpg 1200w\" sizes=\"(max-width: 1170px) 100vw, 1170px\"><p id=\"caption-attachment-348442\" class=\"wp-caption-text\">\u00a9 Hiasnhof: Genuss hat im SalzburgerLand viele Facetten.<\/p><\/div>\n<h3><strong>UNGEWOHNT NEU<\/strong><\/h3>\n<p>Es sind die altbekannten Zutaten, die die Alpine K\u00fcche auszeichnen: Doch damit geben sich kreative K\u00f6che nicht zufrieden. Heute wird wieder vermehrt gesammelt und gepfl\u00fcckt: Schafgarbe, Fichtenwipfel, Waldklee, Kr\u00e4uter, Holunderbeeren, Kornelkirschen und Bartflechten. <a href=\"https:\/\/www.mesnerhaus.at\/\" target=\"_blank\" rel=\"noopener noreferrer\"><strong>4-Hauben-Koch Josef Steffner<\/strong><\/a> freut sich, wenn die Mauterndorfer Kinder mit einem Korb Eierschwammerl vorm Mesnerhaus stehen. Genauso kennt er es aus seiner eigenen Kindheit. Er selbst geht in den Wald, um Flechten, Baumtriebe und andere ungew\u00f6hnliche Zutaten zu sammeln. \u00c4hnlich macht es <strong><a href=\"https:\/\/verwoehnhotel.at\/vitus-cooking\" target=\"_blank\" rel=\"noopener noreferrer\">4-Hauben- Koch Vitus Winkler<\/a><\/strong>, der gemeinsam mit seinen Mitarbeitern in den W\u00e4ldern und auf den Wiesen unterwegs ist. Vitus Winkler setzt auf kleine Grenzg\u00e4nge mit gro\u00dfer Wirkung: Zur\u00fcck in ihren K\u00fcchen betten sie den Fenchel in Gletschersand und verarbeiten die duftenden Bl\u00e4tter der Balsampappel zu Salz. Die Meisterwurz kommt in die Schokoladen-Ganache und die Tannenzapfen harmonieren mit vollreifen Marillen.<\/p>\n<blockquote><p>Unsere K\u00fcche ist verspielt, wir wollen Geschichten am Teller erz\u00e4hlen. (Vitus Winkler)<\/p><\/blockquote>\n<h2>BESTE REZEPTE<\/h2>\n<p>Es ist einem neuen Selbstbewusstsein geschuldet, dass es K\u00f6che wagen, die Meeresfr\u00fcchte von der Karte zu streichen, um sie durch heimischen Saibling oder \u00c4sche zu ersetzen. Weil es diese Produkte auch in erstklassiger Qualit\u00e4t direkt aus der Region gibt und diese dazu imstande sind, die eigene Heimat \u2013 den Alpenbogen oder auch nur das eigene Tal \u2013 auf dem Teller abzubilden. Auch der Trend \u201eNose to Tail\u201c entspricht diesem neuen Bewusstsein f\u00fcr die wertvollen Ressourcen der eigenen Heimat: Tiere, die allesamt aus bester Haltung stammen, werden zur G\u00e4nze verarbeitet. Vieles der Alpinen K\u00fcche hat Tradition, anderes wiederum ist neu. Jahrhundertkoch und \u201eVia-Culinaria\u201c- Schirmherr Eckart Witzigmann bringt es auf den Punkt: \u201eDer Hauptfokus liegt auf Regionalit\u00e4t und Saisonalit\u00e4t. Die Alpine K\u00fcche ist als Denkrichtung nicht nur vorbildhaft, sondern sogar notwendig. Denn sie ist \u00f6kologisch einwandfrei und schont die Ressourcen unserer Mutter Erde.\u201c<\/p>\n<p><a href=\"https:\/\/www.salzburgerland.com\/de\/so-schmeckt-das-salzburgerland\/\" target=\"_blank\" rel=\"noopener noreferrer\">Hier findet man viele schmackhafte Alpine K\u00fcche Rezepte!<\/a><\/p>\n<blockquote><p>Regionale Kost vertieft den Urlaubseindruck nachhaltig. Es geht nicht mehr darum, einen Hype zu erzeugen. Qualit\u00e4t und Regionalit\u00e4t sind zeitlos. (Johanna Maier)<\/p><\/blockquote>\n<h2>DAS SALZBURGERLAND HERKUNFTS-ZERTIFIKAT<\/h2>\n<p>Diese Zertifikat macht auf den ersten Blick sichtbar, dass Lebensmittel \u2013 <span>\u00a0Milchprodukte, Eier, Fleisch, Obst, Gem\u00fcse, Brot und vieles mehr \u2013 zu 100 % aus dem SalzburgerLand stammt. Das runde SalzburgerLand-Siegel ist nur auf gepr\u00fcften und zertifizierten Produkten zu finden. Man kann darauf vertrauen, dass alle diese ausgezeichneten Lebensmittel aus kleinstrukturierter, familiengef\u00fchrter Landwirtschaft aus dem SalzburgerLand stammen. E<\/span>gal ob man am Wochenmarkt, im Hofladen, beim Metzger oder im Supermarkt einkauft, ein kurzer Blick auf das gut sichtbare Logo zeigt: dieses Produkt ist <a href=\"https:\/\/www.garantiert-regional.at\/\" target=\"_blank\" rel=\"noopener\">garantiert regional.\u00a0<\/a><\/p>\n","protected":false},"excerpt":{"rendered":"<p>Was passiert wenn K\u00f6che in den Wald gehen, um Baumtriebe, Pilze und Beeren zu sammeln? Wenn nur das auf der Speisekarte steht, was man selbst produziert hat oder regionale Lieferanten anzubieten haben? Wenn experimentierfreudige junge Menschen sich auf das kulinarische Erbe der eigenen Vorfahren besinnen? Nun, es entstehen Gerichte, die einzigartig sind weil es ihre [&hellip;]<\/p>\n","protected":false},"author":18,"featured_media":357940,"comment_status":"closed","ping_status":"closed","sticky":false,"template":"","format":"standard","meta":{"_acf_changed":false,"wl_entities_gutenberg":"","_relevanssi_hide_post":"","_relevanssi_hide_content":"","_relevanssi_pin_for_all":"","_relevanssi_pin_keywords":"","_relevanssi_unpin_keywords":"","_relevanssi_related_keywords":"","_relevanssi_related_include_ids":"","_relevanssi_related_exclude_ids":"","_relevanssi_related_no_append":"","_relevanssi_related_not_related":"","_relevanssi_related_posts":"","_relevanssi_noindex_reason":"","footnotes":""},"categories":[1],"tags":[],"wl_entity_type":[11495],"class_list":["post-347104","post","type-post","status-publish","format-standard","has-post-thumbnail","hentry","category-allgemein","wl_entity_type-article"],"acf":[],"yoast_head":"<!-- This site is optimized with the Yoast SEO Premium plugin v26.9 (Yoast SEO v26.9) - https:\/\/yoast.com\/product\/yoast-seo-premium-wordpress\/ -->\n<title>Geschmack der Alpen \u00bb SalzburgerLand.com<\/title>\n<meta name=\"robots\" content=\"index, follow, max-snippet:-1, max-image-preview:large, max-video-preview:-1\" \/>\n<link rel=\"canonical\" href=\"https:\/\/www.salzburgerland.com\/de\/wp-json\/wp\/v2\/posts\/347104\" \/>\n<meta property=\"og:locale\" content=\"de_DE\" \/>\n<meta property=\"og:type\" content=\"article\" \/>\n<meta property=\"og:title\" content=\"Geschmack der Alpen\" \/>\n<meta property=\"og:description\" content=\"Sch\u00f6psernes, Hollerkoch, Zirbencracker und Pongauer Oliven: Die Alpine K\u00fcche ist eine Fusion auf alt\u00fcberliefert und neu interpretiert. Sie bringt auf den Tisch, was die Region und die Jahreszeit hergeben.\" \/>\n<meta property=\"og:url\" content=\"https:\/\/www.salzburgerland.com\/de\/wp-json\/wp\/v2\/posts\/347104\" \/>\n<meta property=\"og:site_name\" content=\"SalzburgerLand.com\" \/>\n<meta property=\"article:publisher\" content=\"https:\/\/www.facebook.com\/salzburgerland\/\" \/>\n<meta property=\"article:published_time\" content=\"2019-03-06T14:45:23+00:00\" \/>\n<meta property=\"article:modified_time\" content=\"2022-02-22T12:54:13+00:00\" \/>\n<meta property=\"og:image\" content=\"https:\/\/www.salzburgerland.com\/de\/wp-content\/uploads\/2019\/03\/slt_barocke_kueche_117_web-1200x675.jpg\" \/>\n\t<meta property=\"og:image:width\" content=\"1200\" \/>\n\t<meta property=\"og:image:height\" content=\"675\" \/>\n\t<meta property=\"og:image:type\" content=\"image\/jpeg\" \/>\n<meta name=\"author\" content=\"Magdalena Fazal-Ahmad\" \/>\n<meta name=\"twitter:card\" content=\"summary_large_image\" \/>\n<meta name=\"twitter:creator\" content=\"@Salzburgerland\" \/>\n<meta name=\"twitter:site\" content=\"@Salzburgerland\" \/>\n<meta name=\"twitter:label1\" content=\"Verfasst von\" \/>\n\t<meta name=\"twitter:data1\" content=\"Magdalena Fazal-Ahmad\" \/>\n\t<meta name=\"twitter:label2\" content=\"Gesch\u00e4tzte Lesezeit\" \/>\n\t<meta name=\"twitter:data2\" content=\"5\u00a0Minuten\" \/>\n<script type=\"application\/ld+json\" class=\"yoast-schema-graph\">{\"@context\":\"https:\/\/schema.org\",\"@graph\":[{\"@type\":\"WebPage\",\"@id\":\"https:\/\/www.salzburgerland.com\/de\/alpine-kueche\/\",\"url\":\"https:\/\/www.salzburgerland.com\/de\/alpine-kueche\/\",\"name\":\"Geschmack der Alpen \u00bb SalzburgerLand.com\",\"isPartOf\":{\"@id\":\"https:\/\/www.salzburgerland.com\/de\/#website\"},\"primaryImageOfPage\":{\"@id\":\"https:\/\/www.salzburgerland.com\/de\/alpine-kueche\/#primaryimage\"},\"image\":{\"@id\":\"https:\/\/www.salzburgerland.com\/de\/alpine-kueche\/#primaryimage\"},\"thumbnailUrl\":\"https:\/\/www.salzburgerland.com\/de\/wp-content\/uploads\/2019\/03\/slt_barocke_kueche_117_web.jpg\",\"datePublished\":\"2019-03-06T14:45:23+00:00\",\"dateModified\":\"2022-02-22T12:54:13+00:00\",\"description\":\"Sch\u00f6psernes, Hollerkoch, Zirbencracker und Pongauer Oliven: Die Alpine K\u00fcche ist eine Fusion auf alt\u00fcberliefert und neu interpretiert. Sie bringt auf den Tisch, was die Region und die Jahreszeit hergeben.\",\"breadcrumb\":{\"@id\":\"https:\/\/www.salzburgerland.com\/de\/alpine-kueche\/#breadcrumb\"},\"inLanguage\":\"de\",\"potentialAction\":[{\"@type\":\"ReadAction\",\"target\":[\"https:\/\/www.salzburgerland.com\/de\/alpine-kueche\/\"]}]},{\"@type\":\"ImageObject\",\"inLanguage\":\"de\",\"@id\":\"https:\/\/www.salzburgerland.com\/de\/alpine-kueche\/#primaryimage\",\"url\":\"https:\/\/www.salzburgerland.com\/de\/wp-content\/uploads\/2019\/03\/slt_barocke_kueche_117_web.jpg\",\"contentUrl\":\"https:\/\/www.salzburgerland.com\/de\/wp-content\/uploads\/2019\/03\/slt_barocke_kueche_117_web.jpg\",\"width\":1920,\"height\":1280,\"caption\":\"Barocke K\u00fcche Gerichte mir Geschichte im Salzburger Land Foto: Neumayr\/Leo\"},{\"@type\":\"BreadcrumbList\",\"@id\":\"https:\/\/www.salzburgerland.com\/de\/alpine-kueche\/#breadcrumb\",\"itemListElement\":[{\"@type\":\"ListItem\",\"position\":1,\"name\":\"Via Culinaria\",\"item\":\"https:\/\/www.salzburgerland.com\/de\/via-culinaria\/\"},{\"@type\":\"ListItem\",\"position\":2,\"name\":\"Geschmack der Alpen\"}]},{\"@type\":\"WebSite\",\"@id\":\"https:\/\/www.salzburgerland.com\/de\/#website\",\"url\":\"https:\/\/www.salzburgerland.com\/de\/\",\"name\":\"SalzburgerLand.com\",\"description\":\"Ihr Urlaub in Salzburg, \u00d6sterreich\",\"publisher\":{\"@id\":\"https:\/\/www.salzburgerland.com\/de\/#organization\"},\"potentialAction\":[{\"@type\":\"SearchAction\",\"target\":{\"@type\":\"EntryPoint\",\"urlTemplate\":\"https:\/\/www.salzburgerland.com\/de\/?s={search_term_string}\"},\"query-input\":{\"@type\":\"PropertyValueSpecification\",\"valueRequired\":true,\"valueName\":\"search_term_string\"}}],\"inLanguage\":\"de\"},{\"@type\":\"Organization\",\"@id\":\"https:\/\/www.salzburgerland.com\/de\/#organization\",\"name\":\"SalzburgerLand Tourismus GmbH\",\"url\":\"https:\/\/www.salzburgerland.com\/de\/\",\"logo\":{\"@type\":\"ImageObject\",\"inLanguage\":\"de\",\"@id\":\"https:\/\/www.salzburgerland.com\/de\/#\/schema\/logo\/image\/\",\"url\":\"https:\/\/www.salzburgerland.com\/de\/wp-content\/uploads\/2017\/01\/salzburgerland-logo.jpg\",\"contentUrl\":\"https:\/\/www.salzburgerland.com\/de\/wp-content\/uploads\/2017\/01\/salzburgerland-logo.jpg\",\"width\":1920,\"height\":827,\"caption\":\"SalzburgerLand Tourismus GmbH\"},\"image\":{\"@id\":\"https:\/\/www.salzburgerland.com\/de\/#\/schema\/logo\/image\/\"},\"sameAs\":[\"https:\/\/www.facebook.com\/salzburgerland\/\",\"https:\/\/x.com\/Salzburgerland\",\"https:\/\/www.instagram.com\/salzburgerland\/\",\"http:\/\/dbpedia.org\/resource\/Salzburg_(state)\",\"http:\/\/wikidata.dbpedia.org\/resource\/Q43325\",\"http:\/\/open.salzburgerland.com\/de\/entity\/salzburgerland\",\"https:\/\/www.youtube.com\/user\/salzburgerland\"]},{\"@type\":\"Person\",\"@id\":\"https:\/\/www.salzburgerland.com\/de\/#\/schema\/person\/7d71b4a5522992e5584f31e5eded2275\",\"name\":\"Magdalena Fazal-Ahmad\",\"image\":{\"@type\":\"ImageObject\",\"inLanguage\":\"de\",\"@id\":\"https:\/\/www.salzburgerland.com\/de\/#\/schema\/person\/image\/\",\"url\":\"https:\/\/secure.gravatar.com\/avatar\/a98e37bbcff5152ad53911600324561563681e9b20579f9a66a747f8038382ac?s=96&d=mm&r=g\",\"contentUrl\":\"https:\/\/secure.gravatar.com\/avatar\/a98e37bbcff5152ad53911600324561563681e9b20579f9a66a747f8038382ac?s=96&d=mm&r=g\",\"caption\":\"Magdalena Fazal-Ahmad\"}}]}<\/script>\n<!-- \/ Yoast SEO Premium plugin. -->","yoast_head_json":{"title":"Geschmack der Alpen \u00bb SalzburgerLand.com","robots":{"index":"index","follow":"follow","max-snippet":"max-snippet:-1","max-image-preview":"max-image-preview:large","max-video-preview":"max-video-preview:-1"},"canonical":"https:\/\/www.salzburgerland.com\/de\/wp-json\/wp\/v2\/posts\/347104","og_locale":"de_DE","og_type":"article","og_title":"Geschmack der Alpen","og_description":"Sch\u00f6psernes, Hollerkoch, Zirbencracker und Pongauer Oliven: Die Alpine K\u00fcche ist eine Fusion auf alt\u00fcberliefert und neu interpretiert. Sie bringt auf den Tisch, was die Region und die Jahreszeit hergeben.","og_url":"https:\/\/www.salzburgerland.com\/de\/wp-json\/wp\/v2\/posts\/347104","og_site_name":"SalzburgerLand.com","article_publisher":"https:\/\/www.facebook.com\/salzburgerland\/","article_published_time":"2019-03-06T14:45:23+00:00","article_modified_time":"2022-02-22T12:54:13+00:00","og_image":[{"width":1200,"height":675,"url":"https:\/\/www.salzburgerland.com\/de\/wp-content\/uploads\/2019\/03\/slt_barocke_kueche_117_web-1200x675.jpg","type":"image\/jpeg"}],"author":"Magdalena Fazal-Ahmad","twitter_card":"summary_large_image","twitter_creator":"@Salzburgerland","twitter_site":"@Salzburgerland","twitter_misc":{"Verfasst von":"Magdalena Fazal-Ahmad","Gesch\u00e4tzte Lesezeit":"5\u00a0Minuten"},"schema":{"@context":"https:\/\/schema.org","@graph":[{"@type":"WebPage","@id":"https:\/\/www.salzburgerland.com\/de\/alpine-kueche\/","url":"https:\/\/www.salzburgerland.com\/de\/alpine-kueche\/","name":"Geschmack der Alpen \u00bb SalzburgerLand.com","isPartOf":{"@id":"https:\/\/www.salzburgerland.com\/de\/#website"},"primaryImageOfPage":{"@id":"https:\/\/www.salzburgerland.com\/de\/alpine-kueche\/#primaryimage"},"image":{"@id":"https:\/\/www.salzburgerland.com\/de\/alpine-kueche\/#primaryimage"},"thumbnailUrl":"https:\/\/www.salzburgerland.com\/de\/wp-content\/uploads\/2019\/03\/slt_barocke_kueche_117_web.jpg","datePublished":"2019-03-06T14:45:23+00:00","dateModified":"2022-02-22T12:54:13+00:00","description":"Sch\u00f6psernes, Hollerkoch, Zirbencracker und Pongauer Oliven: Die Alpine K\u00fcche ist eine Fusion auf alt\u00fcberliefert und neu interpretiert. Sie bringt auf den Tisch, was die Region und die Jahreszeit hergeben.","breadcrumb":{"@id":"https:\/\/www.salzburgerland.com\/de\/alpine-kueche\/#breadcrumb"},"inLanguage":"de","potentialAction":[{"@type":"ReadAction","target":["https:\/\/www.salzburgerland.com\/de\/alpine-kueche\/"]}]},{"@type":"ImageObject","inLanguage":"de","@id":"https:\/\/www.salzburgerland.com\/de\/alpine-kueche\/#primaryimage","url":"https:\/\/www.salzburgerland.com\/de\/wp-content\/uploads\/2019\/03\/slt_barocke_kueche_117_web.jpg","contentUrl":"https:\/\/www.salzburgerland.com\/de\/wp-content\/uploads\/2019\/03\/slt_barocke_kueche_117_web.jpg","width":1920,"height":1280,"caption":"Barocke K\u00fcche Gerichte mir Geschichte im Salzburger Land Foto: Neumayr\/Leo"},{"@type":"BreadcrumbList","@id":"https:\/\/www.salzburgerland.com\/de\/alpine-kueche\/#breadcrumb","itemListElement":[{"@type":"ListItem","position":1,"name":"Via Culinaria","item":"https:\/\/www.salzburgerland.com\/de\/via-culinaria\/"},{"@type":"ListItem","position":2,"name":"Geschmack der Alpen"}]},{"@type":"WebSite","@id":"https:\/\/www.salzburgerland.com\/de\/#website","url":"https:\/\/www.salzburgerland.com\/de\/","name":"SalzburgerLand.com","description":"Ihr Urlaub in Salzburg, \u00d6sterreich","publisher":{"@id":"https:\/\/www.salzburgerland.com\/de\/#organization"},"potentialAction":[{"@type":"SearchAction","target":{"@type":"EntryPoint","urlTemplate":"https:\/\/www.salzburgerland.com\/de\/?s={search_term_string}"},"query-input":{"@type":"PropertyValueSpecification","valueRequired":true,"valueName":"search_term_string"}}],"inLanguage":"de"},{"@type":"Organization","@id":"https:\/\/www.salzburgerland.com\/de\/#organization","name":"SalzburgerLand Tourismus GmbH","url":"https:\/\/www.salzburgerland.com\/de\/","logo":{"@type":"ImageObject","inLanguage":"de","@id":"https:\/\/www.salzburgerland.com\/de\/#\/schema\/logo\/image\/","url":"https:\/\/www.salzburgerland.com\/de\/wp-content\/uploads\/2017\/01\/salzburgerland-logo.jpg","contentUrl":"https:\/\/www.salzburgerland.com\/de\/wp-content\/uploads\/2017\/01\/salzburgerland-logo.jpg","width":1920,"height":827,"caption":"SalzburgerLand Tourismus GmbH"},"image":{"@id":"https:\/\/www.salzburgerland.com\/de\/#\/schema\/logo\/image\/"},"sameAs":["https:\/\/www.facebook.com\/salzburgerland\/","https:\/\/x.com\/Salzburgerland","https:\/\/www.instagram.com\/salzburgerland\/","http:\/\/dbpedia.org\/resource\/Salzburg_(state)","http:\/\/wikidata.dbpedia.org\/resource\/Q43325","http:\/\/open.salzburgerland.com\/de\/entity\/salzburgerland","https:\/\/www.youtube.com\/user\/salzburgerland"]},{"@type":"Person","@id":"https:\/\/www.salzburgerland.com\/de\/#\/schema\/person\/7d71b4a5522992e5584f31e5eded2275","name":"Magdalena Fazal-Ahmad","image":{"@type":"ImageObject","inLanguage":"de","@id":"https:\/\/www.salzburgerland.com\/de\/#\/schema\/person\/image\/","url":"https:\/\/secure.gravatar.com\/avatar\/a98e37bbcff5152ad53911600324561563681e9b20579f9a66a747f8038382ac?s=96&d=mm&r=g","contentUrl":"https:\/\/secure.gravatar.com\/avatar\/a98e37bbcff5152ad53911600324561563681e9b20579f9a66a747f8038382ac?s=96&d=mm&r=g","caption":"Magdalena Fazal-Ahmad"}}]}},"_wl_alt_label":[],"wl:entity_url":"http:\/\/open.salzburgerland.com\/de\/post\/alpine_kueche","_links":{"self":[{"href":"https:\/\/www.salzburgerland.com\/de\/wp-json\/wp\/v2\/posts\/347104","targetHints":{"allow":["GET"]}}],"collection":[{"href":"https:\/\/www.salzburgerland.com\/de\/wp-json\/wp\/v2\/posts"}],"about":[{"href":"https:\/\/www.salzburgerland.com\/de\/wp-json\/wp\/v2\/types\/post"}],"author":[{"embeddable":true,"href":"https:\/\/www.salzburgerland.com\/de\/wp-json\/wp\/v2\/users\/18"}],"replies":[{"embeddable":true,"href":"https:\/\/www.salzburgerland.com\/de\/wp-json\/wp\/v2\/comments?post=347104"}],"version-history":[{"count":5,"href":"https:\/\/www.salzburgerland.com\/de\/wp-json\/wp\/v2\/posts\/347104\/revisions"}],"predecessor-version":[{"id":650730,"href":"https:\/\/www.salzburgerland.com\/de\/wp-json\/wp\/v2\/posts\/347104\/revisions\/650730"}],"wp:featuredmedia":[{"embeddable":true,"href":"https:\/\/www.salzburgerland.com\/de\/wp-json\/wp\/v2\/media\/357940"}],"wp:attachment":[{"href":"https:\/\/www.salzburgerland.com\/de\/wp-json\/wp\/v2\/media?parent=347104"}],"wp:term":[{"taxonomy":"category","embeddable":true,"href":"https:\/\/www.salzburgerland.com\/de\/wp-json\/wp\/v2\/categories?post=347104"},{"taxonomy":"post_tag","embeddable":true,"href":"https:\/\/www.salzburgerland.com\/de\/wp-json\/wp\/v2\/tags?post=347104"},{"taxonomy":"wl_entity_type","embeddable":true,"href":"https:\/\/www.salzburgerland.com\/de\/wp-json\/wp\/v2\/wl_entity_type?post=347104"}],"curies":[{"name":"wp","href":"https:\/\/api.w.org\/{rel}","templated":true}]}}