{"id":347087,"date":"2019-03-06T15:49:12","date_gmt":"2019-03-06T14:49:12","guid":{"rendered":"https:\/\/www.salzburgerland.com\/de\/?p=347087"},"modified":"2020-07-01T16:17:31","modified_gmt":"2020-07-01T14:17:31","slug":"eckhart-witzigman","status":"publish","type":"post","link":"https:\/\/www.salzburgerland.com\/de\/eckhart-witzigman\/","title":{"rendered":"Eckhart Witzigmann"},"content":{"rendered":"<p>Liebe Kulinarikfreunde im SalzburgerLand!<\/p>\n<p>Als ich selbst vor \u00fcber vierzig Jahren erste Versuche unternahm, regionale Produzenten in meiner n\u00e4chsten Umgebung ausfindig zu machen, hat so mancher Gast die Nase ger\u00fcmpft. Die heimische Renke konnte es nicht mit dem Steinbutt aufnehmen. Das franz\u00f6sische T\u00e4ubchen wurde dem Rehragout trotz handgeschabter Sp\u00e4tzle vorgezogen. Heute sieht die Sache anders aus! Was sich in kleinen Schritten vollzogen hat, wurde zu einem Trend und zu einer Philosophie, die in der Begrifflichkeit \u201eAlpine Kulinarik\u201c gipfelt.<\/p>\n<p>Die sensationellen Produkte aus dem SalzburgerLand brauchen den internationalen Vergleich nicht mehr zu scheuen. Junge K\u00f6chinnen und K\u00f6che, die auf Althergebrachtes zur\u00fcckgreifen und es in innovativer Weise veredeln sowie Bauern und Erzeuger arbeiten Hand in Hand. Vieles hat Tradition, anderes wiederum ist neu: Der Hauptfokus der \u201eAlpinenKulinarik\u201c liegt auf Regionalit\u00e4t und Saisonalit\u00e4t. Und damit ist sie als Denkrichtung nicht nur vorbildhaft, sondern meines Erachtens sogar notwendig. Denn sie ist \u00f6kologisch einwandfrei und schont die Ressourcen unserer Mutter Erde.<\/p>\n<p>Ich freu\u2019 mich sehr, die Via Culinaria von Beginn an und auch weiterhin als Schirmherr zu begleiten: Die Entwicklung dieses erfolgreichen Produktes \u00fcber die Jahre hinweg zu verfolgen und zu unterst\u00fctzen, ist mir eine echte Herzensangelegenheit und erf\u00fcllt mich mit Stolz.<\/p>\n<p>So w\u00fcnsche ich allen Liebhabern des guten Geschmacks unvergessliche Genussmomente in meiner Heimat, dem SalzburgerLand<\/p>\n<p>Ihr Prof. Dr. h. c. Eckart Witzigmann Schirmherr der Via Culinaria<\/p>\n","protected":false},"excerpt":{"rendered":"<p>Liebe Kulinarikfreunde im SalzburgerLand! Als ich selbst vor \u00fcber vierzig Jahren erste Versuche unternahm, regionale Produzenten in meiner n\u00e4chsten Umgebung ausfindig zu machen, hat so mancher Gast die Nase ger\u00fcmpft. Die heimische Renke konnte es nicht mit dem Steinbutt aufnehmen. Das franz\u00f6sische T\u00e4ubchen wurde dem Rehragout trotz handgeschabter Sp\u00e4tzle vorgezogen. Heute sieht die Sache anders [&hellip;]<\/p>\n","protected":false},"author":18,"featured_media":357939,"comment_status":"closed","ping_status":"closed","sticky":false,"template":"","format":"standard","meta":{"_acf_changed":false,"wl_entities_gutenberg":"","_relevanssi_hide_post":"","_relevanssi_hide_content":"","_relevanssi_pin_for_all":"","_relevanssi_pin_keywords":"","_relevanssi_unpin_keywords":"","_relevanssi_related_keywords":"","_relevanssi_related_include_ids":"","_relevanssi_related_exclude_ids":"","_relevanssi_related_no_append":"","_relevanssi_related_not_related":"","_relevanssi_related_posts":"","_relevanssi_noindex_reason":"","footnotes":""},"categories":[1],"tags":[],"wl_entity_type":[11495],"class_list":["post-347087","post","type-post","status-publish","format-standard","has-post-thumbnail","hentry","category-allgemein","wl_entity_type-article"],"acf":[],"yoast_head":"<!-- This site is optimized with the Yoast SEO Premium plugin v26.9 (Yoast SEO v26.9) - https:\/\/yoast.com\/product\/yoast-seo-premium-wordpress\/ -->\n<title>Eckhart Witzigmann \u00bb SalzburgerLand.com<\/title>\n<meta name=\"robots\" content=\"index, follow, max-snippet:-1, max-image-preview:large, max-video-preview:-1\" \/>\n<link rel=\"canonical\" href=\"https:\/\/www.salzburgerland.com\/de\/wp-json\/wp\/v2\/posts\/347087\" \/>\n<meta property=\"og:locale\" content=\"de_DE\" \/>\n<meta property=\"og:type\" content=\"article\" \/>\n<meta property=\"og:title\" content=\"Eckhart Witzigmann\" \/>\n<meta property=\"og:description\" content=\"Der Jahrhundertkoch wuchs im malerischen Gasteinertal auf. Von dort zog er aus, um die K\u00fcchengeheimnisse in aller Herrenl\u00e4nder zu l\u00fcften. Bis heute ist der Kochvirtuose seiner Heimat verbunden geblieben.\" \/>\n<meta property=\"og:url\" content=\"https:\/\/www.salzburgerland.com\/de\/wp-json\/wp\/v2\/posts\/347087\" \/>\n<meta property=\"og:site_name\" content=\"SalzburgerLand.com\" \/>\n<meta property=\"article:publisher\" content=\"https:\/\/www.facebook.com\/salzburgerland\/\" \/>\n<meta property=\"article:published_time\" content=\"2019-03-06T14:49:12+00:00\" \/>\n<meta property=\"article:modified_time\" content=\"2020-07-01T14:17:31+00:00\" \/>\n<meta property=\"og:image\" content=\"https:\/\/www.salzburgerland.com\/de\/wp-content\/uploads\/2019\/03\/witzigmann_110517_2_effinger-13_web-1200x675.jpg\" \/>\n\t<meta property=\"og:image:width\" content=\"1200\" \/>\n\t<meta property=\"og:image:height\" content=\"675\" \/>\n\t<meta property=\"og:image:type\" content=\"image\/jpeg\" \/>\n<meta name=\"author\" content=\"Magdalena Fazal-Ahmad\" \/>\n<meta name=\"twitter:card\" content=\"summary_large_image\" \/>\n<meta name=\"twitter:creator\" content=\"@Salzburgerland\" \/>\n<meta name=\"twitter:site\" content=\"@Salzburgerland\" \/>\n<meta name=\"twitter:label1\" content=\"Verfasst von\" \/>\n\t<meta name=\"twitter:data1\" content=\"Magdalena Fazal-Ahmad\" \/>\n\t<meta name=\"twitter:label2\" content=\"Gesch\u00e4tzte Lesezeit\" \/>\n\t<meta name=\"twitter:data2\" content=\"1\u00a0Minute\" \/>\n<script type=\"application\/ld+json\" class=\"yoast-schema-graph\">{\"@context\":\"https:\/\/schema.org\",\"@graph\":[{\"@type\":\"WebPage\",\"@id\":\"https:\/\/www.salzburgerland.com\/de\/eckhart-witzigman\/\",\"url\":\"https:\/\/www.salzburgerland.com\/de\/eckhart-witzigman\/\",\"name\":\"Eckhart Witzigmann \u00bb SalzburgerLand.com\",\"isPartOf\":{\"@id\":\"https:\/\/www.salzburgerland.com\/de\/#website\"},\"primaryImageOfPage\":{\"@id\":\"https:\/\/www.salzburgerland.com\/de\/eckhart-witzigman\/#primaryimage\"},\"image\":{\"@id\":\"https:\/\/www.salzburgerland.com\/de\/eckhart-witzigman\/#primaryimage\"},\"thumbnailUrl\":\"https:\/\/www.salzburgerland.com\/de\/wp-content\/uploads\/2019\/03\/witzigmann_110517_2_effinger-13_web.jpg\",\"datePublished\":\"2019-03-06T14:49:12+00:00\",\"dateModified\":\"2020-07-01T14:17:31+00:00\",\"description\":\"Der Jahrhundertkoch wuchs im malerischen Gasteinertal auf. Von dort zog er aus, um die K\u00fcchengeheimnisse in aller Herrenl\u00e4nder zu l\u00fcften. Bis heute ist der Kochvirtuose seiner Heimat verbunden geblieben.\",\"breadcrumb\":{\"@id\":\"https:\/\/www.salzburgerland.com\/de\/eckhart-witzigman\/#breadcrumb\"},\"inLanguage\":\"de\",\"potentialAction\":[{\"@type\":\"ReadAction\",\"target\":[\"https:\/\/www.salzburgerland.com\/de\/eckhart-witzigman\/\"]}]},{\"@type\":\"ImageObject\",\"inLanguage\":\"de\",\"@id\":\"https:\/\/www.salzburgerland.com\/de\/eckhart-witzigman\/#primaryimage\",\"url\":\"https:\/\/www.salzburgerland.com\/de\/wp-content\/uploads\/2019\/03\/witzigmann_110517_2_effinger-13_web.jpg\",\"contentUrl\":\"https:\/\/www.salzburgerland.com\/de\/wp-content\/uploads\/2019\/03\/witzigmann_110517_2_effinger-13_web.jpg\",\"width\":1920,\"height\":1280,\"caption\":\"\u00c4lterer Mann mit wei\u00dfem Haar, der einen blauen Blazer und einen Schal tr\u00e4gt, l\u00e4chelt im Freien vor einem unscharfen Hintergrund.\"},{\"@type\":\"BreadcrumbList\",\"@id\":\"https:\/\/www.salzburgerland.com\/de\/eckhart-witzigman\/#breadcrumb\",\"itemListElement\":[{\"@type\":\"ListItem\",\"position\":1,\"name\":\"Via Culinaria\",\"item\":\"https:\/\/www.salzburgerland.com\/de\/via-culinaria\/\"},{\"@type\":\"ListItem\",\"position\":2,\"name\":\"Eckhart Witzigmann\"}]},{\"@type\":\"WebSite\",\"@id\":\"https:\/\/www.salzburgerland.com\/de\/#website\",\"url\":\"https:\/\/www.salzburgerland.com\/de\/\",\"name\":\"SalzburgerLand.com\",\"description\":\"Ihr Urlaub in Salzburg, \u00d6sterreich\",\"publisher\":{\"@id\":\"https:\/\/www.salzburgerland.com\/de\/#organization\"},\"potentialAction\":[{\"@type\":\"SearchAction\",\"target\":{\"@type\":\"EntryPoint\",\"urlTemplate\":\"https:\/\/www.salzburgerland.com\/de\/?s={search_term_string}\"},\"query-input\":{\"@type\":\"PropertyValueSpecification\",\"valueRequired\":true,\"valueName\":\"search_term_string\"}}],\"inLanguage\":\"de\"},{\"@type\":\"Organization\",\"@id\":\"https:\/\/www.salzburgerland.com\/de\/#organization\",\"name\":\"SalzburgerLand Tourismus GmbH\",\"url\":\"https:\/\/www.salzburgerland.com\/de\/\",\"logo\":{\"@type\":\"ImageObject\",\"inLanguage\":\"de\",\"@id\":\"https:\/\/www.salzburgerland.com\/de\/#\/schema\/logo\/image\/\",\"url\":\"https:\/\/www.salzburgerland.com\/de\/wp-content\/uploads\/2017\/01\/salzburgerland-logo.jpg\",\"contentUrl\":\"https:\/\/www.salzburgerland.com\/de\/wp-content\/uploads\/2017\/01\/salzburgerland-logo.jpg\",\"width\":1920,\"height\":827,\"caption\":\"SalzburgerLand Tourismus GmbH\"},\"image\":{\"@id\":\"https:\/\/www.salzburgerland.com\/de\/#\/schema\/logo\/image\/\"},\"sameAs\":[\"https:\/\/www.facebook.com\/salzburgerland\/\",\"https:\/\/x.com\/Salzburgerland\",\"https:\/\/www.instagram.com\/salzburgerland\/\",\"http:\/\/dbpedia.org\/resource\/Salzburg_(state)\",\"http:\/\/wikidata.dbpedia.org\/resource\/Q43325\",\"http:\/\/open.salzburgerland.com\/de\/entity\/salzburgerland\",\"https:\/\/www.youtube.com\/user\/salzburgerland\"]},{\"@type\":\"Person\",\"@id\":\"https:\/\/www.salzburgerland.com\/de\/#\/schema\/person\/7d71b4a5522992e5584f31e5eded2275\",\"name\":\"Magdalena Fazal-Ahmad\",\"image\":{\"@type\":\"ImageObject\",\"inLanguage\":\"de\",\"@id\":\"https:\/\/www.salzburgerland.com\/de\/#\/schema\/person\/image\/\",\"url\":\"https:\/\/secure.gravatar.com\/avatar\/a98e37bbcff5152ad53911600324561563681e9b20579f9a66a747f8038382ac?s=96&d=mm&r=g\",\"contentUrl\":\"https:\/\/secure.gravatar.com\/avatar\/a98e37bbcff5152ad53911600324561563681e9b20579f9a66a747f8038382ac?s=96&d=mm&r=g\",\"caption\":\"Magdalena Fazal-Ahmad\"}}]}<\/script>\n<!-- \/ Yoast SEO Premium plugin. -->","yoast_head_json":{"title":"Eckhart Witzigmann \u00bb SalzburgerLand.com","robots":{"index":"index","follow":"follow","max-snippet":"max-snippet:-1","max-image-preview":"max-image-preview:large","max-video-preview":"max-video-preview:-1"},"canonical":"https:\/\/www.salzburgerland.com\/de\/wp-json\/wp\/v2\/posts\/347087","og_locale":"de_DE","og_type":"article","og_title":"Eckhart Witzigmann","og_description":"Der Jahrhundertkoch wuchs im malerischen Gasteinertal auf. Von dort zog er aus, um die K\u00fcchengeheimnisse in aller Herrenl\u00e4nder zu l\u00fcften. Bis heute ist der Kochvirtuose seiner Heimat verbunden geblieben.","og_url":"https:\/\/www.salzburgerland.com\/de\/wp-json\/wp\/v2\/posts\/347087","og_site_name":"SalzburgerLand.com","article_publisher":"https:\/\/www.facebook.com\/salzburgerland\/","article_published_time":"2019-03-06T14:49:12+00:00","article_modified_time":"2020-07-01T14:17:31+00:00","og_image":[{"width":1200,"height":675,"url":"https:\/\/www.salzburgerland.com\/de\/wp-content\/uploads\/2019\/03\/witzigmann_110517_2_effinger-13_web-1200x675.jpg","type":"image\/jpeg"}],"author":"Magdalena Fazal-Ahmad","twitter_card":"summary_large_image","twitter_creator":"@Salzburgerland","twitter_site":"@Salzburgerland","twitter_misc":{"Verfasst von":"Magdalena Fazal-Ahmad","Gesch\u00e4tzte Lesezeit":"1\u00a0Minute"},"schema":{"@context":"https:\/\/schema.org","@graph":[{"@type":"WebPage","@id":"https:\/\/www.salzburgerland.com\/de\/eckhart-witzigman\/","url":"https:\/\/www.salzburgerland.com\/de\/eckhart-witzigman\/","name":"Eckhart Witzigmann \u00bb SalzburgerLand.com","isPartOf":{"@id":"https:\/\/www.salzburgerland.com\/de\/#website"},"primaryImageOfPage":{"@id":"https:\/\/www.salzburgerland.com\/de\/eckhart-witzigman\/#primaryimage"},"image":{"@id":"https:\/\/www.salzburgerland.com\/de\/eckhart-witzigman\/#primaryimage"},"thumbnailUrl":"https:\/\/www.salzburgerland.com\/de\/wp-content\/uploads\/2019\/03\/witzigmann_110517_2_effinger-13_web.jpg","datePublished":"2019-03-06T14:49:12+00:00","dateModified":"2020-07-01T14:17:31+00:00","description":"Der Jahrhundertkoch wuchs im malerischen Gasteinertal auf. Von dort zog er aus, um die K\u00fcchengeheimnisse in aller Herrenl\u00e4nder zu l\u00fcften. Bis heute ist der Kochvirtuose seiner Heimat verbunden geblieben.","breadcrumb":{"@id":"https:\/\/www.salzburgerland.com\/de\/eckhart-witzigman\/#breadcrumb"},"inLanguage":"de","potentialAction":[{"@type":"ReadAction","target":["https:\/\/www.salzburgerland.com\/de\/eckhart-witzigman\/"]}]},{"@type":"ImageObject","inLanguage":"de","@id":"https:\/\/www.salzburgerland.com\/de\/eckhart-witzigman\/#primaryimage","url":"https:\/\/www.salzburgerland.com\/de\/wp-content\/uploads\/2019\/03\/witzigmann_110517_2_effinger-13_web.jpg","contentUrl":"https:\/\/www.salzburgerland.com\/de\/wp-content\/uploads\/2019\/03\/witzigmann_110517_2_effinger-13_web.jpg","width":1920,"height":1280,"caption":"\u00c4lterer Mann mit wei\u00dfem Haar, der einen blauen Blazer und einen Schal tr\u00e4gt, l\u00e4chelt im Freien vor einem unscharfen Hintergrund."},{"@type":"BreadcrumbList","@id":"https:\/\/www.salzburgerland.com\/de\/eckhart-witzigman\/#breadcrumb","itemListElement":[{"@type":"ListItem","position":1,"name":"Via Culinaria","item":"https:\/\/www.salzburgerland.com\/de\/via-culinaria\/"},{"@type":"ListItem","position":2,"name":"Eckhart Witzigmann"}]},{"@type":"WebSite","@id":"https:\/\/www.salzburgerland.com\/de\/#website","url":"https:\/\/www.salzburgerland.com\/de\/","name":"SalzburgerLand.com","description":"Ihr Urlaub in Salzburg, \u00d6sterreich","publisher":{"@id":"https:\/\/www.salzburgerland.com\/de\/#organization"},"potentialAction":[{"@type":"SearchAction","target":{"@type":"EntryPoint","urlTemplate":"https:\/\/www.salzburgerland.com\/de\/?s={search_term_string}"},"query-input":{"@type":"PropertyValueSpecification","valueRequired":true,"valueName":"search_term_string"}}],"inLanguage":"de"},{"@type":"Organization","@id":"https:\/\/www.salzburgerland.com\/de\/#organization","name":"SalzburgerLand Tourismus GmbH","url":"https:\/\/www.salzburgerland.com\/de\/","logo":{"@type":"ImageObject","inLanguage":"de","@id":"https:\/\/www.salzburgerland.com\/de\/#\/schema\/logo\/image\/","url":"https:\/\/www.salzburgerland.com\/de\/wp-content\/uploads\/2017\/01\/salzburgerland-logo.jpg","contentUrl":"https:\/\/www.salzburgerland.com\/de\/wp-content\/uploads\/2017\/01\/salzburgerland-logo.jpg","width":1920,"height":827,"caption":"SalzburgerLand Tourismus GmbH"},"image":{"@id":"https:\/\/www.salzburgerland.com\/de\/#\/schema\/logo\/image\/"},"sameAs":["https:\/\/www.facebook.com\/salzburgerland\/","https:\/\/x.com\/Salzburgerland","https:\/\/www.instagram.com\/salzburgerland\/","http:\/\/dbpedia.org\/resource\/Salzburg_(state)","http:\/\/wikidata.dbpedia.org\/resource\/Q43325","http:\/\/open.salzburgerland.com\/de\/entity\/salzburgerland","https:\/\/www.youtube.com\/user\/salzburgerland"]},{"@type":"Person","@id":"https:\/\/www.salzburgerland.com\/de\/#\/schema\/person\/7d71b4a5522992e5584f31e5eded2275","name":"Magdalena Fazal-Ahmad","image":{"@type":"ImageObject","inLanguage":"de","@id":"https:\/\/www.salzburgerland.com\/de\/#\/schema\/person\/image\/","url":"https:\/\/secure.gravatar.com\/avatar\/a98e37bbcff5152ad53911600324561563681e9b20579f9a66a747f8038382ac?s=96&d=mm&r=g","contentUrl":"https:\/\/secure.gravatar.com\/avatar\/a98e37bbcff5152ad53911600324561563681e9b20579f9a66a747f8038382ac?s=96&d=mm&r=g","caption":"Magdalena Fazal-Ahmad"}}]}},"_wl_alt_label":[],"wl:entity_url":"http:\/\/open.salzburgerland.com\/de\/post\/eckhart_witzigman","_links":{"self":[{"href":"https:\/\/www.salzburgerland.com\/de\/wp-json\/wp\/v2\/posts\/347087","targetHints":{"allow":["GET"]}}],"collection":[{"href":"https:\/\/www.salzburgerland.com\/de\/wp-json\/wp\/v2\/posts"}],"about":[{"href":"https:\/\/www.salzburgerland.com\/de\/wp-json\/wp\/v2\/types\/post"}],"author":[{"embeddable":true,"href":"https:\/\/www.salzburgerland.com\/de\/wp-json\/wp\/v2\/users\/18"}],"replies":[{"embeddable":true,"href":"https:\/\/www.salzburgerland.com\/de\/wp-json\/wp\/v2\/comments?post=347087"}],"version-history":[{"count":0,"href":"https:\/\/www.salzburgerland.com\/de\/wp-json\/wp\/v2\/posts\/347087\/revisions"}],"wp:featuredmedia":[{"embeddable":true,"href":"https:\/\/www.salzburgerland.com\/de\/wp-json\/wp\/v2\/media\/357939"}],"wp:attachment":[{"href":"https:\/\/www.salzburgerland.com\/de\/wp-json\/wp\/v2\/media?parent=347087"}],"wp:term":[{"taxonomy":"category","embeddable":true,"href":"https:\/\/www.salzburgerland.com\/de\/wp-json\/wp\/v2\/categories?post=347087"},{"taxonomy":"post_tag","embeddable":true,"href":"https:\/\/www.salzburgerland.com\/de\/wp-json\/wp\/v2\/tags?post=347087"},{"taxonomy":"wl_entity_type","embeddable":true,"href":"https:\/\/www.salzburgerland.com\/de\/wp-json\/wp\/v2\/wl_entity_type?post=347087"}],"curies":[{"name":"wp","href":"https:\/\/api.w.org\/{rel}","templated":true}]}}