{"id":327320,"date":"2018-12-03T15:08:30","date_gmt":"2018-12-03T14:08:30","guid":{"rendered":"https:\/\/www.salzburgerland.com\/de\/?p=327320"},"modified":"2021-01-22T13:39:56","modified_gmt":"2021-01-22T12:39:56","slug":"bucketlist-fuer-den-spaetsommer-im-salzkammergut","status":"publish","type":"post","link":"https:\/\/www.salzburgerland.com\/de\/bucketlist-fuer-den-spaetsommer-im-salzkammergut\/","title":{"rendered":"Blogger-Bucketlist f\u00fcr das Salzkammergut"},"content":{"rendered":"<h2>#1 Tradition hautnah erleben<\/h2>\n<p>Wer das Salzkammergut besucht, trifft an vielen Ecken auf Brauchtum und Tradition. <a href=\"https:\/\/www.salzburgerland.com\/de\/non-solo-turisti\/\">Non Solo Turisti<\/a> konnten sich von der Gastfreundschaft des SalzburgerLandes bei ihrem Besuch am Bauernherbst in Faistenau \u00fcberzeugen. Marco schw\u00e4rmt noch Tage sp\u00e4ter von den Festbratw\u00fcrsten und den Schottenkrapfen. Den M\u00e4dchen gef\u00e4llt besonders die Tracht auf dem Dorffest und beim Schuhplattlen wird nicht nur zugeschaut, sondern auch gleich selbst ein bisschen mitgehopst.<\/p>\n<h2>#2 Am Mondsee die Seele baumeln lassen<\/h2>\n<p>Wenn sich die Drachenwand im Mondsee spiegelt, so sagt man, verlieren sich die Gedanken im Dunkelblau des Sees. Der Mondsee ist einer der sch\u00f6nsten Gew\u00e4sser weit und breit \u2013 und auch die Sportfreunde Stiller haben ihm <a href=\"https:\/\/www.youtube.com\/watch?v=p6G3dicKNLg\" target=\"_blank\" rel=\"noopener\">bereits ein Lied gewidmet<\/a>. Non Solo Turisti waren w\u00e4hrend ihrer Reise ins Salzkammergut in der <a href=\"https:\/\/www.seepension.at\/de\" target=\"_blank\" rel=\"noopener\">Seepension Hemetsberger<\/a> untergebracht, die direkt am Ufer des Mondsees liegt. Ein Traum!<\/p>\n<p>https:\/\/www.instagram.com\/p\/BnPNRwqBGjk\/?utm_source=ig_web_copy_link<\/p>\n<h2>#3 Mit der Schafbergbahn fahren<\/h2>\n<p>Eine Fahrt in der <a href=\"https:\/\/www.schafbergbahn.at\/content\/website_schafbergbahn\/de_at\/ueber-die-bahn\/UeberBahn.html\" target=\"_blank\" rel=\"noopener\">Schafbergbahn<\/a> ist ein Muss bei einem Besuch im Salzkammergut. Die rubinrote Zahnradbahn f\u00fchrt seit 1893 von St. Wolfgang auf den Schafberg und sogar Kaiser Franz Josef war zu seiner Zeit Fahrgast der Bahn. Ein Blick aus den Fenster der nostalgischen Dampflok zeigt den t\u00fcrkisblauen Wolfgangsee und einen einmaligen Panoramablick auf die Region.<\/p>\n<div id=\"attachment_327315\" style=\"width: 1180px\" class=\"wp-caption alignnone\"><img decoding=\"async\" aria-describedby=\"caption-attachment-327315\" class=\"size-1170_658 wp-image-327315\" src=\"https:\/\/cdn.salzburgerland.com\/de\/wp-content\/uploads\/2018\/12\/non-solo-1170x658.jpg\" alt=\"Non Solo Turisti in der Schafbergbahn\" width=\"1170\" height=\"658\" srcset=\"https:\/\/www.salzburgerland.com\/de\/wp-content\/uploads\/2018\/12\/non-solo-1170x658.jpg 1170w, https:\/\/www.salzburgerland.com\/de\/wp-content\/uploads\/2018\/12\/non-solo-768x432.jpg 768w, https:\/\/www.salzburgerland.com\/de\/wp-content\/uploads\/2018\/12\/non-solo-1200x675.jpg 1200w, https:\/\/www.salzburgerland.com\/de\/wp-content\/uploads\/2018\/12\/non-solo.jpg 1920w\" sizes=\"(max-width: 1170px) 100vw, 1170px\"><p id=\"caption-attachment-327315\" class=\"wp-caption-text\">\u00a9 SalzburgerLand Tourismus, Fr\u00e4ulein Floras Favourite Hangouts \u2013 Non Solo Turisti in der Schafbergbahn<\/p><\/div>\n<h2>#4 Bei einer Brettljause im Dornerhof st\u00e4rken<\/h2>\n<p>Bei Familie Leitner in St. Wolfgang geht man keinesfalls mit leerem Magen nach Hause. Hungrige G\u00e4ste erwartet im <a href=\"https:\/\/www.jausenstation-dornerhof.at\/\" target=\"_blank\" rel=\"noopener\">Dornerhof<\/a> eine k\u00f6stliche Brettljause, die keine W\u00fcnsche offenl\u00e4sst. Schinken, Speck, verschiedene K\u00e4sesorten, Pfefferoni, Aufstriche und frisches Brot \u2013 Non Solo Turisti probieren sich einmal quer durch die regionalen Schmankerln. Wenn im Anschluss noch Platz ist, sind auch die selbstgemachten Kuchen \u00e4u\u00dferst empfehlenswert. Mmmh\u2026<\/p>\n<div id=\"attachment_327308\" style=\"width: 1180px\" class=\"wp-caption alignnone\"><img decoding=\"async\" aria-describedby=\"caption-attachment-327308\" class=\"size-1170_658 wp-image-327308\" src=\"https:\/\/cdn.salzburgerland.com\/de\/wp-content\/uploads\/2018\/12\/non-solo-turisti-27-von-121-1170x658.jpg\" alt=\"Brettljause am Dornerhof\" width=\"1170\" height=\"658\" srcset=\"https:\/\/www.salzburgerland.com\/de\/wp-content\/uploads\/2018\/12\/non-solo-turisti-27-von-121-1170x658.jpg 1170w, https:\/\/www.salzburgerland.com\/de\/wp-content\/uploads\/2018\/12\/non-solo-turisti-27-von-121-768x432.jpg 768w, https:\/\/www.salzburgerland.com\/de\/wp-content\/uploads\/2018\/12\/non-solo-turisti-27-von-121-1200x675.jpg 1200w, https:\/\/www.salzburgerland.com\/de\/wp-content\/uploads\/2018\/12\/non-solo-turisti-27-von-121.jpg 1920w\" sizes=\"(max-width: 1170px) 100vw, 1170px\"><p id=\"caption-attachment-327308\" class=\"wp-caption-text\">\u00a9 SalzburgerLand Tourismus, Fr\u00e4ulein Floras Favourite Hangouts \u2013 Brettljause am Dornerhof<\/p><\/div>\n<h2>#5 Eine Pferdeschlittenfahrt machen<\/h2>\n<p>Das Gl\u00fcck der Erde liegt auf dem R\u00fccken \u2026. pardon, der Kutsche der Pferde. Non Solo Turisti haben sich in trabendem Tempo die malerische Landschaft rund um den Mondsee zeigen lassen. Entlang des Sees geht es vorbei an Obstb\u00e4umen, gr\u00fcnen Wiesen und alten Bauernh\u00e4usern. Mit gro\u00dfen Augen beobachten Isabella und Maya die dunkelbraunen Stuten, die der Familie schnaubend die Region zeigen.<\/p>\n<div id=\"attachment_327309\" style=\"width: 1180px\" class=\"wp-caption alignnone\"><img decoding=\"async\" aria-describedby=\"caption-attachment-327309\" class=\"size-1170_658 wp-image-327309\" src=\"https:\/\/cdn.salzburgerland.com\/de\/wp-content\/uploads\/2018\/12\/non-solo-turisti-38-von-121-1170x658.jpg\" alt=\"Pferdeschlittenfahrt in Mondsee\" width=\"1170\" height=\"658\" srcset=\"https:\/\/www.salzburgerland.com\/de\/wp-content\/uploads\/2018\/12\/non-solo-turisti-38-von-121-1170x658.jpg 1170w, https:\/\/www.salzburgerland.com\/de\/wp-content\/uploads\/2018\/12\/non-solo-turisti-38-von-121-768x432.jpg 768w, https:\/\/www.salzburgerland.com\/de\/wp-content\/uploads\/2018\/12\/non-solo-turisti-38-von-121-1200x675.jpg 1200w, https:\/\/www.salzburgerland.com\/de\/wp-content\/uploads\/2018\/12\/non-solo-turisti-38-von-121.jpg 1920w\" sizes=\"(max-width: 1170px) 100vw, 1170px\"><p id=\"caption-attachment-327309\" class=\"wp-caption-text\">\u00a9 SalzburgerLand Tourismus, Fr\u00e4ulein Floras Favourite Hangouts \u2013 Pferdeschlittenfahrt in Mondsee<\/p><\/div>\n<h2>#6 Von der Kuh zur Milch: den Aubauernhof in Mondsee besuchen<\/h2>\n<p>Fast jedes Kind rund um Mondsee hat schon einmal ein Schulmilchprodukt von Familie Strobl aus Mondsee probiert. Seit \u00fcber 20 Jahren beliefert der <a href=\"http:\/\/www.mondsee-biomilch.at\/\" target=\"_blank\" rel=\"noopener\">Milchbetrieb<\/a> mehr als 80 Schulen in der Umgebung. Wer m\u00f6chte, kann einen Blick in die Produktion des Biobauernhofes werfen. \u201eBei uns waren schon echte Prinzessinnen und Prinzen aus dem Osten zur Hofbesichtigung\u201c, erz\u00e4hlt Angelika Strobl. \u201eWir sind sehr offen und es kann jeder herkommen, der m\u00f6chte.\u201c Isabella und Maya haben es besonders die K\u00fche und Ziegen angetan \u2013 so hautnah haben sie die Hoftiere noch nie gesehen.<\/p>\n<div id=\"attachment_327311\" style=\"width: 1180px\" class=\"wp-caption alignnone\"><img decoding=\"async\" aria-describedby=\"caption-attachment-327311\" class=\"size-1170_658 wp-image-327311\" src=\"https:\/\/cdn.salzburgerland.com\/de\/wp-content\/uploads\/2018\/12\/non-solo-turisti-51-von-121-1170x658.jpg\" alt=\"Maya am Aubauernhof in Mondsee\" width=\"1170\" height=\"658\" srcset=\"https:\/\/www.salzburgerland.com\/de\/wp-content\/uploads\/2018\/12\/non-solo-turisti-51-von-121-1170x658.jpg 1170w, https:\/\/www.salzburgerland.com\/de\/wp-content\/uploads\/2018\/12\/non-solo-turisti-51-von-121-768x432.jpg 768w, https:\/\/www.salzburgerland.com\/de\/wp-content\/uploads\/2018\/12\/non-solo-turisti-51-von-121-1200x675.jpg 1200w, https:\/\/www.salzburgerland.com\/de\/wp-content\/uploads\/2018\/12\/non-solo-turisti-51-von-121.jpg 1920w\" sizes=\"(max-width: 1170px) 100vw, 1170px\"><p id=\"caption-attachment-327311\" class=\"wp-caption-text\">\u00a9 SalzburgerLand Tourismus, Fr\u00e4ulein Floras Favourite Hangouts \u2013 Maya am Aubauernhof in Mondsee<\/p><\/div>\n<h2>#7 Honig verkosten in Attersee<\/h2>\n<p>Es h\u00e4ngt ein s\u00fc\u00dfer Honigduft in der Luft, als Non Solo Turisti den <a href=\"http:\/\/www.bienenhofattersee.com\/\" target=\"_blank\" rel=\"noopener\">Bienenhof in Attersee<\/a> betreten. Wachskerzen, kleine Honig-Geschenke, Honiggummib\u00e4rchen und unz\u00e4hlige weitere Produkte aus der hauseigenen Produktion stehen im Hofladen zum Verkauf. Marco, Felicity und die M\u00e4dchen erhalten vom Chef pers\u00f6nlich einen Einblick in die Honigproduktion, besuchen das Bienenvolk und d\u00fcrfen sich am Ende durch die unterschiedlichen Honigsorten kosten.<\/p>\n<div id=\"attachment_327312\" style=\"width: 1180px\" class=\"wp-caption alignnone\"><img decoding=\"async\" aria-describedby=\"caption-attachment-327312\" class=\"size-1170_658 wp-image-327312\" src=\"https:\/\/cdn.salzburgerland.com\/de\/wp-content\/uploads\/2018\/12\/non-solo-turisti-83-von-121-1170x658.jpg\" alt=\"Isabella verkostet den Honig in Attersee\" width=\"1170\" height=\"658\" srcset=\"https:\/\/www.salzburgerland.com\/de\/wp-content\/uploads\/2018\/12\/non-solo-turisti-83-von-121-1170x658.jpg 1170w, https:\/\/www.salzburgerland.com\/de\/wp-content\/uploads\/2018\/12\/non-solo-turisti-83-von-121-768x432.jpg 768w, https:\/\/www.salzburgerland.com\/de\/wp-content\/uploads\/2018\/12\/non-solo-turisti-83-von-121-1200x675.jpg 1200w, https:\/\/www.salzburgerland.com\/de\/wp-content\/uploads\/2018\/12\/non-solo-turisti-83-von-121.jpg 1920w\" sizes=\"(max-width: 1170px) 100vw, 1170px\"><p id=\"caption-attachment-327312\" class=\"wp-caption-text\">\u00a9 SalzburgerLand Tourismus, Fr\u00e4ulein Floras Favourite Hangouts \u2013 Isabella verkostet den Honig in Attersee<\/p><\/div>\n<h2>#8 Eine Schifffahrt am Attersee machen<\/h2>\n<p>Eine Schifffahrt, die ist lustig, eine Schifffahrt, die ist sch\u00f6n. Eine Tour auf dem Wasser geh\u00f6rt bei den vielen Seen des Salzkammergutes unbedingt dazu. F\u00fcr Non Solo Turisti geht es mit einem kleinen Dampfer auf den <a href=\"http:\/\/www.atterseeschifffahrt.at\/\" target=\"_blank\" rel=\"noopener\">Attersee<\/a> \u2013 Start- und Endpunkt ist Seewalchen. W\u00e4hrend sie es sich im Inneren des Schiffes gem\u00fctlich machen, zieht es vorbei an den kleinen D\u00f6rfchen rund um den See, am Schloss Kammer und den vielen Badepl\u00e4tzen.<\/p>\n<div id=\"attachment_327305\" style=\"width: 1180px\" class=\"wp-caption alignnone\"><img decoding=\"async\" aria-describedby=\"caption-attachment-327305\" class=\"size-1170_658 wp-image-327305\" src=\"https:\/\/cdn.salzburgerland.com\/de\/wp-content\/uploads\/2018\/12\/non-solo-turisti-1-von-1-1170x658.jpg\" alt=\"Non Solo Turisti am Attersee\" width=\"1170\" height=\"658\" srcset=\"https:\/\/www.salzburgerland.com\/de\/wp-content\/uploads\/2018\/12\/non-solo-turisti-1-von-1-1170x658.jpg 1170w, https:\/\/www.salzburgerland.com\/de\/wp-content\/uploads\/2018\/12\/non-solo-turisti-1-von-1-768x432.jpg 768w, https:\/\/www.salzburgerland.com\/de\/wp-content\/uploads\/2018\/12\/non-solo-turisti-1-von-1-1200x675.jpg 1200w, https:\/\/www.salzburgerland.com\/de\/wp-content\/uploads\/2018\/12\/non-solo-turisti-1-von-1.jpg 1920w\" sizes=\"(max-width: 1170px) 100vw, 1170px\"><p id=\"caption-attachment-327305\" class=\"wp-caption-text\">\u00a9 SalzburgerLand Tourismus, Fr\u00e4ulein Floras Favourite Hangouts \u2013 Non Solo Turisti am Attersee<\/p><\/div>\n<h2>#9 Bauernkrapfen backen in der Erlachm\u00fchle<\/h2>\n<p>In der Mondseer <a href=\"http:\/\/www.erlachmuehle.at\/\" target=\"_blank\" rel=\"noopener\">Erlachm\u00fchle<\/a> werden gemeinsam mit der Senior Chefin des Hauses Bauernkrapfen nach traditionellem Rezept gebacken. Das \u00fcber 600 Jahre alte Geb\u00e4ude beherbergt die Getreidem\u00fchle, das Hauskraftwerk und die Holzofenb\u00e4ckerei. Und wie es dort duftet! Das Highlight f\u00fcr Non Solo Turisti ist nat\u00fcrlich das Verkosten der frischen Bauernkrapfen \u2013 so lecker!<\/p>\n","protected":false},"excerpt":{"rendered":"<p>#1 Tradition hautnah erleben Wer das Salzkammergut besucht, trifft an vielen Ecken auf Brauchtum und Tradition. Non Solo Turisti konnten sich von der Gastfreundschaft des SalzburgerLandes bei ihrem Besuch am Bauernherbst in Faistenau \u00fcberzeugen. Marco schw\u00e4rmt noch Tage sp\u00e4ter von den Festbratw\u00fcrsten und den Schottenkrapfen. Den M\u00e4dchen gef\u00e4llt besonders die Tracht auf dem Dorffest und [&hellip;]<\/p>\n","protected":false},"author":57,"featured_media":327313,"comment_status":"closed","ping_status":"closed","sticky":false,"template":"","format":"standard","meta":{"_acf_changed":false,"wl_entities_gutenberg":"","_relevanssi_hide_post":"","_relevanssi_hide_content":"","_relevanssi_pin_for_all":"","_relevanssi_pin_keywords":"","_relevanssi_unpin_keywords":"","_relevanssi_related_keywords":"","_relevanssi_related_include_ids":"","_relevanssi_related_exclude_ids":"","_relevanssi_related_no_append":"","_relevanssi_related_not_related":"","_relevanssi_related_posts":"","_relevanssi_noindex_reason":"","footnotes":""},"categories":[1],"tags":[13622,13652,13439],"wl_entity_type":[11495],"class_list":["post-327320","post","type-post","status-publish","format-standard","has-post-thumbnail","hentry","category-allgemein","tag-blogger","tag-bucketlist","tag-sommer","wl_entity_type-article"],"acf":[],"yoast_head":"<!-- This site is optimized with the Yoast SEO Premium plugin v26.9 (Yoast SEO v26.9) - https:\/\/yoast.com\/product\/yoast-seo-premium-wordpress\/ -->\n<title>Blogger-Bucketlist f\u00fcr das Salzkammergut \u00bb SalzburgerLand.com<\/title>\n<meta name=\"description\" content=\"Marco und Felicity von Non Solo Turisti haben gemeinsam mit ihren T\u00f6chtern einige sch\u00f6ne Tage im Salzkammergut genossen.\" \/>\n<meta name=\"robots\" content=\"index, follow, max-snippet:-1, max-image-preview:large, max-video-preview:-1\" \/>\n<link rel=\"canonical\" href=\"https:\/\/www.salzburgerland.com\/de\/wp-json\/wp\/v2\/posts\/327320\" \/>\n<meta property=\"og:locale\" content=\"de_DE\" \/>\n<meta property=\"og:type\" content=\"article\" \/>\n<meta property=\"og:title\" content=\"Blogger-Bucketlist f\u00fcr das Salzkammergut\" \/>\n<meta property=\"og:description\" content=\"Marco und Felicity von Non Solo Turisti haben gemeinsam mit ihren T\u00f6chtern einige sch\u00f6ne Tage im Salzkammergut genossen.\" \/>\n<meta property=\"og:url\" content=\"https:\/\/www.salzburgerland.com\/de\/wp-json\/wp\/v2\/posts\/327320\" \/>\n<meta property=\"og:site_name\" content=\"SalzburgerLand.com\" \/>\n<meta property=\"article:publisher\" content=\"https:\/\/www.facebook.com\/salzburgerland\/\" \/>\n<meta property=\"article:published_time\" content=\"2018-12-03T14:08:30+00:00\" \/>\n<meta property=\"article:modified_time\" content=\"2021-01-22T12:39:56+00:00\" \/>\n<meta property=\"og:image\" content=\"https:\/\/www.salzburgerland.com\/de\/wp-content\/uploads\/2018\/12\/non-solo-turisti-102-von-121-1200x675.jpg\" \/>\n\t<meta property=\"og:image:width\" content=\"1200\" \/>\n\t<meta property=\"og:image:height\" content=\"675\" \/>\n\t<meta property=\"og:image:type\" content=\"image\/jpeg\" \/>\n<meta name=\"author\" content=\"Miriam Kreiseder\" \/>\n<meta name=\"twitter:card\" content=\"summary_large_image\" \/>\n<meta name=\"twitter:creator\" content=\"@Salzburgerland\" \/>\n<meta name=\"twitter:site\" content=\"@Salzburgerland\" \/>\n<meta name=\"twitter:label1\" content=\"Verfasst von\" \/>\n\t<meta name=\"twitter:data1\" content=\"Miriam Kreiseder\" \/>\n\t<meta name=\"twitter:label2\" content=\"Gesch\u00e4tzte Lesezeit\" \/>\n\t<meta name=\"twitter:data2\" content=\"5\u00a0Minuten\" \/>\n<script type=\"application\/ld+json\" class=\"yoast-schema-graph\">{\"@context\":\"https:\/\/schema.org\",\"@graph\":[{\"@type\":\"WebPage\",\"@id\":\"https:\/\/www.salzburgerland.com\/de\/bucketlist-fuer-den-spaetsommer-im-salzkammergut\/\",\"url\":\"https:\/\/www.salzburgerland.com\/de\/bucketlist-fuer-den-spaetsommer-im-salzkammergut\/\",\"name\":\"Blogger-Bucketlist f\u00fcr das Salzkammergut \u00bb SalzburgerLand.com\",\"isPartOf\":{\"@id\":\"https:\/\/www.salzburgerland.com\/de\/#website\"},\"primaryImageOfPage\":{\"@id\":\"https:\/\/www.salzburgerland.com\/de\/bucketlist-fuer-den-spaetsommer-im-salzkammergut\/#primaryimage\"},\"image\":{\"@id\":\"https:\/\/www.salzburgerland.com\/de\/bucketlist-fuer-den-spaetsommer-im-salzkammergut\/#primaryimage\"},\"thumbnailUrl\":\"https:\/\/www.salzburgerland.com\/de\/wp-content\/uploads\/2018\/12\/non-solo-turisti-102-von-121.jpg\",\"datePublished\":\"2018-12-03T14:08:30+00:00\",\"dateModified\":\"2021-01-22T12:39:56+00:00\",\"description\":\"Marco und Felicity von Non Solo Turisti haben gemeinsam mit ihren T\u00f6chtern einige sch\u00f6ne Tage im Salzkammergut genossen.\",\"breadcrumb\":{\"@id\":\"https:\/\/www.salzburgerland.com\/de\/bucketlist-fuer-den-spaetsommer-im-salzkammergut\/#breadcrumb\"},\"inLanguage\":\"de\",\"potentialAction\":[{\"@type\":\"ReadAction\",\"target\":[\"https:\/\/www.salzburgerland.com\/de\/bucketlist-fuer-den-spaetsommer-im-salzkammergut\/\"]}]},{\"@type\":\"ImageObject\",\"inLanguage\":\"de\",\"@id\":\"https:\/\/www.salzburgerland.com\/de\/bucketlist-fuer-den-spaetsommer-im-salzkammergut\/#primaryimage\",\"url\":\"https:\/\/www.salzburgerland.com\/de\/wp-content\/uploads\/2018\/12\/non-solo-turisti-102-von-121.jpg\",\"contentUrl\":\"https:\/\/www.salzburgerland.com\/de\/wp-content\/uploads\/2018\/12\/non-solo-turisti-102-von-121.jpg\",\"width\":1920,\"height\":1080,\"caption\":\"\u00a9 SalzburgerLand Tourismus, Fr\u00e4ulein Floras Favourite Hangouts \u2013 Schifffahrt auf dem Attersee\"},{\"@type\":\"BreadcrumbList\",\"@id\":\"https:\/\/www.salzburgerland.com\/de\/bucketlist-fuer-den-spaetsommer-im-salzkammergut\/#breadcrumb\",\"itemListElement\":[{\"@type\":\"ListItem\",\"position\":1,\"name\":\"Non Solo Turisti\",\"item\":\"https:\/\/www.salzburgerland.com\/de\/non-solo-turisti\/\"},{\"@type\":\"ListItem\",\"position\":2,\"name\":\"Blogger-Bucketlist f\u00fcr das Salzkammergut\"}]},{\"@type\":\"WebSite\",\"@id\":\"https:\/\/www.salzburgerland.com\/de\/#website\",\"url\":\"https:\/\/www.salzburgerland.com\/de\/\",\"name\":\"SalzburgerLand.com\",\"description\":\"Ihr Urlaub in Salzburg, \u00d6sterreich\",\"publisher\":{\"@id\":\"https:\/\/www.salzburgerland.com\/de\/#organization\"},\"potentialAction\":[{\"@type\":\"SearchAction\",\"target\":{\"@type\":\"EntryPoint\",\"urlTemplate\":\"https:\/\/www.salzburgerland.com\/de\/?s={search_term_string}\"},\"query-input\":{\"@type\":\"PropertyValueSpecification\",\"valueRequired\":true,\"valueName\":\"search_term_string\"}}],\"inLanguage\":\"de\"},{\"@type\":\"Organization\",\"@id\":\"https:\/\/www.salzburgerland.com\/de\/#organization\",\"name\":\"SalzburgerLand Tourismus GmbH\",\"url\":\"https:\/\/www.salzburgerland.com\/de\/\",\"logo\":{\"@type\":\"ImageObject\",\"inLanguage\":\"de\",\"@id\":\"https:\/\/www.salzburgerland.com\/de\/#\/schema\/logo\/image\/\",\"url\":\"https:\/\/www.salzburgerland.com\/de\/wp-content\/uploads\/2017\/01\/salzburgerland-logo.jpg\",\"contentUrl\":\"https:\/\/www.salzburgerland.com\/de\/wp-content\/uploads\/2017\/01\/salzburgerland-logo.jpg\",\"width\":1920,\"height\":827,\"caption\":\"SalzburgerLand Tourismus GmbH\"},\"image\":{\"@id\":\"https:\/\/www.salzburgerland.com\/de\/#\/schema\/logo\/image\/\"},\"sameAs\":[\"https:\/\/www.facebook.com\/salzburgerland\/\",\"https:\/\/x.com\/Salzburgerland\",\"https:\/\/www.instagram.com\/salzburgerland\/\",\"http:\/\/dbpedia.org\/resource\/Salzburg_(state)\",\"http:\/\/wikidata.dbpedia.org\/resource\/Q43325\",\"http:\/\/open.salzburgerland.com\/de\/entity\/salzburgerland\",\"https:\/\/www.youtube.com\/user\/salzburgerland\"]},{\"@type\":\"Person\",\"@id\":\"https:\/\/www.salzburgerland.com\/de\/#\/schema\/person\/5e2487151f535fd7a40628d570ca94d3\",\"name\":\"Miriam Kreiseder\",\"image\":{\"@type\":\"ImageObject\",\"inLanguage\":\"de\",\"@id\":\"https:\/\/www.salzburgerland.com\/de\/#\/schema\/person\/image\/\",\"url\":\"https:\/\/secure.gravatar.com\/avatar\/c432f8977c6ef3b4ef5a56e4aae9e3515c8875144022177ab7fa4e8696a5b7cb?s=96&d=mm&r=g\",\"contentUrl\":\"https:\/\/secure.gravatar.com\/avatar\/c432f8977c6ef3b4ef5a56e4aae9e3515c8875144022177ab7fa4e8696a5b7cb?s=96&d=mm&r=g\",\"caption\":\"Miriam Kreiseder\"}}]}<\/script>\n<!-- \/ Yoast SEO Premium plugin. -->","yoast_head_json":{"title":"Blogger-Bucketlist f\u00fcr das Salzkammergut \u00bb SalzburgerLand.com","description":"Marco und Felicity von Non Solo Turisti haben gemeinsam mit ihren T\u00f6chtern einige sch\u00f6ne Tage im Salzkammergut genossen.","robots":{"index":"index","follow":"follow","max-snippet":"max-snippet:-1","max-image-preview":"max-image-preview:large","max-video-preview":"max-video-preview:-1"},"canonical":"https:\/\/www.salzburgerland.com\/de\/wp-json\/wp\/v2\/posts\/327320","og_locale":"de_DE","og_type":"article","og_title":"Blogger-Bucketlist f\u00fcr das Salzkammergut","og_description":"Marco und Felicity von Non Solo Turisti haben gemeinsam mit ihren T\u00f6chtern einige sch\u00f6ne Tage im Salzkammergut genossen.","og_url":"https:\/\/www.salzburgerland.com\/de\/wp-json\/wp\/v2\/posts\/327320","og_site_name":"SalzburgerLand.com","article_publisher":"https:\/\/www.facebook.com\/salzburgerland\/","article_published_time":"2018-12-03T14:08:30+00:00","article_modified_time":"2021-01-22T12:39:56+00:00","og_image":[{"width":1200,"height":675,"url":"https:\/\/www.salzburgerland.com\/de\/wp-content\/uploads\/2018\/12\/non-solo-turisti-102-von-121-1200x675.jpg","type":"image\/jpeg"}],"author":"Miriam Kreiseder","twitter_card":"summary_large_image","twitter_creator":"@Salzburgerland","twitter_site":"@Salzburgerland","twitter_misc":{"Verfasst von":"Miriam Kreiseder","Gesch\u00e4tzte Lesezeit":"5\u00a0Minuten"},"schema":{"@context":"https:\/\/schema.org","@graph":[{"@type":"WebPage","@id":"https:\/\/www.salzburgerland.com\/de\/bucketlist-fuer-den-spaetsommer-im-salzkammergut\/","url":"https:\/\/www.salzburgerland.com\/de\/bucketlist-fuer-den-spaetsommer-im-salzkammergut\/","name":"Blogger-Bucketlist f\u00fcr das Salzkammergut \u00bb SalzburgerLand.com","isPartOf":{"@id":"https:\/\/www.salzburgerland.com\/de\/#website"},"primaryImageOfPage":{"@id":"https:\/\/www.salzburgerland.com\/de\/bucketlist-fuer-den-spaetsommer-im-salzkammergut\/#primaryimage"},"image":{"@id":"https:\/\/www.salzburgerland.com\/de\/bucketlist-fuer-den-spaetsommer-im-salzkammergut\/#primaryimage"},"thumbnailUrl":"https:\/\/www.salzburgerland.com\/de\/wp-content\/uploads\/2018\/12\/non-solo-turisti-102-von-121.jpg","datePublished":"2018-12-03T14:08:30+00:00","dateModified":"2021-01-22T12:39:56+00:00","description":"Marco und Felicity von Non Solo Turisti haben gemeinsam mit ihren T\u00f6chtern einige sch\u00f6ne Tage im Salzkammergut genossen.","breadcrumb":{"@id":"https:\/\/www.salzburgerland.com\/de\/bucketlist-fuer-den-spaetsommer-im-salzkammergut\/#breadcrumb"},"inLanguage":"de","potentialAction":[{"@type":"ReadAction","target":["https:\/\/www.salzburgerland.com\/de\/bucketlist-fuer-den-spaetsommer-im-salzkammergut\/"]}]},{"@type":"ImageObject","inLanguage":"de","@id":"https:\/\/www.salzburgerland.com\/de\/bucketlist-fuer-den-spaetsommer-im-salzkammergut\/#primaryimage","url":"https:\/\/www.salzburgerland.com\/de\/wp-content\/uploads\/2018\/12\/non-solo-turisti-102-von-121.jpg","contentUrl":"https:\/\/www.salzburgerland.com\/de\/wp-content\/uploads\/2018\/12\/non-solo-turisti-102-von-121.jpg","width":1920,"height":1080,"caption":"\u00a9 SalzburgerLand Tourismus, Fr\u00e4ulein Floras Favourite Hangouts \u2013 Schifffahrt auf dem Attersee"},{"@type":"BreadcrumbList","@id":"https:\/\/www.salzburgerland.com\/de\/bucketlist-fuer-den-spaetsommer-im-salzkammergut\/#breadcrumb","itemListElement":[{"@type":"ListItem","position":1,"name":"Non Solo Turisti","item":"https:\/\/www.salzburgerland.com\/de\/non-solo-turisti\/"},{"@type":"ListItem","position":2,"name":"Blogger-Bucketlist f\u00fcr das Salzkammergut"}]},{"@type":"WebSite","@id":"https:\/\/www.salzburgerland.com\/de\/#website","url":"https:\/\/www.salzburgerland.com\/de\/","name":"SalzburgerLand.com","description":"Ihr Urlaub in Salzburg, \u00d6sterreich","publisher":{"@id":"https:\/\/www.salzburgerland.com\/de\/#organization"},"potentialAction":[{"@type":"SearchAction","target":{"@type":"EntryPoint","urlTemplate":"https:\/\/www.salzburgerland.com\/de\/?s={search_term_string}"},"query-input":{"@type":"PropertyValueSpecification","valueRequired":true,"valueName":"search_term_string"}}],"inLanguage":"de"},{"@type":"Organization","@id":"https:\/\/www.salzburgerland.com\/de\/#organization","name":"SalzburgerLand Tourismus GmbH","url":"https:\/\/www.salzburgerland.com\/de\/","logo":{"@type":"ImageObject","inLanguage":"de","@id":"https:\/\/www.salzburgerland.com\/de\/#\/schema\/logo\/image\/","url":"https:\/\/www.salzburgerland.com\/de\/wp-content\/uploads\/2017\/01\/salzburgerland-logo.jpg","contentUrl":"https:\/\/www.salzburgerland.com\/de\/wp-content\/uploads\/2017\/01\/salzburgerland-logo.jpg","width":1920,"height":827,"caption":"SalzburgerLand Tourismus GmbH"},"image":{"@id":"https:\/\/www.salzburgerland.com\/de\/#\/schema\/logo\/image\/"},"sameAs":["https:\/\/www.facebook.com\/salzburgerland\/","https:\/\/x.com\/Salzburgerland","https:\/\/www.instagram.com\/salzburgerland\/","http:\/\/dbpedia.org\/resource\/Salzburg_(state)","http:\/\/wikidata.dbpedia.org\/resource\/Q43325","http:\/\/open.salzburgerland.com\/de\/entity\/salzburgerland","https:\/\/www.youtube.com\/user\/salzburgerland"]},{"@type":"Person","@id":"https:\/\/www.salzburgerland.com\/de\/#\/schema\/person\/5e2487151f535fd7a40628d570ca94d3","name":"Miriam Kreiseder","image":{"@type":"ImageObject","inLanguage":"de","@id":"https:\/\/www.salzburgerland.com\/de\/#\/schema\/person\/image\/","url":"https:\/\/secure.gravatar.com\/avatar\/c432f8977c6ef3b4ef5a56e4aae9e3515c8875144022177ab7fa4e8696a5b7cb?s=96&d=mm&r=g","contentUrl":"https:\/\/secure.gravatar.com\/avatar\/c432f8977c6ef3b4ef5a56e4aae9e3515c8875144022177ab7fa4e8696a5b7cb?s=96&d=mm&r=g","caption":"Miriam Kreiseder"}}]}},"_wl_alt_label":[],"wl:entity_url":"http:\/\/open.salzburgerland.com\/de\/post\/bucketlist_fuer_den_spaetsommer_im_salzkammergut","_links":{"self":[{"href":"https:\/\/www.salzburgerland.com\/de\/wp-json\/wp\/v2\/posts\/327320","targetHints":{"allow":["GET"]}}],"collection":[{"href":"https:\/\/www.salzburgerland.com\/de\/wp-json\/wp\/v2\/posts"}],"about":[{"href":"https:\/\/www.salzburgerland.com\/de\/wp-json\/wp\/v2\/types\/post"}],"author":[{"embeddable":true,"href":"https:\/\/www.salzburgerland.com\/de\/wp-json\/wp\/v2\/users\/57"}],"replies":[{"embeddable":true,"href":"https:\/\/www.salzburgerland.com\/de\/wp-json\/wp\/v2\/comments?post=327320"}],"version-history":[{"count":0,"href":"https:\/\/www.salzburgerland.com\/de\/wp-json\/wp\/v2\/posts\/327320\/revisions"}],"wp:featuredmedia":[{"embeddable":true,"href":"https:\/\/www.salzburgerland.com\/de\/wp-json\/wp\/v2\/media\/327313"}],"wp:attachment":[{"href":"https:\/\/www.salzburgerland.com\/de\/wp-json\/wp\/v2\/media?parent=327320"}],"wp:term":[{"taxonomy":"category","embeddable":true,"href":"https:\/\/www.salzburgerland.com\/de\/wp-json\/wp\/v2\/categories?post=327320"},{"taxonomy":"post_tag","embeddable":true,"href":"https:\/\/www.salzburgerland.com\/de\/wp-json\/wp\/v2\/tags?post=327320"},{"taxonomy":"wl_entity_type","embeddable":true,"href":"https:\/\/www.salzburgerland.com\/de\/wp-json\/wp\/v2\/wl_entity_type?post=327320"}],"curies":[{"name":"wp","href":"https:\/\/api.w.org\/{rel}","templated":true}]}}