{"id":264376,"date":"2018-09-26T10:07:36","date_gmt":"2018-09-26T08:07:36","guid":{"rendered":"https:\/\/www.salzburgerland.com\/de\/?p=264376"},"modified":"2018-09-26T10:17:57","modified_gmt":"2018-09-26T08:17:57","slug":"mystischer-herbsttag-in-zell-am-see-kaprun","status":"publish","type":"post","link":"https:\/\/www.salzburgerland.com\/de\/mystischer-herbsttag-in-zell-am-see-kaprun\/","title":{"rendered":"Mystischer Herbsttag in Zell am See-Kaprun"},"content":{"rendered":"<p>Die <a href=\"https:\/\/www.verbund.com\/de-at\/ueber-verbund\/besucherzentren\/kaprun\" target=\"_blank\" rel=\"noopener\">Kaprun Hochgebirgsstauseen<\/a> auf \u00fcber 2.000 H\u00f6henmetern sind die erste Station an diesem Tag f\u00fcr die beiden Fotografen. Oben angekommen werden sie vom Herbst begr\u00fc\u00dft und von einer Nebeldecke umh\u00fcllt. Gerade in dieser mystischen Jahreszeit bietet Zell am See-Kaprun einige Outdoor-Alternativen f\u00fcr Tage in der Natur. <a href=\"https:\/\/www.salzburgerland.com\/de\/kenneth-nguyen-jesper-palermo\/\">Jesper und Kenneth<\/a> haben ihre Favoriten zusammengefasst:<\/p>\n<h2>#1 Um den Klammsee spazieren<\/h2>\n<p>Der Klammsee Kaprun ist \u00fcber die <a href=\"https:\/\/www.salzburgerland.com\/de\/die-sigmund-thun-klamm\/\">Sigmund-Thun-Klamm<\/a> gut zu erreichen und zu jeder Jahreszeit einen Ausflug wert. Der Stausee ist nicht nur ein beliebtes Motiv bei Fotografen, sondern auch ganz einfach zu umrunden und von jeder Perspektive aus sch\u00f6n anzusehen. Tipp von den Profis: Die Spiegelung des Wassers bei bew\u00f6lktem Himmel einfangen!<\/p>\n<div id=\"attachment_264403\" style=\"width: 1180px\" class=\"wp-caption alignnone\"><img decoding=\"async\" aria-describedby=\"caption-attachment-264403\" class=\"size-1170_658 wp-image-264403\" src=\"https:\/\/cdn.salzburgerland.com\/de\/wp-content\/uploads\/2018\/09\/zask-44-von-50-1170x658.jpg\" alt=\"Jesper und Kenneth entdecken Zell am See-Kaprun\" width=\"1170\" height=\"658\" srcset=\"https:\/\/www.salzburgerland.com\/de\/wp-content\/uploads\/2018\/09\/zask-44-von-50-1170x658.jpg 1170w, https:\/\/www.salzburgerland.com\/de\/wp-content\/uploads\/2018\/09\/zask-44-von-50-768x432.jpg 768w, https:\/\/www.salzburgerland.com\/de\/wp-content\/uploads\/2018\/09\/zask-44-von-50-1200x675.jpg 1200w, https:\/\/www.salzburgerland.com\/de\/wp-content\/uploads\/2018\/09\/zask-44-von-50.jpg 1920w\" sizes=\"(max-width: 1170px) 100vw, 1170px\"><p id=\"caption-attachment-264403\" class=\"wp-caption-text\">\u00a9 SalzburgerLand Tourismus, Fr\u00e4ulein Floras Favourite Hangouts \u2013 Jesper und Kenneth entdecken Zell am See-Kaprun<\/p><\/div>\n<h2>#2 Auf den Mitterberg fahren<\/h2>\n<p>\u2026 und drei Kehren unter dem <a href=\"https:\/\/www.gasthof-zellamsee.at\/\" target=\"_blank\" rel=\"noopener\">Gasthof Mitterberg<\/a> stehen bleiben. Hier befindet sich der sch\u00f6nste Fotospot mit Blick auf den Zeller See und die Ortschaft Zell am See-Kaprun. Einfach aussteigen, abdr\u00fccken und Aussicht genie\u00dfen.<\/p>\n<div id=\"attachment_264401\" style=\"width: 1180px\" class=\"wp-caption alignnone\"><img decoding=\"async\" aria-describedby=\"caption-attachment-264401\" class=\"size-1170_658 wp-image-264401\" src=\"https:\/\/cdn.salzburgerland.com\/de\/wp-content\/uploads\/2018\/09\/zask-41-von-50-1170x658.jpg\" alt=\"Blick vom Mitterberg aus\" width=\"1170\" height=\"658\" srcset=\"https:\/\/www.salzburgerland.com\/de\/wp-content\/uploads\/2018\/09\/zask-41-von-50-1170x658.jpg 1170w, https:\/\/www.salzburgerland.com\/de\/wp-content\/uploads\/2018\/09\/zask-41-von-50-768x432.jpg 768w, https:\/\/www.salzburgerland.com\/de\/wp-content\/uploads\/2018\/09\/zask-41-von-50-1200x675.jpg 1200w, https:\/\/www.salzburgerland.com\/de\/wp-content\/uploads\/2018\/09\/zask-41-von-50.jpg 1920w\" sizes=\"(max-width: 1170px) 100vw, 1170px\"><p id=\"caption-attachment-264401\" class=\"wp-caption-text\">\u00a9 SalzburgerLand Tourismus, Fr\u00e4ulein Floras Favourite Hangouts \u2013 Blick vom Mitterberg aus<\/p><\/div>\n<h2>#3 Die Burg Kaprun besuchen<\/h2>\n<p>Ein Blick auf die Burg Kaprun erinnert an Game of Thrones \u2013 nur, dass die Burglandschaft in der Serie weit nicht so gr\u00fcn ist, wie in Kaprun. Egal ob als Fotomotiv, Eventlocation oder Ausflugstipp: <a href=\"http:\/\/www.burg-kaprun.at\/pages\/de\/home.php\" target=\"_blank\" rel=\"noopener\">die Burg<\/a> entf\u00fchrt uns kurz in eine l\u00e4ngst vergangene Zeit und holt uns aus dem stressigen Alltag raus.<\/p>\n<div id=\"attachment_264399\" style=\"width: 1180px\" class=\"wp-caption alignnone\"><img decoding=\"async\" aria-describedby=\"caption-attachment-264399\" class=\"size-1170_658 wp-image-264399\" src=\"https:\/\/cdn.salzburgerland.com\/de\/wp-content\/uploads\/2018\/09\/zask-20-von-50-1170x658.jpg\" alt=\"Burg Kaprun\" width=\"1170\" height=\"658\" srcset=\"https:\/\/www.salzburgerland.com\/de\/wp-content\/uploads\/2018\/09\/zask-20-von-50-1170x658.jpg 1170w, https:\/\/www.salzburgerland.com\/de\/wp-content\/uploads\/2018\/09\/zask-20-von-50-768x432.jpg 768w, https:\/\/www.salzburgerland.com\/de\/wp-content\/uploads\/2018\/09\/zask-20-von-50-1200x675.jpg 1200w, https:\/\/www.salzburgerland.com\/de\/wp-content\/uploads\/2018\/09\/zask-20-von-50.jpg 1920w\" sizes=\"(max-width: 1170px) 100vw, 1170px\"><p id=\"caption-attachment-264399\" class=\"wp-caption-text\">\u00a9 SalzburgerLand Tourismus, Fr\u00e4ulein Floras Favourite Hangouts \u2013 Burg Kaprun<\/p><\/div>\n<h2>#4 Aufs Kitzsteinhorn fahren<\/h2>\n<p>Das <a href=\"https:\/\/www.salzburgerland.com\/de\/kitzsteinhorn\/\">Kitzsteinhorn<\/a> ist das ganze Jahr \u00fcber ein Muss bei einem Besuch in Zell am See-Kaprun. Auch Jesper und Kenneth wollen unbedingt wieder auf \u00fcber 3.000 Meter auffahren und die besondere Stimmung am \u201eTop of Salzburg\u201c genie\u00dfen. Der Gletscher ist eines der Highlights der beiden D\u00e4nen \u2013 und die Fotos sind wahrlich mystisch!<\/p>\n<div id=\"attachment_264402\" style=\"width: 1180px\" class=\"wp-caption alignnone\"><img decoding=\"async\" aria-describedby=\"caption-attachment-264402\" class=\"size-1170_658 wp-image-264402\" src=\"https:\/\/cdn.salzburgerland.com\/de\/wp-content\/uploads\/2018\/09\/zask-42-von-50-1170x658.jpg\" alt=\"Jesper am Kitzsteinhorn\" width=\"1170\" height=\"658\" srcset=\"https:\/\/www.salzburgerland.com\/de\/wp-content\/uploads\/2018\/09\/zask-42-von-50-1170x658.jpg 1170w, https:\/\/www.salzburgerland.com\/de\/wp-content\/uploads\/2018\/09\/zask-42-von-50-768x432.jpg 768w, https:\/\/www.salzburgerland.com\/de\/wp-content\/uploads\/2018\/09\/zask-42-von-50-1200x675.jpg 1200w, https:\/\/www.salzburgerland.com\/de\/wp-content\/uploads\/2018\/09\/zask-42-von-50.jpg 1920w\" sizes=\"(max-width: 1170px) 100vw, 1170px\"><p id=\"caption-attachment-264402\" class=\"wp-caption-text\">\u00a9 SalzburgerLand Tourismus, Fr\u00e4ulein Floras Favourite Hangouts \u2013 Jesper am Kitzsteinhorn<\/p><\/div>\n<h2>#5 Bei den Hochgebirgsstauseen klettern<\/h2>\n<p>Einen speziellen Adrenalinkick verspricht der <a href=\"https:\/\/www.zellamsee-kaprun.com\/de\/live\/blog\/neu-klettersteig-an-der-mooserboden-staumauer_b-128859\" target=\"_blank\" rel=\"noopener\">Klettersteig MoBo 107<\/a> an der Staumauer der <a href=\"https:\/\/www.verbund.com\/de-at\/ueber-verbund\/besucherzentren\/kaprun\" target=\"_blank\" rel=\"noopener\">Hochgebirgsstauseen in Kaprun<\/a>. Die Tour ist nicht f\u00fcr Jedermanns Nerven gemacht \u2013\u00a0und bei Nebel kostet sie eine besonders gro\u00dfe \u00dcberwindung. Jesper und Kenneth schnallen sich mutig die Klettergurte um, befestigen die Karabiner an den Stahlseilen und die Go Pro am Helm und klettern gemeinsam mit einem Guide die steilen Passagen durch die Nebelwand nach oben. Chapeau!<\/p>\n<div id=\"attachment_264391\" style=\"width: 1180px\" class=\"wp-caption alignnone\"><img decoding=\"async\" aria-describedby=\"caption-attachment-264391\" class=\"size-1170_658 wp-image-264391\" src=\"https:\/\/cdn.salzburgerland.com\/de\/wp-content\/uploads\/2018\/09\/dsc00119-1170x658.jpg\" alt=\"Kenneth am Klettersteig MoBo107\" width=\"1170\" height=\"658\" srcset=\"https:\/\/www.salzburgerland.com\/de\/wp-content\/uploads\/2018\/09\/dsc00119-1170x658.jpg 1170w, https:\/\/www.salzburgerland.com\/de\/wp-content\/uploads\/2018\/09\/dsc00119-768x432.jpg 768w, https:\/\/www.salzburgerland.com\/de\/wp-content\/uploads\/2018\/09\/dsc00119-1200x675.jpg 1200w, https:\/\/www.salzburgerland.com\/de\/wp-content\/uploads\/2018\/09\/dsc00119.jpg 1920w\" sizes=\"(max-width: 1170px) 100vw, 1170px\"><p id=\"caption-attachment-264391\" class=\"wp-caption-text\">\u00a9 SalzburgerLand Tourismus, Jonathan Forsthuber \u2013 Kenneth am Klettersteig MoBo107<\/p><\/div>\n<h2>#6 Gem\u00fctlich zum Plettsaukopfsee wandern<\/h2>\n<p>Der Speichersee Plettsaukopf ist der gr\u00f6\u00dfte von drei Speicherseen auf der <a href=\"https:\/\/www.salzburgerland.com\/de\/schmittenhoehe\/\">Schmittenh\u00f6he<\/a>. Von der Bergstation des areitXpress ist er in etwa 15 gem\u00fctlichen Gehminuten erreichbar. Der See gibt ebenfalls ein sch\u00f6nes Fotomotiv \u2013 aber auch gem\u00fctliche Sitzpl\u00e4tze zum Entspannen und Aussicht genie\u00dfen.<\/p>\n<h2>#7 E-Motocross Park auf der Schmittenh\u00f6he ausprobieren<\/h2>\n<p>L\u00e4rmende Motoren, stinkende Abgase und viel Brumm Brumm? Falsch gedacht! An der Bergstation des areitXpress kann <a href=\"https:\/\/www.schmitten.at\/de\/sommer\/sport-action\/e-motocross-park\" target=\"_blank\" rel=\"noopener\">Motocross auf KTM Bikes<\/a> ausprobiert werden \u2013 und zwar auf Elektro-Motorr\u00e4dern. Das bedeutet umweltfreundlicher Fahrspa\u00df auf der Schmittenh\u00f6he. F\u00fcr Actionfans wie Jesper und Kenneth ein absolutes Highlight \u00fcber den D\u00e4chern von Zell am See.<\/p>\n<p><iframe title=\"E-Motocross Park Schmitten Short Clip 2016\" width=\"500\" height=\"281\" src=\"https:\/\/www.youtube-nocookie.com\/embed\/kMZv4iwRv0k?feature=oembed&amp;rel=0&amp;modestbranding=1\" frameborder=\"0\" allow=\"accelerometer; autoplay; clipboard-write; encrypted-media; gyroscope; picture-in-picture; web-share\" referrerpolicy=\"strict-origin-when-cross-origin\" allowfullscreen><\/iframe><\/p>\n","protected":false},"excerpt":{"rendered":"<p>Die Kaprun Hochgebirgsstauseen auf \u00fcber 2.000 H\u00f6henmetern sind die erste Station an diesem Tag f\u00fcr die beiden Fotografen. Oben angekommen werden sie vom Herbst begr\u00fc\u00dft und von einer Nebeldecke umh\u00fcllt. Gerade in dieser mystischen Jahreszeit bietet Zell am See-Kaprun einige Outdoor-Alternativen f\u00fcr Tage in der Natur. Jesper und Kenneth haben ihre Favoriten zusammengefasst: #1 Um [&hellip;]<\/p>\n","protected":false},"author":57,"featured_media":264400,"comment_status":"closed","ping_status":"closed","sticky":false,"template":"","format":"standard","meta":{"_acf_changed":false,"wl_entities_gutenberg":"","_relevanssi_hide_post":"","_relevanssi_hide_content":"","_relevanssi_pin_for_all":"","_relevanssi_pin_keywords":"","_relevanssi_unpin_keywords":"","_relevanssi_related_keywords":"","_relevanssi_related_include_ids":"","_relevanssi_related_exclude_ids":"","_relevanssi_related_no_append":"","_relevanssi_related_not_related":"","_relevanssi_related_posts":"","_relevanssi_noindex_reason":"","footnotes":""},"categories":[1],"tags":[],"wl_entity_type":[11495],"class_list":["post-264376","post","type-post","status-publish","format-standard","has-post-thumbnail","hentry","category-allgemein","wl_entity_type-article"],"acf":[],"yoast_head":"<!-- This site is optimized with the Yoast SEO Premium plugin v26.9 (Yoast SEO v26.9) - https:\/\/yoast.com\/product\/yoast-seo-premium-wordpress\/ -->\n<title>Mystischer Herbsttag in Zell am See-Kaprun \u00bb SalzburgerLand.com<\/title>\n<meta name=\"robots\" content=\"index, follow, max-snippet:-1, max-image-preview:large, max-video-preview:-1\" \/>\n<link rel=\"canonical\" href=\"https:\/\/www.salzburgerland.com\/de\/wp-json\/wp\/v2\/posts\/264376\" \/>\n<meta property=\"og:locale\" content=\"de_DE\" \/>\n<meta property=\"og:type\" content=\"article\" \/>\n<meta property=\"og:title\" content=\"Mystischer Herbsttag in Zell am See-Kaprun\" \/>\n<meta property=\"og:description\" content=\"Jesper Palermo und Kenneth Nguyen haben ihre Favoriten im herbstlichen Zell am See-Kaprun zusammengefasst.\" \/>\n<meta property=\"og:url\" content=\"https:\/\/www.salzburgerland.com\/de\/wp-json\/wp\/v2\/posts\/264376\" \/>\n<meta property=\"og:site_name\" content=\"SalzburgerLand.com\" \/>\n<meta property=\"article:publisher\" content=\"https:\/\/www.facebook.com\/salzburgerland\/\" \/>\n<meta property=\"article:published_time\" content=\"2018-09-26T08:07:36+00:00\" \/>\n<meta property=\"article:modified_time\" content=\"2018-09-26T08:17:57+00:00\" \/>\n<meta property=\"og:image\" content=\"https:\/\/www.salzburgerland.com\/de\/wp-content\/uploads\/2018\/09\/zask-35-von-50-1200x675.jpg\" \/>\n\t<meta property=\"og:image:width\" content=\"1200\" \/>\n\t<meta property=\"og:image:height\" content=\"675\" \/>\n\t<meta property=\"og:image:type\" content=\"image\/jpeg\" \/>\n<meta name=\"author\" content=\"Miriam Kreiseder\" \/>\n<meta name=\"twitter:card\" content=\"summary_large_image\" \/>\n<meta name=\"twitter:creator\" content=\"@Salzburgerland\" \/>\n<meta name=\"twitter:site\" content=\"@Salzburgerland\" \/>\n<meta name=\"twitter:label1\" content=\"Verfasst von\" \/>\n\t<meta name=\"twitter:data1\" content=\"Miriam Kreiseder\" \/>\n\t<meta name=\"twitter:label2\" content=\"Gesch\u00e4tzte Lesezeit\" \/>\n\t<meta name=\"twitter:data2\" content=\"3\u00a0Minuten\" \/>\n<script type=\"application\/ld+json\" class=\"yoast-schema-graph\">{\"@context\":\"https:\/\/schema.org\",\"@graph\":[{\"@type\":\"WebPage\",\"@id\":\"https:\/\/www.salzburgerland.com\/de\/mystischer-herbsttag-in-zell-am-see-kaprun\/\",\"url\":\"https:\/\/www.salzburgerland.com\/de\/mystischer-herbsttag-in-zell-am-see-kaprun\/\",\"name\":\"Mystischer Herbsttag in Zell am See-Kaprun \u00bb SalzburgerLand.com\",\"isPartOf\":{\"@id\":\"https:\/\/www.salzburgerland.com\/de\/#website\"},\"primaryImageOfPage\":{\"@id\":\"https:\/\/www.salzburgerland.com\/de\/mystischer-herbsttag-in-zell-am-see-kaprun\/#primaryimage\"},\"image\":{\"@id\":\"https:\/\/www.salzburgerland.com\/de\/mystischer-herbsttag-in-zell-am-see-kaprun\/#primaryimage\"},\"thumbnailUrl\":\"https:\/\/www.salzburgerland.com\/de\/wp-content\/uploads\/2018\/09\/zask-35-von-50.jpg\",\"datePublished\":\"2018-09-26T08:07:36+00:00\",\"dateModified\":\"2018-09-26T08:17:57+00:00\",\"description\":\"Jesper Palermo und Kenneth Nguyen haben ihre Favoriten im herbstlichen Zell am See-Kaprun zusammengefasst.\",\"breadcrumb\":{\"@id\":\"https:\/\/www.salzburgerland.com\/de\/mystischer-herbsttag-in-zell-am-see-kaprun\/#breadcrumb\"},\"inLanguage\":\"de\",\"potentialAction\":[{\"@type\":\"ReadAction\",\"target\":[\"https:\/\/www.salzburgerland.com\/de\/mystischer-herbsttag-in-zell-am-see-kaprun\/\"]}]},{\"@type\":\"ImageObject\",\"inLanguage\":\"de\",\"@id\":\"https:\/\/www.salzburgerland.com\/de\/mystischer-herbsttag-in-zell-am-see-kaprun\/#primaryimage\",\"url\":\"https:\/\/www.salzburgerland.com\/de\/wp-content\/uploads\/2018\/09\/zask-35-von-50.jpg\",\"contentUrl\":\"https:\/\/www.salzburgerland.com\/de\/wp-content\/uploads\/2018\/09\/zask-35-von-50.jpg\",\"width\":1920,\"height\":1080,\"caption\":\"\u00a9 SalzburgerLand Tourismus, Fr\u00e4ulein Floras Favourite Hangouts \u2013 Blick vom Mitterberg aus\"},{\"@type\":\"BreadcrumbList\",\"@id\":\"https:\/\/www.salzburgerland.com\/de\/mystischer-herbsttag-in-zell-am-see-kaprun\/#breadcrumb\",\"itemListElement\":[{\"@type\":\"ListItem\",\"position\":1,\"name\":\"Kenneth Nguyen &amp; Jesper Palermo\",\"item\":\"https:\/\/www.salzburgerland.com\/de\/kenneth-nguyen-jesper-palermo\/\"},{\"@type\":\"ListItem\",\"position\":2,\"name\":\"Mystischer Herbsttag in Zell am See-Kaprun\"}]},{\"@type\":\"WebSite\",\"@id\":\"https:\/\/www.salzburgerland.com\/de\/#website\",\"url\":\"https:\/\/www.salzburgerland.com\/de\/\",\"name\":\"SalzburgerLand.com\",\"description\":\"Ihr Urlaub in Salzburg, \u00d6sterreich\",\"publisher\":{\"@id\":\"https:\/\/www.salzburgerland.com\/de\/#organization\"},\"potentialAction\":[{\"@type\":\"SearchAction\",\"target\":{\"@type\":\"EntryPoint\",\"urlTemplate\":\"https:\/\/www.salzburgerland.com\/de\/?s={search_term_string}\"},\"query-input\":{\"@type\":\"PropertyValueSpecification\",\"valueRequired\":true,\"valueName\":\"search_term_string\"}}],\"inLanguage\":\"de\"},{\"@type\":\"Organization\",\"@id\":\"https:\/\/www.salzburgerland.com\/de\/#organization\",\"name\":\"SalzburgerLand Tourismus GmbH\",\"url\":\"https:\/\/www.salzburgerland.com\/de\/\",\"logo\":{\"@type\":\"ImageObject\",\"inLanguage\":\"de\",\"@id\":\"https:\/\/www.salzburgerland.com\/de\/#\/schema\/logo\/image\/\",\"url\":\"https:\/\/www.salzburgerland.com\/de\/wp-content\/uploads\/2017\/01\/salzburgerland-logo.jpg\",\"contentUrl\":\"https:\/\/www.salzburgerland.com\/de\/wp-content\/uploads\/2017\/01\/salzburgerland-logo.jpg\",\"width\":1920,\"height\":827,\"caption\":\"SalzburgerLand Tourismus GmbH\"},\"image\":{\"@id\":\"https:\/\/www.salzburgerland.com\/de\/#\/schema\/logo\/image\/\"},\"sameAs\":[\"https:\/\/www.facebook.com\/salzburgerland\/\",\"https:\/\/x.com\/Salzburgerland\",\"https:\/\/www.instagram.com\/salzburgerland\/\",\"http:\/\/dbpedia.org\/resource\/Salzburg_(state)\",\"http:\/\/wikidata.dbpedia.org\/resource\/Q43325\",\"http:\/\/open.salzburgerland.com\/de\/entity\/salzburgerland\",\"https:\/\/www.youtube.com\/user\/salzburgerland\"]},{\"@type\":\"Person\",\"@id\":\"https:\/\/www.salzburgerland.com\/de\/#\/schema\/person\/5e2487151f535fd7a40628d570ca94d3\",\"name\":\"Miriam Kreiseder\",\"image\":{\"@type\":\"ImageObject\",\"inLanguage\":\"de\",\"@id\":\"https:\/\/www.salzburgerland.com\/de\/#\/schema\/person\/image\/\",\"url\":\"https:\/\/secure.gravatar.com\/avatar\/c432f8977c6ef3b4ef5a56e4aae9e3515c8875144022177ab7fa4e8696a5b7cb?s=96&d=mm&r=g\",\"contentUrl\":\"https:\/\/secure.gravatar.com\/avatar\/c432f8977c6ef3b4ef5a56e4aae9e3515c8875144022177ab7fa4e8696a5b7cb?s=96&d=mm&r=g\",\"caption\":\"Miriam Kreiseder\"}}]}<\/script>\n<!-- \/ Yoast SEO Premium plugin. -->","yoast_head_json":{"title":"Mystischer Herbsttag in Zell am See-Kaprun \u00bb SalzburgerLand.com","robots":{"index":"index","follow":"follow","max-snippet":"max-snippet:-1","max-image-preview":"max-image-preview:large","max-video-preview":"max-video-preview:-1"},"canonical":"https:\/\/www.salzburgerland.com\/de\/wp-json\/wp\/v2\/posts\/264376","og_locale":"de_DE","og_type":"article","og_title":"Mystischer Herbsttag in Zell am See-Kaprun","og_description":"Jesper Palermo und Kenneth Nguyen haben ihre Favoriten im herbstlichen Zell am See-Kaprun zusammengefasst.","og_url":"https:\/\/www.salzburgerland.com\/de\/wp-json\/wp\/v2\/posts\/264376","og_site_name":"SalzburgerLand.com","article_publisher":"https:\/\/www.facebook.com\/salzburgerland\/","article_published_time":"2018-09-26T08:07:36+00:00","article_modified_time":"2018-09-26T08:17:57+00:00","og_image":[{"width":1200,"height":675,"url":"https:\/\/www.salzburgerland.com\/de\/wp-content\/uploads\/2018\/09\/zask-35-von-50-1200x675.jpg","type":"image\/jpeg"}],"author":"Miriam Kreiseder","twitter_card":"summary_large_image","twitter_creator":"@Salzburgerland","twitter_site":"@Salzburgerland","twitter_misc":{"Verfasst von":"Miriam Kreiseder","Gesch\u00e4tzte Lesezeit":"3\u00a0Minuten"},"schema":{"@context":"https:\/\/schema.org","@graph":[{"@type":"WebPage","@id":"https:\/\/www.salzburgerland.com\/de\/mystischer-herbsttag-in-zell-am-see-kaprun\/","url":"https:\/\/www.salzburgerland.com\/de\/mystischer-herbsttag-in-zell-am-see-kaprun\/","name":"Mystischer Herbsttag in Zell am See-Kaprun \u00bb SalzburgerLand.com","isPartOf":{"@id":"https:\/\/www.salzburgerland.com\/de\/#website"},"primaryImageOfPage":{"@id":"https:\/\/www.salzburgerland.com\/de\/mystischer-herbsttag-in-zell-am-see-kaprun\/#primaryimage"},"image":{"@id":"https:\/\/www.salzburgerland.com\/de\/mystischer-herbsttag-in-zell-am-see-kaprun\/#primaryimage"},"thumbnailUrl":"https:\/\/www.salzburgerland.com\/de\/wp-content\/uploads\/2018\/09\/zask-35-von-50.jpg","datePublished":"2018-09-26T08:07:36+00:00","dateModified":"2018-09-26T08:17:57+00:00","description":"Jesper Palermo und Kenneth Nguyen haben ihre Favoriten im herbstlichen Zell am See-Kaprun zusammengefasst.","breadcrumb":{"@id":"https:\/\/www.salzburgerland.com\/de\/mystischer-herbsttag-in-zell-am-see-kaprun\/#breadcrumb"},"inLanguage":"de","potentialAction":[{"@type":"ReadAction","target":["https:\/\/www.salzburgerland.com\/de\/mystischer-herbsttag-in-zell-am-see-kaprun\/"]}]},{"@type":"ImageObject","inLanguage":"de","@id":"https:\/\/www.salzburgerland.com\/de\/mystischer-herbsttag-in-zell-am-see-kaprun\/#primaryimage","url":"https:\/\/www.salzburgerland.com\/de\/wp-content\/uploads\/2018\/09\/zask-35-von-50.jpg","contentUrl":"https:\/\/www.salzburgerland.com\/de\/wp-content\/uploads\/2018\/09\/zask-35-von-50.jpg","width":1920,"height":1080,"caption":"\u00a9 SalzburgerLand Tourismus, Fr\u00e4ulein Floras Favourite Hangouts \u2013 Blick vom Mitterberg aus"},{"@type":"BreadcrumbList","@id":"https:\/\/www.salzburgerland.com\/de\/mystischer-herbsttag-in-zell-am-see-kaprun\/#breadcrumb","itemListElement":[{"@type":"ListItem","position":1,"name":"Kenneth Nguyen &amp; Jesper Palermo","item":"https:\/\/www.salzburgerland.com\/de\/kenneth-nguyen-jesper-palermo\/"},{"@type":"ListItem","position":2,"name":"Mystischer Herbsttag in Zell am See-Kaprun"}]},{"@type":"WebSite","@id":"https:\/\/www.salzburgerland.com\/de\/#website","url":"https:\/\/www.salzburgerland.com\/de\/","name":"SalzburgerLand.com","description":"Ihr Urlaub in Salzburg, \u00d6sterreich","publisher":{"@id":"https:\/\/www.salzburgerland.com\/de\/#organization"},"potentialAction":[{"@type":"SearchAction","target":{"@type":"EntryPoint","urlTemplate":"https:\/\/www.salzburgerland.com\/de\/?s={search_term_string}"},"query-input":{"@type":"PropertyValueSpecification","valueRequired":true,"valueName":"search_term_string"}}],"inLanguage":"de"},{"@type":"Organization","@id":"https:\/\/www.salzburgerland.com\/de\/#organization","name":"SalzburgerLand Tourismus GmbH","url":"https:\/\/www.salzburgerland.com\/de\/","logo":{"@type":"ImageObject","inLanguage":"de","@id":"https:\/\/www.salzburgerland.com\/de\/#\/schema\/logo\/image\/","url":"https:\/\/www.salzburgerland.com\/de\/wp-content\/uploads\/2017\/01\/salzburgerland-logo.jpg","contentUrl":"https:\/\/www.salzburgerland.com\/de\/wp-content\/uploads\/2017\/01\/salzburgerland-logo.jpg","width":1920,"height":827,"caption":"SalzburgerLand Tourismus GmbH"},"image":{"@id":"https:\/\/www.salzburgerland.com\/de\/#\/schema\/logo\/image\/"},"sameAs":["https:\/\/www.facebook.com\/salzburgerland\/","https:\/\/x.com\/Salzburgerland","https:\/\/www.instagram.com\/salzburgerland\/","http:\/\/dbpedia.org\/resource\/Salzburg_(state)","http:\/\/wikidata.dbpedia.org\/resource\/Q43325","http:\/\/open.salzburgerland.com\/de\/entity\/salzburgerland","https:\/\/www.youtube.com\/user\/salzburgerland"]},{"@type":"Person","@id":"https:\/\/www.salzburgerland.com\/de\/#\/schema\/person\/5e2487151f535fd7a40628d570ca94d3","name":"Miriam Kreiseder","image":{"@type":"ImageObject","inLanguage":"de","@id":"https:\/\/www.salzburgerland.com\/de\/#\/schema\/person\/image\/","url":"https:\/\/secure.gravatar.com\/avatar\/c432f8977c6ef3b4ef5a56e4aae9e3515c8875144022177ab7fa4e8696a5b7cb?s=96&d=mm&r=g","contentUrl":"https:\/\/secure.gravatar.com\/avatar\/c432f8977c6ef3b4ef5a56e4aae9e3515c8875144022177ab7fa4e8696a5b7cb?s=96&d=mm&r=g","caption":"Miriam Kreiseder"}}]}},"_wl_alt_label":[],"wl:entity_url":"http:\/\/open.salzburgerland.com\/de\/post\/mystischer_herbsttag_in_zell_am_see-kaprun","_links":{"self":[{"href":"https:\/\/www.salzburgerland.com\/de\/wp-json\/wp\/v2\/posts\/264376","targetHints":{"allow":["GET"]}}],"collection":[{"href":"https:\/\/www.salzburgerland.com\/de\/wp-json\/wp\/v2\/posts"}],"about":[{"href":"https:\/\/www.salzburgerland.com\/de\/wp-json\/wp\/v2\/types\/post"}],"author":[{"embeddable":true,"href":"https:\/\/www.salzburgerland.com\/de\/wp-json\/wp\/v2\/users\/57"}],"replies":[{"embeddable":true,"href":"https:\/\/www.salzburgerland.com\/de\/wp-json\/wp\/v2\/comments?post=264376"}],"version-history":[{"count":0,"href":"https:\/\/www.salzburgerland.com\/de\/wp-json\/wp\/v2\/posts\/264376\/revisions"}],"wp:featuredmedia":[{"embeddable":true,"href":"https:\/\/www.salzburgerland.com\/de\/wp-json\/wp\/v2\/media\/264400"}],"wp:attachment":[{"href":"https:\/\/www.salzburgerland.com\/de\/wp-json\/wp\/v2\/media?parent=264376"}],"wp:term":[{"taxonomy":"category","embeddable":true,"href":"https:\/\/www.salzburgerland.com\/de\/wp-json\/wp\/v2\/categories?post=264376"},{"taxonomy":"post_tag","embeddable":true,"href":"https:\/\/www.salzburgerland.com\/de\/wp-json\/wp\/v2\/tags?post=264376"},{"taxonomy":"wl_entity_type","embeddable":true,"href":"https:\/\/www.salzburgerland.com\/de\/wp-json\/wp\/v2\/wl_entity_type?post=264376"}],"curies":[{"name":"wp","href":"https:\/\/api.w.org\/{rel}","templated":true}]}}