{"id":257981,"date":"2018-07-20T08:10:56","date_gmt":"2018-07-20T06:10:56","guid":{"rendered":"https:\/\/www.salzburgerland.com\/de\/?p=257981"},"modified":"2022-04-22T10:29:38","modified_gmt":"2022-04-22T08:29:38","slug":"rossbrand-atemberaubendes-360-bergpanorama","status":"publish","type":"post","link":"https:\/\/www.salzburgerland.com\/de\/rossbrand-atemberaubendes-360-bergpanorama\/","title":{"rendered":"Ro\u00dfbrand \u2013 atemberaubendes 360\u00b0 Bergpanorama"},"content":{"rendered":"<p>\u201eHerrgott, d\u2018 hoamat is sch\u00f6n!\u201c Mit dieser Inschrift hat uns das Gipfelkreuz am Ro\u00dfbrand begr\u00fc\u00dft, als wir nach ungef\u00e4hr drei Stunden Wanderung mit einer Jausen-Pause auf der B\u00fcrgerbergalm am Hausberg der Radst\u00e4dter angekommen sind. Gemeinsam mit den Outdoor-Influencern Christina Froschauer (@christinaafroschauer), Stefan Altendorfer (<a href=\"https:\/\/www.instagram.com\/stefan.altendorfer\/\" target=\"_blank\" rel=\"noopener noreferrer\">@stefan.altendorfer<\/a>) mit seinem einfach genialen Wolfshund \u201eGrey\u201c und Branislav Rohal (<a href=\"https:\/\/www.instagram.com\/mr.gruenstich\/\" target=\"_blank\" rel=\"noopener noreferrer\">@mr.gruenstich<\/a>) &amp; Tourguide Alois Winkler sind wir aus <a href=\"https:\/\/www.salzburgerland.com\/de\/radstadt\/\" target=\"_blank\" rel=\"noopener noreferrer\">Radstadt<\/a> dem <a href=\"https:\/\/www.salzburgerland.com\/de\/salzburger-almenweg\/\" target=\"_blank\" rel=\"noopener noreferrer\">Salzburger Almenweg<\/a> gefolgt und g\u00f6nnen uns als Belohnung einen atemberaubenden Ausblick auf Dachstein, Bischofsm\u00fctze, Tennen- und Hagengebirge, Hochk\u00f6nig, die Hohen Tauern mit Gro\u00dfglockner und Gro\u00dfvenediger bis hin zu den Radst\u00e4dter und Schladminger Tauern.<\/p>\n<h3>Die perfekte Bergtour f\u00fcr Genuss-Wanderer<\/h3>\n<p>Du willst nach einer Wanderung nicht komplett k.o. sein, aber trotzdem einen herrlichen Ausblick vom Gipfel aus genie\u00dfen und dir in der Sonne einen Hollersaft oder ein k\u00fchles Bierchen und gschmackige Kasnockn oder einen Kaiserschmarrn g\u00f6nnen? Dann bist du erstens bei vielen Wanderungen des <a href=\"https:\/\/www.salzburgerland.com\/de\/salzburger-almenweg\/\" target=\"_blank\" rel=\"noopener noreferrer\">Salzburger Almenweges<\/a> goldrichtig, zweitens vor allem bei der Wanderroute auf den Ro\u00dfbrand perfekt aufgehoben.<\/p>\n<p>Wir starten unsere Wanderung beim <a href=\"https:\/\/www.radstadt.com\/de\/kontakt\/tourismusverband-radstadt.html\" target=\"_blank\" rel=\"noopener noreferrer\">B\u00fcro des Tourismusverbandes (TVB) Radstadt<\/a> im Stadtzentrum. Nach einer kurzen Begr\u00fc\u00dfung durch TVB Radstadt-Gesch\u00e4ftsf\u00fchrer Peter Krismer geht es mit unserem Tour-Guide Alois Winkler zuerst gem\u00fctlich auf der Forststra\u00dfe bergauf, bis uns die Wegweiser mit dem auff\u00e4lligen Salzburger Almenweg Logo auf einen Waldweg abzweigen l\u00e4sst. \u201eIch kenne den Ro\u00dfbrand wie meine Westentasche\u201c, erz\u00e4hlt Alois Winkler, der von 1991 bis 1998 B\u00fcrgermeister von Radstadt war. \u201eWir als Radst\u00e4dter sind richtig stolz, so einen herrlichen Aussichtsberg quasi vor der Haust\u00fcre zu haben. Da geh\u00f6rt es schon dazu, dass man mehrmals im Jahr auf den Gipfel raufwandert.\u201c<\/p>\n<div id=\"attachment_259467\" style=\"width: 1132px\" class=\"wp-caption alignnone\"><img decoding=\"async\" aria-describedby=\"caption-attachment-259467\" class=\"wp-image-259467 size-1170_658\" src=\"https:\/\/cdn.salzburgerland.com\/de\/wp-content\/uploads\/2018\/07\/sltg_10w10p_week2_photo-5-e1532005101320-1122x658.jpg\" alt=\"Ro\u00dfbrand Radstadt, Wandern im SalzburgerLand, Aussichtsberg, 10weeks10peaks\" width=\"1122\" height=\"658\"><p id=\"caption-attachment-259467\" class=\"wp-caption-text\">Der Salzburger Almenweg am Ro\u00dfbrand ist gut beschildert. \u00a9 SalzburgerLand Tourismus<\/p><\/div>\n<h3>Abwechslungsreiche Wanderung auf den Ro\u00dfbrand<\/h3>\n<p>Nach einer knappen Stunde auf schattigen Waldwegen erreicht man als \u201eMittelstation\u201c am Weg auf den Ro\u00dfbrand die B\u00fcrgerbergalm auf 1.172m,\u00a0die von der Familie Moises gef\u00fchrt wird. Nach einer kurzen Pause f\u00fcllen wir bei der Quelle unsere Wasserreserven auf und machen uns gut ger\u00fcstet auf den Weg Richtung Gipfelkreuz in der <a href=\"https:\/\/www.salzburgerland.com\/de\/salzburger-sportwelt\/\" target=\"_blank\" rel=\"noopener noreferrer\">Salzburger Sportwelt<\/a>.<\/p>\n<p>\u201eDie Wanderung ist perfekt f\u00fcr hei\u00dfe Sommertage, denn mit den vielen Waldpassagen ist man nicht immer in der prallen Sonne\u201c, sagt Christina Froschauer, die gemeinsam mit Anita Bott vom Salzburger Almenweg und unseren SalzburgerLand Facebook-Fans den Ausblick genossen hat. \u201eDer Ausblick vom Gipfel ist jeden Schwei\u00dftropfen wert, einfach sensationell.\u201c\u00a0<a href=\"https:\/\/www.facebook.com\/salzburgerland\/videos\/10155608911493730\/\" target=\"_blank\" rel=\"noopener noreferrer\">Seht euch gemeinsam mit uns das herrliche Panorama an!<\/a><\/p>\n<h3>Perfekter Familienausflug im SalzburgerLand<\/h3>\n<p>Dass der Ro\u00dfbrand ein beliebtes Ziel f\u00fcr Familienausfl\u00fcge ist, muss Anita Bott nicht wirklich betonen, denn man merkt es, wenn man auf dem Gipfel angekommen ist. Hier trifft sich Jung und Alt beim Gipfelkreuz. \u201eDer Aufstieg ist auch f\u00fcr Kinder nicht zu steil und ungef\u00e4hrlich\u201c, sagt Anita. Dem k\u00f6nnen wir nur zustimmen. Und wer hier in Radstadt mit Hund wandern geht, soll eine Hundeleine mitnehmen, denn auf den Wanderwegen besteht generelle Leinenpflicht.<\/p>\n<p>Und noch ein Tipp an alle Outdoor-Sportfans: Die B\u00fcrgerbergalm, den Ro\u00dfbrand und sein Gipfelplateau kann man im Sommer auch herrlich mit dem Mountainbike oder E-Bike erkunden (Leih-Bikes gibt es bei den lokalen Sportgesch\u00e4ften) und im\u00a0Winter ist der Radst\u00e4dter Hausberg ein beliebter Treffpunkt f\u00fcr Skitourengeher.<\/p>\n<p>https:\/\/www.instagram.com\/p\/BlJHYkdnnZo\/?taken-by=nature_stefan<\/p>\n<h3>#10weeks10peaks geht in die n\u00e4chste Runde<\/h3>\n<p>Nach dem Tourstopp auf dem <a href=\"https:\/\/www.salzburgerland.com\/de\/10weeks10peaks-schafberg\/\" target=\"_blank\" rel=\"noopener noreferrer\">Schafberg im Salzkammergut<\/a> und am Ro\u00dfbrand im Pongau, macht die Berg-Challenge weitere Stationen im ganzen SalzburgerLand \u2013 sei auf unseren SalzburgerLand Social Media Channels <a href=\"http:\/\/www.facebook.com\/salzburgerland\" target=\"_blank\" rel=\"noopener noreferrer\">Facebook<\/a> &amp; <a href=\"http:\/\/www.instagram.com\/salzburgerland\" target=\"_blank\" rel=\"noopener noreferrer\">Instagram<\/a>\u00a0live dabei und verfolge unsere Wandertouren unter dem Hashtag <a href=\"https:\/\/www.instagram.com\/explore\/tags\/10weeks10peaks\">#10weeks10peaks<\/a>.<\/p>\n<div id=\"attachment_259475\" style=\"width: 1135px\" class=\"wp-caption alignnone\"><img decoding=\"async\" aria-describedby=\"caption-attachment-259475\" class=\"wp-image-259475 size-1170_658\" src=\"https:\/\/cdn.salzburgerland.com\/de\/wp-content\/uploads\/2018\/07\/rossbrand-gipfel-mit-360-panoram-zum-dachstein-und-der-bischofsmutze--1125x658.jpg\" alt=\"Ro\u00dfbrand Radstadt, Wandern im SalzburgerLand, Aussichtsberg, 10weeks10peaks\" width=\"1125\" height=\"658\"><p id=\"caption-attachment-259475\" class=\"wp-caption-text\">Ein Gruppenfoto beim Gipfelkreuz darf nat\u00fcrlich nicht fehlen. \u00a9 SalzburgerLand Tourismus<\/p><\/div>\n","protected":false},"excerpt":{"rendered":"<p>\u201eHerrgott, d\u2018 hoamat is sch\u00f6n!\u201c Mit dieser Inschrift hat uns das Gipfelkreuz am Ro\u00dfbrand begr\u00fc\u00dft, als wir nach ungef\u00e4hr drei Stunden Wanderung mit einer Jausen-Pause auf der B\u00fcrgerbergalm am Hausberg der Radst\u00e4dter angekommen sind. Gemeinsam mit den Outdoor-Influencern Christina Froschauer (@christinaafroschauer), Stefan Altendorfer (@stefan.altendorfer) mit seinem einfach genialen Wolfshund \u201eGrey\u201c und Branislav Rohal (@mr.gruenstich) &amp; [&hellip;]<\/p>\n","protected":false},"author":67,"featured_media":257982,"comment_status":"closed","ping_status":"closed","sticky":false,"template":"","format":"standard","meta":{"_acf_changed":false,"wl_entities_gutenberg":"","_relevanssi_hide_post":"","_relevanssi_hide_content":"","_relevanssi_pin_for_all":"","_relevanssi_pin_keywords":"","_relevanssi_unpin_keywords":"","_relevanssi_related_keywords":"","_relevanssi_related_include_ids":"","_relevanssi_related_exclude_ids":"","_relevanssi_related_no_append":"","_relevanssi_related_not_related":"","_relevanssi_related_posts":"","_relevanssi_noindex_reason":"","footnotes":""},"categories":[1],"tags":[13622,13433],"wl_entity_type":[11495],"class_list":["post-257981","post","type-post","status-publish","format-standard","has-post-thumbnail","hentry","category-allgemein","tag-blogger","tag-wandern","wl_entity_type-article"],"acf":[],"yoast_head":"<!-- This site is optimized with the Yoast SEO Premium plugin v26.9 (Yoast SEO v26.9) - https:\/\/yoast.com\/product\/yoast-seo-premium-wordpress\/ -->\n<title>Ro\u00dfbrand \u2013 atemberaubendes 360\u00b0 Bergpanorama \u00bb SalzburgerLand.com<\/title>\n<meta name=\"description\" content=\"Wenn man den Ro\u00dfbrand in Radstadt im SalzburgerLand \u00fcber den Salzburger Almenweg erklommen hat, ist der Ausblick auf \u00fcber 150 Alpengipfel sensationell.\" \/>\n<meta name=\"robots\" content=\"index, follow, max-snippet:-1, max-image-preview:large, max-video-preview:-1\" \/>\n<link rel=\"canonical\" href=\"https:\/\/www.salzburgerland.com\/de\/wp-json\/wp\/v2\/posts\/257981\" \/>\n<meta property=\"og:locale\" content=\"de_DE\" \/>\n<meta property=\"og:type\" content=\"article\" \/>\n<meta property=\"og:title\" content=\"Ro\u00dfbrand \u2013 atemberaubendes 360\u00b0 Bergpanorama\" \/>\n<meta property=\"og:description\" content=\"Wenn man den Ro\u00dfbrand in Radstadt im SalzburgerLand \u00fcber den Salzburger Almenweg erklommen hat, ist der Ausblick auf \u00fcber 150 Alpengipfel sensationell.\" \/>\n<meta property=\"og:url\" content=\"https:\/\/www.salzburgerland.com\/de\/wp-json\/wp\/v2\/posts\/257981\" \/>\n<meta property=\"og:site_name\" content=\"SalzburgerLand.com\" \/>\n<meta property=\"article:publisher\" content=\"https:\/\/www.facebook.com\/salzburgerland\/\" \/>\n<meta property=\"article:published_time\" content=\"2018-07-20T06:10:56+00:00\" \/>\n<meta property=\"article:modified_time\" content=\"2022-04-22T08:29:38+00:00\" \/>\n<meta property=\"og:image\" content=\"https:\/\/www.salzburgerland.com\/de\/wp-content\/uploads\/2018\/07\/christina-1200x675.jpg\" \/>\n\t<meta property=\"og:image:width\" content=\"1200\" \/>\n\t<meta property=\"og:image:height\" content=\"675\" \/>\n\t<meta property=\"og:image:type\" content=\"image\/jpeg\" \/>\n<meta name=\"author\" content=\"G\u00fcnter Baumgartner\" \/>\n<meta name=\"twitter:card\" content=\"summary_large_image\" \/>\n<meta name=\"twitter:creator\" content=\"@Salzburgerland\" \/>\n<meta name=\"twitter:site\" content=\"@Salzburgerland\" \/>\n<meta name=\"twitter:label1\" content=\"Verfasst von\" \/>\n\t<meta name=\"twitter:data1\" content=\"G\u00fcnter Baumgartner\" \/>\n\t<meta name=\"twitter:label2\" content=\"Gesch\u00e4tzte Lesezeit\" \/>\n\t<meta name=\"twitter:data2\" content=\"4\u00a0Minuten\" \/>\n<script type=\"application\/ld+json\" class=\"yoast-schema-graph\">{\"@context\":\"https:\/\/schema.org\",\"@graph\":[{\"@type\":\"WebPage\",\"@id\":\"https:\/\/www.salzburgerland.com\/de\/rossbrand-atemberaubendes-360-bergpanorama\/\",\"url\":\"https:\/\/www.salzburgerland.com\/de\/rossbrand-atemberaubendes-360-bergpanorama\/\",\"name\":\"Ro\u00dfbrand \u2013 atemberaubendes 360\u00b0 Bergpanorama \u00bb SalzburgerLand.com\",\"isPartOf\":{\"@id\":\"https:\/\/www.salzburgerland.com\/de\/#website\"},\"primaryImageOfPage\":{\"@id\":\"https:\/\/www.salzburgerland.com\/de\/rossbrand-atemberaubendes-360-bergpanorama\/#primaryimage\"},\"image\":{\"@id\":\"https:\/\/www.salzburgerland.com\/de\/rossbrand-atemberaubendes-360-bergpanorama\/#primaryimage\"},\"thumbnailUrl\":\"https:\/\/www.salzburgerland.com\/de\/wp-content\/uploads\/2018\/07\/christina.jpg\",\"datePublished\":\"2018-07-20T06:10:56+00:00\",\"dateModified\":\"2022-04-22T08:29:38+00:00\",\"description\":\"Wenn man den Ro\u00dfbrand in Radstadt im SalzburgerLand \u00fcber den Salzburger Almenweg erklommen hat, ist der Ausblick auf \u00fcber 150 Alpengipfel sensationell.\",\"inLanguage\":\"de\",\"potentialAction\":[{\"@type\":\"ReadAction\",\"target\":[\"https:\/\/www.salzburgerland.com\/de\/rossbrand-atemberaubendes-360-bergpanorama\/\"]}]},{\"@type\":\"ImageObject\",\"inLanguage\":\"de\",\"@id\":\"https:\/\/www.salzburgerland.com\/de\/rossbrand-atemberaubendes-360-bergpanorama\/#primaryimage\",\"url\":\"https:\/\/www.salzburgerland.com\/de\/wp-content\/uploads\/2018\/07\/christina.jpg\",\"contentUrl\":\"https:\/\/www.salzburgerland.com\/de\/wp-content\/uploads\/2018\/07\/christina.jpg\",\"width\":1920,\"height\":1280,\"caption\":\"Ro\u00dfbrand Radstadt mit Christina Froschauer, Wandern im SalzburgerLand, Aussichtsberg, 10weeks10peaks\"},{\"@type\":\"WebSite\",\"@id\":\"https:\/\/www.salzburgerland.com\/de\/#website\",\"url\":\"https:\/\/www.salzburgerland.com\/de\/\",\"name\":\"SalzburgerLand.com\",\"description\":\"Ihr Urlaub in Salzburg, \u00d6sterreich\",\"publisher\":{\"@id\":\"https:\/\/www.salzburgerland.com\/de\/#organization\"},\"potentialAction\":[{\"@type\":\"SearchAction\",\"target\":{\"@type\":\"EntryPoint\",\"urlTemplate\":\"https:\/\/www.salzburgerland.com\/de\/?s={search_term_string}\"},\"query-input\":{\"@type\":\"PropertyValueSpecification\",\"valueRequired\":true,\"valueName\":\"search_term_string\"}}],\"inLanguage\":\"de\"},{\"@type\":\"Organization\",\"@id\":\"https:\/\/www.salzburgerland.com\/de\/#organization\",\"name\":\"SalzburgerLand Tourismus GmbH\",\"url\":\"https:\/\/www.salzburgerland.com\/de\/\",\"logo\":{\"@type\":\"ImageObject\",\"inLanguage\":\"de\",\"@id\":\"https:\/\/www.salzburgerland.com\/de\/#\/schema\/logo\/image\/\",\"url\":\"https:\/\/www.salzburgerland.com\/de\/wp-content\/uploads\/2017\/01\/salzburgerland-logo.jpg\",\"contentUrl\":\"https:\/\/www.salzburgerland.com\/de\/wp-content\/uploads\/2017\/01\/salzburgerland-logo.jpg\",\"width\":1920,\"height\":827,\"caption\":\"SalzburgerLand Tourismus GmbH\"},\"image\":{\"@id\":\"https:\/\/www.salzburgerland.com\/de\/#\/schema\/logo\/image\/\"},\"sameAs\":[\"https:\/\/www.facebook.com\/salzburgerland\/\",\"https:\/\/x.com\/Salzburgerland\",\"https:\/\/www.instagram.com\/salzburgerland\/\",\"http:\/\/dbpedia.org\/resource\/Salzburg_(state)\",\"http:\/\/wikidata.dbpedia.org\/resource\/Q43325\",\"http:\/\/open.salzburgerland.com\/de\/entity\/salzburgerland\",\"https:\/\/www.youtube.com\/user\/salzburgerland\"]},{\"@type\":\"Person\",\"@id\":\"https:\/\/www.salzburgerland.com\/de\/#\/schema\/person\/202fa69e766a95ce88b9c174c33cf9b7\",\"name\":\"G\u00fcnter Baumgartner\",\"image\":{\"@type\":\"ImageObject\",\"inLanguage\":\"de\",\"@id\":\"https:\/\/www.salzburgerland.com\/de\/#\/schema\/person\/image\/\",\"url\":\"https:\/\/secure.gravatar.com\/avatar\/46e8f74f35e1f1449410c59dc6ef7980d5bccacd006bd0f60416a5b5b522c5ff?s=96&d=mm&r=g\",\"contentUrl\":\"https:\/\/secure.gravatar.com\/avatar\/46e8f74f35e1f1449410c59dc6ef7980d5bccacd006bd0f60416a5b5b522c5ff?s=96&d=mm&r=g\",\"caption\":\"G\u00fcnter Baumgartner\"}}]}<\/script>\n<!-- \/ Yoast SEO Premium plugin. -->","yoast_head_json":{"title":"Ro\u00dfbrand \u2013 atemberaubendes 360\u00b0 Bergpanorama \u00bb SalzburgerLand.com","description":"Wenn man den Ro\u00dfbrand in Radstadt im SalzburgerLand \u00fcber den Salzburger Almenweg erklommen hat, ist der Ausblick auf \u00fcber 150 Alpengipfel sensationell.","robots":{"index":"index","follow":"follow","max-snippet":"max-snippet:-1","max-image-preview":"max-image-preview:large","max-video-preview":"max-video-preview:-1"},"canonical":"https:\/\/www.salzburgerland.com\/de\/wp-json\/wp\/v2\/posts\/257981","og_locale":"de_DE","og_type":"article","og_title":"Ro\u00dfbrand \u2013 atemberaubendes 360\u00b0 Bergpanorama","og_description":"Wenn man den Ro\u00dfbrand in Radstadt im SalzburgerLand \u00fcber den Salzburger Almenweg erklommen hat, ist der Ausblick auf \u00fcber 150 Alpengipfel sensationell.","og_url":"https:\/\/www.salzburgerland.com\/de\/wp-json\/wp\/v2\/posts\/257981","og_site_name":"SalzburgerLand.com","article_publisher":"https:\/\/www.facebook.com\/salzburgerland\/","article_published_time":"2018-07-20T06:10:56+00:00","article_modified_time":"2022-04-22T08:29:38+00:00","og_image":[{"width":1200,"height":675,"url":"https:\/\/www.salzburgerland.com\/de\/wp-content\/uploads\/2018\/07\/christina-1200x675.jpg","type":"image\/jpeg"}],"author":"G\u00fcnter Baumgartner","twitter_card":"summary_large_image","twitter_creator":"@Salzburgerland","twitter_site":"@Salzburgerland","twitter_misc":{"Verfasst von":"G\u00fcnter Baumgartner","Gesch\u00e4tzte Lesezeit":"4\u00a0Minuten"},"schema":{"@context":"https:\/\/schema.org","@graph":[{"@type":"WebPage","@id":"https:\/\/www.salzburgerland.com\/de\/rossbrand-atemberaubendes-360-bergpanorama\/","url":"https:\/\/www.salzburgerland.com\/de\/rossbrand-atemberaubendes-360-bergpanorama\/","name":"Ro\u00dfbrand \u2013 atemberaubendes 360\u00b0 Bergpanorama \u00bb SalzburgerLand.com","isPartOf":{"@id":"https:\/\/www.salzburgerland.com\/de\/#website"},"primaryImageOfPage":{"@id":"https:\/\/www.salzburgerland.com\/de\/rossbrand-atemberaubendes-360-bergpanorama\/#primaryimage"},"image":{"@id":"https:\/\/www.salzburgerland.com\/de\/rossbrand-atemberaubendes-360-bergpanorama\/#primaryimage"},"thumbnailUrl":"https:\/\/www.salzburgerland.com\/de\/wp-content\/uploads\/2018\/07\/christina.jpg","datePublished":"2018-07-20T06:10:56+00:00","dateModified":"2022-04-22T08:29:38+00:00","description":"Wenn man den Ro\u00dfbrand in Radstadt im SalzburgerLand \u00fcber den Salzburger Almenweg erklommen hat, ist der Ausblick auf \u00fcber 150 Alpengipfel sensationell.","inLanguage":"de","potentialAction":[{"@type":"ReadAction","target":["https:\/\/www.salzburgerland.com\/de\/rossbrand-atemberaubendes-360-bergpanorama\/"]}]},{"@type":"ImageObject","inLanguage":"de","@id":"https:\/\/www.salzburgerland.com\/de\/rossbrand-atemberaubendes-360-bergpanorama\/#primaryimage","url":"https:\/\/www.salzburgerland.com\/de\/wp-content\/uploads\/2018\/07\/christina.jpg","contentUrl":"https:\/\/www.salzburgerland.com\/de\/wp-content\/uploads\/2018\/07\/christina.jpg","width":1920,"height":1280,"caption":"Ro\u00dfbrand Radstadt mit Christina Froschauer, Wandern im SalzburgerLand, Aussichtsberg, 10weeks10peaks"},{"@type":"WebSite","@id":"https:\/\/www.salzburgerland.com\/de\/#website","url":"https:\/\/www.salzburgerland.com\/de\/","name":"SalzburgerLand.com","description":"Ihr Urlaub in Salzburg, \u00d6sterreich","publisher":{"@id":"https:\/\/www.salzburgerland.com\/de\/#organization"},"potentialAction":[{"@type":"SearchAction","target":{"@type":"EntryPoint","urlTemplate":"https:\/\/www.salzburgerland.com\/de\/?s={search_term_string}"},"query-input":{"@type":"PropertyValueSpecification","valueRequired":true,"valueName":"search_term_string"}}],"inLanguage":"de"},{"@type":"Organization","@id":"https:\/\/www.salzburgerland.com\/de\/#organization","name":"SalzburgerLand Tourismus GmbH","url":"https:\/\/www.salzburgerland.com\/de\/","logo":{"@type":"ImageObject","inLanguage":"de","@id":"https:\/\/www.salzburgerland.com\/de\/#\/schema\/logo\/image\/","url":"https:\/\/www.salzburgerland.com\/de\/wp-content\/uploads\/2017\/01\/salzburgerland-logo.jpg","contentUrl":"https:\/\/www.salzburgerland.com\/de\/wp-content\/uploads\/2017\/01\/salzburgerland-logo.jpg","width":1920,"height":827,"caption":"SalzburgerLand Tourismus GmbH"},"image":{"@id":"https:\/\/www.salzburgerland.com\/de\/#\/schema\/logo\/image\/"},"sameAs":["https:\/\/www.facebook.com\/salzburgerland\/","https:\/\/x.com\/Salzburgerland","https:\/\/www.instagram.com\/salzburgerland\/","http:\/\/dbpedia.org\/resource\/Salzburg_(state)","http:\/\/wikidata.dbpedia.org\/resource\/Q43325","http:\/\/open.salzburgerland.com\/de\/entity\/salzburgerland","https:\/\/www.youtube.com\/user\/salzburgerland"]},{"@type":"Person","@id":"https:\/\/www.salzburgerland.com\/de\/#\/schema\/person\/202fa69e766a95ce88b9c174c33cf9b7","name":"G\u00fcnter Baumgartner","image":{"@type":"ImageObject","inLanguage":"de","@id":"https:\/\/www.salzburgerland.com\/de\/#\/schema\/person\/image\/","url":"https:\/\/secure.gravatar.com\/avatar\/46e8f74f35e1f1449410c59dc6ef7980d5bccacd006bd0f60416a5b5b522c5ff?s=96&d=mm&r=g","contentUrl":"https:\/\/secure.gravatar.com\/avatar\/46e8f74f35e1f1449410c59dc6ef7980d5bccacd006bd0f60416a5b5b522c5ff?s=96&d=mm&r=g","caption":"G\u00fcnter Baumgartner"}}]}},"_wl_alt_label":[],"wl:entity_url":"http:\/\/open.salzburgerland.com\/de\/post\/rossbrand_-_atemberaubendes_360_bergpanorama","_links":{"self":[{"href":"https:\/\/www.salzburgerland.com\/de\/wp-json\/wp\/v2\/posts\/257981","targetHints":{"allow":["GET"]}}],"collection":[{"href":"https:\/\/www.salzburgerland.com\/de\/wp-json\/wp\/v2\/posts"}],"about":[{"href":"https:\/\/www.salzburgerland.com\/de\/wp-json\/wp\/v2\/types\/post"}],"author":[{"embeddable":true,"href":"https:\/\/www.salzburgerland.com\/de\/wp-json\/wp\/v2\/users\/67"}],"replies":[{"embeddable":true,"href":"https:\/\/www.salzburgerland.com\/de\/wp-json\/wp\/v2\/comments?post=257981"}],"version-history":[{"count":2,"href":"https:\/\/www.salzburgerland.com\/de\/wp-json\/wp\/v2\/posts\/257981\/revisions"}],"predecessor-version":[{"id":653518,"href":"https:\/\/www.salzburgerland.com\/de\/wp-json\/wp\/v2\/posts\/257981\/revisions\/653518"}],"wp:featuredmedia":[{"embeddable":true,"href":"https:\/\/www.salzburgerland.com\/de\/wp-json\/wp\/v2\/media\/257982"}],"wp:attachment":[{"href":"https:\/\/www.salzburgerland.com\/de\/wp-json\/wp\/v2\/media?parent=257981"}],"wp:term":[{"taxonomy":"category","embeddable":true,"href":"https:\/\/www.salzburgerland.com\/de\/wp-json\/wp\/v2\/categories?post=257981"},{"taxonomy":"post_tag","embeddable":true,"href":"https:\/\/www.salzburgerland.com\/de\/wp-json\/wp\/v2\/tags?post=257981"},{"taxonomy":"wl_entity_type","embeddable":true,"href":"https:\/\/www.salzburgerland.com\/de\/wp-json\/wp\/v2\/wl_entity_type?post=257981"}],"curies":[{"name":"wp","href":"https:\/\/api.w.org\/{rel}","templated":true}]}}