{"id":257926,"date":"2018-07-16T10:35:06","date_gmt":"2018-07-16T08:35:06","guid":{"rendered":"https:\/\/www.salzburgerland.com\/de\/?p=257926"},"modified":"2020-04-15T08:06:00","modified_gmt":"2020-04-15T06:06:00","slug":"10weeks10peaks-schafberg","status":"publish","type":"post","link":"https:\/\/www.salzburgerland.com\/de\/10weeks10peaks-schafberg\/","title":{"rendered":"#10weeks10peaks: Erste Station Schafberg"},"content":{"rendered":"<p>Denn wie k\u00f6nnte man eine Schafberg-Bergtour stilvoller starten als mit einer Anreise \u00fcber den Wolfgangsee? Gemeinsam mit unserem Partner <a href=\"https:\/\/www.schafbergbahn.at\/content\/website_schafbergbahn\/de_at.html\" target=\"_blank\" rel=\"noopener noreferrer\">Salzburg AG<\/a>, Inhaber der <a href=\"https:\/\/www.schafbergbahn.at\/content\/website_schafbergbahn\/de_at\/ueber-die-schifffahrt\/UeberSchifffahrt.html\" target=\"_blank\" rel=\"noopener noreferrer\">WolfgangseeSchifffahrt<\/a> und der <a href=\"https:\/\/www.schafbergbahn.at\/content\/website_schafbergbahn\/de_at.html\" target=\"_blank\" rel=\"noopener noreferrer\">SchafbergBahn<\/a>, haben wir uns mit 5 Social Influencern Elisa @<a href=\"https:\/\/www.instagram.com\/artivicial\/\" target=\"_blank\" rel=\"noopener noreferrer\">artivicial<\/a>, Silvio\u00a0<a href=\"https:\/\/www.instagram.com\/silvio.ha\/\" target=\"_blank\" rel=\"noopener noreferrer\">@silvio.ha,<\/a>\u00a0Matthias @<a href=\"https:\/\/www.instagram.com\/fraeuleinflorasbg\/\" target=\"_blank\" rel=\"noopener noreferrer\">fraeuleinflorasbg<\/a>, Max Riese <a href=\"https:\/\/www.instagram.com\/kleinerriese\/\" target=\"_blank\" rel=\"noopener noreferrer\">@kleinerriese<\/a>, Anna <a href=\"https:\/\/www.instagram.com\/annamaria_a_\/\" target=\"_blank\" rel=\"noopener noreferrer\">@annamaria_a_<\/a> und <a href=\"http:\/\/www.dachstein-incentives.at\/\" target=\"_blank\" rel=\"noopener noreferrer\">Local Guide Rudi Vonach<\/a>\u00a0auf den Weg gemacht, den Schafberg zu erklimmen.<\/p>\n<h3>Los geht\u2019s am Wolfgangsee \u2013 rauf auf den Schafberg<\/h3>\n<p>Unser Treffpunkt war am Parkplatz Gschwendt. Nachdem wir die Wanderschuhe geschn\u00fcrt und die Wasserflaschen aufgef\u00fcllt hatten, sind wir von hier aus \u00fcber den <a href=\"https:\/\/www.salzburgerland.com\/de\/wolfgangsee\/\" target=\"_blank\" rel=\"noopener noreferrer\">Wolfgangsee<\/a> nach <a href=\"https:\/\/www.salzburgerland.com\/de\/st-wolfgang\/\" target=\"_blank\" rel=\"noopener noreferrer\">St. Wolfgang<\/a> \u00fcbergesetzt. Um Punkt 9.00 Uhr ging es ab auf das Schiff, um bei der Station \u201eSchafbergbahn\u201c auf der gegen\u00fcberliegenden Seite des Sees auszusteigen und die Bergtour auf den Schafberg in Angriff zu nehmen.<\/p>\n<p>\u00dcbrigens: Der Fahrplan der WolfgangseeSchifffahrt und der SchafbergBahn sind so gut miteinander abgestimmt, dass man mit der ersten \u00dcberfahrt von Strobl bzw. Gschwendt genau zum richtigen Zeitpunkt bei der Schafbergbahn ankommt, um die erste Auffahrt auf den Schafberg p\u00fcnktlich zu erreichen. Von der Talstation aus kann man ganz hinauf bis zur Bergstation Schafbergspitze auf 1.732m fahren \u2013 oder bei der \u201eMittelstation\u201c Schafbergalpe auf 1.363 Metern aussteigen und die letzten knapp 400 H\u00f6henmeter noch gem\u00fctlich zu Fu\u00df zum Gipfel wandern.<\/p>\n<h3>\u00dcber die Dorneralm auf die Schafbergspitze<\/h3>\n<p>https:\/\/www.instagram.com\/p\/Bk8eqPWBUc2\/?taken-by=salzburgerland<\/p>\n<p>Obwohl verlockend, war bei uns eine Bergfahrt kein Thema \u2013 denn wir starteten mit Local Guide Rudi Vonach unsere Bergtour auf den Schafberg, bei der wir knapp 1.200 H\u00f6henmeter in ungef\u00e4hr 3 \u00bd Stunden gemeistert haben. Nat\u00fcrlich hatten wir gen\u00fcgend Pausen zum Fotografieren und Staunen eingeplant, weil die Eindr\u00fccke und Ausblicke ins Salzkammergut und SalzburgerLand auf dem Wanderweg vorbei an der Jausenstation Aschinger, \u00fcber die Dorneralm und Schafbergalm hinauf auf den Schafberg einfach imposant waren. \u201eEs war so spannend, hier rauf zu wandern, weil egal in welche Himmelsrichtung man schaut, immer ein traumhafter Ausblick auf einen wartet\u201c, war Silvio begeistert.<\/p>\n<h3>Die Adlerh\u00f6hle im Schafstein<\/h3>\n<div id=\"attachment_257932\" style=\"width: 1180px\" class=\"wp-caption alignnone\"><img decoding=\"async\" aria-describedby=\"caption-attachment-257932\" class=\"wp-image-257932 size-1170_658\" src=\"https:\/\/cdn.salzburgerland.com\/de\/wp-content\/uploads\/2018\/07\/20180706-dscf7985-copy-2-1170x658.jpg\" alt=\"Schafberg #10weeks10peaks Wandern im SalzburgerLand\" width=\"1170\" height=\"658\" srcset=\"https:\/\/www.salzburgerland.com\/de\/wp-content\/uploads\/2018\/07\/20180706-dscf7985-copy-2-1170x658.jpg 1170w, https:\/\/www.salzburgerland.com\/de\/wp-content\/uploads\/2018\/07\/20180706-dscf7985-copy-2-1200x675.jpg 1200w\" sizes=\"(max-width: 1170px) 100vw, 1170px\"><p id=\"caption-attachment-257932\" class=\"wp-caption-text\">@silvio_ha in der Adlerh\u00f6hle. \u00a9 SalzburgerLand Tourismus<\/p><\/div>\n<p>Die Erkundung der Adlerh\u00f6hle im Schafstein war ein absolutes Highlight auf unserer Schafberg-Tour. Zum Gl\u00fcck hatten wir Local Guide Rudi Vonach mit dabei, denn der Eingang in die H\u00f6hle ist gar nicht so einfach zu finden. Auch, weil der H\u00f6hleneingang zwischen Schafberg und Spinnerin gelegen so klein und schmal ist, dass wir nur auf allen Vieren hineingekommen sind. Aber der Ausblick aus dem Felsenfenster war absolut eindrucksvoll. \u201eDer Legende nach sei bei der Verfolgung eines verwundeten Fuchses die H\u00f6hle durch einen J\u00e4ger entdeckt worden\u201c, erz\u00e4hlte Rudi Vonach am Weg zur Adlerh\u00f6hle. \u201eDer Eingang sei damals nur ein ganz kleiner Spalt gewesen, erst beim Bau der Schafbergbahn 1892 hat man den Eingang so vergr\u00f6\u00dfert, dass man zumindest hineinkriechen kann.\u201c<\/p>\n<h3>Brettljause &amp; Kaiserschmarrn f\u00fcr m\u00fcde Wandererbeine<\/h3>\n<p>Am h\u00f6chsten Punkt des Schafbergs im Salzkammergut angekommen, haben wir uns nat\u00fcrlich auch eine urige Jause verdient. Bei Brettljause, Kaiserschmarrn, Hollersaft gespritzt oder doch einem kalten Bier haben wir an einem schattigen Platzerl auf der Bergh\u00fctte \u201eSchafberg Himmelspforte\u201c, die von der Salzburg AG selbst gef\u00fchrt und bewirtschaftet wird, die Akkus wieder aufgeladen. Man darf nicht untersch\u00e4tzen, dass 1.200 H\u00f6henmeter dem Wanderer bei dieser technisch einfachen Tour schon einiges an Kondition abverlangen. Aber der Ausblick macht jeden Schwei\u00dftropfen wieder wett. Anna, geb\u00fcrtige Thalgauerin, ist echt angetan von ihrem \u201eNachbarschaftsberg\u201c: \u201eIch bin glaube, ich bin in der Hauptschulzeit zum letzten Mal hier raufgegangen. Aber wenn ich jetzt hier am Gipfel stehe, wei\u00df ich, warum so viele Leute vom Schafberg schw\u00e4rmen.\u201c<\/p>\n<div id=\"attachment_257933\" style=\"width: 1180px\" class=\"wp-caption alignnone\"><img decoding=\"async\" aria-describedby=\"caption-attachment-257933\" class=\"wp-image-257933 size-1170_658\" src=\"https:\/\/cdn.salzburgerland.com\/de\/wp-content\/uploads\/2018\/07\/20180706-dscf8062-1170x658.jpg\" alt=\"Schafberg #10weeks10peaks Wandern im SalzburgerLand\" width=\"1170\" height=\"658\" srcset=\"https:\/\/www.salzburgerland.com\/de\/wp-content\/uploads\/2018\/07\/20180706-dscf8062-1170x658.jpg 1170w, https:\/\/www.salzburgerland.com\/de\/wp-content\/uploads\/2018\/07\/20180706-dscf8062-1200x675.jpg 1200w\" sizes=\"(max-width: 1170px) 100vw, 1170px\"><p id=\"caption-attachment-257933\" class=\"wp-caption-text\">Blick vom Schafberg auf den Attersee. \u00a9 SalzburgerLand Tourismus<\/p><\/div>\n<p>Auch Elisa aus der N\u00e4he von Traunstein, die mit Ihren sibirischen Husky bei unserer #10weeks10peaks Premiere mit dabei war, kam aus dem Staunen nicht heraus. \u201eIch wohne quasi am Berg. Egal ob im Winter beim Skitourengehen oder im Sommer bei meinen Hikes \u2013 ich bin in ganz Europa schon auf so vielen Berggipfeln gestanden. Aber der Ausblick hier vom Schafberg, mit dem Wolfgangsee, Attersee und Mondsee direkt unter den Beinen, dort hinten noch der Fuschlsee am Horizont \u2026 einfach beeindruckend!\u201c Auch den Hintersee, den Irrsee und den Wallersee kann man vom Schafberg aus ersp\u00e4hen. Wenn man auch alle kleineren Seen wie den Schwarzensee, Krottensee, Egelsee, Suissensee, Mittersee und M\u00f6nichsee zusammenz\u00e4hlt, kommt man auf einmalige 13 Seen, die man hier am Schafberg entdecken kann.\u00a0<a href=\"https:\/\/www.facebook.com\/salzburgerland\/videos\/10155590748353730\/\" target=\"_blank\" rel=\"noopener noreferrer\">Hier kannst du gemeinsam mit Elisa den Schafberg erleben.\u00a0<\/a><\/p>\n<h3><a href=\"https:\/\/www.instagram.com\/explore\/tags\/mySchafberg\" target=\"_blank\" rel=\"noopener noreferrer\">#myschafberg<\/a>\u00a0\u2013 Talfahrt mit der Zahnradbahn<\/h3>\n<div id=\"attachment_257929\" style=\"width: 1180px\" class=\"wp-caption alignnone\"><img decoding=\"async\" aria-describedby=\"caption-attachment-257929\" class=\"wp-image-257929 size-1170_658\" src=\"https:\/\/cdn.salzburgerland.com\/de\/wp-content\/uploads\/2018\/07\/20180705-dscf7874-1170x658.jpg\" alt=\"Schafberg #10weeks10peaks Wandern im SalzburgerLand\" width=\"1170\" height=\"658\" srcset=\"https:\/\/www.salzburgerland.com\/de\/wp-content\/uploads\/2018\/07\/20180705-dscf7874-1170x658.jpg 1170w, https:\/\/www.salzburgerland.com\/de\/wp-content\/uploads\/2018\/07\/20180705-dscf7874-1200x675.jpg 1200w\" sizes=\"(max-width: 1170px) 100vw, 1170px\"><p id=\"caption-attachment-257929\" class=\"wp-caption-text\">Die Schafbergbahn ist die steilste Zahnradbad \u00d6sterreichs. \u00a9 SalzburgerLand Tourismus<\/p><\/div>\n<p>Weil es beim Schafberg dann doch dazugeh\u00f6rt, auch mit der SchafbergBahn gefahren zu sein, lie\u00dfen wir es uns nicht nehmen, mit der steilsten Zahnradbahn \u00d6sterreichs aus dem Jahre 1893 gen <a href=\"https:\/\/wolfgangsee.salzkammergut.at\/\" target=\"_blank\" rel=\"noopener noreferrer\">Wolfgangsee<\/a> aufzubrechen. Das war ein stilechter und perfekter Abschluss eines \u201eTraumtagerl\u201c am Schafberg im SalzburgerLand. Wir haben so viele Impressionen und Eindr\u00fccke mitgenommen, dass wir bald wiederkommen werden!<\/p>\n<h3>#10weeks10peaks geht in die n\u00e4chste Runde<\/h3>\n<p>Bevor es soweit ist, macht die Berg-Challenge weitere Stationen im ganzen SalzburgerLand \u2013 sei auf unseren SalzburgerLand Social Media Channels <a href=\"http:\/\/www.facebook.com\/salzburgerland\" target=\"_blank\" rel=\"noopener noreferrer\">Facebook<\/a> &amp; <a href=\"http:\/\/www.instagram.com\/salzburgerland\" target=\"_blank\" rel=\"noopener noreferrer\">Instagram<\/a>\u00a0live dabei und verfolge unsere Wandertouren unter dem Hashtag <a href=\"https:\/\/www.instagram.com\/explore\/tags\/10weeks10peaks\">#10weeks10peaks<\/a><\/p>\n<div id=\"attachment_257931\" style=\"width: 1180px\" class=\"wp-caption alignnone\"><img decoding=\"async\" aria-describedby=\"caption-attachment-257931\" class=\"wp-image-257931 size-1170_658\" src=\"https:\/\/cdn.salzburgerland.com\/de\/wp-content\/uploads\/2018\/07\/20180706-dscf7909-1170x658.jpg\" alt=\"Schafberg #10weeks10peaks Wandern im SalzburgerLand\" width=\"1170\" height=\"658\" srcset=\"https:\/\/www.salzburgerland.com\/de\/wp-content\/uploads\/2018\/07\/20180706-dscf7909-1170x658.jpg 1170w, https:\/\/www.salzburgerland.com\/de\/wp-content\/uploads\/2018\/07\/20180706-dscf7909-1200x675.jpg 1200w\" sizes=\"(max-width: 1170px) 100vw, 1170px\"><p id=\"caption-attachment-257931\" class=\"wp-caption-text\">Nach rund 1.200 Metern Aufstieg unser Gruppenfoto des ersten Hikes der #10weeks10peaks Challenge. \u00a9 SalzburgerLand Tourismus<\/p><\/div>\n","protected":false},"excerpt":{"rendered":"<p>Denn wie k\u00f6nnte man eine Schafberg-Bergtour stilvoller starten als mit einer Anreise \u00fcber den Wolfgangsee? Gemeinsam mit unserem Partner Salzburg AG, Inhaber der WolfgangseeSchifffahrt und der SchafbergBahn, haben wir uns mit 5 Social Influencern Elisa @artivicial, Silvio\u00a0@silvio.ha,\u00a0Matthias @fraeuleinflorasbg, Max Riese @kleinerriese, Anna @annamaria_a_ und Local Guide Rudi Vonach\u00a0auf den Weg gemacht, den Schafberg zu erklimmen. [&hellip;]<\/p>\n","protected":false},"author":67,"featured_media":257930,"comment_status":"closed","ping_status":"closed","sticky":false,"template":"","format":"standard","meta":{"_acf_changed":false,"wl_entities_gutenberg":"","_relevanssi_hide_post":"","_relevanssi_hide_content":"","_relevanssi_pin_for_all":"","_relevanssi_pin_keywords":"","_relevanssi_unpin_keywords":"","_relevanssi_related_keywords":"","_relevanssi_related_include_ids":"","_relevanssi_related_exclude_ids":"","_relevanssi_related_no_append":"","_relevanssi_related_not_related":"","_relevanssi_related_posts":"","_relevanssi_noindex_reason":"","footnotes":""},"categories":[1],"tags":[],"wl_entity_type":[11495],"class_list":["post-257926","post","type-post","status-publish","format-standard","has-post-thumbnail","hentry","category-allgemein","wl_entity_type-article"],"acf":[],"yoast_head":"<!-- This site is optimized with the Yoast SEO Premium plugin v26.9 (Yoast SEO v26.9) - https:\/\/yoast.com\/product\/yoast-seo-premium-wordpress\/ -->\n<title>#10weeks10peaks: Schafberg im Salzkammergut am Wolfgangsee<\/title>\n<meta name=\"description\" content=\"Wandern im SalzburgerLand! Kristallklares Wasser &amp; luftige H\u00f6hen: Der Schafberg war der erste Stopp unserer SalzburgerLand #10weeks10peaks Challenge.\" \/>\n<meta name=\"robots\" content=\"index, follow, max-snippet:-1, max-image-preview:large, max-video-preview:-1\" \/>\n<link rel=\"canonical\" href=\"https:\/\/www.salzburgerland.com\/de\/wp-json\/wp\/v2\/posts\/257926\" \/>\n<meta property=\"og:locale\" content=\"de_DE\" \/>\n<meta property=\"og:type\" content=\"article\" \/>\n<meta property=\"og:title\" content=\"#10weeks10peaks: Erste Station Schafberg\" \/>\n<meta property=\"og:description\" content=\"Wandern im SalzburgerLand! Kristallklares Wasser &amp; luftige H\u00f6hen: Der Schafberg war der erste Stopp unserer SalzburgerLand #10weeks10peaks Challenge.\" \/>\n<meta property=\"og:url\" content=\"https:\/\/www.salzburgerland.com\/de\/wp-json\/wp\/v2\/posts\/257926\" \/>\n<meta property=\"og:site_name\" content=\"SalzburgerLand.com\" \/>\n<meta property=\"article:publisher\" content=\"https:\/\/www.facebook.com\/salzburgerland\/\" \/>\n<meta property=\"article:published_time\" content=\"2018-07-16T08:35:06+00:00\" \/>\n<meta property=\"article:modified_time\" content=\"2020-04-15T06:06:00+00:00\" \/>\n<meta property=\"og:image\" content=\"https:\/\/www.salzburgerland.com\/de\/wp-content\/uploads\/2018\/07\/20180706-dscf-1200x675.jpg\" \/>\n\t<meta property=\"og:image:width\" content=\"1200\" \/>\n\t<meta property=\"og:image:height\" content=\"675\" \/>\n\t<meta property=\"og:image:type\" content=\"image\/jpeg\" \/>\n<meta name=\"author\" content=\"G\u00fcnter Baumgartner\" \/>\n<meta name=\"twitter:card\" content=\"summary_large_image\" \/>\n<meta name=\"twitter:creator\" content=\"@Salzburgerland\" \/>\n<meta name=\"twitter:site\" content=\"@Salzburgerland\" \/>\n<meta name=\"twitter:label1\" content=\"Verfasst von\" \/>\n\t<meta name=\"twitter:data1\" content=\"G\u00fcnter Baumgartner\" \/>\n\t<meta name=\"twitter:label2\" content=\"Gesch\u00e4tzte Lesezeit\" \/>\n\t<meta name=\"twitter:data2\" content=\"4\u00a0Minuten\" \/>\n<script type=\"application\/ld+json\" class=\"yoast-schema-graph\">{\"@context\":\"https:\/\/schema.org\",\"@graph\":[{\"@type\":\"WebPage\",\"@id\":\"https:\/\/www.salzburgerland.com\/de\/10weeks10peaks-schafberg\/\",\"url\":\"https:\/\/www.salzburgerland.com\/de\/10weeks10peaks-schafberg\/\",\"name\":\"#10weeks10peaks: Schafberg im Salzkammergut am Wolfgangsee\",\"isPartOf\":{\"@id\":\"https:\/\/www.salzburgerland.com\/de\/#website\"},\"primaryImageOfPage\":{\"@id\":\"https:\/\/www.salzburgerland.com\/de\/10weeks10peaks-schafberg\/#primaryimage\"},\"image\":{\"@id\":\"https:\/\/www.salzburgerland.com\/de\/10weeks10peaks-schafberg\/#primaryimage\"},\"thumbnailUrl\":\"https:\/\/www.salzburgerland.com\/de\/wp-content\/uploads\/2018\/07\/20180706-dscf.jpg\",\"datePublished\":\"2018-07-16T08:35:06+00:00\",\"dateModified\":\"2020-04-15T06:06:00+00:00\",\"description\":\"Wandern im SalzburgerLand! Kristallklares Wasser & luftige H\u00f6hen: Der Schafberg war der erste Stopp unserer SalzburgerLand #10weeks10peaks Challenge.\",\"inLanguage\":\"de\",\"potentialAction\":[{\"@type\":\"ReadAction\",\"target\":[\"https:\/\/www.salzburgerland.com\/de\/10weeks10peaks-schafberg\/\"]}]},{\"@type\":\"ImageObject\",\"inLanguage\":\"de\",\"@id\":\"https:\/\/www.salzburgerland.com\/de\/10weeks10peaks-schafberg\/#primaryimage\",\"url\":\"https:\/\/www.salzburgerland.com\/de\/wp-content\/uploads\/2018\/07\/20180706-dscf.jpg\",\"contentUrl\":\"https:\/\/www.salzburgerland.com\/de\/wp-content\/uploads\/2018\/07\/20180706-dscf.jpg\",\"width\":1920,\"height\":1280,\"caption\":\"Elisa ist \u00fcberw\u00e4ltigt vom Schafberg-Panorama! @SalzburgerLand, Boom Creative Lab\"},{\"@type\":\"WebSite\",\"@id\":\"https:\/\/www.salzburgerland.com\/de\/#website\",\"url\":\"https:\/\/www.salzburgerland.com\/de\/\",\"name\":\"SalzburgerLand.com\",\"description\":\"Ihr Urlaub in Salzburg, \u00d6sterreich\",\"publisher\":{\"@id\":\"https:\/\/www.salzburgerland.com\/de\/#organization\"},\"potentialAction\":[{\"@type\":\"SearchAction\",\"target\":{\"@type\":\"EntryPoint\",\"urlTemplate\":\"https:\/\/www.salzburgerland.com\/de\/?s={search_term_string}\"},\"query-input\":{\"@type\":\"PropertyValueSpecification\",\"valueRequired\":true,\"valueName\":\"search_term_string\"}}],\"inLanguage\":\"de\"},{\"@type\":\"Organization\",\"@id\":\"https:\/\/www.salzburgerland.com\/de\/#organization\",\"name\":\"SalzburgerLand Tourismus GmbH\",\"url\":\"https:\/\/www.salzburgerland.com\/de\/\",\"logo\":{\"@type\":\"ImageObject\",\"inLanguage\":\"de\",\"@id\":\"https:\/\/www.salzburgerland.com\/de\/#\/schema\/logo\/image\/\",\"url\":\"https:\/\/www.salzburgerland.com\/de\/wp-content\/uploads\/2017\/01\/salzburgerland-logo.jpg\",\"contentUrl\":\"https:\/\/www.salzburgerland.com\/de\/wp-content\/uploads\/2017\/01\/salzburgerland-logo.jpg\",\"width\":1920,\"height\":827,\"caption\":\"SalzburgerLand Tourismus GmbH\"},\"image\":{\"@id\":\"https:\/\/www.salzburgerland.com\/de\/#\/schema\/logo\/image\/\"},\"sameAs\":[\"https:\/\/www.facebook.com\/salzburgerland\/\",\"https:\/\/x.com\/Salzburgerland\",\"https:\/\/www.instagram.com\/salzburgerland\/\",\"http:\/\/dbpedia.org\/resource\/Salzburg_(state)\",\"http:\/\/wikidata.dbpedia.org\/resource\/Q43325\",\"http:\/\/open.salzburgerland.com\/de\/entity\/salzburgerland\",\"https:\/\/www.youtube.com\/user\/salzburgerland\"]},{\"@type\":\"Person\",\"@id\":\"https:\/\/www.salzburgerland.com\/de\/#\/schema\/person\/202fa69e766a95ce88b9c174c33cf9b7\",\"name\":\"G\u00fcnter Baumgartner\",\"image\":{\"@type\":\"ImageObject\",\"inLanguage\":\"de\",\"@id\":\"https:\/\/www.salzburgerland.com\/de\/#\/schema\/person\/image\/\",\"url\":\"https:\/\/secure.gravatar.com\/avatar\/46e8f74f35e1f1449410c59dc6ef7980d5bccacd006bd0f60416a5b5b522c5ff?s=96&d=mm&r=g\",\"contentUrl\":\"https:\/\/secure.gravatar.com\/avatar\/46e8f74f35e1f1449410c59dc6ef7980d5bccacd006bd0f60416a5b5b522c5ff?s=96&d=mm&r=g\",\"caption\":\"G\u00fcnter Baumgartner\"}}]}<\/script>\n<!-- \/ Yoast SEO Premium plugin. -->","yoast_head_json":{"title":"#10weeks10peaks: Schafberg im Salzkammergut am Wolfgangsee","description":"Wandern im SalzburgerLand! Kristallklares Wasser & luftige H\u00f6hen: Der Schafberg war der erste Stopp unserer SalzburgerLand #10weeks10peaks Challenge.","robots":{"index":"index","follow":"follow","max-snippet":"max-snippet:-1","max-image-preview":"max-image-preview:large","max-video-preview":"max-video-preview:-1"},"canonical":"https:\/\/www.salzburgerland.com\/de\/wp-json\/wp\/v2\/posts\/257926","og_locale":"de_DE","og_type":"article","og_title":"#10weeks10peaks: Erste Station Schafberg","og_description":"Wandern im SalzburgerLand! Kristallklares Wasser & luftige H\u00f6hen: Der Schafberg war der erste Stopp unserer SalzburgerLand #10weeks10peaks Challenge.","og_url":"https:\/\/www.salzburgerland.com\/de\/wp-json\/wp\/v2\/posts\/257926","og_site_name":"SalzburgerLand.com","article_publisher":"https:\/\/www.facebook.com\/salzburgerland\/","article_published_time":"2018-07-16T08:35:06+00:00","article_modified_time":"2020-04-15T06:06:00+00:00","og_image":[{"width":1200,"height":675,"url":"https:\/\/www.salzburgerland.com\/de\/wp-content\/uploads\/2018\/07\/20180706-dscf-1200x675.jpg","type":"image\/jpeg"}],"author":"G\u00fcnter Baumgartner","twitter_card":"summary_large_image","twitter_creator":"@Salzburgerland","twitter_site":"@Salzburgerland","twitter_misc":{"Verfasst von":"G\u00fcnter Baumgartner","Gesch\u00e4tzte Lesezeit":"4\u00a0Minuten"},"schema":{"@context":"https:\/\/schema.org","@graph":[{"@type":"WebPage","@id":"https:\/\/www.salzburgerland.com\/de\/10weeks10peaks-schafberg\/","url":"https:\/\/www.salzburgerland.com\/de\/10weeks10peaks-schafberg\/","name":"#10weeks10peaks: Schafberg im Salzkammergut am Wolfgangsee","isPartOf":{"@id":"https:\/\/www.salzburgerland.com\/de\/#website"},"primaryImageOfPage":{"@id":"https:\/\/www.salzburgerland.com\/de\/10weeks10peaks-schafberg\/#primaryimage"},"image":{"@id":"https:\/\/www.salzburgerland.com\/de\/10weeks10peaks-schafberg\/#primaryimage"},"thumbnailUrl":"https:\/\/www.salzburgerland.com\/de\/wp-content\/uploads\/2018\/07\/20180706-dscf.jpg","datePublished":"2018-07-16T08:35:06+00:00","dateModified":"2020-04-15T06:06:00+00:00","description":"Wandern im SalzburgerLand! Kristallklares Wasser & luftige H\u00f6hen: Der Schafberg war der erste Stopp unserer SalzburgerLand #10weeks10peaks Challenge.","inLanguage":"de","potentialAction":[{"@type":"ReadAction","target":["https:\/\/www.salzburgerland.com\/de\/10weeks10peaks-schafberg\/"]}]},{"@type":"ImageObject","inLanguage":"de","@id":"https:\/\/www.salzburgerland.com\/de\/10weeks10peaks-schafberg\/#primaryimage","url":"https:\/\/www.salzburgerland.com\/de\/wp-content\/uploads\/2018\/07\/20180706-dscf.jpg","contentUrl":"https:\/\/www.salzburgerland.com\/de\/wp-content\/uploads\/2018\/07\/20180706-dscf.jpg","width":1920,"height":1280,"caption":"Elisa ist \u00fcberw\u00e4ltigt vom Schafberg-Panorama! @SalzburgerLand, Boom Creative Lab"},{"@type":"WebSite","@id":"https:\/\/www.salzburgerland.com\/de\/#website","url":"https:\/\/www.salzburgerland.com\/de\/","name":"SalzburgerLand.com","description":"Ihr Urlaub in Salzburg, \u00d6sterreich","publisher":{"@id":"https:\/\/www.salzburgerland.com\/de\/#organization"},"potentialAction":[{"@type":"SearchAction","target":{"@type":"EntryPoint","urlTemplate":"https:\/\/www.salzburgerland.com\/de\/?s={search_term_string}"},"query-input":{"@type":"PropertyValueSpecification","valueRequired":true,"valueName":"search_term_string"}}],"inLanguage":"de"},{"@type":"Organization","@id":"https:\/\/www.salzburgerland.com\/de\/#organization","name":"SalzburgerLand Tourismus GmbH","url":"https:\/\/www.salzburgerland.com\/de\/","logo":{"@type":"ImageObject","inLanguage":"de","@id":"https:\/\/www.salzburgerland.com\/de\/#\/schema\/logo\/image\/","url":"https:\/\/www.salzburgerland.com\/de\/wp-content\/uploads\/2017\/01\/salzburgerland-logo.jpg","contentUrl":"https:\/\/www.salzburgerland.com\/de\/wp-content\/uploads\/2017\/01\/salzburgerland-logo.jpg","width":1920,"height":827,"caption":"SalzburgerLand Tourismus GmbH"},"image":{"@id":"https:\/\/www.salzburgerland.com\/de\/#\/schema\/logo\/image\/"},"sameAs":["https:\/\/www.facebook.com\/salzburgerland\/","https:\/\/x.com\/Salzburgerland","https:\/\/www.instagram.com\/salzburgerland\/","http:\/\/dbpedia.org\/resource\/Salzburg_(state)","http:\/\/wikidata.dbpedia.org\/resource\/Q43325","http:\/\/open.salzburgerland.com\/de\/entity\/salzburgerland","https:\/\/www.youtube.com\/user\/salzburgerland"]},{"@type":"Person","@id":"https:\/\/www.salzburgerland.com\/de\/#\/schema\/person\/202fa69e766a95ce88b9c174c33cf9b7","name":"G\u00fcnter Baumgartner","image":{"@type":"ImageObject","inLanguage":"de","@id":"https:\/\/www.salzburgerland.com\/de\/#\/schema\/person\/image\/","url":"https:\/\/secure.gravatar.com\/avatar\/46e8f74f35e1f1449410c59dc6ef7980d5bccacd006bd0f60416a5b5b522c5ff?s=96&d=mm&r=g","contentUrl":"https:\/\/secure.gravatar.com\/avatar\/46e8f74f35e1f1449410c59dc6ef7980d5bccacd006bd0f60416a5b5b522c5ff?s=96&d=mm&r=g","caption":"G\u00fcnter Baumgartner"}}]}},"_wl_alt_label":[],"wl:entity_url":"http:\/\/open.salzburgerland.com\/de\/post\/10weeks10peaks__erste_station_schafberg","_links":{"self":[{"href":"https:\/\/www.salzburgerland.com\/de\/wp-json\/wp\/v2\/posts\/257926","targetHints":{"allow":["GET"]}}],"collection":[{"href":"https:\/\/www.salzburgerland.com\/de\/wp-json\/wp\/v2\/posts"}],"about":[{"href":"https:\/\/www.salzburgerland.com\/de\/wp-json\/wp\/v2\/types\/post"}],"author":[{"embeddable":true,"href":"https:\/\/www.salzburgerland.com\/de\/wp-json\/wp\/v2\/users\/67"}],"replies":[{"embeddable":true,"href":"https:\/\/www.salzburgerland.com\/de\/wp-json\/wp\/v2\/comments?post=257926"}],"version-history":[{"count":0,"href":"https:\/\/www.salzburgerland.com\/de\/wp-json\/wp\/v2\/posts\/257926\/revisions"}],"wp:featuredmedia":[{"embeddable":true,"href":"https:\/\/www.salzburgerland.com\/de\/wp-json\/wp\/v2\/media\/257930"}],"wp:attachment":[{"href":"https:\/\/www.salzburgerland.com\/de\/wp-json\/wp\/v2\/media?parent=257926"}],"wp:term":[{"taxonomy":"category","embeddable":true,"href":"https:\/\/www.salzburgerland.com\/de\/wp-json\/wp\/v2\/categories?post=257926"},{"taxonomy":"post_tag","embeddable":true,"href":"https:\/\/www.salzburgerland.com\/de\/wp-json\/wp\/v2\/tags?post=257926"},{"taxonomy":"wl_entity_type","embeddable":true,"href":"https:\/\/www.salzburgerland.com\/de\/wp-json\/wp\/v2\/wl_entity_type?post=257926"}],"curies":[{"name":"wp","href":"https:\/\/api.w.org\/{rel}","templated":true}]}}