{"id":240399,"date":"2018-04-19T07:56:28","date_gmt":"2018-04-19T05:56:28","guid":{"rendered":"https:\/\/www.salzburgerland.com\/de\/?p=240399"},"modified":"2022-03-20T10:44:40","modified_gmt":"2022-03-20T09:44:40","slug":"willkommen-in-der-villa-trapp","status":"publish","type":"post","link":"https:\/\/www.salzburgerland.com\/de\/willkommen-in-der-villa-trapp\/","title":{"rendered":"Willkommen in der Villa Trapp"},"content":{"rendered":"<p>Das Zuhause der Film-Familie Trapp ist eine Mischung aus zwei Bauten: Der Vorderseite des Schloss Frohnburg in der Hellbrunner Allee und der R\u00fcckseite des Schloss Leopoldskron. Zwar befinden sich beide Schl\u00f6sser in Salzburg \u2013 dennoch sind sich nicht das \u201eechte\u201c Trapp-Zuhause. Denn die Villa Trapp, in der einst die Familie Trapp unter Familienoberhaupt Georg Ludwig Ritter von Trapp wohnte, befindet sich im Salzburger Stadtteil Aigen.<\/p>\n<div id=\"attachment_240402\" style=\"width: 1180px\" class=\"wp-caption alignnone\"><img decoding=\"async\" aria-describedby=\"caption-attachment-240402\" class=\"size-1170_658 wp-image-240402\" src=\"https:\/\/cdn.salzburgerland.com\/de\/wp-content\/uploads\/2018\/04\/villa146-1170x658.jpg\" alt=\"Villa Trapp Salzburg Aigen\" width=\"1170\" height=\"658\" srcset=\"https:\/\/www.salzburgerland.com\/de\/wp-content\/uploads\/2018\/04\/villa146-1170x658.jpg 1170w, https:\/\/www.salzburgerland.com\/de\/wp-content\/uploads\/2018\/04\/villa146-1200x675.jpg 1200w\" sizes=\"(max-width: 1170px) 100vw, 1170px\"><p id=\"caption-attachment-240402\" class=\"wp-caption-text\">@ Villa Trapp<\/p><\/div>\n<h3>Villa Trapp: Ein Haus mit Geschichte<\/h3>\n<p>Erbaut wurde das einstige Wohnhaus von Maria, Georg von Trapp und den Trapp-Kindern urspr\u00fcnglich im Jahr 1863 von Valentin Ceconi \u2013 damals unter dem Namen Villa Walburga. Erst 1923 ging sie in den Besitz von Georg Ludwig Ritter von Trapp \u00fcber. Nach einem Umbau umfasste das Anwesen die Villa Trapp mit insgesamt 24 Betten, einen eigenen Park sowie eine Kapelle. Genau dort wurde 1936 auch der \u201eSalzburger Kammerchor Trapp\u201c, der Trapp-Familienchor, von Maria Trapp ins Leben gerufen. Bis die Familie Trapp im Jahr 1938 nach Amerika emigrierte, war die Villa Trapp das Wohnhaus der Familie.<\/p>\n<p>1939 wurde die Villa von den \u201eMissionaren vom kostbaren Blut\u201c gemietet, im Jahr darauf wurde sie vom NS-Regime beschlagnahmt und Heinrich Himmler zur Verf\u00fcgung gestellt. 1947 konnten die Missionare schlie\u00dflich wieder in die Villa Trapp einziehen und kauften sie der Familie Trapp ab.<\/p>\n<p>Nach einer umfangreichen Renovierung im Jahr 1992 wurde die Villa Trapp 2008 schlie\u00dflich bis 2021 verpachtet und als Hotel gef\u00fchrt. Aktuell ist kein Hotelbetrieb und auch F\u00fchrungen sind derzeit nicht m\u00f6glich.<\/p>\n<p>\u00a0<\/p>\n<p><strong>Villa Trapp Salzburg<\/strong><br>\nTraunstra\u00dfe 34<br>\n5026 Salzburg<\/p>\n","protected":false},"excerpt":{"rendered":"<p>Das Zuhause der Film-Familie Trapp ist eine Mischung aus zwei Bauten: Der Vorderseite des Schloss Frohnburg in der Hellbrunner Allee und der R\u00fcckseite des Schloss Leopoldskron. Zwar befinden sich beide Schl\u00f6sser in Salzburg \u2013 dennoch sind sich nicht das \u201eechte\u201c Trapp-Zuhause. Denn die Villa Trapp, in der einst die Familie Trapp unter Familienoberhaupt Georg Ludwig [&hellip;]<\/p>\n","protected":false},"author":67,"featured_media":240401,"comment_status":"closed","ping_status":"closed","sticky":false,"template":"","format":"standard","meta":{"_acf_changed":false,"wl_entities_gutenberg":"","_relevanssi_hide_post":"","_relevanssi_hide_content":"","_relevanssi_pin_for_all":"","_relevanssi_pin_keywords":"","_relevanssi_unpin_keywords":"","_relevanssi_related_keywords":"","_relevanssi_related_include_ids":"","_relevanssi_related_exclude_ids":"","_relevanssi_related_no_append":"","_relevanssi_related_not_related":"","_relevanssi_related_posts":"","_relevanssi_noindex_reason":"","footnotes":""},"categories":[1],"tags":[],"wl_entity_type":[11495],"class_list":["post-240399","post","type-post","status-publish","format-standard","has-post-thumbnail","hentry","category-allgemein","wl_entity_type-article"],"acf":[],"yoast_head":"<!-- This site is optimized with the Yoast SEO Premium plugin v26.9 (Yoast SEO v26.9) - https:\/\/yoast.com\/product\/yoast-seo-premium-wordpress\/ -->\n<title>Willkommen in der Villa Trapp \u00bb SalzburgerLand.com<\/title>\n<meta name=\"robots\" content=\"index, follow, max-snippet:-1, max-image-preview:large, max-video-preview:-1\" \/>\n<link rel=\"canonical\" href=\"https:\/\/www.salzburgerland.com\/de\/wp-json\/wp\/v2\/posts\/240399\" \/>\n<meta property=\"og:locale\" content=\"de_DE\" \/>\n<meta property=\"og:type\" content=\"article\" \/>\n<meta property=\"og:title\" content=\"Willkommen in der Villa Trapp\" \/>\n<meta property=\"og:description\" content=\"Doppel-Highlight f\u00fcr Sound of Music Fans in Salzburg: Villa Trapp &amp; Sound of Music World-Exhibition\" \/>\n<meta property=\"og:url\" content=\"https:\/\/www.salzburgerland.com\/de\/wp-json\/wp\/v2\/posts\/240399\" \/>\n<meta property=\"og:site_name\" content=\"SalzburgerLand.com\" \/>\n<meta property=\"article:publisher\" content=\"https:\/\/www.facebook.com\/salzburgerland\/\" \/>\n<meta property=\"article:published_time\" content=\"2018-04-19T05:56:28+00:00\" \/>\n<meta property=\"article:modified_time\" content=\"2022-03-20T09:44:40+00:00\" \/>\n<meta property=\"og:image\" content=\"https:\/\/www.salzburgerland.com\/de\/wp-content\/uploads\/2018\/04\/villa142-1200x675.jpg\" \/>\n\t<meta property=\"og:image:width\" content=\"1200\" \/>\n\t<meta property=\"og:image:height\" content=\"675\" \/>\n\t<meta property=\"og:image:type\" content=\"image\/jpeg\" \/>\n<meta name=\"author\" content=\"G\u00fcnter Baumgartner\" \/>\n<meta name=\"twitter:card\" content=\"summary_large_image\" \/>\n<meta name=\"twitter:creator\" content=\"@Salzburgerland\" \/>\n<meta name=\"twitter:site\" content=\"@Salzburgerland\" \/>\n<meta name=\"twitter:label1\" content=\"Verfasst von\" \/>\n\t<meta name=\"twitter:data1\" content=\"G\u00fcnter Baumgartner\" \/>\n\t<meta name=\"twitter:label2\" content=\"Gesch\u00e4tzte Lesezeit\" \/>\n\t<meta name=\"twitter:data2\" content=\"2\u00a0Minuten\" \/>\n<script type=\"application\/ld+json\" class=\"yoast-schema-graph\">{\"@context\":\"https:\/\/schema.org\",\"@graph\":[{\"@type\":\"WebPage\",\"@id\":\"https:\/\/www.salzburgerland.com\/de\/willkommen-in-der-villa-trapp\/\",\"url\":\"https:\/\/www.salzburgerland.com\/de\/willkommen-in-der-villa-trapp\/\",\"name\":\"Willkommen in der Villa Trapp \u00bb SalzburgerLand.com\",\"isPartOf\":{\"@id\":\"https:\/\/www.salzburgerland.com\/de\/#website\"},\"primaryImageOfPage\":{\"@id\":\"https:\/\/www.salzburgerland.com\/de\/willkommen-in-der-villa-trapp\/#primaryimage\"},\"image\":{\"@id\":\"https:\/\/www.salzburgerland.com\/de\/willkommen-in-der-villa-trapp\/#primaryimage\"},\"thumbnailUrl\":\"https:\/\/www.salzburgerland.com\/de\/wp-content\/uploads\/2018\/04\/villa142.jpg\",\"datePublished\":\"2018-04-19T05:56:28+00:00\",\"dateModified\":\"2022-03-20T09:44:40+00:00\",\"description\":\"Doppel-Highlight f\u00fcr Sound of Music Fans in Salzburg: Villa Trapp & Sound of Music World-Exhibition\",\"breadcrumb\":{\"@id\":\"https:\/\/www.salzburgerland.com\/de\/willkommen-in-der-villa-trapp\/#breadcrumb\"},\"inLanguage\":\"de\",\"potentialAction\":[{\"@type\":\"ReadAction\",\"target\":[\"https:\/\/www.salzburgerland.com\/de\/willkommen-in-der-villa-trapp\/\"]}]},{\"@type\":\"ImageObject\",\"inLanguage\":\"de\",\"@id\":\"https:\/\/www.salzburgerland.com\/de\/willkommen-in-der-villa-trapp\/#primaryimage\",\"url\":\"https:\/\/www.salzburgerland.com\/de\/wp-content\/uploads\/2018\/04\/villa142.jpg\",\"contentUrl\":\"https:\/\/www.salzburgerland.com\/de\/wp-content\/uploads\/2018\/04\/villa142.jpg\",\"width\":1920,\"height\":1440,\"caption\":\"@ Villa Trapp\"},{\"@type\":\"BreadcrumbList\",\"@id\":\"https:\/\/www.salzburgerland.com\/de\/willkommen-in-der-villa-trapp\/#breadcrumb\",\"itemListElement\":[{\"@type\":\"ListItem\",\"position\":1,\"name\":\"Life Ball 2018 goes Sound of Music\",\"item\":\"https:\/\/www.salzburgerland.com\/de\/life-ball-2018-goes-sound-of-music\/\"},{\"@type\":\"ListItem\",\"position\":2,\"name\":\"Willkommen in der Villa Trapp\"}]},{\"@type\":\"WebSite\",\"@id\":\"https:\/\/www.salzburgerland.com\/de\/#website\",\"url\":\"https:\/\/www.salzburgerland.com\/de\/\",\"name\":\"SalzburgerLand.com\",\"description\":\"Ihr Urlaub in Salzburg, \u00d6sterreich\",\"publisher\":{\"@id\":\"https:\/\/www.salzburgerland.com\/de\/#organization\"},\"potentialAction\":[{\"@type\":\"SearchAction\",\"target\":{\"@type\":\"EntryPoint\",\"urlTemplate\":\"https:\/\/www.salzburgerland.com\/de\/?s={search_term_string}\"},\"query-input\":{\"@type\":\"PropertyValueSpecification\",\"valueRequired\":true,\"valueName\":\"search_term_string\"}}],\"inLanguage\":\"de\"},{\"@type\":\"Organization\",\"@id\":\"https:\/\/www.salzburgerland.com\/de\/#organization\",\"name\":\"SalzburgerLand Tourismus GmbH\",\"url\":\"https:\/\/www.salzburgerland.com\/de\/\",\"logo\":{\"@type\":\"ImageObject\",\"inLanguage\":\"de\",\"@id\":\"https:\/\/www.salzburgerland.com\/de\/#\/schema\/logo\/image\/\",\"url\":\"https:\/\/www.salzburgerland.com\/de\/wp-content\/uploads\/2017\/01\/salzburgerland-logo.jpg\",\"contentUrl\":\"https:\/\/www.salzburgerland.com\/de\/wp-content\/uploads\/2017\/01\/salzburgerland-logo.jpg\",\"width\":1920,\"height\":827,\"caption\":\"SalzburgerLand Tourismus GmbH\"},\"image\":{\"@id\":\"https:\/\/www.salzburgerland.com\/de\/#\/schema\/logo\/image\/\"},\"sameAs\":[\"https:\/\/www.facebook.com\/salzburgerland\/\",\"https:\/\/x.com\/Salzburgerland\",\"https:\/\/www.instagram.com\/salzburgerland\/\",\"http:\/\/dbpedia.org\/resource\/Salzburg_(state)\",\"http:\/\/wikidata.dbpedia.org\/resource\/Q43325\",\"http:\/\/open.salzburgerland.com\/de\/entity\/salzburgerland\",\"https:\/\/www.youtube.com\/user\/salzburgerland\"]},{\"@type\":\"Person\",\"@id\":\"https:\/\/www.salzburgerland.com\/de\/#\/schema\/person\/202fa69e766a95ce88b9c174c33cf9b7\",\"name\":\"G\u00fcnter Baumgartner\",\"image\":{\"@type\":\"ImageObject\",\"inLanguage\":\"de\",\"@id\":\"https:\/\/www.salzburgerland.com\/de\/#\/schema\/person\/image\/\",\"url\":\"https:\/\/secure.gravatar.com\/avatar\/46e8f74f35e1f1449410c59dc6ef7980d5bccacd006bd0f60416a5b5b522c5ff?s=96&d=mm&r=g\",\"contentUrl\":\"https:\/\/secure.gravatar.com\/avatar\/46e8f74f35e1f1449410c59dc6ef7980d5bccacd006bd0f60416a5b5b522c5ff?s=96&d=mm&r=g\",\"caption\":\"G\u00fcnter Baumgartner\"}}]}<\/script>\n<!-- \/ Yoast SEO Premium plugin. -->","yoast_head_json":{"title":"Willkommen in der Villa Trapp \u00bb SalzburgerLand.com","robots":{"index":"index","follow":"follow","max-snippet":"max-snippet:-1","max-image-preview":"max-image-preview:large","max-video-preview":"max-video-preview:-1"},"canonical":"https:\/\/www.salzburgerland.com\/de\/wp-json\/wp\/v2\/posts\/240399","og_locale":"de_DE","og_type":"article","og_title":"Willkommen in der Villa Trapp","og_description":"Doppel-Highlight f\u00fcr Sound of Music Fans in Salzburg: Villa Trapp & Sound of Music World-Exhibition","og_url":"https:\/\/www.salzburgerland.com\/de\/wp-json\/wp\/v2\/posts\/240399","og_site_name":"SalzburgerLand.com","article_publisher":"https:\/\/www.facebook.com\/salzburgerland\/","article_published_time":"2018-04-19T05:56:28+00:00","article_modified_time":"2022-03-20T09:44:40+00:00","og_image":[{"width":1200,"height":675,"url":"https:\/\/www.salzburgerland.com\/de\/wp-content\/uploads\/2018\/04\/villa142-1200x675.jpg","type":"image\/jpeg"}],"author":"G\u00fcnter Baumgartner","twitter_card":"summary_large_image","twitter_creator":"@Salzburgerland","twitter_site":"@Salzburgerland","twitter_misc":{"Verfasst von":"G\u00fcnter Baumgartner","Gesch\u00e4tzte Lesezeit":"2\u00a0Minuten"},"schema":{"@context":"https:\/\/schema.org","@graph":[{"@type":"WebPage","@id":"https:\/\/www.salzburgerland.com\/de\/willkommen-in-der-villa-trapp\/","url":"https:\/\/www.salzburgerland.com\/de\/willkommen-in-der-villa-trapp\/","name":"Willkommen in der Villa Trapp \u00bb SalzburgerLand.com","isPartOf":{"@id":"https:\/\/www.salzburgerland.com\/de\/#website"},"primaryImageOfPage":{"@id":"https:\/\/www.salzburgerland.com\/de\/willkommen-in-der-villa-trapp\/#primaryimage"},"image":{"@id":"https:\/\/www.salzburgerland.com\/de\/willkommen-in-der-villa-trapp\/#primaryimage"},"thumbnailUrl":"https:\/\/www.salzburgerland.com\/de\/wp-content\/uploads\/2018\/04\/villa142.jpg","datePublished":"2018-04-19T05:56:28+00:00","dateModified":"2022-03-20T09:44:40+00:00","description":"Doppel-Highlight f\u00fcr Sound of Music Fans in Salzburg: Villa Trapp & Sound of Music World-Exhibition","breadcrumb":{"@id":"https:\/\/www.salzburgerland.com\/de\/willkommen-in-der-villa-trapp\/#breadcrumb"},"inLanguage":"de","potentialAction":[{"@type":"ReadAction","target":["https:\/\/www.salzburgerland.com\/de\/willkommen-in-der-villa-trapp\/"]}]},{"@type":"ImageObject","inLanguage":"de","@id":"https:\/\/www.salzburgerland.com\/de\/willkommen-in-der-villa-trapp\/#primaryimage","url":"https:\/\/www.salzburgerland.com\/de\/wp-content\/uploads\/2018\/04\/villa142.jpg","contentUrl":"https:\/\/www.salzburgerland.com\/de\/wp-content\/uploads\/2018\/04\/villa142.jpg","width":1920,"height":1440,"caption":"@ Villa Trapp"},{"@type":"BreadcrumbList","@id":"https:\/\/www.salzburgerland.com\/de\/willkommen-in-der-villa-trapp\/#breadcrumb","itemListElement":[{"@type":"ListItem","position":1,"name":"Life Ball 2018 goes Sound of Music","item":"https:\/\/www.salzburgerland.com\/de\/life-ball-2018-goes-sound-of-music\/"},{"@type":"ListItem","position":2,"name":"Willkommen in der Villa Trapp"}]},{"@type":"WebSite","@id":"https:\/\/www.salzburgerland.com\/de\/#website","url":"https:\/\/www.salzburgerland.com\/de\/","name":"SalzburgerLand.com","description":"Ihr Urlaub in Salzburg, \u00d6sterreich","publisher":{"@id":"https:\/\/www.salzburgerland.com\/de\/#organization"},"potentialAction":[{"@type":"SearchAction","target":{"@type":"EntryPoint","urlTemplate":"https:\/\/www.salzburgerland.com\/de\/?s={search_term_string}"},"query-input":{"@type":"PropertyValueSpecification","valueRequired":true,"valueName":"search_term_string"}}],"inLanguage":"de"},{"@type":"Organization","@id":"https:\/\/www.salzburgerland.com\/de\/#organization","name":"SalzburgerLand Tourismus GmbH","url":"https:\/\/www.salzburgerland.com\/de\/","logo":{"@type":"ImageObject","inLanguage":"de","@id":"https:\/\/www.salzburgerland.com\/de\/#\/schema\/logo\/image\/","url":"https:\/\/www.salzburgerland.com\/de\/wp-content\/uploads\/2017\/01\/salzburgerland-logo.jpg","contentUrl":"https:\/\/www.salzburgerland.com\/de\/wp-content\/uploads\/2017\/01\/salzburgerland-logo.jpg","width":1920,"height":827,"caption":"SalzburgerLand Tourismus GmbH"},"image":{"@id":"https:\/\/www.salzburgerland.com\/de\/#\/schema\/logo\/image\/"},"sameAs":["https:\/\/www.facebook.com\/salzburgerland\/","https:\/\/x.com\/Salzburgerland","https:\/\/www.instagram.com\/salzburgerland\/","http:\/\/dbpedia.org\/resource\/Salzburg_(state)","http:\/\/wikidata.dbpedia.org\/resource\/Q43325","http:\/\/open.salzburgerland.com\/de\/entity\/salzburgerland","https:\/\/www.youtube.com\/user\/salzburgerland"]},{"@type":"Person","@id":"https:\/\/www.salzburgerland.com\/de\/#\/schema\/person\/202fa69e766a95ce88b9c174c33cf9b7","name":"G\u00fcnter Baumgartner","image":{"@type":"ImageObject","inLanguage":"de","@id":"https:\/\/www.salzburgerland.com\/de\/#\/schema\/person\/image\/","url":"https:\/\/secure.gravatar.com\/avatar\/46e8f74f35e1f1449410c59dc6ef7980d5bccacd006bd0f60416a5b5b522c5ff?s=96&d=mm&r=g","contentUrl":"https:\/\/secure.gravatar.com\/avatar\/46e8f74f35e1f1449410c59dc6ef7980d5bccacd006bd0f60416a5b5b522c5ff?s=96&d=mm&r=g","caption":"G\u00fcnter Baumgartner"}}]}},"_wl_alt_label":[],"wl:entity_url":"http:\/\/open.salzburgerland.com\/de\/post\/willkommen_in_der_villa_trapp","_links":{"self":[{"href":"https:\/\/www.salzburgerland.com\/de\/wp-json\/wp\/v2\/posts\/240399","targetHints":{"allow":["GET"]}}],"collection":[{"href":"https:\/\/www.salzburgerland.com\/de\/wp-json\/wp\/v2\/posts"}],"about":[{"href":"https:\/\/www.salzburgerland.com\/de\/wp-json\/wp\/v2\/types\/post"}],"author":[{"embeddable":true,"href":"https:\/\/www.salzburgerland.com\/de\/wp-json\/wp\/v2\/users\/67"}],"replies":[{"embeddable":true,"href":"https:\/\/www.salzburgerland.com\/de\/wp-json\/wp\/v2\/comments?post=240399"}],"version-history":[{"count":4,"href":"https:\/\/www.salzburgerland.com\/de\/wp-json\/wp\/v2\/posts\/240399\/revisions"}],"predecessor-version":[{"id":652030,"href":"https:\/\/www.salzburgerland.com\/de\/wp-json\/wp\/v2\/posts\/240399\/revisions\/652030"}],"wp:featuredmedia":[{"embeddable":true,"href":"https:\/\/www.salzburgerland.com\/de\/wp-json\/wp\/v2\/media\/240401"}],"wp:attachment":[{"href":"https:\/\/www.salzburgerland.com\/de\/wp-json\/wp\/v2\/media?parent=240399"}],"wp:term":[{"taxonomy":"category","embeddable":true,"href":"https:\/\/www.salzburgerland.com\/de\/wp-json\/wp\/v2\/categories?post=240399"},{"taxonomy":"post_tag","embeddable":true,"href":"https:\/\/www.salzburgerland.com\/de\/wp-json\/wp\/v2\/tags?post=240399"},{"taxonomy":"wl_entity_type","embeddable":true,"href":"https:\/\/www.salzburgerland.com\/de\/wp-json\/wp\/v2\/wl_entity_type?post=240399"}],"curies":[{"name":"wp","href":"https:\/\/api.w.org\/{rel}","templated":true}]}}