{"id":235622,"date":"2018-03-28T13:49:36","date_gmt":"2018-03-28T11:49:36","guid":{"rendered":"https:\/\/www.salzburgerland.com\/de\/?p=235622"},"modified":"2018-03-28T13:49:37","modified_gmt":"2018-03-28T11:49:37","slug":"adventmaerkte-tour-im-salzkammergut","status":"publish","type":"post","link":"https:\/\/www.salzburgerland.com\/de\/adventmaerkte-tour-im-salzkammergut\/","title":{"rendered":"Adventm\u00e4rkte-Tour im Salzkammergut"},"content":{"rendered":"<p>Fabio und Giulia vom Blog <a href=\"https:\/\/www.salzburgerland.com\/de\/bambini-con-la-valigia\/\">\u201eBambini con la Valigia\u201c<\/a> haben vor Weihnachten ihre Koffer gepackt und sich mit ihren Kindern auf die Reise in das verschneite SalzburgerLand gemacht. Die Region ist im Sommer vor allem f\u00fcr ihre traumhaften Kulissen und malerischen St\u00e4dtchen bekannt. Im Winter stimmt sich die ganze Gegend auf den Advent ein. Auch bei Fabio, Giulia, Simone und Siria ist beim Eintauchen in die Winterwelt des Salzkammergutes eine besinnliche Stimmung aufgekommen.<\/p>\n<blockquote><p>Es ist ein Ort wie in einem M\u00e4rchen, weil er Tradition und Moderne vereint. Ich finde ihn sehr romantisch, aber gleichzeitig gibt es auch f\u00fcr Familien unz\u00e4hlige M\u00f6glichkeiten, etwas zu sehen und zu unternehmen. \u2013\u00a0Giulia<\/p><\/blockquote>\n<div id=\"attachment_235583\" style=\"width: 1180px\" class=\"wp-caption alignnone\"><img decoding=\"async\" aria-describedby=\"caption-attachment-235583\" class=\"size-1170_658 wp-image-235583\" src=\"https:\/\/cdn.salzburgerland.com\/de\/wp-content\/uploads\/2018\/03\/20171215-dsc07669-1170x658.jpg\" alt=\"Siria und Fabio auf dem Adventmarkt in St. Wolfgang\" width=\"1170\" height=\"658\" srcset=\"https:\/\/www.salzburgerland.com\/de\/wp-content\/uploads\/2018\/03\/20171215-dsc07669-1170x658.jpg 1170w, https:\/\/www.salzburgerland.com\/de\/wp-content\/uploads\/2018\/03\/20171215-dsc07669-768x432.jpg 768w, https:\/\/www.salzburgerland.com\/de\/wp-content\/uploads\/2018\/03\/20171215-dsc07669-1200x675.jpg 1200w, https:\/\/www.salzburgerland.com\/de\/wp-content\/uploads\/2018\/03\/20171215-dsc07669.jpg 1920w\" sizes=\"(max-width: 1170px) 100vw, 1170px\"><p id=\"caption-attachment-235583\" class=\"wp-caption-text\">\u00a9 SalzburgerLand Tourismus, Fr\u00e4ulein Floras Favourite Hangouts \u2013 Siria und Fabio auf dem Adventmarkt in St. Wolfgang<\/p><\/div>\n<h2>Wolfgangseer Advent<\/h2>\n<p>Der <a href=\"http:\/\/www.wolfgangseer-advent.at\/startseite.html\" target=\"_blank\" rel=\"noopener\">Adventmarkt in St. Wolfgang<\/a> war der erste, den die Familie besuchte. Von ihrem Hotel, dem <a href=\"http:\/\/www.zimmerbraeu.com\/\" target=\"_blank\" rel=\"noopener\">Zimmerbr\u00e4u<\/a>, aus waren sie in nur wenigen Schritten mitten im Geschehen. Duftende Bauernkrapfen hier, sanfte T\u00f6ne von Weihnachtsliedern dort. Fabio blieb an einem unscheinbaren Handwerksstand stehen, als er ein dumpfes Klopfen h\u00f6rte. Ein \u00e4lterer Herr h\u00e4mmerte Buchstaben und Symbole in Hufeisen. Als er Fabios Interesse bemerkte, lie\u00df er ihn ans Werk \u2013\u00a0ganz zum Vergn\u00fcgen seiner Familie.<\/p>\n<div id=\"attachment_235582\" style=\"width: 1180px\" class=\"wp-caption alignnone\"><img decoding=\"async\" aria-describedby=\"caption-attachment-235582\" class=\"size-1170_658 wp-image-235582\" src=\"https:\/\/cdn.salzburgerland.com\/de\/wp-content\/uploads\/2018\/03\/20171215-dsc07629-1170x658.jpg\" alt=\"Fabio probiert sich als Hufeisenschmied am Adventmarkt in St. Wolfgang\" width=\"1170\" height=\"658\" srcset=\"https:\/\/www.salzburgerland.com\/de\/wp-content\/uploads\/2018\/03\/20171215-dsc07629-1170x658.jpg 1170w, https:\/\/www.salzburgerland.com\/de\/wp-content\/uploads\/2018\/03\/20171215-dsc07629-768x432.jpg 768w, https:\/\/www.salzburgerland.com\/de\/wp-content\/uploads\/2018\/03\/20171215-dsc07629-1200x675.jpg 1200w, https:\/\/www.salzburgerland.com\/de\/wp-content\/uploads\/2018\/03\/20171215-dsc07629.jpg 1920w\" sizes=\"(max-width: 1170px) 100vw, 1170px\"><p id=\"caption-attachment-235582\" class=\"wp-caption-text\">\u00a9 SalzburgerLand Tourismus, Fr\u00e4ulein Floras Favourite Hangouts \u2013 Fabio probiert sich als Hufeisenschmied am Adventmarkt in St. Wolfgang<\/p><\/div>\n<p>Das eigene Hufeisen war schnell fertig und als die Familie weiter durch den Markt schlenderte, fing es pl\u00f6tzlich an zu schneien. Bevor die ersten Schneeflocken auf der Nasenspitze schmelzen konnten, betraten die Italiener das \u201eEngerl-Studio\u201c \u2013\u00a0und wurden prompt selbst zu Engerln.<\/p>\n<blockquote><p>Fabio und ich allein h\u00e4tten das wahrscheinlich nicht gemacht. Aber um sie [Simone und Siria] gl\u00fccklich zu machen, taten wirs einfach und wir hatten einen Riesenspa\u00df! \u2013 Giulia<\/p><\/blockquote>\n<h2>Strobl \u2013 das Krippendorf<\/h2>\n<p><a href=\"http:\/\/www.schafbergbahn.at\/de_at\/ueber-die-schifffahrt\/UeberSchifffahrt.html\" target=\"_blank\" rel=\"noopener\">Mit dem Schiff<\/a> ging es f\u00fcr \u201eBambini con la Valigia\u201c \u00fcber den halben Wolfgangsee ans andere Ufer \u2013\u00a0nach <a href=\"http:\/\/www.wolfgangseer-advent.at\/meta\/eindruecke\/strobl.html\" target=\"_blank\" rel=\"noopener\">Strobl<\/a>. Beim Aussteigen folgten sie dem \u201eHirtenpfad\u201c, der sie direkt in den kleinen, aber feinen Markt f\u00fchrte. \u201eAdvent wie damals\u201c \u2013\u00a0dieses Leitmotto trifft wohl auf Strobl am allermeisten zu. Die St\u00e4nde sind mit urigen Holzschindeln gedeckt und Krippenbau sowie Handwerk wird hier besonders gesch\u00e4tzt. Simone und Siria haben es die Wildtiere besonders angetan. Hirsche und Schafe k\u00f6nnen aus n\u00e4chster N\u00e4he betrachtet und gestreichelt werden.<\/p>\n<div id=\"attachment_235586\" style=\"width: 1180px\" class=\"wp-caption alignnone\"><img decoding=\"async\" aria-describedby=\"caption-attachment-235586\" class=\"size-1170_658 wp-image-235586\" src=\"https:\/\/cdn.salzburgerland.com\/de\/wp-content\/uploads\/2018\/03\/20171215-dsc07775-1170x658.jpg\" alt=\"Adventmarkt in Strobl\" width=\"1170\" height=\"658\" srcset=\"https:\/\/www.salzburgerland.com\/de\/wp-content\/uploads\/2018\/03\/20171215-dsc07775-1170x658.jpg 1170w, https:\/\/www.salzburgerland.com\/de\/wp-content\/uploads\/2018\/03\/20171215-dsc07775-768x432.jpg 768w, https:\/\/www.salzburgerland.com\/de\/wp-content\/uploads\/2018\/03\/20171215-dsc07775-1200x675.jpg 1200w, https:\/\/www.salzburgerland.com\/de\/wp-content\/uploads\/2018\/03\/20171215-dsc07775.jpg 1920w\" sizes=\"(max-width: 1170px) 100vw, 1170px\"><p id=\"caption-attachment-235586\" class=\"wp-caption-text\">\u00a9 SalzburgerLand Tourismus, Fr\u00e4ulein Floras Favourite Hangouts \u2013 Adventmarkt in Strobl<\/p><\/div>\n<h2>Kaiserlicher Advent in Bad Ischl<\/h2>\n<p>Bad Ischl war schon zu Kaisers Zeiten ein beliebter Treffpunkt f\u00fcr Leute, die etwas auf sich hielten. \u201eW\u00fcrden Sissi und Franz noch leben, w\u00fcrden auch sie den <a href=\"https:\/\/badischl.salzkammergut.at\/advent.html\" target=\"_blank\" rel=\"noopener\">Adventmarkt<\/a> in der <a href=\"https:\/\/badischl.salzkammergut.at\/trinkhalle.html\" target=\"_blank\" rel=\"noopener\">Trinkhalle<\/a> besuchen\u201c \u2013 ist sich Giulia sicher. Der ist n\u00e4mlich traumhaft sch\u00f6n und stellt unter anderem die aufw\u00e4ndig hergestellten Exponate der Bad Ischler Handwerker aus. In Bad Ischl nutzt die Familie au\u00dferdem die Gelegenheit, sich durch die Winterlandschaft kutschieren zu lassen. Giulia f\u00fchlt sich wie Kaiserin Sissi und die Kinder sind begeistert von den Pferden. Im Anschluss schnallt sich die Familie die Eislaufschuhe an und zieht ihre Runden am Kaisereis. Dabei musste vor allem Fabio mit dem Gleichgewicht k\u00e4mpfen. Spa\u00df gemacht hat es aber auf alle F\u00e4lle.<\/p>\n<div id=\"attachment_235590\" style=\"width: 1180px\" class=\"wp-caption alignnone\"><img decoding=\"async\" aria-describedby=\"caption-attachment-235590\" class=\"size-1170_658 wp-image-235590\" src=\"https:\/\/cdn.salzburgerland.com\/de\/wp-content\/uploads\/2018\/03\/20171216-dsc07928-1170x658.jpg\" alt=\"Der Bad Ischler Advent\" width=\"1170\" height=\"658\" srcset=\"https:\/\/www.salzburgerland.com\/de\/wp-content\/uploads\/2018\/03\/20171216-dsc07928-1170x658.jpg 1170w, https:\/\/www.salzburgerland.com\/de\/wp-content\/uploads\/2018\/03\/20171216-dsc07928-768x432.jpg 768w, https:\/\/www.salzburgerland.com\/de\/wp-content\/uploads\/2018\/03\/20171216-dsc07928-1200x675.jpg 1200w, https:\/\/www.salzburgerland.com\/de\/wp-content\/uploads\/2018\/03\/20171216-dsc07928.jpg 1920w\" sizes=\"(max-width: 1170px) 100vw, 1170px\"><p id=\"caption-attachment-235590\" class=\"wp-caption-text\">\u00a9 SalzburgerLand Tourismus, Fr\u00e4ulein Floras Favourite Hangouts \u2013 Der Bad Ischler Advent<\/p><\/div>\n<h2>Der Kulturelle: Adventmarkt in Mondsee<\/h2>\n<p>Am letzten Tag ihrer Reise machte sich die Familie auf nach Mondsee \u2013\u00a0in den Ort, der vor allem wegen \u201eSound of Music\u201c auf der ganzen Welt bekannt geworden ist. \u201eBambini con la Valigia\u201c wollten bei ihrem Besuch aber nicht singen, sondern schauen. Auf den <a href=\"https:\/\/mondsee.salzkammergut.at\/advent.html\" target=\"_blank\" rel=\"noopener\">Adventmarkt<\/a>, in die Basilika und zur Perchtenausstellung. Und den gotischen Kreuzgang durchlaufen. So viele Eindr\u00fccke machen hungrig. Als kr\u00f6nenden Abschluss gab es Bauernkrapfen mit Zucker und Marmelade. Ach wie sch\u00f6n ist die Adventszeit!<\/p>\n<div id=\"attachment_235595\" style=\"width: 1180px\" class=\"wp-caption alignnone\"><img decoding=\"async\" aria-describedby=\"caption-attachment-235595\" class=\"size-1170_658 wp-image-235595\" src=\"https:\/\/cdn.salzburgerland.com\/de\/wp-content\/uploads\/2018\/03\/20171217-dsc08006-1170x658.jpg\" alt=\"Perchtenausstellung in Mondsee\" width=\"1170\" height=\"658\" srcset=\"https:\/\/www.salzburgerland.com\/de\/wp-content\/uploads\/2018\/03\/20171217-dsc08006-1170x658.jpg 1170w, https:\/\/www.salzburgerland.com\/de\/wp-content\/uploads\/2018\/03\/20171217-dsc08006-768x432.jpg 768w, https:\/\/www.salzburgerland.com\/de\/wp-content\/uploads\/2018\/03\/20171217-dsc08006-1200x675.jpg 1200w, https:\/\/www.salzburgerland.com\/de\/wp-content\/uploads\/2018\/03\/20171217-dsc08006.jpg 1920w\" sizes=\"(max-width: 1170px) 100vw, 1170px\"><p id=\"caption-attachment-235595\" class=\"wp-caption-text\">\u00a9 SalzburgerLand Tourismus, Fr\u00e4ulein Floras Favourite Hangouts \u2013 Perchtenausstellung in Mondsee<\/p><\/div>\n","protected":false},"excerpt":{"rendered":"<p>Fabio und Giulia vom Blog \u201eBambini con la Valigia\u201c haben vor Weihnachten ihre Koffer gepackt und sich mit ihren Kindern auf die Reise in das verschneite SalzburgerLand gemacht. Die Region ist im Sommer vor allem f\u00fcr ihre traumhaften Kulissen und malerischen St\u00e4dtchen bekannt. Im Winter stimmt sich die ganze Gegend auf den Advent ein. Auch [&hellip;]<\/p>\n","protected":false},"author":57,"featured_media":235584,"comment_status":"closed","ping_status":"closed","sticky":false,"template":"","format":"standard","meta":{"_acf_changed":false,"wl_entities_gutenberg":"","_relevanssi_hide_post":"","_relevanssi_hide_content":"","_relevanssi_pin_for_all":"","_relevanssi_pin_keywords":"","_relevanssi_unpin_keywords":"","_relevanssi_related_keywords":"","_relevanssi_related_include_ids":"","_relevanssi_related_exclude_ids":"","_relevanssi_related_no_append":"","_relevanssi_related_not_related":"","_relevanssi_related_posts":"","_relevanssi_noindex_reason":"","footnotes":""},"categories":[1],"tags":[],"wl_entity_type":[11495],"class_list":["post-235622","post","type-post","status-publish","format-standard","has-post-thumbnail","hentry","category-allgemein","wl_entity_type-article"],"acf":[],"yoast_head":"<!-- This site is optimized with the Yoast SEO Premium plugin v26.9 (Yoast SEO v26.9) - https:\/\/yoast.com\/product\/yoast-seo-premium-wordpress\/ -->\n<title>Adventm\u00e4rkte-Tour im Salzkammergut \u00bb SalzburgerLand.com<\/title>\n<meta name=\"description\" content=\"\u201eBambini con la Valigia\u201c haben die Adventm\u00e4rkte im Salzkammergut unter die Lupe genommen, sich durchgekostet und auf Weihnachten eingestimmt.\" \/>\n<meta name=\"robots\" content=\"index, follow, max-snippet:-1, max-image-preview:large, max-video-preview:-1\" \/>\n<link rel=\"canonical\" href=\"https:\/\/www.salzburgerland.com\/de\/wp-json\/wp\/v2\/posts\/235622\" \/>\n<meta property=\"og:locale\" content=\"de_DE\" \/>\n<meta property=\"og:type\" content=\"article\" \/>\n<meta property=\"og:title\" content=\"Adventm\u00e4rkte-Tour im Salzkammergut\" \/>\n<meta property=\"og:description\" content=\"\u201eBambini con la Valigia\u201c haben die Adventm\u00e4rkte im Salzkammergut unter die Lupe genommen, sich durchgekostet und auf Weihnachten eingestimmt.\" \/>\n<meta property=\"og:url\" content=\"https:\/\/www.salzburgerland.com\/de\/wp-json\/wp\/v2\/posts\/235622\" \/>\n<meta property=\"og:site_name\" content=\"SalzburgerLand.com\" \/>\n<meta property=\"article:publisher\" content=\"https:\/\/www.facebook.com\/salzburgerland\/\" \/>\n<meta property=\"article:published_time\" content=\"2018-03-28T11:49:36+00:00\" \/>\n<meta property=\"article:modified_time\" content=\"2018-03-28T11:49:37+00:00\" \/>\n<meta property=\"og:image\" content=\"https:\/\/www.salzburgerland.com\/de\/wp-content\/uploads\/2018\/03\/20171215-dsc07745-1200x675.jpg\" \/>\n\t<meta property=\"og:image:width\" content=\"1200\" \/>\n\t<meta property=\"og:image:height\" content=\"675\" \/>\n\t<meta property=\"og:image:type\" content=\"image\/jpeg\" \/>\n<meta name=\"author\" content=\"Miriam Kreiseder\" \/>\n<meta name=\"twitter:card\" content=\"summary_large_image\" \/>\n<meta name=\"twitter:creator\" content=\"@Salzburgerland\" \/>\n<meta name=\"twitter:site\" content=\"@Salzburgerland\" \/>\n<meta name=\"twitter:label1\" content=\"Verfasst von\" \/>\n\t<meta name=\"twitter:data1\" content=\"Miriam Kreiseder\" \/>\n\t<meta name=\"twitter:label2\" content=\"Gesch\u00e4tzte Lesezeit\" \/>\n\t<meta name=\"twitter:data2\" content=\"3\u00a0Minuten\" \/>\n<script type=\"application\/ld+json\" class=\"yoast-schema-graph\">{\"@context\":\"https:\/\/schema.org\",\"@graph\":[{\"@type\":\"WebPage\",\"@id\":\"https:\/\/www.salzburgerland.com\/de\/adventmaerkte-tour-im-salzkammergut\/\",\"url\":\"https:\/\/www.salzburgerland.com\/de\/adventmaerkte-tour-im-salzkammergut\/\",\"name\":\"Adventm\u00e4rkte-Tour im Salzkammergut \u00bb SalzburgerLand.com\",\"isPartOf\":{\"@id\":\"https:\/\/www.salzburgerland.com\/de\/#website\"},\"primaryImageOfPage\":{\"@id\":\"https:\/\/www.salzburgerland.com\/de\/adventmaerkte-tour-im-salzkammergut\/#primaryimage\"},\"image\":{\"@id\":\"https:\/\/www.salzburgerland.com\/de\/adventmaerkte-tour-im-salzkammergut\/#primaryimage\"},\"thumbnailUrl\":\"https:\/\/www.salzburgerland.com\/de\/wp-content\/uploads\/2018\/03\/20171215-dsc07745.jpg\",\"datePublished\":\"2018-03-28T11:49:36+00:00\",\"dateModified\":\"2018-03-28T11:49:37+00:00\",\"description\":\"\u201eBambini con la Valigia\u201c haben die Adventm\u00e4rkte im Salzkammergut unter die Lupe genommen, sich durchgekostet und auf Weihnachten eingestimmt.\",\"breadcrumb\":{\"@id\":\"https:\/\/www.salzburgerland.com\/de\/adventmaerkte-tour-im-salzkammergut\/#breadcrumb\"},\"inLanguage\":\"de\",\"potentialAction\":[{\"@type\":\"ReadAction\",\"target\":[\"https:\/\/www.salzburgerland.com\/de\/adventmaerkte-tour-im-salzkammergut\/\"]}]},{\"@type\":\"ImageObject\",\"inLanguage\":\"de\",\"@id\":\"https:\/\/www.salzburgerland.com\/de\/adventmaerkte-tour-im-salzkammergut\/#primaryimage\",\"url\":\"https:\/\/www.salzburgerland.com\/de\/wp-content\/uploads\/2018\/03\/20171215-dsc07745.jpg\",\"contentUrl\":\"https:\/\/www.salzburgerland.com\/de\/wp-content\/uploads\/2018\/03\/20171215-dsc07745.jpg\",\"width\":1920,\"height\":1080,\"caption\":\"\u00a9 SalzburgerLand Tourismus, Fr\u00e4ulein Floras Favourite Hangouts \u2013 Bambini con la Valigia im Engelskost\u00fcm\"},{\"@type\":\"BreadcrumbList\",\"@id\":\"https:\/\/www.salzburgerland.com\/de\/adventmaerkte-tour-im-salzkammergut\/#breadcrumb\",\"itemListElement\":[{\"@type\":\"ListItem\",\"position\":1,\"name\":\"Bambini con la Valigia\",\"item\":\"https:\/\/www.salzburgerland.com\/de\/bambini-con-la-valigia\/\"},{\"@type\":\"ListItem\",\"position\":2,\"name\":\"Adventm\u00e4rkte-Tour im Salzkammergut\"}]},{\"@type\":\"WebSite\",\"@id\":\"https:\/\/www.salzburgerland.com\/de\/#website\",\"url\":\"https:\/\/www.salzburgerland.com\/de\/\",\"name\":\"SalzburgerLand.com\",\"description\":\"Ihr Urlaub in Salzburg, \u00d6sterreich\",\"publisher\":{\"@id\":\"https:\/\/www.salzburgerland.com\/de\/#organization\"},\"potentialAction\":[{\"@type\":\"SearchAction\",\"target\":{\"@type\":\"EntryPoint\",\"urlTemplate\":\"https:\/\/www.salzburgerland.com\/de\/?s={search_term_string}\"},\"query-input\":{\"@type\":\"PropertyValueSpecification\",\"valueRequired\":true,\"valueName\":\"search_term_string\"}}],\"inLanguage\":\"de\"},{\"@type\":\"Organization\",\"@id\":\"https:\/\/www.salzburgerland.com\/de\/#organization\",\"name\":\"SalzburgerLand Tourismus GmbH\",\"url\":\"https:\/\/www.salzburgerland.com\/de\/\",\"logo\":{\"@type\":\"ImageObject\",\"inLanguage\":\"de\",\"@id\":\"https:\/\/www.salzburgerland.com\/de\/#\/schema\/logo\/image\/\",\"url\":\"https:\/\/www.salzburgerland.com\/de\/wp-content\/uploads\/2017\/01\/salzburgerland-logo.jpg\",\"contentUrl\":\"https:\/\/www.salzburgerland.com\/de\/wp-content\/uploads\/2017\/01\/salzburgerland-logo.jpg\",\"width\":1920,\"height\":827,\"caption\":\"SalzburgerLand Tourismus GmbH\"},\"image\":{\"@id\":\"https:\/\/www.salzburgerland.com\/de\/#\/schema\/logo\/image\/\"},\"sameAs\":[\"https:\/\/www.facebook.com\/salzburgerland\/\",\"https:\/\/x.com\/Salzburgerland\",\"https:\/\/www.instagram.com\/salzburgerland\/\",\"http:\/\/dbpedia.org\/resource\/Salzburg_(state)\",\"http:\/\/wikidata.dbpedia.org\/resource\/Q43325\",\"http:\/\/open.salzburgerland.com\/de\/entity\/salzburgerland\",\"https:\/\/www.youtube.com\/user\/salzburgerland\"]},{\"@type\":\"Person\",\"@id\":\"https:\/\/www.salzburgerland.com\/de\/#\/schema\/person\/5e2487151f535fd7a40628d570ca94d3\",\"name\":\"Miriam Kreiseder\",\"image\":{\"@type\":\"ImageObject\",\"inLanguage\":\"de\",\"@id\":\"https:\/\/www.salzburgerland.com\/de\/#\/schema\/person\/image\/\",\"url\":\"https:\/\/secure.gravatar.com\/avatar\/c432f8977c6ef3b4ef5a56e4aae9e3515c8875144022177ab7fa4e8696a5b7cb?s=96&d=mm&r=g\",\"contentUrl\":\"https:\/\/secure.gravatar.com\/avatar\/c432f8977c6ef3b4ef5a56e4aae9e3515c8875144022177ab7fa4e8696a5b7cb?s=96&d=mm&r=g\",\"caption\":\"Miriam Kreiseder\"}}]}<\/script>\n<!-- \/ Yoast SEO Premium plugin. -->","yoast_head_json":{"title":"Adventm\u00e4rkte-Tour im Salzkammergut \u00bb SalzburgerLand.com","description":"\u201eBambini con la Valigia\u201c haben die Adventm\u00e4rkte im Salzkammergut unter die Lupe genommen, sich durchgekostet und auf Weihnachten eingestimmt.","robots":{"index":"index","follow":"follow","max-snippet":"max-snippet:-1","max-image-preview":"max-image-preview:large","max-video-preview":"max-video-preview:-1"},"canonical":"https:\/\/www.salzburgerland.com\/de\/wp-json\/wp\/v2\/posts\/235622","og_locale":"de_DE","og_type":"article","og_title":"Adventm\u00e4rkte-Tour im Salzkammergut","og_description":"\u201eBambini con la Valigia\u201c haben die Adventm\u00e4rkte im Salzkammergut unter die Lupe genommen, sich durchgekostet und auf Weihnachten eingestimmt.","og_url":"https:\/\/www.salzburgerland.com\/de\/wp-json\/wp\/v2\/posts\/235622","og_site_name":"SalzburgerLand.com","article_publisher":"https:\/\/www.facebook.com\/salzburgerland\/","article_published_time":"2018-03-28T11:49:36+00:00","article_modified_time":"2018-03-28T11:49:37+00:00","og_image":[{"width":1200,"height":675,"url":"https:\/\/www.salzburgerland.com\/de\/wp-content\/uploads\/2018\/03\/20171215-dsc07745-1200x675.jpg","type":"image\/jpeg"}],"author":"Miriam Kreiseder","twitter_card":"summary_large_image","twitter_creator":"@Salzburgerland","twitter_site":"@Salzburgerland","twitter_misc":{"Verfasst von":"Miriam Kreiseder","Gesch\u00e4tzte Lesezeit":"3\u00a0Minuten"},"schema":{"@context":"https:\/\/schema.org","@graph":[{"@type":"WebPage","@id":"https:\/\/www.salzburgerland.com\/de\/adventmaerkte-tour-im-salzkammergut\/","url":"https:\/\/www.salzburgerland.com\/de\/adventmaerkte-tour-im-salzkammergut\/","name":"Adventm\u00e4rkte-Tour im Salzkammergut \u00bb SalzburgerLand.com","isPartOf":{"@id":"https:\/\/www.salzburgerland.com\/de\/#website"},"primaryImageOfPage":{"@id":"https:\/\/www.salzburgerland.com\/de\/adventmaerkte-tour-im-salzkammergut\/#primaryimage"},"image":{"@id":"https:\/\/www.salzburgerland.com\/de\/adventmaerkte-tour-im-salzkammergut\/#primaryimage"},"thumbnailUrl":"https:\/\/www.salzburgerland.com\/de\/wp-content\/uploads\/2018\/03\/20171215-dsc07745.jpg","datePublished":"2018-03-28T11:49:36+00:00","dateModified":"2018-03-28T11:49:37+00:00","description":"\u201eBambini con la Valigia\u201c haben die Adventm\u00e4rkte im Salzkammergut unter die Lupe genommen, sich durchgekostet und auf Weihnachten eingestimmt.","breadcrumb":{"@id":"https:\/\/www.salzburgerland.com\/de\/adventmaerkte-tour-im-salzkammergut\/#breadcrumb"},"inLanguage":"de","potentialAction":[{"@type":"ReadAction","target":["https:\/\/www.salzburgerland.com\/de\/adventmaerkte-tour-im-salzkammergut\/"]}]},{"@type":"ImageObject","inLanguage":"de","@id":"https:\/\/www.salzburgerland.com\/de\/adventmaerkte-tour-im-salzkammergut\/#primaryimage","url":"https:\/\/www.salzburgerland.com\/de\/wp-content\/uploads\/2018\/03\/20171215-dsc07745.jpg","contentUrl":"https:\/\/www.salzburgerland.com\/de\/wp-content\/uploads\/2018\/03\/20171215-dsc07745.jpg","width":1920,"height":1080,"caption":"\u00a9 SalzburgerLand Tourismus, Fr\u00e4ulein Floras Favourite Hangouts \u2013 Bambini con la Valigia im Engelskost\u00fcm"},{"@type":"BreadcrumbList","@id":"https:\/\/www.salzburgerland.com\/de\/adventmaerkte-tour-im-salzkammergut\/#breadcrumb","itemListElement":[{"@type":"ListItem","position":1,"name":"Bambini con la Valigia","item":"https:\/\/www.salzburgerland.com\/de\/bambini-con-la-valigia\/"},{"@type":"ListItem","position":2,"name":"Adventm\u00e4rkte-Tour im Salzkammergut"}]},{"@type":"WebSite","@id":"https:\/\/www.salzburgerland.com\/de\/#website","url":"https:\/\/www.salzburgerland.com\/de\/","name":"SalzburgerLand.com","description":"Ihr Urlaub in Salzburg, \u00d6sterreich","publisher":{"@id":"https:\/\/www.salzburgerland.com\/de\/#organization"},"potentialAction":[{"@type":"SearchAction","target":{"@type":"EntryPoint","urlTemplate":"https:\/\/www.salzburgerland.com\/de\/?s={search_term_string}"},"query-input":{"@type":"PropertyValueSpecification","valueRequired":true,"valueName":"search_term_string"}}],"inLanguage":"de"},{"@type":"Organization","@id":"https:\/\/www.salzburgerland.com\/de\/#organization","name":"SalzburgerLand Tourismus GmbH","url":"https:\/\/www.salzburgerland.com\/de\/","logo":{"@type":"ImageObject","inLanguage":"de","@id":"https:\/\/www.salzburgerland.com\/de\/#\/schema\/logo\/image\/","url":"https:\/\/www.salzburgerland.com\/de\/wp-content\/uploads\/2017\/01\/salzburgerland-logo.jpg","contentUrl":"https:\/\/www.salzburgerland.com\/de\/wp-content\/uploads\/2017\/01\/salzburgerland-logo.jpg","width":1920,"height":827,"caption":"SalzburgerLand Tourismus GmbH"},"image":{"@id":"https:\/\/www.salzburgerland.com\/de\/#\/schema\/logo\/image\/"},"sameAs":["https:\/\/www.facebook.com\/salzburgerland\/","https:\/\/x.com\/Salzburgerland","https:\/\/www.instagram.com\/salzburgerland\/","http:\/\/dbpedia.org\/resource\/Salzburg_(state)","http:\/\/wikidata.dbpedia.org\/resource\/Q43325","http:\/\/open.salzburgerland.com\/de\/entity\/salzburgerland","https:\/\/www.youtube.com\/user\/salzburgerland"]},{"@type":"Person","@id":"https:\/\/www.salzburgerland.com\/de\/#\/schema\/person\/5e2487151f535fd7a40628d570ca94d3","name":"Miriam Kreiseder","image":{"@type":"ImageObject","inLanguage":"de","@id":"https:\/\/www.salzburgerland.com\/de\/#\/schema\/person\/image\/","url":"https:\/\/secure.gravatar.com\/avatar\/c432f8977c6ef3b4ef5a56e4aae9e3515c8875144022177ab7fa4e8696a5b7cb?s=96&d=mm&r=g","contentUrl":"https:\/\/secure.gravatar.com\/avatar\/c432f8977c6ef3b4ef5a56e4aae9e3515c8875144022177ab7fa4e8696a5b7cb?s=96&d=mm&r=g","caption":"Miriam Kreiseder"}}]}},"_wl_alt_label":[],"wl:entity_url":"http:\/\/open.salzburgerland.com\/de\/post\/adventmaerkte-tour_im_salzkammergut","_links":{"self":[{"href":"https:\/\/www.salzburgerland.com\/de\/wp-json\/wp\/v2\/posts\/235622","targetHints":{"allow":["GET"]}}],"collection":[{"href":"https:\/\/www.salzburgerland.com\/de\/wp-json\/wp\/v2\/posts"}],"about":[{"href":"https:\/\/www.salzburgerland.com\/de\/wp-json\/wp\/v2\/types\/post"}],"author":[{"embeddable":true,"href":"https:\/\/www.salzburgerland.com\/de\/wp-json\/wp\/v2\/users\/57"}],"replies":[{"embeddable":true,"href":"https:\/\/www.salzburgerland.com\/de\/wp-json\/wp\/v2\/comments?post=235622"}],"version-history":[{"count":0,"href":"https:\/\/www.salzburgerland.com\/de\/wp-json\/wp\/v2\/posts\/235622\/revisions"}],"wp:featuredmedia":[{"embeddable":true,"href":"https:\/\/www.salzburgerland.com\/de\/wp-json\/wp\/v2\/media\/235584"}],"wp:attachment":[{"href":"https:\/\/www.salzburgerland.com\/de\/wp-json\/wp\/v2\/media?parent=235622"}],"wp:term":[{"taxonomy":"category","embeddable":true,"href":"https:\/\/www.salzburgerland.com\/de\/wp-json\/wp\/v2\/categories?post=235622"},{"taxonomy":"post_tag","embeddable":true,"href":"https:\/\/www.salzburgerland.com\/de\/wp-json\/wp\/v2\/tags?post=235622"},{"taxonomy":"wl_entity_type","embeddable":true,"href":"https:\/\/www.salzburgerland.com\/de\/wp-json\/wp\/v2\/wl_entity_type?post=235622"}],"curies":[{"name":"wp","href":"https:\/\/api.w.org\/{rel}","templated":true}]}}