{"id":233168,"date":"2018-03-20T13:55:57","date_gmt":"2018-03-20T12:55:57","guid":{"rendered":"https:\/\/www.salzburgerland.com\/de\/?p=233168"},"modified":"2020-02-13T14:04:45","modified_gmt":"2020-02-13T13:04:45","slug":"auf-pilgerpfaden-durch-das-salzburgerland","status":"publish","type":"post","link":"https:\/\/www.salzburgerland.com\/de\/auf-pilgerpfaden-durch-das-salzburgerland\/","title":{"rendered":"Auf Pilgerpfaden durch das SalzburgerLand"},"content":{"rendered":"<p>Ein Flamingo und ein Einhorn treiben im glasklaren Wasser des Wolfgangsees. Kinder bespritzen sich begeistert mit dem k\u00fchlen Nass, die Leichtigkeit der gro\u00dfen Ferien liegt in der Luft. W\u00e4ssrig blau w\u00f6lbt sich der Himmel \u00fcber das 1.521 Meter hohe Zw\u00f6lferhorn am gegen\u00fcberliegenden Seeufer: Es ist ein Sommertag wie aus dem Bilderbuch. Das hier k\u00f6nnte ein wunderbarer Tag am See werden. Doch es ist anderes geplant!<\/p>\n<h2>Unterwegs als Wallfahrer<\/h2>\n<p>Wir wollen uns f\u00fcr ein paar Stunden von der \u00e4u\u00dferen Welt trennen, um Schritt f\u00fcr Schritt den Blick nach innen zu richten. Wallfahren nennt man dieses Unterfangen. Oder Pilgern, wie es Hape Kerkeling popul\u00e4r gemacht hat. Doch es besteht ein Unterschied zwischen dem Pilgern und dem Wallfahren: Eine Wallfahrt ist eine rein katholische Tradition, findet immer in der Gruppe statt und f\u00fchrt zu einem ausgewiesenen Wallfahrtsort. Pilgern hingegen kann jeder: Unabh\u00e4ngig von der Konfession und an alle m\u00f6glichen Orte, die f\u00fcr ihn wichtig sind.<\/p>\n<p>Bei dieser Wanderung heute geht es ums Innehalten, ums Sinnieren, ums Nachdenken \u00fcbers Leben. Die Frage nach dem Sinn des Lebens liegt in der Luft, jedoch auf heitere, gelassene Weise. In der Langsamkeit des Gehens liegt das Geheimnis des Tuns. Man f\u00e4hrt nicht mit dem Auto, man f\u00e4hrt nicht mit dem Schiff. Man geht in demselben Tempo, in dem schon Tausende von anderen Wallfahrern sich dem Ort St. Wolfgang mit seiner Wallfahrtskirche gen\u00e4hert haben.<\/p>\n<h2>Zu Fu\u00df \u00fcber den Falkenstein<\/h2>\n<p>Vom Ortsteil F\u00fcrberg in St. Gilgen verlassen wir das Terrain von Flamingos, Einh\u00f6rnern und im Wolfgangsee badenden Familien, um in den k\u00fchlen Schatten der B\u00e4ume und Felsen einzutauchen. Steil f\u00fchrt der Weg bergan, den Wallfahrer seit dem Mittelalter zur\u00fccklegen. Denn schon damals galt der Ort als einer der wichtigsten Wallfahrtsorte Europas. Der heilige Wolfgang, Bischof von Regensburg, hat nicht nur dem Wolfgangsee seinen Namen verliehen. Er hat auch am Falkenstein Spuren hinterlassen: In einer Felsnische, in die man noch heute schl\u00fcpfen kann, soll er drei Jahre lang als Einsiedler gelebt haben. An diesem Ort wurde sp\u00e4ter das Falkensteinkirchlein mit der Wunschglocke errichtet. Nat\u00fcrlich muss sie gel\u00e4utet werden: Zieht man an dem Strick und das Gel\u00e4ut erklingt exakt drei Mal, wird sich ein Wunsch in naher Zukunft erf\u00fcllen.<\/p>\n<div id=\"attachment_233172\" style=\"width: 810px\" class=\"wp-caption alignnone\"><img decoding=\"async\" aria-describedby=\"caption-attachment-233172\" class=\"size-large wp-image-233172\" src=\"https:\/\/cdn.salzburgerland.com\/de\/wp-content\/uploads\/2018\/03\/falkensteinkirche.jpg\" alt=\"\" width=\"800\" height=\"500\" srcset=\"https:\/\/www.salzburgerland.com\/de\/wp-content\/uploads\/2018\/03\/falkensteinkirche.jpg 800w, https:\/\/www.salzburgerland.com\/de\/wp-content\/uploads\/2018\/03\/falkensteinkirche-768x480.jpg 768w\" sizes=\"(max-width: 800px) 100vw, 800px\"><p id=\"caption-attachment-233172\" class=\"wp-caption-text\">Die Falkensteinkirche<\/p><\/div>\n<p>Nur wenige Schritte von der Kapelle entfernt l\u00e4dt die Wolfgangiquelle dazu ein, sich mit dem Heilwasser die Au- gen zu waschen oder einen Schluck davon zu trinken. Wer auf Nummer sicher gehen will, f\u00fcllt gleich die Trinkflasche neu auf. Immerhin er- w\u00e4hnt auch das Wolfganger Mirakelbuch von 1753 das Falkensteiner Wasser als probates Mittel gegen Behexungen.<\/p>\n<h2>Gschm\u00e5-Platzln am Wolfgangsee<\/h2>\n<p>Auf dem Falkenstein befinden sich gleich mehrere Gschm\u00e5-Platzln: So werden die Wohlf\u00fchlpl\u00e4tzchen im ortseigenen Dialekt liebevoll bezeichnet. An ihnen finden sich B\u00e4nke und Relax-Liegen, die allesamt \u00fcber grandiose Ausblicke verf\u00fcgen. Doch f\u00fcr uns geht es weiter: Denn immerhin dauert die Tour gut drei Stunden bis nach St. Wolfgang. W\u00e4hrend der Weg in Seen\u00e4he hinab in den weltber\u00fchmten Ort f\u00fchrt, schweifen die Gedanken weit. Der Geist kommt zur Ruhe: Die wundersch\u00f6ne Natur wird zur Projektionsfl\u00e4che. Wissenschaftler haben bewiesen, was Wanderer und Pilger schon lange wissen: Bei der Bewegung im Gr\u00fcnen regenerieren Hirnareale, die f\u00fcr die Konzentration zust\u00e4ndig sind, besonders gut.<\/p>\n<p>Und so kommen wir mit klarem Blick und ebenso klarem Kopf in St. Wolfgang an: diesem Ort voller Klischees und Sch\u00f6nheit. Zwei wahre Meister ihres K\u00f6nnens haben die ber\u00fchmte Wallfahrtskirche mit unvergleichlich sch\u00f6nen Alt\u00e4ren ausgestattet. Unweit davon besang Peter Alexander als Oberkellner Leopold das \u201eWei\u00dfe R\u00f6ssl\u201c am Wolfgangsee in dem gleichnamigen Film.<\/p>\n<p>Flamingos gibt es hier auch. Und Einh\u00f6rner. Sie scheinen geradezu einer anderen Welt anzugeh\u00f6ren. Einer wundersch\u00f6nen, vielf\u00e4ltigen Welt. Die man gerne f\u00fcr ein paar Stunden verl\u00e4sst und in die man ebenso gerne wieder zur\u00fcckkehrt.<\/p>\n<img decoding=\"async\" class=\"alignnone size-1170_658 wp-image-233173\" src=\"https:\/\/cdn.salzburgerland.com\/de\/wp-content\/uploads\/2018\/03\/sbgland-karte_salzkammergut-623x658.jpg\" alt=\"\" width=\"623\" height=\"658\">\n<h2>Tipps f\u00fcr stille Momente an besonderen Kraftorten:<\/h2>\n<p>Im SalzburgerLand gibt es zahlreiche Wallfahrtskirchen wie etwa in den <strong>Stille-Nacht-Orten <\/strong>Oberndorf (Maria B\u00fchel), Arnsdorf (Maria im M\u00f6sl), Stadt Salzburg (Basilika Maria Plain), Hallein (Maria D\u00fcrrnberg) oder Mariapfarr (Unsere liebe Frau). Besonders sch\u00f6n sind au\u00dferdem die Wallfahrtskirchen Maria Kirchenthal in St. Martin bei Lofer, die Wallfahrtskirche Filzmoos oder<\/p>\n<p>\u201eUnserer lieben Frau\u201c in Gro\u00dfgmain. Die ber\u00fchmte <strong>\u201ePinzgau Wallfahrt\u201c <\/strong>von Ferleiten (Fusch an der Gro\u00dfglocknerstra\u00dfe) \u00fcber die Gro\u00dfglockner Hochalpenstra\u00dfe bis nach Heiligenblut in K\u00e4rnten findet jeweils am 28. Juni statt.<\/p>\n<p>Gegen Ende August treffen sich Wallfahrer zur <strong>\u201eAlmer Wallfahrt\u201c <\/strong>\u2013 auch bekannt als <strong><a href=\"https:\/\/www.hochkoenig.at\/de\/sommer-urlaub-salzburg\/Wallfahrt-Maria-Alm.html\" target=\"_blank\" rel=\"noopener noreferrer\">Bartholom\u00e4-Wallfahrt<\/a> \u2013 <\/strong>in Maria Alm, um \u00fcber das Steinerne Meer nach St. Bartholom\u00e4 am K\u00f6nigssee zu wandern. <span>Als im Jahr 1688 eines der Boote, das die Pilger \u00fcber den See brachte, kenterte, ertranken 71 Menschen im K\u00f6nigssee. Seit dieser Trag\u00f6die endet die Maria Almer Wallfahrt offiziell in St. Bartholom\u00e4. Zum Gedenken an die Toten wird jedes Jahr ein Kranz an die Falkensteiner Wand, die steil in den See abf\u00e4llt geh\u00e4ngt.<\/span><\/p>\n<p>Sogenannte <strong>\u201eAugenbr\u00fcndl\u201c, <\/strong>deren Wasser eine heilsame Wirkung bei Augenleiden nachgesagt wird, gibt es unter anderem bei der Wallfahrtskirche Maria Brunneck am Pass Lueg (Golling) oder bei der Wallfahrtskirche St. Leonhard (Tamsweg).<\/p>\n","protected":false},"excerpt":{"rendered":"<p>Ein Flamingo und ein Einhorn treiben im glasklaren Wasser des Wolfgangsees. Kinder bespritzen sich begeistert mit dem k\u00fchlen Nass, die Leichtigkeit der gro\u00dfen Ferien liegt in der Luft. W\u00e4ssrig blau w\u00f6lbt sich der Himmel \u00fcber das 1.521 Meter hohe Zw\u00f6lferhorn am gegen\u00fcberliegenden Seeufer: Es ist ein Sommertag wie aus dem Bilderbuch. Das hier k\u00f6nnte ein [&hellip;]<\/p>\n","protected":false},"author":17,"featured_media":233174,"comment_status":"closed","ping_status":"closed","sticky":false,"template":"","format":"standard","meta":{"_acf_changed":false,"wl_entities_gutenberg":"","_relevanssi_hide_post":"","_relevanssi_hide_content":"","_relevanssi_pin_for_all":"","_relevanssi_pin_keywords":"","_relevanssi_unpin_keywords":"","_relevanssi_related_keywords":"","_relevanssi_related_include_ids":"","_relevanssi_related_exclude_ids":"","_relevanssi_related_no_append":"","_relevanssi_related_not_related":"","_relevanssi_related_posts":"","_relevanssi_noindex_reason":"","footnotes":""},"categories":[1],"tags":[],"wl_entity_type":[11495],"class_list":["post-233168","post","type-post","status-publish","format-standard","has-post-thumbnail","hentry","category-allgemein","wl_entity_type-article"],"acf":[],"yoast_head":"<!-- This site is optimized with the Yoast SEO Premium plugin v26.9 (Yoast SEO v26.9) - https:\/\/yoast.com\/product\/yoast-seo-premium-wordpress\/ -->\n<title>Auf Pilgerpfaden durch das SalzburgerLand \u00bb SalzburgerLand.com<\/title>\n<meta name=\"description\" content=\"Vor der Kulisse des Salzkammerguts wird eine Wanderung zur\u00a0Wallfahrt \u00fcber den Falkenstein.\" \/>\n<meta name=\"robots\" content=\"index, follow, max-snippet:-1, max-image-preview:large, max-video-preview:-1\" \/>\n<link rel=\"canonical\" href=\"https:\/\/www.salzburgerland.com\/de\/wp-json\/wp\/v2\/posts\/233168\" \/>\n<meta property=\"og:locale\" content=\"de_DE\" \/>\n<meta property=\"og:type\" content=\"article\" \/>\n<meta property=\"og:title\" content=\"Auf Pilgerpfaden durch das SalzburgerLand\" \/>\n<meta property=\"og:description\" content=\"Vor der Kulisse des Salzkammerguts wird eine Wanderung zur\u00a0Wallfahrt \u00fcber den Falkenstein.\" \/>\n<meta property=\"og:url\" content=\"https:\/\/www.salzburgerland.com\/de\/wp-json\/wp\/v2\/posts\/233168\" \/>\n<meta property=\"og:site_name\" content=\"SalzburgerLand.com\" \/>\n<meta property=\"article:publisher\" content=\"https:\/\/www.facebook.com\/salzburgerland\/\" \/>\n<meta property=\"article:published_time\" content=\"2018-03-20T12:55:57+00:00\" \/>\n<meta property=\"article:modified_time\" content=\"2020-02-13T13:04:45+00:00\" \/>\n<meta property=\"og:image\" content=\"https:\/\/www.salzburgerland.com\/de\/wp-content\/uploads\/2018\/03\/wandern-zwolferhorn1-1200x675.jpg\" \/>\n\t<meta property=\"og:image:width\" content=\"1200\" \/>\n\t<meta property=\"og:image:height\" content=\"675\" \/>\n\t<meta property=\"og:image:type\" content=\"image\/jpeg\" \/>\n<meta name=\"author\" content=\"Ulli Hammerl\" \/>\n<meta name=\"twitter:card\" content=\"summary_large_image\" \/>\n<meta name=\"twitter:creator\" content=\"@Salzburgerland\" \/>\n<meta name=\"twitter:site\" content=\"@Salzburgerland\" \/>\n<meta name=\"twitter:label1\" content=\"Verfasst von\" \/>\n\t<meta name=\"twitter:data1\" content=\"Ulli Hammerl\" \/>\n\t<meta name=\"twitter:label2\" content=\"Gesch\u00e4tzte Lesezeit\" \/>\n\t<meta name=\"twitter:data2\" content=\"4\u00a0Minuten\" \/>\n<script type=\"application\/ld+json\" class=\"yoast-schema-graph\">{\"@context\":\"https:\/\/schema.org\",\"@graph\":[{\"@type\":\"WebPage\",\"@id\":\"https:\/\/www.salzburgerland.com\/de\/auf-pilgerpfaden-durch-das-salzburgerland\/\",\"url\":\"https:\/\/www.salzburgerland.com\/de\/auf-pilgerpfaden-durch-das-salzburgerland\/\",\"name\":\"Auf Pilgerpfaden durch das SalzburgerLand \u00bb SalzburgerLand.com\",\"isPartOf\":{\"@id\":\"https:\/\/www.salzburgerland.com\/de\/#website\"},\"primaryImageOfPage\":{\"@id\":\"https:\/\/www.salzburgerland.com\/de\/auf-pilgerpfaden-durch-das-salzburgerland\/#primaryimage\"},\"image\":{\"@id\":\"https:\/\/www.salzburgerland.com\/de\/auf-pilgerpfaden-durch-das-salzburgerland\/#primaryimage\"},\"thumbnailUrl\":\"https:\/\/www.salzburgerland.com\/de\/wp-content\/uploads\/2018\/03\/wandern-zwolferhorn1.jpg\",\"datePublished\":\"2018-03-20T12:55:57+00:00\",\"dateModified\":\"2020-02-13T13:04:45+00:00\",\"description\":\"Vor der Kulisse des Salzkammerguts wird eine Wanderung zur\u00a0Wallfahrt \u00fcber den Falkenstein.\",\"breadcrumb\":{\"@id\":\"https:\/\/www.salzburgerland.com\/de\/auf-pilgerpfaden-durch-das-salzburgerland\/#breadcrumb\"},\"inLanguage\":\"de\",\"potentialAction\":[{\"@type\":\"ReadAction\",\"target\":[\"https:\/\/www.salzburgerland.com\/de\/auf-pilgerpfaden-durch-das-salzburgerland\/\"]}]},{\"@type\":\"ImageObject\",\"inLanguage\":\"de\",\"@id\":\"https:\/\/www.salzburgerland.com\/de\/auf-pilgerpfaden-durch-das-salzburgerland\/#primaryimage\",\"url\":\"https:\/\/www.salzburgerland.com\/de\/wp-content\/uploads\/2018\/03\/wandern-zwolferhorn1.jpg\",\"contentUrl\":\"https:\/\/www.salzburgerland.com\/de\/wp-content\/uploads\/2018\/03\/wandern-zwolferhorn1.jpg\",\"width\":1200,\"height\":800,\"caption\":\"Zwei Pilgern-Wanderer rasten an einem Gipfelkreuz mit Blick auf ein malerisches Tal mit See und Bergen.\"},{\"@type\":\"BreadcrumbList\",\"@id\":\"https:\/\/www.salzburgerland.com\/de\/auf-pilgerpfaden-durch-das-salzburgerland\/#breadcrumb\",\"itemListElement\":[{\"@type\":\"ListItem\",\"position\":1,\"name\":\"Spirituelles Reisen\",\"item\":\"https:\/\/www.salzburgerland.com\/de\/spirituelles-reisen\/\"},{\"@type\":\"ListItem\",\"position\":2,\"name\":\"Auf Pilgerpfaden durch das SalzburgerLand\"}]},{\"@type\":\"WebSite\",\"@id\":\"https:\/\/www.salzburgerland.com\/de\/#website\",\"url\":\"https:\/\/www.salzburgerland.com\/de\/\",\"name\":\"SalzburgerLand.com\",\"description\":\"Ihr Urlaub in Salzburg, \u00d6sterreich\",\"publisher\":{\"@id\":\"https:\/\/www.salzburgerland.com\/de\/#organization\"},\"potentialAction\":[{\"@type\":\"SearchAction\",\"target\":{\"@type\":\"EntryPoint\",\"urlTemplate\":\"https:\/\/www.salzburgerland.com\/de\/?s={search_term_string}\"},\"query-input\":{\"@type\":\"PropertyValueSpecification\",\"valueRequired\":true,\"valueName\":\"search_term_string\"}}],\"inLanguage\":\"de\"},{\"@type\":\"Organization\",\"@id\":\"https:\/\/www.salzburgerland.com\/de\/#organization\",\"name\":\"SalzburgerLand Tourismus GmbH\",\"url\":\"https:\/\/www.salzburgerland.com\/de\/\",\"logo\":{\"@type\":\"ImageObject\",\"inLanguage\":\"de\",\"@id\":\"https:\/\/www.salzburgerland.com\/de\/#\/schema\/logo\/image\/\",\"url\":\"https:\/\/www.salzburgerland.com\/de\/wp-content\/uploads\/2017\/01\/salzburgerland-logo.jpg\",\"contentUrl\":\"https:\/\/www.salzburgerland.com\/de\/wp-content\/uploads\/2017\/01\/salzburgerland-logo.jpg\",\"width\":1920,\"height\":827,\"caption\":\"SalzburgerLand Tourismus GmbH\"},\"image\":{\"@id\":\"https:\/\/www.salzburgerland.com\/de\/#\/schema\/logo\/image\/\"},\"sameAs\":[\"https:\/\/www.facebook.com\/salzburgerland\/\",\"https:\/\/x.com\/Salzburgerland\",\"https:\/\/www.instagram.com\/salzburgerland\/\",\"http:\/\/dbpedia.org\/resource\/Salzburg_(state)\",\"http:\/\/wikidata.dbpedia.org\/resource\/Q43325\",\"http:\/\/open.salzburgerland.com\/de\/entity\/salzburgerland\",\"https:\/\/www.youtube.com\/user\/salzburgerland\"]},{\"@type\":\"Person\",\"@id\":\"https:\/\/www.salzburgerland.com\/de\/#\/schema\/person\/43ce9aa621bd7728940e04ed11ce9b6e\",\"name\":\"Ulli Hammerl\",\"image\":{\"@type\":\"ImageObject\",\"inLanguage\":\"de\",\"@id\":\"https:\/\/www.salzburgerland.com\/de\/#\/schema\/person\/image\/\",\"url\":\"https:\/\/secure.gravatar.com\/avatar\/35c80e0404a213597afdb17e84ea42a986fe814f3f881bb75d00261a3ff7aefd?s=96&d=mm&r=g\",\"contentUrl\":\"https:\/\/secure.gravatar.com\/avatar\/35c80e0404a213597afdb17e84ea42a986fe814f3f881bb75d00261a3ff7aefd?s=96&d=mm&r=g\",\"caption\":\"Ulli Hammerl\"}}]}<\/script>\n<!-- \/ Yoast SEO Premium plugin. -->","yoast_head_json":{"title":"Auf Pilgerpfaden durch das SalzburgerLand \u00bb SalzburgerLand.com","description":"Vor der Kulisse des Salzkammerguts wird eine Wanderung zur\u00a0Wallfahrt \u00fcber den Falkenstein.","robots":{"index":"index","follow":"follow","max-snippet":"max-snippet:-1","max-image-preview":"max-image-preview:large","max-video-preview":"max-video-preview:-1"},"canonical":"https:\/\/www.salzburgerland.com\/de\/wp-json\/wp\/v2\/posts\/233168","og_locale":"de_DE","og_type":"article","og_title":"Auf Pilgerpfaden durch das SalzburgerLand","og_description":"Vor der Kulisse des Salzkammerguts wird eine Wanderung zur\u00a0Wallfahrt \u00fcber den Falkenstein.","og_url":"https:\/\/www.salzburgerland.com\/de\/wp-json\/wp\/v2\/posts\/233168","og_site_name":"SalzburgerLand.com","article_publisher":"https:\/\/www.facebook.com\/salzburgerland\/","article_published_time":"2018-03-20T12:55:57+00:00","article_modified_time":"2020-02-13T13:04:45+00:00","og_image":[{"width":1200,"height":675,"url":"https:\/\/www.salzburgerland.com\/de\/wp-content\/uploads\/2018\/03\/wandern-zwolferhorn1-1200x675.jpg","type":"image\/jpeg"}],"author":"Ulli Hammerl","twitter_card":"summary_large_image","twitter_creator":"@Salzburgerland","twitter_site":"@Salzburgerland","twitter_misc":{"Verfasst von":"Ulli Hammerl","Gesch\u00e4tzte Lesezeit":"4\u00a0Minuten"},"schema":{"@context":"https:\/\/schema.org","@graph":[{"@type":"WebPage","@id":"https:\/\/www.salzburgerland.com\/de\/auf-pilgerpfaden-durch-das-salzburgerland\/","url":"https:\/\/www.salzburgerland.com\/de\/auf-pilgerpfaden-durch-das-salzburgerland\/","name":"Auf Pilgerpfaden durch das SalzburgerLand \u00bb SalzburgerLand.com","isPartOf":{"@id":"https:\/\/www.salzburgerland.com\/de\/#website"},"primaryImageOfPage":{"@id":"https:\/\/www.salzburgerland.com\/de\/auf-pilgerpfaden-durch-das-salzburgerland\/#primaryimage"},"image":{"@id":"https:\/\/www.salzburgerland.com\/de\/auf-pilgerpfaden-durch-das-salzburgerland\/#primaryimage"},"thumbnailUrl":"https:\/\/www.salzburgerland.com\/de\/wp-content\/uploads\/2018\/03\/wandern-zwolferhorn1.jpg","datePublished":"2018-03-20T12:55:57+00:00","dateModified":"2020-02-13T13:04:45+00:00","description":"Vor der Kulisse des Salzkammerguts wird eine Wanderung zur\u00a0Wallfahrt \u00fcber den Falkenstein.","breadcrumb":{"@id":"https:\/\/www.salzburgerland.com\/de\/auf-pilgerpfaden-durch-das-salzburgerland\/#breadcrumb"},"inLanguage":"de","potentialAction":[{"@type":"ReadAction","target":["https:\/\/www.salzburgerland.com\/de\/auf-pilgerpfaden-durch-das-salzburgerland\/"]}]},{"@type":"ImageObject","inLanguage":"de","@id":"https:\/\/www.salzburgerland.com\/de\/auf-pilgerpfaden-durch-das-salzburgerland\/#primaryimage","url":"https:\/\/www.salzburgerland.com\/de\/wp-content\/uploads\/2018\/03\/wandern-zwolferhorn1.jpg","contentUrl":"https:\/\/www.salzburgerland.com\/de\/wp-content\/uploads\/2018\/03\/wandern-zwolferhorn1.jpg","width":1200,"height":800,"caption":"Zwei Pilgern-Wanderer rasten an einem Gipfelkreuz mit Blick auf ein malerisches Tal mit See und Bergen."},{"@type":"BreadcrumbList","@id":"https:\/\/www.salzburgerland.com\/de\/auf-pilgerpfaden-durch-das-salzburgerland\/#breadcrumb","itemListElement":[{"@type":"ListItem","position":1,"name":"Spirituelles Reisen","item":"https:\/\/www.salzburgerland.com\/de\/spirituelles-reisen\/"},{"@type":"ListItem","position":2,"name":"Auf Pilgerpfaden durch das SalzburgerLand"}]},{"@type":"WebSite","@id":"https:\/\/www.salzburgerland.com\/de\/#website","url":"https:\/\/www.salzburgerland.com\/de\/","name":"SalzburgerLand.com","description":"Ihr Urlaub in Salzburg, \u00d6sterreich","publisher":{"@id":"https:\/\/www.salzburgerland.com\/de\/#organization"},"potentialAction":[{"@type":"SearchAction","target":{"@type":"EntryPoint","urlTemplate":"https:\/\/www.salzburgerland.com\/de\/?s={search_term_string}"},"query-input":{"@type":"PropertyValueSpecification","valueRequired":true,"valueName":"search_term_string"}}],"inLanguage":"de"},{"@type":"Organization","@id":"https:\/\/www.salzburgerland.com\/de\/#organization","name":"SalzburgerLand Tourismus GmbH","url":"https:\/\/www.salzburgerland.com\/de\/","logo":{"@type":"ImageObject","inLanguage":"de","@id":"https:\/\/www.salzburgerland.com\/de\/#\/schema\/logo\/image\/","url":"https:\/\/www.salzburgerland.com\/de\/wp-content\/uploads\/2017\/01\/salzburgerland-logo.jpg","contentUrl":"https:\/\/www.salzburgerland.com\/de\/wp-content\/uploads\/2017\/01\/salzburgerland-logo.jpg","width":1920,"height":827,"caption":"SalzburgerLand Tourismus GmbH"},"image":{"@id":"https:\/\/www.salzburgerland.com\/de\/#\/schema\/logo\/image\/"},"sameAs":["https:\/\/www.facebook.com\/salzburgerland\/","https:\/\/x.com\/Salzburgerland","https:\/\/www.instagram.com\/salzburgerland\/","http:\/\/dbpedia.org\/resource\/Salzburg_(state)","http:\/\/wikidata.dbpedia.org\/resource\/Q43325","http:\/\/open.salzburgerland.com\/de\/entity\/salzburgerland","https:\/\/www.youtube.com\/user\/salzburgerland"]},{"@type":"Person","@id":"https:\/\/www.salzburgerland.com\/de\/#\/schema\/person\/43ce9aa621bd7728940e04ed11ce9b6e","name":"Ulli Hammerl","image":{"@type":"ImageObject","inLanguage":"de","@id":"https:\/\/www.salzburgerland.com\/de\/#\/schema\/person\/image\/","url":"https:\/\/secure.gravatar.com\/avatar\/35c80e0404a213597afdb17e84ea42a986fe814f3f881bb75d00261a3ff7aefd?s=96&d=mm&r=g","contentUrl":"https:\/\/secure.gravatar.com\/avatar\/35c80e0404a213597afdb17e84ea42a986fe814f3f881bb75d00261a3ff7aefd?s=96&d=mm&r=g","caption":"Ulli Hammerl"}}]}},"_wl_alt_label":[],"wl:entity_url":"http:\/\/open.salzburgerland.com\/de\/post\/auf_pilgerpfaden_durch_das_salzburgerland","_links":{"self":[{"href":"https:\/\/www.salzburgerland.com\/de\/wp-json\/wp\/v2\/posts\/233168","targetHints":{"allow":["GET"]}}],"collection":[{"href":"https:\/\/www.salzburgerland.com\/de\/wp-json\/wp\/v2\/posts"}],"about":[{"href":"https:\/\/www.salzburgerland.com\/de\/wp-json\/wp\/v2\/types\/post"}],"author":[{"embeddable":true,"href":"https:\/\/www.salzburgerland.com\/de\/wp-json\/wp\/v2\/users\/17"}],"replies":[{"embeddable":true,"href":"https:\/\/www.salzburgerland.com\/de\/wp-json\/wp\/v2\/comments?post=233168"}],"version-history":[{"count":0,"href":"https:\/\/www.salzburgerland.com\/de\/wp-json\/wp\/v2\/posts\/233168\/revisions"}],"wp:featuredmedia":[{"embeddable":true,"href":"https:\/\/www.salzburgerland.com\/de\/wp-json\/wp\/v2\/media\/233174"}],"wp:attachment":[{"href":"https:\/\/www.salzburgerland.com\/de\/wp-json\/wp\/v2\/media?parent=233168"}],"wp:term":[{"taxonomy":"category","embeddable":true,"href":"https:\/\/www.salzburgerland.com\/de\/wp-json\/wp\/v2\/categories?post=233168"},{"taxonomy":"post_tag","embeddable":true,"href":"https:\/\/www.salzburgerland.com\/de\/wp-json\/wp\/v2\/tags?post=233168"},{"taxonomy":"wl_entity_type","embeddable":true,"href":"https:\/\/www.salzburgerland.com\/de\/wp-json\/wp\/v2\/wl_entity_type?post=233168"}],"curies":[{"name":"wp","href":"https:\/\/api.w.org\/{rel}","templated":true}]}}