{"id":232836,"date":"2018-03-19T13:30:20","date_gmt":"2018-03-19T12:30:20","guid":{"rendered":"https:\/\/www.salzburgerland.com\/de\/?p=232836"},"modified":"2018-10-31T10:55:25","modified_gmt":"2018-10-31T09:55:25","slug":"5-wunderbare-fotospots-in-zell-am-see-kaprun","status":"publish","type":"post","link":"https:\/\/www.salzburgerland.com\/de\/5-wunderbare-fotospots-in-zell-am-see-kaprun\/","title":{"rendered":"5 wunderbare Fotospots in Zell am See-Kaprun"},"content":{"rendered":"<h2>#1 Sigmund-Thun-Klamm<\/h2>\n<p>F\u00fcr jeden Foto-Liebhaber ein Muss. Die <a href=\"https:\/\/www.salzburgerland.com\/de\/die-sigmund-thun-klamm\/\">Sigmund-Thun-Klamm<\/a> hat von M\u00e4rz bis Oktober ge\u00f6ffnet. In diesem Zeitraum hat man die Chance, ein richtiges Naturwunder zu erleben. Durch den Zugang am Parkplatz wurden <a href=\"https:\/\/www.salzburgerland.com\/de\/mike-clegg-ben-green\/\">Mike und Ben<\/a> zum Klamm-Eingang gef\u00fchrt. Dort ging es rund 45 Minuten (ohne Fotostopps) nach oben. Das Ende der Klamm bildet eine Plattform, die einen atemberaubenden Blick auf den Klammsee freigibt. Wer mag, umrundet den Klammsee und findet alle paar Meter eine neue Perspektive auf den malerischen See. Unser Tipp: Uhren auf jeden Fall zuhause lassen. Dieser Ausflug l\u00e4sst Zeit und Raum vergessen.<\/p>\n<div id=\"attachment_231780\" style=\"width: 1180px\" class=\"wp-caption alignnone\"><img decoding=\"async\" aria-describedby=\"caption-attachment-231780\" class=\"size-1170_658 wp-image-231780\" src=\"https:\/\/cdn.salzburgerland.com\/de\/wp-content\/uploads\/2018\/03\/zask_fin-76-von-124-1170x658.jpg\" alt=\"Sigmund Thun Klamm\" width=\"1170\" height=\"658\" srcset=\"https:\/\/www.salzburgerland.com\/de\/wp-content\/uploads\/2018\/03\/zask_fin-76-von-124-1170x658.jpg 1170w, https:\/\/www.salzburgerland.com\/de\/wp-content\/uploads\/2018\/03\/zask_fin-76-von-124-768x432.jpg 768w, https:\/\/www.salzburgerland.com\/de\/wp-content\/uploads\/2018\/03\/zask_fin-76-von-124-1200x675.jpg 1200w, https:\/\/www.salzburgerland.com\/de\/wp-content\/uploads\/2018\/03\/zask_fin-76-von-124.jpg 1920w\" sizes=\"(max-width: 1170px) 100vw, 1170px\"><p id=\"caption-attachment-231780\" class=\"wp-caption-text\">\u00a9 SalzburgerLand Tourismus, Fr\u00e4ulein Floras Favourite Hangouts \u2013 Sigmund Thun Klamm<\/p><\/div>\n<h2>#2 Kitzsteinhorn<\/h2>\n<p>Die Spitze des <a href=\"https:\/\/www.salzburgerland.com\/de\/gipfelglueck-am-kitzsteinhorn\/\">Kitzsteinhornes<\/a> befindet sich auf 3.029 Metern. Das ist ganz sch\u00f6n hoch. Eine gute halbe Stunde dauert die Auffahrt mit den drei Liften. Zwischen September und Juli liegt am Kitzsteinhorn Schnee, die meiste Zeit sind die Lifte in Betrieb und machen so Skifahren im Herbst und im Fr\u00fchjahr m\u00f6glich. F\u00fcr Mike und Ben war es der erste Schnee des Jahres \u2013\u00a0und ein wunderbares Erlebnis. Am Kitzsteinhorn kann man aber nicht nur Skifahren. Das <a href=\"http:\/\/www.kitzsteinhorn.at\/de\/kulinarik\/ice-camp\" target=\"_blank\" rel=\"noopener\">ICE CAMP<\/a>, die Gipfelwelt 3000 inklusive Kino oder die Ice Arena sind nur einige Highlights, die es am Kitzsteinhorn zu erleben gibt.<\/p>\n<div id=\"attachment_231788\" style=\"width: 1180px\" class=\"wp-caption alignnone\"><img decoding=\"async\" aria-describedby=\"caption-attachment-231788\" class=\"size-1170_658 wp-image-231788\" src=\"https:\/\/cdn.salzburgerland.com\/de\/wp-content\/uploads\/2018\/03\/zask_fin-115-von-124-1170x658.jpg\" alt=\"Mike und Ben am Kitzsteinhorn\" width=\"1170\" height=\"658\" srcset=\"https:\/\/www.salzburgerland.com\/de\/wp-content\/uploads\/2018\/03\/zask_fin-115-von-124-1170x658.jpg 1170w, https:\/\/www.salzburgerland.com\/de\/wp-content\/uploads\/2018\/03\/zask_fin-115-von-124-768x432.jpg 768w, https:\/\/www.salzburgerland.com\/de\/wp-content\/uploads\/2018\/03\/zask_fin-115-von-124-1200x675.jpg 1200w, https:\/\/www.salzburgerland.com\/de\/wp-content\/uploads\/2018\/03\/zask_fin-115-von-124.jpg 1920w\" sizes=\"(max-width: 1170px) 100vw, 1170px\"><p id=\"caption-attachment-231788\" class=\"wp-caption-text\">\u00a9 SalzburgerLand Tourismus, Fr\u00e4ulein Floras Favourite Hangouts \u2013 Mike und Ben am Kitzsteinhorn<\/p><\/div>\n<h2>#3 Rundfahrt auf der MS Schmittenh\u00f6he<\/h2>\n<p>\u201eI\u2019m on a boat\u201c haben Ben und Mike im Oktober mit Fug und Recht behaupten k\u00f6nnen. Die <a href=\"https:\/\/www.schmitten.at\/de\/schifffahrt\" target=\"_blank\" rel=\"noopener\">MS Schmittenh\u00f6he<\/a> dreht mit Besuchern eine sch\u00f6ne Runde am Zeller See. Je weiter sich das Schiff vom Hafen wegbewegt, desto sch\u00f6ner wird die Sicht auf die Berge. Mike und Ben hatten Gl\u00fcck: Bei Sonnenschein konnten die beiden an Deck sitzen und die einzigartigen Momente festhalten.<\/p>\n<div id=\"attachment_231768\" style=\"width: 1180px\" class=\"wp-caption alignnone\"><img decoding=\"async\" aria-describedby=\"caption-attachment-231768\" class=\"size-1170_658 wp-image-231768\" src=\"https:\/\/cdn.salzburgerland.com\/de\/wp-content\/uploads\/2018\/03\/zask_fin-32-von-124-1170x658.jpg\" alt=\"Zeller See\" width=\"1170\" height=\"658\" srcset=\"https:\/\/www.salzburgerland.com\/de\/wp-content\/uploads\/2018\/03\/zask_fin-32-von-124-1170x658.jpg 1170w, https:\/\/www.salzburgerland.com\/de\/wp-content\/uploads\/2018\/03\/zask_fin-32-von-124-768x432.jpg 768w, https:\/\/www.salzburgerland.com\/de\/wp-content\/uploads\/2018\/03\/zask_fin-32-von-124-1200x675.jpg 1200w, https:\/\/www.salzburgerland.com\/de\/wp-content\/uploads\/2018\/03\/zask_fin-32-von-124.jpg 1920w\" sizes=\"(max-width: 1170px) 100vw, 1170px\"><p id=\"caption-attachment-231768\" class=\"wp-caption-text\">\u00a9 SalzburgerLand Tourismus, Fr\u00e4ulein Floras Favourite Hangouts \u2013 Zeller See<\/p><\/div>\n<h2>#4 Schmittenh\u00f6he<\/h2>\n<p>Ein Fotograf auf der Schmittenh\u00f6he sieht Folgendes: Wolken, welche die Bergspitzen in Nebel h\u00fcllen. Und immer wieder den Blick auf den Zeller See ganz tief im Tal freigeben. F\u00fcr Ben und Mike war das ein besonderer Moment. Fasziniert waren die beiden vom Wechselspiel zwischen Nebel und Ausblick. Auf Fotos sieht dieser mystische Effekt besonders sch\u00f6n aus. Es muss ja nicht immer alles blauer Himmel und strahlender Sonnenschein sein, oder?<\/p>\n<div id=\"attachment_270710\" style=\"width: 1180px\" class=\"wp-caption alignnone\"><img decoding=\"async\" aria-describedby=\"caption-attachment-270710\" class=\"size-1170_658 wp-image-270710\" src=\"https:\/\/www.salzburgerland.com\/de\/wp-content\/uploads\/2018\/03\/zask_fin-123-von-124-1170x658.jpg\" alt=\"\" width=\"1170\" height=\"658\" srcset=\"https:\/\/www.salzburgerland.com\/de\/wp-content\/uploads\/2018\/03\/zask_fin-123-von-124-1170x658.jpg 1170w, https:\/\/www.salzburgerland.com\/de\/wp-content\/uploads\/2018\/03\/zask_fin-123-von-124-768x432.jpg 768w, https:\/\/www.salzburgerland.com\/de\/wp-content\/uploads\/2018\/03\/zask_fin-123-von-124-1200x675.jpg 1200w, https:\/\/www.salzburgerland.com\/de\/wp-content\/uploads\/2018\/03\/zask_fin-123-von-124.jpg 1920w\" sizes=\"(max-width: 1170px) 100vw, 1170px\"><p id=\"caption-attachment-270710\" class=\"wp-caption-text\">\u00a9 SalzburgerLand Tourismus, Fr\u00e4ulein Floras Favourite Hangouts \u2013 Blick auf den Zeller See<\/p><\/div>\n<h2>#5 Sonnenaufgang in den Zeller Bergen<\/h2>\n<p>Manchmal muss man einfach vor der Sonne aufstehen. Mike und Ben lieben Sonnenaufg\u00e4nge. Und den Moment, wenn die ersten Strahlen die Bergspitzen ber\u00fchren und ein ganz besonderes Licht zaubern. Wer ein Auto zur Verf\u00fcgung hat, sollte zeitig in der Fr\u00fch starten, sich warm (!) anziehen und auf eine der Bergstra\u00dfen rund um Zell am See bzw. Kaprun hochfahren. Die M\u00fchen werden definitiv belohnt, gute Fotos sind garantiert!<\/p>\n<div id=\"attachment_231772\" style=\"width: 1180px\" class=\"wp-caption alignnone\"><img decoding=\"async\" aria-describedby=\"caption-attachment-231772\" class=\"size-1170_658 wp-image-231772\" src=\"https:\/\/cdn.salzburgerland.com\/de\/wp-content\/uploads\/2018\/03\/zask_fin-35-von-124-1170x658.jpg\" alt=\"Blick auf Zell am See\" width=\"1170\" height=\"658\" srcset=\"https:\/\/www.salzburgerland.com\/de\/wp-content\/uploads\/2018\/03\/zask_fin-35-von-124-1170x658.jpg 1170w, https:\/\/www.salzburgerland.com\/de\/wp-content\/uploads\/2018\/03\/zask_fin-35-von-124-768x432.jpg 768w, https:\/\/www.salzburgerland.com\/de\/wp-content\/uploads\/2018\/03\/zask_fin-35-von-124-1200x675.jpg 1200w, https:\/\/www.salzburgerland.com\/de\/wp-content\/uploads\/2018\/03\/zask_fin-35-von-124.jpg 1920w\" sizes=\"(max-width: 1170px) 100vw, 1170px\"><p id=\"caption-attachment-231772\" class=\"wp-caption-text\">\u00a9 SalzburgerLand Tourismus, Fr\u00e4ulein Floras Favourite Hangouts \u2013 Blick auf Zell am See<\/p><\/div>\n","protected":false},"excerpt":{"rendered":"<p>#1 Sigmund-Thun-Klamm F\u00fcr jeden Foto-Liebhaber ein Muss. Die Sigmund-Thun-Klamm hat von M\u00e4rz bis Oktober ge\u00f6ffnet. In diesem Zeitraum hat man die Chance, ein richtiges Naturwunder zu erleben. Durch den Zugang am Parkplatz wurden Mike und Ben zum Klamm-Eingang gef\u00fchrt. Dort ging es rund 45 Minuten (ohne Fotostopps) nach oben. Das Ende der Klamm bildet eine [&hellip;]<\/p>\n","protected":false},"author":57,"featured_media":231786,"comment_status":"closed","ping_status":"closed","sticky":false,"template":"","format":"standard","meta":{"_acf_changed":false,"wl_entities_gutenberg":"","_relevanssi_hide_post":"","_relevanssi_hide_content":"","_relevanssi_pin_for_all":"","_relevanssi_pin_keywords":"","_relevanssi_unpin_keywords":"","_relevanssi_related_keywords":"","_relevanssi_related_include_ids":"","_relevanssi_related_exclude_ids":"","_relevanssi_related_no_append":"","_relevanssi_related_not_related":"","_relevanssi_related_posts":"","_relevanssi_noindex_reason":"","footnotes":""},"categories":[1],"tags":[],"wl_entity_type":[11495],"class_list":["post-232836","post","type-post","status-publish","format-standard","has-post-thumbnail","hentry","category-allgemein","wl_entity_type-article"],"acf":[],"yoast_head":"<!-- This site is optimized with the Yoast SEO Premium plugin v26.9 (Yoast SEO v26.9) - https:\/\/yoast.com\/product\/yoast-seo-premium-wordpress\/ -->\n<title>5 wunderbare Fotospots in Zell am See-Kaprun \u00bb SalzburgerLand.com<\/title>\n<meta name=\"description\" content=\"Mike und Ben fotografieren am liebsten Landschaften und Naturph\u00e4nomene. Davon gab\u00b4s in Zell am See-Kaprun jede Menge.\" \/>\n<meta name=\"robots\" content=\"index, follow, max-snippet:-1, max-image-preview:large, max-video-preview:-1\" \/>\n<link rel=\"canonical\" href=\"https:\/\/www.salzburgerland.com\/de\/wp-json\/wp\/v2\/posts\/232836\" \/>\n<meta property=\"og:locale\" content=\"de_DE\" \/>\n<meta property=\"og:type\" content=\"article\" \/>\n<meta property=\"og:title\" content=\"5 wunderbare Fotospots in Zell am See-Kaprun\" \/>\n<meta property=\"og:description\" content=\"Mike und Ben fotografieren am liebsten Landschaften und Naturph\u00e4nomene. Davon gab\u00b4s in Zell am See-Kaprun jede Menge.\" \/>\n<meta property=\"og:url\" content=\"https:\/\/www.salzburgerland.com\/de\/wp-json\/wp\/v2\/posts\/232836\" \/>\n<meta property=\"og:site_name\" content=\"SalzburgerLand.com\" \/>\n<meta property=\"article:publisher\" content=\"https:\/\/www.facebook.com\/salzburgerland\/\" \/>\n<meta property=\"article:published_time\" content=\"2018-03-19T12:30:20+00:00\" \/>\n<meta property=\"article:modified_time\" content=\"2018-10-31T09:55:25+00:00\" \/>\n<meta property=\"og:image\" content=\"https:\/\/www.salzburgerland.com\/de\/wp-content\/uploads\/2018\/03\/zask_fin-93-von-124-1200x675.jpg\" \/>\n\t<meta property=\"og:image:width\" content=\"1200\" \/>\n\t<meta property=\"og:image:height\" content=\"675\" \/>\n\t<meta property=\"og:image:type\" content=\"image\/jpeg\" \/>\n<meta name=\"author\" content=\"Miriam Kreiseder\" \/>\n<meta name=\"twitter:card\" content=\"summary_large_image\" \/>\n<meta name=\"twitter:creator\" content=\"@Salzburgerland\" \/>\n<meta name=\"twitter:site\" content=\"@Salzburgerland\" \/>\n<meta name=\"twitter:label1\" content=\"Verfasst von\" \/>\n\t<meta name=\"twitter:data1\" content=\"Miriam Kreiseder\" \/>\n\t<meta name=\"twitter:label2\" content=\"Gesch\u00e4tzte Lesezeit\" \/>\n\t<meta name=\"twitter:data2\" content=\"3\u00a0Minuten\" \/>\n<script type=\"application\/ld+json\" class=\"yoast-schema-graph\">{\"@context\":\"https:\/\/schema.org\",\"@graph\":[{\"@type\":\"WebPage\",\"@id\":\"https:\/\/www.salzburgerland.com\/de\/5-wunderbare-fotospots-in-zell-am-see-kaprun\/\",\"url\":\"https:\/\/www.salzburgerland.com\/de\/5-wunderbare-fotospots-in-zell-am-see-kaprun\/\",\"name\":\"5 wunderbare Fotospots in Zell am See-Kaprun \u00bb SalzburgerLand.com\",\"isPartOf\":{\"@id\":\"https:\/\/www.salzburgerland.com\/de\/#website\"},\"primaryImageOfPage\":{\"@id\":\"https:\/\/www.salzburgerland.com\/de\/5-wunderbare-fotospots-in-zell-am-see-kaprun\/#primaryimage\"},\"image\":{\"@id\":\"https:\/\/www.salzburgerland.com\/de\/5-wunderbare-fotospots-in-zell-am-see-kaprun\/#primaryimage\"},\"thumbnailUrl\":\"https:\/\/www.salzburgerland.com\/de\/wp-content\/uploads\/2018\/03\/zask_fin-93-von-124.jpg\",\"datePublished\":\"2018-03-19T12:30:20+00:00\",\"dateModified\":\"2018-10-31T09:55:25+00:00\",\"description\":\"Mike und Ben fotografieren am liebsten Landschaften und Naturph\u00e4nomene. Davon gab\u00b4s in Zell am See-Kaprun jede Menge.\",\"breadcrumb\":{\"@id\":\"https:\/\/www.salzburgerland.com\/de\/5-wunderbare-fotospots-in-zell-am-see-kaprun\/#breadcrumb\"},\"inLanguage\":\"de\",\"potentialAction\":[{\"@type\":\"ReadAction\",\"target\":[\"https:\/\/www.salzburgerland.com\/de\/5-wunderbare-fotospots-in-zell-am-see-kaprun\/\"]}]},{\"@type\":\"ImageObject\",\"inLanguage\":\"de\",\"@id\":\"https:\/\/www.salzburgerland.com\/de\/5-wunderbare-fotospots-in-zell-am-see-kaprun\/#primaryimage\",\"url\":\"https:\/\/www.salzburgerland.com\/de\/wp-content\/uploads\/2018\/03\/zask_fin-93-von-124.jpg\",\"contentUrl\":\"https:\/\/www.salzburgerland.com\/de\/wp-content\/uploads\/2018\/03\/zask_fin-93-von-124.jpg\",\"width\":1920,\"height\":1080,\"caption\":\"\u00a9 SalzburgerLand Tourismus, Fr\u00e4ulein Floras Favourite Hangouts \u2013 T\u00fcrkisblaues Wasser im Klammsee\"},{\"@type\":\"BreadcrumbList\",\"@id\":\"https:\/\/www.salzburgerland.com\/de\/5-wunderbare-fotospots-in-zell-am-see-kaprun\/#breadcrumb\",\"itemListElement\":[{\"@type\":\"ListItem\",\"position\":1,\"name\":\"Mike Clegg &amp; Ben Green\",\"item\":\"https:\/\/www.salzburgerland.com\/de\/mike-clegg-ben-green\/\"},{\"@type\":\"ListItem\",\"position\":2,\"name\":\"5 wunderbare Fotospots in Zell am See-Kaprun\"}]},{\"@type\":\"WebSite\",\"@id\":\"https:\/\/www.salzburgerland.com\/de\/#website\",\"url\":\"https:\/\/www.salzburgerland.com\/de\/\",\"name\":\"SalzburgerLand.com\",\"description\":\"Ihr Urlaub in Salzburg, \u00d6sterreich\",\"publisher\":{\"@id\":\"https:\/\/www.salzburgerland.com\/de\/#organization\"},\"potentialAction\":[{\"@type\":\"SearchAction\",\"target\":{\"@type\":\"EntryPoint\",\"urlTemplate\":\"https:\/\/www.salzburgerland.com\/de\/?s={search_term_string}\"},\"query-input\":{\"@type\":\"PropertyValueSpecification\",\"valueRequired\":true,\"valueName\":\"search_term_string\"}}],\"inLanguage\":\"de\"},{\"@type\":\"Organization\",\"@id\":\"https:\/\/www.salzburgerland.com\/de\/#organization\",\"name\":\"SalzburgerLand Tourismus GmbH\",\"url\":\"https:\/\/www.salzburgerland.com\/de\/\",\"logo\":{\"@type\":\"ImageObject\",\"inLanguage\":\"de\",\"@id\":\"https:\/\/www.salzburgerland.com\/de\/#\/schema\/logo\/image\/\",\"url\":\"https:\/\/www.salzburgerland.com\/de\/wp-content\/uploads\/2017\/01\/salzburgerland-logo.jpg\",\"contentUrl\":\"https:\/\/www.salzburgerland.com\/de\/wp-content\/uploads\/2017\/01\/salzburgerland-logo.jpg\",\"width\":1920,\"height\":827,\"caption\":\"SalzburgerLand Tourismus GmbH\"},\"image\":{\"@id\":\"https:\/\/www.salzburgerland.com\/de\/#\/schema\/logo\/image\/\"},\"sameAs\":[\"https:\/\/www.facebook.com\/salzburgerland\/\",\"https:\/\/x.com\/Salzburgerland\",\"https:\/\/www.instagram.com\/salzburgerland\/\",\"http:\/\/dbpedia.org\/resource\/Salzburg_(state)\",\"http:\/\/wikidata.dbpedia.org\/resource\/Q43325\",\"http:\/\/open.salzburgerland.com\/de\/entity\/salzburgerland\",\"https:\/\/www.youtube.com\/user\/salzburgerland\"]},{\"@type\":\"Person\",\"@id\":\"https:\/\/www.salzburgerland.com\/de\/#\/schema\/person\/5e2487151f535fd7a40628d570ca94d3\",\"name\":\"Miriam Kreiseder\",\"image\":{\"@type\":\"ImageObject\",\"inLanguage\":\"de\",\"@id\":\"https:\/\/www.salzburgerland.com\/de\/#\/schema\/person\/image\/\",\"url\":\"https:\/\/secure.gravatar.com\/avatar\/c432f8977c6ef3b4ef5a56e4aae9e3515c8875144022177ab7fa4e8696a5b7cb?s=96&d=mm&r=g\",\"contentUrl\":\"https:\/\/secure.gravatar.com\/avatar\/c432f8977c6ef3b4ef5a56e4aae9e3515c8875144022177ab7fa4e8696a5b7cb?s=96&d=mm&r=g\",\"caption\":\"Miriam Kreiseder\"}}]}<\/script>\n<!-- \/ Yoast SEO Premium plugin. -->","yoast_head_json":{"title":"5 wunderbare Fotospots in Zell am See-Kaprun \u00bb SalzburgerLand.com","description":"Mike und Ben fotografieren am liebsten Landschaften und Naturph\u00e4nomene. Davon gab\u00b4s in Zell am See-Kaprun jede Menge.","robots":{"index":"index","follow":"follow","max-snippet":"max-snippet:-1","max-image-preview":"max-image-preview:large","max-video-preview":"max-video-preview:-1"},"canonical":"https:\/\/www.salzburgerland.com\/de\/wp-json\/wp\/v2\/posts\/232836","og_locale":"de_DE","og_type":"article","og_title":"5 wunderbare Fotospots in Zell am See-Kaprun","og_description":"Mike und Ben fotografieren am liebsten Landschaften und Naturph\u00e4nomene. Davon gab\u00b4s in Zell am See-Kaprun jede Menge.","og_url":"https:\/\/www.salzburgerland.com\/de\/wp-json\/wp\/v2\/posts\/232836","og_site_name":"SalzburgerLand.com","article_publisher":"https:\/\/www.facebook.com\/salzburgerland\/","article_published_time":"2018-03-19T12:30:20+00:00","article_modified_time":"2018-10-31T09:55:25+00:00","og_image":[{"width":1200,"height":675,"url":"https:\/\/www.salzburgerland.com\/de\/wp-content\/uploads\/2018\/03\/zask_fin-93-von-124-1200x675.jpg","type":"image\/jpeg"}],"author":"Miriam Kreiseder","twitter_card":"summary_large_image","twitter_creator":"@Salzburgerland","twitter_site":"@Salzburgerland","twitter_misc":{"Verfasst von":"Miriam Kreiseder","Gesch\u00e4tzte Lesezeit":"3\u00a0Minuten"},"schema":{"@context":"https:\/\/schema.org","@graph":[{"@type":"WebPage","@id":"https:\/\/www.salzburgerland.com\/de\/5-wunderbare-fotospots-in-zell-am-see-kaprun\/","url":"https:\/\/www.salzburgerland.com\/de\/5-wunderbare-fotospots-in-zell-am-see-kaprun\/","name":"5 wunderbare Fotospots in Zell am See-Kaprun \u00bb SalzburgerLand.com","isPartOf":{"@id":"https:\/\/www.salzburgerland.com\/de\/#website"},"primaryImageOfPage":{"@id":"https:\/\/www.salzburgerland.com\/de\/5-wunderbare-fotospots-in-zell-am-see-kaprun\/#primaryimage"},"image":{"@id":"https:\/\/www.salzburgerland.com\/de\/5-wunderbare-fotospots-in-zell-am-see-kaprun\/#primaryimage"},"thumbnailUrl":"https:\/\/www.salzburgerland.com\/de\/wp-content\/uploads\/2018\/03\/zask_fin-93-von-124.jpg","datePublished":"2018-03-19T12:30:20+00:00","dateModified":"2018-10-31T09:55:25+00:00","description":"Mike und Ben fotografieren am liebsten Landschaften und Naturph\u00e4nomene. Davon gab\u00b4s in Zell am See-Kaprun jede Menge.","breadcrumb":{"@id":"https:\/\/www.salzburgerland.com\/de\/5-wunderbare-fotospots-in-zell-am-see-kaprun\/#breadcrumb"},"inLanguage":"de","potentialAction":[{"@type":"ReadAction","target":["https:\/\/www.salzburgerland.com\/de\/5-wunderbare-fotospots-in-zell-am-see-kaprun\/"]}]},{"@type":"ImageObject","inLanguage":"de","@id":"https:\/\/www.salzburgerland.com\/de\/5-wunderbare-fotospots-in-zell-am-see-kaprun\/#primaryimage","url":"https:\/\/www.salzburgerland.com\/de\/wp-content\/uploads\/2018\/03\/zask_fin-93-von-124.jpg","contentUrl":"https:\/\/www.salzburgerland.com\/de\/wp-content\/uploads\/2018\/03\/zask_fin-93-von-124.jpg","width":1920,"height":1080,"caption":"\u00a9 SalzburgerLand Tourismus, Fr\u00e4ulein Floras Favourite Hangouts \u2013 T\u00fcrkisblaues Wasser im Klammsee"},{"@type":"BreadcrumbList","@id":"https:\/\/www.salzburgerland.com\/de\/5-wunderbare-fotospots-in-zell-am-see-kaprun\/#breadcrumb","itemListElement":[{"@type":"ListItem","position":1,"name":"Mike Clegg &amp; Ben Green","item":"https:\/\/www.salzburgerland.com\/de\/mike-clegg-ben-green\/"},{"@type":"ListItem","position":2,"name":"5 wunderbare Fotospots in Zell am See-Kaprun"}]},{"@type":"WebSite","@id":"https:\/\/www.salzburgerland.com\/de\/#website","url":"https:\/\/www.salzburgerland.com\/de\/","name":"SalzburgerLand.com","description":"Ihr Urlaub in Salzburg, \u00d6sterreich","publisher":{"@id":"https:\/\/www.salzburgerland.com\/de\/#organization"},"potentialAction":[{"@type":"SearchAction","target":{"@type":"EntryPoint","urlTemplate":"https:\/\/www.salzburgerland.com\/de\/?s={search_term_string}"},"query-input":{"@type":"PropertyValueSpecification","valueRequired":true,"valueName":"search_term_string"}}],"inLanguage":"de"},{"@type":"Organization","@id":"https:\/\/www.salzburgerland.com\/de\/#organization","name":"SalzburgerLand Tourismus GmbH","url":"https:\/\/www.salzburgerland.com\/de\/","logo":{"@type":"ImageObject","inLanguage":"de","@id":"https:\/\/www.salzburgerland.com\/de\/#\/schema\/logo\/image\/","url":"https:\/\/www.salzburgerland.com\/de\/wp-content\/uploads\/2017\/01\/salzburgerland-logo.jpg","contentUrl":"https:\/\/www.salzburgerland.com\/de\/wp-content\/uploads\/2017\/01\/salzburgerland-logo.jpg","width":1920,"height":827,"caption":"SalzburgerLand Tourismus GmbH"},"image":{"@id":"https:\/\/www.salzburgerland.com\/de\/#\/schema\/logo\/image\/"},"sameAs":["https:\/\/www.facebook.com\/salzburgerland\/","https:\/\/x.com\/Salzburgerland","https:\/\/www.instagram.com\/salzburgerland\/","http:\/\/dbpedia.org\/resource\/Salzburg_(state)","http:\/\/wikidata.dbpedia.org\/resource\/Q43325","http:\/\/open.salzburgerland.com\/de\/entity\/salzburgerland","https:\/\/www.youtube.com\/user\/salzburgerland"]},{"@type":"Person","@id":"https:\/\/www.salzburgerland.com\/de\/#\/schema\/person\/5e2487151f535fd7a40628d570ca94d3","name":"Miriam Kreiseder","image":{"@type":"ImageObject","inLanguage":"de","@id":"https:\/\/www.salzburgerland.com\/de\/#\/schema\/person\/image\/","url":"https:\/\/secure.gravatar.com\/avatar\/c432f8977c6ef3b4ef5a56e4aae9e3515c8875144022177ab7fa4e8696a5b7cb?s=96&d=mm&r=g","contentUrl":"https:\/\/secure.gravatar.com\/avatar\/c432f8977c6ef3b4ef5a56e4aae9e3515c8875144022177ab7fa4e8696a5b7cb?s=96&d=mm&r=g","caption":"Miriam Kreiseder"}}]}},"_wl_alt_label":[],"wl:entity_url":"http:\/\/open.salzburgerland.com\/de\/post\/5_wunderbare_fotospots_in_zell_am_see-kaprun","_links":{"self":[{"href":"https:\/\/www.salzburgerland.com\/de\/wp-json\/wp\/v2\/posts\/232836","targetHints":{"allow":["GET"]}}],"collection":[{"href":"https:\/\/www.salzburgerland.com\/de\/wp-json\/wp\/v2\/posts"}],"about":[{"href":"https:\/\/www.salzburgerland.com\/de\/wp-json\/wp\/v2\/types\/post"}],"author":[{"embeddable":true,"href":"https:\/\/www.salzburgerland.com\/de\/wp-json\/wp\/v2\/users\/57"}],"replies":[{"embeddable":true,"href":"https:\/\/www.salzburgerland.com\/de\/wp-json\/wp\/v2\/comments?post=232836"}],"version-history":[{"count":0,"href":"https:\/\/www.salzburgerland.com\/de\/wp-json\/wp\/v2\/posts\/232836\/revisions"}],"wp:featuredmedia":[{"embeddable":true,"href":"https:\/\/www.salzburgerland.com\/de\/wp-json\/wp\/v2\/media\/231786"}],"wp:attachment":[{"href":"https:\/\/www.salzburgerland.com\/de\/wp-json\/wp\/v2\/media?parent=232836"}],"wp:term":[{"taxonomy":"category","embeddable":true,"href":"https:\/\/www.salzburgerland.com\/de\/wp-json\/wp\/v2\/categories?post=232836"},{"taxonomy":"post_tag","embeddable":true,"href":"https:\/\/www.salzburgerland.com\/de\/wp-json\/wp\/v2\/tags?post=232836"},{"taxonomy":"wl_entity_type","embeddable":true,"href":"https:\/\/www.salzburgerland.com\/de\/wp-json\/wp\/v2\/wl_entity_type?post=232836"}],"curies":[{"name":"wp","href":"https:\/\/api.w.org\/{rel}","templated":true}]}}