{"id":215777,"date":"2018-01-22T15:51:21","date_gmt":"2018-01-22T14:51:21","guid":{"rendered":"https:\/\/www.salzburgerland.com\/de\/?p=215777"},"modified":"2026-03-10T09:36:31","modified_gmt":"2026-03-10T08:36:31","slug":"huettenhuepfer-tour","status":"publish","type":"post","link":"https:\/\/www.salzburgerland.com\/de\/huettenhuepfer-tour\/","title":{"rendered":"Hochk\u00f6nig H\u00fcttenh\u00fcpfer Tour"},"content":{"rendered":"<p class=\"x_MsoNormal\"><b><span data-olk-copy-source=\"MessageBody\">Gipfelgl\u00fcck am Hochk\u00f6nig: Von Sonnenuntergang bis Sonnenaufgang<\/span><\/b><\/p>\n<p class=\"x_MsoNormal\"><span>Es gibt Momente in den Salzburger Alpen, die man nie vergisst. Den Tag an einem stillen Logenplatz hoch oben am Berg ausklingen zu lassen, geh\u00f6rt zweifellos dazu. Doch es gibt eine Steigerung: Den n\u00e4chsten Tag genau dort zu beginnen, wo Ihr am Vorabend die letzten Sonnenstrahlen verabschiedet haben.<\/span><\/p>\n<p class=\"x_MsoNormal\"><span>\u00a0<\/span><b><\/b><b><span>Das erwartet euch auf dieser mehrt\u00e4gigen Wanderung:<\/span><\/b><\/p>\n<ul type=\"disc\">\n<li class=\"x_MsoNormal\"><b><span>Natur pur am Hochk\u00f6nig:<\/span><\/b><span> Ihr wandert durch die beeindruckenden Kontraste der Region \u2013 von den markanten \u00dcbergossenen Almen bis hin zu sanften Grash\u00fcgeln.<\/span><\/li>\n<li class=\"x_MsoNormal\"><b><span>H\u00fcttenzauber erleben:<\/span><\/b><span>\u00a0Statt ins Tal zur\u00fcckzukehren, kehrt ihr in urige Bergh\u00fctten ein. Hier genie\u00dft ihr die echte Salzburger Gastfreundschaft und die unvergleichliche Ruhe direkt am Fels.<\/span><\/li>\n<li class=\"x_MsoNormal\"><b><span>Kulinarik mit Aussicht:<\/span><\/b><span>\u00a0Regionale Gastlichkeit und heimische Produkte lassen euer Wanderherz garantiert h\u00f6her schlagen. Die Verpflegung auf den H\u00fctten spiegelt die kulinarische Vielfalt des SalzburgerLandes wider.<\/span><\/li>\n<li class=\"x_MsoNormal\"><b><span>Magische Momente:<\/span><\/b><span>\u00a0Wenn die ersten Sonnenstrahlen die Gipfel des Hochk\u00f6nigs in goldenes Licht tauchen, seid ihr bereits mitten im Geschehen und startet voller Energie in die n\u00e4chste Etappe.<\/span><\/li>\n<\/ul>\n<p class=\"x_MsoNormal\"><span>\u00a0<\/span><span>Erlebt die perfekte Kombination aus sportlicher Herausforderung und der erholsamen Stille der alpinen Natur.<\/span><\/p>\n<p class=\"x_MsoNormal\"><a href=\"https:\/\/www.hochkoenig.at\/de\/sommer\/wandern\/hochkoenig-huettenhuepfer-tour.html\" target=\"_blank\" rel=\"noopener\"><span>\u00a0Hier findet ihr die d<\/span><span>etaillierte Beschreibung.<\/span><\/a><\/p>\n<div id=\"attachment_681587\" style=\"width: 1034px\" class=\"wp-caption alignleft\"><img decoding=\"async\" aria-describedby=\"caption-attachment-681587\" class=\"size-medium wp-image-681587\" src=\"https:\/\/www.salzburgerland.com\/de\/wp-content\/uploads\/2018\/01\/hochkoenig-tourismus-gmbh-huettenhuepfer-1024x569.jpg\" alt=\"Zwei Frauen stehen auf Felsen an einem Wasserfall und genie\u00dfen das Kr\u00e4uterwandern und die Berglandschaft.\" width=\"1024\" height=\"569\" srcset=\"https:\/\/www.salzburgerland.com\/de\/wp-content\/uploads\/2018\/01\/hochkoenig-tourismus-gmbh-huettenhuepfer-1024x569.jpg 1024w, https:\/\/www.salzburgerland.com\/de\/wp-content\/uploads\/2018\/01\/hochkoenig-tourismus-gmbh-huettenhuepfer-370x206.jpg 370w, https:\/\/www.salzburgerland.com\/de\/wp-content\/uploads\/2018\/01\/hochkoenig-tourismus-gmbh-huettenhuepfer-270x150.jpg 270w, https:\/\/www.salzburgerland.com\/de\/wp-content\/uploads\/2018\/01\/hochkoenig-tourismus-gmbh-huettenhuepfer-540x300.jpg 540w\" sizes=\"(max-width: 1024px) 100vw, 1024px\"><p id=\"caption-attachment-681587\" class=\"wp-caption-text\">H\u00fcttenh\u00fcpfer Tour\u00a9 Hochk\u00f6nig Tourismus GmbH<\/p><\/div>\n","protected":false},"excerpt":{"rendered":"<p>Gipfelgl\u00fcck am Hochk\u00f6nig: Von Sonnenuntergang bis Sonnenaufgang Es gibt Momente in den Salzburger Alpen, die man nie vergisst. Den Tag an einem stillen Logenplatz hoch oben am Berg ausklingen zu lassen, geh\u00f6rt zweifellos dazu. Doch es gibt eine Steigerung: Den n\u00e4chsten Tag genau dort zu beginnen, wo Ihr am Vorabend die letzten Sonnenstrahlen verabschiedet haben. [&hellip;]<\/p>\n","protected":false},"author":20,"featured_media":681586,"comment_status":"closed","ping_status":"closed","sticky":false,"template":"","format":"standard","meta":{"_acf_changed":false,"wl_entities_gutenberg":"","_relevanssi_hide_post":"","_relevanssi_hide_content":"","_relevanssi_pin_for_all":"","_relevanssi_pin_keywords":"","_relevanssi_unpin_keywords":"","_relevanssi_related_keywords":"","_relevanssi_related_include_ids":"","_relevanssi_related_exclude_ids":"","_relevanssi_related_no_append":"","_relevanssi_related_not_related":"","_relevanssi_related_posts":"","_relevanssi_noindex_reason":"","footnotes":""},"categories":[1],"tags":[13529],"wl_entity_type":[11495],"class_list":["post-215777","post","type-post","status-publish","format-standard","has-post-thumbnail","hentry","category-allgemein","tag-wandern-ohne-gepaeck","wl_entity_type-article"],"acf":[],"yoast_head":"<!-- This site is optimized with the Yoast SEO Premium plugin v26.9 (Yoast SEO v26.9) - https:\/\/yoast.com\/product\/yoast-seo-premium-wordpress\/ -->\n<title>&#039;Ach du gr\u00fcne Neune&#039; Kr\u00e4uterwandern<\/title>\n<meta name=\"description\" content=\"&#039;Ach du gr\u00fcne Neune&#039; Kr\u00e4uterwandern: 16 Kr\u00e4uteralmen - \u00fcber 100 Kilometer - 5.500 H\u00f6henmeter \u2013 5 Etappen Kr\u00e4uterwandern in unber\u00fchrter Natur mit herausfordernden Etappen, atem- beraubendem Panorama und gesun-der Bergluft!\" \/>\n<meta name=\"robots\" content=\"index, follow, max-snippet:-1, max-image-preview:large, max-video-preview:-1\" \/>\n<link rel=\"canonical\" href=\"https:\/\/www.salzburgerland.com\/de\/wp-json\/wp\/v2\/posts\/215777\" \/>\n<meta property=\"og:locale\" content=\"de_DE\" \/>\n<meta property=\"og:type\" content=\"article\" \/>\n<meta property=\"og:title\" content=\"Hochk\u00f6nig H\u00fcttenh\u00fcpfer Tour\" \/>\n<meta property=\"og:description\" content=\"&#039;Ach du gr\u00fcne Neune&#039; Kr\u00e4uterwandern: 16 Kr\u00e4uteralmen - \u00fcber 100 Kilometer - 5.500 H\u00f6henmeter \u2013 5 Etappen Kr\u00e4uterwandern in unber\u00fchrter Natur mit herausfordernden Etappen, atem- beraubendem Panorama und gesun-der Bergluft!\" \/>\n<meta property=\"og:url\" content=\"https:\/\/www.salzburgerland.com\/de\/wp-json\/wp\/v2\/posts\/215777\" \/>\n<meta property=\"og:site_name\" content=\"SalzburgerLand.com\" \/>\n<meta property=\"article:publisher\" content=\"https:\/\/www.facebook.com\/salzburgerland\/\" \/>\n<meta property=\"article:published_time\" content=\"2018-01-22T14:51:21+00:00\" \/>\n<meta property=\"article:modified_time\" content=\"2026-03-10T08:36:31+00:00\" \/>\n<meta property=\"og:image\" content=\"https:\/\/www.salzburgerland.com\/de\/wp-content\/uploads\/2018\/01\/hochkoenig-tourismus-gmbh-huettenhuepfer-tour-1200x675.jpg\" \/>\n\t<meta property=\"og:image:width\" content=\"1200\" \/>\n\t<meta property=\"og:image:height\" content=\"675\" \/>\n\t<meta property=\"og:image:type\" content=\"image\/jpeg\" \/>\n<meta name=\"author\" content=\"Peter Zeitlhofer\" \/>\n<meta name=\"twitter:card\" content=\"summary_large_image\" \/>\n<meta name=\"twitter:creator\" content=\"@Salzburgerland\" \/>\n<meta name=\"twitter:site\" content=\"@Salzburgerland\" \/>\n<meta name=\"twitter:label1\" content=\"Verfasst von\" \/>\n\t<meta name=\"twitter:data1\" content=\"Peter Zeitlhofer\" \/>\n\t<meta name=\"twitter:label2\" content=\"Gesch\u00e4tzte Lesezeit\" \/>\n\t<meta name=\"twitter:data2\" content=\"2\u00a0Minuten\" \/>\n<script type=\"application\/ld+json\" class=\"yoast-schema-graph\">{\"@context\":\"https:\/\/schema.org\",\"@graph\":[{\"@type\":\"WebPage\",\"@id\":\"https:\/\/www.salzburgerland.com\/de\/huettenhuepfer-tour\/\",\"url\":\"https:\/\/www.salzburgerland.com\/de\/huettenhuepfer-tour\/\",\"name\":\"'Ach du gr\u00fcne Neune' Kr\u00e4uterwandern\",\"isPartOf\":{\"@id\":\"https:\/\/www.salzburgerland.com\/de\/#website\"},\"primaryImageOfPage\":{\"@id\":\"https:\/\/www.salzburgerland.com\/de\/huettenhuepfer-tour\/#primaryimage\"},\"image\":{\"@id\":\"https:\/\/www.salzburgerland.com\/de\/huettenhuepfer-tour\/#primaryimage\"},\"thumbnailUrl\":\"https:\/\/www.salzburgerland.com\/de\/wp-content\/uploads\/2018\/01\/hochkoenig-tourismus-gmbh-huettenhuepfer-tour.jpg\",\"datePublished\":\"2018-01-22T14:51:21+00:00\",\"dateModified\":\"2026-03-10T08:36:31+00:00\",\"description\":\"'Ach du gr\u00fcne Neune' Kr\u00e4uterwandern: 16 Kr\u00e4uteralmen - \u00fcber 100 Kilometer - 5.500 H\u00f6henmeter \u2013 5 Etappen Kr\u00e4uterwandern in unber\u00fchrter Natur mit herausfordernden Etappen, atem- beraubendem Panorama und gesun-der Bergluft!\",\"breadcrumb\":{\"@id\":\"https:\/\/www.salzburgerland.com\/de\/huettenhuepfer-tour\/#breadcrumb\"},\"inLanguage\":\"de\",\"potentialAction\":[{\"@type\":\"ReadAction\",\"target\":[\"https:\/\/www.salzburgerland.com\/de\/huettenhuepfer-tour\/\"]}]},{\"@type\":\"ImageObject\",\"inLanguage\":\"de\",\"@id\":\"https:\/\/www.salzburgerland.com\/de\/huettenhuepfer-tour\/#primaryimage\",\"url\":\"https:\/\/www.salzburgerland.com\/de\/wp-content\/uploads\/2018\/01\/hochkoenig-tourismus-gmbh-huettenhuepfer-tour.jpg\",\"contentUrl\":\"https:\/\/www.salzburgerland.com\/de\/wp-content\/uploads\/2018\/01\/hochkoenig-tourismus-gmbh-huettenhuepfer-tour.jpg\",\"width\":1920,\"height\":1277,\"caption\":\"H\u00fcttenh\u00fcpfer Tour \u00a9 Hochk\u00f6nig Tourismus GmbH\"},{\"@type\":\"BreadcrumbList\",\"@id\":\"https:\/\/www.salzburgerland.com\/de\/huettenhuepfer-tour\/#breadcrumb\",\"itemListElement\":[{\"@type\":\"ListItem\",\"position\":1,\"name\":\"Wandern ohne Gep\u00e4ck\",\"item\":\"https:\/\/www.salzburgerland.com\/de\/wandern-ohne-gepaeck\/\"},{\"@type\":\"ListItem\",\"position\":2,\"name\":\"Hochk\u00f6nig H\u00fcttenh\u00fcpfer Tour\"}]},{\"@type\":\"WebSite\",\"@id\":\"https:\/\/www.salzburgerland.com\/de\/#website\",\"url\":\"https:\/\/www.salzburgerland.com\/de\/\",\"name\":\"SalzburgerLand.com\",\"description\":\"Ihr Urlaub in Salzburg, \u00d6sterreich\",\"publisher\":{\"@id\":\"https:\/\/www.salzburgerland.com\/de\/#organization\"},\"potentialAction\":[{\"@type\":\"SearchAction\",\"target\":{\"@type\":\"EntryPoint\",\"urlTemplate\":\"https:\/\/www.salzburgerland.com\/de\/?s={search_term_string}\"},\"query-input\":{\"@type\":\"PropertyValueSpecification\",\"valueRequired\":true,\"valueName\":\"search_term_string\"}}],\"inLanguage\":\"de\"},{\"@type\":\"Organization\",\"@id\":\"https:\/\/www.salzburgerland.com\/de\/#organization\",\"name\":\"SalzburgerLand Tourismus GmbH\",\"url\":\"https:\/\/www.salzburgerland.com\/de\/\",\"logo\":{\"@type\":\"ImageObject\",\"inLanguage\":\"de\",\"@id\":\"https:\/\/www.salzburgerland.com\/de\/#\/schema\/logo\/image\/\",\"url\":\"https:\/\/www.salzburgerland.com\/de\/wp-content\/uploads\/2017\/01\/salzburgerland-logo.jpg\",\"contentUrl\":\"https:\/\/www.salzburgerland.com\/de\/wp-content\/uploads\/2017\/01\/salzburgerland-logo.jpg\",\"width\":1920,\"height\":827,\"caption\":\"SalzburgerLand Tourismus GmbH\"},\"image\":{\"@id\":\"https:\/\/www.salzburgerland.com\/de\/#\/schema\/logo\/image\/\"},\"sameAs\":[\"https:\/\/www.facebook.com\/salzburgerland\/\",\"https:\/\/x.com\/Salzburgerland\",\"https:\/\/www.instagram.com\/salzburgerland\/\",\"http:\/\/dbpedia.org\/resource\/Salzburg_(state)\",\"http:\/\/wikidata.dbpedia.org\/resource\/Q43325\",\"http:\/\/open.salzburgerland.com\/de\/entity\/salzburgerland\",\"https:\/\/www.youtube.com\/user\/salzburgerland\"]},{\"@type\":\"Person\",\"@id\":\"https:\/\/www.salzburgerland.com\/de\/#\/schema\/person\/7038edb22e07674361dea0cdc20e326b\",\"name\":\"Peter Zeitlhofer\",\"image\":{\"@type\":\"ImageObject\",\"inLanguage\":\"de\",\"@id\":\"https:\/\/www.salzburgerland.com\/de\/#\/schema\/person\/image\/\",\"url\":\"https:\/\/secure.gravatar.com\/avatar\/b76155e60d99c9c41a494c6fbe2eb77dc32a8925e988b28e6ec3009de5322faa?s=96&d=mm&r=g\",\"contentUrl\":\"https:\/\/secure.gravatar.com\/avatar\/b76155e60d99c9c41a494c6fbe2eb77dc32a8925e988b28e6ec3009de5322faa?s=96&d=mm&r=g\",\"caption\":\"Peter Zeitlhofer\"}}]}<\/script>\n<!-- \/ Yoast SEO Premium plugin. -->","yoast_head_json":{"title":"'Ach du gr\u00fcne Neune' Kr\u00e4uterwandern","description":"'Ach du gr\u00fcne Neune' Kr\u00e4uterwandern: 16 Kr\u00e4uteralmen - \u00fcber 100 Kilometer - 5.500 H\u00f6henmeter \u2013 5 Etappen Kr\u00e4uterwandern in unber\u00fchrter Natur mit herausfordernden Etappen, atem- beraubendem Panorama und gesun-der Bergluft!","robots":{"index":"index","follow":"follow","max-snippet":"max-snippet:-1","max-image-preview":"max-image-preview:large","max-video-preview":"max-video-preview:-1"},"canonical":"https:\/\/www.salzburgerland.com\/de\/wp-json\/wp\/v2\/posts\/215777","og_locale":"de_DE","og_type":"article","og_title":"Hochk\u00f6nig H\u00fcttenh\u00fcpfer Tour","og_description":"'Ach du gr\u00fcne Neune' Kr\u00e4uterwandern: 16 Kr\u00e4uteralmen - \u00fcber 100 Kilometer - 5.500 H\u00f6henmeter \u2013 5 Etappen Kr\u00e4uterwandern in unber\u00fchrter Natur mit herausfordernden Etappen, atem- beraubendem Panorama und gesun-der Bergluft!","og_url":"https:\/\/www.salzburgerland.com\/de\/wp-json\/wp\/v2\/posts\/215777","og_site_name":"SalzburgerLand.com","article_publisher":"https:\/\/www.facebook.com\/salzburgerland\/","article_published_time":"2018-01-22T14:51:21+00:00","article_modified_time":"2026-03-10T08:36:31+00:00","og_image":[{"width":1200,"height":675,"url":"https:\/\/www.salzburgerland.com\/de\/wp-content\/uploads\/2018\/01\/hochkoenig-tourismus-gmbh-huettenhuepfer-tour-1200x675.jpg","type":"image\/jpeg"}],"author":"Peter Zeitlhofer","twitter_card":"summary_large_image","twitter_creator":"@Salzburgerland","twitter_site":"@Salzburgerland","twitter_misc":{"Verfasst von":"Peter Zeitlhofer","Gesch\u00e4tzte Lesezeit":"2\u00a0Minuten"},"schema":{"@context":"https:\/\/schema.org","@graph":[{"@type":"WebPage","@id":"https:\/\/www.salzburgerland.com\/de\/huettenhuepfer-tour\/","url":"https:\/\/www.salzburgerland.com\/de\/huettenhuepfer-tour\/","name":"'Ach du gr\u00fcne Neune' Kr\u00e4uterwandern","isPartOf":{"@id":"https:\/\/www.salzburgerland.com\/de\/#website"},"primaryImageOfPage":{"@id":"https:\/\/www.salzburgerland.com\/de\/huettenhuepfer-tour\/#primaryimage"},"image":{"@id":"https:\/\/www.salzburgerland.com\/de\/huettenhuepfer-tour\/#primaryimage"},"thumbnailUrl":"https:\/\/www.salzburgerland.com\/de\/wp-content\/uploads\/2018\/01\/hochkoenig-tourismus-gmbh-huettenhuepfer-tour.jpg","datePublished":"2018-01-22T14:51:21+00:00","dateModified":"2026-03-10T08:36:31+00:00","description":"'Ach du gr\u00fcne Neune' Kr\u00e4uterwandern: 16 Kr\u00e4uteralmen - \u00fcber 100 Kilometer - 5.500 H\u00f6henmeter \u2013 5 Etappen Kr\u00e4uterwandern in unber\u00fchrter Natur mit herausfordernden Etappen, atem- beraubendem Panorama und gesun-der Bergluft!","breadcrumb":{"@id":"https:\/\/www.salzburgerland.com\/de\/huettenhuepfer-tour\/#breadcrumb"},"inLanguage":"de","potentialAction":[{"@type":"ReadAction","target":["https:\/\/www.salzburgerland.com\/de\/huettenhuepfer-tour\/"]}]},{"@type":"ImageObject","inLanguage":"de","@id":"https:\/\/www.salzburgerland.com\/de\/huettenhuepfer-tour\/#primaryimage","url":"https:\/\/www.salzburgerland.com\/de\/wp-content\/uploads\/2018\/01\/hochkoenig-tourismus-gmbh-huettenhuepfer-tour.jpg","contentUrl":"https:\/\/www.salzburgerland.com\/de\/wp-content\/uploads\/2018\/01\/hochkoenig-tourismus-gmbh-huettenhuepfer-tour.jpg","width":1920,"height":1277,"caption":"H\u00fcttenh\u00fcpfer Tour \u00a9 Hochk\u00f6nig Tourismus GmbH"},{"@type":"BreadcrumbList","@id":"https:\/\/www.salzburgerland.com\/de\/huettenhuepfer-tour\/#breadcrumb","itemListElement":[{"@type":"ListItem","position":1,"name":"Wandern ohne Gep\u00e4ck","item":"https:\/\/www.salzburgerland.com\/de\/wandern-ohne-gepaeck\/"},{"@type":"ListItem","position":2,"name":"Hochk\u00f6nig H\u00fcttenh\u00fcpfer Tour"}]},{"@type":"WebSite","@id":"https:\/\/www.salzburgerland.com\/de\/#website","url":"https:\/\/www.salzburgerland.com\/de\/","name":"SalzburgerLand.com","description":"Ihr Urlaub in Salzburg, \u00d6sterreich","publisher":{"@id":"https:\/\/www.salzburgerland.com\/de\/#organization"},"potentialAction":[{"@type":"SearchAction","target":{"@type":"EntryPoint","urlTemplate":"https:\/\/www.salzburgerland.com\/de\/?s={search_term_string}"},"query-input":{"@type":"PropertyValueSpecification","valueRequired":true,"valueName":"search_term_string"}}],"inLanguage":"de"},{"@type":"Organization","@id":"https:\/\/www.salzburgerland.com\/de\/#organization","name":"SalzburgerLand Tourismus GmbH","url":"https:\/\/www.salzburgerland.com\/de\/","logo":{"@type":"ImageObject","inLanguage":"de","@id":"https:\/\/www.salzburgerland.com\/de\/#\/schema\/logo\/image\/","url":"https:\/\/www.salzburgerland.com\/de\/wp-content\/uploads\/2017\/01\/salzburgerland-logo.jpg","contentUrl":"https:\/\/www.salzburgerland.com\/de\/wp-content\/uploads\/2017\/01\/salzburgerland-logo.jpg","width":1920,"height":827,"caption":"SalzburgerLand Tourismus GmbH"},"image":{"@id":"https:\/\/www.salzburgerland.com\/de\/#\/schema\/logo\/image\/"},"sameAs":["https:\/\/www.facebook.com\/salzburgerland\/","https:\/\/x.com\/Salzburgerland","https:\/\/www.instagram.com\/salzburgerland\/","http:\/\/dbpedia.org\/resource\/Salzburg_(state)","http:\/\/wikidata.dbpedia.org\/resource\/Q43325","http:\/\/open.salzburgerland.com\/de\/entity\/salzburgerland","https:\/\/www.youtube.com\/user\/salzburgerland"]},{"@type":"Person","@id":"https:\/\/www.salzburgerland.com\/de\/#\/schema\/person\/7038edb22e07674361dea0cdc20e326b","name":"Peter Zeitlhofer","image":{"@type":"ImageObject","inLanguage":"de","@id":"https:\/\/www.salzburgerland.com\/de\/#\/schema\/person\/image\/","url":"https:\/\/secure.gravatar.com\/avatar\/b76155e60d99c9c41a494c6fbe2eb77dc32a8925e988b28e6ec3009de5322faa?s=96&d=mm&r=g","contentUrl":"https:\/\/secure.gravatar.com\/avatar\/b76155e60d99c9c41a494c6fbe2eb77dc32a8925e988b28e6ec3009de5322faa?s=96&d=mm&r=g","caption":"Peter Zeitlhofer"}}]}},"_wl_alt_label":[],"wl:entity_url":"http:\/\/open.salzburgerland.com\/de\/post\/ach_du_gruene_dreizehn_kraeuterwandern","_links":{"self":[{"href":"https:\/\/www.salzburgerland.com\/de\/wp-json\/wp\/v2\/posts\/215777","targetHints":{"allow":["GET"]}}],"collection":[{"href":"https:\/\/www.salzburgerland.com\/de\/wp-json\/wp\/v2\/posts"}],"about":[{"href":"https:\/\/www.salzburgerland.com\/de\/wp-json\/wp\/v2\/types\/post"}],"author":[{"embeddable":true,"href":"https:\/\/www.salzburgerland.com\/de\/wp-json\/wp\/v2\/users\/20"}],"replies":[{"embeddable":true,"href":"https:\/\/www.salzburgerland.com\/de\/wp-json\/wp\/v2\/comments?post=215777"}],"version-history":[{"count":4,"href":"https:\/\/www.salzburgerland.com\/de\/wp-json\/wp\/v2\/posts\/215777\/revisions"}],"predecessor-version":[{"id":681593,"href":"https:\/\/www.salzburgerland.com\/de\/wp-json\/wp\/v2\/posts\/215777\/revisions\/681593"}],"wp:featuredmedia":[{"embeddable":true,"href":"https:\/\/www.salzburgerland.com\/de\/wp-json\/wp\/v2\/media\/681586"}],"wp:attachment":[{"href":"https:\/\/www.salzburgerland.com\/de\/wp-json\/wp\/v2\/media?parent=215777"}],"wp:term":[{"taxonomy":"category","embeddable":true,"href":"https:\/\/www.salzburgerland.com\/de\/wp-json\/wp\/v2\/categories?post=215777"},{"taxonomy":"post_tag","embeddable":true,"href":"https:\/\/www.salzburgerland.com\/de\/wp-json\/wp\/v2\/tags?post=215777"},{"taxonomy":"wl_entity_type","embeddable":true,"href":"https:\/\/www.salzburgerland.com\/de\/wp-json\/wp\/v2\/wl_entity_type?post=215777"}],"curies":[{"name":"wp","href":"https:\/\/api.w.org\/{rel}","templated":true}]}}