{"id":214311,"date":"2018-01-17T17:43:24","date_gmt":"2018-01-17T16:43:24","guid":{"rendered":"https:\/\/www.salzburgerland.com\/de\/?p=214311"},"modified":"2019-08-16T12:13:47","modified_gmt":"2019-08-16T10:13:47","slug":"bike-hike-im-gasteinertal","status":"publish","type":"post","link":"https:\/\/www.salzburgerland.com\/de\/bike-hike-im-gasteinertal\/","title":{"rendered":"Bike &amp; Hike in Gastein"},"content":{"rendered":"<p>Die Sonne scheint einem ins Gesicht, der warme Sommerwind tut unendlich gut auf der Haut und der Ausblick oben in den Bergen ist wahrlich ein Genuss. Gipfelsiege im Gasteinertal erf\u00fcllen all das, was man sich nach einer kr\u00e4ftezehrenden Bike &amp; Hike-Tour erhofft hat.<\/p>\n<h2>Der Gamskarkogel<\/h2>\n<p>Der Gamskarkogel, oder \u201ader Kogel\u2019, wie ihn die Einheimischen liebevoll nennen, ist ein echtes Naturjuwel und f\u00fcr seine Flora und Fauna bekannt. Neben Almrausch, G\u00e4msen und Steinadler ist hier sogar das gesch\u00fctzte und \u00e4u\u00dferst seltene Edelwei\u00df heimisch. Doch vor allem lieben die Menschen ihn wegen seiner au\u00dfergew\u00f6hnlichen Aussicht. Hohe Tauern, das Dachsteinmassiv, das Steinerne Meer \u2013 sie alle sind zum Greifen nahe und machen jeden Aufstieg zu einem ganz besonderen\u00a0Erlebnis.<\/p>\n<h2>Mit dem Bike zur Rast\u00f6tzenalm<\/h2>\n<p><span>Die ersten rund 720 H\u00f6henmeter der Bike &amp; Hike Tour werden auf dem\u00a0Mountainbike zur\u00fcckgelegt und f\u00fchren zuerst \u00fcber Asphalt-, sp\u00e4ter dann \u00fcber Forststra\u00dfen von\u00a0Bad Hofgastein \u00fcber die Annakapelle bergw\u00e4rts. Gut versperrt warten unsere fahrbaren Unters\u00e4tze dann sp\u00e4ter bei der Grubh\u00fctte auf der Rast\u00f6tzenalm, w\u00e4hrend wir den rund eineinhalb Stunden dauernden Aufstieg in Angriff nehmen. Auf dem gut gepflegten Wanderweg 513 geht es \u00fcber die Rauchkogelscharte dem\u00a0Gipfel entgegen und schon beim Marsch sollte man immer wieder kurz innehalten und sich ganz und gar der Bergwelt um einem hingeben. Fantastisch!\u00a0<\/span><\/p>\n<div id=\"attachment_216710\" style=\"width: 1180px\" class=\"wp-caption alignnone\"><img decoding=\"async\" aria-describedby=\"caption-attachment-216710\" class=\"size-1170_658 wp-image-216710\" src=\"https:\/\/cdn.salzburgerland.com\/de\/wp-content\/uploads\/2018\/01\/gastein_gamskarkogelhuette-c-boomcreative-lab_-gasteinertal-tourismus-gmbh-77-1170x658.jpg\" alt=\"\" width=\"1170\" height=\"658\" srcset=\"https:\/\/www.salzburgerland.com\/de\/wp-content\/uploads\/2018\/01\/gastein_gamskarkogelhuette-c-boomcreative-lab_-gasteinertal-tourismus-gmbh-77-1170x658.jpg 1170w, https:\/\/www.salzburgerland.com\/de\/wp-content\/uploads\/2018\/01\/gastein_gamskarkogelhuette-c-boomcreative-lab_-gasteinertal-tourismus-gmbh-77-1200x675.jpg 1200w\" sizes=\"(max-width: 1170px) 100vw, 1170px\"><p id=\"caption-attachment-216710\" class=\"wp-caption-text\">(c) BoomCreative Lab_ Gasteinertal Tourismus GmbH<\/p><\/div>\n<h2><span>Auf dem h\u00f6chsten Grasberg Europas<\/span><\/h2>\n<p><span>Am\u00a0Gipfel angekommen \u00fcbermannen einen dann die Gl\u00fccksgef\u00fchle und die Strapazen des Aufstiegs sind wie weggeblasen. Dabei k\u00f6nnten die Gr\u00fcnde, warum wir Wanderer hier heraufkommen, unterschiedlicher nicht sein. Die einen schw\u00f6ren darauf, dass es auf keinem\u00a0Gipfel weit und breit sch\u00f6nere Sonnenauf- und unterg\u00e4nge gibt. Andere lieben die unber\u00fchrte Natur und die Ruhe am Gamskarkogel und wieder andere k\u00f6nnen vom\u00a0Kaiserschmarren auf der gleichnamigen H\u00fctte einfach nicht genug bekommen. Dieser ist \u00fcbrigens so begehrt, dass dessen \u201aHerstellung\u2019 sogar im h\u00f6chsten Workshop der Alpen vom H\u00fcttenwirt hochpers\u00f6nlich gelehrt wird. Doch aus welchen Gr\u00fcnden auch immer Sie auf diesen\u00a0Gipfel kommen \u2013 es wird garantiert ein unvergessliches\u00a0Erlebnis.<\/span><\/p>\n<h2>Der Reedsee<\/h2>\n<p>Den Reedsee erreicht man ebenfalls nur zu Fu\u00df. Und das ist gut so. Zuerst kann man jedoch das Bike nehmen und durch das K\u00f6tschachtal bis zum Reedseesteg radeln. Dann ist Schluss und die restlichen rund 2,5 Stunden m\u00fcssen \u201aper pedes\u2018 zur\u00fcckgelegt werden. Durch dichten Wald geht es \u00fcber Serpentinen bergw\u00e4rts. Bis man endlich den See erreicht und f\u00fcr all die Strapazen mehr als f\u00fcrstlich belohnt wird. Der Reedsee geh\u00f6rt zu den sch\u00f6nsten Gebirgsseen der Alpen. In seinem Wasser spiegeln sich mehrere 3.000er und eine Wanderung dorthin sollte bei jedem Bergfreund auf der pers\u00f6nlichen Bucket-List stehen. Vorsicht: Jause und gen\u00fcgend Wasser einpacken, schlie\u00dflich befindet sich keine bewirtschaftete H\u00fctte am Weg.<\/p>\n<p><span>\u00a0<a href=\"https:\/\/www.gastein.com\/aktiv\/sommer\/biken\/\" target=\"_blank\" rel=\"noopener noreferrer\">Weitere Infos.<\/a><\/span><\/p>\n","protected":false},"excerpt":{"rendered":"<p>Die Sonne scheint einem ins Gesicht, der warme Sommerwind tut unendlich gut auf der Haut und der Ausblick oben in den Bergen ist wahrlich ein Genuss. Gipfelsiege im Gasteinertal erf\u00fcllen all das, was man sich nach einer kr\u00e4ftezehrenden Bike &amp; Hike-Tour erhofft hat. Der Gamskarkogel Der Gamskarkogel, oder \u201ader Kogel\u2019, wie ihn die Einheimischen liebevoll [&hellip;]<\/p>\n","protected":false},"author":20,"featured_media":337999,"comment_status":"closed","ping_status":"closed","sticky":false,"template":"","format":"standard","meta":{"_acf_changed":false,"wl_entities_gutenberg":"","_relevanssi_hide_post":"","_relevanssi_hide_content":"","_relevanssi_pin_for_all":"","_relevanssi_pin_keywords":"","_relevanssi_unpin_keywords":"","_relevanssi_related_keywords":"","_relevanssi_related_include_ids":"","_relevanssi_related_exclude_ids":"","_relevanssi_related_no_append":"","_relevanssi_related_not_related":"","_relevanssi_related_posts":"","_relevanssi_noindex_reason":"","footnotes":""},"categories":[1],"tags":[],"wl_entity_type":[11495],"class_list":["post-214311","post","type-post","status-publish","format-standard","has-post-thumbnail","hentry","category-allgemein","wl_entity_type-article"],"acf":[],"yoast_head":"<!-- This site is optimized with the Yoast SEO Premium plugin v26.9 (Yoast SEO v26.9) - https:\/\/yoast.com\/product\/yoast-seo-premium-wordpress\/ -->\n<title>Bike &amp; Hike auf den Gamskarkogel: Abenteuer in den Bergen Gasteins<\/title>\n<meta name=\"description\" content=\"Bike &amp; Hike auf den Gamskarkogel und zum Reedsee, Wandern und Mountainbiken an einem Tag im Gasteinertal, ein unvergessliches Erlebnis.\" \/>\n<meta name=\"robots\" content=\"index, follow, max-snippet:-1, max-image-preview:large, max-video-preview:-1\" \/>\n<link rel=\"canonical\" href=\"https:\/\/www.salzburgerland.com\/de\/wp-json\/wp\/v2\/posts\/214311\" \/>\n<meta property=\"og:locale\" content=\"de_DE\" \/>\n<meta property=\"og:type\" content=\"article\" \/>\n<meta property=\"og:title\" content=\"Bike &amp; Hike in Gastein\" \/>\n<meta property=\"og:description\" content=\"Bike &amp; Hike auf den Gamskarkogel und zum Reedsee, Wandern und Mountainbiken an einem Tag im Gasteinertal, ein unvergessliches Erlebnis.\" \/>\n<meta property=\"og:url\" content=\"https:\/\/www.salzburgerland.com\/de\/wp-json\/wp\/v2\/posts\/214311\" \/>\n<meta property=\"og:site_name\" content=\"SalzburgerLand.com\" \/>\n<meta property=\"article:publisher\" content=\"https:\/\/www.facebook.com\/salzburgerland\/\" \/>\n<meta property=\"article:published_time\" content=\"2018-01-17T16:43:24+00:00\" \/>\n<meta property=\"article:modified_time\" content=\"2019-08-16T10:13:47+00:00\" \/>\n<meta property=\"og:image\" content=\"https:\/\/www.salzburgerland.com\/de\/wp-content\/uploads\/2018\/01\/gastein_reedsee_t5_044csalzburgerland-1-1200x675.jpg\" \/>\n\t<meta property=\"og:image:width\" content=\"1200\" \/>\n\t<meta property=\"og:image:height\" content=\"675\" \/>\n\t<meta property=\"og:image:type\" content=\"image\/jpeg\" \/>\n<meta name=\"author\" content=\"Peter Zeitlhofer\" \/>\n<meta name=\"twitter:card\" content=\"summary_large_image\" \/>\n<meta name=\"twitter:creator\" content=\"@Salzburgerland\" \/>\n<meta name=\"twitter:site\" content=\"@Salzburgerland\" \/>\n<meta name=\"twitter:label1\" content=\"Verfasst von\" \/>\n\t<meta name=\"twitter:data1\" content=\"Peter Zeitlhofer\" \/>\n\t<meta name=\"twitter:label2\" content=\"Gesch\u00e4tzte Lesezeit\" \/>\n\t<meta name=\"twitter:data2\" content=\"2\u00a0Minuten\" \/>\n<script type=\"application\/ld+json\" class=\"yoast-schema-graph\">{\"@context\":\"https:\/\/schema.org\",\"@graph\":[{\"@type\":\"WebPage\",\"@id\":\"https:\/\/www.salzburgerland.com\/de\/bike-hike-im-gasteinertal\/\",\"url\":\"https:\/\/www.salzburgerland.com\/de\/bike-hike-im-gasteinertal\/\",\"name\":\"Bike & Hike auf den Gamskarkogel: Abenteuer in den Bergen Gasteins\",\"isPartOf\":{\"@id\":\"https:\/\/www.salzburgerland.com\/de\/#website\"},\"primaryImageOfPage\":{\"@id\":\"https:\/\/www.salzburgerland.com\/de\/bike-hike-im-gasteinertal\/#primaryimage\"},\"image\":{\"@id\":\"https:\/\/www.salzburgerland.com\/de\/bike-hike-im-gasteinertal\/#primaryimage\"},\"thumbnailUrl\":\"https:\/\/www.salzburgerland.com\/de\/wp-content\/uploads\/2018\/01\/gastein_reedsee_t5_044csalzburgerland-1.jpg\",\"datePublished\":\"2018-01-17T16:43:24+00:00\",\"dateModified\":\"2019-08-16T10:13:47+00:00\",\"description\":\"Bike & Hike auf den Gamskarkogel und zum Reedsee, Wandern und Mountainbiken an einem Tag im Gasteinertal, ein unvergessliches Erlebnis.\",\"breadcrumb\":{\"@id\":\"https:\/\/www.salzburgerland.com\/de\/bike-hike-im-gasteinertal\/#breadcrumb\"},\"inLanguage\":\"de\",\"potentialAction\":[{\"@type\":\"ReadAction\",\"target\":[\"https:\/\/www.salzburgerland.com\/de\/bike-hike-im-gasteinertal\/\"]}]},{\"@type\":\"ImageObject\",\"inLanguage\":\"de\",\"@id\":\"https:\/\/www.salzburgerland.com\/de\/bike-hike-im-gasteinertal\/#primaryimage\",\"url\":\"https:\/\/www.salzburgerland.com\/de\/wp-content\/uploads\/2018\/01\/gastein_reedsee_t5_044csalzburgerland-1.jpg\",\"contentUrl\":\"https:\/\/www.salzburgerland.com\/de\/wp-content\/uploads\/2018\/01\/gastein_reedsee_t5_044csalzburgerland-1.jpg\",\"width\":1920,\"height\":1280,\"caption\":\"\u00a9SalzburgerLand Tourismus\"},{\"@type\":\"BreadcrumbList\",\"@id\":\"https:\/\/www.salzburgerland.com\/de\/bike-hike-im-gasteinertal\/#breadcrumb\",\"itemListElement\":[{\"@type\":\"ListItem\",\"position\":1,\"name\":\"Biken und Radfahren\",\"item\":\"https:\/\/www.salzburgerland.com\/de\/rad-bike\/\"},{\"@type\":\"ListItem\",\"position\":2,\"name\":\"Bike &amp; Hike in Gastein\"}]},{\"@type\":\"WebSite\",\"@id\":\"https:\/\/www.salzburgerland.com\/de\/#website\",\"url\":\"https:\/\/www.salzburgerland.com\/de\/\",\"name\":\"SalzburgerLand.com\",\"description\":\"Ihr Urlaub in Salzburg, \u00d6sterreich\",\"publisher\":{\"@id\":\"https:\/\/www.salzburgerland.com\/de\/#organization\"},\"potentialAction\":[{\"@type\":\"SearchAction\",\"target\":{\"@type\":\"EntryPoint\",\"urlTemplate\":\"https:\/\/www.salzburgerland.com\/de\/?s={search_term_string}\"},\"query-input\":{\"@type\":\"PropertyValueSpecification\",\"valueRequired\":true,\"valueName\":\"search_term_string\"}}],\"inLanguage\":\"de\"},{\"@type\":\"Organization\",\"@id\":\"https:\/\/www.salzburgerland.com\/de\/#organization\",\"name\":\"SalzburgerLand Tourismus GmbH\",\"url\":\"https:\/\/www.salzburgerland.com\/de\/\",\"logo\":{\"@type\":\"ImageObject\",\"inLanguage\":\"de\",\"@id\":\"https:\/\/www.salzburgerland.com\/de\/#\/schema\/logo\/image\/\",\"url\":\"https:\/\/www.salzburgerland.com\/de\/wp-content\/uploads\/2017\/01\/salzburgerland-logo.jpg\",\"contentUrl\":\"https:\/\/www.salzburgerland.com\/de\/wp-content\/uploads\/2017\/01\/salzburgerland-logo.jpg\",\"width\":1920,\"height\":827,\"caption\":\"SalzburgerLand Tourismus GmbH\"},\"image\":{\"@id\":\"https:\/\/www.salzburgerland.com\/de\/#\/schema\/logo\/image\/\"},\"sameAs\":[\"https:\/\/www.facebook.com\/salzburgerland\/\",\"https:\/\/x.com\/Salzburgerland\",\"https:\/\/www.instagram.com\/salzburgerland\/\",\"http:\/\/dbpedia.org\/resource\/Salzburg_(state)\",\"http:\/\/wikidata.dbpedia.org\/resource\/Q43325\",\"http:\/\/open.salzburgerland.com\/de\/entity\/salzburgerland\",\"https:\/\/www.youtube.com\/user\/salzburgerland\"]},{\"@type\":\"Person\",\"@id\":\"https:\/\/www.salzburgerland.com\/de\/#\/schema\/person\/7038edb22e07674361dea0cdc20e326b\",\"name\":\"Peter Zeitlhofer\",\"image\":{\"@type\":\"ImageObject\",\"inLanguage\":\"de\",\"@id\":\"https:\/\/www.salzburgerland.com\/de\/#\/schema\/person\/image\/\",\"url\":\"https:\/\/secure.gravatar.com\/avatar\/b76155e60d99c9c41a494c6fbe2eb77dc32a8925e988b28e6ec3009de5322faa?s=96&d=mm&r=g\",\"contentUrl\":\"https:\/\/secure.gravatar.com\/avatar\/b76155e60d99c9c41a494c6fbe2eb77dc32a8925e988b28e6ec3009de5322faa?s=96&d=mm&r=g\",\"caption\":\"Peter Zeitlhofer\"}}]}<\/script>\n<!-- \/ Yoast SEO Premium plugin. -->","yoast_head_json":{"title":"Bike & Hike auf den Gamskarkogel: Abenteuer in den Bergen Gasteins","description":"Bike & Hike auf den Gamskarkogel und zum Reedsee, Wandern und Mountainbiken an einem Tag im Gasteinertal, ein unvergessliches Erlebnis.","robots":{"index":"index","follow":"follow","max-snippet":"max-snippet:-1","max-image-preview":"max-image-preview:large","max-video-preview":"max-video-preview:-1"},"canonical":"https:\/\/www.salzburgerland.com\/de\/wp-json\/wp\/v2\/posts\/214311","og_locale":"de_DE","og_type":"article","og_title":"Bike &amp; Hike in Gastein","og_description":"Bike & Hike auf den Gamskarkogel und zum Reedsee, Wandern und Mountainbiken an einem Tag im Gasteinertal, ein unvergessliches Erlebnis.","og_url":"https:\/\/www.salzburgerland.com\/de\/wp-json\/wp\/v2\/posts\/214311","og_site_name":"SalzburgerLand.com","article_publisher":"https:\/\/www.facebook.com\/salzburgerland\/","article_published_time":"2018-01-17T16:43:24+00:00","article_modified_time":"2019-08-16T10:13:47+00:00","og_image":[{"width":1200,"height":675,"url":"https:\/\/www.salzburgerland.com\/de\/wp-content\/uploads\/2018\/01\/gastein_reedsee_t5_044csalzburgerland-1-1200x675.jpg","type":"image\/jpeg"}],"author":"Peter Zeitlhofer","twitter_card":"summary_large_image","twitter_creator":"@Salzburgerland","twitter_site":"@Salzburgerland","twitter_misc":{"Verfasst von":"Peter Zeitlhofer","Gesch\u00e4tzte Lesezeit":"2\u00a0Minuten"},"schema":{"@context":"https:\/\/schema.org","@graph":[{"@type":"WebPage","@id":"https:\/\/www.salzburgerland.com\/de\/bike-hike-im-gasteinertal\/","url":"https:\/\/www.salzburgerland.com\/de\/bike-hike-im-gasteinertal\/","name":"Bike & Hike auf den Gamskarkogel: Abenteuer in den Bergen Gasteins","isPartOf":{"@id":"https:\/\/www.salzburgerland.com\/de\/#website"},"primaryImageOfPage":{"@id":"https:\/\/www.salzburgerland.com\/de\/bike-hike-im-gasteinertal\/#primaryimage"},"image":{"@id":"https:\/\/www.salzburgerland.com\/de\/bike-hike-im-gasteinertal\/#primaryimage"},"thumbnailUrl":"https:\/\/www.salzburgerland.com\/de\/wp-content\/uploads\/2018\/01\/gastein_reedsee_t5_044csalzburgerland-1.jpg","datePublished":"2018-01-17T16:43:24+00:00","dateModified":"2019-08-16T10:13:47+00:00","description":"Bike & Hike auf den Gamskarkogel und zum Reedsee, Wandern und Mountainbiken an einem Tag im Gasteinertal, ein unvergessliches Erlebnis.","breadcrumb":{"@id":"https:\/\/www.salzburgerland.com\/de\/bike-hike-im-gasteinertal\/#breadcrumb"},"inLanguage":"de","potentialAction":[{"@type":"ReadAction","target":["https:\/\/www.salzburgerland.com\/de\/bike-hike-im-gasteinertal\/"]}]},{"@type":"ImageObject","inLanguage":"de","@id":"https:\/\/www.salzburgerland.com\/de\/bike-hike-im-gasteinertal\/#primaryimage","url":"https:\/\/www.salzburgerland.com\/de\/wp-content\/uploads\/2018\/01\/gastein_reedsee_t5_044csalzburgerland-1.jpg","contentUrl":"https:\/\/www.salzburgerland.com\/de\/wp-content\/uploads\/2018\/01\/gastein_reedsee_t5_044csalzburgerland-1.jpg","width":1920,"height":1280,"caption":"\u00a9SalzburgerLand Tourismus"},{"@type":"BreadcrumbList","@id":"https:\/\/www.salzburgerland.com\/de\/bike-hike-im-gasteinertal\/#breadcrumb","itemListElement":[{"@type":"ListItem","position":1,"name":"Biken und Radfahren","item":"https:\/\/www.salzburgerland.com\/de\/rad-bike\/"},{"@type":"ListItem","position":2,"name":"Bike &amp; Hike in Gastein"}]},{"@type":"WebSite","@id":"https:\/\/www.salzburgerland.com\/de\/#website","url":"https:\/\/www.salzburgerland.com\/de\/","name":"SalzburgerLand.com","description":"Ihr Urlaub in Salzburg, \u00d6sterreich","publisher":{"@id":"https:\/\/www.salzburgerland.com\/de\/#organization"},"potentialAction":[{"@type":"SearchAction","target":{"@type":"EntryPoint","urlTemplate":"https:\/\/www.salzburgerland.com\/de\/?s={search_term_string}"},"query-input":{"@type":"PropertyValueSpecification","valueRequired":true,"valueName":"search_term_string"}}],"inLanguage":"de"},{"@type":"Organization","@id":"https:\/\/www.salzburgerland.com\/de\/#organization","name":"SalzburgerLand Tourismus GmbH","url":"https:\/\/www.salzburgerland.com\/de\/","logo":{"@type":"ImageObject","inLanguage":"de","@id":"https:\/\/www.salzburgerland.com\/de\/#\/schema\/logo\/image\/","url":"https:\/\/www.salzburgerland.com\/de\/wp-content\/uploads\/2017\/01\/salzburgerland-logo.jpg","contentUrl":"https:\/\/www.salzburgerland.com\/de\/wp-content\/uploads\/2017\/01\/salzburgerland-logo.jpg","width":1920,"height":827,"caption":"SalzburgerLand Tourismus GmbH"},"image":{"@id":"https:\/\/www.salzburgerland.com\/de\/#\/schema\/logo\/image\/"},"sameAs":["https:\/\/www.facebook.com\/salzburgerland\/","https:\/\/x.com\/Salzburgerland","https:\/\/www.instagram.com\/salzburgerland\/","http:\/\/dbpedia.org\/resource\/Salzburg_(state)","http:\/\/wikidata.dbpedia.org\/resource\/Q43325","http:\/\/open.salzburgerland.com\/de\/entity\/salzburgerland","https:\/\/www.youtube.com\/user\/salzburgerland"]},{"@type":"Person","@id":"https:\/\/www.salzburgerland.com\/de\/#\/schema\/person\/7038edb22e07674361dea0cdc20e326b","name":"Peter Zeitlhofer","image":{"@type":"ImageObject","inLanguage":"de","@id":"https:\/\/www.salzburgerland.com\/de\/#\/schema\/person\/image\/","url":"https:\/\/secure.gravatar.com\/avatar\/b76155e60d99c9c41a494c6fbe2eb77dc32a8925e988b28e6ec3009de5322faa?s=96&d=mm&r=g","contentUrl":"https:\/\/secure.gravatar.com\/avatar\/b76155e60d99c9c41a494c6fbe2eb77dc32a8925e988b28e6ec3009de5322faa?s=96&d=mm&r=g","caption":"Peter Zeitlhofer"}}]}},"_wl_alt_label":[],"wl:entity_url":"http:\/\/open.salzburgerland.com\/de\/post\/flachau_und_die_bike_night","_links":{"self":[{"href":"https:\/\/www.salzburgerland.com\/de\/wp-json\/wp\/v2\/posts\/214311","targetHints":{"allow":["GET"]}}],"collection":[{"href":"https:\/\/www.salzburgerland.com\/de\/wp-json\/wp\/v2\/posts"}],"about":[{"href":"https:\/\/www.salzburgerland.com\/de\/wp-json\/wp\/v2\/types\/post"}],"author":[{"embeddable":true,"href":"https:\/\/www.salzburgerland.com\/de\/wp-json\/wp\/v2\/users\/20"}],"replies":[{"embeddable":true,"href":"https:\/\/www.salzburgerland.com\/de\/wp-json\/wp\/v2\/comments?post=214311"}],"version-history":[{"count":0,"href":"https:\/\/www.salzburgerland.com\/de\/wp-json\/wp\/v2\/posts\/214311\/revisions"}],"wp:featuredmedia":[{"embeddable":true,"href":"https:\/\/www.salzburgerland.com\/de\/wp-json\/wp\/v2\/media\/337999"}],"wp:attachment":[{"href":"https:\/\/www.salzburgerland.com\/de\/wp-json\/wp\/v2\/media?parent=214311"}],"wp:term":[{"taxonomy":"category","embeddable":true,"href":"https:\/\/www.salzburgerland.com\/de\/wp-json\/wp\/v2\/categories?post=214311"},{"taxonomy":"post_tag","embeddable":true,"href":"https:\/\/www.salzburgerland.com\/de\/wp-json\/wp\/v2\/tags?post=214311"},{"taxonomy":"wl_entity_type","embeddable":true,"href":"https:\/\/www.salzburgerland.com\/de\/wp-json\/wp\/v2\/wl_entity_type?post=214311"}],"curies":[{"name":"wp","href":"https:\/\/api.w.org\/{rel}","templated":true}]}}