{"id":188977,"date":"2017-10-11T17:32:47","date_gmt":"2017-10-11T15:32:47","guid":{"rendered":"https:\/\/www.salzburgerland.com\/de\/?p=188977"},"modified":"2023-09-15T10:12:25","modified_gmt":"2023-09-15T08:12:25","slug":"almsommerhuette-des-jahres-gewinner","status":"publish","type":"post","link":"https:\/\/www.salzburgerland.com\/de\/almsommerhuette-des-jahres-gewinner\/","title":{"rendered":"Auf diesen H\u00fctten lebt man f\u00fcr den Almsommer!"},"content":{"rendered":"<p>Die unglaubliche Almendichte des SalzburgerLands ist einzigartig in ganz \u00d6sterreich! Eines haben aber alle H\u00fctten im SalzburgerLand gemeinsam: Sie sind wahre Wohlf\u00fchlpl\u00e4tze, wo man die Natur, die Ruhe, regionale Kulinarik und das einfache Leben genie\u00dfen kann. Die <a href=\"https:\/\/www.salzburgerland.com\/de\/ausgezeichnete-almsommerhuetten-huette-des-jahres\/\" target=\"_blank\" rel=\"noopener noreferrer\">ausgezeichneten Almsommerh\u00fctten<\/a> stechen aus diesem gro\u00dfen Angebot nochmals besonders hervor. Das orange Emblem am H\u00fctteneingang signalisiert, dass diese H\u00fctten spezielle Kriterien erf\u00fcllen und besonders urig, traditionell und authentisch sind. Sie verw\u00f6hnen Wanderer und Mountainbiker auf ihren Touren durch die wundersch\u00f6ne Bergwelt mit <a href=\"https:\/\/www.salzburgerland.com\/de\/produkte-von-der-alm\/\" target=\"_blank\" rel=\"noopener noreferrer\">regionalen Produkten<\/a> und herzlichster Gastfreundschaft oder bieten besondere Angebote f\u00fcr Familien und Kinder. <span>Auch 2021 haben sich wieder urige 10 H\u00fctten aus allen Ecken des SalzburgerLands der Wahl gestellt.<\/span><\/p>\n<h2>Die Salzburger Almsommerh\u00fctte des Jahres<\/h2>\n<p>Im Sommer 2021 suchten wir die Besten der Besten unter den in den vergangenen Jahren bereits pr\u00e4mierten Almsommerh\u00fctten. Zehn H\u00fctten im SalzburgerLand waren nominiert und da Sch\u00f6nheit und Einzigartigkeit bekanntlich im Auge des Betrachters liegt, haben H\u00fctteng\u00e4ste, Wanderer und Biker selbst ihre beliebteste Almsommerh\u00fctte gew\u00e4hlt. In einem Online-Voting auf\u00a0<a href=\"https:\/\/www.krone.at\/2513755\" target=\"_blank\" rel=\"noopener\">Krone.at\/Almsommer<\/a> oder mit auf den H\u00fctten aufliegenden Teilnahmekarten konnte w\u00e4hrend des vergangenen Almsommers abgestimmt werden. Nun steht das Ergebnis fest: Die Schliereralm im Naturpark Riedingtal hat die Wahl zur beliebtesten Almsommerh\u00fctte f\u00fcr sich entschieden. In diesem Jahr schnitt der Salzburger Lungau insgesamt sehr gut ab, denn auch auf Platz zwei liegt eine Lungauer Almh\u00fctte: die Granglerh\u00fctte in Wei\u00dfpriach. Den dritten Platz sicherte sich die wundersch\u00f6ne Steiner-Hochalm im Gasteinertal.<\/p>\n\n\t\t\t<div id=\"188977-1\" class=\"gallery gallery-188977 gallery-columns-3 gallery-size-1170_658\" itemscope itemtype=\"http:\/\/schema.org\/ImageGallery\">\n\t\t\t\t<ul class=\"gallery-row gallery-col-3 gallery-clear\">\n\t\t\t\t\t<li class=\"gallery-item col-3\" itemprop=\"associatedMedia\" itemscope itemtype=\"http:\/\/schema.org\/ImageObject\">\n\t\t\t\t\t\t<div class=\"gallery-icon landscape\"><a href=\"https:\/\/www.salzburgerland.com\/de\/wp-content\/uploads\/2017\/10\/schliereralm_fam-dorfer-2_fotostudio-holitzky-1920x1067.jpg\" title=\"Schliereralm Familie Dorfer  (c) Fotostudio Holitzky\"><img decoding=\"async\" data-title=\"1. Platz Schliereralm Familie Dorfer  (c) Fotostudio Holitzky\" title=\"1. Platz Schliereralm Familie Dorfer  (c) Fotostudio Holitzky\" data-caption=\"1. Platz Schliereralm Familie Dorfer  (c) Fotostudio Holitzky\" width=\"1170\" height=\"658\" src=\"https:\/\/www.salzburgerland.com\/de\/wp-content\/uploads\/2017\/10\/schliereralm_fam-dorfer-2_fotostudio-holitzky-1170x658.jpg\" class=\"attachment-1170_658 size-1170_658\" alt=\"Vier Erwachsene in alpiner Kleidung l\u00e4cheln vor einer rustikalen \u00f6sterreichischen Almsommerh\u00fctte mit einem Willkommensschild. (vergr\u00f6\u00dferte Ansicht)\" srcset=\"https:\/\/www.salzburgerland.com\/de\/wp-content\/uploads\/2017\/10\/schliereralm_fam-dorfer-2_fotostudio-holitzky-1170x658.jpg 1170w, https:\/\/www.salzburgerland.com\/de\/wp-content\/uploads\/2017\/10\/schliereralm_fam-dorfer-2_fotostudio-holitzky-1200x675.jpg 1200w\" sizes=\"(max-width: 1170px) 100vw, 1170px\" aria-describedby=\"figcaption-188977-616424\" itemprop=\"thumbnail\"><\/a><\/div>\n\t\t\t\t\t\t<span id=\"figcaption-188977-616424\" class=\"gallery-caption\" itemprop=\"caption\"><span aria-hidden=\"true\">1. Platz Schliereralm Familie Dorfer  (c) Fotostudio Holitzky<\/span><\/span>\n\t\t\t\t\t<\/li>\n\t\t\t\t\t<li class=\"gallery-item col-3\" itemprop=\"associatedMedia\" itemscope itemtype=\"http:\/\/schema.org\/ImageObject\">\n\t\t\t\t\t\t<div class=\"gallery-icon landscape\"><a href=\"https:\/\/www.salzburgerland.com\/de\/wp-content\/uploads\/2017\/10\/schliereralm-cprivat-1-1440x1067.jpeg\" title=\"Schliereralm (c)privat (1)\"><img decoding=\"async\" data-title=\"Schliereralm (c)privat\" title=\"Schliereralm (c)privat\" data-caption=\"Schliereralm (c)privat\" width=\"1170\" height=\"658\" src=\"https:\/\/www.salzburgerland.com\/de\/wp-content\/uploads\/2017\/10\/schliereralm-cprivat-1-1170x658.jpeg\" class=\"attachment-1170_658 size-1170_658\" alt=\"Berg und Wald spiegeln sich in einem ruhigen See bei Sonnenuntergang nahe einer sch\u00f6nen \u00f6sterreichischen Almh\u00fctte, mit Wolken und Sonnenstrahlen dar\u00fcber. (vergr\u00f6\u00dferte Ansicht)\" srcset=\"https:\/\/www.salzburgerland.com\/de\/wp-content\/uploads\/2017\/10\/schliereralm-cprivat-1-1170x658.jpeg 1170w, https:\/\/www.salzburgerland.com\/de\/wp-content\/uploads\/2017\/10\/schliereralm-cprivat-1-1200x675.jpeg 1200w\" sizes=\"(max-width: 1170px) 100vw, 1170px\" aria-describedby=\"figcaption-188977-616431\" itemprop=\"thumbnail\"><\/a><\/div>\n\t\t\t\t\t\t<span id=\"figcaption-188977-616431\" class=\"gallery-caption\" itemprop=\"caption\"><span aria-hidden=\"true\">Schliereralm (c)privat<\/span><\/span>\n\t\t\t\t\t<\/li>\n\t\t\t\t\t<li class=\"gallery-item col-3\" itemprop=\"associatedMedia\" itemscope itemtype=\"http:\/\/schema.org\/ImageObject\">\n\t\t\t\t\t\t<div class=\"gallery-icon landscape\"><a href=\"https:\/\/www.salzburgerland.com\/de\/wp-content\/uploads\/2017\/10\/slt_almsommerhuetten20211021014-1920x1067.jpg\" title=\"Almsommerhuette 2021\"><img decoding=\"async\" data-title=\"Siegerehrung Almsommerh\u00fctte des Jahres 2021, (c) Salzburger Land Tourismus\" title=\"Siegerehrung Almsommerh\u00fctte des Jahres 2021, (c) Salzburger Land Tourismus\" data-caption=\"Siegerehrung Almsommerh\u00fctte des Jahres 2021, (c) Salzburger Land Tourismus\" width=\"1170\" height=\"658\" src=\"https:\/\/www.salzburgerland.com\/de\/wp-content\/uploads\/2017\/10\/slt_almsommerhuetten20211021014-1170x658.jpg\" class=\"attachment-1170_658 size-1170_658\" alt=\"Vier l\u00e4chelnde Menschen mit Blumen, einer Urkunde, einem Scheck und K\u00e4se vor der sch\u00f6nste H\u00fctte. (vergr\u00f6\u00dferte Ansicht)\" srcset=\"https:\/\/www.salzburgerland.com\/de\/wp-content\/uploads\/2017\/10\/slt_almsommerhuetten20211021014-1170x658.jpg 1170w, https:\/\/www.salzburgerland.com\/de\/wp-content\/uploads\/2017\/10\/slt_almsommerhuetten20211021014-1200x675.jpg 1200w\" sizes=\"(max-width: 1170px) 100vw, 1170px\" aria-describedby=\"figcaption-188977-626114\" itemprop=\"thumbnail\"><\/a><\/div>\n\t\t\t\t\t\t<span id=\"figcaption-188977-626114\" class=\"gallery-caption\" itemprop=\"caption\"><span aria-hidden=\"true\">Siegerehrung Almsommerh\u00fctte des Jahres 2021, (c) Salzburger Land Tourismus<\/span><\/span>\n\t\t\t\t\t<\/li>\n\t\t\t\t<\/ul>\n\t\t\t<\/div><!-- .gallery -->\n\n<h3><strong>1. Platz:<br>\n<\/strong><strong>Schliereralm im Naturpark Riedingtal, Salzburger Lungau<\/strong><\/h3>\n<p><span>\u00dcber dem Schlierersee ert\u00f6nt derzeit freudiges Glockenspiel, denn Familie Dorfer freut sich \u00fcber den erneuten Sieg bei der Abstimmung zur Almsommerh\u00fctte des Jahres. Wirtin Resi strahlt: \u201eDamit haben wir nicht gerechnet! Wir freuen uns gewaltig! Die Siegerglocke von 2016 h\u00e4ngt in einer sch\u00f6nen Vitrine im Vorhaus der H\u00fctte, dort werden wir nun auch einen sch\u00f6nen Platz f\u00fcr die neue Siegerglocke finden.\u201c Gemeinsam mit ihrem Mann Hans und ihren S\u00f6hnen Hannes und Wolfgang bewirtschaftet sie die <a href=\"https:\/\/www.schliereralm.at\/1shome.html\" target=\"_blank\" rel=\"noopener\">Schliereralm<\/a> im Naturpark Riedingtal im Lungau. Sie berichtet: \u201eDer Almsommer war gut \u2013 viele Leute sind zu uns gewandert und wann immer ich in der K\u00fcche wegkonnte, habe ich mich auf einen Plausch zu den G\u00e4sten gesetzt. Die Wanderer und Biker lieben den Ausblick auf den See, die frischen Forellen oder das Lungauer Rahmkoch. Der Sieg bedeutet uns sehr viel, denn es zeigt uns, dass wir hier auf der Schliereralm alles richtig machen und die G\u00e4ste mit unserer Arbeit zufrieden sind.\u201c Bis 26. Oktober (Mittwoch Ruhetag) hat man diesen Sommer noch die Chance auf einen Besuch in der beliebtesten H\u00fctte des Jahres 2021. Und einen kulinarischen Tipp hat Resi Dorfer auch noch parat: \u201eJetzt im Herbst gibt es gegen Vorbestellung unser k\u00f6stliches Lungauer Schafbrat`l!\u201c <\/span><\/p>\n<div id=\"attachment_626113\" style=\"width: 1180px\" class=\"wp-caption alignnone\"><img decoding=\"async\" aria-describedby=\"caption-attachment-626113\" class=\"size-1170_658 wp-image-626113\" src=\"https:\/\/cdn.salzburgerland.com\/de\/wp-content\/uploads\/2017\/10\/slt_almsommerhuetten20211021012-1170x658.jpg\" alt=\"\" width=\"1170\" height=\"658\" srcset=\"https:\/\/www.salzburgerland.com\/de\/wp-content\/uploads\/2017\/10\/slt_almsommerhuetten20211021012-1170x658.jpg 1170w, https:\/\/www.salzburgerland.com\/de\/wp-content\/uploads\/2017\/10\/slt_almsommerhuetten20211021012-1200x675.jpg 1200w\" sizes=\"(max-width: 1170px) 100vw, 1170px\"><p id=\"caption-attachment-626113\" class=\"wp-caption-text\">Auszeichnung Almsommerh\u00fctte des Jahres 2021, Schliereralm im Naturpark Riedingtal, Salzburger Lungau (c) Salzburger Land Tourismus<\/p><\/div>\n<h3><strong><span>2. Platz:<br>\n<\/span>Granglerh\u00fctte in Wei\u00dfpriach, Salzburger Lungau<\/strong><\/h3>\n<p><span>Gro\u00dfe Freude \u00fcber den zweiten Platz herrscht nur wenige Kilometer weiter, denn auch Platz zwei geht an eine Lungauer Almsommerh\u00fctte. Die idyllische <a href=\"https:\/\/www.granglerhuette.at\/\" target=\"_blank\" rel=\"noopener\">Granglerh\u00fctte<\/a> im Wei\u00dfpriachtal ist mit dieser Platzierung in ihrem Premierensommer sehr zufrieden. Wirtin Tanja Palffy erz\u00e4hlt: \u201eBisher hatten wir die H\u00fctte verpachtet und unser Vorp\u00e4chter durfte sich im Jahr 2009 \u00fcber einen Sieg freuen. Im ersten Sommer, in dem wir unsere H\u00fctte selbst bewirtschaften, freut uns der zweite Platz ganz besonders. Wir punkten mit Regionalit\u00e4t und das Fleisch von den eigenen Hochlandrindern und auch die traditionelle Kost wie Blunzengr\u00f6stl oder Hasen\u00f6rl kommt bei unseren G\u00e4sten gut an. Und nat\u00fcrlich hat unser H\u00fcttenhund C\u00e4sar f\u00fcr ganz viel \u00dcberzeugungsarbeit bei den Besuchern geleistet, der hat sich als Wahlhelfer nun eine gute Bratwurst verdient. Der zweite Platz ist ein tolles Feedback und wir sind dankbar f\u00fcr die vielen zufriedenen G\u00e4ste. Ich bedanke mich aber auch bei meinem super Team, ohne das dieser Premierensommer nicht so gut verlaufen w\u00e4re!\u201c Ebenfalls bis zum 26. Oktober ist die Granglerh\u00fctte noch durchgehend ge\u00f6ffnet und auch hier gibt\u00b4s ab sofort gegen Vorbestellung das Lungauer Schafbrat\u2018l oder ein eigenes Grillbuffet mit Backofenbrot.\u00a0 <\/span><\/p>\n<div id=\"attachment_616423\" style=\"width: 1180px\" class=\"wp-caption alignnone\"><img decoding=\"async\" aria-describedby=\"caption-attachment-616423\" class=\"size-1170_658 wp-image-616423\" src=\"https:\/\/cdn.salzburgerland.com\/de\/wp-content\/uploads\/2017\/10\/145408_granglerhuette_bearb_c-uwe-grinzinger-3-1170x658.jpg\" alt=\"\" width=\"1170\" height=\"658\" srcset=\"https:\/\/www.salzburgerland.com\/de\/wp-content\/uploads\/2017\/10\/145408_granglerhuette_bearb_c-uwe-grinzinger-3-1170x658.jpg 1170w, https:\/\/www.salzburgerland.com\/de\/wp-content\/uploads\/2017\/10\/145408_granglerhuette_bearb_c-uwe-grinzinger-3-1200x675.jpg 1200w\" sizes=\"(max-width: 1170px) 100vw, 1170px\"><p id=\"caption-attachment-616423\" class=\"wp-caption-text\">2. Platz Granglerhuette im Salzburger Lungau (c) Uwe Grinzinger<\/p><\/div>\n<h3><span>\u00a0<\/span><strong><span>3. Platz:<br>\n<\/span>Steiner Hochalm in Dorfgastein, Gasteinertal<\/strong><\/h3>\n<p><span>Auf dem ebenfalls hervorragenden dritten Platz liegt die Steiner Hochalm von Magret und Robert Meikl in Dorfgastein. Seit vielen Generationen k\u00fcmmert sich die Wirtsfamilie mit herzlicher Gastfreundschaft um hungrige Wanderer und Biker. Nach dem Sieg im Jahr 2010 d\u00fcrfen sich die Meikls nun \u00fcber den dritten Platz freuen. Und die Freude ist gro\u00df, wie Magret erz\u00e4hlt: \u201eNach der Nominierung kamen so viele G\u00e4ste zu uns herauf. Besonders die Germkrapfen fanden riesigen Anklang. Viele Stammg\u00e4ste besuchten uns, zu unserer gro\u00dfen Freude kamen aber auch ganz viele neue Gesichter dazu.\u201c Bis zum 26. Oktober hat die <a href=\"https:\/\/www.hauserbauer.com\/steinerhochalm.html\" target=\"_blank\" rel=\"noopener\">Steiner Hochalm<\/a> noch von Freitag bis Sonntag und an Feiertagen ge\u00f6ffnet. Da stehen die Chancen auf leckere Krapfen noch gut. \u201eF\u00fcr die selbstgemachten Lik\u00f6re allerdings muss man sich beeilen, den die gehen langsam zur Neige\u201c, lacht die r\u00fchrige H\u00fcttenwirtin.<\/span><\/p>\n<div id=\"attachment_616425\" style=\"width: 1034px\" class=\"wp-caption alignnone\"><img decoding=\"async\" aria-describedby=\"caption-attachment-616425\" class=\"size-medium wp-image-616425\" src=\"https:\/\/cdn.salzburgerland.com\/de\/wp-content\/uploads\/2017\/10\/steiner-hochalm-ausblick-c-steiner-hochalm-1024x499.jpg\" alt=\"\" width=\"1024\" height=\"499\"><p id=\"caption-attachment-616425\" class=\"wp-caption-text\">3. Platz Steiner Hochalm im Gasteinertal (c) Steiner Hochalm<\/p><\/div>\n<h2><span>So geht gelebte Partnerschaft!<\/span><\/h2>\n<h3><strong><span class=\"large\">RAIFFEISEN SALZBURG \u2013 <\/span>MEINE SALZBURGER BANK<\/strong><\/h3>\n<div class=\"content\">\n<div class=\"introduction\">Das tief in der Region verwurzelte Unternehmen ist einer der<strong> wichtigsten Partner<\/strong> des Salzburger Almsommers. Durch langfristige Beziehungen und nachhaltiges Wirtschaften \u00fcbernimmt der Raiffeisenverband auch Verant\u00adwortung f\u00fcr die Entwicklung der Region und der Menschen im SalzburgerLand und bietet Vertrauen, Sicherheit und Stabilit\u00e4t.<\/div>\n<div class=\"introduction\">Verl\u00e4ssliche und regionale Ansprechpartner sind gerade in Zeiten wie diesen der wichtigste Baustein f\u00fcr eine sichere Zukunft!<\/div>\n<div class=\"introduction\">\n<p><b>Als modernes und zukunftsorientiertes Unternehmen<\/b> hat der <span id=\"urn:enhancement-513e0177\">Raiffeisenverband<\/span> <span id=\"urn:enhancement-731c48a6\">Salzburg<\/span> auch in seiner Rolle als Zentrale der Lagerhausgenossenschaften des <span id=\"urn:enhancement-b5849040\">Landes<\/span> <span id=\"urn:enhancement-95d67b7c\">Salzburg<\/span> mit insgesamt 37 Lagerh\u00e4usern, zahlreichen Tankstellen, Landmaschinenwerkst\u00e4tten und sogar einem eigenen Mischfutterwerk eine wichtige regionalwirtschaftliche Aufgabe als Nahversorger sowohl f\u00fcr <span id=\"urn:enhancement-99536321\">landwirtschaftliche Betriebe<\/span> und somit auch unsere <span id=\"urn:enhancement-902f6b8a\">Bauern<\/span>, Almbauern und Senner als auch f\u00fcr Einheimische und G\u00e4ste als einer der wichtigsten Anbieter f\u00fcr regionale Produkte.<\/p>\n\n\t\t\t<div id=\"188977-2\" class=\"gallery gallery-188977 gallery-columns-3 gallery-size-1170_658\" itemscope itemtype=\"http:\/\/schema.org\/ImageGallery\">\n\t\t\t\t<ul class=\"gallery-row gallery-col-3 gallery-clear\">\n\t\t\t\t\t<li class=\"gallery-item col-3\" itemprop=\"associatedMedia\" itemscope itemtype=\"http:\/\/schema.org\/ImageObject\">\n\t\t\t\t\t\t<div class=\"gallery-icon landscape\"><a href=\"https:\/\/www.salzburgerland.com\/de\/wp-content\/uploads\/2017\/10\/slt_almsommerhuetten20211021010-1920x1067.jpg\" title=\"Almsommerhuette Platz 1 Schliereralm\"><img decoding=\"async\" data-title=\"\" title=\"\" data-caption=\"\" width=\"1170\" height=\"658\" src=\"https:\/\/www.salzburgerland.com\/de\/wp-content\/uploads\/2017\/10\/slt_almsommerhuetten20211021010-1170x658.jpg\" class=\"attachment-1170_658 size-1170_658\" alt=\"Eine Gruppe l\u00e4chelt in der Almsommerh\u00fctte und h\u00e4lt Blumen, Urkunden, einen gro\u00dfen Scheck und Geschenke in der Hand. (vergr\u00f6\u00dferte Ansicht)\" srcset=\"https:\/\/www.salzburgerland.com\/de\/wp-content\/uploads\/2017\/10\/slt_almsommerhuetten20211021010-1170x658.jpg 1170w, https:\/\/www.salzburgerland.com\/de\/wp-content\/uploads\/2017\/10\/slt_almsommerhuetten20211021010-1200x675.jpg 1200w\" sizes=\"(max-width: 1170px) 100vw, 1170px\" itemprop=\"thumbnail\"><\/a><\/div>\n\t\t\t\t\t<\/li>\n\t\t\t\t\t<li class=\"gallery-item col-3\" itemprop=\"associatedMedia\" itemscope itemtype=\"http:\/\/schema.org\/ImageObject\">\n\t\t\t\t\t\t<div class=\"gallery-icon landscape\"><a href=\"https:\/\/www.salzburgerland.com\/de\/wp-content\/uploads\/2017\/10\/slt_almsommerhuetten20211021006-1920x1067.jpg\" title=\"Almsommerhuetten2021\"><img decoding=\"async\" data-title=\"\" title=\"\" data-caption=\"\" width=\"1170\" height=\"658\" src=\"https:\/\/www.salzburgerland.com\/de\/wp-content\/uploads\/2017\/10\/slt_almsommerhuetten20211021006-1170x658.jpg\" class=\"attachment-1170_658 size-1170_658\" alt=\"Eine Frau in gr\u00fcner Jacke steht in einer gem\u00fctlichen \u00f6sterreichischen Almsommerh\u00fctte mit B\u00fcchern und Blumen auf einem Tisch hinter ihr. (vergr\u00f6\u00dferte Ansicht)\" srcset=\"https:\/\/www.salzburgerland.com\/de\/wp-content\/uploads\/2017\/10\/slt_almsommerhuetten20211021006-1170x658.jpg 1170w, https:\/\/www.salzburgerland.com\/de\/wp-content\/uploads\/2017\/10\/slt_almsommerhuetten20211021006-1200x675.jpg 1200w\" sizes=\"(max-width: 1170px) 100vw, 1170px\" itemprop=\"thumbnail\"><\/a><\/div>\n\t\t\t\t\t<\/li>\n\t\t\t\t\t<li class=\"gallery-item col-3\" itemprop=\"associatedMedia\" itemscope itemtype=\"http:\/\/schema.org\/ImageObject\">\n\t\t\t\t\t\t<div class=\"gallery-icon landscape\"><a href=\"https:\/\/www.salzburgerland.com\/de\/wp-content\/uploads\/2016\/08\/pilgerreise-tag-3-jakobsweg-67-von-69-1920x1067.jpg\" title=\"Lisa beim Trinkflasche anf\u00fcllen\"><img decoding=\"async\" data-title=\"\" title=\"\" data-caption=\"\" width=\"1170\" height=\"658\" src=\"https:\/\/www.salzburgerland.com\/de\/wp-content\/uploads\/2016\/08\/pilgerreise-tag-3-jakobsweg-67-von-69-1170x658.jpg\" class=\"attachment-1170_658 size-1170_658\" alt=\"Eine Frau mit Sonnenbrille f\u00fcllt an einem sonnigen Tag eine Wasserflasche in der N\u00e4he der Geb\u00e4ude von Almsommer-Partner im alpinen Stil auf. (vergr\u00f6\u00dferte Ansicht)\" srcset=\"https:\/\/www.salzburgerland.com\/de\/wp-content\/uploads\/2016\/08\/pilgerreise-tag-3-jakobsweg-67-von-69-1170x658.jpg 1170w, https:\/\/www.salzburgerland.com\/de\/wp-content\/uploads\/2016\/08\/pilgerreise-tag-3-jakobsweg-67-von-69-1200x675.jpg 1200w\" sizes=\"(max-width: 1170px) 100vw, 1170px\" itemprop=\"thumbnail\"><\/a><\/div>\n\t\t\t\t\t<\/li>\n\t\t\t\t<\/ul>\n\t\t\t\t<ul class=\"gallery-row gallery-col-3 gallery-clear\">\n\t\t\t\t\t<li class=\"gallery-item col-3\" itemprop=\"associatedMedia\" itemscope itemtype=\"http:\/\/schema.org\/ImageObject\">\n\t\t\t\t\t\t<div class=\"gallery-icon landscape\"><a href=\"https:\/\/www.salzburgerland.com\/de\/wp-content\/uploads\/2017\/10\/slt_almsommerhuetten20211021001-1920x1067.jpg\" title=\"Musikanten Almsommerh\u00fctte 2021\"><img decoding=\"async\" data-title=\"\" title=\"\" data-caption=\"\" width=\"1170\" height=\"658\" src=\"https:\/\/www.salzburgerland.com\/de\/wp-content\/uploads\/2017\/10\/slt_almsommerhuetten20211021001-1170x658.jpg\" class=\"attachment-1170_658 size-1170_658\" alt=\"Zwei M\u00e4nner in \u00f6sterreichischer Tracht spielen Akkordeon und Gitarre in einem gem\u00fctlichen Almsommerh\u00fctten-Restaurant. (vergr\u00f6\u00dferte Ansicht)\" srcset=\"https:\/\/www.salzburgerland.com\/de\/wp-content\/uploads\/2017\/10\/slt_almsommerhuetten20211021001-1170x658.jpg 1170w, https:\/\/www.salzburgerland.com\/de\/wp-content\/uploads\/2017\/10\/slt_almsommerhuetten20211021001-1200x675.jpg 1200w\" sizes=\"(max-width: 1170px) 100vw, 1170px\" itemprop=\"thumbnail\"><\/a><\/div>\n\t\t\t\t\t<\/li>\n\t\t\t\t\t<li class=\"gallery-item col-3\" itemprop=\"associatedMedia\" itemscope itemtype=\"http:\/\/schema.org\/ImageObject\">\n\t\t\t\t\t\t<div class=\"gallery-icon landscape\"><a href=\"https:\/\/www.salzburgerland.com\/de\/wp-content\/uploads\/2017\/10\/slt_almsommerhuetten20211021002-1920x1067.jpg\" title=\"Almsommerhuette2021\"><img decoding=\"async\" data-title=\"\" title=\"\" data-caption=\"\" width=\"1170\" height=\"658\" src=\"https:\/\/www.salzburgerland.com\/de\/wp-content\/uploads\/2017\/10\/slt_almsommerhuetten20211021002-1170x658.jpg\" class=\"attachment-1170_658 size-1170_658\" alt=\"Bunte Geschenkk\u00f6rbe mit Blumen, Karten und einem gelben Almsommerh\u00fctte-Schild auf einem Holztisch. (vergr\u00f6\u00dferte Ansicht)\" srcset=\"https:\/\/www.salzburgerland.com\/de\/wp-content\/uploads\/2017\/10\/slt_almsommerhuetten20211021002-1170x658.jpg 1170w, https:\/\/www.salzburgerland.com\/de\/wp-content\/uploads\/2017\/10\/slt_almsommerhuetten20211021002-1200x675.jpg 1200w\" sizes=\"(max-width: 1170px) 100vw, 1170px\" itemprop=\"thumbnail\"><\/a><\/div>\n\t\t\t\t\t<\/li>\n\t\t\t\t\t<li class=\"gallery-item col-3\" itemprop=\"associatedMedia\" itemscope itemtype=\"http:\/\/schema.org\/ImageObject\">\n\t\t\t\t\t\t<div class=\"gallery-icon landscape\"><a href=\"https:\/\/www.salzburgerland.com\/de\/wp-content\/uploads\/2016\/08\/almsommereroeffnung_grossarl20190616139einlaeuten-raika-1920x1067.jpg\" title=\"Almsommereroeffnung_Grossarl\"><img decoding=\"async\" data-title=\"\" title=\"\" data-caption=\"\" width=\"1170\" height=\"658\" src=\"https:\/\/www.salzburgerland.com\/de\/wp-content\/uploads\/2016\/08\/almsommereroeffnung_grossarl20190616139einlaeuten-raika-1170x658.jpg\" class=\"attachment-1170_658 size-1170_658\" alt=\"Almsommerer\u00f6ffnung auf der Loosb\u00fchelalm im Gro\u00dfarlertal, Gro\u00dfarl, Salzburg Foto: Franz Neumayr Copyright by: FRANZ NEUMAYR, Almsommer einl\u00e4uten mit Raiffeisen, Skispringer Stefan Kraft, Landesrat Schwaiger (vergr\u00f6\u00dferte Ansicht)\" srcset=\"https:\/\/www.salzburgerland.com\/de\/wp-content\/uploads\/2016\/08\/almsommereroeffnung_grossarl20190616139einlaeuten-raika-1170x658.jpg 1170w, https:\/\/www.salzburgerland.com\/de\/wp-content\/uploads\/2016\/08\/almsommereroeffnung_grossarl20190616139einlaeuten-raika-1200x675.jpg 1200w\" sizes=\"(max-width: 1170px) 100vw, 1170px\" itemprop=\"thumbnail\"><\/a><\/div>\n\t\t\t\t\t<\/li>\n\t\t\t\t<\/ul>\n\t\t\t\t<ul class=\"gallery-row gallery-col-3 gallery-clear\">\n\t\t\t\t\t<li class=\"gallery-item col-3\" itemprop=\"associatedMedia\" itemscope itemtype=\"http:\/\/schema.org\/ImageObject\">\n\t\t\t\t\t\t<div class=\"gallery-icon landscape\"><a href=\"https:\/\/www.salzburgerland.com\/de\/wp-content\/uploads\/2017\/10\/slt_tennengau_schober-37-1920x1067.jpg\" title=\"Wandern. Almsommer, Tennengau_Schober \u00a9 SalzburgerLand\"><img decoding=\"async\" data-title=\"\" title=\"\" data-caption=\"\" width=\"1170\" height=\"658\" src=\"https:\/\/www.salzburgerland.com\/de\/wp-content\/uploads\/2017\/10\/slt_tennengau_schober-37-1170x658.jpg\" class=\"attachment-1170_658 size-1170_658\" alt=\"Wandern. Almsommer, Tennengau_Schober \u00a9 SalzburgerLand (vergr\u00f6\u00dferte Ansicht)\" srcset=\"https:\/\/www.salzburgerland.com\/de\/wp-content\/uploads\/2017\/10\/slt_tennengau_schober-37-1170x658.jpg 1170w, https:\/\/www.salzburgerland.com\/de\/wp-content\/uploads\/2017\/10\/slt_tennengau_schober-37-1200x675.jpg 1200w\" sizes=\"(max-width: 1170px) 100vw, 1170px\" itemprop=\"thumbnail\"><\/a><\/div>\n\t\t\t\t\t<\/li>\n\t\t\t\t\t<li class=\"gallery-item col-3\" itemprop=\"associatedMedia\" itemscope itemtype=\"http:\/\/schema.org\/ImageObject\">\n\t\t\t\t\t\t<div class=\"gallery-icon landscape\"><a href=\"https:\/\/www.salzburgerland.com\/de\/wp-content\/uploads\/2017\/10\/slt_almsommerhuetten20211021019-1920x1067.jpg\" title=\"Almsommerhuetten2021\"><img decoding=\"async\" data-title=\"Siegerehrung Almsommerh\u00fctte 2021 Platz 1 bis 3 (c) Salzburger Land Tourismus\" title=\"Siegerehrung Almsommerh\u00fctte 2021 Platz 1 bis 3 (c) Salzburger Land Tourismus\" data-caption=\"Siegerehrung Almsommerh\u00fctte 2021 Platz 1 bis 3 (c) Salzburger Land Tourismus\" width=\"1170\" height=\"658\" src=\"https:\/\/www.salzburgerland.com\/de\/wp-content\/uploads\/2017\/10\/slt_almsommerhuetten20211021019-1170x658.jpg\" class=\"attachment-1170_658 size-1170_658\" alt=\"Eine Gruppe im Freien auf der sch\u00f6nen Almh\u00fctte, mit Auszeichnungen, Blumen und einem gro\u00dfen Scheck mit Bergen im Hintergrund. (vergr\u00f6\u00dferte Ansicht)\" srcset=\"https:\/\/www.salzburgerland.com\/de\/wp-content\/uploads\/2017\/10\/slt_almsommerhuetten20211021019-1170x658.jpg 1170w, https:\/\/www.salzburgerland.com\/de\/wp-content\/uploads\/2017\/10\/slt_almsommerhuetten20211021019-1200x675.jpg 1200w\" sizes=\"(max-width: 1170px) 100vw, 1170px\" aria-describedby=\"figcaption-188977-626119\" itemprop=\"thumbnail\"><\/a><\/div>\n\t\t\t\t\t\t<span id=\"figcaption-188977-626119\" class=\"gallery-caption\" itemprop=\"caption\"><span aria-hidden=\"true\">Siegerehrung Almsommerh\u00fctte 2021 Platz 1 bis 3 (c) Salzburger Land Tourismus<\/span><\/span>\n\t\t\t\t\t<\/li>\n\t\t\t\t\t<li class=\"gallery-item col-3\" itemprop=\"associatedMedia\" itemscope itemtype=\"http:\/\/schema.org\/ImageObject\">\n\t\t\t\t\t\t<div class=\"gallery-icon landscape\"><a href=\"https:\/\/www.salzburgerland.com\/de\/wp-content\/uploads\/2017\/10\/slt_grossarltal_almenwanderweg_chrisperkles-91-1920x1067.jpg\" title=\"SLT_Gro\u00dfarltal_Almenwanderweg_ChrisPerkles-91\u00a9 SalzburgerLand\"><img decoding=\"async\" data-title=\"\" title=\"\" data-caption=\"\" width=\"1170\" height=\"658\" src=\"https:\/\/www.salzburgerland.com\/de\/wp-content\/uploads\/2017\/10\/slt_grossarltal_almenwanderweg_chrisperkles-91-1170x658.jpg\" class=\"attachment-1170_658 size-1170_658\" alt=\"SLT_Gro\u00dfarltal_Almenwanderweg_ChrisPerkles-91\u00a9 SalzburgerLand (vergr\u00f6\u00dferte Ansicht)\" srcset=\"https:\/\/www.salzburgerland.com\/de\/wp-content\/uploads\/2017\/10\/slt_grossarltal_almenwanderweg_chrisperkles-91-1170x658.jpg 1170w, https:\/\/www.salzburgerland.com\/de\/wp-content\/uploads\/2017\/10\/slt_grossarltal_almenwanderweg_chrisperkles-91-1200x675.jpg 1200w\" sizes=\"(max-width: 1170px) 100vw, 1170px\" itemprop=\"thumbnail\"><\/a><\/div>\n\t\t\t\t\t<\/li>\n\t\t\t\t<\/ul>\n\t\t\t<\/div><!-- .gallery -->\n\n<p>Die im <span id=\"urn:enhancement-361e686c\">Raiffeisenverband<\/span> angeschlossenen Lagerh\u00e4user sind unverzichtbare <span id=\"urn:enhancement-310f9591\">Partner<\/span> der Almbauern.<br>\nAls<strong> gro\u00dfz\u00fcgige Siegerpr\u00e4mie<\/strong> stellt <strong><span id=\"urn:enhancement-f242f699\"><\/span><a href=\"http:\/\/www.salzburg.raiffeisen.at\" target=\"_blank\" rel=\"noopener\">Raiffeisen\u00a0Salzburg<\/a><\/strong> der <strong>Siegerh\u00fctte unserer H\u00fcttenwahl jedes <span id=\"urn:enhancement-51cfab41\">Jahr<\/span> einen Lagerhaus-<span id=\"urn:enhancement-25b973ef\">Gutschein<\/span><\/strong> zur <span id=\"urn:enhancement-54d00868\">Verf\u00fcgung<\/span>!<\/p>\n<p>Wir bedanken uns sehr herzlich f\u00fcr die jahrelange Unterst\u00fctzung und freuen uns auf viele weitere Jahre der guten Zusammenarbeit!<\/p>\n<p>Alle Partner des Salzburger Almsommers finden Sie <a href=\"https:\/\/www.salzburgerland.com\/de\/almsommer-partner\/\">hier<\/a>.<\/p>\n<div id=\"attachment_611291\" style=\"width: 1180px\" class=\"wp-caption alignnone\"><img decoding=\"async\" aria-describedby=\"caption-attachment-611291\" class=\"wp-image-611291 size-1170_658\" src=\"https:\/\/cdn.salzburgerland.com\/de\/wp-content\/uploads\/2016\/12\/almsommer-einlaeuten-1170x658.jpg\" alt=\"\" width=\"1170\" height=\"658\" srcset=\"https:\/\/www.salzburgerland.com\/de\/wp-content\/uploads\/2016\/12\/almsommer-einlaeuten-1170x658.jpg 1170w, https:\/\/www.salzburgerland.com\/de\/wp-content\/uploads\/2016\/12\/almsommer-einlaeuten-1200x675.jpg 1200w\" sizes=\"(max-width: 1170px) 100vw, 1170px\"><p id=\"caption-attachment-611291\" class=\"wp-caption-text\">Almsommer einl\u00e4uten in der Almenwelt Lofer (c) SalzburgerLand Tourismus, Franz Neumayr<\/p><\/div>\n<\/div>\n<\/div>\n","protected":false},"excerpt":{"rendered":"<p>Die unglaubliche Almendichte des SalzburgerLands ist einzigartig in ganz \u00d6sterreich! Eines haben aber alle H\u00fctten im SalzburgerLand gemeinsam: Sie sind wahre Wohlf\u00fchlpl\u00e4tze, wo man die Natur, die Ruhe, regionale Kulinarik und das einfache Leben genie\u00dfen kann. Die ausgezeichneten Almsommerh\u00fctten stechen aus diesem gro\u00dfen Angebot nochmals besonders hervor. Das orange Emblem am H\u00fctteneingang signalisiert, dass diese [&hellip;]<\/p>\n","protected":false},"author":50,"featured_media":614159,"comment_status":"closed","ping_status":"closed","sticky":false,"template":"","format":"standard","meta":{"_acf_changed":false,"wl_entities_gutenberg":"","_relevanssi_hide_post":"","_relevanssi_hide_content":"","_relevanssi_pin_for_all":"","_relevanssi_pin_keywords":"","_relevanssi_unpin_keywords":"","_relevanssi_related_keywords":"","_relevanssi_related_include_ids":"","_relevanssi_related_exclude_ids":"","_relevanssi_related_no_append":"","_relevanssi_related_not_related":"","_relevanssi_related_posts":"","_relevanssi_noindex_reason":"","footnotes":""},"categories":[1],"tags":[],"wl_entity_type":[11495],"class_list":["post-188977","post","type-post","status-publish","format-standard","has-post-thumbnail","hentry","category-allgemein","wl_entity_type-article"],"acf":[],"yoast_head":"<!-- This site is optimized with the Yoast SEO Premium plugin v26.9 (Yoast SEO v26.9) - https:\/\/yoast.com\/product\/yoast-seo-premium-wordpress\/ -->\n<title>Auf diesen H\u00fctten lebt man f\u00fcr den Almsommer! \u00bb SalzburgerLand.com<\/title>\n<meta name=\"description\" content=\"Die Schliereralm im Naturpark Riedingtal im Salzburger Lungau ist die beliebteste Almsommerh\u00fctte im SalzburgerLand.\" \/>\n<meta name=\"robots\" content=\"index, follow, max-snippet:-1, max-image-preview:large, max-video-preview:-1\" \/>\n<link rel=\"canonical\" href=\"https:\/\/www.salzburgerland.com\/de\/wp-json\/wp\/v2\/posts\/188977\" \/>\n<meta property=\"og:locale\" content=\"de_DE\" \/>\n<meta property=\"og:type\" content=\"article\" \/>\n<meta property=\"og:title\" content=\"Auf diesen H\u00fctten lebt man f\u00fcr den Almsommer!\" \/>\n<meta property=\"og:description\" content=\"Die Schliereralm im Naturpark Riedingtal im Salzburger Lungau ist die beliebteste Almsommerh\u00fctte im SalzburgerLand.\" \/>\n<meta property=\"og:url\" content=\"https:\/\/www.salzburgerland.com\/de\/wp-json\/wp\/v2\/posts\/188977\" \/>\n<meta property=\"og:site_name\" content=\"SalzburgerLand.com\" \/>\n<meta property=\"article:publisher\" content=\"https:\/\/www.facebook.com\/salzburgerland\/\" \/>\n<meta property=\"article:published_time\" content=\"2017-10-11T15:32:47+00:00\" \/>\n<meta property=\"article:modified_time\" content=\"2023-09-15T08:12:25+00:00\" \/>\n<meta property=\"og:image\" content=\"https:\/\/www.salzburgerland.com\/de\/wp-content\/uploads\/2017\/10\/schliereralm-cprivat-3-1200x675.jpeg\" \/>\n\t<meta property=\"og:image:width\" content=\"1200\" \/>\n\t<meta property=\"og:image:height\" content=\"675\" \/>\n\t<meta property=\"og:image:type\" content=\"image\/jpeg\" \/>\n<meta name=\"author\" content=\"Barbara Walzer\" \/>\n<meta name=\"twitter:card\" content=\"summary_large_image\" \/>\n<meta name=\"twitter:creator\" content=\"@Salzburgerland\" \/>\n<meta name=\"twitter:site\" content=\"@Salzburgerland\" \/>\n<meta name=\"twitter:label1\" content=\"Verfasst von\" \/>\n\t<meta name=\"twitter:data1\" content=\"Barbara Walzer\" \/>\n\t<meta name=\"twitter:label2\" content=\"Gesch\u00e4tzte Lesezeit\" \/>\n\t<meta name=\"twitter:data2\" content=\"7\u00a0Minuten\" \/>\n<script type=\"application\/ld+json\" class=\"yoast-schema-graph\">{\"@context\":\"https:\/\/schema.org\",\"@graph\":[{\"@type\":\"WebPage\",\"@id\":\"https:\/\/www.salzburgerland.com\/de\/almsommerhuette-des-jahres-gewinner\/\",\"url\":\"https:\/\/www.salzburgerland.com\/de\/almsommerhuette-des-jahres-gewinner\/\",\"name\":\"Auf diesen H\u00fctten lebt man f\u00fcr den Almsommer! \u00bb SalzburgerLand.com\",\"isPartOf\":{\"@id\":\"https:\/\/www.salzburgerland.com\/de\/#website\"},\"primaryImageOfPage\":{\"@id\":\"https:\/\/www.salzburgerland.com\/de\/almsommerhuette-des-jahres-gewinner\/#primaryimage\"},\"image\":{\"@id\":\"https:\/\/www.salzburgerland.com\/de\/almsommerhuette-des-jahres-gewinner\/#primaryimage\"},\"thumbnailUrl\":\"https:\/\/www.salzburgerland.com\/de\/wp-content\/uploads\/2017\/10\/schliereralm-cprivat-3-scaled.jpeg\",\"datePublished\":\"2017-10-11T15:32:47+00:00\",\"dateModified\":\"2023-09-15T08:12:25+00:00\",\"description\":\"Die Schliereralm im Naturpark Riedingtal im Salzburger Lungau ist die beliebteste Almsommerh\u00fctte im SalzburgerLand.\",\"breadcrumb\":{\"@id\":\"https:\/\/www.salzburgerland.com\/de\/almsommerhuette-des-jahres-gewinner\/#breadcrumb\"},\"inLanguage\":\"de\",\"potentialAction\":[{\"@type\":\"ReadAction\",\"target\":[\"https:\/\/www.salzburgerland.com\/de\/almsommerhuette-des-jahres-gewinner\/\"]}]},{\"@type\":\"ImageObject\",\"inLanguage\":\"de\",\"@id\":\"https:\/\/www.salzburgerland.com\/de\/almsommerhuette-des-jahres-gewinner\/#primaryimage\",\"url\":\"https:\/\/www.salzburgerland.com\/de\/wp-content\/uploads\/2017\/10\/schliereralm-cprivat-3-scaled.jpeg\",\"contentUrl\":\"https:\/\/www.salzburgerland.com\/de\/wp-content\/uploads\/2017\/10\/schliereralm-cprivat-3-scaled.jpeg\",\"width\":1920,\"height\":1439,\"caption\":\"Schliereralm mit Schliereralmsee (c)Schliereralm privat\"},{\"@type\":\"BreadcrumbList\",\"@id\":\"https:\/\/www.salzburgerland.com\/de\/almsommerhuette-des-jahres-gewinner\/#breadcrumb\",\"itemListElement\":[{\"@type\":\"ListItem\",\"position\":1,\"name\":\"Almsommer\",\"item\":\"https:\/\/www.salzburgerland.com\/de\/almsommer\/\"},{\"@type\":\"ListItem\",\"position\":2,\"name\":\"Auf diesen H\u00fctten lebt man f\u00fcr den Almsommer!\"}]},{\"@type\":\"WebSite\",\"@id\":\"https:\/\/www.salzburgerland.com\/de\/#website\",\"url\":\"https:\/\/www.salzburgerland.com\/de\/\",\"name\":\"SalzburgerLand.com\",\"description\":\"Ihr Urlaub in Salzburg, \u00d6sterreich\",\"publisher\":{\"@id\":\"https:\/\/www.salzburgerland.com\/de\/#organization\"},\"potentialAction\":[{\"@type\":\"SearchAction\",\"target\":{\"@type\":\"EntryPoint\",\"urlTemplate\":\"https:\/\/www.salzburgerland.com\/de\/?s={search_term_string}\"},\"query-input\":{\"@type\":\"PropertyValueSpecification\",\"valueRequired\":true,\"valueName\":\"search_term_string\"}}],\"inLanguage\":\"de\"},{\"@type\":\"Organization\",\"@id\":\"https:\/\/www.salzburgerland.com\/de\/#organization\",\"name\":\"SalzburgerLand Tourismus GmbH\",\"url\":\"https:\/\/www.salzburgerland.com\/de\/\",\"logo\":{\"@type\":\"ImageObject\",\"inLanguage\":\"de\",\"@id\":\"https:\/\/www.salzburgerland.com\/de\/#\/schema\/logo\/image\/\",\"url\":\"https:\/\/www.salzburgerland.com\/de\/wp-content\/uploads\/2017\/01\/salzburgerland-logo.jpg\",\"contentUrl\":\"https:\/\/www.salzburgerland.com\/de\/wp-content\/uploads\/2017\/01\/salzburgerland-logo.jpg\",\"width\":1920,\"height\":827,\"caption\":\"SalzburgerLand Tourismus GmbH\"},\"image\":{\"@id\":\"https:\/\/www.salzburgerland.com\/de\/#\/schema\/logo\/image\/\"},\"sameAs\":[\"https:\/\/www.facebook.com\/salzburgerland\/\",\"https:\/\/x.com\/Salzburgerland\",\"https:\/\/www.instagram.com\/salzburgerland\/\",\"http:\/\/dbpedia.org\/resource\/Salzburg_(state)\",\"http:\/\/wikidata.dbpedia.org\/resource\/Q43325\",\"http:\/\/open.salzburgerland.com\/de\/entity\/salzburgerland\",\"https:\/\/www.youtube.com\/user\/salzburgerland\"]},{\"@type\":\"Person\",\"@id\":\"https:\/\/www.salzburgerland.com\/de\/#\/schema\/person\/caeab11a87b2ddb609442e2134067898\",\"name\":\"Barbara Walzer\",\"image\":{\"@type\":\"ImageObject\",\"inLanguage\":\"de\",\"@id\":\"https:\/\/www.salzburgerland.com\/de\/#\/schema\/person\/image\/\",\"url\":\"https:\/\/secure.gravatar.com\/avatar\/a33af3f7ecbc837d99149f702ef06428086253068f7ff83b2aacb98bb919f367?s=96&d=mm&r=g\",\"contentUrl\":\"https:\/\/secure.gravatar.com\/avatar\/a33af3f7ecbc837d99149f702ef06428086253068f7ff83b2aacb98bb919f367?s=96&d=mm&r=g\",\"caption\":\"Barbara Walzer\"}}]}<\/script>\n<!-- \/ Yoast SEO Premium plugin. -->","yoast_head_json":{"title":"Auf diesen H\u00fctten lebt man f\u00fcr den Almsommer! \u00bb SalzburgerLand.com","description":"Die Schliereralm im Naturpark Riedingtal im Salzburger Lungau ist die beliebteste Almsommerh\u00fctte im SalzburgerLand.","robots":{"index":"index","follow":"follow","max-snippet":"max-snippet:-1","max-image-preview":"max-image-preview:large","max-video-preview":"max-video-preview:-1"},"canonical":"https:\/\/www.salzburgerland.com\/de\/wp-json\/wp\/v2\/posts\/188977","og_locale":"de_DE","og_type":"article","og_title":"Auf diesen H\u00fctten lebt man f\u00fcr den Almsommer!","og_description":"Die Schliereralm im Naturpark Riedingtal im Salzburger Lungau ist die beliebteste Almsommerh\u00fctte im SalzburgerLand.","og_url":"https:\/\/www.salzburgerland.com\/de\/wp-json\/wp\/v2\/posts\/188977","og_site_name":"SalzburgerLand.com","article_publisher":"https:\/\/www.facebook.com\/salzburgerland\/","article_published_time":"2017-10-11T15:32:47+00:00","article_modified_time":"2023-09-15T08:12:25+00:00","og_image":[{"width":1200,"height":675,"url":"https:\/\/www.salzburgerland.com\/de\/wp-content\/uploads\/2017\/10\/schliereralm-cprivat-3-1200x675.jpeg","type":"image\/jpeg"}],"author":"Barbara Walzer","twitter_card":"summary_large_image","twitter_creator":"@Salzburgerland","twitter_site":"@Salzburgerland","twitter_misc":{"Verfasst von":"Barbara Walzer","Gesch\u00e4tzte Lesezeit":"7\u00a0Minuten"},"schema":{"@context":"https:\/\/schema.org","@graph":[{"@type":"WebPage","@id":"https:\/\/www.salzburgerland.com\/de\/almsommerhuette-des-jahres-gewinner\/","url":"https:\/\/www.salzburgerland.com\/de\/almsommerhuette-des-jahres-gewinner\/","name":"Auf diesen H\u00fctten lebt man f\u00fcr den Almsommer! \u00bb SalzburgerLand.com","isPartOf":{"@id":"https:\/\/www.salzburgerland.com\/de\/#website"},"primaryImageOfPage":{"@id":"https:\/\/www.salzburgerland.com\/de\/almsommerhuette-des-jahres-gewinner\/#primaryimage"},"image":{"@id":"https:\/\/www.salzburgerland.com\/de\/almsommerhuette-des-jahres-gewinner\/#primaryimage"},"thumbnailUrl":"https:\/\/www.salzburgerland.com\/de\/wp-content\/uploads\/2017\/10\/schliereralm-cprivat-3-scaled.jpeg","datePublished":"2017-10-11T15:32:47+00:00","dateModified":"2023-09-15T08:12:25+00:00","description":"Die Schliereralm im Naturpark Riedingtal im Salzburger Lungau ist die beliebteste Almsommerh\u00fctte im SalzburgerLand.","breadcrumb":{"@id":"https:\/\/www.salzburgerland.com\/de\/almsommerhuette-des-jahres-gewinner\/#breadcrumb"},"inLanguage":"de","potentialAction":[{"@type":"ReadAction","target":["https:\/\/www.salzburgerland.com\/de\/almsommerhuette-des-jahres-gewinner\/"]}]},{"@type":"ImageObject","inLanguage":"de","@id":"https:\/\/www.salzburgerland.com\/de\/almsommerhuette-des-jahres-gewinner\/#primaryimage","url":"https:\/\/www.salzburgerland.com\/de\/wp-content\/uploads\/2017\/10\/schliereralm-cprivat-3-scaled.jpeg","contentUrl":"https:\/\/www.salzburgerland.com\/de\/wp-content\/uploads\/2017\/10\/schliereralm-cprivat-3-scaled.jpeg","width":1920,"height":1439,"caption":"Schliereralm mit Schliereralmsee (c)Schliereralm privat"},{"@type":"BreadcrumbList","@id":"https:\/\/www.salzburgerland.com\/de\/almsommerhuette-des-jahres-gewinner\/#breadcrumb","itemListElement":[{"@type":"ListItem","position":1,"name":"Almsommer","item":"https:\/\/www.salzburgerland.com\/de\/almsommer\/"},{"@type":"ListItem","position":2,"name":"Auf diesen H\u00fctten lebt man f\u00fcr den Almsommer!"}]},{"@type":"WebSite","@id":"https:\/\/www.salzburgerland.com\/de\/#website","url":"https:\/\/www.salzburgerland.com\/de\/","name":"SalzburgerLand.com","description":"Ihr Urlaub in Salzburg, \u00d6sterreich","publisher":{"@id":"https:\/\/www.salzburgerland.com\/de\/#organization"},"potentialAction":[{"@type":"SearchAction","target":{"@type":"EntryPoint","urlTemplate":"https:\/\/www.salzburgerland.com\/de\/?s={search_term_string}"},"query-input":{"@type":"PropertyValueSpecification","valueRequired":true,"valueName":"search_term_string"}}],"inLanguage":"de"},{"@type":"Organization","@id":"https:\/\/www.salzburgerland.com\/de\/#organization","name":"SalzburgerLand Tourismus GmbH","url":"https:\/\/www.salzburgerland.com\/de\/","logo":{"@type":"ImageObject","inLanguage":"de","@id":"https:\/\/www.salzburgerland.com\/de\/#\/schema\/logo\/image\/","url":"https:\/\/www.salzburgerland.com\/de\/wp-content\/uploads\/2017\/01\/salzburgerland-logo.jpg","contentUrl":"https:\/\/www.salzburgerland.com\/de\/wp-content\/uploads\/2017\/01\/salzburgerland-logo.jpg","width":1920,"height":827,"caption":"SalzburgerLand Tourismus GmbH"},"image":{"@id":"https:\/\/www.salzburgerland.com\/de\/#\/schema\/logo\/image\/"},"sameAs":["https:\/\/www.facebook.com\/salzburgerland\/","https:\/\/x.com\/Salzburgerland","https:\/\/www.instagram.com\/salzburgerland\/","http:\/\/dbpedia.org\/resource\/Salzburg_(state)","http:\/\/wikidata.dbpedia.org\/resource\/Q43325","http:\/\/open.salzburgerland.com\/de\/entity\/salzburgerland","https:\/\/www.youtube.com\/user\/salzburgerland"]},{"@type":"Person","@id":"https:\/\/www.salzburgerland.com\/de\/#\/schema\/person\/caeab11a87b2ddb609442e2134067898","name":"Barbara Walzer","image":{"@type":"ImageObject","inLanguage":"de","@id":"https:\/\/www.salzburgerland.com\/de\/#\/schema\/person\/image\/","url":"https:\/\/secure.gravatar.com\/avatar\/a33af3f7ecbc837d99149f702ef06428086253068f7ff83b2aacb98bb919f367?s=96&d=mm&r=g","contentUrl":"https:\/\/secure.gravatar.com\/avatar\/a33af3f7ecbc837d99149f702ef06428086253068f7ff83b2aacb98bb919f367?s=96&d=mm&r=g","caption":"Barbara Walzer"}}]}},"_wl_alt_label":[],"wl:entity_url":"http:\/\/open.salzburgerland.com\/de\/post\/almsommerhuette_des_jahres_2017_-__trattenbach-grundalm","_links":{"self":[{"href":"https:\/\/www.salzburgerland.com\/de\/wp-json\/wp\/v2\/posts\/188977","targetHints":{"allow":["GET"]}}],"collection":[{"href":"https:\/\/www.salzburgerland.com\/de\/wp-json\/wp\/v2\/posts"}],"about":[{"href":"https:\/\/www.salzburgerland.com\/de\/wp-json\/wp\/v2\/types\/post"}],"author":[{"embeddable":true,"href":"https:\/\/www.salzburgerland.com\/de\/wp-json\/wp\/v2\/users\/50"}],"replies":[{"embeddable":true,"href":"https:\/\/www.salzburgerland.com\/de\/wp-json\/wp\/v2\/comments?post=188977"}],"version-history":[{"count":5,"href":"https:\/\/www.salzburgerland.com\/de\/wp-json\/wp\/v2\/posts\/188977\/revisions"}],"predecessor-version":[{"id":665256,"href":"https:\/\/www.salzburgerland.com\/de\/wp-json\/wp\/v2\/posts\/188977\/revisions\/665256"}],"wp:featuredmedia":[{"embeddable":true,"href":"https:\/\/www.salzburgerland.com\/de\/wp-json\/wp\/v2\/media\/614159"}],"wp:attachment":[{"href":"https:\/\/www.salzburgerland.com\/de\/wp-json\/wp\/v2\/media?parent=188977"}],"wp:term":[{"taxonomy":"category","embeddable":true,"href":"https:\/\/www.salzburgerland.com\/de\/wp-json\/wp\/v2\/categories?post=188977"},{"taxonomy":"post_tag","embeddable":true,"href":"https:\/\/www.salzburgerland.com\/de\/wp-json\/wp\/v2\/tags?post=188977"},{"taxonomy":"wl_entity_type","embeddable":true,"href":"https:\/\/www.salzburgerland.com\/de\/wp-json\/wp\/v2\/wl_entity_type?post=188977"}],"curies":[{"name":"wp","href":"https:\/\/api.w.org\/{rel}","templated":true}]}}