{"id":130617,"date":"2017-03-21T20:36:21","date_gmt":"2017-03-21T19:36:21","guid":{"rendered":"https:\/\/www.salzburgerland.com\/de\/?p=130617"},"modified":"2025-04-23T15:21:50","modified_gmt":"2025-04-23T13:21:50","slug":"sonnenskilauf-zu-ostern","status":"publish","type":"post","link":"https:\/\/www.salzburgerland.com\/de\/sonnenskilauf-zu-ostern\/","title":{"rendered":"Sonnenskilauf"},"content":{"rendered":"<p><span>Dann, wenn die Tage wieder l\u00e4nger werden, die Sonne merklich an Kraft gewinnt und auch die V\u00f6gel sch\u00f6n langsam zur\u00fcck in die Heimat kehren, dann steht auch im SalzburgerLand der Fr\u00fchling und der Sonnenskilauf vor der T\u00fcr. Eine Zeit, die nicht nur vom Erwachen der Natur gepr\u00e4gt ist, sondern sich auch ganz besonders zum genussvollen Skifahren eignet. Immer noch perfekt pr\u00e4parierte Pisten und absolute Schneesicherheit bis Ostern sorgen daf\u00fcr, dass sich speziell diese Zeit besonderer Beliebtheit unter Skifahrer*innen erfreut. <\/span><\/p>\n<p><span>Kein Wunder, wenn man an die herrlichen Vormittage denkt, an denen man \u00fcber die Pisten gleitet, die Mittagsstunden, die man in der Sonne um die gem\u00fctlichen H\u00fctten verbringt und die fr\u00fchen Abende, an denen man die bereits milden Temperaturen unten im Tal in vollen Z\u00fcgen genie\u00dft. Denn eins ist klar: Jetzt ist man in den Bergen des SalzburgerLandes ganz sicher auf der Sonnenseite des Lebens angelangt. Und das nicht nur im sprichw\u00f6rtlichen Sinn. <\/span><span>\u00a0<\/span><\/p>\n<div id=\"attachment_657679\" style=\"width: 1180px\" class=\"wp-caption alignnone\"><img decoding=\"async\" aria-describedby=\"caption-attachment-657679\" class=\"size-1170_658 wp-image-657679\" src=\"https:\/\/cdn.salzburgerland.com\/de\/wp-content\/uploads\/2017\/03\/rs2981_190225-slt-family-dsc_5818_final-1170x658.jpg\" alt=\"\" width=\"1170\" height=\"658\" srcset=\"https:\/\/www.salzburgerland.com\/de\/wp-content\/uploads\/2017\/03\/rs2981_190225-slt-family-dsc_5818_final-1170x658.jpg 1170w, https:\/\/www.salzburgerland.com\/de\/wp-content\/uploads\/2017\/03\/rs2981_190225-slt-family-dsc_5818_final-1200x675.jpg 1200w\" sizes=\"(max-width: 1170px) 100vw, 1170px\"><p id=\"caption-attachment-657679\" class=\"wp-caption-text\">\u00a9 SalzburgerLand Tourismus, Markus Berger, Spa\u00df im Schnee<\/p><\/div>\n<h2><strong>Verlockende Fr\u00fchlingspauschalen im SalzburgerLand<\/strong><\/h2>\n<h3>Perfekte Pisten im Fr\u00fchling am schneesicheren Gletscher<\/h3>\n<p>Wei\u00dfe<span style=\"font-size: 16px;\"> Ostern<\/span><span style=\"font-size: 16px;\"> sind am <strong>Kitzsteinhorn<\/strong><\/span><span style=\"font-size: 16px;\"> garantiert: Bis weit in den Fr\u00fchling<\/span><span style=\"font-size: 16px;\"> warten<\/span><span style=\"font-size: 16px;\"> am Gletscher<\/span><span style=\"font-size: 16px;\"> hoch oben<\/span><span style=\"font-size: 16px;\"> \u00fcber Kaprun<\/span><span style=\"font-size: 16px;\"> perfekte Pisten<\/span><span style=\"font-size: 16px;\"> und absolute<\/span><span style=\"font-size: 16px;\"> Schneesicherheit auf euch. <\/span><a style=\"font-size: 16px;\" href=\"https:\/\/www.kitzsteinhorn.at\/de\/winter\/kitzsteinhorn-ski-board\" target=\"_blank\" rel=\"noopener noopener\"><strong>Top-Schneequalit\u00e4t<\/strong><\/a><span style=\"font-size: 16px;\">, pulvrige Pisten<\/span><span style=\"font-size: 16px;\"> und <\/span>feinster Firn<span style=\"font-size: 16px;\">auf weiten<\/span><span style=\"font-size: 16px;\"> Gletscherh\u00e4ngen sind der ideale Rahmen<\/span><span style=\"font-size: 16px;\">, um eine gelungene Wintersaison am Kitzsteinhorn<\/span><span style=\"font-size: 16px;\"> ausklingen zu lassen<\/span><span style=\"font-size: 16px;\"> und den Gletscherfr\u00fchling mit Sonnenskilauf<\/span><span style=\"font-size: 16px;\"> bis Mitte<\/span><span style=\"font-size: 16px;\"> Mai<\/span><span style=\"font-size: 16px;\"> zu genie\u00dfen<\/span><span style=\"font-size: 16px;\">.<br>\n<\/span>Unser Tipp f\u00fcr Musik-Fans: <a href=\"https:\/\/www.kitzsteinhorn.at\/de\/service\/news-events\/events\/winter\/gletscher-fruehlingsfest\" target=\"_blank\" rel=\"noopener\">Gletscher Fr\u00fchlingsfest<\/a> am 26. &amp; 27. April 2025 am Kitzsteinhorn mit Live-Musik von B\u00c4\u00c4M&amp;Brass und Linda Siu x DJane Xandra<\/p>\n<h3>Skivergn\u00fcgen bis Anfang Mai in Obertauern<\/h3>\n<p><span>Bis Anfang Mai kann man sich in <a href=\"https:\/\/www.obertauern.com\/sonnenskilauf.html\" target=\"_blank\" rel=\"noopener\">Obertauern<\/a> auf Schneesicherheit verlassen. Perfekte Pisten und Sonnenschein verl\u00e4ngern das Winterfeeling f\u00fcr alle, die vom Skivergn\u00fcgen nie genug bekommen k\u00f6nnen. F\u00fcr unvergessliche Familien-Osterferien im Schnee ist in Obertauern der Schneehase los: Ob Maskottchentreff, Osterschnitzeljagd oder die<span class=\"specialheader\"> Suche nach dem Osterzauber, die (mit dem richtigen L\u00f6sungswort, das auf der Bobby Rundevorab gefunden werden muss) Kinder am <\/span><\/span>16. April ins Bobby Land zur Osternest Abholung lockt.<br>\nAm 1. Mai schlie\u00dflich rockt der Retroskitag am letzten Skitag der Saison mit Skimode im Retro-Stil und jeder Menge Spa\u00df \u2013 ein unvergessliches Finale auf den Pisten!\u00a0<a href=\"https:\/\/www.obertauern.com\/events-in-obertauern.html\" target=\"_blank\" rel=\"noopener\">Immer was los in Obertauern<\/a> \u2013 seid dabei!<\/p>\n<div id=\"attachment_629263\" style=\"width: 1034px\" class=\"wp-caption alignleft\"><img decoding=\"async\" aria-describedby=\"caption-attachment-629263\" class=\"size-medium wp-image-629263\" src=\"https:\/\/www.salzburgerland.com\/de\/wp-content\/uploads\/2021\/11\/rs4556_210531_slt-pistenspassskilehrer_0007_ret_final-1024x569.jpg\" alt=\"\" width=\"1024\" height=\"569\" srcset=\"https:\/\/www.salzburgerland.com\/de\/wp-content\/uploads\/2021\/11\/rs4556_210531_slt-pistenspassskilehrer_0007_ret_final-1024x569.jpg 1024w, https:\/\/www.salzburgerland.com\/de\/wp-content\/uploads\/2021\/11\/rs4556_210531_slt-pistenspassskilehrer_0007_ret_final-1920x1067.jpg 1920w, https:\/\/www.salzburgerland.com\/de\/wp-content\/uploads\/2021\/11\/rs4556_210531_slt-pistenspassskilehrer_0007_ret_final-370x206.jpg 370w, https:\/\/www.salzburgerland.com\/de\/wp-content\/uploads\/2021\/11\/rs4556_210531_slt-pistenspassskilehrer_0007_ret_final-270x150.jpg 270w, https:\/\/www.salzburgerland.com\/de\/wp-content\/uploads\/2021\/11\/rs4556_210531_slt-pistenspassskilehrer_0007_ret_final-540x300.jpg 540w\" sizes=\"(max-width: 1024px) 100vw, 1024px\"><p id=\"caption-attachment-629263\" class=\"wp-caption-text\">\u00a9 SalzburgerLand Tourismus, Christian Lorenz, perfekt pr\u00e4parierte Piste<\/p><\/div>\n<p>\u00a0<\/p>\n<p>\u00a0<\/p>\n","protected":false},"excerpt":{"rendered":"<p>Dann, wenn die Tage wieder l\u00e4nger werden, die Sonne merklich an Kraft gewinnt und auch die V\u00f6gel sch\u00f6n langsam zur\u00fcck in die Heimat kehren, dann steht auch im SalzburgerLand der Fr\u00fchling und der Sonnenskilauf vor der T\u00fcr. Eine Zeit, die nicht nur vom Erwachen der Natur gepr\u00e4gt ist, sondern sich auch ganz besonders zum genussvollen [&hellip;]<\/p>\n","protected":false},"author":20,"featured_media":657680,"comment_status":"closed","ping_status":"closed","sticky":false,"template":"","format":"standard","meta":{"_acf_changed":false,"wl_entities_gutenberg":"","_relevanssi_hide_post":"","_relevanssi_hide_content":"","_relevanssi_pin_for_all":"","_relevanssi_pin_keywords":"","_relevanssi_unpin_keywords":"","_relevanssi_related_keywords":"","_relevanssi_related_include_ids":"","_relevanssi_related_exclude_ids":"","_relevanssi_related_no_append":"","_relevanssi_related_not_related":"","_relevanssi_related_posts":"","_relevanssi_noindex_reason":"","footnotes":""},"categories":[1],"tags":[],"wl_entity_type":[11495],"class_list":["post-130617","post","type-post","status-publish","format-standard","has-post-thumbnail","hentry","category-allgemein","wl_entity_type-article"],"acf":[],"yoast_head":"<!-- This site is optimized with the Yoast SEO Premium plugin v26.9 (Yoast SEO v26.9) - https:\/\/yoast.com\/product\/yoast-seo-premium-wordpress\/ -->\n<title>Sonnenskilauf im SalzburgerLand - wunderbare Tage zum Saisonschluss in der Sonne<\/title>\n<meta name=\"description\" content=\"Sonnenskilauf im SalzburgerLand * die ersten warmen Sonnenstrahlen genie\u00dfen * herrliche Urlaubstage zu Ostern * Osterbr\u00e4uche kennen lernen * Top-Events\" \/>\n<meta name=\"robots\" content=\"index, follow, max-snippet:-1, max-image-preview:large, max-video-preview:-1\" \/>\n<link rel=\"canonical\" href=\"https:\/\/www.salzburgerland.com\/de\/wp-json\/wp\/v2\/posts\/130617\" \/>\n<meta property=\"og:locale\" content=\"de_DE\" \/>\n<meta property=\"og:type\" content=\"article\" \/>\n<meta property=\"og:title\" content=\"Sonnenskilauf\" \/>\n<meta property=\"og:description\" content=\"Sonnenskilauf im SalzburgerLand * die ersten warmen Sonnenstrahlen genie\u00dfen * herrliche Urlaubstage zu Ostern * Osterbr\u00e4uche kennen lernen * Top-Events\" \/>\n<meta property=\"og:url\" content=\"https:\/\/www.salzburgerland.com\/de\/wp-json\/wp\/v2\/posts\/130617\" \/>\n<meta property=\"og:site_name\" content=\"SalzburgerLand.com\" \/>\n<meta property=\"article:publisher\" content=\"https:\/\/www.facebook.com\/salzburgerland\/\" \/>\n<meta property=\"article:published_time\" content=\"2017-03-21T19:36:21+00:00\" \/>\n<meta property=\"article:modified_time\" content=\"2025-04-23T13:21:50+00:00\" \/>\n<meta property=\"og:image\" content=\"https:\/\/www.salzburgerland.com\/de\/wp-content\/uploads\/2017\/03\/rs2921_190225-slt-family-dsc_5570-1200x675.jpg\" \/>\n\t<meta property=\"og:image:width\" content=\"1200\" \/>\n\t<meta property=\"og:image:height\" content=\"675\" \/>\n\t<meta property=\"og:image:type\" content=\"image\/jpeg\" \/>\n<meta name=\"author\" content=\"Peter Zeitlhofer\" \/>\n<meta name=\"twitter:card\" content=\"summary_large_image\" \/>\n<meta name=\"twitter:creator\" content=\"@Salzburgerland\" \/>\n<meta name=\"twitter:site\" content=\"@Salzburgerland\" \/>\n<meta name=\"twitter:label1\" content=\"Verfasst von\" \/>\n\t<meta name=\"twitter:data1\" content=\"Peter Zeitlhofer\" \/>\n\t<meta name=\"twitter:label2\" content=\"Gesch\u00e4tzte Lesezeit\" \/>\n\t<meta name=\"twitter:data2\" content=\"10\u00a0Minuten\" \/>\n<script type=\"application\/ld+json\" class=\"yoast-schema-graph\">{\"@context\":\"https:\/\/schema.org\",\"@graph\":[{\"@type\":\"WebPage\",\"@id\":\"https:\/\/www.salzburgerland.com\/de\/sonnenskilauf-zu-ostern\/\",\"url\":\"https:\/\/www.salzburgerland.com\/de\/sonnenskilauf-zu-ostern\/\",\"name\":\"Sonnenskilauf im SalzburgerLand - wunderbare Tage zum Saisonschluss in der Sonne\",\"isPartOf\":{\"@id\":\"https:\/\/www.salzburgerland.com\/de\/#website\"},\"primaryImageOfPage\":{\"@id\":\"https:\/\/www.salzburgerland.com\/de\/sonnenskilauf-zu-ostern\/#primaryimage\"},\"image\":{\"@id\":\"https:\/\/www.salzburgerland.com\/de\/sonnenskilauf-zu-ostern\/#primaryimage\"},\"thumbnailUrl\":\"https:\/\/www.salzburgerland.com\/de\/wp-content\/uploads\/2017\/03\/rs2921_190225-slt-family-dsc_5570-scaled.jpg\",\"datePublished\":\"2017-03-21T19:36:21+00:00\",\"dateModified\":\"2025-04-23T13:21:50+00:00\",\"description\":\"Sonnenskilauf im SalzburgerLand * die ersten warmen Sonnenstrahlen genie\u00dfen * herrliche Urlaubstage zu Ostern * Osterbr\u00e4uche kennen lernen * Top-Events\",\"breadcrumb\":{\"@id\":\"https:\/\/www.salzburgerland.com\/de\/sonnenskilauf-zu-ostern\/#breadcrumb\"},\"inLanguage\":\"de\",\"potentialAction\":[{\"@type\":\"ReadAction\",\"target\":[\"https:\/\/www.salzburgerland.com\/de\/sonnenskilauf-zu-ostern\/\"]}]},{\"@type\":\"ImageObject\",\"inLanguage\":\"de\",\"@id\":\"https:\/\/www.salzburgerland.com\/de\/sonnenskilauf-zu-ostern\/#primaryimage\",\"url\":\"https:\/\/www.salzburgerland.com\/de\/wp-content\/uploads\/2017\/03\/rs2921_190225-slt-family-dsc_5570-scaled.jpg\",\"contentUrl\":\"https:\/\/www.salzburgerland.com\/de\/wp-content\/uploads\/2017\/03\/rs2921_190225-slt-family-dsc_5570-scaled.jpg\",\"width\":1920,\"height\":1280,\"caption\":\"\u00a9 SalzburgerLand Tourismus, Markus Berger, Sonnenskilauf bei der Steinbockalm\"},{\"@type\":\"BreadcrumbList\",\"@id\":\"https:\/\/www.salzburgerland.com\/de\/sonnenskilauf-zu-ostern\/#breadcrumb\",\"itemListElement\":[{\"@type\":\"ListItem\",\"position\":1,\"name\":\"Skifahren und Snowboarden\",\"item\":\"https:\/\/www.salzburgerland.com\/de\/ski-board\/\"},{\"@type\":\"ListItem\",\"position\":2,\"name\":\"Sonnenskilauf\"}]},{\"@type\":\"WebSite\",\"@id\":\"https:\/\/www.salzburgerland.com\/de\/#website\",\"url\":\"https:\/\/www.salzburgerland.com\/de\/\",\"name\":\"SalzburgerLand.com\",\"description\":\"Ihr Urlaub in Salzburg, \u00d6sterreich\",\"publisher\":{\"@id\":\"https:\/\/www.salzburgerland.com\/de\/#organization\"},\"potentialAction\":[{\"@type\":\"SearchAction\",\"target\":{\"@type\":\"EntryPoint\",\"urlTemplate\":\"https:\/\/www.salzburgerland.com\/de\/?s={search_term_string}\"},\"query-input\":{\"@type\":\"PropertyValueSpecification\",\"valueRequired\":true,\"valueName\":\"search_term_string\"}}],\"inLanguage\":\"de\"},{\"@type\":\"Organization\",\"@id\":\"https:\/\/www.salzburgerland.com\/de\/#organization\",\"name\":\"SalzburgerLand Tourismus GmbH\",\"url\":\"https:\/\/www.salzburgerland.com\/de\/\",\"logo\":{\"@type\":\"ImageObject\",\"inLanguage\":\"de\",\"@id\":\"https:\/\/www.salzburgerland.com\/de\/#\/schema\/logo\/image\/\",\"url\":\"https:\/\/www.salzburgerland.com\/de\/wp-content\/uploads\/2017\/01\/salzburgerland-logo.jpg\",\"contentUrl\":\"https:\/\/www.salzburgerland.com\/de\/wp-content\/uploads\/2017\/01\/salzburgerland-logo.jpg\",\"width\":1920,\"height\":827,\"caption\":\"SalzburgerLand Tourismus GmbH\"},\"image\":{\"@id\":\"https:\/\/www.salzburgerland.com\/de\/#\/schema\/logo\/image\/\"},\"sameAs\":[\"https:\/\/www.facebook.com\/salzburgerland\/\",\"https:\/\/x.com\/Salzburgerland\",\"https:\/\/www.instagram.com\/salzburgerland\/\",\"http:\/\/dbpedia.org\/resource\/Salzburg_(state)\",\"http:\/\/wikidata.dbpedia.org\/resource\/Q43325\",\"http:\/\/open.salzburgerland.com\/de\/entity\/salzburgerland\",\"https:\/\/www.youtube.com\/user\/salzburgerland\"]},{\"@type\":\"Person\",\"@id\":\"https:\/\/www.salzburgerland.com\/de\/#\/schema\/person\/7038edb22e07674361dea0cdc20e326b\",\"name\":\"Peter Zeitlhofer\",\"image\":{\"@type\":\"ImageObject\",\"inLanguage\":\"de\",\"@id\":\"https:\/\/www.salzburgerland.com\/de\/#\/schema\/person\/image\/\",\"url\":\"https:\/\/secure.gravatar.com\/avatar\/b76155e60d99c9c41a494c6fbe2eb77dc32a8925e988b28e6ec3009de5322faa?s=96&d=mm&r=g\",\"contentUrl\":\"https:\/\/secure.gravatar.com\/avatar\/b76155e60d99c9c41a494c6fbe2eb77dc32a8925e988b28e6ec3009de5322faa?s=96&d=mm&r=g\",\"caption\":\"Peter Zeitlhofer\"}}]}<\/script>\n<!-- \/ Yoast SEO Premium plugin. -->","yoast_head_json":{"title":"Sonnenskilauf im SalzburgerLand - wunderbare Tage zum Saisonschluss in der Sonne","description":"Sonnenskilauf im SalzburgerLand * die ersten warmen Sonnenstrahlen genie\u00dfen * herrliche Urlaubstage zu Ostern * Osterbr\u00e4uche kennen lernen * Top-Events","robots":{"index":"index","follow":"follow","max-snippet":"max-snippet:-1","max-image-preview":"max-image-preview:large","max-video-preview":"max-video-preview:-1"},"canonical":"https:\/\/www.salzburgerland.com\/de\/wp-json\/wp\/v2\/posts\/130617","og_locale":"de_DE","og_type":"article","og_title":"Sonnenskilauf","og_description":"Sonnenskilauf im SalzburgerLand * die ersten warmen Sonnenstrahlen genie\u00dfen * herrliche Urlaubstage zu Ostern * Osterbr\u00e4uche kennen lernen * Top-Events","og_url":"https:\/\/www.salzburgerland.com\/de\/wp-json\/wp\/v2\/posts\/130617","og_site_name":"SalzburgerLand.com","article_publisher":"https:\/\/www.facebook.com\/salzburgerland\/","article_published_time":"2017-03-21T19:36:21+00:00","article_modified_time":"2025-04-23T13:21:50+00:00","og_image":[{"width":1200,"height":675,"url":"https:\/\/www.salzburgerland.com\/de\/wp-content\/uploads\/2017\/03\/rs2921_190225-slt-family-dsc_5570-1200x675.jpg","type":"image\/jpeg"}],"author":"Peter Zeitlhofer","twitter_card":"summary_large_image","twitter_creator":"@Salzburgerland","twitter_site":"@Salzburgerland","twitter_misc":{"Verfasst von":"Peter Zeitlhofer","Gesch\u00e4tzte Lesezeit":"10\u00a0Minuten"},"schema":{"@context":"https:\/\/schema.org","@graph":[{"@type":"WebPage","@id":"https:\/\/www.salzburgerland.com\/de\/sonnenskilauf-zu-ostern\/","url":"https:\/\/www.salzburgerland.com\/de\/sonnenskilauf-zu-ostern\/","name":"Sonnenskilauf im SalzburgerLand - wunderbare Tage zum Saisonschluss in der Sonne","isPartOf":{"@id":"https:\/\/www.salzburgerland.com\/de\/#website"},"primaryImageOfPage":{"@id":"https:\/\/www.salzburgerland.com\/de\/sonnenskilauf-zu-ostern\/#primaryimage"},"image":{"@id":"https:\/\/www.salzburgerland.com\/de\/sonnenskilauf-zu-ostern\/#primaryimage"},"thumbnailUrl":"https:\/\/www.salzburgerland.com\/de\/wp-content\/uploads\/2017\/03\/rs2921_190225-slt-family-dsc_5570-scaled.jpg","datePublished":"2017-03-21T19:36:21+00:00","dateModified":"2025-04-23T13:21:50+00:00","description":"Sonnenskilauf im SalzburgerLand * die ersten warmen Sonnenstrahlen genie\u00dfen * herrliche Urlaubstage zu Ostern * Osterbr\u00e4uche kennen lernen * Top-Events","breadcrumb":{"@id":"https:\/\/www.salzburgerland.com\/de\/sonnenskilauf-zu-ostern\/#breadcrumb"},"inLanguage":"de","potentialAction":[{"@type":"ReadAction","target":["https:\/\/www.salzburgerland.com\/de\/sonnenskilauf-zu-ostern\/"]}]},{"@type":"ImageObject","inLanguage":"de","@id":"https:\/\/www.salzburgerland.com\/de\/sonnenskilauf-zu-ostern\/#primaryimage","url":"https:\/\/www.salzburgerland.com\/de\/wp-content\/uploads\/2017\/03\/rs2921_190225-slt-family-dsc_5570-scaled.jpg","contentUrl":"https:\/\/www.salzburgerland.com\/de\/wp-content\/uploads\/2017\/03\/rs2921_190225-slt-family-dsc_5570-scaled.jpg","width":1920,"height":1280,"caption":"\u00a9 SalzburgerLand Tourismus, Markus Berger, Sonnenskilauf bei der Steinbockalm"},{"@type":"BreadcrumbList","@id":"https:\/\/www.salzburgerland.com\/de\/sonnenskilauf-zu-ostern\/#breadcrumb","itemListElement":[{"@type":"ListItem","position":1,"name":"Skifahren und Snowboarden","item":"https:\/\/www.salzburgerland.com\/de\/ski-board\/"},{"@type":"ListItem","position":2,"name":"Sonnenskilauf"}]},{"@type":"WebSite","@id":"https:\/\/www.salzburgerland.com\/de\/#website","url":"https:\/\/www.salzburgerland.com\/de\/","name":"SalzburgerLand.com","description":"Ihr Urlaub in Salzburg, \u00d6sterreich","publisher":{"@id":"https:\/\/www.salzburgerland.com\/de\/#organization"},"potentialAction":[{"@type":"SearchAction","target":{"@type":"EntryPoint","urlTemplate":"https:\/\/www.salzburgerland.com\/de\/?s={search_term_string}"},"query-input":{"@type":"PropertyValueSpecification","valueRequired":true,"valueName":"search_term_string"}}],"inLanguage":"de"},{"@type":"Organization","@id":"https:\/\/www.salzburgerland.com\/de\/#organization","name":"SalzburgerLand Tourismus GmbH","url":"https:\/\/www.salzburgerland.com\/de\/","logo":{"@type":"ImageObject","inLanguage":"de","@id":"https:\/\/www.salzburgerland.com\/de\/#\/schema\/logo\/image\/","url":"https:\/\/www.salzburgerland.com\/de\/wp-content\/uploads\/2017\/01\/salzburgerland-logo.jpg","contentUrl":"https:\/\/www.salzburgerland.com\/de\/wp-content\/uploads\/2017\/01\/salzburgerland-logo.jpg","width":1920,"height":827,"caption":"SalzburgerLand Tourismus GmbH"},"image":{"@id":"https:\/\/www.salzburgerland.com\/de\/#\/schema\/logo\/image\/"},"sameAs":["https:\/\/www.facebook.com\/salzburgerland\/","https:\/\/x.com\/Salzburgerland","https:\/\/www.instagram.com\/salzburgerland\/","http:\/\/dbpedia.org\/resource\/Salzburg_(state)","http:\/\/wikidata.dbpedia.org\/resource\/Q43325","http:\/\/open.salzburgerland.com\/de\/entity\/salzburgerland","https:\/\/www.youtube.com\/user\/salzburgerland"]},{"@type":"Person","@id":"https:\/\/www.salzburgerland.com\/de\/#\/schema\/person\/7038edb22e07674361dea0cdc20e326b","name":"Peter Zeitlhofer","image":{"@type":"ImageObject","inLanguage":"de","@id":"https:\/\/www.salzburgerland.com\/de\/#\/schema\/person\/image\/","url":"https:\/\/secure.gravatar.com\/avatar\/b76155e60d99c9c41a494c6fbe2eb77dc32a8925e988b28e6ec3009de5322faa?s=96&d=mm&r=g","contentUrl":"https:\/\/secure.gravatar.com\/avatar\/b76155e60d99c9c41a494c6fbe2eb77dc32a8925e988b28e6ec3009de5322faa?s=96&d=mm&r=g","caption":"Peter Zeitlhofer"}}]}},"_wl_alt_label":[],"wl:entity_url":"http:\/\/open.salzburgerland.com\/de\/post\/sonnenskilauf_zu_ostern","_links":{"self":[{"href":"https:\/\/www.salzburgerland.com\/de\/wp-json\/wp\/v2\/posts\/130617","targetHints":{"allow":["GET"]}}],"collection":[{"href":"https:\/\/www.salzburgerland.com\/de\/wp-json\/wp\/v2\/posts"}],"about":[{"href":"https:\/\/www.salzburgerland.com\/de\/wp-json\/wp\/v2\/types\/post"}],"author":[{"embeddable":true,"href":"https:\/\/www.salzburgerland.com\/de\/wp-json\/wp\/v2\/users\/20"}],"replies":[{"embeddable":true,"href":"https:\/\/www.salzburgerland.com\/de\/wp-json\/wp\/v2\/comments?post=130617"}],"version-history":[{"count":55,"href":"https:\/\/www.salzburgerland.com\/de\/wp-json\/wp\/v2\/posts\/130617\/revisions"}],"predecessor-version":[{"id":677279,"href":"https:\/\/www.salzburgerland.com\/de\/wp-json\/wp\/v2\/posts\/130617\/revisions\/677279"}],"wp:featuredmedia":[{"embeddable":true,"href":"https:\/\/www.salzburgerland.com\/de\/wp-json\/wp\/v2\/media\/657680"}],"wp:attachment":[{"href":"https:\/\/www.salzburgerland.com\/de\/wp-json\/wp\/v2\/media?parent=130617"}],"wp:term":[{"taxonomy":"category","embeddable":true,"href":"https:\/\/www.salzburgerland.com\/de\/wp-json\/wp\/v2\/categories?post=130617"},{"taxonomy":"post_tag","embeddable":true,"href":"https:\/\/www.salzburgerland.com\/de\/wp-json\/wp\/v2\/tags?post=130617"},{"taxonomy":"wl_entity_type","embeddable":true,"href":"https:\/\/www.salzburgerland.com\/de\/wp-json\/wp\/v2\/wl_entity_type?post=130617"}],"curies":[{"name":"wp","href":"https:\/\/api.w.org\/{rel}","templated":true}]}}