{"id":115892,"date":"2017-02-21T11:56:26","date_gmt":"2017-02-21T10:56:26","guid":{"rendered":"https:\/\/www.salzburgerland.com\/de\/?p=115892"},"modified":"2026-02-11T14:52:51","modified_gmt":"2026-02-11T13:52:51","slug":"gipfelglueck-am-kitzsteinhorn","status":"publish","type":"post","link":"https:\/\/www.salzburgerland.com\/de\/gipfelglueck-am-kitzsteinhorn\/","title":{"rendered":"Gipfelgl\u00fcck am Kitzsteinhorn"},"content":{"rendered":"<h2 class=\"StandardPapyrus\"><span lang=\"DE\">Kochendes Wasser<\/span><\/h2>\n<p class=\"StandardPapyrus\"><span lang=\"DE\">Munter blubbert das kochende Wasser im Topf von K\u00fcchenchef Herbert Voglreiter. Seit 2012 schwingt er die Kochl\u00f6ffel im Gipfelrestaurant des Kitzsteinhorns. Was in den K\u00fcchen im Tal selbstverst\u00e4ndlich ist, bedarf hier auf 3.000 m Seeh\u00f6he einiger Vorbereitung, denn es ist nicht selbstverst\u00e4ndlich, dass aus dem Wasserhahn glasklares Trinkwasser kommt. W\u00e4hrend der leidenschaftliche Koch den Sp\u00e4tzleteig f\u00fcr Pinzgauer Kasnocken anr\u00fchrt, erz\u00e4hlt er mir, wie in dieser hochalpinen Region die Wasserversorgung funktioniert: \u201eVon der Schwarzwandquelle am Langwiedboden wird das Wasser erst zum Alpincenter gepumpt. Dort zapfen wir es in 500-Liter-Kanister, die mit der Gondel zu uns herauf ins Gipfelrestaurant gebracht werden. Hier wird das Wasser nochmals gefiltert und kommt als Gebrauchs- und Trinkwasser in die Tanks. Ohne diese Versorgung s\u00e4\u00dfen wir hier auf dem Trockenen und ich k\u00f6nnte jetzt keine Kasnocken zubereiten. Denn Wasser ist die wichtigste Zutat in jeder K\u00fcche.\u201c<\/span><\/p>\n<p class=\"StandardPapyrus\"><span lang=\"DE\">Auch das Kochen hat auf dieser Seeh\u00f6he so seine T\u00fccken, denn punkto Koch- und Garzeiten muss man sich auf 3.029 m auch umstellen. Er verr\u00e4t: \u201eDas Wasser kocht hier bei 86 \u00b0C \u2013 im Vergleich dazu blubbert es am Meeresspiegel bei 100 \u00b0C. Das verl\u00e4ngert am Berg die Garzeit, denn der Luftdruck bestimmt die Temperatur, bei der eine Fl\u00fcssigkeit siedet. Mit steigender H\u00f6he nimmt der Luftdruck ab und somit sinkt der Siedepunkt. Ein wachsweiches Ei braucht im Tal genau vier Minuten \u2013 hier oben ist es erst nach sechs Minuten fertig. Wenn man einmal diese Erfahrungswerte verinnerlicht hat, stellt man sich als Koch darauf ein!\u201c Auf meine Frage, ob ab 3.000 m gewisse Gerichte gar nichts werden, lacht Herbert Voglreiter und meint: \u201eSalzburger Nockerl! Sobald sie aus dem Ofen kommen, fallen sie aufgrund des niedrigen Luftdrucks zusammen! Daf\u00fcr wird etwa der Germteig f\u00fcr Wuchteln viel flaumiger, als im Tal.<\/span>\u201e<\/p>\n<p class=\"StandardPapyrus\"><span lang=\"DE\">Der Nockerlteig, den der Koch nun ins kochende Wasser streicht, hat auch eine andere Konsistenz, als im Tal. \u201eDamit sie trotz der l\u00e4ngeren Garzeit kernig bleiben, musste ich das Rezept ver\u00e4ndern\u201d, meint er mit einem Augenzwinkern und f\u00fcgt hinzu: \u201eDoch wie sich das Rezept nun zusammensetzt, verrate ich nicht!\u201c W\u00e4hrend ich mich hungrig \u00fcber die Kasnocken hermache, bitte ich den Koch, mir zu verraten, was perfekte Kasnocken ausmachen. Er meint: \u201eEin guter K\u00e4se ist wichtig! Unser Pinzgauer K\u00e4se kommt vom Aubauern in Zell am See!\u201c<\/span><\/p>\n<p class=\"StandardPapyrus\"><span lang=\"DE\">\u00a0<\/span><\/p>\n<p><iframe title=\"My First 3000 - Kitzsteinhorn - Zell am See-Kaprun\" width=\"500\" height=\"281\" src=\"https:\/\/www.youtube-nocookie.com\/embed\/huYsbbcKa8M?feature=oembed&amp;rel=0&amp;modestbranding=1\" frameborder=\"0\" allow=\"accelerometer; autoplay; clipboard-write; encrypted-media; gyroscope; picture-in-picture; web-share\" referrerpolicy=\"strict-origin-when-cross-origin\" allowfullscreen><\/iframe><\/p>\n<h2 class=\"StandardPapyrus\"><span lang=\"DE\">N\u00e4chste Mission: Gipfelgl\u00fcck<\/span><\/h2>\n<p class=\"StandardPapyrus\"><span lang=\"DE\">Frisch gest\u00e4rkt geht es auf zu meiner n\u00e4chsten Mission, doch zuvor f\u00fclle ich meine Wasserflasche noch randvoll, denn in dieser H\u00f6he ben\u00f6tigt der K\u00f6rper viel Wasser. Das Blut wird dicker und ohne Fl\u00fcssigkeit kann leicht Kopfschmerz oder Schwindel auftreten. Und Schwindel kann ich f\u00fcr mein Vorhaben gar nicht brauchen: Gemeinsam mit Bergf\u00fchrer Hans-Peter Untermoser und drei weiteren Bergfexen breche ich auf zu einer gef\u00fchrten Tour auf den Gipfel des Kitzsteinhorns. Auf der Panoramaterrasse \u201eTop of Salzburg\u201c steigen wir in die vom Bergf\u00fchrer mitgebrachten Klettergurte, setzen die Helme auf und schl\u00fcpfen in unsere Handschuhe. Hans-Peter Untermoser h\u00e4ngt uns ans Seil, gibt uns letzte Instruktionen, wie man sich als Seilschaft am Berg bewegt, und schon steuern wir unter den neugierigen Blicken der zahlreichen Besucher auf der Panoramaterrasse dem Einstieg in die steile Flanke des Kitzsteinhorns entgegen.<\/span><\/p>\n\n\t\t\t<div id=\"115892-1\" class=\"gallery gallery-115892 gallery-columns-3 gallery-size-1170_658\" itemscope itemtype=\"http:\/\/schema.org\/ImageGallery\">\n\t\t\t\t<ul class=\"gallery-row gallery-col-3 gallery-clear\">\n\t\t\t\t\t<li class=\"gallery-item col-3\" itemprop=\"associatedMedia\" itemscope itemtype=\"http:\/\/schema.org\/ImageObject\">\n\t\t\t\t\t\t<div class=\"gallery-icon landscape\"><a href=\"https:\/\/www.salzburgerland.com\/de\/wp-content\/uploads\/2017\/02\/zask-wasser-kitz-13-1920x1067.jpg\" title=\"ZASK-Wasser-kitz-13\"><img decoding=\"async\" data-title=\"\u00a9 Richard Ronacher - der Fotoigel \" title=\"\u00a9 Richard Ronacher - der Fotoigel \" data-caption=\"\u00a9 Richard Ronacher - der Fotoigel \" width=\"1170\" height=\"658\" src=\"https:\/\/www.salzburgerland.com\/de\/wp-content\/uploads\/2017\/02\/zask-wasser-kitz-13-1170x658.jpg\" class=\"attachment-1170_658 size-1170_658\" alt=\"Bei strahlendem Sonnenschein und strahlend blauem Himmel steigen drei Bergsteiger mit Ausr\u00fcstung den verschneiten Hang des Kitzsteinhorns hinauf. (vergr\u00f6\u00dferte Ansicht)\" aria-describedby=\"figcaption-115892-115901\" itemprop=\"thumbnail\"><\/a><\/div>\n\t\t\t\t\t\t<span id=\"figcaption-115892-115901\" class=\"gallery-caption\" itemprop=\"caption\"><span aria-hidden=\"true\">\u00a9 Richard Ronacher \u2013 der Fotoigel <\/span><\/span>\n\t\t\t\t\t<\/li>\n\t\t\t\t\t<li class=\"gallery-item col-3\" itemprop=\"associatedMedia\" itemscope itemtype=\"http:\/\/schema.org\/ImageObject\">\n\t\t\t\t\t\t<div class=\"gallery-icon landscape\"><a href=\"https:\/\/www.salzburgerland.com\/de\/wp-content\/uploads\/2017\/02\/zask-wasser-kitz-12-1920x1067.jpg\" title=\"ZASK-Wasser-kitz-12\"><img decoding=\"async\" data-title=\"\u00a9 Richard Ronacher - der Fotoigel \" title=\"\u00a9 Richard Ronacher - der Fotoigel \" data-caption=\"\u00a9 Richard Ronacher - der Fotoigel \" width=\"1170\" height=\"658\" src=\"https:\/\/www.salzburgerland.com\/de\/wp-content\/uploads\/2017\/02\/zask-wasser-kitz-12-1170x658.jpg\" class=\"attachment-1170_658 size-1170_658\" alt=\"Zwei Bergsteiger mit Helmen stehen auf dem verschneiten Kitzsteinhorn, mit majest\u00e4tischen Gipfeln im Hintergrund. (vergr\u00f6\u00dferte Ansicht)\" aria-describedby=\"figcaption-115892-115900\" itemprop=\"thumbnail\"><\/a><\/div>\n\t\t\t\t\t\t<span id=\"figcaption-115892-115900\" class=\"gallery-caption\" itemprop=\"caption\"><span aria-hidden=\"true\">\u00a9 Richard Ronacher \u2013 der Fotoigel <\/span><\/span>\n\t\t\t\t\t<\/li>\n\t\t\t\t\t<li class=\"gallery-item col-3\" itemprop=\"associatedMedia\" itemscope itemtype=\"http:\/\/schema.org\/ImageObject\">\n\t\t\t\t\t\t<div class=\"gallery-icon landscape\"><a href=\"https:\/\/www.salzburgerland.com\/de\/wp-content\/uploads\/2017\/02\/zask-wasser-kitz-11-1920x1067.jpg\" title=\"ZASK-Wasser-kitz-11\"><img decoding=\"async\" data-title=\"\u00a9 Richard Ronacher - der Fotoigel \" title=\"\u00a9 Richard Ronacher - der Fotoigel \" data-caption=\"\u00a9 Richard Ronacher - der Fotoigel \" width=\"1170\" height=\"658\" src=\"https:\/\/www.salzburgerland.com\/de\/wp-content\/uploads\/2017\/02\/zask-wasser-kitz-11-1170x658.jpg\" class=\"attachment-1170_658 size-1170_658\" alt=\"Drei Kletterer mit Helmen und Winterausr\u00fcstung stehen am verschneiten Kitzsteinhorn und halten Kletterseile. (vergr\u00f6\u00dferte Ansicht)\" aria-describedby=\"figcaption-115892-115899\" itemprop=\"thumbnail\"><\/a><\/div>\n\t\t\t\t\t\t<span id=\"figcaption-115892-115899\" class=\"gallery-caption\" itemprop=\"caption\"><span aria-hidden=\"true\">\u00a9 Richard Ronacher \u2013 der Fotoigel <\/span><\/span>\n\t\t\t\t\t<\/li>\n\t\t\t\t<\/ul>\n\t\t\t\t<ul class=\"gallery-row gallery-col-3 gallery-clear\">\n\t\t\t\t\t<li class=\"gallery-item col-3\" itemprop=\"associatedMedia\" itemscope itemtype=\"http:\/\/schema.org\/ImageObject\">\n\t\t\t\t\t\t<div class=\"gallery-icon landscape\"><a href=\"https:\/\/www.salzburgerland.com\/de\/wp-content\/uploads\/2017\/02\/zask-wasser-kitz-6-1920x1067.jpg\" title=\"ZASK-Wasser-kitz-6\"><img decoding=\"async\" data-title=\"\u00a9 Richard Ronacher - der Fotoigel \" title=\"\u00a9 Richard Ronacher - der Fotoigel \" data-caption=\"\u00a9 Richard Ronacher - der Fotoigel \" width=\"1170\" height=\"658\" src=\"https:\/\/www.salzburgerland.com\/de\/wp-content\/uploads\/2017\/02\/zask-wasser-kitz-6-1170x658.jpg\" class=\"attachment-1170_658 size-1170_658\" alt=\"Vier Bergsteiger steigen \u00fcber einen verschneiten Kitzsteinhorn-Grat zu einem gro\u00dfen wei\u00dfen Kreuz unter einem strahlend blauen Himmel auf. (vergr\u00f6\u00dferte Ansicht)\" aria-describedby=\"figcaption-115892-115896\" itemprop=\"thumbnail\"><\/a><\/div>\n\t\t\t\t\t\t<span id=\"figcaption-115892-115896\" class=\"gallery-caption\" itemprop=\"caption\"><span aria-hidden=\"true\">\u00a9 Richard Ronacher \u2013 der Fotoigel <\/span><\/span>\n\t\t\t\t\t<\/li>\n\t\t\t\t\t<li class=\"gallery-item col-3\" itemprop=\"associatedMedia\" itemscope itemtype=\"http:\/\/schema.org\/ImageObject\">\n\t\t\t\t\t\t<div class=\"gallery-icon landscape\"><a href=\"https:\/\/www.salzburgerland.com\/de\/wp-content\/uploads\/2017\/02\/zask-wasser-kitz-4-1920x1067.jpg\" title=\"ZASK-Wasser-kitz-4\"><img decoding=\"async\" data-title=\"\u00a9 Richard Ronacher - der Fotoigel \" title=\"\u00a9 Richard Ronacher - der Fotoigel \" data-caption=\"\u00a9 Richard Ronacher - der Fotoigel \" width=\"1170\" height=\"658\" src=\"https:\/\/www.salzburgerland.com\/de\/wp-content\/uploads\/2017\/02\/zask-wasser-kitz-4-1170x658.jpg\" class=\"attachment-1170_658 size-1170_658\" alt=\"Die schneebedeckten Gipfel des Kitzsteinhorns erheben sich unter einem klaren blauen Himmel, mit felsigen Klippen im Vordergrund. (vergr\u00f6\u00dferte Ansicht)\" aria-describedby=\"figcaption-115892-115894\" itemprop=\"thumbnail\"><\/a><\/div>\n\t\t\t\t\t\t<span id=\"figcaption-115892-115894\" class=\"gallery-caption\" itemprop=\"caption\"><span aria-hidden=\"true\">\u00a9 Richard Ronacher \u2013 der Fotoigel <\/span><\/span>\n\t\t\t\t\t<\/li>\n\t\t\t\t\t<li class=\"gallery-item col-3\" itemprop=\"associatedMedia\" itemscope itemtype=\"http:\/\/schema.org\/ImageObject\">\n\t\t\t\t\t\t<div class=\"gallery-icon landscape\"><a href=\"https:\/\/www.salzburgerland.com\/de\/wp-content\/uploads\/2017\/02\/grat-kl-1920x1067.jpg\" title=\"schmittenh\u00f6he - grat\"><img decoding=\"async\" data-title=\"\u00a9 Richard Ronacher - der Fotoigel \" title=\"\u00a9 Richard Ronacher - der Fotoigel \" data-caption=\"\u00a9 Richard Ronacher - der Fotoigel \" width=\"1170\" height=\"658\" src=\"https:\/\/www.salzburgerland.com\/de\/wp-content\/uploads\/2017\/02\/grat-kl-1170x658.jpg\" class=\"attachment-1170_658 size-1170_658\" alt=\"Drei Bergsteiger mit Helm und Ausr\u00fcstung steigen \u00fcber einen verschneiten Kitzsteinhorn-Grat mit malerischen Gipfeln im Hintergrund auf. (vergr\u00f6\u00dferte Ansicht)\" aria-describedby=\"figcaption-115892-115893\" itemprop=\"thumbnail\"><\/a><\/div>\n\t\t\t\t\t\t<span id=\"figcaption-115892-115893\" class=\"gallery-caption\" itemprop=\"caption\"><span aria-hidden=\"true\">\u00a9 Richard Ronacher \u2013 der Fotoigel <\/span><\/span>\n\t\t\t\t\t<\/li>\n\t\t\t\t<\/ul>\n\t\t\t<\/div><!-- .gallery -->\n\n<h2 class=\"StandardPapyrus\"><span lang=\"DE\">Gefrorenes Wasser<\/span><\/h2>\n<p class=\"StandardPapyrus\"><span lang=\"DE\">Wo bei meinem letzten Aufstieg noch trockener Fels und Stein den Weg dominierte, stapfe ich heute durch tiefen Schnee. Durch den Neuschnee wird dieser Gipfelsieg zu einem neuerlichen Erlebnis f\u00fcr mich, denn nur die Fu\u00dfspuren des Bergf\u00fchrers vor mir weisen mir den Weg. Die Seilsicherungen sind von dickem Anraum \u00fcberzogen, der durch Frost und Feuchtigkeit gewachsen ist. W\u00e4hrend einer Aufstiegspause betrachte ich die kunstvollen Gebilde der Eiskristalle. Es erstaunt mich immer wieder aufs Neue, welch kreative Formen das Wasser in seinen unterschiedlichen Aggregatszust\u00e4nden\u00a0ausbilden kann. <\/span><\/p>\n<p class=\"StandardPapyrus\"><span lang=\"DE\">Schritt f\u00fcr Schritt steigen wir in unserer Seilschaft langsam auf zum Gipfel dieses wundersch\u00f6nen Dreitausenders. Mein Blick wandert hinunter auf das ewige Eis des Gletschers, wo sich im Sommer zahlreiche Besucher aus aller Welt beim fr\u00f6hlichen Rutschen \u00fcber den Schnee erfreuen. Noch weiter unten glitzert still der Zeller See und bei sommerlichen Temperaturen springen dort sicher gerade Badeg\u00e4ste ins erfrischende Nass. In der Ferne taucht der h\u00f6chste \u00d6sterreicher, der Gipfel des Gro\u00dfglockners aus einer Wolke auf und fast entt\u00e4uscht bemerke ich, dass unser Aufstieg fast schon beendet ist. Das Gipfelkreuz des Kitzsteinhorns taucht vor uns auf und nach wenigen Schritten \u00fcber den schmalen Gipfelgrat sind wir angekommen. Das Panorama ist unglaublich beeindruckend und bei der klaren Fernsicht scheinen die Gipfel zum Greifen nah. Hoch \u00fcber uns kreisen Geier in der Thermik und die Stauseen Mooserboden leuchten wie wertvolle Smaragde unter uns. Das Gipfelgl\u00fcck steht uns allen ins Gesicht geschrieben und nach einer kleinen Rast machen wir uns mit einem L\u00e4cheln wieder auf den R\u00fcckweg. Meine Bergkameraden belohnen sich im Gipfelrestaurant mit einem Mittagessen, doch mich f\u00fchrt die Mission Kitzsteinhorn ins Innere des Berges.<\/span><\/p>\n<div id=\"attachment_115897\" style=\"width: 1180px\" class=\"wp-caption alignnone\"><img decoding=\"async\" aria-describedby=\"caption-attachment-115897\" class=\"wp-image-115897 size-1170_658\" src=\"https:\/\/www.salzburgerland.com\/de\/wp-content\/uploads\/2017\/02\/zask-wasser-kitz-7-1170x658.jpg\" alt=\"\" width=\"1170\" height=\"658\"><p id=\"caption-attachment-115897\" class=\"wp-caption-text\">\u00a9 Richard Ronacher \u2013 der Fotoigel<\/p><\/div>\n<h2 class=\"StandardPapyrus\"><span lang=\"DE\">Der R\u00fcckzug des Eises<\/span><\/h2>\n<p class=\"StandardPapyrus\"><span lang=\"DE\">Mit Nationalpark Ranger Armin Wanke begebe ich mich auf eine Zeitreise in die Welt der Gletscher. Der 360 Meter lange Stollen der Nationalpark Gallery verstr\u00f6mt eine besondere Faszination. Hier in der D\u00fcsternis, zwischen rohen Felsw\u00e4nden, sp\u00fcrt man die Mystik und Stille des Berges. Das einzige Ger\u00e4usch ist das stete Fallen der Tropfen, das sich f\u00fcr mich wie der gleichm\u00e4\u00dfige Puls des Berges anh\u00f6rt. Im Verlauf der gef\u00fchrten Tour erkl\u00e4rt der Ranger an den sechs Infostationen Wissenswertes \u00fcber die Kristallsch\u00e4tze der Hohen Tauern, die Entstehung der Gebirgsz\u00fcge, die Technik in der 3000er-Region und nat\u00fcrlich alles \u00fcber Permafrost und Gletscher im Nationalpark Hohe Tauern. Gebannt lauschen wir seinen Ausf\u00fchrungen, w\u00e4hrend wir uns dem strahlenden Licht am Ende des Tunnels n\u00e4hern. Nach der Dunkelheit des Stollens ist die Weite, die uns am Ende der Tour auf der National Park Gallery Plattform<a name=\"_GoBack\"><\/a> erwartet, einfach atemberaubend. Ich trete meine R\u00fcckreise ins Tal an, denn nach kochendem und gefrorenem Wasser ist mir nach einem Sprung ins k\u00fchle Nass: Am glasklaren Wasser des Zeller Sees lasse ich diesen erlebnisreichen Tag rund ums Element Wasser ausklingen. <\/span><\/p>\n","protected":false},"excerpt":{"rendered":"<p>Kochendes Wasser Munter blubbert das kochende Wasser im Topf von K\u00fcchenchef Herbert Voglreiter. Seit 2012 schwingt er die Kochl\u00f6ffel im Gipfelrestaurant des Kitzsteinhorns. Was in den K\u00fcchen im Tal selbstverst\u00e4ndlich ist, bedarf hier auf 3.000 m Seeh\u00f6he einiger Vorbereitung, denn es ist nicht selbstverst\u00e4ndlich, dass aus dem Wasserhahn glasklares Trinkwasser kommt. W\u00e4hrend der leidenschaftliche Koch [&hellip;]<\/p>\n","protected":false},"author":17,"featured_media":78291,"comment_status":"closed","ping_status":"closed","sticky":false,"template":"","format":"standard","meta":{"_acf_changed":false,"wl_entities_gutenberg":"","_relevanssi_hide_post":"","_relevanssi_hide_content":"","_relevanssi_pin_for_all":"","_relevanssi_pin_keywords":"","_relevanssi_unpin_keywords":"","_relevanssi_related_keywords":"","_relevanssi_related_include_ids":"","_relevanssi_related_exclude_ids":"","_relevanssi_related_no_append":"","_relevanssi_related_not_related":"","_relevanssi_related_posts":"","_relevanssi_noindex_reason":"","footnotes":""},"categories":[1],"tags":[],"wl_entity_type":[11495],"class_list":["post-115892","post","type-post","status-publish","format-standard","has-post-thumbnail","hentry","category-allgemein","wl_entity_type-article"],"acf":[],"yoast_head":"<!-- This site is optimized with the Yoast SEO Premium plugin v26.9 (Yoast SEO v26.9) - https:\/\/yoast.com\/product\/yoast-seo-premium-wordpress\/ -->\n<title>Gipfelgl\u00fcck am Kitzsteinhorn \u00bb SalzburgerLand.com<\/title>\n<meta name=\"description\" content=\"Aufstieg auf das Kitzsteinhorn in Kaprun mit seinem ewigen Eis, inklusive Kochk\u00fcnste im Gipfelrestaurant\" \/>\n<meta name=\"robots\" content=\"index, follow, max-snippet:-1, max-image-preview:large, max-video-preview:-1\" \/>\n<link rel=\"canonical\" href=\"https:\/\/www.salzburgerland.com\/de\/wp-json\/wp\/v2\/posts\/115892\" \/>\n<meta property=\"og:locale\" content=\"de_DE\" \/>\n<meta property=\"og:type\" content=\"article\" \/>\n<meta property=\"og:title\" content=\"Gipfelgl\u00fcck am Kitzsteinhorn\" \/>\n<meta property=\"og:description\" content=\"Aufstieg auf das Kitzsteinhorn in Kaprun mit seinem ewigen Eis, inklusive Kochk\u00fcnste im Gipfelrestaurant\" \/>\n<meta property=\"og:url\" content=\"https:\/\/www.salzburgerland.com\/de\/wp-json\/wp\/v2\/posts\/115892\" \/>\n<meta property=\"og:site_name\" content=\"SalzburgerLand.com\" \/>\n<meta property=\"article:publisher\" content=\"https:\/\/www.facebook.com\/salzburgerland\/\" \/>\n<meta property=\"article:published_time\" content=\"2017-02-21T10:56:26+00:00\" \/>\n<meta property=\"article:modified_time\" content=\"2026-02-11T13:52:51+00:00\" \/>\n<meta property=\"og:image\" content=\"https:\/\/www.salzburgerland.com\/de\/wp-content\/uploads\/2016\/10\/zell-am-see-kaprun-winter-kitzsteinhornc-ideenwerk-werbeagentur-gmbh-e1488454174563-1200x675.jpg\" \/>\n\t<meta property=\"og:image:width\" content=\"1200\" \/>\n\t<meta property=\"og:image:height\" content=\"675\" \/>\n\t<meta property=\"og:image:type\" content=\"image\/jpeg\" \/>\n<meta name=\"author\" content=\"Ulli Hammerl\" \/>\n<meta name=\"twitter:card\" content=\"summary_large_image\" \/>\n<meta name=\"twitter:creator\" content=\"@Salzburgerland\" \/>\n<meta name=\"twitter:site\" content=\"@Salzburgerland\" \/>\n<meta name=\"twitter:label1\" content=\"Verfasst von\" \/>\n\t<meta name=\"twitter:data1\" content=\"Ulli Hammerl\" \/>\n\t<meta name=\"twitter:label2\" content=\"Gesch\u00e4tzte Lesezeit\" \/>\n\t<meta name=\"twitter:data2\" content=\"7\u00a0Minuten\" \/>\n<script type=\"application\/ld+json\" class=\"yoast-schema-graph\">{\"@context\":\"https:\/\/schema.org\",\"@graph\":[{\"@type\":\"WebPage\",\"@id\":\"https:\/\/www.salzburgerland.com\/de\/gipfelglueck-am-kitzsteinhorn\/\",\"url\":\"https:\/\/www.salzburgerland.com\/de\/gipfelglueck-am-kitzsteinhorn\/\",\"name\":\"Gipfelgl\u00fcck am Kitzsteinhorn \u00bb SalzburgerLand.com\",\"isPartOf\":{\"@id\":\"https:\/\/www.salzburgerland.com\/de\/#website\"},\"primaryImageOfPage\":{\"@id\":\"https:\/\/www.salzburgerland.com\/de\/gipfelglueck-am-kitzsteinhorn\/#primaryimage\"},\"image\":{\"@id\":\"https:\/\/www.salzburgerland.com\/de\/gipfelglueck-am-kitzsteinhorn\/#primaryimage\"},\"thumbnailUrl\":\"https:\/\/www.salzburgerland.com\/de\/wp-content\/uploads\/2016\/10\/zell-am-see-kaprun-winter-kitzsteinhornc-ideenwerk-werbeagentur-gmbh-e1488454174563.jpg\",\"datePublished\":\"2017-02-21T10:56:26+00:00\",\"dateModified\":\"2026-02-11T13:52:51+00:00\",\"description\":\"Aufstieg auf das Kitzsteinhorn in Kaprun mit seinem ewigen Eis, inklusive Kochk\u00fcnste im Gipfelrestaurant\",\"breadcrumb\":{\"@id\":\"https:\/\/www.salzburgerland.com\/de\/gipfelglueck-am-kitzsteinhorn\/#breadcrumb\"},\"inLanguage\":\"de\",\"potentialAction\":[{\"@type\":\"ReadAction\",\"target\":[\"https:\/\/www.salzburgerland.com\/de\/gipfelglueck-am-kitzsteinhorn\/\"]}]},{\"@type\":\"ImageObject\",\"inLanguage\":\"de\",\"@id\":\"https:\/\/www.salzburgerland.com\/de\/gipfelglueck-am-kitzsteinhorn\/#primaryimage\",\"url\":\"https:\/\/www.salzburgerland.com\/de\/wp-content\/uploads\/2016\/10\/zell-am-see-kaprun-winter-kitzsteinhornc-ideenwerk-werbeagentur-gmbh-e1488454174563.jpg\",\"contentUrl\":\"https:\/\/www.salzburgerland.com\/de\/wp-content\/uploads\/2016\/10\/zell-am-see-kaprun-winter-kitzsteinhornc-ideenwerk-werbeagentur-gmbh-e1488454174563.jpg\",\"width\":1995,\"height\":1080,\"caption\":\"c ideenwerk werbeagentur gmbh Ausblick vom Kitzsteinhorn mit Sonnenuntergang.\"},{\"@type\":\"BreadcrumbList\",\"@id\":\"https:\/\/www.salzburgerland.com\/de\/gipfelglueck-am-kitzsteinhorn\/#breadcrumb\",\"itemListElement\":[{\"@type\":\"ListItem\",\"position\":1,\"name\":\"Still oder Prickelnd\",\"item\":\"https:\/\/www.salzburgerland.com\/de\/stilloderprickelnd\/\"},{\"@type\":\"ListItem\",\"position\":2,\"name\":\"Gipfelgl\u00fcck am Kitzsteinhorn\"}]},{\"@type\":\"WebSite\",\"@id\":\"https:\/\/www.salzburgerland.com\/de\/#website\",\"url\":\"https:\/\/www.salzburgerland.com\/de\/\",\"name\":\"SalzburgerLand.com\",\"description\":\"Ihr Urlaub in Salzburg, \u00d6sterreich\",\"publisher\":{\"@id\":\"https:\/\/www.salzburgerland.com\/de\/#organization\"},\"potentialAction\":[{\"@type\":\"SearchAction\",\"target\":{\"@type\":\"EntryPoint\",\"urlTemplate\":\"https:\/\/www.salzburgerland.com\/de\/?s={search_term_string}\"},\"query-input\":{\"@type\":\"PropertyValueSpecification\",\"valueRequired\":true,\"valueName\":\"search_term_string\"}}],\"inLanguage\":\"de\"},{\"@type\":\"Organization\",\"@id\":\"https:\/\/www.salzburgerland.com\/de\/#organization\",\"name\":\"SalzburgerLand Tourismus GmbH\",\"url\":\"https:\/\/www.salzburgerland.com\/de\/\",\"logo\":{\"@type\":\"ImageObject\",\"inLanguage\":\"de\",\"@id\":\"https:\/\/www.salzburgerland.com\/de\/#\/schema\/logo\/image\/\",\"url\":\"https:\/\/www.salzburgerland.com\/de\/wp-content\/uploads\/2017\/01\/salzburgerland-logo.jpg\",\"contentUrl\":\"https:\/\/www.salzburgerland.com\/de\/wp-content\/uploads\/2017\/01\/salzburgerland-logo.jpg\",\"width\":1920,\"height\":827,\"caption\":\"SalzburgerLand Tourismus GmbH\"},\"image\":{\"@id\":\"https:\/\/www.salzburgerland.com\/de\/#\/schema\/logo\/image\/\"},\"sameAs\":[\"https:\/\/www.facebook.com\/salzburgerland\/\",\"https:\/\/x.com\/Salzburgerland\",\"https:\/\/www.instagram.com\/salzburgerland\/\",\"http:\/\/dbpedia.org\/resource\/Salzburg_(state)\",\"http:\/\/wikidata.dbpedia.org\/resource\/Q43325\",\"http:\/\/open.salzburgerland.com\/de\/entity\/salzburgerland\",\"https:\/\/www.youtube.com\/user\/salzburgerland\"]},{\"@type\":\"Person\",\"@id\":\"https:\/\/www.salzburgerland.com\/de\/#\/schema\/person\/43ce9aa621bd7728940e04ed11ce9b6e\",\"name\":\"Ulli Hammerl\",\"image\":{\"@type\":\"ImageObject\",\"inLanguage\":\"de\",\"@id\":\"https:\/\/www.salzburgerland.com\/de\/#\/schema\/person\/image\/\",\"url\":\"https:\/\/secure.gravatar.com\/avatar\/35c80e0404a213597afdb17e84ea42a986fe814f3f881bb75d00261a3ff7aefd?s=96&d=mm&r=g\",\"contentUrl\":\"https:\/\/secure.gravatar.com\/avatar\/35c80e0404a213597afdb17e84ea42a986fe814f3f881bb75d00261a3ff7aefd?s=96&d=mm&r=g\",\"caption\":\"Ulli Hammerl\"}}]}<\/script>\n<!-- \/ Yoast SEO Premium plugin. -->","yoast_head_json":{"title":"Gipfelgl\u00fcck am Kitzsteinhorn \u00bb SalzburgerLand.com","description":"Aufstieg auf das Kitzsteinhorn in Kaprun mit seinem ewigen Eis, inklusive Kochk\u00fcnste im Gipfelrestaurant","robots":{"index":"index","follow":"follow","max-snippet":"max-snippet:-1","max-image-preview":"max-image-preview:large","max-video-preview":"max-video-preview:-1"},"canonical":"https:\/\/www.salzburgerland.com\/de\/wp-json\/wp\/v2\/posts\/115892","og_locale":"de_DE","og_type":"article","og_title":"Gipfelgl\u00fcck am Kitzsteinhorn","og_description":"Aufstieg auf das Kitzsteinhorn in Kaprun mit seinem ewigen Eis, inklusive Kochk\u00fcnste im Gipfelrestaurant","og_url":"https:\/\/www.salzburgerland.com\/de\/wp-json\/wp\/v2\/posts\/115892","og_site_name":"SalzburgerLand.com","article_publisher":"https:\/\/www.facebook.com\/salzburgerland\/","article_published_time":"2017-02-21T10:56:26+00:00","article_modified_time":"2026-02-11T13:52:51+00:00","og_image":[{"width":1200,"height":675,"url":"https:\/\/www.salzburgerland.com\/de\/wp-content\/uploads\/2016\/10\/zell-am-see-kaprun-winter-kitzsteinhornc-ideenwerk-werbeagentur-gmbh-e1488454174563-1200x675.jpg","type":"image\/jpeg"}],"author":"Ulli Hammerl","twitter_card":"summary_large_image","twitter_creator":"@Salzburgerland","twitter_site":"@Salzburgerland","twitter_misc":{"Verfasst von":"Ulli Hammerl","Gesch\u00e4tzte Lesezeit":"7\u00a0Minuten"},"schema":{"@context":"https:\/\/schema.org","@graph":[{"@type":"WebPage","@id":"https:\/\/www.salzburgerland.com\/de\/gipfelglueck-am-kitzsteinhorn\/","url":"https:\/\/www.salzburgerland.com\/de\/gipfelglueck-am-kitzsteinhorn\/","name":"Gipfelgl\u00fcck am Kitzsteinhorn \u00bb SalzburgerLand.com","isPartOf":{"@id":"https:\/\/www.salzburgerland.com\/de\/#website"},"primaryImageOfPage":{"@id":"https:\/\/www.salzburgerland.com\/de\/gipfelglueck-am-kitzsteinhorn\/#primaryimage"},"image":{"@id":"https:\/\/www.salzburgerland.com\/de\/gipfelglueck-am-kitzsteinhorn\/#primaryimage"},"thumbnailUrl":"https:\/\/www.salzburgerland.com\/de\/wp-content\/uploads\/2016\/10\/zell-am-see-kaprun-winter-kitzsteinhornc-ideenwerk-werbeagentur-gmbh-e1488454174563.jpg","datePublished":"2017-02-21T10:56:26+00:00","dateModified":"2026-02-11T13:52:51+00:00","description":"Aufstieg auf das Kitzsteinhorn in Kaprun mit seinem ewigen Eis, inklusive Kochk\u00fcnste im Gipfelrestaurant","breadcrumb":{"@id":"https:\/\/www.salzburgerland.com\/de\/gipfelglueck-am-kitzsteinhorn\/#breadcrumb"},"inLanguage":"de","potentialAction":[{"@type":"ReadAction","target":["https:\/\/www.salzburgerland.com\/de\/gipfelglueck-am-kitzsteinhorn\/"]}]},{"@type":"ImageObject","inLanguage":"de","@id":"https:\/\/www.salzburgerland.com\/de\/gipfelglueck-am-kitzsteinhorn\/#primaryimage","url":"https:\/\/www.salzburgerland.com\/de\/wp-content\/uploads\/2016\/10\/zell-am-see-kaprun-winter-kitzsteinhornc-ideenwerk-werbeagentur-gmbh-e1488454174563.jpg","contentUrl":"https:\/\/www.salzburgerland.com\/de\/wp-content\/uploads\/2016\/10\/zell-am-see-kaprun-winter-kitzsteinhornc-ideenwerk-werbeagentur-gmbh-e1488454174563.jpg","width":1995,"height":1080,"caption":"c ideenwerk werbeagentur gmbh Ausblick vom Kitzsteinhorn mit Sonnenuntergang."},{"@type":"BreadcrumbList","@id":"https:\/\/www.salzburgerland.com\/de\/gipfelglueck-am-kitzsteinhorn\/#breadcrumb","itemListElement":[{"@type":"ListItem","position":1,"name":"Still oder Prickelnd","item":"https:\/\/www.salzburgerland.com\/de\/stilloderprickelnd\/"},{"@type":"ListItem","position":2,"name":"Gipfelgl\u00fcck am Kitzsteinhorn"}]},{"@type":"WebSite","@id":"https:\/\/www.salzburgerland.com\/de\/#website","url":"https:\/\/www.salzburgerland.com\/de\/","name":"SalzburgerLand.com","description":"Ihr Urlaub in Salzburg, \u00d6sterreich","publisher":{"@id":"https:\/\/www.salzburgerland.com\/de\/#organization"},"potentialAction":[{"@type":"SearchAction","target":{"@type":"EntryPoint","urlTemplate":"https:\/\/www.salzburgerland.com\/de\/?s={search_term_string}"},"query-input":{"@type":"PropertyValueSpecification","valueRequired":true,"valueName":"search_term_string"}}],"inLanguage":"de"},{"@type":"Organization","@id":"https:\/\/www.salzburgerland.com\/de\/#organization","name":"SalzburgerLand Tourismus GmbH","url":"https:\/\/www.salzburgerland.com\/de\/","logo":{"@type":"ImageObject","inLanguage":"de","@id":"https:\/\/www.salzburgerland.com\/de\/#\/schema\/logo\/image\/","url":"https:\/\/www.salzburgerland.com\/de\/wp-content\/uploads\/2017\/01\/salzburgerland-logo.jpg","contentUrl":"https:\/\/www.salzburgerland.com\/de\/wp-content\/uploads\/2017\/01\/salzburgerland-logo.jpg","width":1920,"height":827,"caption":"SalzburgerLand Tourismus GmbH"},"image":{"@id":"https:\/\/www.salzburgerland.com\/de\/#\/schema\/logo\/image\/"},"sameAs":["https:\/\/www.facebook.com\/salzburgerland\/","https:\/\/x.com\/Salzburgerland","https:\/\/www.instagram.com\/salzburgerland\/","http:\/\/dbpedia.org\/resource\/Salzburg_(state)","http:\/\/wikidata.dbpedia.org\/resource\/Q43325","http:\/\/open.salzburgerland.com\/de\/entity\/salzburgerland","https:\/\/www.youtube.com\/user\/salzburgerland"]},{"@type":"Person","@id":"https:\/\/www.salzburgerland.com\/de\/#\/schema\/person\/43ce9aa621bd7728940e04ed11ce9b6e","name":"Ulli Hammerl","image":{"@type":"ImageObject","inLanguage":"de","@id":"https:\/\/www.salzburgerland.com\/de\/#\/schema\/person\/image\/","url":"https:\/\/secure.gravatar.com\/avatar\/35c80e0404a213597afdb17e84ea42a986fe814f3f881bb75d00261a3ff7aefd?s=96&d=mm&r=g","contentUrl":"https:\/\/secure.gravatar.com\/avatar\/35c80e0404a213597afdb17e84ea42a986fe814f3f881bb75d00261a3ff7aefd?s=96&d=mm&r=g","caption":"Ulli Hammerl"}}]}},"_wl_alt_label":[],"wl:entity_url":"http:\/\/open.salzburgerland.com\/de\/post\/gipfelglueck_am_kitzsteinhorn","_links":{"self":[{"href":"https:\/\/www.salzburgerland.com\/de\/wp-json\/wp\/v2\/posts\/115892","targetHints":{"allow":["GET"]}}],"collection":[{"href":"https:\/\/www.salzburgerland.com\/de\/wp-json\/wp\/v2\/posts"}],"about":[{"href":"https:\/\/www.salzburgerland.com\/de\/wp-json\/wp\/v2\/types\/post"}],"author":[{"embeddable":true,"href":"https:\/\/www.salzburgerland.com\/de\/wp-json\/wp\/v2\/users\/17"}],"replies":[{"embeddable":true,"href":"https:\/\/www.salzburgerland.com\/de\/wp-json\/wp\/v2\/comments?post=115892"}],"version-history":[{"count":3,"href":"https:\/\/www.salzburgerland.com\/de\/wp-json\/wp\/v2\/posts\/115892\/revisions"}],"predecessor-version":[{"id":680698,"href":"https:\/\/www.salzburgerland.com\/de\/wp-json\/wp\/v2\/posts\/115892\/revisions\/680698"}],"wp:featuredmedia":[{"embeddable":true,"href":"https:\/\/www.salzburgerland.com\/de\/wp-json\/wp\/v2\/media\/78291"}],"wp:attachment":[{"href":"https:\/\/www.salzburgerland.com\/de\/wp-json\/wp\/v2\/media?parent=115892"}],"wp:term":[{"taxonomy":"category","embeddable":true,"href":"https:\/\/www.salzburgerland.com\/de\/wp-json\/wp\/v2\/categories?post=115892"},{"taxonomy":"post_tag","embeddable":true,"href":"https:\/\/www.salzburgerland.com\/de\/wp-json\/wp\/v2\/tags?post=115892"},{"taxonomy":"wl_entity_type","embeddable":true,"href":"https:\/\/www.salzburgerland.com\/de\/wp-json\/wp\/v2\/wl_entity_type?post=115892"}],"curies":[{"name":"wp","href":"https:\/\/api.w.org\/{rel}","templated":true}]}}