{"id":115054,"date":"2017-02-28T13:51:03","date_gmt":"2017-02-28T12:51:03","guid":{"rendered":"https:\/\/www.salzburgerland.com\/de\/?p=115054"},"modified":"2017-03-21T08:22:55","modified_gmt":"2017-03-21T07:22:55","slug":"taegliches-bad-im-kuehlen-nass","status":"publish","type":"post","link":"https:\/\/www.salzburgerland.com\/de\/taegliches-bad-im-kuehlen-nass\/","title":{"rendered":"T\u00e4gliches Bad im k\u00fchlen Nass"},"content":{"rendered":"<p>Auch wenn man es nicht glauben m\u00f6chte, es ist immer wieder eine \u00dcberwindung! Obwohl ja eigentlich schon eine gewisse Routine einkehren sollte. M\u00f6chte man zumindest meinen. Jeden Tag gehe ich herunter zum Wolfgangsee, sammle kurz meine Gedanken und gehe schwimmen. Und das an 365 Tagen im Jahr. Ja, richtig geh\u00f6rt! Ich schwimme jeden einzelnen Tag des Jahres im Wolfgangsee. Und ich bin bei weitem nicht der einzige. Viele, na ja, um bei der Wahrheit zu bleiben, so manche Einheimische rund um den See, tun es mir gleich. Sommer wie Winter, bei Sonnenschein, Regenschauern und nat\u00fcrlich auch wenn uns Frau Holle ihre wei\u00dfe Pracht vom Himmel schneien l\u00e4sst. F\u00fcr \u201aUneingeweihte\u2019, also f\u00fcr diejenigen, die noch nicht an den Anblick von Badehosen und \u2013anz\u00fcgen gew\u00f6hnt sind, mag es schon ein sehr eigenartiger Anblick sein, wenn sie, dick eingepackt, von Menschen gegr\u00fc\u00dft werden, die gerade aus dem dampfenden See steigen und sich schnell abtrocknen. Doch wir, die wir dieser Leidenschaft seit vielen Jahren nachgehen, wir schw\u00f6ren darauf. Als Jungbrunnen ebenso wie als Methode der Abh\u00e4rtung. Denn Verk\u00fchlungen, Erk\u00e4ltungen oder gar eine Grippe habe ich schon lange nicht mehr gehabt. Das kommt bei uns so gut wie gar nicht vor. Aber alles der Reihe nach. Sicherlich haben Sie viele Fragen.<\/p>\n<div id=\"attachment_80625\" style=\"width: 1180px\" class=\"wp-caption alignnone\"><img decoding=\"async\" aria-describedby=\"caption-attachment-80625\" class=\"size-1170_658 wp-image-80625\" src=\"https:\/\/cdn.salzburgerland.com\/de\/wp-content\/uploads\/2016\/08\/rs67_sltzellamsee-1-lpr-1170x658.jpg\" alt=\"Junge f\u00e4hrt auf Wasserski an einem sch\u00f6nen Tag \u00fcber einen See im SalzburgerLand.\" width=\"1170\" height=\"658\"><p id=\"caption-attachment-80625\" class=\"wp-caption-text\">\u00a9 Eva-Maria Repolusk-SalzburgerLand Tourismus \u2013 An einem herrlichen Sommertag gibt es nichts Sch\u00f6neres, als auf Wasserski die Seen unsicher zu machen.<\/p><\/div>\n<h2><strong>Baden im Winter?<\/strong><\/h2>\n<p>Winterbader gibt es auf der ganzen Welt und seit vielen Jahrhunderten. Schon von Wolfgang von Goethe ist \u00fcberliefert, dass er sich regelm\u00e4\u00dfig ein Loch ins Eis schlagen lie\u00df, nur um ein kurzes Bad zu nehmen. Nat\u00fcrlich nicht am Wolfgangsee, aber auch hier gibt es diese \u201aVerr\u00fccktheit\u2019, wie es manche nennen w\u00fcrden, schon seit mehreren Generationen. Bei mir pers\u00f6nlich hat es, wie bei den meisten, damit begonnen, dass ich im Sommer ein leidenschaftlicher Seeg\u00e4nger war (und immer noch bin) und mich mit dem Ende der Saison im September einfach nicht mehr abfinden wollte. T\u00e4glich habe ich meinen letzten Badetag hinausgeschoben, bin immer und trotz sinkender Temperaturen in den See gesprungen. Bis es irgendwann klar war, dass ich, die notwendige \u00dcberwindung und Willensst\u00e4rke vorausgesetzt, dies das ganze Jahr \u00fcber tun k\u00f6nnte. Mittlerweile bin ich seit gut 10 Jahren dabei und sollte es sich einmal einen Tag nicht ausgehen, dass ich mich in\u00a0 die k\u00fchlen (!) Fluten\u00a0 st\u00fcrze und ein paar Tempi\u00a0 schwimme, dann werde ganz unruhig. Ein guter Tag beginnt immer mit einem Bad im See. Das geh\u00f6rt f\u00fcr mich zu meiner Routine, wie des Amen im Gebet.<\/p>\n<p>Nat\u00fcrlich kommt immer wieder die Frage, ob es denn nicht gef\u00e4hrlich sei, seinen K\u00f6rper solchen Temperaturen auszusetzen. Die ganz gro\u00dfen Risiken sehe ich hier eigentlich nicht. Nat\u00fcrlich ist es ratsam, sich vorab mit einem Arzt abzusprechen. Wenn man seinen K\u00f6rper jedoch schrittweise und regelm\u00e4\u00dfig darauf vorbereitet und auch nicht zu lange im Wasser bleibt, dann \u00fcberwiegen die positiven Aspekte allemal. Mir ist es wichtig, nicht ganz alleine in den See zu steigen und immer jemanden zu haben, der dabei ist. Das kann ein Mitschwimmer, aber auch jemand am Ufer sein, der gegebenenfalls eingreifen kann, sollte doch einmal etwas passieren. Da das Blut nach dem Baden ziemlich kalt ist, wickle ich mich sofort nach dem Abtrocknen in eine warme Decke und gehe ohne Umwege nach Hause zum Aufw\u00e4rmen. Dort warten dann schon ein hei\u00dfer Tee und ein gutes Fr\u00fchst\u00fcck auf mich. Was man definitiv nicht machen sollte, ist sportliche Bet\u00e4tigung unmittelbar nach der Abk\u00fchlung. Das macht der K\u00f6rper nicht mit. Wenn schon Sport, dann unbedingt davor.<\/p>\n<h2><strong>Ein Jungbrunnen f\u00fcr K\u00f6rper, Geist und Seele<\/strong><\/h2>\n<p>Neben dem Nervenkitzel, den ich jeden Tag beim und kurz vor dem Baden erlebe, sind mir auch die gesundheitlichen Aspekte \u00fcberaus wichtig. Wie schon gesagt, krank war ich schon \u00fcber zehn Jahre nicht mehr und auch sonst hat sich mein t\u00e4gliches Bad \u00fcberaus positiv auf mich und meinen K\u00f6rper ausgewirkt. Ich bin fitter und ausgeglichener denn je. Das best\u00e4tigt mir auch immer wieder mein Arzt, der ebenfalls auf die positive Wirkung schw\u00f6rt. Durch die K\u00e4lte nehmen die Leukozyten im Blut deutlich zu, sodass ein viel gr\u00f6\u00dferer Schutz vor Entz\u00fcndungen gegeben ist. Au\u00dferdem wirkt die K\u00e4lte auch jeglicher Art von Muskelkater entgegen, was mittlerweile auch Spitzensportler in ihrem Training regelm\u00e4\u00dfig einsetzen. Durch den h\u00f6heren Testosteronspiegel wird auch die Leistung generell gesteigert. Das w\u00fcrde ich so sofort unterschreiben. Neben den gesundheitlichen Aspekten kann ich nur sagen, dass meine Haut viel straffer ist, sich meine H\u00e4nde immer warm anf\u00fchlen und ich auch wesentlich fitter und motivierter in den Tag starte. Und in der Nacht schlafe ich dann auch tief und fest\u00a0und tr\u00e4ume von meinem n\u00e4chsten Bad.<\/p>\n<p>Ehrlich gesagt k\u00f6nnte ich mir nicht vorstellen was passieren m\u00fcsste, damit ich diese morgendliche Routine wieder \u00fcber Bord werfe. Probieren Sie es doch einmal aus, es wird sicherlich auch bei Ihnen wie ein Jungbrunnen wirken. F\u00fcr Fragen stehen wir nat\u00fcrlich immer zur Verf\u00fcgung. Sprechen Sie uns einfach an, wenn Sie uns beim Baden sehen. Aber bitte nicht unmittelbar nach dem Schwimmen. Da m\u00fcssen wir uns erstmal abtrocknen und in die warme Decke h\u00fcllen\u2026<\/p>\n<p>\u00a0<\/p>\n","protected":false},"excerpt":{"rendered":"<p>Auch wenn man es nicht glauben m\u00f6chte, es ist immer wieder eine \u00dcberwindung! Obwohl ja eigentlich schon eine gewisse Routine einkehren sollte. M\u00f6chte man zumindest meinen. Jeden Tag gehe ich herunter zum Wolfgangsee, sammle kurz meine Gedanken und gehe schwimmen. Und das an 365 Tagen im Jahr. Ja, richtig geh\u00f6rt! Ich schwimme jeden einzelnen Tag [&hellip;]<\/p>\n","protected":false},"author":17,"featured_media":115057,"comment_status":"closed","ping_status":"closed","sticky":false,"template":"","format":"standard","meta":{"_acf_changed":false,"wl_entities_gutenberg":"","_relevanssi_hide_post":"","_relevanssi_hide_content":"","_relevanssi_pin_for_all":"","_relevanssi_pin_keywords":"","_relevanssi_unpin_keywords":"","_relevanssi_related_keywords":"","_relevanssi_related_include_ids":"","_relevanssi_related_exclude_ids":"","_relevanssi_related_no_append":"","_relevanssi_related_not_related":"","_relevanssi_related_posts":"","_relevanssi_noindex_reason":"","footnotes":""},"categories":[1],"tags":[],"wl_entity_type":[11495],"class_list":["post-115054","post","type-post","status-publish","format-standard","has-post-thumbnail","hentry","category-allgemein","wl_entity_type-article"],"acf":[],"yoast_head":"<!-- This site is optimized with the Yoast SEO Premium plugin v26.9 (Yoast SEO v26.9) - https:\/\/yoast.com\/product\/yoast-seo-premium-wordpress\/ -->\n<title>T\u00e4gliches Bad im k\u00fchlen Nass \u00bb SalzburgerLand.com<\/title>\n<meta name=\"description\" content=\"Der Wolfgangsee verspricht nicht nur im Sommer erfrischende Abk\u00fchlung. Wagemutige springen auch im Winter ins kalte Wasser.\" \/>\n<meta name=\"robots\" content=\"index, follow, max-snippet:-1, max-image-preview:large, max-video-preview:-1\" \/>\n<link rel=\"canonical\" href=\"https:\/\/www.salzburgerland.com\/de\/wp-json\/wp\/v2\/posts\/115054\" \/>\n<meta property=\"og:locale\" content=\"de_DE\" \/>\n<meta property=\"og:type\" content=\"article\" \/>\n<meta property=\"og:title\" content=\"T\u00e4gliches Bad im k\u00fchlen Nass\" \/>\n<meta property=\"og:description\" content=\"Der Wolfgangsee verspricht nicht nur im Sommer erfrischende Abk\u00fchlung. Wagemutige springen auch im Winter ins kalte Wasser.\" \/>\n<meta property=\"og:url\" content=\"https:\/\/www.salzburgerland.com\/de\/wp-json\/wp\/v2\/posts\/115054\" \/>\n<meta property=\"og:site_name\" content=\"SalzburgerLand.com\" \/>\n<meta property=\"article:publisher\" content=\"https:\/\/www.facebook.com\/salzburgerland\/\" \/>\n<meta property=\"article:published_time\" content=\"2017-02-28T12:51:03+00:00\" \/>\n<meta property=\"article:modified_time\" content=\"2017-03-21T07:22:55+00:00\" \/>\n<meta property=\"og:image\" content=\"https:\/\/www.salzburgerland.com\/de\/wp-content\/uploads\/2017\/02\/wasserspass20iii-e1488455082717-1200x675.jpg\" \/>\n\t<meta property=\"og:image:width\" content=\"1200\" \/>\n\t<meta property=\"og:image:height\" content=\"675\" \/>\n\t<meta property=\"og:image:type\" content=\"image\/jpeg\" \/>\n<meta name=\"author\" content=\"Ulli Hammerl\" \/>\n<meta name=\"twitter:card\" content=\"summary_large_image\" \/>\n<meta name=\"twitter:creator\" content=\"@Salzburgerland\" \/>\n<meta name=\"twitter:site\" content=\"@Salzburgerland\" \/>\n<meta name=\"twitter:label1\" content=\"Verfasst von\" \/>\n\t<meta name=\"twitter:data1\" content=\"Ulli Hammerl\" \/>\n\t<meta name=\"twitter:label2\" content=\"Gesch\u00e4tzte Lesezeit\" \/>\n\t<meta name=\"twitter:data2\" content=\"5\u00a0Minuten\" \/>\n<script type=\"application\/ld+json\" class=\"yoast-schema-graph\">{\"@context\":\"https:\/\/schema.org\",\"@graph\":[{\"@type\":\"WebPage\",\"@id\":\"https:\/\/www.salzburgerland.com\/de\/taegliches-bad-im-kuehlen-nass\/\",\"url\":\"https:\/\/www.salzburgerland.com\/de\/taegliches-bad-im-kuehlen-nass\/\",\"name\":\"T\u00e4gliches Bad im k\u00fchlen Nass \u00bb SalzburgerLand.com\",\"isPartOf\":{\"@id\":\"https:\/\/www.salzburgerland.com\/de\/#website\"},\"primaryImageOfPage\":{\"@id\":\"https:\/\/www.salzburgerland.com\/de\/taegliches-bad-im-kuehlen-nass\/#primaryimage\"},\"image\":{\"@id\":\"https:\/\/www.salzburgerland.com\/de\/taegliches-bad-im-kuehlen-nass\/#primaryimage\"},\"thumbnailUrl\":\"https:\/\/www.salzburgerland.com\/de\/wp-content\/uploads\/2017\/02\/wasserspass20iii-e1488455082717.jpg\",\"datePublished\":\"2017-02-28T12:51:03+00:00\",\"dateModified\":\"2017-03-21T07:22:55+00:00\",\"description\":\"Der Wolfgangsee verspricht nicht nur im Sommer erfrischende Abk\u00fchlung. Wagemutige springen auch im Winter ins kalte Wasser.\",\"inLanguage\":\"de\",\"potentialAction\":[{\"@type\":\"ReadAction\",\"target\":[\"https:\/\/www.salzburgerland.com\/de\/taegliches-bad-im-kuehlen-nass\/\"]}]},{\"@type\":\"ImageObject\",\"inLanguage\":\"de\",\"@id\":\"https:\/\/www.salzburgerland.com\/de\/taegliches-bad-im-kuehlen-nass\/#primaryimage\",\"url\":\"https:\/\/www.salzburgerland.com\/de\/wp-content\/uploads\/2017\/02\/wasserspass20iii-e1488455082717.jpg\",\"contentUrl\":\"https:\/\/www.salzburgerland.com\/de\/wp-content\/uploads\/2017\/02\/wasserspass20iii-e1488455082717.jpg\",\"width\":1915,\"height\":1152,\"caption\":\"Sommer am Wolfgangsee\"},{\"@type\":\"WebSite\",\"@id\":\"https:\/\/www.salzburgerland.com\/de\/#website\",\"url\":\"https:\/\/www.salzburgerland.com\/de\/\",\"name\":\"SalzburgerLand.com\",\"description\":\"Ihr Urlaub in Salzburg, \u00d6sterreich\",\"publisher\":{\"@id\":\"https:\/\/www.salzburgerland.com\/de\/#organization\"},\"potentialAction\":[{\"@type\":\"SearchAction\",\"target\":{\"@type\":\"EntryPoint\",\"urlTemplate\":\"https:\/\/www.salzburgerland.com\/de\/?s={search_term_string}\"},\"query-input\":{\"@type\":\"PropertyValueSpecification\",\"valueRequired\":true,\"valueName\":\"search_term_string\"}}],\"inLanguage\":\"de\"},{\"@type\":\"Organization\",\"@id\":\"https:\/\/www.salzburgerland.com\/de\/#organization\",\"name\":\"SalzburgerLand Tourismus GmbH\",\"url\":\"https:\/\/www.salzburgerland.com\/de\/\",\"logo\":{\"@type\":\"ImageObject\",\"inLanguage\":\"de\",\"@id\":\"https:\/\/www.salzburgerland.com\/de\/#\/schema\/logo\/image\/\",\"url\":\"https:\/\/www.salzburgerland.com\/de\/wp-content\/uploads\/2017\/01\/salzburgerland-logo.jpg\",\"contentUrl\":\"https:\/\/www.salzburgerland.com\/de\/wp-content\/uploads\/2017\/01\/salzburgerland-logo.jpg\",\"width\":1920,\"height\":827,\"caption\":\"SalzburgerLand Tourismus GmbH\"},\"image\":{\"@id\":\"https:\/\/www.salzburgerland.com\/de\/#\/schema\/logo\/image\/\"},\"sameAs\":[\"https:\/\/www.facebook.com\/salzburgerland\/\",\"https:\/\/x.com\/Salzburgerland\",\"https:\/\/www.instagram.com\/salzburgerland\/\",\"http:\/\/dbpedia.org\/resource\/Salzburg_(state)\",\"http:\/\/wikidata.dbpedia.org\/resource\/Q43325\",\"http:\/\/open.salzburgerland.com\/de\/entity\/salzburgerland\",\"https:\/\/www.youtube.com\/user\/salzburgerland\"]},{\"@type\":\"Person\",\"@id\":\"https:\/\/www.salzburgerland.com\/de\/#\/schema\/person\/43ce9aa621bd7728940e04ed11ce9b6e\",\"name\":\"Ulli Hammerl\",\"image\":{\"@type\":\"ImageObject\",\"inLanguage\":\"de\",\"@id\":\"https:\/\/www.salzburgerland.com\/de\/#\/schema\/person\/image\/\",\"url\":\"https:\/\/secure.gravatar.com\/avatar\/35c80e0404a213597afdb17e84ea42a986fe814f3f881bb75d00261a3ff7aefd?s=96&d=mm&r=g\",\"contentUrl\":\"https:\/\/secure.gravatar.com\/avatar\/35c80e0404a213597afdb17e84ea42a986fe814f3f881bb75d00261a3ff7aefd?s=96&d=mm&r=g\",\"caption\":\"Ulli Hammerl\"}}]}<\/script>\n<!-- \/ Yoast SEO Premium plugin. -->","yoast_head_json":{"title":"T\u00e4gliches Bad im k\u00fchlen Nass \u00bb SalzburgerLand.com","description":"Der Wolfgangsee verspricht nicht nur im Sommer erfrischende Abk\u00fchlung. Wagemutige springen auch im Winter ins kalte Wasser.","robots":{"index":"index","follow":"follow","max-snippet":"max-snippet:-1","max-image-preview":"max-image-preview:large","max-video-preview":"max-video-preview:-1"},"canonical":"https:\/\/www.salzburgerland.com\/de\/wp-json\/wp\/v2\/posts\/115054","og_locale":"de_DE","og_type":"article","og_title":"T\u00e4gliches Bad im k\u00fchlen Nass","og_description":"Der Wolfgangsee verspricht nicht nur im Sommer erfrischende Abk\u00fchlung. Wagemutige springen auch im Winter ins kalte Wasser.","og_url":"https:\/\/www.salzburgerland.com\/de\/wp-json\/wp\/v2\/posts\/115054","og_site_name":"SalzburgerLand.com","article_publisher":"https:\/\/www.facebook.com\/salzburgerland\/","article_published_time":"2017-02-28T12:51:03+00:00","article_modified_time":"2017-03-21T07:22:55+00:00","og_image":[{"width":1200,"height":675,"url":"https:\/\/www.salzburgerland.com\/de\/wp-content\/uploads\/2017\/02\/wasserspass20iii-e1488455082717-1200x675.jpg","type":"image\/jpeg"}],"author":"Ulli Hammerl","twitter_card":"summary_large_image","twitter_creator":"@Salzburgerland","twitter_site":"@Salzburgerland","twitter_misc":{"Verfasst von":"Ulli Hammerl","Gesch\u00e4tzte Lesezeit":"5\u00a0Minuten"},"schema":{"@context":"https:\/\/schema.org","@graph":[{"@type":"WebPage","@id":"https:\/\/www.salzburgerland.com\/de\/taegliches-bad-im-kuehlen-nass\/","url":"https:\/\/www.salzburgerland.com\/de\/taegliches-bad-im-kuehlen-nass\/","name":"T\u00e4gliches Bad im k\u00fchlen Nass \u00bb SalzburgerLand.com","isPartOf":{"@id":"https:\/\/www.salzburgerland.com\/de\/#website"},"primaryImageOfPage":{"@id":"https:\/\/www.salzburgerland.com\/de\/taegliches-bad-im-kuehlen-nass\/#primaryimage"},"image":{"@id":"https:\/\/www.salzburgerland.com\/de\/taegliches-bad-im-kuehlen-nass\/#primaryimage"},"thumbnailUrl":"https:\/\/www.salzburgerland.com\/de\/wp-content\/uploads\/2017\/02\/wasserspass20iii-e1488455082717.jpg","datePublished":"2017-02-28T12:51:03+00:00","dateModified":"2017-03-21T07:22:55+00:00","description":"Der Wolfgangsee verspricht nicht nur im Sommer erfrischende Abk\u00fchlung. Wagemutige springen auch im Winter ins kalte Wasser.","inLanguage":"de","potentialAction":[{"@type":"ReadAction","target":["https:\/\/www.salzburgerland.com\/de\/taegliches-bad-im-kuehlen-nass\/"]}]},{"@type":"ImageObject","inLanguage":"de","@id":"https:\/\/www.salzburgerland.com\/de\/taegliches-bad-im-kuehlen-nass\/#primaryimage","url":"https:\/\/www.salzburgerland.com\/de\/wp-content\/uploads\/2017\/02\/wasserspass20iii-e1488455082717.jpg","contentUrl":"https:\/\/www.salzburgerland.com\/de\/wp-content\/uploads\/2017\/02\/wasserspass20iii-e1488455082717.jpg","width":1915,"height":1152,"caption":"Sommer am Wolfgangsee"},{"@type":"WebSite","@id":"https:\/\/www.salzburgerland.com\/de\/#website","url":"https:\/\/www.salzburgerland.com\/de\/","name":"SalzburgerLand.com","description":"Ihr Urlaub in Salzburg, \u00d6sterreich","publisher":{"@id":"https:\/\/www.salzburgerland.com\/de\/#organization"},"potentialAction":[{"@type":"SearchAction","target":{"@type":"EntryPoint","urlTemplate":"https:\/\/www.salzburgerland.com\/de\/?s={search_term_string}"},"query-input":{"@type":"PropertyValueSpecification","valueRequired":true,"valueName":"search_term_string"}}],"inLanguage":"de"},{"@type":"Organization","@id":"https:\/\/www.salzburgerland.com\/de\/#organization","name":"SalzburgerLand Tourismus GmbH","url":"https:\/\/www.salzburgerland.com\/de\/","logo":{"@type":"ImageObject","inLanguage":"de","@id":"https:\/\/www.salzburgerland.com\/de\/#\/schema\/logo\/image\/","url":"https:\/\/www.salzburgerland.com\/de\/wp-content\/uploads\/2017\/01\/salzburgerland-logo.jpg","contentUrl":"https:\/\/www.salzburgerland.com\/de\/wp-content\/uploads\/2017\/01\/salzburgerland-logo.jpg","width":1920,"height":827,"caption":"SalzburgerLand Tourismus GmbH"},"image":{"@id":"https:\/\/www.salzburgerland.com\/de\/#\/schema\/logo\/image\/"},"sameAs":["https:\/\/www.facebook.com\/salzburgerland\/","https:\/\/x.com\/Salzburgerland","https:\/\/www.instagram.com\/salzburgerland\/","http:\/\/dbpedia.org\/resource\/Salzburg_(state)","http:\/\/wikidata.dbpedia.org\/resource\/Q43325","http:\/\/open.salzburgerland.com\/de\/entity\/salzburgerland","https:\/\/www.youtube.com\/user\/salzburgerland"]},{"@type":"Person","@id":"https:\/\/www.salzburgerland.com\/de\/#\/schema\/person\/43ce9aa621bd7728940e04ed11ce9b6e","name":"Ulli Hammerl","image":{"@type":"ImageObject","inLanguage":"de","@id":"https:\/\/www.salzburgerland.com\/de\/#\/schema\/person\/image\/","url":"https:\/\/secure.gravatar.com\/avatar\/35c80e0404a213597afdb17e84ea42a986fe814f3f881bb75d00261a3ff7aefd?s=96&d=mm&r=g","contentUrl":"https:\/\/secure.gravatar.com\/avatar\/35c80e0404a213597afdb17e84ea42a986fe814f3f881bb75d00261a3ff7aefd?s=96&d=mm&r=g","caption":"Ulli Hammerl"}}]}},"_wl_alt_label":[],"wl:entity_url":"http:\/\/open.salzburgerland.com\/de\/post\/taegliches_bad_im_kuehlen_nass","_links":{"self":[{"href":"https:\/\/www.salzburgerland.com\/de\/wp-json\/wp\/v2\/posts\/115054","targetHints":{"allow":["GET"]}}],"collection":[{"href":"https:\/\/www.salzburgerland.com\/de\/wp-json\/wp\/v2\/posts"}],"about":[{"href":"https:\/\/www.salzburgerland.com\/de\/wp-json\/wp\/v2\/types\/post"}],"author":[{"embeddable":true,"href":"https:\/\/www.salzburgerland.com\/de\/wp-json\/wp\/v2\/users\/17"}],"replies":[{"embeddable":true,"href":"https:\/\/www.salzburgerland.com\/de\/wp-json\/wp\/v2\/comments?post=115054"}],"version-history":[{"count":0,"href":"https:\/\/www.salzburgerland.com\/de\/wp-json\/wp\/v2\/posts\/115054\/revisions"}],"wp:featuredmedia":[{"embeddable":true,"href":"https:\/\/www.salzburgerland.com\/de\/wp-json\/wp\/v2\/media\/115057"}],"wp:attachment":[{"href":"https:\/\/www.salzburgerland.com\/de\/wp-json\/wp\/v2\/media?parent=115054"}],"wp:term":[{"taxonomy":"category","embeddable":true,"href":"https:\/\/www.salzburgerland.com\/de\/wp-json\/wp\/v2\/categories?post=115054"},{"taxonomy":"post_tag","embeddable":true,"href":"https:\/\/www.salzburgerland.com\/de\/wp-json\/wp\/v2\/tags?post=115054"},{"taxonomy":"wl_entity_type","embeddable":true,"href":"https:\/\/www.salzburgerland.com\/de\/wp-json\/wp\/v2\/wl_entity_type?post=115054"}],"curies":[{"name":"wp","href":"https:\/\/api.w.org\/{rel}","templated":true}]}}