{"id":113999,"date":"2017-02-21T11:11:52","date_gmt":"2017-02-21T10:11:52","guid":{"rendered":"https:\/\/www.salzburgerland.com\/de\/?p=113999"},"modified":"2020-11-16T16:07:19","modified_gmt":"2020-11-16T15:07:19","slug":"die-kraft-der-meeraeuglquelle","status":"publish","type":"post","link":"https:\/\/www.salzburgerland.com\/de\/die-kraft-der-meeraeuglquelle\/","title":{"rendered":"Die Kraft der Meer\u00e4uglquelle"},"content":{"rendered":"<p>Was f\u00fcr ein malerischer, imposanter Ort dieses Filzmoos in der Salzburger Sportwelt doch ist! Schmucke H\u00e4user reihen sich aneinander, die Mandling flie\u00dft rauschend der Salzach entgegen und die markante Bischofsm\u00fctze strahlt mit dem ebenso eindrucksvollen Gosaukamm in der Morgensonne um die Wette. Leicht f\u00e4llt es mir nicht, mich von diesem Blick loszurei\u00dfen, aber schlie\u00dflich will ich ja beim Mittagessen schon oben auf der Hofalm sein. Also, rein in die Wanderschuhe und los geht\u2019s. Start ist beim Busparkplatz, unten im Tal. Von dort geht es dann gleich links Richtung Hofalmen, sp\u00e4ter dann vorbei an der Mautstation. W\u00e4hrend ich stetig leicht bergauf wandere, mir die Sonne ihre ersten warmen Strahlen entgegenschickt und ich die wunderbare Bergluft einatme, denke ich noch einmal an die beiden Hirten aus der Sage. Ziemlich unheimlich, wenn\u00a0einem pl\u00f6tzlich aus\u00a0der Tiefe solche Worte entgegenhallen! Finde ich zumindest.<\/p>\n<p>Die Hirten sollen aber trotz der Warnung keine Furcht gekannt\u00a0haben und eilten ins nahe Filzmoos, um vom \u00f6rtlichen Weber die l\u00e4ngste aller Garnspulen zu besorgen. <em>\u201eDie alten Geschichten sind doch nicht mehr aktuell, wir haben keine Angst davor hinabgezogen zu werden, wenn wir den Grund der Meer\u00e4ugl bestimmen\u201c<\/em>, sollen sie laut gelacht und alle Warnungen in den Wind geschossen haben. Unter der l\u00e4ndlichen Bev\u00f6lkerung hielt sich damals der Glaube, dass die Quelle keinen Grund habe und mit dem Meer verbunden sei. Der noch heute g\u00e4ngige Name stammt von dieser Vorstellung. Wieder zur\u00fcck, banden die beiden Draufg\u00e4nger einen schweren Stein an das Ende des Fadens und lie\u00dfen ihn hinab in die Dunkelheit. Je mehr vom Garn abgespult wurde, desto banger wurde ihnen und als dann noch einmal\u00a0<em>\u201eWillst du mich ergr\u00fcnden, werd ich dich verschl\u00fcnden\u201c erklang, <\/em>lie\u00dfen sie alles stehen und liegen und liefen laut schreiend davon. Seit damals hat niemand mehr versucht, den Grund der Meer\u00e4uglquelle zu ergr\u00fcnden.<\/p>\n<div id=\"attachment_114006\" style=\"width: 1180px\" class=\"wp-caption alignnone\"><img decoding=\"async\" aria-describedby=\"caption-attachment-114006\" class=\"wp-image-114006 size-1170_658\" src=\"https:\/\/cdn.salzburgerland.com\/de\/wp-content\/uploads\/2017\/02\/meeraeuglquelle00011-1170x658.jpg\" alt=\"\" width=\"1170\" height=\"658\"><p id=\"caption-attachment-114006\" class=\"wp-caption-text\">\u00a9 SalzburgerLand Tourismus, Peter Zeitlhofer \u2013 Die Meer\u00e4uglquelle<\/p><\/div>\n<p>F\u00fcr mich geht es weiter durch die wirklich sch\u00f6ne Almenwelt oberhalb von Filzmoos, vorbei an traditionellen\u00a0H\u00fctten und immer wieder entlang der Mandling, die ja oben beim Almsee entspringt. \u201aAn der Gabelung nehmen Sie den Weg rechts Richtung Oberhofalm, um den Kraftort zu erreichen\u2018, sagt mein Wanderf\u00fchrer. Na gut, dann also rechts den Schotterweg entlang. Das Wort Kraftort bleibt bei mir h\u00e4ngen und ich muss an das denken, was ich gestern Abend \u00fcber Filzmoos gelesen habe. Eine besonders hohe Dichte an solchen Kraftorten soll es hier geben, 16 an der Zahl. Die schwarze Lacke, der magische Sesselkreis, der Reinigungsplatz im Hachauer Wald und wie sie sonst noch alle hei\u00dfen. Jeder f\u00fcr sich einzigartig und sicherlich einen Besuch wert.<\/p>\n<p>Pl\u00f6tzlich liegt es vor mir: das erste Ziel meiner Wanderung \u2013 die Meer\u00e4uglquelle. Ein wunderbar-idyllischer Ort, der durch unaufdringliche Sch\u00f6nheit zu wirken wei\u00df und einen so in seinen Bann zieht. Auch wenn eine Bank zum Ausrasten einl\u00e4dt, entscheide ich mich f\u00fcr einen Stein direkt am Wasser, entledige mich meiner Schuhe und lasse die F\u00fc\u00dfe im\u00a0Wasser baumeln. Einige Meter oberhalb liegt die eigentliche Quelle, aus der eine geh\u00f6rige Menge des k\u00fchlen Nasses ans Tageslicht str\u00f6mt. Mehrere Wasserl\u00e4ufe tauchen den ganzen Ort unter und bilden ein wunderbares, nat\u00fcrliches Biotop f\u00fcr unz\u00e4hlige Pflanzen und Tiere. Rastend sitze ich auf meinem Stein und sehe dem Wasser beim Flie\u00dfen zu. Das hat etwas Meditatives.\u00a0Die Bezeichnung Kraftplatz passt hier wohl perfekt.<\/p>\n<div id=\"attachment_114007\" style=\"width: 1180px\" class=\"wp-caption alignnone\"><img decoding=\"async\" aria-describedby=\"caption-attachment-114007\" class=\"wp-image-114007 size-1170_658\" src=\"https:\/\/cdn.salzburgerland.com\/de\/wp-content\/uploads\/2017\/02\/meeraeuglquelle00012-1170x658.jpg\" alt=\"\" width=\"1170\" height=\"658\"><p id=\"caption-attachment-114007\" class=\"wp-caption-text\">\u00a9 SalzburgerLand Tourismus, Peter Zeitlhofer \u2013 Das Wasser als st\u00e4ndiger Begleiter am Weg zu den Filzmooser Hofalmen<\/p><\/div>\n<p>Nach ca. einer halben Stunde an der Quelle, barfu\u00df im\u00a0Wasser waten und einer kleinen St\u00e4rkung in Form eines M\u00fcsliriegels, setze ich meinen Weg hinauf zur Oberhofalm fort. Weit ist es ja jetzt wirklich nicht mehr und nach einigen Kurven sehe ich sie auch schon vor mir. Nach einem wirklich sehr guten Mittagessen auf der gro\u00dfen Sonnenterrasse will ich jetzt auch noch den Almsee besuchen. Einzigartig soll er sein. Fast wie von einer anderen Welt. Da kann man ja gespannt sein. Ein kurzer Weg \u00fcber eine Wiese oberhalb der Alm, dann durch ein kleines Waldst\u00fcck und schon liegt er vor mir. Traumhaft spiegeln sich die Bischofsm\u00fctze und der Gosaukamm im stillen, glatten Wasser, die V\u00f6gel zwitschern ihr immer wiederkehrendes Liedchen und ich erwische mich dabei, wie ich leicht zu l\u00e4cheln beginne. Kann es denn so einen Ort \u00fcberhaupt geben? Wie aus einem Gem\u00e4lde entsprungen? Nur noch intensiver, noch pr\u00e4chtiger. Langsam spaziere ich um den See, besuche den Hochzeitsplatz und den Platz der Dankbarkeit, zwei der drei Kraftpl\u00e4tze \u00a0hier oben am See, und freue mich, dass ich an einem so sch\u00f6nen Ort sein kann. Immer wieder hebe ich staunend den Blick hinauf auf die Berge und verstehe, warum der Gosaukamm zum Welterbe Hallstatt-Dachstein\/ Salzkammergut geh\u00f6rt. Beeindruckend.<\/p>\n\n\t\t\t<div id=\"113999-1\" class=\"gallery gallery-113999 gallery-columns-3 gallery-size-medium\" itemscope itemtype=\"http:\/\/schema.org\/ImageGallery\">\n\t\t\t\t<ul class=\"gallery-row gallery-col-3 gallery-clear\">\n\t\t\t\t\t<li class=\"gallery-item col-3\" itemprop=\"associatedMedia\" itemscope itemtype=\"http:\/\/schema.org\/ImageObject\">\n\t\t\t\t\t\t<div class=\"gallery-icon landscape\"><a href=\"https:\/\/www.salzburgerland.com\/de\/wp-content\/uploads\/2017\/02\/meeraeuglquelle00007-1920x1067.jpg\" title=\"Meer\u00e4uglquelle00007\"><img decoding=\"async\" data-title=\"\u00a9SalzburgerLand Tourismus - Peter Zeitlhofer - Vom Almsee aus hat man einen herrlichen Blick auf den Dachstein, die Bischofsm\u00fctze und den Gosaukamm\" title=\"\u00a9SalzburgerLand Tourismus - Peter Zeitlhofer - Vom Almsee aus hat man einen herrlichen Blick auf den Dachstein, die Bischofsm\u00fctze und den Gosaukamm\" data-caption=\"\u00a9SalzburgerLand Tourismus - Peter Zeitlhofer - Vom Almsee aus hat man einen herrlichen Blick auf den Dachstein, die Bischofsm\u00fctze und den Gosaukamm\" width=\"1024\" height=\"569\" src=\"https:\/\/www.salzburgerland.com\/de\/wp-content\/uploads\/2017\/02\/meeraeuglquelle00007-1024x569.jpg\" class=\"attachment-medium size-medium\" alt=\"Ein schneebedeckter Berggipfel erhebt sich \u00fcber der Meer\u00e4uglquelle, umrahmt von B\u00e4umen unter einem klaren blauen Himmel. (vergr\u00f6\u00dferte Ansicht)\" srcset=\"https:\/\/www.salzburgerland.com\/de\/wp-content\/uploads\/2017\/02\/meeraeuglquelle00007-1024x569.jpg 1024w, https:\/\/www.salzburgerland.com\/de\/wp-content\/uploads\/2017\/02\/meeraeuglquelle00007-370x206.jpg 370w, https:\/\/www.salzburgerland.com\/de\/wp-content\/uploads\/2017\/02\/meeraeuglquelle00007-1920x1067.jpg 1920w, https:\/\/www.salzburgerland.com\/de\/wp-content\/uploads\/2017\/02\/meeraeuglquelle00007-270x150.jpg 270w\" sizes=\"(max-width: 1024px) 100vw, 1024px\" aria-describedby=\"figcaption-113999-114004\" itemprop=\"thumbnail\"><\/a><\/div>\n\t\t\t\t\t\t<span id=\"figcaption-113999-114004\" class=\"gallery-caption\" itemprop=\"caption\"><span aria-hidden=\"true\">\u00a9SalzburgerLand Tourismus \u2013 Peter Zeitlhofer \u2013 Vom Almsee aus hat man einen herrlichen Blick auf den Dachstein, die Bischofsm\u00fctze und den Gosaukamm<\/span><\/span>\n\t\t\t\t\t<\/li>\n\t\t\t\t\t<li class=\"gallery-item col-3\" itemprop=\"associatedMedia\" itemscope itemtype=\"http:\/\/schema.org\/ImageObject\">\n\t\t\t\t\t\t<div class=\"gallery-icon landscape\"><a href=\"https:\/\/www.salzburgerland.com\/de\/wp-content\/uploads\/2017\/02\/meeraeuglquelle00006-1920x1067.jpg\" title=\"Meer\u00e4uglquelle00006\"><img decoding=\"async\" data-title=\"\u00a9SalzburgerLand Tourismus - Peter Zeitlhofer - Rund um den Almsee findet man weitere Kraftorte\" title=\"\u00a9SalzburgerLand Tourismus - Peter Zeitlhofer - Rund um den Almsee findet man weitere Kraftorte\" data-caption=\"\u00a9SalzburgerLand Tourismus - Peter Zeitlhofer - Rund um den Almsee findet man weitere Kraftorte\" width=\"1024\" height=\"569\" src=\"https:\/\/www.salzburgerland.com\/de\/wp-content\/uploads\/2017\/02\/meeraeuglquelle00006-1024x569.jpg\" class=\"attachment-medium size-medium\" alt=\"Ein klarer Bach an der Meer\u00e4uglquelle spiegelt B\u00e4ume und Himmel in einem sonnenbeschienenen Wald mit Felsen und Gr\u00fcnzeug. (vergr\u00f6\u00dferte Ansicht)\" srcset=\"https:\/\/www.salzburgerland.com\/de\/wp-content\/uploads\/2017\/02\/meeraeuglquelle00006-1024x569.jpg 1024w, https:\/\/www.salzburgerland.com\/de\/wp-content\/uploads\/2017\/02\/meeraeuglquelle00006-370x206.jpg 370w, https:\/\/www.salzburgerland.com\/de\/wp-content\/uploads\/2017\/02\/meeraeuglquelle00006-1920x1067.jpg 1920w, https:\/\/www.salzburgerland.com\/de\/wp-content\/uploads\/2017\/02\/meeraeuglquelle00006-270x150.jpg 270w\" sizes=\"(max-width: 1024px) 100vw, 1024px\" aria-describedby=\"figcaption-113999-114003\" itemprop=\"thumbnail\"><\/a><\/div>\n\t\t\t\t\t\t<span id=\"figcaption-113999-114003\" class=\"gallery-caption\" itemprop=\"caption\"><span aria-hidden=\"true\">\u00a9SalzburgerLand Tourismus \u2013 Peter Zeitlhofer \u2013 Rund um den Almsee findet man weitere Kraftorte<\/span><\/span>\n\t\t\t\t\t<\/li>\n\t\t\t\t\t<li class=\"gallery-item col-3\" itemprop=\"associatedMedia\" itemscope itemtype=\"http:\/\/schema.org\/ImageObject\">\n\t\t\t\t\t\t<div class=\"gallery-icon landscape\"><a href=\"https:\/\/www.salzburgerland.com\/de\/wp-content\/uploads\/2017\/02\/meeraeuglquelle00002-1920x1067.jpg\" title=\"Meer\u00e4uglquelle00002\"><img decoding=\"async\" data-title=\"\u00a9SalzburgerLand Tourismus - Peter Zeitlhofer - Kann man sich hiervon jemals sattsehen?\" title=\"\u00a9SalzburgerLand Tourismus - Peter Zeitlhofer - Kann man sich hiervon jemals sattsehen?\" data-caption=\"\u00a9SalzburgerLand Tourismus - Peter Zeitlhofer - Kann man sich hiervon jemals sattsehen?\" width=\"1024\" height=\"569\" src=\"https:\/\/www.salzburgerland.com\/de\/wp-content\/uploads\/2017\/02\/meeraeuglquelle00002-1024x569.jpg\" class=\"attachment-medium size-medium\" alt=\"Schneebedeckte Berge und Kiefern umrahmen die ruhige Sch\u00f6nheit der Meer\u00e4uglquelle unter einem klaren blauen Himmel. (vergr\u00f6\u00dferte Ansicht)\" srcset=\"https:\/\/www.salzburgerland.com\/de\/wp-content\/uploads\/2017\/02\/meeraeuglquelle00002-1024x569.jpg 1024w, https:\/\/www.salzburgerland.com\/de\/wp-content\/uploads\/2017\/02\/meeraeuglquelle00002-370x206.jpg 370w, https:\/\/www.salzburgerland.com\/de\/wp-content\/uploads\/2017\/02\/meeraeuglquelle00002-1920x1067.jpg 1920w, https:\/\/www.salzburgerland.com\/de\/wp-content\/uploads\/2017\/02\/meeraeuglquelle00002-270x150.jpg 270w\" sizes=\"(max-width: 1024px) 100vw, 1024px\" aria-describedby=\"figcaption-113999-114001\" itemprop=\"thumbnail\"><\/a><\/div>\n\t\t\t\t\t\t<span id=\"figcaption-113999-114001\" class=\"gallery-caption\" itemprop=\"caption\"><span aria-hidden=\"true\">\u00a9SalzburgerLand Tourismus \u2013 Peter Zeitlhofer \u2013 Kann man sich hiervon jemals sattsehen?<\/span><\/span>\n\t\t\t\t\t<\/li>\n\t\t\t\t<\/ul>\n\t\t\t<\/div><!-- .gallery -->\n\n<p>Nach der Runde um den See wandere ich noch zur Unterhofalm, genie\u00dfe Kaffee und Kuchen und marschiere dann gem\u00fctlich hinunter und zur\u00fcck nach Filzmoos. Lange wird es sicher nicht dauern, bis ich wieder zur\u00fcckkomme, um die anderen Kraftpl\u00e4tze zu entdecken. Doch das ist eine andere Geschichte\u2026<\/p>\n","protected":false},"excerpt":{"rendered":"<p>Was f\u00fcr ein malerischer, imposanter Ort dieses Filzmoos in der Salzburger Sportwelt doch ist! Schmucke H\u00e4user reihen sich aneinander, die Mandling flie\u00dft rauschend der Salzach entgegen und die markante Bischofsm\u00fctze strahlt mit dem ebenso eindrucksvollen Gosaukamm in der Morgensonne um die Wette. Leicht f\u00e4llt es mir nicht, mich von diesem Blick loszurei\u00dfen, aber schlie\u00dflich will [&hellip;]<\/p>\n","protected":false},"author":17,"featured_media":114002,"comment_status":"closed","ping_status":"closed","sticky":false,"template":"","format":"standard","meta":{"_acf_changed":false,"wl_entities_gutenberg":"","_relevanssi_hide_post":"","_relevanssi_hide_content":"","_relevanssi_pin_for_all":"","_relevanssi_pin_keywords":"","_relevanssi_unpin_keywords":"","_relevanssi_related_keywords":"","_relevanssi_related_include_ids":"","_relevanssi_related_exclude_ids":"","_relevanssi_related_no_append":"","_relevanssi_related_not_related":"","_relevanssi_related_posts":"","_relevanssi_noindex_reason":"","footnotes":""},"categories":[1],"tags":[],"wl_entity_type":[11495],"class_list":["post-113999","post","type-post","status-publish","format-standard","has-post-thumbnail","hentry","category-allgemein","wl_entity_type-article"],"acf":[],"yoast_head":"<!-- This site is optimized with the Yoast SEO Premium plugin v26.9 (Yoast SEO v26.9) - https:\/\/yoast.com\/product\/yoast-seo-premium-wordpress\/ -->\n<title>Die Kraft der Meer\u00e4uglquelle \u00bb SalzburgerLand.com<\/title>\n<meta name=\"description\" content=\"Die Meer\u00e4uglquelle bei den Hofalmen in Filzmoos als Kraftplatz und beliebtes Wanderziel.\" \/>\n<meta name=\"robots\" content=\"index, follow, max-snippet:-1, max-image-preview:large, max-video-preview:-1\" \/>\n<link rel=\"canonical\" href=\"https:\/\/www.salzburgerland.com\/de\/wp-json\/wp\/v2\/posts\/113999\" \/>\n<meta property=\"og:locale\" content=\"de_DE\" \/>\n<meta property=\"og:type\" content=\"article\" \/>\n<meta property=\"og:title\" content=\"Die Kraft der Meer\u00e4uglquelle\" \/>\n<meta property=\"og:description\" content=\"Die Meer\u00e4uglquelle bei den Hofalmen in Filzmoos als Kraftplatz und beliebtes Wanderziel.\" \/>\n<meta property=\"og:url\" content=\"https:\/\/www.salzburgerland.com\/de\/wp-json\/wp\/v2\/posts\/113999\" \/>\n<meta property=\"og:site_name\" content=\"SalzburgerLand.com\" \/>\n<meta property=\"article:publisher\" content=\"https:\/\/www.facebook.com\/salzburgerland\/\" \/>\n<meta property=\"article:published_time\" content=\"2017-02-21T10:11:52+00:00\" \/>\n<meta property=\"article:modified_time\" content=\"2020-11-16T15:07:19+00:00\" \/>\n<meta property=\"og:image\" content=\"https:\/\/www.salzburgerland.com\/de\/wp-content\/uploads\/2017\/02\/meeraeuglquelle00003-1200x675.jpg\" \/>\n\t<meta property=\"og:image:width\" content=\"1200\" \/>\n\t<meta property=\"og:image:height\" content=\"675\" \/>\n\t<meta property=\"og:image:type\" content=\"image\/jpeg\" \/>\n<meta name=\"author\" content=\"Ulli Hammerl\" \/>\n<meta name=\"twitter:card\" content=\"summary_large_image\" \/>\n<meta name=\"twitter:creator\" content=\"@Salzburgerland\" \/>\n<meta name=\"twitter:site\" content=\"@Salzburgerland\" \/>\n<meta name=\"twitter:label1\" content=\"Verfasst von\" \/>\n\t<meta name=\"twitter:data1\" content=\"Ulli Hammerl\" \/>\n\t<meta name=\"twitter:label2\" content=\"Gesch\u00e4tzte Lesezeit\" \/>\n\t<meta name=\"twitter:data2\" content=\"4\u00a0Minuten\" \/>\n<script type=\"application\/ld+json\" class=\"yoast-schema-graph\">{\"@context\":\"https:\/\/schema.org\",\"@graph\":[{\"@type\":\"WebPage\",\"@id\":\"https:\/\/www.salzburgerland.com\/de\/die-kraft-der-meeraeuglquelle\/\",\"url\":\"https:\/\/www.salzburgerland.com\/de\/die-kraft-der-meeraeuglquelle\/\",\"name\":\"Die Kraft der Meer\u00e4uglquelle \u00bb SalzburgerLand.com\",\"isPartOf\":{\"@id\":\"https:\/\/www.salzburgerland.com\/de\/#website\"},\"primaryImageOfPage\":{\"@id\":\"https:\/\/www.salzburgerland.com\/de\/die-kraft-der-meeraeuglquelle\/#primaryimage\"},\"image\":{\"@id\":\"https:\/\/www.salzburgerland.com\/de\/die-kraft-der-meeraeuglquelle\/#primaryimage\"},\"thumbnailUrl\":\"https:\/\/www.salzburgerland.com\/de\/wp-content\/uploads\/2017\/02\/meeraeuglquelle00003.jpg\",\"datePublished\":\"2017-02-21T10:11:52+00:00\",\"dateModified\":\"2020-11-16T15:07:19+00:00\",\"description\":\"Die Meer\u00e4uglquelle bei den Hofalmen in Filzmoos als Kraftplatz und beliebtes Wanderziel.\",\"breadcrumb\":{\"@id\":\"https:\/\/www.salzburgerland.com\/de\/die-kraft-der-meeraeuglquelle\/#breadcrumb\"},\"inLanguage\":\"de\",\"potentialAction\":[{\"@type\":\"ReadAction\",\"target\":[\"https:\/\/www.salzburgerland.com\/de\/die-kraft-der-meeraeuglquelle\/\"]}]},{\"@type\":\"ImageObject\",\"inLanguage\":\"de\",\"@id\":\"https:\/\/www.salzburgerland.com\/de\/die-kraft-der-meeraeuglquelle\/#primaryimage\",\"url\":\"https:\/\/www.salzburgerland.com\/de\/wp-content\/uploads\/2017\/02\/meeraeuglquelle00003.jpg\",\"contentUrl\":\"https:\/\/www.salzburgerland.com\/de\/wp-content\/uploads\/2017\/02\/meeraeuglquelle00003.jpg\",\"width\":1920,\"height\":1440,\"caption\":\"An der Meer\u00e4uglquelle flie\u00dft das Wasser aus einem rustikalen Holzauslauf, mit Bergen und B\u00e4umen unter einem klaren blauen Himmel.\"},{\"@type\":\"BreadcrumbList\",\"@id\":\"https:\/\/www.salzburgerland.com\/de\/die-kraft-der-meeraeuglquelle\/#breadcrumb\",\"itemListElement\":[{\"@type\":\"ListItem\",\"position\":1,\"name\":\"Still oder Prickelnd\",\"item\":\"https:\/\/www.salzburgerland.com\/de\/stilloderprickelnd\/\"},{\"@type\":\"ListItem\",\"position\":2,\"name\":\"Die Kraft der Meer\u00e4uglquelle\"}]},{\"@type\":\"WebSite\",\"@id\":\"https:\/\/www.salzburgerland.com\/de\/#website\",\"url\":\"https:\/\/www.salzburgerland.com\/de\/\",\"name\":\"SalzburgerLand.com\",\"description\":\"Ihr Urlaub in Salzburg, \u00d6sterreich\",\"publisher\":{\"@id\":\"https:\/\/www.salzburgerland.com\/de\/#organization\"},\"potentialAction\":[{\"@type\":\"SearchAction\",\"target\":{\"@type\":\"EntryPoint\",\"urlTemplate\":\"https:\/\/www.salzburgerland.com\/de\/?s={search_term_string}\"},\"query-input\":{\"@type\":\"PropertyValueSpecification\",\"valueRequired\":true,\"valueName\":\"search_term_string\"}}],\"inLanguage\":\"de\"},{\"@type\":\"Organization\",\"@id\":\"https:\/\/www.salzburgerland.com\/de\/#organization\",\"name\":\"SalzburgerLand Tourismus GmbH\",\"url\":\"https:\/\/www.salzburgerland.com\/de\/\",\"logo\":{\"@type\":\"ImageObject\",\"inLanguage\":\"de\",\"@id\":\"https:\/\/www.salzburgerland.com\/de\/#\/schema\/logo\/image\/\",\"url\":\"https:\/\/www.salzburgerland.com\/de\/wp-content\/uploads\/2017\/01\/salzburgerland-logo.jpg\",\"contentUrl\":\"https:\/\/www.salzburgerland.com\/de\/wp-content\/uploads\/2017\/01\/salzburgerland-logo.jpg\",\"width\":1920,\"height\":827,\"caption\":\"SalzburgerLand Tourismus GmbH\"},\"image\":{\"@id\":\"https:\/\/www.salzburgerland.com\/de\/#\/schema\/logo\/image\/\"},\"sameAs\":[\"https:\/\/www.facebook.com\/salzburgerland\/\",\"https:\/\/x.com\/Salzburgerland\",\"https:\/\/www.instagram.com\/salzburgerland\/\",\"http:\/\/dbpedia.org\/resource\/Salzburg_(state)\",\"http:\/\/wikidata.dbpedia.org\/resource\/Q43325\",\"http:\/\/open.salzburgerland.com\/de\/entity\/salzburgerland\",\"https:\/\/www.youtube.com\/user\/salzburgerland\"]},{\"@type\":\"Person\",\"@id\":\"https:\/\/www.salzburgerland.com\/de\/#\/schema\/person\/43ce9aa621bd7728940e04ed11ce9b6e\",\"name\":\"Ulli Hammerl\",\"image\":{\"@type\":\"ImageObject\",\"inLanguage\":\"de\",\"@id\":\"https:\/\/www.salzburgerland.com\/de\/#\/schema\/person\/image\/\",\"url\":\"https:\/\/secure.gravatar.com\/avatar\/35c80e0404a213597afdb17e84ea42a986fe814f3f881bb75d00261a3ff7aefd?s=96&d=mm&r=g\",\"contentUrl\":\"https:\/\/secure.gravatar.com\/avatar\/35c80e0404a213597afdb17e84ea42a986fe814f3f881bb75d00261a3ff7aefd?s=96&d=mm&r=g\",\"caption\":\"Ulli Hammerl\"}}]}<\/script>\n<!-- \/ Yoast SEO Premium plugin. -->","yoast_head_json":{"title":"Die Kraft der Meer\u00e4uglquelle \u00bb SalzburgerLand.com","description":"Die Meer\u00e4uglquelle bei den Hofalmen in Filzmoos als Kraftplatz und beliebtes Wanderziel.","robots":{"index":"index","follow":"follow","max-snippet":"max-snippet:-1","max-image-preview":"max-image-preview:large","max-video-preview":"max-video-preview:-1"},"canonical":"https:\/\/www.salzburgerland.com\/de\/wp-json\/wp\/v2\/posts\/113999","og_locale":"de_DE","og_type":"article","og_title":"Die Kraft der Meer\u00e4uglquelle","og_description":"Die Meer\u00e4uglquelle bei den Hofalmen in Filzmoos als Kraftplatz und beliebtes Wanderziel.","og_url":"https:\/\/www.salzburgerland.com\/de\/wp-json\/wp\/v2\/posts\/113999","og_site_name":"SalzburgerLand.com","article_publisher":"https:\/\/www.facebook.com\/salzburgerland\/","article_published_time":"2017-02-21T10:11:52+00:00","article_modified_time":"2020-11-16T15:07:19+00:00","og_image":[{"width":1200,"height":675,"url":"https:\/\/www.salzburgerland.com\/de\/wp-content\/uploads\/2017\/02\/meeraeuglquelle00003-1200x675.jpg","type":"image\/jpeg"}],"author":"Ulli Hammerl","twitter_card":"summary_large_image","twitter_creator":"@Salzburgerland","twitter_site":"@Salzburgerland","twitter_misc":{"Verfasst von":"Ulli Hammerl","Gesch\u00e4tzte Lesezeit":"4\u00a0Minuten"},"schema":{"@context":"https:\/\/schema.org","@graph":[{"@type":"WebPage","@id":"https:\/\/www.salzburgerland.com\/de\/die-kraft-der-meeraeuglquelle\/","url":"https:\/\/www.salzburgerland.com\/de\/die-kraft-der-meeraeuglquelle\/","name":"Die Kraft der Meer\u00e4uglquelle \u00bb SalzburgerLand.com","isPartOf":{"@id":"https:\/\/www.salzburgerland.com\/de\/#website"},"primaryImageOfPage":{"@id":"https:\/\/www.salzburgerland.com\/de\/die-kraft-der-meeraeuglquelle\/#primaryimage"},"image":{"@id":"https:\/\/www.salzburgerland.com\/de\/die-kraft-der-meeraeuglquelle\/#primaryimage"},"thumbnailUrl":"https:\/\/www.salzburgerland.com\/de\/wp-content\/uploads\/2017\/02\/meeraeuglquelle00003.jpg","datePublished":"2017-02-21T10:11:52+00:00","dateModified":"2020-11-16T15:07:19+00:00","description":"Die Meer\u00e4uglquelle bei den Hofalmen in Filzmoos als Kraftplatz und beliebtes Wanderziel.","breadcrumb":{"@id":"https:\/\/www.salzburgerland.com\/de\/die-kraft-der-meeraeuglquelle\/#breadcrumb"},"inLanguage":"de","potentialAction":[{"@type":"ReadAction","target":["https:\/\/www.salzburgerland.com\/de\/die-kraft-der-meeraeuglquelle\/"]}]},{"@type":"ImageObject","inLanguage":"de","@id":"https:\/\/www.salzburgerland.com\/de\/die-kraft-der-meeraeuglquelle\/#primaryimage","url":"https:\/\/www.salzburgerland.com\/de\/wp-content\/uploads\/2017\/02\/meeraeuglquelle00003.jpg","contentUrl":"https:\/\/www.salzburgerland.com\/de\/wp-content\/uploads\/2017\/02\/meeraeuglquelle00003.jpg","width":1920,"height":1440,"caption":"An der Meer\u00e4uglquelle flie\u00dft das Wasser aus einem rustikalen Holzauslauf, mit Bergen und B\u00e4umen unter einem klaren blauen Himmel."},{"@type":"BreadcrumbList","@id":"https:\/\/www.salzburgerland.com\/de\/die-kraft-der-meeraeuglquelle\/#breadcrumb","itemListElement":[{"@type":"ListItem","position":1,"name":"Still oder Prickelnd","item":"https:\/\/www.salzburgerland.com\/de\/stilloderprickelnd\/"},{"@type":"ListItem","position":2,"name":"Die Kraft der Meer\u00e4uglquelle"}]},{"@type":"WebSite","@id":"https:\/\/www.salzburgerland.com\/de\/#website","url":"https:\/\/www.salzburgerland.com\/de\/","name":"SalzburgerLand.com","description":"Ihr Urlaub in Salzburg, \u00d6sterreich","publisher":{"@id":"https:\/\/www.salzburgerland.com\/de\/#organization"},"potentialAction":[{"@type":"SearchAction","target":{"@type":"EntryPoint","urlTemplate":"https:\/\/www.salzburgerland.com\/de\/?s={search_term_string}"},"query-input":{"@type":"PropertyValueSpecification","valueRequired":true,"valueName":"search_term_string"}}],"inLanguage":"de"},{"@type":"Organization","@id":"https:\/\/www.salzburgerland.com\/de\/#organization","name":"SalzburgerLand Tourismus GmbH","url":"https:\/\/www.salzburgerland.com\/de\/","logo":{"@type":"ImageObject","inLanguage":"de","@id":"https:\/\/www.salzburgerland.com\/de\/#\/schema\/logo\/image\/","url":"https:\/\/www.salzburgerland.com\/de\/wp-content\/uploads\/2017\/01\/salzburgerland-logo.jpg","contentUrl":"https:\/\/www.salzburgerland.com\/de\/wp-content\/uploads\/2017\/01\/salzburgerland-logo.jpg","width":1920,"height":827,"caption":"SalzburgerLand Tourismus GmbH"},"image":{"@id":"https:\/\/www.salzburgerland.com\/de\/#\/schema\/logo\/image\/"},"sameAs":["https:\/\/www.facebook.com\/salzburgerland\/","https:\/\/x.com\/Salzburgerland","https:\/\/www.instagram.com\/salzburgerland\/","http:\/\/dbpedia.org\/resource\/Salzburg_(state)","http:\/\/wikidata.dbpedia.org\/resource\/Q43325","http:\/\/open.salzburgerland.com\/de\/entity\/salzburgerland","https:\/\/www.youtube.com\/user\/salzburgerland"]},{"@type":"Person","@id":"https:\/\/www.salzburgerland.com\/de\/#\/schema\/person\/43ce9aa621bd7728940e04ed11ce9b6e","name":"Ulli Hammerl","image":{"@type":"ImageObject","inLanguage":"de","@id":"https:\/\/www.salzburgerland.com\/de\/#\/schema\/person\/image\/","url":"https:\/\/secure.gravatar.com\/avatar\/35c80e0404a213597afdb17e84ea42a986fe814f3f881bb75d00261a3ff7aefd?s=96&d=mm&r=g","contentUrl":"https:\/\/secure.gravatar.com\/avatar\/35c80e0404a213597afdb17e84ea42a986fe814f3f881bb75d00261a3ff7aefd?s=96&d=mm&r=g","caption":"Ulli Hammerl"}}]}},"_wl_alt_label":[],"wl:entity_url":"http:\/\/open.salzburgerland.com\/de\/post\/die_kraft_der_meeraeuglquelle","_links":{"self":[{"href":"https:\/\/www.salzburgerland.com\/de\/wp-json\/wp\/v2\/posts\/113999","targetHints":{"allow":["GET"]}}],"collection":[{"href":"https:\/\/www.salzburgerland.com\/de\/wp-json\/wp\/v2\/posts"}],"about":[{"href":"https:\/\/www.salzburgerland.com\/de\/wp-json\/wp\/v2\/types\/post"}],"author":[{"embeddable":true,"href":"https:\/\/www.salzburgerland.com\/de\/wp-json\/wp\/v2\/users\/17"}],"replies":[{"embeddable":true,"href":"https:\/\/www.salzburgerland.com\/de\/wp-json\/wp\/v2\/comments?post=113999"}],"version-history":[{"count":0,"href":"https:\/\/www.salzburgerland.com\/de\/wp-json\/wp\/v2\/posts\/113999\/revisions"}],"wp:featuredmedia":[{"embeddable":true,"href":"https:\/\/www.salzburgerland.com\/de\/wp-json\/wp\/v2\/media\/114002"}],"wp:attachment":[{"href":"https:\/\/www.salzburgerland.com\/de\/wp-json\/wp\/v2\/media?parent=113999"}],"wp:term":[{"taxonomy":"category","embeddable":true,"href":"https:\/\/www.salzburgerland.com\/de\/wp-json\/wp\/v2\/categories?post=113999"},{"taxonomy":"post_tag","embeddable":true,"href":"https:\/\/www.salzburgerland.com\/de\/wp-json\/wp\/v2\/tags?post=113999"},{"taxonomy":"wl_entity_type","embeddable":true,"href":"https:\/\/www.salzburgerland.com\/de\/wp-json\/wp\/v2\/wl_entity_type?post=113999"}],"curies":[{"name":"wp","href":"https:\/\/api.w.org\/{rel}","templated":true}]}}