{"id":113813,"date":"2017-02-21T10:58:15","date_gmt":"2017-02-21T09:58:15","guid":{"rendered":"https:\/\/www.salzburgerland.com\/de\/?p=113813"},"modified":"2025-03-28T09:58:05","modified_gmt":"2025-03-28T08:58:05","slug":"ein-schatz-aus-den-tiefen-der-berge","status":"publish","type":"post","link":"https:\/\/www.salzburgerland.com\/de\/ein-schatz-aus-den-tiefen-der-berge\/","title":{"rendered":"Gasteiner Thermalwasser"},"content":{"rendered":"<p>Auszeit. Was f\u00fcr ein befl\u00fcgelndes Wort. Vor allem, wenn man liebt, was man macht, daf\u00fcr brennt, oft auch alles gibt. Im Job, f\u00fcr die Familie, manchmal auch beim Sport. Und genau dann braucht man sie immer wieder einmal \u2013 die Auszeit. Von Alltag, Stress, der sich langsam einschleichenden Routine. Um die Akkus wieder aufzuladen, den Kopf frei zu bekommen und auch, um den Blickwinkel auf die Dinge zu ver\u00e4ndern, um so der Kreativit\u00e4t wieder Fl\u00fcgel zu verleihen. Und so sitze ich gem\u00fctlich im Zug, sehe die immer h\u00f6her werdenden Berge des SalzburgerLandes an mir vor\u00fcberziehen und freue mich auf meine Auszeit \u00fcbers Wochenende.<\/p>\n<p>Mein Ziel diesmal ist das Gasteinertal. Hier war ich schon oft, komme immer wieder gerne zur\u00fcck. Ich mag die Echtheit der Menschen, den Kontrast zwischen den gr\u00fcnen Wiesen und W\u00e4ldern und den grauen Gipfeln der majest\u00e4tisch \u00fcber dem Tal thronenden Berge. Und vor allem liebe ich das Wasser hier. Nicht nur in den Thermen, f\u00fcr deren heilende Kraft Gastein weltbekannt ist. Wasser findet man hier \u00fcberall. Als tosender Wasserfall, der einer Lebensader gleich durch Bad Gastein st\u00fcrzt, als Fluss in Form der Gasteiner Ache, die alle Orte hier im Tal verbindet, oder auch als sprudelnde Quelle, die man in den Bergen immer wieder einmal findet und die sportliche Wanderer von ihrem Durst erl\u00f6st. Es gibt auch nichts Entspannenderes f\u00fcr mich, als einmal die Schuhe auszuziehen, durch einen eiskalten Bach zu waten und die K\u00fchle des alpinen Nasses auch die letzten Lebensgeister in meinem K\u00f6rper aufwecken zu sp\u00fcren.<\/p>\n<div id=\"attachment_113815\" style=\"width: 1180px\" class=\"wp-caption alignnone\"><img decoding=\"async\" aria-describedby=\"caption-attachment-113815\" class=\"wp-image-113815 size-1170_658\" src=\"https:\/\/cdn.salzburgerland.com\/de\/wp-content\/uploads\/2017\/02\/thermalwasser00002-1170x658.jpg\" alt=\"\" width=\"1170\" height=\"658\"><p id=\"caption-attachment-113815\" class=\"wp-caption-text\">\u00a9 SalzburgerLand Tourismus, Peter Zeitlhofer \u2013 Blick auf die Kirche von Bad Gastein<\/p><\/div>\n<h2>Alpen- und Felsentherme \u2013 zwei Wellnessoasen f\u00fcrs Wohlbefinden<\/h2>\n<p>Das sanfte Bremsen des Zuges holt mich langsam wieder zur\u00fcck in die Realit\u00e4t. Ein Blick hinaus best\u00e4tigt meinen ersten Gedanken: wir verlassen gerade das Salzachtal und biegen ab ins Gasteinertal. Jetzt ist es nicht mehr weit und ich sp\u00fcre die Vorfreude in mir aufsteigen. Aus den Augenwinkeln sehe ich noch eine Plakatwand an der Stra\u00dfe stehen, die auf die Thermen hier im Tal hinweist. Beide, sowohl die Alpentherme in Bad Hofgastein als auch die Felsentherme in Bad Gastein, sind einzigartig, und ich habe schon viele wunderbare Stunden in ihnen verlebt.<\/p>\n<p>Die <a href=\"https:\/\/www.salzburgerland.com\/de\/alpentherme\/\" target=\"_blank\" rel=\"noopener\"><strong>Alpentherme<\/strong><\/a> geh\u00f6rt wohl zu den modernsten ihrer Art in ganz Europa und l\u00e4sst f\u00fcr ihre G\u00e4ste kaum einen Wunsch unerf\u00fcllt. Sowohl Kurg\u00e4ste als auch Entspannungssuchende und Familien kommen hier voll und ganz auf ihre Kosten. Hierf\u00fcr sorgen auf gut und gern 30.000 m\u00b2 sechs Erlebnis- und Gesundheitswelten mit einzigartigem 360\u00b0 Alpenpanorama, tollen Wasserrutschen, Geysire, Ruhe- und Wellnessoasen, die gl\u00e4serne ICE CUBE Cocktailbar &amp; Lounge, sowie eine Saunawelt, die nicht nur alles an Saunen bietet, was das Herz begehrt, sondern auch mit einem eigenen Bergsee zu begeistern wei\u00df. Mein Highlight ist der 2024 neu gestaltete Alpe Adria Dom. Hier wurde ein Paradies f\u00fcr Kinder und Familien mit Montequarium, einem \u201eswim-in\u201c Meerwasser-Aquarium, einer familienfreundlichen Textil-Bergwald Sauna und dem Gipfelrast, einem Familien-Ruheraum, geschaffen. Im Wasser liegen und dabei viele verschiedene Meeresbewohner bestaunen? Das gibt es sicherlich nur hier! Weltweit einzigartig werden auch die beiden Thermalwasser Badeseen, in denen man seit Juli 2017 im Sommer herrliche B\u00e4der nehmen kann. T\u00e4glich sprudeln 150 m\u00b3 frisches Thermalwasser in die 1.300 bzw. 370 m\u00b2 gro\u00dfen Seen und machen die Kraft der Natur, die Reinheit des Wassers und dessen pure Energie auf angenehmste Weise sp\u00fcrbar.<\/p>\n\n\t\t\t<div id=\"113813-1\" class=\"gallery gallery-113813 gallery-columns-3 gallery-size-1170_658\" itemscope itemtype=\"http:\/\/schema.org\/ImageGallery\">\n\t\t\t\t<ul class=\"gallery-row gallery-col-3 gallery-clear\">\n\t\t\t\t\t<li class=\"gallery-item col-3\" itemprop=\"associatedMedia\" itemscope itemtype=\"http:\/\/schema.org\/ImageObject\">\n\t\t\t\t\t\t<div class=\"gallery-icon landscape\"><a href=\"https:\/\/www.salzburgerland.com\/de\/wp-content\/uploads\/2016\/10\/alpenthermegastein_smaragdsee_blick_alpentherme_wolkersdorfer-1598x1067.jpg\" title=\"AlpenthermeGastein_SmaragdSee_Blick_Alpentherme_Wolkersdorfer\"><img decoding=\"async\" data-title=\"\u00a9 Alpentherme Gastein, Foto Atelier Wolkersdorfer, Gerhard Wolkersdorfer\" title=\"\u00a9 Alpentherme Gastein, Foto Atelier Wolkersdorfer, Gerhard Wolkersdorfer\" data-caption=\"\u00a9 Alpentherme Gastein, Foto Atelier Wolkersdorfer, Gerhard Wolkersdorfer\" width=\"1170\" height=\"658\" src=\"https:\/\/www.salzburgerland.com\/de\/wp-content\/uploads\/2016\/10\/alpenthermegastein_smaragdsee_blick_alpentherme_wolkersdorfer-1170x658.jpg\" class=\"attachment-1170_658 size-1170_658\" alt=\"Die Alpentherme Gastein, ein modernes Resort mit Pools und Liegest\u00fchlen, liegt inmitten von gr\u00fcnen H\u00fcgeln und Bergen in der Abendd\u00e4mmerung. (vergr\u00f6\u00dferte Ansicht)\" srcset=\"https:\/\/www.salzburgerland.com\/de\/wp-content\/uploads\/2016\/10\/alpenthermegastein_smaragdsee_blick_alpentherme_wolkersdorfer-1170x658.jpg 1170w, https:\/\/www.salzburgerland.com\/de\/wp-content\/uploads\/2016\/10\/alpenthermegastein_smaragdsee_blick_alpentherme_wolkersdorfer-1200x675.jpg 1200w\" sizes=\"(max-width: 1170px) 100vw, 1170px\" aria-describedby=\"figcaption-113813-676935\" itemprop=\"thumbnail\"><\/a><\/div>\n\t\t\t\t\t\t<span id=\"figcaption-113813-676935\" class=\"gallery-caption\" itemprop=\"caption\"><span aria-hidden=\"true\">\u00a9 Alpentherme Gastein, Foto Atelier Wolkersdorfer, Gerhard Wolkersdorfer<\/span><\/span>\n\t\t\t\t\t<\/li>\n\t\t\t\t\t<li class=\"gallery-item col-3\" itemprop=\"associatedMedia\" itemscope itemtype=\"http:\/\/schema.org\/ImageObject\">\n\t\t\t\t\t\t<div class=\"gallery-icon landscape\"><a href=\"https:\/\/www.salzburgerland.com\/de\/wp-content\/uploads\/2016\/10\/alpentherme-aquarium-c-alpentherme-marktl-photography-22-1601x1067.jpg\" title=\"Alpentherme Aquarium (C) Alpentherme, Marktl Photography--22\"><img decoding=\"async\" data-title=\"\u00a9 Alpentherme Gastein, Manuel Marktl - Das neue Montequarium\" title=\"\u00a9 Alpentherme Gastein, Manuel Marktl - Das neue Montequarium\" data-caption=\"\u00a9 Alpentherme Gastein, Manuel Marktl - Das neue Montequarium\" width=\"1170\" height=\"658\" src=\"https:\/\/www.salzburgerland.com\/de\/wp-content\/uploads\/2016\/10\/alpentherme-aquarium-c-alpentherme-marktl-photography-22-1170x658.jpg\" class=\"attachment-1170_658 size-1170_658\" alt=\"Familie in bergthematisierter Wasserbereich mit Panoramaaquarien in Alpentherme Gastein (vergr\u00f6\u00dferte Ansicht)\" srcset=\"https:\/\/www.salzburgerland.com\/de\/wp-content\/uploads\/2016\/10\/alpentherme-aquarium-c-alpentherme-marktl-photography-22-1170x658.jpg 1170w, https:\/\/www.salzburgerland.com\/de\/wp-content\/uploads\/2016\/10\/alpentherme-aquarium-c-alpentherme-marktl-photography-22-1200x675.jpg 1200w\" sizes=\"(max-width: 1170px) 100vw, 1170px\" aria-describedby=\"figcaption-113813-676936\" itemprop=\"thumbnail\"><\/a><\/div>\n\t\t\t\t\t\t<span id=\"figcaption-113813-676936\" class=\"gallery-caption\" itemprop=\"caption\"><span aria-hidden=\"true\">\u00a9 Alpentherme Gastein, Manuel Marktl \u2013 Das neue Montequarium<\/span><\/span>\n\t\t\t\t\t<\/li>\n\t\t\t\t\t<li class=\"gallery-item col-3\" itemprop=\"associatedMedia\" itemscope itemtype=\"http:\/\/schema.org\/ImageObject\">\n\t\t\t\t\t\t<div class=\"gallery-icon landscape\"><a href=\"https:\/\/www.salzburgerland.com\/de\/wp-content\/uploads\/2016\/10\/kristall-sauna-alpentherme-gastein-1920x1067.jpg\" title=\"Thermensee Bad Hofgastein Alpentherme\"><img decoding=\"async\" data-title=\"\u00a9 Alpentherme Gastein - Atemberaubende Aussicht aus der Kristall Sauna\" title=\"\u00a9 Alpentherme Gastein - Atemberaubende Aussicht aus der Kristall Sauna\" data-caption=\"\u00a9 Alpentherme Gastein - Atemberaubende Aussicht aus der Kristall Sauna\" width=\"1170\" height=\"658\" src=\"https:\/\/www.salzburgerland.com\/de\/wp-content\/uploads\/2016\/10\/kristall-sauna-alpentherme-gastein-1170x658.jpg\" class=\"attachment-1170_658 size-1170_658\" alt=\"Holzsauna in der Alpentherme Gastein mit gro\u00dfem Glasfenster mit Blick auf Garten, Teich und Berge unter blauem Himmel. (vergr\u00f6\u00dferte Ansicht)\" srcset=\"https:\/\/www.salzburgerland.com\/de\/wp-content\/uploads\/2016\/10\/kristall-sauna-alpentherme-gastein-1170x658.jpg 1170w, https:\/\/www.salzburgerland.com\/de\/wp-content\/uploads\/2016\/10\/kristall-sauna-alpentherme-gastein-1200x675.jpg 1200w\" sizes=\"(max-width: 1170px) 100vw, 1170px\" aria-describedby=\"figcaption-113813-265507\" itemprop=\"thumbnail\"><\/a><\/div>\n\t\t\t\t\t\t<span id=\"figcaption-113813-265507\" class=\"gallery-caption\" itemprop=\"caption\"><span aria-hidden=\"true\">\u00a9 Alpentherme Gastein \u2013 Atemberaubende Aussicht aus der Kristall Sauna<\/span><\/span>\n\t\t\t\t\t<\/li>\n\t\t\t\t<\/ul>\n\t\t\t<\/div><!-- .gallery -->\n\n<p>Die <a href=\"https:\/\/www.salzburgerland.com\/de\/felsentherme\/\" target=\"_blank\" rel=\"noopener\"><strong>Felsentherme<\/strong><\/a>, weiter hinten im Tal in Bad Gastein, punktet ebenfalls mit unterschiedlichen Thermenbereichen. Hier l\u00e4sst es sich inmitten toller Architektur und Atmosph\u00e4re wunderbar entspannen, w\u00e4hrend Abenteuersuchende nicht weit entfernt auf der Wasserrutsche, den Wassermassageliegen, im Str\u00f6mungskanal und in der magischen Felsengrotte mit Thermal-Wasserfall Spa\u00df und Spannung erleben. Ich bin jedes Mal aufs Neue vom Au\u00dfenbereich begeistert. Vor allem im Winter f\u00fchle ich mich im Relaxpool mit seinen konstanten 34 Grad pudelwohl. Was f\u00fcr ein Blick hinauf zu den Gipfeln! Das Highlight hier ist aber sicherlich die \u201aPanorama-Wellness-Landschaft\u2019 in den oberen Stockwerken der Felsentherme. Nicht nur die vielen Saunen, sondern auch die Ruhe und Abgeschiedenheit inmitten der Hohen Tauern am Dach der Saunenwelt haben mich schon beim ersten Besuch restlos \u00fcberzeugt.<\/p>\n\n\t\t\t<div id=\"113813-2\" class=\"gallery gallery-113813 gallery-columns-3 gallery-size-1170_658\" itemscope itemtype=\"http:\/\/schema.org\/ImageGallery\">\n\t\t\t\t<ul class=\"gallery-row gallery-col-3 gallery-clear\">\n\t\t\t\t\t<li class=\"gallery-item col-3\" itemprop=\"associatedMedia\" itemscope itemtype=\"http:\/\/schema.org\/ImageObject\">\n\t\t\t\t\t\t<div class=\"gallery-icon landscape\"><a href=\"https:\/\/www.salzburgerland.com\/de\/wp-content\/uploads\/2016\/10\/panorama-gerhard-michel-1920x1067.jpg\" title=\"Felsentherme Bad Gastein - Panorama\"><img decoding=\"async\" data-title=\"\u00a9 Felsentherme Bad Gastein, Gerhard Michel - Au\u00dfenansicht der Felsentherme Bad Gastein\" title=\"\u00a9 Felsentherme Bad Gastein, Gerhard Michel - Au\u00dfenansicht der Felsentherme Bad Gastein\" data-caption=\"\u00a9 Felsentherme Bad Gastein, Gerhard Michel - Au\u00dfenansicht der Felsentherme Bad Gastein\" width=\"1170\" height=\"658\" src=\"https:\/\/www.salzburgerland.com\/de\/wp-content\/uploads\/2016\/10\/panorama-gerhard-michel-1170x658.jpg\" class=\"attachment-1170_658 size-1170_658\" alt=\"Die Felsentherme Bad Gastein ist perfekt in die umliegende Natur eingebettet. (vergr\u00f6\u00dferte Ansicht)\" srcset=\"https:\/\/www.salzburgerland.com\/de\/wp-content\/uploads\/2016\/10\/panorama-gerhard-michel-1170x658.jpg 1170w, https:\/\/www.salzburgerland.com\/de\/wp-content\/uploads\/2016\/10\/panorama-gerhard-michel-1200x675.jpg 1200w\" sizes=\"(max-width: 1170px) 100vw, 1170px\" aria-describedby=\"figcaption-113813-268164\" itemprop=\"thumbnail\"><\/a><\/div>\n\t\t\t\t\t\t<span id=\"figcaption-113813-268164\" class=\"gallery-caption\" itemprop=\"caption\"><span aria-hidden=\"true\">\u00a9 Felsentherme Bad Gastein, Gerhard Michel \u2013 Au\u00dfenansicht der Felsentherme Bad Gastein<\/span><\/span>\n\t\t\t\t\t<\/li>\n\t\t\t\t\t<li class=\"gallery-item col-3\" itemprop=\"associatedMedia\" itemscope itemtype=\"http:\/\/schema.org\/ImageObject\">\n\t\t\t\t\t\t<div class=\"gallery-icon landscape\"><a href=\"https:\/\/www.salzburgerland.com\/de\/wp-content\/uploads\/2016\/10\/ruhetherme-wolkersdorfer-1920x1067.jpg\" title=\"Felsentherme Bad Gastein_Ruhetherme\"><img decoding=\"async\" data-title=\"\u00a9 Felsentherme Bad Gastein, Atelier Gerhard Wolkersdorfer - Ruhetherme\" title=\"\u00a9 Felsentherme Bad Gastein, Atelier Gerhard Wolkersdorfer - Ruhetherme\" data-caption=\"\u00a9 Felsentherme Bad Gastein, Atelier Gerhard Wolkersdorfer - Ruhetherme\" width=\"1170\" height=\"658\" src=\"https:\/\/www.salzburgerland.com\/de\/wp-content\/uploads\/2016\/10\/ruhetherme-wolkersdorfer-1170x658.jpg\" class=\"attachment-1170_658 size-1170_658\" alt=\"In der Felsentherme Bad Gastein l\u00e4sst es sich zu jeder Jahreszeit wunderbar entspannen. (vergr\u00f6\u00dferte Ansicht)\" srcset=\"https:\/\/www.salzburgerland.com\/de\/wp-content\/uploads\/2016\/10\/ruhetherme-wolkersdorfer-1170x658.jpg 1170w, https:\/\/www.salzburgerland.com\/de\/wp-content\/uploads\/2016\/10\/ruhetherme-wolkersdorfer-1200x675.jpg 1200w\" sizes=\"(max-width: 1170px) 100vw, 1170px\" aria-describedby=\"figcaption-113813-268162\" itemprop=\"thumbnail\"><\/a><\/div>\n\t\t\t\t\t\t<span id=\"figcaption-113813-268162\" class=\"gallery-caption\" itemprop=\"caption\"><span aria-hidden=\"true\">\u00a9 Felsentherme Bad Gastein, Atelier Gerhard Wolkersdorfer \u2013 Ruhetherme<\/span><\/span>\n\t\t\t\t\t<\/li>\n\t\t\t\t\t<li class=\"gallery-item col-3\" itemprop=\"associatedMedia\" itemscope itemtype=\"http:\/\/schema.org\/ImageObject\">\n\t\t\t\t\t\t<div class=\"gallery-icon landscape\"><a href=\"https:\/\/www.salzburgerland.com\/de\/wp-content\/uploads\/2016\/10\/felsentherme-sauna-1920x1067.jpg\" title=\"felsentherme-sauna\"><img decoding=\"async\" data-title=\"\u00a9 Felsentherme Bad Gastein - Sauna\" title=\"\u00a9 Felsentherme Bad Gastein - Sauna\" data-caption=\"\u00a9 Felsentherme Bad Gastein - Sauna\" width=\"1170\" height=\"658\" src=\"https:\/\/www.salzburgerland.com\/de\/wp-content\/uploads\/2016\/10\/felsentherme-sauna-1170x658.jpg\" class=\"attachment-1170_658 size-1170_658\" alt=\"H\u00f6lzerne Saunakabine mit B\u00e4nken, gro\u00dfen Fenstern und Blick auf die verschneite Landschaft der Felsentherme. (vergr\u00f6\u00dferte Ansicht)\" aria-describedby=\"figcaption-113813-116015\" itemprop=\"thumbnail\"><\/a><\/div>\n\t\t\t\t\t\t<span id=\"figcaption-113813-116015\" class=\"gallery-caption\" itemprop=\"caption\"><span aria-hidden=\"true\">\u00a9 Felsentherme Bad Gastein \u2013 Sauna<\/span><\/span>\n\t\t\t\t\t<\/li>\n\t\t\t\t<\/ul>\n\t\t\t<\/div><!-- .gallery -->\n\n<h2>Die Kraft des Gasteiner Thermalwassers<\/h2>\n<p>Drau\u00dfen zieht jetzt die Ortschaft Bad Hofgastein vorbei und sch\u00f6n langsam packe ich meine Sachen zusammen und bereite mich aufs Aussteigen in Bad Gastein vor. Dort entspringt ja das weltber\u00fchmte Gasteiner Thermalwasser aus 17 Quellen, nachdem es einen langen Weg durch die Gesteinsschichten der Berge hinter sich hat. Aus diesen zieht es wohl auch seine Kraft, die sich auf uns Menschen \u00fcbertr\u00e4gt und sich heilend, stabilisierend und auch schmerzstillend auf unseren K\u00f6rper und das Immunsystem auswirkt. Nicht umsonst kommen j\u00e4hrlich viele Menschen aus der ganzen Welt ins Gasteinertal zur Kur und bauen auf die Heilkraft des Wassers und seiner besonderen und einzigartigen Inhaltsstoffe.<\/p>\n<p>Der nasse Schatz aus den Tiefen der Berge ist schwach mineralisiert und mit nat\u00fcrlichem Radon angereichert. Nachdem es als Regenwasser in ca. 1.800 Metern Seeh\u00f6he versickert und in eine Tiefe von 2.000 Metern absinkt und sich dort stark erw\u00e4rmt, kommt es in ca. 1.000 Metern in Bad Gastein wieder zutage. Die milde, nat\u00fcrliche Radioaktivit\u00e4t ist f\u00fcr den K\u00f6rper, kurm\u00e4\u00dfig genossen, ausschlie\u00dflich positiv. Das Edelgas Radon entweicht aus dem Thermalwasser und gelangt so \u00fcber die Atemwege und die Haut in den K\u00f6rper. Dort entfaltet es seine heilende Wirkung, ehe es nach ungef\u00e4hr drei Stunden wieder vollst\u00e4ndig abgebaut ist. Das Abwehrsystem im Organismus wird angeregt und die nat\u00fcrliche W\u00e4rme f\u00f6rdert die Durchblutung. Verst\u00e4rkt werden die Heilerfolge durch die H\u00f6henlage der Gasteiner Kurregion. Der Organismus passt sich der H\u00f6he an, es werden mehr rote Blutk\u00f6rperchen produziert und es wird die F\u00e4higkeit gesteigert, Sauerstoff an das Gewebe abzugeben. Dies wusste \u00fcbrigens schon Kaiser Friedrich III., der bereits im 15. Jahrhundert hierher zur Kur kam. Bedeutende Pers\u00f6nlichkeiten wie Kaiser Franz Joseph I., Kaiserin Sisi, Kaiser Wilhelm I., der Schah von Persien, Kanzler Bismarck, Chruschtschow und viele mehr folgten seinem Beispiel. Das Wasser in den Thermen des Tales und in den Wellnessbereichen der Hotels ist \u00fcbrigens ent-radonisiert und kann somit ohne \u00e4rztliche Aufsicht nach Lust und Laune genossen werden. Die wohltuende Wirkung des schwach mineralisierten Wassers bleibt nat\u00fcrlich bestehen.<\/p>\n<div id=\"attachment_113814\" style=\"width: 1180px\" class=\"wp-caption alignnone\"><img decoding=\"async\" aria-describedby=\"caption-attachment-113814\" class=\"wp-image-113814 size-1170_658\" src=\"https:\/\/cdn.salzburgerland.com\/de\/wp-content\/uploads\/2017\/02\/thermalwasser00001-1170x658.jpg\" alt=\"\" width=\"1170\" height=\"658\"><p id=\"caption-attachment-113814\" class=\"wp-caption-text\">\u00a9 SalzburgerLand Tourismus, Peter Zeitlhofer \u2013 Eintritt zu einer der Thermalquellen in Bad Gastein<\/p><\/div>\n<p>Langsam beginnt der Zug zu bremsen und der freundliche Schaffner sagt auch schon den n\u00e4chsten Bahnhof, Bad Gastein, durch die Lautsprecher durch. Ich packe meine Sachen zusammen, schaue noch einmal, ob ich eh nichts vergessen habe und begebe mich zum Ausgang. Vor dem Wagon stelle ich erstmal meinen kleinen Koffer auf das Kopfsteinpflaster, hebe meinen Blick hinauf in die Berge und atme tief durch. Das wird eine Auszeit genau nach meinem Geschmack\u2026<\/p>\n","protected":false},"excerpt":{"rendered":"<p>Auszeit. Was f\u00fcr ein befl\u00fcgelndes Wort. Vor allem, wenn man liebt, was man macht, daf\u00fcr brennt, oft auch alles gibt. Im Job, f\u00fcr die Familie, manchmal auch beim Sport. Und genau dann braucht man sie immer wieder einmal \u2013 die Auszeit. Von Alltag, Stress, der sich langsam einschleichenden Routine. Um die Akkus wieder aufzuladen, den [&hellip;]<\/p>\n","protected":false},"author":17,"featured_media":116016,"comment_status":"closed","ping_status":"closed","sticky":false,"template":"","format":"standard","meta":{"_acf_changed":false,"wl_entities_gutenberg":"","_relevanssi_hide_post":"","_relevanssi_hide_content":"","_relevanssi_pin_for_all":"","_relevanssi_pin_keywords":"","_relevanssi_unpin_keywords":"","_relevanssi_related_keywords":"","_relevanssi_related_include_ids":"","_relevanssi_related_exclude_ids":"","_relevanssi_related_no_append":"","_relevanssi_related_not_related":"","_relevanssi_related_posts":"","_relevanssi_noindex_reason":"","footnotes":""},"categories":[1],"tags":[13651,13579],"wl_entity_type":[11495],"class_list":["post-113813","post","type-post","status-publish","format-standard","has-post-thumbnail","hentry","category-allgemein","tag-therme","tag-wasser","wl_entity_type-article"],"acf":[],"yoast_head":"<!-- This site is optimized with the Yoast SEO Premium plugin v26.9 (Yoast SEO v26.9) - https:\/\/yoast.com\/product\/yoast-seo-premium-wordpress\/ -->\n<title>Gasteiner Thermalwasser \u00bb SalzburgerLand.com<\/title>\n<meta name=\"description\" content=\"Die heilende Wirkung des Thermalwassers in den Themen des Gasteinertales.\" \/>\n<meta name=\"robots\" content=\"index, follow, max-snippet:-1, max-image-preview:large, max-video-preview:-1\" \/>\n<link rel=\"canonical\" href=\"https:\/\/www.salzburgerland.com\/de\/wp-json\/wp\/v2\/posts\/113813\" \/>\n<meta property=\"og:locale\" content=\"de_DE\" \/>\n<meta property=\"og:type\" content=\"article\" \/>\n<meta property=\"og:title\" content=\"Gasteiner Thermalwasser\" \/>\n<meta property=\"og:description\" content=\"Die heilende Wirkung des Thermalwassers in den Themen des Gasteinertales.\" \/>\n<meta property=\"og:url\" content=\"https:\/\/www.salzburgerland.com\/de\/wp-json\/wp\/v2\/posts\/113813\" \/>\n<meta property=\"og:site_name\" content=\"SalzburgerLand.com\" \/>\n<meta property=\"article:publisher\" content=\"https:\/\/www.facebook.com\/salzburgerland\/\" \/>\n<meta property=\"article:published_time\" content=\"2017-02-21T09:58:15+00:00\" \/>\n<meta property=\"article:modified_time\" content=\"2025-03-28T08:58:05+00:00\" \/>\n<meta property=\"og:image\" content=\"https:\/\/www.salzburgerland.com\/de\/wp-content\/uploads\/2016\/10\/felsentherme-wasser-1200x675.jpg\" \/>\n\t<meta property=\"og:image:width\" content=\"1200\" \/>\n\t<meta property=\"og:image:height\" content=\"675\" \/>\n\t<meta property=\"og:image:type\" content=\"image\/jpeg\" \/>\n<meta name=\"author\" content=\"Ulli Hammerl\" \/>\n<meta name=\"twitter:card\" content=\"summary_large_image\" \/>\n<meta name=\"twitter:creator\" content=\"@Salzburgerland\" \/>\n<meta name=\"twitter:site\" content=\"@Salzburgerland\" \/>\n<meta name=\"twitter:label1\" content=\"Verfasst von\" \/>\n\t<meta name=\"twitter:data1\" content=\"Ulli Hammerl\" \/>\n\t<meta name=\"twitter:label2\" content=\"Gesch\u00e4tzte Lesezeit\" \/>\n\t<meta name=\"twitter:data2\" content=\"8\u00a0Minuten\" \/>\n<script type=\"application\/ld+json\" class=\"yoast-schema-graph\">{\"@context\":\"https:\/\/schema.org\",\"@graph\":[{\"@type\":\"WebPage\",\"@id\":\"https:\/\/www.salzburgerland.com\/de\/ein-schatz-aus-den-tiefen-der-berge\/\",\"url\":\"https:\/\/www.salzburgerland.com\/de\/ein-schatz-aus-den-tiefen-der-berge\/\",\"name\":\"Gasteiner Thermalwasser \u00bb SalzburgerLand.com\",\"isPartOf\":{\"@id\":\"https:\/\/www.salzburgerland.com\/de\/#website\"},\"primaryImageOfPage\":{\"@id\":\"https:\/\/www.salzburgerland.com\/de\/ein-schatz-aus-den-tiefen-der-berge\/#primaryimage\"},\"image\":{\"@id\":\"https:\/\/www.salzburgerland.com\/de\/ein-schatz-aus-den-tiefen-der-berge\/#primaryimage\"},\"thumbnailUrl\":\"https:\/\/www.salzburgerland.com\/de\/wp-content\/uploads\/2016\/10\/felsentherme-wasser.jpg\",\"datePublished\":\"2017-02-21T09:58:15+00:00\",\"dateModified\":\"2025-03-28T08:58:05+00:00\",\"description\":\"Die heilende Wirkung des Thermalwassers in den Themen des Gasteinertales.\",\"breadcrumb\":{\"@id\":\"https:\/\/www.salzburgerland.com\/de\/ein-schatz-aus-den-tiefen-der-berge\/#breadcrumb\"},\"inLanguage\":\"de\",\"potentialAction\":[{\"@type\":\"ReadAction\",\"target\":[\"https:\/\/www.salzburgerland.com\/de\/ein-schatz-aus-den-tiefen-der-berge\/\"]}]},{\"@type\":\"ImageObject\",\"inLanguage\":\"de\",\"@id\":\"https:\/\/www.salzburgerland.com\/de\/ein-schatz-aus-den-tiefen-der-berge\/#primaryimage\",\"url\":\"https:\/\/www.salzburgerland.com\/de\/wp-content\/uploads\/2016\/10\/felsentherme-wasser.jpg\",\"contentUrl\":\"https:\/\/www.salzburgerland.com\/de\/wp-content\/uploads\/2016\/10\/felsentherme-wasser.jpg\",\"width\":1920,\"height\":1280,\"caption\":\"\u00a9 Felsentherme Bad Gastein\"},{\"@type\":\"BreadcrumbList\",\"@id\":\"https:\/\/www.salzburgerland.com\/de\/ein-schatz-aus-den-tiefen-der-berge\/#breadcrumb\",\"itemListElement\":[{\"@type\":\"ListItem\",\"position\":1,\"name\":\"Still oder Prickelnd\",\"item\":\"https:\/\/www.salzburgerland.com\/de\/stilloderprickelnd\/\"},{\"@type\":\"ListItem\",\"position\":2,\"name\":\"Gasteiner Thermalwasser\"}]},{\"@type\":\"WebSite\",\"@id\":\"https:\/\/www.salzburgerland.com\/de\/#website\",\"url\":\"https:\/\/www.salzburgerland.com\/de\/\",\"name\":\"SalzburgerLand.com\",\"description\":\"Ihr Urlaub in Salzburg, \u00d6sterreich\",\"publisher\":{\"@id\":\"https:\/\/www.salzburgerland.com\/de\/#organization\"},\"potentialAction\":[{\"@type\":\"SearchAction\",\"target\":{\"@type\":\"EntryPoint\",\"urlTemplate\":\"https:\/\/www.salzburgerland.com\/de\/?s={search_term_string}\"},\"query-input\":{\"@type\":\"PropertyValueSpecification\",\"valueRequired\":true,\"valueName\":\"search_term_string\"}}],\"inLanguage\":\"de\"},{\"@type\":\"Organization\",\"@id\":\"https:\/\/www.salzburgerland.com\/de\/#organization\",\"name\":\"SalzburgerLand Tourismus GmbH\",\"url\":\"https:\/\/www.salzburgerland.com\/de\/\",\"logo\":{\"@type\":\"ImageObject\",\"inLanguage\":\"de\",\"@id\":\"https:\/\/www.salzburgerland.com\/de\/#\/schema\/logo\/image\/\",\"url\":\"https:\/\/www.salzburgerland.com\/de\/wp-content\/uploads\/2017\/01\/salzburgerland-logo.jpg\",\"contentUrl\":\"https:\/\/www.salzburgerland.com\/de\/wp-content\/uploads\/2017\/01\/salzburgerland-logo.jpg\",\"width\":1920,\"height\":827,\"caption\":\"SalzburgerLand Tourismus GmbH\"},\"image\":{\"@id\":\"https:\/\/www.salzburgerland.com\/de\/#\/schema\/logo\/image\/\"},\"sameAs\":[\"https:\/\/www.facebook.com\/salzburgerland\/\",\"https:\/\/x.com\/Salzburgerland\",\"https:\/\/www.instagram.com\/salzburgerland\/\",\"http:\/\/dbpedia.org\/resource\/Salzburg_(state)\",\"http:\/\/wikidata.dbpedia.org\/resource\/Q43325\",\"http:\/\/open.salzburgerland.com\/de\/entity\/salzburgerland\",\"https:\/\/www.youtube.com\/user\/salzburgerland\"]},{\"@type\":\"Person\",\"@id\":\"https:\/\/www.salzburgerland.com\/de\/#\/schema\/person\/43ce9aa621bd7728940e04ed11ce9b6e\",\"name\":\"Ulli Hammerl\",\"image\":{\"@type\":\"ImageObject\",\"inLanguage\":\"de\",\"@id\":\"https:\/\/www.salzburgerland.com\/de\/#\/schema\/person\/image\/\",\"url\":\"https:\/\/secure.gravatar.com\/avatar\/35c80e0404a213597afdb17e84ea42a986fe814f3f881bb75d00261a3ff7aefd?s=96&d=mm&r=g\",\"contentUrl\":\"https:\/\/secure.gravatar.com\/avatar\/35c80e0404a213597afdb17e84ea42a986fe814f3f881bb75d00261a3ff7aefd?s=96&d=mm&r=g\",\"caption\":\"Ulli Hammerl\"}}]}<\/script>\n<!-- \/ Yoast SEO Premium plugin. -->","yoast_head_json":{"title":"Gasteiner Thermalwasser \u00bb SalzburgerLand.com","description":"Die heilende Wirkung des Thermalwassers in den Themen des Gasteinertales.","robots":{"index":"index","follow":"follow","max-snippet":"max-snippet:-1","max-image-preview":"max-image-preview:large","max-video-preview":"max-video-preview:-1"},"canonical":"https:\/\/www.salzburgerland.com\/de\/wp-json\/wp\/v2\/posts\/113813","og_locale":"de_DE","og_type":"article","og_title":"Gasteiner Thermalwasser","og_description":"Die heilende Wirkung des Thermalwassers in den Themen des Gasteinertales.","og_url":"https:\/\/www.salzburgerland.com\/de\/wp-json\/wp\/v2\/posts\/113813","og_site_name":"SalzburgerLand.com","article_publisher":"https:\/\/www.facebook.com\/salzburgerland\/","article_published_time":"2017-02-21T09:58:15+00:00","article_modified_time":"2025-03-28T08:58:05+00:00","og_image":[{"width":1200,"height":675,"url":"https:\/\/www.salzburgerland.com\/de\/wp-content\/uploads\/2016\/10\/felsentherme-wasser-1200x675.jpg","type":"image\/jpeg"}],"author":"Ulli Hammerl","twitter_card":"summary_large_image","twitter_creator":"@Salzburgerland","twitter_site":"@Salzburgerland","twitter_misc":{"Verfasst von":"Ulli Hammerl","Gesch\u00e4tzte Lesezeit":"8\u00a0Minuten"},"schema":{"@context":"https:\/\/schema.org","@graph":[{"@type":"WebPage","@id":"https:\/\/www.salzburgerland.com\/de\/ein-schatz-aus-den-tiefen-der-berge\/","url":"https:\/\/www.salzburgerland.com\/de\/ein-schatz-aus-den-tiefen-der-berge\/","name":"Gasteiner Thermalwasser \u00bb SalzburgerLand.com","isPartOf":{"@id":"https:\/\/www.salzburgerland.com\/de\/#website"},"primaryImageOfPage":{"@id":"https:\/\/www.salzburgerland.com\/de\/ein-schatz-aus-den-tiefen-der-berge\/#primaryimage"},"image":{"@id":"https:\/\/www.salzburgerland.com\/de\/ein-schatz-aus-den-tiefen-der-berge\/#primaryimage"},"thumbnailUrl":"https:\/\/www.salzburgerland.com\/de\/wp-content\/uploads\/2016\/10\/felsentherme-wasser.jpg","datePublished":"2017-02-21T09:58:15+00:00","dateModified":"2025-03-28T08:58:05+00:00","description":"Die heilende Wirkung des Thermalwassers in den Themen des Gasteinertales.","breadcrumb":{"@id":"https:\/\/www.salzburgerland.com\/de\/ein-schatz-aus-den-tiefen-der-berge\/#breadcrumb"},"inLanguage":"de","potentialAction":[{"@type":"ReadAction","target":["https:\/\/www.salzburgerland.com\/de\/ein-schatz-aus-den-tiefen-der-berge\/"]}]},{"@type":"ImageObject","inLanguage":"de","@id":"https:\/\/www.salzburgerland.com\/de\/ein-schatz-aus-den-tiefen-der-berge\/#primaryimage","url":"https:\/\/www.salzburgerland.com\/de\/wp-content\/uploads\/2016\/10\/felsentherme-wasser.jpg","contentUrl":"https:\/\/www.salzburgerland.com\/de\/wp-content\/uploads\/2016\/10\/felsentherme-wasser.jpg","width":1920,"height":1280,"caption":"\u00a9 Felsentherme Bad Gastein"},{"@type":"BreadcrumbList","@id":"https:\/\/www.salzburgerland.com\/de\/ein-schatz-aus-den-tiefen-der-berge\/#breadcrumb","itemListElement":[{"@type":"ListItem","position":1,"name":"Still oder Prickelnd","item":"https:\/\/www.salzburgerland.com\/de\/stilloderprickelnd\/"},{"@type":"ListItem","position":2,"name":"Gasteiner Thermalwasser"}]},{"@type":"WebSite","@id":"https:\/\/www.salzburgerland.com\/de\/#website","url":"https:\/\/www.salzburgerland.com\/de\/","name":"SalzburgerLand.com","description":"Ihr Urlaub in Salzburg, \u00d6sterreich","publisher":{"@id":"https:\/\/www.salzburgerland.com\/de\/#organization"},"potentialAction":[{"@type":"SearchAction","target":{"@type":"EntryPoint","urlTemplate":"https:\/\/www.salzburgerland.com\/de\/?s={search_term_string}"},"query-input":{"@type":"PropertyValueSpecification","valueRequired":true,"valueName":"search_term_string"}}],"inLanguage":"de"},{"@type":"Organization","@id":"https:\/\/www.salzburgerland.com\/de\/#organization","name":"SalzburgerLand Tourismus GmbH","url":"https:\/\/www.salzburgerland.com\/de\/","logo":{"@type":"ImageObject","inLanguage":"de","@id":"https:\/\/www.salzburgerland.com\/de\/#\/schema\/logo\/image\/","url":"https:\/\/www.salzburgerland.com\/de\/wp-content\/uploads\/2017\/01\/salzburgerland-logo.jpg","contentUrl":"https:\/\/www.salzburgerland.com\/de\/wp-content\/uploads\/2017\/01\/salzburgerland-logo.jpg","width":1920,"height":827,"caption":"SalzburgerLand Tourismus GmbH"},"image":{"@id":"https:\/\/www.salzburgerland.com\/de\/#\/schema\/logo\/image\/"},"sameAs":["https:\/\/www.facebook.com\/salzburgerland\/","https:\/\/x.com\/Salzburgerland","https:\/\/www.instagram.com\/salzburgerland\/","http:\/\/dbpedia.org\/resource\/Salzburg_(state)","http:\/\/wikidata.dbpedia.org\/resource\/Q43325","http:\/\/open.salzburgerland.com\/de\/entity\/salzburgerland","https:\/\/www.youtube.com\/user\/salzburgerland"]},{"@type":"Person","@id":"https:\/\/www.salzburgerland.com\/de\/#\/schema\/person\/43ce9aa621bd7728940e04ed11ce9b6e","name":"Ulli Hammerl","image":{"@type":"ImageObject","inLanguage":"de","@id":"https:\/\/www.salzburgerland.com\/de\/#\/schema\/person\/image\/","url":"https:\/\/secure.gravatar.com\/avatar\/35c80e0404a213597afdb17e84ea42a986fe814f3f881bb75d00261a3ff7aefd?s=96&d=mm&r=g","contentUrl":"https:\/\/secure.gravatar.com\/avatar\/35c80e0404a213597afdb17e84ea42a986fe814f3f881bb75d00261a3ff7aefd?s=96&d=mm&r=g","caption":"Ulli Hammerl"}}]}},"_wl_alt_label":[],"wl:entity_url":"http:\/\/open.salzburgerland.com\/de\/post\/ein_schatz_aus_den_tiefen_der_berge","_links":{"self":[{"href":"https:\/\/www.salzburgerland.com\/de\/wp-json\/wp\/v2\/posts\/113813","targetHints":{"allow":["GET"]}}],"collection":[{"href":"https:\/\/www.salzburgerland.com\/de\/wp-json\/wp\/v2\/posts"}],"about":[{"href":"https:\/\/www.salzburgerland.com\/de\/wp-json\/wp\/v2\/types\/post"}],"author":[{"embeddable":true,"href":"https:\/\/www.salzburgerland.com\/de\/wp-json\/wp\/v2\/users\/17"}],"replies":[{"embeddable":true,"href":"https:\/\/www.salzburgerland.com\/de\/wp-json\/wp\/v2\/comments?post=113813"}],"version-history":[{"count":7,"href":"https:\/\/www.salzburgerland.com\/de\/wp-json\/wp\/v2\/posts\/113813\/revisions"}],"predecessor-version":[{"id":676945,"href":"https:\/\/www.salzburgerland.com\/de\/wp-json\/wp\/v2\/posts\/113813\/revisions\/676945"}],"wp:featuredmedia":[{"embeddable":true,"href":"https:\/\/www.salzburgerland.com\/de\/wp-json\/wp\/v2\/media\/116016"}],"wp:attachment":[{"href":"https:\/\/www.salzburgerland.com\/de\/wp-json\/wp\/v2\/media?parent=113813"}],"wp:term":[{"taxonomy":"category","embeddable":true,"href":"https:\/\/www.salzburgerland.com\/de\/wp-json\/wp\/v2\/categories?post=113813"},{"taxonomy":"post_tag","embeddable":true,"href":"https:\/\/www.salzburgerland.com\/de\/wp-json\/wp\/v2\/tags?post=113813"},{"taxonomy":"wl_entity_type","embeddable":true,"href":"https:\/\/www.salzburgerland.com\/de\/wp-json\/wp\/v2\/wl_entity_type?post=113813"}],"curies":[{"name":"wp","href":"https:\/\/api.w.org\/{rel}","templated":true}]}}