{"id":568,"name":"Belina Huttegger","url":"","description":"<span>\u201ePhantasie ist wichtiger als Wissen, denn Wissen ist begrenzt.\u201c Albert Einstein<\/span>\r\n\r\n<span>Belina Huttegger wohnt im Pongau, genauer gesagt in Kleinarl, wo sie jeden Morgen mit einem atemberaubenden Ausblick auf die Berge und W\u00e4lder aufwacht. Die wundervolle Natur bietet ihr als Hobbyfotografin eine einzigartige Kulisse. Neben dem Fotografieren reist sie gerne und m\u00f6chte gerne mal alle europ\u00e4ischen Hauptst\u00e4dte besucht haben. <\/span>\r\n\r\n<strong><span>Dosige\/r oder Zuagroast<\/span><\/strong>\r\n\r\n<span>Dosige - geboren und aufgewachsen im Pongau. Aber, wie ich so gerne sage, Heimat ist kein Ort, sondern ein Gef\u00fchl.<\/span>\r\n\r\n<strong><span>Ausstellung oder Bergpanorama<\/span><\/strong>\r\n\r\n<span>Als kunstinteressierte Person sehe ich mir sehr gerne Ausstellungen an, genie\u00dfe es aber auch, das Bergpanorama mit meiner Kamera festzuhalten. Vielleicht sogar f\u00fcr eine Ausstellung? <\/span>?\r\n\r\n<strong><span>Salzburger Nockerl oder Schwarzbeernocken<\/span><\/strong>\r\n\r\n<span>Ich, als kleines Schleckermaul, mag beide Gerichte sehr gerne, bevorzuge aber ein kleines bisschen die Schwarzbeernocken, die ich als Kind h\u00e4ufig mit meiner Familie verspeist habe.<\/span>\r\n\r\n<strong><span>Morgen- oder Abendmensch<\/span><\/strong>\r\n\r\n<span>Eindeutig Abendmensch. W\u00e4hrend es mir am Morgen h\u00e4ufig mal schwerf\u00e4llt, Motivation f\u00fcr den Tag zu finden, bin ich am Abend umso motivierter und unternehmungslustiger. <\/span>\r\n\r\n<strong><span>Fr\u00fchling, Sommer, Herbst oder Winter<\/span><\/strong>\r\n\r\n<span>Als Kind mochte ich den Winter nie sehr gerne, war trotzdem jedes Mal wieder fasziniert, wenn die ersten Schneeflocken gefallen sind. Mittlerweile habe ich die Vorz\u00fcge jeder Jahreszeit lieben gelernt und rase gerne im Winter \u00fcber die Pisten, spaziere durch das Herbstlaub, sonne mich an einem warmen Sommertag am See und wandere gerne im Fr\u00fchling.<\/span>","link":"https:\/\/www.salzburgerland.com\/de\/magazin\/author\/belina-huttegger\/","slug":"belina-huttegger","meta":{"web_stories_tracking_optin":false,"web_stories_media_optimization":true,"web_stories_onboarding":[]},"acf":[],"yoast_head":"<!-- This site is optimized with the Yoast SEO Premium plugin v27.4 (Yoast SEO v27.4) - https:\/\/yoast.com\/product\/yoast-seo-premium-wordpress\/ -->\n<title>Belina Huttegger, Autor\/in beim SalzburgerLand Magazin<\/title>\n<meta name=\"robots\" content=\"index, follow, max-snippet:-1, max-image-preview:large, max-video-preview:-1\" \/>\n<link rel=\"canonical\" href=\"https:\/\/www.salzburgerland.com\/de\/magazin\/author\/belina-huttegger\/\" \/>\n<meta property=\"og:locale\" content=\"de_DE\" \/>\n<meta property=\"og:type\" content=\"profile\" \/>\n<meta property=\"og:title\" content=\"Belina Huttegger\" \/>\n<meta property=\"og:url\" content=\"https:\/\/www.salzburgerland.com\/de\/magazin\/author\/belina-huttegger\/\" \/>\n<meta property=\"og:site_name\" content=\"SalzburgerLand Magazin\" \/>\n<meta property=\"og:image\" content=\"https:\/\/secure.gravatar.com\/avatar\/def11e9522260a6b48941e1075fc9732?s=500&d=mm&r=g\" \/>\n<meta name=\"twitter:card\" content=\"summary_large_image\" \/>\n<meta name=\"twitter:site\" content=\"@Salzburgerland\" \/>\n<script type=\"application\/ld+json\" class=\"yoast-schema-graph\">{\"@context\":\"https:\\\/\\\/schema.org\",\"@graph\":[{\"@type\":\"ProfilePage\",\"@id\":\"https:\\\/\\\/www.salzburgerland.com\\\/de\\\/magazin\\\/author\\\/belina-huttegger\\\/\",\"url\":\"https:\\\/\\\/www.salzburgerland.com\\\/de\\\/magazin\\\/author\\\/belina-huttegger\\\/\",\"name\":\"Belina Huttegger, Autor\\\/in beim SalzburgerLand Magazin\",\"isPartOf\":{\"@id\":\"https:\\\/\\\/www.salzburgerland.com\\\/de\\\/magazin\\\/#website\"},\"breadcrumb\":{\"@id\":\"https:\\\/\\\/www.salzburgerland.com\\\/de\\\/magazin\\\/author\\\/belina-huttegger\\\/#breadcrumb\"},\"inLanguage\":\"de\",\"potentialAction\":[{\"@type\":\"ReadAction\",\"target\":[\"https:\\\/\\\/www.salzburgerland.com\\\/de\\\/magazin\\\/author\\\/belina-huttegger\\\/\"]}]},{\"@type\":\"BreadcrumbList\",\"@id\":\"https:\\\/\\\/www.salzburgerland.com\\\/de\\\/magazin\\\/author\\\/belina-huttegger\\\/#breadcrumb\",\"itemListElement\":[{\"@type\":\"ListItem\",\"position\":1,\"name\":\"Startseite\",\"item\":\"https:\\\/\\\/www.salzburgerland.com\\\/de\\\/magazin\\\/\"},{\"@type\":\"ListItem\",\"position\":2,\"name\":\"Archive f\u00fcr Belina Huttegger\"}]},{\"@type\":\"WebSite\",\"@id\":\"https:\\\/\\\/www.salzburgerland.com\\\/de\\\/magazin\\\/#website\",\"url\":\"https:\\\/\\\/www.salzburgerland.com\\\/de\\\/magazin\\\/\",\"name\":\"SalzburgerLand Magazin\",\"description\":\"Geschichten und Interessantes aus dem SalzburgerLand\",\"publisher\":{\"@id\":\"https:\\\/\\\/www.salzburgerland.com\\\/de\\\/magazin\\\/#organization\"},\"potentialAction\":[{\"@type\":\"SearchAction\",\"target\":{\"@type\":\"EntryPoint\",\"urlTemplate\":\"https:\\\/\\\/www.salzburgerland.com\\\/de\\\/magazin\\\/?s={search_term_string}\"},\"query-input\":{\"@type\":\"PropertyValueSpecification\",\"valueRequired\":true,\"valueName\":\"search_term_string\"}}],\"inLanguage\":\"de\"},{\"@type\":\"Organization\",\"@id\":\"https:\\\/\\\/www.salzburgerland.com\\\/de\\\/magazin\\\/#organization\",\"name\":\"SalzburgerLand Tourismus\",\"url\":\"https:\\\/\\\/www.salzburgerland.com\\\/de\\\/magazin\\\/\",\"logo\":{\"@type\":\"ImageObject\",\"inLanguage\":\"de\",\"@id\":\"https:\\\/\\\/www.salzburgerland.com\\\/de\\\/magazin\\\/#\\\/schema\\\/logo\\\/image\\\/\",\"url\":\"https:\\\/\\\/www.salzburgerland.com\\\/de\\\/magazin\\\/wp-content\\\/uploads\\\/2019\\\/06\\\/salzburgerland-logo1.jpg\",\"contentUrl\":\"https:\\\/\\\/www.salzburgerland.com\\\/de\\\/magazin\\\/wp-content\\\/uploads\\\/2019\\\/06\\\/salzburgerland-logo1.jpg\",\"width\":2011,\"height\":866,\"caption\":\"SalzburgerLand Tourismus\"},\"image\":{\"@id\":\"https:\\\/\\\/www.salzburgerland.com\\\/de\\\/magazin\\\/#\\\/schema\\\/logo\\\/image\\\/\"},\"sameAs\":[\"https:\\\/\\\/www.facebook.com\\\/salzburgerland\\\/\",\"https:\\\/\\\/x.com\\\/Salzburgerland\",\"https:\\\/\\\/www.instagram.com\\\/salzburgerland\\\/\",\"https:\\\/\\\/at.linkedin.com\\\/company\\\/salzburgerland-tourismus-gmbh\",\"https:\\\/\\\/www.pinterest.at\\\/salzburgerland\\\/\",\"https:\\\/\\\/www.youtube.com\\\/user\\\/salzburgerland\",\"https:\\\/\\\/de.wikipedia.org\\\/wiki\\\/SalzburgerLand_Tourismus_GmbH\"]},{\"@type\":\"Person\",\"@id\":\"https:\\\/\\\/www.salzburgerland.com\\\/de\\\/magazin\\\/#\\\/schema\\\/person\\\/dafbf26009b5e9c05ae61b7b095f6abd\",\"name\":\"Belina Huttegger\",\"description\":\"\u201ePhantasie ist wichtiger als Wissen, denn Wissen ist begrenzt.\u201c Albert Einstein Belina Huttegger wohnt im Pongau, genauer gesagt in Kleinarl, wo sie jeden Morgen mit einem atemberaubenden Ausblick auf die Berge und W\u00e4lder aufwacht. Die wundervolle Natur bietet ihr als Hobbyfotografin eine einzigartige Kulisse. Neben dem Fotografieren reist sie gerne und m\u00f6chte gerne mal alle europ\u00e4ischen Hauptst\u00e4dte besucht haben. Dosige\\\/r oder Zuagroast Dosige - geboren und aufgewachsen im Pongau. Aber, wie ich so gerne sage, Heimat ist kein Ort, sondern ein Gef\u00fchl. Ausstellung oder Bergpanorama Als kunstinteressierte Person sehe ich mir sehr gerne Ausstellungen an, genie\u00dfe es aber auch, das Bergpanorama mit meiner Kamera festzuhalten. Vielleicht sogar f\u00fcr eine Ausstellung? ? Salzburger Nockerl oder Schwarzbeernocken Ich, als kleines Schleckermaul, mag beide Gerichte sehr gerne, bevorzuge aber ein kleines bisschen die Schwarzbeernocken, die ich als Kind h\u00e4ufig mit meiner Familie verspeist habe. Morgen- oder Abendmensch Eindeutig Abendmensch. W\u00e4hrend es mir am Morgen h\u00e4ufig mal schwerf\u00e4llt, Motivation f\u00fcr den Tag zu finden, bin ich am Abend umso motivierter und unternehmungslustiger. Fr\u00fchling, Sommer, Herbst oder Winter Als Kind mochte ich den Winter nie sehr gerne, war trotzdem jedes Mal wieder fasziniert, wenn die ersten Schneeflocken gefallen sind. Mittlerweile habe ich die Vorz\u00fcge jeder Jahreszeit lieben gelernt und rase gerne im Winter \u00fcber die Pisten, spaziere durch das Herbstlaub, sonne mich an einem warmen Sommertag am See und wandere gerne im Fr\u00fchling.\",\"mainEntityOfPage\":{\"@id\":\"https:\\\/\\\/www.salzburgerland.com\\\/de\\\/magazin\\\/author\\\/belina-huttegger\\\/\"}}]}<\/script>\n<!-- \/ Yoast SEO Premium plugin. -->","yoast_head_json":{"title":"Belina Huttegger, Autor\/in beim SalzburgerLand Magazin","robots":{"index":"index","follow":"follow","max-snippet":"max-snippet:-1","max-image-preview":"max-image-preview:large","max-video-preview":"max-video-preview:-1"},"canonical":"https:\/\/www.salzburgerland.com\/de\/magazin\/author\/belina-huttegger\/","og_locale":"de_DE","og_type":"profile","og_title":"Belina Huttegger","og_url":"https:\/\/www.salzburgerland.com\/de\/magazin\/author\/belina-huttegger\/","og_site_name":"SalzburgerLand Magazin","og_image":[{"url":"https:\/\/secure.gravatar.com\/avatar\/def11e9522260a6b48941e1075fc9732?s=500&d=mm&r=g","type":"","width":"","height":""}],"twitter_card":"summary_large_image","twitter_site":"@Salzburgerland","schema":{"@context":"https:\/\/schema.org","@graph":[{"@type":"ProfilePage","@id":"https:\/\/www.salzburgerland.com\/de\/magazin\/author\/belina-huttegger\/","url":"https:\/\/www.salzburgerland.com\/de\/magazin\/author\/belina-huttegger\/","name":"Belina Huttegger, Autor\/in beim SalzburgerLand Magazin","isPartOf":{"@id":"https:\/\/www.salzburgerland.com\/de\/magazin\/#website"},"breadcrumb":{"@id":"https:\/\/www.salzburgerland.com\/de\/magazin\/author\/belina-huttegger\/#breadcrumb"},"inLanguage":"de","potentialAction":[{"@type":"ReadAction","target":["https:\/\/www.salzburgerland.com\/de\/magazin\/author\/belina-huttegger\/"]}]},{"@type":"BreadcrumbList","@id":"https:\/\/www.salzburgerland.com\/de\/magazin\/author\/belina-huttegger\/#breadcrumb","itemListElement":[{"@type":"ListItem","position":1,"name":"Startseite","item":"https:\/\/www.salzburgerland.com\/de\/magazin\/"},{"@type":"ListItem","position":2,"name":"Archive f\u00fcr Belina Huttegger"}]},{"@type":"WebSite","@id":"https:\/\/www.salzburgerland.com\/de\/magazin\/#website","url":"https:\/\/www.salzburgerland.com\/de\/magazin\/","name":"SalzburgerLand Magazin","description":"Geschichten und Interessantes aus dem SalzburgerLand","publisher":{"@id":"https:\/\/www.salzburgerland.com\/de\/magazin\/#organization"},"potentialAction":[{"@type":"SearchAction","target":{"@type":"EntryPoint","urlTemplate":"https:\/\/www.salzburgerland.com\/de\/magazin\/?s={search_term_string}"},"query-input":{"@type":"PropertyValueSpecification","valueRequired":true,"valueName":"search_term_string"}}],"inLanguage":"de"},{"@type":"Organization","@id":"https:\/\/www.salzburgerland.com\/de\/magazin\/#organization","name":"SalzburgerLand Tourismus","url":"https:\/\/www.salzburgerland.com\/de\/magazin\/","logo":{"@type":"ImageObject","inLanguage":"de","@id":"https:\/\/www.salzburgerland.com\/de\/magazin\/#\/schema\/logo\/image\/","url":"https:\/\/www.salzburgerland.com\/de\/magazin\/wp-content\/uploads\/2019\/06\/salzburgerland-logo1.jpg","contentUrl":"https:\/\/www.salzburgerland.com\/de\/magazin\/wp-content\/uploads\/2019\/06\/salzburgerland-logo1.jpg","width":2011,"height":866,"caption":"SalzburgerLand Tourismus"},"image":{"@id":"https:\/\/www.salzburgerland.com\/de\/magazin\/#\/schema\/logo\/image\/"},"sameAs":["https:\/\/www.facebook.com\/salzburgerland\/","https:\/\/x.com\/Salzburgerland","https:\/\/www.instagram.com\/salzburgerland\/","https:\/\/at.linkedin.com\/company\/salzburgerland-tourismus-gmbh","https:\/\/www.pinterest.at\/salzburgerland\/","https:\/\/www.youtube.com\/user\/salzburgerland","https:\/\/de.wikipedia.org\/wiki\/SalzburgerLand_Tourismus_GmbH"]},{"@type":"Person","@id":"https:\/\/www.salzburgerland.com\/de\/magazin\/#\/schema\/person\/dafbf26009b5e9c05ae61b7b095f6abd","name":"Belina Huttegger","description":"\u201ePhantasie ist wichtiger als Wissen, denn Wissen ist begrenzt.\u201c Albert Einstein Belina Huttegger wohnt im Pongau, genauer gesagt in Kleinarl, wo sie jeden Morgen mit einem atemberaubenden Ausblick auf die Berge und W\u00e4lder aufwacht. Die wundervolle Natur bietet ihr als Hobbyfotografin eine einzigartige Kulisse. Neben dem Fotografieren reist sie gerne und m\u00f6chte gerne mal alle europ\u00e4ischen Hauptst\u00e4dte besucht haben. Dosige\/r oder Zuagroast Dosige - geboren und aufgewachsen im Pongau. Aber, wie ich so gerne sage, Heimat ist kein Ort, sondern ein Gef\u00fchl. Ausstellung oder Bergpanorama Als kunstinteressierte Person sehe ich mir sehr gerne Ausstellungen an, genie\u00dfe es aber auch, das Bergpanorama mit meiner Kamera festzuhalten. Vielleicht sogar f\u00fcr eine Ausstellung? ? Salzburger Nockerl oder Schwarzbeernocken Ich, als kleines Schleckermaul, mag beide Gerichte sehr gerne, bevorzuge aber ein kleines bisschen die Schwarzbeernocken, die ich als Kind h\u00e4ufig mit meiner Familie verspeist habe. Morgen- oder Abendmensch Eindeutig Abendmensch. W\u00e4hrend es mir am Morgen h\u00e4ufig mal schwerf\u00e4llt, Motivation f\u00fcr den Tag zu finden, bin ich am Abend umso motivierter und unternehmungslustiger. Fr\u00fchling, Sommer, Herbst oder Winter Als Kind mochte ich den Winter nie sehr gerne, war trotzdem jedes Mal wieder fasziniert, wenn die ersten Schneeflocken gefallen sind. Mittlerweile habe ich die Vorz\u00fcge jeder Jahreszeit lieben gelernt und rase gerne im Winter \u00fcber die Pisten, spaziere durch das Herbstlaub, sonne mich an einem warmen Sommertag am See und wandere gerne im Fr\u00fchling.","mainEntityOfPage":{"@id":"https:\/\/www.salzburgerland.com\/de\/magazin\/author\/belina-huttegger\/"}}]}},"mpp_avatar":{"errors":{"mpp_no_profile_picture":["Das Profilbild wurde nicht gefunden."]},"error_data":{"mpp_no_profile_picture":{"status":404}}},"_links":{"self":[{"href":"https:\/\/www.salzburgerland.com\/de\/magazin\/wp-json\/wp\/v2\/users\/568","targetHints":{"allow":["GET"]}}],"collection":[{"href":"https:\/\/www.salzburgerland.com\/de\/magazin\/wp-json\/wp\/v2\/users"}]}}