{"id":567,"name":"Barbara Walzer","url":"","description":"Seit vielen Jahren darf ich f\u00fcr das SalzburgerLand arbeiten \u2013 und es f\u00fchlt sich f\u00fcr mich weniger nach Beruf als nach Berufung an. <strong>Meine Inspiration<\/strong> finde ich dort, wo das SalzburgerLand besonders <strong>echt<\/strong> ist: <strong>Drau\u00dfen<\/strong>. Beim Wandern \u00fcber alpine Pfade, mit dem Rad durch unsere T\u00e4ler, auf Almen, im Wald oder am See. Natur, Berge und Achtsamkeit sind Teil meines Alltags und pr\u00e4gen meinen Blick auf Regionen, Menschen und Erlebnisse. Wer mich sucht, findet mich entweder am Schreibtisch \u2013 oder unterwegs (durchaus auch einmal auf einem sonnigen H\u00fcttenbankerl). Dort, wo Weite, Ruhe und Natur den Takt vorgeben. Zu Fu\u00df oder mit dem Rad, aufmerksam, neugierig und offen f\u00fcr Begegnungen. Denn die besten Geschichten entstehen dort, wo Menschen ihre Zeit, ihre Leidenschaft und ihr Lebensgef\u00fchl teilen.\r\n<div>\r\n\r\nIm <strong>SalzburgerLand<\/strong> verbinden sich f\u00fcr mich genau diese Elemente: urspr\u00fcngliche Natur, gelebte Tradition, herzliche Gastgeber:innen und R\u00e4ume f\u00fcr echte Erholung. Ob Almleben oder Bergtour, stille Waldmomente oder unterhaltsame Begegnungen \u2013 all das macht die Region so besonders und erz\u00e4hlenswert.\r\n\r\n<\/div>\r\n<div>\r\n\r\nWarum ich meine Begeisterung \u00fcber das SalzburgerLand mit euch teile: Weil ich es nicht nur beschreibe, sondern <strong>erlebe<\/strong>. Und weil jede Region ihre Geschichten verdient \u2013 ehrlich, achtsam und nah an den Menschen erz\u00e4hlt.\r\n\r\n<\/div>","link":"https:\/\/www.salzburgerland.com\/de\/magazin\/author\/bwalzer\/","slug":"bwalzer","meta":{"web_stories_tracking_optin":false,"web_stories_media_optimization":true,"web_stories_onboarding":{"addBackgroundMedia":true,"addLinks":true,"cropElementsWithShapes":true,"cropSelectedElements":true,"previewStory":true,"safeZone":true}},"acf":[],"yoast_head":"<!-- This site is optimized with the Yoast SEO Premium plugin v27.4 (Yoast SEO v27.4) - https:\/\/yoast.com\/product\/yoast-seo-premium-wordpress\/ -->\n<title>Barbara Walzer, Autor\/in beim SalzburgerLand Magazin<\/title>\n<meta name=\"robots\" content=\"index, follow, max-snippet:-1, max-image-preview:large, max-video-preview:-1\" \/>\n<link rel=\"canonical\" href=\"https:\/\/www.salzburgerland.com\/de\/magazin\/author\/bwalzer\/\" \/>\n<meta property=\"og:locale\" content=\"de_DE\" \/>\n<meta property=\"og:type\" content=\"profile\" \/>\n<meta property=\"og:title\" content=\"Barbara Walzer\" \/>\n<meta property=\"og:url\" content=\"https:\/\/www.salzburgerland.com\/de\/magazin\/author\/bwalzer\/\" \/>\n<meta property=\"og:site_name\" content=\"SalzburgerLand Magazin\" \/>\n<meta property=\"og:image\" content=\"https:\/\/secure.gravatar.com\/avatar\/a33af3f7ecbc837d99149f702ef06428086253068f7ff83b2aacb98bb919f367?s=500&d=mm&r=g\" \/>\n<meta name=\"twitter:card\" content=\"summary_large_image\" \/>\n<meta name=\"twitter:site\" content=\"@Salzburgerland\" \/>\n<script type=\"application\/ld+json\" class=\"yoast-schema-graph\">{\"@context\":\"https:\\\/\\\/schema.org\",\"@graph\":[{\"@type\":\"ProfilePage\",\"@id\":\"https:\\\/\\\/www.salzburgerland.com\\\/de\\\/magazin\\\/author\\\/bwalzer\\\/\",\"url\":\"https:\\\/\\\/www.salzburgerland.com\\\/de\\\/magazin\\\/author\\\/bwalzer\\\/\",\"name\":\"Barbara Walzer, Autor\\\/in beim SalzburgerLand Magazin\",\"isPartOf\":{\"@id\":\"https:\\\/\\\/www.salzburgerland.com\\\/de\\\/magazin\\\/#website\"},\"breadcrumb\":{\"@id\":\"https:\\\/\\\/www.salzburgerland.com\\\/de\\\/magazin\\\/author\\\/bwalzer\\\/#breadcrumb\"},\"inLanguage\":\"de\",\"potentialAction\":[{\"@type\":\"ReadAction\",\"target\":[\"https:\\\/\\\/www.salzburgerland.com\\\/de\\\/magazin\\\/author\\\/bwalzer\\\/\"]}]},{\"@type\":\"BreadcrumbList\",\"@id\":\"https:\\\/\\\/www.salzburgerland.com\\\/de\\\/magazin\\\/author\\\/bwalzer\\\/#breadcrumb\",\"itemListElement\":[{\"@type\":\"ListItem\",\"position\":1,\"name\":\"Startseite\",\"item\":\"https:\\\/\\\/www.salzburgerland.com\\\/de\\\/magazin\\\/\"},{\"@type\":\"ListItem\",\"position\":2,\"name\":\"Archive f\u00fcr Barbara Walzer\"}]},{\"@type\":\"WebSite\",\"@id\":\"https:\\\/\\\/www.salzburgerland.com\\\/de\\\/magazin\\\/#website\",\"url\":\"https:\\\/\\\/www.salzburgerland.com\\\/de\\\/magazin\\\/\",\"name\":\"SalzburgerLand Magazin\",\"description\":\"Geschichten und Interessantes aus dem SalzburgerLand\",\"publisher\":{\"@id\":\"https:\\\/\\\/www.salzburgerland.com\\\/de\\\/magazin\\\/#organization\"},\"potentialAction\":[{\"@type\":\"SearchAction\",\"target\":{\"@type\":\"EntryPoint\",\"urlTemplate\":\"https:\\\/\\\/www.salzburgerland.com\\\/de\\\/magazin\\\/?s={search_term_string}\"},\"query-input\":{\"@type\":\"PropertyValueSpecification\",\"valueRequired\":true,\"valueName\":\"search_term_string\"}}],\"inLanguage\":\"de\"},{\"@type\":\"Organization\",\"@id\":\"https:\\\/\\\/www.salzburgerland.com\\\/de\\\/magazin\\\/#organization\",\"name\":\"SalzburgerLand Tourismus\",\"url\":\"https:\\\/\\\/www.salzburgerland.com\\\/de\\\/magazin\\\/\",\"logo\":{\"@type\":\"ImageObject\",\"inLanguage\":\"de\",\"@id\":\"https:\\\/\\\/www.salzburgerland.com\\\/de\\\/magazin\\\/#\\\/schema\\\/logo\\\/image\\\/\",\"url\":\"https:\\\/\\\/www.salzburgerland.com\\\/de\\\/magazin\\\/wp-content\\\/uploads\\\/2019\\\/06\\\/salzburgerland-logo1.jpg\",\"contentUrl\":\"https:\\\/\\\/www.salzburgerland.com\\\/de\\\/magazin\\\/wp-content\\\/uploads\\\/2019\\\/06\\\/salzburgerland-logo1.jpg\",\"width\":2011,\"height\":866,\"caption\":\"SalzburgerLand Tourismus\"},\"image\":{\"@id\":\"https:\\\/\\\/www.salzburgerland.com\\\/de\\\/magazin\\\/#\\\/schema\\\/logo\\\/image\\\/\"},\"sameAs\":[\"https:\\\/\\\/www.facebook.com\\\/salzburgerland\\\/\",\"https:\\\/\\\/x.com\\\/Salzburgerland\",\"https:\\\/\\\/www.instagram.com\\\/salzburgerland\\\/\",\"https:\\\/\\\/at.linkedin.com\\\/company\\\/salzburgerland-tourismus-gmbh\",\"https:\\\/\\\/www.pinterest.at\\\/salzburgerland\\\/\",\"https:\\\/\\\/www.youtube.com\\\/user\\\/salzburgerland\",\"https:\\\/\\\/de.wikipedia.org\\\/wiki\\\/SalzburgerLand_Tourismus_GmbH\"]},{\"@type\":\"Person\",\"@id\":\"https:\\\/\\\/www.salzburgerland.com\\\/de\\\/magazin\\\/#\\\/schema\\\/person\\\/32325381e229b77006a3a7079e01d8c9\",\"name\":\"Barbara Walzer\",\"description\":\"Seit vielen Jahren darf ich f\u00fcr das SalzburgerLand arbeiten \u2013 und es f\u00fchlt sich f\u00fcr mich weniger nach Beruf als nach Berufung an. Meine Inspiration finde ich dort, wo das SalzburgerLand besonders echt ist: Drau\u00dfen. Beim Wandern \u00fcber alpine Pfade, mit dem Rad durch unsere T\u00e4ler, auf Almen, im Wald oder am See. Natur, Berge und Achtsamkeit sind Teil meines Alltags und pr\u00e4gen meinen Blick auf Regionen, Menschen und Erlebnisse. Wer mich sucht, findet mich entweder am Schreibtisch \u2013 oder unterwegs (durchaus auch einmal auf einem sonnigen H\u00fcttenbankerl). Dort, wo Weite, Ruhe und Natur den Takt vorgeben. Zu Fu\u00df oder mit dem Rad, aufmerksam, neugierig und offen f\u00fcr Begegnungen. Denn die besten Geschichten entstehen dort, wo Menschen ihre Zeit, ihre Leidenschaft und ihr Lebensgef\u00fchl teilen. Im SalzburgerLand verbinden sich f\u00fcr mich genau diese Elemente: urspr\u00fcngliche Natur, gelebte Tradition, herzliche Gastgeber:innen und R\u00e4ume f\u00fcr echte Erholung. Ob Almleben oder Bergtour, stille Waldmomente oder unterhaltsame Begegnungen \u2013 all das macht die Region so besonders und erz\u00e4hlenswert. Warum ich meine Begeisterung \u00fcber das SalzburgerLand mit euch teile: Weil ich es nicht nur beschreibe, sondern erlebe. Und weil jede Region ihre Geschichten verdient \u2013 ehrlich, achtsam und nah an den Menschen erz\u00e4hlt.\",\"mainEntityOfPage\":{\"@id\":\"https:\\\/\\\/www.salzburgerland.com\\\/de\\\/magazin\\\/author\\\/bwalzer\\\/\"}}]}<\/script>\n<!-- \/ Yoast SEO Premium plugin. -->","yoast_head_json":{"title":"Barbara Walzer, Autor\/in beim SalzburgerLand Magazin","robots":{"index":"index","follow":"follow","max-snippet":"max-snippet:-1","max-image-preview":"max-image-preview:large","max-video-preview":"max-video-preview:-1"},"canonical":"https:\/\/www.salzburgerland.com\/de\/magazin\/author\/bwalzer\/","og_locale":"de_DE","og_type":"profile","og_title":"Barbara Walzer","og_url":"https:\/\/www.salzburgerland.com\/de\/magazin\/author\/bwalzer\/","og_site_name":"SalzburgerLand Magazin","og_image":[{"url":"https:\/\/secure.gravatar.com\/avatar\/a33af3f7ecbc837d99149f702ef06428086253068f7ff83b2aacb98bb919f367?s=500&d=mm&r=g","type":"","width":"","height":""}],"twitter_card":"summary_large_image","twitter_site":"@Salzburgerland","schema":{"@context":"https:\/\/schema.org","@graph":[{"@type":"ProfilePage","@id":"https:\/\/www.salzburgerland.com\/de\/magazin\/author\/bwalzer\/","url":"https:\/\/www.salzburgerland.com\/de\/magazin\/author\/bwalzer\/","name":"Barbara Walzer, Autor\/in beim SalzburgerLand Magazin","isPartOf":{"@id":"https:\/\/www.salzburgerland.com\/de\/magazin\/#website"},"breadcrumb":{"@id":"https:\/\/www.salzburgerland.com\/de\/magazin\/author\/bwalzer\/#breadcrumb"},"inLanguage":"de","potentialAction":[{"@type":"ReadAction","target":["https:\/\/www.salzburgerland.com\/de\/magazin\/author\/bwalzer\/"]}]},{"@type":"BreadcrumbList","@id":"https:\/\/www.salzburgerland.com\/de\/magazin\/author\/bwalzer\/#breadcrumb","itemListElement":[{"@type":"ListItem","position":1,"name":"Startseite","item":"https:\/\/www.salzburgerland.com\/de\/magazin\/"},{"@type":"ListItem","position":2,"name":"Archive f\u00fcr Barbara Walzer"}]},{"@type":"WebSite","@id":"https:\/\/www.salzburgerland.com\/de\/magazin\/#website","url":"https:\/\/www.salzburgerland.com\/de\/magazin\/","name":"SalzburgerLand Magazin","description":"Geschichten und Interessantes aus dem SalzburgerLand","publisher":{"@id":"https:\/\/www.salzburgerland.com\/de\/magazin\/#organization"},"potentialAction":[{"@type":"SearchAction","target":{"@type":"EntryPoint","urlTemplate":"https:\/\/www.salzburgerland.com\/de\/magazin\/?s={search_term_string}"},"query-input":{"@type":"PropertyValueSpecification","valueRequired":true,"valueName":"search_term_string"}}],"inLanguage":"de"},{"@type":"Organization","@id":"https:\/\/www.salzburgerland.com\/de\/magazin\/#organization","name":"SalzburgerLand Tourismus","url":"https:\/\/www.salzburgerland.com\/de\/magazin\/","logo":{"@type":"ImageObject","inLanguage":"de","@id":"https:\/\/www.salzburgerland.com\/de\/magazin\/#\/schema\/logo\/image\/","url":"https:\/\/www.salzburgerland.com\/de\/magazin\/wp-content\/uploads\/2019\/06\/salzburgerland-logo1.jpg","contentUrl":"https:\/\/www.salzburgerland.com\/de\/magazin\/wp-content\/uploads\/2019\/06\/salzburgerland-logo1.jpg","width":2011,"height":866,"caption":"SalzburgerLand Tourismus"},"image":{"@id":"https:\/\/www.salzburgerland.com\/de\/magazin\/#\/schema\/logo\/image\/"},"sameAs":["https:\/\/www.facebook.com\/salzburgerland\/","https:\/\/x.com\/Salzburgerland","https:\/\/www.instagram.com\/salzburgerland\/","https:\/\/at.linkedin.com\/company\/salzburgerland-tourismus-gmbh","https:\/\/www.pinterest.at\/salzburgerland\/","https:\/\/www.youtube.com\/user\/salzburgerland","https:\/\/de.wikipedia.org\/wiki\/SalzburgerLand_Tourismus_GmbH"]},{"@type":"Person","@id":"https:\/\/www.salzburgerland.com\/de\/magazin\/#\/schema\/person\/32325381e229b77006a3a7079e01d8c9","name":"Barbara Walzer","description":"Seit vielen Jahren darf ich f\u00fcr das SalzburgerLand arbeiten \u2013 und es f\u00fchlt sich f\u00fcr mich weniger nach Beruf als nach Berufung an. Meine Inspiration finde ich dort, wo das SalzburgerLand besonders echt ist: Drau\u00dfen. Beim Wandern \u00fcber alpine Pfade, mit dem Rad durch unsere T\u00e4ler, auf Almen, im Wald oder am See. Natur, Berge und Achtsamkeit sind Teil meines Alltags und pr\u00e4gen meinen Blick auf Regionen, Menschen und Erlebnisse. Wer mich sucht, findet mich entweder am Schreibtisch \u2013 oder unterwegs (durchaus auch einmal auf einem sonnigen H\u00fcttenbankerl). Dort, wo Weite, Ruhe und Natur den Takt vorgeben. Zu Fu\u00df oder mit dem Rad, aufmerksam, neugierig und offen f\u00fcr Begegnungen. Denn die besten Geschichten entstehen dort, wo Menschen ihre Zeit, ihre Leidenschaft und ihr Lebensgef\u00fchl teilen. Im SalzburgerLand verbinden sich f\u00fcr mich genau diese Elemente: urspr\u00fcngliche Natur, gelebte Tradition, herzliche Gastgeber:innen und R\u00e4ume f\u00fcr echte Erholung. Ob Almleben oder Bergtour, stille Waldmomente oder unterhaltsame Begegnungen \u2013 all das macht die Region so besonders und erz\u00e4hlenswert. Warum ich meine Begeisterung \u00fcber das SalzburgerLand mit euch teile: Weil ich es nicht nur beschreibe, sondern erlebe. Und weil jede Region ihre Geschichten verdient \u2013 ehrlich, achtsam und nah an den Menschen erz\u00e4hlt.","mainEntityOfPage":{"@id":"https:\/\/www.salzburgerland.com\/de\/magazin\/author\/bwalzer\/"}}]}},"mpp_avatar":{"errors":{"mpp_no_profile_picture":["Das Profilbild wurde nicht gefunden."]},"error_data":{"mpp_no_profile_picture":{"status":404}}},"_links":{"self":[{"href":"https:\/\/www.salzburgerland.com\/de\/magazin\/wp-json\/wp\/v2\/users\/567","targetHints":{"allow":["GET"]}}],"collection":[{"href":"https:\/\/www.salzburgerland.com\/de\/magazin\/wp-json\/wp\/v2\/users"}]}}