{"id":488,"name":"Eva Krallinger","url":"http:\/\/www.fraeuleinflora.at","description":"<p>Gerade erst die Vollj\u00e4hrigkeit erreicht, will man immer nur das Eine: Weg von daheim, raus in die Welt und ja nichts verpassen. Also ab nach K\u00e4rnten (Zwischenstopp), Frankreich, Washington D.C., Schweiz. Ein paar Jahre sp\u00e4ter will man dann wieder nur das Andere: zur\u00fcck nach Hause, ins Gr\u00fcne, ins Blaue, ins Wei\u00dfe und ins Graue. Von der Angst vorm Verpassen ist dann nichts mehr \u00fcbrig, im Gegenteil, es wird eigentlich gerne verpasst, um sich aufs Wesentliche zu konzentrieren und bewusst zu genie\u00dfen, was dieses Daheim zu bieten hat.<\/p><p><strong>Mein Logenplatz im Salzburgerland?<\/strong> <br \/>Das Gollinger Bluntautal. Schon als Kind habe ich dort gespielt und habe das eine oder andere Mal unabsichtlich Bekanntschaft mit dem wirklich (!) kalten Wasser geschlossen.<\/p><p><strong>Dosige oder Zuagroaste?<\/strong> <br \/>Dosige, aus dem Herzen des Salzburger Tennengaus.<\/p><p><strong>Fr\u00fchling, Sommer, Herbst oder Winter?<\/strong> <br \/>Sommer, aber immer nur mit Sonnenschutzfaktor 50+.<\/p><p><strong>Salzburger Nockerl oder Schwarzbeernocken?<br \/><\/strong>Schwarzbeernocken - wegen der blauen Zunge danach.<\/p><p><strong>Weltliteratur oder Tratsch und Klatsch?<\/strong> <br \/>Weltliteratur in Buchform, Tratsch und Klatsch im Kaffeehaus.<\/p><p>Schreibt f\u00fcr das junge Salzurger Onlinemagazin <a href=\"http:\/\/www.fraeuleinflora.at\" target=\"_blank\">Fr\u00e4ulein Floras Favourite Hangouts<\/a> \u00fcber Menschen, Orte und Geschichte in Salzburg und liebt es.<\/p>","link":"https:\/\/www.salzburgerland.com\/de\/magazin\/author\/eva-krallinger\/","slug":"eva-krallinger","meta":{"web_stories_tracking_optin":false,"web_stories_media_optimization":true,"web_stories_onboarding":[]},"acf":[],"yoast_head":"<!-- This site is optimized with the Yoast SEO Premium plugin v27.4 (Yoast SEO v27.4) - https:\/\/yoast.com\/product\/yoast-seo-premium-wordpress\/ -->\n<title>Eva Krallinger, Autor\/in beim SalzburgerLand Magazin<\/title>\n<meta name=\"robots\" content=\"index, follow, max-snippet:-1, max-image-preview:large, max-video-preview:-1\" \/>\n<link rel=\"canonical\" href=\"https:\/\/www.salzburgerland.com\/de\/magazin\/author\/eva-krallinger\/\" \/>\n<meta property=\"og:locale\" content=\"de_DE\" \/>\n<meta property=\"og:type\" content=\"profile\" \/>\n<meta property=\"og:title\" content=\"Eva Krallinger\" \/>\n<meta property=\"og:url\" content=\"https:\/\/www.salzburgerland.com\/de\/magazin\/author\/eva-krallinger\/\" \/>\n<meta property=\"og:site_name\" content=\"SalzburgerLand Magazin\" \/>\n<meta property=\"og:image\" content=\"https:\/\/secure.gravatar.com\/avatar\/af28381ddef73169b7589ae0ef391681?s=500&d=mm&r=g\" \/>\n<meta name=\"twitter:card\" content=\"summary_large_image\" \/>\n<meta name=\"twitter:site\" content=\"@Salzburgerland\" \/>\n<script type=\"application\/ld+json\" class=\"yoast-schema-graph\">{\"@context\":\"https:\\\/\\\/schema.org\",\"@graph\":[{\"@type\":\"ProfilePage\",\"@id\":\"https:\\\/\\\/www.salzburgerland.com\\\/de\\\/magazin\\\/author\\\/eva-krallinger\\\/\",\"url\":\"https:\\\/\\\/www.salzburgerland.com\\\/de\\\/magazin\\\/author\\\/eva-krallinger\\\/\",\"name\":\"Eva Krallinger, Autor\\\/in beim SalzburgerLand Magazin\",\"isPartOf\":{\"@id\":\"https:\\\/\\\/www.salzburgerland.com\\\/de\\\/magazin\\\/#website\"},\"breadcrumb\":{\"@id\":\"https:\\\/\\\/www.salzburgerland.com\\\/de\\\/magazin\\\/author\\\/eva-krallinger\\\/#breadcrumb\"},\"inLanguage\":\"de\",\"potentialAction\":[{\"@type\":\"ReadAction\",\"target\":[\"https:\\\/\\\/www.salzburgerland.com\\\/de\\\/magazin\\\/author\\\/eva-krallinger\\\/\"]}]},{\"@type\":\"BreadcrumbList\",\"@id\":\"https:\\\/\\\/www.salzburgerland.com\\\/de\\\/magazin\\\/author\\\/eva-krallinger\\\/#breadcrumb\",\"itemListElement\":[{\"@type\":\"ListItem\",\"position\":1,\"name\":\"Startseite\",\"item\":\"https:\\\/\\\/www.salzburgerland.com\\\/de\\\/magazin\\\/\"},{\"@type\":\"ListItem\",\"position\":2,\"name\":\"Archive f\u00fcr Eva Krallinger\"}]},{\"@type\":\"WebSite\",\"@id\":\"https:\\\/\\\/www.salzburgerland.com\\\/de\\\/magazin\\\/#website\",\"url\":\"https:\\\/\\\/www.salzburgerland.com\\\/de\\\/magazin\\\/\",\"name\":\"SalzburgerLand Magazin\",\"description\":\"Geschichten und Interessantes aus dem SalzburgerLand\",\"publisher\":{\"@id\":\"https:\\\/\\\/www.salzburgerland.com\\\/de\\\/magazin\\\/#organization\"},\"potentialAction\":[{\"@type\":\"SearchAction\",\"target\":{\"@type\":\"EntryPoint\",\"urlTemplate\":\"https:\\\/\\\/www.salzburgerland.com\\\/de\\\/magazin\\\/?s={search_term_string}\"},\"query-input\":{\"@type\":\"PropertyValueSpecification\",\"valueRequired\":true,\"valueName\":\"search_term_string\"}}],\"inLanguage\":\"de\"},{\"@type\":\"Organization\",\"@id\":\"https:\\\/\\\/www.salzburgerland.com\\\/de\\\/magazin\\\/#organization\",\"name\":\"SalzburgerLand Tourismus\",\"url\":\"https:\\\/\\\/www.salzburgerland.com\\\/de\\\/magazin\\\/\",\"logo\":{\"@type\":\"ImageObject\",\"inLanguage\":\"de\",\"@id\":\"https:\\\/\\\/www.salzburgerland.com\\\/de\\\/magazin\\\/#\\\/schema\\\/logo\\\/image\\\/\",\"url\":\"https:\\\/\\\/www.salzburgerland.com\\\/de\\\/magazin\\\/wp-content\\\/uploads\\\/2019\\\/06\\\/salzburgerland-logo1.jpg\",\"contentUrl\":\"https:\\\/\\\/www.salzburgerland.com\\\/de\\\/magazin\\\/wp-content\\\/uploads\\\/2019\\\/06\\\/salzburgerland-logo1.jpg\",\"width\":2011,\"height\":866,\"caption\":\"SalzburgerLand Tourismus\"},\"image\":{\"@id\":\"https:\\\/\\\/www.salzburgerland.com\\\/de\\\/magazin\\\/#\\\/schema\\\/logo\\\/image\\\/\"},\"sameAs\":[\"https:\\\/\\\/www.facebook.com\\\/salzburgerland\\\/\",\"https:\\\/\\\/x.com\\\/Salzburgerland\",\"https:\\\/\\\/www.instagram.com\\\/salzburgerland\\\/\",\"https:\\\/\\\/at.linkedin.com\\\/company\\\/salzburgerland-tourismus-gmbh\",\"https:\\\/\\\/www.pinterest.at\\\/salzburgerland\\\/\",\"https:\\\/\\\/www.youtube.com\\\/user\\\/salzburgerland\",\"https:\\\/\\\/de.wikipedia.org\\\/wiki\\\/SalzburgerLand_Tourismus_GmbH\"]},{\"@type\":\"Person\",\"@id\":\"https:\\\/\\\/www.salzburgerland.com\\\/de\\\/magazin\\\/#\\\/schema\\\/person\\\/ae3e7554e48d7c28b7f7f64f0ea3c635\",\"name\":\"Eva Krallinger\",\"description\":\"Gerade erst die Vollj\u00e4hrigkeit erreicht, will man immer nur das Eine: Weg von daheim, raus in die Welt und ja nichts verpassen. Also ab nach K\u00e4rnten (Zwischenstopp), Frankreich, Washington D.C., Schweiz. Ein paar Jahre sp\u00e4ter will man dann wieder nur das Andere: zur\u00fcck nach Hause, ins Gr\u00fcne, ins Blaue, ins Wei\u00dfe und ins Graue. Von der Angst vorm Verpassen ist dann nichts mehr \u00fcbrig, im Gegenteil, es wird eigentlich gerne verpasst, um sich aufs Wesentliche zu konzentrieren und bewusst zu genie\u00dfen, was dieses Daheim zu bieten hat. Mein Logenplatz im Salzburgerland? Das Gollinger Bluntautal. Schon als Kind habe ich dort gespielt und habe das eine oder andere Mal unabsichtlich Bekanntschaft mit dem wirklich (!) kalten Wasser geschlossen. Dosige oder Zuagroaste? Dosige, aus dem Herzen des Salzburger Tennengaus. Fr\u00fchling, Sommer, Herbst oder Winter? Sommer, aber immer nur mit Sonnenschutzfaktor 50+. Salzburger Nockerl oder Schwarzbeernocken? Schwarzbeernocken - wegen der blauen Zunge danach. Weltliteratur oder Tratsch und Klatsch? Weltliteratur in Buchform, Tratsch und Klatsch im Kaffeehaus. Schreibt f\u00fcr das junge Salzurger Onlinemagazin Fr\u00e4ulein Floras Favourite Hangouts \u00fcber Menschen, Orte und Geschichte in Salzburg und liebt es.\",\"sameAs\":[\"http:\\\/\\\/www.fraeuleinflora.at\",\"www.facebook.com\\\/fraeuleinflora\",\"https:\\\/\\\/x.com\\\/keeeva\"],\"mainEntityOfPage\":{\"@id\":\"https:\\\/\\\/www.salzburgerland.com\\\/de\\\/magazin\\\/author\\\/eva-krallinger\\\/\"}}]}<\/script>\n<!-- \/ Yoast SEO Premium plugin. -->","yoast_head_json":{"title":"Eva Krallinger, Autor\/in beim SalzburgerLand Magazin","robots":{"index":"index","follow":"follow","max-snippet":"max-snippet:-1","max-image-preview":"max-image-preview:large","max-video-preview":"max-video-preview:-1"},"canonical":"https:\/\/www.salzburgerland.com\/de\/magazin\/author\/eva-krallinger\/","og_locale":"de_DE","og_type":"profile","og_title":"Eva Krallinger","og_url":"https:\/\/www.salzburgerland.com\/de\/magazin\/author\/eva-krallinger\/","og_site_name":"SalzburgerLand Magazin","og_image":[{"url":"https:\/\/secure.gravatar.com\/avatar\/af28381ddef73169b7589ae0ef391681?s=500&d=mm&r=g","type":"","width":"","height":""}],"twitter_card":"summary_large_image","twitter_site":"@Salzburgerland","schema":{"@context":"https:\/\/schema.org","@graph":[{"@type":"ProfilePage","@id":"https:\/\/www.salzburgerland.com\/de\/magazin\/author\/eva-krallinger\/","url":"https:\/\/www.salzburgerland.com\/de\/magazin\/author\/eva-krallinger\/","name":"Eva Krallinger, Autor\/in beim SalzburgerLand Magazin","isPartOf":{"@id":"https:\/\/www.salzburgerland.com\/de\/magazin\/#website"},"breadcrumb":{"@id":"https:\/\/www.salzburgerland.com\/de\/magazin\/author\/eva-krallinger\/#breadcrumb"},"inLanguage":"de","potentialAction":[{"@type":"ReadAction","target":["https:\/\/www.salzburgerland.com\/de\/magazin\/author\/eva-krallinger\/"]}]},{"@type":"BreadcrumbList","@id":"https:\/\/www.salzburgerland.com\/de\/magazin\/author\/eva-krallinger\/#breadcrumb","itemListElement":[{"@type":"ListItem","position":1,"name":"Startseite","item":"https:\/\/www.salzburgerland.com\/de\/magazin\/"},{"@type":"ListItem","position":2,"name":"Archive f\u00fcr Eva Krallinger"}]},{"@type":"WebSite","@id":"https:\/\/www.salzburgerland.com\/de\/magazin\/#website","url":"https:\/\/www.salzburgerland.com\/de\/magazin\/","name":"SalzburgerLand Magazin","description":"Geschichten und Interessantes aus dem SalzburgerLand","publisher":{"@id":"https:\/\/www.salzburgerland.com\/de\/magazin\/#organization"},"potentialAction":[{"@type":"SearchAction","target":{"@type":"EntryPoint","urlTemplate":"https:\/\/www.salzburgerland.com\/de\/magazin\/?s={search_term_string}"},"query-input":{"@type":"PropertyValueSpecification","valueRequired":true,"valueName":"search_term_string"}}],"inLanguage":"de"},{"@type":"Organization","@id":"https:\/\/www.salzburgerland.com\/de\/magazin\/#organization","name":"SalzburgerLand Tourismus","url":"https:\/\/www.salzburgerland.com\/de\/magazin\/","logo":{"@type":"ImageObject","inLanguage":"de","@id":"https:\/\/www.salzburgerland.com\/de\/magazin\/#\/schema\/logo\/image\/","url":"https:\/\/www.salzburgerland.com\/de\/magazin\/wp-content\/uploads\/2019\/06\/salzburgerland-logo1.jpg","contentUrl":"https:\/\/www.salzburgerland.com\/de\/magazin\/wp-content\/uploads\/2019\/06\/salzburgerland-logo1.jpg","width":2011,"height":866,"caption":"SalzburgerLand Tourismus"},"image":{"@id":"https:\/\/www.salzburgerland.com\/de\/magazin\/#\/schema\/logo\/image\/"},"sameAs":["https:\/\/www.facebook.com\/salzburgerland\/","https:\/\/x.com\/Salzburgerland","https:\/\/www.instagram.com\/salzburgerland\/","https:\/\/at.linkedin.com\/company\/salzburgerland-tourismus-gmbh","https:\/\/www.pinterest.at\/salzburgerland\/","https:\/\/www.youtube.com\/user\/salzburgerland","https:\/\/de.wikipedia.org\/wiki\/SalzburgerLand_Tourismus_GmbH"]},{"@type":"Person","@id":"https:\/\/www.salzburgerland.com\/de\/magazin\/#\/schema\/person\/ae3e7554e48d7c28b7f7f64f0ea3c635","name":"Eva Krallinger","description":"Gerade erst die Vollj\u00e4hrigkeit erreicht, will man immer nur das Eine: Weg von daheim, raus in die Welt und ja nichts verpassen. Also ab nach K\u00e4rnten (Zwischenstopp), Frankreich, Washington D.C., Schweiz. Ein paar Jahre sp\u00e4ter will man dann wieder nur das Andere: zur\u00fcck nach Hause, ins Gr\u00fcne, ins Blaue, ins Wei\u00dfe und ins Graue. Von der Angst vorm Verpassen ist dann nichts mehr \u00fcbrig, im Gegenteil, es wird eigentlich gerne verpasst, um sich aufs Wesentliche zu konzentrieren und bewusst zu genie\u00dfen, was dieses Daheim zu bieten hat. Mein Logenplatz im Salzburgerland? Das Gollinger Bluntautal. Schon als Kind habe ich dort gespielt und habe das eine oder andere Mal unabsichtlich Bekanntschaft mit dem wirklich (!) kalten Wasser geschlossen. Dosige oder Zuagroaste? Dosige, aus dem Herzen des Salzburger Tennengaus. Fr\u00fchling, Sommer, Herbst oder Winter? Sommer, aber immer nur mit Sonnenschutzfaktor 50+. Salzburger Nockerl oder Schwarzbeernocken? Schwarzbeernocken - wegen der blauen Zunge danach. Weltliteratur oder Tratsch und Klatsch? Weltliteratur in Buchform, Tratsch und Klatsch im Kaffeehaus. Schreibt f\u00fcr das junge Salzurger Onlinemagazin Fr\u00e4ulein Floras Favourite Hangouts \u00fcber Menschen, Orte und Geschichte in Salzburg und liebt es.","sameAs":["http:\/\/www.fraeuleinflora.at","www.facebook.com\/fraeuleinflora","https:\/\/x.com\/keeeva"],"mainEntityOfPage":{"@id":"https:\/\/www.salzburgerland.com\/de\/magazin\/author\/eva-krallinger\/"}}]}},"mpp_avatar":{"errors":{"mpp_no_profile_picture":["Das Profilbild wurde nicht gefunden."]},"error_data":{"mpp_no_profile_picture":{"status":404}}},"_links":{"self":[{"href":"https:\/\/www.salzburgerland.com\/de\/magazin\/wp-json\/wp\/v2\/users\/488","targetHints":{"allow":["GET"]}}],"collection":[{"href":"https:\/\/www.salzburgerland.com\/de\/magazin\/wp-json\/wp\/v2\/users"}]}}