{"id":226,"name":"Franziska Lipp","url":"http:\/\/www.franziskalipp.com","description":"Franziska Lipp ist Texterin, Buchautorin und freie Journalistin. Privat ist sie am allerliebsten drau\u00dfen in der Natur unterwegs: Zu Fu\u00df, mit dem Mountainbiker oder mit Ski. Hauptsache der Rucksack ist mit dabei und viel Zeit. Gerne in Begleitung, aber ebenso gerne auch allein: Denn es gibt keinen besseren Gespr\u00e4chspartner als die Natur selbst.\r\n\r\nWas ihre beiden Lebensbereiche \u2013 das Berufliche und das Private \u2013 verbindet, ist ihre Vorliebe f\u00fcr Geschichten. Die Salzburgerin liebt es einerseits, Menschen zuzuh\u00f6ren, die eine Geschichte zu erz\u00e4hlen haben. Andererseits ist sie selbst eine passionierte Geschichtenerz\u00e4hlerin.\r\n\r\nFranziska Lipp betreute als Chefredakteurin \u00fcber zehn Jahre lang das G\u00e4stemagazin \u201eSommerzeit\u201c und \u201eWinterzeit\u201c der SalzburgerLand Tourismus und begleitet das Unternehmen bei zahlreichen Projekten wie etwa bei der Neu-Konzeption des \u201eSalzburger Almenwegs\u201c.\r\n\r\nDie studierte Tourismussoziologin h\u00e4lt Schreib- und Storytelling-Workshops f\u00fcr touristische Unternehmen und Verb\u00e4nde und begleitet als Konzepterin touristische Projekte wie das \u201eSalzburger Gipfelspiel\u201c in der Salzburger Sportwelt.\r\n\r\nIm Februar 2023 erschien ihr Buch \u201eLieblingspl\u00e4tze im Salzburger Land\u201c im Gmeiner Verlag mit 84 besonderen Orten in der Stadt Salzburg und in allen Ferienregionen.\r\n\r\n<strong>Bisher erschienene B\u00fccher von Franziska Lipp:<\/strong>\r\n<ul>\r\n \t<li>\u201eLieblingspl\u00e4tze im Salzburger Land\u201c \u2013 2023 (Gmeiner Verlag)<\/li>\r\n \t<li>\u201eK\u00f6stliches von der M\u00fcllerin\u201c \u2013 2021 (Hg. Monika Drax, Drax-M\u00fchle)<\/li>\r\n \t<li>\u201eGesundheit im Zentrum\u201c \u2013 Richtig gut leben mit der Modernen-Mayr-Medizin \u2013 2021 (Hg. Park Igls)<\/li>\r\n \t<li>\u201eDas kleine Buch: Stille Nacht! Heilige Nacht!\u201c \u2013 2018 (Servus Benevento Verlag)<\/li>\r\n \t<li>\u201eDas kleine Buch: Imker werden\u201c \u2013 2016, (Servus Benevento Verlag)<\/li>\r\n \t<li>\u201eDas kleine Buch: Die Gro\u00dfglockner Hochalpenstra\u00dfe anders erleben\u201c \u2013 2016, (Servus Benevento Verlag)<\/li>\r\n \t<li>\u201eBeste Aussichten im Salzburger Land\u201c \u2013 2014 (Gmeiner Verlag)<\/li>\r\n<\/ul>\r\n<strong>Salzburger Nockerl oder Schwarzbeernocken?<\/strong>\r\nDefinitiv die Schwarzbeernocken: Nichts schmeckt so sehr nach Wald und Sommer wie diese s\u00fc\u00dfen K\u00f6stlichkeiten!\r\n\r\n<strong>Stadt oder Land?\r\n<\/strong>Die Stadt Salzburg ist meine absolute Herzensstadt und ich wei\u00df es zu sch\u00e4tzen, in der Lieblingsstadt wohnen zu d\u00fcrfen. Zum Gl\u00fcck geht es in den einzelnen Stadtvierteln fast d\u00f6rflich zu: Jeder kennt jeden! Das erinnert ans Leben auf dem Land.\r\n\r\n<strong>Almsommer oder Skiwinter?<\/strong>\r\nBeides \u2013 nur im Wechsel der Jahreszeiten k\u00f6nnen wir ihre Besonderheiten erst so richtig sch\u00e4tzen.\r\n\r\n<strong>Lesen oder Schreiben?<\/strong>\r\nDas Schreiben ist Teil meiner Person. Ohne das Schreiben w\u00e4re ich nicht ich. Das Schreiben ist \u2013 obwohl Arbeit \u2013 meine t\u00e4gliche Dosis, um gl\u00fccklich zu sein. M\u00fcsste ich mich wirklich f\u00fcr etwa entscheiden, dann w\u00e4re es das Schreiben: Denn dann h\u00e4tte ich auch automatisch was zum Lesen.\r\n\r\n<strong>See oder Berg?\r\n<\/strong>Eigentlich immer der Berg: Weil ich \u2013 auf einem Gipfel stehend \u2013 stets ein Gef\u00fchl von purer Freiheit und tiefster Zufriedenheit empfinde","link":"https:\/\/www.salzburgerland.com\/de\/magazin\/author\/franziska-lipp\/","slug":"franziska-lipp","meta":{"web_stories_tracking_optin":false,"web_stories_media_optimization":true,"web_stories_onboarding":[]},"acf":[],"yoast_head":"<!-- This site is optimized with the Yoast SEO Premium plugin v27.4 (Yoast SEO v27.4) - https:\/\/yoast.com\/product\/yoast-seo-premium-wordpress\/ -->\n<title>Franziska Lipp, Autor\/in beim SalzburgerLand Magazin<\/title>\n<meta name=\"robots\" content=\"index, follow, max-snippet:-1, max-image-preview:large, max-video-preview:-1\" \/>\n<link rel=\"canonical\" href=\"https:\/\/www.salzburgerland.com\/de\/magazin\/author\/franziska-lipp\/\" \/>\n<meta property=\"og:locale\" content=\"de_DE\" \/>\n<meta property=\"og:type\" content=\"profile\" \/>\n<meta property=\"og:title\" content=\"Franziska Lipp\" \/>\n<meta property=\"og:url\" content=\"https:\/\/www.salzburgerland.com\/de\/magazin\/author\/franziska-lipp\/\" \/>\n<meta property=\"og:site_name\" content=\"SalzburgerLand Magazin\" \/>\n<meta property=\"og:image\" content=\"https:\/\/secure.gravatar.com\/avatar\/48a167f328e1bd23c3d0c0ba07c5997f?s=500&d=mm&r=g\" \/>\n<meta name=\"twitter:card\" content=\"summary_large_image\" \/>\n<meta name=\"twitter:site\" content=\"@Salzburgerland\" \/>\n<script type=\"application\/ld+json\" class=\"yoast-schema-graph\">{\"@context\":\"https:\\\/\\\/schema.org\",\"@graph\":[{\"@type\":\"ProfilePage\",\"@id\":\"https:\\\/\\\/www.salzburgerland.com\\\/de\\\/magazin\\\/author\\\/franziska-lipp\\\/\",\"url\":\"https:\\\/\\\/www.salzburgerland.com\\\/de\\\/magazin\\\/author\\\/franziska-lipp\\\/\",\"name\":\"Franziska Lipp, Autor\\\/in beim SalzburgerLand Magazin\",\"isPartOf\":{\"@id\":\"https:\\\/\\\/www.salzburgerland.com\\\/de\\\/magazin\\\/#website\"},\"breadcrumb\":{\"@id\":\"https:\\\/\\\/www.salzburgerland.com\\\/de\\\/magazin\\\/author\\\/franziska-lipp\\\/#breadcrumb\"},\"inLanguage\":\"de\",\"potentialAction\":[{\"@type\":\"ReadAction\",\"target\":[\"https:\\\/\\\/www.salzburgerland.com\\\/de\\\/magazin\\\/author\\\/franziska-lipp\\\/\"]}]},{\"@type\":\"BreadcrumbList\",\"@id\":\"https:\\\/\\\/www.salzburgerland.com\\\/de\\\/magazin\\\/author\\\/franziska-lipp\\\/#breadcrumb\",\"itemListElement\":[{\"@type\":\"ListItem\",\"position\":1,\"name\":\"Startseite\",\"item\":\"https:\\\/\\\/www.salzburgerland.com\\\/de\\\/magazin\\\/\"},{\"@type\":\"ListItem\",\"position\":2,\"name\":\"Archive f\u00fcr Franziska Lipp\"}]},{\"@type\":\"WebSite\",\"@id\":\"https:\\\/\\\/www.salzburgerland.com\\\/de\\\/magazin\\\/#website\",\"url\":\"https:\\\/\\\/www.salzburgerland.com\\\/de\\\/magazin\\\/\",\"name\":\"SalzburgerLand Magazin\",\"description\":\"Geschichten und Interessantes aus dem SalzburgerLand\",\"publisher\":{\"@id\":\"https:\\\/\\\/www.salzburgerland.com\\\/de\\\/magazin\\\/#organization\"},\"potentialAction\":[{\"@type\":\"SearchAction\",\"target\":{\"@type\":\"EntryPoint\",\"urlTemplate\":\"https:\\\/\\\/www.salzburgerland.com\\\/de\\\/magazin\\\/?s={search_term_string}\"},\"query-input\":{\"@type\":\"PropertyValueSpecification\",\"valueRequired\":true,\"valueName\":\"search_term_string\"}}],\"inLanguage\":\"de\"},{\"@type\":\"Organization\",\"@id\":\"https:\\\/\\\/www.salzburgerland.com\\\/de\\\/magazin\\\/#organization\",\"name\":\"SalzburgerLand Tourismus\",\"url\":\"https:\\\/\\\/www.salzburgerland.com\\\/de\\\/magazin\\\/\",\"logo\":{\"@type\":\"ImageObject\",\"inLanguage\":\"de\",\"@id\":\"https:\\\/\\\/www.salzburgerland.com\\\/de\\\/magazin\\\/#\\\/schema\\\/logo\\\/image\\\/\",\"url\":\"https:\\\/\\\/www.salzburgerland.com\\\/de\\\/magazin\\\/wp-content\\\/uploads\\\/2019\\\/06\\\/salzburgerland-logo1.jpg\",\"contentUrl\":\"https:\\\/\\\/www.salzburgerland.com\\\/de\\\/magazin\\\/wp-content\\\/uploads\\\/2019\\\/06\\\/salzburgerland-logo1.jpg\",\"width\":2011,\"height\":866,\"caption\":\"SalzburgerLand Tourismus\"},\"image\":{\"@id\":\"https:\\\/\\\/www.salzburgerland.com\\\/de\\\/magazin\\\/#\\\/schema\\\/logo\\\/image\\\/\"},\"sameAs\":[\"https:\\\/\\\/www.facebook.com\\\/salzburgerland\\\/\",\"https:\\\/\\\/x.com\\\/Salzburgerland\",\"https:\\\/\\\/www.instagram.com\\\/salzburgerland\\\/\",\"https:\\\/\\\/at.linkedin.com\\\/company\\\/salzburgerland-tourismus-gmbh\",\"https:\\\/\\\/www.pinterest.at\\\/salzburgerland\\\/\",\"https:\\\/\\\/www.youtube.com\\\/user\\\/salzburgerland\",\"https:\\\/\\\/de.wikipedia.org\\\/wiki\\\/SalzburgerLand_Tourismus_GmbH\"]},{\"@type\":\"Person\",\"@id\":\"https:\\\/\\\/www.salzburgerland.com\\\/de\\\/magazin\\\/#\\\/schema\\\/person\\\/de63f37594c18fae834230774d6a2704\",\"name\":\"Franziska Lipp\",\"description\":\"Franziska Lipp ist Texterin, Buchautorin und freie Journalistin. Privat ist sie am allerliebsten drau\u00dfen in der Natur unterwegs: Zu Fu\u00df, mit dem Mountainbiker oder mit Ski. Hauptsache der Rucksack ist mit dabei und viel Zeit. Gerne in Begleitung, aber ebenso gerne auch allein: Denn es gibt keinen besseren Gespr\u00e4chspartner als die Natur selbst. Was ihre beiden Lebensbereiche \u2013 das Berufliche und das Private \u2013 verbindet, ist ihre Vorliebe f\u00fcr Geschichten. Die Salzburgerin liebt es einerseits, Menschen zuzuh\u00f6ren, die eine Geschichte zu erz\u00e4hlen haben. Andererseits ist sie selbst eine passionierte Geschichtenerz\u00e4hlerin. Franziska Lipp betreute als Chefredakteurin \u00fcber zehn Jahre lang das G\u00e4stemagazin \u201eSommerzeit\u201c und \u201eWinterzeit\u201c der SalzburgerLand Tourismus und begleitet das Unternehmen bei zahlreichen Projekten wie etwa bei der Neu-Konzeption des \u201eSalzburger Almenwegs\u201c. Die studierte Tourismussoziologin h\u00e4lt Schreib- und Storytelling-Workshops f\u00fcr touristische Unternehmen und Verb\u00e4nde und begleitet als Konzepterin touristische Projekte wie das \u201eSalzburger Gipfelspiel\u201c in der Salzburger Sportwelt. Im Februar 2023 erschien ihr Buch \u201eLieblingspl\u00e4tze im Salzburger Land\u201c im Gmeiner Verlag mit 84 besonderen Orten in der Stadt Salzburg und in allen Ferienregionen. Bisher erschienene B\u00fccher von Franziska Lipp: \u2022 \u201eLieblingspl\u00e4tze im Salzburger Land\u201c \u2013 2023 (Gmeiner Verlag) \u2022 \u201eK\u00f6stliches von der M\u00fcllerin\u201c \u2013 2021 (Hg. Monika Drax, Drax-M\u00fchle) \u2022 \u201eGesundheit im Zentrum\u201c \u2013 Richtig gut leben mit der Modernen-Mayr-Medizin \u2013 2021 (Hg. Park Igls) \u2022 \u201eDas kleine Buch: Stille Nacht! Heilige Nacht!\u201c \u2013 2018 (Servus Benevento Verlag) \u2022 \u201eDas kleine Buch: Imker werden\u201c \u2013 2016, (Servus Benevento Verlag) \u2022 \u201eDas kleine Buch: Die Gro\u00dfglockner Hochalpenstra\u00dfe anders erleben\u201c \u2013 2016, (Servus Benevento Verlag) \u2022 \u201eBeste Aussichten im Salzburger Land\u201c \u2013 2014 (Gmeiner Verlag) Salzburger Nockerl oder Schwarzbeernocken? Definitiv die Schwarzbeernocken: Nichts schmeckt so sehr nach Wald und Sommer wie diese s\u00fc\u00dfen K\u00f6stlichkeiten! Stadt oder Land? Die Stadt Salzburg ist meine absolute Herzensstadt und ich wei\u00df es zu sch\u00e4tzen, in der Lieblingsstadt wohnen zu d\u00fcrfen. Zum Gl\u00fcck geht es in den einzelnen Stadtvierteln fast d\u00f6rflich zu: Jeder kennt jeden! Das erinnert ans Leben auf dem Land. Almsommer oder Skiwinter? Beides \u2013 nur im Wechsel der Jahreszeiten k\u00f6nnen wir ihre Besonderheiten erst so richtig sch\u00e4tzen. Lesen oder Schreiben? Das Schreiben ist Teil meiner Person. Ohne das Schreiben w\u00e4re ich nicht ich. Das Schreiben ist \u2013 obwohl Arbeit \u2013 meine t\u00e4gliche Dosis, um gl\u00fccklich zu sein. M\u00fcsste ich mich wirklich f\u00fcr etwa entscheiden, dann w\u00e4re es das Schreiben: Denn dann h\u00e4tte ich auch automatisch was zum Lesen. See oder Berg? Eigentlich immer der Berg: Weil ich \u2013 auf einem Gipfel stehend \u2013 stets ein Gef\u00fchl von purer Freiheit und tiefster Zufriedenheit empfinde\",\"sameAs\":[\"http:\\\/\\\/www.franziskalipp.com\"],\"mainEntityOfPage\":{\"@id\":\"https:\\\/\\\/www.salzburgerland.com\\\/de\\\/magazin\\\/author\\\/franziska-lipp\\\/\"}}]}<\/script>\n<!-- \/ Yoast SEO Premium plugin. -->","yoast_head_json":{"title":"Franziska Lipp, Autor\/in beim SalzburgerLand Magazin","robots":{"index":"index","follow":"follow","max-snippet":"max-snippet:-1","max-image-preview":"max-image-preview:large","max-video-preview":"max-video-preview:-1"},"canonical":"https:\/\/www.salzburgerland.com\/de\/magazin\/author\/franziska-lipp\/","og_locale":"de_DE","og_type":"profile","og_title":"Franziska Lipp","og_url":"https:\/\/www.salzburgerland.com\/de\/magazin\/author\/franziska-lipp\/","og_site_name":"SalzburgerLand Magazin","og_image":[{"url":"https:\/\/secure.gravatar.com\/avatar\/48a167f328e1bd23c3d0c0ba07c5997f?s=500&d=mm&r=g","type":"","width":"","height":""}],"twitter_card":"summary_large_image","twitter_site":"@Salzburgerland","schema":{"@context":"https:\/\/schema.org","@graph":[{"@type":"ProfilePage","@id":"https:\/\/www.salzburgerland.com\/de\/magazin\/author\/franziska-lipp\/","url":"https:\/\/www.salzburgerland.com\/de\/magazin\/author\/franziska-lipp\/","name":"Franziska Lipp, Autor\/in beim SalzburgerLand Magazin","isPartOf":{"@id":"https:\/\/www.salzburgerland.com\/de\/magazin\/#website"},"breadcrumb":{"@id":"https:\/\/www.salzburgerland.com\/de\/magazin\/author\/franziska-lipp\/#breadcrumb"},"inLanguage":"de","potentialAction":[{"@type":"ReadAction","target":["https:\/\/www.salzburgerland.com\/de\/magazin\/author\/franziska-lipp\/"]}]},{"@type":"BreadcrumbList","@id":"https:\/\/www.salzburgerland.com\/de\/magazin\/author\/franziska-lipp\/#breadcrumb","itemListElement":[{"@type":"ListItem","position":1,"name":"Startseite","item":"https:\/\/www.salzburgerland.com\/de\/magazin\/"},{"@type":"ListItem","position":2,"name":"Archive f\u00fcr Franziska Lipp"}]},{"@type":"WebSite","@id":"https:\/\/www.salzburgerland.com\/de\/magazin\/#website","url":"https:\/\/www.salzburgerland.com\/de\/magazin\/","name":"SalzburgerLand Magazin","description":"Geschichten und Interessantes aus dem SalzburgerLand","publisher":{"@id":"https:\/\/www.salzburgerland.com\/de\/magazin\/#organization"},"potentialAction":[{"@type":"SearchAction","target":{"@type":"EntryPoint","urlTemplate":"https:\/\/www.salzburgerland.com\/de\/magazin\/?s={search_term_string}"},"query-input":{"@type":"PropertyValueSpecification","valueRequired":true,"valueName":"search_term_string"}}],"inLanguage":"de"},{"@type":"Organization","@id":"https:\/\/www.salzburgerland.com\/de\/magazin\/#organization","name":"SalzburgerLand Tourismus","url":"https:\/\/www.salzburgerland.com\/de\/magazin\/","logo":{"@type":"ImageObject","inLanguage":"de","@id":"https:\/\/www.salzburgerland.com\/de\/magazin\/#\/schema\/logo\/image\/","url":"https:\/\/www.salzburgerland.com\/de\/magazin\/wp-content\/uploads\/2019\/06\/salzburgerland-logo1.jpg","contentUrl":"https:\/\/www.salzburgerland.com\/de\/magazin\/wp-content\/uploads\/2019\/06\/salzburgerland-logo1.jpg","width":2011,"height":866,"caption":"SalzburgerLand Tourismus"},"image":{"@id":"https:\/\/www.salzburgerland.com\/de\/magazin\/#\/schema\/logo\/image\/"},"sameAs":["https:\/\/www.facebook.com\/salzburgerland\/","https:\/\/x.com\/Salzburgerland","https:\/\/www.instagram.com\/salzburgerland\/","https:\/\/at.linkedin.com\/company\/salzburgerland-tourismus-gmbh","https:\/\/www.pinterest.at\/salzburgerland\/","https:\/\/www.youtube.com\/user\/salzburgerland","https:\/\/de.wikipedia.org\/wiki\/SalzburgerLand_Tourismus_GmbH"]},{"@type":"Person","@id":"https:\/\/www.salzburgerland.com\/de\/magazin\/#\/schema\/person\/de63f37594c18fae834230774d6a2704","name":"Franziska Lipp","description":"Franziska Lipp ist Texterin, Buchautorin und freie Journalistin. Privat ist sie am allerliebsten drau\u00dfen in der Natur unterwegs: Zu Fu\u00df, mit dem Mountainbiker oder mit Ski. Hauptsache der Rucksack ist mit dabei und viel Zeit. Gerne in Begleitung, aber ebenso gerne auch allein: Denn es gibt keinen besseren Gespr\u00e4chspartner als die Natur selbst. Was ihre beiden Lebensbereiche \u2013 das Berufliche und das Private \u2013 verbindet, ist ihre Vorliebe f\u00fcr Geschichten. Die Salzburgerin liebt es einerseits, Menschen zuzuh\u00f6ren, die eine Geschichte zu erz\u00e4hlen haben. Andererseits ist sie selbst eine passionierte Geschichtenerz\u00e4hlerin. Franziska Lipp betreute als Chefredakteurin \u00fcber zehn Jahre lang das G\u00e4stemagazin \u201eSommerzeit\u201c und \u201eWinterzeit\u201c der SalzburgerLand Tourismus und begleitet das Unternehmen bei zahlreichen Projekten wie etwa bei der Neu-Konzeption des \u201eSalzburger Almenwegs\u201c. Die studierte Tourismussoziologin h\u00e4lt Schreib- und Storytelling-Workshops f\u00fcr touristische Unternehmen und Verb\u00e4nde und begleitet als Konzepterin touristische Projekte wie das \u201eSalzburger Gipfelspiel\u201c in der Salzburger Sportwelt. Im Februar 2023 erschien ihr Buch \u201eLieblingspl\u00e4tze im Salzburger Land\u201c im Gmeiner Verlag mit 84 besonderen Orten in der Stadt Salzburg und in allen Ferienregionen. Bisher erschienene B\u00fccher von Franziska Lipp: \u2022 \u201eLieblingspl\u00e4tze im Salzburger Land\u201c \u2013 2023 (Gmeiner Verlag) \u2022 \u201eK\u00f6stliches von der M\u00fcllerin\u201c \u2013 2021 (Hg. Monika Drax, Drax-M\u00fchle) \u2022 \u201eGesundheit im Zentrum\u201c \u2013 Richtig gut leben mit der Modernen-Mayr-Medizin \u2013 2021 (Hg. Park Igls) \u2022 \u201eDas kleine Buch: Stille Nacht! Heilige Nacht!\u201c \u2013 2018 (Servus Benevento Verlag) \u2022 \u201eDas kleine Buch: Imker werden\u201c \u2013 2016, (Servus Benevento Verlag) \u2022 \u201eDas kleine Buch: Die Gro\u00dfglockner Hochalpenstra\u00dfe anders erleben\u201c \u2013 2016, (Servus Benevento Verlag) \u2022 \u201eBeste Aussichten im Salzburger Land\u201c \u2013 2014 (Gmeiner Verlag) Salzburger Nockerl oder Schwarzbeernocken? Definitiv die Schwarzbeernocken: Nichts schmeckt so sehr nach Wald und Sommer wie diese s\u00fc\u00dfen K\u00f6stlichkeiten! Stadt oder Land? Die Stadt Salzburg ist meine absolute Herzensstadt und ich wei\u00df es zu sch\u00e4tzen, in der Lieblingsstadt wohnen zu d\u00fcrfen. Zum Gl\u00fcck geht es in den einzelnen Stadtvierteln fast d\u00f6rflich zu: Jeder kennt jeden! Das erinnert ans Leben auf dem Land. Almsommer oder Skiwinter? Beides \u2013 nur im Wechsel der Jahreszeiten k\u00f6nnen wir ihre Besonderheiten erst so richtig sch\u00e4tzen. Lesen oder Schreiben? Das Schreiben ist Teil meiner Person. Ohne das Schreiben w\u00e4re ich nicht ich. Das Schreiben ist \u2013 obwohl Arbeit \u2013 meine t\u00e4gliche Dosis, um gl\u00fccklich zu sein. M\u00fcsste ich mich wirklich f\u00fcr etwa entscheiden, dann w\u00e4re es das Schreiben: Denn dann h\u00e4tte ich auch automatisch was zum Lesen. See oder Berg? Eigentlich immer der Berg: Weil ich \u2013 auf einem Gipfel stehend \u2013 stets ein Gef\u00fchl von purer Freiheit und tiefster Zufriedenheit empfinde","sameAs":["http:\/\/www.franziskalipp.com"],"mainEntityOfPage":{"@id":"https:\/\/www.salzburgerland.com\/de\/magazin\/author\/franziska-lipp\/"}}]}},"mpp_avatar":{"errors":{"mpp_no_profile_picture":["Das Profilbild wurde nicht gefunden."]},"error_data":{"mpp_no_profile_picture":{"status":404}}},"_links":{"self":[{"href":"https:\/\/www.salzburgerland.com\/de\/magazin\/wp-json\/wp\/v2\/users\/226","targetHints":{"allow":["GET"]}}],"collection":[{"href":"https:\/\/www.salzburgerland.com\/de\/magazin\/wp-json\/wp\/v2\/users"}]}}