{"id":99896,"date":"2025-04-25T12:10:00","date_gmt":"2025-04-25T10:10:00","guid":{"rendered":"http:\/\/magazin.salzburgerland.com\/?p=99896"},"modified":"2025-05-02T09:23:57","modified_gmt":"2025-05-02T07:23:57","slug":"kraftplaetze-in-filzmoos","status":"publish","type":"post","link":"https:\/\/www.salzburgerland.com\/de\/magazin\/kraftplaetze-in-filzmoos\/","title":{"rendered":"Kraftpl\u00e4tze in Filzmoos"},"content":{"rendered":"\n<h2 class=\"wp-block-slt-subtitle\">Wohlf\u00fchlpl\u00e4tze zum Auftanken<\/h2>\n\n\n\n<p class=\"wp-block-slt-intro\">In Filzmoos warten 16 offizielle Kraftpl\u00e4tze auf Wanderer. Das SalzburgerLand Magazin hat einige davon&nbsp;besucht.<\/p>\n\n\n\n<p>Was genau ein Kraftplatz ist, daf\u00fcr gibt es keine eindeutige Definition. Doch das Wissen um Pl\u00e4tze oder Orte mit besonderer Kraft geht bereits Jahrtausende zur\u00fcck. Manchmal sind es ungew\u00f6hnlich sch\u00f6ne Waldlichtungen, Schluchten, H\u00f6hlen, spezielle Felsformationen oder einfach beruhigend wirkende Pl\u00e4tze um Wasserf\u00e4lle, Flussufer, Berggipfeln: Auch ohne wissenschaftliche Belege entstanden hier in der Vergangenheit dann oft Wallfahrtskirchen oder Kl\u00f6ster &#8230;<br>In vielen therapeutischen Verfahren wie bei Entspannungs\u00fcbungen gilt es, sich einen Platz vorzustellen, an dem man sich besonders wohl oder gest\u00e4rkt f\u00fchlt. Falls ihr so einen Ort gut gebrauchen k\u00f6nnt, dann ist diese Wanderung in Filzmoos absolut empfehlenswert.<\/p>\n\n\n<div class=\"wp-block-image\">\n<figure class=\"alignleft size-full\"><a href=\"https:\/\/www.salzburgerland.com\/de\/magazin\/wp-content\/uploads\/2015\/07\/Isabella_Wanderfuhrerin.jpg\"><img loading=\"lazy\" decoding=\"async\" width=\"1600\" height=\"1000\" src=\"https:\/\/www.salzburgerland.com\/de\/magazin\/wp-content\/uploads\/2015\/07\/Isabella_Wanderfuhrerin.jpg\" alt=\"Isabella_Wanderf\u00fchrerin\" class=\"wp-image-99908\" srcset=\"https:\/\/www.salzburgerland.com\/de\/magazin\/wp-content\/uploads\/2015\/07\/Isabella_Wanderfuhrerin.jpg 1600w, https:\/\/www.salzburgerland.com\/de\/magazin\/wp-content\/uploads\/2015\/07\/Isabella_Wanderfuhrerin-300x188.jpg 300w, https:\/\/www.salzburgerland.com\/de\/magazin\/wp-content\/uploads\/2015\/07\/Isabella_Wanderfuhrerin-880x550.jpg 880w, https:\/\/www.salzburgerland.com\/de\/magazin\/wp-content\/uploads\/2015\/07\/Isabella_Wanderfuhrerin-640x400.jpg 640w, https:\/\/www.salzburgerland.com\/de\/magazin\/wp-content\/uploads\/2015\/07\/Isabella_Wanderfuhrerin-1320x825.jpg 1320w\" sizes=\"auto, (max-width: 1600px) 100vw, 1600px\" \/><\/a><\/figure><\/div>\n\n\n<p>Ich bin mit der <a href=\"http:\/\/www.filzmoos-aktiv.at\/\" target=\"_blank\" rel=\"noreferrer noopener\">Wanderf\u00fchrerin Isabella, von Filzmoos Aktiv <\/a>unterwegs. Gleich zu Beginn der Tour, bei einem kleinen, steileren Weg hinauf zum sogenannten Kaserboden hat sie uns empfohlen: \u201eSchaltet unbedingt das Handy aus bzw. lautlos.\u201c Das war mit Sicherheit einer der einfachsten, aber auch gewinnbringendsten Tipps der letzten Wochen\u2026<\/p>\n\n\n\n<h2 class=\"wp-block-heading\" id=\"h-besondere-platze-in-der-natur\">Besondere Pl\u00e4tze in der Natur<\/h2>\n\n\n\n<p>Manche&nbsp;Pl\u00e4tze oder Orte vermitteln Ruhe, ber\u00fchren uns emotional, vermindern&nbsp;das Kreisen von Gedanken oder verm\u00f6gen es sogar,&nbsp;uns eine spezielle Heilung zu bringen. Schon&nbsp;Etrusker, Kelten oder Germanen berichteten von solchen besonderen Pl\u00e4tzen in der freien Natur: Naturpl\u00e4tze oder Kraftorte genannt, wo uns allein deren Anblick befl\u00fcgelt oder eben eine&nbsp;\u201espezielle Kraft\u201c vermitteln kann. Einigen Orten im SalzburgerLand wird auch eine heilende Wirkung nachgesagt, dazu geh\u00f6ren Orte mit mineralischen oder Thermal-Quellen. Jedenfalls gibt es bei uns viele&nbsp;dieser&nbsp;mystischen Pl\u00e4tze, um jene sich Sagen und Legenden ranken, wo Wald- und Berggeister, Gnome oder gar Hexen ihr Unwesen getrieben haben sollen.<\/p>\n\n\n\n<figure class=\"wp-block-image size-full\"><img loading=\"lazy\" decoding=\"async\" width=\"1600\" height=\"1000\" src=\"https:\/\/www.salzburgerland.com\/de\/magazin\/wp-content\/uploads\/2015\/07\/MehrauglQuelle1.jpg\" alt=\"Mehr\u00e4uglQuelle\" class=\"wp-image-99915\" srcset=\"https:\/\/www.salzburgerland.com\/de\/magazin\/wp-content\/uploads\/2015\/07\/MehrauglQuelle1.jpg 1600w, https:\/\/www.salzburgerland.com\/de\/magazin\/wp-content\/uploads\/2015\/07\/MehrauglQuelle1-300x188.jpg 300w, https:\/\/www.salzburgerland.com\/de\/magazin\/wp-content\/uploads\/2015\/07\/MehrauglQuelle1-880x550.jpg 880w, https:\/\/www.salzburgerland.com\/de\/magazin\/wp-content\/uploads\/2015\/07\/MehrauglQuelle1-640x400.jpg 640w, https:\/\/www.salzburgerland.com\/de\/magazin\/wp-content\/uploads\/2015\/07\/MehrauglQuelle1-1320x825.jpg 1320w\" sizes=\"auto, (max-width: 1600px) 100vw, 1600px\" \/><figcaption class=\"wp-element-caption\">Die Meer\u00e4ugl Quelle hat eine lange Geschichte und eine aussagekr\u00e4ftige Sage. Viele Menschen aus dem Ort holen hier das Wasser vom Brunnen. Man sagt ihm besondere Heilwirkungen nach. \u00a9 Coen Weesjes<\/figcaption><\/figure>\n\n\n\n<h2 class=\"wp-block-heading\" id=\"h-16-kraftplatze-in-filzmoos\">16 Kraftpl\u00e4tze in Filzmoos<\/h2>\n\n\n\n<p>Filzmoos hat alle Pl\u00e4tze gekennzeichnet und einen kleinen F\u00fchrer mit kurzen Geschichten dazu herausgegeben. Jeder dieser 16 Pl\u00e4tze hat eine kleine gr\u00fcne Tafel bekommen und jeder Platz hat offensichtlich unterschiedlichste \u201eAufgaben\u201c, bzw. Energien, so Isabella. Ob Schwarze Lacke, Gerzkopf oder der Platz der guten W\u00fcnsche &#8211; das Thema Herz zieht sich jedenfalls quer durch Filzmoos, wohl auch passend zur langj\u00e4hrigen Kooperation des Ortes mit der UNICEF.<\/p>\n\n\n\n<figure class=\"wp-block-image size-full\"><img loading=\"lazy\" decoding=\"async\" width=\"2560\" height=\"1707\" src=\"https:\/\/www.salzburgerland.com\/de\/magazin\/wp-content\/uploads\/2020\/05\/2019-08-18-Salzburger-Gipfelspiel-Gerzkopf-photo-by-michael-groessinger-0842-scaled.jpg\" alt=\"Zwei Personen laufen in diesem Gipfelspiel-Abenteuer neben einem Bergsee, umgeben von Gras und felsigen Gipfeln.\" class=\"wp-image-144306\" srcset=\"https:\/\/www.salzburgerland.com\/de\/magazin\/wp-content\/uploads\/2020\/05\/2019-08-18-Salzburger-Gipfelspiel-Gerzkopf-photo-by-michael-groessinger-0842-scaled.jpg 2560w, https:\/\/www.salzburgerland.com\/de\/magazin\/wp-content\/uploads\/2020\/05\/2019-08-18-Salzburger-Gipfelspiel-Gerzkopf-photo-by-michael-groessinger-0842-300x200.jpg 300w, https:\/\/www.salzburgerland.com\/de\/magazin\/wp-content\/uploads\/2020\/05\/2019-08-18-Salzburger-Gipfelspiel-Gerzkopf-photo-by-michael-groessinger-0842-1536x1024.jpg 1536w, https:\/\/www.salzburgerland.com\/de\/magazin\/wp-content\/uploads\/2020\/05\/2019-08-18-Salzburger-Gipfelspiel-Gerzkopf-photo-by-michael-groessinger-0842-2048x1365.jpg 2048w, https:\/\/www.salzburgerland.com\/de\/magazin\/wp-content\/uploads\/2020\/05\/2019-08-18-Salzburger-Gipfelspiel-Gerzkopf-photo-by-michael-groessinger-0842-825x550.jpg 825w, https:\/\/www.salzburgerland.com\/de\/magazin\/wp-content\/uploads\/2020\/05\/2019-08-18-Salzburger-Gipfelspiel-Gerzkopf-photo-by-michael-groessinger-0842-600x400.jpg 600w, https:\/\/www.salzburgerland.com\/de\/magazin\/wp-content\/uploads\/2020\/05\/2019-08-18-Salzburger-Gipfelspiel-Gerzkopf-photo-by-michael-groessinger-0842-1320x880.jpg 1320w\" sizes=\"auto, (max-width: 2560px) 100vw, 2560px\" \/><figcaption class=\"wp-element-caption\">Aufstieg zum Gerzkopf \u00a9 Michael Groessinger <\/figcaption><\/figure>\n\n\n\n<p>Ein glitzernder Kieselstein in einem Flussbett, das sich durch einen satten, gr\u00fcnen Waldboden schl\u00e4ngelt, der von alten L\u00e4rchen und Felsw\u00e4nden des Gosaukamms malerisch eingerahmt wird: Das ist der <strong>Kaserboden<\/strong>. Ein Platz, an dem man sich wohlf\u00fchlen, leicht f\u00fchlen und wo man im wahrsten Sinne abschalten kann. Vom Kaserboden wieder abw\u00e4rts zu wandern, das f\u00e4llt nicht leicht, vor allem auch nach der entspannenden Meditations\u00fcbung mit Isabella.<\/p>\n\n\n\n<figure class=\"wp-block-image size-full\"><img loading=\"lazy\" decoding=\"async\" width=\"1066\" height=\"981\" src=\"https:\/\/www.salzburgerland.com\/de\/magazin\/wp-content\/uploads\/2015\/07\/Kaserboden-e1719556122267.jpg\" alt=\"Felsengebirge mit gr\u00fcnen B\u00e4umen und grasbewachsenen Wiesen unter einem klaren blauen Himmel.\" class=\"wp-image-99909\" srcset=\"https:\/\/www.salzburgerland.com\/de\/magazin\/wp-content\/uploads\/2015\/07\/Kaserboden-e1719556122267.jpg 1066w, https:\/\/www.salzburgerland.com\/de\/magazin\/wp-content\/uploads\/2015\/07\/Kaserboden-e1719556122267-300x276.jpg 300w, https:\/\/www.salzburgerland.com\/de\/magazin\/wp-content\/uploads\/2015\/07\/Kaserboden-e1719556122267-598x550.jpg 598w, https:\/\/www.salzburgerland.com\/de\/magazin\/wp-content\/uploads\/2015\/07\/Kaserboden-e1719556122267-435x400.jpg 435w, https:\/\/www.salzburgerland.com\/de\/magazin\/wp-content\/uploads\/2015\/07\/Kaserboden-e1719556122267-768x707.jpg 768w, https:\/\/www.salzburgerland.com\/de\/magazin\/wp-content\/uploads\/2015\/07\/Kaserboden-e1719556122267-150x138.jpg 150w\" sizes=\"auto, (max-width: 1066px) 100vw, 1066px\" \/><figcaption class=\"wp-element-caption\">Kaserboden bei Filzmoos \u00a9 Coen Weesjes<\/figcaption><\/figure>\n\n\n\n<p>Beim <strong>L\u00e4rchenstein<\/strong> angekommen hei\u00dft es auf der Tafel: \u201eDie Liebe zur Mutter Erde ist der Zugang zur Erkenntnis deines Lebens. Der Eingang zur Erde ist genau hier und auch da. Such ihn.&#8220;<br>Am anschlie\u00dfenden <strong>Platz der Dankbarkeit<\/strong> l\u00e4sst es sich ebenfalls wunderbar verweilen. Immer mit dem Blick zur Bischofsm\u00fctze. Ebenso sinnig der Spruch auf der Tafel: &#8222;Hier reicht mein Blick den Fels hinauf, bis in den Himmel rein. Hier sp\u00fcr ich voller Demut, wie sind wir Menschen klein.&#8220;<\/p>\n\n\n\n<figure class=\"wp-block-image size-full\"><img loading=\"lazy\" decoding=\"async\" width=\"1066\" height=\"792\" src=\"https:\/\/www.salzburgerland.com\/de\/magazin\/wp-content\/uploads\/2015\/07\/Larchenstein-e1719556202597.jpg\" alt=\"Eine Frau steht neben einem gro\u00dfen, knorrigen Baum, der \u00fcber einem moosbewachsenen Felsen in einem dichten Wald w\u00e4chst.\" class=\"wp-image-99910\" srcset=\"https:\/\/www.salzburgerland.com\/de\/magazin\/wp-content\/uploads\/2015\/07\/Larchenstein-e1719556202597.jpg 1066w, https:\/\/www.salzburgerland.com\/de\/magazin\/wp-content\/uploads\/2015\/07\/Larchenstein-e1719556202597-300x223.jpg 300w, https:\/\/www.salzburgerland.com\/de\/magazin\/wp-content\/uploads\/2015\/07\/Larchenstein-e1719556202597-740x550.jpg 740w, https:\/\/www.salzburgerland.com\/de\/magazin\/wp-content\/uploads\/2015\/07\/Larchenstein-e1719556202597-140x105.jpg 140w, https:\/\/www.salzburgerland.com\/de\/magazin\/wp-content\/uploads\/2015\/07\/Larchenstein-e1719556202597-538x400.jpg 538w, https:\/\/www.salzburgerland.com\/de\/magazin\/wp-content\/uploads\/2015\/07\/Larchenstein-e1719556202597-768x571.jpg 768w, https:\/\/www.salzburgerland.com\/de\/magazin\/wp-content\/uploads\/2015\/07\/Larchenstein-e1719556202597-150x111.jpg 150w\" sizes=\"auto, (max-width: 1066px) 100vw, 1066px\" \/><figcaption class=\"wp-element-caption\">L\u00e4rchenstein \u00a9 Maria Riedler<\/figcaption><\/figure>\n\n\n<div class=\"mag-gallery\"><div class=\"row\"><div class=\"col-6 col-sm-4\"><figure><a class=\"thumb-container\" href=\"https:\/\/www.salzburgerland.com\/de\/magazin\/wp-content\/uploads\/2015\/07\/Kampelbrunn-1280x1024.jpg\">\t<picture><source media=\"(min-width: 576px)\" srcset=\"https:\/\/www.salzburgerland.com\/de\/magazin\/wp-content\/uploads\/2015\/07\/Kampelbrunn-325x209.jpg 325w, https:\/\/www.salzburgerland.com\/de\/magazin\/wp-content\/uploads\/2015\/07\/Kampelbrunn-249x160.jpg 249w\"><\/source><source media=\"(min-width: 0)\" srcset=\"https:\/\/www.salzburgerland.com\/de\/magazin\/wp-content\/uploads\/2015\/07\/Kampelbrunn-249x160.jpg 249w, https:\/\/www.salzburgerland.com\/de\/magazin\/wp-content\/uploads\/2015\/07\/Kampelbrunn-325x209.jpg 325w\"><\/source><img decoding=\"async\" alt=\"\" src=\"https:\/\/www.salzburgerland.com\/de\/magazin\/wp-content\/uploads\/2015\/07\/Kampelbrunn.jpg\">\t<\/picture><\/a><\/figure><\/div><div class=\"col-6 col-sm-4\"><figure><a class=\"thumb-container\" href=\"https:\/\/www.salzburgerland.com\/de\/magazin\/wp-content\/uploads\/2015\/07\/Bischofsmutze1-1280x1024.jpg\">\t<picture><source media=\"(min-width: 576px)\" srcset=\"https:\/\/www.salzburgerland.com\/de\/magazin\/wp-content\/uploads\/2015\/07\/Bischofsmutze1-325x209.jpg 325w, https:\/\/www.salzburgerland.com\/de\/magazin\/wp-content\/uploads\/2015\/07\/Bischofsmutze1-249x160.jpg 249w\"><\/source><source media=\"(min-width: 0)\" srcset=\"https:\/\/www.salzburgerland.com\/de\/magazin\/wp-content\/uploads\/2015\/07\/Bischofsmutze1-249x160.jpg 249w, https:\/\/www.salzburgerland.com\/de\/magazin\/wp-content\/uploads\/2015\/07\/Bischofsmutze1-325x209.jpg 325w\"><\/source><img decoding=\"async\" alt=\"\" src=\"https:\/\/www.salzburgerland.com\/de\/magazin\/wp-content\/uploads\/2015\/07\/Bischofsmutze1.jpg\">\t<\/picture><\/a><\/figure><\/div><div class=\"col-6 col-sm-4\"><figure><a class=\"thumb-container\" href=\"https:\/\/www.salzburgerland.com\/de\/magazin\/wp-content\/uploads\/2015\/07\/SchwarzeLacke-1280x1024.jpg\">\t<picture><source media=\"(min-width: 576px)\" srcset=\"https:\/\/www.salzburgerland.com\/de\/magazin\/wp-content\/uploads\/2015\/07\/SchwarzeLacke-325x209.jpg 325w, https:\/\/www.salzburgerland.com\/de\/magazin\/wp-content\/uploads\/2015\/07\/SchwarzeLacke-249x160.jpg 249w\"><\/source><source media=\"(min-width: 0)\" srcset=\"https:\/\/www.salzburgerland.com\/de\/magazin\/wp-content\/uploads\/2015\/07\/SchwarzeLacke-249x160.jpg 249w, https:\/\/www.salzburgerland.com\/de\/magazin\/wp-content\/uploads\/2015\/07\/SchwarzeLacke-325x209.jpg 325w\"><\/source><img decoding=\"async\" alt=\"\" src=\"https:\/\/www.salzburgerland.com\/de\/magazin\/wp-content\/uploads\/2015\/07\/SchwarzeLacke.jpg\">\t<\/picture><\/a><\/figure><\/div><div class=\"col-6 col-sm-4\"><figure><a class=\"thumb-container\" href=\"https:\/\/www.salzburgerland.com\/de\/magazin\/wp-content\/uploads\/2015\/07\/Almsee1-1280x1024.jpg\">\t<picture><source media=\"(min-width: 576px)\" srcset=\"https:\/\/www.salzburgerland.com\/de\/magazin\/wp-content\/uploads\/2015\/07\/Almsee1-325x209.jpg 325w, https:\/\/www.salzburgerland.com\/de\/magazin\/wp-content\/uploads\/2015\/07\/Almsee1-249x160.jpg 249w\"><\/source><source media=\"(min-width: 0)\" srcset=\"https:\/\/www.salzburgerland.com\/de\/magazin\/wp-content\/uploads\/2015\/07\/Almsee1-249x160.jpg 249w, https:\/\/www.salzburgerland.com\/de\/magazin\/wp-content\/uploads\/2015\/07\/Almsee1-325x209.jpg 325w\"><\/source><img decoding=\"async\" alt=\"Wald mit Sonnenlicht &uuml;ber einem ruhigen, klaren Teich, umgeben von B&auml;umen und Felsen.\" src=\"https:\/\/www.salzburgerland.com\/de\/magazin\/wp-content\/uploads\/2015\/07\/Almsee1.jpg\">\t<\/picture><\/a><\/figure><\/div><div class=\"col-6 col-sm-4\"><figure><a class=\"thumb-container\" href=\"https:\/\/www.salzburgerland.com\/de\/magazin\/wp-content\/uploads\/2015\/07\/Gerzkopf-1280x1024.jpg\">\t<picture><source media=\"(min-width: 576px)\" srcset=\"https:\/\/www.salzburgerland.com\/de\/magazin\/wp-content\/uploads\/2015\/07\/Gerzkopf-325x209.jpg 325w, https:\/\/www.salzburgerland.com\/de\/magazin\/wp-content\/uploads\/2015\/07\/Gerzkopf-249x160.jpg 249w\"><\/source><source media=\"(min-width: 0)\" srcset=\"https:\/\/www.salzburgerland.com\/de\/magazin\/wp-content\/uploads\/2015\/07\/Gerzkopf-249x160.jpg 249w, https:\/\/www.salzburgerland.com\/de\/magazin\/wp-content\/uploads\/2015\/07\/Gerzkopf-325x209.jpg 325w\"><\/source><img decoding=\"async\" alt=\"\" src=\"https:\/\/www.salzburgerland.com\/de\/magazin\/wp-content\/uploads\/2015\/07\/Gerzkopf.jpg\">\t<\/picture><\/a><\/figure><\/div><div class=\"col-6 col-sm-4\"><figure><a class=\"thumb-container\" href=\"https:\/\/www.salzburgerland.com\/de\/magazin\/wp-content\/uploads\/2015\/07\/glocke-1280x1024.jpg\">\t<picture><source media=\"(min-width: 576px)\" srcset=\"https:\/\/www.salzburgerland.com\/de\/magazin\/wp-content\/uploads\/2015\/07\/glocke-325x209.jpg 325w, https:\/\/www.salzburgerland.com\/de\/magazin\/wp-content\/uploads\/2015\/07\/glocke-249x160.jpg 249w\"><\/source><source media=\"(min-width: 0)\" srcset=\"https:\/\/www.salzburgerland.com\/de\/magazin\/wp-content\/uploads\/2015\/07\/glocke-249x160.jpg 249w, https:\/\/www.salzburgerland.com\/de\/magazin\/wp-content\/uploads\/2015\/07\/glocke-325x209.jpg 325w\"><\/source><img decoding=\"async\" alt=\"\" src=\"https:\/\/www.salzburgerland.com\/de\/magazin\/wp-content\/uploads\/2015\/07\/glocke.jpg\">\t<\/picture><\/a><\/figure><\/div><\/div><figcaption><\/figcaption><\/div>\n\n\n\n<p><em>Fotos: Maria Riedler und <a href=\"http:\/\/www.coenweesjes.nl\/\">Coen Weesjes&nbsp;Photografie<\/a><\/em><\/p>\n","protected":false},"excerpt":{"rendered":"<p>Was genau ein Kraftplatz ist, daf\u00fcr gibt es keine eindeutige Definition. Doch das Wissen um Pl\u00e4tze oder Orte mit besonderer Kraft geht bereits Jahrtausende zur\u00fcck. Manchmal sind es ungew\u00f6hnlich sch\u00f6ne Waldlichtungen, Schluchten, H\u00f6hlen, spezielle Felsformationen oder einfach beruhigend wirkende Pl\u00e4tze um Wasserf\u00e4lle, Flussufer, Berggipfeln: Auch ohne wissenschaftliche Belege entstanden hier in der Vergangenheit dann oft [&hellip;]<\/p>\n","protected":false},"author":217,"featured_media":99899,"comment_status":"open","ping_status":"open","sticky":false,"template":"","format":"standard","meta":{"_acf_changed":false,"wl_entities_gutenberg":"","_wl_entity_redirect_enabled":"","footnotes":""},"categories":[4],"tags":[],"wl_entity_type":[306],"monatsauswahl":[85,92],"class_list":["post-99896","post","type-post","status-publish","format-standard","has-post-thumbnail","hentry","category-gesundheit","wl_entity_type-article","monatsauswahl-monat_4","monatsauswahl-monat_11"],"acf":[],"yoast_head":"<!-- This site is optimized with the Yoast SEO Premium plugin v27.4 (Yoast SEO v27.4) - https:\/\/yoast.com\/product\/yoast-seo-premium-wordpress\/ -->\n<title>Kraftpl\u00e4tze in Filzmoos - SalzburgerLand Magazin<\/title>\n<meta name=\"description\" content=\"In Filzmoos warten 16 offizielle Kraftpl\u00e4tze auf Wanderer. Das SalzburgerLand Magazin hat einige davon&nbsp;besucht.\" \/>\n<meta name=\"robots\" content=\"index, follow, max-snippet:-1, max-image-preview:large, max-video-preview:-1\" \/>\n<link rel=\"canonical\" href=\"https:\/\/www.salzburgerland.com\/de\/magazin\/kraftplaetze-in-filzmoos\/\" \/>\n<meta property=\"og:locale\" content=\"de_DE\" \/>\n<meta property=\"og:type\" content=\"article\" \/>\n<meta property=\"og:title\" content=\"Kraftpl\u00e4tze in Filzmoos\" \/>\n<meta property=\"og:description\" content=\"Was genau ein Kraftplatz ist, daf\u00fcr gibt es keine eindeutige Definition. Doch das Wissen um Pl\u00e4tze oder Orte mit besonderer Kraft geht bereits Jahrtausende zur\u00fcck. Manchmal sind es ungew\u00f6hnlich sch\u00f6ne Waldlichtungen, Schluchten, H\u00f6hlen, spezielle Felsformationen oder einfach beruhigend wirkende Pl\u00e4tze um Wasserf\u00e4lle, Flussufer, Berggipfeln: Auch ohne wissenschaftliche Belege entstanden hier in der Vergangenheit dann oft [&hellip;]\" \/>\n<meta property=\"og:url\" content=\"https:\/\/www.salzburgerland.com\/de\/magazin\/kraftplaetze-in-filzmoos\/\" \/>\n<meta property=\"og:site_name\" content=\"SalzburgerLand Magazin\" \/>\n<meta property=\"article:publisher\" content=\"https:\/\/www.facebook.com\/salzburgerland\/\" \/>\n<meta property=\"article:published_time\" content=\"2025-04-25T10:10:00+00:00\" \/>\n<meta property=\"article:modified_time\" content=\"2025-05-02T07:23:57+00:00\" \/>\n<meta property=\"og:image\" content=\"https:\/\/www.salzburgerland.com\/de\/magazin\/wp-content\/uploads\/2015\/07\/Almsee.jpg\" \/>\n\t<meta property=\"og:image:width\" content=\"1600\" \/>\n\t<meta property=\"og:image:height\" content=\"1000\" \/>\n\t<meta property=\"og:image:type\" content=\"image\/jpeg\" \/>\n<meta name=\"author\" content=\"Maria Riedler\" \/>\n<meta name=\"twitter:card\" content=\"summary_large_image\" \/>\n<meta name=\"twitter:creator\" content=\"@Salzburgerland\" \/>\n<meta name=\"twitter:site\" content=\"@Salzburgerland\" \/>\n<meta name=\"twitter:label1\" content=\"Verfasst von\" \/>\n\t<meta name=\"twitter:data1\" content=\"Maria Riedler\" \/>\n\t<meta name=\"twitter:label2\" content=\"Gesch\u00e4tzte Lesezeit\" \/>\n\t<meta name=\"twitter:data2\" content=\"6\u00a0Minuten\" \/>\n<script type=\"application\/ld+json\" class=\"yoast-schema-graph\">{\"@context\":\"https:\\\/\\\/schema.org\",\"@graph\":[{\"@type\":\"Article\",\"@id\":\"https:\\\/\\\/www.salzburgerland.com\\\/de\\\/magazin\\\/kraftplaetze-in-filzmoos\\\/#article\",\"isPartOf\":{\"@id\":\"https:\\\/\\\/www.salzburgerland.com\\\/de\\\/magazin\\\/kraftplaetze-in-filzmoos\\\/\"},\"author\":{\"name\":\"Maria Riedler\",\"@id\":\"https:\\\/\\\/www.salzburgerland.com\\\/de\\\/magazin\\\/#\\\/schema\\\/person\\\/0cd712588b834668bcd33d7a0668adb3\"},\"headline\":\"Kraftpl\u00e4tze in Filzmoos\",\"datePublished\":\"2025-04-25T10:10:00+00:00\",\"dateModified\":\"2025-05-02T07:23:57+00:00\",\"mainEntityOfPage\":{\"@id\":\"https:\\\/\\\/www.salzburgerland.com\\\/de\\\/magazin\\\/kraftplaetze-in-filzmoos\\\/\"},\"wordCount\":593,\"commentCount\":0,\"publisher\":{\"@id\":\"https:\\\/\\\/www.salzburgerland.com\\\/de\\\/magazin\\\/#organization\"},\"image\":{\"@id\":\"https:\\\/\\\/www.salzburgerland.com\\\/de\\\/magazin\\\/kraftplaetze-in-filzmoos\\\/#primaryimage\"},\"thumbnailUrl\":\"https:\\\/\\\/www.salzburgerland.com\\\/de\\\/magazin\\\/wp-content\\\/uploads\\\/2015\\\/07\\\/Almsee.jpg\",\"articleSection\":[\"Gesundheit\"],\"inLanguage\":\"de\",\"potentialAction\":[{\"@type\":\"CommentAction\",\"name\":\"Comment\",\"target\":[\"https:\\\/\\\/www.salzburgerland.com\\\/de\\\/magazin\\\/kraftplaetze-in-filzmoos\\\/#respond\"]}]},{\"@type\":\"WebPage\",\"@id\":\"https:\\\/\\\/www.salzburgerland.com\\\/de\\\/magazin\\\/kraftplaetze-in-filzmoos\\\/\",\"url\":\"https:\\\/\\\/www.salzburgerland.com\\\/de\\\/magazin\\\/kraftplaetze-in-filzmoos\\\/\",\"name\":\"Kraftpl\u00e4tze in Filzmoos - SalzburgerLand Magazin\",\"isPartOf\":{\"@id\":\"https:\\\/\\\/www.salzburgerland.com\\\/de\\\/magazin\\\/#website\"},\"primaryImageOfPage\":{\"@id\":\"https:\\\/\\\/www.salzburgerland.com\\\/de\\\/magazin\\\/kraftplaetze-in-filzmoos\\\/#primaryimage\"},\"image\":{\"@id\":\"https:\\\/\\\/www.salzburgerland.com\\\/de\\\/magazin\\\/kraftplaetze-in-filzmoos\\\/#primaryimage\"},\"thumbnailUrl\":\"https:\\\/\\\/www.salzburgerland.com\\\/de\\\/magazin\\\/wp-content\\\/uploads\\\/2015\\\/07\\\/Almsee.jpg\",\"datePublished\":\"2025-04-25T10:10:00+00:00\",\"dateModified\":\"2025-05-02T07:23:57+00:00\",\"breadcrumb\":{\"@id\":\"https:\\\/\\\/www.salzburgerland.com\\\/de\\\/magazin\\\/kraftplaetze-in-filzmoos\\\/#breadcrumb\"},\"inLanguage\":\"de\",\"potentialAction\":[{\"@type\":\"ReadAction\",\"target\":[\"https:\\\/\\\/www.salzburgerland.com\\\/de\\\/magazin\\\/kraftplaetze-in-filzmoos\\\/\"]}]},{\"@type\":\"ImageObject\",\"inLanguage\":\"de\",\"@id\":\"https:\\\/\\\/www.salzburgerland.com\\\/de\\\/magazin\\\/kraftplaetze-in-filzmoos\\\/#primaryimage\",\"url\":\"https:\\\/\\\/www.salzburgerland.com\\\/de\\\/magazin\\\/wp-content\\\/uploads\\\/2015\\\/07\\\/Almsee.jpg\",\"contentUrl\":\"https:\\\/\\\/www.salzburgerland.com\\\/de\\\/magazin\\\/wp-content\\\/uploads\\\/2015\\\/07\\\/Almsee.jpg\",\"width\":1600,\"height\":1000,\"caption\":\"Der Almsee bei den Hofalmen. Filzmoos, Salzburg, \u00d6sterreich (12.10.2014)\"},{\"@type\":\"BreadcrumbList\",\"@id\":\"https:\\\/\\\/www.salzburgerland.com\\\/de\\\/magazin\\\/kraftplaetze-in-filzmoos\\\/#breadcrumb\",\"itemListElement\":[{\"@type\":\"ListItem\",\"position\":1,\"name\":\"Startseite\",\"item\":\"https:\\\/\\\/www.salzburgerland.com\\\/de\\\/magazin\\\/\"},{\"@type\":\"ListItem\",\"position\":2,\"name\":\"Gesundheit\",\"item\":\"https:\\\/\\\/www.salzburgerland.com\\\/de\\\/magazin\\\/thema\\\/gesundheit\\\/\"},{\"@type\":\"ListItem\",\"position\":3,\"name\":\"Kraftpl\u00e4tze in Filzmoos\"}]},{\"@type\":\"WebSite\",\"@id\":\"https:\\\/\\\/www.salzburgerland.com\\\/de\\\/magazin\\\/#website\",\"url\":\"https:\\\/\\\/www.salzburgerland.com\\\/de\\\/magazin\\\/\",\"name\":\"SalzburgerLand Magazin\",\"description\":\"Geschichten und Interessantes aus dem SalzburgerLand\",\"publisher\":{\"@id\":\"https:\\\/\\\/www.salzburgerland.com\\\/de\\\/magazin\\\/#organization\"},\"potentialAction\":[{\"@type\":\"SearchAction\",\"target\":{\"@type\":\"EntryPoint\",\"urlTemplate\":\"https:\\\/\\\/www.salzburgerland.com\\\/de\\\/magazin\\\/?s={search_term_string}\"},\"query-input\":{\"@type\":\"PropertyValueSpecification\",\"valueRequired\":true,\"valueName\":\"search_term_string\"}}],\"inLanguage\":\"de\"},{\"@type\":\"Organization\",\"@id\":\"https:\\\/\\\/www.salzburgerland.com\\\/de\\\/magazin\\\/#organization\",\"name\":\"SalzburgerLand Tourismus\",\"url\":\"https:\\\/\\\/www.salzburgerland.com\\\/de\\\/magazin\\\/\",\"logo\":{\"@type\":\"ImageObject\",\"inLanguage\":\"de\",\"@id\":\"https:\\\/\\\/www.salzburgerland.com\\\/de\\\/magazin\\\/#\\\/schema\\\/logo\\\/image\\\/\",\"url\":\"https:\\\/\\\/www.salzburgerland.com\\\/de\\\/magazin\\\/wp-content\\\/uploads\\\/2019\\\/06\\\/salzburgerland-logo1.jpg\",\"contentUrl\":\"https:\\\/\\\/www.salzburgerland.com\\\/de\\\/magazin\\\/wp-content\\\/uploads\\\/2019\\\/06\\\/salzburgerland-logo1.jpg\",\"width\":2011,\"height\":866,\"caption\":\"SalzburgerLand Tourismus\"},\"image\":{\"@id\":\"https:\\\/\\\/www.salzburgerland.com\\\/de\\\/magazin\\\/#\\\/schema\\\/logo\\\/image\\\/\"},\"sameAs\":[\"https:\\\/\\\/www.facebook.com\\\/salzburgerland\\\/\",\"https:\\\/\\\/x.com\\\/Salzburgerland\",\"https:\\\/\\\/www.instagram.com\\\/salzburgerland\\\/\",\"https:\\\/\\\/at.linkedin.com\\\/company\\\/salzburgerland-tourismus-gmbh\",\"https:\\\/\\\/www.pinterest.at\\\/salzburgerland\\\/\",\"https:\\\/\\\/www.youtube.com\\\/user\\\/salzburgerland\",\"https:\\\/\\\/de.wikipedia.org\\\/wiki\\\/SalzburgerLand_Tourismus_GmbH\"]},{\"@type\":\"Person\",\"@id\":\"https:\\\/\\\/www.salzburgerland.com\\\/de\\\/magazin\\\/#\\\/schema\\\/person\\\/0cd712588b834668bcd33d7a0668adb3\",\"name\":\"Maria Riedler\",\"description\":\"Ein Bild sagt mehr als tausend Worte, hei\u00dft es. Aber genauso wichtig ist die Geschichte dazu. Spannende Texte haben nicht nur einen gro\u00dfen Effekt auf unsere Wahrnehmung, sie lassen auch das Kopfkino in uns starten! Den Dingen nachzusp\u00fcren und auf den Grund zu gehen, das geh\u00f6rt jedenfalls seit meiner Jugendzeit zu mir ... Maria Riedler studierte neben ihrer T\u00e4tigkeit als Kinderkrankenschwester Publizistik und P\u00e4dagogik. Nach dem Studium verbrachte sie \u00fcber zwei Jahre in Australien, wo sie f\u00fcr den staatlichen Rundfunk SBS arbeitete. Anschlie\u00dfend war sie f\u00fcnf Jahre freie Mitarbeiterin im ORF Landesstudio Salzburg, weiters Kommunikationsbeauftragte beim Arbeitskreis f\u00fcr Vorsorgemedizin Salzburg (AVOS), war freiberufliche Journalistin bei der Salzburgerin und ist als Redakteurin f\u00fcr die Pongauer Nachrichten t\u00e4tig. Neben Schreiben, Fotografieren und Lesen liebt sie vor allem unsere Berge und ist ehrenamtlich Bergrettungshundef\u00fchrerin und Pressereferentin der Bergrettung Salzburg. Dosige(r) oder Zuagroast? Eindeutig dosig - aus dem\u00a0einmaligen Lungau. Fr\u00fchling, Sommer, Herbst oder Winter? Nachdem ich auch einige Jahre in Australien gelebt habe, bin ich mir sicher, dass uns weltweit die Menschen um diese so unterschiedlich sch\u00f6nen und so facettenreichen Jahreszeiten beneiden. Luxushotel oder Almh\u00fctte? Obwohl so ein Luxushotel schon seine Reize hat, genie\u00dfe ich doch meist eher die Einsamkeit auf einer Almh\u00fctte\u2026. Mozart oder Hubert von Goisern? Wie sch\u00f6n, dass wir so begnadete Musiker haben!\u00a0Leider\u00a0gibt es f\u00fcr mich - wie so oft - siehe oben und unten :-) kein Entweder-Oder\u2026 Ausstellung oder Bergpanorama? \\\"Kunst w\u00e4scht den Staub des Alltag von der Seele\\\", meinte Pablo Picasso. \u00a0Die Berge und deren Traumpanorama brauche ich auch, um mir\u00a0neue Perspektiven vom Leben zu holen.\u00a0Also:\u00a0Es muss doch mehr als alles geben \u00a0- wahrscheinlich mein Lebensmotto, deshalb bitte keine weiteren Entweder-Oder Fragen!\u00a0:-) Wer jemals einen Sonnenaufgang oder Sonnenuntergang in unseren Bergen erlebt hat, wei\u00df um die Einmaligkeit dieser Bilder und Eindr\u00fccke.\",\"url\":\"https:\\\/\\\/www.salzburgerland.com\\\/de\\\/magazin\\\/author\\\/mriedler\\\/\"}]}<\/script>\n<!-- \/ Yoast SEO Premium plugin. -->","yoast_head_json":{"title":"Kraftpl\u00e4tze in Filzmoos - SalzburgerLand Magazin","description":"In Filzmoos warten 16 offizielle Kraftpl\u00e4tze auf Wanderer. Das SalzburgerLand Magazin hat einige davon&nbsp;besucht.","robots":{"index":"index","follow":"follow","max-snippet":"max-snippet:-1","max-image-preview":"max-image-preview:large","max-video-preview":"max-video-preview:-1"},"canonical":"https:\/\/www.salzburgerland.com\/de\/magazin\/kraftplaetze-in-filzmoos\/","og_locale":"de_DE","og_type":"article","og_title":"Kraftpl\u00e4tze in Filzmoos","og_description":"Was genau ein Kraftplatz ist, daf\u00fcr gibt es keine eindeutige Definition. Doch das Wissen um Pl\u00e4tze oder Orte mit besonderer Kraft geht bereits Jahrtausende zur\u00fcck. Manchmal sind es ungew\u00f6hnlich sch\u00f6ne Waldlichtungen, Schluchten, H\u00f6hlen, spezielle Felsformationen oder einfach beruhigend wirkende Pl\u00e4tze um Wasserf\u00e4lle, Flussufer, Berggipfeln: Auch ohne wissenschaftliche Belege entstanden hier in der Vergangenheit dann oft [&hellip;]","og_url":"https:\/\/www.salzburgerland.com\/de\/magazin\/kraftplaetze-in-filzmoos\/","og_site_name":"SalzburgerLand Magazin","article_publisher":"https:\/\/www.facebook.com\/salzburgerland\/","article_published_time":"2025-04-25T10:10:00+00:00","article_modified_time":"2025-05-02T07:23:57+00:00","og_image":[{"width":1600,"height":1000,"url":"https:\/\/www.salzburgerland.com\/de\/magazin\/wp-content\/uploads\/2015\/07\/Almsee.jpg","type":"image\/jpeg"}],"author":"Maria Riedler","twitter_card":"summary_large_image","twitter_creator":"@Salzburgerland","twitter_site":"@Salzburgerland","twitter_misc":{"Verfasst von":"Maria Riedler","Gesch\u00e4tzte Lesezeit":"6\u00a0Minuten"},"schema":{"@context":"https:\/\/schema.org","@graph":[{"@type":"Article","@id":"https:\/\/www.salzburgerland.com\/de\/magazin\/kraftplaetze-in-filzmoos\/#article","isPartOf":{"@id":"https:\/\/www.salzburgerland.com\/de\/magazin\/kraftplaetze-in-filzmoos\/"},"author":{"name":"Maria Riedler","@id":"https:\/\/www.salzburgerland.com\/de\/magazin\/#\/schema\/person\/0cd712588b834668bcd33d7a0668adb3"},"headline":"Kraftpl\u00e4tze in Filzmoos","datePublished":"2025-04-25T10:10:00+00:00","dateModified":"2025-05-02T07:23:57+00:00","mainEntityOfPage":{"@id":"https:\/\/www.salzburgerland.com\/de\/magazin\/kraftplaetze-in-filzmoos\/"},"wordCount":593,"commentCount":0,"publisher":{"@id":"https:\/\/www.salzburgerland.com\/de\/magazin\/#organization"},"image":{"@id":"https:\/\/www.salzburgerland.com\/de\/magazin\/kraftplaetze-in-filzmoos\/#primaryimage"},"thumbnailUrl":"https:\/\/www.salzburgerland.com\/de\/magazin\/wp-content\/uploads\/2015\/07\/Almsee.jpg","articleSection":["Gesundheit"],"inLanguage":"de","potentialAction":[{"@type":"CommentAction","name":"Comment","target":["https:\/\/www.salzburgerland.com\/de\/magazin\/kraftplaetze-in-filzmoos\/#respond"]}]},{"@type":"WebPage","@id":"https:\/\/www.salzburgerland.com\/de\/magazin\/kraftplaetze-in-filzmoos\/","url":"https:\/\/www.salzburgerland.com\/de\/magazin\/kraftplaetze-in-filzmoos\/","name":"Kraftpl\u00e4tze in Filzmoos - SalzburgerLand Magazin","isPartOf":{"@id":"https:\/\/www.salzburgerland.com\/de\/magazin\/#website"},"primaryImageOfPage":{"@id":"https:\/\/www.salzburgerland.com\/de\/magazin\/kraftplaetze-in-filzmoos\/#primaryimage"},"image":{"@id":"https:\/\/www.salzburgerland.com\/de\/magazin\/kraftplaetze-in-filzmoos\/#primaryimage"},"thumbnailUrl":"https:\/\/www.salzburgerland.com\/de\/magazin\/wp-content\/uploads\/2015\/07\/Almsee.jpg","datePublished":"2025-04-25T10:10:00+00:00","dateModified":"2025-05-02T07:23:57+00:00","breadcrumb":{"@id":"https:\/\/www.salzburgerland.com\/de\/magazin\/kraftplaetze-in-filzmoos\/#breadcrumb"},"inLanguage":"de","potentialAction":[{"@type":"ReadAction","target":["https:\/\/www.salzburgerland.com\/de\/magazin\/kraftplaetze-in-filzmoos\/"]}]},{"@type":"ImageObject","inLanguage":"de","@id":"https:\/\/www.salzburgerland.com\/de\/magazin\/kraftplaetze-in-filzmoos\/#primaryimage","url":"https:\/\/www.salzburgerland.com\/de\/magazin\/wp-content\/uploads\/2015\/07\/Almsee.jpg","contentUrl":"https:\/\/www.salzburgerland.com\/de\/magazin\/wp-content\/uploads\/2015\/07\/Almsee.jpg","width":1600,"height":1000,"caption":"Der Almsee bei den Hofalmen. Filzmoos, Salzburg, \u00d6sterreich (12.10.2014)"},{"@type":"BreadcrumbList","@id":"https:\/\/www.salzburgerland.com\/de\/magazin\/kraftplaetze-in-filzmoos\/#breadcrumb","itemListElement":[{"@type":"ListItem","position":1,"name":"Startseite","item":"https:\/\/www.salzburgerland.com\/de\/magazin\/"},{"@type":"ListItem","position":2,"name":"Gesundheit","item":"https:\/\/www.salzburgerland.com\/de\/magazin\/thema\/gesundheit\/"},{"@type":"ListItem","position":3,"name":"Kraftpl\u00e4tze in Filzmoos"}]},{"@type":"WebSite","@id":"https:\/\/www.salzburgerland.com\/de\/magazin\/#website","url":"https:\/\/www.salzburgerland.com\/de\/magazin\/","name":"SalzburgerLand Magazin","description":"Geschichten und Interessantes aus dem SalzburgerLand","publisher":{"@id":"https:\/\/www.salzburgerland.com\/de\/magazin\/#organization"},"potentialAction":[{"@type":"SearchAction","target":{"@type":"EntryPoint","urlTemplate":"https:\/\/www.salzburgerland.com\/de\/magazin\/?s={search_term_string}"},"query-input":{"@type":"PropertyValueSpecification","valueRequired":true,"valueName":"search_term_string"}}],"inLanguage":"de"},{"@type":"Organization","@id":"https:\/\/www.salzburgerland.com\/de\/magazin\/#organization","name":"SalzburgerLand Tourismus","url":"https:\/\/www.salzburgerland.com\/de\/magazin\/","logo":{"@type":"ImageObject","inLanguage":"de","@id":"https:\/\/www.salzburgerland.com\/de\/magazin\/#\/schema\/logo\/image\/","url":"https:\/\/www.salzburgerland.com\/de\/magazin\/wp-content\/uploads\/2019\/06\/salzburgerland-logo1.jpg","contentUrl":"https:\/\/www.salzburgerland.com\/de\/magazin\/wp-content\/uploads\/2019\/06\/salzburgerland-logo1.jpg","width":2011,"height":866,"caption":"SalzburgerLand Tourismus"},"image":{"@id":"https:\/\/www.salzburgerland.com\/de\/magazin\/#\/schema\/logo\/image\/"},"sameAs":["https:\/\/www.facebook.com\/salzburgerland\/","https:\/\/x.com\/Salzburgerland","https:\/\/www.instagram.com\/salzburgerland\/","https:\/\/at.linkedin.com\/company\/salzburgerland-tourismus-gmbh","https:\/\/www.pinterest.at\/salzburgerland\/","https:\/\/www.youtube.com\/user\/salzburgerland","https:\/\/de.wikipedia.org\/wiki\/SalzburgerLand_Tourismus_GmbH"]},{"@type":"Person","@id":"https:\/\/www.salzburgerland.com\/de\/magazin\/#\/schema\/person\/0cd712588b834668bcd33d7a0668adb3","name":"Maria Riedler","description":"Ein Bild sagt mehr als tausend Worte, hei\u00dft es. Aber genauso wichtig ist die Geschichte dazu. Spannende Texte haben nicht nur einen gro\u00dfen Effekt auf unsere Wahrnehmung, sie lassen auch das Kopfkino in uns starten! Den Dingen nachzusp\u00fcren und auf den Grund zu gehen, das geh\u00f6rt jedenfalls seit meiner Jugendzeit zu mir ... Maria Riedler studierte neben ihrer T\u00e4tigkeit als Kinderkrankenschwester Publizistik und P\u00e4dagogik. Nach dem Studium verbrachte sie \u00fcber zwei Jahre in Australien, wo sie f\u00fcr den staatlichen Rundfunk SBS arbeitete. Anschlie\u00dfend war sie f\u00fcnf Jahre freie Mitarbeiterin im ORF Landesstudio Salzburg, weiters Kommunikationsbeauftragte beim Arbeitskreis f\u00fcr Vorsorgemedizin Salzburg (AVOS), war freiberufliche Journalistin bei der Salzburgerin und ist als Redakteurin f\u00fcr die Pongauer Nachrichten t\u00e4tig. Neben Schreiben, Fotografieren und Lesen liebt sie vor allem unsere Berge und ist ehrenamtlich Bergrettungshundef\u00fchrerin und Pressereferentin der Bergrettung Salzburg. Dosige(r) oder Zuagroast? Eindeutig dosig - aus dem\u00a0einmaligen Lungau. Fr\u00fchling, Sommer, Herbst oder Winter? Nachdem ich auch einige Jahre in Australien gelebt habe, bin ich mir sicher, dass uns weltweit die Menschen um diese so unterschiedlich sch\u00f6nen und so facettenreichen Jahreszeiten beneiden. Luxushotel oder Almh\u00fctte? Obwohl so ein Luxushotel schon seine Reize hat, genie\u00dfe ich doch meist eher die Einsamkeit auf einer Almh\u00fctte\u2026. Mozart oder Hubert von Goisern? Wie sch\u00f6n, dass wir so begnadete Musiker haben!\u00a0Leider\u00a0gibt es f\u00fcr mich - wie so oft - siehe oben und unten :-) kein Entweder-Oder\u2026 Ausstellung oder Bergpanorama? \"Kunst w\u00e4scht den Staub des Alltag von der Seele\", meinte Pablo Picasso. \u00a0Die Berge und deren Traumpanorama brauche ich auch, um mir\u00a0neue Perspektiven vom Leben zu holen.\u00a0Also:\u00a0Es muss doch mehr als alles geben \u00a0- wahrscheinlich mein Lebensmotto, deshalb bitte keine weiteren Entweder-Oder Fragen!\u00a0:-) Wer jemals einen Sonnenaufgang oder Sonnenuntergang in unseren Bergen erlebt hat, wei\u00df um die Einmaligkeit dieser Bilder und Eindr\u00fccke.","url":"https:\/\/www.salzburgerland.com\/de\/magazin\/author\/mriedler\/"}]}},"_wl_alt_label":[],"wl:entity_url":"http:\/\/open.salzburgerland.com\/magazin\/post\/kraftplaetze_in_filzmoos","_links":{"self":[{"href":"https:\/\/www.salzburgerland.com\/de\/magazin\/wp-json\/wp\/v2\/posts\/99896","targetHints":{"allow":["GET"]}}],"collection":[{"href":"https:\/\/www.salzburgerland.com\/de\/magazin\/wp-json\/wp\/v2\/posts"}],"about":[{"href":"https:\/\/www.salzburgerland.com\/de\/magazin\/wp-json\/wp\/v2\/types\/post"}],"author":[{"embeddable":true,"href":"https:\/\/www.salzburgerland.com\/de\/magazin\/wp-json\/wp\/v2\/users\/217"}],"replies":[{"embeddable":true,"href":"https:\/\/www.salzburgerland.com\/de\/magazin\/wp-json\/wp\/v2\/comments?post=99896"}],"version-history":[{"count":8,"href":"https:\/\/www.salzburgerland.com\/de\/magazin\/wp-json\/wp\/v2\/posts\/99896\/revisions"}],"predecessor-version":[{"id":182974,"href":"https:\/\/www.salzburgerland.com\/de\/magazin\/wp-json\/wp\/v2\/posts\/99896\/revisions\/182974"}],"wp:featuredmedia":[{"embeddable":true,"href":"https:\/\/www.salzburgerland.com\/de\/magazin\/wp-json\/wp\/v2\/media\/99899"}],"wp:attachment":[{"href":"https:\/\/www.salzburgerland.com\/de\/magazin\/wp-json\/wp\/v2\/media?parent=99896"}],"wp:term":[{"taxonomy":"category","embeddable":true,"href":"https:\/\/www.salzburgerland.com\/de\/magazin\/wp-json\/wp\/v2\/categories?post=99896"},{"taxonomy":"post_tag","embeddable":true,"href":"https:\/\/www.salzburgerland.com\/de\/magazin\/wp-json\/wp\/v2\/tags?post=99896"},{"taxonomy":"wl_entity_type","embeddable":true,"href":"https:\/\/www.salzburgerland.com\/de\/magazin\/wp-json\/wp\/v2\/wl_entity_type?post=99896"},{"taxonomy":"monatsauswahl","embeddable":true,"href":"https:\/\/www.salzburgerland.com\/de\/magazin\/wp-json\/wp\/v2\/monatsauswahl?post=99896"}],"curies":[{"name":"wp","href":"https:\/\/api.w.org\/{rel}","templated":true}]}}