{"id":99754,"date":"2015-07-02T13:06:12","date_gmt":"2015-07-02T11:06:12","guid":{"rendered":"http:\/\/magazin.salzburgerland.com\/?p=99754"},"modified":"2025-10-21T09:18:32","modified_gmt":"2025-10-21T07:18:32","slug":"sommerfrische-zell-am-see-kaprun","status":"publish","type":"post","link":"https:\/\/www.salzburgerland.com\/de\/magazin\/sommerfrische-zell-am-see-kaprun\/","title":{"rendered":"Sommerfrische Zell am See-Kaprun"},"content":{"rendered":"\n<h2 class=\"wp-block-slt-subtitle\">Lust auf Land, Seen und Berge?<\/h2>\n\n\n\n<p class=\"wp-block-slt-intro\">Was seht ihr vor euch,\u00a0wenn ihr die Augen schlie\u00dft und euch das Paradies hier bei uns in den Bergen vorstellt? Also ich sehe klares Wasser, malerische Orte, saftige Wiesen, sanfte H\u00fcgeln und Gipfeln, die an den Himmel zu sto\u00dfen scheinen. Das volle Programm also. Die Region Zell am See-Kaprun kommt diesem Bild schon sehr nahe und l\u00e4dt euch ein, hier in der herrlichen Natur der Salzburger Alpen eure Sommerfrische zu verbringen.\u00a0<\/p>\n\n\n\n<p>Habt ihr Lust aufs Land, die Seen und die Berge? Ja? Dann seid ihr in guter Gesellschaft, denn bereits im 19. Jahrhundert haben sich die Menschen jeden Sommer aufs Neue aufgemacht, die St\u00e4dte verlassen, um auf dem Land die hei\u00dfen Monate\u00a0zu verbringen. Sommerfrische hat man sie damals genannt, die Zeit, in der man endlich einmal durchatmen, sich der Familie und sich selber widmen und man den Alltag einmal getrost au\u00dfen vor lassen\u00a0konnte. Auch wenn der Begriff Sommerfrische in den letzten Jahrzehnten aus unserem Leben verschwand, ist sie heute aktueller denn je und erwacht wieder aus ihrem Dornr\u00f6schenschlaf.\u00a0Wir leben in einer Zeit, in der man st\u00e4ndig alles von sich und seinem K\u00f6rper fordert, in der man am besten sieben Tage in der Woche 110% leisten sollte und dadurch auch oft an seine Grenzen st\u00f6\u00dft. Umso wichtiger ist es, im Urlaub endlich einmal entspannen und &#8222;runter kommen&#8220; zu k\u00f6nnen. Zell am See-Kaprun bietet alles und noch ein bisschen mehr, um die Akkus wieder aufzuladen, Platz f\u00fcr neue Ideen zu schaffen und\u00a0eine richtig gute Zeit zu haben.\u00a0<\/p>\n\n\n\n<figure class=\"wp-block-image alignnone size-full\"><a href=\"https:\/\/www.salzburgerland.com\/de\/magazin\/wp-content\/uploads\/2015\/06\/DSC_0776-Kopie1.jpg\"><img loading=\"lazy\" decoding=\"async\" width=\"1600\" height=\"1068\" src=\"https:\/\/www.salzburgerland.com\/de\/magazin\/wp-content\/uploads\/2015\/06\/DSC_0776-Kopie1.jpg\" alt=\"Dort wo Berg und See sich trifft ist der Mensch gl\u00fcckich. \" class=\"wp-image-99795\" srcset=\"https:\/\/www.salzburgerland.com\/de\/magazin\/wp-content\/uploads\/2015\/06\/DSC_0776-Kopie1.jpg 1600w, https:\/\/www.salzburgerland.com\/de\/magazin\/wp-content\/uploads\/2015\/06\/DSC_0776-Kopie1-300x200.jpg 300w, https:\/\/www.salzburgerland.com\/de\/magazin\/wp-content\/uploads\/2015\/06\/DSC_0776-Kopie1-824x550.jpg 824w, https:\/\/www.salzburgerland.com\/de\/magazin\/wp-content\/uploads\/2015\/06\/DSC_0776-Kopie1-599x400.jpg 599w, https:\/\/www.salzburgerland.com\/de\/magazin\/wp-content\/uploads\/2015\/06\/DSC_0776-Kopie1-1320x881.jpg 1320w\" sizes=\"auto, (max-width: 1600px) 100vw, 1600px\" \/><\/a><figcaption class=\"wp-element-caption\">Wo Berg und See sich trifft, ist der Mensch einfach gl\u00fccklich<\/figcaption><\/figure>\n\n\n\n<p>Wo sonst kann man den lieben langen Tag lang von einem Gipfel zum n\u00e4chsten marschieren, im Schatten imposanter Staumauern \u00fcber die Ingenieurskunst der Nachkriegsjahre staunen und&nbsp;zum Sonnenuntergang in den gold-leuchtenden Zeller See springen?&nbsp;Herz, was willst du mehr?<\/p>\n\n\n\n<p>Zur \u201cSommerfrische SalzburgerLand\u201d haben wir uns vorgenommen, das Land von seinen sch\u00f6nsten Seiten neu zu entdecken:\u00a0Kulinarik,\u00a0Handwerk und Design\u00a0aus der Region \u2013 vom Ursprung bis zum Produkt. Dabei geht es darum, uns auch einmal ein bisschen abseits der Touristenpfade zu bewegen, so manchen Stein umzudrehen und zu sehen, was sich denn Besonderes darunter verbirgt.\u00a0Kommt mit uns auf ein spannendes, erf\u00fclltes Wochenende in den Pinzgau, entdeckt die h\u00f6chsten Gipfel und die tiefsten T\u00e4ler und lasst euch dabei auch noch von den besten K\u00f6chen der Region nach allen Regeln der Kunst verw\u00f6hnen. Denn genau das ist sie f\u00fcr uns &#8211; die Sommerfrische!<\/p>\n\n\n\n<p><strong>FREITAG:<\/strong><br>Die Arbeit ist getan, zu Hause liegt hinter und das SalzburgerLand&nbsp;vor uns. Die Sonne scheint, die Berge werden immer h\u00f6her und wir f\u00fchlen, wie der Stress der Woche von uns abf\u00e4llt&nbsp;und wir auf Freizeit-Mode umschalten. Wie sehr haben wir uns auf dieses Wochenende gefreut&#8230;<\/p>\n\n\n<div class=\"wp-block-image\">\n<figure class=\"alignleft size-full\"><a href=\"https:\/\/www.salzburgerland.com\/de\/magazin\/wp-content\/uploads\/2015\/06\/Kitzsteinhorn.jpg\"><img loading=\"lazy\" decoding=\"async\" width=\"466\" height=\"317\" src=\"https:\/\/www.salzburgerland.com\/de\/magazin\/wp-content\/uploads\/2015\/06\/Kitzsteinhorn.jpg\" alt=\"Kitzsteinhorn\" class=\"wp-image-99781\" srcset=\"https:\/\/www.salzburgerland.com\/de\/magazin\/wp-content\/uploads\/2015\/06\/Kitzsteinhorn.jpg 466w, https:\/\/www.salzburgerland.com\/de\/magazin\/wp-content\/uploads\/2015\/06\/Kitzsteinhorn-300x204.jpg 300w\" sizes=\"auto, (max-width: 466px) 100vw, 466px\" \/><\/a><\/figure><\/div>\n\n\n<p><strong><a href=\"http:\/\/www.kitzsteinhorn.at\" target=\"_blank\" rel=\"noopener\">Gipfelrestaurant Kitzsteinhorn<\/a><\/strong><br>Wenn wir schon mal in den Bergen sind, dann&nbsp;wollen wir nat\u00fcrlich gleich hoch hinaus \u2013 auf den Gipfel des Kitzsteinhorns. Wir nehmen die Gondel, genie\u00dfen die spektakul\u00e4re Aussicht und einen Kaffee im Gipfelrestaurant. Hier kann man \u00fcbrigens auch wunderbar essen \u2013 doch das haben wir heute schon woanders vor.&nbsp;<br>\u00d6ffnungszeiten: t\u00e4glich 08.30-16 Uhr<\/p>\n\n\n\n<p>&nbsp;<\/p>\n\n\n<div class=\"wp-block-image\">\n<figure class=\"alignleft size-full\"><a href=\"https:\/\/www.salzburgerland.com\/de\/magazin\/wp-content\/uploads\/2015\/06\/Steinerwirt.jpg\"><img loading=\"lazy\" decoding=\"async\" width=\"466\" height=\"317\" src=\"https:\/\/www.salzburgerland.com\/de\/magazin\/wp-content\/uploads\/2015\/06\/Steinerwirt.jpg\" alt=\"Steinerwirt\" class=\"wp-image-99786\" srcset=\"https:\/\/www.salzburgerland.com\/de\/magazin\/wp-content\/uploads\/2015\/06\/Steinerwirt.jpg 466w, https:\/\/www.salzburgerland.com\/de\/magazin\/wp-content\/uploads\/2015\/06\/Steinerwirt-300x204.jpg 300w\" sizes=\"auto, (max-width: 466px) 100vw, 466px\" \/><\/a><\/figure><\/div>\n\n\n<p><strong><a href=\"http:\/\/www.steinerwirt.com\" target=\"_blank\" rel=\"noopener\">Steinerwirt 1493<\/a><\/strong><br>Im Steinerwirt verbringen wir w\u00e4hrend unseres Aufenthalts die N\u00e4chte \u2013 und heute auch den Abend. Das Hotel ist schlicht und wirkt unglaublich urban, das Restaurant setzt als Gegenpol auf traditionelle K\u00fcche und originale Wirtshauseinrichtung. Wir genie\u00dfen ein wunderbares Abendessen und freuen uns auf morgen.<br>Dreifaltigkeitsgasse 2, 5700 Zell am See,<br>\u00d6ffnungszeiten: immer<\/p>\n\n\n\n<p><strong>SAMSTAG<\/strong><br>Ausgeschlafen und voller Elan machen wir uns nach dem leckeren Fr\u00fchst\u00fcck auf in die Stadt Zell am See. So vieles gibt es zu entdecken, so vieles zu erleben. Wir sind bereit und freuen uns auf alles was da kommen mag. Traditionelle&nbsp;Tracht, vollendetes Design und h\u00f6chster Genuss aus der Region: heute ist wirklich alles dabei&#8230;<\/p>\n\n\n<div class=\"wp-block-image\">\n<figure class=\"alignleft size-full\"><a href=\"https:\/\/www.salzburgerland.com\/de\/magazin\/wp-content\/uploads\/2015\/06\/Leder-Zant.jpg\"><img loading=\"lazy\" decoding=\"async\" width=\"466\" height=\"317\" src=\"https:\/\/www.salzburgerland.com\/de\/magazin\/wp-content\/uploads\/2015\/06\/Leder-Zant.jpg\" alt=\"Leder Zant\" class=\"wp-image-99782\" srcset=\"https:\/\/www.salzburgerland.com\/de\/magazin\/wp-content\/uploads\/2015\/06\/Leder-Zant.jpg 466w, https:\/\/www.salzburgerland.com\/de\/magazin\/wp-content\/uploads\/2015\/06\/Leder-Zant-300x204.jpg 300w\" sizes=\"auto, (max-width: 466px) 100vw, 466px\" \/><\/a><\/figure><\/div>\n\n\n<p><strong><a href=\"https:\/\/www.salzburgerland.com\/de\/magazin\/lifestyle\/die-lederne-von-hand-gefertigt-fur-die-ewigkeit\/\" target=\"_blank\" rel=\"noopener\">Leder Zant<\/a><\/strong><br>F\u00fcr uns begeistere Lederhosen-Tr\u00e4ger ist ein Besuch bei Zant nat\u00fcrlich wahnsinnig interessant.&nbsp;Dass es so viel Spannendes \u00fcber dieses Handwerk zu erz\u00e4hlen gibt, freut uns. Wir lauschen und staunen.<br>Auerspergstra\u00dfe 12a, 5700 Zell am See,<br>\u00d6ffnungszeiten: nach Vereinbarung<\/p>\n\n\n\n<p>&nbsp;<\/p>\n\n\n<div class=\"wp-block-image\">\n<figure class=\"alignleft size-full\"><a href=\"https:\/\/www.salzburgerland.com\/de\/magazin\/wp-content\/uploads\/2015\/06\/Lumpi.jpg\"><img loading=\"lazy\" decoding=\"async\" width=\"466\" height=\"317\" src=\"https:\/\/www.salzburgerland.com\/de\/magazin\/wp-content\/uploads\/2015\/06\/Lumpi.jpg\" alt=\"Lumpi\" class=\"wp-image-99783\" srcset=\"https:\/\/www.salzburgerland.com\/de\/magazin\/wp-content\/uploads\/2015\/06\/Lumpi.jpg 466w, https:\/\/www.salzburgerland.com\/de\/magazin\/wp-content\/uploads\/2015\/06\/Lumpi-300x204.jpg 300w\" sizes=\"auto, (max-width: 466px) 100vw, 466px\" \/><\/a><\/figure><\/div>\n\n\n<p><strong><a href=\"http:\/\/www.lumpi.biz\" target=\"_blank\" rel=\"noopener\">Lumpi &#8211; Feinkost und Appartements&nbsp;<\/a><\/strong><br>Wenn man kulinarische Mitbringsel f\u00fcr Daheim sucht, ist Feinkost Lumpi in der Fu\u00dfg\u00e4ngerzone die richtige Adresse. Hier gibt es allerlei Spezialit\u00e4ten aus der Region, hausgemachte Kn\u00f6del und Schweinsbraten und im oberen Stock kann man sogar in winzigen Zimmern mit detailverliebter Einrichtung \u00fcbernachten.<br>Sonnbergstrasse 24, 5700 Zell am See,<br>\u00d6ffnungszeiten: Hauptsaison: Mo.-Fr., 08.30-18.30 Uhr, Sa., 08.30\u201317 Uhr&nbsp;<\/p>\n\n\n<div class=\"wp-block-image\">\n<figure class=\"alignleft size-full\"><a href=\"https:\/\/www.salzburgerland.com\/de\/magazin\/wp-content\/uploads\/2015\/06\/Porsche.jpg\"><img loading=\"lazy\" decoding=\"async\" width=\"466\" height=\"317\" src=\"https:\/\/www.salzburgerland.com\/de\/magazin\/wp-content\/uploads\/2015\/06\/Porsche.jpg\" alt=\"Porsche\" class=\"wp-image-99784\" srcset=\"https:\/\/www.salzburgerland.com\/de\/magazin\/wp-content\/uploads\/2015\/06\/Porsche.jpg 466w, https:\/\/www.salzburgerland.com\/de\/magazin\/wp-content\/uploads\/2015\/06\/Porsche-300x204.jpg 300w\" sizes=\"auto, (max-width: 466px) 100vw, 466px\" \/><\/a><\/figure><\/div>\n\n\n<p><strong><a href=\"http:\/\/www.porsche-design.at\" target=\"_blank\" rel=\"noopener\">Porsche Design Studio<\/a><\/strong><br>Hier kann man nat\u00fcrlich nicht einfach so reinspazieren \u2013 wir haben einen Termin im legend\u00e4ren Designstudio ausgemacht, das auch im Stadtbild von Zell am See und der ganzen Region, etwa durch die Gondeln auf die Schmittenh\u00f6he, seine Spuren hinterlassen hat. Designchef Christian Schwamkrug empf\u00e4ngt uns und gibt Einblicke in die Welt des Industriedesigns.&nbsp;<br>Flugplatzstra\u00dfe 29, 5700 Zell am See,<br>\u00d6ffnungszeiten: auf Anfrage<\/p>\n\n\n<div class=\"wp-block-image\">\n<figure class=\"alignleft size-full\"><a href=\"https:\/\/www.salzburgerland.com\/de\/magazin\/wp-content\/uploads\/2015\/06\/Augut.jpg\"><img loading=\"lazy\" decoding=\"async\" width=\"466\" height=\"317\" src=\"https:\/\/www.salzburgerland.com\/de\/magazin\/wp-content\/uploads\/2015\/06\/Augut.jpg\" alt=\"Augut\" class=\"wp-image-99780\" srcset=\"https:\/\/www.salzburgerland.com\/de\/magazin\/wp-content\/uploads\/2015\/06\/Augut.jpg 466w, https:\/\/www.salzburgerland.com\/de\/magazin\/wp-content\/uploads\/2015\/06\/Augut-300x204.jpg 300w\" sizes=\"auto, (max-width: 466px) 100vw, 466px\" \/><\/a><\/figure><\/div>\n\n\n<p><strong><a href=\"http:\/\/www.augut.at\" target=\"_blank\" rel=\"noopener\">Hofladen Augut<\/a><\/strong><br>Wir lieben die Gegens\u00e4tze und so machen wir uns auf zum&nbsp;Augut \u2013 am Bauernhof \u00fcber Zell am See geht es wesentlich uriger zu &#8211; und das ist jetzt genau das Richtige. Der Hofladen ist gut best\u00fcckt und die Jungb\u00e4uerin hat viel Interessantes zu erz\u00e4hlen. Zum Abschied nehmen die hausgemachten Marmeladen mit, f\u00fcr die das Augut ber\u00fchmt ist.<br>Sonnbergweg 4, 5700 Zell am See,<br>\u00d6ffnungszeiten: Mo.-Sa., 08-11.30 Uhr und 13-18 Uhr<\/p>\n\n\n<div class=\"wp-block-image\">\n<figure class=\"alignleft size-full\"><a href=\"https:\/\/www.salzburgerland.com\/de\/magazin\/wp-content\/uploads\/2015\/06\/Steiner.jpg\"><img loading=\"lazy\" decoding=\"async\" width=\"466\" height=\"317\" src=\"https:\/\/www.salzburgerland.com\/de\/magazin\/wp-content\/uploads\/2015\/06\/Steiner.jpg\" alt=\"Steiner\" class=\"wp-image-99785\" srcset=\"https:\/\/www.salzburgerland.com\/de\/magazin\/wp-content\/uploads\/2015\/06\/Steiner.jpg 466w, https:\/\/www.salzburgerland.com\/de\/magazin\/wp-content\/uploads\/2015\/06\/Steiner-300x204.jpg 300w\" sizes=\"auto, (max-width: 466px) 100vw, 466px\" \/><\/a><\/figure><\/div>\n\n\n<p><strong><a href=\"http:\/\/www.steinergenusswerk.at\" target=\"_blank\" rel=\"noopener\">Steiner Genuss Werk<\/a><\/strong><br>In einer ehemaligen Gerberei liegt Steiners Genusswerk \u2013 die Atmosph\u00e4re hier ist sch\u00f6n und stylish, man w\u00e4hnt sich eher in London als im Salzburgerland. Nach dem Abendessen bleiben wir noch f\u00fcr einen Drink an der Bar und lassen den Tag entspannt ausklingen.<br>Schmittenstrasse 12, 5700 Zell am See,<br>\u00d6ffnungszeiten: Di.-So., 16-22 Uhr<\/p>\n\n\n\n<p><strong>SONNTAG<\/strong><br>Ein bisschen sportliche Bet\u00e4tigung darf an diesem Wochenende nat\u00fcrlich auch nicht fehlen und so&nbsp;stehen nach Fr\u00fchst\u00fcck und Auschecken noch einmal die Berge auf dem Programm.&nbsp;<\/p>\n\n\n<div class=\"wp-block-image\">\n<figure class=\"alignleft size-full\"><a href=\"https:\/\/www.salzburgerland.com\/de\/magazin\/wp-content\/uploads\/2015\/06\/Alm.jpg\"><img loading=\"lazy\" decoding=\"async\" width=\"1188\" height=\"876\" src=\"https:\/\/www.salzburgerland.com\/de\/magazin\/wp-content\/uploads\/2015\/06\/Alm.jpg\" alt=\"Alm\" class=\"wp-image-99778\" srcset=\"https:\/\/www.salzburgerland.com\/de\/magazin\/wp-content\/uploads\/2015\/06\/Alm.jpg 1188w, https:\/\/www.salzburgerland.com\/de\/magazin\/wp-content\/uploads\/2015\/06\/Alm-300x221.jpg 300w, https:\/\/www.salzburgerland.com\/de\/magazin\/wp-content\/uploads\/2015\/06\/Alm-746x550.jpg 746w, https:\/\/www.salzburgerland.com\/de\/magazin\/wp-content\/uploads\/2015\/06\/Alm-542x400.jpg 542w\" sizes=\"auto, (max-width: 1188px) 100vw, 1188px\" \/><\/a><\/figure><\/div>\n\n\n<p><strong><a href=\"http:\/\/www.fuerthermoar.at\/de\/aktuell.html\" target=\"_blank\" rel=\"noopener\">F\u00fcrthermoar-Alm<\/a><\/strong><br>Nachdem wir am ersten Tag die Gondel genommen haben, geht es heute zu Fu\u00df zur F\u00fcrthermoar-Alm.\u00a0Die Alm samt Kapelle und \u00dcbernachtungsm\u00f6glichkeit erreichen wir nach einer 40min\u00fctigen Wanderung durch einen Kr\u00e4uterlehrpfad \u2013 perfekt um den Sonntag in der Sonne zu genie\u00dfen und die Eindr\u00fccke unserer Zeit hier in Zell am See &#8211; Kaprun noch einmal Revue passieren zu lassen. Hier heroben, in unmittelbarer N\u00e4he zu den gro\u00dfen Staumauern und der Stauseen, vergeht die Zeit leider wie im Flug. Wir kommen garantiert bald wieder.\u00a0<br>F\u00fcrthermoar Alm, 5710 Kaprun<\/p>\n\n\n\n<p>Hier haben wir noch einige Impressionen von der Sommerfrische Veranstaltung an den\u00a0Hochgebirgsstauseen hoch \u00fcber Zell am See-Kaprun, wo\u00a0Bernadette\u00a0W\u00f6rndl und Niki Lang vom Seewirt\u00a0die G\u00e4ste mit regionalen K\u00f6stlichkeiten\u00a0verzauberten.\u00a0Der Schwerpunkt des 5-G\u00e4nge-Men\u00fcs\u00a0lag dabei eindeutig auf lokalen Produzenten und deren herausragende Produkte.<\/p>\n\n\n<div class=\"mag-gallery\"><div class=\"row\"><div class=\"col-6 col-sm-4\"><figure><a class=\"thumb-container\" href=\"https:\/\/www.salzburgerland.com\/de\/magazin\/wp-content\/uploads\/2015\/06\/stausee020-1280x1024.jpg\">\t<picture><source media=\"(min-width: 576px)\" srcset=\"https:\/\/www.salzburgerland.com\/de\/magazin\/wp-content\/uploads\/2015\/06\/stausee020-325x209.jpg 325w, https:\/\/www.salzburgerland.com\/de\/magazin\/wp-content\/uploads\/2015\/06\/stausee020-249x160.jpg 249w\"><\/source><source media=\"(min-width: 0)\" srcset=\"https:\/\/www.salzburgerland.com\/de\/magazin\/wp-content\/uploads\/2015\/06\/stausee020-249x160.jpg 249w, https:\/\/www.salzburgerland.com\/de\/magazin\/wp-content\/uploads\/2015\/06\/stausee020-325x209.jpg 325w\"><\/source><img decoding=\"async\" alt=\"Glasflaschen und kleine Vasen mit Blumen stehen auf einem Holztisch, im Hintergrund sind die Berge zu sehen.\" src=\"https:\/\/www.salzburgerland.com\/de\/magazin\/wp-content\/uploads\/2015\/06\/stausee020.jpg\">\t<\/picture><\/a><\/figure><\/div><div class=\"col-6 col-sm-4\"><figure><a class=\"thumb-container\" href=\"https:\/\/www.salzburgerland.com\/de\/magazin\/wp-content\/uploads\/2015\/06\/stausee039-1280x1024.jpg\">\t<picture><source media=\"(min-width: 576px)\" srcset=\"https:\/\/www.salzburgerland.com\/de\/magazin\/wp-content\/uploads\/2015\/06\/stausee039-325x209.jpg 325w, https:\/\/www.salzburgerland.com\/de\/magazin\/wp-content\/uploads\/2015\/06\/stausee039-249x160.jpg 249w\"><\/source><source media=\"(min-width: 0)\" srcset=\"https:\/\/www.salzburgerland.com\/de\/magazin\/wp-content\/uploads\/2015\/06\/stausee039-249x160.jpg 249w, https:\/\/www.salzburgerland.com\/de\/magazin\/wp-content\/uploads\/2015\/06\/stausee039-325x209.jpg 325w\"><\/source><img decoding=\"async\" alt=\"Ein Koch bereitet das Essen hinter einem h&ouml;lzernen Tresen im Freien vor einer Berglandschaft mit Schnee und Gr&uuml;n zu.\" src=\"https:\/\/www.salzburgerland.com\/de\/magazin\/wp-content\/uploads\/2015\/06\/stausee039.jpg\">\t<\/picture><\/a><\/figure><\/div><div class=\"col-6 col-sm-4\"><figure><a class=\"thumb-container\" href=\"https:\/\/www.salzburgerland.com\/de\/magazin\/wp-content\/uploads\/2015\/06\/stausee052-1280x1024.jpg\">\t<picture><source media=\"(min-width: 576px)\" srcset=\"https:\/\/www.salzburgerland.com\/de\/magazin\/wp-content\/uploads\/2015\/06\/stausee052-325x209.jpg 325w, https:\/\/www.salzburgerland.com\/de\/magazin\/wp-content\/uploads\/2015\/06\/stausee052-249x160.jpg 249w\"><\/source><source media=\"(min-width: 0)\" srcset=\"https:\/\/www.salzburgerland.com\/de\/magazin\/wp-content\/uploads\/2015\/06\/stausee052-249x160.jpg 249w, https:\/\/www.salzburgerland.com\/de\/magazin\/wp-content\/uploads\/2015\/06\/stausee052-325x209.jpg 325w\"><\/source><img decoding=\"async\" alt=\"Menschen h&uuml;ten Ziegen entlang der geschwungenen Spitze eines gro&szlig;en Betondamms, der an t&uuml;rkisfarbenem Wasser und felsigem Gel&auml;nde liegt.\" src=\"https:\/\/www.salzburgerland.com\/de\/magazin\/wp-content\/uploads\/2015\/06\/stausee052.jpg\">\t<\/picture><\/a><\/figure><\/div><div class=\"col-6 col-sm-4\"><figure><a class=\"thumb-container\" href=\"https:\/\/www.salzburgerland.com\/de\/magazin\/wp-content\/uploads\/2015\/06\/stausee077-1280x1024.jpg\">\t<picture><source media=\"(min-width: 576px)\" srcset=\"https:\/\/www.salzburgerland.com\/de\/magazin\/wp-content\/uploads\/2015\/06\/stausee077-325x209.jpg 325w, https:\/\/www.salzburgerland.com\/de\/magazin\/wp-content\/uploads\/2015\/06\/stausee077-249x160.jpg 249w\"><\/source><source media=\"(min-width: 0)\" srcset=\"https:\/\/www.salzburgerland.com\/de\/magazin\/wp-content\/uploads\/2015\/06\/stausee077-249x160.jpg 249w, https:\/\/www.salzburgerland.com\/de\/magazin\/wp-content\/uploads\/2015\/06\/stausee077-325x209.jpg 325w\"><\/source><img decoding=\"async\" alt=\"Eine Frau spricht zu einer Gruppe von Menschen, die an einem langen Esstisch im Freien in der N&auml;he eines felsigen H&uuml;gels sitzen.\" src=\"https:\/\/www.salzburgerland.com\/de\/magazin\/wp-content\/uploads\/2015\/06\/stausee077.jpg\">\t<\/picture><\/a><\/figure><\/div><div class=\"col-6 col-sm-4\"><figure><a class=\"thumb-container\" href=\"https:\/\/www.salzburgerland.com\/de\/magazin\/wp-content\/uploads\/2015\/06\/stausee112-1280x1024.jpg\">\t<picture><source media=\"(min-width: 576px)\" srcset=\"https:\/\/www.salzburgerland.com\/de\/magazin\/wp-content\/uploads\/2015\/06\/stausee112-325x209.jpg 325w, https:\/\/www.salzburgerland.com\/de\/magazin\/wp-content\/uploads\/2015\/06\/stausee112-249x160.jpg 249w\"><\/source><source media=\"(min-width: 0)\" srcset=\"https:\/\/www.salzburgerland.com\/de\/magazin\/wp-content\/uploads\/2015\/06\/stausee112-249x160.jpg 249w, https:\/\/www.salzburgerland.com\/de\/magazin\/wp-content\/uploads\/2015\/06\/stausee112-325x209.jpg 325w\"><\/source><img decoding=\"async\" alt=\"Eine Hand h&auml;lt ein Feinschmeckergericht vor dem Hintergrund einer malerischen Berg- und Seelandschaft.\" src=\"https:\/\/www.salzburgerland.com\/de\/magazin\/wp-content\/uploads\/2015\/06\/stausee112.jpg\">\t<\/picture><\/a><\/figure><\/div><div class=\"col-6 col-sm-4\"><figure><a class=\"thumb-container\" href=\"https:\/\/www.salzburgerland.com\/de\/magazin\/wp-content\/uploads\/2015\/06\/stausee109-1280x1024.jpg\">\t<picture><source media=\"(min-width: 576px)\" srcset=\"https:\/\/www.salzburgerland.com\/de\/magazin\/wp-content\/uploads\/2015\/06\/stausee109-325x209.jpg 325w, https:\/\/www.salzburgerland.com\/de\/magazin\/wp-content\/uploads\/2015\/06\/stausee109-249x160.jpg 249w\"><\/source><source media=\"(min-width: 0)\" srcset=\"https:\/\/www.salzburgerland.com\/de\/magazin\/wp-content\/uploads\/2015\/06\/stausee109-249x160.jpg 249w, https:\/\/www.salzburgerland.com\/de\/magazin\/wp-content\/uploads\/2015\/06\/stausee109-325x209.jpg 325w\"><\/source><img decoding=\"async\" alt=\"Menschen speisen im Freien mit Getr&auml;nken und Speisen, im unscharfen Hintergrund sind die Berge zu sehen.\" src=\"https:\/\/www.salzburgerland.com\/de\/magazin\/wp-content\/uploads\/2015\/06\/stausee109.jpg\">\t<\/picture><\/a><\/figure><\/div><div class=\"col-6 col-sm-4\"><figure><a class=\"thumb-container\" href=\"https:\/\/www.salzburgerland.com\/de\/magazin\/wp-content\/uploads\/2015\/06\/stausee031-1280x1024.jpg\">\t<picture><source media=\"(min-width: 576px)\" srcset=\"https:\/\/www.salzburgerland.com\/de\/magazin\/wp-content\/uploads\/2015\/06\/stausee031-325x209.jpg 325w, https:\/\/www.salzburgerland.com\/de\/magazin\/wp-content\/uploads\/2015\/06\/stausee031-249x160.jpg 249w\"><\/source><source media=\"(min-width: 0)\" srcset=\"https:\/\/www.salzburgerland.com\/de\/magazin\/wp-content\/uploads\/2015\/06\/stausee031-249x160.jpg 249w, https:\/\/www.salzburgerland.com\/de\/magazin\/wp-content\/uploads\/2015\/06\/stausee031-325x209.jpg 325w\"><\/source><img decoding=\"async\" alt=\"Holzteller mit K&auml;se, Wurst und Gem&uuml;se auf einem Tisch, Berge und See im Hintergrund.\" src=\"https:\/\/www.salzburgerland.com\/de\/magazin\/wp-content\/uploads\/2015\/06\/stausee031.jpg\">\t<\/picture><\/a><\/figure><\/div><div class=\"col-6 col-sm-4\"><figure><a class=\"thumb-container\" href=\"https:\/\/www.salzburgerland.com\/de\/magazin\/wp-content\/uploads\/2015\/06\/stausee054-1280x1024.jpg\">\t<picture><source media=\"(min-width: 576px)\" srcset=\"https:\/\/www.salzburgerland.com\/de\/magazin\/wp-content\/uploads\/2015\/06\/stausee054-325x209.jpg 325w, https:\/\/www.salzburgerland.com\/de\/magazin\/wp-content\/uploads\/2015\/06\/stausee054-249x160.jpg 249w\"><\/source><source media=\"(min-width: 0)\" srcset=\"https:\/\/www.salzburgerland.com\/de\/magazin\/wp-content\/uploads\/2015\/06\/stausee054-249x160.jpg 249w, https:\/\/www.salzburgerland.com\/de\/magazin\/wp-content\/uploads\/2015\/06\/stausee054-325x209.jpg 325w\"><\/source><img decoding=\"async\" alt=\"Ein geschwungener Damm staut einen See inmitten von gr&uuml;nen H&uuml;geln und schneebedeckten Bergen unter einem wolkenverhangenen Himmel.\" src=\"https:\/\/www.salzburgerland.com\/de\/magazin\/wp-content\/uploads\/2015\/06\/stausee054.jpg\">\t<\/picture><\/a><\/figure><\/div><div class=\"col-6 col-sm-4\"><figure><a class=\"thumb-container\" href=\"https:\/\/www.salzburgerland.com\/de\/magazin\/wp-content\/uploads\/2015\/06\/stausee138-1280x1024.jpg\">\t<picture><source media=\"(min-width: 576px)\" srcset=\"https:\/\/www.salzburgerland.com\/de\/magazin\/wp-content\/uploads\/2015\/06\/stausee138-325x209.jpg 325w, https:\/\/www.salzburgerland.com\/de\/magazin\/wp-content\/uploads\/2015\/06\/stausee138-249x160.jpg 249w\"><\/source><source media=\"(min-width: 0)\" srcset=\"https:\/\/www.salzburgerland.com\/de\/magazin\/wp-content\/uploads\/2015\/06\/stausee138-249x160.jpg 249w, https:\/\/www.salzburgerland.com\/de\/magazin\/wp-content\/uploads\/2015\/06\/stausee138-325x209.jpg 325w\"><\/source><img decoding=\"async\" alt=\"Ein kleines Feuer brennt in einer Metallschale auf einer leeren Bergstra&szlig;e in der Abendd&auml;mmerung, mit schneebedeckten Gipfeln im Hintergrund.\" src=\"https:\/\/www.salzburgerland.com\/de\/magazin\/wp-content\/uploads\/2015\/06\/stausee138.jpg\">\t<\/picture><\/a><\/figure><\/div><\/div><figcaption><\/figcaption><\/div>\n\n\n\n<p>Informationen zur Sommerfrische im\u00a0<a href=\"https:\/\/www.salzburgerland.com\/de\/\" target=\"_blank\" rel=\"noopener\">SalzburgerLand<\/a>, zu der Seenregion und den Betrieben und den <\/p>\n\n\n\n<p>\u00a9 Sommerfrische \/\/ Kathrin Gollackner (alle Bilder dieses Beitrags)<\/p>\n","protected":false},"excerpt":{"rendered":"<p>Habt ihr Lust aufs Land, die Seen und die Berge? Ja? Dann seid ihr in guter Gesellschaft, denn bereits im 19. Jahrhundert haben sich die Menschen jeden Sommer aufs Neue aufgemacht, die St\u00e4dte verlassen, um auf dem Land die hei\u00dfen Monate\u00a0zu verbringen. Sommerfrische hat man sie damals genannt, die Zeit, in der man endlich einmal [&hellip;]<\/p>\n","protected":false},"author":505,"featured_media":99796,"comment_status":"open","ping_status":"open","sticky":false,"template":"","format":"standard","meta":{"_acf_changed":false,"wl_entities_gutenberg":"","_wl_entity_redirect_enabled":"","footnotes":""},"categories":[7],"tags":[],"wl_entity_type":[306],"monatsauswahl":[82,83,84,85,86,87,88,89,90,91,92,93],"class_list":["post-99754","post","type-post","status-publish","format-standard","has-post-thumbnail","hentry","category-lifestyle","wl_entity_type-article","monatsauswahl-monat_1","monatsauswahl-monat_2","monatsauswahl-monat_3","monatsauswahl-monat_4","monatsauswahl-monat_5","monatsauswahl-monat_6","monatsauswahl-monat_7","monatsauswahl-monat_8","monatsauswahl-monat_9","monatsauswahl-monat_10","monatsauswahl-monat_11","monatsauswahl-monat_12"],"acf":[],"yoast_head":"<!-- This site is optimized with the Yoast SEO Premium plugin v27.4 (Yoast SEO v27.4) - https:\/\/yoast.com\/product\/yoast-seo-premium-wordpress\/ -->\n<title>Sommerfrische Zell am See-Kaprun - SalzburgerLand Magazin<\/title>\n<meta name=\"description\" content=\"Was seht ihr vor euch,\u00a0wenn ihr die Augen schlie\u00dft und euch das Paradies hier bei uns in den Bergen vorstellt? Also ich sehe klares Wasser, malerische Orte, saftige Wiesen, sanfte H\u00fcgeln und Gipfeln, die an den Himmel zu sto\u00dfen scheinen. Das volle Programm also. Die Region Zell am See-Kaprun kommt diesem Bild schon sehr nahe und l\u00e4dt euch ein, hier in der herrlichen Natur der Salzburger Alpen eure Sommerfrische zu verbringen.\u00a0\" \/>\n<meta name=\"robots\" content=\"index, follow, max-snippet:-1, max-image-preview:large, max-video-preview:-1\" \/>\n<link rel=\"canonical\" href=\"https:\/\/www.salzburgerland.com\/de\/magazin\/sommerfrische-zell-am-see-kaprun\/\" \/>\n<meta property=\"og:locale\" content=\"de_DE\" \/>\n<meta property=\"og:type\" content=\"article\" \/>\n<meta property=\"og:title\" content=\"Sommerfrische Zell am See-Kaprun\" \/>\n<meta property=\"og:description\" content=\"Habt ihr Lust aufs Land, die Seen und die Berge? Ja? Dann seid ihr in guter Gesellschaft, denn bereits im 19. Jahrhundert haben sich die Menschen jeden Sommer aufs Neue aufgemacht, die St\u00e4dte verlassen, um auf dem Land die hei\u00dfen Monate\u00a0zu verbringen. Sommerfrische hat man sie damals genannt, die Zeit, in der man endlich einmal [&hellip;]\" \/>\n<meta property=\"og:url\" content=\"https:\/\/www.salzburgerland.com\/de\/magazin\/sommerfrische-zell-am-see-kaprun\/\" \/>\n<meta property=\"og:site_name\" content=\"SalzburgerLand Magazin\" \/>\n<meta property=\"article:publisher\" content=\"https:\/\/www.facebook.com\/salzburgerland\/\" \/>\n<meta property=\"article:published_time\" content=\"2015-07-02T11:06:12+00:00\" \/>\n<meta property=\"article:modified_time\" content=\"2025-10-21T07:18:32+00:00\" \/>\n<meta property=\"og:image\" content=\"https:\/\/www.salzburgerland.com\/de\/magazin\/wp-content\/uploads\/2015\/06\/DSC_0922-Kopie1.jpg\" \/>\n\t<meta property=\"og:image:width\" content=\"1600\" \/>\n\t<meta property=\"og:image:height\" content=\"1068\" \/>\n\t<meta property=\"og:image:type\" content=\"image\/jpeg\" \/>\n<meta name=\"author\" content=\"Peter Zeitlhofer\" \/>\n<meta name=\"twitter:card\" content=\"summary_large_image\" \/>\n<meta name=\"twitter:creator\" content=\"@Salzburgerland\" \/>\n<meta name=\"twitter:site\" content=\"@Salzburgerland\" \/>\n<meta name=\"twitter:label1\" content=\"Verfasst von\" \/>\n\t<meta name=\"twitter:data1\" content=\"Peter Zeitlhofer\" \/>\n\t<meta name=\"twitter:label2\" content=\"Gesch\u00e4tzte Lesezeit\" \/>\n\t<meta name=\"twitter:data2\" content=\"10\u00a0Minuten\" \/>\n<script type=\"application\/ld+json\" class=\"yoast-schema-graph\">{\"@context\":\"https:\\\/\\\/schema.org\",\"@graph\":[{\"@type\":\"Article\",\"@id\":\"https:\\\/\\\/www.salzburgerland.com\\\/de\\\/magazin\\\/sommerfrische-zell-am-see-kaprun\\\/#article\",\"isPartOf\":{\"@id\":\"https:\\\/\\\/www.salzburgerland.com\\\/de\\\/magazin\\\/sommerfrische-zell-am-see-kaprun\\\/\"},\"author\":{\"name\":\"Peter Zeitlhofer\",\"@id\":\"https:\\\/\\\/www.salzburgerland.com\\\/de\\\/magazin\\\/#\\\/schema\\\/person\\\/ebd2c9f244aeea71e30f3b5d5e309de4\"},\"headline\":\"Sommerfrische Zell am See-Kaprun\",\"datePublished\":\"2015-07-02T11:06:12+00:00\",\"dateModified\":\"2025-10-21T07:18:32+00:00\",\"mainEntityOfPage\":{\"@id\":\"https:\\\/\\\/www.salzburgerland.com\\\/de\\\/magazin\\\/sommerfrische-zell-am-see-kaprun\\\/\"},\"wordCount\":1176,\"commentCount\":0,\"publisher\":{\"@id\":\"https:\\\/\\\/www.salzburgerland.com\\\/de\\\/magazin\\\/#organization\"},\"image\":{\"@id\":\"https:\\\/\\\/www.salzburgerland.com\\\/de\\\/magazin\\\/sommerfrische-zell-am-see-kaprun\\\/#primaryimage\"},\"thumbnailUrl\":\"https:\\\/\\\/www.salzburgerland.com\\\/de\\\/magazin\\\/wp-content\\\/uploads\\\/2015\\\/06\\\/DSC_0922-Kopie1.jpg\",\"articleSection\":[\"Lifestyle\"],\"inLanguage\":\"de\",\"potentialAction\":[{\"@type\":\"CommentAction\",\"name\":\"Comment\",\"target\":[\"https:\\\/\\\/www.salzburgerland.com\\\/de\\\/magazin\\\/sommerfrische-zell-am-see-kaprun\\\/#respond\"]}]},{\"@type\":\"WebPage\",\"@id\":\"https:\\\/\\\/www.salzburgerland.com\\\/de\\\/magazin\\\/sommerfrische-zell-am-see-kaprun\\\/\",\"url\":\"https:\\\/\\\/www.salzburgerland.com\\\/de\\\/magazin\\\/sommerfrische-zell-am-see-kaprun\\\/\",\"name\":\"Sommerfrische Zell am See-Kaprun - SalzburgerLand Magazin\",\"isPartOf\":{\"@id\":\"https:\\\/\\\/www.salzburgerland.com\\\/de\\\/magazin\\\/#website\"},\"primaryImageOfPage\":{\"@id\":\"https:\\\/\\\/www.salzburgerland.com\\\/de\\\/magazin\\\/sommerfrische-zell-am-see-kaprun\\\/#primaryimage\"},\"image\":{\"@id\":\"https:\\\/\\\/www.salzburgerland.com\\\/de\\\/magazin\\\/sommerfrische-zell-am-see-kaprun\\\/#primaryimage\"},\"thumbnailUrl\":\"https:\\\/\\\/www.salzburgerland.com\\\/de\\\/magazin\\\/wp-content\\\/uploads\\\/2015\\\/06\\\/DSC_0922-Kopie1.jpg\",\"datePublished\":\"2015-07-02T11:06:12+00:00\",\"dateModified\":\"2025-10-21T07:18:32+00:00\",\"breadcrumb\":{\"@id\":\"https:\\\/\\\/www.salzburgerland.com\\\/de\\\/magazin\\\/sommerfrische-zell-am-see-kaprun\\\/#breadcrumb\"},\"inLanguage\":\"de\",\"potentialAction\":[{\"@type\":\"ReadAction\",\"target\":[\"https:\\\/\\\/www.salzburgerland.com\\\/de\\\/magazin\\\/sommerfrische-zell-am-see-kaprun\\\/\"]}]},{\"@type\":\"ImageObject\",\"inLanguage\":\"de\",\"@id\":\"https:\\\/\\\/www.salzburgerland.com\\\/de\\\/magazin\\\/sommerfrische-zell-am-see-kaprun\\\/#primaryimage\",\"url\":\"https:\\\/\\\/www.salzburgerland.com\\\/de\\\/magazin\\\/wp-content\\\/uploads\\\/2015\\\/06\\\/DSC_0922-Kopie1.jpg\",\"contentUrl\":\"https:\\\/\\\/www.salzburgerland.com\\\/de\\\/magazin\\\/wp-content\\\/uploads\\\/2015\\\/06\\\/DSC_0922-Kopie1.jpg\",\"width\":1600,\"height\":1068,\"caption\":\"Sommerfrische pur\"},{\"@type\":\"BreadcrumbList\",\"@id\":\"https:\\\/\\\/www.salzburgerland.com\\\/de\\\/magazin\\\/sommerfrische-zell-am-see-kaprun\\\/#breadcrumb\",\"itemListElement\":[{\"@type\":\"ListItem\",\"position\":1,\"name\":\"Startseite\",\"item\":\"https:\\\/\\\/www.salzburgerland.com\\\/de\\\/magazin\\\/\"},{\"@type\":\"ListItem\",\"position\":2,\"name\":\"Lifestyle\",\"item\":\"https:\\\/\\\/www.salzburgerland.com\\\/de\\\/magazin\\\/thema\\\/lifestyle\\\/\"},{\"@type\":\"ListItem\",\"position\":3,\"name\":\"Sommerfrische Zell am See-Kaprun\"}]},{\"@type\":\"WebSite\",\"@id\":\"https:\\\/\\\/www.salzburgerland.com\\\/de\\\/magazin\\\/#website\",\"url\":\"https:\\\/\\\/www.salzburgerland.com\\\/de\\\/magazin\\\/\",\"name\":\"SalzburgerLand Magazin\",\"description\":\"Geschichten und Interessantes aus dem SalzburgerLand\",\"publisher\":{\"@id\":\"https:\\\/\\\/www.salzburgerland.com\\\/de\\\/magazin\\\/#organization\"},\"potentialAction\":[{\"@type\":\"SearchAction\",\"target\":{\"@type\":\"EntryPoint\",\"urlTemplate\":\"https:\\\/\\\/www.salzburgerland.com\\\/de\\\/magazin\\\/?s={search_term_string}\"},\"query-input\":{\"@type\":\"PropertyValueSpecification\",\"valueRequired\":true,\"valueName\":\"search_term_string\"}}],\"inLanguage\":\"de\"},{\"@type\":\"Organization\",\"@id\":\"https:\\\/\\\/www.salzburgerland.com\\\/de\\\/magazin\\\/#organization\",\"name\":\"SalzburgerLand Tourismus\",\"url\":\"https:\\\/\\\/www.salzburgerland.com\\\/de\\\/magazin\\\/\",\"logo\":{\"@type\":\"ImageObject\",\"inLanguage\":\"de\",\"@id\":\"https:\\\/\\\/www.salzburgerland.com\\\/de\\\/magazin\\\/#\\\/schema\\\/logo\\\/image\\\/\",\"url\":\"https:\\\/\\\/www.salzburgerland.com\\\/de\\\/magazin\\\/wp-content\\\/uploads\\\/2019\\\/06\\\/salzburgerland-logo1.jpg\",\"contentUrl\":\"https:\\\/\\\/www.salzburgerland.com\\\/de\\\/magazin\\\/wp-content\\\/uploads\\\/2019\\\/06\\\/salzburgerland-logo1.jpg\",\"width\":2011,\"height\":866,\"caption\":\"SalzburgerLand Tourismus\"},\"image\":{\"@id\":\"https:\\\/\\\/www.salzburgerland.com\\\/de\\\/magazin\\\/#\\\/schema\\\/logo\\\/image\\\/\"},\"sameAs\":[\"https:\\\/\\\/www.facebook.com\\\/salzburgerland\\\/\",\"https:\\\/\\\/x.com\\\/Salzburgerland\",\"https:\\\/\\\/www.instagram.com\\\/salzburgerland\\\/\",\"https:\\\/\\\/at.linkedin.com\\\/company\\\/salzburgerland-tourismus-gmbh\",\"https:\\\/\\\/www.pinterest.at\\\/salzburgerland\\\/\",\"https:\\\/\\\/www.youtube.com\\\/user\\\/salzburgerland\",\"https:\\\/\\\/de.wikipedia.org\\\/wiki\\\/SalzburgerLand_Tourismus_GmbH\"]},{\"@type\":\"Person\",\"@id\":\"https:\\\/\\\/www.salzburgerland.com\\\/de\\\/magazin\\\/#\\\/schema\\\/person\\\/ebd2c9f244aeea71e30f3b5d5e309de4\",\"name\":\"Peter Zeitlhofer\",\"description\":\"'Von Neugier getrieben' - diese Worte kommen Peter Zeitlhofer wohl schon ziemlich nahe. Egal ob am Segelboot, im Tiefschnee, unterwegs in Stadt und Land, oder auf einer seinen vielen Reisen - er ist immer auf der Suche nach Neuem, nach dem Besonderen, probiert so ziemlich alles aus und liebt es, dar\u00fcber zu reden und zu berichten. Womit man auch schon fast bei seiner zweiten Leidenschaft w\u00e4re - dem Schreiben. Immer und \u00fcberall ausgestattet\u00a0mit seinem Notebook, hat der Salzburger, mit Wurzeln am Attersee, sein Office\u00a0im wahrsten Sinne des Wortes unterm Arm und k\u00f6nnte sich nichts besseres vorstellen, als die Geschichten dort zu erz\u00e4hlen, wo sie passieren. Fr\u00fchling, Sommer, Herbst oder Winter? Als Mensch der Extreme, mag ich auch bei den Jahreszeiten den Sommer und den Winter am liebsten. Obwohl nat\u00fcrlich auch der Fr\u00fchling seine Reize hat. Aber der Herbst? Rindsroulade vom Pinzgauer Biorind oder Saibling fangfrisch aus dem Fuschlsee? Immer diese Entscheidungen! Kann ich auch beides haben? Mundharmonika oder Stradivari? Weder noch - als Gitarrist k\u00f6nnte ich mit beiden Instrumenten nichts anfangen. Lederhose oder Smoking? Eindeutig Lederhose, die bei mir mittlerweile sogar den Einzug in den sommerlichen Alltag gefunden hat. Und der LederhosnDonnerstag ist \u00a0ohnehin Pflicht. Alpinski, Offpist oder Skitour? Hauptsache rauf auf den Berg! Was dann tats\u00e4chlich auf dem Programm steht ist zweitrangig. Nur so viel: wenn der Schnee passt, dann h\u00e4lt mich nichts oder niemand auf der Piste. Bergtour oder Seentour? F\u00fcr mich gibt es im Sommer nichts Sch\u00f6neres, als mit dem Segelboot auf unseren herrlichen Seen unterwegs zu sein. Also wenn ich die Wahl habe, dann nehme ich im Sommer die Berge h\u00f6chstens als Kulisse. Haubenlokal oder Ab-Hof-Laden? Auch hier nehme ich von beidem ein bisschen. Aber bei der Oma schmeckt's dann doch am besten.\",\"url\":\"https:\\\/\\\/www.salzburgerland.com\\\/de\\\/magazin\\\/author\\\/peter-zeitlhofer\\\/\"}]}<\/script>\n<!-- \/ Yoast SEO Premium plugin. -->","yoast_head_json":{"title":"Sommerfrische Zell am See-Kaprun - SalzburgerLand Magazin","description":"Was seht ihr vor euch,\u00a0wenn ihr die Augen schlie\u00dft und euch das Paradies hier bei uns in den Bergen vorstellt? Also ich sehe klares Wasser, malerische Orte, saftige Wiesen, sanfte H\u00fcgeln und Gipfeln, die an den Himmel zu sto\u00dfen scheinen. Das volle Programm also. Die Region Zell am See-Kaprun kommt diesem Bild schon sehr nahe und l\u00e4dt euch ein, hier in der herrlichen Natur der Salzburger Alpen eure Sommerfrische zu verbringen.\u00a0","robots":{"index":"index","follow":"follow","max-snippet":"max-snippet:-1","max-image-preview":"max-image-preview:large","max-video-preview":"max-video-preview:-1"},"canonical":"https:\/\/www.salzburgerland.com\/de\/magazin\/sommerfrische-zell-am-see-kaprun\/","og_locale":"de_DE","og_type":"article","og_title":"Sommerfrische Zell am See-Kaprun","og_description":"Habt ihr Lust aufs Land, die Seen und die Berge? Ja? Dann seid ihr in guter Gesellschaft, denn bereits im 19. Jahrhundert haben sich die Menschen jeden Sommer aufs Neue aufgemacht, die St\u00e4dte verlassen, um auf dem Land die hei\u00dfen Monate\u00a0zu verbringen. Sommerfrische hat man sie damals genannt, die Zeit, in der man endlich einmal [&hellip;]","og_url":"https:\/\/www.salzburgerland.com\/de\/magazin\/sommerfrische-zell-am-see-kaprun\/","og_site_name":"SalzburgerLand Magazin","article_publisher":"https:\/\/www.facebook.com\/salzburgerland\/","article_published_time":"2015-07-02T11:06:12+00:00","article_modified_time":"2025-10-21T07:18:32+00:00","og_image":[{"width":1600,"height":1068,"url":"https:\/\/www.salzburgerland.com\/de\/magazin\/wp-content\/uploads\/2015\/06\/DSC_0922-Kopie1.jpg","type":"image\/jpeg"}],"author":"Peter Zeitlhofer","twitter_card":"summary_large_image","twitter_creator":"@Salzburgerland","twitter_site":"@Salzburgerland","twitter_misc":{"Verfasst von":"Peter Zeitlhofer","Gesch\u00e4tzte Lesezeit":"10\u00a0Minuten"},"schema":{"@context":"https:\/\/schema.org","@graph":[{"@type":"Article","@id":"https:\/\/www.salzburgerland.com\/de\/magazin\/sommerfrische-zell-am-see-kaprun\/#article","isPartOf":{"@id":"https:\/\/www.salzburgerland.com\/de\/magazin\/sommerfrische-zell-am-see-kaprun\/"},"author":{"name":"Peter Zeitlhofer","@id":"https:\/\/www.salzburgerland.com\/de\/magazin\/#\/schema\/person\/ebd2c9f244aeea71e30f3b5d5e309de4"},"headline":"Sommerfrische Zell am See-Kaprun","datePublished":"2015-07-02T11:06:12+00:00","dateModified":"2025-10-21T07:18:32+00:00","mainEntityOfPage":{"@id":"https:\/\/www.salzburgerland.com\/de\/magazin\/sommerfrische-zell-am-see-kaprun\/"},"wordCount":1176,"commentCount":0,"publisher":{"@id":"https:\/\/www.salzburgerland.com\/de\/magazin\/#organization"},"image":{"@id":"https:\/\/www.salzburgerland.com\/de\/magazin\/sommerfrische-zell-am-see-kaprun\/#primaryimage"},"thumbnailUrl":"https:\/\/www.salzburgerland.com\/de\/magazin\/wp-content\/uploads\/2015\/06\/DSC_0922-Kopie1.jpg","articleSection":["Lifestyle"],"inLanguage":"de","potentialAction":[{"@type":"CommentAction","name":"Comment","target":["https:\/\/www.salzburgerland.com\/de\/magazin\/sommerfrische-zell-am-see-kaprun\/#respond"]}]},{"@type":"WebPage","@id":"https:\/\/www.salzburgerland.com\/de\/magazin\/sommerfrische-zell-am-see-kaprun\/","url":"https:\/\/www.salzburgerland.com\/de\/magazin\/sommerfrische-zell-am-see-kaprun\/","name":"Sommerfrische Zell am See-Kaprun - SalzburgerLand Magazin","isPartOf":{"@id":"https:\/\/www.salzburgerland.com\/de\/magazin\/#website"},"primaryImageOfPage":{"@id":"https:\/\/www.salzburgerland.com\/de\/magazin\/sommerfrische-zell-am-see-kaprun\/#primaryimage"},"image":{"@id":"https:\/\/www.salzburgerland.com\/de\/magazin\/sommerfrische-zell-am-see-kaprun\/#primaryimage"},"thumbnailUrl":"https:\/\/www.salzburgerland.com\/de\/magazin\/wp-content\/uploads\/2015\/06\/DSC_0922-Kopie1.jpg","datePublished":"2015-07-02T11:06:12+00:00","dateModified":"2025-10-21T07:18:32+00:00","breadcrumb":{"@id":"https:\/\/www.salzburgerland.com\/de\/magazin\/sommerfrische-zell-am-see-kaprun\/#breadcrumb"},"inLanguage":"de","potentialAction":[{"@type":"ReadAction","target":["https:\/\/www.salzburgerland.com\/de\/magazin\/sommerfrische-zell-am-see-kaprun\/"]}]},{"@type":"ImageObject","inLanguage":"de","@id":"https:\/\/www.salzburgerland.com\/de\/magazin\/sommerfrische-zell-am-see-kaprun\/#primaryimage","url":"https:\/\/www.salzburgerland.com\/de\/magazin\/wp-content\/uploads\/2015\/06\/DSC_0922-Kopie1.jpg","contentUrl":"https:\/\/www.salzburgerland.com\/de\/magazin\/wp-content\/uploads\/2015\/06\/DSC_0922-Kopie1.jpg","width":1600,"height":1068,"caption":"Sommerfrische pur"},{"@type":"BreadcrumbList","@id":"https:\/\/www.salzburgerland.com\/de\/magazin\/sommerfrische-zell-am-see-kaprun\/#breadcrumb","itemListElement":[{"@type":"ListItem","position":1,"name":"Startseite","item":"https:\/\/www.salzburgerland.com\/de\/magazin\/"},{"@type":"ListItem","position":2,"name":"Lifestyle","item":"https:\/\/www.salzburgerland.com\/de\/magazin\/thema\/lifestyle\/"},{"@type":"ListItem","position":3,"name":"Sommerfrische Zell am See-Kaprun"}]},{"@type":"WebSite","@id":"https:\/\/www.salzburgerland.com\/de\/magazin\/#website","url":"https:\/\/www.salzburgerland.com\/de\/magazin\/","name":"SalzburgerLand Magazin","description":"Geschichten und Interessantes aus dem SalzburgerLand","publisher":{"@id":"https:\/\/www.salzburgerland.com\/de\/magazin\/#organization"},"potentialAction":[{"@type":"SearchAction","target":{"@type":"EntryPoint","urlTemplate":"https:\/\/www.salzburgerland.com\/de\/magazin\/?s={search_term_string}"},"query-input":{"@type":"PropertyValueSpecification","valueRequired":true,"valueName":"search_term_string"}}],"inLanguage":"de"},{"@type":"Organization","@id":"https:\/\/www.salzburgerland.com\/de\/magazin\/#organization","name":"SalzburgerLand Tourismus","url":"https:\/\/www.salzburgerland.com\/de\/magazin\/","logo":{"@type":"ImageObject","inLanguage":"de","@id":"https:\/\/www.salzburgerland.com\/de\/magazin\/#\/schema\/logo\/image\/","url":"https:\/\/www.salzburgerland.com\/de\/magazin\/wp-content\/uploads\/2019\/06\/salzburgerland-logo1.jpg","contentUrl":"https:\/\/www.salzburgerland.com\/de\/magazin\/wp-content\/uploads\/2019\/06\/salzburgerland-logo1.jpg","width":2011,"height":866,"caption":"SalzburgerLand Tourismus"},"image":{"@id":"https:\/\/www.salzburgerland.com\/de\/magazin\/#\/schema\/logo\/image\/"},"sameAs":["https:\/\/www.facebook.com\/salzburgerland\/","https:\/\/x.com\/Salzburgerland","https:\/\/www.instagram.com\/salzburgerland\/","https:\/\/at.linkedin.com\/company\/salzburgerland-tourismus-gmbh","https:\/\/www.pinterest.at\/salzburgerland\/","https:\/\/www.youtube.com\/user\/salzburgerland","https:\/\/de.wikipedia.org\/wiki\/SalzburgerLand_Tourismus_GmbH"]},{"@type":"Person","@id":"https:\/\/www.salzburgerland.com\/de\/magazin\/#\/schema\/person\/ebd2c9f244aeea71e30f3b5d5e309de4","name":"Peter Zeitlhofer","description":"'Von Neugier getrieben' - diese Worte kommen Peter Zeitlhofer wohl schon ziemlich nahe. Egal ob am Segelboot, im Tiefschnee, unterwegs in Stadt und Land, oder auf einer seinen vielen Reisen - er ist immer auf der Suche nach Neuem, nach dem Besonderen, probiert so ziemlich alles aus und liebt es, dar\u00fcber zu reden und zu berichten. Womit man auch schon fast bei seiner zweiten Leidenschaft w\u00e4re - dem Schreiben. Immer und \u00fcberall ausgestattet\u00a0mit seinem Notebook, hat der Salzburger, mit Wurzeln am Attersee, sein Office\u00a0im wahrsten Sinne des Wortes unterm Arm und k\u00f6nnte sich nichts besseres vorstellen, als die Geschichten dort zu erz\u00e4hlen, wo sie passieren. Fr\u00fchling, Sommer, Herbst oder Winter? Als Mensch der Extreme, mag ich auch bei den Jahreszeiten den Sommer und den Winter am liebsten. Obwohl nat\u00fcrlich auch der Fr\u00fchling seine Reize hat. Aber der Herbst? Rindsroulade vom Pinzgauer Biorind oder Saibling fangfrisch aus dem Fuschlsee? Immer diese Entscheidungen! Kann ich auch beides haben? Mundharmonika oder Stradivari? Weder noch - als Gitarrist k\u00f6nnte ich mit beiden Instrumenten nichts anfangen. Lederhose oder Smoking? Eindeutig Lederhose, die bei mir mittlerweile sogar den Einzug in den sommerlichen Alltag gefunden hat. Und der LederhosnDonnerstag ist \u00a0ohnehin Pflicht. Alpinski, Offpist oder Skitour? Hauptsache rauf auf den Berg! Was dann tats\u00e4chlich auf dem Programm steht ist zweitrangig. Nur so viel: wenn der Schnee passt, dann h\u00e4lt mich nichts oder niemand auf der Piste. Bergtour oder Seentour? F\u00fcr mich gibt es im Sommer nichts Sch\u00f6neres, als mit dem Segelboot auf unseren herrlichen Seen unterwegs zu sein. Also wenn ich die Wahl habe, dann nehme ich im Sommer die Berge h\u00f6chstens als Kulisse. Haubenlokal oder Ab-Hof-Laden? Auch hier nehme ich von beidem ein bisschen. Aber bei der Oma schmeckt's dann doch am besten.","url":"https:\/\/www.salzburgerland.com\/de\/magazin\/author\/peter-zeitlhofer\/"}]}},"_wl_alt_label":[],"wl:entity_url":"http:\/\/open.salzburgerland.com\/magazin\/post\/sommerfrische__zell_am_see_-_kaprun","_links":{"self":[{"href":"https:\/\/www.salzburgerland.com\/de\/magazin\/wp-json\/wp\/v2\/posts\/99754","targetHints":{"allow":["GET"]}}],"collection":[{"href":"https:\/\/www.salzburgerland.com\/de\/magazin\/wp-json\/wp\/v2\/posts"}],"about":[{"href":"https:\/\/www.salzburgerland.com\/de\/magazin\/wp-json\/wp\/v2\/types\/post"}],"author":[{"embeddable":true,"href":"https:\/\/www.salzburgerland.com\/de\/magazin\/wp-json\/wp\/v2\/users\/505"}],"replies":[{"embeddable":true,"href":"https:\/\/www.salzburgerland.com\/de\/magazin\/wp-json\/wp\/v2\/comments?post=99754"}],"version-history":[{"count":1,"href":"https:\/\/www.salzburgerland.com\/de\/magazin\/wp-json\/wp\/v2\/posts\/99754\/revisions"}],"predecessor-version":[{"id":184908,"href":"https:\/\/www.salzburgerland.com\/de\/magazin\/wp-json\/wp\/v2\/posts\/99754\/revisions\/184908"}],"wp:featuredmedia":[{"embeddable":true,"href":"https:\/\/www.salzburgerland.com\/de\/magazin\/wp-json\/wp\/v2\/media\/99796"}],"wp:attachment":[{"href":"https:\/\/www.salzburgerland.com\/de\/magazin\/wp-json\/wp\/v2\/media?parent=99754"}],"wp:term":[{"taxonomy":"category","embeddable":true,"href":"https:\/\/www.salzburgerland.com\/de\/magazin\/wp-json\/wp\/v2\/categories?post=99754"},{"taxonomy":"post_tag","embeddable":true,"href":"https:\/\/www.salzburgerland.com\/de\/magazin\/wp-json\/wp\/v2\/tags?post=99754"},{"taxonomy":"wl_entity_type","embeddable":true,"href":"https:\/\/www.salzburgerland.com\/de\/magazin\/wp-json\/wp\/v2\/wl_entity_type?post=99754"},{"taxonomy":"monatsauswahl","embeddable":true,"href":"https:\/\/www.salzburgerland.com\/de\/magazin\/wp-json\/wp\/v2\/monatsauswahl?post=99754"}],"curies":[{"name":"wp","href":"https:\/\/api.w.org\/{rel}","templated":true}]}}