{"id":99742,"date":"2015-06-29T11:54:31","date_gmt":"2015-06-29T09:54:31","guid":{"rendered":"http:\/\/magazin.salzburgerland.com\/?p=99742"},"modified":"2023-11-08T14:41:48","modified_gmt":"2023-11-08T13:41:48","slug":"das-glemmride-bikefestival-rockt-saalbach-hinterglemm","status":"publish","type":"post","link":"https:\/\/www.salzburgerland.com\/de\/magazin\/das-glemmride-bikefestival-rockt-saalbach-hinterglemm\/","title":{"rendered":"Das GlemmRide Bikefestival rockt Saalbach Hinterglemm"},"content":{"rendered":"<p><strong>Bike- und Musikbegeisterte st\u00fcrmen vom 7. bis 10. Juli erneut das Freeride Mekka <a href=\"http:\/\/www.saalbach.com\" target=\"_blank\" rel=\"noopener\">Saalbach Hinterglemm<\/a>. Das ganze <a href=\"http:\/\/www.glemmride.at\/de\/\" target=\"_blank\" rel=\"noopener\">Festival-Wochenende<\/a> steht unter dem Motto \u201eride, eat, party &#8211; repeat\u201c und bietet allen Freeridern und Zuschauern spektakul\u00e4re sportliche und musikalische Highlights.<\/strong><\/p>\n<p>Nach der Premiere im Vorjahr f\u00fcllen\u00a0wieder\u00a0urbane Slopestyle-Action, rasante\u00a0Downhillrennen f\u00fcr Pro\u2019s und Kids, Pumptrack-Sessions, Fahrtechniktrainings, Workshops und Ausfahrten mit den Bike-Stars und rockige Weltklasse-Sounds den Timetable des Festivals. Produktneuheiten der Bikebranche und Testm\u00f6glichkeiten bietet das zentrale Expo-Gel\u00e4nde und beim \u201eLadies Train\u201c beweisen Freeriderinnen ihren Flow am Hacklberg Trail.<\/p>\n<p><strong>Slopestyle \u00fcber den D\u00e4chern von Hinterglemm<br \/>\n<\/strong>Der\u00a0Urban-Slopestyle am\u00a0Goa\u00dfstall-Hang bietet eines\u00a0der wohl spektakul\u00e4rsten Bike-Formate direkt im\u00a0Ortszentrum von Hinterglemm. Auf der\u00a0legend\u00e4ren Strecke am Goa\u00dfstall-Hang, versammelte\u00a0sich bereits beim ersten europ\u00e4ischen Slopestyle im Jahr 2004 die Freeride Weltelite.\u00a0Als\u00a0\u201eFMB Silver Event\u201c versetzt der Slopestyle am\u00a0GlemmRide-Wochenende die Zuschauer in atemloses Staunen.\u00a0Der selektive Urban-Freeride-Parcours f\u00fchrt\u00a0direkt nach dem Signature-Jump \u00fcber die Terrasse des 5*-Hotels \u201eAlpine Palace\u201c hinein ins Festival-Zentrum in Hinterglemm. Die weltbesten Rider liefern den Zuschauern beim Finale am Samstag mit akrobatischen Stunts eine atemberaubende Show bei diesem Rennen der \u201eFreeride Mountain Bike Tour\u201c mit dem Pr\u00e4dikat \u201eabsolut sehenswert\u201c.<\/p>\n<figure id=\"attachment_106700\" aria-describedby=\"caption-attachment-106700\" style=\"width: 650px\" class=\"wp-caption alignnone\"><a href=\"https:\/\/www.salzburgerland.com\/de\/magazin\/wp-content\/uploads\/2015\/06\/RS4843_Dirt-Finals-7-freezing_motions_listl-tvbsaalbach-scr.jpg\"><img loading=\"lazy\" decoding=\"async\" class=\"size-singlePost wp-image-106700\" src=\"https:\/\/www.salzburgerland.com\/de\/magazin\/wp-content\/uploads\/2015\/06\/RS4843_Dirt-Finals-7-freezing_motions_listl-tvbsaalbach-scr-650x435.jpg\" alt=\"Urban Slopestyle \u00fcber den D\u00e4chern von Hinterglemm.\" width=\"650\" height=\"435\" \/><\/a><figcaption id=\"caption-attachment-106700\" class=\"wp-caption-text\">Urban Slopestyle \u00fcber den D\u00e4chern von Hinterglemm.<\/figcaption><\/figure>\n<p><strong>Rockige Sounds<br \/>\n<\/strong>Was w\u00e4re ein Festival in Saalbach Hinterglemm ohne die perfekte Party? Die Glemmtaler sind die Meister des guten Sounds und in diesem Jahr konnte \u201e<strong>Django3000<\/strong>\u201c f\u00fcr einen Live-Auftritt gewonnen werden. Die l\u00e4ssig groovenden Desperados aus dem Chiemgau sind die idealen Sound-Lieferanten f\u00fcr das \u201eHome of L\u00e4ssig&#8220;. Sie m\u00f6gen es gern wild und laut und sorgen mit ihrem Genre Gipsy-Disco f\u00fcr eine brodelnde Soundmixtur.\u00a0Die 2003 in Savannah\/USA gegr\u00fcndete Band \u201e<strong>Passafire<\/strong>\u201c hat sich schon jetzt ihren festen Platz in der US Reggae Szene gesichert und legt ihren\u00a0musikalischen Akzent vor allem auf die Einbindung von Alternative-Rock und Progressive-Rock Elementen. Die Tiroler Band \u201e<strong>MIDRIFF<\/strong>\u201c\u00a0spielte sich die letzten beiden Jahre quer durch Europas Clubszene und z\u00fcndet mit ihrem erdigen, harten Rocksound live wie eine Rakete.\u00a0Neben den Open Air Stages kann nat\u00fcrlich in den verschiedenen Bars und Clubs zu DJ-Sound der \u201e<strong>Wax Wreckaz<\/strong>\u201c, \u201e<strong>Schwarzmarct<\/strong>\u201c, \u201e<strong>East of Eaden<\/strong>\u201c oder \u201e<strong>Banazonic\u201c\u00a0<\/strong>gefeiert werden.<\/p>\n<figure id=\"attachment_106701\" aria-describedby=\"caption-attachment-106701\" style=\"width: 650px\" class=\"wp-caption alignnone\"><a href=\"https:\/\/www.salzburgerland.com\/de\/magazin\/wp-content\/uploads\/2015\/06\/RS4848_Downhill-Race-Samstag-115-freezing_motions_listl-tvbsaalbach-scr.jpg\"><img loading=\"lazy\" decoding=\"async\" class=\"size-singlePost wp-image-106701\" src=\"https:\/\/www.salzburgerland.com\/de\/magazin\/wp-content\/uploads\/2015\/06\/RS4848_Downhill-Race-Samstag-115-freezing_motions_listl-tvbsaalbach-scr-650x435.jpg\" alt=\"Downhill Race Samstag.\" width=\"650\" height=\"435\" \/><\/a><figcaption id=\"caption-attachment-106701\" class=\"wp-caption-text\">Downhill Race Samstag.<\/figcaption><\/figure>\n<p><strong>Riders ready? Go!<br \/>\n<\/strong>Auf der \u201ePro Line\u201c am Reiterkogel geht es f\u00fcr alle <strong>Downhiller<\/strong> an den Start. Die selektive Strecke mit Anliegern, Doubles, kniffligen Wurzelpassagen und zahlreichen Spr\u00fcngen hat es auf 2,3 Kilometer L\u00e4nge ganz sch\u00f6n in sich. Neben den Erwachsenen k\u00f6nnen auch Kids von 10 bis 15 Jahren auf derselben Strecke am Sonntag ihr K\u00f6nnen unter Beweis stellen.<\/p>\n<p>\u201ePump it!\u201c hei\u00dft es am Freitag bei der <strong>Pumptrack-Session<\/strong> direkt am Festplatz. Denn bei diesem spektakul\u00e4ren Rennen im KO-Prinzip ist eines sicher nicht erlaubt: in die Pedale treten! Allein durch das Dr\u00fccken des Bikes durch die Wellenbahn wird Geschwindigkeit in diesem Rundkurs aufgebaut und erfordert von allen Startern eine Menge Kraft und Feingef\u00fchl.<\/p>\n<p>\u201eGirls only\u201c ist das Motto des \u201e<strong>Ladies Train<\/strong>\u201c mit Angie Hohenwarter und Local Hero Vali H\u00f6ll. Von\u00a0Hinterglemm geht es f\u00fcr alle Freeriderinnen zur Auffahrt mit dem Schattberg Xpress und Schattberg Sprinter\u00a0und einer\u00a0gemeinsamen Abfahrt \u00fcber den Hacklberg Trail.\u00a0Dieses Jahr m\u00f6chten die beiden Bikerinnen\u00a0den Ladies Train einen gutem Zweck widmen, n\u00e4mlich dem <a href=\"http:\/\/www.worldbicyclerelief.org\" target=\"_blank\" rel=\"noopener\">Worldbicyclerelief.<\/a>\u00a0F\u00fcr alle\u00a0Female-Rider, die\u00a0Lust auf Downhill, Geschwindigkeit und viel Spa\u00df\u00a0haben sorgen die 4x-Pros Helene Fruhwirt und Mich\u00e8le Quint bei der NIVA -NO DIVA &#8211; JAM SESSION f\u00fcr Tipps zum Thema Speed und Fahrtechnik.<\/p>\n<figure id=\"attachment_106702\" aria-describedby=\"caption-attachment-106702\" style=\"width: 650px\" class=\"wp-caption alignnone\"><a href=\"https:\/\/www.salzburgerland.com\/de\/magazin\/wp-content\/uploads\/2015\/06\/RS4857_Freitag-Bike-Facebook-16-freezing_motions_listl-tvbsaalbach-scr.jpg\"><img loading=\"lazy\" decoding=\"async\" class=\"size-singlePost wp-image-106702\" src=\"https:\/\/www.salzburgerland.com\/de\/magazin\/wp-content\/uploads\/2015\/06\/RS4857_Freitag-Bike-Facebook-16-freezing_motions_listl-tvbsaalbach-scr-650x435.jpg\" alt=\"Pump it! beim Pumptrack am Festivalgel\u00e4nde.\" width=\"650\" height=\"435\" \/><\/a><figcaption id=\"caption-attachment-106702\" class=\"wp-caption-text\">Pump it! beim Pumptrack am Festivalgel\u00e4nde.<\/figcaption><\/figure>\n<p><strong>Testen und Touren<br \/>\n<\/strong>F\u00fcr eine gelungene Abwechslung zu Rennen und Party sorgen am Festival-Wochenende auch \u00fcber 50 Aussteller im Expo-Gel\u00e4nde. Namhafte Hersteller der Bikeszene zeigen beim Finetuning von Gabel oder Bremse ihr Knowhow und Bikeprofis laden ein zu Workshops und Trail-Rides.<\/p>\n<p>Fotocredits: Headerbild \u00a9Nathan Hughes_Saalbach Hinterglemm, alle anderen Bilder \u00a9 Klaus Listl &#8211; Freezing Motion<\/p>\n<p><strong>Kontakt:<\/strong><br \/>\nGlemmRide Bikefestival<br \/>\nTourismusverband Saalbach Hinterglemm<br \/>\n<span class=\"info_telephone\">Tel: +43 6541 6800-68<\/span><br \/>\n<span class=\"info_email\"><span id=\"cloak23470\"><a href=\"mailto:info@glemmride.at\">info@glemmride.at<\/a><\/span><\/span><\/p>\n","protected":false},"excerpt":{"rendered":"<p>Bike- und Musikbegeisterte st\u00fcrmen vom 7. bis 10. Juli erneut das Freeride Mekka Saalbach Hinterglemm. Das ganze Festival-Wochenende steht unter dem Motto \u201eride, eat, party &#8211; repeat\u201c und bietet allen Freeridern und Zuschauern spektakul\u00e4re sportliche und musikalische Highlights. Nach der Premiere im Vorjahr f\u00fcllen\u00a0wieder\u00a0urbane Slopestyle-Action, rasante\u00a0Downhillrennen f\u00fcr Pro\u2019s und Kids, Pumptrack-Sessions, Fahrtechniktrainings, Workshops und Ausfahrten [&hellip;]<\/p>\n","protected":false},"author":11,"featured_media":106756,"comment_status":"open","ping_status":"open","sticky":false,"template":"","format":"standard","meta":{"_acf_changed":false,"wl_entities_gutenberg":"","_wl_entity_redirect_enabled":"","footnotes":""},"categories":[7551],"tags":[],"wl_entity_type":[306],"monatsauswahl":[87,88],"class_list":["post-99742","post","type-post","status-publish","format-standard","has-post-thumbnail","hentry","category-archiv","wl_entity_type-article","monatsauswahl-monat_6","monatsauswahl-monat_7"],"acf":[],"yoast_head":"<!-- This site is optimized with the Yoast SEO Premium plugin v27.4 (Yoast SEO v27.4) - https:\/\/yoast.com\/product\/yoast-seo-premium-wordpress\/ -->\n<title>Das GlemmRide Bikefestival rockt Saalbach Hinterglemm - SalzburgerLand Magazin<\/title>\n<meta name=\"description\" content=\"Bike- und Musikbegeisterte st\u00fcrmen vom 7. bis 10. Juli erneut das Freeride Mekka Saalbach Hinterglemm. Das ganze Festival-Wochenende steht unter dem Motto \u201eride, eat, party &#8211; repeat\u201c und bietet allen Freeridern und Zuschauern spektakul\u00e4re sportliche und musikalische Highlights. Nach der Premiere im Vorjahr f\u00fcllen\u00a0wieder\u00a0urbane Slopestyle-Action, rasante\u00a0Downhillrennen f\u00fcr Pro\u2019s und Kids, Pumptrack-Sessions, Fahrtechniktrainings, Workshops und Ausfahrten [&hellip;]\" \/>\n<meta name=\"robots\" content=\"index, follow, max-snippet:-1, max-image-preview:large, max-video-preview:-1\" \/>\n<link rel=\"canonical\" href=\"https:\/\/www.salzburgerland.com\/de\/magazin\/das-glemmride-bikefestival-rockt-saalbach-hinterglemm\/\" \/>\n<meta property=\"og:locale\" content=\"de_DE\" \/>\n<meta property=\"og:type\" content=\"article\" \/>\n<meta property=\"og:title\" content=\"Das GlemmRide Bikefestival rockt Saalbach Hinterglemm\" \/>\n<meta property=\"og:description\" content=\"Bike- und Musikbegeisterte st\u00fcrmen vom 7. bis 10. Juli erneut das Freeride Mekka Saalbach Hinterglemm. Das ganze Festival-Wochenende steht unter dem Motto \u201eride, eat, party &#8211; repeat\u201c und bietet allen Freeridern und Zuschauern spektakul\u00e4re sportliche und musikalische Highlights. Nach der Premiere im Vorjahr f\u00fcllen\u00a0wieder\u00a0urbane Slopestyle-Action, rasante\u00a0Downhillrennen f\u00fcr Pro\u2019s und Kids, Pumptrack-Sessions, Fahrtechniktrainings, Workshops und Ausfahrten [&hellip;]\" \/>\n<meta property=\"og:url\" content=\"https:\/\/www.salzburgerland.com\/de\/magazin\/das-glemmride-bikefestival-rockt-saalbach-hinterglemm\/\" \/>\n<meta property=\"og:site_name\" content=\"SalzburgerLand Magazin\" \/>\n<meta property=\"article:publisher\" content=\"https:\/\/www.facebook.com\/salzburgerland\/\" \/>\n<meta property=\"article:published_time\" content=\"2015-06-29T09:54:31+00:00\" \/>\n<meta property=\"article:modified_time\" content=\"2023-11-08T13:41:48+00:00\" \/>\n<meta property=\"og:image\" content=\"https:\/\/www.salzburgerland.com\/de\/magazin\/wp-content\/uploads\/2015\/06\/GlemmRide-Header-2016-Kopie.png\" \/>\n\t<meta property=\"og:image:width\" content=\"1600\" \/>\n\t<meta property=\"og:image:height\" content=\"965\" \/>\n\t<meta property=\"og:image:type\" content=\"image\/png\" \/>\n<meta name=\"author\" content=\"Edith Danzer\" \/>\n<meta name=\"twitter:card\" content=\"summary_large_image\" \/>\n<meta name=\"twitter:creator\" content=\"@Salzburgerland\" \/>\n<meta name=\"twitter:site\" content=\"@Salzburgerland\" \/>\n<meta name=\"twitter:label1\" content=\"Verfasst von\" \/>\n\t<meta name=\"twitter:data1\" content=\"Edith Danzer\" \/>\n\t<meta name=\"twitter:label2\" content=\"Gesch\u00e4tzte Lesezeit\" \/>\n\t<meta name=\"twitter:data2\" content=\"5\u00a0Minuten\" \/>\n<script type=\"application\/ld+json\" class=\"yoast-schema-graph\">{\"@context\":\"https:\\\/\\\/schema.org\",\"@graph\":[{\"@type\":\"Article\",\"@id\":\"https:\\\/\\\/www.salzburgerland.com\\\/de\\\/magazin\\\/das-glemmride-bikefestival-rockt-saalbach-hinterglemm\\\/#article\",\"isPartOf\":{\"@id\":\"https:\\\/\\\/www.salzburgerland.com\\\/de\\\/magazin\\\/das-glemmride-bikefestival-rockt-saalbach-hinterglemm\\\/\"},\"author\":{\"name\":\"Edith Danzer\",\"@id\":\"https:\\\/\\\/www.salzburgerland.com\\\/de\\\/magazin\\\/#\\\/schema\\\/person\\\/79452c699c410aa31a119426313748de\"},\"headline\":\"Das GlemmRide Bikefestival rockt Saalbach Hinterglemm\",\"datePublished\":\"2015-06-29T09:54:31+00:00\",\"dateModified\":\"2023-11-08T13:41:48+00:00\",\"mainEntityOfPage\":{\"@id\":\"https:\\\/\\\/www.salzburgerland.com\\\/de\\\/magazin\\\/das-glemmride-bikefestival-rockt-saalbach-hinterglemm\\\/\"},\"wordCount\":693,\"commentCount\":0,\"publisher\":{\"@id\":\"https:\\\/\\\/www.salzburgerland.com\\\/de\\\/magazin\\\/#organization\"},\"image\":{\"@id\":\"https:\\\/\\\/www.salzburgerland.com\\\/de\\\/magazin\\\/das-glemmride-bikefestival-rockt-saalbach-hinterglemm\\\/#primaryimage\"},\"thumbnailUrl\":\"https:\\\/\\\/www.salzburgerland.com\\\/de\\\/magazin\\\/wp-content\\\/uploads\\\/2015\\\/06\\\/GlemmRide-Header-2016-Kopie.png\",\"articleSection\":[\"Archiv\"],\"inLanguage\":\"de\",\"potentialAction\":[{\"@type\":\"CommentAction\",\"name\":\"Comment\",\"target\":[\"https:\\\/\\\/www.salzburgerland.com\\\/de\\\/magazin\\\/das-glemmride-bikefestival-rockt-saalbach-hinterglemm\\\/#respond\"]}]},{\"@type\":\"WebPage\",\"@id\":\"https:\\\/\\\/www.salzburgerland.com\\\/de\\\/magazin\\\/das-glemmride-bikefestival-rockt-saalbach-hinterglemm\\\/\",\"url\":\"https:\\\/\\\/www.salzburgerland.com\\\/de\\\/magazin\\\/das-glemmride-bikefestival-rockt-saalbach-hinterglemm\\\/\",\"name\":\"Das GlemmRide Bikefestival rockt Saalbach Hinterglemm - SalzburgerLand Magazin\",\"isPartOf\":{\"@id\":\"https:\\\/\\\/www.salzburgerland.com\\\/de\\\/magazin\\\/#website\"},\"primaryImageOfPage\":{\"@id\":\"https:\\\/\\\/www.salzburgerland.com\\\/de\\\/magazin\\\/das-glemmride-bikefestival-rockt-saalbach-hinterglemm\\\/#primaryimage\"},\"image\":{\"@id\":\"https:\\\/\\\/www.salzburgerland.com\\\/de\\\/magazin\\\/das-glemmride-bikefestival-rockt-saalbach-hinterglemm\\\/#primaryimage\"},\"thumbnailUrl\":\"https:\\\/\\\/www.salzburgerland.com\\\/de\\\/magazin\\\/wp-content\\\/uploads\\\/2015\\\/06\\\/GlemmRide-Header-2016-Kopie.png\",\"datePublished\":\"2015-06-29T09:54:31+00:00\",\"dateModified\":\"2023-11-08T13:41:48+00:00\",\"breadcrumb\":{\"@id\":\"https:\\\/\\\/www.salzburgerland.com\\\/de\\\/magazin\\\/das-glemmride-bikefestival-rockt-saalbach-hinterglemm\\\/#breadcrumb\"},\"inLanguage\":\"de\",\"potentialAction\":[{\"@type\":\"ReadAction\",\"target\":[\"https:\\\/\\\/www.salzburgerland.com\\\/de\\\/magazin\\\/das-glemmride-bikefestival-rockt-saalbach-hinterglemm\\\/\"]}]},{\"@type\":\"ImageObject\",\"inLanguage\":\"de\",\"@id\":\"https:\\\/\\\/www.salzburgerland.com\\\/de\\\/magazin\\\/das-glemmride-bikefestival-rockt-saalbach-hinterglemm\\\/#primaryimage\",\"url\":\"https:\\\/\\\/www.salzburgerland.com\\\/de\\\/magazin\\\/wp-content\\\/uploads\\\/2015\\\/06\\\/GlemmRide-Header-2016-Kopie.png\",\"contentUrl\":\"https:\\\/\\\/www.salzburgerland.com\\\/de\\\/magazin\\\/wp-content\\\/uploads\\\/2015\\\/06\\\/GlemmRide-Header-2016-Kopie.png\",\"width\":1600,\"height\":965,\"caption\":\"Nahaufnahme eines l\u00e4chelnden Radfahrers und Glemmride Bike Festival Saalbach 2016 Veranstaltungshinweise auf der rechten Seite.\"},{\"@type\":\"BreadcrumbList\",\"@id\":\"https:\\\/\\\/www.salzburgerland.com\\\/de\\\/magazin\\\/das-glemmride-bikefestival-rockt-saalbach-hinterglemm\\\/#breadcrumb\",\"itemListElement\":[{\"@type\":\"ListItem\",\"position\":1,\"name\":\"Startseite\",\"item\":\"https:\\\/\\\/www.salzburgerland.com\\\/de\\\/magazin\\\/\"},{\"@type\":\"ListItem\",\"position\":2,\"name\":\"Archiv\",\"item\":\"https:\\\/\\\/www.salzburgerland.com\\\/de\\\/magazin\\\/thema\\\/archiv\\\/\"},{\"@type\":\"ListItem\",\"position\":3,\"name\":\"Das GlemmRide Bikefestival rockt Saalbach Hinterglemm\"}]},{\"@type\":\"WebSite\",\"@id\":\"https:\\\/\\\/www.salzburgerland.com\\\/de\\\/magazin\\\/#website\",\"url\":\"https:\\\/\\\/www.salzburgerland.com\\\/de\\\/magazin\\\/\",\"name\":\"SalzburgerLand Magazin\",\"description\":\"Geschichten und Interessantes aus dem SalzburgerLand\",\"publisher\":{\"@id\":\"https:\\\/\\\/www.salzburgerland.com\\\/de\\\/magazin\\\/#organization\"},\"potentialAction\":[{\"@type\":\"SearchAction\",\"target\":{\"@type\":\"EntryPoint\",\"urlTemplate\":\"https:\\\/\\\/www.salzburgerland.com\\\/de\\\/magazin\\\/?s={search_term_string}\"},\"query-input\":{\"@type\":\"PropertyValueSpecification\",\"valueRequired\":true,\"valueName\":\"search_term_string\"}}],\"inLanguage\":\"de\"},{\"@type\":\"Organization\",\"@id\":\"https:\\\/\\\/www.salzburgerland.com\\\/de\\\/magazin\\\/#organization\",\"name\":\"SalzburgerLand Tourismus\",\"url\":\"https:\\\/\\\/www.salzburgerland.com\\\/de\\\/magazin\\\/\",\"logo\":{\"@type\":\"ImageObject\",\"inLanguage\":\"de\",\"@id\":\"https:\\\/\\\/www.salzburgerland.com\\\/de\\\/magazin\\\/#\\\/schema\\\/logo\\\/image\\\/\",\"url\":\"https:\\\/\\\/www.salzburgerland.com\\\/de\\\/magazin\\\/wp-content\\\/uploads\\\/2019\\\/06\\\/salzburgerland-logo1.jpg\",\"contentUrl\":\"https:\\\/\\\/www.salzburgerland.com\\\/de\\\/magazin\\\/wp-content\\\/uploads\\\/2019\\\/06\\\/salzburgerland-logo1.jpg\",\"width\":2011,\"height\":866,\"caption\":\"SalzburgerLand Tourismus\"},\"image\":{\"@id\":\"https:\\\/\\\/www.salzburgerland.com\\\/de\\\/magazin\\\/#\\\/schema\\\/logo\\\/image\\\/\"},\"sameAs\":[\"https:\\\/\\\/www.facebook.com\\\/salzburgerland\\\/\",\"https:\\\/\\\/x.com\\\/Salzburgerland\",\"https:\\\/\\\/www.instagram.com\\\/salzburgerland\\\/\",\"https:\\\/\\\/at.linkedin.com\\\/company\\\/salzburgerland-tourismus-gmbh\",\"https:\\\/\\\/www.pinterest.at\\\/salzburgerland\\\/\",\"https:\\\/\\\/www.youtube.com\\\/user\\\/salzburgerland\",\"https:\\\/\\\/de.wikipedia.org\\\/wiki\\\/SalzburgerLand_Tourismus_GmbH\"]},{\"@type\":\"Person\",\"@id\":\"https:\\\/\\\/www.salzburgerland.com\\\/de\\\/magazin\\\/#\\\/schema\\\/person\\\/79452c699c410aa31a119426313748de\",\"name\":\"Edith Danzer\",\"description\":\"Seit Jahren arbeite ich als freie Redakteurin und Fotografin im SalzburgerLand. Schreiben ist f\u00fcr mich nicht blo\u00df das Erstellen eines Textes. Es ist ein Komponieren einer wundervollen Melodie, ein Malen mit Buchstaben und Worten. Ich liebe die Begegnungen mit Menschen, die mir ihre Geschichte anvertrauen. Wenn man mich sucht, bin ich entweder am Schreibtisch (der auch mal am sonnigen H\u00fcttenbankerl stehen kann) oder mit meinem Husky-M\u00e4dl Ylvi am Berg, am See oder im Wald. Ich \u2026 \u2026 in ein paar Worten. \u2022 Lieber drau\u00dfen, als drinnen. \u2022 Lieber Norden, als S\u00fcden. \u2022 Lieber Buchstaben, als Zahlen. \u2022 Lieber Schnee, als Strand. \u2022 Lieber Berg, als Tal. \u2022 Lieber Nordlichter, als S\u00fcdseezauber. \u2022 Lieber H\u00fctte, als F\u00fcnfsternschuppen. \u2022 Lieber Hund, als Katze. \u2022 Lieber grader Michl, als falscher Fufzga. \u2022 Lieber mittendurch, als drumherum \u2022 Lieber Almleben, als Couchpotato\",\"url\":\"https:\\\/\\\/www.salzburgerland.com\\\/de\\\/magazin\\\/author\\\/edith-danzer\\\/\"}]}<\/script>\n<!-- \/ Yoast SEO Premium plugin. -->","yoast_head_json":{"title":"Das GlemmRide Bikefestival rockt Saalbach Hinterglemm - SalzburgerLand Magazin","description":"Bike- und Musikbegeisterte st\u00fcrmen vom 7. bis 10. Juli erneut das Freeride Mekka Saalbach Hinterglemm. Das ganze Festival-Wochenende steht unter dem Motto \u201eride, eat, party &#8211; repeat\u201c und bietet allen Freeridern und Zuschauern spektakul\u00e4re sportliche und musikalische Highlights. Nach der Premiere im Vorjahr f\u00fcllen\u00a0wieder\u00a0urbane Slopestyle-Action, rasante\u00a0Downhillrennen f\u00fcr Pro\u2019s und Kids, Pumptrack-Sessions, Fahrtechniktrainings, Workshops und Ausfahrten [&hellip;]","robots":{"index":"index","follow":"follow","max-snippet":"max-snippet:-1","max-image-preview":"max-image-preview:large","max-video-preview":"max-video-preview:-1"},"canonical":"https:\/\/www.salzburgerland.com\/de\/magazin\/das-glemmride-bikefestival-rockt-saalbach-hinterglemm\/","og_locale":"de_DE","og_type":"article","og_title":"Das GlemmRide Bikefestival rockt Saalbach Hinterglemm","og_description":"Bike- und Musikbegeisterte st\u00fcrmen vom 7. bis 10. Juli erneut das Freeride Mekka Saalbach Hinterglemm. Das ganze Festival-Wochenende steht unter dem Motto \u201eride, eat, party &#8211; repeat\u201c und bietet allen Freeridern und Zuschauern spektakul\u00e4re sportliche und musikalische Highlights. Nach der Premiere im Vorjahr f\u00fcllen\u00a0wieder\u00a0urbane Slopestyle-Action, rasante\u00a0Downhillrennen f\u00fcr Pro\u2019s und Kids, Pumptrack-Sessions, Fahrtechniktrainings, Workshops und Ausfahrten [&hellip;]","og_url":"https:\/\/www.salzburgerland.com\/de\/magazin\/das-glemmride-bikefestival-rockt-saalbach-hinterglemm\/","og_site_name":"SalzburgerLand Magazin","article_publisher":"https:\/\/www.facebook.com\/salzburgerland\/","article_published_time":"2015-06-29T09:54:31+00:00","article_modified_time":"2023-11-08T13:41:48+00:00","og_image":[{"width":1600,"height":965,"url":"https:\/\/www.salzburgerland.com\/de\/magazin\/wp-content\/uploads\/2015\/06\/GlemmRide-Header-2016-Kopie.png","type":"image\/png"}],"author":"Edith Danzer","twitter_card":"summary_large_image","twitter_creator":"@Salzburgerland","twitter_site":"@Salzburgerland","twitter_misc":{"Verfasst von":"Edith Danzer","Gesch\u00e4tzte Lesezeit":"5\u00a0Minuten"},"schema":{"@context":"https:\/\/schema.org","@graph":[{"@type":"Article","@id":"https:\/\/www.salzburgerland.com\/de\/magazin\/das-glemmride-bikefestival-rockt-saalbach-hinterglemm\/#article","isPartOf":{"@id":"https:\/\/www.salzburgerland.com\/de\/magazin\/das-glemmride-bikefestival-rockt-saalbach-hinterglemm\/"},"author":{"name":"Edith Danzer","@id":"https:\/\/www.salzburgerland.com\/de\/magazin\/#\/schema\/person\/79452c699c410aa31a119426313748de"},"headline":"Das GlemmRide Bikefestival rockt Saalbach Hinterglemm","datePublished":"2015-06-29T09:54:31+00:00","dateModified":"2023-11-08T13:41:48+00:00","mainEntityOfPage":{"@id":"https:\/\/www.salzburgerland.com\/de\/magazin\/das-glemmride-bikefestival-rockt-saalbach-hinterglemm\/"},"wordCount":693,"commentCount":0,"publisher":{"@id":"https:\/\/www.salzburgerland.com\/de\/magazin\/#organization"},"image":{"@id":"https:\/\/www.salzburgerland.com\/de\/magazin\/das-glemmride-bikefestival-rockt-saalbach-hinterglemm\/#primaryimage"},"thumbnailUrl":"https:\/\/www.salzburgerland.com\/de\/magazin\/wp-content\/uploads\/2015\/06\/GlemmRide-Header-2016-Kopie.png","articleSection":["Archiv"],"inLanguage":"de","potentialAction":[{"@type":"CommentAction","name":"Comment","target":["https:\/\/www.salzburgerland.com\/de\/magazin\/das-glemmride-bikefestival-rockt-saalbach-hinterglemm\/#respond"]}]},{"@type":"WebPage","@id":"https:\/\/www.salzburgerland.com\/de\/magazin\/das-glemmride-bikefestival-rockt-saalbach-hinterglemm\/","url":"https:\/\/www.salzburgerland.com\/de\/magazin\/das-glemmride-bikefestival-rockt-saalbach-hinterglemm\/","name":"Das GlemmRide Bikefestival rockt Saalbach Hinterglemm - SalzburgerLand Magazin","isPartOf":{"@id":"https:\/\/www.salzburgerland.com\/de\/magazin\/#website"},"primaryImageOfPage":{"@id":"https:\/\/www.salzburgerland.com\/de\/magazin\/das-glemmride-bikefestival-rockt-saalbach-hinterglemm\/#primaryimage"},"image":{"@id":"https:\/\/www.salzburgerland.com\/de\/magazin\/das-glemmride-bikefestival-rockt-saalbach-hinterglemm\/#primaryimage"},"thumbnailUrl":"https:\/\/www.salzburgerland.com\/de\/magazin\/wp-content\/uploads\/2015\/06\/GlemmRide-Header-2016-Kopie.png","datePublished":"2015-06-29T09:54:31+00:00","dateModified":"2023-11-08T13:41:48+00:00","breadcrumb":{"@id":"https:\/\/www.salzburgerland.com\/de\/magazin\/das-glemmride-bikefestival-rockt-saalbach-hinterglemm\/#breadcrumb"},"inLanguage":"de","potentialAction":[{"@type":"ReadAction","target":["https:\/\/www.salzburgerland.com\/de\/magazin\/das-glemmride-bikefestival-rockt-saalbach-hinterglemm\/"]}]},{"@type":"ImageObject","inLanguage":"de","@id":"https:\/\/www.salzburgerland.com\/de\/magazin\/das-glemmride-bikefestival-rockt-saalbach-hinterglemm\/#primaryimage","url":"https:\/\/www.salzburgerland.com\/de\/magazin\/wp-content\/uploads\/2015\/06\/GlemmRide-Header-2016-Kopie.png","contentUrl":"https:\/\/www.salzburgerland.com\/de\/magazin\/wp-content\/uploads\/2015\/06\/GlemmRide-Header-2016-Kopie.png","width":1600,"height":965,"caption":"Nahaufnahme eines l\u00e4chelnden Radfahrers und Glemmride Bike Festival Saalbach 2016 Veranstaltungshinweise auf der rechten Seite."},{"@type":"BreadcrumbList","@id":"https:\/\/www.salzburgerland.com\/de\/magazin\/das-glemmride-bikefestival-rockt-saalbach-hinterglemm\/#breadcrumb","itemListElement":[{"@type":"ListItem","position":1,"name":"Startseite","item":"https:\/\/www.salzburgerland.com\/de\/magazin\/"},{"@type":"ListItem","position":2,"name":"Archiv","item":"https:\/\/www.salzburgerland.com\/de\/magazin\/thema\/archiv\/"},{"@type":"ListItem","position":3,"name":"Das GlemmRide Bikefestival rockt Saalbach Hinterglemm"}]},{"@type":"WebSite","@id":"https:\/\/www.salzburgerland.com\/de\/magazin\/#website","url":"https:\/\/www.salzburgerland.com\/de\/magazin\/","name":"SalzburgerLand Magazin","description":"Geschichten und Interessantes aus dem SalzburgerLand","publisher":{"@id":"https:\/\/www.salzburgerland.com\/de\/magazin\/#organization"},"potentialAction":[{"@type":"SearchAction","target":{"@type":"EntryPoint","urlTemplate":"https:\/\/www.salzburgerland.com\/de\/magazin\/?s={search_term_string}"},"query-input":{"@type":"PropertyValueSpecification","valueRequired":true,"valueName":"search_term_string"}}],"inLanguage":"de"},{"@type":"Organization","@id":"https:\/\/www.salzburgerland.com\/de\/magazin\/#organization","name":"SalzburgerLand Tourismus","url":"https:\/\/www.salzburgerland.com\/de\/magazin\/","logo":{"@type":"ImageObject","inLanguage":"de","@id":"https:\/\/www.salzburgerland.com\/de\/magazin\/#\/schema\/logo\/image\/","url":"https:\/\/www.salzburgerland.com\/de\/magazin\/wp-content\/uploads\/2019\/06\/salzburgerland-logo1.jpg","contentUrl":"https:\/\/www.salzburgerland.com\/de\/magazin\/wp-content\/uploads\/2019\/06\/salzburgerland-logo1.jpg","width":2011,"height":866,"caption":"SalzburgerLand Tourismus"},"image":{"@id":"https:\/\/www.salzburgerland.com\/de\/magazin\/#\/schema\/logo\/image\/"},"sameAs":["https:\/\/www.facebook.com\/salzburgerland\/","https:\/\/x.com\/Salzburgerland","https:\/\/www.instagram.com\/salzburgerland\/","https:\/\/at.linkedin.com\/company\/salzburgerland-tourismus-gmbh","https:\/\/www.pinterest.at\/salzburgerland\/","https:\/\/www.youtube.com\/user\/salzburgerland","https:\/\/de.wikipedia.org\/wiki\/SalzburgerLand_Tourismus_GmbH"]},{"@type":"Person","@id":"https:\/\/www.salzburgerland.com\/de\/magazin\/#\/schema\/person\/79452c699c410aa31a119426313748de","name":"Edith Danzer","description":"Seit Jahren arbeite ich als freie Redakteurin und Fotografin im SalzburgerLand. Schreiben ist f\u00fcr mich nicht blo\u00df das Erstellen eines Textes. Es ist ein Komponieren einer wundervollen Melodie, ein Malen mit Buchstaben und Worten. Ich liebe die Begegnungen mit Menschen, die mir ihre Geschichte anvertrauen. Wenn man mich sucht, bin ich entweder am Schreibtisch (der auch mal am sonnigen H\u00fcttenbankerl stehen kann) oder mit meinem Husky-M\u00e4dl Ylvi am Berg, am See oder im Wald. Ich \u2026 \u2026 in ein paar Worten. \u2022 Lieber drau\u00dfen, als drinnen. \u2022 Lieber Norden, als S\u00fcden. \u2022 Lieber Buchstaben, als Zahlen. \u2022 Lieber Schnee, als Strand. \u2022 Lieber Berg, als Tal. \u2022 Lieber Nordlichter, als S\u00fcdseezauber. \u2022 Lieber H\u00fctte, als F\u00fcnfsternschuppen. \u2022 Lieber Hund, als Katze. \u2022 Lieber grader Michl, als falscher Fufzga. \u2022 Lieber mittendurch, als drumherum \u2022 Lieber Almleben, als Couchpotato","url":"https:\/\/www.salzburgerland.com\/de\/magazin\/author\/edith-danzer\/"}]}},"_wl_alt_label":[],"wl:entity_url":"http:\/\/open.salzburgerland.com\/magazin\/post\/das_glemmride_bikefestival_rockt_saalbach_hinterglemm","_links":{"self":[{"href":"https:\/\/www.salzburgerland.com\/de\/magazin\/wp-json\/wp\/v2\/posts\/99742","targetHints":{"allow":["GET"]}}],"collection":[{"href":"https:\/\/www.salzburgerland.com\/de\/magazin\/wp-json\/wp\/v2\/posts"}],"about":[{"href":"https:\/\/www.salzburgerland.com\/de\/magazin\/wp-json\/wp\/v2\/types\/post"}],"author":[{"embeddable":true,"href":"https:\/\/www.salzburgerland.com\/de\/magazin\/wp-json\/wp\/v2\/users\/11"}],"replies":[{"embeddable":true,"href":"https:\/\/www.salzburgerland.com\/de\/magazin\/wp-json\/wp\/v2\/comments?post=99742"}],"version-history":[{"count":1,"href":"https:\/\/www.salzburgerland.com\/de\/magazin\/wp-json\/wp\/v2\/posts\/99742\/revisions"}],"predecessor-version":[{"id":173857,"href":"https:\/\/www.salzburgerland.com\/de\/magazin\/wp-json\/wp\/v2\/posts\/99742\/revisions\/173857"}],"wp:featuredmedia":[{"embeddable":true,"href":"https:\/\/www.salzburgerland.com\/de\/magazin\/wp-json\/wp\/v2\/media\/106756"}],"wp:attachment":[{"href":"https:\/\/www.salzburgerland.com\/de\/magazin\/wp-json\/wp\/v2\/media?parent=99742"}],"wp:term":[{"taxonomy":"category","embeddable":true,"href":"https:\/\/www.salzburgerland.com\/de\/magazin\/wp-json\/wp\/v2\/categories?post=99742"},{"taxonomy":"post_tag","embeddable":true,"href":"https:\/\/www.salzburgerland.com\/de\/magazin\/wp-json\/wp\/v2\/tags?post=99742"},{"taxonomy":"wl_entity_type","embeddable":true,"href":"https:\/\/www.salzburgerland.com\/de\/magazin\/wp-json\/wp\/v2\/wl_entity_type?post=99742"},{"taxonomy":"monatsauswahl","embeddable":true,"href":"https:\/\/www.salzburgerland.com\/de\/magazin\/wp-json\/wp\/v2\/monatsauswahl?post=99742"}],"curies":[{"name":"wp","href":"https:\/\/api.w.org\/{rel}","templated":true}]}}