{"id":99662,"date":"2015-10-07T14:50:49","date_gmt":"2015-10-07T12:50:49","guid":{"rendered":"http:\/\/magazin.salzburgerland.com\/?p=99662"},"modified":"2020-12-09T13:43:32","modified_gmt":"2020-12-09T12:43:32","slug":"die-vereinigten-zu-tamsweg","status":"publish","type":"post","link":"https:\/\/www.salzburgerland.com\/de\/magazin\/die-vereinigten-zu-tamsweg\/","title":{"rendered":"Die Vereinigten zu Tamsweg"},"content":{"rendered":"<p><b>Manche von ihnen\u00a0nennen sich\u00a0Kommiss\u00e4r oder\u00a0Junggesellenpr\u00e4ses, andere Bischof, Syndicus oder Herbergsvater. M\u00e4nnlich sind sie alle und gemeinsam mit 900 anderen Tamswegern bilden sie \u00d6sterreichs \u00e4lteste Bruderschaft. &#8222;Die Vereinigten (Lungauerisch:\u00a0<i>Varoanegtn)<\/i> zu Tamsweg&#8220;. Gegr\u00fcndet im Jahr 1737, pr\u00e4gen\u00a0<\/b><b>sie <\/b><b>bis heute den Lungau und sind aus dem gesellschaftlichen und wirtschaftlichen Leben Salzburgs s\u00fcdlichstem Gaues schon seit Jahrhunderten nicht mehr wegzudenken.\u00a0<\/b><\/p>\n<p><em>&#8222;Die Vereinigten zu Tamsweg\u00a0sind eine Bruderschaft, welche alle ihre Mitglieder zusammenf\u00fchrt und vereint, mit dem Ziel, alles zu tun, um das gegenseitige Verstehen zu f\u00f6rdern und zu wahren, Gott zu achten um dem Wohle unserer Heimat Tamsweg zu dienen&#8220;<\/em>, so der Leitspruch der Bruderschaft aus dem Gr\u00fcndungsjahr 1737. Anno dazumal beklagten sich drei Gewerbetreibende, der\u00a0Riemer <em>Johann Georg Kopfm\u00fcller<\/em>, der Binder <em>Jakob Ferner<\/em> und der Wei\u00dfgerber <em>Johann Josef L\u00f6cker<\/em>, \u00fcber die fehlenden Z\u00fcnfte ihrer Gewerbe und \u00fcber die fehlende Zunftfahne, hinter der sie bei den Fronleichnamsprozessionen gehen konnten. Also gr\u00fcndeten sie einen eigene Handwerkervereinigung. Von Beginn weg hielt man die gegenseitige Achtung und Hilfe der Mitglieder f\u00fcr eine der h\u00f6chsten Pr\u00e4missen und frei nach dem Motto &#8222;Bleib&#8216; treu den alten Sitten&#8220;, halten auch heute noch die Vereinigten diese &#8222;Gr\u00fcndungswerte&#8220; hoch. Streitigkeiten unter den Mitgliedern sollen tunlichst vermieden werden und wenn doch einmal eine Meinungsverschiedenheit entsteht, dann sind sie angehalten, diese im Vier-Augen-Gespr\u00e4ch zu kl\u00e4ren und aus der Welt zu schaffen.<a href=\"https:\/\/www.salzburgerland.com\/de\/magazin\/wp-content\/uploads\/2015\/08\/vereinigten_2011_22.jpg\"><img loading=\"lazy\" decoding=\"async\" class=\"alignnone wp-image-101468 size-singlePost\" src=\"https:\/\/www.salzburgerland.com\/de\/magazin\/wp-content\/uploads\/2015\/08\/vereinigten_2011_22-650x435.jpg\" alt=\"vereinigten_2011_22\" width=\"650\" height=\"435\" \/><\/a><strong><br \/>\n<\/strong><\/p>\n<p>Auch wenn die Vereinigten das ganze Jahr \u00fcber aktiv sind, sich regelm\u00e4\u00dfig in kleinen und auch gro\u00dfen Gruppen treffen, hinter den Kulissen sicherlich auch das ein oder andere Gesch\u00e4ft unter den Mitgliedern ausgehandelt wird, so ist es doch eine ganz spezielle Woche alle drei Jahre, in der die Bruderschaft das \u00f6ffentliche Leben der Bezirkshauptstadt Tamsweg \u00fcbernimmt. Die sonst so ruhige, fast schon idyllische Ortschaft wird dabei v\u00f6llig aus den Angeln gehoben. P\u00fcnktlich am Neujahrstag treffen sich die Vereinigten zum <b>Andingen<\/b> in der Herberge, dem Stammwirtshaus. An\u00a0diesem Tag wird auch der neue Kommiss\u00e4r aus den eigenen Reihen gew\u00e4hlt. Weiter geht&#8217;s dann \u00fcblicherweise mit der <b>B\u00e4renvesper<\/b>, einem Umzug, der zu Ehren des neuen Kommiss\u00e4rs abgehalten wird und bei dem rund 20 gro\u00dfe Festw\u00e4gen aus seinem Leben erz\u00e4hlen. Diese sind \u00fcblicherweise bis zu 20 Meter lang und f\u00fcnf Meter hoch und werden in hunderten von Arbeitsstunden von den Mitgliedern gebaut. Beim Umzug werden Besucher auf den Wagen bewirtet. \u00dcblicherweise findet er seit ein paar Jahren am Sonntag der Festwoche statt. Dann am Dienstag, dem eigentlichen Jahrestag, trifft man sich zum gemeinsamen Kirchgang, sp\u00e4ter wird zum\u00a0<b>Vereinigten-Ball<\/b> geladen. Am Mittwoch geht&#8217;s dann hurtig weiter und so wird beim\u00a0<b>Maschgera<\/b> maskiert durch alle Gasth\u00f6fe und Kommiss\u00e4rh\u00e4user gezogen.\u00a0Die Junggesellen verl\u00e4ngern die Woche noch am Donnerstagabend mit dem\u00a0<b>Gestrigen-Tag-Suchen<\/b>, wo sie heulend und jammernd durch die Gassen der Stadt ziehen. Der letzte Programmpunkt des Vereinigtenjahres ist das <b>Abroaten<\/b>. Dieses &#8218;Abrechnen&#8216; und ein finales gemeinsames Mahl finden am ersten Samstag der Fastenzeit statt.<\/p>\n<p>Weitere Infos zu den Vereinigten zu Tamsweg finden Sie <a href=\"http:\/\/vereinigten.tamsweg.at\" target=\"_blank\" rel=\"noopener noreferrer\">hier<\/a>.<br \/>\n<a href=\"https:\/\/www.salzburgerland.com\/de\/magazin\/wp-content\/uploads\/2015\/08\/vereinigten_2011_70.jpg\"><img loading=\"lazy\" decoding=\"async\" class=\"alignnone wp-image-101469 size-singlePost\" src=\"https:\/\/www.salzburgerland.com\/de\/magazin\/wp-content\/uploads\/2015\/08\/vereinigten_2011_70-650x435.jpg\" alt=\"vereinigten_2011_70\" width=\"650\" height=\"435\" \/><\/a><\/p>\n","protected":false},"excerpt":{"rendered":"<p>Manche von ihnen\u00a0nennen sich\u00a0Kommiss\u00e4r oder\u00a0Junggesellenpr\u00e4ses, andere Bischof, Syndicus oder Herbergsvater. M\u00e4nnlich sind sie alle und gemeinsam mit 900 anderen Tamswegern bilden sie \u00d6sterreichs \u00e4lteste Bruderschaft. &#8222;Die Vereinigten (Lungauerisch:\u00a0Varoanegtn) zu Tamsweg&#8220;. Gegr\u00fcndet im Jahr 1737, pr\u00e4gen\u00a0sie bis heute den Lungau und sind aus dem gesellschaftlichen und wirtschaftlichen Leben Salzburgs s\u00fcdlichstem Gaues schon seit Jahrhunderten nicht mehr [&hellip;]<\/p>\n","protected":false},"author":505,"featured_media":101470,"comment_status":"open","ping_status":"open","sticky":false,"template":"","format":"standard","meta":{"_acf_changed":false,"wl_entities_gutenberg":"","_wl_entity_redirect_enabled":"","footnotes":""},"categories":[6],"tags":[],"wl_entity_type":[306],"monatsauswahl":[82,83,84,85,86,87,88,89,90,91,92,93],"class_list":["post-99662","post","type-post","status-publish","format-standard","has-post-thumbnail","hentry","category-kunst-kultur","wl_entity_type-article","monatsauswahl-monat_1","monatsauswahl-monat_2","monatsauswahl-monat_3","monatsauswahl-monat_4","monatsauswahl-monat_5","monatsauswahl-monat_6","monatsauswahl-monat_7","monatsauswahl-monat_8","monatsauswahl-monat_9","monatsauswahl-monat_10","monatsauswahl-monat_11","monatsauswahl-monat_12"],"acf":[],"yoast_head":"<!-- This site is optimized with the Yoast SEO Premium plugin v27.4 (Yoast SEO v27.4) - https:\/\/yoast.com\/product\/yoast-seo-premium-wordpress\/ -->\n<title>Die Vereinigten zu Tamsweg - SalzburgerLand Magazin<\/title>\n<meta name=\"description\" content=\"Manche von ihnen\u00a0nennen sich\u00a0Kommiss\u00e4r oder\u00a0Junggesellenpr\u00e4ses, andere Bischof, Syndicus oder Herbergsvater. M\u00e4nnlich sind sie alle und gemeinsam mit 900 anderen Tamswegern bilden sie \u00d6sterreichs \u00e4lteste Bruderschaft. &#8222;Die Vereinigten (Lungauerisch:\u00a0Varoanegtn) zu Tamsweg&#8220;. Gegr\u00fcndet im Jahr 1737, pr\u00e4gen\u00a0sie bis heute den Lungau und sind aus dem gesellschaftlichen und wirtschaftlichen Leben Salzburgs s\u00fcdlichstem Gaues schon seit Jahrhunderten nicht mehr [&hellip;]\" \/>\n<meta name=\"robots\" content=\"index, follow, max-snippet:-1, max-image-preview:large, max-video-preview:-1\" \/>\n<link rel=\"canonical\" href=\"https:\/\/www.salzburgerland.com\/de\/magazin\/die-vereinigten-zu-tamsweg\/\" \/>\n<meta property=\"og:locale\" content=\"de_DE\" \/>\n<meta property=\"og:type\" content=\"article\" \/>\n<meta property=\"og:title\" content=\"Die Vereinigten zu Tamsweg\" \/>\n<meta property=\"og:description\" content=\"Manche von ihnen\u00a0nennen sich\u00a0Kommiss\u00e4r oder\u00a0Junggesellenpr\u00e4ses, andere Bischof, Syndicus oder Herbergsvater. M\u00e4nnlich sind sie alle und gemeinsam mit 900 anderen Tamswegern bilden sie \u00d6sterreichs \u00e4lteste Bruderschaft. &#8222;Die Vereinigten (Lungauerisch:\u00a0Varoanegtn) zu Tamsweg&#8220;. Gegr\u00fcndet im Jahr 1737, pr\u00e4gen\u00a0sie bis heute den Lungau und sind aus dem gesellschaftlichen und wirtschaftlichen Leben Salzburgs s\u00fcdlichstem Gaues schon seit Jahrhunderten nicht mehr [&hellip;]\" \/>\n<meta property=\"og:url\" content=\"https:\/\/www.salzburgerland.com\/de\/magazin\/die-vereinigten-zu-tamsweg\/\" \/>\n<meta property=\"og:site_name\" content=\"SalzburgerLand Magazin\" \/>\n<meta property=\"article:publisher\" content=\"https:\/\/www.facebook.com\/salzburgerland\/\" \/>\n<meta property=\"article:published_time\" content=\"2015-10-07T12:50:49+00:00\" \/>\n<meta property=\"article:modified_time\" content=\"2020-12-09T12:43:32+00:00\" \/>\n<meta property=\"og:image\" content=\"https:\/\/www.salzburgerland.com\/de\/magazin\/wp-content\/uploads\/2015\/08\/Bildschirmfoto-2015-08-27-um-14.24.29.jpg\" \/>\n\t<meta property=\"og:image:width\" content=\"1600\" \/>\n\t<meta property=\"og:image:height\" content=\"1110\" \/>\n\t<meta property=\"og:image:type\" content=\"image\/jpeg\" \/>\n<meta name=\"author\" content=\"Peter Zeitlhofer\" \/>\n<meta name=\"twitter:card\" content=\"summary_large_image\" \/>\n<meta name=\"twitter:creator\" content=\"@Salzburgerland\" \/>\n<meta name=\"twitter:site\" content=\"@Salzburgerland\" \/>\n<meta name=\"twitter:label1\" content=\"Verfasst von\" \/>\n\t<meta name=\"twitter:data1\" content=\"Peter Zeitlhofer\" \/>\n\t<meta name=\"twitter:label2\" content=\"Gesch\u00e4tzte Lesezeit\" \/>\n\t<meta name=\"twitter:data2\" content=\"3\u00a0Minuten\" \/>\n<script type=\"application\/ld+json\" class=\"yoast-schema-graph\">{\"@context\":\"https:\\\/\\\/schema.org\",\"@graph\":[{\"@type\":\"Article\",\"@id\":\"https:\\\/\\\/www.salzburgerland.com\\\/de\\\/magazin\\\/die-vereinigten-zu-tamsweg\\\/#article\",\"isPartOf\":{\"@id\":\"https:\\\/\\\/www.salzburgerland.com\\\/de\\\/magazin\\\/die-vereinigten-zu-tamsweg\\\/\"},\"author\":{\"name\":\"Peter Zeitlhofer\",\"@id\":\"https:\\\/\\\/www.salzburgerland.com\\\/de\\\/magazin\\\/#\\\/schema\\\/person\\\/ebd2c9f244aeea71e30f3b5d5e309de4\"},\"headline\":\"Die Vereinigten zu Tamsweg\",\"datePublished\":\"2015-10-07T12:50:49+00:00\",\"dateModified\":\"2020-12-09T12:43:32+00:00\",\"mainEntityOfPage\":{\"@id\":\"https:\\\/\\\/www.salzburgerland.com\\\/de\\\/magazin\\\/die-vereinigten-zu-tamsweg\\\/\"},\"wordCount\":518,\"commentCount\":0,\"publisher\":{\"@id\":\"https:\\\/\\\/www.salzburgerland.com\\\/de\\\/magazin\\\/#organization\"},\"image\":{\"@id\":\"https:\\\/\\\/www.salzburgerland.com\\\/de\\\/magazin\\\/die-vereinigten-zu-tamsweg\\\/#primaryimage\"},\"thumbnailUrl\":\"https:\\\/\\\/www.salzburgerland.com\\\/de\\\/magazin\\\/wp-content\\\/uploads\\\/2015\\\/08\\\/Bildschirmfoto-2015-08-27-um-14.24.29.jpg\",\"articleSection\":[\"Kunst &amp; Kultur\"],\"inLanguage\":\"de\",\"potentialAction\":[{\"@type\":\"CommentAction\",\"name\":\"Comment\",\"target\":[\"https:\\\/\\\/www.salzburgerland.com\\\/de\\\/magazin\\\/die-vereinigten-zu-tamsweg\\\/#respond\"]}]},{\"@type\":\"WebPage\",\"@id\":\"https:\\\/\\\/www.salzburgerland.com\\\/de\\\/magazin\\\/die-vereinigten-zu-tamsweg\\\/\",\"url\":\"https:\\\/\\\/www.salzburgerland.com\\\/de\\\/magazin\\\/die-vereinigten-zu-tamsweg\\\/\",\"name\":\"Die Vereinigten zu Tamsweg - SalzburgerLand Magazin\",\"isPartOf\":{\"@id\":\"https:\\\/\\\/www.salzburgerland.com\\\/de\\\/magazin\\\/#website\"},\"primaryImageOfPage\":{\"@id\":\"https:\\\/\\\/www.salzburgerland.com\\\/de\\\/magazin\\\/die-vereinigten-zu-tamsweg\\\/#primaryimage\"},\"image\":{\"@id\":\"https:\\\/\\\/www.salzburgerland.com\\\/de\\\/magazin\\\/die-vereinigten-zu-tamsweg\\\/#primaryimage\"},\"thumbnailUrl\":\"https:\\\/\\\/www.salzburgerland.com\\\/de\\\/magazin\\\/wp-content\\\/uploads\\\/2015\\\/08\\\/Bildschirmfoto-2015-08-27-um-14.24.29.jpg\",\"datePublished\":\"2015-10-07T12:50:49+00:00\",\"dateModified\":\"2020-12-09T12:43:32+00:00\",\"breadcrumb\":{\"@id\":\"https:\\\/\\\/www.salzburgerland.com\\\/de\\\/magazin\\\/die-vereinigten-zu-tamsweg\\\/#breadcrumb\"},\"inLanguage\":\"de\",\"potentialAction\":[{\"@type\":\"ReadAction\",\"target\":[\"https:\\\/\\\/www.salzburgerland.com\\\/de\\\/magazin\\\/die-vereinigten-zu-tamsweg\\\/\"]}]},{\"@type\":\"ImageObject\",\"inLanguage\":\"de\",\"@id\":\"https:\\\/\\\/www.salzburgerland.com\\\/de\\\/magazin\\\/die-vereinigten-zu-tamsweg\\\/#primaryimage\",\"url\":\"https:\\\/\\\/www.salzburgerland.com\\\/de\\\/magazin\\\/wp-content\\\/uploads\\\/2015\\\/08\\\/Bildschirmfoto-2015-08-27-um-14.24.29.jpg\",\"contentUrl\":\"https:\\\/\\\/www.salzburgerland.com\\\/de\\\/magazin\\\/wp-content\\\/uploads\\\/2015\\\/08\\\/Bildschirmfoto-2015-08-27-um-14.24.29.jpg\",\"width\":1600,\"height\":1110,\"caption\":\"Eine gro\u00dfe Holzskulptur des Trojanischen Pferdes steht vor einem grauen Geb\u00e4ude mit wei\u00df gestrichenen Fenstern.\"},{\"@type\":\"BreadcrumbList\",\"@id\":\"https:\\\/\\\/www.salzburgerland.com\\\/de\\\/magazin\\\/die-vereinigten-zu-tamsweg\\\/#breadcrumb\",\"itemListElement\":[{\"@type\":\"ListItem\",\"position\":1,\"name\":\"Startseite\",\"item\":\"https:\\\/\\\/www.salzburgerland.com\\\/de\\\/magazin\\\/\"},{\"@type\":\"ListItem\",\"position\":2,\"name\":\"Kunst &amp; Kultur\",\"item\":\"https:\\\/\\\/www.salzburgerland.com\\\/de\\\/magazin\\\/thema\\\/kunst-kultur\\\/\"},{\"@type\":\"ListItem\",\"position\":3,\"name\":\"Die Vereinigten zu Tamsweg\"}]},{\"@type\":\"WebSite\",\"@id\":\"https:\\\/\\\/www.salzburgerland.com\\\/de\\\/magazin\\\/#website\",\"url\":\"https:\\\/\\\/www.salzburgerland.com\\\/de\\\/magazin\\\/\",\"name\":\"SalzburgerLand Magazin\",\"description\":\"Geschichten und Interessantes aus dem SalzburgerLand\",\"publisher\":{\"@id\":\"https:\\\/\\\/www.salzburgerland.com\\\/de\\\/magazin\\\/#organization\"},\"potentialAction\":[{\"@type\":\"SearchAction\",\"target\":{\"@type\":\"EntryPoint\",\"urlTemplate\":\"https:\\\/\\\/www.salzburgerland.com\\\/de\\\/magazin\\\/?s={search_term_string}\"},\"query-input\":{\"@type\":\"PropertyValueSpecification\",\"valueRequired\":true,\"valueName\":\"search_term_string\"}}],\"inLanguage\":\"de\"},{\"@type\":\"Organization\",\"@id\":\"https:\\\/\\\/www.salzburgerland.com\\\/de\\\/magazin\\\/#organization\",\"name\":\"SalzburgerLand Tourismus\",\"url\":\"https:\\\/\\\/www.salzburgerland.com\\\/de\\\/magazin\\\/\",\"logo\":{\"@type\":\"ImageObject\",\"inLanguage\":\"de\",\"@id\":\"https:\\\/\\\/www.salzburgerland.com\\\/de\\\/magazin\\\/#\\\/schema\\\/logo\\\/image\\\/\",\"url\":\"https:\\\/\\\/www.salzburgerland.com\\\/de\\\/magazin\\\/wp-content\\\/uploads\\\/2019\\\/06\\\/salzburgerland-logo1.jpg\",\"contentUrl\":\"https:\\\/\\\/www.salzburgerland.com\\\/de\\\/magazin\\\/wp-content\\\/uploads\\\/2019\\\/06\\\/salzburgerland-logo1.jpg\",\"width\":2011,\"height\":866,\"caption\":\"SalzburgerLand Tourismus\"},\"image\":{\"@id\":\"https:\\\/\\\/www.salzburgerland.com\\\/de\\\/magazin\\\/#\\\/schema\\\/logo\\\/image\\\/\"},\"sameAs\":[\"https:\\\/\\\/www.facebook.com\\\/salzburgerland\\\/\",\"https:\\\/\\\/x.com\\\/Salzburgerland\",\"https:\\\/\\\/www.instagram.com\\\/salzburgerland\\\/\",\"https:\\\/\\\/at.linkedin.com\\\/company\\\/salzburgerland-tourismus-gmbh\",\"https:\\\/\\\/www.pinterest.at\\\/salzburgerland\\\/\",\"https:\\\/\\\/www.youtube.com\\\/user\\\/salzburgerland\",\"https:\\\/\\\/de.wikipedia.org\\\/wiki\\\/SalzburgerLand_Tourismus_GmbH\"]},{\"@type\":\"Person\",\"@id\":\"https:\\\/\\\/www.salzburgerland.com\\\/de\\\/magazin\\\/#\\\/schema\\\/person\\\/ebd2c9f244aeea71e30f3b5d5e309de4\",\"name\":\"Peter Zeitlhofer\",\"description\":\"'Von Neugier getrieben' - diese Worte kommen Peter Zeitlhofer wohl schon ziemlich nahe. Egal ob am Segelboot, im Tiefschnee, unterwegs in Stadt und Land, oder auf einer seinen vielen Reisen - er ist immer auf der Suche nach Neuem, nach dem Besonderen, probiert so ziemlich alles aus und liebt es, dar\u00fcber zu reden und zu berichten. Womit man auch schon fast bei seiner zweiten Leidenschaft w\u00e4re - dem Schreiben. Immer und \u00fcberall ausgestattet\u00a0mit seinem Notebook, hat der Salzburger, mit Wurzeln am Attersee, sein Office\u00a0im wahrsten Sinne des Wortes unterm Arm und k\u00f6nnte sich nichts besseres vorstellen, als die Geschichten dort zu erz\u00e4hlen, wo sie passieren. Fr\u00fchling, Sommer, Herbst oder Winter? Als Mensch der Extreme, mag ich auch bei den Jahreszeiten den Sommer und den Winter am liebsten. Obwohl nat\u00fcrlich auch der Fr\u00fchling seine Reize hat. Aber der Herbst? Rindsroulade vom Pinzgauer Biorind oder Saibling fangfrisch aus dem Fuschlsee? Immer diese Entscheidungen! Kann ich auch beides haben? Mundharmonika oder Stradivari? Weder noch - als Gitarrist k\u00f6nnte ich mit beiden Instrumenten nichts anfangen. Lederhose oder Smoking? Eindeutig Lederhose, die bei mir mittlerweile sogar den Einzug in den sommerlichen Alltag gefunden hat. Und der LederhosnDonnerstag ist \u00a0ohnehin Pflicht. Alpinski, Offpist oder Skitour? Hauptsache rauf auf den Berg! Was dann tats\u00e4chlich auf dem Programm steht ist zweitrangig. Nur so viel: wenn der Schnee passt, dann h\u00e4lt mich nichts oder niemand auf der Piste. Bergtour oder Seentour? F\u00fcr mich gibt es im Sommer nichts Sch\u00f6neres, als mit dem Segelboot auf unseren herrlichen Seen unterwegs zu sein. Also wenn ich die Wahl habe, dann nehme ich im Sommer die Berge h\u00f6chstens als Kulisse. Haubenlokal oder Ab-Hof-Laden? Auch hier nehme ich von beidem ein bisschen. Aber bei der Oma schmeckt's dann doch am besten.\",\"url\":\"https:\\\/\\\/www.salzburgerland.com\\\/de\\\/magazin\\\/author\\\/peter-zeitlhofer\\\/\"}]}<\/script>\n<!-- \/ Yoast SEO Premium plugin. -->","yoast_head_json":{"title":"Die Vereinigten zu Tamsweg - SalzburgerLand Magazin","description":"Manche von ihnen\u00a0nennen sich\u00a0Kommiss\u00e4r oder\u00a0Junggesellenpr\u00e4ses, andere Bischof, Syndicus oder Herbergsvater. M\u00e4nnlich sind sie alle und gemeinsam mit 900 anderen Tamswegern bilden sie \u00d6sterreichs \u00e4lteste Bruderschaft. &#8222;Die Vereinigten (Lungauerisch:\u00a0Varoanegtn) zu Tamsweg&#8220;. Gegr\u00fcndet im Jahr 1737, pr\u00e4gen\u00a0sie bis heute den Lungau und sind aus dem gesellschaftlichen und wirtschaftlichen Leben Salzburgs s\u00fcdlichstem Gaues schon seit Jahrhunderten nicht mehr [&hellip;]","robots":{"index":"index","follow":"follow","max-snippet":"max-snippet:-1","max-image-preview":"max-image-preview:large","max-video-preview":"max-video-preview:-1"},"canonical":"https:\/\/www.salzburgerland.com\/de\/magazin\/die-vereinigten-zu-tamsweg\/","og_locale":"de_DE","og_type":"article","og_title":"Die Vereinigten zu Tamsweg","og_description":"Manche von ihnen\u00a0nennen sich\u00a0Kommiss\u00e4r oder\u00a0Junggesellenpr\u00e4ses, andere Bischof, Syndicus oder Herbergsvater. M\u00e4nnlich sind sie alle und gemeinsam mit 900 anderen Tamswegern bilden sie \u00d6sterreichs \u00e4lteste Bruderschaft. &#8222;Die Vereinigten (Lungauerisch:\u00a0Varoanegtn) zu Tamsweg&#8220;. Gegr\u00fcndet im Jahr 1737, pr\u00e4gen\u00a0sie bis heute den Lungau und sind aus dem gesellschaftlichen und wirtschaftlichen Leben Salzburgs s\u00fcdlichstem Gaues schon seit Jahrhunderten nicht mehr [&hellip;]","og_url":"https:\/\/www.salzburgerland.com\/de\/magazin\/die-vereinigten-zu-tamsweg\/","og_site_name":"SalzburgerLand Magazin","article_publisher":"https:\/\/www.facebook.com\/salzburgerland\/","article_published_time":"2015-10-07T12:50:49+00:00","article_modified_time":"2020-12-09T12:43:32+00:00","og_image":[{"width":1600,"height":1110,"url":"https:\/\/www.salzburgerland.com\/de\/magazin\/wp-content\/uploads\/2015\/08\/Bildschirmfoto-2015-08-27-um-14.24.29.jpg","type":"image\/jpeg"}],"author":"Peter Zeitlhofer","twitter_card":"summary_large_image","twitter_creator":"@Salzburgerland","twitter_site":"@Salzburgerland","twitter_misc":{"Verfasst von":"Peter Zeitlhofer","Gesch\u00e4tzte Lesezeit":"3\u00a0Minuten"},"schema":{"@context":"https:\/\/schema.org","@graph":[{"@type":"Article","@id":"https:\/\/www.salzburgerland.com\/de\/magazin\/die-vereinigten-zu-tamsweg\/#article","isPartOf":{"@id":"https:\/\/www.salzburgerland.com\/de\/magazin\/die-vereinigten-zu-tamsweg\/"},"author":{"name":"Peter Zeitlhofer","@id":"https:\/\/www.salzburgerland.com\/de\/magazin\/#\/schema\/person\/ebd2c9f244aeea71e30f3b5d5e309de4"},"headline":"Die Vereinigten zu Tamsweg","datePublished":"2015-10-07T12:50:49+00:00","dateModified":"2020-12-09T12:43:32+00:00","mainEntityOfPage":{"@id":"https:\/\/www.salzburgerland.com\/de\/magazin\/die-vereinigten-zu-tamsweg\/"},"wordCount":518,"commentCount":0,"publisher":{"@id":"https:\/\/www.salzburgerland.com\/de\/magazin\/#organization"},"image":{"@id":"https:\/\/www.salzburgerland.com\/de\/magazin\/die-vereinigten-zu-tamsweg\/#primaryimage"},"thumbnailUrl":"https:\/\/www.salzburgerland.com\/de\/magazin\/wp-content\/uploads\/2015\/08\/Bildschirmfoto-2015-08-27-um-14.24.29.jpg","articleSection":["Kunst &amp; Kultur"],"inLanguage":"de","potentialAction":[{"@type":"CommentAction","name":"Comment","target":["https:\/\/www.salzburgerland.com\/de\/magazin\/die-vereinigten-zu-tamsweg\/#respond"]}]},{"@type":"WebPage","@id":"https:\/\/www.salzburgerland.com\/de\/magazin\/die-vereinigten-zu-tamsweg\/","url":"https:\/\/www.salzburgerland.com\/de\/magazin\/die-vereinigten-zu-tamsweg\/","name":"Die Vereinigten zu Tamsweg - SalzburgerLand Magazin","isPartOf":{"@id":"https:\/\/www.salzburgerland.com\/de\/magazin\/#website"},"primaryImageOfPage":{"@id":"https:\/\/www.salzburgerland.com\/de\/magazin\/die-vereinigten-zu-tamsweg\/#primaryimage"},"image":{"@id":"https:\/\/www.salzburgerland.com\/de\/magazin\/die-vereinigten-zu-tamsweg\/#primaryimage"},"thumbnailUrl":"https:\/\/www.salzburgerland.com\/de\/magazin\/wp-content\/uploads\/2015\/08\/Bildschirmfoto-2015-08-27-um-14.24.29.jpg","datePublished":"2015-10-07T12:50:49+00:00","dateModified":"2020-12-09T12:43:32+00:00","breadcrumb":{"@id":"https:\/\/www.salzburgerland.com\/de\/magazin\/die-vereinigten-zu-tamsweg\/#breadcrumb"},"inLanguage":"de","potentialAction":[{"@type":"ReadAction","target":["https:\/\/www.salzburgerland.com\/de\/magazin\/die-vereinigten-zu-tamsweg\/"]}]},{"@type":"ImageObject","inLanguage":"de","@id":"https:\/\/www.salzburgerland.com\/de\/magazin\/die-vereinigten-zu-tamsweg\/#primaryimage","url":"https:\/\/www.salzburgerland.com\/de\/magazin\/wp-content\/uploads\/2015\/08\/Bildschirmfoto-2015-08-27-um-14.24.29.jpg","contentUrl":"https:\/\/www.salzburgerland.com\/de\/magazin\/wp-content\/uploads\/2015\/08\/Bildschirmfoto-2015-08-27-um-14.24.29.jpg","width":1600,"height":1110,"caption":"Eine gro\u00dfe Holzskulptur des Trojanischen Pferdes steht vor einem grauen Geb\u00e4ude mit wei\u00df gestrichenen Fenstern."},{"@type":"BreadcrumbList","@id":"https:\/\/www.salzburgerland.com\/de\/magazin\/die-vereinigten-zu-tamsweg\/#breadcrumb","itemListElement":[{"@type":"ListItem","position":1,"name":"Startseite","item":"https:\/\/www.salzburgerland.com\/de\/magazin\/"},{"@type":"ListItem","position":2,"name":"Kunst &amp; Kultur","item":"https:\/\/www.salzburgerland.com\/de\/magazin\/thema\/kunst-kultur\/"},{"@type":"ListItem","position":3,"name":"Die Vereinigten zu Tamsweg"}]},{"@type":"WebSite","@id":"https:\/\/www.salzburgerland.com\/de\/magazin\/#website","url":"https:\/\/www.salzburgerland.com\/de\/magazin\/","name":"SalzburgerLand Magazin","description":"Geschichten und Interessantes aus dem SalzburgerLand","publisher":{"@id":"https:\/\/www.salzburgerland.com\/de\/magazin\/#organization"},"potentialAction":[{"@type":"SearchAction","target":{"@type":"EntryPoint","urlTemplate":"https:\/\/www.salzburgerland.com\/de\/magazin\/?s={search_term_string}"},"query-input":{"@type":"PropertyValueSpecification","valueRequired":true,"valueName":"search_term_string"}}],"inLanguage":"de"},{"@type":"Organization","@id":"https:\/\/www.salzburgerland.com\/de\/magazin\/#organization","name":"SalzburgerLand Tourismus","url":"https:\/\/www.salzburgerland.com\/de\/magazin\/","logo":{"@type":"ImageObject","inLanguage":"de","@id":"https:\/\/www.salzburgerland.com\/de\/magazin\/#\/schema\/logo\/image\/","url":"https:\/\/www.salzburgerland.com\/de\/magazin\/wp-content\/uploads\/2019\/06\/salzburgerland-logo1.jpg","contentUrl":"https:\/\/www.salzburgerland.com\/de\/magazin\/wp-content\/uploads\/2019\/06\/salzburgerland-logo1.jpg","width":2011,"height":866,"caption":"SalzburgerLand Tourismus"},"image":{"@id":"https:\/\/www.salzburgerland.com\/de\/magazin\/#\/schema\/logo\/image\/"},"sameAs":["https:\/\/www.facebook.com\/salzburgerland\/","https:\/\/x.com\/Salzburgerland","https:\/\/www.instagram.com\/salzburgerland\/","https:\/\/at.linkedin.com\/company\/salzburgerland-tourismus-gmbh","https:\/\/www.pinterest.at\/salzburgerland\/","https:\/\/www.youtube.com\/user\/salzburgerland","https:\/\/de.wikipedia.org\/wiki\/SalzburgerLand_Tourismus_GmbH"]},{"@type":"Person","@id":"https:\/\/www.salzburgerland.com\/de\/magazin\/#\/schema\/person\/ebd2c9f244aeea71e30f3b5d5e309de4","name":"Peter Zeitlhofer","description":"'Von Neugier getrieben' - diese Worte kommen Peter Zeitlhofer wohl schon ziemlich nahe. Egal ob am Segelboot, im Tiefschnee, unterwegs in Stadt und Land, oder auf einer seinen vielen Reisen - er ist immer auf der Suche nach Neuem, nach dem Besonderen, probiert so ziemlich alles aus und liebt es, dar\u00fcber zu reden und zu berichten. Womit man auch schon fast bei seiner zweiten Leidenschaft w\u00e4re - dem Schreiben. Immer und \u00fcberall ausgestattet\u00a0mit seinem Notebook, hat der Salzburger, mit Wurzeln am Attersee, sein Office\u00a0im wahrsten Sinne des Wortes unterm Arm und k\u00f6nnte sich nichts besseres vorstellen, als die Geschichten dort zu erz\u00e4hlen, wo sie passieren. Fr\u00fchling, Sommer, Herbst oder Winter? Als Mensch der Extreme, mag ich auch bei den Jahreszeiten den Sommer und den Winter am liebsten. Obwohl nat\u00fcrlich auch der Fr\u00fchling seine Reize hat. Aber der Herbst? Rindsroulade vom Pinzgauer Biorind oder Saibling fangfrisch aus dem Fuschlsee? Immer diese Entscheidungen! Kann ich auch beides haben? Mundharmonika oder Stradivari? Weder noch - als Gitarrist k\u00f6nnte ich mit beiden Instrumenten nichts anfangen. Lederhose oder Smoking? Eindeutig Lederhose, die bei mir mittlerweile sogar den Einzug in den sommerlichen Alltag gefunden hat. Und der LederhosnDonnerstag ist \u00a0ohnehin Pflicht. Alpinski, Offpist oder Skitour? Hauptsache rauf auf den Berg! Was dann tats\u00e4chlich auf dem Programm steht ist zweitrangig. Nur so viel: wenn der Schnee passt, dann h\u00e4lt mich nichts oder niemand auf der Piste. Bergtour oder Seentour? F\u00fcr mich gibt es im Sommer nichts Sch\u00f6neres, als mit dem Segelboot auf unseren herrlichen Seen unterwegs zu sein. Also wenn ich die Wahl habe, dann nehme ich im Sommer die Berge h\u00f6chstens als Kulisse. Haubenlokal oder Ab-Hof-Laden? Auch hier nehme ich von beidem ein bisschen. Aber bei der Oma schmeckt's dann doch am besten.","url":"https:\/\/www.salzburgerland.com\/de\/magazin\/author\/peter-zeitlhofer\/"}]}},"_wl_alt_label":[],"wl:entity_url":"http:\/\/open.salzburgerland.com\/magazin\/post\/die_vereinigten_zu_tamsweg","_links":{"self":[{"href":"https:\/\/www.salzburgerland.com\/de\/magazin\/wp-json\/wp\/v2\/posts\/99662","targetHints":{"allow":["GET"]}}],"collection":[{"href":"https:\/\/www.salzburgerland.com\/de\/magazin\/wp-json\/wp\/v2\/posts"}],"about":[{"href":"https:\/\/www.salzburgerland.com\/de\/magazin\/wp-json\/wp\/v2\/types\/post"}],"author":[{"embeddable":true,"href":"https:\/\/www.salzburgerland.com\/de\/magazin\/wp-json\/wp\/v2\/users\/505"}],"replies":[{"embeddable":true,"href":"https:\/\/www.salzburgerland.com\/de\/magazin\/wp-json\/wp\/v2\/comments?post=99662"}],"version-history":[{"count":1,"href":"https:\/\/www.salzburgerland.com\/de\/magazin\/wp-json\/wp\/v2\/posts\/99662\/revisions"}],"predecessor-version":[{"id":148683,"href":"https:\/\/www.salzburgerland.com\/de\/magazin\/wp-json\/wp\/v2\/posts\/99662\/revisions\/148683"}],"wp:featuredmedia":[{"embeddable":true,"href":"https:\/\/www.salzburgerland.com\/de\/magazin\/wp-json\/wp\/v2\/media\/101470"}],"wp:attachment":[{"href":"https:\/\/www.salzburgerland.com\/de\/magazin\/wp-json\/wp\/v2\/media?parent=99662"}],"wp:term":[{"taxonomy":"category","embeddable":true,"href":"https:\/\/www.salzburgerland.com\/de\/magazin\/wp-json\/wp\/v2\/categories?post=99662"},{"taxonomy":"post_tag","embeddable":true,"href":"https:\/\/www.salzburgerland.com\/de\/magazin\/wp-json\/wp\/v2\/tags?post=99662"},{"taxonomy":"wl_entity_type","embeddable":true,"href":"https:\/\/www.salzburgerland.com\/de\/magazin\/wp-json\/wp\/v2\/wl_entity_type?post=99662"},{"taxonomy":"monatsauswahl","embeddable":true,"href":"https:\/\/www.salzburgerland.com\/de\/magazin\/wp-json\/wp\/v2\/monatsauswahl?post=99662"}],"curies":[{"name":"wp","href":"https:\/\/api.w.org\/{rel}","templated":true}]}}