{"id":99570,"date":"2015-07-12T05:20:45","date_gmt":"2015-07-12T03:20:45","guid":{"rendered":"http:\/\/magazin.salzburgerland.com\/?p=99570"},"modified":"2015-09-23T09:42:36","modified_gmt":"2015-09-23T07:42:36","slug":"lady-special-fahrtechnik-camp-fuer-mountainbikerinnen","status":"publish","type":"post","link":"https:\/\/www.salzburgerland.com\/de\/magazin\/lady-special-fahrtechnik-camp-fuer-mountainbikerinnen\/","title":{"rendered":"Lady Special Fahrtechnik Camp f\u00fcr Mountainbikerinnen"},"content":{"rendered":"<p>Am Pool liegen ist nicht Ihr Ding? Sie wollen Spa\u00df und Action und tragen Ihren Minirock stolz zu blauen Flecken. Dann sind Sie hier richtig: Mit dem Fahrrad bergab sausen in Saalbach-Hinterglemm.<\/p>\n<p>SAALBACH-HINTERGLEMM. &#8222;Saugeil war&#8217;s!&#8220;, sind wir zehn Neo-Downhillerinnen uns alle einig, nachdem wir auf unseren Mountainbikes die &#8222;Pro Line&#8220; in Hinterglemm hinab gebrettert sind. Mit immer noch einem fetten Smile im Gesicht.<\/p>\n<p>Trotz blauer Flecken, Blasen, Absch\u00fcrfungen und Prellungen, die sich in drei Tagen \u201eLady Special Fahrtechnik Camp&#8220; angesammelt haben. <br \/> Und sowieso und \u00fcberhaupt haben wir es ohnehin gleich in &#8222;Brachialweiber-Downhill-Camp&#8220; umbenannt.<\/p>\n<p>Denn eines ist fix: F\u00fcr Modep\u00fcppchen mit langen Fingern\u00e4geln ist das Ganze nichts.<\/p>\n<p>Verdreckt und zerschunden sind wir jetzt, aber gl\u00fccklich. <br \/> Aber wie konnte es \u00fcberhaupt so weit kommen? Nun ja, manchmal braucht Frau eben einfach ein bisschen Abenteuer.<\/p>\n<h2>Merke: Frau ist nie zu alt f\u00fcr Abenteuer<\/h2>\n<p>&#8222;F\u00fcr ein gutes Abenteuer ist man niemals zu alt. Nur zu langweilig&#8220;, wei\u00df die \u00f6sterreichische Philosophin und K\u00fcnstlerin Lisz Hirn. Und damit hat sie wohl recht.<br \/> Also ab zu drei Tagen Downhill-Training mit dem Mountainbike!<\/p>\n<figure id=\"attachment_99571\" aria-describedby=\"caption-attachment-99571\" style=\"width: 650px\" class=\"wp-caption alignnone\"><a href=\"https:\/\/www.salzburgerland.com\/de\/magazin\/wp-content\/uploads\/2015\/06\/IMG_8678.jpg\"><img loading=\"lazy\" decoding=\"async\" class=\"wp-image-99571 size-singlePost\" src=\"https:\/\/www.salzburgerland.com\/de\/magazin\/wp-content\/uploads\/2015\/06\/IMG_8678-650x435.jpg\" alt=\"Wir wollen Spa\u00df: Trainer Eno Mendoza macht ein Selfie und ja, das im Hintergrund sind tats\u00e4chlich alles Frauen.\" width=\"650\" height=\"435\" \/><\/a><figcaption id=\"caption-attachment-99571\" class=\"wp-caption-text\">Wir wollen Spa\u00df: Trainer Eno Mendoza macht ein Selfie und ja, das im Hintergrund sind tats\u00e4chlich alles Frauen.<\/figcaption><\/figure>\n<p>Die Erwartungshaltung? Mit dem Mountainbike hinauf geht es konditionstechnisch sehr gut, aber beim Hinunterfahren geh\u00f6re ich eher zu den Bremsern, \u00fcberhaupt auf Schotter und auf Trails im Gel\u00e4nde. Das soll sich jetzt endlich \u00e4ndern. <br \/> Die Herausforderung? Drei Tage unter Frauen &#8211; wie arg wird der Zickenterror?<\/p>\n<h2>Merke: Lieber blauer Fleck als roter Fingernagel<\/h2>\n<p>Am ersten Tag des Camps speziell f\u00fcr Frauen, das vom Hotel Sonnleiten in Saalbach angeboten wird, stellt sich heraus, ich bin in lustiger Gesellschaft einer aufgeweckten &#8222;Twenty-\/Thirtysomething&#8220;-Generation an unternehmungslustigen Frauen, die es einfach mal krachen lassen wollen.<\/p>\n<p>Bikini, Blue Lagoon-Cocktail und braune Beine? Nein, danke, wir bevorzugen Bikes, Bier und blaue Flecken.<\/p>\n<h2>Merke: Frauen lieben sch\u00f6ne rosa Dinge<\/h2>\n<p>Unser Trainer Eno Mendoza und Lukas Gerns von Sunbikers staffieren uns gleich zu Beginn mit Top-Leihbikes aus.<\/p>\n<p>Und hier wird ersichtlich, warum es ein Ladies-Camp ist: Mein Leih-Bike, ein Enduro der Marke &#8222;Bergamont&#8220; bekommt neidische &#8222;Aahs!&#8220; und &#8222;Oohs!&#8220; von meinen Bike-Kolleginnen, weil es &#8222;sooo sch\u00f6n rosa ist&#8220;. <br \/> Ganz abgelegt haben wir unsere Weiblichkeit also doch nicht, auch wenn wir in unserer Vollschutz-Ausr\u00fcstung &#8211; Helm (\u00e4hnlich einem Motorradhelm), Brille und Downhill-Protektoren am Oberk\u00f6rper, an den Ellenbogen und Knien &#8211; ganz gut als Kerle durchgehen k\u00f6nnten. <br \/> Ein bisschen wie Darth Vader sehen wir aus.<\/p>\n<figure id=\"attachment_99572\" aria-describedby=\"caption-attachment-99572\" style=\"width: 650px\" class=\"wp-caption alignnone\"><a href=\"https:\/\/www.salzburgerland.com\/de\/magazin\/wp-content\/uploads\/2015\/06\/IMG_8632.jpg\"><img loading=\"lazy\" decoding=\"async\" class=\"wp-image-99572 size-singlePost\" src=\"https:\/\/www.salzburgerland.com\/de\/magazin\/wp-content\/uploads\/2015\/06\/IMG_8632-650x435.jpg\" alt=\"Zuerst die &quot;Blue Line&quot; f\u00fcr Anf\u00e4nger, aber am dritten Tag brettern wir schon die &quot;Pro Line&quot; in Hinterglemm hinab.\" width=\"650\" height=\"435\" \/><\/a><figcaption id=\"caption-attachment-99572\" class=\"wp-caption-text\">Zuerst die &#8222;Blue Line&#8220; f\u00fcr Anf\u00e4nger, aber am dritten Tag brettern wir schon die &#8222;Pro Line&#8220; in Hinterglemm hinab.<\/figcaption><\/figure>\n<p>&nbsp;<\/p>\n<h2>Merke: Man lernt aus Erfahrungen<\/h2>\n<p>Das Downhill Fahrrad ist im Vergleich zu normalen Mountainbikes mit um die 20 kg deutlich schwerer und damit stabiler. Der Federweg sollte mindestens 150 mm betragen. Die massiven D\u00e4mpfungsfedern machen das Downhill-Rad zu einem so genannten &#8222;Fully&#8220; und lassen es gut \u00fcber Wurzeln, Steine und sonstige Hinternisse brettern, ohne den Fahrer zu arg durchzusch\u00fctteln.<\/p>\n<p>Bergauf macht das Mehr an Gewicht weniger Spa\u00df, da kommt man ganz sch\u00f6n ins Schnaufen. Aber daf\u00fcr ist es ja auch nicht gedacht, denn hinauf geht es ohnehin ganz bequem mit der Gondel<\/p>\n<h2>Merke: Skigebiet macht auch im Sommer Spa\u00df<\/h2>\n<p>Saalbach-Hinterglemm hat sich mit seinem riesigen Mountainbike-Wegenetz als die f\u00fchrende Mountainbikeregion in \u00d6sterreich etabliert. Hier kommen Cross Countryfahrer, Soulrider, Freerider und Downhill-Experten wirklich voll auf Ihre Kosten.<\/p>\n<p>Dort, wo sich in der kalten Jahreszeit die Wintersportfans tummeln, sind im Sommer die Radfahrer zu finden. <br \/> Praktisch f\u00fcr diejenigen, die gro\u00dfe Anstiege nicht lieben: Die Kabinenbahnen stehen auch im Sommer zur Verf\u00fcgung, damit man die vielen Panoramatrails ohne viel Schwei\u00df erkunden kann.<\/p>\n<figure id=\"attachment_99573\" aria-describedby=\"caption-attachment-99573\" style=\"width: 650px\" class=\"wp-caption alignnone\"><a href=\"https:\/\/www.salzburgerland.com\/de\/magazin\/wp-content\/uploads\/2015\/06\/IMG_8539.jpg\"><img loading=\"lazy\" decoding=\"async\" class=\"wp-image-99573 size-singlePost\" src=\"https:\/\/www.salzburgerland.com\/de\/magazin\/wp-content\/uploads\/2015\/06\/IMG_8539-650x435.jpg\" alt=\"Wie legt man sich am besten in die Kurve, wir bremst man, wie geht der &quot;Bunny Hopp&quot; - wir Ladies sind lernbegierig. \" width=\"650\" height=\"435\" \/><\/a><figcaption id=\"caption-attachment-99573\" class=\"wp-caption-text\">Wie legt man sich am besten in die Kurve, wir bremst man, wie geht der &#8222;Bunny Hopp&#8220; &#8211; wir Ladies sind lernbegierig.<\/figcaption><\/figure>\n<p>&nbsp;<\/p>\n<h2>Merke: Ganz ohne Blessuren geht es nicht<\/h2>\n<p>Und dann geht es auch schon direkt vom Hotel Sonnleiten auf die erste Abfahrt, die technisch eher einfache &#8222;Milka Line&#8220;. Unser Trainer erkl\u00e4rt uns geduldig, wie man sich am Bike am besten in die Kurven legt, wie man kleine Spr\u00fcnge macht und man richtig bremst, um keine Bauchlandung hinzulegen. <br \/> Trotzdem schaffen wir mehrere Bauch-, Brust-, Po- und Armlandungen. &#8222;Das ist normal, ganz ohne Blessuren geht es gerade zu Beginn nie&#8220;, tr\u00f6stet uns Eno.<\/p>\n<figure id=\"attachment_99575\" aria-describedby=\"caption-attachment-99575\" style=\"width: 650px\" class=\"wp-caption alignnone\"><a href=\"https:\/\/www.salzburgerland.com\/de\/magazin\/wp-content\/uploads\/2015\/06\/IMG_8549.jpg\"><img loading=\"lazy\" decoding=\"async\" class=\"wp-image-99575 size-singlePost\" src=\"https:\/\/www.salzburgerland.com\/de\/magazin\/wp-content\/uploads\/2015\/06\/IMG_8549-650x435.jpg\" alt=\"So ein Spa\u00df, auch wenn uns das Camp einiges abverlangt. Im Bild: Jana Stimm, Sabrina Gehrke und Marion Geyer.\" width=\"650\" height=\"435\" \/><\/a><figcaption id=\"caption-attachment-99575\" class=\"wp-caption-text\">So ein Spa\u00df, auch wenn uns das Camp einiges abverlangt. Im Bild: Jana Stimm, Sabrina Gehrke und Marion Geyer.<\/figcaption><\/figure>\n<p>&nbsp;<\/p>\n<h2>Merke: So f\u00fchlt sich ein Adrenalinschub an<\/h2>\n<p>Am dritten und letzten Tag d\u00fcrfen wir nach flei\u00dfigem Training auf &#8222;Milka Line&#8220; und &#8222;Blue Line&#8220; dann endlich auf die schwierige &#8222;Pro Line&#8220;. <br \/> Die Anspannung einer jeden ist trotzdem zu sp\u00fcren als wir oben stehen. Das Herz klopft, die H\u00e4nde zittern ein wenig. &#8222;Ihr packt das!&#8220;, motivieren uns Eno und Lukas. Also los!<\/p>\n<p>Puh, steil ist das schon. Aber auch wenn wir doch ein kleines Hindernis f\u00fcr die richtigen Profis auf der Strecke sind, die in H\u00f6llentempo hinunter rasen &#8211; wir schaffen es. <br \/> Das Gef\u00fchl unten ist unbeschreiblich, Adrenalin und Gl\u00fccksgef\u00fchle pur. Und dazu kommt der Stolz, es geschafft zu haben. Aber man glaubt gar nicht, wie anstrengend bergab fahren sein kann.<\/p>\n<figure id=\"attachment_99574\" aria-describedby=\"caption-attachment-99574\" style=\"width: 650px\" class=\"wp-caption alignnone\"><a href=\"https:\/\/www.salzburgerland.com\/de\/magazin\/wp-content\/uploads\/2015\/06\/IMG_8533.jpg\"><img loading=\"lazy\" decoding=\"async\" class=\"wp-image-99574 size-singlePost\" src=\"https:\/\/www.salzburgerland.com\/de\/magazin\/wp-content\/uploads\/2015\/06\/IMG_8533-650x435.jpg\" alt=\"Nichts f\u00fcr &quot;P\u00fcppchen&quot;: Kleinere, manchmal auch gr\u00f6\u00dfere Blessuren sind doch jeden Tag dabei.\" width=\"650\" height=\"435\" \/><\/a><figcaption id=\"caption-attachment-99574\" class=\"wp-caption-text\">Nichts f\u00fcr &#8222;P\u00fcppchen&#8220;: Kleinere, manchmal auch gr\u00f6\u00dfere Blessuren sind doch jeden Tag dabei.<\/figcaption><\/figure>\n<p>&nbsp;<\/p>\n<h2>Merke: Wir sind doch echte &#8222;Ladies&#8220;<\/h2>\n<p>Das gesammelte Fazit der M\u00e4dels nach drei tollen Tagen in Saalbach-Hinterglemm: &#8222;Es war cool, lustig, das Hotel vom Feinsten, gutes Essen, ein toller Trainer, hochwertiges Leihmaterial und wir haben echt viel gelernt.&#8220;<\/p>\n<p>Und Eno Mendozas Fazit nach seinem allerersten Ladies-Camp-Trainerdasein? &#8222;Es war hammergut. Das einzige Problem ist, dass die n\u00e4chsten Camps nicht besser und lustiger werden k\u00f6nnen.&#8220;<br \/> Was ihm auff\u00e4llt bei einer reinen Frauengruppe: &#8222;Es ist sehr angenehm, hier will niemand protzen. Und die M\u00e4dels haben sich gegenseitig immer geholfen: egal, ob beim Einsteigen in die Gondel oder wenn sich eine verletzt hat. Es war ein toller Zusammenhalt zu bemerken und es war auch f\u00fcr mich ein Riesenspa\u00df.&#8220;<\/p>\n<p>\u00dcbrigens: Zickenterror? Fehlanzeige.<\/p>\n<p>Ein Video von diesem ersten\u00a0\u201eLady Special Fahrtechnik Camp&#8220; gibt es hier zu sehen: <a href=\"https:\/\/www.youtube.com\/watch?v=8H0TS6SEBLQ\">Video<\/a><\/p>\n<h2>Merke: Die n\u00e4chsten Termine<\/h2>\n<p><b>\u201eLady Special\u201c Fahrtechnik Camps werden immer wieder im Hotel Sonnleiten in Saalbach-Hinterglem mit Sunbikers angeboten.<\/b><\/p>\n<p><b>Die Kosten:<\/b> 3 N\u00e4chte, 4 Tage im DZ p.P mit Halbpension: 300,- Euro<\/p>\n<p>Tipp: Es werden auch gemischte Camps angeboten. Mehr Infos auf <a href=\"http:\/\/www.sonnleiten.com\/biken\/guiding\/camps\" target=\"_blank\">www.sonnleiten.com<\/a><\/p>\n<p>&nbsp;<\/p>\n<div class=\"mag-gallery\"><div class=\"row\"><div class=\"col-6 col-sm-4\"><figure><a class=\"thumb-container\" href=\"https:\/\/www.salzburgerland.com\/de\/magazin\/wp-content\/uploads\/2015\/06\/IMG_8705-1280x1024.jpg\">\t<picture><source media=\"(min-width: 576px)\" srcset=\"https:\/\/www.salzburgerland.com\/de\/magazin\/wp-content\/uploads\/2015\/06\/IMG_8705-325x209.jpg 325w, https:\/\/www.salzburgerland.com\/de\/magazin\/wp-content\/uploads\/2015\/06\/IMG_8705-249x160.jpg 249w\" \/><source media=\"(min-width: 0)\" srcset=\"https:\/\/www.salzburgerland.com\/de\/magazin\/wp-content\/uploads\/2015\/06\/IMG_8705-249x160.jpg 249w, https:\/\/www.salzburgerland.com\/de\/magazin\/wp-content\/uploads\/2015\/06\/IMG_8705-325x209.jpg 325w\" \/><img decoding=\"async\" alt=\"Mountainbiker fahren auf einem geschwungenen Holzweg in einer \u00fcppigen, gr\u00fcnen, h\u00fcgeligen Landschaft mit B\u00e4umen und einem \u00f6sterreichischen Dorf unterhalb.\" src=\"https:\/\/www.salzburgerland.com\/de\/magazin\/wp-content\/uploads\/2015\/06\/IMG_8705.jpg\" \/>\t<\/picture><\/a><\/figure><\/div><div class=\"col-6 col-sm-4\"><figure><a class=\"thumb-container\" href=\"https:\/\/www.salzburgerland.com\/de\/magazin\/wp-content\/uploads\/2015\/06\/IMG_8638-1280x1024.jpg\">\t<picture><source media=\"(min-width: 576px)\" srcset=\"https:\/\/www.salzburgerland.com\/de\/magazin\/wp-content\/uploads\/2015\/06\/IMG_8638-325x209.jpg 325w, https:\/\/www.salzburgerland.com\/de\/magazin\/wp-content\/uploads\/2015\/06\/IMG_8638-249x160.jpg 249w\" \/><source media=\"(min-width: 0)\" srcset=\"https:\/\/www.salzburgerland.com\/de\/magazin\/wp-content\/uploads\/2015\/06\/IMG_8638-249x160.jpg 249w, https:\/\/www.salzburgerland.com\/de\/magazin\/wp-content\/uploads\/2015\/06\/IMG_8638-325x209.jpg 325w\" \/><img decoding=\"async\" alt=\"Zwei Radfahrer fahren mit ihren Mountainbikes auf einem Holzweg durch einen \u00fcppigen, gr\u00fcnen Wald mit bl\u00fchenden Wildblumen.\" src=\"https:\/\/www.salzburgerland.com\/de\/magazin\/wp-content\/uploads\/2015\/06\/IMG_8638.jpg\" \/>\t<\/picture><\/a><\/figure><\/div><div class=\"col-6 col-sm-4\"><figure><a class=\"thumb-container\" href=\"https:\/\/www.salzburgerland.com\/de\/magazin\/wp-content\/uploads\/2015\/06\/IMG_8755-1280x1024.jpg\">\t<picture><source media=\"(min-width: 576px)\" srcset=\"https:\/\/www.salzburgerland.com\/de\/magazin\/wp-content\/uploads\/2015\/06\/IMG_8755-325x209.jpg 325w, https:\/\/www.salzburgerland.com\/de\/magazin\/wp-content\/uploads\/2015\/06\/IMG_8755-249x160.jpg 249w\" \/><source media=\"(min-width: 0)\" srcset=\"https:\/\/www.salzburgerland.com\/de\/magazin\/wp-content\/uploads\/2015\/06\/IMG_8755-249x160.jpg 249w, https:\/\/www.salzburgerland.com\/de\/magazin\/wp-content\/uploads\/2015\/06\/IMG_8755-325x209.jpg 325w\" \/><img decoding=\"async\" alt=\"Mountainbiker in Schutzkleidung steht mit seinem Fahrrad zwischen anderen Radfahrern, mit blauem Himmel und Bergen im Hintergrund.\" src=\"https:\/\/www.salzburgerland.com\/de\/magazin\/wp-content\/uploads\/2015\/06\/IMG_8755.jpg\" \/>\t<\/picture><\/a><\/figure><\/div><div class=\"col-6 col-sm-4\"><figure><a class=\"thumb-container\" href=\"https:\/\/www.salzburgerland.com\/de\/magazin\/wp-content\/uploads\/2015\/06\/IMG_8605-1280x1024.jpg\">\t<picture><source media=\"(min-width: 576px)\" srcset=\"https:\/\/www.salzburgerland.com\/de\/magazin\/wp-content\/uploads\/2015\/06\/IMG_8605-325x209.jpg 325w, https:\/\/www.salzburgerland.com\/de\/magazin\/wp-content\/uploads\/2015\/06\/IMG_8605-249x160.jpg 249w\" \/><source media=\"(min-width: 0)\" srcset=\"https:\/\/www.salzburgerland.com\/de\/magazin\/wp-content\/uploads\/2015\/06\/IMG_8605-249x160.jpg 249w, https:\/\/www.salzburgerland.com\/de\/magazin\/wp-content\/uploads\/2015\/06\/IMG_8605-325x209.jpg 325w\" \/><img decoding=\"async\" alt=\"Ein Mountainbiker mit Helm f\u00e4hrt auf einem unbefestigten Weg, umgeben von gr\u00fcnen B\u00e4umen und Pflanzen.\" src=\"https:\/\/www.salzburgerland.com\/de\/magazin\/wp-content\/uploads\/2015\/06\/IMG_8605.jpg\" \/>\t<\/picture><\/a><\/figure><\/div><div class=\"col-6 col-sm-4\"><figure><a class=\"thumb-container\" href=\"https:\/\/www.salzburgerland.com\/de\/magazin\/wp-content\/uploads\/2015\/06\/IMG_8742-1280x1024.jpg\">\t<picture><source media=\"(min-width: 576px)\" srcset=\"https:\/\/www.salzburgerland.com\/de\/magazin\/wp-content\/uploads\/2015\/06\/IMG_8742-325x209.jpg 325w, https:\/\/www.salzburgerland.com\/de\/magazin\/wp-content\/uploads\/2015\/06\/IMG_8742-249x160.jpg 249w\" \/><source media=\"(min-width: 0)\" srcset=\"https:\/\/www.salzburgerland.com\/de\/magazin\/wp-content\/uploads\/2015\/06\/IMG_8742-249x160.jpg 249w, https:\/\/www.salzburgerland.com\/de\/magazin\/wp-content\/uploads\/2015\/06\/IMG_8742-325x209.jpg 325w\" \/><img decoding=\"async\" alt=\"Acht Personen in Radfahrerkleidung springen l\u00e4chelnd in die Luft, w\u00e4hrend im Hintergrund Berge und H\u00fctten zu sehen sind.\" src=\"https:\/\/www.salzburgerland.com\/de\/magazin\/wp-content\/uploads\/2015\/06\/IMG_8742.jpg\" \/>\t<\/picture><\/a><\/figure><\/div><div class=\"col-6 col-sm-4\"><figure><a class=\"thumb-container\" href=\"https:\/\/www.salzburgerland.com\/de\/magazin\/wp-content\/uploads\/2015\/06\/IMG_8723-1280x1024.jpg\">\t<picture><source media=\"(min-width: 576px)\" srcset=\"\" \/><source media=\"(min-width: 0)\" srcset=\"https:\/\/www.salzburgerland.com\/de\/magazin\/wp-content\/uploads\/2015\/06\/IMG_8723.jpg 1200w, https:\/\/www.salzburgerland.com\/de\/magazin\/wp-content\/uploads\/2015\/06\/IMG_8723-225x300.jpg 225w, https:\/\/www.salzburgerland.com\/de\/magazin\/wp-content\/uploads\/2015\/06\/IMG_8723-413x550.jpg 413w, https:\/\/www.salzburgerland.com\/de\/magazin\/wp-content\/uploads\/2015\/06\/IMG_8723-300x400.jpg 300w\" \/><img decoding=\"async\" alt=\"Eine l\u00e4chelnde Frau in blauen Shorts sitzt mit einem Fahrrad auf dem B\u00fcrgersteig, h\u00e4lt eine gr\u00fcne Flasche und einen Helm in der Hand.\" src=\"https:\/\/www.salzburgerland.com\/de\/magazin\/wp-content\/uploads\/2015\/06\/IMG_8723.jpg\" \/>\t<\/picture><\/a><\/figure><\/div><div class=\"col-6 col-sm-4\"><figure><a class=\"thumb-container\" href=\"https:\/\/www.salzburgerland.com\/de\/magazin\/wp-content\/uploads\/2015\/06\/IMG_8762-1280x1024.jpg\">\t<picture><source media=\"(min-width: 576px)\" srcset=\"https:\/\/www.salzburgerland.com\/de\/magazin\/wp-content\/uploads\/2015\/06\/IMG_8762-325x209.jpg 325w, https:\/\/www.salzburgerland.com\/de\/magazin\/wp-content\/uploads\/2015\/06\/IMG_8762-249x160.jpg 249w\" \/><source media=\"(min-width: 0)\" srcset=\"https:\/\/www.salzburgerland.com\/de\/magazin\/wp-content\/uploads\/2015\/06\/IMG_8762-249x160.jpg 249w, https:\/\/www.salzburgerland.com\/de\/magazin\/wp-content\/uploads\/2015\/06\/IMG_8762-325x209.jpg 325w\" \/><img decoding=\"async\" alt=\"Radfahrer in Schutzkleidung stehen mit Mountainbikes vor einem Geb\u00e4ude mit der Aufschrift Reiterkogelbahn.\" src=\"https:\/\/www.salzburgerland.com\/de\/magazin\/wp-content\/uploads\/2015\/06\/IMG_8762.jpg\" \/>\t<\/picture><\/a><\/figure><\/div><div class=\"col-6 col-sm-4\"><figure><a class=\"thumb-container\" href=\"https:\/\/www.salzburgerland.com\/de\/magazin\/wp-content\/uploads\/2015\/06\/IMG_8734-1280x1024.jpg\">\t<picture><source media=\"(min-width: 576px)\" srcset=\"https:\/\/www.salzburgerland.com\/de\/magazin\/wp-content\/uploads\/2015\/06\/IMG_8734-325x209.jpg 325w, https:\/\/www.salzburgerland.com\/de\/magazin\/wp-content\/uploads\/2015\/06\/IMG_8734-249x160.jpg 249w\" \/><source media=\"(min-width: 0)\" srcset=\"https:\/\/www.salzburgerland.com\/de\/magazin\/wp-content\/uploads\/2015\/06\/IMG_8734-249x160.jpg 249w, https:\/\/www.salzburgerland.com\/de\/magazin\/wp-content\/uploads\/2015\/06\/IMG_8734-325x209.jpg 325w\" \/><img decoding=\"async\" alt=\"Zwei l\u00e4chelnde Mountainbiker in Ausr\u00fcstung sitzen mit ihren R\u00e4dern auf dem B\u00fcrgersteig und machen gemeinsam eine Pause.\" src=\"https:\/\/www.salzburgerland.com\/de\/magazin\/wp-content\/uploads\/2015\/06\/IMG_8734.jpg\" \/>\t<\/picture><\/a><\/figure><\/div><div class=\"col-6 col-sm-4\"><figure><a class=\"thumb-container\" href=\"https:\/\/www.salzburgerland.com\/de\/magazin\/wp-content\/uploads\/2015\/06\/IMG_8770-1280x1024.jpg\">\t<picture><source media=\"(min-width: 576px)\" srcset=\"https:\/\/www.salzburgerland.com\/de\/magazin\/wp-content\/uploads\/2015\/06\/IMG_8770-325x209.jpg 325w, https:\/\/www.salzburgerland.com\/de\/magazin\/wp-content\/uploads\/2015\/06\/IMG_8770-249x160.jpg 249w\" \/><source media=\"(min-width: 0)\" srcset=\"https:\/\/www.salzburgerland.com\/de\/magazin\/wp-content\/uploads\/2015\/06\/IMG_8770-249x160.jpg 249w, https:\/\/www.salzburgerland.com\/de\/magazin\/wp-content\/uploads\/2015\/06\/IMG_8770-325x209.jpg 325w\" \/><img decoding=\"async\" alt=\"Zwei Radfahrerinnen im Freien; eine Frau hilft der anderen, Fl\u00fcssigkeitstropfen aus einer kleinen Flasche zu nehmen.\" src=\"https:\/\/www.salzburgerland.com\/de\/magazin\/wp-content\/uploads\/2015\/06\/IMG_8770.jpg\" \/>\t<\/picture><\/a><\/figure><\/div><\/div><\/div><figcaption><\/figcaption>\n","protected":false},"excerpt":{"rendered":"<p>Am Pool liegen ist nicht Ihr Ding? Sie wollen Spa\u00df und Action und tragen Ihren Minirock stolz zu blauen Flecken. Dann sind Sie hier richtig: Mit dem Fahrrad bergab sausen in Saalbach-Hinterglemm. SAALBACH-HINTERGLEMM. &#8222;Saugeil war&#8217;s!&#8220;, sind wir zehn Neo-Downhillerinnen uns alle einig, nachdem wir auf unseren Mountainbikes die &#8222;Pro Line&#8220; in Hinterglemm hinab gebrettert sind. [&hellip;]<\/p>\n","protected":false},"author":520,"featured_media":99571,"comment_status":"open","ping_status":"open","sticky":false,"template":"","format":"standard","meta":{"_acf_changed":false,"wl_entities_gutenberg":"","_wl_entity_redirect_enabled":"","footnotes":""},"categories":[8],"tags":[],"wl_entity_type":[306],"monatsauswahl":[87,88,89,90],"class_list":["post-99570","post","type-post","status-publish","format-standard","has-post-thumbnail","hentry","category-outdoor-sport","wl_entity_type-article","monatsauswahl-monat_6","monatsauswahl-monat_7","monatsauswahl-monat_8","monatsauswahl-monat_9"],"acf":[],"yoast_head":"<!-- This site is optimized with the Yoast SEO Premium plugin v27.4 (Yoast SEO v27.4) - https:\/\/yoast.com\/product\/yoast-seo-premium-wordpress\/ -->\n<title>Lady Special Fahrtechnik Camp f\u00fcr Mountainbikerinnen - SalzburgerLand Magazin<\/title>\n<meta name=\"description\" content=\"Am Pool liegen ist nicht Ihr Ding? Sie wollen Spa\u00df und Action und tragen Ihren Minirock stolz zu blauen Flecken. Dann sind Sie hier richtig: Mit dem Fahrrad bergab sausen in Saalbach-Hinterglemm. SAALBACH-HINTERGLEMM. &#8222;Saugeil war&#8217;s!&#8220;, sind wir zehn Neo-Downhillerinnen uns alle einig, nachdem wir auf unseren Mountainbikes die &#8222;Pro Line&#8220; in Hinterglemm hinab gebrettert sind. [&hellip;]\" \/>\n<meta name=\"robots\" content=\"index, follow, max-snippet:-1, max-image-preview:large, max-video-preview:-1\" \/>\n<link rel=\"canonical\" href=\"https:\/\/www.salzburgerland.com\/de\/magazin\/lady-special-fahrtechnik-camp-fuer-mountainbikerinnen\/\" \/>\n<meta property=\"og:locale\" content=\"de_DE\" \/>\n<meta property=\"og:type\" content=\"article\" \/>\n<meta property=\"og:title\" content=\"Lady Special Fahrtechnik Camp f\u00fcr Mountainbikerinnen\" \/>\n<meta property=\"og:description\" content=\"Am Pool liegen ist nicht Ihr Ding? Sie wollen Spa\u00df und Action und tragen Ihren Minirock stolz zu blauen Flecken. Dann sind Sie hier richtig: Mit dem Fahrrad bergab sausen in Saalbach-Hinterglemm. SAALBACH-HINTERGLEMM. &#8222;Saugeil war&#8217;s!&#8220;, sind wir zehn Neo-Downhillerinnen uns alle einig, nachdem wir auf unseren Mountainbikes die &#8222;Pro Line&#8220; in Hinterglemm hinab gebrettert sind. [&hellip;]\" \/>\n<meta property=\"og:url\" content=\"https:\/\/www.salzburgerland.com\/de\/magazin\/lady-special-fahrtechnik-camp-fuer-mountainbikerinnen\/\" \/>\n<meta property=\"og:site_name\" content=\"SalzburgerLand Magazin\" \/>\n<meta property=\"article:publisher\" content=\"https:\/\/www.facebook.com\/salzburgerland\/\" \/>\n<meta property=\"article:published_time\" content=\"2015-07-12T03:20:45+00:00\" \/>\n<meta property=\"article:modified_time\" content=\"2015-09-23T07:42:36+00:00\" \/>\n<meta property=\"og:image\" content=\"https:\/\/www.salzburgerland.com\/de\/magazin\/wp-content\/uploads\/2015\/06\/IMG_8678.jpg\" \/>\n\t<meta property=\"og:image:width\" content=\"1600\" \/>\n\t<meta property=\"og:image:height\" content=\"1200\" \/>\n\t<meta property=\"og:image:type\" content=\"image\/jpeg\" \/>\n<meta name=\"author\" content=\"Theresa Kaserer\" \/>\n<meta name=\"twitter:card\" content=\"summary_large_image\" \/>\n<meta name=\"twitter:creator\" content=\"@Salzburgerland\" \/>\n<meta name=\"twitter:site\" content=\"@Salzburgerland\" \/>\n<meta name=\"twitter:label1\" content=\"Verfasst von\" \/>\n\t<meta name=\"twitter:data1\" content=\"Theresa Kaserer\" \/>\n\t<meta name=\"twitter:label2\" content=\"Gesch\u00e4tzte Lesezeit\" \/>\n\t<meta name=\"twitter:data2\" content=\"6\u00a0Minuten\" \/>\n<script type=\"application\/ld+json\" class=\"yoast-schema-graph\">{\"@context\":\"https:\\\/\\\/schema.org\",\"@graph\":[{\"@type\":\"Article\",\"@id\":\"https:\\\/\\\/www.salzburgerland.com\\\/de\\\/magazin\\\/lady-special-fahrtechnik-camp-fuer-mountainbikerinnen\\\/#article\",\"isPartOf\":{\"@id\":\"https:\\\/\\\/www.salzburgerland.com\\\/de\\\/magazin\\\/lady-special-fahrtechnik-camp-fuer-mountainbikerinnen\\\/\"},\"author\":{\"name\":\"Theresa Kaserer\",\"@id\":\"https:\\\/\\\/www.salzburgerland.com\\\/de\\\/magazin\\\/#\\\/schema\\\/person\\\/7795a232ab5dc59478be3a767c60dd12\"},\"headline\":\"Lady Special Fahrtechnik Camp f\u00fcr Mountainbikerinnen\",\"datePublished\":\"2015-07-12T03:20:45+00:00\",\"dateModified\":\"2015-09-23T07:42:36+00:00\",\"mainEntityOfPage\":{\"@id\":\"https:\\\/\\\/www.salzburgerland.com\\\/de\\\/magazin\\\/lady-special-fahrtechnik-camp-fuer-mountainbikerinnen\\\/\"},\"wordCount\":1116,\"commentCount\":0,\"publisher\":{\"@id\":\"https:\\\/\\\/www.salzburgerland.com\\\/de\\\/magazin\\\/#organization\"},\"image\":{\"@id\":\"https:\\\/\\\/www.salzburgerland.com\\\/de\\\/magazin\\\/lady-special-fahrtechnik-camp-fuer-mountainbikerinnen\\\/#primaryimage\"},\"thumbnailUrl\":\"https:\\\/\\\/www.salzburgerland.com\\\/de\\\/magazin\\\/wp-content\\\/uploads\\\/2015\\\/06\\\/IMG_8678.jpg\",\"articleSection\":[\"Outdoor &amp; Sport\"],\"inLanguage\":\"de\",\"potentialAction\":[{\"@type\":\"CommentAction\",\"name\":\"Comment\",\"target\":[\"https:\\\/\\\/www.salzburgerland.com\\\/de\\\/magazin\\\/lady-special-fahrtechnik-camp-fuer-mountainbikerinnen\\\/#respond\"]}]},{\"@type\":\"WebPage\",\"@id\":\"https:\\\/\\\/www.salzburgerland.com\\\/de\\\/magazin\\\/lady-special-fahrtechnik-camp-fuer-mountainbikerinnen\\\/\",\"url\":\"https:\\\/\\\/www.salzburgerland.com\\\/de\\\/magazin\\\/lady-special-fahrtechnik-camp-fuer-mountainbikerinnen\\\/\",\"name\":\"Lady Special Fahrtechnik Camp f\u00fcr Mountainbikerinnen - SalzburgerLand Magazin\",\"isPartOf\":{\"@id\":\"https:\\\/\\\/www.salzburgerland.com\\\/de\\\/magazin\\\/#website\"},\"primaryImageOfPage\":{\"@id\":\"https:\\\/\\\/www.salzburgerland.com\\\/de\\\/magazin\\\/lady-special-fahrtechnik-camp-fuer-mountainbikerinnen\\\/#primaryimage\"},\"image\":{\"@id\":\"https:\\\/\\\/www.salzburgerland.com\\\/de\\\/magazin\\\/lady-special-fahrtechnik-camp-fuer-mountainbikerinnen\\\/#primaryimage\"},\"thumbnailUrl\":\"https:\\\/\\\/www.salzburgerland.com\\\/de\\\/magazin\\\/wp-content\\\/uploads\\\/2015\\\/06\\\/IMG_8678.jpg\",\"datePublished\":\"2015-07-12T03:20:45+00:00\",\"dateModified\":\"2015-09-23T07:42:36+00:00\",\"breadcrumb\":{\"@id\":\"https:\\\/\\\/www.salzburgerland.com\\\/de\\\/magazin\\\/lady-special-fahrtechnik-camp-fuer-mountainbikerinnen\\\/#breadcrumb\"},\"inLanguage\":\"de\",\"potentialAction\":[{\"@type\":\"ReadAction\",\"target\":[\"https:\\\/\\\/www.salzburgerland.com\\\/de\\\/magazin\\\/lady-special-fahrtechnik-camp-fuer-mountainbikerinnen\\\/\"]}]},{\"@type\":\"ImageObject\",\"inLanguage\":\"de\",\"@id\":\"https:\\\/\\\/www.salzburgerland.com\\\/de\\\/magazin\\\/lady-special-fahrtechnik-camp-fuer-mountainbikerinnen\\\/#primaryimage\",\"url\":\"https:\\\/\\\/www.salzburgerland.com\\\/de\\\/magazin\\\/wp-content\\\/uploads\\\/2015\\\/06\\\/IMG_8678.jpg\",\"contentUrl\":\"https:\\\/\\\/www.salzburgerland.com\\\/de\\\/magazin\\\/wp-content\\\/uploads\\\/2015\\\/06\\\/IMG_8678.jpg\",\"width\":1600,\"height\":1200,\"caption\":\"Wir wollen Spa\u00df: Trainer Eno Mendoza macht ein Selfie und ja, das im Hintergrund sind tats\u00e4chlich alles Frauen.\"},{\"@type\":\"BreadcrumbList\",\"@id\":\"https:\\\/\\\/www.salzburgerland.com\\\/de\\\/magazin\\\/lady-special-fahrtechnik-camp-fuer-mountainbikerinnen\\\/#breadcrumb\",\"itemListElement\":[{\"@type\":\"ListItem\",\"position\":1,\"name\":\"Startseite\",\"item\":\"https:\\\/\\\/www.salzburgerland.com\\\/de\\\/magazin\\\/\"},{\"@type\":\"ListItem\",\"position\":2,\"name\":\"Outdoor &amp; Sport\",\"item\":\"https:\\\/\\\/www.salzburgerland.com\\\/de\\\/magazin\\\/thema\\\/outdoor-sport\\\/\"},{\"@type\":\"ListItem\",\"position\":3,\"name\":\"Lady Special Fahrtechnik Camp f\u00fcr Mountainbikerinnen\"}]},{\"@type\":\"WebSite\",\"@id\":\"https:\\\/\\\/www.salzburgerland.com\\\/de\\\/magazin\\\/#website\",\"url\":\"https:\\\/\\\/www.salzburgerland.com\\\/de\\\/magazin\\\/\",\"name\":\"SalzburgerLand Magazin\",\"description\":\"Geschichten und Interessantes aus dem SalzburgerLand\",\"publisher\":{\"@id\":\"https:\\\/\\\/www.salzburgerland.com\\\/de\\\/magazin\\\/#organization\"},\"potentialAction\":[{\"@type\":\"SearchAction\",\"target\":{\"@type\":\"EntryPoint\",\"urlTemplate\":\"https:\\\/\\\/www.salzburgerland.com\\\/de\\\/magazin\\\/?s={search_term_string}\"},\"query-input\":{\"@type\":\"PropertyValueSpecification\",\"valueRequired\":true,\"valueName\":\"search_term_string\"}}],\"inLanguage\":\"de\"},{\"@type\":\"Organization\",\"@id\":\"https:\\\/\\\/www.salzburgerland.com\\\/de\\\/magazin\\\/#organization\",\"name\":\"SalzburgerLand Tourismus\",\"url\":\"https:\\\/\\\/www.salzburgerland.com\\\/de\\\/magazin\\\/\",\"logo\":{\"@type\":\"ImageObject\",\"inLanguage\":\"de\",\"@id\":\"https:\\\/\\\/www.salzburgerland.com\\\/de\\\/magazin\\\/#\\\/schema\\\/logo\\\/image\\\/\",\"url\":\"https:\\\/\\\/www.salzburgerland.com\\\/de\\\/magazin\\\/wp-content\\\/uploads\\\/2019\\\/06\\\/salzburgerland-logo1.jpg\",\"contentUrl\":\"https:\\\/\\\/www.salzburgerland.com\\\/de\\\/magazin\\\/wp-content\\\/uploads\\\/2019\\\/06\\\/salzburgerland-logo1.jpg\",\"width\":2011,\"height\":866,\"caption\":\"SalzburgerLand Tourismus\"},\"image\":{\"@id\":\"https:\\\/\\\/www.salzburgerland.com\\\/de\\\/magazin\\\/#\\\/schema\\\/logo\\\/image\\\/\"},\"sameAs\":[\"https:\\\/\\\/www.facebook.com\\\/salzburgerland\\\/\",\"https:\\\/\\\/x.com\\\/Salzburgerland\",\"https:\\\/\\\/www.instagram.com\\\/salzburgerland\\\/\",\"https:\\\/\\\/at.linkedin.com\\\/company\\\/salzburgerland-tourismus-gmbh\",\"https:\\\/\\\/www.pinterest.at\\\/salzburgerland\\\/\",\"https:\\\/\\\/www.youtube.com\\\/user\\\/salzburgerland\",\"https:\\\/\\\/de.wikipedia.org\\\/wiki\\\/SalzburgerLand_Tourismus_GmbH\"]},{\"@type\":\"Person\",\"@id\":\"https:\\\/\\\/www.salzburgerland.com\\\/de\\\/magazin\\\/#\\\/schema\\\/person\\\/7795a232ab5dc59478be3a767c60dd12\",\"name\":\"Theresa Kaserer\",\"description\":\"Fragen mit Antworten von Theresa Kaserer Dein pers\u00f6nlicher Logenplatz im SalzburgerLand? Da gibt es so viele. Wenn ich laufe, dann am liebsten die Barmstein-Runde im Tennengau wegen der sch\u00f6nen Aussicht auf Hallein hinunter. Mit dem Mountainbike fahre ich gern aufs Oberjoch bei Golling, auch wegen des Traum-Panoramas und weil es bei mir vor der Haust\u00fcre ist. Mit dem Rennrad ist mir die Edelwei\u00dfspitze in der Glocknergruppe besonders in Erinnerung geblieben, aber daf\u00fcr braucht man schon ein wenig Kondition. Als Skitour ein Hammer war der Gro\u00dfvenediger, weil der Tag einfach irrsinnig sch\u00f6n war, das Wetter, das Panorama und die Gesellschaft total gepasst hat. Auch der Hocheiser war ein Traum. Ich kann mich nicht entscheiden. Es muss aber bei mir immer ein eher einsamer Gipfel mit sch\u00f6ner Aussicht sein, da f\u00fchle ich mich am wohlsten. Dosige oder Zuagroaste? Eine Zuagroaste. Eigentlich eine Tirolerin, aus Igls bei Innsbruck, aber auch mit Pinzgauer Wurzeln in Bramberg am Wildkogel. Jetzt lebe ich im Tennengau. Woasch, jo hoi, wenn i \u00fcba die Kufstoana Grenz dr\u00fcbafoahr, nocha red i auf oamol volle b\u00e4rig Tirolerisch oba i ku scho\u00a0freiaso\u00a0gschpezig und go nid letz auf Pinzgauerisch bleamen und sch\u00f6n reden und schreiben kann ich nat\u00fcrlich auch. Morgen- oder Abendmensch? Ich bin ein Abendmensch. Vor 10 Uhr morgens bin ich eher nicht zu gebrauchen. Daf\u00fcr werde ich abends kreativ. Luxushotel oder Almh\u00fctte? Almh\u00fctte!!! Wobei ab und zu ein wenig Luxus, dazu sage ich auch nicht nein. Nur \\\"Schickimicki\\\" muss nicht sein. Ich mag es unkompliziert, gem\u00fctlich und echt. \u00a0 Mozart oder Hubert von Goisern? Wenn es Musik aus Salzburg sein soll, dann sag ich: die Steaming Satellites aus Golling. Ich mag Rockmusik. Aber Hubert von Goisern ist auch okay. Nur mit Klassik kann ich\u00a0 nichts anfangen, sorry, Wolferl! Gummistiefel oder Highheels? Laufschuhe. Notfalls nehme ich die Gummistiefel. Mit Highheels zu gehen ist f\u00fcr mich eine Qual. Ein bis zwei Stunden geht das schon, aber dann landen sie im Eck und ich barfu\u00df auf der Tanzfl\u00e4che. Wellness oder Mountainbike? Beides. Zuerst Mountainbiken und dann gerne in die Sauna. Golfplatz oder Klettergarten? Klettergarten. Ich glaube, Golf ist der einzige Sport, den ich niemals machen werde. Ausstellung oder Bergpanorama? Das ist einfach: Bergpanorama. Fr\u00fchling, Sommer, Herbst oder Winter? Die Mischung macht es aus und da geht es uns in \u00d6sterreich ja richtig gut. Nur Sommer oder Winter w\u00e4re nichts f\u00fcr mich. Ich nutze jede Jahreszeit aus und freue mich dar\u00fcber.\",\"url\":\"https:\\\/\\\/www.salzburgerland.com\\\/de\\\/magazin\\\/author\\\/theresa-kaserer\\\/\"}]}<\/script>\n<!-- \/ Yoast SEO Premium plugin. -->","yoast_head_json":{"title":"Lady Special Fahrtechnik Camp f\u00fcr Mountainbikerinnen - SalzburgerLand Magazin","description":"Am Pool liegen ist nicht Ihr Ding? Sie wollen Spa\u00df und Action und tragen Ihren Minirock stolz zu blauen Flecken. Dann sind Sie hier richtig: Mit dem Fahrrad bergab sausen in Saalbach-Hinterglemm. SAALBACH-HINTERGLEMM. &#8222;Saugeil war&#8217;s!&#8220;, sind wir zehn Neo-Downhillerinnen uns alle einig, nachdem wir auf unseren Mountainbikes die &#8222;Pro Line&#8220; in Hinterglemm hinab gebrettert sind. [&hellip;]","robots":{"index":"index","follow":"follow","max-snippet":"max-snippet:-1","max-image-preview":"max-image-preview:large","max-video-preview":"max-video-preview:-1"},"canonical":"https:\/\/www.salzburgerland.com\/de\/magazin\/lady-special-fahrtechnik-camp-fuer-mountainbikerinnen\/","og_locale":"de_DE","og_type":"article","og_title":"Lady Special Fahrtechnik Camp f\u00fcr Mountainbikerinnen","og_description":"Am Pool liegen ist nicht Ihr Ding? Sie wollen Spa\u00df und Action und tragen Ihren Minirock stolz zu blauen Flecken. Dann sind Sie hier richtig: Mit dem Fahrrad bergab sausen in Saalbach-Hinterglemm. SAALBACH-HINTERGLEMM. &#8222;Saugeil war&#8217;s!&#8220;, sind wir zehn Neo-Downhillerinnen uns alle einig, nachdem wir auf unseren Mountainbikes die &#8222;Pro Line&#8220; in Hinterglemm hinab gebrettert sind. [&hellip;]","og_url":"https:\/\/www.salzburgerland.com\/de\/magazin\/lady-special-fahrtechnik-camp-fuer-mountainbikerinnen\/","og_site_name":"SalzburgerLand Magazin","article_publisher":"https:\/\/www.facebook.com\/salzburgerland\/","article_published_time":"2015-07-12T03:20:45+00:00","article_modified_time":"2015-09-23T07:42:36+00:00","og_image":[{"width":1600,"height":1200,"url":"https:\/\/www.salzburgerland.com\/de\/magazin\/wp-content\/uploads\/2015\/06\/IMG_8678.jpg","type":"image\/jpeg"}],"author":"Theresa Kaserer","twitter_card":"summary_large_image","twitter_creator":"@Salzburgerland","twitter_site":"@Salzburgerland","twitter_misc":{"Verfasst von":"Theresa Kaserer","Gesch\u00e4tzte Lesezeit":"6\u00a0Minuten"},"schema":{"@context":"https:\/\/schema.org","@graph":[{"@type":"Article","@id":"https:\/\/www.salzburgerland.com\/de\/magazin\/lady-special-fahrtechnik-camp-fuer-mountainbikerinnen\/#article","isPartOf":{"@id":"https:\/\/www.salzburgerland.com\/de\/magazin\/lady-special-fahrtechnik-camp-fuer-mountainbikerinnen\/"},"author":{"name":"Theresa Kaserer","@id":"https:\/\/www.salzburgerland.com\/de\/magazin\/#\/schema\/person\/7795a232ab5dc59478be3a767c60dd12"},"headline":"Lady Special Fahrtechnik Camp f\u00fcr Mountainbikerinnen","datePublished":"2015-07-12T03:20:45+00:00","dateModified":"2015-09-23T07:42:36+00:00","mainEntityOfPage":{"@id":"https:\/\/www.salzburgerland.com\/de\/magazin\/lady-special-fahrtechnik-camp-fuer-mountainbikerinnen\/"},"wordCount":1116,"commentCount":0,"publisher":{"@id":"https:\/\/www.salzburgerland.com\/de\/magazin\/#organization"},"image":{"@id":"https:\/\/www.salzburgerland.com\/de\/magazin\/lady-special-fahrtechnik-camp-fuer-mountainbikerinnen\/#primaryimage"},"thumbnailUrl":"https:\/\/www.salzburgerland.com\/de\/magazin\/wp-content\/uploads\/2015\/06\/IMG_8678.jpg","articleSection":["Outdoor &amp; Sport"],"inLanguage":"de","potentialAction":[{"@type":"CommentAction","name":"Comment","target":["https:\/\/www.salzburgerland.com\/de\/magazin\/lady-special-fahrtechnik-camp-fuer-mountainbikerinnen\/#respond"]}]},{"@type":"WebPage","@id":"https:\/\/www.salzburgerland.com\/de\/magazin\/lady-special-fahrtechnik-camp-fuer-mountainbikerinnen\/","url":"https:\/\/www.salzburgerland.com\/de\/magazin\/lady-special-fahrtechnik-camp-fuer-mountainbikerinnen\/","name":"Lady Special Fahrtechnik Camp f\u00fcr Mountainbikerinnen - SalzburgerLand Magazin","isPartOf":{"@id":"https:\/\/www.salzburgerland.com\/de\/magazin\/#website"},"primaryImageOfPage":{"@id":"https:\/\/www.salzburgerland.com\/de\/magazin\/lady-special-fahrtechnik-camp-fuer-mountainbikerinnen\/#primaryimage"},"image":{"@id":"https:\/\/www.salzburgerland.com\/de\/magazin\/lady-special-fahrtechnik-camp-fuer-mountainbikerinnen\/#primaryimage"},"thumbnailUrl":"https:\/\/www.salzburgerland.com\/de\/magazin\/wp-content\/uploads\/2015\/06\/IMG_8678.jpg","datePublished":"2015-07-12T03:20:45+00:00","dateModified":"2015-09-23T07:42:36+00:00","breadcrumb":{"@id":"https:\/\/www.salzburgerland.com\/de\/magazin\/lady-special-fahrtechnik-camp-fuer-mountainbikerinnen\/#breadcrumb"},"inLanguage":"de","potentialAction":[{"@type":"ReadAction","target":["https:\/\/www.salzburgerland.com\/de\/magazin\/lady-special-fahrtechnik-camp-fuer-mountainbikerinnen\/"]}]},{"@type":"ImageObject","inLanguage":"de","@id":"https:\/\/www.salzburgerland.com\/de\/magazin\/lady-special-fahrtechnik-camp-fuer-mountainbikerinnen\/#primaryimage","url":"https:\/\/www.salzburgerland.com\/de\/magazin\/wp-content\/uploads\/2015\/06\/IMG_8678.jpg","contentUrl":"https:\/\/www.salzburgerland.com\/de\/magazin\/wp-content\/uploads\/2015\/06\/IMG_8678.jpg","width":1600,"height":1200,"caption":"Wir wollen Spa\u00df: Trainer Eno Mendoza macht ein Selfie und ja, das im Hintergrund sind tats\u00e4chlich alles Frauen."},{"@type":"BreadcrumbList","@id":"https:\/\/www.salzburgerland.com\/de\/magazin\/lady-special-fahrtechnik-camp-fuer-mountainbikerinnen\/#breadcrumb","itemListElement":[{"@type":"ListItem","position":1,"name":"Startseite","item":"https:\/\/www.salzburgerland.com\/de\/magazin\/"},{"@type":"ListItem","position":2,"name":"Outdoor &amp; Sport","item":"https:\/\/www.salzburgerland.com\/de\/magazin\/thema\/outdoor-sport\/"},{"@type":"ListItem","position":3,"name":"Lady Special Fahrtechnik Camp f\u00fcr Mountainbikerinnen"}]},{"@type":"WebSite","@id":"https:\/\/www.salzburgerland.com\/de\/magazin\/#website","url":"https:\/\/www.salzburgerland.com\/de\/magazin\/","name":"SalzburgerLand Magazin","description":"Geschichten und Interessantes aus dem SalzburgerLand","publisher":{"@id":"https:\/\/www.salzburgerland.com\/de\/magazin\/#organization"},"potentialAction":[{"@type":"SearchAction","target":{"@type":"EntryPoint","urlTemplate":"https:\/\/www.salzburgerland.com\/de\/magazin\/?s={search_term_string}"},"query-input":{"@type":"PropertyValueSpecification","valueRequired":true,"valueName":"search_term_string"}}],"inLanguage":"de"},{"@type":"Organization","@id":"https:\/\/www.salzburgerland.com\/de\/magazin\/#organization","name":"SalzburgerLand Tourismus","url":"https:\/\/www.salzburgerland.com\/de\/magazin\/","logo":{"@type":"ImageObject","inLanguage":"de","@id":"https:\/\/www.salzburgerland.com\/de\/magazin\/#\/schema\/logo\/image\/","url":"https:\/\/www.salzburgerland.com\/de\/magazin\/wp-content\/uploads\/2019\/06\/salzburgerland-logo1.jpg","contentUrl":"https:\/\/www.salzburgerland.com\/de\/magazin\/wp-content\/uploads\/2019\/06\/salzburgerland-logo1.jpg","width":2011,"height":866,"caption":"SalzburgerLand Tourismus"},"image":{"@id":"https:\/\/www.salzburgerland.com\/de\/magazin\/#\/schema\/logo\/image\/"},"sameAs":["https:\/\/www.facebook.com\/salzburgerland\/","https:\/\/x.com\/Salzburgerland","https:\/\/www.instagram.com\/salzburgerland\/","https:\/\/at.linkedin.com\/company\/salzburgerland-tourismus-gmbh","https:\/\/www.pinterest.at\/salzburgerland\/","https:\/\/www.youtube.com\/user\/salzburgerland","https:\/\/de.wikipedia.org\/wiki\/SalzburgerLand_Tourismus_GmbH"]},{"@type":"Person","@id":"https:\/\/www.salzburgerland.com\/de\/magazin\/#\/schema\/person\/7795a232ab5dc59478be3a767c60dd12","name":"Theresa Kaserer","description":"Fragen mit Antworten von Theresa Kaserer Dein pers\u00f6nlicher Logenplatz im SalzburgerLand? Da gibt es so viele. Wenn ich laufe, dann am liebsten die Barmstein-Runde im Tennengau wegen der sch\u00f6nen Aussicht auf Hallein hinunter. Mit dem Mountainbike fahre ich gern aufs Oberjoch bei Golling, auch wegen des Traum-Panoramas und weil es bei mir vor der Haust\u00fcre ist. Mit dem Rennrad ist mir die Edelwei\u00dfspitze in der Glocknergruppe besonders in Erinnerung geblieben, aber daf\u00fcr braucht man schon ein wenig Kondition. Als Skitour ein Hammer war der Gro\u00dfvenediger, weil der Tag einfach irrsinnig sch\u00f6n war, das Wetter, das Panorama und die Gesellschaft total gepasst hat. Auch der Hocheiser war ein Traum. Ich kann mich nicht entscheiden. Es muss aber bei mir immer ein eher einsamer Gipfel mit sch\u00f6ner Aussicht sein, da f\u00fchle ich mich am wohlsten. Dosige oder Zuagroaste? Eine Zuagroaste. Eigentlich eine Tirolerin, aus Igls bei Innsbruck, aber auch mit Pinzgauer Wurzeln in Bramberg am Wildkogel. Jetzt lebe ich im Tennengau. Woasch, jo hoi, wenn i \u00fcba die Kufstoana Grenz dr\u00fcbafoahr, nocha red i auf oamol volle b\u00e4rig Tirolerisch oba i ku scho\u00a0freiaso\u00a0gschpezig und go nid letz auf Pinzgauerisch bleamen und sch\u00f6n reden und schreiben kann ich nat\u00fcrlich auch. Morgen- oder Abendmensch? Ich bin ein Abendmensch. Vor 10 Uhr morgens bin ich eher nicht zu gebrauchen. Daf\u00fcr werde ich abends kreativ. Luxushotel oder Almh\u00fctte? Almh\u00fctte!!! Wobei ab und zu ein wenig Luxus, dazu sage ich auch nicht nein. Nur \"Schickimicki\" muss nicht sein. Ich mag es unkompliziert, gem\u00fctlich und echt. \u00a0 Mozart oder Hubert von Goisern? Wenn es Musik aus Salzburg sein soll, dann sag ich: die Steaming Satellites aus Golling. Ich mag Rockmusik. Aber Hubert von Goisern ist auch okay. Nur mit Klassik kann ich\u00a0 nichts anfangen, sorry, Wolferl! Gummistiefel oder Highheels? Laufschuhe. Notfalls nehme ich die Gummistiefel. Mit Highheels zu gehen ist f\u00fcr mich eine Qual. Ein bis zwei Stunden geht das schon, aber dann landen sie im Eck und ich barfu\u00df auf der Tanzfl\u00e4che. Wellness oder Mountainbike? Beides. Zuerst Mountainbiken und dann gerne in die Sauna. Golfplatz oder Klettergarten? Klettergarten. Ich glaube, Golf ist der einzige Sport, den ich niemals machen werde. Ausstellung oder Bergpanorama? Das ist einfach: Bergpanorama. Fr\u00fchling, Sommer, Herbst oder Winter? Die Mischung macht es aus und da geht es uns in \u00d6sterreich ja richtig gut. Nur Sommer oder Winter w\u00e4re nichts f\u00fcr mich. Ich nutze jede Jahreszeit aus und freue mich dar\u00fcber.","url":"https:\/\/www.salzburgerland.com\/de\/magazin\/author\/theresa-kaserer\/"}]}},"_wl_alt_label":[],"wl:entity_url":"http:\/\/open.salzburgerland.com\/magazin\/post\/lady_special_fahrtechnik_camp_fuer_mountainbikerinnen","_links":{"self":[{"href":"https:\/\/www.salzburgerland.com\/de\/magazin\/wp-json\/wp\/v2\/posts\/99570","targetHints":{"allow":["GET"]}}],"collection":[{"href":"https:\/\/www.salzburgerland.com\/de\/magazin\/wp-json\/wp\/v2\/posts"}],"about":[{"href":"https:\/\/www.salzburgerland.com\/de\/magazin\/wp-json\/wp\/v2\/types\/post"}],"author":[{"embeddable":true,"href":"https:\/\/www.salzburgerland.com\/de\/magazin\/wp-json\/wp\/v2\/users\/520"}],"replies":[{"embeddable":true,"href":"https:\/\/www.salzburgerland.com\/de\/magazin\/wp-json\/wp\/v2\/comments?post=99570"}],"version-history":[{"count":0,"href":"https:\/\/www.salzburgerland.com\/de\/magazin\/wp-json\/wp\/v2\/posts\/99570\/revisions"}],"wp:featuredmedia":[{"embeddable":true,"href":"https:\/\/www.salzburgerland.com\/de\/magazin\/wp-json\/wp\/v2\/media\/99571"}],"wp:attachment":[{"href":"https:\/\/www.salzburgerland.com\/de\/magazin\/wp-json\/wp\/v2\/media?parent=99570"}],"wp:term":[{"taxonomy":"category","embeddable":true,"href":"https:\/\/www.salzburgerland.com\/de\/magazin\/wp-json\/wp\/v2\/categories?post=99570"},{"taxonomy":"post_tag","embeddable":true,"href":"https:\/\/www.salzburgerland.com\/de\/magazin\/wp-json\/wp\/v2\/tags?post=99570"},{"taxonomy":"wl_entity_type","embeddable":true,"href":"https:\/\/www.salzburgerland.com\/de\/magazin\/wp-json\/wp\/v2\/wl_entity_type?post=99570"},{"taxonomy":"monatsauswahl","embeddable":true,"href":"https:\/\/www.salzburgerland.com\/de\/magazin\/wp-json\/wp\/v2\/monatsauswahl?post=99570"}],"curies":[{"name":"wp","href":"https:\/\/api.w.org\/{rel}","templated":true}]}}