{"id":99307,"date":"2015-06-16T09:00:54","date_gmt":"2015-06-16T07:00:54","guid":{"rendered":"http:\/\/magazin.salzburgerland.com\/?p=99307"},"modified":"2023-12-04T09:29:50","modified_gmt":"2023-12-04T08:29:50","slug":"die-kunst-des-bronzegiessens","status":"publish","type":"post","link":"https:\/\/www.salzburgerland.com\/de\/magazin\/die-kunst-des-bronzegiessens\/","title":{"rendered":"Die Kunst des Bronzegie\u00dfens"},"content":{"rendered":"\n<h2 class=\"wp-block-slt-subtitle\">Zu Besuch im Atelier Gruber am D\u00fcrrnberg<\/h2>\n\n\n\n<p class=\"wp-block-slt-intro\">Figuren aus Bronze, Gips- und Wachsmodelle zieren die helle Werkstatt der Br\u00fcder Manuel und Tobias Gruber im <a href=\"https:\/\/www.ateliergruber.at\" target=\"_blank\" rel=\"noreferrer noopener\">Atelier Gruber<\/a> auf dem D\u00fcrrnberg bei Hallein. Die beiden K\u00fcnstler sind von der Kunst der Kelten fasziniert und gie\u00dfen Bronze nach uralter Tradition. In Kursen geben sie ihre Kunst weiter und ermutigen die Teilnehmer*innen ihre Kreativit\u00e4t auszuleben. Seit kurzem auch in Silberguss-Kursen. <\/p>\n\n\n\n<p>&#8222;Was m\u00f6chtest du machen?&#8220;, fragt Tobias Gruber bei meinem Besuch. Verdutzt schaue ich. Was ich? Ich wollte zusehen, fotografieren und mitschreiben wie die K\u00fcnstler aus einer Idee im Kopf ein silbernes Schmuckst\u00fcck, eine Skulptur oder etwas ganz anderes formen. &#8222;Am besten lernen wir durch das Selbermachen\u201d, sagt Tobias Gruber schmunzelnd. Ich \u00fcberlege kurz und entscheide mich f\u00fcr ein Blatt vom Ginkgobaum aus Silber. &#8222;Zuerst zeichnest du das Blatt wie du es haben m\u00f6chtest&#8220;, sagt Tobias unerbittlich. Wieder ein ratloser Blick. &#8222;Im Internet findest du sicher ein Blatt, das du nachzeichnen kannst&#8220;, sagt er und grinst. Gleich nach der Eingabe des Suchbegriffes erscheinen viele Bl\u00e4tter. Am Anfang stellen die Proportionen eine Herausforderung f\u00fcr mich dar. Da kommt sein Bruder Manuel vorbei und hilft mir. Schlie\u00dflich ist das Blatt zufriedenstellend fertig. <\/p>\n\n\n\n<p>&#8222;Nun schneidest du das Blatt aus und streichst f\u00fcr die Form Gips dar\u00fcber&#8220;, gibt Tobias die weitere Anleitung. Der K\u00fcnstler hat inzwischen eine fl\u00fcssige Gipsmasse anger\u00fchrt und gibt sie mir. Das Blatt habe ich auf eine Platte gelegt und streiche Gips dar\u00fcber. &#8222;Es ist viel zu d\u00fcnn. Damit es beim Gie\u00dfen nicht bricht, muss es dicker werden&#8220;, sagt Tobias. <\/p>\n\n\n\n<h2 class=\"wp-block-heading\" id=\"h-vom-entwurf-zum-schmuckstuck\">Vom Entwurf zum Schmuckst\u00fcck<\/h2>\n\n\n\n<p>Manuel und Tobias Gruber gie\u00dfen seit 2011 in ihrer eigenen Bronzeguss Werkstatt in Bad D\u00fcrrnberg aus Bronze Skulpturen. Au\u00dferdem geben sie ihr Wissen in Bronzeguss Workshops, in Silberschmuck Kursen weiter und vermitteln Holzschnitzen mit Farbe \u2013 von Naturformen zu abstrahierten Objekten.&nbsp;<\/p>\n\n\n<div class=\"wp-block-image\">\n<figure class=\"aligncenter size-full is-resized\"><img loading=\"lazy\" decoding=\"async\" width=\"2560\" height=\"1920\" src=\"https:\/\/www.salzburgerland.com\/de\/magazin\/wp-content\/uploads\/2023\/11\/IMG_3321-1-scaled.jpeg\" alt=\"Skulpturen, Modelle und Gipsabdr\u00fccke warten in der Werkstatt auf die Weiterverarbeitung.\" class=\"wp-image-174423\" style=\"width:735px;height:auto\" srcset=\"https:\/\/www.salzburgerland.com\/de\/magazin\/wp-content\/uploads\/2023\/11\/IMG_3321-1-scaled.jpeg 2560w, https:\/\/www.salzburgerland.com\/de\/magazin\/wp-content\/uploads\/2023\/11\/IMG_3321-1-300x225.jpeg 300w, https:\/\/www.salzburgerland.com\/de\/magazin\/wp-content\/uploads\/2023\/11\/IMG_3321-1-1536x1152.jpeg 1536w, https:\/\/www.salzburgerland.com\/de\/magazin\/wp-content\/uploads\/2023\/11\/IMG_3321-1-2048x1536.jpeg 2048w, https:\/\/www.salzburgerland.com\/de\/magazin\/wp-content\/uploads\/2023\/11\/IMG_3321-1-733x550.jpeg 733w, https:\/\/www.salzburgerland.com\/de\/magazin\/wp-content\/uploads\/2023\/11\/IMG_3321-1-140x105.jpeg 140w, https:\/\/www.salzburgerland.com\/de\/magazin\/wp-content\/uploads\/2023\/11\/IMG_3321-1-533x400.jpeg 533w, https:\/\/www.salzburgerland.com\/de\/magazin\/wp-content\/uploads\/2023\/11\/IMG_3321-1-960x720.jpeg 960w, https:\/\/www.salzburgerland.com\/de\/magazin\/wp-content\/uploads\/2023\/11\/IMG_3321-1-1320x990.jpeg 1320w, https:\/\/www.salzburgerland.com\/de\/magazin\/wp-content\/uploads\/2023\/11\/IMG_3321-1-1200x900.jpeg 1200w, https:\/\/www.salzburgerland.com\/de\/magazin\/wp-content\/uploads\/2023\/11\/IMG_3321-1-150x113.jpeg 150w\" sizes=\"auto, (max-width: 2560px) 100vw, 2560px\" \/><\/figure><\/div>\n\n\n<p>Kreativit\u00e4t und handwerkliches Geschick wurde den Br\u00fcdern in die Wiege gelegt. Denn auch Vater Wilfried ist Bildhauer. So werkten die beiden schon als Kinder mit Holz, Stein und anderen Materialien. Bronze fasziniert sie schon ein Leben lang. Die Familie lebt am D\u00fcrrnberg und so kamen die Buben bald mit der Kunst der Kelten in Ber\u00fchrung. Manuel erlernte das Handwerk der Bildhauerei in der Fachschule in der HTL Hallein. 2003 gr\u00fcndete er bereits sein Atelier am D\u00fcrrnberg, die erste Ausstellung in Hallein folgte. Tobias ist gelernter Tischler und seit 2007 freischaffender K\u00fcnstler. <\/p>\n\n\n\n<h2 class=\"wp-block-heading\" id=\"h-lebenstraum-in-der-eigenen-werkstatte-erfullt\">Lebenstraum in der eigenen Werkst\u00e4tte erf\u00fcllt<\/h2>\n\n\n\n<p>Mit ihren Atelier haben sich die Br\u00fcder ihren Lebenstraum erf\u00fcllt. Ihre T\u00e4tigkeit ist abwechslungsreich, weil sie selbst handwerklich kreativ arbeiten, ihre Werke in Ausstellungen pr\u00e4sentieren und ihr Wissen in Kursen weitergeben. Ich widme mich wieder meinem Werk und ziehe in den Gipsabdruck mit einem kleinen Fr\u00e4ser feine und etwas dickere Rillen. Endlich ist es fertig und Tobias nickt. &#8222;Wenn es dir gef\u00e4llt, machen wir einen Abdruck in ein Sand-\u00d6lgemisch&#8220;, sagt Tobias. <\/p>\n\n\n\n<figure class=\"wp-block-image aligncenter size-full is-resized\"><img loading=\"lazy\" decoding=\"async\" width=\"2560\" height=\"1920\" src=\"https:\/\/www.salzburgerland.com\/de\/magazin\/wp-content\/uploads\/2023\/11\/image00019-scaled.jpeg\" alt=\"Gipsabdruck mit positiver und negativer From.\n\" class=\"wp-image-174419\" style=\"width:465px;height:auto\" srcset=\"https:\/\/www.salzburgerland.com\/de\/magazin\/wp-content\/uploads\/2023\/11\/image00019-scaled.jpeg 2560w, https:\/\/www.salzburgerland.com\/de\/magazin\/wp-content\/uploads\/2023\/11\/image00019-300x225.jpeg 300w, https:\/\/www.salzburgerland.com\/de\/magazin\/wp-content\/uploads\/2023\/11\/image00019-1536x1152.jpeg 1536w, https:\/\/www.salzburgerland.com\/de\/magazin\/wp-content\/uploads\/2023\/11\/image00019-2048x1536.jpeg 2048w, https:\/\/www.salzburgerland.com\/de\/magazin\/wp-content\/uploads\/2023\/11\/image00019-733x550.jpeg 733w, https:\/\/www.salzburgerland.com\/de\/magazin\/wp-content\/uploads\/2023\/11\/image00019-140x105.jpeg 140w, https:\/\/www.salzburgerland.com\/de\/magazin\/wp-content\/uploads\/2023\/11\/image00019-533x400.jpeg 533w, https:\/\/www.salzburgerland.com\/de\/magazin\/wp-content\/uploads\/2023\/11\/image00019-960x720.jpeg 960w, https:\/\/www.salzburgerland.com\/de\/magazin\/wp-content\/uploads\/2023\/11\/image00019-1320x990.jpeg 1320w, https:\/\/www.salzburgerland.com\/de\/magazin\/wp-content\/uploads\/2023\/11\/image00019-1200x900.jpeg 1200w, https:\/\/www.salzburgerland.com\/de\/magazin\/wp-content\/uploads\/2023\/11\/image00019-150x113.jpeg 150w\" sizes=\"auto, (max-width: 2560px) 100vw, 2560px\" \/><\/figure>\n\n\n\n<p><\/p>\n\n\n\n<p>Sobald der Gipsabdruck fertig ist, wird f\u00fcr das Gie\u00dfen eine trichterf\u00f6rmige \u00d6ffnung gemacht. Bei einer Temperatur von gut 1000 Grad Celsius schmilzt das Silber. Mit einer speziellen Zange nehme ich den gl\u00fchenden Beh\u00e4lter aus dem Ofen und gie\u00dfe mit Schwung in die Form. Sobald das Ginkgoblatt abgek\u00fchlt  ist, bekommt es eine Bohrung und wird poliert. Allerdings sieht es nicht wie ein Ginkgoblatt aus. Eher wie eine Muschel oder ein Teil einer Bl\u00fcte. Meiner Fantasie sind keine Grenzen gesetzt. <\/p>\n\n\n\n<p>Zum Abschluss bekommt es ein Lederband und mein neuer silberner Anh\u00e4nger ist fertig. Es gibt keinen Sch\u00f6neren&#8220;, freue ich mich.<\/p>\n\n\n\n<h2 class=\"wp-block-heading\" id=\"h-bronzeguss-hat-lange-tradition\">Bronzeguss hat lange Tradition<\/h2>\n\n\n\n<p>Das KunstGussAtelier befindet sich in der N\u00e4he des <a href=\"http:\/\/www.kurhotel-stjosef.at\/home.html\" target=\"_blank\" rel=\"noopener\">Kurhauses St. Josef auf dem D\u00fcrrnberg<\/a>. Bereits der Garten ist ein Kunstwerk. &#8222;Unsere Schwester gestaltet ihn&#8220;, freuen sich die Br\u00fcder. Angereichert ist dieses \u00fcppige Gr\u00fcn mit Bronzeskulpturen wie etwa einem eng umschlungenen Liebespaar. Gleich hinter dem Atelier befindet sich der Bronzegussofen. Hier werden die Skulpturen bei 1.100 Grad Celsius gegossen.<\/p>\n\n\n\n<p>Der Bronzeguss hat \u00fcbrigens eine lange Tradition. Im vierten vorchristlichen Jahrtausend haben Menschen bereits begonnen, Kupfer zu schmelzen und zu gie\u00dfen. Ab etwa 2.500 v. Chr. taucht Zinn-Bronze regelm\u00e4\u00dfig in der so genannten Bronzezeit in Mitteleuropa auf. &#8222;Der Bronzeguss fasziniert uns deswegen so, weil er sehr archaisch ist. Au\u00dferdem gossen bereits die <a href=\"http:\/\/www.keltenmuseum.at\/\" target=\"_blank\" rel=\"noopener\">Kelten vor 2.500 Jahren ihre Figuren und Schmuckst\u00fccke auf dem D\u00fcrrnberg<\/a> nach dieser Methode&#8220;, sagen die K\u00fcnstler.<\/p>\n\n\n<div class=\"mag-gallery\"><div class=\"row\"><div class=\"col-6 col-sm-4\"><figure><a class=\"thumb-container\" href=\"https:\/\/www.salzburgerland.com\/de\/magazin\/wp-content\/uploads\/2023\/12\/atelier-a-edited-1280x1024.jpg\">\t<picture><source media=\"(min-width: 576px)\" srcset=\"https:\/\/www.salzburgerland.com\/de\/magazin\/wp-content\/uploads\/2023\/12\/atelier-a-edited-418x650.jpg 418w, https:\/\/www.salzburgerland.com\/de\/magazin\/wp-content\/uploads\/2023\/12\/atelier-a-edited-209x325.jpg 209w\"><\/source><source media=\"(min-width: 0)\" srcset=\"https:\/\/www.salzburgerland.com\/de\/magazin\/wp-content\/uploads\/2023\/12\/atelier-a-edited-209x325.jpg 209w, https:\/\/www.salzburgerland.com\/de\/magazin\/wp-content\/uploads\/2023\/12\/atelier-a-edited-418x650.jpg 418w\"><\/source><img decoding=\"async\" alt=\"Ein Mann in Freizeitkleidung steht neben einer verwitterten Skulptur, die zwei Menschen zeigt, die sich im Freien umarmen.\" src=\"https:\/\/www.salzburgerland.com\/de\/magazin\/wp-content\/uploads\/2023\/12\/atelier-a-edited.jpg\">\t<\/picture><figcaption>Manuel Gruber im Garten<\/figcaption><\/a><\/figure><\/div><div class=\"col-6 col-sm-4\"><figure><a class=\"thumb-container\" href=\"https:\/\/www.salzburgerland.com\/de\/magazin\/wp-content\/uploads\/2023\/12\/atelier-i-edited-1280x1024.jpg\">\t<picture><source media=\"(min-width: 576px)\" srcset=\"https:\/\/www.salzburgerland.com\/de\/magazin\/wp-content\/uploads\/2023\/12\/atelier-i-edited-418x650.jpg 418w, https:\/\/www.salzburgerland.com\/de\/magazin\/wp-content\/uploads\/2023\/12\/atelier-i-edited-209x325.jpg 209w\"><\/source><source media=\"(min-width: 0)\" srcset=\"https:\/\/www.salzburgerland.com\/de\/magazin\/wp-content\/uploads\/2023\/12\/atelier-i-edited-209x325.jpg 209w, https:\/\/www.salzburgerland.com\/de\/magazin\/wp-content\/uploads\/2023\/12\/atelier-i-edited-418x650.jpg 418w\"><\/source><img decoding=\"async\" alt=\"Ein sonnenbeschienenes K&uuml;nstleratelier mit Skulpturen, einer gro&szlig;en Form auf einem Tisch und gelben W&auml;nden.\" src=\"https:\/\/www.salzburgerland.com\/de\/magazin\/wp-content\/uploads\/2023\/12\/atelier-i-edited.jpg\">\t<\/picture><figcaption>Das Atelier<\/figcaption><\/a><\/figure><\/div><div class=\"col-6 col-sm-4\"><figure><a class=\"thumb-container\" href=\"https:\/\/www.salzburgerland.com\/de\/magazin\/wp-content\/uploads\/2023\/12\/atelier-j-edited-1280x1024.jpg\">\t<picture><source media=\"(min-width: 576px)\" srcset=\"https:\/\/www.salzburgerland.com\/de\/magazin\/wp-content\/uploads\/2023\/12\/atelier-j-edited-418x650.jpg 418w, https:\/\/www.salzburgerland.com\/de\/magazin\/wp-content\/uploads\/2023\/12\/atelier-j-edited-209x325.jpg 209w\"><\/source><source media=\"(min-width: 0)\" srcset=\"https:\/\/www.salzburgerland.com\/de\/magazin\/wp-content\/uploads\/2023\/12\/atelier-j-edited-209x325.jpg 209w, https:\/\/www.salzburgerland.com\/de\/magazin\/wp-content\/uploads\/2023\/12\/atelier-j-edited-418x650.jpg 418w\"><\/source><img decoding=\"async\" alt=\"Zwei l&auml;chelnde M&auml;nner halten gro&szlig;e, gespaltene Gipsabdr&uuml;cke in einem Kunstatelier mit gelben W&auml;nden und blauen Fensterrahmen.\" src=\"https:\/\/www.salzburgerland.com\/de\/magazin\/wp-content\/uploads\/2023\/12\/atelier-j-edited.jpg\">\t<\/picture><figcaption>Manuel und Tobias Gruber<\/figcaption><\/a><\/figure><\/div><div class=\"col-6 col-sm-4\"><figure><a class=\"thumb-container\" href=\"https:\/\/www.salzburgerland.com\/de\/magazin\/wp-content\/uploads\/2023\/12\/Bronzeguss-Foto1-edited-1280x1024.jpg\">\t<picture><source media=\"(min-width: 576px)\" srcset=\"https:\/\/www.salzburgerland.com\/de\/magazin\/wp-content\/uploads\/2023\/12\/Bronzeguss-Foto1-edited-418x650.jpg 418w, https:\/\/www.salzburgerland.com\/de\/magazin\/wp-content\/uploads\/2023\/12\/Bronzeguss-Foto1-edited-209x325.jpg 209w\"><\/source><source media=\"(min-width: 0)\" srcset=\"https:\/\/www.salzburgerland.com\/de\/magazin\/wp-content\/uploads\/2023\/12\/Bronzeguss-Foto1-edited-209x325.jpg 209w, https:\/\/www.salzburgerland.com\/de\/magazin\/wp-content\/uploads\/2023\/12\/Bronzeguss-Foto1-edited-418x650.jpg 418w\"><\/source><img decoding=\"async\" alt=\"Zwei M&auml;nner in Schutzkleidung arbeiten mit geschmolzenem Metall, wobei Funken aus einem Schmelztiegel in einer industriellen Umgebung fliegen.\" src=\"https:\/\/www.salzburgerland.com\/de\/magazin\/wp-content\/uploads\/2023\/12\/Bronzeguss-Foto1-edited.jpg\">\t<\/picture><figcaption>Beim Bronze gie&szlig;en &#8230; <\/figcaption><\/a><\/figure><\/div><div class=\"col-6 col-sm-4\"><figure><a class=\"thumb-container\" href=\"https:\/\/www.salzburgerland.com\/de\/magazin\/wp-content\/uploads\/2023\/12\/Bronzeguss-Foto2-edited-1280x1024.jpg\">\t<picture><source media=\"(min-width: 576px)\" srcset=\"https:\/\/www.salzburgerland.com\/de\/magazin\/wp-content\/uploads\/2023\/12\/Bronzeguss-Foto2-edited-418x650.jpg 418w, https:\/\/www.salzburgerland.com\/de\/magazin\/wp-content\/uploads\/2023\/12\/Bronzeguss-Foto2-edited-209x325.jpg 209w\"><\/source><source media=\"(min-width: 0)\" srcset=\"https:\/\/www.salzburgerland.com\/de\/magazin\/wp-content\/uploads\/2023\/12\/Bronzeguss-Foto2-edited-209x325.jpg 209w, https:\/\/www.salzburgerland.com\/de\/magazin\/wp-content\/uploads\/2023\/12\/Bronzeguss-Foto2-edited-418x650.jpg 418w\"><\/source><img decoding=\"async\" alt=\"Geschmolzenes Metall wird in eine Form gegossen, aus der gr&uuml;nliche Flammen aufsteigen.\" src=\"https:\/\/www.salzburgerland.com\/de\/magazin\/wp-content\/uploads\/2023\/12\/Bronzeguss-Foto2-edited.jpg\">\t<\/picture><figcaption>Bronzegu&szlig;<\/figcaption><\/a><\/figure><\/div><div class=\"col-6 col-sm-4\"><figure><a class=\"thumb-container\" href=\"https:\/\/www.salzburgerland.com\/de\/magazin\/wp-content\/uploads\/2023\/12\/Bronzeguss-Foto3-edited-1280x1024.jpg\">\t<picture><source media=\"(min-width: 576px)\" srcset=\"https:\/\/www.salzburgerland.com\/de\/magazin\/wp-content\/uploads\/2023\/12\/Bronzeguss-Foto3-edited-418x650.jpg 418w, https:\/\/www.salzburgerland.com\/de\/magazin\/wp-content\/uploads\/2023\/12\/Bronzeguss-Foto3-edited-209x325.jpg 209w\"><\/source><source media=\"(min-width: 0)\" srcset=\"https:\/\/www.salzburgerland.com\/de\/magazin\/wp-content\/uploads\/2023\/12\/Bronzeguss-Foto3-edited-209x325.jpg 209w, https:\/\/www.salzburgerland.com\/de\/magazin\/wp-content\/uploads\/2023\/12\/Bronzeguss-Foto3-edited-418x650.jpg 418w\"><\/source><img decoding=\"async\" alt=\"Geschmolzenes Metall wird in eine Form gegossen, wobei helle Funken auf den Boden fliegen.\" src=\"https:\/\/www.salzburgerland.com\/de\/magazin\/wp-content\/uploads\/2023\/12\/Bronzeguss-Foto3-edited.jpg\">\t<\/picture><figcaption>Hei&szlig;e Arbeit<\/figcaption><\/a><\/figure><\/div><div class=\"col-6 col-sm-4\"><figure><a class=\"thumb-container\" href=\"https:\/\/www.salzburgerland.com\/de\/magazin\/wp-content\/uploads\/2023\/12\/Bronzeguss-Foto5-edited-1280x1024.jpg\">\t<picture><source media=\"(min-width: 576px)\" srcset=\"https:\/\/www.salzburgerland.com\/de\/magazin\/wp-content\/uploads\/2023\/12\/Bronzeguss-Foto5-edited-418x650.jpg 418w, https:\/\/www.salzburgerland.com\/de\/magazin\/wp-content\/uploads\/2023\/12\/Bronzeguss-Foto5-edited-209x325.jpg 209w\"><\/source><source media=\"(min-width: 0)\" srcset=\"https:\/\/www.salzburgerland.com\/de\/magazin\/wp-content\/uploads\/2023\/12\/Bronzeguss-Foto5-edited-209x325.jpg 209w, https:\/\/www.salzburgerland.com\/de\/magazin\/wp-content\/uploads\/2023\/12\/Bronzeguss-Foto5-edited-418x650.jpg 418w\"><\/source><img decoding=\"async\" alt=\"Arbeiter in Schutzanz&uuml;gen stehen in der N&auml;he eines gl&uuml;henden Tiegels mit geschmolzenem Metall in einer Industrieanlage.\" src=\"https:\/\/www.salzburgerland.com\/de\/magazin\/wp-content\/uploads\/2023\/12\/Bronzeguss-Foto5-edited.jpg\">\t<\/picture><figcaption>Kunstwerke entstehen<\/figcaption><\/a><\/figure><\/div><div class=\"col-6 col-sm-4\"><figure><a class=\"thumb-container\" href=\"https:\/\/www.salzburgerland.com\/de\/magazin\/wp-content\/uploads\/2023\/12\/atelier-h-edited-1280x1024.jpg\">\t<picture><source media=\"(min-width: 576px)\" srcset=\"https:\/\/www.salzburgerland.com\/de\/magazin\/wp-content\/uploads\/2023\/12\/atelier-h-edited-418x650.jpg 418w, https:\/\/www.salzburgerland.com\/de\/magazin\/wp-content\/uploads\/2023\/12\/atelier-h-edited-209x325.jpg 209w\"><\/source><source media=\"(min-width: 0)\" srcset=\"https:\/\/www.salzburgerland.com\/de\/magazin\/wp-content\/uploads\/2023\/12\/atelier-h-edited-209x325.jpg 209w, https:\/\/www.salzburgerland.com\/de\/magazin\/wp-content\/uploads\/2023\/12\/atelier-h-edited-418x650.jpg 418w\"><\/source><img decoding=\"async\" alt=\"B&uuml;stenskulpturen und kleine Figuren werden in einem Innenraum in der N&auml;he eines Fensters ausgestellt, durch das nat&uuml;rliches Licht einf&auml;llt.\" src=\"https:\/\/www.salzburgerland.com\/de\/magazin\/wp-content\/uploads\/2023\/12\/atelier-h-edited.jpg\">\t<\/picture><figcaption>Skulpturen<\/figcaption><\/a><\/figure><\/div><div class=\"col-6 col-sm-4\"><figure><a class=\"thumb-container\" href=\"https:\/\/www.salzburgerland.com\/de\/magazin\/wp-content\/uploads\/2023\/12\/atelierk-edited-1280x1024.jpg\">\t<picture><source media=\"(min-width: 576px)\" srcset=\"https:\/\/www.salzburgerland.com\/de\/magazin\/wp-content\/uploads\/2023\/12\/atelierk-edited-418x650.jpg 418w, https:\/\/www.salzburgerland.com\/de\/magazin\/wp-content\/uploads\/2023\/12\/atelierk-edited-209x325.jpg 209w\"><\/source><source media=\"(min-width: 0)\" srcset=\"https:\/\/www.salzburgerland.com\/de\/magazin\/wp-content\/uploads\/2023\/12\/atelierk-edited-209x325.jpg 209w, https:\/\/www.salzburgerland.com\/de\/magazin\/wp-content\/uploads\/2023\/12\/atelierk-edited-418x650.jpg 418w\"><\/source><img decoding=\"async\" alt=\"Gr&uuml;nliche Bronzeskulptur eines nach oben blickenden Kopfes und Halses einer Person vor einem Hintergrund aus Wellglas.\" src=\"https:\/\/www.salzburgerland.com\/de\/magazin\/wp-content\/uploads\/2023\/12\/atelierk-edited.jpg\">\t<\/picture><figcaption>B&uuml;ste<\/figcaption><\/a><\/figure><\/div><\/div><figcaption><\/figcaption><\/div>\n","protected":false},"excerpt":{"rendered":"<p>&#8222;Was m\u00f6chtest du machen?&#8220;, fragt Tobias Gruber bei meinem Besuch. Verdutzt schaue ich. Was ich? Ich wollte zusehen, fotografieren und mitschreiben wie die K\u00fcnstler aus einer Idee im Kopf ein silbernes Schmuckst\u00fcck, eine Skulptur oder etwas ganz anderes formen. &#8222;Am besten lernen wir durch das Selbermachen\u201d, sagt Tobias Gruber schmunzelnd. Ich \u00fcberlege kurz und entscheide [&hellip;]<\/p>\n","protected":false},"author":236,"featured_media":99312,"comment_status":"open","ping_status":"open","sticky":false,"template":"","format":"standard","meta":{"_acf_changed":false,"wl_entities_gutenberg":"","_wl_entity_redirect_enabled":"","footnotes":""},"categories":[6],"tags":[],"wl_entity_type":[306],"monatsauswahl":[82,83,84,85,86,87,88,89,90,91,92,93],"class_list":["post-99307","post","type-post","status-publish","format-standard","has-post-thumbnail","hentry","category-kunst-kultur","wl_entity_type-article","monatsauswahl-monat_1","monatsauswahl-monat_2","monatsauswahl-monat_3","monatsauswahl-monat_4","monatsauswahl-monat_5","monatsauswahl-monat_6","monatsauswahl-monat_7","monatsauswahl-monat_8","monatsauswahl-monat_9","monatsauswahl-monat_10","monatsauswahl-monat_11","monatsauswahl-monat_12"],"acf":[],"yoast_head":"<!-- This site is optimized with the Yoast SEO Premium plugin v27.4 (Yoast SEO v27.4) - https:\/\/yoast.com\/product\/yoast-seo-premium-wordpress\/ -->\n<title>Die Kunst des Bronzegie\u00dfens - SalzburgerLand Magazin<\/title>\n<meta name=\"description\" content=\"Figuren aus Bronze, Gips- und Wachsmodelle zieren die helle Werkstatt der Br\u00fcder Manuel und Tobias Gruber im Atelier Gruber auf dem D\u00fcrrnberg bei Hallein. Die beiden K\u00fcnstler sind von der Kunst der Kelten fasziniert und gie\u00dfen Bronze nach uralter Tradition. In Kursen geben sie ihre Kunst weiter und ermutigen die Teilnehmer*innen ihre Kreativit\u00e4t auszuleben. Seit kurzem auch in Silberguss-Kursen.\" \/>\n<meta name=\"robots\" content=\"index, follow, max-snippet:-1, max-image-preview:large, max-video-preview:-1\" \/>\n<link rel=\"canonical\" href=\"https:\/\/www.salzburgerland.com\/de\/magazin\/die-kunst-des-bronzegiessens\/\" \/>\n<meta property=\"og:locale\" content=\"de_DE\" \/>\n<meta property=\"og:type\" content=\"article\" \/>\n<meta property=\"og:title\" content=\"Die Kunst des Bronzegie\u00dfens\" \/>\n<meta property=\"og:description\" content=\"&#8222;Was m\u00f6chtest du machen?&#8220;, fragt Tobias Gruber bei meinem Besuch. Verdutzt schaue ich. Was ich? Ich wollte zusehen, fotografieren und mitschreiben wie die K\u00fcnstler aus einer Idee im Kopf ein silbernes Schmuckst\u00fcck, eine Skulptur oder etwas ganz anderes formen. &#8222;Am besten lernen wir durch das Selbermachen\u201d, sagt Tobias Gruber schmunzelnd. Ich \u00fcberlege kurz und entscheide [&hellip;]\" \/>\n<meta property=\"og:url\" content=\"https:\/\/www.salzburgerland.com\/de\/magazin\/die-kunst-des-bronzegiessens\/\" \/>\n<meta property=\"og:site_name\" content=\"SalzburgerLand Magazin\" \/>\n<meta property=\"article:publisher\" content=\"https:\/\/www.facebook.com\/salzburgerland\/\" \/>\n<meta property=\"article:published_time\" content=\"2015-06-16T07:00:54+00:00\" \/>\n<meta property=\"article:modified_time\" content=\"2023-12-04T08:29:50+00:00\" \/>\n<meta property=\"og:image\" content=\"https:\/\/www.salzburgerland.com\/de\/magazin\/wp-content\/uploads\/2015\/06\/atelier-e.jpg\" \/>\n\t<meta property=\"og:image:width\" content=\"1148\" \/>\n\t<meta property=\"og:image:height\" content=\"760\" \/>\n\t<meta property=\"og:image:type\" content=\"image\/jpeg\" \/>\n<meta name=\"author\" content=\"Christine Fr\u00f6schl\" \/>\n<meta name=\"twitter:card\" content=\"summary_large_image\" \/>\n<meta name=\"twitter:creator\" content=\"@Salzburgerland\" \/>\n<meta name=\"twitter:site\" content=\"@Salzburgerland\" \/>\n<meta name=\"twitter:label1\" content=\"Verfasst von\" \/>\n\t<meta name=\"twitter:data1\" content=\"Christine Fr\u00f6schl\" \/>\n\t<meta name=\"twitter:label2\" content=\"Gesch\u00e4tzte Lesezeit\" \/>\n\t<meta name=\"twitter:data2\" content=\"7\u00a0Minuten\" \/>\n<script type=\"application\/ld+json\" class=\"yoast-schema-graph\">{\"@context\":\"https:\\\/\\\/schema.org\",\"@graph\":[{\"@type\":\"Article\",\"@id\":\"https:\\\/\\\/www.salzburgerland.com\\\/de\\\/magazin\\\/die-kunst-des-bronzegiessens\\\/#article\",\"isPartOf\":{\"@id\":\"https:\\\/\\\/www.salzburgerland.com\\\/de\\\/magazin\\\/die-kunst-des-bronzegiessens\\\/\"},\"author\":{\"name\":\"Christine Fr\u00f6schl\",\"@id\":\"https:\\\/\\\/www.salzburgerland.com\\\/de\\\/magazin\\\/#\\\/schema\\\/person\\\/7932db74f19d9640620859cb2b794c4e\"},\"headline\":\"Die Kunst des Bronzegie\u00dfens\",\"datePublished\":\"2015-06-16T07:00:54+00:00\",\"dateModified\":\"2023-12-04T08:29:50+00:00\",\"mainEntityOfPage\":{\"@id\":\"https:\\\/\\\/www.salzburgerland.com\\\/de\\\/magazin\\\/die-kunst-des-bronzegiessens\\\/\"},\"wordCount\":780,\"commentCount\":0,\"publisher\":{\"@id\":\"https:\\\/\\\/www.salzburgerland.com\\\/de\\\/magazin\\\/#organization\"},\"image\":{\"@id\":\"https:\\\/\\\/www.salzburgerland.com\\\/de\\\/magazin\\\/die-kunst-des-bronzegiessens\\\/#primaryimage\"},\"thumbnailUrl\":\"https:\\\/\\\/www.salzburgerland.com\\\/de\\\/magazin\\\/wp-content\\\/uploads\\\/2015\\\/06\\\/atelier-e.jpg\",\"articleSection\":[\"Kunst &amp; Kultur\"],\"inLanguage\":\"de\",\"potentialAction\":[{\"@type\":\"CommentAction\",\"name\":\"Comment\",\"target\":[\"https:\\\/\\\/www.salzburgerland.com\\\/de\\\/magazin\\\/die-kunst-des-bronzegiessens\\\/#respond\"]}]},{\"@type\":\"WebPage\",\"@id\":\"https:\\\/\\\/www.salzburgerland.com\\\/de\\\/magazin\\\/die-kunst-des-bronzegiessens\\\/\",\"url\":\"https:\\\/\\\/www.salzburgerland.com\\\/de\\\/magazin\\\/die-kunst-des-bronzegiessens\\\/\",\"name\":\"Die Kunst des Bronzegie\u00dfens - SalzburgerLand Magazin\",\"isPartOf\":{\"@id\":\"https:\\\/\\\/www.salzburgerland.com\\\/de\\\/magazin\\\/#website\"},\"primaryImageOfPage\":{\"@id\":\"https:\\\/\\\/www.salzburgerland.com\\\/de\\\/magazin\\\/die-kunst-des-bronzegiessens\\\/#primaryimage\"},\"image\":{\"@id\":\"https:\\\/\\\/www.salzburgerland.com\\\/de\\\/magazin\\\/die-kunst-des-bronzegiessens\\\/#primaryimage\"},\"thumbnailUrl\":\"https:\\\/\\\/www.salzburgerland.com\\\/de\\\/magazin\\\/wp-content\\\/uploads\\\/2015\\\/06\\\/atelier-e.jpg\",\"datePublished\":\"2015-06-16T07:00:54+00:00\",\"dateModified\":\"2023-12-04T08:29:50+00:00\",\"breadcrumb\":{\"@id\":\"https:\\\/\\\/www.salzburgerland.com\\\/de\\\/magazin\\\/die-kunst-des-bronzegiessens\\\/#breadcrumb\"},\"inLanguage\":\"de\",\"potentialAction\":[{\"@type\":\"ReadAction\",\"target\":[\"https:\\\/\\\/www.salzburgerland.com\\\/de\\\/magazin\\\/die-kunst-des-bronzegiessens\\\/\"]}]},{\"@type\":\"ImageObject\",\"inLanguage\":\"de\",\"@id\":\"https:\\\/\\\/www.salzburgerland.com\\\/de\\\/magazin\\\/die-kunst-des-bronzegiessens\\\/#primaryimage\",\"url\":\"https:\\\/\\\/www.salzburgerland.com\\\/de\\\/magazin\\\/wp-content\\\/uploads\\\/2015\\\/06\\\/atelier-e.jpg\",\"contentUrl\":\"https:\\\/\\\/www.salzburgerland.com\\\/de\\\/magazin\\\/wp-content\\\/uploads\\\/2015\\\/06\\\/atelier-e.jpg\",\"width\":1148,\"height\":760,\"caption\":\"Tobias und Manuel\"},{\"@type\":\"BreadcrumbList\",\"@id\":\"https:\\\/\\\/www.salzburgerland.com\\\/de\\\/magazin\\\/die-kunst-des-bronzegiessens\\\/#breadcrumb\",\"itemListElement\":[{\"@type\":\"ListItem\",\"position\":1,\"name\":\"Startseite\",\"item\":\"https:\\\/\\\/www.salzburgerland.com\\\/de\\\/magazin\\\/\"},{\"@type\":\"ListItem\",\"position\":2,\"name\":\"Kunst &amp; Kultur\",\"item\":\"https:\\\/\\\/www.salzburgerland.com\\\/de\\\/magazin\\\/thema\\\/kunst-kultur\\\/\"},{\"@type\":\"ListItem\",\"position\":3,\"name\":\"Die Kunst des Bronzegie\u00dfens\"}]},{\"@type\":\"WebSite\",\"@id\":\"https:\\\/\\\/www.salzburgerland.com\\\/de\\\/magazin\\\/#website\",\"url\":\"https:\\\/\\\/www.salzburgerland.com\\\/de\\\/magazin\\\/\",\"name\":\"SalzburgerLand Magazin\",\"description\":\"Geschichten und Interessantes aus dem SalzburgerLand\",\"publisher\":{\"@id\":\"https:\\\/\\\/www.salzburgerland.com\\\/de\\\/magazin\\\/#organization\"},\"potentialAction\":[{\"@type\":\"SearchAction\",\"target\":{\"@type\":\"EntryPoint\",\"urlTemplate\":\"https:\\\/\\\/www.salzburgerland.com\\\/de\\\/magazin\\\/?s={search_term_string}\"},\"query-input\":{\"@type\":\"PropertyValueSpecification\",\"valueRequired\":true,\"valueName\":\"search_term_string\"}}],\"inLanguage\":\"de\"},{\"@type\":\"Organization\",\"@id\":\"https:\\\/\\\/www.salzburgerland.com\\\/de\\\/magazin\\\/#organization\",\"name\":\"SalzburgerLand Tourismus\",\"url\":\"https:\\\/\\\/www.salzburgerland.com\\\/de\\\/magazin\\\/\",\"logo\":{\"@type\":\"ImageObject\",\"inLanguage\":\"de\",\"@id\":\"https:\\\/\\\/www.salzburgerland.com\\\/de\\\/magazin\\\/#\\\/schema\\\/logo\\\/image\\\/\",\"url\":\"https:\\\/\\\/www.salzburgerland.com\\\/de\\\/magazin\\\/wp-content\\\/uploads\\\/2019\\\/06\\\/salzburgerland-logo1.jpg\",\"contentUrl\":\"https:\\\/\\\/www.salzburgerland.com\\\/de\\\/magazin\\\/wp-content\\\/uploads\\\/2019\\\/06\\\/salzburgerland-logo1.jpg\",\"width\":2011,\"height\":866,\"caption\":\"SalzburgerLand Tourismus\"},\"image\":{\"@id\":\"https:\\\/\\\/www.salzburgerland.com\\\/de\\\/magazin\\\/#\\\/schema\\\/logo\\\/image\\\/\"},\"sameAs\":[\"https:\\\/\\\/www.facebook.com\\\/salzburgerland\\\/\",\"https:\\\/\\\/x.com\\\/Salzburgerland\",\"https:\\\/\\\/www.instagram.com\\\/salzburgerland\\\/\",\"https:\\\/\\\/at.linkedin.com\\\/company\\\/salzburgerland-tourismus-gmbh\",\"https:\\\/\\\/www.pinterest.at\\\/salzburgerland\\\/\",\"https:\\\/\\\/www.youtube.com\\\/user\\\/salzburgerland\",\"https:\\\/\\\/de.wikipedia.org\\\/wiki\\\/SalzburgerLand_Tourismus_GmbH\"]},{\"@type\":\"Person\",\"@id\":\"https:\\\/\\\/www.salzburgerland.com\\\/de\\\/magazin\\\/#\\\/schema\\\/person\\\/7932db74f19d9640620859cb2b794c4e\",\"name\":\"Christine Fr\u00f6schl\",\"description\":\"Dein pers\u00f6nlicher Logenplatz im SalzburgerLand? Am liebsten gehe ich auf den Einberg im Salzburger Tennengau. Der Berg in der Osterhorn-Gruppe gl\u00e4nzt das ganze Jahr im Sonnenschein, auf dem Gipfel heben Paragleiter ab und die Aussicht auf das Tennengebirge, den Dachstein und die Bischofsm\u00fctze ist traumhaft. Dosige(r) oder Zuagroast? Zuagroast aus dem sch\u00f6nen Nieder\u00f6sterreich. Fr\u00fchling, Sommer, Herbst oder Winter? Alle Jahreszeiten begeistern mich. Momentan freue ich mich auf den Fr\u00fchling, das Zwitschern der V\u00f6gel und auf die sattgr\u00fcnen Wiesen. Salzburger Nockerl oder Schwarzbeernocken? Eindeutig Schwarzbeernocken. Rindsroulade vom Pinzgauer Biorind oder Saibling fangfrisch aus dem Fuschlsee? Mhhhh. Da kann ich mich nicht entscheiden. Bergtour oder Seentour? Mich zieht es auf jeden Fall hinauf. Begeistert bin ich auch von tiefblauen Bergseen in denen sich die Umgebung spiegelt und von der Aussicht w\u00e4hrend des Weges auf einen der wundersch\u00f6nen Seen im Salzburger Land.\",\"url\":\"https:\\\/\\\/www.salzburgerland.com\\\/de\\\/magazin\\\/author\\\/christine-froeschl\\\/\"}]}<\/script>\n<!-- \/ Yoast SEO Premium plugin. -->","yoast_head_json":{"title":"Die Kunst des Bronzegie\u00dfens - SalzburgerLand Magazin","description":"Figuren aus Bronze, Gips- und Wachsmodelle zieren die helle Werkstatt der Br\u00fcder Manuel und Tobias Gruber im Atelier Gruber auf dem D\u00fcrrnberg bei Hallein. Die beiden K\u00fcnstler sind von der Kunst der Kelten fasziniert und gie\u00dfen Bronze nach uralter Tradition. In Kursen geben sie ihre Kunst weiter und ermutigen die Teilnehmer*innen ihre Kreativit\u00e4t auszuleben. Seit kurzem auch in Silberguss-Kursen.","robots":{"index":"index","follow":"follow","max-snippet":"max-snippet:-1","max-image-preview":"max-image-preview:large","max-video-preview":"max-video-preview:-1"},"canonical":"https:\/\/www.salzburgerland.com\/de\/magazin\/die-kunst-des-bronzegiessens\/","og_locale":"de_DE","og_type":"article","og_title":"Die Kunst des Bronzegie\u00dfens","og_description":"&#8222;Was m\u00f6chtest du machen?&#8220;, fragt Tobias Gruber bei meinem Besuch. Verdutzt schaue ich. Was ich? Ich wollte zusehen, fotografieren und mitschreiben wie die K\u00fcnstler aus einer Idee im Kopf ein silbernes Schmuckst\u00fcck, eine Skulptur oder etwas ganz anderes formen. &#8222;Am besten lernen wir durch das Selbermachen\u201d, sagt Tobias Gruber schmunzelnd. Ich \u00fcberlege kurz und entscheide [&hellip;]","og_url":"https:\/\/www.salzburgerland.com\/de\/magazin\/die-kunst-des-bronzegiessens\/","og_site_name":"SalzburgerLand Magazin","article_publisher":"https:\/\/www.facebook.com\/salzburgerland\/","article_published_time":"2015-06-16T07:00:54+00:00","article_modified_time":"2023-12-04T08:29:50+00:00","og_image":[{"width":1148,"height":760,"url":"https:\/\/www.salzburgerland.com\/de\/magazin\/wp-content\/uploads\/2015\/06\/atelier-e.jpg","type":"image\/jpeg"}],"author":"Christine Fr\u00f6schl","twitter_card":"summary_large_image","twitter_creator":"@Salzburgerland","twitter_site":"@Salzburgerland","twitter_misc":{"Verfasst von":"Christine Fr\u00f6schl","Gesch\u00e4tzte Lesezeit":"7\u00a0Minuten"},"schema":{"@context":"https:\/\/schema.org","@graph":[{"@type":"Article","@id":"https:\/\/www.salzburgerland.com\/de\/magazin\/die-kunst-des-bronzegiessens\/#article","isPartOf":{"@id":"https:\/\/www.salzburgerland.com\/de\/magazin\/die-kunst-des-bronzegiessens\/"},"author":{"name":"Christine Fr\u00f6schl","@id":"https:\/\/www.salzburgerland.com\/de\/magazin\/#\/schema\/person\/7932db74f19d9640620859cb2b794c4e"},"headline":"Die Kunst des Bronzegie\u00dfens","datePublished":"2015-06-16T07:00:54+00:00","dateModified":"2023-12-04T08:29:50+00:00","mainEntityOfPage":{"@id":"https:\/\/www.salzburgerland.com\/de\/magazin\/die-kunst-des-bronzegiessens\/"},"wordCount":780,"commentCount":0,"publisher":{"@id":"https:\/\/www.salzburgerland.com\/de\/magazin\/#organization"},"image":{"@id":"https:\/\/www.salzburgerland.com\/de\/magazin\/die-kunst-des-bronzegiessens\/#primaryimage"},"thumbnailUrl":"https:\/\/www.salzburgerland.com\/de\/magazin\/wp-content\/uploads\/2015\/06\/atelier-e.jpg","articleSection":["Kunst &amp; Kultur"],"inLanguage":"de","potentialAction":[{"@type":"CommentAction","name":"Comment","target":["https:\/\/www.salzburgerland.com\/de\/magazin\/die-kunst-des-bronzegiessens\/#respond"]}]},{"@type":"WebPage","@id":"https:\/\/www.salzburgerland.com\/de\/magazin\/die-kunst-des-bronzegiessens\/","url":"https:\/\/www.salzburgerland.com\/de\/magazin\/die-kunst-des-bronzegiessens\/","name":"Die Kunst des Bronzegie\u00dfens - SalzburgerLand Magazin","isPartOf":{"@id":"https:\/\/www.salzburgerland.com\/de\/magazin\/#website"},"primaryImageOfPage":{"@id":"https:\/\/www.salzburgerland.com\/de\/magazin\/die-kunst-des-bronzegiessens\/#primaryimage"},"image":{"@id":"https:\/\/www.salzburgerland.com\/de\/magazin\/die-kunst-des-bronzegiessens\/#primaryimage"},"thumbnailUrl":"https:\/\/www.salzburgerland.com\/de\/magazin\/wp-content\/uploads\/2015\/06\/atelier-e.jpg","datePublished":"2015-06-16T07:00:54+00:00","dateModified":"2023-12-04T08:29:50+00:00","breadcrumb":{"@id":"https:\/\/www.salzburgerland.com\/de\/magazin\/die-kunst-des-bronzegiessens\/#breadcrumb"},"inLanguage":"de","potentialAction":[{"@type":"ReadAction","target":["https:\/\/www.salzburgerland.com\/de\/magazin\/die-kunst-des-bronzegiessens\/"]}]},{"@type":"ImageObject","inLanguage":"de","@id":"https:\/\/www.salzburgerland.com\/de\/magazin\/die-kunst-des-bronzegiessens\/#primaryimage","url":"https:\/\/www.salzburgerland.com\/de\/magazin\/wp-content\/uploads\/2015\/06\/atelier-e.jpg","contentUrl":"https:\/\/www.salzburgerland.com\/de\/magazin\/wp-content\/uploads\/2015\/06\/atelier-e.jpg","width":1148,"height":760,"caption":"Tobias und Manuel"},{"@type":"BreadcrumbList","@id":"https:\/\/www.salzburgerland.com\/de\/magazin\/die-kunst-des-bronzegiessens\/#breadcrumb","itemListElement":[{"@type":"ListItem","position":1,"name":"Startseite","item":"https:\/\/www.salzburgerland.com\/de\/magazin\/"},{"@type":"ListItem","position":2,"name":"Kunst &amp; Kultur","item":"https:\/\/www.salzburgerland.com\/de\/magazin\/thema\/kunst-kultur\/"},{"@type":"ListItem","position":3,"name":"Die Kunst des Bronzegie\u00dfens"}]},{"@type":"WebSite","@id":"https:\/\/www.salzburgerland.com\/de\/magazin\/#website","url":"https:\/\/www.salzburgerland.com\/de\/magazin\/","name":"SalzburgerLand Magazin","description":"Geschichten und Interessantes aus dem SalzburgerLand","publisher":{"@id":"https:\/\/www.salzburgerland.com\/de\/magazin\/#organization"},"potentialAction":[{"@type":"SearchAction","target":{"@type":"EntryPoint","urlTemplate":"https:\/\/www.salzburgerland.com\/de\/magazin\/?s={search_term_string}"},"query-input":{"@type":"PropertyValueSpecification","valueRequired":true,"valueName":"search_term_string"}}],"inLanguage":"de"},{"@type":"Organization","@id":"https:\/\/www.salzburgerland.com\/de\/magazin\/#organization","name":"SalzburgerLand Tourismus","url":"https:\/\/www.salzburgerland.com\/de\/magazin\/","logo":{"@type":"ImageObject","inLanguage":"de","@id":"https:\/\/www.salzburgerland.com\/de\/magazin\/#\/schema\/logo\/image\/","url":"https:\/\/www.salzburgerland.com\/de\/magazin\/wp-content\/uploads\/2019\/06\/salzburgerland-logo1.jpg","contentUrl":"https:\/\/www.salzburgerland.com\/de\/magazin\/wp-content\/uploads\/2019\/06\/salzburgerland-logo1.jpg","width":2011,"height":866,"caption":"SalzburgerLand Tourismus"},"image":{"@id":"https:\/\/www.salzburgerland.com\/de\/magazin\/#\/schema\/logo\/image\/"},"sameAs":["https:\/\/www.facebook.com\/salzburgerland\/","https:\/\/x.com\/Salzburgerland","https:\/\/www.instagram.com\/salzburgerland\/","https:\/\/at.linkedin.com\/company\/salzburgerland-tourismus-gmbh","https:\/\/www.pinterest.at\/salzburgerland\/","https:\/\/www.youtube.com\/user\/salzburgerland","https:\/\/de.wikipedia.org\/wiki\/SalzburgerLand_Tourismus_GmbH"]},{"@type":"Person","@id":"https:\/\/www.salzburgerland.com\/de\/magazin\/#\/schema\/person\/7932db74f19d9640620859cb2b794c4e","name":"Christine Fr\u00f6schl","description":"Dein pers\u00f6nlicher Logenplatz im SalzburgerLand? Am liebsten gehe ich auf den Einberg im Salzburger Tennengau. Der Berg in der Osterhorn-Gruppe gl\u00e4nzt das ganze Jahr im Sonnenschein, auf dem Gipfel heben Paragleiter ab und die Aussicht auf das Tennengebirge, den Dachstein und die Bischofsm\u00fctze ist traumhaft. Dosige(r) oder Zuagroast? Zuagroast aus dem sch\u00f6nen Nieder\u00f6sterreich. Fr\u00fchling, Sommer, Herbst oder Winter? Alle Jahreszeiten begeistern mich. Momentan freue ich mich auf den Fr\u00fchling, das Zwitschern der V\u00f6gel und auf die sattgr\u00fcnen Wiesen. Salzburger Nockerl oder Schwarzbeernocken? Eindeutig Schwarzbeernocken. Rindsroulade vom Pinzgauer Biorind oder Saibling fangfrisch aus dem Fuschlsee? Mhhhh. Da kann ich mich nicht entscheiden. Bergtour oder Seentour? Mich zieht es auf jeden Fall hinauf. Begeistert bin ich auch von tiefblauen Bergseen in denen sich die Umgebung spiegelt und von der Aussicht w\u00e4hrend des Weges auf einen der wundersch\u00f6nen Seen im Salzburger Land.","url":"https:\/\/www.salzburgerland.com\/de\/magazin\/author\/christine-froeschl\/"}]}},"_wl_alt_label":[],"wl:entity_url":"http:\/\/open.salzburgerland.com\/magazin\/post\/bronzewerkstatt_auf_dem_duerrnberg","_links":{"self":[{"href":"https:\/\/www.salzburgerland.com\/de\/magazin\/wp-json\/wp\/v2\/posts\/99307","targetHints":{"allow":["GET"]}}],"collection":[{"href":"https:\/\/www.salzburgerland.com\/de\/magazin\/wp-json\/wp\/v2\/posts"}],"about":[{"href":"https:\/\/www.salzburgerland.com\/de\/magazin\/wp-json\/wp\/v2\/types\/post"}],"author":[{"embeddable":true,"href":"https:\/\/www.salzburgerland.com\/de\/magazin\/wp-json\/wp\/v2\/users\/236"}],"replies":[{"embeddable":true,"href":"https:\/\/www.salzburgerland.com\/de\/magazin\/wp-json\/wp\/v2\/comments?post=99307"}],"version-history":[{"count":5,"href":"https:\/\/www.salzburgerland.com\/de\/magazin\/wp-json\/wp\/v2\/posts\/99307\/revisions"}],"predecessor-version":[{"id":174519,"href":"https:\/\/www.salzburgerland.com\/de\/magazin\/wp-json\/wp\/v2\/posts\/99307\/revisions\/174519"}],"wp:featuredmedia":[{"embeddable":true,"href":"https:\/\/www.salzburgerland.com\/de\/magazin\/wp-json\/wp\/v2\/media\/99312"}],"wp:attachment":[{"href":"https:\/\/www.salzburgerland.com\/de\/magazin\/wp-json\/wp\/v2\/media?parent=99307"}],"wp:term":[{"taxonomy":"category","embeddable":true,"href":"https:\/\/www.salzburgerland.com\/de\/magazin\/wp-json\/wp\/v2\/categories?post=99307"},{"taxonomy":"post_tag","embeddable":true,"href":"https:\/\/www.salzburgerland.com\/de\/magazin\/wp-json\/wp\/v2\/tags?post=99307"},{"taxonomy":"wl_entity_type","embeddable":true,"href":"https:\/\/www.salzburgerland.com\/de\/magazin\/wp-json\/wp\/v2\/wl_entity_type?post=99307"},{"taxonomy":"monatsauswahl","embeddable":true,"href":"https:\/\/www.salzburgerland.com\/de\/magazin\/wp-json\/wp\/v2\/monatsauswahl?post=99307"}],"curies":[{"name":"wp","href":"https:\/\/api.w.org\/{rel}","templated":true}]}}