{"id":99218,"date":"2015-06-15T15:02:02","date_gmt":"2015-06-15T13:02:02","guid":{"rendered":"http:\/\/magazin.salzburgerland.com\/?p=99218"},"modified":"2021-03-15T07:43:55","modified_gmt":"2021-03-15T06:43:55","slug":"sup-kultur-am-zeller-see","status":"publish","type":"post","link":"https:\/\/www.salzburgerland.com\/de\/magazin\/sup-kultur-am-zeller-see\/","title":{"rendered":"SUP-Kultur am Zeller See"},"content":{"rendered":"\n<h2 class=\"wp-block-slt-subtitle\">Sommerliche Yoga-Einheit am Board<\/h2>\n\n\n\n<p class=\"wp-block-slt-intro\">Was machen die Taube und der Krieger auf dem See? Yoga! Auf dem <a href=\"http:\/\/www.zellamsee-kaprun.com\/de\" target=\"_blank\" rel=\"noreferrer noopener\">Zeller See<\/a> kann man\u00a0seine sommerliche\u00a0Yoga-Stunde auf dem Stand-Up-Paddle-Board genie\u00dfen!<\/p>\n\n\n\n<p class=\"p1\">Yoga ist viel mehr als ein Fitnesstrend in stickigen Studios. Yoga ist Lebenseinstellung und eine Wohltat f\u00fcr K\u00f6rper, Geist und Seele. Die \u00dcbungen kr\u00e4ftigen, sorgen f\u00fcr Balance und innere Ausgeglichenheit. Das durfte ich bereits bei meinem letztj\u00e4hrigen Ausflug zum <a href=\"https:\/\/www.salzburgerland.com\/de\/magazin\/gesundheit\/ommm-muuuh-bergyoga-auf-der-schmittenhoehe\/\" target=\"_blank\" rel=\"noopener\">Bergyoga auf der Schmittenh\u00f6he<\/a> erfahren. Das \u201eOmmm\u201c auf bl\u00fchender Almweide mit Ausblick auf den smaragdgr\u00fcn glitzernden Zeller See ist mir noch gut in Erinnerung, als ich mich in ein neues Experiment wage: SUP-Yoga.<\/p>\n\n\n\n<figure class=\"wp-block-image alignnone\"><a href=\"https:\/\/www.salzburgerland.com\/de\/magazin\/wp-content\/uploads\/2015\/06\/sup-11.jpg\"><img decoding=\"async\" src=\"https:\/\/www.salzburgerland.com\/de\/magazin\/wp-content\/uploads\/2015\/06\/sup-11-650x435.jpg\" alt=\"sup-11\" class=\"wp-image-99229\"\/><\/a><figcaption>\u00a9 Windsurfcenter Zell am See &#8211; Krieger am Brett &#8211; mit Blickrichtung Zell am See<\/figcaption><\/figure>\n\n\n\n<p class=\"p1\">Stand-Up-Paddeln &#8211; kurz SUP &#8211; ist alleine schon eine Herausforderung f\u00fcr die Balance. Auf den volumenreichen Surfbrettern stehend, bewegt man sich mittels kraftvollen Z\u00fcgen mit dem Stechpaddel voran. Das st\u00e4hlt den Rumpf und die seitlichen Bauchmuskeln freuen sich. Kombiniert man die ohnehin schon fordernden Asanas nun mit der instabilen Komponente Wasser, entsteht der neueste Trend: SUP-Yoga!<\/p>\n\n\n\n<figure class=\"wp-block-image alignnone\"><a href=\"https:\/\/www.salzburgerland.com\/de\/magazin\/wp-content\/uploads\/2015\/06\/sup-8.jpg\"><img decoding=\"async\" src=\"https:\/\/www.salzburgerland.com\/de\/magazin\/wp-content\/uploads\/2015\/06\/sup-8-650x435.jpg\" alt=\"sup-8\" class=\"wp-image-99226\"\/><\/a><figcaption>\u00a9 Windsurfcenter Zell am See &#8211; Maria &#8211; in der Position Taube &#8211; ist Yoga-Trainierin und -Therapeutin.<\/figcaption><\/figure>\n\n\n\n<p class=\"p1\">Im <a href=\"http:\/\/www.windsurfcenter.info\" target=\"_blank\" rel=\"noopener\">Windsurf- und SUP-Center<\/a> am S\u00fcdufer des Sees treffe ich Maria Grosslercher. Sie ist Physiotherapeutin, Mental- und Yogatrainerin und gemeinsam mit Heinz Seidl, dem Inhaber des SUP-Centers, hatte sie in einer Yoga-Stunde die Idee zu dieser ausgefallenen Kombination. Maria erkl\u00e4rt: \u201eYoga am SUP-Board ist Fitness und gut f\u00fcr die Seele. Die Weite des Wassers beruhigt und nach den, die Balance fordernden \u00dcbungen wie Taube, Krieger, Cobra oder Hund beenden wir die Stunde immer mit der Totenstellung. Wir liegen am R\u00fccken und blicken in den Himmel &#8211; da kann man richtig die Seele baumeln lassen. SUP-Yoga bewegt und strafft den K\u00f6rper und bevor wir an einer ruhigen Stelle mit den SUPs vor Anker gehen muss erst mal gepaddelt werden. Wer danach noch Lust auf eine SUP-Runde hat, kann sich von Heinz in die richtige Technik einweisen lassen.\u201c<\/p>\n\n\n\n<figure class=\"wp-block-image alignnone\"><a href=\"https:\/\/www.salzburgerland.com\/de\/magazin\/wp-content\/uploads\/2015\/06\/sup-16.jpg\"><img decoding=\"async\" src=\"https:\/\/www.salzburgerland.com\/de\/magazin\/wp-content\/uploads\/2015\/06\/sup-16-650x435.jpg\" alt=\"sup-16\" class=\"wp-image-99234\"\/><\/a><figcaption>\u00a9 Windsurfcenter Zell am See &#8211; Heinz Seidl beherrscht das SUP am Flachwasser und in der Welle.<\/figcaption><\/figure>\n\n\n\n<p class=\"p1\">Heinz Seidl ist der Pinzgauer Pionier des SUP. Bereits 2007 stand er auf Mauritius auf dem SUP und surfte damit die Wellen. Am Zeller See er\u00f6ffnete er vor 8 Jahren das SUP-Center. Der mehrmalige Windsurf-Staatsmeister zeigt in seinen Kursen, wie man sich mit kraftvollen Paddelz\u00fcgen am SUP m\u00fchelos \u00fcbers Wasser bewegt.&nbsp;<\/p>\n\n\n\n<figure class=\"wp-block-image alignnone\"><a href=\"https:\/\/www.salzburgerland.com\/de\/magazin\/wp-content\/uploads\/2015\/06\/sup-3.jpg\"><img decoding=\"async\" src=\"https:\/\/www.salzburgerland.com\/de\/magazin\/wp-content\/uploads\/2015\/06\/sup-3-650x435.jpg\" alt=\"sup-3\" class=\"wp-image-99221\"\/><\/a><figcaption>\u00a9 Windsurfcenter Zell am See &#8211; Der Hund der nach unten schaut vor spektakul\u00e4rer Naturlandschaft der Bergstadt Zell am See.<\/figcaption><\/figure>\n\n\n\n<p class=\"p1\">Nach SUP-Yoga und einer Paddelrunde ist der Geist frei, der K\u00f6rper gest\u00e4hlt &#8211; jetzt darf nochmal der Spa\u00dffaktor in die H\u00f6he schnellen. Die ganze Gruppe stellt sich auf das einzigartige XL-SUP und paddelt im Einklang los! Der neu gewonnenen Balance sei Dank, bleibt ein unfreiwilliger Abgang in das erfrischende Nass des Sees aus.<\/p>\n\n\n\n<figure class=\"wp-block-image alignnone\"><a href=\"https:\/\/www.salzburgerland.com\/de\/magazin\/wp-content\/uploads\/2015\/06\/sup-15.jpg\"><img decoding=\"async\" src=\"https:\/\/www.salzburgerland.com\/de\/magazin\/wp-content\/uploads\/2015\/06\/sup-15-650x435.jpg\" alt=\"sup-15\" class=\"wp-image-99233\"\/><\/a><figcaption>\u00a9 Windsurfcenter Zell am See &#8211; SUP in XL &#8211; das einzigartige Gruppenerlebnis kann im Windsurf und SUP-Center getestet werden.<\/figcaption><\/figure>\n\n\n\n<p class=\"p1\">Am SUP-Yoga kann man im Juli und August jeden Sonntag ab 10:00 Uhr im Windsurf- und SUP-Center in Zell am See teilnehmen. Yoga-Kenntnisse sind keine Voraussetzung. Auf Anfrage gibt Maria bei entsprechender Teilnehmerzahl auch gesonderte Kurse.<\/p>\n\n\n\n<p class=\"p1\"><strong>Information:<br><\/strong>Heinz Seidl<strong><br><\/strong>Windsurf- und SUP-Center Zell am See<br><b><b><a href=\"mailto:office@windsurfcenter.info\">office@windsurfcenter.info<\/a>&nbsp;<br><\/b><\/b><b><b><a href=\"http:\/\/www.windsurfcenter.info\" target=\"_blank\" rel=\"noopener\">www.windsurfcenter.info<\/a>&nbsp;<\/b><\/b><\/p>\n\n\n<div class=\"mag-gallery\"><div class=\"row\"><div class=\"col-6 col-sm-4\"><figure><a class=\"thumb-container\" href=\"https:\/\/www.salzburgerland.com\/de\/magazin\/wp-content\/uploads\/2015\/06\/sup-9-1280x1024.jpg\">\t<picture><source media=\"(min-width: 576px)\" srcset=\"https:\/\/www.salzburgerland.com\/de\/magazin\/wp-content\/uploads\/2015\/06\/sup-9-325x209.jpg 325w, https:\/\/www.salzburgerland.com\/de\/magazin\/wp-content\/uploads\/2015\/06\/sup-9-249x160.jpg 249w\"><\/source><source media=\"(min-width: 0)\" srcset=\"https:\/\/www.salzburgerland.com\/de\/magazin\/wp-content\/uploads\/2015\/06\/sup-9-249x160.jpg 249w, https:\/\/www.salzburgerland.com\/de\/magazin\/wp-content\/uploads\/2015\/06\/sup-9-325x209.jpg 325w\"><\/source><img decoding=\"async\" alt=\"Vier Menschen machen Yoga-Posen auf Paddelbrettern auf einem See mit Bergen und blauem Himmel im Hintergrund.\" src=\"https:\/\/www.salzburgerland.com\/de\/magazin\/wp-content\/uploads\/2015\/06\/sup-9.jpg\">\t<\/picture><\/a><\/figure><\/div><div class=\"col-6 col-sm-4\"><figure><a class=\"thumb-container\" href=\"https:\/\/www.salzburgerland.com\/de\/magazin\/wp-content\/uploads\/2015\/06\/sup-3-1280x1024.jpg\">\t<picture><source media=\"(min-width: 576px)\" srcset=\"https:\/\/www.salzburgerland.com\/de\/magazin\/wp-content\/uploads\/2015\/06\/sup-3-325x209.jpg 325w, https:\/\/www.salzburgerland.com\/de\/magazin\/wp-content\/uploads\/2015\/06\/sup-3-249x160.jpg 249w\"><\/source><source media=\"(min-width: 0)\" srcset=\"https:\/\/www.salzburgerland.com\/de\/magazin\/wp-content\/uploads\/2015\/06\/sup-3-249x160.jpg 249w, https:\/\/www.salzburgerland.com\/de\/magazin\/wp-content\/uploads\/2015\/06\/sup-3-325x209.jpg 325w\"><\/source><img decoding=\"async\" alt=\"Drei Personen, die auf einem Paddelbrett auf einem ruhigen See Yoga&uuml;bungen machen, umgeben von gr&uuml;nen H&uuml;geln und fernen Bergen.\" src=\"https:\/\/www.salzburgerland.com\/de\/magazin\/wp-content\/uploads\/2015\/06\/sup-3.jpg\">\t<\/picture><\/a><\/figure><\/div><div class=\"col-6 col-sm-4\"><figure><a class=\"thumb-container\" href=\"https:\/\/www.salzburgerland.com\/de\/magazin\/wp-content\/uploads\/2015\/06\/sup-14-1280x1024.jpg\">\t<picture><source media=\"(min-width: 576px)\" srcset=\"https:\/\/www.salzburgerland.com\/de\/magazin\/wp-content\/uploads\/2015\/06\/sup-14-325x209.jpg 325w, https:\/\/www.salzburgerland.com\/de\/magazin\/wp-content\/uploads\/2015\/06\/sup-14-249x160.jpg 249w\"><\/source><source media=\"(min-width: 0)\" srcset=\"https:\/\/www.salzburgerland.com\/de\/magazin\/wp-content\/uploads\/2015\/06\/sup-14-249x160.jpg 249w, https:\/\/www.salzburgerland.com\/de\/magazin\/wp-content\/uploads\/2015\/06\/sup-14-325x209.jpg 325w\"><\/source><img decoding=\"async\" alt=\"Eine Gruppe von Menschen paddelt auf einem See mit gr&uuml;nen H&uuml;geln und schneebedeckten Bergen im Hintergrund.\" src=\"https:\/\/www.salzburgerland.com\/de\/magazin\/wp-content\/uploads\/2015\/06\/sup-14.jpg\">\t<\/picture><\/a><\/figure><\/div><div class=\"col-6 col-sm-4\"><figure><a class=\"thumb-container\" href=\"https:\/\/www.salzburgerland.com\/de\/magazin\/wp-content\/uploads\/2015\/06\/sup-11-1280x1024.jpg\">\t<picture><source media=\"(min-width: 576px)\" srcset=\"https:\/\/www.salzburgerland.com\/de\/magazin\/wp-content\/uploads\/2015\/06\/sup-11-325x209.jpg 325w, https:\/\/www.salzburgerland.com\/de\/magazin\/wp-content\/uploads\/2015\/06\/sup-11-249x160.jpg 249w\"><\/source><source media=\"(min-width: 0)\" srcset=\"https:\/\/www.salzburgerland.com\/de\/magazin\/wp-content\/uploads\/2015\/06\/sup-11-249x160.jpg 249w, https:\/\/www.salzburgerland.com\/de\/magazin\/wp-content\/uploads\/2015\/06\/sup-11-325x209.jpg 325w\"><\/source><img decoding=\"async\" alt=\"Vier Personen, die auf einem See mit gr&uuml;nen Bergen im Hintergrund Yogastellungen auf Paddleboards &uuml;ben.\" src=\"https:\/\/www.salzburgerland.com\/de\/magazin\/wp-content\/uploads\/2015\/06\/sup-11.jpg\">\t<\/picture><\/a><\/figure><\/div><div class=\"col-6 col-sm-4\"><figure><a class=\"thumb-container\" href=\"https:\/\/www.salzburgerland.com\/de\/magazin\/wp-content\/uploads\/2015\/06\/sup-7-1280x1024.jpg\">\t<picture><source media=\"(min-width: 576px)\" srcset=\"https:\/\/www.salzburgerland.com\/de\/magazin\/wp-content\/uploads\/2015\/06\/sup-7-325x209.jpg 325w, https:\/\/www.salzburgerland.com\/de\/magazin\/wp-content\/uploads\/2015\/06\/sup-7-249x160.jpg 249w\"><\/source><source media=\"(min-width: 0)\" srcset=\"https:\/\/www.salzburgerland.com\/de\/magazin\/wp-content\/uploads\/2015\/06\/sup-7-249x160.jpg 249w, https:\/\/www.salzburgerland.com\/de\/magazin\/wp-content\/uploads\/2015\/06\/sup-7-325x209.jpg 325w\"><\/source><img decoding=\"async\" alt=\"Frau im Bikini posiert auf einem Paddleboard auf einem See mit verschneiten Bergen im Hintergrund.\" src=\"https:\/\/www.salzburgerland.com\/de\/magazin\/wp-content\/uploads\/2015\/06\/sup-7.jpg\">\t<\/picture><\/a><\/figure><\/div><div class=\"col-6 col-sm-4\"><figure><a class=\"thumb-container\" href=\"https:\/\/www.salzburgerland.com\/de\/magazin\/wp-content\/uploads\/2015\/06\/sup-6-1280x1024.jpg\">\t<picture><source media=\"(min-width: 576px)\" srcset=\"https:\/\/www.salzburgerland.com\/de\/magazin\/wp-content\/uploads\/2015\/06\/sup-6-325x209.jpg 325w, https:\/\/www.salzburgerland.com\/de\/magazin\/wp-content\/uploads\/2015\/06\/sup-6-249x160.jpg 249w\"><\/source><source media=\"(min-width: 0)\" srcset=\"https:\/\/www.salzburgerland.com\/de\/magazin\/wp-content\/uploads\/2015\/06\/sup-6-249x160.jpg 249w, https:\/\/www.salzburgerland.com\/de\/magazin\/wp-content\/uploads\/2015\/06\/sup-6-325x209.jpg 325w\"><\/source><img decoding=\"async\" alt=\"Frau im Bikini macht eine Yoga-Pose auf einem Paddleboard auf einem ruhigen See, mit Bergen im Hintergrund.\" src=\"https:\/\/www.salzburgerland.com\/de\/magazin\/wp-content\/uploads\/2015\/06\/sup-6.jpg\">\t<\/picture><\/a><\/figure><\/div><div class=\"col-6 col-sm-4\"><figure><a class=\"thumb-container\" href=\"https:\/\/www.salzburgerland.com\/de\/magazin\/wp-content\/uploads\/2015\/06\/sup-1280x1024.jpg\">\t<picture><source media=\"(min-width: 576px)\" srcset=\"https:\/\/www.salzburgerland.com\/de\/magazin\/wp-content\/uploads\/2015\/06\/sup-325x209.jpg 325w, https:\/\/www.salzburgerland.com\/de\/magazin\/wp-content\/uploads\/2015\/06\/sup-249x160.jpg 249w\"><\/source><source media=\"(min-width: 0)\" srcset=\"https:\/\/www.salzburgerland.com\/de\/magazin\/wp-content\/uploads\/2015\/06\/sup-249x160.jpg 249w, https:\/\/www.salzburgerland.com\/de\/magazin\/wp-content\/uploads\/2015\/06\/sup-325x209.jpg 325w\"><\/source><img decoding=\"async\" alt=\"Frau im Bikini macht Yoga auf einem Paddleboard auf einem See mit Bergen im Hintergrund.\" src=\"https:\/\/www.salzburgerland.com\/de\/magazin\/wp-content\/uploads\/2015\/06\/sup.jpg\">\t<\/picture><\/a><\/figure><\/div><div class=\"col-6 col-sm-4\"><figure><a class=\"thumb-container\" href=\"https:\/\/www.salzburgerland.com\/de\/magazin\/wp-content\/uploads\/2015\/06\/sup-5-1280x1024.jpg\">\t<picture><source media=\"(min-width: 576px)\" srcset=\"https:\/\/www.salzburgerland.com\/de\/magazin\/wp-content\/uploads\/2015\/06\/sup-5-325x209.jpg 325w, https:\/\/www.salzburgerland.com\/de\/magazin\/wp-content\/uploads\/2015\/06\/sup-5-249x160.jpg 249w\"><\/source><source media=\"(min-width: 0)\" srcset=\"https:\/\/www.salzburgerland.com\/de\/magazin\/wp-content\/uploads\/2015\/06\/sup-5-249x160.jpg 249w, https:\/\/www.salzburgerland.com\/de\/magazin\/wp-content\/uploads\/2015\/06\/sup-5-325x209.jpg 325w\"><\/source><img decoding=\"async\" alt=\"Vier Personen sitzen auf Paddelbrettern auf einem ruhigen See mit Bergen und B&auml;umen im Hintergrund unter einem blauen Himmel.\" src=\"https:\/\/www.salzburgerland.com\/de\/magazin\/wp-content\/uploads\/2015\/06\/sup-5.jpg\">\t<\/picture><\/a><\/figure><\/div><div class=\"col-6 col-sm-4\"><figure><a class=\"thumb-container\" href=\"https:\/\/www.salzburgerland.com\/de\/magazin\/wp-content\/uploads\/2015\/06\/sup-16-1280x1024.jpg\">\t<picture><source media=\"(min-width: 576px)\" srcset=\"https:\/\/www.salzburgerland.com\/de\/magazin\/wp-content\/uploads\/2015\/06\/sup-16-325x209.jpg 325w, https:\/\/www.salzburgerland.com\/de\/magazin\/wp-content\/uploads\/2015\/06\/sup-16-249x160.jpg 249w\"><\/source><source media=\"(min-width: 0)\" srcset=\"https:\/\/www.salzburgerland.com\/de\/magazin\/wp-content\/uploads\/2015\/06\/sup-16-249x160.jpg 249w, https:\/\/www.salzburgerland.com\/de\/magazin\/wp-content\/uploads\/2015\/06\/sup-16-325x209.jpg 325w\"><\/source><img decoding=\"async\" alt=\"&Auml;lterer Mann paddelt auf einem See mit Bergen und Gr&uuml;n im Hintergrund, er tr&auml;gt eine rote Badehose.\" src=\"https:\/\/www.salzburgerland.com\/de\/magazin\/wp-content\/uploads\/2015\/06\/sup-16.jpg\">\t<\/picture><\/a><\/figure><\/div><div class=\"col-6 col-sm-4\"><figure><a class=\"thumb-container\" href=\"https:\/\/www.salzburgerland.com\/de\/magazin\/wp-content\/uploads\/2015\/06\/sup-15-1280x1024.jpg\">\t<picture><source media=\"(min-width: 576px)\" srcset=\"https:\/\/www.salzburgerland.com\/de\/magazin\/wp-content\/uploads\/2015\/06\/sup-15-325x209.jpg 325w, https:\/\/www.salzburgerland.com\/de\/magazin\/wp-content\/uploads\/2015\/06\/sup-15-249x160.jpg 249w\"><\/source><source media=\"(min-width: 0)\" srcset=\"https:\/\/www.salzburgerland.com\/de\/magazin\/wp-content\/uploads\/2015\/06\/sup-15-249x160.jpg 249w, https:\/\/www.salzburgerland.com\/de\/magazin\/wp-content\/uploads\/2015\/06\/sup-15-325x209.jpg 325w\"><\/source><img decoding=\"async\" alt=\"Eine Gruppe von Menschen in Badekleidung paddelt gemeinsam auf einem See mit Bergen im Hintergrund.\" src=\"https:\/\/www.salzburgerland.com\/de\/magazin\/wp-content\/uploads\/2015\/06\/sup-15.jpg\">\t<\/picture><\/a><\/figure><\/div><div class=\"col-6 col-sm-4\"><figure><a class=\"thumb-container\" href=\"https:\/\/www.salzburgerland.com\/de\/magazin\/wp-content\/uploads\/2015\/06\/sup-8-1280x1024.jpg\">\t<picture><source media=\"(min-width: 576px)\" srcset=\"https:\/\/www.salzburgerland.com\/de\/magazin\/wp-content\/uploads\/2015\/06\/sup-8-325x209.jpg 325w, https:\/\/www.salzburgerland.com\/de\/magazin\/wp-content\/uploads\/2015\/06\/sup-8-249x160.jpg 249w\"><\/source><source media=\"(min-width: 0)\" srcset=\"https:\/\/www.salzburgerland.com\/de\/magazin\/wp-content\/uploads\/2015\/06\/sup-8-249x160.jpg 249w, https:\/\/www.salzburgerland.com\/de\/magazin\/wp-content\/uploads\/2015\/06\/sup-8-325x209.jpg 325w\"><\/source><img decoding=\"async\" alt=\"Frau im rosa Badeanzug sitzt auf einem Paddelbrett und isst einen Apfel, mit schneebedeckten Bergen im Hintergrund.\" src=\"https:\/\/www.salzburgerland.com\/de\/magazin\/wp-content\/uploads\/2015\/06\/sup-8.jpg\">\t<\/picture><\/a><\/figure><\/div><div class=\"col-6 col-sm-4\"><figure><a class=\"thumb-container\" href=\"https:\/\/www.salzburgerland.com\/de\/magazin\/wp-content\/uploads\/2015\/06\/sup-2-1280x1024.jpg\">\t<picture><source media=\"(min-width: 576px)\" srcset=\"https:\/\/www.salzburgerland.com\/de\/magazin\/wp-content\/uploads\/2015\/06\/sup-2-325x209.jpg 325w, https:\/\/www.salzburgerland.com\/de\/magazin\/wp-content\/uploads\/2015\/06\/sup-2-249x160.jpg 249w\"><\/source><source media=\"(min-width: 0)\" srcset=\"https:\/\/www.salzburgerland.com\/de\/magazin\/wp-content\/uploads\/2015\/06\/sup-2-249x160.jpg 249w, https:\/\/www.salzburgerland.com\/de\/magazin\/wp-content\/uploads\/2015\/06\/sup-2-325x209.jpg 325w\"><\/source><img decoding=\"async\" alt=\"Drei Frauen paddeln auf einem See, umgeben von gr&uuml;nen H&uuml;geln und schneebedeckten Bergen unter blauem Himmel.\" src=\"https:\/\/www.salzburgerland.com\/de\/magazin\/wp-content\/uploads\/2015\/06\/sup-2.jpg\">\t<\/picture><\/a><\/figure><\/div><\/div><figcaption>&copy; Windsurfcenter Zell am See<\/figcaption><\/div>\n","protected":false},"excerpt":{"rendered":"<p>Yoga ist viel mehr als ein Fitnesstrend in stickigen Studios. Yoga ist Lebenseinstellung und eine Wohltat f\u00fcr K\u00f6rper, Geist und Seele. Die \u00dcbungen kr\u00e4ftigen, sorgen f\u00fcr Balance und innere Ausgeglichenheit. Das durfte ich bereits bei meinem letztj\u00e4hrigen Ausflug zum Bergyoga auf der Schmittenh\u00f6he erfahren. Das \u201eOmmm\u201c auf bl\u00fchender Almweide mit Ausblick auf den smaragdgr\u00fcn glitzernden [&hellip;]<\/p>\n","protected":false},"author":11,"featured_media":99235,"comment_status":"open","ping_status":"open","sticky":false,"template":"","format":"standard","meta":{"_acf_changed":false,"wl_entities_gutenberg":"","_wl_entity_redirect_enabled":"","footnotes":""},"categories":[8],"tags":[],"wl_entity_type":[306],"monatsauswahl":[87,88,89,90],"class_list":["post-99218","post","type-post","status-publish","format-standard","has-post-thumbnail","hentry","category-outdoor-sport","wl_entity_type-article","monatsauswahl-monat_6","monatsauswahl-monat_7","monatsauswahl-monat_8","monatsauswahl-monat_9"],"acf":[],"yoast_head":"<!-- This site is optimized with the Yoast SEO Premium plugin v27.4 (Yoast SEO v27.4) - https:\/\/yoast.com\/product\/yoast-seo-premium-wordpress\/ -->\n<title>SUP-Kultur am Zeller See - SalzburgerLand Magazin<\/title>\n<meta name=\"description\" content=\"Was machen die Taube und der Krieger auf dem See? Yoga! Auf dem Zeller See kann man\u00a0seine sommerliche\u00a0Yoga-Stunde auf dem Stand-Up-Paddle-Board genie\u00dfen!\" \/>\n<meta name=\"robots\" content=\"index, follow, max-snippet:-1, max-image-preview:large, max-video-preview:-1\" \/>\n<link rel=\"canonical\" href=\"https:\/\/www.salzburgerland.com\/de\/magazin\/sup-kultur-am-zeller-see\/\" \/>\n<meta property=\"og:locale\" content=\"de_DE\" \/>\n<meta property=\"og:type\" content=\"article\" \/>\n<meta property=\"og:title\" content=\"SUP-Kultur am Zeller See\" \/>\n<meta property=\"og:description\" content=\"Yoga ist viel mehr als ein Fitnesstrend in stickigen Studios. Yoga ist Lebenseinstellung und eine Wohltat f\u00fcr K\u00f6rper, Geist und Seele. Die \u00dcbungen kr\u00e4ftigen, sorgen f\u00fcr Balance und innere Ausgeglichenheit. Das durfte ich bereits bei meinem letztj\u00e4hrigen Ausflug zum Bergyoga auf der Schmittenh\u00f6he erfahren. Das \u201eOmmm\u201c auf bl\u00fchender Almweide mit Ausblick auf den smaragdgr\u00fcn glitzernden [&hellip;]\" \/>\n<meta property=\"og:url\" content=\"https:\/\/www.salzburgerland.com\/de\/magazin\/sup-kultur-am-zeller-see\/\" \/>\n<meta property=\"og:site_name\" content=\"SalzburgerLand Magazin\" \/>\n<meta property=\"article:publisher\" content=\"https:\/\/www.facebook.com\/salzburgerland\/\" \/>\n<meta property=\"article:published_time\" content=\"2015-06-15T13:02:02+00:00\" \/>\n<meta property=\"article:modified_time\" content=\"2021-03-15T06:43:55+00:00\" \/>\n<meta property=\"og:image\" content=\"https:\/\/www.salzburgerland.com\/de\/magazin\/wp-content\/uploads\/2015\/06\/sup.jpg\" \/>\n\t<meta property=\"og:image:width\" content=\"749\" \/>\n\t<meta property=\"og:image:height\" content=\"500\" \/>\n\t<meta property=\"og:image:type\" content=\"image\/jpeg\" \/>\n<meta name=\"author\" content=\"Edith Danzer\" \/>\n<meta name=\"twitter:card\" content=\"summary_large_image\" \/>\n<meta name=\"twitter:creator\" content=\"@Salzburgerland\" \/>\n<meta name=\"twitter:site\" content=\"@Salzburgerland\" \/>\n<meta name=\"twitter:label1\" content=\"Verfasst von\" \/>\n\t<meta name=\"twitter:data1\" content=\"Edith Danzer\" \/>\n\t<meta name=\"twitter:label2\" content=\"Gesch\u00e4tzte Lesezeit\" \/>\n\t<meta name=\"twitter:data2\" content=\"6\u00a0Minuten\" \/>\n<script type=\"application\/ld+json\" class=\"yoast-schema-graph\">{\"@context\":\"https:\\\/\\\/schema.org\",\"@graph\":[{\"@type\":\"Article\",\"@id\":\"https:\\\/\\\/www.salzburgerland.com\\\/de\\\/magazin\\\/sup-kultur-am-zeller-see\\\/#article\",\"isPartOf\":{\"@id\":\"https:\\\/\\\/www.salzburgerland.com\\\/de\\\/magazin\\\/sup-kultur-am-zeller-see\\\/\"},\"author\":{\"name\":\"Edith Danzer\",\"@id\":\"https:\\\/\\\/www.salzburgerland.com\\\/de\\\/magazin\\\/#\\\/schema\\\/person\\\/79452c699c410aa31a119426313748de\"},\"headline\":\"SUP-Kultur am Zeller See\",\"datePublished\":\"2015-06-15T13:02:02+00:00\",\"dateModified\":\"2021-03-15T06:43:55+00:00\",\"mainEntityOfPage\":{\"@id\":\"https:\\\/\\\/www.salzburgerland.com\\\/de\\\/magazin\\\/sup-kultur-am-zeller-see\\\/\"},\"wordCount\":564,\"commentCount\":0,\"publisher\":{\"@id\":\"https:\\\/\\\/www.salzburgerland.com\\\/de\\\/magazin\\\/#organization\"},\"image\":{\"@id\":\"https:\\\/\\\/www.salzburgerland.com\\\/de\\\/magazin\\\/sup-kultur-am-zeller-see\\\/#primaryimage\"},\"thumbnailUrl\":\"https:\\\/\\\/www.salzburgerland.com\\\/de\\\/magazin\\\/wp-content\\\/uploads\\\/2015\\\/06\\\/sup.jpg\",\"articleSection\":[\"Outdoor &amp; Sport\"],\"inLanguage\":\"de\",\"potentialAction\":[{\"@type\":\"CommentAction\",\"name\":\"Comment\",\"target\":[\"https:\\\/\\\/www.salzburgerland.com\\\/de\\\/magazin\\\/sup-kultur-am-zeller-see\\\/#respond\"]}]},{\"@type\":\"WebPage\",\"@id\":\"https:\\\/\\\/www.salzburgerland.com\\\/de\\\/magazin\\\/sup-kultur-am-zeller-see\\\/\",\"url\":\"https:\\\/\\\/www.salzburgerland.com\\\/de\\\/magazin\\\/sup-kultur-am-zeller-see\\\/\",\"name\":\"SUP-Kultur am Zeller See - SalzburgerLand Magazin\",\"isPartOf\":{\"@id\":\"https:\\\/\\\/www.salzburgerland.com\\\/de\\\/magazin\\\/#website\"},\"primaryImageOfPage\":{\"@id\":\"https:\\\/\\\/www.salzburgerland.com\\\/de\\\/magazin\\\/sup-kultur-am-zeller-see\\\/#primaryimage\"},\"image\":{\"@id\":\"https:\\\/\\\/www.salzburgerland.com\\\/de\\\/magazin\\\/sup-kultur-am-zeller-see\\\/#primaryimage\"},\"thumbnailUrl\":\"https:\\\/\\\/www.salzburgerland.com\\\/de\\\/magazin\\\/wp-content\\\/uploads\\\/2015\\\/06\\\/sup.jpg\",\"datePublished\":\"2015-06-15T13:02:02+00:00\",\"dateModified\":\"2021-03-15T06:43:55+00:00\",\"breadcrumb\":{\"@id\":\"https:\\\/\\\/www.salzburgerland.com\\\/de\\\/magazin\\\/sup-kultur-am-zeller-see\\\/#breadcrumb\"},\"inLanguage\":\"de\",\"potentialAction\":[{\"@type\":\"ReadAction\",\"target\":[\"https:\\\/\\\/www.salzburgerland.com\\\/de\\\/magazin\\\/sup-kultur-am-zeller-see\\\/\"]}]},{\"@type\":\"ImageObject\",\"inLanguage\":\"de\",\"@id\":\"https:\\\/\\\/www.salzburgerland.com\\\/de\\\/magazin\\\/sup-kultur-am-zeller-see\\\/#primaryimage\",\"url\":\"https:\\\/\\\/www.salzburgerland.com\\\/de\\\/magazin\\\/wp-content\\\/uploads\\\/2015\\\/06\\\/sup.jpg\",\"contentUrl\":\"https:\\\/\\\/www.salzburgerland.com\\\/de\\\/magazin\\\/wp-content\\\/uploads\\\/2015\\\/06\\\/sup.jpg\",\"width\":749,\"height\":500,\"caption\":\"Frau im Bikini macht Yoga auf einem Paddleboard auf einem See mit Bergen im Hintergrund.\"},{\"@type\":\"BreadcrumbList\",\"@id\":\"https:\\\/\\\/www.salzburgerland.com\\\/de\\\/magazin\\\/sup-kultur-am-zeller-see\\\/#breadcrumb\",\"itemListElement\":[{\"@type\":\"ListItem\",\"position\":1,\"name\":\"Startseite\",\"item\":\"https:\\\/\\\/www.salzburgerland.com\\\/de\\\/magazin\\\/\"},{\"@type\":\"ListItem\",\"position\":2,\"name\":\"Outdoor &amp; Sport\",\"item\":\"https:\\\/\\\/www.salzburgerland.com\\\/de\\\/magazin\\\/thema\\\/outdoor-sport\\\/\"},{\"@type\":\"ListItem\",\"position\":3,\"name\":\"SUP-Kultur am Zeller See\"}]},{\"@type\":\"WebSite\",\"@id\":\"https:\\\/\\\/www.salzburgerland.com\\\/de\\\/magazin\\\/#website\",\"url\":\"https:\\\/\\\/www.salzburgerland.com\\\/de\\\/magazin\\\/\",\"name\":\"SalzburgerLand Magazin\",\"description\":\"Geschichten und Interessantes aus dem SalzburgerLand\",\"publisher\":{\"@id\":\"https:\\\/\\\/www.salzburgerland.com\\\/de\\\/magazin\\\/#organization\"},\"potentialAction\":[{\"@type\":\"SearchAction\",\"target\":{\"@type\":\"EntryPoint\",\"urlTemplate\":\"https:\\\/\\\/www.salzburgerland.com\\\/de\\\/magazin\\\/?s={search_term_string}\"},\"query-input\":{\"@type\":\"PropertyValueSpecification\",\"valueRequired\":true,\"valueName\":\"search_term_string\"}}],\"inLanguage\":\"de\"},{\"@type\":\"Organization\",\"@id\":\"https:\\\/\\\/www.salzburgerland.com\\\/de\\\/magazin\\\/#organization\",\"name\":\"SalzburgerLand Tourismus\",\"url\":\"https:\\\/\\\/www.salzburgerland.com\\\/de\\\/magazin\\\/\",\"logo\":{\"@type\":\"ImageObject\",\"inLanguage\":\"de\",\"@id\":\"https:\\\/\\\/www.salzburgerland.com\\\/de\\\/magazin\\\/#\\\/schema\\\/logo\\\/image\\\/\",\"url\":\"https:\\\/\\\/www.salzburgerland.com\\\/de\\\/magazin\\\/wp-content\\\/uploads\\\/2019\\\/06\\\/salzburgerland-logo1.jpg\",\"contentUrl\":\"https:\\\/\\\/www.salzburgerland.com\\\/de\\\/magazin\\\/wp-content\\\/uploads\\\/2019\\\/06\\\/salzburgerland-logo1.jpg\",\"width\":2011,\"height\":866,\"caption\":\"SalzburgerLand Tourismus\"},\"image\":{\"@id\":\"https:\\\/\\\/www.salzburgerland.com\\\/de\\\/magazin\\\/#\\\/schema\\\/logo\\\/image\\\/\"},\"sameAs\":[\"https:\\\/\\\/www.facebook.com\\\/salzburgerland\\\/\",\"https:\\\/\\\/x.com\\\/Salzburgerland\",\"https:\\\/\\\/www.instagram.com\\\/salzburgerland\\\/\",\"https:\\\/\\\/at.linkedin.com\\\/company\\\/salzburgerland-tourismus-gmbh\",\"https:\\\/\\\/www.pinterest.at\\\/salzburgerland\\\/\",\"https:\\\/\\\/www.youtube.com\\\/user\\\/salzburgerland\",\"https:\\\/\\\/de.wikipedia.org\\\/wiki\\\/SalzburgerLand_Tourismus_GmbH\"]},{\"@type\":\"Person\",\"@id\":\"https:\\\/\\\/www.salzburgerland.com\\\/de\\\/magazin\\\/#\\\/schema\\\/person\\\/79452c699c410aa31a119426313748de\",\"name\":\"Edith Danzer\",\"description\":\"Seit Jahren arbeite ich als freie Redakteurin und Fotografin im SalzburgerLand. Schreiben ist f\u00fcr mich nicht blo\u00df das Erstellen eines Textes. Es ist ein Komponieren einer wundervollen Melodie, ein Malen mit Buchstaben und Worten. Ich liebe die Begegnungen mit Menschen, die mir ihre Geschichte anvertrauen. Wenn man mich sucht, bin ich entweder am Schreibtisch (der auch mal am sonnigen H\u00fcttenbankerl stehen kann) oder mit meinem Husky-M\u00e4dl Ylvi am Berg, am See oder im Wald. Ich \u2026 \u2026 in ein paar Worten. \u2022 Lieber drau\u00dfen, als drinnen. \u2022 Lieber Norden, als S\u00fcden. \u2022 Lieber Buchstaben, als Zahlen. \u2022 Lieber Schnee, als Strand. \u2022 Lieber Berg, als Tal. \u2022 Lieber Nordlichter, als S\u00fcdseezauber. \u2022 Lieber H\u00fctte, als F\u00fcnfsternschuppen. \u2022 Lieber Hund, als Katze. \u2022 Lieber grader Michl, als falscher Fufzga. \u2022 Lieber mittendurch, als drumherum \u2022 Lieber Almleben, als Couchpotato\",\"url\":\"https:\\\/\\\/www.salzburgerland.com\\\/de\\\/magazin\\\/author\\\/edith-danzer\\\/\"}]}<\/script>\n<!-- \/ Yoast SEO Premium plugin. -->","yoast_head_json":{"title":"SUP-Kultur am Zeller See - SalzburgerLand Magazin","description":"Was machen die Taube und der Krieger auf dem See? Yoga! Auf dem Zeller See kann man\u00a0seine sommerliche\u00a0Yoga-Stunde auf dem Stand-Up-Paddle-Board genie\u00dfen!","robots":{"index":"index","follow":"follow","max-snippet":"max-snippet:-1","max-image-preview":"max-image-preview:large","max-video-preview":"max-video-preview:-1"},"canonical":"https:\/\/www.salzburgerland.com\/de\/magazin\/sup-kultur-am-zeller-see\/","og_locale":"de_DE","og_type":"article","og_title":"SUP-Kultur am Zeller See","og_description":"Yoga ist viel mehr als ein Fitnesstrend in stickigen Studios. Yoga ist Lebenseinstellung und eine Wohltat f\u00fcr K\u00f6rper, Geist und Seele. Die \u00dcbungen kr\u00e4ftigen, sorgen f\u00fcr Balance und innere Ausgeglichenheit. Das durfte ich bereits bei meinem letztj\u00e4hrigen Ausflug zum Bergyoga auf der Schmittenh\u00f6he erfahren. Das \u201eOmmm\u201c auf bl\u00fchender Almweide mit Ausblick auf den smaragdgr\u00fcn glitzernden [&hellip;]","og_url":"https:\/\/www.salzburgerland.com\/de\/magazin\/sup-kultur-am-zeller-see\/","og_site_name":"SalzburgerLand Magazin","article_publisher":"https:\/\/www.facebook.com\/salzburgerland\/","article_published_time":"2015-06-15T13:02:02+00:00","article_modified_time":"2021-03-15T06:43:55+00:00","og_image":[{"width":749,"height":500,"url":"https:\/\/www.salzburgerland.com\/de\/magazin\/wp-content\/uploads\/2015\/06\/sup.jpg","type":"image\/jpeg"}],"author":"Edith Danzer","twitter_card":"summary_large_image","twitter_creator":"@Salzburgerland","twitter_site":"@Salzburgerland","twitter_misc":{"Verfasst von":"Edith Danzer","Gesch\u00e4tzte Lesezeit":"6\u00a0Minuten"},"schema":{"@context":"https:\/\/schema.org","@graph":[{"@type":"Article","@id":"https:\/\/www.salzburgerland.com\/de\/magazin\/sup-kultur-am-zeller-see\/#article","isPartOf":{"@id":"https:\/\/www.salzburgerland.com\/de\/magazin\/sup-kultur-am-zeller-see\/"},"author":{"name":"Edith Danzer","@id":"https:\/\/www.salzburgerland.com\/de\/magazin\/#\/schema\/person\/79452c699c410aa31a119426313748de"},"headline":"SUP-Kultur am Zeller See","datePublished":"2015-06-15T13:02:02+00:00","dateModified":"2021-03-15T06:43:55+00:00","mainEntityOfPage":{"@id":"https:\/\/www.salzburgerland.com\/de\/magazin\/sup-kultur-am-zeller-see\/"},"wordCount":564,"commentCount":0,"publisher":{"@id":"https:\/\/www.salzburgerland.com\/de\/magazin\/#organization"},"image":{"@id":"https:\/\/www.salzburgerland.com\/de\/magazin\/sup-kultur-am-zeller-see\/#primaryimage"},"thumbnailUrl":"https:\/\/www.salzburgerland.com\/de\/magazin\/wp-content\/uploads\/2015\/06\/sup.jpg","articleSection":["Outdoor &amp; Sport"],"inLanguage":"de","potentialAction":[{"@type":"CommentAction","name":"Comment","target":["https:\/\/www.salzburgerland.com\/de\/magazin\/sup-kultur-am-zeller-see\/#respond"]}]},{"@type":"WebPage","@id":"https:\/\/www.salzburgerland.com\/de\/magazin\/sup-kultur-am-zeller-see\/","url":"https:\/\/www.salzburgerland.com\/de\/magazin\/sup-kultur-am-zeller-see\/","name":"SUP-Kultur am Zeller See - SalzburgerLand Magazin","isPartOf":{"@id":"https:\/\/www.salzburgerland.com\/de\/magazin\/#website"},"primaryImageOfPage":{"@id":"https:\/\/www.salzburgerland.com\/de\/magazin\/sup-kultur-am-zeller-see\/#primaryimage"},"image":{"@id":"https:\/\/www.salzburgerland.com\/de\/magazin\/sup-kultur-am-zeller-see\/#primaryimage"},"thumbnailUrl":"https:\/\/www.salzburgerland.com\/de\/magazin\/wp-content\/uploads\/2015\/06\/sup.jpg","datePublished":"2015-06-15T13:02:02+00:00","dateModified":"2021-03-15T06:43:55+00:00","breadcrumb":{"@id":"https:\/\/www.salzburgerland.com\/de\/magazin\/sup-kultur-am-zeller-see\/#breadcrumb"},"inLanguage":"de","potentialAction":[{"@type":"ReadAction","target":["https:\/\/www.salzburgerland.com\/de\/magazin\/sup-kultur-am-zeller-see\/"]}]},{"@type":"ImageObject","inLanguage":"de","@id":"https:\/\/www.salzburgerland.com\/de\/magazin\/sup-kultur-am-zeller-see\/#primaryimage","url":"https:\/\/www.salzburgerland.com\/de\/magazin\/wp-content\/uploads\/2015\/06\/sup.jpg","contentUrl":"https:\/\/www.salzburgerland.com\/de\/magazin\/wp-content\/uploads\/2015\/06\/sup.jpg","width":749,"height":500,"caption":"Frau im Bikini macht Yoga auf einem Paddleboard auf einem See mit Bergen im Hintergrund."},{"@type":"BreadcrumbList","@id":"https:\/\/www.salzburgerland.com\/de\/magazin\/sup-kultur-am-zeller-see\/#breadcrumb","itemListElement":[{"@type":"ListItem","position":1,"name":"Startseite","item":"https:\/\/www.salzburgerland.com\/de\/magazin\/"},{"@type":"ListItem","position":2,"name":"Outdoor &amp; Sport","item":"https:\/\/www.salzburgerland.com\/de\/magazin\/thema\/outdoor-sport\/"},{"@type":"ListItem","position":3,"name":"SUP-Kultur am Zeller See"}]},{"@type":"WebSite","@id":"https:\/\/www.salzburgerland.com\/de\/magazin\/#website","url":"https:\/\/www.salzburgerland.com\/de\/magazin\/","name":"SalzburgerLand Magazin","description":"Geschichten und Interessantes aus dem SalzburgerLand","publisher":{"@id":"https:\/\/www.salzburgerland.com\/de\/magazin\/#organization"},"potentialAction":[{"@type":"SearchAction","target":{"@type":"EntryPoint","urlTemplate":"https:\/\/www.salzburgerland.com\/de\/magazin\/?s={search_term_string}"},"query-input":{"@type":"PropertyValueSpecification","valueRequired":true,"valueName":"search_term_string"}}],"inLanguage":"de"},{"@type":"Organization","@id":"https:\/\/www.salzburgerland.com\/de\/magazin\/#organization","name":"SalzburgerLand Tourismus","url":"https:\/\/www.salzburgerland.com\/de\/magazin\/","logo":{"@type":"ImageObject","inLanguage":"de","@id":"https:\/\/www.salzburgerland.com\/de\/magazin\/#\/schema\/logo\/image\/","url":"https:\/\/www.salzburgerland.com\/de\/magazin\/wp-content\/uploads\/2019\/06\/salzburgerland-logo1.jpg","contentUrl":"https:\/\/www.salzburgerland.com\/de\/magazin\/wp-content\/uploads\/2019\/06\/salzburgerland-logo1.jpg","width":2011,"height":866,"caption":"SalzburgerLand Tourismus"},"image":{"@id":"https:\/\/www.salzburgerland.com\/de\/magazin\/#\/schema\/logo\/image\/"},"sameAs":["https:\/\/www.facebook.com\/salzburgerland\/","https:\/\/x.com\/Salzburgerland","https:\/\/www.instagram.com\/salzburgerland\/","https:\/\/at.linkedin.com\/company\/salzburgerland-tourismus-gmbh","https:\/\/www.pinterest.at\/salzburgerland\/","https:\/\/www.youtube.com\/user\/salzburgerland","https:\/\/de.wikipedia.org\/wiki\/SalzburgerLand_Tourismus_GmbH"]},{"@type":"Person","@id":"https:\/\/www.salzburgerland.com\/de\/magazin\/#\/schema\/person\/79452c699c410aa31a119426313748de","name":"Edith Danzer","description":"Seit Jahren arbeite ich als freie Redakteurin und Fotografin im SalzburgerLand. Schreiben ist f\u00fcr mich nicht blo\u00df das Erstellen eines Textes. Es ist ein Komponieren einer wundervollen Melodie, ein Malen mit Buchstaben und Worten. Ich liebe die Begegnungen mit Menschen, die mir ihre Geschichte anvertrauen. Wenn man mich sucht, bin ich entweder am Schreibtisch (der auch mal am sonnigen H\u00fcttenbankerl stehen kann) oder mit meinem Husky-M\u00e4dl Ylvi am Berg, am See oder im Wald. Ich \u2026 \u2026 in ein paar Worten. \u2022 Lieber drau\u00dfen, als drinnen. \u2022 Lieber Norden, als S\u00fcden. \u2022 Lieber Buchstaben, als Zahlen. \u2022 Lieber Schnee, als Strand. \u2022 Lieber Berg, als Tal. \u2022 Lieber Nordlichter, als S\u00fcdseezauber. \u2022 Lieber H\u00fctte, als F\u00fcnfsternschuppen. \u2022 Lieber Hund, als Katze. \u2022 Lieber grader Michl, als falscher Fufzga. \u2022 Lieber mittendurch, als drumherum \u2022 Lieber Almleben, als Couchpotato","url":"https:\/\/www.salzburgerland.com\/de\/magazin\/author\/edith-danzer\/"}]}},"_wl_alt_label":[],"wl:entity_url":"http:\/\/open.salzburgerland.com\/magazin\/post\/sup-kultur_am_zeller_see","_links":{"self":[{"href":"https:\/\/www.salzburgerland.com\/de\/magazin\/wp-json\/wp\/v2\/posts\/99218","targetHints":{"allow":["GET"]}}],"collection":[{"href":"https:\/\/www.salzburgerland.com\/de\/magazin\/wp-json\/wp\/v2\/posts"}],"about":[{"href":"https:\/\/www.salzburgerland.com\/de\/magazin\/wp-json\/wp\/v2\/types\/post"}],"author":[{"embeddable":true,"href":"https:\/\/www.salzburgerland.com\/de\/magazin\/wp-json\/wp\/v2\/users\/11"}],"replies":[{"embeddable":true,"href":"https:\/\/www.salzburgerland.com\/de\/magazin\/wp-json\/wp\/v2\/comments?post=99218"}],"version-history":[{"count":1,"href":"https:\/\/www.salzburgerland.com\/de\/magazin\/wp-json\/wp\/v2\/posts\/99218\/revisions"}],"predecessor-version":[{"id":150916,"href":"https:\/\/www.salzburgerland.com\/de\/magazin\/wp-json\/wp\/v2\/posts\/99218\/revisions\/150916"}],"wp:featuredmedia":[{"embeddable":true,"href":"https:\/\/www.salzburgerland.com\/de\/magazin\/wp-json\/wp\/v2\/media\/99235"}],"wp:attachment":[{"href":"https:\/\/www.salzburgerland.com\/de\/magazin\/wp-json\/wp\/v2\/media?parent=99218"}],"wp:term":[{"taxonomy":"category","embeddable":true,"href":"https:\/\/www.salzburgerland.com\/de\/magazin\/wp-json\/wp\/v2\/categories?post=99218"},{"taxonomy":"post_tag","embeddable":true,"href":"https:\/\/www.salzburgerland.com\/de\/magazin\/wp-json\/wp\/v2\/tags?post=99218"},{"taxonomy":"wl_entity_type","embeddable":true,"href":"https:\/\/www.salzburgerland.com\/de\/magazin\/wp-json\/wp\/v2\/wl_entity_type?post=99218"},{"taxonomy":"monatsauswahl","embeddable":true,"href":"https:\/\/www.salzburgerland.com\/de\/magazin\/wp-json\/wp\/v2\/monatsauswahl?post=99218"}],"curies":[{"name":"wp","href":"https:\/\/api.w.org\/{rel}","templated":true}]}}