{"id":98188,"date":"2015-05-20T12:55:39","date_gmt":"2015-05-20T10:55:39","guid":{"rendered":"http:\/\/magazin.salzburgerland.com\/?p=98188"},"modified":"2015-05-27T09:41:42","modified_gmt":"2015-05-27T07:41:42","slug":"martin-grubinger-taktvoll-und-schlagfertig","status":"publish","type":"post","link":"https:\/\/www.salzburgerland.com\/de\/magazin\/martin-grubinger-taktvoll-und-schlagfertig\/","title":{"rendered":"Martin Grubinger &#8211; Taktvoll und Schlagfertig"},"content":{"rendered":"<p><strong>Neben den <a href=\"https:\/\/www.salzburgerland.com\/de\/magazin\/kunst-kultur\/das-salzburg-der-makemakes\/\" target=\"_blank\">Makemakes<\/a>\u00a0hat auch ein weiterer Salzburger eine entscheidende Rolle beim gro\u00dfen Finale des <a href=\"http:\/\/songcontest.orf.at\" target=\"_blank\">Eurovision Song Contest<\/a> am 23. Mai 2015 in Wien gespielt. <a href=\"http:\/\/www.martingrubinger.at\" target=\"_blank\">Martin Grubinger<\/a>, einer der besten Percussionisten und Schlagwerker* weltweit, zeigte\u00a0als Intervall-Act vor der Siegerehrung den 200 Millionen Zusehern auf gewohnt eindrucksvolle Art und Weise, was es hei\u00dft, wirklich &#8222;schlagfertig&#8220; zu sein.\u00a0<\/strong><\/p>\n<p><strong>Ein Leben in Superlativen<\/strong><br \/>Wenn Martin Grubinger (32) eines nicht mag, dann sind das halbe Sachen &#8211; das war schon immer so und wird wohl auch so bleiben. Wenn sich der geb\u00fcrtige Salzburger einer Sache annimmt, dann kennt er nur ein Gas, n\u00e4mlich Vollgas! Bereits in jungen Jahren setzte er alles daran, professioneller Schlagzeuger bzw. Schlagwerker zu werden. W\u00e4hrend andere Kinder und Jugendliche im Freibad tollten, oder auch die Matura machten, sa\u00df er im elterlichen Schlagzeugstudio und feilte an seiner Technik und an der Geschwindigkeit. Schon damals immer an seiner Seite: sein Vater, ebenfalls virtuoser Schlagwerker und als Lehrer am Mozarteum in Salzburg und der Musikschule in Mondsee genau der richtige Mann, um das K\u00f6nnen des Ausnahmetalents immer weiter in die H\u00f6he zu treiben und zu f\u00f6rdern. Wie heute waren auch\u00a0damals zehn bis zw\u00f6lf Stunden proben pro Tag keine Seltenheit und es passierte nicht nur einmal, dass er v\u00f6llig ersch\u00f6pft auf einer Trommel oder einem anderen Instrument einschlief und erst am n\u00e4chsten Tag wieder wach wurde.\u00a0<\/p>\n<figure id=\"attachment_98206\" aria-describedby=\"caption-attachment-98206\" style=\"width: 650px\" class=\"wp-caption alignnone\"><a href=\"https:\/\/www.salzburgerland.com\/de\/magazin\/wp-content\/uploads\/2015\/05\/M.-Grubinger-06-060109CFBroede.jpg\"><img loading=\"lazy\" decoding=\"async\" class=\"size-singlePost wp-image-98206\" src=\"https:\/\/www.salzburgerland.com\/de\/magazin\/wp-content\/uploads\/2015\/05\/M.-Grubinger-06-060109CFBroede-650x435.jpg\" alt=\"\u00a9Felix Broede\" width=\"650\" height=\"435\" \/><\/a><figcaption id=\"caption-attachment-98206\" class=\"wp-caption-text\">\u00a9Felix Broede<\/figcaption><\/figure>\n<p>Heute ist Martin Grubinger einer der besten Percussionisten \u00fcberhaupt, beherrscht fast alle seiner 500 Instrumente virtuos und ist an s\u00e4mtlichen gro\u00dfen Opern- und Konzerth\u00e4usern der Welt ein gern gesehener Gast. Ihm und seinem Engagement in den letzten Jahren ist es zu verdanken, dass das Schlagwerk als Soloinstrument mehr und mehr anerkannt wird und dass immer mehr Komponisten orchestrale St\u00fccke f\u00fcr Schlagzeugsolisten schreiben &#8211; viele davon speziell &#8222;dem Grubinger&#8220; auf den Leib. &#8222;<em>Die M\u00f6glichkeiten des Schlagwerks sind grenzenlos: man kann traditionelle, klassische Musik machen, Samba, Salsa, Tango, afrokubanische Musik, Funk, Rock, Fusion &#8211; es gibt eigentliche keine Musikstilrichtung, die popul\u00e4r ist, in der Schlagzeug keine zentrale und entscheidende Rolle spielt. Und das macht mir so viel Freude\u201c,\u00a0<\/em>so der musikalische Ausnahmek\u00f6nner begeistert. \u00dcbrigens, pro Konzert verliert Grubinger zwischen zwei und drei Kilo K\u00f6rpergewicht und jagt seinen Puls bis auf 195 Schl\u00e4ge pro Minute hinauf. Das Rezept f\u00fcr seinen Erfolg beschreibt er so: ein bisschen Talent; Lehrer, die einem die ideale Richtung weisen; Freude und Liebe zum Instrument; Disziplin hoch 3; gescheite Berater, die einem zum richtigen Zeitpunkt am richtigen Ort zur Seite stehen. \u00a0<\/p>\n<figure id=\"attachment_98207\" aria-describedby=\"caption-attachment-98207\" style=\"width: 650px\" class=\"wp-caption alignnone\"><a href=\"https:\/\/www.salzburgerland.com\/de\/magazin\/wp-content\/uploads\/2015\/05\/M.-Grubinger-08-060109_C_FelixBroede.jpg\"><img loading=\"lazy\" decoding=\"async\" class=\"size-singlePost wp-image-98207\" src=\"https:\/\/www.salzburgerland.com\/de\/magazin\/wp-content\/uploads\/2015\/05\/M.-Grubinger-08-060109_C_FelixBroede-650x435.jpg\" alt=\"\u00a9Felix Broede\" width=\"650\" height=\"435\" \/><\/a><figcaption id=\"caption-attachment-98207\" class=\"wp-caption-text\">\u00a9Felix Broede<\/figcaption><\/figure>\n<p><strong>Interval-Act beim Eurovision Song Contest 2015 in Wien<\/strong><br \/>Garantiert am so oft zitierten &#8222;richtigen Ort&#8220;, befand sich Martin Grubinger am 23. Mai um ca. 23 Uhr. Da hatte er n\u00e4mlich die gro\u00dfe Ehre, die Interval-Show beim Finale des Song Contest zu spielen und einem breiten Publikum, insgesamt ca. 200 Millionen europa- und weltweit, zu demonstrieren, was man am Schlagwerk so alles &#8222;auff\u00fchren&#8220; kann. Mit an Bord waren\u00a040 Percussionisten und Bl\u00e4ser, der Arnold Sch\u00f6nberg Chor\u00a0unter der Leitung von Erwin Ortner und die Ebenseer Gl\u00f6ckler. Der Musiker arrangierte hierf\u00fcr extra ein 9-min\u00fctiges St\u00fcck,\u00a0das auf Themen aus Mahler- und Bruckner-Sinfonien ebenso beruht wie auf Motivschnipseln von Leos Janacek oder Iannis Xenakis. <em>&#8222;Es soll multikulturell sein, tolerant, weltoffen, aber zugleich mit Bezug auf unsere Wurzeln\u201c, <\/em>so der begeisterte Marathonl\u00e4ufer, der damit auch beim Song Contest Motto &#8222;Building Bridges&#8220; genau ins Schwarze traf. Vor seiner Show dr\u00fcckte er nat\u00fcrlich den Makemakes, \u00d6sterreichs Vertretern beim Gesangswettbewerb die Daumen. &#8222;Die drei Jungs kenne ich schon seit der Jugend. Zwei von denen waren sogar bei meinem Vater im Schlagzeugunterricht.&#8220; Wie gesagt: zur richtigen Zeit am richtigen Ort&#8230;\u00a0<\/p>\n<p>* unter Schlagwerk versteht man in Sinfonieorchestern all jene Instrumente, die der Rhythmussektion angeh\u00f6ren. Beispiele hierf\u00fcr sind:\u00a0Gro\u00dfe Trommel, Konzerttrommel, Marimbaphon und auch Xylophon.<\/p>\n<p>https:\/\/www.youtube.com\/watch?v=QgKRsBXEraw<\/p>\n","protected":false},"excerpt":{"rendered":"<p>Neben den Makemakes\u00a0hat auch ein weiterer Salzburger eine entscheidende Rolle beim gro\u00dfen Finale des Eurovision Song Contest am 23. Mai 2015 in Wien gespielt. Martin Grubinger, einer der besten Percussionisten und Schlagwerker* weltweit, zeigte\u00a0als Intervall-Act vor der Siegerehrung den 200 Millionen Zusehern auf gewohnt eindrucksvolle Art und Weise, was es hei\u00dft, wirklich &#8222;schlagfertig&#8220; zu sein.\u00a0 [&hellip;]<\/p>\n","protected":false},"author":505,"featured_media":98205,"comment_status":"open","ping_status":"open","sticky":false,"template":"","format":"standard","meta":{"_acf_changed":false,"wl_entities_gutenberg":"","_wl_entity_redirect_enabled":"","footnotes":""},"categories":[6],"tags":[235],"wl_entity_type":[306],"monatsauswahl":[82,83,84,85,86,87,88,89,90,91,92,93],"class_list":["post-98188","post","type-post","status-publish","format-standard","has-post-thumbnail","hentry","category-kunst-kultur","tag-esc15","wl_entity_type-article","monatsauswahl-monat_1","monatsauswahl-monat_2","monatsauswahl-monat_3","monatsauswahl-monat_4","monatsauswahl-monat_5","monatsauswahl-monat_6","monatsauswahl-monat_7","monatsauswahl-monat_8","monatsauswahl-monat_9","monatsauswahl-monat_10","monatsauswahl-monat_11","monatsauswahl-monat_12"],"acf":[],"yoast_head":"<!-- This site is optimized with the Yoast SEO Premium plugin v27.4 (Yoast SEO v27.4) - https:\/\/yoast.com\/product\/yoast-seo-premium-wordpress\/ -->\n<title>Martin Grubinger - Taktvoll und Schlagfertig - SalzburgerLand Magazin<\/title>\n<meta name=\"description\" content=\"Neben den Makemakes\u00a0hat auch ein weiterer Salzburger eine entscheidende Rolle beim gro\u00dfen Finale des Eurovision Song Contest am 23. Mai 2015 in Wien gespielt. Martin Grubinger, einer der besten Percussionisten und Schlagwerker* weltweit, zeigte\u00a0als Intervall-Act vor der Siegerehrung den 200 Millionen Zusehern auf gewohnt eindrucksvolle Art und Weise, was es hei\u00dft, wirklich &#8222;schlagfertig&#8220; zu sein.\u00a0 [&hellip;]\" \/>\n<meta name=\"robots\" content=\"index, follow, max-snippet:-1, max-image-preview:large, max-video-preview:-1\" \/>\n<link rel=\"canonical\" href=\"https:\/\/www.salzburgerland.com\/de\/magazin\/martin-grubinger-taktvoll-und-schlagfertig\/\" \/>\n<meta property=\"og:locale\" content=\"de_DE\" \/>\n<meta property=\"og:type\" content=\"article\" \/>\n<meta property=\"og:title\" content=\"Martin Grubinger - Taktvoll und Schlagfertig\" \/>\n<meta property=\"og:description\" content=\"Neben den Makemakes\u00a0hat auch ein weiterer Salzburger eine entscheidende Rolle beim gro\u00dfen Finale des Eurovision Song Contest am 23. Mai 2015 in Wien gespielt. Martin Grubinger, einer der besten Percussionisten und Schlagwerker* weltweit, zeigte\u00a0als Intervall-Act vor der Siegerehrung den 200 Millionen Zusehern auf gewohnt eindrucksvolle Art und Weise, was es hei\u00dft, wirklich &#8222;schlagfertig&#8220; zu sein.\u00a0 [&hellip;]\" \/>\n<meta property=\"og:url\" content=\"https:\/\/www.salzburgerland.com\/de\/magazin\/martin-grubinger-taktvoll-und-schlagfertig\/\" \/>\n<meta property=\"og:site_name\" content=\"SalzburgerLand Magazin\" \/>\n<meta property=\"article:publisher\" content=\"https:\/\/www.facebook.com\/salzburgerland\/\" \/>\n<meta property=\"article:published_time\" content=\"2015-05-20T10:55:39+00:00\" \/>\n<meta property=\"article:modified_time\" content=\"2015-05-27T07:41:42+00:00\" \/>\n<meta property=\"og:image\" content=\"https:\/\/www.salzburgerland.com\/de\/magazin\/wp-content\/uploads\/2015\/05\/M.-Grubinger-04-060109_C_FelixBroede.jpg\" \/>\n\t<meta property=\"og:image:width\" content=\"1294\" \/>\n\t<meta property=\"og:image:height\" content=\"1600\" \/>\n\t<meta property=\"og:image:type\" content=\"image\/jpeg\" \/>\n<meta name=\"author\" content=\"Peter Zeitlhofer\" \/>\n<meta name=\"twitter:card\" content=\"summary_large_image\" \/>\n<meta name=\"twitter:creator\" content=\"@Salzburgerland\" \/>\n<meta name=\"twitter:site\" content=\"@Salzburgerland\" \/>\n<meta name=\"twitter:label1\" content=\"Verfasst von\" \/>\n\t<meta name=\"twitter:data1\" content=\"Peter Zeitlhofer\" \/>\n\t<meta name=\"twitter:label2\" content=\"Gesch\u00e4tzte Lesezeit\" \/>\n\t<meta name=\"twitter:data2\" content=\"3\u00a0Minuten\" \/>\n<script type=\"application\/ld+json\" class=\"yoast-schema-graph\">{\"@context\":\"https:\\\/\\\/schema.org\",\"@graph\":[{\"@type\":\"Article\",\"@id\":\"https:\\\/\\\/www.salzburgerland.com\\\/de\\\/magazin\\\/martin-grubinger-taktvoll-und-schlagfertig\\\/#article\",\"isPartOf\":{\"@id\":\"https:\\\/\\\/www.salzburgerland.com\\\/de\\\/magazin\\\/martin-grubinger-taktvoll-und-schlagfertig\\\/\"},\"author\":{\"name\":\"Peter Zeitlhofer\",\"@id\":\"https:\\\/\\\/www.salzburgerland.com\\\/de\\\/magazin\\\/#\\\/schema\\\/person\\\/ebd2c9f244aeea71e30f3b5d5e309de4\"},\"headline\":\"Martin Grubinger &#8211; Taktvoll und Schlagfertig\",\"datePublished\":\"2015-05-20T10:55:39+00:00\",\"dateModified\":\"2015-05-27T07:41:42+00:00\",\"mainEntityOfPage\":{\"@id\":\"https:\\\/\\\/www.salzburgerland.com\\\/de\\\/magazin\\\/martin-grubinger-taktvoll-und-schlagfertig\\\/\"},\"wordCount\":668,\"commentCount\":0,\"publisher\":{\"@id\":\"https:\\\/\\\/www.salzburgerland.com\\\/de\\\/magazin\\\/#organization\"},\"image\":{\"@id\":\"https:\\\/\\\/www.salzburgerland.com\\\/de\\\/magazin\\\/martin-grubinger-taktvoll-und-schlagfertig\\\/#primaryimage\"},\"thumbnailUrl\":\"https:\\\/\\\/www.salzburgerland.com\\\/de\\\/magazin\\\/wp-content\\\/uploads\\\/2015\\\/05\\\/M.-Grubinger-04-060109_C_FelixBroede.jpg\",\"keywords\":[\"esc15\"],\"articleSection\":[\"Kunst &amp; Kultur\"],\"inLanguage\":\"de\",\"potentialAction\":[{\"@type\":\"CommentAction\",\"name\":\"Comment\",\"target\":[\"https:\\\/\\\/www.salzburgerland.com\\\/de\\\/magazin\\\/martin-grubinger-taktvoll-und-schlagfertig\\\/#respond\"]}]},{\"@type\":\"WebPage\",\"@id\":\"https:\\\/\\\/www.salzburgerland.com\\\/de\\\/magazin\\\/martin-grubinger-taktvoll-und-schlagfertig\\\/\",\"url\":\"https:\\\/\\\/www.salzburgerland.com\\\/de\\\/magazin\\\/martin-grubinger-taktvoll-und-schlagfertig\\\/\",\"name\":\"Martin Grubinger - Taktvoll und Schlagfertig - SalzburgerLand Magazin\",\"isPartOf\":{\"@id\":\"https:\\\/\\\/www.salzburgerland.com\\\/de\\\/magazin\\\/#website\"},\"primaryImageOfPage\":{\"@id\":\"https:\\\/\\\/www.salzburgerland.com\\\/de\\\/magazin\\\/martin-grubinger-taktvoll-und-schlagfertig\\\/#primaryimage\"},\"image\":{\"@id\":\"https:\\\/\\\/www.salzburgerland.com\\\/de\\\/magazin\\\/martin-grubinger-taktvoll-und-schlagfertig\\\/#primaryimage\"},\"thumbnailUrl\":\"https:\\\/\\\/www.salzburgerland.com\\\/de\\\/magazin\\\/wp-content\\\/uploads\\\/2015\\\/05\\\/M.-Grubinger-04-060109_C_FelixBroede.jpg\",\"datePublished\":\"2015-05-20T10:55:39+00:00\",\"dateModified\":\"2015-05-27T07:41:42+00:00\",\"breadcrumb\":{\"@id\":\"https:\\\/\\\/www.salzburgerland.com\\\/de\\\/magazin\\\/martin-grubinger-taktvoll-und-schlagfertig\\\/#breadcrumb\"},\"inLanguage\":\"de\",\"potentialAction\":[{\"@type\":\"ReadAction\",\"target\":[\"https:\\\/\\\/www.salzburgerland.com\\\/de\\\/magazin\\\/martin-grubinger-taktvoll-und-schlagfertig\\\/\"]}]},{\"@type\":\"ImageObject\",\"inLanguage\":\"de\",\"@id\":\"https:\\\/\\\/www.salzburgerland.com\\\/de\\\/magazin\\\/martin-grubinger-taktvoll-und-schlagfertig\\\/#primaryimage\",\"url\":\"https:\\\/\\\/www.salzburgerland.com\\\/de\\\/magazin\\\/wp-content\\\/uploads\\\/2015\\\/05\\\/M.-Grubinger-04-060109_C_FelixBroede.jpg\",\"contentUrl\":\"https:\\\/\\\/www.salzburgerland.com\\\/de\\\/magazin\\\/wp-content\\\/uploads\\\/2015\\\/05\\\/M.-Grubinger-04-060109_C_FelixBroede.jpg\",\"width\":1294,\"height\":1600,\"caption\":\"\u00a9Felix Broede\"},{\"@type\":\"BreadcrumbList\",\"@id\":\"https:\\\/\\\/www.salzburgerland.com\\\/de\\\/magazin\\\/martin-grubinger-taktvoll-und-schlagfertig\\\/#breadcrumb\",\"itemListElement\":[{\"@type\":\"ListItem\",\"position\":1,\"name\":\"Startseite\",\"item\":\"https:\\\/\\\/www.salzburgerland.com\\\/de\\\/magazin\\\/\"},{\"@type\":\"ListItem\",\"position\":2,\"name\":\"Kunst &amp; Kultur\",\"item\":\"https:\\\/\\\/www.salzburgerland.com\\\/de\\\/magazin\\\/thema\\\/kunst-kultur\\\/\"},{\"@type\":\"ListItem\",\"position\":3,\"name\":\"Martin Grubinger &#8211; Taktvoll und Schlagfertig\"}]},{\"@type\":\"WebSite\",\"@id\":\"https:\\\/\\\/www.salzburgerland.com\\\/de\\\/magazin\\\/#website\",\"url\":\"https:\\\/\\\/www.salzburgerland.com\\\/de\\\/magazin\\\/\",\"name\":\"SalzburgerLand Magazin\",\"description\":\"Geschichten und Interessantes aus dem SalzburgerLand\",\"publisher\":{\"@id\":\"https:\\\/\\\/www.salzburgerland.com\\\/de\\\/magazin\\\/#organization\"},\"potentialAction\":[{\"@type\":\"SearchAction\",\"target\":{\"@type\":\"EntryPoint\",\"urlTemplate\":\"https:\\\/\\\/www.salzburgerland.com\\\/de\\\/magazin\\\/?s={search_term_string}\"},\"query-input\":{\"@type\":\"PropertyValueSpecification\",\"valueRequired\":true,\"valueName\":\"search_term_string\"}}],\"inLanguage\":\"de\"},{\"@type\":\"Organization\",\"@id\":\"https:\\\/\\\/www.salzburgerland.com\\\/de\\\/magazin\\\/#organization\",\"name\":\"SalzburgerLand Tourismus\",\"url\":\"https:\\\/\\\/www.salzburgerland.com\\\/de\\\/magazin\\\/\",\"logo\":{\"@type\":\"ImageObject\",\"inLanguage\":\"de\",\"@id\":\"https:\\\/\\\/www.salzburgerland.com\\\/de\\\/magazin\\\/#\\\/schema\\\/logo\\\/image\\\/\",\"url\":\"https:\\\/\\\/www.salzburgerland.com\\\/de\\\/magazin\\\/wp-content\\\/uploads\\\/2019\\\/06\\\/salzburgerland-logo1.jpg\",\"contentUrl\":\"https:\\\/\\\/www.salzburgerland.com\\\/de\\\/magazin\\\/wp-content\\\/uploads\\\/2019\\\/06\\\/salzburgerland-logo1.jpg\",\"width\":2011,\"height\":866,\"caption\":\"SalzburgerLand Tourismus\"},\"image\":{\"@id\":\"https:\\\/\\\/www.salzburgerland.com\\\/de\\\/magazin\\\/#\\\/schema\\\/logo\\\/image\\\/\"},\"sameAs\":[\"https:\\\/\\\/www.facebook.com\\\/salzburgerland\\\/\",\"https:\\\/\\\/x.com\\\/Salzburgerland\",\"https:\\\/\\\/www.instagram.com\\\/salzburgerland\\\/\",\"https:\\\/\\\/at.linkedin.com\\\/company\\\/salzburgerland-tourismus-gmbh\",\"https:\\\/\\\/www.pinterest.at\\\/salzburgerland\\\/\",\"https:\\\/\\\/www.youtube.com\\\/user\\\/salzburgerland\",\"https:\\\/\\\/de.wikipedia.org\\\/wiki\\\/SalzburgerLand_Tourismus_GmbH\"]},{\"@type\":\"Person\",\"@id\":\"https:\\\/\\\/www.salzburgerland.com\\\/de\\\/magazin\\\/#\\\/schema\\\/person\\\/ebd2c9f244aeea71e30f3b5d5e309de4\",\"name\":\"Peter Zeitlhofer\",\"description\":\"'Von Neugier getrieben' - diese Worte kommen Peter Zeitlhofer wohl schon ziemlich nahe. Egal ob am Segelboot, im Tiefschnee, unterwegs in Stadt und Land, oder auf einer seinen vielen Reisen - er ist immer auf der Suche nach Neuem, nach dem Besonderen, probiert so ziemlich alles aus und liebt es, dar\u00fcber zu reden und zu berichten. Womit man auch schon fast bei seiner zweiten Leidenschaft w\u00e4re - dem Schreiben. Immer und \u00fcberall ausgestattet\u00a0mit seinem Notebook, hat der Salzburger, mit Wurzeln am Attersee, sein Office\u00a0im wahrsten Sinne des Wortes unterm Arm und k\u00f6nnte sich nichts besseres vorstellen, als die Geschichten dort zu erz\u00e4hlen, wo sie passieren. Fr\u00fchling, Sommer, Herbst oder Winter? Als Mensch der Extreme, mag ich auch bei den Jahreszeiten den Sommer und den Winter am liebsten. Obwohl nat\u00fcrlich auch der Fr\u00fchling seine Reize hat. Aber der Herbst? Rindsroulade vom Pinzgauer Biorind oder Saibling fangfrisch aus dem Fuschlsee? Immer diese Entscheidungen! Kann ich auch beides haben? Mundharmonika oder Stradivari? Weder noch - als Gitarrist k\u00f6nnte ich mit beiden Instrumenten nichts anfangen. Lederhose oder Smoking? Eindeutig Lederhose, die bei mir mittlerweile sogar den Einzug in den sommerlichen Alltag gefunden hat. Und der LederhosnDonnerstag ist \u00a0ohnehin Pflicht. Alpinski, Offpist oder Skitour? Hauptsache rauf auf den Berg! Was dann tats\u00e4chlich auf dem Programm steht ist zweitrangig. Nur so viel: wenn der Schnee passt, dann h\u00e4lt mich nichts oder niemand auf der Piste. Bergtour oder Seentour? F\u00fcr mich gibt es im Sommer nichts Sch\u00f6neres, als mit dem Segelboot auf unseren herrlichen Seen unterwegs zu sein. Also wenn ich die Wahl habe, dann nehme ich im Sommer die Berge h\u00f6chstens als Kulisse. Haubenlokal oder Ab-Hof-Laden? Auch hier nehme ich von beidem ein bisschen. Aber bei der Oma schmeckt's dann doch am besten.\",\"url\":\"https:\\\/\\\/www.salzburgerland.com\\\/de\\\/magazin\\\/author\\\/peter-zeitlhofer\\\/\"}]}<\/script>\n<!-- \/ Yoast SEO Premium plugin. -->","yoast_head_json":{"title":"Martin Grubinger - Taktvoll und Schlagfertig - SalzburgerLand Magazin","description":"Neben den Makemakes\u00a0hat auch ein weiterer Salzburger eine entscheidende Rolle beim gro\u00dfen Finale des Eurovision Song Contest am 23. Mai 2015 in Wien gespielt. Martin Grubinger, einer der besten Percussionisten und Schlagwerker* weltweit, zeigte\u00a0als Intervall-Act vor der Siegerehrung den 200 Millionen Zusehern auf gewohnt eindrucksvolle Art und Weise, was es hei\u00dft, wirklich &#8222;schlagfertig&#8220; zu sein.\u00a0 [&hellip;]","robots":{"index":"index","follow":"follow","max-snippet":"max-snippet:-1","max-image-preview":"max-image-preview:large","max-video-preview":"max-video-preview:-1"},"canonical":"https:\/\/www.salzburgerland.com\/de\/magazin\/martin-grubinger-taktvoll-und-schlagfertig\/","og_locale":"de_DE","og_type":"article","og_title":"Martin Grubinger - Taktvoll und Schlagfertig","og_description":"Neben den Makemakes\u00a0hat auch ein weiterer Salzburger eine entscheidende Rolle beim gro\u00dfen Finale des Eurovision Song Contest am 23. Mai 2015 in Wien gespielt. Martin Grubinger, einer der besten Percussionisten und Schlagwerker* weltweit, zeigte\u00a0als Intervall-Act vor der Siegerehrung den 200 Millionen Zusehern auf gewohnt eindrucksvolle Art und Weise, was es hei\u00dft, wirklich &#8222;schlagfertig&#8220; zu sein.\u00a0 [&hellip;]","og_url":"https:\/\/www.salzburgerland.com\/de\/magazin\/martin-grubinger-taktvoll-und-schlagfertig\/","og_site_name":"SalzburgerLand Magazin","article_publisher":"https:\/\/www.facebook.com\/salzburgerland\/","article_published_time":"2015-05-20T10:55:39+00:00","article_modified_time":"2015-05-27T07:41:42+00:00","og_image":[{"width":1294,"height":1600,"url":"https:\/\/www.salzburgerland.com\/de\/magazin\/wp-content\/uploads\/2015\/05\/M.-Grubinger-04-060109_C_FelixBroede.jpg","type":"image\/jpeg"}],"author":"Peter Zeitlhofer","twitter_card":"summary_large_image","twitter_creator":"@Salzburgerland","twitter_site":"@Salzburgerland","twitter_misc":{"Verfasst von":"Peter Zeitlhofer","Gesch\u00e4tzte Lesezeit":"3\u00a0Minuten"},"schema":{"@context":"https:\/\/schema.org","@graph":[{"@type":"Article","@id":"https:\/\/www.salzburgerland.com\/de\/magazin\/martin-grubinger-taktvoll-und-schlagfertig\/#article","isPartOf":{"@id":"https:\/\/www.salzburgerland.com\/de\/magazin\/martin-grubinger-taktvoll-und-schlagfertig\/"},"author":{"name":"Peter Zeitlhofer","@id":"https:\/\/www.salzburgerland.com\/de\/magazin\/#\/schema\/person\/ebd2c9f244aeea71e30f3b5d5e309de4"},"headline":"Martin Grubinger &#8211; Taktvoll und Schlagfertig","datePublished":"2015-05-20T10:55:39+00:00","dateModified":"2015-05-27T07:41:42+00:00","mainEntityOfPage":{"@id":"https:\/\/www.salzburgerland.com\/de\/magazin\/martin-grubinger-taktvoll-und-schlagfertig\/"},"wordCount":668,"commentCount":0,"publisher":{"@id":"https:\/\/www.salzburgerland.com\/de\/magazin\/#organization"},"image":{"@id":"https:\/\/www.salzburgerland.com\/de\/magazin\/martin-grubinger-taktvoll-und-schlagfertig\/#primaryimage"},"thumbnailUrl":"https:\/\/www.salzburgerland.com\/de\/magazin\/wp-content\/uploads\/2015\/05\/M.-Grubinger-04-060109_C_FelixBroede.jpg","keywords":["esc15"],"articleSection":["Kunst &amp; Kultur"],"inLanguage":"de","potentialAction":[{"@type":"CommentAction","name":"Comment","target":["https:\/\/www.salzburgerland.com\/de\/magazin\/martin-grubinger-taktvoll-und-schlagfertig\/#respond"]}]},{"@type":"WebPage","@id":"https:\/\/www.salzburgerland.com\/de\/magazin\/martin-grubinger-taktvoll-und-schlagfertig\/","url":"https:\/\/www.salzburgerland.com\/de\/magazin\/martin-grubinger-taktvoll-und-schlagfertig\/","name":"Martin Grubinger - Taktvoll und Schlagfertig - SalzburgerLand Magazin","isPartOf":{"@id":"https:\/\/www.salzburgerland.com\/de\/magazin\/#website"},"primaryImageOfPage":{"@id":"https:\/\/www.salzburgerland.com\/de\/magazin\/martin-grubinger-taktvoll-und-schlagfertig\/#primaryimage"},"image":{"@id":"https:\/\/www.salzburgerland.com\/de\/magazin\/martin-grubinger-taktvoll-und-schlagfertig\/#primaryimage"},"thumbnailUrl":"https:\/\/www.salzburgerland.com\/de\/magazin\/wp-content\/uploads\/2015\/05\/M.-Grubinger-04-060109_C_FelixBroede.jpg","datePublished":"2015-05-20T10:55:39+00:00","dateModified":"2015-05-27T07:41:42+00:00","breadcrumb":{"@id":"https:\/\/www.salzburgerland.com\/de\/magazin\/martin-grubinger-taktvoll-und-schlagfertig\/#breadcrumb"},"inLanguage":"de","potentialAction":[{"@type":"ReadAction","target":["https:\/\/www.salzburgerland.com\/de\/magazin\/martin-grubinger-taktvoll-und-schlagfertig\/"]}]},{"@type":"ImageObject","inLanguage":"de","@id":"https:\/\/www.salzburgerland.com\/de\/magazin\/martin-grubinger-taktvoll-und-schlagfertig\/#primaryimage","url":"https:\/\/www.salzburgerland.com\/de\/magazin\/wp-content\/uploads\/2015\/05\/M.-Grubinger-04-060109_C_FelixBroede.jpg","contentUrl":"https:\/\/www.salzburgerland.com\/de\/magazin\/wp-content\/uploads\/2015\/05\/M.-Grubinger-04-060109_C_FelixBroede.jpg","width":1294,"height":1600,"caption":"\u00a9Felix Broede"},{"@type":"BreadcrumbList","@id":"https:\/\/www.salzburgerland.com\/de\/magazin\/martin-grubinger-taktvoll-und-schlagfertig\/#breadcrumb","itemListElement":[{"@type":"ListItem","position":1,"name":"Startseite","item":"https:\/\/www.salzburgerland.com\/de\/magazin\/"},{"@type":"ListItem","position":2,"name":"Kunst &amp; Kultur","item":"https:\/\/www.salzburgerland.com\/de\/magazin\/thema\/kunst-kultur\/"},{"@type":"ListItem","position":3,"name":"Martin Grubinger &#8211; Taktvoll und Schlagfertig"}]},{"@type":"WebSite","@id":"https:\/\/www.salzburgerland.com\/de\/magazin\/#website","url":"https:\/\/www.salzburgerland.com\/de\/magazin\/","name":"SalzburgerLand Magazin","description":"Geschichten und Interessantes aus dem SalzburgerLand","publisher":{"@id":"https:\/\/www.salzburgerland.com\/de\/magazin\/#organization"},"potentialAction":[{"@type":"SearchAction","target":{"@type":"EntryPoint","urlTemplate":"https:\/\/www.salzburgerland.com\/de\/magazin\/?s={search_term_string}"},"query-input":{"@type":"PropertyValueSpecification","valueRequired":true,"valueName":"search_term_string"}}],"inLanguage":"de"},{"@type":"Organization","@id":"https:\/\/www.salzburgerland.com\/de\/magazin\/#organization","name":"SalzburgerLand Tourismus","url":"https:\/\/www.salzburgerland.com\/de\/magazin\/","logo":{"@type":"ImageObject","inLanguage":"de","@id":"https:\/\/www.salzburgerland.com\/de\/magazin\/#\/schema\/logo\/image\/","url":"https:\/\/www.salzburgerland.com\/de\/magazin\/wp-content\/uploads\/2019\/06\/salzburgerland-logo1.jpg","contentUrl":"https:\/\/www.salzburgerland.com\/de\/magazin\/wp-content\/uploads\/2019\/06\/salzburgerland-logo1.jpg","width":2011,"height":866,"caption":"SalzburgerLand Tourismus"},"image":{"@id":"https:\/\/www.salzburgerland.com\/de\/magazin\/#\/schema\/logo\/image\/"},"sameAs":["https:\/\/www.facebook.com\/salzburgerland\/","https:\/\/x.com\/Salzburgerland","https:\/\/www.instagram.com\/salzburgerland\/","https:\/\/at.linkedin.com\/company\/salzburgerland-tourismus-gmbh","https:\/\/www.pinterest.at\/salzburgerland\/","https:\/\/www.youtube.com\/user\/salzburgerland","https:\/\/de.wikipedia.org\/wiki\/SalzburgerLand_Tourismus_GmbH"]},{"@type":"Person","@id":"https:\/\/www.salzburgerland.com\/de\/magazin\/#\/schema\/person\/ebd2c9f244aeea71e30f3b5d5e309de4","name":"Peter Zeitlhofer","description":"'Von Neugier getrieben' - diese Worte kommen Peter Zeitlhofer wohl schon ziemlich nahe. Egal ob am Segelboot, im Tiefschnee, unterwegs in Stadt und Land, oder auf einer seinen vielen Reisen - er ist immer auf der Suche nach Neuem, nach dem Besonderen, probiert so ziemlich alles aus und liebt es, dar\u00fcber zu reden und zu berichten. Womit man auch schon fast bei seiner zweiten Leidenschaft w\u00e4re - dem Schreiben. Immer und \u00fcberall ausgestattet\u00a0mit seinem Notebook, hat der Salzburger, mit Wurzeln am Attersee, sein Office\u00a0im wahrsten Sinne des Wortes unterm Arm und k\u00f6nnte sich nichts besseres vorstellen, als die Geschichten dort zu erz\u00e4hlen, wo sie passieren. Fr\u00fchling, Sommer, Herbst oder Winter? Als Mensch der Extreme, mag ich auch bei den Jahreszeiten den Sommer und den Winter am liebsten. Obwohl nat\u00fcrlich auch der Fr\u00fchling seine Reize hat. Aber der Herbst? Rindsroulade vom Pinzgauer Biorind oder Saibling fangfrisch aus dem Fuschlsee? Immer diese Entscheidungen! Kann ich auch beides haben? Mundharmonika oder Stradivari? Weder noch - als Gitarrist k\u00f6nnte ich mit beiden Instrumenten nichts anfangen. Lederhose oder Smoking? Eindeutig Lederhose, die bei mir mittlerweile sogar den Einzug in den sommerlichen Alltag gefunden hat. Und der LederhosnDonnerstag ist \u00a0ohnehin Pflicht. Alpinski, Offpist oder Skitour? Hauptsache rauf auf den Berg! Was dann tats\u00e4chlich auf dem Programm steht ist zweitrangig. Nur so viel: wenn der Schnee passt, dann h\u00e4lt mich nichts oder niemand auf der Piste. Bergtour oder Seentour? F\u00fcr mich gibt es im Sommer nichts Sch\u00f6neres, als mit dem Segelboot auf unseren herrlichen Seen unterwegs zu sein. Also wenn ich die Wahl habe, dann nehme ich im Sommer die Berge h\u00f6chstens als Kulisse. Haubenlokal oder Ab-Hof-Laden? Auch hier nehme ich von beidem ein bisschen. Aber bei der Oma schmeckt's dann doch am besten.","url":"https:\/\/www.salzburgerland.com\/de\/magazin\/author\/peter-zeitlhofer\/"}]}},"_wl_alt_label":[],"wl:entity_url":"http:\/\/open.salzburgerland.com\/magazin\/post\/martin_grubinger_-_taktvoll_und_schlagfertig","_links":{"self":[{"href":"https:\/\/www.salzburgerland.com\/de\/magazin\/wp-json\/wp\/v2\/posts\/98188","targetHints":{"allow":["GET"]}}],"collection":[{"href":"https:\/\/www.salzburgerland.com\/de\/magazin\/wp-json\/wp\/v2\/posts"}],"about":[{"href":"https:\/\/www.salzburgerland.com\/de\/magazin\/wp-json\/wp\/v2\/types\/post"}],"author":[{"embeddable":true,"href":"https:\/\/www.salzburgerland.com\/de\/magazin\/wp-json\/wp\/v2\/users\/505"}],"replies":[{"embeddable":true,"href":"https:\/\/www.salzburgerland.com\/de\/magazin\/wp-json\/wp\/v2\/comments?post=98188"}],"version-history":[{"count":0,"href":"https:\/\/www.salzburgerland.com\/de\/magazin\/wp-json\/wp\/v2\/posts\/98188\/revisions"}],"wp:featuredmedia":[{"embeddable":true,"href":"https:\/\/www.salzburgerland.com\/de\/magazin\/wp-json\/wp\/v2\/media\/98205"}],"wp:attachment":[{"href":"https:\/\/www.salzburgerland.com\/de\/magazin\/wp-json\/wp\/v2\/media?parent=98188"}],"wp:term":[{"taxonomy":"category","embeddable":true,"href":"https:\/\/www.salzburgerland.com\/de\/magazin\/wp-json\/wp\/v2\/categories?post=98188"},{"taxonomy":"post_tag","embeddable":true,"href":"https:\/\/www.salzburgerland.com\/de\/magazin\/wp-json\/wp\/v2\/tags?post=98188"},{"taxonomy":"wl_entity_type","embeddable":true,"href":"https:\/\/www.salzburgerland.com\/de\/magazin\/wp-json\/wp\/v2\/wl_entity_type?post=98188"},{"taxonomy":"monatsauswahl","embeddable":true,"href":"https:\/\/www.salzburgerland.com\/de\/magazin\/wp-json\/wp\/v2\/monatsauswahl?post=98188"}],"curies":[{"name":"wp","href":"https:\/\/api.w.org\/{rel}","templated":true}]}}