{"id":97791,"date":"2015-05-26T08:00:48","date_gmt":"2015-05-26T06:00:48","guid":{"rendered":"http:\/\/magazin.salzburgerland.com\/?p=97791"},"modified":"2016-09-04T07:19:08","modified_gmt":"2016-09-04T05:19:08","slug":"reisefuehrer-durchs-andraeviertel","status":"publish","type":"post","link":"https:\/\/www.salzburgerland.com\/de\/magazin\/reisefuehrer-durchs-andraeviertel\/","title":{"rendered":"Reisef\u00fchrer durchs Andr\u00e4viertel"},"content":{"rendered":"<p><strong>Wer an Salzburg denkt, dem f\u00e4llt meist zuerst die barocke Pracht der UNESCO-gesch\u00fctzten Altstadt ein. Salzburg kann aber auch urban. Bestes Beispiel daf\u00fcr ist das Andr\u00e4viertel. Hier geben sich Salzburgs Kreative die Klinke in die Hand und wer durch die von B\u00e4umen ges\u00e4umte Franz-Josef-Stra\u00dfe flaniert, der k\u00f6nnte fast meinen, er bef\u00e4nde sich in Wien oder Paris. Wir haben den besonderen Charme des Andr\u00e4viertels eingefangen und einen kleinen Reisef\u00fchrer f\u00fcr das Viertel zusammengestellt.<\/strong><\/p>\n<p><strong>Eine kurze Geschichte des Andr\u00e4viertels<\/strong><br \/>Wie viele wichtige St\u00e4dte war auch Salzburg lange Zeit von einer Stadtmauer umgeben. Mitte des 19. Jahrhunderts wurde diese jedoch wegen der moderneren Kriegsf\u00fchrung \u00fcberfl\u00fcssig und deshalb abgetragen. Die Steine wurden zur Regulierung der Salzach genutzt und an der ehemaligen Stadtmauer entstand neuer Raum, der angesichts steigender Bev\u00f6lkerungszahlen st\u00e4dtebaulich genutzt wurde. Seit dem Neubau der Andr\u00e4kirche nannte man diesen Teil der Salzburger Neustadt schlie\u00dflich Andr\u00e4viertel.<\/p>\n<p><strong>Architektur: Signore Ceconis Spielwiese<\/strong><br \/>Charakteristisch f\u00fcr das Andr\u00e4viertel sind die imposanten B\u00fcrgerh\u00e4user, von denen viele der ber\u00fchmte Architekt Valentin Ceconi entworfen hat. Die \u00e4ltesten davon sind die sogenannten Faberh\u00e4user in der Rainerstra\u00dfe. Sie sind im sogenannten Ringstra\u00dfenstil gehalten und sorgen f\u00fcr das charakteristische Wiener Flair des Andr\u00e4viertels.<\/p>\n<p><strong>Schlafen: Ruhige Lage f\u00fcr tiefe Tr\u00e4ume<\/strong><br \/>Das Andr\u00e4viertel wird \u00f6fter auch das &#8222;Paris von Salzburg&#8220; genannt, l\u00e4rmm\u00e4\u00dfig haben die beiden St\u00e4dte aber nichts gemein. Wer auf tiefen Schlaf steht, ist hier genau richtig. F\u00fcr kleine Geldb\u00f6rsen bietet sich das <a href=\"http:\/\/www.yoho.at\/\" target=\"_blank\">Yoho<\/a> an. Zentrale Lage, vertr\u00e4gliche Preise und gro\u00dfe Wahrscheinlichkeit, dass man mit anderen Reisenden in Kontakt kommt. <br \/>Ein Highlight f\u00fcr alle, die sich verw\u00f6hnen lassen wollen, ist das <a href=\"http:\/\/www.auersperg.at\/de\/\" target=\"_blank\">Hotel Auersperg<\/a>. Verlockend ist das Bio-Fr\u00fchst\u00fcck, liebevolle Details und der entspannende Garten mitten in der Stadt.<\/p>\n<p><strong>Kulinarik: Von Italien nach Istrien und zur\u00fcck<br \/><\/strong>Auch in Sachen Kulinarik steht das Andr\u00e4viertel seinem gro\u00dfen Bruder Wien um nichts nach. Eine echte Genussmeile ist zum Beispiel die Wolf-Dietrich-Stra\u00dfe. Hier findet man zwei Lokale, die sich in den letzten Jahren von Geheimtipps zu echten Musts gemausert haben: In Alfonso Martones <a href=\"https:\/\/plus.google.com\/102543634897887472718\/about?gl=at&amp;hl=de\" target=\"_blank\">Pasta e Vino<\/a> bekommt man die vermutlich beste Pasta der Stadt, serviert von echten Italienern. Ein St\u00fcck Neapel in Salzburg, das man erlebt haben muss! Einen kleinen Spaziergang weiter dreht es sich immer noch um Italien: Bei <a href=\"https:\/\/www.facebook.com\/Organic-PIZZA-Salzburg-1569055343325119\/\" target=\"_blank\">organic Pizza Salzburg <\/a>gibt es Bio Austria-zertifizierte Pizzen, die noch dazu l\u00e4nglich. Ausgefallen aufgefallen.<br \/>Wen es kulinarisch auf die andere Seite der Adria zieht, der ist in der <a href=\"http:\/\/konoba-istra.com\/\" target=\"_blank\">Konoba ISTRA<\/a> richtig \u2013 hier servieren Sina und sein Team exzellten Fisch und istrische Tr\u00fcffel. Und auch hier wird Charme und Authentizit\u00e4t ganz gro\u00df geschrieben! Um Fisch dreht sich \u00fcbrigens auch alles in der kleinen <a href=\"http:\/\/www.pescheria-backi.com\/\" target=\"_blank\">Pescheria Backi<\/a>, die hier als Geheimtipp nicht fehlen darf.<br \/>F\u00fcr alle Kaffee -und Kuchen-Fans: Unbedingt ins<a href=\"http:\/\/www.cafe-fingerlos.at\/\" target=\"_blank\"> Caf\u00e9 Fingerlos<\/a> und ins nahe gelegene <a href=\"http:\/\/www.cafewernbacher.blogspot.co.at\/\" target=\"_blank\">Caf\u00e9 Wernbacher <\/a>schauen.<\/p>\n<p><strong>Kultur: Theater f\u00fcr Gro\u00df und Klein<br \/><\/strong>Was w\u00e4re die Festspielstadt Salzburg ohne Kunst und Kultur? Auch im Andr\u00e4viertel ist man damit bestens versorgt: Erste Adresse ist das <a href=\"http:\/\/www.toihaus.at\/stuecke\/toihaustheatersalzburg\/\" target=\"_blank\">Toihaus Theater<\/a>, ein kleines aber feines Theater, das sich seit \u00fcber 30 Jahren mit seiner experimentierfreudgen und mutigen Programmgestaltung einen Namen gemacht hat. Ganz besonders bekannt ist das Theater auch f\u00fcr sein Kinder- und Jugendprogramm, zum Beispiel beim <a href=\"http:\/\/toihaus.at\/festival-bim-bam-2017.html\" target=\"_blank\">Bim Bam Festival<\/a>, das im Abstand von zwei Jahren internationale Gr\u00f6\u00dfen des Genres nach Salzburg bringt. In der <a href=\"http:\/\/www.academy-salzburg.at\/the-bar\/\" target=\"_blank\">Academy Bar<\/a> gleich neben dem Theater und im Pavilion des Zwergerlgartens gibt es immer wieder spannende Ausstellungen.<\/p>\n<p><strong>Im Freien: Picknick im Park<\/strong><br \/>F\u00fcr eine Spaziergang oder auch ein Picknick im Park eignet sich der Kurgarten, der rund um den Rosenh\u00fcgel zum Entspannen einl\u00e4dt. Hier ist \u00fcbrigens ein Teil der ehemaligen Stadtmauer erhalten geblieben. Im bekannten Zwergerlgarten steht man auf der ehemaligen Bastion und bekommt einen Eindruck, wie es fr\u00fcher hier ausgesehen haben mag.<\/p>\n<p><strong>Einkaufen: Ein Markt zum Verlieben<br \/><\/strong>Jeden Donnerstag verwandelt sich das Viertel rund um die Andr\u00e4kirche in einen pulsierenden Markt, den man in ganz Salzbug als <a href=\"http:\/\/www.salzburgerschranne.at\/\" target=\"_blank\">&#8222;Schranne&#8220;<\/a> kennt. Auf der &#8222;Schrona&#8220; trifft sich bis heute Jung und Alt, Marktschreier buhlen um Kunden und die regionalen Bauern des SalzburgerLandes bieten ihre frischen Waren an. Ein Erlebnis, das man nicht verpassen sollte! Wer unter der Woche frisches Obst und Gem\u00fcse kaufen m\u00f6chte, der geht auf den kleinen Markt aus gr\u00fcn lackierten Holzbuden, der in der Franz-Josef-Stra\u00dfe steht. Ein Geheimtipp ist das Marktbeisl, das mittags gute Hausmannskost zu vern\u00fcnftigen Preisen serviert &#8211; Marktcharme inklusive!<\/p>\n<p><strong>Ausgehen: Vom Keller in den Himmel<br \/><\/strong>Wer den ganzen Tag durch Salzburgs Gassen und Museen gezogen ist, darf sich abends ruhigen Gewissens ein Gl\u00e4sschen genehmigen. Das Andr\u00e4viertel bietet einige tolle Adressen f\u00fcr einen entspannenden Aperitif oder Absacker, zum Beispiel die hippe <a href=\"http:\/\/www.academy-salzburg.at\/the-bar\/\" target=\"_blank\">Academy Bar<\/a>, das charmante <a href=\"http:\/\/www.cafewernbacher.blogspot.co.at\/\" target=\"_blank\">Caf\u00e9 Wernbacher<\/a> oder das Bellini&#8217;s am Mirabellplatz. Wem der Sinn nach Cocktails in gediegenem Ambiente steht, der geht in die neue <a href=\"http:\/\/www.imlauer.com\/de\/restaurant\/index.asp?dat=sky-restaurant-imlauer-beschreibung&amp;id=91&amp;title=IMLAUER+SKY+-+Bar+%26+Restaurant+in+Salzburg\" target=\"_blank\">IMLAUER SKY Bar<\/a>, die nicht nur mit traumhaftem Panorama, sondern auch mit hervorragender Gastronomie gl\u00e4nzt. Im Untergescho\u00df lockt der <a href=\"http:\/\/www.imlauer.com\/de\/restaurant\/index.asp?dat=pitter-keller-salzburg-beschreibung&amp;id=99&amp;title=PitterKeller+-+Salzburgs+z%C3%BCnftigster+Bierkeller\" target=\"_blank\">PitterKeller<\/a> mit k\u00f6stlichen Bieren und urigem Ambiente. Da bleibt man gerne l\u00e4nger sitzen.<\/p>\n<div class=\"mag-gallery\"><div class=\"row\"><div class=\"col-6 col-sm-4\"><figure><a class=\"thumb-container\" href=\"https:\/\/www.salzburgerland.com\/de\/magazin\/wp-content\/uploads\/2015\/05\/andraeviertel_salzburg_toihaus_theater-1280x1024.jpg\">\t<picture><source media=\"(min-width: 576px)\" srcset=\"https:\/\/www.salzburgerland.com\/de\/magazin\/wp-content\/uploads\/2015\/05\/andraeviertel_salzburg_toihaus_theater-325x209.jpg 325w, https:\/\/www.salzburgerland.com\/de\/magazin\/wp-content\/uploads\/2015\/05\/andraeviertel_salzburg_toihaus_theater-249x160.jpg 249w\" \/><source media=\"(min-width: 0)\" srcset=\"https:\/\/www.salzburgerland.com\/de\/magazin\/wp-content\/uploads\/2015\/05\/andraeviertel_salzburg_toihaus_theater-249x160.jpg 249w, https:\/\/www.salzburgerland.com\/de\/magazin\/wp-content\/uploads\/2015\/05\/andraeviertel_salzburg_toihaus_theater-325x209.jpg 325w\" \/><img decoding=\"async\" alt=\"Schwarz-Wei\u00df-Foto eines Theaterschilds an einem verzierten Geb\u00e4ude, von unten gesehen.\" src=\"https:\/\/www.salzburgerland.com\/de\/magazin\/wp-content\/uploads\/2015\/05\/andraeviertel_salzburg_toihaus_theater.jpg\" \/>\t<\/picture><\/a><\/figure><\/div><div class=\"col-6 col-sm-4\"><figure><a class=\"thumb-container\" href=\"https:\/\/www.salzburgerland.com\/de\/magazin\/wp-content\/uploads\/2015\/05\/andraeviertel_salzburg-2-1280x1024.jpg\">\t<picture><source media=\"(min-width: 576px)\" srcset=\"\" \/><source media=\"(min-width: 0)\" srcset=\"https:\/\/www.salzburgerland.com\/de\/magazin\/wp-content\/uploads\/2015\/05\/andraeviertel_salzburg-2.jpg 1067w, https:\/\/www.salzburgerland.com\/de\/magazin\/wp-content\/uploads\/2015\/05\/andraeviertel_salzburg-2-200x300.jpg 200w, https:\/\/www.salzburgerland.com\/de\/magazin\/wp-content\/uploads\/2015\/05\/andraeviertel_salzburg-2-367x550.jpg 367w, https:\/\/www.salzburgerland.com\/de\/magazin\/wp-content\/uploads\/2015\/05\/andraeviertel_salzburg-2-267x400.jpg 267w\" \/><img decoding=\"async\" alt=\"Verschn\u00f6rkelte Fassade mit S\u00e4ulen, zwei geschnitzten Figuren und einem Schild mit der Aufschrift Spitalerstra\u00dfe 2.\" src=\"https:\/\/www.salzburgerland.com\/de\/magazin\/wp-content\/uploads\/2015\/05\/andraeviertel_salzburg-2.jpg\" \/>\t<\/picture><\/a><\/figure><\/div><div class=\"col-6 col-sm-4\"><figure><a class=\"thumb-container\" href=\"https:\/\/www.salzburgerland.com\/de\/magazin\/wp-content\/uploads\/2015\/05\/andraeviertel_salzburg-41-1280x1024.jpg\">\t<picture><source media=\"(min-width: 576px)\" srcset=\"https:\/\/www.salzburgerland.com\/de\/magazin\/wp-content\/uploads\/2015\/05\/andraeviertel_salzburg-41-325x209.jpg 325w, https:\/\/www.salzburgerland.com\/de\/magazin\/wp-content\/uploads\/2015\/05\/andraeviertel_salzburg-41-249x160.jpg 249w\" \/><source media=\"(min-width: 0)\" srcset=\"https:\/\/www.salzburgerland.com\/de\/magazin\/wp-content\/uploads\/2015\/05\/andraeviertel_salzburg-41-249x160.jpg 249w, https:\/\/www.salzburgerland.com\/de\/magazin\/wp-content\/uploads\/2015\/05\/andraeviertel_salzburg-41-325x209.jpg 325w\" \/><img decoding=\"async\" alt=\"Marktszene im Freien mit gr\u00fcnen Schaufenstern, Tischen und St\u00fchlen und St\u00e4nden mit frischen Produkten auf einem gepflasterten Gehweg.\" src=\"https:\/\/www.salzburgerland.com\/de\/magazin\/wp-content\/uploads\/2015\/05\/andraeviertel_salzburg-41.jpg\" \/>\t<\/picture><\/a><\/figure><\/div><div class=\"col-6 col-sm-4\"><figure><a class=\"thumb-container\" href=\"https:\/\/www.salzburgerland.com\/de\/magazin\/wp-content\/uploads\/2015\/05\/andraeviertel_salzburg-5-1280x1024.jpg\">\t<picture><source media=\"(min-width: 576px)\" srcset=\"https:\/\/www.salzburgerland.com\/de\/magazin\/wp-content\/uploads\/2015\/05\/andraeviertel_salzburg-5-325x209.jpg 325w, https:\/\/www.salzburgerland.com\/de\/magazin\/wp-content\/uploads\/2015\/05\/andraeviertel_salzburg-5-249x160.jpg 249w\" \/><source media=\"(min-width: 0)\" srcset=\"https:\/\/www.salzburgerland.com\/de\/magazin\/wp-content\/uploads\/2015\/05\/andraeviertel_salzburg-5-249x160.jpg 249w, https:\/\/www.salzburgerland.com\/de\/magazin\/wp-content\/uploads\/2015\/05\/andraeviertel_salzburg-5-325x209.jpg 325w\" \/><img decoding=\"async\" alt=\"Drei Kinder klettern auf einen gro\u00dfen, verdrehten Baum in einem Park, w\u00e4hrend im Hintergrund Menschen spazieren gehen.\" src=\"https:\/\/www.salzburgerland.com\/de\/magazin\/wp-content\/uploads\/2015\/05\/andraeviertel_salzburg-5.jpg\" \/>\t<\/picture><\/a><\/figure><\/div><div class=\"col-6 col-sm-4\"><figure><a class=\"thumb-container\" href=\"https:\/\/www.salzburgerland.com\/de\/magazin\/wp-content\/uploads\/2015\/05\/andraeviertel_salzburg-32-1280x1024.jpg\">\t<picture><source media=\"(min-width: 576px)\" srcset=\"\" \/><source media=\"(min-width: 0)\" srcset=\"https:\/\/www.salzburgerland.com\/de\/magazin\/wp-content\/uploads\/2015\/05\/andraeviertel_salzburg-32.jpg 1067w, https:\/\/www.salzburgerland.com\/de\/magazin\/wp-content\/uploads\/2015\/05\/andraeviertel_salzburg-32-200x300.jpg 200w, https:\/\/www.salzburgerland.com\/de\/magazin\/wp-content\/uploads\/2015\/05\/andraeviertel_salzburg-32-367x550.jpg 367w, https:\/\/www.salzburgerland.com\/de\/magazin\/wp-content\/uploads\/2015\/05\/andraeviertel_salzburg-32-267x400.jpg 267w\" \/><img decoding=\"async\" alt=\"Ein deutsches Marktschild an einem Pfahl mit der Aufschrift Donnerstag Markt Ab 4\u00b0\u00b0 und verschiedenen Aufklebern darauf.\" src=\"https:\/\/www.salzburgerland.com\/de\/magazin\/wp-content\/uploads\/2015\/05\/andraeviertel_salzburg-32.jpg\" \/>\t<\/picture><\/a><\/figure><\/div><div class=\"col-6 col-sm-4\"><figure><a class=\"thumb-container\" href=\"https:\/\/www.salzburgerland.com\/de\/magazin\/wp-content\/uploads\/2015\/05\/andraeviertel_salzburg-1-1280x1024.jpg\">\t<picture><source media=\"(min-width: 576px)\" srcset=\"https:\/\/www.salzburgerland.com\/de\/magazin\/wp-content\/uploads\/2015\/05\/andraeviertel_salzburg-1-325x209.jpg 325w, https:\/\/www.salzburgerland.com\/de\/magazin\/wp-content\/uploads\/2015\/05\/andraeviertel_salzburg-1-249x160.jpg 249w\" \/><source media=\"(min-width: 0)\" srcset=\"https:\/\/www.salzburgerland.com\/de\/magazin\/wp-content\/uploads\/2015\/05\/andraeviertel_salzburg-1-249x160.jpg 249w, https:\/\/www.salzburgerland.com\/de\/magazin\/wp-content\/uploads\/2015\/05\/andraeviertel_salzburg-1-325x209.jpg 325w\" \/><img decoding=\"async\" alt=\"Geschwungene Gartenwege mit einer Statue, Blumen und einem Schloss auf einem H\u00fcgel im Hintergrund, eingerahmt von B\u00e4umen.\" src=\"https:\/\/www.salzburgerland.com\/de\/magazin\/wp-content\/uploads\/2015\/05\/andraeviertel_salzburg-1.jpg\" \/>\t<\/picture><\/a><\/figure><\/div><\/div><\/div><figcaption><\/figcaption>\n","protected":false},"excerpt":{"rendered":"<p>Wer an Salzburg denkt, dem f\u00e4llt meist zuerst die barocke Pracht der UNESCO-gesch\u00fctzten Altstadt ein. Salzburg kann aber auch urban. Bestes Beispiel daf\u00fcr ist das Andr\u00e4viertel. Hier geben sich Salzburgs Kreative die Klinke in die Hand und wer durch die von B\u00e4umen ges\u00e4umte Franz-Josef-Stra\u00dfe flaniert, der k\u00f6nnte fast meinen, er bef\u00e4nde sich in Wien oder [&hellip;]<\/p>\n","protected":false},"author":488,"featured_media":98496,"comment_status":"open","ping_status":"open","sticky":false,"template":"","format":"standard","meta":{"_acf_changed":false,"wl_entities_gutenberg":"","_wl_entity_redirect_enabled":"","footnotes":""},"categories":[9],"tags":[],"wl_entity_type":[306],"monatsauswahl":[82,83,84,85,86,87,88,89,90,91,92,93],"class_list":["post-97791","post","type-post","status-publish","format-standard","has-post-thumbnail","hentry","category-sehenswurdig","wl_entity_type-article","monatsauswahl-monat_1","monatsauswahl-monat_2","monatsauswahl-monat_3","monatsauswahl-monat_4","monatsauswahl-monat_5","monatsauswahl-monat_6","monatsauswahl-monat_7","monatsauswahl-monat_8","monatsauswahl-monat_9","monatsauswahl-monat_10","monatsauswahl-monat_11","monatsauswahl-monat_12"],"acf":[],"yoast_head":"<!-- This site is optimized with the Yoast SEO Premium plugin v27.4 (Yoast SEO v27.4) - https:\/\/yoast.com\/product\/yoast-seo-premium-wordpress\/ -->\n<title>Reisef\u00fchrer durchs Andr\u00e4viertel - SalzburgerLand Magazin<\/title>\n<meta name=\"description\" content=\"Wer an Salzburg denkt, dem f\u00e4llt meist zuerst die barocke Pracht der UNESCO-gesch\u00fctzten Altstadt ein. Salzburg kann aber auch urban. Bestes Beispiel daf\u00fcr ist das Andr\u00e4viertel. Hier geben sich Salzburgs Kreative die Klinke in die Hand und wer durch die von B\u00e4umen ges\u00e4umte Franz-Josef-Stra\u00dfe flaniert, der k\u00f6nnte fast meinen, er bef\u00e4nde sich in Wien oder [&hellip;]\" \/>\n<meta name=\"robots\" content=\"index, follow, max-snippet:-1, max-image-preview:large, max-video-preview:-1\" \/>\n<link rel=\"canonical\" href=\"https:\/\/www.salzburgerland.com\/de\/magazin\/reisefuehrer-durchs-andraeviertel\/\" \/>\n<meta property=\"og:locale\" content=\"de_DE\" \/>\n<meta property=\"og:type\" content=\"article\" \/>\n<meta property=\"og:title\" content=\"Reisef\u00fchrer durchs Andr\u00e4viertel\" \/>\n<meta property=\"og:description\" content=\"Wer an Salzburg denkt, dem f\u00e4llt meist zuerst die barocke Pracht der UNESCO-gesch\u00fctzten Altstadt ein. Salzburg kann aber auch urban. Bestes Beispiel daf\u00fcr ist das Andr\u00e4viertel. Hier geben sich Salzburgs Kreative die Klinke in die Hand und wer durch die von B\u00e4umen ges\u00e4umte Franz-Josef-Stra\u00dfe flaniert, der k\u00f6nnte fast meinen, er bef\u00e4nde sich in Wien oder [&hellip;]\" \/>\n<meta property=\"og:url\" content=\"https:\/\/www.salzburgerland.com\/de\/magazin\/reisefuehrer-durchs-andraeviertel\/\" \/>\n<meta property=\"og:site_name\" content=\"SalzburgerLand Magazin\" \/>\n<meta property=\"article:publisher\" content=\"https:\/\/www.facebook.com\/salzburgerland\/\" \/>\n<meta property=\"article:author\" content=\"www.facebook.com\/fraeuleinflora\" \/>\n<meta property=\"article:published_time\" content=\"2015-05-26T06:00:48+00:00\" \/>\n<meta property=\"article:modified_time\" content=\"2016-09-04T05:19:08+00:00\" \/>\n<meta property=\"og:image\" content=\"https:\/\/www.salzburgerland.com\/de\/magazin\/wp-content\/uploads\/2015\/05\/andraeviertel_salzburg-4.jpg\" \/>\n\t<meta property=\"og:image:width\" content=\"1600\" \/>\n\t<meta property=\"og:image:height\" content=\"1067\" \/>\n\t<meta property=\"og:image:type\" content=\"image\/jpeg\" \/>\n<meta name=\"author\" content=\"Eva Krallinger\" \/>\n<meta name=\"twitter:card\" content=\"summary_large_image\" \/>\n<meta name=\"twitter:creator\" content=\"@keeeva\" \/>\n<meta name=\"twitter:site\" content=\"@Salzburgerland\" \/>\n<meta name=\"twitter:label1\" content=\"Verfasst von\" \/>\n\t<meta name=\"twitter:data1\" content=\"Eva Krallinger\" \/>\n\t<meta name=\"twitter:label2\" content=\"Gesch\u00e4tzte Lesezeit\" \/>\n\t<meta name=\"twitter:data2\" content=\"4\u00a0Minuten\" \/>\n<script type=\"application\/ld+json\" class=\"yoast-schema-graph\">{\"@context\":\"https:\\\/\\\/schema.org\",\"@graph\":[{\"@type\":\"Article\",\"@id\":\"https:\\\/\\\/www.salzburgerland.com\\\/de\\\/magazin\\\/reisefuehrer-durchs-andraeviertel\\\/#article\",\"isPartOf\":{\"@id\":\"https:\\\/\\\/www.salzburgerland.com\\\/de\\\/magazin\\\/reisefuehrer-durchs-andraeviertel\\\/\"},\"author\":{\"name\":\"Eva Krallinger\",\"@id\":\"https:\\\/\\\/www.salzburgerland.com\\\/de\\\/magazin\\\/#\\\/schema\\\/person\\\/ae3e7554e48d7c28b7f7f64f0ea3c635\"},\"headline\":\"Reisef\u00fchrer durchs Andr\u00e4viertel\",\"datePublished\":\"2015-05-26T06:00:48+00:00\",\"dateModified\":\"2016-09-04T05:19:08+00:00\",\"mainEntityOfPage\":{\"@id\":\"https:\\\/\\\/www.salzburgerland.com\\\/de\\\/magazin\\\/reisefuehrer-durchs-andraeviertel\\\/\"},\"wordCount\":883,\"commentCount\":0,\"publisher\":{\"@id\":\"https:\\\/\\\/www.salzburgerland.com\\\/de\\\/magazin\\\/#organization\"},\"image\":{\"@id\":\"https:\\\/\\\/www.salzburgerland.com\\\/de\\\/magazin\\\/reisefuehrer-durchs-andraeviertel\\\/#primaryimage\"},\"thumbnailUrl\":\"https:\\\/\\\/www.salzburgerland.com\\\/de\\\/magazin\\\/wp-content\\\/uploads\\\/2015\\\/05\\\/andraeviertel_salzburg-4.jpg\",\"articleSection\":[\"Sehensw\u00fcrdig\"],\"inLanguage\":\"de\",\"potentialAction\":[{\"@type\":\"CommentAction\",\"name\":\"Comment\",\"target\":[\"https:\\\/\\\/www.salzburgerland.com\\\/de\\\/magazin\\\/reisefuehrer-durchs-andraeviertel\\\/#respond\"]}]},{\"@type\":\"WebPage\",\"@id\":\"https:\\\/\\\/www.salzburgerland.com\\\/de\\\/magazin\\\/reisefuehrer-durchs-andraeviertel\\\/\",\"url\":\"https:\\\/\\\/www.salzburgerland.com\\\/de\\\/magazin\\\/reisefuehrer-durchs-andraeviertel\\\/\",\"name\":\"Reisef\u00fchrer durchs Andr\u00e4viertel - SalzburgerLand Magazin\",\"isPartOf\":{\"@id\":\"https:\\\/\\\/www.salzburgerland.com\\\/de\\\/magazin\\\/#website\"},\"primaryImageOfPage\":{\"@id\":\"https:\\\/\\\/www.salzburgerland.com\\\/de\\\/magazin\\\/reisefuehrer-durchs-andraeviertel\\\/#primaryimage\"},\"image\":{\"@id\":\"https:\\\/\\\/www.salzburgerland.com\\\/de\\\/magazin\\\/reisefuehrer-durchs-andraeviertel\\\/#primaryimage\"},\"thumbnailUrl\":\"https:\\\/\\\/www.salzburgerland.com\\\/de\\\/magazin\\\/wp-content\\\/uploads\\\/2015\\\/05\\\/andraeviertel_salzburg-4.jpg\",\"datePublished\":\"2015-05-26T06:00:48+00:00\",\"dateModified\":\"2016-09-04T05:19:08+00:00\",\"breadcrumb\":{\"@id\":\"https:\\\/\\\/www.salzburgerland.com\\\/de\\\/magazin\\\/reisefuehrer-durchs-andraeviertel\\\/#breadcrumb\"},\"inLanguage\":\"de\",\"potentialAction\":[{\"@type\":\"ReadAction\",\"target\":[\"https:\\\/\\\/www.salzburgerland.com\\\/de\\\/magazin\\\/reisefuehrer-durchs-andraeviertel\\\/\"]}]},{\"@type\":\"ImageObject\",\"inLanguage\":\"de\",\"@id\":\"https:\\\/\\\/www.salzburgerland.com\\\/de\\\/magazin\\\/reisefuehrer-durchs-andraeviertel\\\/#primaryimage\",\"url\":\"https:\\\/\\\/www.salzburgerland.com\\\/de\\\/magazin\\\/wp-content\\\/uploads\\\/2015\\\/05\\\/andraeviertel_salzburg-4.jpg\",\"contentUrl\":\"https:\\\/\\\/www.salzburgerland.com\\\/de\\\/magazin\\\/wp-content\\\/uploads\\\/2015\\\/05\\\/andraeviertel_salzburg-4.jpg\",\"width\":1600,\"height\":1067,\"caption\":\"Ein eigener Mikrokosmos: der kleine Markt in der Franz-Josef-Stra\u00dfe\"},{\"@type\":\"BreadcrumbList\",\"@id\":\"https:\\\/\\\/www.salzburgerland.com\\\/de\\\/magazin\\\/reisefuehrer-durchs-andraeviertel\\\/#breadcrumb\",\"itemListElement\":[{\"@type\":\"ListItem\",\"position\":1,\"name\":\"Startseite\",\"item\":\"https:\\\/\\\/www.salzburgerland.com\\\/de\\\/magazin\\\/\"},{\"@type\":\"ListItem\",\"position\":2,\"name\":\"Sehensw\u00fcrdig\",\"item\":\"https:\\\/\\\/www.salzburgerland.com\\\/de\\\/magazin\\\/thema\\\/sehenswurdig\\\/\"},{\"@type\":\"ListItem\",\"position\":3,\"name\":\"Reisef\u00fchrer durchs Andr\u00e4viertel\"}]},{\"@type\":\"WebSite\",\"@id\":\"https:\\\/\\\/www.salzburgerland.com\\\/de\\\/magazin\\\/#website\",\"url\":\"https:\\\/\\\/www.salzburgerland.com\\\/de\\\/magazin\\\/\",\"name\":\"SalzburgerLand Magazin\",\"description\":\"Geschichten und Interessantes aus dem SalzburgerLand\",\"publisher\":{\"@id\":\"https:\\\/\\\/www.salzburgerland.com\\\/de\\\/magazin\\\/#organization\"},\"potentialAction\":[{\"@type\":\"SearchAction\",\"target\":{\"@type\":\"EntryPoint\",\"urlTemplate\":\"https:\\\/\\\/www.salzburgerland.com\\\/de\\\/magazin\\\/?s={search_term_string}\"},\"query-input\":{\"@type\":\"PropertyValueSpecification\",\"valueRequired\":true,\"valueName\":\"search_term_string\"}}],\"inLanguage\":\"de\"},{\"@type\":\"Organization\",\"@id\":\"https:\\\/\\\/www.salzburgerland.com\\\/de\\\/magazin\\\/#organization\",\"name\":\"SalzburgerLand Tourismus\",\"url\":\"https:\\\/\\\/www.salzburgerland.com\\\/de\\\/magazin\\\/\",\"logo\":{\"@type\":\"ImageObject\",\"inLanguage\":\"de\",\"@id\":\"https:\\\/\\\/www.salzburgerland.com\\\/de\\\/magazin\\\/#\\\/schema\\\/logo\\\/image\\\/\",\"url\":\"https:\\\/\\\/www.salzburgerland.com\\\/de\\\/magazin\\\/wp-content\\\/uploads\\\/2019\\\/06\\\/salzburgerland-logo1.jpg\",\"contentUrl\":\"https:\\\/\\\/www.salzburgerland.com\\\/de\\\/magazin\\\/wp-content\\\/uploads\\\/2019\\\/06\\\/salzburgerland-logo1.jpg\",\"width\":2011,\"height\":866,\"caption\":\"SalzburgerLand Tourismus\"},\"image\":{\"@id\":\"https:\\\/\\\/www.salzburgerland.com\\\/de\\\/magazin\\\/#\\\/schema\\\/logo\\\/image\\\/\"},\"sameAs\":[\"https:\\\/\\\/www.facebook.com\\\/salzburgerland\\\/\",\"https:\\\/\\\/x.com\\\/Salzburgerland\",\"https:\\\/\\\/www.instagram.com\\\/salzburgerland\\\/\",\"https:\\\/\\\/at.linkedin.com\\\/company\\\/salzburgerland-tourismus-gmbh\",\"https:\\\/\\\/www.pinterest.at\\\/salzburgerland\\\/\",\"https:\\\/\\\/www.youtube.com\\\/user\\\/salzburgerland\",\"https:\\\/\\\/de.wikipedia.org\\\/wiki\\\/SalzburgerLand_Tourismus_GmbH\"]},{\"@type\":\"Person\",\"@id\":\"https:\\\/\\\/www.salzburgerland.com\\\/de\\\/magazin\\\/#\\\/schema\\\/person\\\/ae3e7554e48d7c28b7f7f64f0ea3c635\",\"name\":\"Eva Krallinger\",\"description\":\"Gerade erst die Vollj\u00e4hrigkeit erreicht, will man immer nur das Eine: Weg von daheim, raus in die Welt und ja nichts verpassen. Also ab nach K\u00e4rnten (Zwischenstopp), Frankreich, Washington D.C., Schweiz. Ein paar Jahre sp\u00e4ter will man dann wieder nur das Andere: zur\u00fcck nach Hause, ins Gr\u00fcne, ins Blaue, ins Wei\u00dfe und ins Graue. Von der Angst vorm Verpassen ist dann nichts mehr \u00fcbrig, im Gegenteil, es wird eigentlich gerne verpasst, um sich aufs Wesentliche zu konzentrieren und bewusst zu genie\u00dfen, was dieses Daheim zu bieten hat. Mein Logenplatz im Salzburgerland? Das Gollinger Bluntautal. Schon als Kind habe ich dort gespielt und habe das eine oder andere Mal unabsichtlich Bekanntschaft mit dem wirklich (!) kalten Wasser geschlossen. Dosige oder Zuagroaste? Dosige, aus dem Herzen des Salzburger Tennengaus. Fr\u00fchling, Sommer, Herbst oder Winter? Sommer, aber immer nur mit Sonnenschutzfaktor 50+. Salzburger Nockerl oder Schwarzbeernocken? Schwarzbeernocken - wegen der blauen Zunge danach. Weltliteratur oder Tratsch und Klatsch? Weltliteratur in Buchform, Tratsch und Klatsch im Kaffeehaus. Schreibt f\u00fcr das junge Salzurger Onlinemagazin Fr\u00e4ulein Floras Favourite Hangouts \u00fcber Menschen, Orte und Geschichte in Salzburg und liebt es.\",\"sameAs\":[\"http:\\\/\\\/www.fraeuleinflora.at\",\"www.facebook.com\\\/fraeuleinflora\",\"https:\\\/\\\/x.com\\\/keeeva\"],\"url\":\"https:\\\/\\\/www.salzburgerland.com\\\/de\\\/magazin\\\/author\\\/eva-krallinger\\\/\"}]}<\/script>\n<!-- \/ Yoast SEO Premium plugin. -->","yoast_head_json":{"title":"Reisef\u00fchrer durchs Andr\u00e4viertel - SalzburgerLand Magazin","description":"Wer an Salzburg denkt, dem f\u00e4llt meist zuerst die barocke Pracht der UNESCO-gesch\u00fctzten Altstadt ein. Salzburg kann aber auch urban. Bestes Beispiel daf\u00fcr ist das Andr\u00e4viertel. Hier geben sich Salzburgs Kreative die Klinke in die Hand und wer durch die von B\u00e4umen ges\u00e4umte Franz-Josef-Stra\u00dfe flaniert, der k\u00f6nnte fast meinen, er bef\u00e4nde sich in Wien oder [&hellip;]","robots":{"index":"index","follow":"follow","max-snippet":"max-snippet:-1","max-image-preview":"max-image-preview:large","max-video-preview":"max-video-preview:-1"},"canonical":"https:\/\/www.salzburgerland.com\/de\/magazin\/reisefuehrer-durchs-andraeviertel\/","og_locale":"de_DE","og_type":"article","og_title":"Reisef\u00fchrer durchs Andr\u00e4viertel","og_description":"Wer an Salzburg denkt, dem f\u00e4llt meist zuerst die barocke Pracht der UNESCO-gesch\u00fctzten Altstadt ein. Salzburg kann aber auch urban. Bestes Beispiel daf\u00fcr ist das Andr\u00e4viertel. Hier geben sich Salzburgs Kreative die Klinke in die Hand und wer durch die von B\u00e4umen ges\u00e4umte Franz-Josef-Stra\u00dfe flaniert, der k\u00f6nnte fast meinen, er bef\u00e4nde sich in Wien oder [&hellip;]","og_url":"https:\/\/www.salzburgerland.com\/de\/magazin\/reisefuehrer-durchs-andraeviertel\/","og_site_name":"SalzburgerLand Magazin","article_publisher":"https:\/\/www.facebook.com\/salzburgerland\/","article_author":"www.facebook.com\/fraeuleinflora","article_published_time":"2015-05-26T06:00:48+00:00","article_modified_time":"2016-09-04T05:19:08+00:00","og_image":[{"width":1600,"height":1067,"url":"https:\/\/www.salzburgerland.com\/de\/magazin\/wp-content\/uploads\/2015\/05\/andraeviertel_salzburg-4.jpg","type":"image\/jpeg"}],"author":"Eva Krallinger","twitter_card":"summary_large_image","twitter_creator":"@keeeva","twitter_site":"@Salzburgerland","twitter_misc":{"Verfasst von":"Eva Krallinger","Gesch\u00e4tzte Lesezeit":"4\u00a0Minuten"},"schema":{"@context":"https:\/\/schema.org","@graph":[{"@type":"Article","@id":"https:\/\/www.salzburgerland.com\/de\/magazin\/reisefuehrer-durchs-andraeviertel\/#article","isPartOf":{"@id":"https:\/\/www.salzburgerland.com\/de\/magazin\/reisefuehrer-durchs-andraeviertel\/"},"author":{"name":"Eva Krallinger","@id":"https:\/\/www.salzburgerland.com\/de\/magazin\/#\/schema\/person\/ae3e7554e48d7c28b7f7f64f0ea3c635"},"headline":"Reisef\u00fchrer durchs Andr\u00e4viertel","datePublished":"2015-05-26T06:00:48+00:00","dateModified":"2016-09-04T05:19:08+00:00","mainEntityOfPage":{"@id":"https:\/\/www.salzburgerland.com\/de\/magazin\/reisefuehrer-durchs-andraeviertel\/"},"wordCount":883,"commentCount":0,"publisher":{"@id":"https:\/\/www.salzburgerland.com\/de\/magazin\/#organization"},"image":{"@id":"https:\/\/www.salzburgerland.com\/de\/magazin\/reisefuehrer-durchs-andraeviertel\/#primaryimage"},"thumbnailUrl":"https:\/\/www.salzburgerland.com\/de\/magazin\/wp-content\/uploads\/2015\/05\/andraeviertel_salzburg-4.jpg","articleSection":["Sehensw\u00fcrdig"],"inLanguage":"de","potentialAction":[{"@type":"CommentAction","name":"Comment","target":["https:\/\/www.salzburgerland.com\/de\/magazin\/reisefuehrer-durchs-andraeviertel\/#respond"]}]},{"@type":"WebPage","@id":"https:\/\/www.salzburgerland.com\/de\/magazin\/reisefuehrer-durchs-andraeviertel\/","url":"https:\/\/www.salzburgerland.com\/de\/magazin\/reisefuehrer-durchs-andraeviertel\/","name":"Reisef\u00fchrer durchs Andr\u00e4viertel - SalzburgerLand Magazin","isPartOf":{"@id":"https:\/\/www.salzburgerland.com\/de\/magazin\/#website"},"primaryImageOfPage":{"@id":"https:\/\/www.salzburgerland.com\/de\/magazin\/reisefuehrer-durchs-andraeviertel\/#primaryimage"},"image":{"@id":"https:\/\/www.salzburgerland.com\/de\/magazin\/reisefuehrer-durchs-andraeviertel\/#primaryimage"},"thumbnailUrl":"https:\/\/www.salzburgerland.com\/de\/magazin\/wp-content\/uploads\/2015\/05\/andraeviertel_salzburg-4.jpg","datePublished":"2015-05-26T06:00:48+00:00","dateModified":"2016-09-04T05:19:08+00:00","breadcrumb":{"@id":"https:\/\/www.salzburgerland.com\/de\/magazin\/reisefuehrer-durchs-andraeviertel\/#breadcrumb"},"inLanguage":"de","potentialAction":[{"@type":"ReadAction","target":["https:\/\/www.salzburgerland.com\/de\/magazin\/reisefuehrer-durchs-andraeviertel\/"]}]},{"@type":"ImageObject","inLanguage":"de","@id":"https:\/\/www.salzburgerland.com\/de\/magazin\/reisefuehrer-durchs-andraeviertel\/#primaryimage","url":"https:\/\/www.salzburgerland.com\/de\/magazin\/wp-content\/uploads\/2015\/05\/andraeviertel_salzburg-4.jpg","contentUrl":"https:\/\/www.salzburgerland.com\/de\/magazin\/wp-content\/uploads\/2015\/05\/andraeviertel_salzburg-4.jpg","width":1600,"height":1067,"caption":"Ein eigener Mikrokosmos: der kleine Markt in der Franz-Josef-Stra\u00dfe"},{"@type":"BreadcrumbList","@id":"https:\/\/www.salzburgerland.com\/de\/magazin\/reisefuehrer-durchs-andraeviertel\/#breadcrumb","itemListElement":[{"@type":"ListItem","position":1,"name":"Startseite","item":"https:\/\/www.salzburgerland.com\/de\/magazin\/"},{"@type":"ListItem","position":2,"name":"Sehensw\u00fcrdig","item":"https:\/\/www.salzburgerland.com\/de\/magazin\/thema\/sehenswurdig\/"},{"@type":"ListItem","position":3,"name":"Reisef\u00fchrer durchs Andr\u00e4viertel"}]},{"@type":"WebSite","@id":"https:\/\/www.salzburgerland.com\/de\/magazin\/#website","url":"https:\/\/www.salzburgerland.com\/de\/magazin\/","name":"SalzburgerLand Magazin","description":"Geschichten und Interessantes aus dem SalzburgerLand","publisher":{"@id":"https:\/\/www.salzburgerland.com\/de\/magazin\/#organization"},"potentialAction":[{"@type":"SearchAction","target":{"@type":"EntryPoint","urlTemplate":"https:\/\/www.salzburgerland.com\/de\/magazin\/?s={search_term_string}"},"query-input":{"@type":"PropertyValueSpecification","valueRequired":true,"valueName":"search_term_string"}}],"inLanguage":"de"},{"@type":"Organization","@id":"https:\/\/www.salzburgerland.com\/de\/magazin\/#organization","name":"SalzburgerLand Tourismus","url":"https:\/\/www.salzburgerland.com\/de\/magazin\/","logo":{"@type":"ImageObject","inLanguage":"de","@id":"https:\/\/www.salzburgerland.com\/de\/magazin\/#\/schema\/logo\/image\/","url":"https:\/\/www.salzburgerland.com\/de\/magazin\/wp-content\/uploads\/2019\/06\/salzburgerland-logo1.jpg","contentUrl":"https:\/\/www.salzburgerland.com\/de\/magazin\/wp-content\/uploads\/2019\/06\/salzburgerland-logo1.jpg","width":2011,"height":866,"caption":"SalzburgerLand Tourismus"},"image":{"@id":"https:\/\/www.salzburgerland.com\/de\/magazin\/#\/schema\/logo\/image\/"},"sameAs":["https:\/\/www.facebook.com\/salzburgerland\/","https:\/\/x.com\/Salzburgerland","https:\/\/www.instagram.com\/salzburgerland\/","https:\/\/at.linkedin.com\/company\/salzburgerland-tourismus-gmbh","https:\/\/www.pinterest.at\/salzburgerland\/","https:\/\/www.youtube.com\/user\/salzburgerland","https:\/\/de.wikipedia.org\/wiki\/SalzburgerLand_Tourismus_GmbH"]},{"@type":"Person","@id":"https:\/\/www.salzburgerland.com\/de\/magazin\/#\/schema\/person\/ae3e7554e48d7c28b7f7f64f0ea3c635","name":"Eva Krallinger","description":"Gerade erst die Vollj\u00e4hrigkeit erreicht, will man immer nur das Eine: Weg von daheim, raus in die Welt und ja nichts verpassen. Also ab nach K\u00e4rnten (Zwischenstopp), Frankreich, Washington D.C., Schweiz. Ein paar Jahre sp\u00e4ter will man dann wieder nur das Andere: zur\u00fcck nach Hause, ins Gr\u00fcne, ins Blaue, ins Wei\u00dfe und ins Graue. Von der Angst vorm Verpassen ist dann nichts mehr \u00fcbrig, im Gegenteil, es wird eigentlich gerne verpasst, um sich aufs Wesentliche zu konzentrieren und bewusst zu genie\u00dfen, was dieses Daheim zu bieten hat. Mein Logenplatz im Salzburgerland? Das Gollinger Bluntautal. Schon als Kind habe ich dort gespielt und habe das eine oder andere Mal unabsichtlich Bekanntschaft mit dem wirklich (!) kalten Wasser geschlossen. Dosige oder Zuagroaste? Dosige, aus dem Herzen des Salzburger Tennengaus. Fr\u00fchling, Sommer, Herbst oder Winter? Sommer, aber immer nur mit Sonnenschutzfaktor 50+. Salzburger Nockerl oder Schwarzbeernocken? Schwarzbeernocken - wegen der blauen Zunge danach. Weltliteratur oder Tratsch und Klatsch? Weltliteratur in Buchform, Tratsch und Klatsch im Kaffeehaus. Schreibt f\u00fcr das junge Salzurger Onlinemagazin Fr\u00e4ulein Floras Favourite Hangouts \u00fcber Menschen, Orte und Geschichte in Salzburg und liebt es.","sameAs":["http:\/\/www.fraeuleinflora.at","www.facebook.com\/fraeuleinflora","https:\/\/x.com\/keeeva"],"url":"https:\/\/www.salzburgerland.com\/de\/magazin\/author\/eva-krallinger\/"}]}},"_wl_alt_label":[],"wl:entity_url":"http:\/\/open.salzburgerland.com\/magazin\/post\/reisefuehrer_durchs_andraeviertel","_links":{"self":[{"href":"https:\/\/www.salzburgerland.com\/de\/magazin\/wp-json\/wp\/v2\/posts\/97791","targetHints":{"allow":["GET"]}}],"collection":[{"href":"https:\/\/www.salzburgerland.com\/de\/magazin\/wp-json\/wp\/v2\/posts"}],"about":[{"href":"https:\/\/www.salzburgerland.com\/de\/magazin\/wp-json\/wp\/v2\/types\/post"}],"author":[{"embeddable":true,"href":"https:\/\/www.salzburgerland.com\/de\/magazin\/wp-json\/wp\/v2\/users\/488"}],"replies":[{"embeddable":true,"href":"https:\/\/www.salzburgerland.com\/de\/magazin\/wp-json\/wp\/v2\/comments?post=97791"}],"version-history":[{"count":0,"href":"https:\/\/www.salzburgerland.com\/de\/magazin\/wp-json\/wp\/v2\/posts\/97791\/revisions"}],"wp:featuredmedia":[{"embeddable":true,"href":"https:\/\/www.salzburgerland.com\/de\/magazin\/wp-json\/wp\/v2\/media\/98496"}],"wp:attachment":[{"href":"https:\/\/www.salzburgerland.com\/de\/magazin\/wp-json\/wp\/v2\/media?parent=97791"}],"wp:term":[{"taxonomy":"category","embeddable":true,"href":"https:\/\/www.salzburgerland.com\/de\/magazin\/wp-json\/wp\/v2\/categories?post=97791"},{"taxonomy":"post_tag","embeddable":true,"href":"https:\/\/www.salzburgerland.com\/de\/magazin\/wp-json\/wp\/v2\/tags?post=97791"},{"taxonomy":"wl_entity_type","embeddable":true,"href":"https:\/\/www.salzburgerland.com\/de\/magazin\/wp-json\/wp\/v2\/wl_entity_type?post=97791"},{"taxonomy":"monatsauswahl","embeddable":true,"href":"https:\/\/www.salzburgerland.com\/de\/magazin\/wp-json\/wp\/v2\/monatsauswahl?post=97791"}],"curies":[{"name":"wp","href":"https:\/\/api.w.org\/{rel}","templated":true}]}}