{"id":97025,"date":"2015-04-21T20:29:24","date_gmt":"2015-04-21T18:29:24","guid":{"rendered":"http:\/\/magazin.salzburgerland.com\/?p=97025"},"modified":"2015-05-27T09:00:06","modified_gmt":"2015-05-27T07:00:06","slug":"song-contest-dreh-in-zell-am-see-kaprun","status":"publish","type":"post","link":"https:\/\/www.salzburgerland.com\/de\/magazin\/song-contest-dreh-in-zell-am-see-kaprun\/","title":{"rendered":"Song Contest-Dreh in Zell am See-Kaprun"},"content":{"rendered":"<p><b>&#8222;Amber&#8220;, Maltas Vertreterin beim\u00a0<\/b><a href=\"http:\/\/songcontest.orf.at\/\"><b>Eurovision Song Contest 2015<\/b><\/a><b> in Wien, war Anfang April 2015 zu Besuch in <\/b><a href=\"http:\/\/www.zellamsee-kaprun.com\/de\"><b>Zell am See-Kaprun<\/b><\/a><b> und zeigte sich restlos begeistert vom ersten Schnee in ihrem Leben, der malerischen Stadt am See und dem\u00a0atemberaubenden Bergpanorama. Die S\u00e4ngerin drehte hier im SalzburgerLand\u00a0ihre filmische &#8222;Postcard&#8220; f\u00fcr die Live Shows des Song Contests &#8211; Videoclips, in denen Land und K\u00fcnstler vorgestellt werden.\u00a0<\/b><\/p>\n<p><em>\u201cSuch a wonderful experience\u201d<\/em>, eine wundervolle Erfahrung, schw\u00e4rmte die junge S\u00e4ngerin \u00fcber ihren ersten Besuch in den Bergen und zeigte sich \u00fcberw\u00e4ltigt von den vielen Skifahrern und Snowboardern, die sich auf den Pisten tummelten. Kein Wunder, dass der 23-j\u00e4hrige sofort die sportlichen M\u00f6glichkeiten die sich hier bieten, ins Auge stachen, hat sie doch neben der Musik ein zweites Steckenpferd: den Sport und hier speziell Judo. Bis zu ihrem 15. Lebensjahr trainierte die S\u00e4ngerin, die sich mit dem Titel \u201c<a title=\"Amber - Warrior\" href=\"https:\/\/www.youtube.com\/watch?v=wevxW3l_tkg\" target=\"_blank\" rel=\"lightbox-video-0\">Warrior<\/a>\u201d in die Herzen der Zuseher singen will, wettkampfm\u00e4\u00dfig und tr\u00e4umte sogar von einer Profi-Karriere als Sportlerin.<\/p>\n<p><iframe loading=\"lazy\" title=\"Postcard of Malta (2015 Eurovision Song Contest)\" width=\"640\" height=\"360\" src=\"https:\/\/www.youtube-nocookie.com\/embed\/0l_lV2_5f0M?feature=oembed&#038;rel=0&#038;modestbranding=1\" frameborder=\"0\" allow=\"accelerometer; autoplay; clipboard-write; encrypted-media; gyroscope; picture-in-picture; web-share\" referrerpolicy=\"strict-origin-when-cross-origin\" allowfullscreen><\/iframe><\/p>\n<p>Als eine Verletzung schlie\u00dflich diese Ambitionen zunichte machte, konzentrierte sie sich fortab\u00a0voll und ganz auf die Musik, nahm bei verschiedenen Castingshows teil und wurde so in ihrem Heimatland immer bekannter. Den Traum vom Song Contest musste sich die Musikerin\u00a0dennoch hart erk\u00e4mpfen: vier Jahre probierte sie es jedes Jahr aufs Neue, sich f\u00fcr den gr\u00f6\u00dften aller Gesangs-Wettbewerbe zu qualifizieren und musste immer wieder R\u00fcckschl\u00e4ge einstecken. \u201eIch hoffe, ,Warrior\u2018 wird viele Menschen inspirieren. Es ist eine Hymne an all die Herausforderungen des t\u00e4glichen Lebens \u2013 und deren \u00dcberwindung\u201c zeigte sich die\u00a0\u201cMaltesische K\u00e4mpferin\u201d (=Warrior) dennoch, oder gerade deshalb, selbstbewusst.\u00a0<\/p>\n<figure id=\"attachment_97051\" aria-describedby=\"caption-attachment-97051\" style=\"width: 488px\" class=\"wp-caption aligncenter\"><a href=\"https:\/\/www.salzburgerland.com\/de\/magazin\/wp-content\/uploads\/2015\/04\/Bildschirmfoto-2015-04-10-um-10.55.29.png\"><img loading=\"lazy\" decoding=\"async\" class=\"wp-image-97051 size-singlePost\" src=\"https:\/\/www.salzburgerland.com\/de\/magazin\/wp-content\/uploads\/2015\/04\/Bildschirmfoto-2015-04-10-um-10.55.29-488x435.png\" alt=\"Ambers Facebook-Posting kurz nach ihrer Abreise\" width=\"488\" height=\"435\" \/><\/a><figcaption id=\"caption-attachment-97051\" class=\"wp-caption-text\">Ambers <a href=\"https:\/\/www.facebook.com\/amber.bondinii\/posts\/770180676423406\" target=\"_blank\">Facebook-Posting<\/a> kurz nach ihrer Abreise<\/figcaption><\/figure>\n<p>In Zell am See-Kaprun konnte sie sich vor dem gro\u00dfen Tag-X noch einmal so richtig entspannen, machte einen Rundflug \u00fcber die tief-verschneiten Berge und stand sogar zum ersten Mal auf Skiern. <em>\u201cDie junge K\u00fcnstlerin zeigte sich von der Region begeistert, ber\u00fchrte das erste Mal in ihrem Leben Schnee und absolvierte auch gleich einen Skikurs auf den Pisten von Zell am See-Kaprun\u201d<\/em>, so\u00a0Renate Ecker, Tourismusdirektorin von Zell am See-Kaprun, die \u201cAmber\u201d bei ihrem Aufenthalt nicht von der Seite wich. Begeisterung, die sich auch in einem Facebook-Posting wiederspiegelt, das sie mit dem Satz <em>\u201cWill definitely visit again\u201d<\/em> \u2013 ich werde die Region garantiert wieder besuchen, beendete.\u00a0<\/p>\n<p>&nbsp;<\/p>\n<div class=\"mag-gallery\"><div class=\"row\"><div class=\"col-6 col-sm-4\"><figure><a class=\"thumb-container\" href=\"https:\/\/www.salzburgerland.com\/de\/magazin\/wp-content\/uploads\/2015\/04\/amber-zell-am-see-1280x1024.jpg\">\t<picture><source media=\"(min-width: 576px)\" srcset=\"https:\/\/www.salzburgerland.com\/de\/magazin\/wp-content\/uploads\/2015\/04\/amber-zell-am-see-325x209.jpg 325w, https:\/\/www.salzburgerland.com\/de\/magazin\/wp-content\/uploads\/2015\/04\/amber-zell-am-see-249x160.jpg 249w\" \/><source media=\"(min-width: 0)\" srcset=\"https:\/\/www.salzburgerland.com\/de\/magazin\/wp-content\/uploads\/2015\/04\/amber-zell-am-see-249x160.jpg 249w, https:\/\/www.salzburgerland.com\/de\/magazin\/wp-content\/uploads\/2015\/04\/amber-zell-am-see-325x209.jpg 325w\" \/><img decoding=\"async\" alt=\"Eine l\u00e4chelnde Frau in Winterkleidung macht ein Friedenszeichen an einem See mit verschneiten Bergen im Hintergrund.\" src=\"https:\/\/www.salzburgerland.com\/de\/magazin\/wp-content\/uploads\/2015\/04\/amber-zell-am-see.jpg\" \/>\t<\/picture><\/a><\/figure><\/div><div class=\"col-6 col-sm-4\"><figure><a class=\"thumb-container\" href=\"https:\/\/www.salzburgerland.com\/de\/magazin\/wp-content\/uploads\/2015\/04\/amber-aus-malta-wurde-von-offiziellen-vertretern-der-region-in-empfang-genommen-1280x1024.jpg\">\t<picture><source media=\"(min-width: 576px)\" srcset=\"https:\/\/www.salzburgerland.com\/de\/magazin\/wp-content\/uploads\/2015\/04\/amber-aus-malta-wurde-von-offiziellen-vertretern-der-region-in-empfang-genommen-325x209.jpg 325w, https:\/\/www.salzburgerland.com\/de\/magazin\/wp-content\/uploads\/2015\/04\/amber-aus-malta-wurde-von-offiziellen-vertretern-der-region-in-empfang-genommen-249x160.jpg 249w\" \/><source media=\"(min-width: 0)\" srcset=\"https:\/\/www.salzburgerland.com\/de\/magazin\/wp-content\/uploads\/2015\/04\/amber-aus-malta-wurde-von-offiziellen-vertretern-der-region-in-empfang-genommen-249x160.jpg 249w, https:\/\/www.salzburgerland.com\/de\/magazin\/wp-content\/uploads\/2015\/04\/amber-aus-malta-wurde-von-offiziellen-vertretern-der-region-in-empfang-genommen-325x209.jpg 325w\" \/><img decoding=\"async\" alt=\"Drei Personen posieren l\u00e4chelnd vor einem farbenfrohen rosa und gelben Flugzeug auf einer Flughafenpiste.\" src=\"https:\/\/www.salzburgerland.com\/de\/magazin\/wp-content\/uploads\/2015\/04\/amber-aus-malta-wurde-von-offiziellen-vertretern-der-region-in-empfang-genommen.jpg\" \/>\t<\/picture><\/a><\/figure><\/div><\/div><\/div><figcaption><\/figcaption>\n","protected":false},"excerpt":{"rendered":"<p>&#8222;Amber&#8220;, Maltas Vertreterin beim\u00a0Eurovision Song Contest 2015 in Wien, war Anfang April 2015 zu Besuch in Zell am See-Kaprun und zeigte sich restlos begeistert vom ersten Schnee in ihrem Leben, der malerischen Stadt am See und dem\u00a0atemberaubenden Bergpanorama. Die S\u00e4ngerin drehte hier im SalzburgerLand\u00a0ihre filmische &#8222;Postcard&#8220; f\u00fcr die Live Shows des Song Contests &#8211; Videoclips, [&hellip;]<\/p>\n","protected":false},"author":505,"featured_media":97050,"comment_status":"open","ping_status":"open","sticky":false,"template":"","format":"standard","meta":{"_acf_changed":false,"wl_entities_gutenberg":"","_wl_entity_redirect_enabled":"","footnotes":""},"categories":[6],"tags":[235],"wl_entity_type":[306],"monatsauswahl":[85,86],"class_list":["post-97025","post","type-post","status-publish","format-standard","has-post-thumbnail","hentry","category-kunst-kultur","tag-esc15","wl_entity_type-article","monatsauswahl-monat_4","monatsauswahl-monat_5"],"acf":[],"yoast_head":"<!-- This site is optimized with the Yoast SEO Premium plugin v27.4 (Yoast SEO v27.4) - https:\/\/yoast.com\/product\/yoast-seo-premium-wordpress\/ -->\n<title>Song Contest-Dreh in Zell am See-Kaprun - SalzburgerLand Magazin<\/title>\n<meta name=\"description\" content=\"&#8222;Amber&#8220;, Maltas Vertreterin beim\u00a0Eurovision Song Contest 2015 in Wien, war Anfang April 2015 zu Besuch in Zell am See-Kaprun und zeigte sich restlos begeistert vom ersten Schnee in ihrem Leben, der malerischen Stadt am See und dem\u00a0atemberaubenden Bergpanorama. Die S\u00e4ngerin drehte hier im SalzburgerLand\u00a0ihre filmische &#8222;Postcard&#8220; f\u00fcr die Live Shows des Song Contests &#8211; Videoclips, [&hellip;]\" \/>\n<meta name=\"robots\" content=\"index, follow, max-snippet:-1, max-image-preview:large, max-video-preview:-1\" \/>\n<link rel=\"canonical\" href=\"https:\/\/www.salzburgerland.com\/de\/magazin\/song-contest-dreh-in-zell-am-see-kaprun\/\" \/>\n<meta property=\"og:locale\" content=\"de_DE\" \/>\n<meta property=\"og:type\" content=\"article\" \/>\n<meta property=\"og:title\" content=\"Song Contest-Dreh in Zell am See-Kaprun\" \/>\n<meta property=\"og:description\" content=\"&#8222;Amber&#8220;, Maltas Vertreterin beim\u00a0Eurovision Song Contest 2015 in Wien, war Anfang April 2015 zu Besuch in Zell am See-Kaprun und zeigte sich restlos begeistert vom ersten Schnee in ihrem Leben, der malerischen Stadt am See und dem\u00a0atemberaubenden Bergpanorama. Die S\u00e4ngerin drehte hier im SalzburgerLand\u00a0ihre filmische &#8222;Postcard&#8220; f\u00fcr die Live Shows des Song Contests &#8211; Videoclips, [&hellip;]\" \/>\n<meta property=\"og:url\" content=\"https:\/\/www.salzburgerland.com\/de\/magazin\/song-contest-dreh-in-zell-am-see-kaprun\/\" \/>\n<meta property=\"og:site_name\" content=\"SalzburgerLand Magazin\" \/>\n<meta property=\"article:publisher\" content=\"https:\/\/www.facebook.com\/salzburgerland\/\" \/>\n<meta property=\"article:published_time\" content=\"2015-04-21T18:29:24+00:00\" \/>\n<meta property=\"article:modified_time\" content=\"2015-05-27T07:00:06+00:00\" \/>\n<meta property=\"og:image\" content=\"https:\/\/www.salzburgerland.com\/de\/magazin\/wp-content\/uploads\/2015\/04\/amber-zell-am-see.jpg\" \/>\n\t<meta property=\"og:image:width\" content=\"1600\" \/>\n\t<meta property=\"og:image:height\" content=\"1071\" \/>\n\t<meta property=\"og:image:type\" content=\"image\/jpeg\" \/>\n<meta name=\"author\" content=\"Peter Zeitlhofer\" \/>\n<meta name=\"twitter:card\" content=\"summary_large_image\" \/>\n<meta name=\"twitter:creator\" content=\"@Salzburgerland\" \/>\n<meta name=\"twitter:site\" content=\"@Salzburgerland\" \/>\n<meta name=\"twitter:label1\" content=\"Verfasst von\" \/>\n\t<meta name=\"twitter:data1\" content=\"Peter Zeitlhofer\" \/>\n\t<meta name=\"twitter:label2\" content=\"Gesch\u00e4tzte Lesezeit\" \/>\n\t<meta name=\"twitter:data2\" content=\"2\u00a0Minuten\" \/>\n<script type=\"application\/ld+json\" class=\"yoast-schema-graph\">{\"@context\":\"https:\\\/\\\/schema.org\",\"@graph\":[{\"@type\":\"Article\",\"@id\":\"https:\\\/\\\/www.salzburgerland.com\\\/de\\\/magazin\\\/song-contest-dreh-in-zell-am-see-kaprun\\\/#article\",\"isPartOf\":{\"@id\":\"https:\\\/\\\/www.salzburgerland.com\\\/de\\\/magazin\\\/song-contest-dreh-in-zell-am-see-kaprun\\\/\"},\"author\":{\"name\":\"Peter Zeitlhofer\",\"@id\":\"https:\\\/\\\/www.salzburgerland.com\\\/de\\\/magazin\\\/#\\\/schema\\\/person\\\/ebd2c9f244aeea71e30f3b5d5e309de4\"},\"headline\":\"Song Contest-Dreh in Zell am See-Kaprun\",\"datePublished\":\"2015-04-21T18:29:24+00:00\",\"dateModified\":\"2015-05-27T07:00:06+00:00\",\"mainEntityOfPage\":{\"@id\":\"https:\\\/\\\/www.salzburgerland.com\\\/de\\\/magazin\\\/song-contest-dreh-in-zell-am-see-kaprun\\\/\"},\"wordCount\":416,\"commentCount\":0,\"publisher\":{\"@id\":\"https:\\\/\\\/www.salzburgerland.com\\\/de\\\/magazin\\\/#organization\"},\"image\":{\"@id\":\"https:\\\/\\\/www.salzburgerland.com\\\/de\\\/magazin\\\/song-contest-dreh-in-zell-am-see-kaprun\\\/#primaryimage\"},\"thumbnailUrl\":\"https:\\\/\\\/www.salzburgerland.com\\\/de\\\/magazin\\\/wp-content\\\/uploads\\\/2015\\\/04\\\/amber-zell-am-see.jpg\",\"keywords\":[\"esc15\"],\"articleSection\":[\"Kunst &amp; Kultur\"],\"inLanguage\":\"de\",\"potentialAction\":[{\"@type\":\"CommentAction\",\"name\":\"Comment\",\"target\":[\"https:\\\/\\\/www.salzburgerland.com\\\/de\\\/magazin\\\/song-contest-dreh-in-zell-am-see-kaprun\\\/#respond\"]}]},{\"@type\":\"WebPage\",\"@id\":\"https:\\\/\\\/www.salzburgerland.com\\\/de\\\/magazin\\\/song-contest-dreh-in-zell-am-see-kaprun\\\/\",\"url\":\"https:\\\/\\\/www.salzburgerland.com\\\/de\\\/magazin\\\/song-contest-dreh-in-zell-am-see-kaprun\\\/\",\"name\":\"Song Contest-Dreh in Zell am See-Kaprun - SalzburgerLand Magazin\",\"isPartOf\":{\"@id\":\"https:\\\/\\\/www.salzburgerland.com\\\/de\\\/magazin\\\/#website\"},\"primaryImageOfPage\":{\"@id\":\"https:\\\/\\\/www.salzburgerland.com\\\/de\\\/magazin\\\/song-contest-dreh-in-zell-am-see-kaprun\\\/#primaryimage\"},\"image\":{\"@id\":\"https:\\\/\\\/www.salzburgerland.com\\\/de\\\/magazin\\\/song-contest-dreh-in-zell-am-see-kaprun\\\/#primaryimage\"},\"thumbnailUrl\":\"https:\\\/\\\/www.salzburgerland.com\\\/de\\\/magazin\\\/wp-content\\\/uploads\\\/2015\\\/04\\\/amber-zell-am-see.jpg\",\"datePublished\":\"2015-04-21T18:29:24+00:00\",\"dateModified\":\"2015-05-27T07:00:06+00:00\",\"breadcrumb\":{\"@id\":\"https:\\\/\\\/www.salzburgerland.com\\\/de\\\/magazin\\\/song-contest-dreh-in-zell-am-see-kaprun\\\/#breadcrumb\"},\"inLanguage\":\"de\",\"potentialAction\":[{\"@type\":\"ReadAction\",\"target\":[\"https:\\\/\\\/www.salzburgerland.com\\\/de\\\/magazin\\\/song-contest-dreh-in-zell-am-see-kaprun\\\/\"]}]},{\"@type\":\"ImageObject\",\"inLanguage\":\"de\",\"@id\":\"https:\\\/\\\/www.salzburgerland.com\\\/de\\\/magazin\\\/song-contest-dreh-in-zell-am-see-kaprun\\\/#primaryimage\",\"url\":\"https:\\\/\\\/www.salzburgerland.com\\\/de\\\/magazin\\\/wp-content\\\/uploads\\\/2015\\\/04\\\/amber-zell-am-see.jpg\",\"contentUrl\":\"https:\\\/\\\/www.salzburgerland.com\\\/de\\\/magazin\\\/wp-content\\\/uploads\\\/2015\\\/04\\\/amber-zell-am-see.jpg\",\"width\":1600,\"height\":1071,\"caption\":\"Amber war begeistert von den Bergen und dem See \u00a9Amber Bondin\\\/PBS\"},{\"@type\":\"BreadcrumbList\",\"@id\":\"https:\\\/\\\/www.salzburgerland.com\\\/de\\\/magazin\\\/song-contest-dreh-in-zell-am-see-kaprun\\\/#breadcrumb\",\"itemListElement\":[{\"@type\":\"ListItem\",\"position\":1,\"name\":\"Startseite\",\"item\":\"https:\\\/\\\/www.salzburgerland.com\\\/de\\\/magazin\\\/\"},{\"@type\":\"ListItem\",\"position\":2,\"name\":\"Kunst &amp; Kultur\",\"item\":\"https:\\\/\\\/www.salzburgerland.com\\\/de\\\/magazin\\\/thema\\\/kunst-kultur\\\/\"},{\"@type\":\"ListItem\",\"position\":3,\"name\":\"Song Contest-Dreh in Zell am See-Kaprun\"}]},{\"@type\":\"WebSite\",\"@id\":\"https:\\\/\\\/www.salzburgerland.com\\\/de\\\/magazin\\\/#website\",\"url\":\"https:\\\/\\\/www.salzburgerland.com\\\/de\\\/magazin\\\/\",\"name\":\"SalzburgerLand Magazin\",\"description\":\"Geschichten und Interessantes aus dem SalzburgerLand\",\"publisher\":{\"@id\":\"https:\\\/\\\/www.salzburgerland.com\\\/de\\\/magazin\\\/#organization\"},\"potentialAction\":[{\"@type\":\"SearchAction\",\"target\":{\"@type\":\"EntryPoint\",\"urlTemplate\":\"https:\\\/\\\/www.salzburgerland.com\\\/de\\\/magazin\\\/?s={search_term_string}\"},\"query-input\":{\"@type\":\"PropertyValueSpecification\",\"valueRequired\":true,\"valueName\":\"search_term_string\"}}],\"inLanguage\":\"de\"},{\"@type\":\"Organization\",\"@id\":\"https:\\\/\\\/www.salzburgerland.com\\\/de\\\/magazin\\\/#organization\",\"name\":\"SalzburgerLand Tourismus\",\"url\":\"https:\\\/\\\/www.salzburgerland.com\\\/de\\\/magazin\\\/\",\"logo\":{\"@type\":\"ImageObject\",\"inLanguage\":\"de\",\"@id\":\"https:\\\/\\\/www.salzburgerland.com\\\/de\\\/magazin\\\/#\\\/schema\\\/logo\\\/image\\\/\",\"url\":\"https:\\\/\\\/www.salzburgerland.com\\\/de\\\/magazin\\\/wp-content\\\/uploads\\\/2019\\\/06\\\/salzburgerland-logo1.jpg\",\"contentUrl\":\"https:\\\/\\\/www.salzburgerland.com\\\/de\\\/magazin\\\/wp-content\\\/uploads\\\/2019\\\/06\\\/salzburgerland-logo1.jpg\",\"width\":2011,\"height\":866,\"caption\":\"SalzburgerLand Tourismus\"},\"image\":{\"@id\":\"https:\\\/\\\/www.salzburgerland.com\\\/de\\\/magazin\\\/#\\\/schema\\\/logo\\\/image\\\/\"},\"sameAs\":[\"https:\\\/\\\/www.facebook.com\\\/salzburgerland\\\/\",\"https:\\\/\\\/x.com\\\/Salzburgerland\",\"https:\\\/\\\/www.instagram.com\\\/salzburgerland\\\/\",\"https:\\\/\\\/at.linkedin.com\\\/company\\\/salzburgerland-tourismus-gmbh\",\"https:\\\/\\\/www.pinterest.at\\\/salzburgerland\\\/\",\"https:\\\/\\\/www.youtube.com\\\/user\\\/salzburgerland\",\"https:\\\/\\\/de.wikipedia.org\\\/wiki\\\/SalzburgerLand_Tourismus_GmbH\"]},{\"@type\":\"Person\",\"@id\":\"https:\\\/\\\/www.salzburgerland.com\\\/de\\\/magazin\\\/#\\\/schema\\\/person\\\/ebd2c9f244aeea71e30f3b5d5e309de4\",\"name\":\"Peter Zeitlhofer\",\"description\":\"'Von Neugier getrieben' - diese Worte kommen Peter Zeitlhofer wohl schon ziemlich nahe. Egal ob am Segelboot, im Tiefschnee, unterwegs in Stadt und Land, oder auf einer seinen vielen Reisen - er ist immer auf der Suche nach Neuem, nach dem Besonderen, probiert so ziemlich alles aus und liebt es, dar\u00fcber zu reden und zu berichten. Womit man auch schon fast bei seiner zweiten Leidenschaft w\u00e4re - dem Schreiben. Immer und \u00fcberall ausgestattet\u00a0mit seinem Notebook, hat der Salzburger, mit Wurzeln am Attersee, sein Office\u00a0im wahrsten Sinne des Wortes unterm Arm und k\u00f6nnte sich nichts besseres vorstellen, als die Geschichten dort zu erz\u00e4hlen, wo sie passieren. Fr\u00fchling, Sommer, Herbst oder Winter? Als Mensch der Extreme, mag ich auch bei den Jahreszeiten den Sommer und den Winter am liebsten. Obwohl nat\u00fcrlich auch der Fr\u00fchling seine Reize hat. Aber der Herbst? Rindsroulade vom Pinzgauer Biorind oder Saibling fangfrisch aus dem Fuschlsee? Immer diese Entscheidungen! Kann ich auch beides haben? Mundharmonika oder Stradivari? Weder noch - als Gitarrist k\u00f6nnte ich mit beiden Instrumenten nichts anfangen. Lederhose oder Smoking? Eindeutig Lederhose, die bei mir mittlerweile sogar den Einzug in den sommerlichen Alltag gefunden hat. Und der LederhosnDonnerstag ist \u00a0ohnehin Pflicht. Alpinski, Offpist oder Skitour? Hauptsache rauf auf den Berg! Was dann tats\u00e4chlich auf dem Programm steht ist zweitrangig. Nur so viel: wenn der Schnee passt, dann h\u00e4lt mich nichts oder niemand auf der Piste. Bergtour oder Seentour? F\u00fcr mich gibt es im Sommer nichts Sch\u00f6neres, als mit dem Segelboot auf unseren herrlichen Seen unterwegs zu sein. Also wenn ich die Wahl habe, dann nehme ich im Sommer die Berge h\u00f6chstens als Kulisse. Haubenlokal oder Ab-Hof-Laden? Auch hier nehme ich von beidem ein bisschen. Aber bei der Oma schmeckt's dann doch am besten.\",\"url\":\"https:\\\/\\\/www.salzburgerland.com\\\/de\\\/magazin\\\/author\\\/peter-zeitlhofer\\\/\"}]}<\/script>\n<meta property=\"og:video\" content=\"https:\/\/www.youtube.com\/embed\/0l_lV2_5f0M\" \/>\n<meta property=\"og:video:type\" content=\"text\/html\" \/>\n<meta property=\"og:video:duration\" content=\"49\" \/>\n<meta property=\"og:video:width\" content=\"480\" \/>\n<meta property=\"og:video:height\" content=\"270\" \/>\n<meta property=\"ya:ovs:adult\" content=\"false\" \/>\n<meta property=\"ya:ovs:upload_date\" content=\"2015-04-21T18:29:24+00:00\" \/>\n<meta property=\"ya:ovs:allow_embed\" content=\"true\" \/>\n<!-- \/ Yoast SEO Premium plugin. -->","yoast_head_json":{"title":"Song Contest-Dreh in Zell am See-Kaprun - SalzburgerLand Magazin","description":"&#8222;Amber&#8220;, Maltas Vertreterin beim\u00a0Eurovision Song Contest 2015 in Wien, war Anfang April 2015 zu Besuch in Zell am See-Kaprun und zeigte sich restlos begeistert vom ersten Schnee in ihrem Leben, der malerischen Stadt am See und dem\u00a0atemberaubenden Bergpanorama. Die S\u00e4ngerin drehte hier im SalzburgerLand\u00a0ihre filmische &#8222;Postcard&#8220; f\u00fcr die Live Shows des Song Contests &#8211; Videoclips, [&hellip;]","robots":{"index":"index","follow":"follow","max-snippet":"max-snippet:-1","max-image-preview":"max-image-preview:large","max-video-preview":"max-video-preview:-1"},"canonical":"https:\/\/www.salzburgerland.com\/de\/magazin\/song-contest-dreh-in-zell-am-see-kaprun\/","og_locale":"de_DE","og_type":"article","og_title":"Song Contest-Dreh in Zell am See-Kaprun","og_description":"&#8222;Amber&#8220;, Maltas Vertreterin beim\u00a0Eurovision Song Contest 2015 in Wien, war Anfang April 2015 zu Besuch in Zell am See-Kaprun und zeigte sich restlos begeistert vom ersten Schnee in ihrem Leben, der malerischen Stadt am See und dem\u00a0atemberaubenden Bergpanorama. Die S\u00e4ngerin drehte hier im SalzburgerLand\u00a0ihre filmische &#8222;Postcard&#8220; f\u00fcr die Live Shows des Song Contests &#8211; Videoclips, [&hellip;]","og_url":"https:\/\/www.salzburgerland.com\/de\/magazin\/song-contest-dreh-in-zell-am-see-kaprun\/","og_site_name":"SalzburgerLand Magazin","article_publisher":"https:\/\/www.facebook.com\/salzburgerland\/","article_published_time":"2015-04-21T18:29:24+00:00","article_modified_time":"2015-05-27T07:00:06+00:00","og_image":[{"width":1600,"height":1071,"url":"https:\/\/www.salzburgerland.com\/de\/magazin\/wp-content\/uploads\/2015\/04\/amber-zell-am-see.jpg","type":"image\/jpeg"}],"author":"Peter Zeitlhofer","twitter_card":"summary_large_image","twitter_creator":"@Salzburgerland","twitter_site":"@Salzburgerland","twitter_misc":{"Verfasst von":"Peter Zeitlhofer","Gesch\u00e4tzte Lesezeit":"2\u00a0Minuten"},"schema":{"@context":"https:\/\/schema.org","@graph":[{"@type":"Article","@id":"https:\/\/www.salzburgerland.com\/de\/magazin\/song-contest-dreh-in-zell-am-see-kaprun\/#article","isPartOf":{"@id":"https:\/\/www.salzburgerland.com\/de\/magazin\/song-contest-dreh-in-zell-am-see-kaprun\/"},"author":{"name":"Peter Zeitlhofer","@id":"https:\/\/www.salzburgerland.com\/de\/magazin\/#\/schema\/person\/ebd2c9f244aeea71e30f3b5d5e309de4"},"headline":"Song Contest-Dreh in Zell am See-Kaprun","datePublished":"2015-04-21T18:29:24+00:00","dateModified":"2015-05-27T07:00:06+00:00","mainEntityOfPage":{"@id":"https:\/\/www.salzburgerland.com\/de\/magazin\/song-contest-dreh-in-zell-am-see-kaprun\/"},"wordCount":416,"commentCount":0,"publisher":{"@id":"https:\/\/www.salzburgerland.com\/de\/magazin\/#organization"},"image":{"@id":"https:\/\/www.salzburgerland.com\/de\/magazin\/song-contest-dreh-in-zell-am-see-kaprun\/#primaryimage"},"thumbnailUrl":"https:\/\/www.salzburgerland.com\/de\/magazin\/wp-content\/uploads\/2015\/04\/amber-zell-am-see.jpg","keywords":["esc15"],"articleSection":["Kunst &amp; Kultur"],"inLanguage":"de","potentialAction":[{"@type":"CommentAction","name":"Comment","target":["https:\/\/www.salzburgerland.com\/de\/magazin\/song-contest-dreh-in-zell-am-see-kaprun\/#respond"]}]},{"@type":"WebPage","@id":"https:\/\/www.salzburgerland.com\/de\/magazin\/song-contest-dreh-in-zell-am-see-kaprun\/","url":"https:\/\/www.salzburgerland.com\/de\/magazin\/song-contest-dreh-in-zell-am-see-kaprun\/","name":"Song Contest-Dreh in Zell am See-Kaprun - SalzburgerLand Magazin","isPartOf":{"@id":"https:\/\/www.salzburgerland.com\/de\/magazin\/#website"},"primaryImageOfPage":{"@id":"https:\/\/www.salzburgerland.com\/de\/magazin\/song-contest-dreh-in-zell-am-see-kaprun\/#primaryimage"},"image":{"@id":"https:\/\/www.salzburgerland.com\/de\/magazin\/song-contest-dreh-in-zell-am-see-kaprun\/#primaryimage"},"thumbnailUrl":"https:\/\/www.salzburgerland.com\/de\/magazin\/wp-content\/uploads\/2015\/04\/amber-zell-am-see.jpg","datePublished":"2015-04-21T18:29:24+00:00","dateModified":"2015-05-27T07:00:06+00:00","breadcrumb":{"@id":"https:\/\/www.salzburgerland.com\/de\/magazin\/song-contest-dreh-in-zell-am-see-kaprun\/#breadcrumb"},"inLanguage":"de","potentialAction":[{"@type":"ReadAction","target":["https:\/\/www.salzburgerland.com\/de\/magazin\/song-contest-dreh-in-zell-am-see-kaprun\/"]}]},{"@type":"ImageObject","inLanguage":"de","@id":"https:\/\/www.salzburgerland.com\/de\/magazin\/song-contest-dreh-in-zell-am-see-kaprun\/#primaryimage","url":"https:\/\/www.salzburgerland.com\/de\/magazin\/wp-content\/uploads\/2015\/04\/amber-zell-am-see.jpg","contentUrl":"https:\/\/www.salzburgerland.com\/de\/magazin\/wp-content\/uploads\/2015\/04\/amber-zell-am-see.jpg","width":1600,"height":1071,"caption":"Amber war begeistert von den Bergen und dem See \u00a9Amber Bondin\/PBS"},{"@type":"BreadcrumbList","@id":"https:\/\/www.salzburgerland.com\/de\/magazin\/song-contest-dreh-in-zell-am-see-kaprun\/#breadcrumb","itemListElement":[{"@type":"ListItem","position":1,"name":"Startseite","item":"https:\/\/www.salzburgerland.com\/de\/magazin\/"},{"@type":"ListItem","position":2,"name":"Kunst &amp; Kultur","item":"https:\/\/www.salzburgerland.com\/de\/magazin\/thema\/kunst-kultur\/"},{"@type":"ListItem","position":3,"name":"Song Contest-Dreh in Zell am See-Kaprun"}]},{"@type":"WebSite","@id":"https:\/\/www.salzburgerland.com\/de\/magazin\/#website","url":"https:\/\/www.salzburgerland.com\/de\/magazin\/","name":"SalzburgerLand Magazin","description":"Geschichten und Interessantes aus dem SalzburgerLand","publisher":{"@id":"https:\/\/www.salzburgerland.com\/de\/magazin\/#organization"},"potentialAction":[{"@type":"SearchAction","target":{"@type":"EntryPoint","urlTemplate":"https:\/\/www.salzburgerland.com\/de\/magazin\/?s={search_term_string}"},"query-input":{"@type":"PropertyValueSpecification","valueRequired":true,"valueName":"search_term_string"}}],"inLanguage":"de"},{"@type":"Organization","@id":"https:\/\/www.salzburgerland.com\/de\/magazin\/#organization","name":"SalzburgerLand Tourismus","url":"https:\/\/www.salzburgerland.com\/de\/magazin\/","logo":{"@type":"ImageObject","inLanguage":"de","@id":"https:\/\/www.salzburgerland.com\/de\/magazin\/#\/schema\/logo\/image\/","url":"https:\/\/www.salzburgerland.com\/de\/magazin\/wp-content\/uploads\/2019\/06\/salzburgerland-logo1.jpg","contentUrl":"https:\/\/www.salzburgerland.com\/de\/magazin\/wp-content\/uploads\/2019\/06\/salzburgerland-logo1.jpg","width":2011,"height":866,"caption":"SalzburgerLand Tourismus"},"image":{"@id":"https:\/\/www.salzburgerland.com\/de\/magazin\/#\/schema\/logo\/image\/"},"sameAs":["https:\/\/www.facebook.com\/salzburgerland\/","https:\/\/x.com\/Salzburgerland","https:\/\/www.instagram.com\/salzburgerland\/","https:\/\/at.linkedin.com\/company\/salzburgerland-tourismus-gmbh","https:\/\/www.pinterest.at\/salzburgerland\/","https:\/\/www.youtube.com\/user\/salzburgerland","https:\/\/de.wikipedia.org\/wiki\/SalzburgerLand_Tourismus_GmbH"]},{"@type":"Person","@id":"https:\/\/www.salzburgerland.com\/de\/magazin\/#\/schema\/person\/ebd2c9f244aeea71e30f3b5d5e309de4","name":"Peter Zeitlhofer","description":"'Von Neugier getrieben' - diese Worte kommen Peter Zeitlhofer wohl schon ziemlich nahe. Egal ob am Segelboot, im Tiefschnee, unterwegs in Stadt und Land, oder auf einer seinen vielen Reisen - er ist immer auf der Suche nach Neuem, nach dem Besonderen, probiert so ziemlich alles aus und liebt es, dar\u00fcber zu reden und zu berichten. Womit man auch schon fast bei seiner zweiten Leidenschaft w\u00e4re - dem Schreiben. Immer und \u00fcberall ausgestattet\u00a0mit seinem Notebook, hat der Salzburger, mit Wurzeln am Attersee, sein Office\u00a0im wahrsten Sinne des Wortes unterm Arm und k\u00f6nnte sich nichts besseres vorstellen, als die Geschichten dort zu erz\u00e4hlen, wo sie passieren. Fr\u00fchling, Sommer, Herbst oder Winter? Als Mensch der Extreme, mag ich auch bei den Jahreszeiten den Sommer und den Winter am liebsten. Obwohl nat\u00fcrlich auch der Fr\u00fchling seine Reize hat. Aber der Herbst? Rindsroulade vom Pinzgauer Biorind oder Saibling fangfrisch aus dem Fuschlsee? Immer diese Entscheidungen! Kann ich auch beides haben? Mundharmonika oder Stradivari? Weder noch - als Gitarrist k\u00f6nnte ich mit beiden Instrumenten nichts anfangen. Lederhose oder Smoking? Eindeutig Lederhose, die bei mir mittlerweile sogar den Einzug in den sommerlichen Alltag gefunden hat. Und der LederhosnDonnerstag ist \u00a0ohnehin Pflicht. Alpinski, Offpist oder Skitour? Hauptsache rauf auf den Berg! Was dann tats\u00e4chlich auf dem Programm steht ist zweitrangig. Nur so viel: wenn der Schnee passt, dann h\u00e4lt mich nichts oder niemand auf der Piste. Bergtour oder Seentour? F\u00fcr mich gibt es im Sommer nichts Sch\u00f6neres, als mit dem Segelboot auf unseren herrlichen Seen unterwegs zu sein. Also wenn ich die Wahl habe, dann nehme ich im Sommer die Berge h\u00f6chstens als Kulisse. Haubenlokal oder Ab-Hof-Laden? Auch hier nehme ich von beidem ein bisschen. Aber bei der Oma schmeckt's dann doch am besten.","url":"https:\/\/www.salzburgerland.com\/de\/magazin\/author\/peter-zeitlhofer\/"}]},"og_video":"https:\/\/www.youtube.com\/embed\/0l_lV2_5f0M","og_video_type":"text\/html","og_video_duration":"49","og_video_width":"480","og_video_height":"270","ya_ovs_adult":"false","ya_ovs_upload_date":"2015-04-21T18:29:24+00:00","ya_ovs_allow_embed":"true"},"_wl_alt_label":[],"wl:entity_url":"http:\/\/open.salzburgerland.com\/magazin\/post\/song_contest-dreh_in_zell_am_see-kaprun","_links":{"self":[{"href":"https:\/\/www.salzburgerland.com\/de\/magazin\/wp-json\/wp\/v2\/posts\/97025","targetHints":{"allow":["GET"]}}],"collection":[{"href":"https:\/\/www.salzburgerland.com\/de\/magazin\/wp-json\/wp\/v2\/posts"}],"about":[{"href":"https:\/\/www.salzburgerland.com\/de\/magazin\/wp-json\/wp\/v2\/types\/post"}],"author":[{"embeddable":true,"href":"https:\/\/www.salzburgerland.com\/de\/magazin\/wp-json\/wp\/v2\/users\/505"}],"replies":[{"embeddable":true,"href":"https:\/\/www.salzburgerland.com\/de\/magazin\/wp-json\/wp\/v2\/comments?post=97025"}],"version-history":[{"count":0,"href":"https:\/\/www.salzburgerland.com\/de\/magazin\/wp-json\/wp\/v2\/posts\/97025\/revisions"}],"wp:featuredmedia":[{"embeddable":true,"href":"https:\/\/www.salzburgerland.com\/de\/magazin\/wp-json\/wp\/v2\/media\/97050"}],"wp:attachment":[{"href":"https:\/\/www.salzburgerland.com\/de\/magazin\/wp-json\/wp\/v2\/media?parent=97025"}],"wp:term":[{"taxonomy":"category","embeddable":true,"href":"https:\/\/www.salzburgerland.com\/de\/magazin\/wp-json\/wp\/v2\/categories?post=97025"},{"taxonomy":"post_tag","embeddable":true,"href":"https:\/\/www.salzburgerland.com\/de\/magazin\/wp-json\/wp\/v2\/tags?post=97025"},{"taxonomy":"wl_entity_type","embeddable":true,"href":"https:\/\/www.salzburgerland.com\/de\/magazin\/wp-json\/wp\/v2\/wl_entity_type?post=97025"},{"taxonomy":"monatsauswahl","embeddable":true,"href":"https:\/\/www.salzburgerland.com\/de\/magazin\/wp-json\/wp\/v2\/monatsauswahl?post=97025"}],"curies":[{"name":"wp","href":"https:\/\/api.w.org\/{rel}","templated":true}]}}