{"id":96989,"date":"2015-04-21T20:51:30","date_gmt":"2015-04-21T18:51:30","guid":{"rendered":"http:\/\/magazin.salzburgerland.com\/?p=96989"},"modified":"2015-04-21T20:52:42","modified_gmt":"2015-04-21T18:52:42","slug":"herbert-haderer-schuster-aus-leidenschaft","status":"publish","type":"post","link":"https:\/\/www.salzburgerland.com\/de\/magazin\/herbert-haderer-schuster-aus-leidenschaft\/","title":{"rendered":"Herbert Haderer &#8211; Schuster aus Leidenschaft"},"content":{"rendered":"<p><em>In unserer schnelllebigen Zeit verlieren wir manchmal den Bezug zu Dingen. Gerade die Mode ist zum Wegwerfartikel geworden und mit ihr auch die Schuhe. Dabei gibt es sie noch, Schuhe die ein viertel Jahrhundert und l\u00e4nger halten, hergestellt von Schuster Herbert Haderer nach alter Tradition.<\/em><\/p>\n<p>In der Werkst\u00e4tte in Gro\u00dfgmain fertigt Herbert Haderer in dritter Generation und das sp\u00fcrt man schon beim Betreten der Werkstatt. Es ist fast so als w\u00e4re die Zeit stehen geblieben seit sein Gro\u00dfvater um 1900 begonnen hat hier Schuhe zu produzieren. Durch die mittlerweile fast schon tr\u00fcben Kastenfenster suchen sich die Sonnenstrahlen ihren Weg ins Innere der Werkstatt und beleuchten die hunderten Leisten und die dutzenden Leder, die in den Regalen lagern. W\u00e4hrend er die N\u00e4hmaschine bedient, die ebenfalls aussieht, als geh\u00f6re sie in ein Museum, erkl\u00e4rt Herbert Haderer wie seine Schuhe entstehen: \u201eZuerst wird der Fu\u00df vermessen und dabei wird nat\u00fcrlich auch auf alle Individualit\u00e4ten geachtet, schlie\u00dflich sind bei den meisten Menschen nicht einmal der linke und der rechte Fu\u00df ident, also kann man sich schnell ausmalen wie unterschiedlich erst die F\u00fc\u00dfe von verschiedenen Menschen sind. Anschlie\u00dfend wird aus Holz ein Leisten gefertigt. Das ist quasi ein Abbild des Fu\u00dfes, auf dem dann der Schuh gefertigt wird.\u201c Klingt eigentlich ganz einfach, doch Herbert Haderer arbeitet etwa 30 Stunden an einem Paar Ma\u00dfschuhe, bis sein Besitzer nach einer Wartezeit von etwa 3-4 Monaten endlich reinschl\u00fcpfen kann. Begonnen wir mit der Sohle. Die wird nass verarbeitet und muss dann einige Tage trocknen. In der Zwischenzeit wird das Oberleder, also das was oberhalb der Sohle ist, gefertigt. Zu guter Letzt werden Oberleder und Sohle miteinander verbunden und zwar nicht nur gen\u00e4ht, sondern, wenn gew\u00fcnscht, sogar mit Holzstiften verbunden. Schlussendlich werden die fertigen Schuhe noch sch\u00f6ne geputzt und dann kommt der Moment: Es ist ein ganz besonderes Gef\u00fchl, wenn man das erste Mal in seine Ma\u00dfschuhe schl\u00fcpft, denn diese Schuhe umschlie\u00dfen den Fu\u00df wie ein zweite Haut. Auf alle Unregelm\u00e4\u00dfigkeiten des Fu\u00dfes, sei es in der Form oder bei Senk- oder Spreizf\u00fc\u00dfen wird eingegangen. Doch nicht nur die perfekte Passform machen Ma\u00dfschuhe so einzigartig, auch die M\u00f6glichkeit sich vom Leder, der Form, der Schn\u00fcrung bis hin zur Sohle alles aussuchen zu k\u00f6nnen. Zu den ber\u00fchmtesten Tr\u00e4gern von Haderer Schuhe z\u00e4hlen Toni Sailer und auch Arnold Schwarzenegger ist ein gro\u00dfer Fan. Er l\u00e4sst sich seit den 80er-Jahren hier seine Schuhe machen.\u00a0\u00a0<\/p>\n<p><strong>Ma\u00dfschuhe Herbert Haderer<\/strong><br \/><strong>Gesch\u00e4ft:<\/strong> Pfeifergasse 3, 5020 Salzburg, nur Mittwoch ge\u00f6ffnet<br \/><strong>Werkstatt:<\/strong> Gro\u00dfgmain 60, 5084 Gro\u00dfgmain, \u00d6ffnungszeiten: MO-FR 09:00 bis 17:00 Uhr<br \/><strong>Tel.:<\/strong> +43 6<span class=\"tel\">247\/8250<\/span><\/p>\n<p>Fotocredit: Andreas Kolarik, <a href=\"http:\/\/www.kolarik-fotografie.at\" target=\"_blank\">www.kolarik-fotografie.at<\/a><\/p>\n<p>&nbsp;<\/p>\n<div class=\"mag-gallery\"><div class=\"row\"><div class=\"col-6 col-sm-4\"><figure><a class=\"thumb-container\" href=\"https:\/\/www.salzburgerland.com\/de\/magazin\/wp-content\/uploads\/2015\/04\/VS_042014_Haderer_19-1280x1024.jpg\">\t<picture><source media=\"(min-width: 576px)\" srcset=\"https:\/\/www.salzburgerland.com\/de\/magazin\/wp-content\/uploads\/2015\/04\/VS_042014_Haderer_19-325x209.jpg 325w, https:\/\/www.salzburgerland.com\/de\/magazin\/wp-content\/uploads\/2015\/04\/VS_042014_Haderer_19-249x160.jpg 249w\" \/><source media=\"(min-width: 0)\" srcset=\"https:\/\/www.salzburgerland.com\/de\/magazin\/wp-content\/uploads\/2015\/04\/VS_042014_Haderer_19-249x160.jpg 249w, https:\/\/www.salzburgerland.com\/de\/magazin\/wp-content\/uploads\/2015\/04\/VS_042014_Haderer_19-325x209.jpg 325w\" \/><img decoding=\"async\" alt=\"Gerollte Lederh\u00e4ute stapeln sich in Regalen, w\u00e4hrend im Hintergrund Schuhformen auf Gestellen angeordnet sind.\" src=\"https:\/\/www.salzburgerland.com\/de\/magazin\/wp-content\/uploads\/2015\/04\/VS_042014_Haderer_19.jpg\" \/>\t<\/picture><\/a><\/figure><\/div><div class=\"col-6 col-sm-4\"><figure><a class=\"thumb-container\" href=\"https:\/\/www.salzburgerland.com\/de\/magazin\/wp-content\/uploads\/2015\/04\/VS_042014_Haderer_16-1280x1024.jpg\">\t<picture><source media=\"(min-width: 576px)\" srcset=\"https:\/\/www.salzburgerland.com\/de\/magazin\/wp-content\/uploads\/2015\/04\/VS_042014_Haderer_16-325x209.jpg 325w, https:\/\/www.salzburgerland.com\/de\/magazin\/wp-content\/uploads\/2015\/04\/VS_042014_Haderer_16-249x160.jpg 249w\" \/><source media=\"(min-width: 0)\" srcset=\"https:\/\/www.salzburgerland.com\/de\/magazin\/wp-content\/uploads\/2015\/04\/VS_042014_Haderer_16-249x160.jpg 249w, https:\/\/www.salzburgerland.com\/de\/magazin\/wp-content\/uploads\/2015\/04\/VS_042014_Haderer_16-325x209.jpg 325w\" \/><img decoding=\"async\" alt=\"Ein \u00e4lterer Mann steht in einer h\u00f6lzernen Schuhwerkstatt und h\u00e4lt h\u00f6lzerne Schuhformen in der Hand, umgeben von Regalen mit Schuhformen.\" src=\"https:\/\/www.salzburgerland.com\/de\/magazin\/wp-content\/uploads\/2015\/04\/VS_042014_Haderer_16.jpg\" \/>\t<\/picture><\/a><\/figure><\/div><div class=\"col-6 col-sm-4\"><figure><a class=\"thumb-container\" href=\"https:\/\/www.salzburgerland.com\/de\/magazin\/wp-content\/uploads\/2015\/04\/HadererSchuhe_06-1280x1024.jpg\">\t<picture><source media=\"(min-width: 576px)\" srcset=\"\" \/><source media=\"(min-width: 0)\" srcset=\"https:\/\/www.salzburgerland.com\/de\/magazin\/wp-content\/uploads\/2015\/04\/HadererSchuhe_06.jpg 1067w, https:\/\/www.salzburgerland.com\/de\/magazin\/wp-content\/uploads\/2015\/04\/HadererSchuhe_06-200x300.jpg 200w, https:\/\/www.salzburgerland.com\/de\/magazin\/wp-content\/uploads\/2015\/04\/HadererSchuhe_06-367x550.jpg 367w, https:\/\/www.salzburgerland.com\/de\/magazin\/wp-content\/uploads\/2015\/04\/HadererSchuhe_06-267x400.jpg 267w\" \/><img decoding=\"async\" alt=\"Reihen von h\u00f6lzernen Schuhformen mit Schn\u00fcrsenkeln sind auf Regalen in einer Werkstatt oder einem Lagerraum gestapelt.\" src=\"https:\/\/www.salzburgerland.com\/de\/magazin\/wp-content\/uploads\/2015\/04\/HadererSchuhe_06.jpg\" \/>\t<\/picture><\/a><\/figure><\/div><div class=\"col-6 col-sm-4\"><figure><a class=\"thumb-container\" href=\"https:\/\/www.salzburgerland.com\/de\/magazin\/wp-content\/uploads\/2015\/04\/HadererSchuhe_04-1280x1024.jpg\">\t<picture><source media=\"(min-width: 576px)\" srcset=\"https:\/\/www.salzburgerland.com\/de\/magazin\/wp-content\/uploads\/2015\/04\/HadererSchuhe_04-325x209.jpg 325w, https:\/\/www.salzburgerland.com\/de\/magazin\/wp-content\/uploads\/2015\/04\/HadererSchuhe_04-249x160.jpg 249w\" \/><source media=\"(min-width: 0)\" srcset=\"https:\/\/www.salzburgerland.com\/de\/magazin\/wp-content\/uploads\/2015\/04\/HadererSchuhe_04-249x160.jpg 249w, https:\/\/www.salzburgerland.com\/de\/magazin\/wp-content\/uploads\/2015\/04\/HadererSchuhe_04-325x209.jpg 325w\" \/><img decoding=\"async\" alt=\"Ein Handwerker in einem karierten Hemd repariert einen Schuh mit Werkzeugen an einer \u00fcberf\u00fcllten Werkbank in seiner Werkstatt.\" src=\"https:\/\/www.salzburgerland.com\/de\/magazin\/wp-content\/uploads\/2015\/04\/HadererSchuhe_04.jpg\" \/>\t<\/picture><\/a><\/figure><\/div><div class=\"col-6 col-sm-4\"><figure><a class=\"thumb-container\" href=\"https:\/\/www.salzburgerland.com\/de\/magazin\/wp-content\/uploads\/2015\/04\/VS_042014_Haderer_08-1280x1024.jpg\">\t<picture><source media=\"(min-width: 576px)\" srcset=\"https:\/\/www.salzburgerland.com\/de\/magazin\/wp-content\/uploads\/2015\/04\/VS_042014_Haderer_08-325x209.jpg 325w, https:\/\/www.salzburgerland.com\/de\/magazin\/wp-content\/uploads\/2015\/04\/VS_042014_Haderer_08-249x160.jpg 249w\" \/><source media=\"(min-width: 0)\" srcset=\"https:\/\/www.salzburgerland.com\/de\/magazin\/wp-content\/uploads\/2015\/04\/VS_042014_Haderer_08-249x160.jpg 249w, https:\/\/www.salzburgerland.com\/de\/magazin\/wp-content\/uploads\/2015\/04\/VS_042014_Haderer_08-325x209.jpg 325w\" \/><img decoding=\"async\" alt=\"Nahaufnahme von H\u00e4nden, die eine lederne Schuhsohle mit dickem Garn und Spezialwerkzeug n\u00e4hen.\" src=\"https:\/\/www.salzburgerland.com\/de\/magazin\/wp-content\/uploads\/2015\/04\/VS_042014_Haderer_08.jpg\" \/>\t<\/picture><\/a><\/figure><\/div><div class=\"col-6 col-sm-4\"><figure><a class=\"thumb-container\" href=\"https:\/\/www.salzburgerland.com\/de\/magazin\/wp-content\/uploads\/2015\/04\/HadererSchuhe_02-1280x1024.jpg\">\t<picture><source media=\"(min-width: 576px)\" srcset=\"\" \/><source media=\"(min-width: 0)\" srcset=\"https:\/\/www.salzburgerland.com\/de\/magazin\/wp-content\/uploads\/2015\/04\/HadererSchuhe_02.jpg 1049w, https:\/\/www.salzburgerland.com\/de\/magazin\/wp-content\/uploads\/2015\/04\/HadererSchuhe_02-197x300.jpg 197w, https:\/\/www.salzburgerland.com\/de\/magazin\/wp-content\/uploads\/2015\/04\/HadererSchuhe_02-361x550.jpg 361w, https:\/\/www.salzburgerland.com\/de\/magazin\/wp-content\/uploads\/2015\/04\/HadererSchuhe_02-262x400.jpg 262w\" \/><img decoding=\"async\" alt=\"Drei Paar polierte schwarze Anzugschuhe sind auf einer Holzfl\u00e4che ausgestellt.\" src=\"https:\/\/www.salzburgerland.com\/de\/magazin\/wp-content\/uploads\/2015\/04\/HadererSchuhe_02.jpg\" \/>\t<\/picture><\/a><\/figure><\/div><\/div><\/div><figcaption><\/figcaption>\n","protected":false},"excerpt":{"rendered":"<p>In unserer schnelllebigen Zeit verlieren wir manchmal den Bezug zu Dingen. Gerade die Mode ist zum Wegwerfartikel geworden und mit ihr auch die Schuhe. Dabei gibt es sie noch, Schuhe die ein viertel Jahrhundert und l\u00e4nger halten, hergestellt von Schuster Herbert Haderer nach alter Tradition. In der Werkst\u00e4tte in Gro\u00dfgmain fertigt Herbert Haderer in dritter [&hellip;]<\/p>\n","protected":false},"author":501,"featured_media":97012,"comment_status":"open","ping_status":"open","sticky":false,"template":"","format":"standard","meta":{"_acf_changed":false,"wl_entities_gutenberg":"","_wl_entity_redirect_enabled":"","footnotes":""},"categories":[9],"tags":[],"wl_entity_type":[306],"monatsauswahl":[82,83,84,85,86,87,88,89,90,91,92,93],"class_list":["post-96989","post","type-post","status-publish","format-standard","has-post-thumbnail","hentry","category-sehenswurdig","wl_entity_type-article","monatsauswahl-monat_1","monatsauswahl-monat_2","monatsauswahl-monat_3","monatsauswahl-monat_4","monatsauswahl-monat_5","monatsauswahl-monat_6","monatsauswahl-monat_7","monatsauswahl-monat_8","monatsauswahl-monat_9","monatsauswahl-monat_10","monatsauswahl-monat_11","monatsauswahl-monat_12"],"acf":[],"yoast_head":"<!-- This site is optimized with the Yoast SEO Premium plugin v27.4 (Yoast SEO v27.4) - https:\/\/yoast.com\/product\/yoast-seo-premium-wordpress\/ -->\n<title>Herbert Haderer - Schuster aus Leidenschaft - SalzburgerLand Magazin<\/title>\n<meta name=\"description\" content=\"In unserer schnelllebigen Zeit verlieren wir manchmal den Bezug zu Dingen. Gerade die Mode ist zum Wegwerfartikel geworden und mit ihr auch die Schuhe. Dabei gibt es sie noch, Schuhe die ein viertel Jahrhundert und l\u00e4nger halten, hergestellt von Schuster Herbert Haderer nach alter Tradition. In der Werkst\u00e4tte in Gro\u00dfgmain fertigt Herbert Haderer in dritter [&hellip;]\" \/>\n<meta name=\"robots\" content=\"index, follow, max-snippet:-1, max-image-preview:large, max-video-preview:-1\" \/>\n<link rel=\"canonical\" href=\"https:\/\/www.salzburgerland.com\/de\/magazin\/herbert-haderer-schuster-aus-leidenschaft\/\" \/>\n<meta property=\"og:locale\" content=\"de_DE\" \/>\n<meta property=\"og:type\" content=\"article\" \/>\n<meta property=\"og:title\" content=\"Herbert Haderer - Schuster aus Leidenschaft\" \/>\n<meta property=\"og:description\" content=\"In unserer schnelllebigen Zeit verlieren wir manchmal den Bezug zu Dingen. Gerade die Mode ist zum Wegwerfartikel geworden und mit ihr auch die Schuhe. Dabei gibt es sie noch, Schuhe die ein viertel Jahrhundert und l\u00e4nger halten, hergestellt von Schuster Herbert Haderer nach alter Tradition. In der Werkst\u00e4tte in Gro\u00dfgmain fertigt Herbert Haderer in dritter [&hellip;]\" \/>\n<meta property=\"og:url\" content=\"https:\/\/www.salzburgerland.com\/de\/magazin\/herbert-haderer-schuster-aus-leidenschaft\/\" \/>\n<meta property=\"og:site_name\" content=\"SalzburgerLand Magazin\" \/>\n<meta property=\"article:publisher\" content=\"https:\/\/www.facebook.com\/salzburgerland\/\" \/>\n<meta property=\"article:published_time\" content=\"2015-04-21T18:51:30+00:00\" \/>\n<meta property=\"article:modified_time\" content=\"2015-04-21T18:52:42+00:00\" \/>\n<meta property=\"og:image\" content=\"https:\/\/www.salzburgerland.com\/de\/magazin\/wp-content\/uploads\/2015\/04\/HadererSchuhe_07.jpg\" \/>\n\t<meta property=\"og:image:width\" content=\"1600\" \/>\n\t<meta property=\"og:image:height\" content=\"1067\" \/>\n\t<meta property=\"og:image:type\" content=\"image\/jpeg\" \/>\n<meta name=\"author\" content=\"Beatrix Dirisamer\" \/>\n<meta name=\"twitter:card\" content=\"summary_large_image\" \/>\n<meta name=\"twitter:creator\" content=\"@Salzburgerland\" \/>\n<meta name=\"twitter:site\" content=\"@Salzburgerland\" \/>\n<meta name=\"twitter:label1\" content=\"Verfasst von\" \/>\n\t<meta name=\"twitter:data1\" content=\"Beatrix Dirisamer\" \/>\n\t<meta name=\"twitter:label2\" content=\"Gesch\u00e4tzte Lesezeit\" \/>\n\t<meta name=\"twitter:data2\" content=\"2\u00a0Minuten\" \/>\n<script type=\"application\/ld+json\" class=\"yoast-schema-graph\">{\"@context\":\"https:\\\/\\\/schema.org\",\"@graph\":[{\"@type\":\"Article\",\"@id\":\"https:\\\/\\\/www.salzburgerland.com\\\/de\\\/magazin\\\/herbert-haderer-schuster-aus-leidenschaft\\\/#article\",\"isPartOf\":{\"@id\":\"https:\\\/\\\/www.salzburgerland.com\\\/de\\\/magazin\\\/herbert-haderer-schuster-aus-leidenschaft\\\/\"},\"author\":{\"name\":\"Beatrix Dirisamer\",\"@id\":\"https:\\\/\\\/www.salzburgerland.com\\\/de\\\/magazin\\\/#\\\/schema\\\/person\\\/eb5acc08a0e6bf8a3df1b6a1168f0b9d\"},\"headline\":\"Herbert Haderer &#8211; Schuster aus Leidenschaft\",\"datePublished\":\"2015-04-21T18:51:30+00:00\",\"dateModified\":\"2015-04-21T18:52:42+00:00\",\"mainEntityOfPage\":{\"@id\":\"https:\\\/\\\/www.salzburgerland.com\\\/de\\\/magazin\\\/herbert-haderer-schuster-aus-leidenschaft\\\/\"},\"wordCount\":467,\"commentCount\":0,\"publisher\":{\"@id\":\"https:\\\/\\\/www.salzburgerland.com\\\/de\\\/magazin\\\/#organization\"},\"image\":{\"@id\":\"https:\\\/\\\/www.salzburgerland.com\\\/de\\\/magazin\\\/herbert-haderer-schuster-aus-leidenschaft\\\/#primaryimage\"},\"thumbnailUrl\":\"https:\\\/\\\/www.salzburgerland.com\\\/de\\\/magazin\\\/wp-content\\\/uploads\\\/2015\\\/04\\\/HadererSchuhe_07.jpg\",\"articleSection\":[\"Sehensw\u00fcrdig\"],\"inLanguage\":\"de\",\"potentialAction\":[{\"@type\":\"CommentAction\",\"name\":\"Comment\",\"target\":[\"https:\\\/\\\/www.salzburgerland.com\\\/de\\\/magazin\\\/herbert-haderer-schuster-aus-leidenschaft\\\/#respond\"]}]},{\"@type\":\"WebPage\",\"@id\":\"https:\\\/\\\/www.salzburgerland.com\\\/de\\\/magazin\\\/herbert-haderer-schuster-aus-leidenschaft\\\/\",\"url\":\"https:\\\/\\\/www.salzburgerland.com\\\/de\\\/magazin\\\/herbert-haderer-schuster-aus-leidenschaft\\\/\",\"name\":\"Herbert Haderer - Schuster aus Leidenschaft - SalzburgerLand Magazin\",\"isPartOf\":{\"@id\":\"https:\\\/\\\/www.salzburgerland.com\\\/de\\\/magazin\\\/#website\"},\"primaryImageOfPage\":{\"@id\":\"https:\\\/\\\/www.salzburgerland.com\\\/de\\\/magazin\\\/herbert-haderer-schuster-aus-leidenschaft\\\/#primaryimage\"},\"image\":{\"@id\":\"https:\\\/\\\/www.salzburgerland.com\\\/de\\\/magazin\\\/herbert-haderer-schuster-aus-leidenschaft\\\/#primaryimage\"},\"thumbnailUrl\":\"https:\\\/\\\/www.salzburgerland.com\\\/de\\\/magazin\\\/wp-content\\\/uploads\\\/2015\\\/04\\\/HadererSchuhe_07.jpg\",\"datePublished\":\"2015-04-21T18:51:30+00:00\",\"dateModified\":\"2015-04-21T18:52:42+00:00\",\"breadcrumb\":{\"@id\":\"https:\\\/\\\/www.salzburgerland.com\\\/de\\\/magazin\\\/herbert-haderer-schuster-aus-leidenschaft\\\/#breadcrumb\"},\"inLanguage\":\"de\",\"potentialAction\":[{\"@type\":\"ReadAction\",\"target\":[\"https:\\\/\\\/www.salzburgerland.com\\\/de\\\/magazin\\\/herbert-haderer-schuster-aus-leidenschaft\\\/\"]}]},{\"@type\":\"ImageObject\",\"inLanguage\":\"de\",\"@id\":\"https:\\\/\\\/www.salzburgerland.com\\\/de\\\/magazin\\\/herbert-haderer-schuster-aus-leidenschaft\\\/#primaryimage\",\"url\":\"https:\\\/\\\/www.salzburgerland.com\\\/de\\\/magazin\\\/wp-content\\\/uploads\\\/2015\\\/04\\\/HadererSchuhe_07.jpg\",\"contentUrl\":\"https:\\\/\\\/www.salzburgerland.com\\\/de\\\/magazin\\\/wp-content\\\/uploads\\\/2015\\\/04\\\/HadererSchuhe_07.jpg\",\"width\":1600,\"height\":1067,\"caption\":\"Herbert Haderer im Lederlager\"},{\"@type\":\"BreadcrumbList\",\"@id\":\"https:\\\/\\\/www.salzburgerland.com\\\/de\\\/magazin\\\/herbert-haderer-schuster-aus-leidenschaft\\\/#breadcrumb\",\"itemListElement\":[{\"@type\":\"ListItem\",\"position\":1,\"name\":\"Startseite\",\"item\":\"https:\\\/\\\/www.salzburgerland.com\\\/de\\\/magazin\\\/\"},{\"@type\":\"ListItem\",\"position\":2,\"name\":\"Sehensw\u00fcrdig\",\"item\":\"https:\\\/\\\/www.salzburgerland.com\\\/de\\\/magazin\\\/thema\\\/sehenswurdig\\\/\"},{\"@type\":\"ListItem\",\"position\":3,\"name\":\"Herbert Haderer &#8211; Schuster aus Leidenschaft\"}]},{\"@type\":\"WebSite\",\"@id\":\"https:\\\/\\\/www.salzburgerland.com\\\/de\\\/magazin\\\/#website\",\"url\":\"https:\\\/\\\/www.salzburgerland.com\\\/de\\\/magazin\\\/\",\"name\":\"SalzburgerLand Magazin\",\"description\":\"Geschichten und Interessantes aus dem SalzburgerLand\",\"publisher\":{\"@id\":\"https:\\\/\\\/www.salzburgerland.com\\\/de\\\/magazin\\\/#organization\"},\"potentialAction\":[{\"@type\":\"SearchAction\",\"target\":{\"@type\":\"EntryPoint\",\"urlTemplate\":\"https:\\\/\\\/www.salzburgerland.com\\\/de\\\/magazin\\\/?s={search_term_string}\"},\"query-input\":{\"@type\":\"PropertyValueSpecification\",\"valueRequired\":true,\"valueName\":\"search_term_string\"}}],\"inLanguage\":\"de\"},{\"@type\":\"Organization\",\"@id\":\"https:\\\/\\\/www.salzburgerland.com\\\/de\\\/magazin\\\/#organization\",\"name\":\"SalzburgerLand Tourismus\",\"url\":\"https:\\\/\\\/www.salzburgerland.com\\\/de\\\/magazin\\\/\",\"logo\":{\"@type\":\"ImageObject\",\"inLanguage\":\"de\",\"@id\":\"https:\\\/\\\/www.salzburgerland.com\\\/de\\\/magazin\\\/#\\\/schema\\\/logo\\\/image\\\/\",\"url\":\"https:\\\/\\\/www.salzburgerland.com\\\/de\\\/magazin\\\/wp-content\\\/uploads\\\/2019\\\/06\\\/salzburgerland-logo1.jpg\",\"contentUrl\":\"https:\\\/\\\/www.salzburgerland.com\\\/de\\\/magazin\\\/wp-content\\\/uploads\\\/2019\\\/06\\\/salzburgerland-logo1.jpg\",\"width\":2011,\"height\":866,\"caption\":\"SalzburgerLand Tourismus\"},\"image\":{\"@id\":\"https:\\\/\\\/www.salzburgerland.com\\\/de\\\/magazin\\\/#\\\/schema\\\/logo\\\/image\\\/\"},\"sameAs\":[\"https:\\\/\\\/www.facebook.com\\\/salzburgerland\\\/\",\"https:\\\/\\\/x.com\\\/Salzburgerland\",\"https:\\\/\\\/www.instagram.com\\\/salzburgerland\\\/\",\"https:\\\/\\\/at.linkedin.com\\\/company\\\/salzburgerland-tourismus-gmbh\",\"https:\\\/\\\/www.pinterest.at\\\/salzburgerland\\\/\",\"https:\\\/\\\/www.youtube.com\\\/user\\\/salzburgerland\",\"https:\\\/\\\/de.wikipedia.org\\\/wiki\\\/SalzburgerLand_Tourismus_GmbH\"]},{\"@type\":\"Person\",\"@id\":\"https:\\\/\\\/www.salzburgerland.com\\\/de\\\/magazin\\\/#\\\/schema\\\/person\\\/eb5acc08a0e6bf8a3df1b6a1168f0b9d\",\"name\":\"Beatrix Dirisamer\",\"description\":\"Beatrix Dirisamer ist Societyjournalistin f\u00fcr die Salzburger Nachrichten und arbeitet seit einem Jahr auch f\u00fcr das Magazin Vision.Salzburg. So entdeckt sie immer wieder neue Seiten dieser Stadt und wei\u00df auch immer gleich wo was Neues passiert. Gemeinsam mit ihrem Lebensgef\u00e4hrten dem Fotografen Andreas Kolarik sind sie das ideale Duo, wenn es um ausdrucksstarke Fotos und Text geht. Durch den vielseitigen Job sind beide immer mitten im Geschehen und berichten von interessanten Geschichten oft auch hinter den Kulissen. Freizeit bleibt da h\u00e4ufig wenig, doch ein Einkauf am Gr\u00fcnmarkt am Samstag oder eine Wanderung auf den Gaisberg z\u00e4hlen zum fixen Wochenendprogramm der beiden. Richtig entspannend wird es dann, wenn man gemeinsam mit Freunden kocht und den Abend mit einer Kartenrunde ausklingen l\u00e4sst Fragen mit Antworten von Beatrix Dirisamer Morgen- oder Abendmensch? Wenn der Wecker vor acht Uhr klingelt, dann brauche ich echt einen guten Grund um aufzustehen. Mein Beruf bringt es mit sich, dass es am Abend schon mal l\u00e4nger werden kann und lieber mache ich mein Arbeit auch\u00a0 sp\u00e4t in der Nacht fertig als morgens fr\u00fch aufzustehen. Also kurz gesagt, ich bin wohl eher die Nachteule als der Morgenmensch. See oder Meer? Ich bin am Attersee aufgewachsen und liebe ihn einfach. Am sch\u00f6nsten ist er im Sommer wenn er teilweise T\u00fcrkis schimmert, aber selbst wenn an Oktobertagen Nebelschwaden \u00fcber ihn hinwegziehen, finde ich ihn noch immer sch\u00f6n. Obwohl so ein Tag am Strand mit der unendlichen Weite des Meeres und seinem beruhigenden Rauschen auch was kann, so w\u00fcrde ich trotzdem den See bevorzugen. Turnschuhe oder High Heels? Ich habe von beidem gen\u00fcgend. Je nachdem ob ich es schon sehr eilige habe und je nach Termin liegt meist beides zum Outfit passend im Auto und wird situationsangepasst verwenden. Schlie\u00dflich kann man zu einem Cocktailempfang keine Sneakers anziehen, zu einer Pressekonferenz jedoch schon. Fr\u00fchling, Sommer, Herbst oder Winter? Ich mag eigentlich jede Jahreszeit, doch wirklich zum Strahlen bringt mich der erste Schnee. Sobald ich morgens die Jalousien rauflasse und Salzburg in Wei\u00df getaucht ist, dann h\u00fcpfe ich wie ein kleines Kind. Auch eine Rodelpartie w\u00fcrde ich jedem Badetag vorziehen. Und die Weihnachtszeit ist f\u00fcr mich ohnehin die sch\u00f6nste Zeit Luxushotel oder Haus mit Selbstversorgung? Klar lasse ich mich auch gerne mal in einem Luxushotel verw\u00f6hnen, alles andere w\u00e4re geschwindelt. Aber ein tolles Haus, vielleicht am Meer, ziehe ich jedem Hotel vor. Dort hat man seine Ruhe\u00a0 und kann einfach mal das machen wozu man in dem Moment gerade Lust hat und zwar zu Zeiten wie man will und ohne Plan. Da macht es mir auch gar nichts aus zu kochen und selber das Bett zu machen. Buch oder Film? Ich bin ein absoluter B\u00fccherwurm. Schon als ich klein war, bin ich oft noch Nachts mit der Taschenlampe im Bett gelegen und habe gelesen. Ich kann da so richtig eintauchen in die Welt des Buches. Da kann es dann schon passieren, dass man mir dreimal schreien muss, bis ich reagiere. Guten Filmen bin ich trotzdem nicht abgeneigt, aber die m\u00fcssen entweder spannend oder urkomisch sein. Horrorfilmen oder Aktionfilmen kann ich nichts abgewinnen. Dirndl oder Bustierkleid? Buh, diese Entscheidung ist wirklich schwer. Ich w\u00fcrde sagen dem Anlass und meiner Stimmung entsprechend, obwohl mein Herz doch sehr f\u00fcr die Tracht schl\u00e4gt. Ich finde in einem Dirndl sieht einfach jede Frau toll aus, egal welche Figur sie hat.\",\"sameAs\":[\"http:\\\/\\\/www.kolarik-fotografie.at\"],\"url\":\"https:\\\/\\\/www.salzburgerland.com\\\/de\\\/magazin\\\/author\\\/trixi\\\/\"}]}<\/script>\n<!-- \/ Yoast SEO Premium plugin. -->","yoast_head_json":{"title":"Herbert Haderer - Schuster aus Leidenschaft - SalzburgerLand Magazin","description":"In unserer schnelllebigen Zeit verlieren wir manchmal den Bezug zu Dingen. Gerade die Mode ist zum Wegwerfartikel geworden und mit ihr auch die Schuhe. Dabei gibt es sie noch, Schuhe die ein viertel Jahrhundert und l\u00e4nger halten, hergestellt von Schuster Herbert Haderer nach alter Tradition. In der Werkst\u00e4tte in Gro\u00dfgmain fertigt Herbert Haderer in dritter [&hellip;]","robots":{"index":"index","follow":"follow","max-snippet":"max-snippet:-1","max-image-preview":"max-image-preview:large","max-video-preview":"max-video-preview:-1"},"canonical":"https:\/\/www.salzburgerland.com\/de\/magazin\/herbert-haderer-schuster-aus-leidenschaft\/","og_locale":"de_DE","og_type":"article","og_title":"Herbert Haderer - Schuster aus Leidenschaft","og_description":"In unserer schnelllebigen Zeit verlieren wir manchmal den Bezug zu Dingen. Gerade die Mode ist zum Wegwerfartikel geworden und mit ihr auch die Schuhe. Dabei gibt es sie noch, Schuhe die ein viertel Jahrhundert und l\u00e4nger halten, hergestellt von Schuster Herbert Haderer nach alter Tradition. In der Werkst\u00e4tte in Gro\u00dfgmain fertigt Herbert Haderer in dritter [&hellip;]","og_url":"https:\/\/www.salzburgerland.com\/de\/magazin\/herbert-haderer-schuster-aus-leidenschaft\/","og_site_name":"SalzburgerLand Magazin","article_publisher":"https:\/\/www.facebook.com\/salzburgerland\/","article_published_time":"2015-04-21T18:51:30+00:00","article_modified_time":"2015-04-21T18:52:42+00:00","og_image":[{"width":1600,"height":1067,"url":"https:\/\/www.salzburgerland.com\/de\/magazin\/wp-content\/uploads\/2015\/04\/HadererSchuhe_07.jpg","type":"image\/jpeg"}],"author":"Beatrix Dirisamer","twitter_card":"summary_large_image","twitter_creator":"@Salzburgerland","twitter_site":"@Salzburgerland","twitter_misc":{"Verfasst von":"Beatrix Dirisamer","Gesch\u00e4tzte Lesezeit":"2\u00a0Minuten"},"schema":{"@context":"https:\/\/schema.org","@graph":[{"@type":"Article","@id":"https:\/\/www.salzburgerland.com\/de\/magazin\/herbert-haderer-schuster-aus-leidenschaft\/#article","isPartOf":{"@id":"https:\/\/www.salzburgerland.com\/de\/magazin\/herbert-haderer-schuster-aus-leidenschaft\/"},"author":{"name":"Beatrix Dirisamer","@id":"https:\/\/www.salzburgerland.com\/de\/magazin\/#\/schema\/person\/eb5acc08a0e6bf8a3df1b6a1168f0b9d"},"headline":"Herbert Haderer &#8211; Schuster aus Leidenschaft","datePublished":"2015-04-21T18:51:30+00:00","dateModified":"2015-04-21T18:52:42+00:00","mainEntityOfPage":{"@id":"https:\/\/www.salzburgerland.com\/de\/magazin\/herbert-haderer-schuster-aus-leidenschaft\/"},"wordCount":467,"commentCount":0,"publisher":{"@id":"https:\/\/www.salzburgerland.com\/de\/magazin\/#organization"},"image":{"@id":"https:\/\/www.salzburgerland.com\/de\/magazin\/herbert-haderer-schuster-aus-leidenschaft\/#primaryimage"},"thumbnailUrl":"https:\/\/www.salzburgerland.com\/de\/magazin\/wp-content\/uploads\/2015\/04\/HadererSchuhe_07.jpg","articleSection":["Sehensw\u00fcrdig"],"inLanguage":"de","potentialAction":[{"@type":"CommentAction","name":"Comment","target":["https:\/\/www.salzburgerland.com\/de\/magazin\/herbert-haderer-schuster-aus-leidenschaft\/#respond"]}]},{"@type":"WebPage","@id":"https:\/\/www.salzburgerland.com\/de\/magazin\/herbert-haderer-schuster-aus-leidenschaft\/","url":"https:\/\/www.salzburgerland.com\/de\/magazin\/herbert-haderer-schuster-aus-leidenschaft\/","name":"Herbert Haderer - Schuster aus Leidenschaft - SalzburgerLand Magazin","isPartOf":{"@id":"https:\/\/www.salzburgerland.com\/de\/magazin\/#website"},"primaryImageOfPage":{"@id":"https:\/\/www.salzburgerland.com\/de\/magazin\/herbert-haderer-schuster-aus-leidenschaft\/#primaryimage"},"image":{"@id":"https:\/\/www.salzburgerland.com\/de\/magazin\/herbert-haderer-schuster-aus-leidenschaft\/#primaryimage"},"thumbnailUrl":"https:\/\/www.salzburgerland.com\/de\/magazin\/wp-content\/uploads\/2015\/04\/HadererSchuhe_07.jpg","datePublished":"2015-04-21T18:51:30+00:00","dateModified":"2015-04-21T18:52:42+00:00","breadcrumb":{"@id":"https:\/\/www.salzburgerland.com\/de\/magazin\/herbert-haderer-schuster-aus-leidenschaft\/#breadcrumb"},"inLanguage":"de","potentialAction":[{"@type":"ReadAction","target":["https:\/\/www.salzburgerland.com\/de\/magazin\/herbert-haderer-schuster-aus-leidenschaft\/"]}]},{"@type":"ImageObject","inLanguage":"de","@id":"https:\/\/www.salzburgerland.com\/de\/magazin\/herbert-haderer-schuster-aus-leidenschaft\/#primaryimage","url":"https:\/\/www.salzburgerland.com\/de\/magazin\/wp-content\/uploads\/2015\/04\/HadererSchuhe_07.jpg","contentUrl":"https:\/\/www.salzburgerland.com\/de\/magazin\/wp-content\/uploads\/2015\/04\/HadererSchuhe_07.jpg","width":1600,"height":1067,"caption":"Herbert Haderer im Lederlager"},{"@type":"BreadcrumbList","@id":"https:\/\/www.salzburgerland.com\/de\/magazin\/herbert-haderer-schuster-aus-leidenschaft\/#breadcrumb","itemListElement":[{"@type":"ListItem","position":1,"name":"Startseite","item":"https:\/\/www.salzburgerland.com\/de\/magazin\/"},{"@type":"ListItem","position":2,"name":"Sehensw\u00fcrdig","item":"https:\/\/www.salzburgerland.com\/de\/magazin\/thema\/sehenswurdig\/"},{"@type":"ListItem","position":3,"name":"Herbert Haderer &#8211; Schuster aus Leidenschaft"}]},{"@type":"WebSite","@id":"https:\/\/www.salzburgerland.com\/de\/magazin\/#website","url":"https:\/\/www.salzburgerland.com\/de\/magazin\/","name":"SalzburgerLand Magazin","description":"Geschichten und Interessantes aus dem SalzburgerLand","publisher":{"@id":"https:\/\/www.salzburgerland.com\/de\/magazin\/#organization"},"potentialAction":[{"@type":"SearchAction","target":{"@type":"EntryPoint","urlTemplate":"https:\/\/www.salzburgerland.com\/de\/magazin\/?s={search_term_string}"},"query-input":{"@type":"PropertyValueSpecification","valueRequired":true,"valueName":"search_term_string"}}],"inLanguage":"de"},{"@type":"Organization","@id":"https:\/\/www.salzburgerland.com\/de\/magazin\/#organization","name":"SalzburgerLand Tourismus","url":"https:\/\/www.salzburgerland.com\/de\/magazin\/","logo":{"@type":"ImageObject","inLanguage":"de","@id":"https:\/\/www.salzburgerland.com\/de\/magazin\/#\/schema\/logo\/image\/","url":"https:\/\/www.salzburgerland.com\/de\/magazin\/wp-content\/uploads\/2019\/06\/salzburgerland-logo1.jpg","contentUrl":"https:\/\/www.salzburgerland.com\/de\/magazin\/wp-content\/uploads\/2019\/06\/salzburgerland-logo1.jpg","width":2011,"height":866,"caption":"SalzburgerLand Tourismus"},"image":{"@id":"https:\/\/www.salzburgerland.com\/de\/magazin\/#\/schema\/logo\/image\/"},"sameAs":["https:\/\/www.facebook.com\/salzburgerland\/","https:\/\/x.com\/Salzburgerland","https:\/\/www.instagram.com\/salzburgerland\/","https:\/\/at.linkedin.com\/company\/salzburgerland-tourismus-gmbh","https:\/\/www.pinterest.at\/salzburgerland\/","https:\/\/www.youtube.com\/user\/salzburgerland","https:\/\/de.wikipedia.org\/wiki\/SalzburgerLand_Tourismus_GmbH"]},{"@type":"Person","@id":"https:\/\/www.salzburgerland.com\/de\/magazin\/#\/schema\/person\/eb5acc08a0e6bf8a3df1b6a1168f0b9d","name":"Beatrix Dirisamer","description":"Beatrix Dirisamer ist Societyjournalistin f\u00fcr die Salzburger Nachrichten und arbeitet seit einem Jahr auch f\u00fcr das Magazin Vision.Salzburg. So entdeckt sie immer wieder neue Seiten dieser Stadt und wei\u00df auch immer gleich wo was Neues passiert. Gemeinsam mit ihrem Lebensgef\u00e4hrten dem Fotografen Andreas Kolarik sind sie das ideale Duo, wenn es um ausdrucksstarke Fotos und Text geht. Durch den vielseitigen Job sind beide immer mitten im Geschehen und berichten von interessanten Geschichten oft auch hinter den Kulissen. Freizeit bleibt da h\u00e4ufig wenig, doch ein Einkauf am Gr\u00fcnmarkt am Samstag oder eine Wanderung auf den Gaisberg z\u00e4hlen zum fixen Wochenendprogramm der beiden. Richtig entspannend wird es dann, wenn man gemeinsam mit Freunden kocht und den Abend mit einer Kartenrunde ausklingen l\u00e4sst Fragen mit Antworten von Beatrix Dirisamer Morgen- oder Abendmensch? Wenn der Wecker vor acht Uhr klingelt, dann brauche ich echt einen guten Grund um aufzustehen. Mein Beruf bringt es mit sich, dass es am Abend schon mal l\u00e4nger werden kann und lieber mache ich mein Arbeit auch\u00a0 sp\u00e4t in der Nacht fertig als morgens fr\u00fch aufzustehen. Also kurz gesagt, ich bin wohl eher die Nachteule als der Morgenmensch. See oder Meer? Ich bin am Attersee aufgewachsen und liebe ihn einfach. Am sch\u00f6nsten ist er im Sommer wenn er teilweise T\u00fcrkis schimmert, aber selbst wenn an Oktobertagen Nebelschwaden \u00fcber ihn hinwegziehen, finde ich ihn noch immer sch\u00f6n. Obwohl so ein Tag am Strand mit der unendlichen Weite des Meeres und seinem beruhigenden Rauschen auch was kann, so w\u00fcrde ich trotzdem den See bevorzugen. Turnschuhe oder High Heels? Ich habe von beidem gen\u00fcgend. Je nachdem ob ich es schon sehr eilige habe und je nach Termin liegt meist beides zum Outfit passend im Auto und wird situationsangepasst verwenden. Schlie\u00dflich kann man zu einem Cocktailempfang keine Sneakers anziehen, zu einer Pressekonferenz jedoch schon. Fr\u00fchling, Sommer, Herbst oder Winter? Ich mag eigentlich jede Jahreszeit, doch wirklich zum Strahlen bringt mich der erste Schnee. Sobald ich morgens die Jalousien rauflasse und Salzburg in Wei\u00df getaucht ist, dann h\u00fcpfe ich wie ein kleines Kind. Auch eine Rodelpartie w\u00fcrde ich jedem Badetag vorziehen. Und die Weihnachtszeit ist f\u00fcr mich ohnehin die sch\u00f6nste Zeit Luxushotel oder Haus mit Selbstversorgung? Klar lasse ich mich auch gerne mal in einem Luxushotel verw\u00f6hnen, alles andere w\u00e4re geschwindelt. Aber ein tolles Haus, vielleicht am Meer, ziehe ich jedem Hotel vor. Dort hat man seine Ruhe\u00a0 und kann einfach mal das machen wozu man in dem Moment gerade Lust hat und zwar zu Zeiten wie man will und ohne Plan. Da macht es mir auch gar nichts aus zu kochen und selber das Bett zu machen. Buch oder Film? Ich bin ein absoluter B\u00fccherwurm. Schon als ich klein war, bin ich oft noch Nachts mit der Taschenlampe im Bett gelegen und habe gelesen. Ich kann da so richtig eintauchen in die Welt des Buches. Da kann es dann schon passieren, dass man mir dreimal schreien muss, bis ich reagiere. Guten Filmen bin ich trotzdem nicht abgeneigt, aber die m\u00fcssen entweder spannend oder urkomisch sein. Horrorfilmen oder Aktionfilmen kann ich nichts abgewinnen. Dirndl oder Bustierkleid? Buh, diese Entscheidung ist wirklich schwer. Ich w\u00fcrde sagen dem Anlass und meiner Stimmung entsprechend, obwohl mein Herz doch sehr f\u00fcr die Tracht schl\u00e4gt. Ich finde in einem Dirndl sieht einfach jede Frau toll aus, egal welche Figur sie hat.","sameAs":["http:\/\/www.kolarik-fotografie.at"],"url":"https:\/\/www.salzburgerland.com\/de\/magazin\/author\/trixi\/"}]}},"_wl_alt_label":[],"wl:entity_url":"http:\/\/open.salzburgerland.com\/magazin\/post\/herbert_haderer_-_schuster_aus_leidenschaft","_links":{"self":[{"href":"https:\/\/www.salzburgerland.com\/de\/magazin\/wp-json\/wp\/v2\/posts\/96989","targetHints":{"allow":["GET"]}}],"collection":[{"href":"https:\/\/www.salzburgerland.com\/de\/magazin\/wp-json\/wp\/v2\/posts"}],"about":[{"href":"https:\/\/www.salzburgerland.com\/de\/magazin\/wp-json\/wp\/v2\/types\/post"}],"author":[{"embeddable":true,"href":"https:\/\/www.salzburgerland.com\/de\/magazin\/wp-json\/wp\/v2\/users\/501"}],"replies":[{"embeddable":true,"href":"https:\/\/www.salzburgerland.com\/de\/magazin\/wp-json\/wp\/v2\/comments?post=96989"}],"version-history":[{"count":0,"href":"https:\/\/www.salzburgerland.com\/de\/magazin\/wp-json\/wp\/v2\/posts\/96989\/revisions"}],"wp:featuredmedia":[{"embeddable":true,"href":"https:\/\/www.salzburgerland.com\/de\/magazin\/wp-json\/wp\/v2\/media\/97012"}],"wp:attachment":[{"href":"https:\/\/www.salzburgerland.com\/de\/magazin\/wp-json\/wp\/v2\/media?parent=96989"}],"wp:term":[{"taxonomy":"category","embeddable":true,"href":"https:\/\/www.salzburgerland.com\/de\/magazin\/wp-json\/wp\/v2\/categories?post=96989"},{"taxonomy":"post_tag","embeddable":true,"href":"https:\/\/www.salzburgerland.com\/de\/magazin\/wp-json\/wp\/v2\/tags?post=96989"},{"taxonomy":"wl_entity_type","embeddable":true,"href":"https:\/\/www.salzburgerland.com\/de\/magazin\/wp-json\/wp\/v2\/wl_entity_type?post=96989"},{"taxonomy":"monatsauswahl","embeddable":true,"href":"https:\/\/www.salzburgerland.com\/de\/magazin\/wp-json\/wp\/v2\/monatsauswahl?post=96989"}],"curies":[{"name":"wp","href":"https:\/\/api.w.org\/{rel}","templated":true}]}}