{"id":96594,"date":"2015-04-07T20:05:52","date_gmt":"2015-04-07T18:05:52","guid":{"rendered":"http:\/\/magazin.salzburgerland.com\/?p=96594"},"modified":"2023-11-16T08:47:09","modified_gmt":"2023-11-16T07:47:09","slug":"lukas-hollaus-am-weg-nach-rio","status":"publish","type":"post","link":"https:\/\/www.salzburgerland.com\/de\/magazin\/lukas-hollaus-am-weg-nach-rio\/","title":{"rendered":"Lukas Hollaus \u2013 am Weg nach Rio"},"content":{"rendered":"<p><em><strong>Der Pinzgauer Lukas Hollaus z\u00e4hlt zu den Top-Triathleten in \u00d6sterreich. Sein gro\u00dfes Ziel lautet Rio 2016, daf\u00fcr gibt er 100% \u2013 und auch mehr.<\/strong><\/em><\/p>\n<p><a title=\"Lukas Hollaus\" href=\"http:\/\/www.lukashollaus.com\/\" target=\"_blank\" rel=\"noopener\">Lukas Hollaus<\/a> hat sich in den letzten Jahren in der Triathlon-Weltspitze etabliert. Aktuell liegt der Pinzgauer auf dem 35. Rang. Das w\u00fcrde reichen um bei den Olympischen Spielen in Rio zu starten. W\u00e4ren da nicht noch gut ein Jahr, in dem Hollaus den Gesamtrang halten sollte. \u201eDie Top 55 der Welt qualifizieren sich f\u00fcr die Sommerolympiade\u201c, erkl\u00e4rt der 28-j\u00e4hrige Zeitsoldat, zur Zeit sieht es also sehr gut aus.<\/p>\n<p>Der Triathlet hat die Grundlage f\u00fcr seine sportliche Karriere im Salzburger Pinzgau gelegt. Hier hat er seine ersten Radkilometer abgespult und die ersten Schwimmversuche unternommen. \u201eIch bin das ganze Jahr \u00fcber unterwegs und sehr froh wenn ich zu Hause bin\u201c, so Hollaus, der nat\u00fcrlich auch die Lebensqualit\u00e4t im <a title=\"salzburger land\" href=\"https:\/\/www.salzburgerland.com\" target=\"_blank\" rel=\"noopener\">SalzburgerLand<\/a> zu sch\u00e4tzen wei\u00df. Besonders nach drei Wochen Fuerteventura und sieben Wochen in S\u00fcdafrika genie\u00dft er jetzt die Zeit zu Hause in den Bergen, auch wenn das Wetter nicht immer mitspielt und er auch im Wohnzimmer am Ergometer seine Kilometer abspult. Eine seiner Kraftpl\u00e4tze ist der <a title=\"Zell Am See Kaprun\" href=\"http:\/\/www.zellamsee-kaprun.com\/\" target=\"_blank\" rel=\"noopener\">Zeller See<\/a>. Hier zieht er im Sommer sein Schwimmtraining durch und auch die Radausfl\u00fcge im Pinzgau geben im die Power, um im Weltcup vorne mitzumischen.<\/p>\n<p><strong>Fokus voll auf Olympia<\/strong><\/p>\n<p>Zur Zeit denkt er nur an eines: die erfolgreiche Qualifikation f\u00fcr Rio 2016. Maximal 14 Rennen z\u00e4hlen f\u00fcr die Qualifikation. Im Mai startet f\u00fcr ihn der zweite Qualifikationsblock. Dann geht es voll zur Sache. \u201eWo ich in der zweiten Saisonh\u00e4lfte an den Start gehen werde, kann ich noch nicht sagen\u201c, erkl\u00e4rt er. Ein Start beim <a title=\"Ironman 70.3 Zell am See-Kaprun\" href=\"http:\/\/www.zellamsee-kaprun.com\/de\/news-events\/ironman\" target=\"_blank\" rel=\"noopener\">Ironman 70.3 in Zell am See-Kaprun<\/a> steht auf jeden Fall auf der To-Do-Liste, sofern die Qualifikationsrennen bis dahin erfolgreich verlaufen.<\/p>\n<p><strong>Zell am See eines der Lieblingsrennen<\/strong><\/p>\n<p>Bisher ist er zwei Mal in Zell am See-Kaprun gestartet. \u201eDas Rennen und die Distanz liegt mir gut. Es ist f\u00fcr mich dort immer super gelaufen und ich war halbwegs vorne dabei\u201c, so Hollaus, \u201eich habe viele bekannte Gesichter gesehen und viele Freunde feurten mich an.\u201c Was nach 2016 passiert kann er jetzt noch nicht sagen. Irgendwann wird es ihn Richtung Ironman-Distanz ziehen und sp\u00e4testens dann ist ein Start in Zell am See gewiss.<\/p>\n<div class=\"mag-gallery\"><div class=\"row\"><div class=\"col-6 col-sm-4\"><figure><a class=\"thumb-container\" href=\"https:\/\/www.salzburgerland.com\/de\/magazin\/wp-content\/uploads\/2015\/03\/hm_holaus_0041-1280x1024.jpg\">\t<picture><source media=\"(min-width: 576px)\" srcset=\"https:\/\/www.salzburgerland.com\/de\/magazin\/wp-content\/uploads\/2015\/03\/hm_holaus_0041-325x209.jpg 325w, https:\/\/www.salzburgerland.com\/de\/magazin\/wp-content\/uploads\/2015\/03\/hm_holaus_0041-249x160.jpg 249w\" \/><source media=\"(min-width: 0)\" srcset=\"https:\/\/www.salzburgerland.com\/de\/magazin\/wp-content\/uploads\/2015\/03\/hm_holaus_0041-249x160.jpg 249w, https:\/\/www.salzburgerland.com\/de\/magazin\/wp-content\/uploads\/2015\/03\/hm_holaus_0041-325x209.jpg 325w\" \/><img decoding=\"async\" alt=\"Ein Mann in einem Puma-Kapuzenpulli und einer M\u00fctze steht an einer dunklen Wand und blickt in die Kamera in Schwarz-Wei\u00df.\" src=\"https:\/\/www.salzburgerland.com\/de\/magazin\/wp-content\/uploads\/2015\/03\/hm_holaus_0041.jpg\" \/>\t<\/picture><\/a><\/figure><\/div><div class=\"col-6 col-sm-4\"><figure><a class=\"thumb-container\" href=\"https:\/\/www.salzburgerland.com\/de\/magazin\/wp-content\/uploads\/2015\/03\/hm_holaus_0028-1280x1024.jpg\">\t<picture><source media=\"(min-width: 576px)\" srcset=\"https:\/\/www.salzburgerland.com\/de\/magazin\/wp-content\/uploads\/2015\/03\/hm_holaus_0028-325x209.jpg 325w, https:\/\/www.salzburgerland.com\/de\/magazin\/wp-content\/uploads\/2015\/03\/hm_holaus_0028-249x160.jpg 249w\" \/><source media=\"(min-width: 0)\" srcset=\"https:\/\/www.salzburgerland.com\/de\/magazin\/wp-content\/uploads\/2015\/03\/hm_holaus_0028-249x160.jpg 249w, https:\/\/www.salzburgerland.com\/de\/magazin\/wp-content\/uploads\/2015\/03\/hm_holaus_0028-325x209.jpg 325w\" \/><img decoding=\"async\" alt=\"Ein Triathlet in roter Kleidung und Badekappe steht barfu\u00df vor einer Betonwand und wirft einen Schatten.\" src=\"https:\/\/www.salzburgerland.com\/de\/magazin\/wp-content\/uploads\/2015\/03\/hm_holaus_0028.jpg\" \/>\t<\/picture><\/a><\/figure><\/div><div class=\"col-6 col-sm-4\"><figure><a class=\"thumb-container\" href=\"https:\/\/www.salzburgerland.com\/de\/magazin\/wp-content\/uploads\/2015\/03\/hm_holaus_0016-1280x1024.jpg\">\t<picture><source media=\"(min-width: 576px)\" srcset=\"https:\/\/www.salzburgerland.com\/de\/magazin\/wp-content\/uploads\/2015\/03\/hm_holaus_0016-325x209.jpg 325w, https:\/\/www.salzburgerland.com\/de\/magazin\/wp-content\/uploads\/2015\/03\/hm_holaus_0016-249x160.jpg 249w\" \/><source media=\"(min-width: 0)\" srcset=\"https:\/\/www.salzburgerland.com\/de\/magazin\/wp-content\/uploads\/2015\/03\/hm_holaus_0016-249x160.jpg 249w, https:\/\/www.salzburgerland.com\/de\/magazin\/wp-content\/uploads\/2015\/03\/hm_holaus_0016-325x209.jpg 325w\" \/><img decoding=\"async\" alt=\"Ein Radfahrer in Rennkleidung f\u00e4hrt mit seinem Fahrrad an einer Betonmauer entlang und wirft einen deutlichen Schatten neben sich.\" src=\"https:\/\/www.salzburgerland.com\/de\/magazin\/wp-content\/uploads\/2015\/03\/hm_holaus_0016.jpg\" \/>\t<\/picture><\/a><\/figure><\/div><div class=\"col-6 col-sm-4\"><figure><a class=\"thumb-container\" href=\"https:\/\/www.salzburgerland.com\/de\/magazin\/wp-content\/uploads\/2015\/03\/hm_holaus_0007-1280x1024.jpg\">\t<picture><source media=\"(min-width: 576px)\" srcset=\"https:\/\/www.salzburgerland.com\/de\/magazin\/wp-content\/uploads\/2015\/03\/hm_holaus_0007-325x209.jpg 325w, https:\/\/www.salzburgerland.com\/de\/magazin\/wp-content\/uploads\/2015\/03\/hm_holaus_0007-249x160.jpg 249w\" \/><source media=\"(min-width: 0)\" srcset=\"https:\/\/www.salzburgerland.com\/de\/magazin\/wp-content\/uploads\/2015\/03\/hm_holaus_0007-249x160.jpg 249w, https:\/\/www.salzburgerland.com\/de\/magazin\/wp-content\/uploads\/2015\/03\/hm_holaus_0007-325x209.jpg 325w\" \/><img decoding=\"async\" alt=\"Eine Person in Sportkleidung l\u00e4uft auf einem roten Sportplatz unter hellem Sonnenlicht mit Bergen im Hintergrund.\" src=\"https:\/\/www.salzburgerland.com\/de\/magazin\/wp-content\/uploads\/2015\/03\/hm_holaus_0007.jpg\" \/>\t<\/picture><\/a><\/figure><\/div><div class=\"col-6 col-sm-4\"><figure><a class=\"thumb-container\" href=\"https:\/\/www.salzburgerland.com\/de\/magazin\/wp-content\/uploads\/2015\/03\/hm_holaus_0010-1280x1024.jpg\">\t<picture><source media=\"(min-width: 576px)\" srcset=\"https:\/\/www.salzburgerland.com\/de\/magazin\/wp-content\/uploads\/2015\/03\/hm_holaus_0010-325x209.jpg 325w, https:\/\/www.salzburgerland.com\/de\/magazin\/wp-content\/uploads\/2015\/03\/hm_holaus_0010-249x160.jpg 249w\" \/><source media=\"(min-width: 0)\" srcset=\"https:\/\/www.salzburgerland.com\/de\/magazin\/wp-content\/uploads\/2015\/03\/hm_holaus_0010-249x160.jpg 249w, https:\/\/www.salzburgerland.com\/de\/magazin\/wp-content\/uploads\/2015\/03\/hm_holaus_0010-325x209.jpg 325w\" \/><img decoding=\"async\" alt=\"Ein Sportler in Sportkleidung sitzt auf der Strecke, neben ihm ein Fahrrad, Schuhe, Triathlonausr\u00fcstung, Wasserflaschen und eine Schwimmbrille.\" src=\"https:\/\/www.salzburgerland.com\/de\/magazin\/wp-content\/uploads\/2015\/03\/hm_holaus_0010.jpg\" \/>\t<\/picture><\/a><\/figure><\/div><div class=\"col-6 col-sm-4\"><figure><a class=\"thumb-container\" href=\"https:\/\/www.salzburgerland.com\/de\/magazin\/wp-content\/uploads\/2015\/03\/hm_holaus_00391-1280x1024.jpg\">\t<picture><source media=\"(min-width: 576px)\" srcset=\"\" \/><source media=\"(min-width: 0)\" srcset=\"https:\/\/www.salzburgerland.com\/de\/magazin\/wp-content\/uploads\/2015\/03\/hm_holaus_00391.jpg 1067w, https:\/\/www.salzburgerland.com\/de\/magazin\/wp-content\/uploads\/2015\/03\/hm_holaus_00391-200x300.jpg 200w, https:\/\/www.salzburgerland.com\/de\/magazin\/wp-content\/uploads\/2015\/03\/hm_holaus_00391-367x550.jpg 367w, https:\/\/www.salzburgerland.com\/de\/magazin\/wp-content\/uploads\/2015\/03\/hm_holaus_00391-267x400.jpg 267w\" \/><img decoding=\"async\" alt=\"Ein Mann in einem blau-grauen Puma-Kapuzenpulli und einer wei\u00dfen M\u00fctze steht an einer rostigen Metallwand und l\u00e4chelt in die Kamera.\" src=\"https:\/\/www.salzburgerland.com\/de\/magazin\/wp-content\/uploads\/2015\/03\/hm_holaus_00391.jpg\" \/>\t<\/picture><\/a><\/figure><\/div><\/div><\/div><figcaption><\/figcaption>\n","protected":false},"excerpt":{"rendered":"<p>Der Pinzgauer Lukas Hollaus z\u00e4hlt zu den Top-Triathleten in \u00d6sterreich. Sein gro\u00dfes Ziel lautet Rio 2016, daf\u00fcr gibt er 100% \u2013 und auch mehr. Lukas Hollaus hat sich in den letzten Jahren in der Triathlon-Weltspitze etabliert. Aktuell liegt der Pinzgauer auf dem 35. Rang. Das w\u00fcrde reichen um bei den Olympischen Spielen in Rio zu [&hellip;]<\/p>\n","protected":false},"author":10,"featured_media":96599,"comment_status":"open","ping_status":"open","sticky":false,"template":"","format":"standard","meta":{"_acf_changed":false,"wl_entities_gutenberg":"","_wl_entity_redirect_enabled":"","footnotes":""},"categories":[7551],"tags":[],"wl_entity_type":[306],"monatsauswahl":[82,83,84,85,86,87,88,89,90,91,92,93],"class_list":["post-96594","post","type-post","status-publish","format-standard","has-post-thumbnail","hentry","category-archiv","wl_entity_type-article","monatsauswahl-monat_1","monatsauswahl-monat_2","monatsauswahl-monat_3","monatsauswahl-monat_4","monatsauswahl-monat_5","monatsauswahl-monat_6","monatsauswahl-monat_7","monatsauswahl-monat_8","monatsauswahl-monat_9","monatsauswahl-monat_10","monatsauswahl-monat_11","monatsauswahl-monat_12"],"acf":[],"yoast_head":"<!-- This site is optimized with the Yoast SEO Premium plugin v27.4 (Yoast SEO v27.4) - https:\/\/yoast.com\/product\/yoast-seo-premium-wordpress\/ -->\n<title>Lukas Hollaus \u2013 am Weg nach Rio - SalzburgerLand Magazin<\/title>\n<meta name=\"description\" content=\"Der Pinzgauer Lukas Hollaus z\u00e4hlt zu den Top-Triathleten in \u00d6sterreich. Sein gro\u00dfes Ziel lautet Rio 2016, daf\u00fcr gibt er 100% \u2013 und auch mehr. Lukas Hollaus hat sich in den letzten Jahren in der Triathlon-Weltspitze etabliert. Aktuell liegt der Pinzgauer auf dem 35. Rang. Das w\u00fcrde reichen um bei den Olympischen Spielen in Rio zu [&hellip;]\" \/>\n<meta name=\"robots\" content=\"index, nofollow, max-snippet:-1, max-image-preview:large, max-video-preview:-1\" \/>\n<link rel=\"canonical\" href=\"https:\/\/www.salzburgerland.com\/de\/magazin\/lukas-hollaus-am-weg-nach-rio\/\" \/>\n<meta property=\"og:locale\" content=\"de_DE\" \/>\n<meta property=\"og:type\" content=\"article\" \/>\n<meta property=\"og:title\" content=\"Lukas Hollaus \u2013 am Weg nach Rio\" \/>\n<meta property=\"og:description\" content=\"Der Pinzgauer Lukas Hollaus z\u00e4hlt zu den Top-Triathleten in \u00d6sterreich. Sein gro\u00dfes Ziel lautet Rio 2016, daf\u00fcr gibt er 100% \u2013 und auch mehr. Lukas Hollaus hat sich in den letzten Jahren in der Triathlon-Weltspitze etabliert. Aktuell liegt der Pinzgauer auf dem 35. Rang. Das w\u00fcrde reichen um bei den Olympischen Spielen in Rio zu [&hellip;]\" \/>\n<meta property=\"og:url\" content=\"https:\/\/www.salzburgerland.com\/de\/magazin\/lukas-hollaus-am-weg-nach-rio\/\" \/>\n<meta property=\"og:site_name\" content=\"SalzburgerLand Magazin\" \/>\n<meta property=\"article:publisher\" content=\"https:\/\/www.facebook.com\/salzburgerland\/\" \/>\n<meta property=\"article:published_time\" content=\"2015-04-07T18:05:52+00:00\" \/>\n<meta property=\"article:modified_time\" content=\"2023-11-16T07:47:09+00:00\" \/>\n<meta property=\"og:image\" content=\"https:\/\/www.salzburgerland.com\/de\/magazin\/wp-content\/uploads\/2015\/03\/hm_holaus_0010.jpg\" \/>\n\t<meta property=\"og:image:width\" content=\"1600\" \/>\n\t<meta property=\"og:image:height\" content=\"1067\" \/>\n\t<meta property=\"og:image:type\" content=\"image\/jpeg\" \/>\n<meta name=\"author\" content=\"Heiko Mandl\" \/>\n<meta name=\"twitter:card\" content=\"summary_large_image\" \/>\n<meta name=\"twitter:creator\" content=\"@Salzburgerland\" \/>\n<meta name=\"twitter:site\" content=\"@Salzburgerland\" \/>\n<meta name=\"twitter:label1\" content=\"Verfasst von\" \/>\n\t<meta name=\"twitter:data1\" content=\"Heiko Mandl\" \/>\n\t<meta name=\"twitter:label2\" content=\"Gesch\u00e4tzte Lesezeit\" \/>\n\t<meta name=\"twitter:data2\" content=\"3\u00a0Minuten\" \/>\n<script type=\"application\/ld+json\" class=\"yoast-schema-graph\">{\"@context\":\"https:\\\/\\\/schema.org\",\"@graph\":[{\"@type\":\"Article\",\"@id\":\"https:\\\/\\\/www.salzburgerland.com\\\/de\\\/magazin\\\/lukas-hollaus-am-weg-nach-rio\\\/#article\",\"isPartOf\":{\"@id\":\"https:\\\/\\\/www.salzburgerland.com\\\/de\\\/magazin\\\/lukas-hollaus-am-weg-nach-rio\\\/\"},\"author\":{\"name\":\"Heiko Mandl\",\"@id\":\"https:\\\/\\\/www.salzburgerland.com\\\/de\\\/magazin\\\/#\\\/schema\\\/person\\\/8871c7c764fce6ea66752310e7fe9e98\"},\"headline\":\"Lukas Hollaus \u2013 am Weg nach Rio\",\"datePublished\":\"2015-04-07T18:05:52+00:00\",\"dateModified\":\"2023-11-16T07:47:09+00:00\",\"mainEntityOfPage\":{\"@id\":\"https:\\\/\\\/www.salzburgerland.com\\\/de\\\/magazin\\\/lukas-hollaus-am-weg-nach-rio\\\/\"},\"wordCount\":395,\"commentCount\":0,\"publisher\":{\"@id\":\"https:\\\/\\\/www.salzburgerland.com\\\/de\\\/magazin\\\/#organization\"},\"image\":{\"@id\":\"https:\\\/\\\/www.salzburgerland.com\\\/de\\\/magazin\\\/lukas-hollaus-am-weg-nach-rio\\\/#primaryimage\"},\"thumbnailUrl\":\"https:\\\/\\\/www.salzburgerland.com\\\/de\\\/magazin\\\/wp-content\\\/uploads\\\/2015\\\/03\\\/hm_holaus_0010.jpg\",\"articleSection\":[\"Archiv\"],\"inLanguage\":\"de\",\"potentialAction\":[{\"@type\":\"CommentAction\",\"name\":\"Comment\",\"target\":[\"https:\\\/\\\/www.salzburgerland.com\\\/de\\\/magazin\\\/lukas-hollaus-am-weg-nach-rio\\\/#respond\"]}]},{\"@type\":\"WebPage\",\"@id\":\"https:\\\/\\\/www.salzburgerland.com\\\/de\\\/magazin\\\/lukas-hollaus-am-weg-nach-rio\\\/\",\"url\":\"https:\\\/\\\/www.salzburgerland.com\\\/de\\\/magazin\\\/lukas-hollaus-am-weg-nach-rio\\\/\",\"name\":\"Lukas Hollaus \u2013 am Weg nach Rio - SalzburgerLand Magazin\",\"isPartOf\":{\"@id\":\"https:\\\/\\\/www.salzburgerland.com\\\/de\\\/magazin\\\/#website\"},\"primaryImageOfPage\":{\"@id\":\"https:\\\/\\\/www.salzburgerland.com\\\/de\\\/magazin\\\/lukas-hollaus-am-weg-nach-rio\\\/#primaryimage\"},\"image\":{\"@id\":\"https:\\\/\\\/www.salzburgerland.com\\\/de\\\/magazin\\\/lukas-hollaus-am-weg-nach-rio\\\/#primaryimage\"},\"thumbnailUrl\":\"https:\\\/\\\/www.salzburgerland.com\\\/de\\\/magazin\\\/wp-content\\\/uploads\\\/2015\\\/03\\\/hm_holaus_0010.jpg\",\"datePublished\":\"2015-04-07T18:05:52+00:00\",\"dateModified\":\"2023-11-16T07:47:09+00:00\",\"breadcrumb\":{\"@id\":\"https:\\\/\\\/www.salzburgerland.com\\\/de\\\/magazin\\\/lukas-hollaus-am-weg-nach-rio\\\/#breadcrumb\"},\"inLanguage\":\"de\",\"potentialAction\":[{\"@type\":\"ReadAction\",\"target\":[\"https:\\\/\\\/www.salzburgerland.com\\\/de\\\/magazin\\\/lukas-hollaus-am-weg-nach-rio\\\/\"]}]},{\"@type\":\"ImageObject\",\"inLanguage\":\"de\",\"@id\":\"https:\\\/\\\/www.salzburgerland.com\\\/de\\\/magazin\\\/lukas-hollaus-am-weg-nach-rio\\\/#primaryimage\",\"url\":\"https:\\\/\\\/www.salzburgerland.com\\\/de\\\/magazin\\\/wp-content\\\/uploads\\\/2015\\\/03\\\/hm_holaus_0010.jpg\",\"contentUrl\":\"https:\\\/\\\/www.salzburgerland.com\\\/de\\\/magazin\\\/wp-content\\\/uploads\\\/2015\\\/03\\\/hm_holaus_0010.jpg\",\"width\":1600,\"height\":1067,\"caption\":\"Lukas Hollaus und sein Arbeitsger\u00e4t.\"},{\"@type\":\"BreadcrumbList\",\"@id\":\"https:\\\/\\\/www.salzburgerland.com\\\/de\\\/magazin\\\/lukas-hollaus-am-weg-nach-rio\\\/#breadcrumb\",\"itemListElement\":[{\"@type\":\"ListItem\",\"position\":1,\"name\":\"Startseite\",\"item\":\"https:\\\/\\\/www.salzburgerland.com\\\/de\\\/magazin\\\/\"},{\"@type\":\"ListItem\",\"position\":2,\"name\":\"Archiv\",\"item\":\"https:\\\/\\\/www.salzburgerland.com\\\/de\\\/magazin\\\/thema\\\/archiv\\\/\"},{\"@type\":\"ListItem\",\"position\":3,\"name\":\"Lukas Hollaus \u2013 am Weg nach Rio\"}]},{\"@type\":\"WebSite\",\"@id\":\"https:\\\/\\\/www.salzburgerland.com\\\/de\\\/magazin\\\/#website\",\"url\":\"https:\\\/\\\/www.salzburgerland.com\\\/de\\\/magazin\\\/\",\"name\":\"SalzburgerLand Magazin\",\"description\":\"Geschichten und Interessantes aus dem SalzburgerLand\",\"publisher\":{\"@id\":\"https:\\\/\\\/www.salzburgerland.com\\\/de\\\/magazin\\\/#organization\"},\"potentialAction\":[{\"@type\":\"SearchAction\",\"target\":{\"@type\":\"EntryPoint\",\"urlTemplate\":\"https:\\\/\\\/www.salzburgerland.com\\\/de\\\/magazin\\\/?s={search_term_string}\"},\"query-input\":{\"@type\":\"PropertyValueSpecification\",\"valueRequired\":true,\"valueName\":\"search_term_string\"}}],\"inLanguage\":\"de\"},{\"@type\":\"Organization\",\"@id\":\"https:\\\/\\\/www.salzburgerland.com\\\/de\\\/magazin\\\/#organization\",\"name\":\"SalzburgerLand Tourismus\",\"url\":\"https:\\\/\\\/www.salzburgerland.com\\\/de\\\/magazin\\\/\",\"logo\":{\"@type\":\"ImageObject\",\"inLanguage\":\"de\",\"@id\":\"https:\\\/\\\/www.salzburgerland.com\\\/de\\\/magazin\\\/#\\\/schema\\\/logo\\\/image\\\/\",\"url\":\"https:\\\/\\\/www.salzburgerland.com\\\/de\\\/magazin\\\/wp-content\\\/uploads\\\/2019\\\/06\\\/salzburgerland-logo1.jpg\",\"contentUrl\":\"https:\\\/\\\/www.salzburgerland.com\\\/de\\\/magazin\\\/wp-content\\\/uploads\\\/2019\\\/06\\\/salzburgerland-logo1.jpg\",\"width\":2011,\"height\":866,\"caption\":\"SalzburgerLand Tourismus\"},\"image\":{\"@id\":\"https:\\\/\\\/www.salzburgerland.com\\\/de\\\/magazin\\\/#\\\/schema\\\/logo\\\/image\\\/\"},\"sameAs\":[\"https:\\\/\\\/www.facebook.com\\\/salzburgerland\\\/\",\"https:\\\/\\\/x.com\\\/Salzburgerland\",\"https:\\\/\\\/www.instagram.com\\\/salzburgerland\\\/\",\"https:\\\/\\\/at.linkedin.com\\\/company\\\/salzburgerland-tourismus-gmbh\",\"https:\\\/\\\/www.pinterest.at\\\/salzburgerland\\\/\",\"https:\\\/\\\/www.youtube.com\\\/user\\\/salzburgerland\",\"https:\\\/\\\/de.wikipedia.org\\\/wiki\\\/SalzburgerLand_Tourismus_GmbH\"]},{\"@type\":\"Person\",\"@id\":\"https:\\\/\\\/www.salzburgerland.com\\\/de\\\/magazin\\\/#\\\/schema\\\/person\\\/8871c7c764fce6ea66752310e7fe9e98\",\"name\":\"Heiko Mandl\",\"description\":\"Heiko Mandl, geboren 1976 in Salzburg, ist durch den Journalismus zur Fotografie gekommen und ist seit zehn Jahren als selbstst\u00e4ndiger Fotograf und Autor in Salzburg t\u00e4tig. Schon von Kindheit an haben ihn die Berge vor seiner Haust\u00fcr fasziniert. Heute z\u00e4hlen sie unter anderem zu seinem Arbeitsplatz. Er arbeitet f\u00fcr internationale Outdoor- und Reisemagazine sowie zahlreiche Firmen und Agenturen. Luxushotel oder Almh\u00fctte: Ich kann beides genie\u00dfen und ich gehe das nach dem Motto: Alles zur richtigen Zeit und zur passenden Gelegenheit an. Wandern oder Laufen: Auf jeden Fall wandern, ist gem\u00fctlicher und man kann sich mehr auf die Umgebung konzentrieren. Golfplatz oder Klettergarten: Klettergarten, zumindest noch die n\u00e4chsten 20 Jahre. Fr\u00fchling, sommer, herbst oder Winter? Fr\u00fchling und Sommer und Herbst und Winter! Im SalzburgerLand ist es das ganze Jahr traumhaft sch\u00f6n. Wellness oder Mountainbike? Zuerst eine Runde mit dem Mountainbike und dann ab in den Wellnesstempel. Das eine schlie\u00dft das andere nicht aus!\",\"url\":\"https:\\\/\\\/www.salzburgerland.com\\\/de\\\/magazin\\\/author\\\/heiko-mandl\\\/\"}]}<\/script>\n<!-- \/ Yoast SEO Premium plugin. -->","yoast_head_json":{"title":"Lukas Hollaus \u2013 am Weg nach Rio - SalzburgerLand Magazin","description":"Der Pinzgauer Lukas Hollaus z\u00e4hlt zu den Top-Triathleten in \u00d6sterreich. Sein gro\u00dfes Ziel lautet Rio 2016, daf\u00fcr gibt er 100% \u2013 und auch mehr. Lukas Hollaus hat sich in den letzten Jahren in der Triathlon-Weltspitze etabliert. Aktuell liegt der Pinzgauer auf dem 35. Rang. Das w\u00fcrde reichen um bei den Olympischen Spielen in Rio zu [&hellip;]","robots":{"index":"index","follow":"nofollow","max-snippet":"max-snippet:-1","max-image-preview":"max-image-preview:large","max-video-preview":"max-video-preview:-1"},"canonical":"https:\/\/www.salzburgerland.com\/de\/magazin\/lukas-hollaus-am-weg-nach-rio\/","og_locale":"de_DE","og_type":"article","og_title":"Lukas Hollaus \u2013 am Weg nach Rio","og_description":"Der Pinzgauer Lukas Hollaus z\u00e4hlt zu den Top-Triathleten in \u00d6sterreich. Sein gro\u00dfes Ziel lautet Rio 2016, daf\u00fcr gibt er 100% \u2013 und auch mehr. Lukas Hollaus hat sich in den letzten Jahren in der Triathlon-Weltspitze etabliert. Aktuell liegt der Pinzgauer auf dem 35. Rang. Das w\u00fcrde reichen um bei den Olympischen Spielen in Rio zu [&hellip;]","og_url":"https:\/\/www.salzburgerland.com\/de\/magazin\/lukas-hollaus-am-weg-nach-rio\/","og_site_name":"SalzburgerLand Magazin","article_publisher":"https:\/\/www.facebook.com\/salzburgerland\/","article_published_time":"2015-04-07T18:05:52+00:00","article_modified_time":"2023-11-16T07:47:09+00:00","og_image":[{"width":1600,"height":1067,"url":"https:\/\/www.salzburgerland.com\/de\/magazin\/wp-content\/uploads\/2015\/03\/hm_holaus_0010.jpg","type":"image\/jpeg"}],"author":"Heiko Mandl","twitter_card":"summary_large_image","twitter_creator":"@Salzburgerland","twitter_site":"@Salzburgerland","twitter_misc":{"Verfasst von":"Heiko Mandl","Gesch\u00e4tzte Lesezeit":"3\u00a0Minuten"},"schema":{"@context":"https:\/\/schema.org","@graph":[{"@type":"Article","@id":"https:\/\/www.salzburgerland.com\/de\/magazin\/lukas-hollaus-am-weg-nach-rio\/#article","isPartOf":{"@id":"https:\/\/www.salzburgerland.com\/de\/magazin\/lukas-hollaus-am-weg-nach-rio\/"},"author":{"name":"Heiko Mandl","@id":"https:\/\/www.salzburgerland.com\/de\/magazin\/#\/schema\/person\/8871c7c764fce6ea66752310e7fe9e98"},"headline":"Lukas Hollaus \u2013 am Weg nach Rio","datePublished":"2015-04-07T18:05:52+00:00","dateModified":"2023-11-16T07:47:09+00:00","mainEntityOfPage":{"@id":"https:\/\/www.salzburgerland.com\/de\/magazin\/lukas-hollaus-am-weg-nach-rio\/"},"wordCount":395,"commentCount":0,"publisher":{"@id":"https:\/\/www.salzburgerland.com\/de\/magazin\/#organization"},"image":{"@id":"https:\/\/www.salzburgerland.com\/de\/magazin\/lukas-hollaus-am-weg-nach-rio\/#primaryimage"},"thumbnailUrl":"https:\/\/www.salzburgerland.com\/de\/magazin\/wp-content\/uploads\/2015\/03\/hm_holaus_0010.jpg","articleSection":["Archiv"],"inLanguage":"de","potentialAction":[{"@type":"CommentAction","name":"Comment","target":["https:\/\/www.salzburgerland.com\/de\/magazin\/lukas-hollaus-am-weg-nach-rio\/#respond"]}]},{"@type":"WebPage","@id":"https:\/\/www.salzburgerland.com\/de\/magazin\/lukas-hollaus-am-weg-nach-rio\/","url":"https:\/\/www.salzburgerland.com\/de\/magazin\/lukas-hollaus-am-weg-nach-rio\/","name":"Lukas Hollaus \u2013 am Weg nach Rio - SalzburgerLand Magazin","isPartOf":{"@id":"https:\/\/www.salzburgerland.com\/de\/magazin\/#website"},"primaryImageOfPage":{"@id":"https:\/\/www.salzburgerland.com\/de\/magazin\/lukas-hollaus-am-weg-nach-rio\/#primaryimage"},"image":{"@id":"https:\/\/www.salzburgerland.com\/de\/magazin\/lukas-hollaus-am-weg-nach-rio\/#primaryimage"},"thumbnailUrl":"https:\/\/www.salzburgerland.com\/de\/magazin\/wp-content\/uploads\/2015\/03\/hm_holaus_0010.jpg","datePublished":"2015-04-07T18:05:52+00:00","dateModified":"2023-11-16T07:47:09+00:00","breadcrumb":{"@id":"https:\/\/www.salzburgerland.com\/de\/magazin\/lukas-hollaus-am-weg-nach-rio\/#breadcrumb"},"inLanguage":"de","potentialAction":[{"@type":"ReadAction","target":["https:\/\/www.salzburgerland.com\/de\/magazin\/lukas-hollaus-am-weg-nach-rio\/"]}]},{"@type":"ImageObject","inLanguage":"de","@id":"https:\/\/www.salzburgerland.com\/de\/magazin\/lukas-hollaus-am-weg-nach-rio\/#primaryimage","url":"https:\/\/www.salzburgerland.com\/de\/magazin\/wp-content\/uploads\/2015\/03\/hm_holaus_0010.jpg","contentUrl":"https:\/\/www.salzburgerland.com\/de\/magazin\/wp-content\/uploads\/2015\/03\/hm_holaus_0010.jpg","width":1600,"height":1067,"caption":"Lukas Hollaus und sein Arbeitsger\u00e4t."},{"@type":"BreadcrumbList","@id":"https:\/\/www.salzburgerland.com\/de\/magazin\/lukas-hollaus-am-weg-nach-rio\/#breadcrumb","itemListElement":[{"@type":"ListItem","position":1,"name":"Startseite","item":"https:\/\/www.salzburgerland.com\/de\/magazin\/"},{"@type":"ListItem","position":2,"name":"Archiv","item":"https:\/\/www.salzburgerland.com\/de\/magazin\/thema\/archiv\/"},{"@type":"ListItem","position":3,"name":"Lukas Hollaus \u2013 am Weg nach Rio"}]},{"@type":"WebSite","@id":"https:\/\/www.salzburgerland.com\/de\/magazin\/#website","url":"https:\/\/www.salzburgerland.com\/de\/magazin\/","name":"SalzburgerLand Magazin","description":"Geschichten und Interessantes aus dem SalzburgerLand","publisher":{"@id":"https:\/\/www.salzburgerland.com\/de\/magazin\/#organization"},"potentialAction":[{"@type":"SearchAction","target":{"@type":"EntryPoint","urlTemplate":"https:\/\/www.salzburgerland.com\/de\/magazin\/?s={search_term_string}"},"query-input":{"@type":"PropertyValueSpecification","valueRequired":true,"valueName":"search_term_string"}}],"inLanguage":"de"},{"@type":"Organization","@id":"https:\/\/www.salzburgerland.com\/de\/magazin\/#organization","name":"SalzburgerLand Tourismus","url":"https:\/\/www.salzburgerland.com\/de\/magazin\/","logo":{"@type":"ImageObject","inLanguage":"de","@id":"https:\/\/www.salzburgerland.com\/de\/magazin\/#\/schema\/logo\/image\/","url":"https:\/\/www.salzburgerland.com\/de\/magazin\/wp-content\/uploads\/2019\/06\/salzburgerland-logo1.jpg","contentUrl":"https:\/\/www.salzburgerland.com\/de\/magazin\/wp-content\/uploads\/2019\/06\/salzburgerland-logo1.jpg","width":2011,"height":866,"caption":"SalzburgerLand Tourismus"},"image":{"@id":"https:\/\/www.salzburgerland.com\/de\/magazin\/#\/schema\/logo\/image\/"},"sameAs":["https:\/\/www.facebook.com\/salzburgerland\/","https:\/\/x.com\/Salzburgerland","https:\/\/www.instagram.com\/salzburgerland\/","https:\/\/at.linkedin.com\/company\/salzburgerland-tourismus-gmbh","https:\/\/www.pinterest.at\/salzburgerland\/","https:\/\/www.youtube.com\/user\/salzburgerland","https:\/\/de.wikipedia.org\/wiki\/SalzburgerLand_Tourismus_GmbH"]},{"@type":"Person","@id":"https:\/\/www.salzburgerland.com\/de\/magazin\/#\/schema\/person\/8871c7c764fce6ea66752310e7fe9e98","name":"Heiko Mandl","description":"Heiko Mandl, geboren 1976 in Salzburg, ist durch den Journalismus zur Fotografie gekommen und ist seit zehn Jahren als selbstst\u00e4ndiger Fotograf und Autor in Salzburg t\u00e4tig. Schon von Kindheit an haben ihn die Berge vor seiner Haust\u00fcr fasziniert. Heute z\u00e4hlen sie unter anderem zu seinem Arbeitsplatz. Er arbeitet f\u00fcr internationale Outdoor- und Reisemagazine sowie zahlreiche Firmen und Agenturen. Luxushotel oder Almh\u00fctte: Ich kann beides genie\u00dfen und ich gehe das nach dem Motto: Alles zur richtigen Zeit und zur passenden Gelegenheit an. Wandern oder Laufen: Auf jeden Fall wandern, ist gem\u00fctlicher und man kann sich mehr auf die Umgebung konzentrieren. Golfplatz oder Klettergarten: Klettergarten, zumindest noch die n\u00e4chsten 20 Jahre. Fr\u00fchling, sommer, herbst oder Winter? Fr\u00fchling und Sommer und Herbst und Winter! Im SalzburgerLand ist es das ganze Jahr traumhaft sch\u00f6n. Wellness oder Mountainbike? Zuerst eine Runde mit dem Mountainbike und dann ab in den Wellnesstempel. Das eine schlie\u00dft das andere nicht aus!","url":"https:\/\/www.salzburgerland.com\/de\/magazin\/author\/heiko-mandl\/"}]}},"_wl_alt_label":[],"wl:entity_url":"http:\/\/open.salzburgerland.com\/magazin\/post\/lukas_hollaus_-_am_weg_nach_rio","_links":{"self":[{"href":"https:\/\/www.salzburgerland.com\/de\/magazin\/wp-json\/wp\/v2\/posts\/96594","targetHints":{"allow":["GET"]}}],"collection":[{"href":"https:\/\/www.salzburgerland.com\/de\/magazin\/wp-json\/wp\/v2\/posts"}],"about":[{"href":"https:\/\/www.salzburgerland.com\/de\/magazin\/wp-json\/wp\/v2\/types\/post"}],"author":[{"embeddable":true,"href":"https:\/\/www.salzburgerland.com\/de\/magazin\/wp-json\/wp\/v2\/users\/10"}],"replies":[{"embeddable":true,"href":"https:\/\/www.salzburgerland.com\/de\/magazin\/wp-json\/wp\/v2\/comments?post=96594"}],"version-history":[{"count":1,"href":"https:\/\/www.salzburgerland.com\/de\/magazin\/wp-json\/wp\/v2\/posts\/96594\/revisions"}],"predecessor-version":[{"id":174124,"href":"https:\/\/www.salzburgerland.com\/de\/magazin\/wp-json\/wp\/v2\/posts\/96594\/revisions\/174124"}],"wp:featuredmedia":[{"embeddable":true,"href":"https:\/\/www.salzburgerland.com\/de\/magazin\/wp-json\/wp\/v2\/media\/96599"}],"wp:attachment":[{"href":"https:\/\/www.salzburgerland.com\/de\/magazin\/wp-json\/wp\/v2\/media?parent=96594"}],"wp:term":[{"taxonomy":"category","embeddable":true,"href":"https:\/\/www.salzburgerland.com\/de\/magazin\/wp-json\/wp\/v2\/categories?post=96594"},{"taxonomy":"post_tag","embeddable":true,"href":"https:\/\/www.salzburgerland.com\/de\/magazin\/wp-json\/wp\/v2\/tags?post=96594"},{"taxonomy":"wl_entity_type","embeddable":true,"href":"https:\/\/www.salzburgerland.com\/de\/magazin\/wp-json\/wp\/v2\/wl_entity_type?post=96594"},{"taxonomy":"monatsauswahl","embeddable":true,"href":"https:\/\/www.salzburgerland.com\/de\/magazin\/wp-json\/wp\/v2\/monatsauswahl?post=96594"}],"curies":[{"name":"wp","href":"https:\/\/api.w.org\/{rel}","templated":true}]}}