{"id":95886,"date":"2015-03-18T11:29:00","date_gmt":"2015-03-18T10:29:00","guid":{"rendered":"http:\/\/magazin.salzburgerland.com\/?p=95886"},"modified":"2017-03-28T09:26:09","modified_gmt":"2017-03-28T07:26:09","slug":"samtene-palmkaetzchen-auf-den-baeumen","status":"publish","type":"post","link":"https:\/\/www.salzburgerland.com\/de\/magazin\/samtene-palmkaetzchen-auf-den-baeumen\/","title":{"rendered":"Samtene Palmk\u00e4tzchen auf den B\u00e4umen"},"content":{"rendered":"<p><strong>Weiden geh\u00f6ren im Fr\u00fchling zu den ersten B\u00e4umen und Str\u00e4uchern die bl\u00fchen. Ihre samtenen K\u00e4tzchen dienen am Palmsonntag gemeinsam mit Wacholder- und Buchsbaumzweigen als biblische Palmwedel.<\/strong><\/p>\n<p>Die sch\u00f6nsten K\u00e4tzchen hat die Reifweide (Salix daphnoides). Daher pflanzen Bauern diese Weidenart in der N\u00e4he ihrer H\u00f6fe h\u00e4ufig an. Gemeinsam mit Buchsbaum-, Wacholder- und Stechpalmenzweigen werden die samtig leuchtenden Weidenk\u00e4tzchen zu kunstvollen Palmbuschen gebunden. Jedes Jahr am Palmsonntag wird mit ihnen des Einzugs Jesu Christi nach Jerusalem gedacht. Gem\u00e4\u00df eines alten Brauches bringen die geweihten Palmbuschen und Palmzweige Schutz und Segen f\u00fcr Haus und Hof. Die Weihe der Weidenk\u00e4tzchen gab es bereits in vorchristlichen Zeiten. Auch damals sch\u00fctzten diese Zweige das Haus vor Blitz und Feuergefahr. Zudem wurden sie laut Wikipedia mit den Schalen von Eiern und den Kohlen der Fr\u00fchlingsfeuer in den Ecken der Felder eingesteckt oder vergraben, um diese fruchtbar zu machen. Sobald ein Weidenzweig bis zu zwei Drittel seiner L\u00e4nge in feuchte Erde gesteckt wird, beginnt er zu wurzeln und zu wachsen.<\/p>\n<p>Gesch\u00e4tzt wurde die Weide seit alters her auch wegen ihrer Rinde. Die Germanen kauten diese bei Schmerzen. Sie sch\u00e4tzten die Weidenrinde als fiebersenkendes und schmerzstillendes Mittel mit blutverd\u00fcnnender und entz\u00fcndungshemmender Wirkung. Zu den wichtigen Wirkstoffen der Weidenrinde geh\u00f6rt Salicin &#8211; ein Ausgangsstoff f\u00fcr Aspirin.<\/p>\n<p>Auch W\u00fcnschelruteng\u00e4nger nehmen gerne Weidenzweige. Sie sollen unterirdisches Wasser gut anzeigen. Kein Wunder, gedeiht doch die Weide am liebsten entlang von Bach- Fluss- und Seeufern. Bei uns gibt es rund 50 bekannte Arten. Ihre Unterscheidung f\u00e4llt oft sehr schwer, weil sie sich h\u00e4ufig untereinander vermischen.<\/p>\n<p>Weiden sind zweih\u00e4usig, das bedeutet, dass auf einer Pflanze nur m\u00e4nnliche oder nur weibliche Bl\u00fcten sprie\u00dfen. Im jungen Zustand sind alle Bl\u00fcten K\u00e4tzchen. Die m\u00e4nnlichen Bl\u00fcten sind die sch\u00f6nsten Palmk\u00e4tzchen. Wenn sie bl\u00fchen, erscheinen sie eif\u00f6rmig und gelb. Die weiblichen hingegen, haben meist eine zylindrische Form und sind gr\u00fcnlich. Erst nach der Bl\u00fcte entfalten sich ihre Bl\u00e4tter. Bienen, Hummeln und Schmettelinge finden im Fr\u00fchjahr jede Menge Nektar und Pollen.<\/p>\n<p>Barbara Sandtner aus Abtenau, bindet wie viele Salzburgerinnen und Salzburger auch, kurz vor dem Palmsonntag ihren Palmbuschen. Neben den Palmk\u00e4tzchen kommen unter anderem Wacholder- und Buchsbaumzweige dazu.<\/p>\n<p>Wenn die Weiden bl\u00fchen, leuchten auch Sumpfdotterblume, Leberbl\u00fcmchen und B\u00e4rlauch. Palmk\u00e4tzchen wachsen zum Beispiel in der Antheringer- und Weitw\u00f6rther Au, entlang von B\u00e4chen und bei Bauernh\u00f6fen.<\/p>\n<div class=\"mag-gallery\"><div class=\"row\"><div class=\"col-6 col-sm-4\"><figure><a class=\"thumb-container\" href=\"https:\/\/www.salzburgerland.com\/de\/magazin\/wp-content\/uploads\/2015\/03\/Palmkatzchen-a-1280x1024.jpg\">\t<picture><source media=\"(min-width: 576px)\" srcset=\"https:\/\/www.salzburgerland.com\/de\/magazin\/wp-content\/uploads\/2015\/03\/Palmkatzchen-a-325x209.jpg 325w, https:\/\/www.salzburgerland.com\/de\/magazin\/wp-content\/uploads\/2015\/03\/Palmkatzchen-a-249x160.jpg 249w\" \/><source media=\"(min-width: 0)\" srcset=\"https:\/\/www.salzburgerland.com\/de\/magazin\/wp-content\/uploads\/2015\/03\/Palmkatzchen-a-249x160.jpg 249w, https:\/\/www.salzburgerland.com\/de\/magazin\/wp-content\/uploads\/2015\/03\/Palmkatzchen-a-325x209.jpg 325w\" \/><img decoding=\"async\" alt=\"Blattlose Zweige mit wei\u00dfen Knospen vor einem klaren blauen Himmel.\" src=\"https:\/\/www.salzburgerland.com\/de\/magazin\/wp-content\/uploads\/2015\/03\/Palmkatzchen-a.jpg\" \/>\t<\/picture><\/a><\/figure><\/div><div class=\"col-6 col-sm-4\"><figure><a class=\"thumb-container\" href=\"https:\/\/www.salzburgerland.com\/de\/magazin\/wp-content\/uploads\/2015\/03\/weide-h-1280x1024.jpg\">\t<picture><source media=\"(min-width: 576px)\" srcset=\"https:\/\/www.salzburgerland.com\/de\/magazin\/wp-content\/uploads\/2015\/03\/weide-h-325x209.jpg 325w, https:\/\/www.salzburgerland.com\/de\/magazin\/wp-content\/uploads\/2015\/03\/weide-h-249x160.jpg 249w\" \/><source media=\"(min-width: 0)\" srcset=\"https:\/\/www.salzburgerland.com\/de\/magazin\/wp-content\/uploads\/2015\/03\/weide-h-249x160.jpg 249w, https:\/\/www.salzburgerland.com\/de\/magazin\/wp-content\/uploads\/2015\/03\/weide-h-325x209.jpg 325w\" \/><img decoding=\"async\" alt=\"Weidenzweige mit flauschigen K\u00e4tzchen vor einem strahlend blauen Himmel mit leichten Wolken.\" src=\"https:\/\/www.salzburgerland.com\/de\/magazin\/wp-content\/uploads\/2015\/03\/weide-h.jpg\" \/>\t<\/picture><\/a><\/figure><\/div><div class=\"col-6 col-sm-4\"><figure><a class=\"thumb-container\" href=\"https:\/\/www.salzburgerland.com\/de\/magazin\/wp-content\/uploads\/2015\/03\/weide-i-1280x1024.jpg\">\t<picture><source media=\"(min-width: 576px)\" srcset=\"\" \/><source media=\"(min-width: 0)\" srcset=\"https:\/\/www.salzburgerland.com\/de\/magazin\/wp-content\/uploads\/2015\/03\/weide-i.jpg 477w, https:\/\/www.salzburgerland.com\/de\/magazin\/wp-content\/uploads\/2015\/03\/weide-i-150x150.jpg 150w, https:\/\/www.salzburgerland.com\/de\/magazin\/wp-content\/uploads\/2015\/03\/weide-i-298x300.jpg 298w, https:\/\/www.salzburgerland.com\/de\/magazin\/wp-content\/uploads\/2015\/03\/weide-i-398x400.jpg 398w, https:\/\/www.salzburgerland.com\/de\/magazin\/wp-content\/uploads\/2015\/03\/weide-i-1200x1200.jpg 1200w\" \/><img decoding=\"async\" alt=\"Weidenzweige mit flauschigen K\u00e4tzchen ragen in den strahlend blauen Himmel mit vereinzelten Wolken.\" src=\"https:\/\/www.salzburgerland.com\/de\/magazin\/wp-content\/uploads\/2015\/03\/weide-i.jpg\" \/>\t<\/picture><\/a><\/figure><\/div><div class=\"col-6 col-sm-4\"><figure><a class=\"thumb-container\" href=\"https:\/\/www.salzburgerland.com\/de\/magazin\/wp-content\/uploads\/2015\/03\/weide-e-1280x1024.jpg\">\t<picture><source media=\"(min-width: 576px)\" srcset=\"https:\/\/www.salzburgerland.com\/de\/magazin\/wp-content\/uploads\/2015\/03\/weide-e-325x209.jpg 325w, https:\/\/www.salzburgerland.com\/de\/magazin\/wp-content\/uploads\/2015\/03\/weide-e-249x160.jpg 249w\" \/><source media=\"(min-width: 0)\" srcset=\"https:\/\/www.salzburgerland.com\/de\/magazin\/wp-content\/uploads\/2015\/03\/weide-e-249x160.jpg 249w, https:\/\/www.salzburgerland.com\/de\/magazin\/wp-content\/uploads\/2015\/03\/weide-e-325x209.jpg 325w\" \/><img decoding=\"async\" alt=\"Eine Holzh\u00fctte und ein kahler Baum stehen in einer verschneiten Landschaft mit bewaldeten Bergen im Hintergrund.\" src=\"https:\/\/www.salzburgerland.com\/de\/magazin\/wp-content\/uploads\/2015\/03\/weide-e.jpg\" \/>\t<\/picture><\/a><\/figure><\/div><div class=\"col-6 col-sm-4\"><figure><a class=\"thumb-container\" href=\"https:\/\/www.salzburgerland.com\/de\/magazin\/wp-content\/uploads\/2015\/03\/weide-d-1280x1024.jpg\">\t<picture><source media=\"(min-width: 576px)\" srcset=\"https:\/\/www.salzburgerland.com\/de\/magazin\/wp-content\/uploads\/2015\/03\/weide-d-325x209.jpg 325w, https:\/\/www.salzburgerland.com\/de\/magazin\/wp-content\/uploads\/2015\/03\/weide-d-249x160.jpg 249w\" \/><source media=\"(min-width: 0)\" srcset=\"https:\/\/www.salzburgerland.com\/de\/magazin\/wp-content\/uploads\/2015\/03\/weide-d-249x160.jpg 249w, https:\/\/www.salzburgerland.com\/de\/magazin\/wp-content\/uploads\/2015\/03\/weide-d-325x209.jpg 325w\" \/><img decoding=\"async\" alt=\"Nahaufnahme eines Muschelweidenzweigs mit weichen, flauschigen K\u00e4tzchen und einer gelben Bl\u00fcte vor einem unscharfen Hintergrund.\" src=\"https:\/\/www.salzburgerland.com\/de\/magazin\/wp-content\/uploads\/2015\/03\/weide-d.jpg\" \/>\t<\/picture><\/a><\/figure><\/div><div class=\"col-6 col-sm-4\"><figure><a class=\"thumb-container\" href=\"https:\/\/www.salzburgerland.com\/de\/magazin\/wp-content\/uploads\/2015\/03\/weide-c-1280x1024.jpg\">\t<picture><source media=\"(min-width: 576px)\" srcset=\"https:\/\/www.salzburgerland.com\/de\/magazin\/wp-content\/uploads\/2015\/03\/weide-c-325x209.jpg 325w, https:\/\/www.salzburgerland.com\/de\/magazin\/wp-content\/uploads\/2015\/03\/weide-c-249x160.jpg 249w\" \/><source media=\"(min-width: 0)\" srcset=\"https:\/\/www.salzburgerland.com\/de\/magazin\/wp-content\/uploads\/2015\/03\/weide-c-249x160.jpg 249w, https:\/\/www.salzburgerland.com\/de\/magazin\/wp-content\/uploads\/2015\/03\/weide-c-325x209.jpg 325w\" \/><img decoding=\"async\" alt=\"Nahaufnahme eines hohlen, verwitterten Baumstamms mit Moos und Schneeflecken auf dem Boden.\" src=\"https:\/\/www.salzburgerland.com\/de\/magazin\/wp-content\/uploads\/2015\/03\/weide-c.jpg\" \/>\t<\/picture><\/a><\/figure><\/div><div class=\"col-6 col-sm-4\"><figure><a class=\"thumb-container\" href=\"https:\/\/www.salzburgerland.com\/de\/magazin\/wp-content\/uploads\/2015\/03\/weide-b-1280x1024.jpg\">\t<picture><source media=\"(min-width: 576px)\" srcset=\"https:\/\/www.salzburgerland.com\/de\/magazin\/wp-content\/uploads\/2015\/03\/weide-b-325x209.jpg 325w, https:\/\/www.salzburgerland.com\/de\/magazin\/wp-content\/uploads\/2015\/03\/weide-b-249x160.jpg 249w\" \/><source media=\"(min-width: 0)\" srcset=\"https:\/\/www.salzburgerland.com\/de\/magazin\/wp-content\/uploads\/2015\/03\/weide-b-249x160.jpg 249w, https:\/\/www.salzburgerland.com\/de\/magazin\/wp-content\/uploads\/2015\/03\/weide-b-325x209.jpg 325w\" \/><img decoding=\"async\" alt=\"Nahaufnahme weicher, wei\u00dfer Weidenknospen an d\u00fcnnen braunen Zweigen mit unscharfem Hintergrund.\" src=\"https:\/\/www.salzburgerland.com\/de\/magazin\/wp-content\/uploads\/2015\/03\/weide-b.jpg\" \/>\t<\/picture><\/a><\/figure><\/div><div class=\"col-6 col-sm-4\"><figure><a class=\"thumb-container\" href=\"https:\/\/www.salzburgerland.com\/de\/magazin\/wp-content\/uploads\/2015\/03\/weide-a-1280x1024.jpg\">\t<picture><source media=\"(min-width: 576px)\" srcset=\"https:\/\/www.salzburgerland.com\/de\/magazin\/wp-content\/uploads\/2015\/03\/weide-a-325x209.jpg 325w, https:\/\/www.salzburgerland.com\/de\/magazin\/wp-content\/uploads\/2015\/03\/weide-a-249x160.jpg 249w\" \/><source media=\"(min-width: 0)\" srcset=\"https:\/\/www.salzburgerland.com\/de\/magazin\/wp-content\/uploads\/2015\/03\/weide-a-249x160.jpg 249w, https:\/\/www.salzburgerland.com\/de\/magazin\/wp-content\/uploads\/2015\/03\/weide-a-325x209.jpg 325w\" \/><img decoding=\"async\" alt=\"Blattlose \u00c4ste mit kleinen Knospen vor einem klaren blauen Himmel.\" src=\"https:\/\/www.salzburgerland.com\/de\/magazin\/wp-content\/uploads\/2015\/03\/weide-a.jpg\" \/>\t<\/picture><\/a><\/figure><\/div><div class=\"col-6 col-sm-4\"><figure><a class=\"thumb-container\" href=\"https:\/\/www.salzburgerland.com\/de\/magazin\/wp-content\/uploads\/2015\/03\/Fruehlihngsknotenblumen-a-1280x1024.jpg\">\t<picture><source media=\"(min-width: 576px)\" srcset=\"https:\/\/www.salzburgerland.com\/de\/magazin\/wp-content\/uploads\/2015\/03\/Fruehlihngsknotenblumen-a-325x209.jpg 325w, https:\/\/www.salzburgerland.com\/de\/magazin\/wp-content\/uploads\/2015\/03\/Fruehlihngsknotenblumen-a-249x160.jpg 249w\" \/><source media=\"(min-width: 0)\" srcset=\"https:\/\/www.salzburgerland.com\/de\/magazin\/wp-content\/uploads\/2015\/03\/Fruehlihngsknotenblumen-a-249x160.jpg 249w, https:\/\/www.salzburgerland.com\/de\/magazin\/wp-content\/uploads\/2015\/03\/Fruehlihngsknotenblumen-a-325x209.jpg 325w\" \/><img decoding=\"async\" alt=\"Wei\u00dfe Wildblumen bl\u00fchen zwischen gr\u00fcnem Moos und Felsen in einer sonnenbeschienenen Waldlandschaft.\" src=\"https:\/\/www.salzburgerland.com\/de\/magazin\/wp-content\/uploads\/2015\/03\/Fruehlihngsknotenblumen-a.jpg\" \/>\t<\/picture><\/a><\/figure><\/div><div class=\"col-6 col-sm-4\"><figure><a class=\"thumb-container\" href=\"https:\/\/www.salzburgerland.com\/de\/magazin\/wp-content\/uploads\/2015\/03\/Dotter-und-Schlusselblume-a-1280x1024.jpg\">\t<picture><source media=\"(min-width: 576px)\" srcset=\"https:\/\/www.salzburgerland.com\/de\/magazin\/wp-content\/uploads\/2015\/03\/Dotter-und-Schlusselblume-a-325x209.jpg 325w, https:\/\/www.salzburgerland.com\/de\/magazin\/wp-content\/uploads\/2015\/03\/Dotter-und-Schlusselblume-a-249x160.jpg 249w\" \/><source media=\"(min-width: 0)\" srcset=\"https:\/\/www.salzburgerland.com\/de\/magazin\/wp-content\/uploads\/2015\/03\/Dotter-und-Schlusselblume-a-249x160.jpg 249w, https:\/\/www.salzburgerland.com\/de\/magazin\/wp-content\/uploads\/2015\/03\/Dotter-und-Schlusselblume-a-325x209.jpg 325w\" \/><img decoding=\"async\" alt=\"Leuchtend gelbe und orangefarbene Wildblumen bl\u00fchen zwischen gr\u00fcnen Bl\u00e4ttern und getrocknetem Gras im Freien.\" src=\"https:\/\/www.salzburgerland.com\/de\/magazin\/wp-content\/uploads\/2015\/03\/Dotter-und-Schlusselblume-a.jpg\" \/>\t<\/picture><\/a><\/figure><\/div><div class=\"col-6 col-sm-4\"><figure><a class=\"thumb-container\" href=\"https:\/\/www.salzburgerland.com\/de\/magazin\/wp-content\/uploads\/2015\/03\/Barlauch-a-1280x1024.jpg\">\t<picture><source media=\"(min-width: 576px)\" srcset=\"https:\/\/www.salzburgerland.com\/de\/magazin\/wp-content\/uploads\/2015\/03\/Barlauch-a-325x209.jpg 325w, https:\/\/www.salzburgerland.com\/de\/magazin\/wp-content\/uploads\/2015\/03\/Barlauch-a-249x160.jpg 249w\" \/><source media=\"(min-width: 0)\" srcset=\"https:\/\/www.salzburgerland.com\/de\/magazin\/wp-content\/uploads\/2015\/03\/Barlauch-a-249x160.jpg 249w, https:\/\/www.salzburgerland.com\/de\/magazin\/wp-content\/uploads\/2015\/03\/Barlauch-a-325x209.jpg 325w\" \/><img decoding=\"async\" alt=\"Leuchtend gr\u00fcne Triebe und Bl\u00e4tter, die sich im Sonnenlicht des Vorfr\u00fchlings aus brauner Erde und vertrocknetem Gras l\u00f6sen.\" src=\"https:\/\/www.salzburgerland.com\/de\/magazin\/wp-content\/uploads\/2015\/03\/Barlauch-a.jpg\" \/>\t<\/picture><\/a><\/figure><\/div><div class=\"col-6 col-sm-4\"><figure><a class=\"thumb-container\" href=\"https:\/\/www.salzburgerland.com\/de\/magazin\/wp-content\/uploads\/2015\/03\/barbara-sandtner-b-1280x1024.jpg\">\t<picture><source media=\"(min-width: 576px)\" srcset=\"https:\/\/www.salzburgerland.com\/de\/magazin\/wp-content\/uploads\/2015\/03\/barbara-sandtner-b-325x209.jpg 325w, https:\/\/www.salzburgerland.com\/de\/magazin\/wp-content\/uploads\/2015\/03\/barbara-sandtner-b-249x160.jpg 249w\" \/><source media=\"(min-width: 0)\" srcset=\"https:\/\/www.salzburgerland.com\/de\/magazin\/wp-content\/uploads\/2015\/03\/barbara-sandtner-b-249x160.jpg 249w, https:\/\/www.salzburgerland.com\/de\/magazin\/wp-content\/uploads\/2015\/03\/barbara-sandtner-b-325x209.jpg 325w\" \/><img decoding=\"async\" alt=\"Eine Frau mit einem Blumenstrau\u00df in der Hand steht in einem Blumenladen, umgeben von gr\u00fcnem Laub und Zubeh\u00f6r.\" src=\"https:\/\/www.salzburgerland.com\/de\/magazin\/wp-content\/uploads\/2015\/03\/barbara-sandtner-b.jpg\" \/>\t<\/picture><\/a><\/figure><\/div><div class=\"col-6 col-sm-4\"><figure><a class=\"thumb-container\" href=\"https:\/\/www.salzburgerland.com\/de\/magazin\/wp-content\/uploads\/2015\/03\/barbara-sandtner-b1-1280x1024.jpg\">\t<picture><source media=\"(min-width: 576px)\" srcset=\"https:\/\/www.salzburgerland.com\/de\/magazin\/wp-content\/uploads\/2015\/03\/barbara-sandtner-b1-325x209.jpg 325w, https:\/\/www.salzburgerland.com\/de\/magazin\/wp-content\/uploads\/2015\/03\/barbara-sandtner-b1-249x160.jpg 249w\" \/><source media=\"(min-width: 0)\" srcset=\"https:\/\/www.salzburgerland.com\/de\/magazin\/wp-content\/uploads\/2015\/03\/barbara-sandtner-b1-249x160.jpg 249w, https:\/\/www.salzburgerland.com\/de\/magazin\/wp-content\/uploads\/2015\/03\/barbara-sandtner-b1-325x209.jpg 325w\" \/><img decoding=\"async\" alt=\"Frau arrangiert einen Strau\u00df aus Muschelweidenzweigen in einem Raum mit gr\u00fcnen Pflanzen.\" src=\"https:\/\/www.salzburgerland.com\/de\/magazin\/wp-content\/uploads\/2015\/03\/barbara-sandtner-b1.jpg\" \/>\t<\/picture><\/a><\/figure><\/div><div class=\"col-6 col-sm-4\"><figure><a class=\"thumb-container\" href=\"https:\/\/www.salzburgerland.com\/de\/magazin\/wp-content\/uploads\/2015\/03\/barbara-sandtner-a-1280x1024.jpg\">\t<picture><source media=\"(min-width: 576px)\" srcset=\"https:\/\/www.salzburgerland.com\/de\/magazin\/wp-content\/uploads\/2015\/03\/barbara-sandtner-a-325x209.jpg 325w, https:\/\/www.salzburgerland.com\/de\/magazin\/wp-content\/uploads\/2015\/03\/barbara-sandtner-a-249x160.jpg 249w\" \/><source media=\"(min-width: 0)\" srcset=\"https:\/\/www.salzburgerland.com\/de\/magazin\/wp-content\/uploads\/2015\/03\/barbara-sandtner-a-249x160.jpg 249w, https:\/\/www.salzburgerland.com\/de\/magazin\/wp-content\/uploads\/2015\/03\/barbara-sandtner-a-325x209.jpg 325w\" \/><img decoding=\"async\" alt=\"Eine Frau in einem gr\u00fcnen Hemd h\u00e4lt einen mit bunten B\u00e4ndern und Weidenzweigen geschm\u00fcckten Blumenstrau\u00df.\" src=\"https:\/\/www.salzburgerland.com\/de\/magazin\/wp-content\/uploads\/2015\/03\/barbara-sandtner-a.jpg\" \/>\t<\/picture><\/a><\/figure><\/div><\/div><\/div><figcaption><\/figcaption>\n","protected":false},"excerpt":{"rendered":"<p>Weiden geh\u00f6ren im Fr\u00fchling zu den ersten B\u00e4umen und Str\u00e4uchern die bl\u00fchen. Ihre samtenen K\u00e4tzchen dienen am Palmsonntag gemeinsam mit Wacholder- und Buchsbaumzweigen als biblische Palmwedel. Die sch\u00f6nsten K\u00e4tzchen hat die Reifweide (Salix daphnoides). Daher pflanzen Bauern diese Weidenart in der N\u00e4he ihrer H\u00f6fe h\u00e4ufig an. Gemeinsam mit Buchsbaum-, Wacholder- und Stechpalmenzweigen werden die samtig [&hellip;]<\/p>\n","protected":false},"author":236,"featured_media":95896,"comment_status":"open","ping_status":"open","sticky":false,"template":"","format":"standard","meta":{"_acf_changed":false,"wl_entities_gutenberg":"","_wl_entity_redirect_enabled":"","footnotes":""},"categories":[9],"tags":[],"wl_entity_type":[306],"monatsauswahl":[83,84,85],"class_list":["post-95886","post","type-post","status-publish","format-standard","has-post-thumbnail","hentry","category-sehenswurdig","wl_entity_type-article","monatsauswahl-monat_2","monatsauswahl-monat_3","monatsauswahl-monat_4"],"acf":[],"yoast_head":"<!-- This site is optimized with the Yoast SEO Premium plugin v27.4 (Yoast SEO v27.4) - https:\/\/yoast.com\/product\/yoast-seo-premium-wordpress\/ -->\n<title>Samtene Palmk\u00e4tzchen auf den B\u00e4umen - SalzburgerLand Magazin<\/title>\n<meta name=\"description\" content=\"Weiden geh\u00f6ren im Fr\u00fchling zu den ersten B\u00e4umen und Str\u00e4uchern die bl\u00fchen. Ihre samtenen K\u00e4tzchen dienen am Palmsonntag gemeinsam mit Wacholder- und Buchsbaumzweigen als biblische Palmwedel. Die sch\u00f6nsten K\u00e4tzchen hat die Reifweide (Salix daphnoides). Daher pflanzen Bauern diese Weidenart in der N\u00e4he ihrer H\u00f6fe h\u00e4ufig an. Gemeinsam mit Buchsbaum-, Wacholder- und Stechpalmenzweigen werden die samtig [&hellip;]\" \/>\n<meta name=\"robots\" content=\"index, follow, max-snippet:-1, max-image-preview:large, max-video-preview:-1\" \/>\n<link rel=\"canonical\" href=\"https:\/\/www.salzburgerland.com\/de\/magazin\/samtene-palmkaetzchen-auf-den-baeumen\/\" \/>\n<meta property=\"og:locale\" content=\"de_DE\" \/>\n<meta property=\"og:type\" content=\"article\" \/>\n<meta property=\"og:title\" content=\"Samtene Palmk\u00e4tzchen auf den B\u00e4umen\" \/>\n<meta property=\"og:description\" content=\"Weiden geh\u00f6ren im Fr\u00fchling zu den ersten B\u00e4umen und Str\u00e4uchern die bl\u00fchen. Ihre samtenen K\u00e4tzchen dienen am Palmsonntag gemeinsam mit Wacholder- und Buchsbaumzweigen als biblische Palmwedel. Die sch\u00f6nsten K\u00e4tzchen hat die Reifweide (Salix daphnoides). Daher pflanzen Bauern diese Weidenart in der N\u00e4he ihrer H\u00f6fe h\u00e4ufig an. Gemeinsam mit Buchsbaum-, Wacholder- und Stechpalmenzweigen werden die samtig [&hellip;]\" \/>\n<meta property=\"og:url\" content=\"https:\/\/www.salzburgerland.com\/de\/magazin\/samtene-palmkaetzchen-auf-den-baeumen\/\" \/>\n<meta property=\"og:site_name\" content=\"SalzburgerLand Magazin\" \/>\n<meta property=\"article:publisher\" content=\"https:\/\/www.facebook.com\/salzburgerland\/\" \/>\n<meta property=\"article:published_time\" content=\"2015-03-18T10:29:00+00:00\" \/>\n<meta property=\"article:modified_time\" content=\"2017-03-28T07:26:09+00:00\" \/>\n<meta property=\"og:image\" content=\"https:\/\/www.salzburgerland.com\/de\/magazin\/wp-content\/uploads\/2015\/03\/Palmkatzchen-a.jpg\" \/>\n\t<meta property=\"og:image:width\" content=\"928\" \/>\n\t<meta property=\"og:image:height\" content=\"615\" \/>\n\t<meta property=\"og:image:type\" content=\"image\/jpeg\" \/>\n<meta name=\"author\" content=\"Christine Fr\u00f6schl\" \/>\n<meta name=\"twitter:card\" content=\"summary_large_image\" \/>\n<meta name=\"twitter:creator\" content=\"@Salzburgerland\" \/>\n<meta name=\"twitter:site\" content=\"@Salzburgerland\" \/>\n<meta name=\"twitter:label1\" content=\"Verfasst von\" \/>\n\t<meta name=\"twitter:data1\" content=\"Christine Fr\u00f6schl\" \/>\n\t<meta name=\"twitter:label2\" content=\"Gesch\u00e4tzte Lesezeit\" \/>\n\t<meta name=\"twitter:data2\" content=\"2\u00a0Minuten\" \/>\n<script type=\"application\/ld+json\" class=\"yoast-schema-graph\">{\"@context\":\"https:\\\/\\\/schema.org\",\"@graph\":[{\"@type\":\"Article\",\"@id\":\"https:\\\/\\\/www.salzburgerland.com\\\/de\\\/magazin\\\/samtene-palmkaetzchen-auf-den-baeumen\\\/#article\",\"isPartOf\":{\"@id\":\"https:\\\/\\\/www.salzburgerland.com\\\/de\\\/magazin\\\/samtene-palmkaetzchen-auf-den-baeumen\\\/\"},\"author\":{\"name\":\"Christine Fr\u00f6schl\",\"@id\":\"https:\\\/\\\/www.salzburgerland.com\\\/de\\\/magazin\\\/#\\\/schema\\\/person\\\/7932db74f19d9640620859cb2b794c4e\"},\"headline\":\"Samtene Palmk\u00e4tzchen auf den B\u00e4umen\",\"datePublished\":\"2015-03-18T10:29:00+00:00\",\"dateModified\":\"2017-03-28T07:26:09+00:00\",\"mainEntityOfPage\":{\"@id\":\"https:\\\/\\\/www.salzburgerland.com\\\/de\\\/magazin\\\/samtene-palmkaetzchen-auf-den-baeumen\\\/\"},\"wordCount\":434,\"commentCount\":0,\"publisher\":{\"@id\":\"https:\\\/\\\/www.salzburgerland.com\\\/de\\\/magazin\\\/#organization\"},\"image\":{\"@id\":\"https:\\\/\\\/www.salzburgerland.com\\\/de\\\/magazin\\\/samtene-palmkaetzchen-auf-den-baeumen\\\/#primaryimage\"},\"thumbnailUrl\":\"https:\\\/\\\/www.salzburgerland.com\\\/de\\\/magazin\\\/wp-content\\\/uploads\\\/2015\\\/03\\\/Palmkatzchen-a.jpg\",\"articleSection\":[\"Sehensw\u00fcrdig\"],\"inLanguage\":\"de\",\"potentialAction\":[{\"@type\":\"CommentAction\",\"name\":\"Comment\",\"target\":[\"https:\\\/\\\/www.salzburgerland.com\\\/de\\\/magazin\\\/samtene-palmkaetzchen-auf-den-baeumen\\\/#respond\"]}]},{\"@type\":\"WebPage\",\"@id\":\"https:\\\/\\\/www.salzburgerland.com\\\/de\\\/magazin\\\/samtene-palmkaetzchen-auf-den-baeumen\\\/\",\"url\":\"https:\\\/\\\/www.salzburgerland.com\\\/de\\\/magazin\\\/samtene-palmkaetzchen-auf-den-baeumen\\\/\",\"name\":\"Samtene Palmk\u00e4tzchen auf den B\u00e4umen - SalzburgerLand Magazin\",\"isPartOf\":{\"@id\":\"https:\\\/\\\/www.salzburgerland.com\\\/de\\\/magazin\\\/#website\"},\"primaryImageOfPage\":{\"@id\":\"https:\\\/\\\/www.salzburgerland.com\\\/de\\\/magazin\\\/samtene-palmkaetzchen-auf-den-baeumen\\\/#primaryimage\"},\"image\":{\"@id\":\"https:\\\/\\\/www.salzburgerland.com\\\/de\\\/magazin\\\/samtene-palmkaetzchen-auf-den-baeumen\\\/#primaryimage\"},\"thumbnailUrl\":\"https:\\\/\\\/www.salzburgerland.com\\\/de\\\/magazin\\\/wp-content\\\/uploads\\\/2015\\\/03\\\/Palmkatzchen-a.jpg\",\"datePublished\":\"2015-03-18T10:29:00+00:00\",\"dateModified\":\"2017-03-28T07:26:09+00:00\",\"breadcrumb\":{\"@id\":\"https:\\\/\\\/www.salzburgerland.com\\\/de\\\/magazin\\\/samtene-palmkaetzchen-auf-den-baeumen\\\/#breadcrumb\"},\"inLanguage\":\"de\",\"potentialAction\":[{\"@type\":\"ReadAction\",\"target\":[\"https:\\\/\\\/www.salzburgerland.com\\\/de\\\/magazin\\\/samtene-palmkaetzchen-auf-den-baeumen\\\/\"]}]},{\"@type\":\"ImageObject\",\"inLanguage\":\"de\",\"@id\":\"https:\\\/\\\/www.salzburgerland.com\\\/de\\\/magazin\\\/samtene-palmkaetzchen-auf-den-baeumen\\\/#primaryimage\",\"url\":\"https:\\\/\\\/www.salzburgerland.com\\\/de\\\/magazin\\\/wp-content\\\/uploads\\\/2015\\\/03\\\/Palmkatzchen-a.jpg\",\"contentUrl\":\"https:\\\/\\\/www.salzburgerland.com\\\/de\\\/magazin\\\/wp-content\\\/uploads\\\/2015\\\/03\\\/Palmkatzchen-a.jpg\",\"width\":928,\"height\":615,\"caption\":\"Blattlose Zweige mit wei\u00dfen Knospen vor einem klaren blauen Himmel.\"},{\"@type\":\"BreadcrumbList\",\"@id\":\"https:\\\/\\\/www.salzburgerland.com\\\/de\\\/magazin\\\/samtene-palmkaetzchen-auf-den-baeumen\\\/#breadcrumb\",\"itemListElement\":[{\"@type\":\"ListItem\",\"position\":1,\"name\":\"Startseite\",\"item\":\"https:\\\/\\\/www.salzburgerland.com\\\/de\\\/magazin\\\/\"},{\"@type\":\"ListItem\",\"position\":2,\"name\":\"Sehensw\u00fcrdig\",\"item\":\"https:\\\/\\\/www.salzburgerland.com\\\/de\\\/magazin\\\/thema\\\/sehenswurdig\\\/\"},{\"@type\":\"ListItem\",\"position\":3,\"name\":\"Samtene Palmk\u00e4tzchen auf den B\u00e4umen\"}]},{\"@type\":\"WebSite\",\"@id\":\"https:\\\/\\\/www.salzburgerland.com\\\/de\\\/magazin\\\/#website\",\"url\":\"https:\\\/\\\/www.salzburgerland.com\\\/de\\\/magazin\\\/\",\"name\":\"SalzburgerLand Magazin\",\"description\":\"Geschichten und Interessantes aus dem SalzburgerLand\",\"publisher\":{\"@id\":\"https:\\\/\\\/www.salzburgerland.com\\\/de\\\/magazin\\\/#organization\"},\"potentialAction\":[{\"@type\":\"SearchAction\",\"target\":{\"@type\":\"EntryPoint\",\"urlTemplate\":\"https:\\\/\\\/www.salzburgerland.com\\\/de\\\/magazin\\\/?s={search_term_string}\"},\"query-input\":{\"@type\":\"PropertyValueSpecification\",\"valueRequired\":true,\"valueName\":\"search_term_string\"}}],\"inLanguage\":\"de\"},{\"@type\":\"Organization\",\"@id\":\"https:\\\/\\\/www.salzburgerland.com\\\/de\\\/magazin\\\/#organization\",\"name\":\"SalzburgerLand Tourismus\",\"url\":\"https:\\\/\\\/www.salzburgerland.com\\\/de\\\/magazin\\\/\",\"logo\":{\"@type\":\"ImageObject\",\"inLanguage\":\"de\",\"@id\":\"https:\\\/\\\/www.salzburgerland.com\\\/de\\\/magazin\\\/#\\\/schema\\\/logo\\\/image\\\/\",\"url\":\"https:\\\/\\\/www.salzburgerland.com\\\/de\\\/magazin\\\/wp-content\\\/uploads\\\/2019\\\/06\\\/salzburgerland-logo1.jpg\",\"contentUrl\":\"https:\\\/\\\/www.salzburgerland.com\\\/de\\\/magazin\\\/wp-content\\\/uploads\\\/2019\\\/06\\\/salzburgerland-logo1.jpg\",\"width\":2011,\"height\":866,\"caption\":\"SalzburgerLand Tourismus\"},\"image\":{\"@id\":\"https:\\\/\\\/www.salzburgerland.com\\\/de\\\/magazin\\\/#\\\/schema\\\/logo\\\/image\\\/\"},\"sameAs\":[\"https:\\\/\\\/www.facebook.com\\\/salzburgerland\\\/\",\"https:\\\/\\\/x.com\\\/Salzburgerland\",\"https:\\\/\\\/www.instagram.com\\\/salzburgerland\\\/\",\"https:\\\/\\\/at.linkedin.com\\\/company\\\/salzburgerland-tourismus-gmbh\",\"https:\\\/\\\/www.pinterest.at\\\/salzburgerland\\\/\",\"https:\\\/\\\/www.youtube.com\\\/user\\\/salzburgerland\",\"https:\\\/\\\/de.wikipedia.org\\\/wiki\\\/SalzburgerLand_Tourismus_GmbH\"]},{\"@type\":\"Person\",\"@id\":\"https:\\\/\\\/www.salzburgerland.com\\\/de\\\/magazin\\\/#\\\/schema\\\/person\\\/7932db74f19d9640620859cb2b794c4e\",\"name\":\"Christine Fr\u00f6schl\",\"description\":\"Dein pers\u00f6nlicher Logenplatz im SalzburgerLand? Am liebsten gehe ich auf den Einberg im Salzburger Tennengau. Der Berg in der Osterhorn-Gruppe gl\u00e4nzt das ganze Jahr im Sonnenschein, auf dem Gipfel heben Paragleiter ab und die Aussicht auf das Tennengebirge, den Dachstein und die Bischofsm\u00fctze ist traumhaft. Dosige(r) oder Zuagroast? Zuagroast aus dem sch\u00f6nen Nieder\u00f6sterreich. Fr\u00fchling, Sommer, Herbst oder Winter? Alle Jahreszeiten begeistern mich. Momentan freue ich mich auf den Fr\u00fchling, das Zwitschern der V\u00f6gel und auf die sattgr\u00fcnen Wiesen. Salzburger Nockerl oder Schwarzbeernocken? Eindeutig Schwarzbeernocken. Rindsroulade vom Pinzgauer Biorind oder Saibling fangfrisch aus dem Fuschlsee? Mhhhh. Da kann ich mich nicht entscheiden. Bergtour oder Seentour? Mich zieht es auf jeden Fall hinauf. Begeistert bin ich auch von tiefblauen Bergseen in denen sich die Umgebung spiegelt und von der Aussicht w\u00e4hrend des Weges auf einen der wundersch\u00f6nen Seen im Salzburger Land.\",\"url\":\"https:\\\/\\\/www.salzburgerland.com\\\/de\\\/magazin\\\/author\\\/christine-froeschl\\\/\"}]}<\/script>\n<!-- \/ Yoast SEO Premium plugin. -->","yoast_head_json":{"title":"Samtene Palmk\u00e4tzchen auf den B\u00e4umen - SalzburgerLand Magazin","description":"Weiden geh\u00f6ren im Fr\u00fchling zu den ersten B\u00e4umen und Str\u00e4uchern die bl\u00fchen. Ihre samtenen K\u00e4tzchen dienen am Palmsonntag gemeinsam mit Wacholder- und Buchsbaumzweigen als biblische Palmwedel. Die sch\u00f6nsten K\u00e4tzchen hat die Reifweide (Salix daphnoides). Daher pflanzen Bauern diese Weidenart in der N\u00e4he ihrer H\u00f6fe h\u00e4ufig an. Gemeinsam mit Buchsbaum-, Wacholder- und Stechpalmenzweigen werden die samtig [&hellip;]","robots":{"index":"index","follow":"follow","max-snippet":"max-snippet:-1","max-image-preview":"max-image-preview:large","max-video-preview":"max-video-preview:-1"},"canonical":"https:\/\/www.salzburgerland.com\/de\/magazin\/samtene-palmkaetzchen-auf-den-baeumen\/","og_locale":"de_DE","og_type":"article","og_title":"Samtene Palmk\u00e4tzchen auf den B\u00e4umen","og_description":"Weiden geh\u00f6ren im Fr\u00fchling zu den ersten B\u00e4umen und Str\u00e4uchern die bl\u00fchen. Ihre samtenen K\u00e4tzchen dienen am Palmsonntag gemeinsam mit Wacholder- und Buchsbaumzweigen als biblische Palmwedel. Die sch\u00f6nsten K\u00e4tzchen hat die Reifweide (Salix daphnoides). Daher pflanzen Bauern diese Weidenart in der N\u00e4he ihrer H\u00f6fe h\u00e4ufig an. Gemeinsam mit Buchsbaum-, Wacholder- und Stechpalmenzweigen werden die samtig [&hellip;]","og_url":"https:\/\/www.salzburgerland.com\/de\/magazin\/samtene-palmkaetzchen-auf-den-baeumen\/","og_site_name":"SalzburgerLand Magazin","article_publisher":"https:\/\/www.facebook.com\/salzburgerland\/","article_published_time":"2015-03-18T10:29:00+00:00","article_modified_time":"2017-03-28T07:26:09+00:00","og_image":[{"width":928,"height":615,"url":"https:\/\/www.salzburgerland.com\/de\/magazin\/wp-content\/uploads\/2015\/03\/Palmkatzchen-a.jpg","type":"image\/jpeg"}],"author":"Christine Fr\u00f6schl","twitter_card":"summary_large_image","twitter_creator":"@Salzburgerland","twitter_site":"@Salzburgerland","twitter_misc":{"Verfasst von":"Christine Fr\u00f6schl","Gesch\u00e4tzte Lesezeit":"2\u00a0Minuten"},"schema":{"@context":"https:\/\/schema.org","@graph":[{"@type":"Article","@id":"https:\/\/www.salzburgerland.com\/de\/magazin\/samtene-palmkaetzchen-auf-den-baeumen\/#article","isPartOf":{"@id":"https:\/\/www.salzburgerland.com\/de\/magazin\/samtene-palmkaetzchen-auf-den-baeumen\/"},"author":{"name":"Christine Fr\u00f6schl","@id":"https:\/\/www.salzburgerland.com\/de\/magazin\/#\/schema\/person\/7932db74f19d9640620859cb2b794c4e"},"headline":"Samtene Palmk\u00e4tzchen auf den B\u00e4umen","datePublished":"2015-03-18T10:29:00+00:00","dateModified":"2017-03-28T07:26:09+00:00","mainEntityOfPage":{"@id":"https:\/\/www.salzburgerland.com\/de\/magazin\/samtene-palmkaetzchen-auf-den-baeumen\/"},"wordCount":434,"commentCount":0,"publisher":{"@id":"https:\/\/www.salzburgerland.com\/de\/magazin\/#organization"},"image":{"@id":"https:\/\/www.salzburgerland.com\/de\/magazin\/samtene-palmkaetzchen-auf-den-baeumen\/#primaryimage"},"thumbnailUrl":"https:\/\/www.salzburgerland.com\/de\/magazin\/wp-content\/uploads\/2015\/03\/Palmkatzchen-a.jpg","articleSection":["Sehensw\u00fcrdig"],"inLanguage":"de","potentialAction":[{"@type":"CommentAction","name":"Comment","target":["https:\/\/www.salzburgerland.com\/de\/magazin\/samtene-palmkaetzchen-auf-den-baeumen\/#respond"]}]},{"@type":"WebPage","@id":"https:\/\/www.salzburgerland.com\/de\/magazin\/samtene-palmkaetzchen-auf-den-baeumen\/","url":"https:\/\/www.salzburgerland.com\/de\/magazin\/samtene-palmkaetzchen-auf-den-baeumen\/","name":"Samtene Palmk\u00e4tzchen auf den B\u00e4umen - SalzburgerLand Magazin","isPartOf":{"@id":"https:\/\/www.salzburgerland.com\/de\/magazin\/#website"},"primaryImageOfPage":{"@id":"https:\/\/www.salzburgerland.com\/de\/magazin\/samtene-palmkaetzchen-auf-den-baeumen\/#primaryimage"},"image":{"@id":"https:\/\/www.salzburgerland.com\/de\/magazin\/samtene-palmkaetzchen-auf-den-baeumen\/#primaryimage"},"thumbnailUrl":"https:\/\/www.salzburgerland.com\/de\/magazin\/wp-content\/uploads\/2015\/03\/Palmkatzchen-a.jpg","datePublished":"2015-03-18T10:29:00+00:00","dateModified":"2017-03-28T07:26:09+00:00","breadcrumb":{"@id":"https:\/\/www.salzburgerland.com\/de\/magazin\/samtene-palmkaetzchen-auf-den-baeumen\/#breadcrumb"},"inLanguage":"de","potentialAction":[{"@type":"ReadAction","target":["https:\/\/www.salzburgerland.com\/de\/magazin\/samtene-palmkaetzchen-auf-den-baeumen\/"]}]},{"@type":"ImageObject","inLanguage":"de","@id":"https:\/\/www.salzburgerland.com\/de\/magazin\/samtene-palmkaetzchen-auf-den-baeumen\/#primaryimage","url":"https:\/\/www.salzburgerland.com\/de\/magazin\/wp-content\/uploads\/2015\/03\/Palmkatzchen-a.jpg","contentUrl":"https:\/\/www.salzburgerland.com\/de\/magazin\/wp-content\/uploads\/2015\/03\/Palmkatzchen-a.jpg","width":928,"height":615,"caption":"Blattlose Zweige mit wei\u00dfen Knospen vor einem klaren blauen Himmel."},{"@type":"BreadcrumbList","@id":"https:\/\/www.salzburgerland.com\/de\/magazin\/samtene-palmkaetzchen-auf-den-baeumen\/#breadcrumb","itemListElement":[{"@type":"ListItem","position":1,"name":"Startseite","item":"https:\/\/www.salzburgerland.com\/de\/magazin\/"},{"@type":"ListItem","position":2,"name":"Sehensw\u00fcrdig","item":"https:\/\/www.salzburgerland.com\/de\/magazin\/thema\/sehenswurdig\/"},{"@type":"ListItem","position":3,"name":"Samtene Palmk\u00e4tzchen auf den B\u00e4umen"}]},{"@type":"WebSite","@id":"https:\/\/www.salzburgerland.com\/de\/magazin\/#website","url":"https:\/\/www.salzburgerland.com\/de\/magazin\/","name":"SalzburgerLand Magazin","description":"Geschichten und Interessantes aus dem SalzburgerLand","publisher":{"@id":"https:\/\/www.salzburgerland.com\/de\/magazin\/#organization"},"potentialAction":[{"@type":"SearchAction","target":{"@type":"EntryPoint","urlTemplate":"https:\/\/www.salzburgerland.com\/de\/magazin\/?s={search_term_string}"},"query-input":{"@type":"PropertyValueSpecification","valueRequired":true,"valueName":"search_term_string"}}],"inLanguage":"de"},{"@type":"Organization","@id":"https:\/\/www.salzburgerland.com\/de\/magazin\/#organization","name":"SalzburgerLand Tourismus","url":"https:\/\/www.salzburgerland.com\/de\/magazin\/","logo":{"@type":"ImageObject","inLanguage":"de","@id":"https:\/\/www.salzburgerland.com\/de\/magazin\/#\/schema\/logo\/image\/","url":"https:\/\/www.salzburgerland.com\/de\/magazin\/wp-content\/uploads\/2019\/06\/salzburgerland-logo1.jpg","contentUrl":"https:\/\/www.salzburgerland.com\/de\/magazin\/wp-content\/uploads\/2019\/06\/salzburgerland-logo1.jpg","width":2011,"height":866,"caption":"SalzburgerLand Tourismus"},"image":{"@id":"https:\/\/www.salzburgerland.com\/de\/magazin\/#\/schema\/logo\/image\/"},"sameAs":["https:\/\/www.facebook.com\/salzburgerland\/","https:\/\/x.com\/Salzburgerland","https:\/\/www.instagram.com\/salzburgerland\/","https:\/\/at.linkedin.com\/company\/salzburgerland-tourismus-gmbh","https:\/\/www.pinterest.at\/salzburgerland\/","https:\/\/www.youtube.com\/user\/salzburgerland","https:\/\/de.wikipedia.org\/wiki\/SalzburgerLand_Tourismus_GmbH"]},{"@type":"Person","@id":"https:\/\/www.salzburgerland.com\/de\/magazin\/#\/schema\/person\/7932db74f19d9640620859cb2b794c4e","name":"Christine Fr\u00f6schl","description":"Dein pers\u00f6nlicher Logenplatz im SalzburgerLand? Am liebsten gehe ich auf den Einberg im Salzburger Tennengau. Der Berg in der Osterhorn-Gruppe gl\u00e4nzt das ganze Jahr im Sonnenschein, auf dem Gipfel heben Paragleiter ab und die Aussicht auf das Tennengebirge, den Dachstein und die Bischofsm\u00fctze ist traumhaft. Dosige(r) oder Zuagroast? Zuagroast aus dem sch\u00f6nen Nieder\u00f6sterreich. Fr\u00fchling, Sommer, Herbst oder Winter? Alle Jahreszeiten begeistern mich. Momentan freue ich mich auf den Fr\u00fchling, das Zwitschern der V\u00f6gel und auf die sattgr\u00fcnen Wiesen. Salzburger Nockerl oder Schwarzbeernocken? Eindeutig Schwarzbeernocken. Rindsroulade vom Pinzgauer Biorind oder Saibling fangfrisch aus dem Fuschlsee? Mhhhh. Da kann ich mich nicht entscheiden. Bergtour oder Seentour? Mich zieht es auf jeden Fall hinauf. Begeistert bin ich auch von tiefblauen Bergseen in denen sich die Umgebung spiegelt und von der Aussicht w\u00e4hrend des Weges auf einen der wundersch\u00f6nen Seen im Salzburger Land.","url":"https:\/\/www.salzburgerland.com\/de\/magazin\/author\/christine-froeschl\/"}]}},"_wl_alt_label":[],"wl:entity_url":"http:\/\/open.salzburgerland.com\/magazin\/post\/samtene_palmkaetzchen_auf_den_baeumen","_links":{"self":[{"href":"https:\/\/www.salzburgerland.com\/de\/magazin\/wp-json\/wp\/v2\/posts\/95886","targetHints":{"allow":["GET"]}}],"collection":[{"href":"https:\/\/www.salzburgerland.com\/de\/magazin\/wp-json\/wp\/v2\/posts"}],"about":[{"href":"https:\/\/www.salzburgerland.com\/de\/magazin\/wp-json\/wp\/v2\/types\/post"}],"author":[{"embeddable":true,"href":"https:\/\/www.salzburgerland.com\/de\/magazin\/wp-json\/wp\/v2\/users\/236"}],"replies":[{"embeddable":true,"href":"https:\/\/www.salzburgerland.com\/de\/magazin\/wp-json\/wp\/v2\/comments?post=95886"}],"version-history":[{"count":0,"href":"https:\/\/www.salzburgerland.com\/de\/magazin\/wp-json\/wp\/v2\/posts\/95886\/revisions"}],"wp:featuredmedia":[{"embeddable":true,"href":"https:\/\/www.salzburgerland.com\/de\/magazin\/wp-json\/wp\/v2\/media\/95896"}],"wp:attachment":[{"href":"https:\/\/www.salzburgerland.com\/de\/magazin\/wp-json\/wp\/v2\/media?parent=95886"}],"wp:term":[{"taxonomy":"category","embeddable":true,"href":"https:\/\/www.salzburgerland.com\/de\/magazin\/wp-json\/wp\/v2\/categories?post=95886"},{"taxonomy":"post_tag","embeddable":true,"href":"https:\/\/www.salzburgerland.com\/de\/magazin\/wp-json\/wp\/v2\/tags?post=95886"},{"taxonomy":"wl_entity_type","embeddable":true,"href":"https:\/\/www.salzburgerland.com\/de\/magazin\/wp-json\/wp\/v2\/wl_entity_type?post=95886"},{"taxonomy":"monatsauswahl","embeddable":true,"href":"https:\/\/www.salzburgerland.com\/de\/magazin\/wp-json\/wp\/v2\/monatsauswahl?post=95886"}],"curies":[{"name":"wp","href":"https:\/\/api.w.org\/{rel}","templated":true}]}}