{"id":95824,"date":"2015-03-09T21:30:33","date_gmt":"2015-03-09T20:30:33","guid":{"rendered":"http:\/\/magazin.salzburgerland.com\/?p=95824"},"modified":"2025-02-07T09:41:00","modified_gmt":"2025-02-07T08:41:00","slug":"skiwachsel-im-blut","status":"publish","type":"post","link":"https:\/\/www.salzburgerland.com\/de\/magazin\/skiwachsel-im-blut\/","title":{"rendered":"Skiwachsel im Blut"},"content":{"rendered":"\n<h2 class=\"wp-block-slt-subtitle\">Bartl Gensbichler im Portr\u00e4t<\/h2>\n\n\n\n<p class=\"wp-block-slt-intro\">\u201eIhr Salzburger habt wohl alle Skiwachsel im Blut\u201c, meinte k\u00fcrzlich ein Urlaubsgast und spielte dabei auf die gro\u00dfartigen Ergebnisse bei der alpinen Ski-WM in Vail an. Mit dem Medaillenregen verwandelten insbesondere die heimischen Rennl\u00e4ufer um <a href=\"http:\/\/www.marcelhirscher.at\/\" target=\"_blank\" rel=\"noreferrer noopener\">Marcel Hirscher<\/a>, <a href=\"http:\/\/www.anna-veith.com\/\">Anna Veith<\/a>, <a href=\"http:\/\/www.hannes-reichelt.com\/\" target=\"_blank\" rel=\"noreferrer noopener\">Hannes Reichelt<\/a>, <a href=\"http:\/\/www.kirchi.com\/\" target=\"_blank\" rel=\"noreferrer noopener\">Michaela Kirchgasser<\/a> &amp; Co die WM zu wahren Salzburger Ski-Festspielen.<\/p>\n\n\n\n<p class=\"p1\">Ein Salzburger, der mit Sicherheit Skiwachsel im Blut hat, ist Bartl Gensbichler aus <a href=\"http:\/\/www.saalbach.com\" target=\"_blank\" rel=\"noopener noreferrer\">Saalbach Hinterglemm<\/a>. Bei dem charismatischen Tausendsassa dreht sich 365 Tage im Jahr alles um Schnee und die zwei Bretter, die f\u00fcr ihn die Welt bedeuten. Skilegende, Ex-Frontman der legend\u00e4ren Skilehrermusi, Skischulbesitzer, Skiclub-Obmann und nicht zuletzt Pr\u00e4sident des Salzburger Landesskiverbandes. Wo f\u00e4ngt man also an, wenn man diesen \u201eHans Dampf auf allen Pisten\u201c portr\u00e4tieren m\u00f6chte? Am besten da, wo alles begann.<\/p>\n\n\n\n<figure class=\"wp-block-image alignnone size-full\"><a href=\"https:\/\/www.salzburgerland.com\/de\/magazin\/wp-content\/uploads\/2015\/03\/Gensbichler-Bartl01.jpg\"><img loading=\"lazy\" decoding=\"async\" width=\"1017\" height=\"1377\" src=\"https:\/\/www.salzburgerland.com\/de\/magazin\/wp-content\/uploads\/2015\/03\/Gensbichler-Bartl01.jpg\" alt=\"Im kalifornischen Heavenly Valley ging der sportliche Stern von Bartl Gensbichler auf.\" class=\"wp-image-95880\" srcset=\"https:\/\/www.salzburgerland.com\/de\/magazin\/wp-content\/uploads\/2015\/03\/Gensbichler-Bartl01.jpg 1017w, https:\/\/www.salzburgerland.com\/de\/magazin\/wp-content\/uploads\/2015\/03\/Gensbichler-Bartl01-222x300.jpg 222w, https:\/\/www.salzburgerland.com\/de\/magazin\/wp-content\/uploads\/2015\/03\/Gensbichler-Bartl01-406x550.jpg 406w, https:\/\/www.salzburgerland.com\/de\/magazin\/wp-content\/uploads\/2015\/03\/Gensbichler-Bartl01-295x400.jpg 295w\" sizes=\"auto, (max-width: 1017px) 100vw, 1017px\" \/><\/a><figcaption class=\"wp-element-caption\">Im kalifornischen Heavenly Valley ging der sportliche Stern von Bartl Gensbichler auf.<\/figcaption><\/figure>\n\n\n\n<h2 class=\"wp-block-heading\" id=\"h-das-himmlische-tal\">Das himmlische Tal<\/h2>\n\n\n\n<p class=\"p1\">Nach seinem ersten gro\u00dfen Erfolg mit zwei Silbernen und einer Goldmedaille bei der Junioreneuropameisterschaft 1974 in Jasna ging im kalifornischen \u201eHeavenly Valley\u201c 1977 f\u00fcr Bartl Gensbichler mit einem Weltcupsieg in der Abfahrt sein sportlicher Stern auf. Nach einem verletzungsbedingten Karriereende kehrte er 1978 in sein himmlisches Tal &#8211; das Glemmtal &#8211; zur\u00fcck. Gemeinsam mit seinem Partner Thomas Wolf gr\u00fcndete er dort die Ski- und Snowboardschule \u201eSnow &amp; Fun\u201c und trat als Funktion\u00e4r dem Schiclub Saalbach Hinterglemm bei. Mit seiner volkst\u00fcmlichen Musikgruppe \u201eBartl Gensbichler und seine Skilehrermusi\u201c baute er sich eine gro\u00dfe internationale Fangemeinde auf und als Veranstalter des Musikfestivals \u201eMusikanten Ski-WM\u201c feierte er \u00fcber viele Jahre Erfolge.&nbsp; \u201e<em>Die ,Skilehrermusi\u2018 wurde mittlerweile in Pension geschickt und auch die ,Musi-WM\u2018 ist Geschichte<\/em>\u201c, blickt er etwas wehm\u00fctig zur\u00fcck. Doch Zeit zum Beine-Hochlegen g\u00f6nnte sich Bartl Gensbichler danach nicht. Seit 2003 steht er als Obmann dem Schiclub Saalbach Hinterglemm &#8211; mit \u00fcber 700 Mitgliedern dem gr\u00f6\u00dften des SalzburgerLandes &#8211; vor. Dieser Schiclub hat Geschichte &#8211; und zwar eine 100-j\u00e4hrige! So sieht Bartl Gensbichler es auch als eine Art Geburtstagsgeschenk, dass im Februar 2015 das <a href=\"http:\/\/skiweltcup.saalbach.com\/de\/\" target=\"_blank\" rel=\"noopener noreferrer\">spektakul\u00e4re Weltcup-Comeback<\/a> mit zwei bestens organisierten Rennen am Zw\u00f6lferkogel gefeiert werden konnte.<\/p>\n\n\n\n<figure class=\"wp-block-image alignnone size-full\"><a href=\"https:\/\/www.salzburgerland.com\/de\/magazin\/wp-content\/uploads\/2015\/03\/WCH_2006.jpg\"><img loading=\"lazy\" decoding=\"async\" width=\"1600\" height=\"1066\" src=\"https:\/\/www.salzburgerland.com\/de\/magazin\/wp-content\/uploads\/2015\/03\/WCH_2006.jpg\" alt=\"Am Start mit Georg Streitberger beim WC-Comeback in Saalbach Hintergelmm. c der-fotoigel.at\" class=\"wp-image-95878\" srcset=\"https:\/\/www.salzburgerland.com\/de\/magazin\/wp-content\/uploads\/2015\/03\/WCH_2006.jpg 1600w, https:\/\/www.salzburgerland.com\/de\/magazin\/wp-content\/uploads\/2015\/03\/WCH_2006-300x200.jpg 300w, https:\/\/www.salzburgerland.com\/de\/magazin\/wp-content\/uploads\/2015\/03\/WCH_2006-826x550.jpg 826w, https:\/\/www.salzburgerland.com\/de\/magazin\/wp-content\/uploads\/2015\/03\/WCH_2006-600x400.jpg 600w, https:\/\/www.salzburgerland.com\/de\/magazin\/wp-content\/uploads\/2015\/03\/WCH_2006-1320x879.jpg 1320w\" sizes=\"auto, (max-width: 1600px) 100vw, 1600px\" \/><\/a><figcaption class=\"wp-element-caption\">Am Start mit Georg Streitberger beim WC-Comeback in Saalbach Hintergelmm. c der-fotoigel.at<\/figcaption><\/figure>\n\n\n\n<h2 class=\"wp-block-heading\" id=\"h-talenteschmiede-salzburgerland\">Talenteschmiede SalzburgerLand<\/h2>\n\n\n\n<p class=\"p1\">Neben den heimischen Skiclubs, die den Nachwuchs-Rennl\u00e4ufern bei ihren ersten Schritten in den Renncircus mit Trainings zur Seite stehen, ist es vor allem der Salzburger Landesskiverband, der als wahre Talenteschmiede f\u00fcr sp\u00e4tere \u00d6SV-L\u00e4ufer gilt. Auch hier mischt Bartl Gensbichler kr\u00e4ftig mit &#8211; steht er dem Verband doch seit 2011 als Pr\u00e4sident vor. \u201e<em>Neben der F\u00f6rderung unserer Profis steht die Sicherung der Basis an erster Stelle. Unsere heimischen Vereine legen den Grundstein, indem sie die Kinder auf die Piste bringen und die technischen Grundlagen vermitteln. Die Landesverb\u00e4nde sind dann die n\u00e4chsten Wegbegleiter der Talente bis zum Eintritt in den \u00d6sterreichischen Skiverband. Das SalzburgerLand ist mit Trainingsm\u00f6glichkeiten f\u00fcr den Nachwuchs perfekt aufgestellt. Der Zw\u00f6lferkogel in Hinterglemm und der Hinterreitlift in Maria Alm sind auch bei internationalen Skiteams begehrte und vielfrequentierte Trainingspl\u00e4tze. Doch auch in den Sektionen Nordische Kombination, Biathlon, Freestyle, Langlauf und Skisprung verbuchen wir \u00e4u\u00dferst erfreuliche Erfolge<\/em>\u201c, erz\u00e4hlt er und koordiniert ganz nebenbei seine Skilehrer und den Skiverleih. <\/p>\n\n\n\n<blockquote class=\"wp-block-quote is-layout-flow wp-block-quote-is-layout-flow\">\n<p>Wintersport war immer mein Leben &#8211; und vom Wintersport lebe ich auch.<\/p>\n<cite>Bartl Gensbichler<\/cite><\/blockquote>\n\n\n\n<figure class=\"wp-block-image alignnone size-full\"><a href=\"https:\/\/www.salzburgerland.com\/de\/magazin\/wp-content\/uploads\/2015\/03\/SLM_4492.jpg\"><img loading=\"lazy\" decoding=\"async\" width=\"1600\" height=\"1063\" src=\"https:\/\/www.salzburgerland.com\/de\/magazin\/wp-content\/uploads\/2015\/03\/SLM_4492.jpg\" alt=\"Die legend\u00e4re \u201eSkilehrermusi\u201c mit Frontman Bartl (4. von rechts) ist heute \u201ein Pension\u201c. c der-fotoigel.at\" class=\"wp-image-95877\" srcset=\"https:\/\/www.salzburgerland.com\/de\/magazin\/wp-content\/uploads\/2015\/03\/SLM_4492.jpg 1600w, https:\/\/www.salzburgerland.com\/de\/magazin\/wp-content\/uploads\/2015\/03\/SLM_4492-300x199.jpg 300w, https:\/\/www.salzburgerland.com\/de\/magazin\/wp-content\/uploads\/2015\/03\/SLM_4492-828x550.jpg 828w, https:\/\/www.salzburgerland.com\/de\/magazin\/wp-content\/uploads\/2015\/03\/SLM_4492-602x400.jpg 602w, https:\/\/www.salzburgerland.com\/de\/magazin\/wp-content\/uploads\/2015\/03\/SLM_4492-1320x877.jpg 1320w\" sizes=\"auto, (max-width: 1600px) 100vw, 1600px\" \/><\/a><figcaption class=\"wp-element-caption\">Die legend\u00e4re \u201eSkilehrermusi\u201c mit Frontman Bartl (4. von rechts) ist heute \u201ein Pension\u201c. c der-fotoigel.at<\/figcaption><\/figure>\n\n\n\n<h2 class=\"wp-block-heading\" id=\"h-logenplatz-am-speicherteich\"><b>Logenplatz am Speicherteich<\/b><\/h2>\n\n\n\n<p class=\"p1\">Was er sich f\u00fcr seine Zukunft w\u00fcnscht, m\u00f6chte ich wissen und prompt antwortet er: \u201e<em>Gesundheit, denn dann hat man alles, was man braucht. Ich bin seit 30 Jahren gl\u00fccklich verheiratet, habe zwei gesunde Kids und bin mittlerweile auch zweifacher Opa. F\u00fcr die Familie m\u00f6chte ich mir speziell im Sommer mehr Zeit nehmen. Wenn ich nicht gerade in den stressigen Planungen f\u00fcr den Landesskiverband stecke, mache ich hier im Glemmtal wundersch\u00f6ne Touren auf dem E-Bike oder gehe golfen. Ein Logenplatz, an dem ich durchatme und mir Inspiration hole, ist der Speicherteich auf der Hochalm. Ich genie\u00dfe die Ruhe an dem See und tanke dort meine Kraft f\u00fcr kommende Herausforderungen. Sch\u00f6n w\u00e4re es nat\u00fcrlich, wenn eine diese Herausforderungen die WM-Zusage f\u00fcr Saalbach Hinterglemm bedeutet<\/em>.\u201c<\/p>\n\n\n\n<p class=\"p1\">Fotos: der-fotoigel.at\/Richard Ronacher (3), Privat (1)<\/p>\n","protected":false},"excerpt":{"rendered":"<p>Ein Salzburger, der mit Sicherheit Skiwachsel im Blut hat, ist Bartl Gensbichler aus Saalbach Hinterglemm. Bei dem charismatischen Tausendsassa dreht sich 365 Tage im Jahr alles um Schnee und die zwei Bretter, die f\u00fcr ihn die Welt bedeuten. Skilegende, Ex-Frontman der legend\u00e4ren Skilehrermusi, Skischulbesitzer, Skiclub-Obmann und nicht zuletzt Pr\u00e4sident des Salzburger Landesskiverbandes. Wo f\u00e4ngt man [&hellip;]<\/p>\n","protected":false},"author":11,"featured_media":95876,"comment_status":"open","ping_status":"open","sticky":false,"template":"","format":"standard","meta":{"_acf_changed":false,"wl_entities_gutenberg":"","_wl_entity_redirect_enabled":"","footnotes":""},"categories":[7],"tags":[],"wl_entity_type":[306],"monatsauswahl":[82,83,84,85,86,87,88,89,90,91,92,93],"class_list":["post-95824","post","type-post","status-publish","format-standard","has-post-thumbnail","hentry","category-lifestyle","wl_entity_type-article","monatsauswahl-monat_1","monatsauswahl-monat_2","monatsauswahl-monat_3","monatsauswahl-monat_4","monatsauswahl-monat_5","monatsauswahl-monat_6","monatsauswahl-monat_7","monatsauswahl-monat_8","monatsauswahl-monat_9","monatsauswahl-monat_10","monatsauswahl-monat_11","monatsauswahl-monat_12"],"acf":[],"yoast_head":"<!-- This site is optimized with the Yoast SEO Premium plugin v27.4 (Yoast SEO v27.4) - https:\/\/yoast.com\/product\/yoast-seo-premium-wordpress\/ -->\n<title>Skiwachsel im Blut - SalzburgerLand Magazin<\/title>\n<meta name=\"description\" content=\"\u201eIhr Salzburger habt wohl alle Skiwachsel im Blut\u201c, meinte k\u00fcrzlich ein Urlaubsgast und spielte dabei auf die gro\u00dfartigen Ergebnisse bei der alpinen Ski-WM in Vail an. Mit dem Medaillenregen verwandelten insbesondere die heimischen Rennl\u00e4ufer um Marcel Hirscher, Anna Veith, Hannes Reichelt, Michaela Kirchgasser &amp; Co die WM zu wahren Salzburger Ski-Festspielen.\" \/>\n<meta name=\"robots\" content=\"index, follow, max-snippet:-1, max-image-preview:large, max-video-preview:-1\" \/>\n<link rel=\"canonical\" href=\"https:\/\/www.salzburgerland.com\/de\/magazin\/skiwachsel-im-blut\/\" \/>\n<meta property=\"og:locale\" content=\"de_DE\" \/>\n<meta property=\"og:type\" content=\"article\" \/>\n<meta property=\"og:title\" content=\"Skiwachsel im Blut\" \/>\n<meta property=\"og:description\" content=\"Ein Salzburger, der mit Sicherheit Skiwachsel im Blut hat, ist Bartl Gensbichler aus Saalbach Hinterglemm. Bei dem charismatischen Tausendsassa dreht sich 365 Tage im Jahr alles um Schnee und die zwei Bretter, die f\u00fcr ihn die Welt bedeuten. Skilegende, Ex-Frontman der legend\u00e4ren Skilehrermusi, Skischulbesitzer, Skiclub-Obmann und nicht zuletzt Pr\u00e4sident des Salzburger Landesskiverbandes. Wo f\u00e4ngt man [&hellip;]\" \/>\n<meta property=\"og:url\" content=\"https:\/\/www.salzburgerland.com\/de\/magazin\/skiwachsel-im-blut\/\" \/>\n<meta property=\"og:site_name\" content=\"SalzburgerLand Magazin\" \/>\n<meta property=\"article:publisher\" content=\"https:\/\/www.facebook.com\/salzburgerland\/\" \/>\n<meta property=\"article:published_time\" content=\"2015-03-09T20:30:33+00:00\" \/>\n<meta property=\"article:modified_time\" content=\"2025-02-07T08:41:00+00:00\" \/>\n<meta property=\"og:image\" content=\"https:\/\/www.salzburgerland.com\/de\/magazin\/wp-content\/uploads\/2015\/03\/GEN_4084.jpg\" \/>\n\t<meta property=\"og:image:width\" content=\"1600\" \/>\n\t<meta property=\"og:image:height\" content=\"1067\" \/>\n\t<meta property=\"og:image:type\" content=\"image\/jpeg\" \/>\n<meta name=\"author\" content=\"Edith Danzer\" \/>\n<meta name=\"twitter:card\" content=\"summary_large_image\" \/>\n<meta name=\"twitter:creator\" content=\"@Salzburgerland\" \/>\n<meta name=\"twitter:site\" content=\"@Salzburgerland\" \/>\n<meta name=\"twitter:label1\" content=\"Verfasst von\" \/>\n\t<meta name=\"twitter:data1\" content=\"Edith Danzer\" \/>\n\t<meta name=\"twitter:label2\" content=\"Gesch\u00e4tzte Lesezeit\" \/>\n\t<meta name=\"twitter:data2\" content=\"5\u00a0Minuten\" \/>\n<script type=\"application\/ld+json\" class=\"yoast-schema-graph\">{\"@context\":\"https:\\\/\\\/schema.org\",\"@graph\":[{\"@type\":\"Article\",\"@id\":\"https:\\\/\\\/www.salzburgerland.com\\\/de\\\/magazin\\\/skiwachsel-im-blut\\\/#article\",\"isPartOf\":{\"@id\":\"https:\\\/\\\/www.salzburgerland.com\\\/de\\\/magazin\\\/skiwachsel-im-blut\\\/\"},\"author\":{\"name\":\"Edith Danzer\",\"@id\":\"https:\\\/\\\/www.salzburgerland.com\\\/de\\\/magazin\\\/#\\\/schema\\\/person\\\/79452c699c410aa31a119426313748de\"},\"headline\":\"Skiwachsel im Blut\",\"datePublished\":\"2015-03-09T20:30:33+00:00\",\"dateModified\":\"2025-02-07T08:41:00+00:00\",\"mainEntityOfPage\":{\"@id\":\"https:\\\/\\\/www.salzburgerland.com\\\/de\\\/magazin\\\/skiwachsel-im-blut\\\/\"},\"wordCount\":716,\"commentCount\":0,\"publisher\":{\"@id\":\"https:\\\/\\\/www.salzburgerland.com\\\/de\\\/magazin\\\/#organization\"},\"image\":{\"@id\":\"https:\\\/\\\/www.salzburgerland.com\\\/de\\\/magazin\\\/skiwachsel-im-blut\\\/#primaryimage\"},\"thumbnailUrl\":\"https:\\\/\\\/www.salzburgerland.com\\\/de\\\/magazin\\\/wp-content\\\/uploads\\\/2015\\\/03\\\/GEN_4084.jpg\",\"articleSection\":[\"Lifestyle\"],\"inLanguage\":\"de\",\"potentialAction\":[{\"@type\":\"CommentAction\",\"name\":\"Comment\",\"target\":[\"https:\\\/\\\/www.salzburgerland.com\\\/de\\\/magazin\\\/skiwachsel-im-blut\\\/#respond\"]}]},{\"@type\":\"WebPage\",\"@id\":\"https:\\\/\\\/www.salzburgerland.com\\\/de\\\/magazin\\\/skiwachsel-im-blut\\\/\",\"url\":\"https:\\\/\\\/www.salzburgerland.com\\\/de\\\/magazin\\\/skiwachsel-im-blut\\\/\",\"name\":\"Skiwachsel im Blut - SalzburgerLand Magazin\",\"isPartOf\":{\"@id\":\"https:\\\/\\\/www.salzburgerland.com\\\/de\\\/magazin\\\/#website\"},\"primaryImageOfPage\":{\"@id\":\"https:\\\/\\\/www.salzburgerland.com\\\/de\\\/magazin\\\/skiwachsel-im-blut\\\/#primaryimage\"},\"image\":{\"@id\":\"https:\\\/\\\/www.salzburgerland.com\\\/de\\\/magazin\\\/skiwachsel-im-blut\\\/#primaryimage\"},\"thumbnailUrl\":\"https:\\\/\\\/www.salzburgerland.com\\\/de\\\/magazin\\\/wp-content\\\/uploads\\\/2015\\\/03\\\/GEN_4084.jpg\",\"datePublished\":\"2015-03-09T20:30:33+00:00\",\"dateModified\":\"2025-02-07T08:41:00+00:00\",\"breadcrumb\":{\"@id\":\"https:\\\/\\\/www.salzburgerland.com\\\/de\\\/magazin\\\/skiwachsel-im-blut\\\/#breadcrumb\"},\"inLanguage\":\"de\",\"potentialAction\":[{\"@type\":\"ReadAction\",\"target\":[\"https:\\\/\\\/www.salzburgerland.com\\\/de\\\/magazin\\\/skiwachsel-im-blut\\\/\"]}]},{\"@type\":\"ImageObject\",\"inLanguage\":\"de\",\"@id\":\"https:\\\/\\\/www.salzburgerland.com\\\/de\\\/magazin\\\/skiwachsel-im-blut\\\/#primaryimage\",\"url\":\"https:\\\/\\\/www.salzburgerland.com\\\/de\\\/magazin\\\/wp-content\\\/uploads\\\/2015\\\/03\\\/GEN_4084.jpg\",\"contentUrl\":\"https:\\\/\\\/www.salzburgerland.com\\\/de\\\/magazin\\\/wp-content\\\/uploads\\\/2015\\\/03\\\/GEN_4084.jpg\",\"width\":1600,\"height\":1067,\"caption\":\"Skiwachsel im Blut c der-fotigel.at\"},{\"@type\":\"BreadcrumbList\",\"@id\":\"https:\\\/\\\/www.salzburgerland.com\\\/de\\\/magazin\\\/skiwachsel-im-blut\\\/#breadcrumb\",\"itemListElement\":[{\"@type\":\"ListItem\",\"position\":1,\"name\":\"Startseite\",\"item\":\"https:\\\/\\\/www.salzburgerland.com\\\/de\\\/magazin\\\/\"},{\"@type\":\"ListItem\",\"position\":2,\"name\":\"Lifestyle\",\"item\":\"https:\\\/\\\/www.salzburgerland.com\\\/de\\\/magazin\\\/thema\\\/lifestyle\\\/\"},{\"@type\":\"ListItem\",\"position\":3,\"name\":\"Skiwachsel im Blut\"}]},{\"@type\":\"WebSite\",\"@id\":\"https:\\\/\\\/www.salzburgerland.com\\\/de\\\/magazin\\\/#website\",\"url\":\"https:\\\/\\\/www.salzburgerland.com\\\/de\\\/magazin\\\/\",\"name\":\"SalzburgerLand Magazin\",\"description\":\"Geschichten und Interessantes aus dem SalzburgerLand\",\"publisher\":{\"@id\":\"https:\\\/\\\/www.salzburgerland.com\\\/de\\\/magazin\\\/#organization\"},\"potentialAction\":[{\"@type\":\"SearchAction\",\"target\":{\"@type\":\"EntryPoint\",\"urlTemplate\":\"https:\\\/\\\/www.salzburgerland.com\\\/de\\\/magazin\\\/?s={search_term_string}\"},\"query-input\":{\"@type\":\"PropertyValueSpecification\",\"valueRequired\":true,\"valueName\":\"search_term_string\"}}],\"inLanguage\":\"de\"},{\"@type\":\"Organization\",\"@id\":\"https:\\\/\\\/www.salzburgerland.com\\\/de\\\/magazin\\\/#organization\",\"name\":\"SalzburgerLand Tourismus\",\"url\":\"https:\\\/\\\/www.salzburgerland.com\\\/de\\\/magazin\\\/\",\"logo\":{\"@type\":\"ImageObject\",\"inLanguage\":\"de\",\"@id\":\"https:\\\/\\\/www.salzburgerland.com\\\/de\\\/magazin\\\/#\\\/schema\\\/logo\\\/image\\\/\",\"url\":\"https:\\\/\\\/www.salzburgerland.com\\\/de\\\/magazin\\\/wp-content\\\/uploads\\\/2019\\\/06\\\/salzburgerland-logo1.jpg\",\"contentUrl\":\"https:\\\/\\\/www.salzburgerland.com\\\/de\\\/magazin\\\/wp-content\\\/uploads\\\/2019\\\/06\\\/salzburgerland-logo1.jpg\",\"width\":2011,\"height\":866,\"caption\":\"SalzburgerLand Tourismus\"},\"image\":{\"@id\":\"https:\\\/\\\/www.salzburgerland.com\\\/de\\\/magazin\\\/#\\\/schema\\\/logo\\\/image\\\/\"},\"sameAs\":[\"https:\\\/\\\/www.facebook.com\\\/salzburgerland\\\/\",\"https:\\\/\\\/x.com\\\/Salzburgerland\",\"https:\\\/\\\/www.instagram.com\\\/salzburgerland\\\/\",\"https:\\\/\\\/at.linkedin.com\\\/company\\\/salzburgerland-tourismus-gmbh\",\"https:\\\/\\\/www.pinterest.at\\\/salzburgerland\\\/\",\"https:\\\/\\\/www.youtube.com\\\/user\\\/salzburgerland\",\"https:\\\/\\\/de.wikipedia.org\\\/wiki\\\/SalzburgerLand_Tourismus_GmbH\"]},{\"@type\":\"Person\",\"@id\":\"https:\\\/\\\/www.salzburgerland.com\\\/de\\\/magazin\\\/#\\\/schema\\\/person\\\/79452c699c410aa31a119426313748de\",\"name\":\"Edith Danzer\",\"description\":\"Seit Jahren arbeite ich als freie Redakteurin und Fotografin im SalzburgerLand. Schreiben ist f\u00fcr mich nicht blo\u00df das Erstellen eines Textes. Es ist ein Komponieren einer wundervollen Melodie, ein Malen mit Buchstaben und Worten. Ich liebe die Begegnungen mit Menschen, die mir ihre Geschichte anvertrauen. Wenn man mich sucht, bin ich entweder am Schreibtisch (der auch mal am sonnigen H\u00fcttenbankerl stehen kann) oder mit meinem Husky-M\u00e4dl Ylvi am Berg, am See oder im Wald. Ich \u2026 \u2026 in ein paar Worten. \u2022 Lieber drau\u00dfen, als drinnen. \u2022 Lieber Norden, als S\u00fcden. \u2022 Lieber Buchstaben, als Zahlen. \u2022 Lieber Schnee, als Strand. \u2022 Lieber Berg, als Tal. \u2022 Lieber Nordlichter, als S\u00fcdseezauber. \u2022 Lieber H\u00fctte, als F\u00fcnfsternschuppen. \u2022 Lieber Hund, als Katze. \u2022 Lieber grader Michl, als falscher Fufzga. \u2022 Lieber mittendurch, als drumherum \u2022 Lieber Almleben, als Couchpotato\",\"url\":\"https:\\\/\\\/www.salzburgerland.com\\\/de\\\/magazin\\\/author\\\/edith-danzer\\\/\"}]}<\/script>\n<!-- \/ Yoast SEO Premium plugin. -->","yoast_head_json":{"title":"Skiwachsel im Blut - SalzburgerLand Magazin","description":"\u201eIhr Salzburger habt wohl alle Skiwachsel im Blut\u201c, meinte k\u00fcrzlich ein Urlaubsgast und spielte dabei auf die gro\u00dfartigen Ergebnisse bei der alpinen Ski-WM in Vail an. Mit dem Medaillenregen verwandelten insbesondere die heimischen Rennl\u00e4ufer um Marcel Hirscher, Anna Veith, Hannes Reichelt, Michaela Kirchgasser &amp; Co die WM zu wahren Salzburger Ski-Festspielen.","robots":{"index":"index","follow":"follow","max-snippet":"max-snippet:-1","max-image-preview":"max-image-preview:large","max-video-preview":"max-video-preview:-1"},"canonical":"https:\/\/www.salzburgerland.com\/de\/magazin\/skiwachsel-im-blut\/","og_locale":"de_DE","og_type":"article","og_title":"Skiwachsel im Blut","og_description":"Ein Salzburger, der mit Sicherheit Skiwachsel im Blut hat, ist Bartl Gensbichler aus Saalbach Hinterglemm. Bei dem charismatischen Tausendsassa dreht sich 365 Tage im Jahr alles um Schnee und die zwei Bretter, die f\u00fcr ihn die Welt bedeuten. Skilegende, Ex-Frontman der legend\u00e4ren Skilehrermusi, Skischulbesitzer, Skiclub-Obmann und nicht zuletzt Pr\u00e4sident des Salzburger Landesskiverbandes. Wo f\u00e4ngt man [&hellip;]","og_url":"https:\/\/www.salzburgerland.com\/de\/magazin\/skiwachsel-im-blut\/","og_site_name":"SalzburgerLand Magazin","article_publisher":"https:\/\/www.facebook.com\/salzburgerland\/","article_published_time":"2015-03-09T20:30:33+00:00","article_modified_time":"2025-02-07T08:41:00+00:00","og_image":[{"width":1600,"height":1067,"url":"https:\/\/www.salzburgerland.com\/de\/magazin\/wp-content\/uploads\/2015\/03\/GEN_4084.jpg","type":"image\/jpeg"}],"author":"Edith Danzer","twitter_card":"summary_large_image","twitter_creator":"@Salzburgerland","twitter_site":"@Salzburgerland","twitter_misc":{"Verfasst von":"Edith Danzer","Gesch\u00e4tzte Lesezeit":"5\u00a0Minuten"},"schema":{"@context":"https:\/\/schema.org","@graph":[{"@type":"Article","@id":"https:\/\/www.salzburgerland.com\/de\/magazin\/skiwachsel-im-blut\/#article","isPartOf":{"@id":"https:\/\/www.salzburgerland.com\/de\/magazin\/skiwachsel-im-blut\/"},"author":{"name":"Edith Danzer","@id":"https:\/\/www.salzburgerland.com\/de\/magazin\/#\/schema\/person\/79452c699c410aa31a119426313748de"},"headline":"Skiwachsel im Blut","datePublished":"2015-03-09T20:30:33+00:00","dateModified":"2025-02-07T08:41:00+00:00","mainEntityOfPage":{"@id":"https:\/\/www.salzburgerland.com\/de\/magazin\/skiwachsel-im-blut\/"},"wordCount":716,"commentCount":0,"publisher":{"@id":"https:\/\/www.salzburgerland.com\/de\/magazin\/#organization"},"image":{"@id":"https:\/\/www.salzburgerland.com\/de\/magazin\/skiwachsel-im-blut\/#primaryimage"},"thumbnailUrl":"https:\/\/www.salzburgerland.com\/de\/magazin\/wp-content\/uploads\/2015\/03\/GEN_4084.jpg","articleSection":["Lifestyle"],"inLanguage":"de","potentialAction":[{"@type":"CommentAction","name":"Comment","target":["https:\/\/www.salzburgerland.com\/de\/magazin\/skiwachsel-im-blut\/#respond"]}]},{"@type":"WebPage","@id":"https:\/\/www.salzburgerland.com\/de\/magazin\/skiwachsel-im-blut\/","url":"https:\/\/www.salzburgerland.com\/de\/magazin\/skiwachsel-im-blut\/","name":"Skiwachsel im Blut - SalzburgerLand Magazin","isPartOf":{"@id":"https:\/\/www.salzburgerland.com\/de\/magazin\/#website"},"primaryImageOfPage":{"@id":"https:\/\/www.salzburgerland.com\/de\/magazin\/skiwachsel-im-blut\/#primaryimage"},"image":{"@id":"https:\/\/www.salzburgerland.com\/de\/magazin\/skiwachsel-im-blut\/#primaryimage"},"thumbnailUrl":"https:\/\/www.salzburgerland.com\/de\/magazin\/wp-content\/uploads\/2015\/03\/GEN_4084.jpg","datePublished":"2015-03-09T20:30:33+00:00","dateModified":"2025-02-07T08:41:00+00:00","breadcrumb":{"@id":"https:\/\/www.salzburgerland.com\/de\/magazin\/skiwachsel-im-blut\/#breadcrumb"},"inLanguage":"de","potentialAction":[{"@type":"ReadAction","target":["https:\/\/www.salzburgerland.com\/de\/magazin\/skiwachsel-im-blut\/"]}]},{"@type":"ImageObject","inLanguage":"de","@id":"https:\/\/www.salzburgerland.com\/de\/magazin\/skiwachsel-im-blut\/#primaryimage","url":"https:\/\/www.salzburgerland.com\/de\/magazin\/wp-content\/uploads\/2015\/03\/GEN_4084.jpg","contentUrl":"https:\/\/www.salzburgerland.com\/de\/magazin\/wp-content\/uploads\/2015\/03\/GEN_4084.jpg","width":1600,"height":1067,"caption":"Skiwachsel im Blut c der-fotigel.at"},{"@type":"BreadcrumbList","@id":"https:\/\/www.salzburgerland.com\/de\/magazin\/skiwachsel-im-blut\/#breadcrumb","itemListElement":[{"@type":"ListItem","position":1,"name":"Startseite","item":"https:\/\/www.salzburgerland.com\/de\/magazin\/"},{"@type":"ListItem","position":2,"name":"Lifestyle","item":"https:\/\/www.salzburgerland.com\/de\/magazin\/thema\/lifestyle\/"},{"@type":"ListItem","position":3,"name":"Skiwachsel im Blut"}]},{"@type":"WebSite","@id":"https:\/\/www.salzburgerland.com\/de\/magazin\/#website","url":"https:\/\/www.salzburgerland.com\/de\/magazin\/","name":"SalzburgerLand Magazin","description":"Geschichten und Interessantes aus dem SalzburgerLand","publisher":{"@id":"https:\/\/www.salzburgerland.com\/de\/magazin\/#organization"},"potentialAction":[{"@type":"SearchAction","target":{"@type":"EntryPoint","urlTemplate":"https:\/\/www.salzburgerland.com\/de\/magazin\/?s={search_term_string}"},"query-input":{"@type":"PropertyValueSpecification","valueRequired":true,"valueName":"search_term_string"}}],"inLanguage":"de"},{"@type":"Organization","@id":"https:\/\/www.salzburgerland.com\/de\/magazin\/#organization","name":"SalzburgerLand Tourismus","url":"https:\/\/www.salzburgerland.com\/de\/magazin\/","logo":{"@type":"ImageObject","inLanguage":"de","@id":"https:\/\/www.salzburgerland.com\/de\/magazin\/#\/schema\/logo\/image\/","url":"https:\/\/www.salzburgerland.com\/de\/magazin\/wp-content\/uploads\/2019\/06\/salzburgerland-logo1.jpg","contentUrl":"https:\/\/www.salzburgerland.com\/de\/magazin\/wp-content\/uploads\/2019\/06\/salzburgerland-logo1.jpg","width":2011,"height":866,"caption":"SalzburgerLand Tourismus"},"image":{"@id":"https:\/\/www.salzburgerland.com\/de\/magazin\/#\/schema\/logo\/image\/"},"sameAs":["https:\/\/www.facebook.com\/salzburgerland\/","https:\/\/x.com\/Salzburgerland","https:\/\/www.instagram.com\/salzburgerland\/","https:\/\/at.linkedin.com\/company\/salzburgerland-tourismus-gmbh","https:\/\/www.pinterest.at\/salzburgerland\/","https:\/\/www.youtube.com\/user\/salzburgerland","https:\/\/de.wikipedia.org\/wiki\/SalzburgerLand_Tourismus_GmbH"]},{"@type":"Person","@id":"https:\/\/www.salzburgerland.com\/de\/magazin\/#\/schema\/person\/79452c699c410aa31a119426313748de","name":"Edith Danzer","description":"Seit Jahren arbeite ich als freie Redakteurin und Fotografin im SalzburgerLand. Schreiben ist f\u00fcr mich nicht blo\u00df das Erstellen eines Textes. Es ist ein Komponieren einer wundervollen Melodie, ein Malen mit Buchstaben und Worten. Ich liebe die Begegnungen mit Menschen, die mir ihre Geschichte anvertrauen. Wenn man mich sucht, bin ich entweder am Schreibtisch (der auch mal am sonnigen H\u00fcttenbankerl stehen kann) oder mit meinem Husky-M\u00e4dl Ylvi am Berg, am See oder im Wald. Ich \u2026 \u2026 in ein paar Worten. \u2022 Lieber drau\u00dfen, als drinnen. \u2022 Lieber Norden, als S\u00fcden. \u2022 Lieber Buchstaben, als Zahlen. \u2022 Lieber Schnee, als Strand. \u2022 Lieber Berg, als Tal. \u2022 Lieber Nordlichter, als S\u00fcdseezauber. \u2022 Lieber H\u00fctte, als F\u00fcnfsternschuppen. \u2022 Lieber Hund, als Katze. \u2022 Lieber grader Michl, als falscher Fufzga. \u2022 Lieber mittendurch, als drumherum \u2022 Lieber Almleben, als Couchpotato","url":"https:\/\/www.salzburgerland.com\/de\/magazin\/author\/edith-danzer\/"}]}},"_wl_alt_label":[],"wl:entity_url":"http:\/\/open.salzburgerland.com\/magazin\/post\/skiwachsel_im_blut","_links":{"self":[{"href":"https:\/\/www.salzburgerland.com\/de\/magazin\/wp-json\/wp\/v2\/posts\/95824","targetHints":{"allow":["GET"]}}],"collection":[{"href":"https:\/\/www.salzburgerland.com\/de\/magazin\/wp-json\/wp\/v2\/posts"}],"about":[{"href":"https:\/\/www.salzburgerland.com\/de\/magazin\/wp-json\/wp\/v2\/types\/post"}],"author":[{"embeddable":true,"href":"https:\/\/www.salzburgerland.com\/de\/magazin\/wp-json\/wp\/v2\/users\/11"}],"replies":[{"embeddable":true,"href":"https:\/\/www.salzburgerland.com\/de\/magazin\/wp-json\/wp\/v2\/comments?post=95824"}],"version-history":[{"count":3,"href":"https:\/\/www.salzburgerland.com\/de\/magazin\/wp-json\/wp\/v2\/posts\/95824\/revisions"}],"predecessor-version":[{"id":180981,"href":"https:\/\/www.salzburgerland.com\/de\/magazin\/wp-json\/wp\/v2\/posts\/95824\/revisions\/180981"}],"wp:featuredmedia":[{"embeddable":true,"href":"https:\/\/www.salzburgerland.com\/de\/magazin\/wp-json\/wp\/v2\/media\/95876"}],"wp:attachment":[{"href":"https:\/\/www.salzburgerland.com\/de\/magazin\/wp-json\/wp\/v2\/media?parent=95824"}],"wp:term":[{"taxonomy":"category","embeddable":true,"href":"https:\/\/www.salzburgerland.com\/de\/magazin\/wp-json\/wp\/v2\/categories?post=95824"},{"taxonomy":"post_tag","embeddable":true,"href":"https:\/\/www.salzburgerland.com\/de\/magazin\/wp-json\/wp\/v2\/tags?post=95824"},{"taxonomy":"wl_entity_type","embeddable":true,"href":"https:\/\/www.salzburgerland.com\/de\/magazin\/wp-json\/wp\/v2\/wl_entity_type?post=95824"},{"taxonomy":"monatsauswahl","embeddable":true,"href":"https:\/\/www.salzburgerland.com\/de\/magazin\/wp-json\/wp\/v2\/monatsauswahl?post=95824"}],"curies":[{"name":"wp","href":"https:\/\/api.w.org\/{rel}","templated":true}]}}