{"id":95732,"date":"2015-03-19T08:00:56","date_gmt":"2015-03-19T07:00:56","guid":{"rendered":"http:\/\/magazin.salzburgerland.com\/?p=95732"},"modified":"2015-03-18T11:35:06","modified_gmt":"2015-03-18T10:35:06","slug":"salzburg-im-panoramablick","status":"publish","type":"post","link":"https:\/\/www.salzburgerland.com\/de\/magazin\/salzburg-im-panoramablick\/","title":{"rendered":"Salzburg im Panoramablick"},"content":{"rendered":"<p>Die <a href=\"https:\/\/buch.stadt-salzburg.at\/\" target=\"_blank\">Stadtbibliothek<\/a> ist f\u00fcr die Salzburgerinnen und Salzburger l\u00e4ngst mehr geworden, als ein Platz mit vielen B\u00fcchern! Seit dem Umzug vom <a title=\"Der Mirabellgarten, die Wohlf\u00fchl-Oase f\u00fcr alle\" href=\"https:\/\/www.salzburgerland.com\/de\/magazin\/sehenswurdig\/der-mirabellgarten-die-wohlfuehl-oase-fuer-alle\/\" target=\"_blank\">Schloss Mirabell<\/a>\u00a0ins Multikulti-Szeneviertel Lehen hat sich viel getan und rund 30 Prozent mehr Besucher sprechen f\u00fcr sich. Denn f\u00fcr gro\u00dfe und kleine Leser mit den unterschiedlichsten Interessen und Bed\u00fcrfnissen gibt es hier mehr als 180.000 Medien wie B\u00fcchern, DVDs, CDs und Videospielen auf 5.000\u00a0Quadratmetern zu entdecken. Dank der \u00a0modernen Architektur mit einem gekonnten Wohlf\u00fchlfaktor gilt die Stadtbiblitothek heute als Treffpunkt f\u00fcr Jung und Alt. Dort wird gemeinsam gelesen und genossen, Musik geh\u00f6rt und Zeitung gelesen.\u00a0<\/p>\n<p><strong>Ein H\u00f6hepunkt im wahrsten Sinne<br \/><\/strong>Seit M\u00e4rz 2014\u00a0lockt ein weiterer H\u00f6hepunkt kulturinteressierte Besucher, Kaffeehausliebhaber und Fotospotj\u00e4ger in die Stadtbibliothek: Die einzigartige Panoramabar! Neben einem g\u00e4nzlich neuen Ausblick auf die Salzburger Altstadt warten auch bisher unbekannte Blicke auf die Stadtberge (<a title=\"Der M\u00f6nchsberg in Bildern\" href=\"https:\/\/www.salzburgerland.com\/de\/magazin\/sehenswurdig\/der-monchsberg-in-bildern\/\">M\u00f6nchsberg<\/a>, <a title=\"Kapuzinerberg: Ein Tor f\u00fchrt ins gr\u00fcne Gl\u00fcck\" href=\"https:\/\/www.salzburgerland.com\/de\/magazin\/logenplaetze\/kapuzinerberg-ein-tor-fuhrt-ins-grune-gluck\/\">Kapuzinerberg<\/a> und <a title=\"Gaisberg \u2013 Das Schatzerl der Salzburger\" href=\"https:\/\/www.salzburgerland.com\/de\/magazin\/hotel-reise\/gaisberg-das-schatzerl-der-salzburger\/\">Gaisberg<\/a>) und die umliegenden Gebirgsketten wie den majest\u00e4tischen Untersberg und das imposante Tennengebirge.\u00a0&#8222;Einzigartig sind auch die\u00a0wechselnden Lichtverh\u00e4ltnisse, je nach Jahreszeit und Tageszeit gibt es ganz unterschiedliche Farbenspiele zu beobachten&#8220;, erz\u00e4hlt Helmut Windinger. Der Leiter der Stadtbibliothek l\u00e4dt mich in der Panoramabar auf einen k\u00f6stlichen Kaffee ein und freut sich \u00fcber das gro\u00dfe Interesse an der zugleich stylischen und gem\u00fctlichen Bar, die genauso\u00a0\u00fcber den D\u00e4chern von\u00a0Shanghai oder New York thronen k\u00f6nnte. Neben den herrlichen Kaffeesgen\u00fcssen und s\u00fc\u00dfen Verf\u00fchrungen gibt es in der Panoramabar, die \u00fcbrigens vom Diakoniewerk gef\u00fchrt wird,\u00a0auch kleine Mittagssnacks. &#8222;Nat\u00fcrlich nur, wenn es zu den \u00d6ffnungszeiten passt&#8220;, meint Windinger, &#8222;Die sind an die \u00d6ffnungszeiten der Stadtbibliothek gebunden.&#8220;<\/p>\n<p><strong>Kostenloser Lesestoff in 55 Sprachen&#8216;<br \/><\/strong>Ob Buch oder Zeitschrift, Medien k\u00f6nnen direkt aus der Bibliothek mit in die Panoramabar genommen werden. &#8222;Hier herrscht auch kein Konsumationszwang&#8220;, berichtet Helmut Windinger weiter. Wer m\u00f6chte, genie\u00dft sein Lieblingsbuch auf den gem\u00fctlichen Ledersofas oder erfreut sich an den zahlreichen Tageszeitungen und Magazinen. F\u00fcr Besitzer von Smartphones und Tablets zahlt es sich auf jeden Fall aus, ihr\u00a0Mobilger\u00e4t\u00a0mitzubringen. Denn mit der kostenlosen PressReader-App gibt es in der Panoramabar Zugriff auf \u00fcber 2.000 Tageszeitungen aus 100 L\u00e4ndern in 55 Sprachen! &#8222;Dabei ist keine Anmeldung und auch kein Passwort n\u00f6tig&#8220;. Und wenn die Zeit in der Panoramabar nicht ausreicht, kommt\u00a0die heruntergeladene Zeitung am Smartphone oder Tablet einfach\u00a0mit Nachhause. Auch das WLAN steht den Besuchern der Panoramabar kostenlos zur Verf\u00fcgung.<\/p>\n<p><strong>Zahlreiche Veranstaltungen rund ums Jahr<br \/><\/strong>In regelm\u00e4\u00dfigen Abst\u00e4nden l\u00e4dt die Stadtbibliothek zu abwechslungsreichen Veranstaltungen ein. Sei es eine mehrsprachige Lesung, eine Buchpr\u00e4sentation oder ein Konversationskurs &#8211; mehr als 300 Veranstaltungen f\u00fcr \u00fcber 8.000 Besucher haben in diesem architektonischen Meisterwerk schon stattgefunden. Wer \u00fcber alle bevorstehenden Events informiert werden m\u00f6chte, der meldet sich am besten zum kostenlosen <a href=\"https:\/\/buch.stadt-salzburg.at\/Fakten\/Newsletter.aspx\" target=\"_blank\">Newsletter<\/a> an.<\/p>\n<p>\u00a0Stadt:Bibliothek Salzburg<br \/>Schuhmacherstra\u00dfe 14<br \/>5024 Salzburg<\/p>\n<p><strong>\u00d6ffnungszeiten:<\/strong><\/p>\n<p>Mo, Do, Fr: 10 bis 18 Uhr<br \/>Di, Mi: 15 bis 19 Uhr<br \/>Sa: 10 bis 15 Uhr<br \/><a href=\"https:\/\/buch.stadt-salzburg.at\/\" target=\"_blank\">buch.stadt-salzburg.at<\/a><\/p>\n<div class=\"mag-gallery\"><div class=\"row\"><div class=\"col-6 col-sm-4\"><figure><a class=\"thumb-container\" href=\"https:\/\/www.salzburgerland.com\/de\/magazin\/wp-content\/uploads\/2015\/03\/Stadtbibliothek5-1280x1024.jpg\">\t<picture><source media=\"(min-width: 576px)\" srcset=\"https:\/\/www.salzburgerland.com\/de\/magazin\/wp-content\/uploads\/2015\/03\/Stadtbibliothek5-325x209.jpg 325w, https:\/\/www.salzburgerland.com\/de\/magazin\/wp-content\/uploads\/2015\/03\/Stadtbibliothek5-249x160.jpg 249w\" \/><source media=\"(min-width: 0)\" srcset=\"https:\/\/www.salzburgerland.com\/de\/magazin\/wp-content\/uploads\/2015\/03\/Stadtbibliothek5-249x160.jpg 249w, https:\/\/www.salzburgerland.com\/de\/magazin\/wp-content\/uploads\/2015\/03\/Stadtbibliothek5-325x209.jpg 325w\" \/><img decoding=\"async\" alt=\"F\u00fcnf Studenten lesen und lernen auf einer Treppe mit leuchtend rotem Teppichboden in einer modernen Bibliothek.\" src=\"https:\/\/www.salzburgerland.com\/de\/magazin\/wp-content\/uploads\/2015\/03\/Stadtbibliothek5.jpg\" \/>\t<\/picture><\/a><\/figure><\/div><div class=\"col-6 col-sm-4\"><figure><a class=\"thumb-container\" href=\"https:\/\/www.salzburgerland.com\/de\/magazin\/wp-content\/uploads\/2015\/03\/Stadtbibliothek4-1280x1024.jpg\">\t<picture><source media=\"(min-width: 576px)\" srcset=\"https:\/\/www.salzburgerland.com\/de\/magazin\/wp-content\/uploads\/2015\/03\/Stadtbibliothek4-325x209.jpg 325w, https:\/\/www.salzburgerland.com\/de\/magazin\/wp-content\/uploads\/2015\/03\/Stadtbibliothek4-249x160.jpg 249w\" \/><source media=\"(min-width: 0)\" srcset=\"https:\/\/www.salzburgerland.com\/de\/magazin\/wp-content\/uploads\/2015\/03\/Stadtbibliothek4-249x160.jpg 249w, https:\/\/www.salzburgerland.com\/de\/magazin\/wp-content\/uploads\/2015\/03\/Stadtbibliothek4-325x209.jpg 325w\" \/><img decoding=\"async\" alt=\"Vier Personen sp\u00e4hen durch bunte Bibliotheksregale, wobei nur ihre Gesichter zwischen den B\u00fccherreihen zu sehen sind.\" src=\"https:\/\/www.salzburgerland.com\/de\/magazin\/wp-content\/uploads\/2015\/03\/Stadtbibliothek4.jpg\" \/>\t<\/picture><\/a><\/figure><\/div><div class=\"col-6 col-sm-4\"><figure><a class=\"thumb-container\" href=\"https:\/\/www.salzburgerland.com\/de\/magazin\/wp-content\/uploads\/2015\/03\/Stadtbibliothek3-1280x1024.jpg\">\t<picture><source media=\"(min-width: 576px)\" srcset=\"https:\/\/www.salzburgerland.com\/de\/magazin\/wp-content\/uploads\/2015\/03\/Stadtbibliothek3-325x209.jpg 325w, https:\/\/www.salzburgerland.com\/de\/magazin\/wp-content\/uploads\/2015\/03\/Stadtbibliothek3-249x160.jpg 249w\" \/><source media=\"(min-width: 0)\" srcset=\"https:\/\/www.salzburgerland.com\/de\/magazin\/wp-content\/uploads\/2015\/03\/Stadtbibliothek3-249x160.jpg 249w, https:\/\/www.salzburgerland.com\/de\/magazin\/wp-content\/uploads\/2015\/03\/Stadtbibliothek3-325x209.jpg 325w\" \/><img decoding=\"async\" alt=\"Moderner Essbereich mit leeren Tischen und St\u00fchlen, gro\u00dfen Fenstern und einem Blick auf das Stadtbild im Hintergrund.\" src=\"https:\/\/www.salzburgerland.com\/de\/magazin\/wp-content\/uploads\/2015\/03\/Stadtbibliothek3.jpg\" \/>\t<\/picture><\/a><\/figure><\/div><div class=\"col-6 col-sm-4\"><figure><a class=\"thumb-container\" href=\"https:\/\/www.salzburgerland.com\/de\/magazin\/wp-content\/uploads\/2015\/03\/Stadtbibliothek2-1280x1024.jpg\">\t<picture><source media=\"(min-width: 576px)\" srcset=\"https:\/\/www.salzburgerland.com\/de\/magazin\/wp-content\/uploads\/2015\/03\/Stadtbibliothek2-325x209.jpg 325w, https:\/\/www.salzburgerland.com\/de\/magazin\/wp-content\/uploads\/2015\/03\/Stadtbibliothek2-249x160.jpg 249w\" \/><source media=\"(min-width: 0)\" srcset=\"https:\/\/www.salzburgerland.com\/de\/magazin\/wp-content\/uploads\/2015\/03\/Stadtbibliothek2-249x160.jpg 249w, https:\/\/www.salzburgerland.com\/de\/magazin\/wp-content\/uploads\/2015\/03\/Stadtbibliothek2-325x209.jpg 325w\" \/><img decoding=\"async\" alt=\"Modernes Geb\u00e4ude mit einem winkelf\u00f6rmigen \u00dcberhang, gro\u00dfen Fenstern und einer Rasenfl\u00e4che davor.\" src=\"https:\/\/www.salzburgerland.com\/de\/magazin\/wp-content\/uploads\/2015\/03\/Stadtbibliothek2.jpg\" \/>\t<\/picture><\/a><\/figure><\/div><div class=\"col-6 col-sm-4\"><figure><a class=\"thumb-container\" href=\"https:\/\/www.salzburgerland.com\/de\/magazin\/wp-content\/uploads\/2015\/03\/Stadtbibliothek1-1280x1024.jpg\">\t<picture><source media=\"(min-width: 576px)\" srcset=\"https:\/\/www.salzburgerland.com\/de\/magazin\/wp-content\/uploads\/2015\/03\/Stadtbibliothek1-325x209.jpg 325w, https:\/\/www.salzburgerland.com\/de\/magazin\/wp-content\/uploads\/2015\/03\/Stadtbibliothek1-249x160.jpg 249w\" \/><source media=\"(min-width: 0)\" srcset=\"https:\/\/www.salzburgerland.com\/de\/magazin\/wp-content\/uploads\/2015\/03\/Stadtbibliothek1-249x160.jpg 249w, https:\/\/www.salzburgerland.com\/de\/magazin\/wp-content\/uploads\/2015\/03\/Stadtbibliothek1-325x209.jpg 325w\" \/><img decoding=\"async\" alt=\"Modernes Geb\u00e4ude mit einem gro\u00dfen, wellenf\u00f6rmig \u00fcberh\u00e4ngenden Dach; davor eine Person auf einem Fahrrad.\" src=\"https:\/\/www.salzburgerland.com\/de\/magazin\/wp-content\/uploads\/2015\/03\/Stadtbibliothek1.jpg\" \/>\t<\/picture><\/a><\/figure><\/div><\/div><\/div><figcaption><\/figcaption>\n","protected":false},"excerpt":{"rendered":"<p>Die Stadtbibliothek ist f\u00fcr die Salzburgerinnen und Salzburger l\u00e4ngst mehr geworden, als ein Platz mit vielen B\u00fcchern! Seit dem Umzug vom Schloss Mirabell\u00a0ins Multikulti-Szeneviertel Lehen hat sich viel getan und rund 30 Prozent mehr Besucher sprechen f\u00fcr sich. Denn f\u00fcr gro\u00dfe und kleine Leser mit den unterschiedlichsten Interessen und Bed\u00fcrfnissen gibt es hier mehr als [&hellip;]<\/p>\n","protected":false},"author":482,"featured_media":95922,"comment_status":"open","ping_status":"open","sticky":false,"template":"","format":"standard","meta":{"_acf_changed":false,"wl_entities_gutenberg":"","_wl_entity_redirect_enabled":"","footnotes":""},"categories":[6],"tags":[],"wl_entity_type":[306],"monatsauswahl":[82,83,84,85,86,87,88,89,90,91,92,93],"class_list":["post-95732","post","type-post","status-publish","format-standard","has-post-thumbnail","hentry","category-kunst-kultur","wl_entity_type-article","monatsauswahl-monat_1","monatsauswahl-monat_2","monatsauswahl-monat_3","monatsauswahl-monat_4","monatsauswahl-monat_5","monatsauswahl-monat_6","monatsauswahl-monat_7","monatsauswahl-monat_8","monatsauswahl-monat_9","monatsauswahl-monat_10","monatsauswahl-monat_11","monatsauswahl-monat_12"],"acf":[],"yoast_head":"<!-- This site is optimized with the Yoast SEO Premium plugin v27.4 (Yoast SEO v27.4) - https:\/\/yoast.com\/product\/yoast-seo-premium-wordpress\/ -->\n<title>Salzburg im Panoramablick - SalzburgerLand Magazin<\/title>\n<meta name=\"description\" content=\"Die Stadtbibliothek ist f\u00fcr die Salzburgerinnen und Salzburger l\u00e4ngst mehr geworden, als ein Platz mit vielen B\u00fcchern! Seit dem Umzug vom Schloss Mirabell\u00a0ins Multikulti-Szeneviertel Lehen hat sich viel getan und rund 30 Prozent mehr Besucher sprechen f\u00fcr sich. Denn f\u00fcr gro\u00dfe und kleine Leser mit den unterschiedlichsten Interessen und Bed\u00fcrfnissen gibt es hier mehr als [&hellip;]\" \/>\n<meta name=\"robots\" content=\"index, follow, max-snippet:-1, max-image-preview:large, max-video-preview:-1\" \/>\n<link rel=\"canonical\" href=\"https:\/\/www.salzburgerland.com\/de\/magazin\/salzburg-im-panoramablick\/\" \/>\n<meta property=\"og:locale\" content=\"de_DE\" \/>\n<meta property=\"og:type\" content=\"article\" \/>\n<meta property=\"og:title\" content=\"Salzburg im Panoramablick\" \/>\n<meta property=\"og:description\" content=\"Die Stadtbibliothek ist f\u00fcr die Salzburgerinnen und Salzburger l\u00e4ngst mehr geworden, als ein Platz mit vielen B\u00fcchern! Seit dem Umzug vom Schloss Mirabell\u00a0ins Multikulti-Szeneviertel Lehen hat sich viel getan und rund 30 Prozent mehr Besucher sprechen f\u00fcr sich. Denn f\u00fcr gro\u00dfe und kleine Leser mit den unterschiedlichsten Interessen und Bed\u00fcrfnissen gibt es hier mehr als [&hellip;]\" \/>\n<meta property=\"og:url\" content=\"https:\/\/www.salzburgerland.com\/de\/magazin\/salzburg-im-panoramablick\/\" \/>\n<meta property=\"og:site_name\" content=\"SalzburgerLand Magazin\" \/>\n<meta property=\"article:publisher\" content=\"https:\/\/www.facebook.com\/salzburgerland\/\" \/>\n<meta property=\"article:published_time\" content=\"2015-03-19T07:00:56+00:00\" \/>\n<meta property=\"og:image\" content=\"https:\/\/www.salzburgerland.com\/de\/magazin\/wp-content\/uploads\/2015\/03\/Stadtbibliothek3.jpg\" \/>\n\t<meta property=\"og:image:width\" content=\"1600\" \/>\n\t<meta property=\"og:image:height\" content=\"1059\" \/>\n\t<meta property=\"og:image:type\" content=\"image\/jpeg\" \/>\n<meta name=\"author\" content=\"Magdalena Lublasser-Fazal\" \/>\n<meta name=\"twitter:card\" content=\"summary_large_image\" \/>\n<meta name=\"twitter:creator\" content=\"@Salzburgerland\" \/>\n<meta name=\"twitter:site\" content=\"@Salzburgerland\" \/>\n<meta name=\"twitter:label1\" content=\"Verfasst von\" \/>\n\t<meta name=\"twitter:data1\" content=\"Magdalena Lublasser-Fazal\" \/>\n\t<meta name=\"twitter:label2\" content=\"Gesch\u00e4tzte Lesezeit\" \/>\n\t<meta name=\"twitter:data2\" content=\"2\u00a0Minuten\" \/>\n<script type=\"application\/ld+json\" class=\"yoast-schema-graph\">{\"@context\":\"https:\\\/\\\/schema.org\",\"@graph\":[{\"@type\":\"Article\",\"@id\":\"https:\\\/\\\/www.salzburgerland.com\\\/de\\\/magazin\\\/salzburg-im-panoramablick\\\/#article\",\"isPartOf\":{\"@id\":\"https:\\\/\\\/www.salzburgerland.com\\\/de\\\/magazin\\\/salzburg-im-panoramablick\\\/\"},\"author\":{\"name\":\"Magdalena Lublasser-Fazal\",\"@id\":\"https:\\\/\\\/www.salzburgerland.com\\\/de\\\/magazin\\\/#\\\/schema\\\/person\\\/f4e5670b6a3cc9fcea30e5908634464b\"},\"headline\":\"Salzburg im Panoramablick\",\"datePublished\":\"2015-03-19T07:00:56+00:00\",\"mainEntityOfPage\":{\"@id\":\"https:\\\/\\\/www.salzburgerland.com\\\/de\\\/magazin\\\/salzburg-im-panoramablick\\\/\"},\"wordCount\":497,\"commentCount\":0,\"publisher\":{\"@id\":\"https:\\\/\\\/www.salzburgerland.com\\\/de\\\/magazin\\\/#organization\"},\"image\":{\"@id\":\"https:\\\/\\\/www.salzburgerland.com\\\/de\\\/magazin\\\/salzburg-im-panoramablick\\\/#primaryimage\"},\"thumbnailUrl\":\"https:\\\/\\\/www.salzburgerland.com\\\/de\\\/magazin\\\/wp-content\\\/uploads\\\/2015\\\/03\\\/Stadtbibliothek3.jpg\",\"articleSection\":[\"Kunst &amp; Kultur\"],\"inLanguage\":\"de\",\"potentialAction\":[{\"@type\":\"CommentAction\",\"name\":\"Comment\",\"target\":[\"https:\\\/\\\/www.salzburgerland.com\\\/de\\\/magazin\\\/salzburg-im-panoramablick\\\/#respond\"]}]},{\"@type\":\"WebPage\",\"@id\":\"https:\\\/\\\/www.salzburgerland.com\\\/de\\\/magazin\\\/salzburg-im-panoramablick\\\/\",\"url\":\"https:\\\/\\\/www.salzburgerland.com\\\/de\\\/magazin\\\/salzburg-im-panoramablick\\\/\",\"name\":\"Salzburg im Panoramablick - SalzburgerLand Magazin\",\"isPartOf\":{\"@id\":\"https:\\\/\\\/www.salzburgerland.com\\\/de\\\/magazin\\\/#website\"},\"primaryImageOfPage\":{\"@id\":\"https:\\\/\\\/www.salzburgerland.com\\\/de\\\/magazin\\\/salzburg-im-panoramablick\\\/#primaryimage\"},\"image\":{\"@id\":\"https:\\\/\\\/www.salzburgerland.com\\\/de\\\/magazin\\\/salzburg-im-panoramablick\\\/#primaryimage\"},\"thumbnailUrl\":\"https:\\\/\\\/www.salzburgerland.com\\\/de\\\/magazin\\\/wp-content\\\/uploads\\\/2015\\\/03\\\/Stadtbibliothek3.jpg\",\"datePublished\":\"2015-03-19T07:00:56+00:00\",\"breadcrumb\":{\"@id\":\"https:\\\/\\\/www.salzburgerland.com\\\/de\\\/magazin\\\/salzburg-im-panoramablick\\\/#breadcrumb\"},\"inLanguage\":\"de\",\"potentialAction\":[{\"@type\":\"ReadAction\",\"target\":[\"https:\\\/\\\/www.salzburgerland.com\\\/de\\\/magazin\\\/salzburg-im-panoramablick\\\/\"]}]},{\"@type\":\"ImageObject\",\"inLanguage\":\"de\",\"@id\":\"https:\\\/\\\/www.salzburgerland.com\\\/de\\\/magazin\\\/salzburg-im-panoramablick\\\/#primaryimage\",\"url\":\"https:\\\/\\\/www.salzburgerland.com\\\/de\\\/magazin\\\/wp-content\\\/uploads\\\/2015\\\/03\\\/Stadtbibliothek3.jpg\",\"contentUrl\":\"https:\\\/\\\/www.salzburgerland.com\\\/de\\\/magazin\\\/wp-content\\\/uploads\\\/2015\\\/03\\\/Stadtbibliothek3.jpg\",\"width\":1600,\"height\":1059,\"caption\":\"Moderner Essbereich mit leeren Tischen und St\u00fchlen, gro\u00dfen Fenstern und einem Blick auf das Stadtbild im Hintergrund.\"},{\"@type\":\"BreadcrumbList\",\"@id\":\"https:\\\/\\\/www.salzburgerland.com\\\/de\\\/magazin\\\/salzburg-im-panoramablick\\\/#breadcrumb\",\"itemListElement\":[{\"@type\":\"ListItem\",\"position\":1,\"name\":\"Startseite\",\"item\":\"https:\\\/\\\/www.salzburgerland.com\\\/de\\\/magazin\\\/\"},{\"@type\":\"ListItem\",\"position\":2,\"name\":\"Kunst &amp; Kultur\",\"item\":\"https:\\\/\\\/www.salzburgerland.com\\\/de\\\/magazin\\\/thema\\\/kunst-kultur\\\/\"},{\"@type\":\"ListItem\",\"position\":3,\"name\":\"Salzburg im Panoramablick\"}]},{\"@type\":\"WebSite\",\"@id\":\"https:\\\/\\\/www.salzburgerland.com\\\/de\\\/magazin\\\/#website\",\"url\":\"https:\\\/\\\/www.salzburgerland.com\\\/de\\\/magazin\\\/\",\"name\":\"SalzburgerLand Magazin\",\"description\":\"Geschichten und Interessantes aus dem SalzburgerLand\",\"publisher\":{\"@id\":\"https:\\\/\\\/www.salzburgerland.com\\\/de\\\/magazin\\\/#organization\"},\"potentialAction\":[{\"@type\":\"SearchAction\",\"target\":{\"@type\":\"EntryPoint\",\"urlTemplate\":\"https:\\\/\\\/www.salzburgerland.com\\\/de\\\/magazin\\\/?s={search_term_string}\"},\"query-input\":{\"@type\":\"PropertyValueSpecification\",\"valueRequired\":true,\"valueName\":\"search_term_string\"}}],\"inLanguage\":\"de\"},{\"@type\":\"Organization\",\"@id\":\"https:\\\/\\\/www.salzburgerland.com\\\/de\\\/magazin\\\/#organization\",\"name\":\"SalzburgerLand Tourismus\",\"url\":\"https:\\\/\\\/www.salzburgerland.com\\\/de\\\/magazin\\\/\",\"logo\":{\"@type\":\"ImageObject\",\"inLanguage\":\"de\",\"@id\":\"https:\\\/\\\/www.salzburgerland.com\\\/de\\\/magazin\\\/#\\\/schema\\\/logo\\\/image\\\/\",\"url\":\"https:\\\/\\\/www.salzburgerland.com\\\/de\\\/magazin\\\/wp-content\\\/uploads\\\/2019\\\/06\\\/salzburgerland-logo1.jpg\",\"contentUrl\":\"https:\\\/\\\/www.salzburgerland.com\\\/de\\\/magazin\\\/wp-content\\\/uploads\\\/2019\\\/06\\\/salzburgerland-logo1.jpg\",\"width\":2011,\"height\":866,\"caption\":\"SalzburgerLand Tourismus\"},\"image\":{\"@id\":\"https:\\\/\\\/www.salzburgerland.com\\\/de\\\/magazin\\\/#\\\/schema\\\/logo\\\/image\\\/\"},\"sameAs\":[\"https:\\\/\\\/www.facebook.com\\\/salzburgerland\\\/\",\"https:\\\/\\\/x.com\\\/Salzburgerland\",\"https:\\\/\\\/www.instagram.com\\\/salzburgerland\\\/\",\"https:\\\/\\\/at.linkedin.com\\\/company\\\/salzburgerland-tourismus-gmbh\",\"https:\\\/\\\/www.pinterest.at\\\/salzburgerland\\\/\",\"https:\\\/\\\/www.youtube.com\\\/user\\\/salzburgerland\",\"https:\\\/\\\/de.wikipedia.org\\\/wiki\\\/SalzburgerLand_Tourismus_GmbH\"]},{\"@type\":\"Person\",\"@id\":\"https:\\\/\\\/www.salzburgerland.com\\\/de\\\/magazin\\\/#\\\/schema\\\/person\\\/f4e5670b6a3cc9fcea30e5908634464b\",\"name\":\"Magdalena Lublasser-Fazal\",\"description\":\"Geboren im sch\u00f6nen Pinzgau, aufgewachsen in der kulturtr\u00e4chtigen Salzburger Altstadt und sesshaft geworden im Flachgau ist Magdalena Fazal-Ahmad ein Salzburgerin mit Leib und Seele. Dabei ist es die einzigartige Mischung, die f\u00fcr sie die Faszination ihrer Heimat ausmacht. An einem fr\u00fchen Fr\u00fchlingsmorgen den Sonnenaufgang hinter den Berggipfeln erleben, mit dem Fahrrad durch die Altstadt radeln und dabei Geschichte und Architektur bewundern und den Nachmittagskaffee auf der Sonnenterasse am M\u00f6nchsberg genie\u00dfen - so sieht ihr perfekter Tag aus. Wenn der Abend dann noch mit einem Sonnenuntergang am Gaisberg ausklingt, ist die Idylle perfekt.\u00a0 In Ihrer Freizeit besch\u00e4ftigt sie sich gerne mit Sport, Kultur, Kulinarik und Tradition. Und gl\u00fccklicherweise kann sie diese Interessen in ihrer Berufung als Freie Journalistin so sch\u00f6n vereinen. Fr\u00fchling, Sommer, Herbst oder Winter? Jede Jahreszeit hat ihre sch\u00f6nen Seiten und gerade diese Vielfalt ist es, die mir bestimmt abgehen w\u00fcrde, wenn ich in einer anderen Klimazone wohnen w\u00fcrde. Meine Mama sagt immer, das man die Jahreszeit am liebsten mag, in der man geboren ist. Und als M\u00e4rz-Kind hab ich den Fr\u00fchling schon besonders gerne. Morgen- oder Abendmensch? Definitiv Morgenmensch! Nichts ist sch\u00f6ner, als das Gef\u00fchl bereits vor Sonnenaufgang unterwegs zu sein und die einzigartige Stimmung beim Morgenlauf zu genie\u00dfen. So kann der Tag nur gut werden. Den Abend lasse ich am liebsten gem\u00fctlich bei einer Tasse Tee ausklingen. Salzburger Nockerl oder Schwarzbeernocken? Auch wenn der s\u00fc\u00dfe Eischnee f\u00fcr die imposanten Gipfel der Salzburger Berge steht sind mir die Schwarzbeernocken schon lieber - weniger s\u00fc\u00df und daf\u00fcr umso fruchtiger. Am besten schmecken sie nat\u00fcrlich mit selbstgepfl\u00fcckten Schwoazbeern von der morgendlichen Almwanderung. Haubenlokal oder Ab-Hof-Laden? So ein f\u00fcnf G\u00e4nge Men\u00fc mit ausgefallenen Kreationen ist schon ein besonderes Erlebnis und ein Mal im Jahr freue ich mich \u00fcber einen Ausflug in die Haute Cuisine. Der w\u00f6chentlichen Einkauf beim Bauern ums Eck ist ein fixer Bestandteil meines Alltags. Mountainbike oder Rennrad? Je nach Stimmung: Zum richtigen Auspowern und Wadlst\u00e4hlen geht`s mit dem Mountainbike \u00fcber Stock und Stein auf den Gaisberg, um den Kopf frei zu machen wird mit dem Rennrad eine Runde durchs Salzburger Seengebiet gedreht. &nbsp; &nbsp; &nbsp; &nbsp;\",\"url\":\"https:\\\/\\\/www.salzburgerland.com\\\/de\\\/magazin\\\/author\\\/magdalena-lublasser-fazal\\\/\"}]}<\/script>\n<!-- \/ Yoast SEO Premium plugin. -->","yoast_head_json":{"title":"Salzburg im Panoramablick - SalzburgerLand Magazin","description":"Die Stadtbibliothek ist f\u00fcr die Salzburgerinnen und Salzburger l\u00e4ngst mehr geworden, als ein Platz mit vielen B\u00fcchern! Seit dem Umzug vom Schloss Mirabell\u00a0ins Multikulti-Szeneviertel Lehen hat sich viel getan und rund 30 Prozent mehr Besucher sprechen f\u00fcr sich. Denn f\u00fcr gro\u00dfe und kleine Leser mit den unterschiedlichsten Interessen und Bed\u00fcrfnissen gibt es hier mehr als [&hellip;]","robots":{"index":"index","follow":"follow","max-snippet":"max-snippet:-1","max-image-preview":"max-image-preview:large","max-video-preview":"max-video-preview:-1"},"canonical":"https:\/\/www.salzburgerland.com\/de\/magazin\/salzburg-im-panoramablick\/","og_locale":"de_DE","og_type":"article","og_title":"Salzburg im Panoramablick","og_description":"Die Stadtbibliothek ist f\u00fcr die Salzburgerinnen und Salzburger l\u00e4ngst mehr geworden, als ein Platz mit vielen B\u00fcchern! Seit dem Umzug vom Schloss Mirabell\u00a0ins Multikulti-Szeneviertel Lehen hat sich viel getan und rund 30 Prozent mehr Besucher sprechen f\u00fcr sich. Denn f\u00fcr gro\u00dfe und kleine Leser mit den unterschiedlichsten Interessen und Bed\u00fcrfnissen gibt es hier mehr als [&hellip;]","og_url":"https:\/\/www.salzburgerland.com\/de\/magazin\/salzburg-im-panoramablick\/","og_site_name":"SalzburgerLand Magazin","article_publisher":"https:\/\/www.facebook.com\/salzburgerland\/","article_published_time":"2015-03-19T07:00:56+00:00","og_image":[{"width":1600,"height":1059,"url":"https:\/\/www.salzburgerland.com\/de\/magazin\/wp-content\/uploads\/2015\/03\/Stadtbibliothek3.jpg","type":"image\/jpeg"}],"author":"Magdalena Lublasser-Fazal","twitter_card":"summary_large_image","twitter_creator":"@Salzburgerland","twitter_site":"@Salzburgerland","twitter_misc":{"Verfasst von":"Magdalena Lublasser-Fazal","Gesch\u00e4tzte Lesezeit":"2\u00a0Minuten"},"schema":{"@context":"https:\/\/schema.org","@graph":[{"@type":"Article","@id":"https:\/\/www.salzburgerland.com\/de\/magazin\/salzburg-im-panoramablick\/#article","isPartOf":{"@id":"https:\/\/www.salzburgerland.com\/de\/magazin\/salzburg-im-panoramablick\/"},"author":{"name":"Magdalena Lublasser-Fazal","@id":"https:\/\/www.salzburgerland.com\/de\/magazin\/#\/schema\/person\/f4e5670b6a3cc9fcea30e5908634464b"},"headline":"Salzburg im Panoramablick","datePublished":"2015-03-19T07:00:56+00:00","mainEntityOfPage":{"@id":"https:\/\/www.salzburgerland.com\/de\/magazin\/salzburg-im-panoramablick\/"},"wordCount":497,"commentCount":0,"publisher":{"@id":"https:\/\/www.salzburgerland.com\/de\/magazin\/#organization"},"image":{"@id":"https:\/\/www.salzburgerland.com\/de\/magazin\/salzburg-im-panoramablick\/#primaryimage"},"thumbnailUrl":"https:\/\/www.salzburgerland.com\/de\/magazin\/wp-content\/uploads\/2015\/03\/Stadtbibliothek3.jpg","articleSection":["Kunst &amp; Kultur"],"inLanguage":"de","potentialAction":[{"@type":"CommentAction","name":"Comment","target":["https:\/\/www.salzburgerland.com\/de\/magazin\/salzburg-im-panoramablick\/#respond"]}]},{"@type":"WebPage","@id":"https:\/\/www.salzburgerland.com\/de\/magazin\/salzburg-im-panoramablick\/","url":"https:\/\/www.salzburgerland.com\/de\/magazin\/salzburg-im-panoramablick\/","name":"Salzburg im Panoramablick - SalzburgerLand Magazin","isPartOf":{"@id":"https:\/\/www.salzburgerland.com\/de\/magazin\/#website"},"primaryImageOfPage":{"@id":"https:\/\/www.salzburgerland.com\/de\/magazin\/salzburg-im-panoramablick\/#primaryimage"},"image":{"@id":"https:\/\/www.salzburgerland.com\/de\/magazin\/salzburg-im-panoramablick\/#primaryimage"},"thumbnailUrl":"https:\/\/www.salzburgerland.com\/de\/magazin\/wp-content\/uploads\/2015\/03\/Stadtbibliothek3.jpg","datePublished":"2015-03-19T07:00:56+00:00","breadcrumb":{"@id":"https:\/\/www.salzburgerland.com\/de\/magazin\/salzburg-im-panoramablick\/#breadcrumb"},"inLanguage":"de","potentialAction":[{"@type":"ReadAction","target":["https:\/\/www.salzburgerland.com\/de\/magazin\/salzburg-im-panoramablick\/"]}]},{"@type":"ImageObject","inLanguage":"de","@id":"https:\/\/www.salzburgerland.com\/de\/magazin\/salzburg-im-panoramablick\/#primaryimage","url":"https:\/\/www.salzburgerland.com\/de\/magazin\/wp-content\/uploads\/2015\/03\/Stadtbibliothek3.jpg","contentUrl":"https:\/\/www.salzburgerland.com\/de\/magazin\/wp-content\/uploads\/2015\/03\/Stadtbibliothek3.jpg","width":1600,"height":1059,"caption":"Moderner Essbereich mit leeren Tischen und St\u00fchlen, gro\u00dfen Fenstern und einem Blick auf das Stadtbild im Hintergrund."},{"@type":"BreadcrumbList","@id":"https:\/\/www.salzburgerland.com\/de\/magazin\/salzburg-im-panoramablick\/#breadcrumb","itemListElement":[{"@type":"ListItem","position":1,"name":"Startseite","item":"https:\/\/www.salzburgerland.com\/de\/magazin\/"},{"@type":"ListItem","position":2,"name":"Kunst &amp; Kultur","item":"https:\/\/www.salzburgerland.com\/de\/magazin\/thema\/kunst-kultur\/"},{"@type":"ListItem","position":3,"name":"Salzburg im Panoramablick"}]},{"@type":"WebSite","@id":"https:\/\/www.salzburgerland.com\/de\/magazin\/#website","url":"https:\/\/www.salzburgerland.com\/de\/magazin\/","name":"SalzburgerLand Magazin","description":"Geschichten und Interessantes aus dem SalzburgerLand","publisher":{"@id":"https:\/\/www.salzburgerland.com\/de\/magazin\/#organization"},"potentialAction":[{"@type":"SearchAction","target":{"@type":"EntryPoint","urlTemplate":"https:\/\/www.salzburgerland.com\/de\/magazin\/?s={search_term_string}"},"query-input":{"@type":"PropertyValueSpecification","valueRequired":true,"valueName":"search_term_string"}}],"inLanguage":"de"},{"@type":"Organization","@id":"https:\/\/www.salzburgerland.com\/de\/magazin\/#organization","name":"SalzburgerLand Tourismus","url":"https:\/\/www.salzburgerland.com\/de\/magazin\/","logo":{"@type":"ImageObject","inLanguage":"de","@id":"https:\/\/www.salzburgerland.com\/de\/magazin\/#\/schema\/logo\/image\/","url":"https:\/\/www.salzburgerland.com\/de\/magazin\/wp-content\/uploads\/2019\/06\/salzburgerland-logo1.jpg","contentUrl":"https:\/\/www.salzburgerland.com\/de\/magazin\/wp-content\/uploads\/2019\/06\/salzburgerland-logo1.jpg","width":2011,"height":866,"caption":"SalzburgerLand Tourismus"},"image":{"@id":"https:\/\/www.salzburgerland.com\/de\/magazin\/#\/schema\/logo\/image\/"},"sameAs":["https:\/\/www.facebook.com\/salzburgerland\/","https:\/\/x.com\/Salzburgerland","https:\/\/www.instagram.com\/salzburgerland\/","https:\/\/at.linkedin.com\/company\/salzburgerland-tourismus-gmbh","https:\/\/www.pinterest.at\/salzburgerland\/","https:\/\/www.youtube.com\/user\/salzburgerland","https:\/\/de.wikipedia.org\/wiki\/SalzburgerLand_Tourismus_GmbH"]},{"@type":"Person","@id":"https:\/\/www.salzburgerland.com\/de\/magazin\/#\/schema\/person\/f4e5670b6a3cc9fcea30e5908634464b","name":"Magdalena Lublasser-Fazal","description":"Geboren im sch\u00f6nen Pinzgau, aufgewachsen in der kulturtr\u00e4chtigen Salzburger Altstadt und sesshaft geworden im Flachgau ist Magdalena Fazal-Ahmad ein Salzburgerin mit Leib und Seele. Dabei ist es die einzigartige Mischung, die f\u00fcr sie die Faszination ihrer Heimat ausmacht. An einem fr\u00fchen Fr\u00fchlingsmorgen den Sonnenaufgang hinter den Berggipfeln erleben, mit dem Fahrrad durch die Altstadt radeln und dabei Geschichte und Architektur bewundern und den Nachmittagskaffee auf der Sonnenterasse am M\u00f6nchsberg genie\u00dfen - so sieht ihr perfekter Tag aus. Wenn der Abend dann noch mit einem Sonnenuntergang am Gaisberg ausklingt, ist die Idylle perfekt.\u00a0 In Ihrer Freizeit besch\u00e4ftigt sie sich gerne mit Sport, Kultur, Kulinarik und Tradition. Und gl\u00fccklicherweise kann sie diese Interessen in ihrer Berufung als Freie Journalistin so sch\u00f6n vereinen. Fr\u00fchling, Sommer, Herbst oder Winter? Jede Jahreszeit hat ihre sch\u00f6nen Seiten und gerade diese Vielfalt ist es, die mir bestimmt abgehen w\u00fcrde, wenn ich in einer anderen Klimazone wohnen w\u00fcrde. Meine Mama sagt immer, das man die Jahreszeit am liebsten mag, in der man geboren ist. Und als M\u00e4rz-Kind hab ich den Fr\u00fchling schon besonders gerne. Morgen- oder Abendmensch? Definitiv Morgenmensch! Nichts ist sch\u00f6ner, als das Gef\u00fchl bereits vor Sonnenaufgang unterwegs zu sein und die einzigartige Stimmung beim Morgenlauf zu genie\u00dfen. So kann der Tag nur gut werden. Den Abend lasse ich am liebsten gem\u00fctlich bei einer Tasse Tee ausklingen. Salzburger Nockerl oder Schwarzbeernocken? Auch wenn der s\u00fc\u00dfe Eischnee f\u00fcr die imposanten Gipfel der Salzburger Berge steht sind mir die Schwarzbeernocken schon lieber - weniger s\u00fc\u00df und daf\u00fcr umso fruchtiger. Am besten schmecken sie nat\u00fcrlich mit selbstgepfl\u00fcckten Schwoazbeern von der morgendlichen Almwanderung. Haubenlokal oder Ab-Hof-Laden? So ein f\u00fcnf G\u00e4nge Men\u00fc mit ausgefallenen Kreationen ist schon ein besonderes Erlebnis und ein Mal im Jahr freue ich mich \u00fcber einen Ausflug in die Haute Cuisine. Der w\u00f6chentlichen Einkauf beim Bauern ums Eck ist ein fixer Bestandteil meines Alltags. Mountainbike oder Rennrad? Je nach Stimmung: Zum richtigen Auspowern und Wadlst\u00e4hlen geht`s mit dem Mountainbike \u00fcber Stock und Stein auf den Gaisberg, um den Kopf frei zu machen wird mit dem Rennrad eine Runde durchs Salzburger Seengebiet gedreht. &nbsp; &nbsp; &nbsp; &nbsp;","url":"https:\/\/www.salzburgerland.com\/de\/magazin\/author\/magdalena-lublasser-fazal\/"}]}},"_wl_alt_label":[],"wl:entity_url":"http:\/\/open.salzburgerland.com\/magazin\/post\/salzburg_im_panoramablick","_links":{"self":[{"href":"https:\/\/www.salzburgerland.com\/de\/magazin\/wp-json\/wp\/v2\/posts\/95732","targetHints":{"allow":["GET"]}}],"collection":[{"href":"https:\/\/www.salzburgerland.com\/de\/magazin\/wp-json\/wp\/v2\/posts"}],"about":[{"href":"https:\/\/www.salzburgerland.com\/de\/magazin\/wp-json\/wp\/v2\/types\/post"}],"author":[{"embeddable":true,"href":"https:\/\/www.salzburgerland.com\/de\/magazin\/wp-json\/wp\/v2\/users\/482"}],"replies":[{"embeddable":true,"href":"https:\/\/www.salzburgerland.com\/de\/magazin\/wp-json\/wp\/v2\/comments?post=95732"}],"version-history":[{"count":0,"href":"https:\/\/www.salzburgerland.com\/de\/magazin\/wp-json\/wp\/v2\/posts\/95732\/revisions"}],"wp:featuredmedia":[{"embeddable":true,"href":"https:\/\/www.salzburgerland.com\/de\/magazin\/wp-json\/wp\/v2\/media\/95922"}],"wp:attachment":[{"href":"https:\/\/www.salzburgerland.com\/de\/magazin\/wp-json\/wp\/v2\/media?parent=95732"}],"wp:term":[{"taxonomy":"category","embeddable":true,"href":"https:\/\/www.salzburgerland.com\/de\/magazin\/wp-json\/wp\/v2\/categories?post=95732"},{"taxonomy":"post_tag","embeddable":true,"href":"https:\/\/www.salzburgerland.com\/de\/magazin\/wp-json\/wp\/v2\/tags?post=95732"},{"taxonomy":"wl_entity_type","embeddable":true,"href":"https:\/\/www.salzburgerland.com\/de\/magazin\/wp-json\/wp\/v2\/wl_entity_type?post=95732"},{"taxonomy":"monatsauswahl","embeddable":true,"href":"https:\/\/www.salzburgerland.com\/de\/magazin\/wp-json\/wp\/v2\/monatsauswahl?post=95732"}],"curies":[{"name":"wp","href":"https:\/\/api.w.org\/{rel}","templated":true}]}}