{"id":95589,"date":"2015-03-04T13:27:23","date_gmt":"2015-03-04T12:27:23","guid":{"rendered":"http:\/\/magazin.salzburgerland.com\/?p=95589"},"modified":"2015-03-02T18:56:44","modified_gmt":"2015-03-02T17:56:44","slug":"eva-walkner-im-interview","status":"publish","type":"post","link":"https:\/\/www.salzburgerland.com\/de\/magazin\/eva-walkner-im-interview\/","title":{"rendered":"Eva Walkner im Interview"},"content":{"rendered":"<p>Die meisten von uns haben den Namen <a href=\"http:\/\/www.evawalkner.com\">Eva Walkner<\/a> bestimmt schon einige Male in den Medien geh\u00f6rt bzw. vielleicht auch von ihrem Bruder Matthias, der heuer bei der Rallye Dakar erfolgreich teilnahm und die dritte Etappe gewann.\u00a0Eva Walkner fuhr zwischen 1995 und 2003 insgesamt 51 Europacuprennen f\u00fcr den \u00d6sterreichischen Skiverband bis sie ihre Rennlatten an den Nagel hing um sie gegen breitere auszutauschen. Warum und wieso und wie das Leben eines Freeride-Profis aussieht erf\u00e4hrt ihr hier.<\/p>\n<p><strong>Eva, eine\u00a0Frage, die sich wahrscheinlich viele stellen, wie kommt man zu so einer Sportart wie Freeriden?<br \/><\/strong>Naja, wenn man auf der Piste keine Herausforderung mehr findet und das Skifahren auf brettelebenen Strecken langweilig wird sucht man sich was neues. Aber Freeriden ist noch so viel mehr, ich meide die Massen auf den Skipisten, genie\u00dfe lieber die Natur abseits vom Skitourismus. Da ist Freeriden die perfekte Sportart f\u00fcr mich. Au\u00dferdem ist das Gef\u00fchl einen Pulverhang zu befahren unbeschreiblich.<\/p>\n<p><strong>Du warst ja die letzten beiden Jahre verletzungsbedingt kaum auf den Skiern. Was ist passiert?<br \/><\/strong>Ich hatte einen Kreuzbandriss, was ja nichts ungew\u00f6hnliches ist und f\u00fcr gew\u00f6hnlich nur ein Jahr Auszeit bedeutet. Leider gab es nach der OP Komplikationen und ich musste innerhalb eines halben Jahres drei Mal unters Messer. Danach tauchten andere Probleme auf mit denen ich schlussendlich eine eineinhalb Jahre lange zu k\u00e4mpfen hatte. Erst vergangenen Mai konnte ich dann wieder zur\u00fcck zu meinem gewohnten Training um f\u00fcr diesen Winter top-fit zu werden.<\/p>\n<p><strong>Mit dieser Saison feierst du sozusagen dein Comeback auf der Freeride World Tour und das erfolgreich. Wie war deine<\/strong> <strong>Saison bis jetzt?<br \/><\/strong>Bisher bin ich mehr als zufrieden. Ich h\u00e4tte mir selber niemals gedacht, dass ich den ersten World Tour Contest nach meiner R\u00fcckkehr gleich gewinnen w\u00fcrde! Mein Ziel war ein Top 5 Platz. Danach noch 2 zweite Pl\u00e4tze und die Gesamt\u00fchrung. Mein bestes Contest Jahr bisher. Ein wahnsinns Gef\u00fchl wenn man f\u00fcr die harte Arbeit so belohnt wird. Viel Schwei\u00df, Tr\u00e4nen, Hochs und Tiefs, R\u00fcckschl\u00e4ge und Schmerzen \u2013 jetzt bekomme ich alles zur\u00fcck. Ich hoffe dass ich die gelbe Starnummer noch bis zum Ende der Saison tragen darf. Ein Traum w\u00fcrde in Erf\u00fcllung gehen.<\/p>\n<p><strong>Erz\u00e4hl doch mal wie du dich auf eine Saison vorbereitest und gibt es f\u00fcr dich als geb\u00fcrtige Kuchlerin spezielle Pl\u00e4tze im <a href=\"https:\/\/www.salzburgerland.com\/de\/\">SalzburgerLand<\/a>, wo du dich zum Training gerne zur\u00fcckziehst?<br \/><\/strong>Ich trainiere 5 Mal die Woche 4 \u2013 6 Stunden im Olympiazentrum Rif. Ein h\u00f6chst professionelles Training, welches mir mein Trainer Reinest Innerhofer zusammenstellt und mich betreut. Ohne diese monatelange Vorbereitung w\u00fcrde ich die Erfolge nicht feiern. Nat\u00fcrlich nutze ich auch die super M\u00f6glichkeiten bei mir daheim. Mountainbiken, Klettern, Berggehen, Riversurfen, Longboarden, Slacklinen, &#8230; Alles das haben wir vor der Haust\u00fcre, wir leben im Paradies.<\/p>\n<p><strong>Was inspiriert dich immer wieder aufs neue dich in solche Bergh\u00e4nge zu st\u00fcrzen und wie minimierst du die alpinen<\/strong> <strong>Gefahren, wie zb. Lawinen?<br \/><\/strong>Indem ich meine Grenzen kenne, wei\u00df was ich kann aber auch was ich nicht kann. Ich mich so gut es geht informiere, weiterbilde und auf mein Bauchgef\u00fchl h\u00f6re. Nein zu sagen kostet sehr oft mehr \u00dcberwindung als einem lieb ist. Die inspiration sind die Berge. Was gibt es sch\u00f6neres als eine magischen Berg mit Skiern zu befahren, die perfekte Linie zu suchen, idealerweise mit Pulverschnee und Sonnenschein. Nichts anderes gibt mir so viel Energie wie die heimischen Berge. Gl\u00fcckseeligkeit und Zufriedenheit.<\/p>\n<p><strong>Du kommst ja sehr viel in der Welt herum, wo war es f\u00fcr dich bis jetzt am sch\u00f6nsten die Spuren im Schnee zu hinterlassen?<br \/><\/strong>Wenn man so viel reist geniest man es umso mehr wenn man mal daheim sein darf. Dort kenne ich mich aus und dort f\u00fchle ich mich wohl. Und ich habe durch meine vielen Reisen gelernt meine Heimat noch mehr zu sch\u00e4tzen. Im SalzburgerLand gibt es extrem viele gute Skigebiete, ich entscheide immer nach Wetterbericht und Schneelage wo ich Freeriden gehe. Jedes Gebiet hat seine Perlen.<\/p>\n<p><strong>Jetzt bist du ja schon einige Zeit als professionelle Freeriderin unterwegs. Wie siehst du die Entwicklung von Freeride, wo wird sie in Zukunft hinf\u00fchren?<br \/><\/strong>Man muss ja nur 10 Jahre zur\u00fcckblicken, wie viel Freerider damals im Gel\u00e4nde waren und wie viel es jetzt sind. Ich denke dann ist klar dass dieser Sport einen extremen Zulauf bekommen hat welcher noch lange nicht vorbei ist.<\/p>\n<p><strong>Zum Schluss noch, wie sieht der Rest der Saison aus? Was sind deine Pl\u00e4ne?<br \/><\/strong>Ich versuche so viel wie M\u00f6glich daheim zu machen, ein wenig zu shooten und zu Filmen. Wozu zwischen den World Tour Stops leider nur sehr wenig Zeit bleibt. Im April werde ich dann noch die letzten Trainingseinheiten bei uns daheim machen, im steileren und alpinen Gel\u00e4nde. Am 20. April\u00a0geht es dann nach Alaska zu meiner Expedition die hoffentlich erfolgreich abl\u00e4uft. Danach g\u00f6nne ich mir eine lange Auszeit und genie\u00dfe es daheim auf die Berge zu gehen ohne Druck und Trainingsstress.<\/p>\n<p>\u00a0<strong>Eva ich danke dir f\u00fcr deine Zeit und w\u00fcnsche dir noch eine erfolgreiche Saison.<br \/><\/strong>Dankesch\u00f6n! Bitte Daumen dr\u00fccken \ud83d\ude42<\/p>\n<p>Interview: <em><a href=\"http:\/\/andykocher-photography.com\">Andy Kocher<\/a><\/em><\/p>\n<p>Bilder: <i>\u00a9Freeride World Tour, \u00a9Eva Walkner<\/i><\/p>\n<p>&nbsp;<\/p>\n<div class=\"mag-gallery\"><div class=\"row\"><div class=\"col-6 col-sm-4\"><figure><a class=\"thumb-container\" href=\"https:\/\/www.salzburgerland.com\/de\/magazin\/wp-content\/uploads\/2015\/03\/Eva-Walkner-1280x1024.jpg\">\t<picture><source media=\"(min-width: 576px)\" srcset=\"\" \/><source media=\"(min-width: 0)\" srcset=\"https:\/\/www.salzburgerland.com\/de\/magazin\/wp-content\/uploads\/2015\/03\/Eva-Walkner.jpg 1158w, https:\/\/www.salzburgerland.com\/de\/magazin\/wp-content\/uploads\/2015\/03\/Eva-Walkner-217x300.jpg 217w, https:\/\/www.salzburgerland.com\/de\/magazin\/wp-content\/uploads\/2015\/03\/Eva-Walkner-398x550.jpg 398w, https:\/\/www.salzburgerland.com\/de\/magazin\/wp-content\/uploads\/2015\/03\/Eva-Walkner-290x400.jpg 290w\" \/><img decoding=\"async\" alt=\"Frau in schwarzem T-Shirt und M\u00fctze mit Rockstar-Energy-Logo, stehend vor einem wei\u00dfen Hintergrund.\" src=\"https:\/\/www.salzburgerland.com\/de\/magazin\/wp-content\/uploads\/2015\/03\/Eva-Walkner.jpg\" \/>\t<\/picture><\/a><\/figure><\/div><div class=\"col-6 col-sm-4\"><figure><a class=\"thumb-container\" href=\"https:\/\/www.salzburgerland.com\/de\/magazin\/wp-content\/uploads\/2015\/03\/Eva-am-Start--1280x1024.jpg\">\t<picture><source media=\"(min-width: 576px)\" srcset=\"\" \/><source media=\"(min-width: 0)\" srcset=\"https:\/\/www.salzburgerland.com\/de\/magazin\/wp-content\/uploads\/2015\/03\/Eva-am-Start-.jpg 933w, https:\/\/www.salzburgerland.com\/de\/magazin\/wp-content\/uploads\/2015\/03\/Eva-am-Start--200x300.jpg 200w, https:\/\/www.salzburgerland.com\/de\/magazin\/wp-content\/uploads\/2015\/03\/Eva-am-Start--367x550.jpg 367w, https:\/\/www.salzburgerland.com\/de\/magazin\/wp-content\/uploads\/2015\/03\/Eva-am-Start--267x400.jpg 267w\" \/><img decoding=\"async\" alt=\"Ein Skifahrer mit Brille und Helm steht auf verschneitem Boden vor einer orangefarbenen Freeride World Tour-Kulisse.\" src=\"https:\/\/www.salzburgerland.com\/de\/magazin\/wp-content\/uploads\/2015\/03\/Eva-am-Start-.jpg\" \/>\t<\/picture><\/a><\/figure><\/div><div class=\"col-6 col-sm-4\"><figure><a class=\"thumb-container\" href=\"https:\/\/www.salzburgerland.com\/de\/magazin\/wp-content\/uploads\/2015\/03\/Sommerzeit-heisst-fur-Eva-ebenfalls-vil-in-den-Bergen-unterwegs-zu-sein-1280x1024.jpg\">\t<picture><source media=\"(min-width: 576px)\" srcset=\"https:\/\/www.salzburgerland.com\/de\/magazin\/wp-content\/uploads\/2015\/03\/Sommerzeit-heisst-fur-Eva-ebenfalls-vil-in-den-Bergen-unterwegs-zu-sein-325x209.jpg 325w, https:\/\/www.salzburgerland.com\/de\/magazin\/wp-content\/uploads\/2015\/03\/Sommerzeit-heisst-fur-Eva-ebenfalls-vil-in-den-Bergen-unterwegs-zu-sein-249x160.jpg 249w\" \/><source media=\"(min-width: 0)\" srcset=\"https:\/\/www.salzburgerland.com\/de\/magazin\/wp-content\/uploads\/2015\/03\/Sommerzeit-heisst-fur-Eva-ebenfalls-vil-in-den-Bergen-unterwegs-zu-sein-249x160.jpg 249w, https:\/\/www.salzburgerland.com\/de\/magazin\/wp-content\/uploads\/2015\/03\/Sommerzeit-heisst-fur-Eva-ebenfalls-vil-in-den-Bergen-unterwegs-zu-sein-325x209.jpg 325w\" \/><img decoding=\"async\" alt=\"Frau mit Hut und Sonnenbrille sitzt auf einem felsigen Berg und isst etwas, mit malerischen Bergen im Hintergrund.\" src=\"https:\/\/www.salzburgerland.com\/de\/magazin\/wp-content\/uploads\/2015\/03\/Sommerzeit-heisst-fur-Eva-ebenfalls-vil-in-den-Bergen-unterwegs-zu-sein.jpg\" \/>\t<\/picture><\/a><\/figure><\/div><div class=\"col-6 col-sm-4\"><figure><a class=\"thumb-container\" href=\"https:\/\/www.salzburgerland.com\/de\/magazin\/wp-content\/uploads\/2015\/03\/Schnelligkeit-und-eine-Spektakulare-Linienwahl-sind-Prioritat-1280x1024.jpg\">\t<picture><source media=\"(min-width: 576px)\" srcset=\"https:\/\/www.salzburgerland.com\/de\/magazin\/wp-content\/uploads\/2015\/03\/Schnelligkeit-und-eine-Spektakulare-Linienwahl-sind-Prioritat-325x209.jpg 325w, https:\/\/www.salzburgerland.com\/de\/magazin\/wp-content\/uploads\/2015\/03\/Schnelligkeit-und-eine-Spektakulare-Linienwahl-sind-Prioritat-249x160.jpg 249w\" \/><source media=\"(min-width: 0)\" srcset=\"https:\/\/www.salzburgerland.com\/de\/magazin\/wp-content\/uploads\/2015\/03\/Schnelligkeit-und-eine-Spektakulare-Linienwahl-sind-Prioritat-249x160.jpg 249w, https:\/\/www.salzburgerland.com\/de\/magazin\/wp-content\/uploads\/2015\/03\/Schnelligkeit-und-eine-Spektakulare-Linienwahl-sind-Prioritat-325x209.jpg 325w\" \/><img decoding=\"async\" alt=\"Ein Skifahrer in heller Kleidung f\u00e4hrt einen steilen, verschneiten Hang hinunter und wendet in der N\u00e4he von verstreuten B\u00fcschen.\" src=\"https:\/\/www.salzburgerland.com\/de\/magazin\/wp-content\/uploads\/2015\/03\/Schnelligkeit-und-eine-Spektakulare-Linienwahl-sind-Prioritat.jpg\" \/>\t<\/picture><\/a><\/figure><\/div><div class=\"col-6 col-sm-4\"><figure><a class=\"thumb-container\" href=\"https:\/\/www.salzburgerland.com\/de\/magazin\/wp-content\/uploads\/2015\/03\/Eva-Walkner-bei-ihrem-Sieg-in-Cahamonix1-1280x1024.jpeg\">\t<picture><source media=\"(min-width: 576px)\" srcset=\"https:\/\/www.salzburgerland.com\/de\/magazin\/wp-content\/uploads\/2015\/03\/Eva-Walkner-bei-ihrem-Sieg-in-Cahamonix1-325x209.jpeg 325w, https:\/\/www.salzburgerland.com\/de\/magazin\/wp-content\/uploads\/2015\/03\/Eva-Walkner-bei-ihrem-Sieg-in-Cahamonix1-249x160.jpeg 249w\" \/><source media=\"(min-width: 0)\" srcset=\"https:\/\/www.salzburgerland.com\/de\/magazin\/wp-content\/uploads\/2015\/03\/Eva-Walkner-bei-ihrem-Sieg-in-Cahamonix1-249x160.jpeg 249w, https:\/\/www.salzburgerland.com\/de\/magazin\/wp-content\/uploads\/2015\/03\/Eva-Walkner-bei-ihrem-Sieg-in-Cahamonix1-325x209.jpeg 325w\" \/><img decoding=\"async\" alt=\"Drei Skifahrerinnen feiern auf einem verschneiten Podium bei der Freeride World Tour mit Skiern und Auszeichnungen.\" src=\"https:\/\/www.salzburgerland.com\/de\/magazin\/wp-content\/uploads\/2015\/03\/Eva-Walkner-bei-ihrem-Sieg-in-Cahamonix1.jpeg\" \/>\t<\/picture><\/a><\/figure><\/div><div class=\"col-6 col-sm-4\"><figure><a class=\"thumb-container\" href=\"https:\/\/www.salzburgerland.com\/de\/magazin\/wp-content\/uploads\/2015\/03\/Soviel-wie-moglich-trainiert-sie-draussen--1280x1024.jpg\">\t<picture><source media=\"(min-width: 576px)\" srcset=\"https:\/\/www.salzburgerland.com\/de\/magazin\/wp-content\/uploads\/2015\/03\/Soviel-wie-moglich-trainiert-sie-draussen--325x209.jpg 325w, https:\/\/www.salzburgerland.com\/de\/magazin\/wp-content\/uploads\/2015\/03\/Soviel-wie-moglich-trainiert-sie-draussen--249x160.jpg 249w\" \/><source media=\"(min-width: 0)\" srcset=\"https:\/\/www.salzburgerland.com\/de\/magazin\/wp-content\/uploads\/2015\/03\/Soviel-wie-moglich-trainiert-sie-draussen--249x160.jpg 249w, https:\/\/www.salzburgerland.com\/de\/magazin\/wp-content\/uploads\/2015\/03\/Soviel-wie-moglich-trainiert-sie-draussen--325x209.jpg 325w\" \/><img decoding=\"async\" alt=\"Frau balanciert auf einer Slackline im Freien, mit ausgestreckten Armen, mit B\u00e4umen und einem Holzhaus im Hintergrund.\" src=\"https:\/\/www.salzburgerland.com\/de\/magazin\/wp-content\/uploads\/2015\/03\/Soviel-wie-moglich-trainiert-sie-draussen-.jpg\" \/>\t<\/picture><\/a><\/figure><\/div><div class=\"col-6 col-sm-4\"><figure><a class=\"thumb-container\" href=\"https:\/\/www.salzburgerland.com\/de\/magazin\/wp-content\/uploads\/2015\/03\/Eva-beim-Training-in-Rif-1280x1024.png\">\t<picture><source media=\"(min-width: 576px)\" srcset=\"\" \/><source media=\"(min-width: 0)\" srcset=\"https:\/\/www.salzburgerland.com\/de\/magazin\/wp-content\/uploads\/2015\/03\/Eva-beim-Training-in-Rif.png 640w, https:\/\/www.salzburgerland.com\/de\/magazin\/wp-content\/uploads\/2015\/03\/Eva-beim-Training-in-Rif-200x300.png 200w, https:\/\/www.salzburgerland.com\/de\/magazin\/wp-content\/uploads\/2015\/03\/Eva-beim-Training-in-Rif-367x550.png 367w, https:\/\/www.salzburgerland.com\/de\/magazin\/wp-content\/uploads\/2015\/03\/Eva-beim-Training-in-Rif-267x400.png 267w\" \/><img decoding=\"async\" alt=\"Frau hockt mit einer belasteten Langhantel in einer Turnhalle, tr\u00e4gt Sportkleidung und lila Schuhe.\" src=\"https:\/\/www.salzburgerland.com\/de\/magazin\/wp-content\/uploads\/2015\/03\/Eva-beim-Training-in-Rif.png\" \/>\t<\/picture><\/a><\/figure><\/div><div class=\"col-6 col-sm-4\"><figure><a class=\"thumb-container\" href=\"https:\/\/www.salzburgerland.com\/de\/magazin\/wp-content\/uploads\/2015\/03\/Energie-tanken-fur-die-nachste-Saison--1280x1024.jpg\">\t<picture><source media=\"(min-width: 576px)\" srcset=\"https:\/\/www.salzburgerland.com\/de\/magazin\/wp-content\/uploads\/2015\/03\/Energie-tanken-fur-die-nachste-Saison--325x209.jpg 325w, https:\/\/www.salzburgerland.com\/de\/magazin\/wp-content\/uploads\/2015\/03\/Energie-tanken-fur-die-nachste-Saison--249x160.jpg 249w\" \/><source media=\"(min-width: 0)\" srcset=\"https:\/\/www.salzburgerland.com\/de\/magazin\/wp-content\/uploads\/2015\/03\/Energie-tanken-fur-die-nachste-Saison--249x160.jpg 249w, https:\/\/www.salzburgerland.com\/de\/magazin\/wp-content\/uploads\/2015\/03\/Energie-tanken-fur-die-nachste-Saison--325x209.jpg 325w\" \/><img decoding=\"async\" alt=\"Person auf einem felsigen Berg sitzend, die Arme ausgestreckt, mit Blick auf schneebedeckte Gipfel unter einem teilweise bew\u00f6lkten Himmel.\" src=\"https:\/\/www.salzburgerland.com\/de\/magazin\/wp-content\/uploads\/2015\/03\/Energie-tanken-fur-die-nachste-Saison-.jpg\" \/>\t<\/picture><\/a><\/figure><\/div><\/div><\/div><figcaption><\/figcaption>\n","protected":false},"excerpt":{"rendered":"<p>Die meisten von uns haben den Namen Eva Walkner bestimmt schon einige Male in den Medien geh\u00f6rt bzw. vielleicht auch von ihrem Bruder Matthias, der heuer bei der Rallye Dakar erfolgreich teilnahm und die dritte Etappe gewann.\u00a0Eva Walkner fuhr zwischen 1995 und 2003 insgesamt 51 Europacuprennen f\u00fcr den \u00d6sterreichischen Skiverband bis sie ihre Rennlatten an [&hellip;]<\/p>\n","protected":false},"author":230,"featured_media":95592,"comment_status":"open","ping_status":"open","sticky":false,"template":"","format":"standard","meta":{"_acf_changed":false,"wl_entities_gutenberg":"","_wl_entity_redirect_enabled":"","footnotes":""},"categories":[8],"tags":[],"wl_entity_type":[306],"monatsauswahl":[],"class_list":["post-95589","post","type-post","status-publish","format-standard","has-post-thumbnail","hentry","category-outdoor-sport","wl_entity_type-article"],"acf":[],"yoast_head":"<!-- This site is optimized with the Yoast SEO Premium plugin v27.4 (Yoast SEO v27.4) - https:\/\/yoast.com\/product\/yoast-seo-premium-wordpress\/ -->\n<title>Eva Walkner im Interview - SalzburgerLand Magazin<\/title>\n<meta name=\"description\" content=\"Die meisten von uns haben den Namen Eva Walkner bestimmt schon einige Male in den Medien geh\u00f6rt bzw. vielleicht auch von ihrem Bruder Matthias, der heuer bei der Rallye Dakar erfolgreich teilnahm und die dritte Etappe gewann.\u00a0Eva Walkner fuhr zwischen 1995 und 2003 insgesamt 51 Europacuprennen f\u00fcr den \u00d6sterreichischen Skiverband bis sie ihre Rennlatten an [&hellip;]\" \/>\n<meta name=\"robots\" content=\"index, follow, max-snippet:-1, max-image-preview:large, max-video-preview:-1\" \/>\n<link rel=\"canonical\" href=\"https:\/\/www.salzburgerland.com\/de\/magazin\/eva-walkner-im-interview\/\" \/>\n<meta property=\"og:locale\" content=\"de_DE\" \/>\n<meta property=\"og:type\" content=\"article\" \/>\n<meta property=\"og:title\" content=\"Eva Walkner im Interview\" \/>\n<meta property=\"og:description\" content=\"Die meisten von uns haben den Namen Eva Walkner bestimmt schon einige Male in den Medien geh\u00f6rt bzw. vielleicht auch von ihrem Bruder Matthias, der heuer bei der Rallye Dakar erfolgreich teilnahm und die dritte Etappe gewann.\u00a0Eva Walkner fuhr zwischen 1995 und 2003 insgesamt 51 Europacuprennen f\u00fcr den \u00d6sterreichischen Skiverband bis sie ihre Rennlatten an [&hellip;]\" \/>\n<meta property=\"og:url\" content=\"https:\/\/www.salzburgerland.com\/de\/magazin\/eva-walkner-im-interview\/\" \/>\n<meta property=\"og:site_name\" content=\"SalzburgerLand Magazin\" \/>\n<meta property=\"article:publisher\" content=\"https:\/\/www.facebook.com\/salzburgerland\/\" \/>\n<meta property=\"article:published_time\" content=\"2015-03-04T12:27:23+00:00\" \/>\n<meta property=\"og:image\" content=\"https:\/\/www.salzburgerland.com\/de\/magazin\/wp-content\/uploads\/2015\/03\/Eva-Walkner-bei-ihrem-Sieg-in-Cahamonix.jpeg\" \/>\n\t<meta property=\"og:image:width\" content=\"1600\" \/>\n\t<meta property=\"og:image:height\" content=\"1068\" \/>\n\t<meta property=\"og:image:type\" content=\"image\/jpeg\" \/>\n<meta name=\"author\" content=\"Andy Kocher\" \/>\n<meta name=\"twitter:card\" content=\"summary_large_image\" \/>\n<meta name=\"twitter:creator\" content=\"@Salzburgerland\" \/>\n<meta name=\"twitter:site\" content=\"@Salzburgerland\" \/>\n<meta name=\"twitter:label1\" content=\"Verfasst von\" \/>\n\t<meta name=\"twitter:data1\" content=\"Andy Kocher\" \/>\n\t<meta name=\"twitter:label2\" content=\"Gesch\u00e4tzte Lesezeit\" \/>\n\t<meta name=\"twitter:data2\" content=\"4\u00a0Minuten\" \/>\n<script type=\"application\/ld+json\" class=\"yoast-schema-graph\">{\"@context\":\"https:\\\/\\\/schema.org\",\"@graph\":[{\"@type\":\"Article\",\"@id\":\"https:\\\/\\\/www.salzburgerland.com\\\/de\\\/magazin\\\/eva-walkner-im-interview\\\/#article\",\"isPartOf\":{\"@id\":\"https:\\\/\\\/www.salzburgerland.com\\\/de\\\/magazin\\\/eva-walkner-im-interview\\\/\"},\"author\":{\"name\":\"Andy Kocher\",\"@id\":\"https:\\\/\\\/www.salzburgerland.com\\\/de\\\/magazin\\\/#\\\/schema\\\/person\\\/1956daa52e21cf5a45096cc93e7c3350\"},\"headline\":\"Eva Walkner im Interview\",\"datePublished\":\"2015-03-04T12:27:23+00:00\",\"mainEntityOfPage\":{\"@id\":\"https:\\\/\\\/www.salzburgerland.com\\\/de\\\/magazin\\\/eva-walkner-im-interview\\\/\"},\"wordCount\":883,\"commentCount\":0,\"publisher\":{\"@id\":\"https:\\\/\\\/www.salzburgerland.com\\\/de\\\/magazin\\\/#organization\"},\"image\":{\"@id\":\"https:\\\/\\\/www.salzburgerland.com\\\/de\\\/magazin\\\/eva-walkner-im-interview\\\/#primaryimage\"},\"thumbnailUrl\":\"https:\\\/\\\/www.salzburgerland.com\\\/de\\\/magazin\\\/wp-content\\\/uploads\\\/2015\\\/03\\\/Eva-Walkner-bei-ihrem-Sieg-in-Cahamonix.jpeg\",\"articleSection\":[\"Outdoor &amp; Sport\"],\"inLanguage\":\"de\",\"potentialAction\":[{\"@type\":\"CommentAction\",\"name\":\"Comment\",\"target\":[\"https:\\\/\\\/www.salzburgerland.com\\\/de\\\/magazin\\\/eva-walkner-im-interview\\\/#respond\"]}]},{\"@type\":\"WebPage\",\"@id\":\"https:\\\/\\\/www.salzburgerland.com\\\/de\\\/magazin\\\/eva-walkner-im-interview\\\/\",\"url\":\"https:\\\/\\\/www.salzburgerland.com\\\/de\\\/magazin\\\/eva-walkner-im-interview\\\/\",\"name\":\"Eva Walkner im Interview - SalzburgerLand Magazin\",\"isPartOf\":{\"@id\":\"https:\\\/\\\/www.salzburgerland.com\\\/de\\\/magazin\\\/#website\"},\"primaryImageOfPage\":{\"@id\":\"https:\\\/\\\/www.salzburgerland.com\\\/de\\\/magazin\\\/eva-walkner-im-interview\\\/#primaryimage\"},\"image\":{\"@id\":\"https:\\\/\\\/www.salzburgerland.com\\\/de\\\/magazin\\\/eva-walkner-im-interview\\\/#primaryimage\"},\"thumbnailUrl\":\"https:\\\/\\\/www.salzburgerland.com\\\/de\\\/magazin\\\/wp-content\\\/uploads\\\/2015\\\/03\\\/Eva-Walkner-bei-ihrem-Sieg-in-Cahamonix.jpeg\",\"datePublished\":\"2015-03-04T12:27:23+00:00\",\"breadcrumb\":{\"@id\":\"https:\\\/\\\/www.salzburgerland.com\\\/de\\\/magazin\\\/eva-walkner-im-interview\\\/#breadcrumb\"},\"inLanguage\":\"de\",\"potentialAction\":[{\"@type\":\"ReadAction\",\"target\":[\"https:\\\/\\\/www.salzburgerland.com\\\/de\\\/magazin\\\/eva-walkner-im-interview\\\/\"]}]},{\"@type\":\"ImageObject\",\"inLanguage\":\"de\",\"@id\":\"https:\\\/\\\/www.salzburgerland.com\\\/de\\\/magazin\\\/eva-walkner-im-interview\\\/#primaryimage\",\"url\":\"https:\\\/\\\/www.salzburgerland.com\\\/de\\\/magazin\\\/wp-content\\\/uploads\\\/2015\\\/03\\\/Eva-Walkner-bei-ihrem-Sieg-in-Cahamonix.jpeg\",\"contentUrl\":\"https:\\\/\\\/www.salzburgerland.com\\\/de\\\/magazin\\\/wp-content\\\/uploads\\\/2015\\\/03\\\/Eva-Walkner-bei-ihrem-Sieg-in-Cahamonix.jpeg\",\"width\":1600,\"height\":1068,\"caption\":\"Drei Skifahrerinnen feiern auf einem Podium der Freeride World Tour mit Skiern und einer Troph\u00e4e.\"},{\"@type\":\"BreadcrumbList\",\"@id\":\"https:\\\/\\\/www.salzburgerland.com\\\/de\\\/magazin\\\/eva-walkner-im-interview\\\/#breadcrumb\",\"itemListElement\":[{\"@type\":\"ListItem\",\"position\":1,\"name\":\"Startseite\",\"item\":\"https:\\\/\\\/www.salzburgerland.com\\\/de\\\/magazin\\\/\"},{\"@type\":\"ListItem\",\"position\":2,\"name\":\"Outdoor &amp; Sport\",\"item\":\"https:\\\/\\\/www.salzburgerland.com\\\/de\\\/magazin\\\/thema\\\/outdoor-sport\\\/\"},{\"@type\":\"ListItem\",\"position\":3,\"name\":\"Eva Walkner im Interview\"}]},{\"@type\":\"WebSite\",\"@id\":\"https:\\\/\\\/www.salzburgerland.com\\\/de\\\/magazin\\\/#website\",\"url\":\"https:\\\/\\\/www.salzburgerland.com\\\/de\\\/magazin\\\/\",\"name\":\"SalzburgerLand Magazin\",\"description\":\"Geschichten und Interessantes aus dem SalzburgerLand\",\"publisher\":{\"@id\":\"https:\\\/\\\/www.salzburgerland.com\\\/de\\\/magazin\\\/#organization\"},\"potentialAction\":[{\"@type\":\"SearchAction\",\"target\":{\"@type\":\"EntryPoint\",\"urlTemplate\":\"https:\\\/\\\/www.salzburgerland.com\\\/de\\\/magazin\\\/?s={search_term_string}\"},\"query-input\":{\"@type\":\"PropertyValueSpecification\",\"valueRequired\":true,\"valueName\":\"search_term_string\"}}],\"inLanguage\":\"de\"},{\"@type\":\"Organization\",\"@id\":\"https:\\\/\\\/www.salzburgerland.com\\\/de\\\/magazin\\\/#organization\",\"name\":\"SalzburgerLand Tourismus\",\"url\":\"https:\\\/\\\/www.salzburgerland.com\\\/de\\\/magazin\\\/\",\"logo\":{\"@type\":\"ImageObject\",\"inLanguage\":\"de\",\"@id\":\"https:\\\/\\\/www.salzburgerland.com\\\/de\\\/magazin\\\/#\\\/schema\\\/logo\\\/image\\\/\",\"url\":\"https:\\\/\\\/www.salzburgerland.com\\\/de\\\/magazin\\\/wp-content\\\/uploads\\\/2019\\\/06\\\/salzburgerland-logo1.jpg\",\"contentUrl\":\"https:\\\/\\\/www.salzburgerland.com\\\/de\\\/magazin\\\/wp-content\\\/uploads\\\/2019\\\/06\\\/salzburgerland-logo1.jpg\",\"width\":2011,\"height\":866,\"caption\":\"SalzburgerLand Tourismus\"},\"image\":{\"@id\":\"https:\\\/\\\/www.salzburgerland.com\\\/de\\\/magazin\\\/#\\\/schema\\\/logo\\\/image\\\/\"},\"sameAs\":[\"https:\\\/\\\/www.facebook.com\\\/salzburgerland\\\/\",\"https:\\\/\\\/x.com\\\/Salzburgerland\",\"https:\\\/\\\/www.instagram.com\\\/salzburgerland\\\/\",\"https:\\\/\\\/at.linkedin.com\\\/company\\\/salzburgerland-tourismus-gmbh\",\"https:\\\/\\\/www.pinterest.at\\\/salzburgerland\\\/\",\"https:\\\/\\\/www.youtube.com\\\/user\\\/salzburgerland\",\"https:\\\/\\\/de.wikipedia.org\\\/wiki\\\/SalzburgerLand_Tourismus_GmbH\"]},{\"@type\":\"Person\",\"@id\":\"https:\\\/\\\/www.salzburgerland.com\\\/de\\\/magazin\\\/#\\\/schema\\\/person\\\/1956daa52e21cf5a45096cc93e7c3350\",\"name\":\"Andy Kocher\",\"description\":\"Andy Kocher, geboren 1985 in Schladming, lebt seit einigen Jahren in Ramsau a. Dachstein. Andy ist im Winter professioneller Freeskier und hat schon in einigen Freeride-Filmen mitgewirkt.\u00a0 Dadurch hat er bereits viele L\u00e4nder mit den Skiern bereist. Am liebsten ist Andy jedoch beim Freeriden in den Salzburger Bergen unterwegs. In den letzten Jahren hat er eine neue Leidenschaft f\u00fcr sich entdeckt - die Fotografie, welche sich perfekt\u00a0 mit seinen Hobbys dem Klettern, Paragleiten, Skifahren, Mountainbiken und Wandern kombinieren l\u00e4sst. Fr\u00fchling, Somer, Herbst oder Winter? Nat\u00fcrlich Winter, wobei aber jede Jahreszeit etwas besonderes an sich hat. Lederhose oder Smoking? Lederhose - ist gem\u00fctlicher. Bergtour oder Seentour? Als erstes eine Bergtour und danach ein Sprung ins k\u00fchle Nass. Luxushotel oder Almh\u00fctte? Almh\u00fctte. Ich w\u00fcrde auf keinen Fall eine Nacht in einer urigen, gem\u00fctlichen Almh\u00fctte hoch \u00fcber dem Tal\u00a0 gegen eine Nacht in einem Luxushotel eintauschen. Ausstellung oder Bergpanorama? Jedes Bergpanorama ist einzigartig. Ich hoffe, ich kann mit meinen Fotos vielen Menschen das Bergpanorama zu ihnen nach Hause ins Wohnzimmer bringen und sie f\u00fcr eine Bergtour inspirieren. http:\\\/\\\/andykocher-photography.com\",\"sameAs\":[\"http:\\\/\\\/andykocher-photography.com\"],\"url\":\"https:\\\/\\\/www.salzburgerland.com\\\/de\\\/magazin\\\/author\\\/andy-kocher\\\/\"}]}<\/script>\n<!-- \/ Yoast SEO Premium plugin. -->","yoast_head_json":{"title":"Eva Walkner im Interview - SalzburgerLand Magazin","description":"Die meisten von uns haben den Namen Eva Walkner bestimmt schon einige Male in den Medien geh\u00f6rt bzw. vielleicht auch von ihrem Bruder Matthias, der heuer bei der Rallye Dakar erfolgreich teilnahm und die dritte Etappe gewann.\u00a0Eva Walkner fuhr zwischen 1995 und 2003 insgesamt 51 Europacuprennen f\u00fcr den \u00d6sterreichischen Skiverband bis sie ihre Rennlatten an [&hellip;]","robots":{"index":"index","follow":"follow","max-snippet":"max-snippet:-1","max-image-preview":"max-image-preview:large","max-video-preview":"max-video-preview:-1"},"canonical":"https:\/\/www.salzburgerland.com\/de\/magazin\/eva-walkner-im-interview\/","og_locale":"de_DE","og_type":"article","og_title":"Eva Walkner im Interview","og_description":"Die meisten von uns haben den Namen Eva Walkner bestimmt schon einige Male in den Medien geh\u00f6rt bzw. vielleicht auch von ihrem Bruder Matthias, der heuer bei der Rallye Dakar erfolgreich teilnahm und die dritte Etappe gewann.\u00a0Eva Walkner fuhr zwischen 1995 und 2003 insgesamt 51 Europacuprennen f\u00fcr den \u00d6sterreichischen Skiverband bis sie ihre Rennlatten an [&hellip;]","og_url":"https:\/\/www.salzburgerland.com\/de\/magazin\/eva-walkner-im-interview\/","og_site_name":"SalzburgerLand Magazin","article_publisher":"https:\/\/www.facebook.com\/salzburgerland\/","article_published_time":"2015-03-04T12:27:23+00:00","og_image":[{"width":1600,"height":1068,"url":"https:\/\/www.salzburgerland.com\/de\/magazin\/wp-content\/uploads\/2015\/03\/Eva-Walkner-bei-ihrem-Sieg-in-Cahamonix.jpeg","type":"image\/jpeg"}],"author":"Andy Kocher","twitter_card":"summary_large_image","twitter_creator":"@Salzburgerland","twitter_site":"@Salzburgerland","twitter_misc":{"Verfasst von":"Andy Kocher","Gesch\u00e4tzte Lesezeit":"4\u00a0Minuten"},"schema":{"@context":"https:\/\/schema.org","@graph":[{"@type":"Article","@id":"https:\/\/www.salzburgerland.com\/de\/magazin\/eva-walkner-im-interview\/#article","isPartOf":{"@id":"https:\/\/www.salzburgerland.com\/de\/magazin\/eva-walkner-im-interview\/"},"author":{"name":"Andy Kocher","@id":"https:\/\/www.salzburgerland.com\/de\/magazin\/#\/schema\/person\/1956daa52e21cf5a45096cc93e7c3350"},"headline":"Eva Walkner im Interview","datePublished":"2015-03-04T12:27:23+00:00","mainEntityOfPage":{"@id":"https:\/\/www.salzburgerland.com\/de\/magazin\/eva-walkner-im-interview\/"},"wordCount":883,"commentCount":0,"publisher":{"@id":"https:\/\/www.salzburgerland.com\/de\/magazin\/#organization"},"image":{"@id":"https:\/\/www.salzburgerland.com\/de\/magazin\/eva-walkner-im-interview\/#primaryimage"},"thumbnailUrl":"https:\/\/www.salzburgerland.com\/de\/magazin\/wp-content\/uploads\/2015\/03\/Eva-Walkner-bei-ihrem-Sieg-in-Cahamonix.jpeg","articleSection":["Outdoor &amp; Sport"],"inLanguage":"de","potentialAction":[{"@type":"CommentAction","name":"Comment","target":["https:\/\/www.salzburgerland.com\/de\/magazin\/eva-walkner-im-interview\/#respond"]}]},{"@type":"WebPage","@id":"https:\/\/www.salzburgerland.com\/de\/magazin\/eva-walkner-im-interview\/","url":"https:\/\/www.salzburgerland.com\/de\/magazin\/eva-walkner-im-interview\/","name":"Eva Walkner im Interview - SalzburgerLand Magazin","isPartOf":{"@id":"https:\/\/www.salzburgerland.com\/de\/magazin\/#website"},"primaryImageOfPage":{"@id":"https:\/\/www.salzburgerland.com\/de\/magazin\/eva-walkner-im-interview\/#primaryimage"},"image":{"@id":"https:\/\/www.salzburgerland.com\/de\/magazin\/eva-walkner-im-interview\/#primaryimage"},"thumbnailUrl":"https:\/\/www.salzburgerland.com\/de\/magazin\/wp-content\/uploads\/2015\/03\/Eva-Walkner-bei-ihrem-Sieg-in-Cahamonix.jpeg","datePublished":"2015-03-04T12:27:23+00:00","breadcrumb":{"@id":"https:\/\/www.salzburgerland.com\/de\/magazin\/eva-walkner-im-interview\/#breadcrumb"},"inLanguage":"de","potentialAction":[{"@type":"ReadAction","target":["https:\/\/www.salzburgerland.com\/de\/magazin\/eva-walkner-im-interview\/"]}]},{"@type":"ImageObject","inLanguage":"de","@id":"https:\/\/www.salzburgerland.com\/de\/magazin\/eva-walkner-im-interview\/#primaryimage","url":"https:\/\/www.salzburgerland.com\/de\/magazin\/wp-content\/uploads\/2015\/03\/Eva-Walkner-bei-ihrem-Sieg-in-Cahamonix.jpeg","contentUrl":"https:\/\/www.salzburgerland.com\/de\/magazin\/wp-content\/uploads\/2015\/03\/Eva-Walkner-bei-ihrem-Sieg-in-Cahamonix.jpeg","width":1600,"height":1068,"caption":"Drei Skifahrerinnen feiern auf einem Podium der Freeride World Tour mit Skiern und einer Troph\u00e4e."},{"@type":"BreadcrumbList","@id":"https:\/\/www.salzburgerland.com\/de\/magazin\/eva-walkner-im-interview\/#breadcrumb","itemListElement":[{"@type":"ListItem","position":1,"name":"Startseite","item":"https:\/\/www.salzburgerland.com\/de\/magazin\/"},{"@type":"ListItem","position":2,"name":"Outdoor &amp; Sport","item":"https:\/\/www.salzburgerland.com\/de\/magazin\/thema\/outdoor-sport\/"},{"@type":"ListItem","position":3,"name":"Eva Walkner im Interview"}]},{"@type":"WebSite","@id":"https:\/\/www.salzburgerland.com\/de\/magazin\/#website","url":"https:\/\/www.salzburgerland.com\/de\/magazin\/","name":"SalzburgerLand Magazin","description":"Geschichten und Interessantes aus dem SalzburgerLand","publisher":{"@id":"https:\/\/www.salzburgerland.com\/de\/magazin\/#organization"},"potentialAction":[{"@type":"SearchAction","target":{"@type":"EntryPoint","urlTemplate":"https:\/\/www.salzburgerland.com\/de\/magazin\/?s={search_term_string}"},"query-input":{"@type":"PropertyValueSpecification","valueRequired":true,"valueName":"search_term_string"}}],"inLanguage":"de"},{"@type":"Organization","@id":"https:\/\/www.salzburgerland.com\/de\/magazin\/#organization","name":"SalzburgerLand Tourismus","url":"https:\/\/www.salzburgerland.com\/de\/magazin\/","logo":{"@type":"ImageObject","inLanguage":"de","@id":"https:\/\/www.salzburgerland.com\/de\/magazin\/#\/schema\/logo\/image\/","url":"https:\/\/www.salzburgerland.com\/de\/magazin\/wp-content\/uploads\/2019\/06\/salzburgerland-logo1.jpg","contentUrl":"https:\/\/www.salzburgerland.com\/de\/magazin\/wp-content\/uploads\/2019\/06\/salzburgerland-logo1.jpg","width":2011,"height":866,"caption":"SalzburgerLand Tourismus"},"image":{"@id":"https:\/\/www.salzburgerland.com\/de\/magazin\/#\/schema\/logo\/image\/"},"sameAs":["https:\/\/www.facebook.com\/salzburgerland\/","https:\/\/x.com\/Salzburgerland","https:\/\/www.instagram.com\/salzburgerland\/","https:\/\/at.linkedin.com\/company\/salzburgerland-tourismus-gmbh","https:\/\/www.pinterest.at\/salzburgerland\/","https:\/\/www.youtube.com\/user\/salzburgerland","https:\/\/de.wikipedia.org\/wiki\/SalzburgerLand_Tourismus_GmbH"]},{"@type":"Person","@id":"https:\/\/www.salzburgerland.com\/de\/magazin\/#\/schema\/person\/1956daa52e21cf5a45096cc93e7c3350","name":"Andy Kocher","description":"Andy Kocher, geboren 1985 in Schladming, lebt seit einigen Jahren in Ramsau a. Dachstein. Andy ist im Winter professioneller Freeskier und hat schon in einigen Freeride-Filmen mitgewirkt.\u00a0 Dadurch hat er bereits viele L\u00e4nder mit den Skiern bereist. Am liebsten ist Andy jedoch beim Freeriden in den Salzburger Bergen unterwegs. In den letzten Jahren hat er eine neue Leidenschaft f\u00fcr sich entdeckt - die Fotografie, welche sich perfekt\u00a0 mit seinen Hobbys dem Klettern, Paragleiten, Skifahren, Mountainbiken und Wandern kombinieren l\u00e4sst. Fr\u00fchling, Somer, Herbst oder Winter? Nat\u00fcrlich Winter, wobei aber jede Jahreszeit etwas besonderes an sich hat. Lederhose oder Smoking? Lederhose - ist gem\u00fctlicher. Bergtour oder Seentour? Als erstes eine Bergtour und danach ein Sprung ins k\u00fchle Nass. Luxushotel oder Almh\u00fctte? Almh\u00fctte. Ich w\u00fcrde auf keinen Fall eine Nacht in einer urigen, gem\u00fctlichen Almh\u00fctte hoch \u00fcber dem Tal\u00a0 gegen eine Nacht in einem Luxushotel eintauschen. Ausstellung oder Bergpanorama? Jedes Bergpanorama ist einzigartig. Ich hoffe, ich kann mit meinen Fotos vielen Menschen das Bergpanorama zu ihnen nach Hause ins Wohnzimmer bringen und sie f\u00fcr eine Bergtour inspirieren. http:\/\/andykocher-photography.com","sameAs":["http:\/\/andykocher-photography.com"],"url":"https:\/\/www.salzburgerland.com\/de\/magazin\/author\/andy-kocher\/"}]}},"_wl_alt_label":[],"wl:entity_url":"http:\/\/open.salzburgerland.com\/magazin\/post\/eva_walkner_im_interview","_links":{"self":[{"href":"https:\/\/www.salzburgerland.com\/de\/magazin\/wp-json\/wp\/v2\/posts\/95589","targetHints":{"allow":["GET"]}}],"collection":[{"href":"https:\/\/www.salzburgerland.com\/de\/magazin\/wp-json\/wp\/v2\/posts"}],"about":[{"href":"https:\/\/www.salzburgerland.com\/de\/magazin\/wp-json\/wp\/v2\/types\/post"}],"author":[{"embeddable":true,"href":"https:\/\/www.salzburgerland.com\/de\/magazin\/wp-json\/wp\/v2\/users\/230"}],"replies":[{"embeddable":true,"href":"https:\/\/www.salzburgerland.com\/de\/magazin\/wp-json\/wp\/v2\/comments?post=95589"}],"version-history":[{"count":0,"href":"https:\/\/www.salzburgerland.com\/de\/magazin\/wp-json\/wp\/v2\/posts\/95589\/revisions"}],"wp:featuredmedia":[{"embeddable":true,"href":"https:\/\/www.salzburgerland.com\/de\/magazin\/wp-json\/wp\/v2\/media\/95592"}],"wp:attachment":[{"href":"https:\/\/www.salzburgerland.com\/de\/magazin\/wp-json\/wp\/v2\/media?parent=95589"}],"wp:term":[{"taxonomy":"category","embeddable":true,"href":"https:\/\/www.salzburgerland.com\/de\/magazin\/wp-json\/wp\/v2\/categories?post=95589"},{"taxonomy":"post_tag","embeddable":true,"href":"https:\/\/www.salzburgerland.com\/de\/magazin\/wp-json\/wp\/v2\/tags?post=95589"},{"taxonomy":"wl_entity_type","embeddable":true,"href":"https:\/\/www.salzburgerland.com\/de\/magazin\/wp-json\/wp\/v2\/wl_entity_type?post=95589"},{"taxonomy":"monatsauswahl","embeddable":true,"href":"https:\/\/www.salzburgerland.com\/de\/magazin\/wp-json\/wp\/v2\/monatsauswahl?post=95589"}],"curies":[{"name":"wp","href":"https:\/\/api.w.org\/{rel}","templated":true}]}}