{"id":95263,"date":"2015-02-22T11:50:14","date_gmt":"2015-02-22T10:50:14","guid":{"rendered":"http:\/\/magazin.salzburgerland.com\/?p=95263"},"modified":"2015-02-23T11:50:47","modified_gmt":"2015-02-23T10:50:47","slug":"salzburger-saalachtal-ein-tag-sommerferien","status":"publish","type":"post","link":"https:\/\/www.salzburgerland.com\/de\/magazin\/salzburger-saalachtal-ein-tag-sommerferien\/","title":{"rendered":"Salzburger Saalachtal &#8211; Ein Tag Sommerferien"},"content":{"rendered":"<p>Wer es darauf anlegt, k\u00f6nnte seinen Bikeurlaub im Salzburger Land auf ungew\u00f6hnliche Art und Weise\u00a0beginnen: Nicht \u00fcber Autobahn oder Passstra\u00dfen anreisen, sondern die Grenze von Deutschland nach \u00d6sterreich auf einem engen Schmugglerpfad, der sich durch eine steile Schlucht hindurchzw\u00e4ngt, \u00fcberqueren. Der Staubfall, ein 200 Meter hoher, tosender Wasserfall, markiert den Grenz\u00fcbergang auf dem Weg vom deutschen Ruhpolding ins \u00f6sterreichische Unken.<\/p>\n<p><strong>Das Auental als Basislager<\/strong><br \/>Spektakul\u00e4rer lie\u00dfe sich eine Reise wohl kaum einl\u00e4uten. Das Wasser tost mit einem ohrenbet\u00e4ubenden L\u00e4rm in den Abgrund, sodass jede Unterhaltung unm\u00f6glich wird. Der Weg an der Felsflanke ist nur wenige Zentimeter breit und mit Gel\u00e4ndern abgesichert \u2013 die nassen Stufen w\u00e4ren sonst eine Einladung f\u00fcr Lebensm\u00fcde. Der Pfad verschwindet hinter den herabst\u00fcrzenden Wassermassen wie hinter einem Vorhang und taucht auf der anderen Seite \u2013 im Nachbarland \u2013 wieder auf. Nun das Bike nur noch \u00fcber die letzten engen Holzbr\u00fccken schultern, und schon k\u00f6nnte man auf einem technischen Singletrail ins Saalachtal hinabfahren, das Salzburger Land als verhei\u00dfungsvolles Versprechen am Horizont.<\/p>\n<p>F\u00fcr uns ist der Gang hinter dem Wasserfall her allerdings nur ein Zwischenziel auf einer Tour durch unsere erste Region, das Salzburger Saalachtal. Wir haben die gem\u00e4chlichere Variante bevorzugt und sind mit dem Auto in das weitl\u00e4ufige, von den Chiemgauer Alpen eingerahmte Auental nahe der deutschen Grenze angereist. Der Vorteil liegt auf der Hand: von unserem Basislager aus,dem Hotel Friedlwirt in Unken, lassen sich so die Berge, die zu gem\u00fctlichen Touren einladen, mit Highlights verbinden wie einem Abstecher zum Staubfall. Von Familientouren bis zu Bike and Hike \u2013 alles ist m\u00f6glich im Saalachtal. Ein weiterer Vorteil ist, dass wir beim Planen unseres Tagesprogramms auf die fachkundige Beratung eines Locals, dem Gesch\u00e4ftsf\u00fchrer des Hotels, zur\u00fcckgreifen k\u00f6nnen. Bernhard Flatscher, der uns am Abend unserer Ankunft noch in voller Kochmontur die K\u00e4s\u2019nocken in seiner urigen Gaststube serviert, entpuppt sich am n\u00e4chsten Tag als begeisterter Biker, der die Berge um Unken kennt wie kein Zweiter.<\/p>\n<p><strong>Pures Abw\u00e4rtsgl\u00fcck<\/strong><br \/>F\u00fcr uns G\u00e4ste wie f\u00fcr den Wirt klingelt der Wecker um 5 Uhr 30. W\u00e4hrend sich Bernhard um die Vorbereitungen f\u00fcr das Fr\u00fchst\u00fccksb\u00fcffet k\u00fcmmern muss, brechen wir auf, um den Tagesanbruch mit einem Sonnenaufgang in den Bergen zu feiern. Auf dem fast 1.500 Meter hohen Gipfel der Wetterspitze brechen die ersten Sonnenstrahlen hinter einem Wolkenstreifen hervor und geben\u00a0die Sicht frei auf die Saalach, D\u00f6rfer und Kirchturmspitzen. Die Magie des Moments l\u00e4sst uns alle M\u00fcdigkeit vergessen \u2013 und der darauffolgende Trail jedes Hungergef\u00fchl. Die schroffe Beschaffenheit des Karstuntergrunds beschert uns noch vor dem Fr\u00fchst\u00fcck pures Abfahrtsgl\u00fcck, das uns all unsere\u00a0technischen Fertigkeiten abverlangt. Der Tag kann losgehen.<\/p>\n<div class=\"mag-gallery\"><div class=\"row\"><div class=\"col-6 col-sm-4\"><figure><a class=\"thumb-container\" href=\"https:\/\/www.salzburgerland.com\/de\/magazin\/wp-content\/uploads\/2015\/02\/wo_mtb_saalachtal_01-1280x1024.jpg\">\t<picture><source media=\"(min-width: 576px)\" srcset=\"https:\/\/www.salzburgerland.com\/de\/magazin\/wp-content\/uploads\/2015\/02\/wo_mtb_saalachtal_01-325x209.jpg 325w, https:\/\/www.salzburgerland.com\/de\/magazin\/wp-content\/uploads\/2015\/02\/wo_mtb_saalachtal_01-249x160.jpg 249w\" \/><source media=\"(min-width: 0)\" srcset=\"https:\/\/www.salzburgerland.com\/de\/magazin\/wp-content\/uploads\/2015\/02\/wo_mtb_saalachtal_01-249x160.jpg 249w, https:\/\/www.salzburgerland.com\/de\/magazin\/wp-content\/uploads\/2015\/02\/wo_mtb_saalachtal_01-325x209.jpg 325w\" \/><img decoding=\"async\" alt=\"Bergsilhouetten unter einem leuchtend rosa und violetten Sonnenuntergangshimmel mit Wolkenschichten.\" src=\"https:\/\/www.salzburgerland.com\/de\/magazin\/wp-content\/uploads\/2015\/02\/wo_mtb_saalachtal_01.jpg\" \/>\t<\/picture><\/a><\/figure><\/div><div class=\"col-6 col-sm-4\"><figure><a class=\"thumb-container\" href=\"https:\/\/www.salzburgerland.com\/de\/magazin\/wp-content\/uploads\/2015\/02\/wo_mtb_saalachtal_14-1280x1024.jpg\">\t<picture><source media=\"(min-width: 576px)\" srcset=\"https:\/\/www.salzburgerland.com\/de\/magazin\/wp-content\/uploads\/2015\/02\/wo_mtb_saalachtal_14-325x209.jpg 325w, https:\/\/www.salzburgerland.com\/de\/magazin\/wp-content\/uploads\/2015\/02\/wo_mtb_saalachtal_14-249x160.jpg 249w\" \/><source media=\"(min-width: 0)\" srcset=\"https:\/\/www.salzburgerland.com\/de\/magazin\/wp-content\/uploads\/2015\/02\/wo_mtb_saalachtal_14-249x160.jpg 249w, https:\/\/www.salzburgerland.com\/de\/magazin\/wp-content\/uploads\/2015\/02\/wo_mtb_saalachtal_14-325x209.jpg 325w\" \/><img decoding=\"async\" alt=\"Zwei Radfahrer fahren Mountainbikes auf einem grasbewachsenen Weg mit Bergen und B\u00e4umen im Hintergrund bei Sonnenuntergang.\" src=\"https:\/\/www.salzburgerland.com\/de\/magazin\/wp-content\/uploads\/2015\/02\/wo_mtb_saalachtal_14.jpg\" \/>\t<\/picture><\/a><\/figure><\/div><div class=\"col-6 col-sm-4\"><figure><a class=\"thumb-container\" href=\"https:\/\/www.salzburgerland.com\/de\/magazin\/wp-content\/uploads\/2015\/02\/wo_mtb_saalachtal_18-1280x1024.jpg\">\t<picture><source media=\"(min-width: 576px)\" srcset=\"https:\/\/www.salzburgerland.com\/de\/magazin\/wp-content\/uploads\/2015\/02\/wo_mtb_saalachtal_18-325x209.jpg 325w, https:\/\/www.salzburgerland.com\/de\/magazin\/wp-content\/uploads\/2015\/02\/wo_mtb_saalachtal_18-249x160.jpg 249w\" \/><source media=\"(min-width: 0)\" srcset=\"https:\/\/www.salzburgerland.com\/de\/magazin\/wp-content\/uploads\/2015\/02\/wo_mtb_saalachtal_18-249x160.jpg 249w, https:\/\/www.salzburgerland.com\/de\/magazin\/wp-content\/uploads\/2015\/02\/wo_mtb_saalachtal_18-325x209.jpg 325w\" \/><img decoding=\"async\" alt=\"Zwei Mountainbiker fahren bei Sonnenaufgang auf einem Waldweg mit Bergen im Hintergrund.\" src=\"https:\/\/www.salzburgerland.com\/de\/magazin\/wp-content\/uploads\/2015\/02\/wo_mtb_saalachtal_18.jpg\" \/>\t<\/picture><\/a><\/figure><\/div><div class=\"col-6 col-sm-4\"><figure><a class=\"thumb-container\" href=\"https:\/\/www.salzburgerland.com\/de\/magazin\/wp-content\/uploads\/2015\/02\/wo_mtb_saalachtal_15-1280x1024.jpg\">\t<picture><source media=\"(min-width: 576px)\" srcset=\"https:\/\/www.salzburgerland.com\/de\/magazin\/wp-content\/uploads\/2015\/02\/wo_mtb_saalachtal_15-325x209.jpg 325w, https:\/\/www.salzburgerland.com\/de\/magazin\/wp-content\/uploads\/2015\/02\/wo_mtb_saalachtal_15-249x160.jpg 249w\" \/><source media=\"(min-width: 0)\" srcset=\"https:\/\/www.salzburgerland.com\/de\/magazin\/wp-content\/uploads\/2015\/02\/wo_mtb_saalachtal_15-249x160.jpg 249w, https:\/\/www.salzburgerland.com\/de\/magazin\/wp-content\/uploads\/2015\/02\/wo_mtb_saalachtal_15-325x209.jpg 325w\" \/><img decoding=\"async\" alt=\"Zwei Mountainbiker fahren bei Sonnenaufgang einen grasbewachsenen H\u00fcgel hinunter, mit Bergen und T\u00e4lern im Hintergrund.\" src=\"https:\/\/www.salzburgerland.com\/de\/magazin\/wp-content\/uploads\/2015\/02\/wo_mtb_saalachtal_15.jpg\" \/>\t<\/picture><\/a><\/figure><\/div><div class=\"col-6 col-sm-4\"><figure><a class=\"thumb-container\" href=\"https:\/\/www.salzburgerland.com\/de\/magazin\/wp-content\/uploads\/2015\/02\/wo_mtb_saalachtal_11-1280x1024.jpg\">\t<picture><source media=\"(min-width: 576px)\" srcset=\"https:\/\/www.salzburgerland.com\/de\/magazin\/wp-content\/uploads\/2015\/02\/wo_mtb_saalachtal_11-325x209.jpg 325w, https:\/\/www.salzburgerland.com\/de\/magazin\/wp-content\/uploads\/2015\/02\/wo_mtb_saalachtal_11-249x160.jpg 249w\" \/><source media=\"(min-width: 0)\" srcset=\"https:\/\/www.salzburgerland.com\/de\/magazin\/wp-content\/uploads\/2015\/02\/wo_mtb_saalachtal_11-249x160.jpg 249w, https:\/\/www.salzburgerland.com\/de\/magazin\/wp-content\/uploads\/2015\/02\/wo_mtb_saalachtal_11-325x209.jpg 325w\" \/><img decoding=\"async\" alt=\"Zwei Mountainbiker machen bei Sonnenaufgang eine Pause an einem Aussichtspunkt mit Blick auf Berge und T\u00e4ler.\" src=\"https:\/\/www.salzburgerland.com\/de\/magazin\/wp-content\/uploads\/2015\/02\/wo_mtb_saalachtal_11.jpg\" \/>\t<\/picture><\/a><\/figure><\/div><div class=\"col-6 col-sm-4\"><figure><a class=\"thumb-container\" href=\"https:\/\/www.salzburgerland.com\/de\/magazin\/wp-content\/uploads\/2015\/02\/wo_mtb_saalachtal_10-1280x1024.jpg\">\t<picture><source media=\"(min-width: 576px)\" srcset=\"https:\/\/www.salzburgerland.com\/de\/magazin\/wp-content\/uploads\/2015\/02\/wo_mtb_saalachtal_10-325x209.jpg 325w, https:\/\/www.salzburgerland.com\/de\/magazin\/wp-content\/uploads\/2015\/02\/wo_mtb_saalachtal_10-249x160.jpg 249w\" \/><source media=\"(min-width: 0)\" srcset=\"https:\/\/www.salzburgerland.com\/de\/magazin\/wp-content\/uploads\/2015\/02\/wo_mtb_saalachtal_10-249x160.jpg 249w, https:\/\/www.salzburgerland.com\/de\/magazin\/wp-content\/uploads\/2015\/02\/wo_mtb_saalachtal_10-325x209.jpg 325w\" \/><img decoding=\"async\" alt=\"Zwei Mountainbiker geben sich auf einem malerischen Gipfel mit sonnenbeschienenen Bergen und T\u00e4lern im Hintergrund die Hand.\" src=\"https:\/\/www.salzburgerland.com\/de\/magazin\/wp-content\/uploads\/2015\/02\/wo_mtb_saalachtal_10.jpg\" \/>\t<\/picture><\/a><\/figure><\/div><\/div><\/div><figcaption><\/figcaption>\n<p><strong>F\u00fchrung im Kr\u00e4utergarten<\/strong><br \/>Beim Friedlwirt erwartet uns ein reichhaltiges Fr\u00fchst\u00fcck mit anschlie\u00dfendem Kaffee in der Sonne. Man h\u00f6rt nur das Rauschen des Unkenbachs, sonst st\u00f6rt nichts die Ruhe, die uns hier unter den Geranien umgibt. Ich k\u00f6nnte noch ewig in dieser Sommeridylle weiterd\u00f6sen, aber Bernhard hat noch viel vor. Er hat die Kochuniform gegen Trikot und Shorts getauscht, um uns auf unserer n\u00e4chsten<\/p>\n<p>Etappe zu guiden, und ist so kaum wiederzuerkennen. Bevor wir uns auf den Rundkurs durch das Heutal begeben, machen wir noch bei einer Freundin des Hauses halt: Barbara Haider betreibt ganz\u00a0in der N\u00e4he einen Bauernhof mit Kr\u00e4utergarten und l\u00e4dt uns zu einer F\u00fchrung ein. Arnika, Zitronenmelisse, Beifu\u00df, Gundermann \u2013 manche der Pfl anzen, die hier \u00fcber und \u00fcber wuchern, hat keiner von uns vorher gekannt. Das Wissen der ausgebildeten Krankenschwester kennt kein Ende, noch lange schlendern wir durch den weitl\u00e4ufigen Garten, probieren s\u00fc\u00dfe Stevia und scharfe Pfefferminze. Barbara verspricht keine Wunder oder Allheilmittel, vielmehr r\u00e4t sie zum gelassenen Ausprobieren der verschiedenen Heilwirkungen, zu einer aufmerksameren Wahrnehmung dessen, was uns gut tut. Jeden Sonntag kann man sich bei Barbara in einer offenen F\u00fchrung in diese<\/p>\n<p>Kunst der Kr\u00e4uterheilkunde einf\u00fchren lassen, und insgeheim w\u00fcnsche ich so manchem gestressten Gro\u00dfst\u00e4dter auf der Jagd nach Gesundheit einen Abstecher auf ihren Hof. Als Abschiedsgeschenk gibt es noch ein Paar Flaschen \u201aBlack Betty\u2019, ein Bier, das aus den Kr\u00e4utern ihres Gartens gebraut wird. Wermut, Gundelrebe, Giersch und M\u00e4des\u00fc\u00df sollen angeblich aphrodisierende Wirkung haben \u2013 auf uns wirken sie an diesem immer hei\u00dfer werdenden Tag immerhin ungemein erfrischend.<\/p>\n<div class=\"mag-gallery\"><div class=\"row\"><div class=\"col-6 col-sm-4\"><figure><a class=\"thumb-container\" href=\"https:\/\/www.salzburgerland.com\/de\/magazin\/wp-content\/uploads\/2015\/02\/wo_mtb_saalachtal_33-1280x1024.jpg\">\t<picture><source media=\"(min-width: 576px)\" srcset=\"https:\/\/www.salzburgerland.com\/de\/magazin\/wp-content\/uploads\/2015\/02\/wo_mtb_saalachtal_33-325x209.jpg 325w, https:\/\/www.salzburgerland.com\/de\/magazin\/wp-content\/uploads\/2015\/02\/wo_mtb_saalachtal_33-249x160.jpg 249w\" \/><source media=\"(min-width: 0)\" srcset=\"https:\/\/www.salzburgerland.com\/de\/magazin\/wp-content\/uploads\/2015\/02\/wo_mtb_saalachtal_33-249x160.jpg 249w, https:\/\/www.salzburgerland.com\/de\/magazin\/wp-content\/uploads\/2015\/02\/wo_mtb_saalachtal_33-325x209.jpg 325w\" \/><img decoding=\"async\" alt=\"Zwei Menschen im Freien, einer riecht an Kr\u00e4utern, beide tragen Sonnenbrillen, im Hintergrund ist unscharfes Gr\u00fcn zu sehen.\" src=\"https:\/\/www.salzburgerland.com\/de\/magazin\/wp-content\/uploads\/2015\/02\/wo_mtb_saalachtal_33.jpg\" \/>\t<\/picture><\/a><\/figure><\/div><div class=\"col-6 col-sm-4\"><figure><a class=\"thumb-container\" href=\"https:\/\/www.salzburgerland.com\/de\/magazin\/wp-content\/uploads\/2015\/02\/wo_mtb_saalachtal_31-1280x1024.jpg\">\t<picture><source media=\"(min-width: 576px)\" srcset=\"https:\/\/www.salzburgerland.com\/de\/magazin\/wp-content\/uploads\/2015\/02\/wo_mtb_saalachtal_31-325x209.jpg 325w, https:\/\/www.salzburgerland.com\/de\/magazin\/wp-content\/uploads\/2015\/02\/wo_mtb_saalachtal_31-249x160.jpg 249w\" \/><source media=\"(min-width: 0)\" srcset=\"https:\/\/www.salzburgerland.com\/de\/magazin\/wp-content\/uploads\/2015\/02\/wo_mtb_saalachtal_31-249x160.jpg 249w, https:\/\/www.salzburgerland.com\/de\/magazin\/wp-content\/uploads\/2015\/02\/wo_mtb_saalachtal_31-325x209.jpg 325w\" \/><img decoding=\"async\" alt=\"Frau steht im Freien im Sonnenlicht, ber\u00fchrt hohe Pflanzen, mit Bergen und B\u00e4umen im Hintergrund.\" src=\"https:\/\/www.salzburgerland.com\/de\/magazin\/wp-content\/uploads\/2015\/02\/wo_mtb_saalachtal_31.jpg\" \/>\t<\/picture><\/a><\/figure><\/div><div class=\"col-6 col-sm-4\"><figure><a class=\"thumb-container\" href=\"https:\/\/www.salzburgerland.com\/de\/magazin\/wp-content\/uploads\/2015\/02\/wo_mtb_saalachtal_28-1280x1024.jpg\">\t<picture><source media=\"(min-width: 576px)\" srcset=\"https:\/\/www.salzburgerland.com\/de\/magazin\/wp-content\/uploads\/2015\/02\/wo_mtb_saalachtal_28-325x209.jpg 325w, https:\/\/www.salzburgerland.com\/de\/magazin\/wp-content\/uploads\/2015\/02\/wo_mtb_saalachtal_28-249x160.jpg 249w\" \/><source media=\"(min-width: 0)\" srcset=\"https:\/\/www.salzburgerland.com\/de\/magazin\/wp-content\/uploads\/2015\/02\/wo_mtb_saalachtal_28-249x160.jpg 249w, https:\/\/www.salzburgerland.com\/de\/magazin\/wp-content\/uploads\/2015\/02\/wo_mtb_saalachtal_28-325x209.jpg 325w\" \/><img decoding=\"async\" alt=\"Frau mit Sonnenbrille steht inmitten von Sonnenblumen; Mann im Hintergrund mit Bergen und blauem Himmel hinter ihnen.\" src=\"https:\/\/www.salzburgerland.com\/de\/magazin\/wp-content\/uploads\/2015\/02\/wo_mtb_saalachtal_28.jpg\" \/>\t<\/picture><\/a><\/figure><\/div><\/div><\/div><figcaption><\/figcaption>\n<p><strong>Sommerferien-Gef\u00fchl macht Sich breit<\/strong><br \/>Am Nachmittag erwartet uns eine willkommene Abwechslung zu den Abenteuern bei Sonnenaufgang. Ganze 700 H\u00f6henmeter m\u00fcssen wir zwar auf dem Rundkurs \u00fcber die Wildalm bew\u00e4ltigen, aber diese ziehen sich \u00fcber gem\u00e4chliche Forststra\u00dfen durch den Wald. Lediglich der Abstecher zum Staubfall\u00a0f\u00e4llt wieder anspruchsvoller aus, streckenweise m\u00fcssen wir die Bikes schultern. Daf\u00fcr belohnt uns ein Sprung in die eiskalte Klamm f\u00fcr alle M\u00fchen. Eigentlich ist das Baden verboten, aber bei der Hitze dr\u00fcckt selbst Bernhard beide Augen zu, als wir uns in eine der nat\u00fcrlichen Badewannen st\u00fcrzen und, vor K\u00e4lte nach Luft schnappend, so schnell es geht zum Ufer zur\u00fcckrudern. Das war\u2019s wert! Die etzten steilen Kilometer bergauf zur Wildalm werden so zur Nebensache. Oben angekommen gibt es eine Runde Skiwasser, zu der Bernhard Geschichten \u00fcber seinen Alltag als Bikeguide und Hotelier erz\u00e4hlt.<\/p>\n<p>Seine Ruhe und Zufriedenheit sind geradezu ansteckend, aber auch verst\u00e4ndlich angesichts dieser Wohlf\u00fchl-Umgebung, in der er, zusammen mit seiner Familie, den Friedlwirt betreibt. Ob sich so ein Leben \u00fcberhaupt nach Arbeit anf\u00fchlt? F\u00fcr uns jedenfalls macht sich nach Sonnenaufgang-Trails, Kr\u00e4uterbier und Gebirgsbach-Baden ein echtes Sommerferien- Gef\u00fchl breit.<\/p>\n<p>Das Salzburger Saalachtal mit den Orten Lofer, Unken, St. Martin und Wei\u00dfbach liegt ca. 30 km s\u00fcdlich von Salzburg inmitten der Steinberge der n\u00f6rdlichen Kalkalpen. Steile Felsen sanfte Almgebiete und viele Wildb\u00e4che sind die Location f\u00fcr ein vielf\u00e4ltiges Biketourenangebot und Aktivurlaub. Grenz\u00fcberschreitende Touren zwischen Salzburg, Bayern und Tirol erm\u00f6glichen immer wieder neue Ausblicke und bieten Touren f\u00fcr Einsteiger und erfahrene Tourenbiker. Vorbei an den zahlreichen Klammen geht\u2019s auf die urigen bewirtschafteten Almen mit Ihren regionalen Spezialit\u00e4ten. Bikekarten mit Touren und GpS Tracks gibt es von Tourismusverband und einigen spezialisierten Gastgebern.<\/p>\n<div class=\"mag-gallery\"><div class=\"row\"><div class=\"col-6 col-sm-4\"><figure><a class=\"thumb-container\" href=\"https:\/\/www.salzburgerland.com\/de\/magazin\/wp-content\/uploads\/2015\/02\/wo_mtb_saalachtal_24-1280x1024.jpg\">\t<picture><source media=\"(min-width: 576px)\" srcset=\"https:\/\/www.salzburgerland.com\/de\/magazin\/wp-content\/uploads\/2015\/02\/wo_mtb_saalachtal_24-325x209.jpg 325w, https:\/\/www.salzburgerland.com\/de\/magazin\/wp-content\/uploads\/2015\/02\/wo_mtb_saalachtal_24-249x160.jpg 249w\" \/><source media=\"(min-width: 0)\" srcset=\"https:\/\/www.salzburgerland.com\/de\/magazin\/wp-content\/uploads\/2015\/02\/wo_mtb_saalachtal_24-249x160.jpg 249w, https:\/\/www.salzburgerland.com\/de\/magazin\/wp-content\/uploads\/2015\/02\/wo_mtb_saalachtal_24-325x209.jpg 325w\" \/><img decoding=\"async\" alt=\"Ein Mann w\u00e4scht ein Mountainbike an einer Au\u00dfenstation mit einem Wandgem\u00e4lde und einem bunten Rahmen um die T\u00fcr.\" src=\"https:\/\/www.salzburgerland.com\/de\/magazin\/wp-content\/uploads\/2015\/02\/wo_mtb_saalachtal_24.jpg\" \/>\t<\/picture><\/a><\/figure><\/div><div class=\"col-6 col-sm-4\"><figure><a class=\"thumb-container\" href=\"https:\/\/www.salzburgerland.com\/de\/magazin\/wp-content\/uploads\/2015\/02\/wo_mtb_saalachtal_21-1280x1024.jpg\">\t<picture><source media=\"(min-width: 576px)\" srcset=\"https:\/\/www.salzburgerland.com\/de\/magazin\/wp-content\/uploads\/2015\/02\/wo_mtb_saalachtal_21-325x209.jpg 325w, https:\/\/www.salzburgerland.com\/de\/magazin\/wp-content\/uploads\/2015\/02\/wo_mtb_saalachtal_21-249x160.jpg 249w\" \/><source media=\"(min-width: 0)\" srcset=\"https:\/\/www.salzburgerland.com\/de\/magazin\/wp-content\/uploads\/2015\/02\/wo_mtb_saalachtal_21-249x160.jpg 249w, https:\/\/www.salzburgerland.com\/de\/magazin\/wp-content\/uploads\/2015\/02\/wo_mtb_saalachtal_21-325x209.jpg 325w\" \/><img decoding=\"async\" alt=\"Zwei Radfahrer fahren auf einer Landstra\u00dfe in der N\u00e4he einer Kirche, mit Bergen und hellem Sonnenlicht im Hintergrund.\" src=\"https:\/\/www.salzburgerland.com\/de\/magazin\/wp-content\/uploads\/2015\/02\/wo_mtb_saalachtal_21.jpg\" \/>\t<\/picture><\/a><\/figure><\/div><div class=\"col-6 col-sm-4\"><figure><a class=\"thumb-container\" href=\"https:\/\/www.salzburgerland.com\/de\/magazin\/wp-content\/uploads\/2015\/02\/wo_mtb_saalachtal_45-1280x1024.jpg\">\t<picture><source media=\"(min-width: 576px)\" srcset=\"https:\/\/www.salzburgerland.com\/de\/magazin\/wp-content\/uploads\/2015\/02\/wo_mtb_saalachtal_45-325x209.jpg 325w, https:\/\/www.salzburgerland.com\/de\/magazin\/wp-content\/uploads\/2015\/02\/wo_mtb_saalachtal_45-249x160.jpg 249w\" \/><source media=\"(min-width: 0)\" srcset=\"https:\/\/www.salzburgerland.com\/de\/magazin\/wp-content\/uploads\/2015\/02\/wo_mtb_saalachtal_45-249x160.jpg 249w, https:\/\/www.salzburgerland.com\/de\/magazin\/wp-content\/uploads\/2015\/02\/wo_mtb_saalachtal_45-325x209.jpg 325w\" \/><img decoding=\"async\" alt=\"Zwei Personen entspannen sich in Liegest\u00fchlen auf einer Holzterrasse mit Blick auf Berge und bunte Blumen unter einem blauen Himmel.\" src=\"https:\/\/www.salzburgerland.com\/de\/magazin\/wp-content\/uploads\/2015\/02\/wo_mtb_saalachtal_45.jpg\" \/>\t<\/picture><\/a><\/figure><\/div><\/div><\/div><figcaption><\/figcaption>\n<p><strong>Nachfragen<\/strong><\/p>\n<p>Tourismusverband Salzburger Saalachtal<br \/>A-5090 Lofer Nr. 310<br \/>T: +43 6588 8321 0<br \/><a href=\"mailto:info@lofer.com\" target=\"_blank\">info@lofer.com<\/a><br \/><a href=\"http:\/\/www.lofer.com\" target=\"_blank\">www.lofer.com<\/a><\/p>\n<p><strong>Unterkommen<\/strong><br \/>Im Salzburger Saalachtal gibt es die bikespezialisierten Betriebe mit engagierten Gastgebern die gerne bei Touren unterst\u00fctzen und Tipps zu diesen geben. Das Guiding Team vom Bikegasthof Friedlwirt ist Eure Bike-Basic-Station im Salzburger Saalachtal. Die Outdoorspezialisten mit Ihrem Wildwasser und Kletteraktivit\u00e4ten erm\u00f6glichen viele Naturerlebnisse der besonderen Art.<\/p>\n<p><strong>Guiding<br \/>Bikegasthof Friedlwirt<br \/><\/strong>Monika und Bernhard Flatscher<br \/>Gepr\u00fcfte MTB Guides<br \/>5091 Unken<br \/>T: +43 6589 4265<br \/><a href=\"http:\/\/www.friedlwirt.at\" target=\"_blank\">www.friedlwirt.at<\/a><\/p>\n<p><strong>Bikeshops<\/strong><\/p>\n<p><strong>Unken: Martins Bike Shop<br \/><\/strong>Leihbikes, E-Bikes, Bike Shop, Bike Werkstatt\u00a0und Zubeh\u00f6r<br \/>5091 Unken<br \/>T: +43 6589 4265<br \/><a href=\"http:\/\/www.martins-bikeshop.at\" target=\"_blank\">www.martins-bikeshop.at<\/a><\/p>\n<p><strong>Lofer: Albert Krimbacher<br \/><\/strong>Leihbikes, Bikeshop, Werkstatt und Zubeh\u00f6r<br \/>+43 6588 83180<br \/><a href=\"http:\/\/www.fachmarkt.co\" target=\"_blank\">www.fachmarkt.co<\/a><\/p>\n<p><strong>Lifte<\/strong><br \/>Almenwelt Lofer<\/p>\n<p>Steinplatte Waidring<\/p>\n<p><strong>Tipp<br \/><\/strong>Mit der Salzburger Saalachtal Card erh\u00e4lt\u00a0man freien Eintritt in die Schwimmb\u00e4der, freie\u00a0Fahrt in die Almenwelt Lofer, kann sich die\u00a0imposanten Saalachtaler Naturgewalten, die\u00a0Seisenbergklamm und die Vorderkaserklamm\u00a0ansehen, und man bekommt zahlreiche\u00a0weitere Erm\u00e4\u00dfigungen.<\/p>\n<p><strong>Meeresh\u00f6he<br \/><\/strong>566 (Unken) &#8211; 680 (Wei\u00dfbach)<\/p>\n","protected":false},"excerpt":{"rendered":"<p>Wer es darauf anlegt, k\u00f6nnte seinen Bikeurlaub im Salzburger Land auf ungew\u00f6hnliche Art und Weise\u00a0beginnen: Nicht \u00fcber Autobahn oder Passstra\u00dfen anreisen, sondern die Grenze von Deutschland nach \u00d6sterreich auf einem engen Schmugglerpfad, der sich durch eine steile Schlucht hindurchzw\u00e4ngt, \u00fcberqueren. Der Staubfall, ein 200 Meter hoher, tosender Wasserfall, markiert den Grenz\u00fcbergang auf dem Weg vom [&hellip;]<\/p>\n","protected":false},"author":506,"featured_media":95271,"comment_status":"open","ping_status":"open","sticky":false,"template":"","format":"standard","meta":{"_acf_changed":false,"wl_entities_gutenberg":"","_wl_entity_redirect_enabled":"","footnotes":""},"categories":[8],"tags":[],"wl_entity_type":[306],"monatsauswahl":[86,87,88,89,90,91],"class_list":["post-95263","post","type-post","status-publish","format-standard","has-post-thumbnail","hentry","category-outdoor-sport","wl_entity_type-article","monatsauswahl-monat_5","monatsauswahl-monat_6","monatsauswahl-monat_7","monatsauswahl-monat_8","monatsauswahl-monat_9","monatsauswahl-monat_10"],"acf":[],"yoast_head":"<!-- This site is optimized with the Yoast SEO Premium plugin v27.4 (Yoast SEO v27.4) - https:\/\/yoast.com\/product\/yoast-seo-premium-wordpress\/ -->\n<title>Salzburger Saalachtal - Ein Tag Sommerferien - SalzburgerLand Magazin<\/title>\n<meta name=\"description\" content=\"Wer es darauf anlegt, k\u00f6nnte seinen Bikeurlaub im Salzburger Land auf ungew\u00f6hnliche Art und Weise\u00a0beginnen: Nicht \u00fcber Autobahn oder Passstra\u00dfen anreisen, sondern die Grenze von Deutschland nach \u00d6sterreich auf einem engen Schmugglerpfad, der sich durch eine steile Schlucht hindurchzw\u00e4ngt, \u00fcberqueren. Der Staubfall, ein 200 Meter hoher, tosender Wasserfall, markiert den Grenz\u00fcbergang auf dem Weg vom [&hellip;]\" \/>\n<meta name=\"robots\" content=\"index, follow, max-snippet:-1, max-image-preview:large, max-video-preview:-1\" \/>\n<link rel=\"canonical\" href=\"https:\/\/www.salzburgerland.com\/de\/magazin\/salzburger-saalachtal-ein-tag-sommerferien\/\" \/>\n<meta property=\"og:locale\" content=\"de_DE\" \/>\n<meta property=\"og:type\" content=\"article\" \/>\n<meta property=\"og:title\" content=\"Salzburger Saalachtal - Ein Tag Sommerferien\" \/>\n<meta property=\"og:description\" content=\"Wer es darauf anlegt, k\u00f6nnte seinen Bikeurlaub im Salzburger Land auf ungew\u00f6hnliche Art und Weise\u00a0beginnen: Nicht \u00fcber Autobahn oder Passstra\u00dfen anreisen, sondern die Grenze von Deutschland nach \u00d6sterreich auf einem engen Schmugglerpfad, der sich durch eine steile Schlucht hindurchzw\u00e4ngt, \u00fcberqueren. Der Staubfall, ein 200 Meter hoher, tosender Wasserfall, markiert den Grenz\u00fcbergang auf dem Weg vom [&hellip;]\" \/>\n<meta property=\"og:url\" content=\"https:\/\/www.salzburgerland.com\/de\/magazin\/salzburger-saalachtal-ein-tag-sommerferien\/\" \/>\n<meta property=\"og:site_name\" content=\"SalzburgerLand Magazin\" \/>\n<meta property=\"article:publisher\" content=\"https:\/\/www.facebook.com\/salzburgerland\/\" \/>\n<meta property=\"article:published_time\" content=\"2015-02-22T10:50:14+00:00\" \/>\n<meta property=\"article:modified_time\" content=\"2015-02-23T10:50:47+00:00\" \/>\n<meta property=\"og:image\" content=\"https:\/\/www.salzburgerland.com\/de\/magazin\/wp-content\/uploads\/2015\/02\/wo_mtb_saalachtal_16.jpg\" \/>\n\t<meta property=\"og:image:width\" content=\"1600\" \/>\n\t<meta property=\"og:image:height\" content=\"1067\" \/>\n\t<meta property=\"og:image:type\" content=\"image\/jpeg\" \/>\n<meta name=\"author\" content=\"World of MTB Magazin\" \/>\n<meta name=\"twitter:card\" content=\"summary_large_image\" \/>\n<meta name=\"twitter:creator\" content=\"@Salzburgerland\" \/>\n<meta name=\"twitter:site\" content=\"@Salzburgerland\" \/>\n<meta name=\"twitter:label1\" content=\"Verfasst von\" \/>\n\t<meta name=\"twitter:data1\" content=\"World of MTB Magazin\" \/>\n\t<meta name=\"twitter:label2\" content=\"Gesch\u00e4tzte Lesezeit\" \/>\n\t<meta name=\"twitter:data2\" content=\"6\u00a0Minuten\" \/>\n<script type=\"application\/ld+json\" class=\"yoast-schema-graph\">{\"@context\":\"https:\\\/\\\/schema.org\",\"@graph\":[{\"@type\":\"Article\",\"@id\":\"https:\\\/\\\/www.salzburgerland.com\\\/de\\\/magazin\\\/salzburger-saalachtal-ein-tag-sommerferien\\\/#article\",\"isPartOf\":{\"@id\":\"https:\\\/\\\/www.salzburgerland.com\\\/de\\\/magazin\\\/salzburger-saalachtal-ein-tag-sommerferien\\\/\"},\"author\":{\"name\":\"World of MTB Magazin\",\"@id\":\"https:\\\/\\\/www.salzburgerland.com\\\/de\\\/magazin\\\/#\\\/schema\\\/person\\\/197eef6eb5d65a2b7a2d6e4ff9743fba\"},\"headline\":\"Salzburger Saalachtal &#8211; Ein Tag Sommerferien\",\"datePublished\":\"2015-02-22T10:50:14+00:00\",\"dateModified\":\"2015-02-23T10:50:47+00:00\",\"mainEntityOfPage\":{\"@id\":\"https:\\\/\\\/www.salzburgerland.com\\\/de\\\/magazin\\\/salzburger-saalachtal-ein-tag-sommerferien\\\/\"},\"wordCount\":1220,\"commentCount\":0,\"publisher\":{\"@id\":\"https:\\\/\\\/www.salzburgerland.com\\\/de\\\/magazin\\\/#organization\"},\"image\":{\"@id\":\"https:\\\/\\\/www.salzburgerland.com\\\/de\\\/magazin\\\/salzburger-saalachtal-ein-tag-sommerferien\\\/#primaryimage\"},\"thumbnailUrl\":\"https:\\\/\\\/www.salzburgerland.com\\\/de\\\/magazin\\\/wp-content\\\/uploads\\\/2015\\\/02\\\/wo_mtb_saalachtal_16.jpg\",\"articleSection\":[\"Outdoor &amp; Sport\"],\"inLanguage\":\"de\",\"potentialAction\":[{\"@type\":\"CommentAction\",\"name\":\"Comment\",\"target\":[\"https:\\\/\\\/www.salzburgerland.com\\\/de\\\/magazin\\\/salzburger-saalachtal-ein-tag-sommerferien\\\/#respond\"]}]},{\"@type\":\"WebPage\",\"@id\":\"https:\\\/\\\/www.salzburgerland.com\\\/de\\\/magazin\\\/salzburger-saalachtal-ein-tag-sommerferien\\\/\",\"url\":\"https:\\\/\\\/www.salzburgerland.com\\\/de\\\/magazin\\\/salzburger-saalachtal-ein-tag-sommerferien\\\/\",\"name\":\"Salzburger Saalachtal - Ein Tag Sommerferien - SalzburgerLand Magazin\",\"isPartOf\":{\"@id\":\"https:\\\/\\\/www.salzburgerland.com\\\/de\\\/magazin\\\/#website\"},\"primaryImageOfPage\":{\"@id\":\"https:\\\/\\\/www.salzburgerland.com\\\/de\\\/magazin\\\/salzburger-saalachtal-ein-tag-sommerferien\\\/#primaryimage\"},\"image\":{\"@id\":\"https:\\\/\\\/www.salzburgerland.com\\\/de\\\/magazin\\\/salzburger-saalachtal-ein-tag-sommerferien\\\/#primaryimage\"},\"thumbnailUrl\":\"https:\\\/\\\/www.salzburgerland.com\\\/de\\\/magazin\\\/wp-content\\\/uploads\\\/2015\\\/02\\\/wo_mtb_saalachtal_16.jpg\",\"datePublished\":\"2015-02-22T10:50:14+00:00\",\"dateModified\":\"2015-02-23T10:50:47+00:00\",\"breadcrumb\":{\"@id\":\"https:\\\/\\\/www.salzburgerland.com\\\/de\\\/magazin\\\/salzburger-saalachtal-ein-tag-sommerferien\\\/#breadcrumb\"},\"inLanguage\":\"de\",\"potentialAction\":[{\"@type\":\"ReadAction\",\"target\":[\"https:\\\/\\\/www.salzburgerland.com\\\/de\\\/magazin\\\/salzburger-saalachtal-ein-tag-sommerferien\\\/\"]}]},{\"@type\":\"ImageObject\",\"inLanguage\":\"de\",\"@id\":\"https:\\\/\\\/www.salzburgerland.com\\\/de\\\/magazin\\\/salzburger-saalachtal-ein-tag-sommerferien\\\/#primaryimage\",\"url\":\"https:\\\/\\\/www.salzburgerland.com\\\/de\\\/magazin\\\/wp-content\\\/uploads\\\/2015\\\/02\\\/wo_mtb_saalachtal_16.jpg\",\"contentUrl\":\"https:\\\/\\\/www.salzburgerland.com\\\/de\\\/magazin\\\/wp-content\\\/uploads\\\/2015\\\/02\\\/wo_mtb_saalachtal_16.jpg\",\"width\":1600,\"height\":1067,\"caption\":\"Ein Radfahrer f\u00e4hrt mit seinem Mountainbike auf einem sonnenbeschienenen Waldweg mit B\u00e4umen und Bergen im Hintergrund.\"},{\"@type\":\"BreadcrumbList\",\"@id\":\"https:\\\/\\\/www.salzburgerland.com\\\/de\\\/magazin\\\/salzburger-saalachtal-ein-tag-sommerferien\\\/#breadcrumb\",\"itemListElement\":[{\"@type\":\"ListItem\",\"position\":1,\"name\":\"Startseite\",\"item\":\"https:\\\/\\\/www.salzburgerland.com\\\/de\\\/magazin\\\/\"},{\"@type\":\"ListItem\",\"position\":2,\"name\":\"Outdoor &amp; Sport\",\"item\":\"https:\\\/\\\/www.salzburgerland.com\\\/de\\\/magazin\\\/thema\\\/outdoor-sport\\\/\"},{\"@type\":\"ListItem\",\"position\":3,\"name\":\"Salzburger Saalachtal &#8211; Ein Tag Sommerferien\"}]},{\"@type\":\"WebSite\",\"@id\":\"https:\\\/\\\/www.salzburgerland.com\\\/de\\\/magazin\\\/#website\",\"url\":\"https:\\\/\\\/www.salzburgerland.com\\\/de\\\/magazin\\\/\",\"name\":\"SalzburgerLand Magazin\",\"description\":\"Geschichten und Interessantes aus dem SalzburgerLand\",\"publisher\":{\"@id\":\"https:\\\/\\\/www.salzburgerland.com\\\/de\\\/magazin\\\/#organization\"},\"potentialAction\":[{\"@type\":\"SearchAction\",\"target\":{\"@type\":\"EntryPoint\",\"urlTemplate\":\"https:\\\/\\\/www.salzburgerland.com\\\/de\\\/magazin\\\/?s={search_term_string}\"},\"query-input\":{\"@type\":\"PropertyValueSpecification\",\"valueRequired\":true,\"valueName\":\"search_term_string\"}}],\"inLanguage\":\"de\"},{\"@type\":\"Organization\",\"@id\":\"https:\\\/\\\/www.salzburgerland.com\\\/de\\\/magazin\\\/#organization\",\"name\":\"SalzburgerLand Tourismus\",\"url\":\"https:\\\/\\\/www.salzburgerland.com\\\/de\\\/magazin\\\/\",\"logo\":{\"@type\":\"ImageObject\",\"inLanguage\":\"de\",\"@id\":\"https:\\\/\\\/www.salzburgerland.com\\\/de\\\/magazin\\\/#\\\/schema\\\/logo\\\/image\\\/\",\"url\":\"https:\\\/\\\/www.salzburgerland.com\\\/de\\\/magazin\\\/wp-content\\\/uploads\\\/2019\\\/06\\\/salzburgerland-logo1.jpg\",\"contentUrl\":\"https:\\\/\\\/www.salzburgerland.com\\\/de\\\/magazin\\\/wp-content\\\/uploads\\\/2019\\\/06\\\/salzburgerland-logo1.jpg\",\"width\":2011,\"height\":866,\"caption\":\"SalzburgerLand Tourismus\"},\"image\":{\"@id\":\"https:\\\/\\\/www.salzburgerland.com\\\/de\\\/magazin\\\/#\\\/schema\\\/logo\\\/image\\\/\"},\"sameAs\":[\"https:\\\/\\\/www.facebook.com\\\/salzburgerland\\\/\",\"https:\\\/\\\/x.com\\\/Salzburgerland\",\"https:\\\/\\\/www.instagram.com\\\/salzburgerland\\\/\",\"https:\\\/\\\/at.linkedin.com\\\/company\\\/salzburgerland-tourismus-gmbh\",\"https:\\\/\\\/www.pinterest.at\\\/salzburgerland\\\/\",\"https:\\\/\\\/www.youtube.com\\\/user\\\/salzburgerland\",\"https:\\\/\\\/de.wikipedia.org\\\/wiki\\\/SalzburgerLand_Tourismus_GmbH\"]},{\"@type\":\"Person\",\"@id\":\"https:\\\/\\\/www.salzburgerland.com\\\/de\\\/magazin\\\/#\\\/schema\\\/person\\\/197eef6eb5d65a2b7a2d6e4ff9743fba\",\"name\":\"World of MTB Magazin\",\"description\":\"Das Team des World of MTB Magazins zieht von Fr\u00fchjahr bis Herbst gerne durch den Alpenraum auf der Suche nach einzigartigen Geschichten und den Menschen dahinter. Gerne halten wir uns l\u00e4nger an einem Ort auf um ihn in seiner ganzen Bandbreite aufnehmen zu k\u00f6nnen. Das Salzburger Land hat uns 2014 in seinen Bann gezogen und noch immer haben wir zahlreiche Abenteuer auf unserer pers\u00f6nlichen To-Do Liste. Dosige(r) oder Zuagroast? Durchgroast. Fr\u00fchling, Sommer, Herbst oder Winter? Haben alle ihren Reiz, als Mountainbiker bevorzugen wir nat\u00fcrlich die schneefreie Zeit. Gerade der Herbst bietet vielf\u00e4ltige hochalpine M\u00f6glichkeiten und vor allem Ruhemomente. Luxushotel oder Almh\u00fctte? Almh\u00fctte, denn die spannenden Geschichten gibt es meist bei Selbstgebranntem zu sp\u00e4ter Abendstunde. Auf dieses weitergegebene Wissen m\u00f6chten wir nicht mehr verzichten. Ausstellung oder Bergpanorama? Beides bedingt sich, beides inspiriert sich gegenseitig. Die Abwechslung macht es.\",\"url\":\"https:\\\/\\\/www.salzburgerland.com\\\/de\\\/magazin\\\/author\\\/world-of-mtb\\\/\"}]}<\/script>\n<!-- \/ Yoast SEO Premium plugin. -->","yoast_head_json":{"title":"Salzburger Saalachtal - Ein Tag Sommerferien - SalzburgerLand Magazin","description":"Wer es darauf anlegt, k\u00f6nnte seinen Bikeurlaub im Salzburger Land auf ungew\u00f6hnliche Art und Weise\u00a0beginnen: Nicht \u00fcber Autobahn oder Passstra\u00dfen anreisen, sondern die Grenze von Deutschland nach \u00d6sterreich auf einem engen Schmugglerpfad, der sich durch eine steile Schlucht hindurchzw\u00e4ngt, \u00fcberqueren. Der Staubfall, ein 200 Meter hoher, tosender Wasserfall, markiert den Grenz\u00fcbergang auf dem Weg vom [&hellip;]","robots":{"index":"index","follow":"follow","max-snippet":"max-snippet:-1","max-image-preview":"max-image-preview:large","max-video-preview":"max-video-preview:-1"},"canonical":"https:\/\/www.salzburgerland.com\/de\/magazin\/salzburger-saalachtal-ein-tag-sommerferien\/","og_locale":"de_DE","og_type":"article","og_title":"Salzburger Saalachtal - Ein Tag Sommerferien","og_description":"Wer es darauf anlegt, k\u00f6nnte seinen Bikeurlaub im Salzburger Land auf ungew\u00f6hnliche Art und Weise\u00a0beginnen: Nicht \u00fcber Autobahn oder Passstra\u00dfen anreisen, sondern die Grenze von Deutschland nach \u00d6sterreich auf einem engen Schmugglerpfad, der sich durch eine steile Schlucht hindurchzw\u00e4ngt, \u00fcberqueren. Der Staubfall, ein 200 Meter hoher, tosender Wasserfall, markiert den Grenz\u00fcbergang auf dem Weg vom [&hellip;]","og_url":"https:\/\/www.salzburgerland.com\/de\/magazin\/salzburger-saalachtal-ein-tag-sommerferien\/","og_site_name":"SalzburgerLand Magazin","article_publisher":"https:\/\/www.facebook.com\/salzburgerland\/","article_published_time":"2015-02-22T10:50:14+00:00","article_modified_time":"2015-02-23T10:50:47+00:00","og_image":[{"width":1600,"height":1067,"url":"https:\/\/www.salzburgerland.com\/de\/magazin\/wp-content\/uploads\/2015\/02\/wo_mtb_saalachtal_16.jpg","type":"image\/jpeg"}],"author":"World of MTB Magazin","twitter_card":"summary_large_image","twitter_creator":"@Salzburgerland","twitter_site":"@Salzburgerland","twitter_misc":{"Verfasst von":"World of MTB Magazin","Gesch\u00e4tzte Lesezeit":"6\u00a0Minuten"},"schema":{"@context":"https:\/\/schema.org","@graph":[{"@type":"Article","@id":"https:\/\/www.salzburgerland.com\/de\/magazin\/salzburger-saalachtal-ein-tag-sommerferien\/#article","isPartOf":{"@id":"https:\/\/www.salzburgerland.com\/de\/magazin\/salzburger-saalachtal-ein-tag-sommerferien\/"},"author":{"name":"World of MTB Magazin","@id":"https:\/\/www.salzburgerland.com\/de\/magazin\/#\/schema\/person\/197eef6eb5d65a2b7a2d6e4ff9743fba"},"headline":"Salzburger Saalachtal &#8211; Ein Tag Sommerferien","datePublished":"2015-02-22T10:50:14+00:00","dateModified":"2015-02-23T10:50:47+00:00","mainEntityOfPage":{"@id":"https:\/\/www.salzburgerland.com\/de\/magazin\/salzburger-saalachtal-ein-tag-sommerferien\/"},"wordCount":1220,"commentCount":0,"publisher":{"@id":"https:\/\/www.salzburgerland.com\/de\/magazin\/#organization"},"image":{"@id":"https:\/\/www.salzburgerland.com\/de\/magazin\/salzburger-saalachtal-ein-tag-sommerferien\/#primaryimage"},"thumbnailUrl":"https:\/\/www.salzburgerland.com\/de\/magazin\/wp-content\/uploads\/2015\/02\/wo_mtb_saalachtal_16.jpg","articleSection":["Outdoor &amp; Sport"],"inLanguage":"de","potentialAction":[{"@type":"CommentAction","name":"Comment","target":["https:\/\/www.salzburgerland.com\/de\/magazin\/salzburger-saalachtal-ein-tag-sommerferien\/#respond"]}]},{"@type":"WebPage","@id":"https:\/\/www.salzburgerland.com\/de\/magazin\/salzburger-saalachtal-ein-tag-sommerferien\/","url":"https:\/\/www.salzburgerland.com\/de\/magazin\/salzburger-saalachtal-ein-tag-sommerferien\/","name":"Salzburger Saalachtal - Ein Tag Sommerferien - SalzburgerLand Magazin","isPartOf":{"@id":"https:\/\/www.salzburgerland.com\/de\/magazin\/#website"},"primaryImageOfPage":{"@id":"https:\/\/www.salzburgerland.com\/de\/magazin\/salzburger-saalachtal-ein-tag-sommerferien\/#primaryimage"},"image":{"@id":"https:\/\/www.salzburgerland.com\/de\/magazin\/salzburger-saalachtal-ein-tag-sommerferien\/#primaryimage"},"thumbnailUrl":"https:\/\/www.salzburgerland.com\/de\/magazin\/wp-content\/uploads\/2015\/02\/wo_mtb_saalachtal_16.jpg","datePublished":"2015-02-22T10:50:14+00:00","dateModified":"2015-02-23T10:50:47+00:00","breadcrumb":{"@id":"https:\/\/www.salzburgerland.com\/de\/magazin\/salzburger-saalachtal-ein-tag-sommerferien\/#breadcrumb"},"inLanguage":"de","potentialAction":[{"@type":"ReadAction","target":["https:\/\/www.salzburgerland.com\/de\/magazin\/salzburger-saalachtal-ein-tag-sommerferien\/"]}]},{"@type":"ImageObject","inLanguage":"de","@id":"https:\/\/www.salzburgerland.com\/de\/magazin\/salzburger-saalachtal-ein-tag-sommerferien\/#primaryimage","url":"https:\/\/www.salzburgerland.com\/de\/magazin\/wp-content\/uploads\/2015\/02\/wo_mtb_saalachtal_16.jpg","contentUrl":"https:\/\/www.salzburgerland.com\/de\/magazin\/wp-content\/uploads\/2015\/02\/wo_mtb_saalachtal_16.jpg","width":1600,"height":1067,"caption":"Ein Radfahrer f\u00e4hrt mit seinem Mountainbike auf einem sonnenbeschienenen Waldweg mit B\u00e4umen und Bergen im Hintergrund."},{"@type":"BreadcrumbList","@id":"https:\/\/www.salzburgerland.com\/de\/magazin\/salzburger-saalachtal-ein-tag-sommerferien\/#breadcrumb","itemListElement":[{"@type":"ListItem","position":1,"name":"Startseite","item":"https:\/\/www.salzburgerland.com\/de\/magazin\/"},{"@type":"ListItem","position":2,"name":"Outdoor &amp; Sport","item":"https:\/\/www.salzburgerland.com\/de\/magazin\/thema\/outdoor-sport\/"},{"@type":"ListItem","position":3,"name":"Salzburger Saalachtal &#8211; Ein Tag Sommerferien"}]},{"@type":"WebSite","@id":"https:\/\/www.salzburgerland.com\/de\/magazin\/#website","url":"https:\/\/www.salzburgerland.com\/de\/magazin\/","name":"SalzburgerLand Magazin","description":"Geschichten und Interessantes aus dem SalzburgerLand","publisher":{"@id":"https:\/\/www.salzburgerland.com\/de\/magazin\/#organization"},"potentialAction":[{"@type":"SearchAction","target":{"@type":"EntryPoint","urlTemplate":"https:\/\/www.salzburgerland.com\/de\/magazin\/?s={search_term_string}"},"query-input":{"@type":"PropertyValueSpecification","valueRequired":true,"valueName":"search_term_string"}}],"inLanguage":"de"},{"@type":"Organization","@id":"https:\/\/www.salzburgerland.com\/de\/magazin\/#organization","name":"SalzburgerLand Tourismus","url":"https:\/\/www.salzburgerland.com\/de\/magazin\/","logo":{"@type":"ImageObject","inLanguage":"de","@id":"https:\/\/www.salzburgerland.com\/de\/magazin\/#\/schema\/logo\/image\/","url":"https:\/\/www.salzburgerland.com\/de\/magazin\/wp-content\/uploads\/2019\/06\/salzburgerland-logo1.jpg","contentUrl":"https:\/\/www.salzburgerland.com\/de\/magazin\/wp-content\/uploads\/2019\/06\/salzburgerland-logo1.jpg","width":2011,"height":866,"caption":"SalzburgerLand Tourismus"},"image":{"@id":"https:\/\/www.salzburgerland.com\/de\/magazin\/#\/schema\/logo\/image\/"},"sameAs":["https:\/\/www.facebook.com\/salzburgerland\/","https:\/\/x.com\/Salzburgerland","https:\/\/www.instagram.com\/salzburgerland\/","https:\/\/at.linkedin.com\/company\/salzburgerland-tourismus-gmbh","https:\/\/www.pinterest.at\/salzburgerland\/","https:\/\/www.youtube.com\/user\/salzburgerland","https:\/\/de.wikipedia.org\/wiki\/SalzburgerLand_Tourismus_GmbH"]},{"@type":"Person","@id":"https:\/\/www.salzburgerland.com\/de\/magazin\/#\/schema\/person\/197eef6eb5d65a2b7a2d6e4ff9743fba","name":"World of MTB Magazin","description":"Das Team des World of MTB Magazins zieht von Fr\u00fchjahr bis Herbst gerne durch den Alpenraum auf der Suche nach einzigartigen Geschichten und den Menschen dahinter. Gerne halten wir uns l\u00e4nger an einem Ort auf um ihn in seiner ganzen Bandbreite aufnehmen zu k\u00f6nnen. Das Salzburger Land hat uns 2014 in seinen Bann gezogen und noch immer haben wir zahlreiche Abenteuer auf unserer pers\u00f6nlichen To-Do Liste. Dosige(r) oder Zuagroast? Durchgroast. Fr\u00fchling, Sommer, Herbst oder Winter? Haben alle ihren Reiz, als Mountainbiker bevorzugen wir nat\u00fcrlich die schneefreie Zeit. Gerade der Herbst bietet vielf\u00e4ltige hochalpine M\u00f6glichkeiten und vor allem Ruhemomente. Luxushotel oder Almh\u00fctte? Almh\u00fctte, denn die spannenden Geschichten gibt es meist bei Selbstgebranntem zu sp\u00e4ter Abendstunde. Auf dieses weitergegebene Wissen m\u00f6chten wir nicht mehr verzichten. Ausstellung oder Bergpanorama? Beides bedingt sich, beides inspiriert sich gegenseitig. Die Abwechslung macht es.","url":"https:\/\/www.salzburgerland.com\/de\/magazin\/author\/world-of-mtb\/"}]}},"_wl_alt_label":[],"wl:entity_url":"http:\/\/open.salzburgerland.com\/magazin\/post\/salzburger_saalachtal_-_ein_tag_sommerferien","_links":{"self":[{"href":"https:\/\/www.salzburgerland.com\/de\/magazin\/wp-json\/wp\/v2\/posts\/95263","targetHints":{"allow":["GET"]}}],"collection":[{"href":"https:\/\/www.salzburgerland.com\/de\/magazin\/wp-json\/wp\/v2\/posts"}],"about":[{"href":"https:\/\/www.salzburgerland.com\/de\/magazin\/wp-json\/wp\/v2\/types\/post"}],"author":[{"embeddable":true,"href":"https:\/\/www.salzburgerland.com\/de\/magazin\/wp-json\/wp\/v2\/users\/506"}],"replies":[{"embeddable":true,"href":"https:\/\/www.salzburgerland.com\/de\/magazin\/wp-json\/wp\/v2\/comments?post=95263"}],"version-history":[{"count":0,"href":"https:\/\/www.salzburgerland.com\/de\/magazin\/wp-json\/wp\/v2\/posts\/95263\/revisions"}],"wp:featuredmedia":[{"embeddable":true,"href":"https:\/\/www.salzburgerland.com\/de\/magazin\/wp-json\/wp\/v2\/media\/95271"}],"wp:attachment":[{"href":"https:\/\/www.salzburgerland.com\/de\/magazin\/wp-json\/wp\/v2\/media?parent=95263"}],"wp:term":[{"taxonomy":"category","embeddable":true,"href":"https:\/\/www.salzburgerland.com\/de\/magazin\/wp-json\/wp\/v2\/categories?post=95263"},{"taxonomy":"post_tag","embeddable":true,"href":"https:\/\/www.salzburgerland.com\/de\/magazin\/wp-json\/wp\/v2\/tags?post=95263"},{"taxonomy":"wl_entity_type","embeddable":true,"href":"https:\/\/www.salzburgerland.com\/de\/magazin\/wp-json\/wp\/v2\/wl_entity_type?post=95263"},{"taxonomy":"monatsauswahl","embeddable":true,"href":"https:\/\/www.salzburgerland.com\/de\/magazin\/wp-json\/wp\/v2\/monatsauswahl?post=95263"}],"curies":[{"name":"wp","href":"https:\/\/api.w.org\/{rel}","templated":true}]}}