{"id":95241,"date":"2015-02-22T11:26:47","date_gmt":"2015-02-22T10:26:47","guid":{"rendered":"http:\/\/magazin.salzburgerland.com\/?p=95241"},"modified":"2015-02-23T11:27:35","modified_gmt":"2015-02-23T10:27:35","slug":"grossarltal-unter-alpinisten","status":"publish","type":"post","link":"https:\/\/www.salzburgerland.com\/de\/magazin\/grossarltal-unter-alpinisten\/","title":{"rendered":"Grossarltal &#8211; Unter Alpinisten"},"content":{"rendered":"<p>Willkommen im Bergsteigerdorf H\u00fcttschlag\u201c begr\u00fc\u00dft uns ein Schild wenige Kilometer hinter Grossarl. Bergsteigerdorf \u2013 ich muss an alte Schwarzwei\u00dfbilder von den Alpinisten der ersten Stunde denken, von M\u00e4nnern in schweren Bergschuhen und dicken M\u00e4nteln, ausger\u00fcstet mit Seilen aus Hanf und Eispickeln. Der Name ruft in mir unwillk\u00fcrlich diese Alpenromantik hervor, zu der Bilder von Trachten, Gipfelkreuzen und verwinkelten Dorfgassen geh\u00f6ren.<\/p>\n<p><strong>Pr\u00e4dikat \u201eBergsteigerdorf\u201c<br \/><\/strong>Bei der Ankunft im Dorfkern werden die Bilder Realit\u00e4t. Doch der Beiname der kleinen Gemeinde ist mehr als eine treffende Beschreibung des Charmes, den sie ausstrahlt. Der \u00d6sterreichische Alpenverein hat 20 Gemeinden und Talschaften das Pr\u00e4dikat \u201eBergsteigerdorf\u201c verliehen und dabei strenge Kriterien walten lassen. Die F\u00f6rderung eines nachhaltigen Tourismus im Einklang mit der Natur, gelebte Traditionen, ein bedeutendes H\u00f6henprofi l und eine starke Alpinkompetenz geh\u00f6ren zu den Voraussetzungen, um den offiziellen Titel tragen zu d\u00fcrfen. Der Gedanke, diese Eigenschaften besonders hervorzuheben und zu sch\u00fctzen,leuchtet uns sofort ein. In einem Bergsteigerdorf wird man keine Bettenburgen, keinen Massentourismus, nicht einmal Liftanlagen finden. Ein perfekter Wegweiser f\u00fcr alle, die mit Bike, Klettergurt oder Wanderschuhen ausger\u00fcstet, die Abgeschiedenheit in den Bergen suchen.<\/p>\n<p><strong>Perfekte Wanderidylle<\/strong><br \/>Auch wenn das Angebot an gef\u00fchrten Bergtouren gro\u00df ist, es mehrere Kletterrouten und -steige gibt, unsere Wahl f\u00e4llt nat\u00fcrlich auf das Bike. Immerhin, wer die Abwechslung bewusst sucht oder mit Kletterfreunden reist, h\u00e4tte im Grossarltal den perfekten Kompromiss gefunden \u2013 f\u00fcr uns Gleichgesinnte jedoch er\u00fcbrigen sich solche Diskussionen, wir planen gleich zwei Bike- Genusstouren zu den umliegenden Almen.<\/p>\n<p>Wir befnden uns in einem der Tauernt\u00e4ler, jene parallel verlaufenden Einschnitte in die Hohen Tauern, durch die das Gletscherund Regenwasser des Hochgebirges in die Salzach abflie\u00dft. Je tiefer es ins Tal geht, umso mehr n\u00e4hert sich die Grenze des Nationalparks Hohe Tauern und mit ihm der Talschluss. Die Ausl\u00e4ufer des 2.884 Meter hohen Keeskogel, h\u00f6chster Punkt der Gemeinde H\u00fcttschlag, versperren schlie\u00dflich jede Weiterfahrt. Ab hier geht es nur noch f\u00fcr Alpinisten weiter. Uns verschl\u00e4gt es an die Flanken des Tals, durch dichten Fichtenwald geht es gem\u00fctlich bis zur Hirschgrubenalm. Die Forststra\u00dfe l\u00e4sst uns gen\u00fcgend Puste, um die Natur um uns herum ausgiebig wahrzunehmen und um zu diskutieren, schlie\u00dflich ist Basti studierter Forstwirt und kann uns \u00a0stundenlang mit seinem Wissen \u00fcber die Flora der Berge unterhalten. Wir fallen in einen gem\u00e4chlichen Trott, in dem wir ganz mit der Regelm\u00e4\u00dfigkeit unserer Kurbelumdrehungen verschmelzen.<\/p>\n<p>Fehlt nur noch, dass wir ein Lied anstimmen und uns Fasanenfedern an die Helme stecken, schie\u00dft es mir durch den Kopf \u2013 die Wanderidylle ist einfach zu perfekt. Unter neugierigen Blicken von den echten Wandersleuten schieben wir schlie\u00dflich unsere Bikes durch das Tor der Alm, es wird gegr\u00fc\u00dft, getratscht und \u00fcber das Wetter gefachsimpelt. Hier oben versteht man sich, Unterschiede verschwinden zwischen jenen, die die gleiche Leidenschaft f\u00fcr die Berge teilen. Erst bei Antreten der R\u00fcckreise wird wieder deutlich, was unsere Welten dann doch trennt: Die bergauf erk\u00e4mpften 500 H\u00f6henmeter verwandeln sich nun f\u00fcr uns in reinen Abfahrtsgenuss. Forststra\u00dfen und Wege werden zu unserem Spielplatz. Wandern macht sicher gl\u00fccklich, aber ob Wanderer auch bis \u00fcber beide Ohren grinsend im Tal ankommen?<\/p>\n<div class=\"mag-gallery\"><div class=\"row\"><div class=\"col-6 col-sm-4\"><figure><a class=\"thumb-container\" href=\"https:\/\/www.salzburgerland.com\/de\/magazin\/wp-content\/uploads\/2015\/02\/wo_mtb_grossarltal_15-1280x1024.jpg\">\t<picture><source media=\"(min-width: 576px)\" srcset=\"https:\/\/www.salzburgerland.com\/de\/magazin\/wp-content\/uploads\/2015\/02\/wo_mtb_grossarltal_15-325x209.jpg 325w, https:\/\/www.salzburgerland.com\/de\/magazin\/wp-content\/uploads\/2015\/02\/wo_mtb_grossarltal_15-249x160.jpg 249w\" \/><source media=\"(min-width: 0)\" srcset=\"https:\/\/www.salzburgerland.com\/de\/magazin\/wp-content\/uploads\/2015\/02\/wo_mtb_grossarltal_15-249x160.jpg 249w, https:\/\/www.salzburgerland.com\/de\/magazin\/wp-content\/uploads\/2015\/02\/wo_mtb_grossarltal_15-325x209.jpg 325w\" \/><img decoding=\"async\" alt=\"Zwei Radfahrer fahren auf einem Waldweg, gesehen durch eine Vertiefung in einem gro\u00dfen Baumstamm mit Sonnenlicht dar\u00fcber.\" src=\"https:\/\/www.salzburgerland.com\/de\/magazin\/wp-content\/uploads\/2015\/02\/wo_mtb_grossarltal_15.jpg\" \/>\t<\/picture><\/a><\/figure><\/div><div class=\"col-6 col-sm-4\"><figure><a class=\"thumb-container\" href=\"https:\/\/www.salzburgerland.com\/de\/magazin\/wp-content\/uploads\/2015\/02\/wo_mtb_grossarltal_23-1280x1024.jpg\">\t<picture><source media=\"(min-width: 576px)\" srcset=\"https:\/\/www.salzburgerland.com\/de\/magazin\/wp-content\/uploads\/2015\/02\/wo_mtb_grossarltal_23-325x209.jpg 325w, https:\/\/www.salzburgerland.com\/de\/magazin\/wp-content\/uploads\/2015\/02\/wo_mtb_grossarltal_23-249x160.jpg 249w\" \/><source media=\"(min-width: 0)\" srcset=\"https:\/\/www.salzburgerland.com\/de\/magazin\/wp-content\/uploads\/2015\/02\/wo_mtb_grossarltal_23-249x160.jpg 249w, https:\/\/www.salzburgerland.com\/de\/magazin\/wp-content\/uploads\/2015\/02\/wo_mtb_grossarltal_23-325x209.jpg 325w\" \/><img decoding=\"async\" alt=\"Zwei Radfahrer fahren bei hellem Tageslicht mit dem Mountainbike auf einem Waldweg an einem markierten Baumstumpf vorbei.\" src=\"https:\/\/www.salzburgerland.com\/de\/magazin\/wp-content\/uploads\/2015\/02\/wo_mtb_grossarltal_23.jpg\" \/>\t<\/picture><\/a><\/figure><\/div><div class=\"col-6 col-sm-4\"><figure><a class=\"thumb-container\" href=\"https:\/\/www.salzburgerland.com\/de\/magazin\/wp-content\/uploads\/2015\/02\/wo_mtb_grossarltal_60-1280x1024.jpg\">\t<picture><source media=\"(min-width: 576px)\" srcset=\"https:\/\/www.salzburgerland.com\/de\/magazin\/wp-content\/uploads\/2015\/02\/wo_mtb_grossarltal_60-325x209.jpg 325w, https:\/\/www.salzburgerland.com\/de\/magazin\/wp-content\/uploads\/2015\/02\/wo_mtb_grossarltal_60-249x160.jpg 249w\" \/><source media=\"(min-width: 0)\" srcset=\"https:\/\/www.salzburgerland.com\/de\/magazin\/wp-content\/uploads\/2015\/02\/wo_mtb_grossarltal_60-249x160.jpg 249w, https:\/\/www.salzburgerland.com\/de\/magazin\/wp-content\/uploads\/2015\/02\/wo_mtb_grossarltal_60-325x209.jpg 325w\" \/><img decoding=\"async\" alt=\"Ein abgenutzter Stiefel, der als Pflanzgef\u00e4\u00df dient, ist mit gelben Blumen gef\u00fcllt und steht an einer rustikalen Holzwand.\" src=\"https:\/\/www.salzburgerland.com\/de\/magazin\/wp-content\/uploads\/2015\/02\/wo_mtb_grossarltal_60.jpg\" \/>\t<\/picture><\/a><\/figure><\/div><\/div><\/div><figcaption><\/figcaption>\n<p><strong>Im Tal der Almen<br \/><\/strong>Nicht umsonst wird das Grossarltal auch \u201aTal der Almen\u2019 genannt \u2013 nach einem kurzen Mittagessen starten wir von Grossarl zur zweiten Alm des Tages. Diesmal konditionell fordernder geht es fast 800 H\u00f6henmeter bergauf zur Bichlalm. Wieder empfangen uns ein herzliches \u201eGria\u00df Eich\u201c und eine Almjause, wieder sind selbst die Kinder in die Bewirtung der Alm mit eingebunden und helfen beim Servieren der Speisen. Diesmal \u00fcberraschen wir beim Eintreten in die Alm sogar die ganze Familie,\u00a0die vom Kleinkind bis zu den Gro\u00dfeltern am gemeinsamen Brotzeittisch sitzt. Gem\u00fctlich sieht es aus, und st\u00f6ren l\u00e4sst sich von uns so schnell keiner \u2013 wir werden in die Stube gewunken.<\/p>\n<p><strong>Krampusmasken im Talmuseum<br \/><\/strong>Es ist schon etwas Besonderes, die Verbindung von einzigartiger Bergwelt und der Vielfalt \u00a0unterschiedlichster Kulturen, welche die Alpen hervorgebracht hat. Dieser Reichtum wird uns noch bewusster, als wir zum Abschluss des Tages das Talmuseum am Eingang zum Nationalpark besuchen. In einem alten Bauernhaus wurde hier die Vergangenheit konserviert. Zwischen Fotos, Urkunden, Kleidern und Gem\u00e4lden aus den letzten Jahrhunderten faszinieren uns vor allem die Krampusmasken: Die gruseligen, aus Holz geschnitzten Fratzen k\u00f6nnen mit Monstern aus modernen Hollywood- Thrillern locker mithalten und werden noch heute anl\u00e4sslich der Krampusumz\u00fcge zur Adventszeit getragen. Hermann Prommegger hat diese alte Schnitzkunst bis zur Perfektion\u00a0 weiterentwickelt und stellt hier Masken aus, deren Tr\u00e4gern man wirklich nicht alleine im Dunkeln begegnen m\u00f6chte.<\/p>\n<p>Nat\u00fcrlich sind es die Einsamkeit, das Naturerlebnis, die uns immer wieder in Berge locken \u2013 ohne die unterschiedlichsten Traditionen und Kulturg\u00fcter, zu denen der Almk\u00e4se genauso geh\u00f6rt wie das \u201ePfiat Di\u201c zum Abschied, w\u00fcrde uns Reisenden jedoch viel fehlen. Diese Traditionen zu sch\u00fctzen, haben sich die Bergsteigerd\u00f6rfer zur Aufgabe gemacht, womit ihnen eine Vorreiterrolle f\u00fcr die Umsetzung der Alpenkonvention zukommt. Ein echtes politisches Statement also, unser Tag in H\u00fcttschlag: damit uns Kultur und Natur des Alpenraumes noch f\u00fcr viele Touren erhalten bleiben.<\/p>\n<p>Rund 70 km s\u00fcdlich der Mozartstadt Salzburg liegt das Gro\u00dfarltal auch \u201eTal der Almen\u201c genannt. Aufgrund der seinerzeit schwierigen Erreichbarkeit ist das Tal frei geblieben von jeglichem Durchzugsverkehr. Heute erschlie\u00dfe es sich \u00fcber eine gut ausgebaute Zufahrt hoch oberhalb der weltber\u00fchmten Liechtensteinklamm und ist f\u00fcr jedermann gut erreichbar. Etwa in der Mitte des 30 km langen Tales liegt der Hauptort Gro\u00dfarl mit ca. 3.700 Einwohnern. Weitere 8 km taleinw\u00e4rts befindet sich der Ort H\u00fcttschlag mit rund 920 Einwohner. Durch die Eingliederung des Talschlusses in den Nationalpark Hohe Tauern darf sich H\u00fcttschlag mit Stolz \u201eNationalparkgemeinde\u201c nennen und z\u00e4hlt seit 2008 auch zu den nach strengen Kriterien ausgew\u00e4hlten \u201eBergsteigerd\u00f6rfern \u00d6sterreichs\u201c, einem Projekt des \u00d6sterreichischen Alpenvereines im Rahmen der Umsetzung der Internationalen Alpenkonvention.<\/p>\n<div class=\"mag-gallery\"><div class=\"row\"><div class=\"col-6 col-sm-4\"><figure><a class=\"thumb-container\" href=\"https:\/\/www.salzburgerland.com\/de\/magazin\/wp-content\/uploads\/2015\/02\/wo_mtb_grossarltal_46-1280x1024.jpg\">\t<picture><source media=\"(min-width: 576px)\" srcset=\"https:\/\/www.salzburgerland.com\/de\/magazin\/wp-content\/uploads\/2015\/02\/wo_mtb_grossarltal_46-325x209.jpg 325w, https:\/\/www.salzburgerland.com\/de\/magazin\/wp-content\/uploads\/2015\/02\/wo_mtb_grossarltal_46-249x160.jpg 249w\" \/><source media=\"(min-width: 0)\" srcset=\"https:\/\/www.salzburgerland.com\/de\/magazin\/wp-content\/uploads\/2015\/02\/wo_mtb_grossarltal_46-249x160.jpg 249w, https:\/\/www.salzburgerland.com\/de\/magazin\/wp-content\/uploads\/2015\/02\/wo_mtb_grossarltal_46-325x209.jpg 325w\" \/><img decoding=\"async\" alt=\"Nahaufnahme eines h\u00f6lzernen Troll- oder Ogergesichts mit gr\u00fcnen Augen, einer gro\u00dfen Nase und wei\u00dfen pelzigen Augenbrauen.\" src=\"https:\/\/www.salzburgerland.com\/de\/magazin\/wp-content\/uploads\/2015\/02\/wo_mtb_grossarltal_46.jpg\" \/>\t<\/picture><\/a><\/figure><\/div><div class=\"col-6 col-sm-4\"><figure><a class=\"thumb-container\" href=\"https:\/\/www.salzburgerland.com\/de\/magazin\/wp-content\/uploads\/2015\/02\/wo_mtb_grossarltal_33-1280x1024.jpg\">\t<picture><source media=\"(min-width: 576px)\" srcset=\"https:\/\/www.salzburgerland.com\/de\/magazin\/wp-content\/uploads\/2015\/02\/wo_mtb_grossarltal_33-325x209.jpg 325w, https:\/\/www.salzburgerland.com\/de\/magazin\/wp-content\/uploads\/2015\/02\/wo_mtb_grossarltal_33-249x160.jpg 249w\" \/><source media=\"(min-width: 0)\" srcset=\"https:\/\/www.salzburgerland.com\/de\/magazin\/wp-content\/uploads\/2015\/02\/wo_mtb_grossarltal_33-249x160.jpg 249w, https:\/\/www.salzburgerland.com\/de\/magazin\/wp-content\/uploads\/2015\/02\/wo_mtb_grossarltal_33-325x209.jpg 325w\" \/><img decoding=\"async\" alt=\"Zwei Radfahrer fahren einen grasbewachsenen H\u00fcgel hinunter, vorbei an Wildblumen und einer kleinen Holzh\u00fctte in einem bewaldeten Berggebiet.\" src=\"https:\/\/www.salzburgerland.com\/de\/magazin\/wp-content\/uploads\/2015\/02\/wo_mtb_grossarltal_33.jpg\" \/>\t<\/picture><\/a><\/figure><\/div><div class=\"col-6 col-sm-4\"><figure><a class=\"thumb-container\" href=\"https:\/\/www.salzburgerland.com\/de\/magazin\/wp-content\/uploads\/2015\/02\/wo_mtb_grossarltal_17-1280x1024.jpg\">\t<picture><source media=\"(min-width: 576px)\" srcset=\"https:\/\/www.salzburgerland.com\/de\/magazin\/wp-content\/uploads\/2015\/02\/wo_mtb_grossarltal_17-325x209.jpg 325w, https:\/\/www.salzburgerland.com\/de\/magazin\/wp-content\/uploads\/2015\/02\/wo_mtb_grossarltal_17-249x160.jpg 249w\" \/><source media=\"(min-width: 0)\" srcset=\"https:\/\/www.salzburgerland.com\/de\/magazin\/wp-content\/uploads\/2015\/02\/wo_mtb_grossarltal_17-249x160.jpg 249w, https:\/\/www.salzburgerland.com\/de\/magazin\/wp-content\/uploads\/2015\/02\/wo_mtb_grossarltal_17-325x209.jpg 325w\" \/><img decoding=\"async\" alt=\"Zwei Personen fahren mit ihren Mountainbikes auf einem grasbewachsenen Weg neben einem Teich, wobei sich ihre Gesichter im Wasser spiegeln.\" src=\"https:\/\/www.salzburgerland.com\/de\/magazin\/wp-content\/uploads\/2015\/02\/wo_mtb_grossarltal_17.jpg\" \/>\t<\/picture><\/a><\/figure><\/div><div class=\"col-6 col-sm-4\"><figure><a class=\"thumb-container\" href=\"https:\/\/www.salzburgerland.com\/de\/magazin\/wp-content\/uploads\/2015\/02\/wo_mtb_grossarltal_13-1280x1024.jpg\">\t<picture><source media=\"(min-width: 576px)\" srcset=\"https:\/\/www.salzburgerland.com\/de\/magazin\/wp-content\/uploads\/2015\/02\/wo_mtb_grossarltal_13-325x209.jpg 325w, https:\/\/www.salzburgerland.com\/de\/magazin\/wp-content\/uploads\/2015\/02\/wo_mtb_grossarltal_13-249x160.jpg 249w\" \/><source media=\"(min-width: 0)\" srcset=\"https:\/\/www.salzburgerland.com\/de\/magazin\/wp-content\/uploads\/2015\/02\/wo_mtb_grossarltal_13-249x160.jpg 249w, https:\/\/www.salzburgerland.com\/de\/magazin\/wp-content\/uploads\/2015\/02\/wo_mtb_grossarltal_13-325x209.jpg 325w\" \/><img decoding=\"async\" alt=\"Zwei Radfahrer in der N\u00e4he einer Holzh\u00fctte mit Sitzgelegenheiten im Freien, umgeben von Bergen und Kiefern.\" src=\"https:\/\/www.salzburgerland.com\/de\/magazin\/wp-content\/uploads\/2015\/02\/wo_mtb_grossarltal_13.jpg\" \/>\t<\/picture><\/a><\/figure><\/div><div class=\"col-6 col-sm-4\"><figure><a class=\"thumb-container\" href=\"https:\/\/www.salzburgerland.com\/de\/magazin\/wp-content\/uploads\/2015\/02\/wo_mtb_grossarltal_37-1280x1024.jpg\">\t<picture><source media=\"(min-width: 576px)\" srcset=\"https:\/\/www.salzburgerland.com\/de\/magazin\/wp-content\/uploads\/2015\/02\/wo_mtb_grossarltal_37-325x209.jpg 325w, https:\/\/www.salzburgerland.com\/de\/magazin\/wp-content\/uploads\/2015\/02\/wo_mtb_grossarltal_37-249x160.jpg 249w\" \/><source media=\"(min-width: 0)\" srcset=\"https:\/\/www.salzburgerland.com\/de\/magazin\/wp-content\/uploads\/2015\/02\/wo_mtb_grossarltal_37-249x160.jpg 249w, https:\/\/www.salzburgerland.com\/de\/magazin\/wp-content\/uploads\/2015\/02\/wo_mtb_grossarltal_37-325x209.jpg 325w\" \/><img decoding=\"async\" alt=\"Ein Mann untersucht eine Flasche in einem Gesch\u00e4ft mit Regalen voller Gl\u00e4ser, Flaschen und Figuren hinter ihm.\" src=\"https:\/\/www.salzburgerland.com\/de\/magazin\/wp-content\/uploads\/2015\/02\/wo_mtb_grossarltal_37.jpg\" \/>\t<\/picture><\/a><\/figure><\/div><div class=\"col-6 col-sm-4\"><figure><a class=\"thumb-container\" href=\"https:\/\/www.salzburgerland.com\/de\/magazin\/wp-content\/uploads\/2015\/02\/wo_mtb_grossarltal_52-1280x1024.jpg\">\t<picture><source media=\"(min-width: 576px)\" srcset=\"https:\/\/www.salzburgerland.com\/de\/magazin\/wp-content\/uploads\/2015\/02\/wo_mtb_grossarltal_52-325x209.jpg 325w, https:\/\/www.salzburgerland.com\/de\/magazin\/wp-content\/uploads\/2015\/02\/wo_mtb_grossarltal_52-249x160.jpg 249w\" \/><source media=\"(min-width: 0)\" srcset=\"https:\/\/www.salzburgerland.com\/de\/magazin\/wp-content\/uploads\/2015\/02\/wo_mtb_grossarltal_52-249x160.jpg 249w, https:\/\/www.salzburgerland.com\/de\/magazin\/wp-content\/uploads\/2015\/02\/wo_mtb_grossarltal_52-325x209.jpg 325w\" \/><img decoding=\"async\" alt=\"Zwei Personen essen Nachtisch und trinken Kaffee in einer gem\u00fctlichen Holzh\u00fctte mit gemusterten Vorh\u00e4ngen und rustikalem Dekor.\" src=\"https:\/\/www.salzburgerland.com\/de\/magazin\/wp-content\/uploads\/2015\/02\/wo_mtb_grossarltal_52.jpg\" \/>\t<\/picture><\/a><\/figure><\/div><\/div><\/div><figcaption><\/figcaption>\n<p><strong>Nachfragen<br \/><\/strong>Tourismusverband Gro\u00dfarltal<br \/>Markt 1<br \/>5611 Gro\u00dfarl<br \/>T: +43 6414 281<br \/><a href=\"mailto:info@grossarltal.info\" target=\"_blank\">info@grossarltal.info<br \/><\/a><a href=\"http:\/\/www.grossarltal.info\" target=\"_blank\">www.grossarltal.info<\/a><\/p>\n<p><strong>Service &amp; Guiding<br \/><\/strong>Gef\u00fchrte Bike-, Rad- und E-Biketouren inkl.\u00a0Verleih (ab 3 Personen, Anmeldung am Vortag\u00a0erforderlich)\u00a0Weitere gef\u00fchrte Mountainbike- und\u00a0E-Biketouren laut Sommer-Aktivprogramm\u00a0im Wochenveranstaltungskalender.<\/p>\n<p><strong>Tipp<br \/><\/strong>Infos, Anmeldung, Touren- und\u00a0Routenplanung\u00a0Rad-Shop und Biketreff:\u00a0<\/p>\n<p><strong>Intersport Lackner<br \/><\/strong>Unterberg 67<br \/>5611 Gro\u00dfarl<br \/>T: +43 6414 269<br \/><a href=\"http:\/\/www.sport-lackner.at\" target=\"_blank\">www.sport-lackner.at<\/a><\/p>\n<p><strong>Unterkommen<br \/><\/strong>Das Gro\u00dfarltal bietet f\u00fcr jeden Geschmack\u00a0die passende Unterkunft. Wer Ruhe und\u00a0Bergverbundenheit sucht ist im Bergsteigerdorf\u00a0H\u00fcttschlag genau richtig.\u00a0Wer jedoch gro\u00dfz\u00fcgige Wellnesshotels\u00a0bevorzugt dem sei der Hauptort Grossarl\u00a0empfohlen, wo auch der Ausgangspunkt\u00a0f\u00fcr die meisten Touren liegt.\u00a0<a href=\"http:\/\/www.grossarltal.info\" target=\"_blank\">www.grossarltal.info<\/a><\/p>\n<p><strong>Meeresh\u00f6he<br \/><\/strong>920 m (Gro\u00dfarl) \u2013 1020 m (H\u00fcttschlag)<\/p>\n","protected":false},"excerpt":{"rendered":"<p>Willkommen im Bergsteigerdorf H\u00fcttschlag\u201c begr\u00fc\u00dft uns ein Schild wenige Kilometer hinter Grossarl. Bergsteigerdorf \u2013 ich muss an alte Schwarzwei\u00dfbilder von den Alpinisten der ersten Stunde denken, von M\u00e4nnern in schweren Bergschuhen und dicken M\u00e4nteln, ausger\u00fcstet mit Seilen aus Hanf und Eispickeln. Der Name ruft in mir unwillk\u00fcrlich diese Alpenromantik hervor, zu der Bilder von Trachten, [&hellip;]<\/p>\n","protected":false},"author":506,"featured_media":95244,"comment_status":"open","ping_status":"open","sticky":false,"template":"","format":"standard","meta":{"_acf_changed":false,"wl_entities_gutenberg":"","_wl_entity_redirect_enabled":"","footnotes":""},"categories":[8],"tags":[],"wl_entity_type":[306],"monatsauswahl":[86,87,88,89,90,91],"class_list":["post-95241","post","type-post","status-publish","format-standard","has-post-thumbnail","hentry","category-outdoor-sport","wl_entity_type-article","monatsauswahl-monat_5","monatsauswahl-monat_6","monatsauswahl-monat_7","monatsauswahl-monat_8","monatsauswahl-monat_9","monatsauswahl-monat_10"],"acf":[],"yoast_head":"<!-- This site is optimized with the Yoast SEO Premium plugin v27.4 (Yoast SEO v27.4) - https:\/\/yoast.com\/product\/yoast-seo-premium-wordpress\/ -->\n<title>Grossarltal - Unter Alpinisten - SalzburgerLand Magazin<\/title>\n<meta name=\"description\" content=\"Willkommen im Bergsteigerdorf H\u00fcttschlag\u201c begr\u00fc\u00dft uns ein Schild wenige Kilometer hinter Grossarl. Bergsteigerdorf \u2013 ich muss an alte Schwarzwei\u00dfbilder von den Alpinisten der ersten Stunde denken, von M\u00e4nnern in schweren Bergschuhen und dicken M\u00e4nteln, ausger\u00fcstet mit Seilen aus Hanf und Eispickeln. Der Name ruft in mir unwillk\u00fcrlich diese Alpenromantik hervor, zu der Bilder von Trachten, [&hellip;]\" \/>\n<meta name=\"robots\" content=\"index, follow, max-snippet:-1, max-image-preview:large, max-video-preview:-1\" \/>\n<link rel=\"canonical\" href=\"https:\/\/www.salzburgerland.com\/de\/magazin\/grossarltal-unter-alpinisten\/\" \/>\n<meta property=\"og:locale\" content=\"de_DE\" \/>\n<meta property=\"og:type\" content=\"article\" \/>\n<meta property=\"og:title\" content=\"Grossarltal - Unter Alpinisten\" \/>\n<meta property=\"og:description\" content=\"Willkommen im Bergsteigerdorf H\u00fcttschlag\u201c begr\u00fc\u00dft uns ein Schild wenige Kilometer hinter Grossarl. Bergsteigerdorf \u2013 ich muss an alte Schwarzwei\u00dfbilder von den Alpinisten der ersten Stunde denken, von M\u00e4nnern in schweren Bergschuhen und dicken M\u00e4nteln, ausger\u00fcstet mit Seilen aus Hanf und Eispickeln. Der Name ruft in mir unwillk\u00fcrlich diese Alpenromantik hervor, zu der Bilder von Trachten, [&hellip;]\" \/>\n<meta property=\"og:url\" content=\"https:\/\/www.salzburgerland.com\/de\/magazin\/grossarltal-unter-alpinisten\/\" \/>\n<meta property=\"og:site_name\" content=\"SalzburgerLand Magazin\" \/>\n<meta property=\"article:publisher\" content=\"https:\/\/www.facebook.com\/salzburgerland\/\" \/>\n<meta property=\"article:published_time\" content=\"2015-02-22T10:26:47+00:00\" \/>\n<meta property=\"article:modified_time\" content=\"2015-02-23T10:27:35+00:00\" \/>\n<meta property=\"og:image\" content=\"https:\/\/www.salzburgerland.com\/de\/magazin\/wp-content\/uploads\/2015\/02\/wo_mtb_grossarltal_01.jpg\" \/>\n\t<meta property=\"og:image:width\" content=\"1600\" \/>\n\t<meta property=\"og:image:height\" content=\"1067\" \/>\n\t<meta property=\"og:image:type\" content=\"image\/jpeg\" \/>\n<meta name=\"author\" content=\"World of MTB Magazin\" \/>\n<meta name=\"twitter:card\" content=\"summary_large_image\" \/>\n<meta name=\"twitter:creator\" content=\"@Salzburgerland\" \/>\n<meta name=\"twitter:site\" content=\"@Salzburgerland\" \/>\n<meta name=\"twitter:label1\" content=\"Verfasst von\" \/>\n\t<meta name=\"twitter:data1\" content=\"World of MTB Magazin\" \/>\n\t<meta name=\"twitter:label2\" content=\"Gesch\u00e4tzte Lesezeit\" \/>\n\t<meta name=\"twitter:data2\" content=\"6\u00a0Minuten\" \/>\n<script type=\"application\/ld+json\" class=\"yoast-schema-graph\">{\"@context\":\"https:\\\/\\\/schema.org\",\"@graph\":[{\"@type\":\"Article\",\"@id\":\"https:\\\/\\\/www.salzburgerland.com\\\/de\\\/magazin\\\/grossarltal-unter-alpinisten\\\/#article\",\"isPartOf\":{\"@id\":\"https:\\\/\\\/www.salzburgerland.com\\\/de\\\/magazin\\\/grossarltal-unter-alpinisten\\\/\"},\"author\":{\"name\":\"World of MTB Magazin\",\"@id\":\"https:\\\/\\\/www.salzburgerland.com\\\/de\\\/magazin\\\/#\\\/schema\\\/person\\\/197eef6eb5d65a2b7a2d6e4ff9743fba\"},\"headline\":\"Grossarltal &#8211; Unter Alpinisten\",\"datePublished\":\"2015-02-22T10:26:47+00:00\",\"dateModified\":\"2015-02-23T10:27:35+00:00\",\"mainEntityOfPage\":{\"@id\":\"https:\\\/\\\/www.salzburgerland.com\\\/de\\\/magazin\\\/grossarltal-unter-alpinisten\\\/\"},\"wordCount\":1123,\"commentCount\":0,\"publisher\":{\"@id\":\"https:\\\/\\\/www.salzburgerland.com\\\/de\\\/magazin\\\/#organization\"},\"image\":{\"@id\":\"https:\\\/\\\/www.salzburgerland.com\\\/de\\\/magazin\\\/grossarltal-unter-alpinisten\\\/#primaryimage\"},\"thumbnailUrl\":\"https:\\\/\\\/www.salzburgerland.com\\\/de\\\/magazin\\\/wp-content\\\/uploads\\\/2015\\\/02\\\/wo_mtb_grossarltal_01.jpg\",\"articleSection\":[\"Outdoor &amp; Sport\"],\"inLanguage\":\"de\",\"potentialAction\":[{\"@type\":\"CommentAction\",\"name\":\"Comment\",\"target\":[\"https:\\\/\\\/www.salzburgerland.com\\\/de\\\/magazin\\\/grossarltal-unter-alpinisten\\\/#respond\"]}]},{\"@type\":\"WebPage\",\"@id\":\"https:\\\/\\\/www.salzburgerland.com\\\/de\\\/magazin\\\/grossarltal-unter-alpinisten\\\/\",\"url\":\"https:\\\/\\\/www.salzburgerland.com\\\/de\\\/magazin\\\/grossarltal-unter-alpinisten\\\/\",\"name\":\"Grossarltal - Unter Alpinisten - SalzburgerLand Magazin\",\"isPartOf\":{\"@id\":\"https:\\\/\\\/www.salzburgerland.com\\\/de\\\/magazin\\\/#website\"},\"primaryImageOfPage\":{\"@id\":\"https:\\\/\\\/www.salzburgerland.com\\\/de\\\/magazin\\\/grossarltal-unter-alpinisten\\\/#primaryimage\"},\"image\":{\"@id\":\"https:\\\/\\\/www.salzburgerland.com\\\/de\\\/magazin\\\/grossarltal-unter-alpinisten\\\/#primaryimage\"},\"thumbnailUrl\":\"https:\\\/\\\/www.salzburgerland.com\\\/de\\\/magazin\\\/wp-content\\\/uploads\\\/2015\\\/02\\\/wo_mtb_grossarltal_01.jpg\",\"datePublished\":\"2015-02-22T10:26:47+00:00\",\"dateModified\":\"2015-02-23T10:27:35+00:00\",\"breadcrumb\":{\"@id\":\"https:\\\/\\\/www.salzburgerland.com\\\/de\\\/magazin\\\/grossarltal-unter-alpinisten\\\/#breadcrumb\"},\"inLanguage\":\"de\",\"potentialAction\":[{\"@type\":\"ReadAction\",\"target\":[\"https:\\\/\\\/www.salzburgerland.com\\\/de\\\/magazin\\\/grossarltal-unter-alpinisten\\\/\"]}]},{\"@type\":\"ImageObject\",\"inLanguage\":\"de\",\"@id\":\"https:\\\/\\\/www.salzburgerland.com\\\/de\\\/magazin\\\/grossarltal-unter-alpinisten\\\/#primaryimage\",\"url\":\"https:\\\/\\\/www.salzburgerland.com\\\/de\\\/magazin\\\/wp-content\\\/uploads\\\/2015\\\/02\\\/wo_mtb_grossarltal_01.jpg\",\"contentUrl\":\"https:\\\/\\\/www.salzburgerland.com\\\/de\\\/magazin\\\/wp-content\\\/uploads\\\/2015\\\/02\\\/wo_mtb_grossarltal_01.jpg\",\"width\":1600,\"height\":1067,\"caption\":\"Zwei Personen in Sportkleidung sitzen l\u00e4chelnd vor einer rustikalen Holzh\u00fctte mit einem Blumenkasten unter dem Fenster.\"},{\"@type\":\"BreadcrumbList\",\"@id\":\"https:\\\/\\\/www.salzburgerland.com\\\/de\\\/magazin\\\/grossarltal-unter-alpinisten\\\/#breadcrumb\",\"itemListElement\":[{\"@type\":\"ListItem\",\"position\":1,\"name\":\"Startseite\",\"item\":\"https:\\\/\\\/www.salzburgerland.com\\\/de\\\/magazin\\\/\"},{\"@type\":\"ListItem\",\"position\":2,\"name\":\"Outdoor &amp; Sport\",\"item\":\"https:\\\/\\\/www.salzburgerland.com\\\/de\\\/magazin\\\/thema\\\/outdoor-sport\\\/\"},{\"@type\":\"ListItem\",\"position\":3,\"name\":\"Grossarltal &#8211; Unter Alpinisten\"}]},{\"@type\":\"WebSite\",\"@id\":\"https:\\\/\\\/www.salzburgerland.com\\\/de\\\/magazin\\\/#website\",\"url\":\"https:\\\/\\\/www.salzburgerland.com\\\/de\\\/magazin\\\/\",\"name\":\"SalzburgerLand Magazin\",\"description\":\"Geschichten und Interessantes aus dem SalzburgerLand\",\"publisher\":{\"@id\":\"https:\\\/\\\/www.salzburgerland.com\\\/de\\\/magazin\\\/#organization\"},\"potentialAction\":[{\"@type\":\"SearchAction\",\"target\":{\"@type\":\"EntryPoint\",\"urlTemplate\":\"https:\\\/\\\/www.salzburgerland.com\\\/de\\\/magazin\\\/?s={search_term_string}\"},\"query-input\":{\"@type\":\"PropertyValueSpecification\",\"valueRequired\":true,\"valueName\":\"search_term_string\"}}],\"inLanguage\":\"de\"},{\"@type\":\"Organization\",\"@id\":\"https:\\\/\\\/www.salzburgerland.com\\\/de\\\/magazin\\\/#organization\",\"name\":\"SalzburgerLand Tourismus\",\"url\":\"https:\\\/\\\/www.salzburgerland.com\\\/de\\\/magazin\\\/\",\"logo\":{\"@type\":\"ImageObject\",\"inLanguage\":\"de\",\"@id\":\"https:\\\/\\\/www.salzburgerland.com\\\/de\\\/magazin\\\/#\\\/schema\\\/logo\\\/image\\\/\",\"url\":\"https:\\\/\\\/www.salzburgerland.com\\\/de\\\/magazin\\\/wp-content\\\/uploads\\\/2019\\\/06\\\/salzburgerland-logo1.jpg\",\"contentUrl\":\"https:\\\/\\\/www.salzburgerland.com\\\/de\\\/magazin\\\/wp-content\\\/uploads\\\/2019\\\/06\\\/salzburgerland-logo1.jpg\",\"width\":2011,\"height\":866,\"caption\":\"SalzburgerLand Tourismus\"},\"image\":{\"@id\":\"https:\\\/\\\/www.salzburgerland.com\\\/de\\\/magazin\\\/#\\\/schema\\\/logo\\\/image\\\/\"},\"sameAs\":[\"https:\\\/\\\/www.facebook.com\\\/salzburgerland\\\/\",\"https:\\\/\\\/x.com\\\/Salzburgerland\",\"https:\\\/\\\/www.instagram.com\\\/salzburgerland\\\/\",\"https:\\\/\\\/at.linkedin.com\\\/company\\\/salzburgerland-tourismus-gmbh\",\"https:\\\/\\\/www.pinterest.at\\\/salzburgerland\\\/\",\"https:\\\/\\\/www.youtube.com\\\/user\\\/salzburgerland\",\"https:\\\/\\\/de.wikipedia.org\\\/wiki\\\/SalzburgerLand_Tourismus_GmbH\"]},{\"@type\":\"Person\",\"@id\":\"https:\\\/\\\/www.salzburgerland.com\\\/de\\\/magazin\\\/#\\\/schema\\\/person\\\/197eef6eb5d65a2b7a2d6e4ff9743fba\",\"name\":\"World of MTB Magazin\",\"description\":\"Das Team des World of MTB Magazins zieht von Fr\u00fchjahr bis Herbst gerne durch den Alpenraum auf der Suche nach einzigartigen Geschichten und den Menschen dahinter. Gerne halten wir uns l\u00e4nger an einem Ort auf um ihn in seiner ganzen Bandbreite aufnehmen zu k\u00f6nnen. Das Salzburger Land hat uns 2014 in seinen Bann gezogen und noch immer haben wir zahlreiche Abenteuer auf unserer pers\u00f6nlichen To-Do Liste. Dosige(r) oder Zuagroast? Durchgroast. Fr\u00fchling, Sommer, Herbst oder Winter? Haben alle ihren Reiz, als Mountainbiker bevorzugen wir nat\u00fcrlich die schneefreie Zeit. Gerade der Herbst bietet vielf\u00e4ltige hochalpine M\u00f6glichkeiten und vor allem Ruhemomente. Luxushotel oder Almh\u00fctte? Almh\u00fctte, denn die spannenden Geschichten gibt es meist bei Selbstgebranntem zu sp\u00e4ter Abendstunde. Auf dieses weitergegebene Wissen m\u00f6chten wir nicht mehr verzichten. Ausstellung oder Bergpanorama? Beides bedingt sich, beides inspiriert sich gegenseitig. Die Abwechslung macht es.\",\"url\":\"https:\\\/\\\/www.salzburgerland.com\\\/de\\\/magazin\\\/author\\\/world-of-mtb\\\/\"}]}<\/script>\n<!-- \/ Yoast SEO Premium plugin. -->","yoast_head_json":{"title":"Grossarltal - Unter Alpinisten - SalzburgerLand Magazin","description":"Willkommen im Bergsteigerdorf H\u00fcttschlag\u201c begr\u00fc\u00dft uns ein Schild wenige Kilometer hinter Grossarl. Bergsteigerdorf \u2013 ich muss an alte Schwarzwei\u00dfbilder von den Alpinisten der ersten Stunde denken, von M\u00e4nnern in schweren Bergschuhen und dicken M\u00e4nteln, ausger\u00fcstet mit Seilen aus Hanf und Eispickeln. Der Name ruft in mir unwillk\u00fcrlich diese Alpenromantik hervor, zu der Bilder von Trachten, [&hellip;]","robots":{"index":"index","follow":"follow","max-snippet":"max-snippet:-1","max-image-preview":"max-image-preview:large","max-video-preview":"max-video-preview:-1"},"canonical":"https:\/\/www.salzburgerland.com\/de\/magazin\/grossarltal-unter-alpinisten\/","og_locale":"de_DE","og_type":"article","og_title":"Grossarltal - Unter Alpinisten","og_description":"Willkommen im Bergsteigerdorf H\u00fcttschlag\u201c begr\u00fc\u00dft uns ein Schild wenige Kilometer hinter Grossarl. Bergsteigerdorf \u2013 ich muss an alte Schwarzwei\u00dfbilder von den Alpinisten der ersten Stunde denken, von M\u00e4nnern in schweren Bergschuhen und dicken M\u00e4nteln, ausger\u00fcstet mit Seilen aus Hanf und Eispickeln. Der Name ruft in mir unwillk\u00fcrlich diese Alpenromantik hervor, zu der Bilder von Trachten, [&hellip;]","og_url":"https:\/\/www.salzburgerland.com\/de\/magazin\/grossarltal-unter-alpinisten\/","og_site_name":"SalzburgerLand Magazin","article_publisher":"https:\/\/www.facebook.com\/salzburgerland\/","article_published_time":"2015-02-22T10:26:47+00:00","article_modified_time":"2015-02-23T10:27:35+00:00","og_image":[{"width":1600,"height":1067,"url":"https:\/\/www.salzburgerland.com\/de\/magazin\/wp-content\/uploads\/2015\/02\/wo_mtb_grossarltal_01.jpg","type":"image\/jpeg"}],"author":"World of MTB Magazin","twitter_card":"summary_large_image","twitter_creator":"@Salzburgerland","twitter_site":"@Salzburgerland","twitter_misc":{"Verfasst von":"World of MTB Magazin","Gesch\u00e4tzte Lesezeit":"6\u00a0Minuten"},"schema":{"@context":"https:\/\/schema.org","@graph":[{"@type":"Article","@id":"https:\/\/www.salzburgerland.com\/de\/magazin\/grossarltal-unter-alpinisten\/#article","isPartOf":{"@id":"https:\/\/www.salzburgerland.com\/de\/magazin\/grossarltal-unter-alpinisten\/"},"author":{"name":"World of MTB Magazin","@id":"https:\/\/www.salzburgerland.com\/de\/magazin\/#\/schema\/person\/197eef6eb5d65a2b7a2d6e4ff9743fba"},"headline":"Grossarltal &#8211; Unter Alpinisten","datePublished":"2015-02-22T10:26:47+00:00","dateModified":"2015-02-23T10:27:35+00:00","mainEntityOfPage":{"@id":"https:\/\/www.salzburgerland.com\/de\/magazin\/grossarltal-unter-alpinisten\/"},"wordCount":1123,"commentCount":0,"publisher":{"@id":"https:\/\/www.salzburgerland.com\/de\/magazin\/#organization"},"image":{"@id":"https:\/\/www.salzburgerland.com\/de\/magazin\/grossarltal-unter-alpinisten\/#primaryimage"},"thumbnailUrl":"https:\/\/www.salzburgerland.com\/de\/magazin\/wp-content\/uploads\/2015\/02\/wo_mtb_grossarltal_01.jpg","articleSection":["Outdoor &amp; Sport"],"inLanguage":"de","potentialAction":[{"@type":"CommentAction","name":"Comment","target":["https:\/\/www.salzburgerland.com\/de\/magazin\/grossarltal-unter-alpinisten\/#respond"]}]},{"@type":"WebPage","@id":"https:\/\/www.salzburgerland.com\/de\/magazin\/grossarltal-unter-alpinisten\/","url":"https:\/\/www.salzburgerland.com\/de\/magazin\/grossarltal-unter-alpinisten\/","name":"Grossarltal - Unter Alpinisten - SalzburgerLand Magazin","isPartOf":{"@id":"https:\/\/www.salzburgerland.com\/de\/magazin\/#website"},"primaryImageOfPage":{"@id":"https:\/\/www.salzburgerland.com\/de\/magazin\/grossarltal-unter-alpinisten\/#primaryimage"},"image":{"@id":"https:\/\/www.salzburgerland.com\/de\/magazin\/grossarltal-unter-alpinisten\/#primaryimage"},"thumbnailUrl":"https:\/\/www.salzburgerland.com\/de\/magazin\/wp-content\/uploads\/2015\/02\/wo_mtb_grossarltal_01.jpg","datePublished":"2015-02-22T10:26:47+00:00","dateModified":"2015-02-23T10:27:35+00:00","breadcrumb":{"@id":"https:\/\/www.salzburgerland.com\/de\/magazin\/grossarltal-unter-alpinisten\/#breadcrumb"},"inLanguage":"de","potentialAction":[{"@type":"ReadAction","target":["https:\/\/www.salzburgerland.com\/de\/magazin\/grossarltal-unter-alpinisten\/"]}]},{"@type":"ImageObject","inLanguage":"de","@id":"https:\/\/www.salzburgerland.com\/de\/magazin\/grossarltal-unter-alpinisten\/#primaryimage","url":"https:\/\/www.salzburgerland.com\/de\/magazin\/wp-content\/uploads\/2015\/02\/wo_mtb_grossarltal_01.jpg","contentUrl":"https:\/\/www.salzburgerland.com\/de\/magazin\/wp-content\/uploads\/2015\/02\/wo_mtb_grossarltal_01.jpg","width":1600,"height":1067,"caption":"Zwei Personen in Sportkleidung sitzen l\u00e4chelnd vor einer rustikalen Holzh\u00fctte mit einem Blumenkasten unter dem Fenster."},{"@type":"BreadcrumbList","@id":"https:\/\/www.salzburgerland.com\/de\/magazin\/grossarltal-unter-alpinisten\/#breadcrumb","itemListElement":[{"@type":"ListItem","position":1,"name":"Startseite","item":"https:\/\/www.salzburgerland.com\/de\/magazin\/"},{"@type":"ListItem","position":2,"name":"Outdoor &amp; Sport","item":"https:\/\/www.salzburgerland.com\/de\/magazin\/thema\/outdoor-sport\/"},{"@type":"ListItem","position":3,"name":"Grossarltal &#8211; Unter Alpinisten"}]},{"@type":"WebSite","@id":"https:\/\/www.salzburgerland.com\/de\/magazin\/#website","url":"https:\/\/www.salzburgerland.com\/de\/magazin\/","name":"SalzburgerLand Magazin","description":"Geschichten und Interessantes aus dem SalzburgerLand","publisher":{"@id":"https:\/\/www.salzburgerland.com\/de\/magazin\/#organization"},"potentialAction":[{"@type":"SearchAction","target":{"@type":"EntryPoint","urlTemplate":"https:\/\/www.salzburgerland.com\/de\/magazin\/?s={search_term_string}"},"query-input":{"@type":"PropertyValueSpecification","valueRequired":true,"valueName":"search_term_string"}}],"inLanguage":"de"},{"@type":"Organization","@id":"https:\/\/www.salzburgerland.com\/de\/magazin\/#organization","name":"SalzburgerLand Tourismus","url":"https:\/\/www.salzburgerland.com\/de\/magazin\/","logo":{"@type":"ImageObject","inLanguage":"de","@id":"https:\/\/www.salzburgerland.com\/de\/magazin\/#\/schema\/logo\/image\/","url":"https:\/\/www.salzburgerland.com\/de\/magazin\/wp-content\/uploads\/2019\/06\/salzburgerland-logo1.jpg","contentUrl":"https:\/\/www.salzburgerland.com\/de\/magazin\/wp-content\/uploads\/2019\/06\/salzburgerland-logo1.jpg","width":2011,"height":866,"caption":"SalzburgerLand Tourismus"},"image":{"@id":"https:\/\/www.salzburgerland.com\/de\/magazin\/#\/schema\/logo\/image\/"},"sameAs":["https:\/\/www.facebook.com\/salzburgerland\/","https:\/\/x.com\/Salzburgerland","https:\/\/www.instagram.com\/salzburgerland\/","https:\/\/at.linkedin.com\/company\/salzburgerland-tourismus-gmbh","https:\/\/www.pinterest.at\/salzburgerland\/","https:\/\/www.youtube.com\/user\/salzburgerland","https:\/\/de.wikipedia.org\/wiki\/SalzburgerLand_Tourismus_GmbH"]},{"@type":"Person","@id":"https:\/\/www.salzburgerland.com\/de\/magazin\/#\/schema\/person\/197eef6eb5d65a2b7a2d6e4ff9743fba","name":"World of MTB Magazin","description":"Das Team des World of MTB Magazins zieht von Fr\u00fchjahr bis Herbst gerne durch den Alpenraum auf der Suche nach einzigartigen Geschichten und den Menschen dahinter. Gerne halten wir uns l\u00e4nger an einem Ort auf um ihn in seiner ganzen Bandbreite aufnehmen zu k\u00f6nnen. Das Salzburger Land hat uns 2014 in seinen Bann gezogen und noch immer haben wir zahlreiche Abenteuer auf unserer pers\u00f6nlichen To-Do Liste. Dosige(r) oder Zuagroast? Durchgroast. Fr\u00fchling, Sommer, Herbst oder Winter? Haben alle ihren Reiz, als Mountainbiker bevorzugen wir nat\u00fcrlich die schneefreie Zeit. Gerade der Herbst bietet vielf\u00e4ltige hochalpine M\u00f6glichkeiten und vor allem Ruhemomente. Luxushotel oder Almh\u00fctte? Almh\u00fctte, denn die spannenden Geschichten gibt es meist bei Selbstgebranntem zu sp\u00e4ter Abendstunde. Auf dieses weitergegebene Wissen m\u00f6chten wir nicht mehr verzichten. Ausstellung oder Bergpanorama? Beides bedingt sich, beides inspiriert sich gegenseitig. Die Abwechslung macht es.","url":"https:\/\/www.salzburgerland.com\/de\/magazin\/author\/world-of-mtb\/"}]}},"_wl_alt_label":[],"wl:entity_url":"http:\/\/open.salzburgerland.com\/magazin\/post\/grossarltal_-_unter_alpinisten","_links":{"self":[{"href":"https:\/\/www.salzburgerland.com\/de\/magazin\/wp-json\/wp\/v2\/posts\/95241","targetHints":{"allow":["GET"]}}],"collection":[{"href":"https:\/\/www.salzburgerland.com\/de\/magazin\/wp-json\/wp\/v2\/posts"}],"about":[{"href":"https:\/\/www.salzburgerland.com\/de\/magazin\/wp-json\/wp\/v2\/types\/post"}],"author":[{"embeddable":true,"href":"https:\/\/www.salzburgerland.com\/de\/magazin\/wp-json\/wp\/v2\/users\/506"}],"replies":[{"embeddable":true,"href":"https:\/\/www.salzburgerland.com\/de\/magazin\/wp-json\/wp\/v2\/comments?post=95241"}],"version-history":[{"count":0,"href":"https:\/\/www.salzburgerland.com\/de\/magazin\/wp-json\/wp\/v2\/posts\/95241\/revisions"}],"wp:featuredmedia":[{"embeddable":true,"href":"https:\/\/www.salzburgerland.com\/de\/magazin\/wp-json\/wp\/v2\/media\/95244"}],"wp:attachment":[{"href":"https:\/\/www.salzburgerland.com\/de\/magazin\/wp-json\/wp\/v2\/media?parent=95241"}],"wp:term":[{"taxonomy":"category","embeddable":true,"href":"https:\/\/www.salzburgerland.com\/de\/magazin\/wp-json\/wp\/v2\/categories?post=95241"},{"taxonomy":"post_tag","embeddable":true,"href":"https:\/\/www.salzburgerland.com\/de\/magazin\/wp-json\/wp\/v2\/tags?post=95241"},{"taxonomy":"wl_entity_type","embeddable":true,"href":"https:\/\/www.salzburgerland.com\/de\/magazin\/wp-json\/wp\/v2\/wl_entity_type?post=95241"},{"taxonomy":"monatsauswahl","embeddable":true,"href":"https:\/\/www.salzburgerland.com\/de\/magazin\/wp-json\/wp\/v2\/monatsauswahl?post=95241"}],"curies":[{"name":"wp","href":"https:\/\/api.w.org\/{rel}","templated":true}]}}