{"id":95225,"date":"2015-02-22T11:02:58","date_gmt":"2015-02-22T10:02:58","guid":{"rendered":"http:\/\/magazin.salzburgerland.com\/?p=95225"},"modified":"2025-08-07T11:09:15","modified_gmt":"2025-08-07T09:09:15","slug":"gastein-erst-die-alm-dann-die-wellness","status":"publish","type":"post","link":"https:\/\/www.salzburgerland.com\/de\/magazin\/gastein-erst-die-alm-dann-die-wellness\/","title":{"rendered":"Gastein &#8211; Erst die Alm dann die Wellness"},"content":{"rendered":"\n<p>Zwischen den unterschiedlichsten Welten liegen manchmal nur wenige Kilometer Luftlinie. Ich lasse mich im hei\u00dfen Thermalwasser der Gasteiner Alpentherme treiben, der Wasserdampf steigt um uns herum in den tr\u00fcben Himmel eines verregneten Sommertages empor. Im Gesicht prickelt die kalte Luft auf der Haut. Mehrere Saunag\u00e4nge liegen bereits hinter uns. Vom Kr\u00e4uter- bis zum Bieraufguss &nbsp;haben wir unsere vom Biken und Reisen ausgezehrten K\u00f6rper verw\u00f6hnt, aus unterschiedlichen Heilquellen getrunken, in Wasserbetten ged\u00f6st. Hier im Au\u00dfenbereich der Therme tauchen wir nun in das ber\u00fchmte Gasteiner Thermalwasser ein, das besonders gesundheitsf\u00f6rdernd sein soll. Das Highlight, der Blick auf die umliegenden Berge war schon damals unbezahlbar. So l\u00e4sst es sich &nbsp;tiefenentspannt auf das in Wolken geh\u00fcllte Bergpanorama blicken.<\/p>\n\n\n\n<h2 class=\"wp-block-heading\" id=\"h-gastfreundschaft-berg-amp-tal\"><strong>Gastfreundschaft Berg &amp; Tal<\/strong><\/h2>\n\n\n\n<p>Zehn Stunden fr\u00fcher am Tag. Der Wecker klingelt, Dunkelheit schl\u00e4gt uns vor dem Fenster entgegen und doch freuen wir uns wie kleine Kinder auf die bevorstehende Tour. Sonnenaufgang hoch \u00fcber Gastein, so lautet der Plan, den wir am Abend zuvor gemeinsam mit Wetterbericht und Kartenstudium ausgekl\u00fcgelt haben. Kaffeemaschine und Proviant finden noch Platz im Rucksack. Auf dem Wetterkreuz harren wir knapp zwei Stunden sp\u00e4ter der Sonne und vor allem dem Zischen des frischen Kaffees entgegen. Immer wieder reisst die Wolkenschicht auf und l\u00e4sst das Morgenrot durchblitzen, nur genau vor der Sonne tut sich das Loch nicht auf. Schade, sch\u00f6n ist es dennoch hier oben und vor allem herrlich ruhig \u00fcber dem Tal. Freudig treten wir dennoch die Abfahrt an. W\u00e4hrend ich noch \u00fcber die unmenschliche Uhrzeit fluche, bei der wir eigentlich noch gem\u00fctlich im Bett h\u00e4tten liegen k\u00f6nnen, taucht hinter der n\u00e4chsten Kurve die Biberalm auf und lockt uns mit betriebsamer Gesch\u00e4ftigkeit an. Es ist kurz nach sechs und Biker sind wahrscheinlich das Letzte, womit die Almleute gerechnet h\u00e4tten. Wir dagegen sind \u00fcberrascht \u00fcber den Betrieb, der hier bereits herrscht. Senner und Wirt sind hochmunter und zeigen uns die K\u00e4sekammer, in der die kostbaren Laibe, Fr\u00fcchte schwei\u00dftreibender Plackerei, vor sich hinreifen. Gegen ihre harte Arbeit sieht unser fr\u00fchmorgendliches Fotoshooting auf einmal ganz sch\u00f6n weich aus. Auch wenn der technische Fortschritt manche Arbeitsschritte auf der Alm vereinfacht hat \u2013 vieles wird hier noch wie vor Jahrhunderten verrichtet. Besonders auf den sogenannten K\u00e4se- oder Senneralmen, auf denen die Milch der dort gehaltenen K\u00fche direkt weiterverarbeitet wird, ist der Arbeitsaufwand f\u00fcr ihre Betreiber enorm. Zweimal am Tag Melken, die Butter- und K\u00e4seproduktion in Handarbeit, die Pflege des Viehs und alle weiteren Arbeiten um das Haus f\u00fcllen den Tag restlos aus. Auf einmal ist die M\u00fcdigkeit halb so wild \u2013 angespornt von so viel Tatkraft wird die Abfahrt doch noch zu einem Highlight. Mit diesen vielf\u00e4ltigen Eindr\u00fccken geht es an den reich gedeckten Fr\u00fchst\u00fcckstisch und wir k\u00f6nnen den eigentlichen Tag bei Gasteiner Gastlichkeit beginnen lassen.<\/p>\n\n\n<div class=\"mag-gallery\"><div class=\"row\"><div class=\"col-6 col-sm-4\"><figure><a class=\"thumb-container\" href=\"https:\/\/www.salzburgerland.com\/de\/magazin\/wp-content\/uploads\/2015\/02\/wo_mtb_gastein_22-1280x1024.jpg\">\t<picture><source media=\"(min-width: 576px)\" srcset=\"https:\/\/www.salzburgerland.com\/de\/magazin\/wp-content\/uploads\/2015\/02\/wo_mtb_gastein_22-325x209.jpg 325w, https:\/\/www.salzburgerland.com\/de\/magazin\/wp-content\/uploads\/2015\/02\/wo_mtb_gastein_22-249x160.jpg 249w\"><\/source><source media=\"(min-width: 0)\" srcset=\"https:\/\/www.salzburgerland.com\/de\/magazin\/wp-content\/uploads\/2015\/02\/wo_mtb_gastein_22-249x160.jpg 249w, https:\/\/www.salzburgerland.com\/de\/magazin\/wp-content\/uploads\/2015\/02\/wo_mtb_gastein_22-325x209.jpg 325w\"><\/source><img decoding=\"async\" alt=\"Eine Person, die mit einem Rucksack bergauf radelt, mit Blick auf ferne Bergketten unter einem bew&ouml;lkten Himmel.\" src=\"https:\/\/www.salzburgerland.com\/de\/magazin\/wp-content\/uploads\/2015\/02\/wo_mtb_gastein_22.jpg\">\t<\/picture><\/a><\/figure><\/div><div class=\"col-6 col-sm-4\"><figure><a class=\"thumb-container\" href=\"https:\/\/www.salzburgerland.com\/de\/magazin\/wp-content\/uploads\/2015\/02\/wo_mtb_gastein_23-1280x1024.jpg\">\t<picture><source media=\"(min-width: 576px)\" srcset=\"https:\/\/www.salzburgerland.com\/de\/magazin\/wp-content\/uploads\/2015\/02\/wo_mtb_gastein_23-325x209.jpg 325w, https:\/\/www.salzburgerland.com\/de\/magazin\/wp-content\/uploads\/2015\/02\/wo_mtb_gastein_23-249x160.jpg 249w\"><\/source><source media=\"(min-width: 0)\" srcset=\"https:\/\/www.salzburgerland.com\/de\/magazin\/wp-content\/uploads\/2015\/02\/wo_mtb_gastein_23-249x160.jpg 249w, https:\/\/www.salzburgerland.com\/de\/magazin\/wp-content\/uploads\/2015\/02\/wo_mtb_gastein_23-325x209.jpg 325w\"><\/source><img decoding=\"async\" alt=\"David Schultheiss for WOM Media\" src=\"https:\/\/www.salzburgerland.com\/de\/magazin\/wp-content\/uploads\/2015\/02\/wo_mtb_gastein_23.jpg\">\t<\/picture><\/a><\/figure><\/div><div class=\"col-6 col-sm-4\"><figure><a class=\"thumb-container\" href=\"https:\/\/www.salzburgerland.com\/de\/magazin\/wp-content\/uploads\/2015\/02\/wo_mtb_gastein_04-1280x1024.jpg\">\t<picture><source media=\"(min-width: 576px)\" srcset=\"https:\/\/www.salzburgerland.com\/de\/magazin\/wp-content\/uploads\/2015\/02\/wo_mtb_gastein_04-325x209.jpg 325w, https:\/\/www.salzburgerland.com\/de\/magazin\/wp-content\/uploads\/2015\/02\/wo_mtb_gastein_04-249x160.jpg 249w\"><\/source><source media=\"(min-width: 0)\" srcset=\"https:\/\/www.salzburgerland.com\/de\/magazin\/wp-content\/uploads\/2015\/02\/wo_mtb_gastein_04-249x160.jpg 249w, https:\/\/www.salzburgerland.com\/de\/magazin\/wp-content\/uploads\/2015\/02\/wo_mtb_gastein_04-325x209.jpg 325w\"><\/source><img decoding=\"async\" alt=\"Eine Person mit einem Helm streichelt Pferde hinter einem Holzzaun auf einer Wiese.\" src=\"https:\/\/www.salzburgerland.com\/de\/magazin\/wp-content\/uploads\/2015\/02\/wo_mtb_gastein_04.jpg\">\t<\/picture><\/a><\/figure><\/div><\/div><figcaption><\/figcaption><\/div>\n\n\n\n<h2 class=\"wp-block-heading\" id=\"h-in-bike-gastein\"><strong>In Bike-Gastein<\/strong><\/h2>\n\n\n\n<p>Die Biberalm ist, allerdings zu allt\u00e4glicheren Uhrzeiten, auch das Ziel einer Tour, die Andrea Eckschlager ihren G\u00e4sten bietet. Die sportliche junge Frau empf\u00e4ngt uns im Bike- Gastein, dem Fahrradladen, den ihr Vater bereits seit 1975 betreibt. Neben Verkauf und Reparatur halten die beiden auch eine gro\u00dfe Leihbikeflotte bereit, vom Trekking- bis zum E-Bike ist alles dabei. Andrea war schon auf der halben Welt biken, neben einer Karriere als Snowboarderin hat sie auch Guiding- Erfahrungen auf La Palma gesammelt \u2013 dennoch hat es sie nun zur\u00fcck ins Gasteiner Tal und den Laden ihres Vaters verschlagen, um&nbsp; die gesammelten Erfahrungen in der Heimat umzusetzen. Hier bietet sie nun ein umfangreiches Touren- und Fahrtechnikprogramm&nbsp; an. F\u00fcr Einsteiger gibt es Trekkingtouren, f\u00fcr die Ge\u00fcbten eine Bike- and Hike-Kombination, bei der beim Erklimmen des h\u00f6chsten Grasbergs Europas, dem Gamskarkogel, 2.000 H\u00f6henmeter \u00fcberwunden werden. Unterwegs kann auf einer H\u00fctte \u00fcbernachtet werden, \u201ebei traumhaften Sonnenauf- und Unterg\u00e4ngen\u201c, schw\u00e4rmt Andrea.<\/p>\n\n\n\n<h2 class=\"wp-block-heading\" id=\"h-zwei-welten-im-salzburger-land\"><strong>Zwei Welten im Salzburger Land<\/strong><\/h2>\n\n\n\n<p>Doch der Regen nimmt heute kein Ende, und so verschl\u00e4gt es uns schlie\u00dflich in die besagte Alpentherme. Am sp\u00e4ten Nachmittag liegen wir in dicke Frotteebadem\u00e4ntel geh\u00fcllt auf den Liegest\u00fchlen vor der gro\u00dfen Fensterfront. Wieder gibt ein Loch in den Wolken den Blick auf die Talw\u00e4nde des Gasteiner Tals frei, kleine Punkte, m\u00f6glicherweise Almh\u00fctten, lassen sich ausmachen.<\/p>\n\n\n\n<p>Bereits um 1700 v. Chr., so haben Ausgrabungen im Dachsteingebirge ergeben, siedelten Menschen im Salzburger Land in die H\u00f6hen \u00fcber und betrieben Almwirtschaft. Die Gasteiner Quelle ist bereits im XIII. Jahrhundert in einem Minnelied dokumentiert. Beide Welten existieren schon seit Jahrhunderten auf engstem Raum nebeneinander, und doch gab es mit Sicherheit wenig Ber\u00fchrungspunkte. Wie viele der malochenden Almleute kamen wohl in den Genuss, in die hei\u00dfe Quelle im Tal zu springen? Ein Hoch auf die heutige Zeit, in der sich beide Welten f\u00fcr uns Biker so fabelhaft erg\u00e4nzen.<\/p>\n\n\n\n<p>Eingebettet in die imposante Bergwelt der Hohen Tauern wird man von den drei Orten begr\u00fc\u00dft: dem urig-gem\u00fctlichen Familienort Dorfgastein, dem alpinen Kurort Bad Hofgastein und Bad Gastein, das durch seine Belle-Epoque Architektur besticht. Speziell f\u00fcr Biker und Tourenradler gibt es in Gastein ein weitl\u00e4ufiges Netz an Mountainbikestrecken und verkehrsarmen Nebenstra\u00dfen. Wer die &nbsp;Herausforderung und den Uphill liebt, wird die selektiven und vielf\u00e4ltigen Forstwege \u2013 und Stra\u00dfen lieben. Eine St\u00e4rkung zwischendurch ist dank der bewirtschafteten Almh\u00fctten entlang der MTB Strecken nie weit.<\/p>\n\n\n<div class=\"mag-gallery\"><div class=\"row\"><div class=\"col-6 col-sm-4\"><figure><a class=\"thumb-container\" href=\"https:\/\/www.salzburgerland.com\/de\/magazin\/wp-content\/uploads\/2015\/02\/wo_mtb_gastein_21-1280x1024.jpg\">\t<picture><source media=\"(min-width: 576px)\" srcset=\"https:\/\/www.salzburgerland.com\/de\/magazin\/wp-content\/uploads\/2015\/02\/wo_mtb_gastein_21-325x209.jpg 325w, https:\/\/www.salzburgerland.com\/de\/magazin\/wp-content\/uploads\/2015\/02\/wo_mtb_gastein_21-249x160.jpg 249w\"><\/source><source media=\"(min-width: 0)\" srcset=\"https:\/\/www.salzburgerland.com\/de\/magazin\/wp-content\/uploads\/2015\/02\/wo_mtb_gastein_21-249x160.jpg 249w, https:\/\/www.salzburgerland.com\/de\/magazin\/wp-content\/uploads\/2015\/02\/wo_mtb_gastein_21-325x209.jpg 325w\"><\/source><img decoding=\"async\" alt=\"Ein Mountainbiker f&auml;hrt bergauf, w&auml;hrend &uuml;ber ihm eine Seilbahn vorbeif&auml;hrt, mit Bergen und bew&ouml;lktem Himmel im Hintergrund.\" src=\"https:\/\/www.salzburgerland.com\/de\/magazin\/wp-content\/uploads\/2015\/02\/wo_mtb_gastein_21.jpg\">\t<\/picture><\/a><\/figure><\/div><div class=\"col-6 col-sm-4\"><figure><a class=\"thumb-container\" href=\"https:\/\/www.salzburgerland.com\/de\/magazin\/wp-content\/uploads\/2015\/02\/wo_mtb_gastein_19-1280x1024.jpg\">\t<picture><source media=\"(min-width: 576px)\" srcset=\"https:\/\/www.salzburgerland.com\/de\/magazin\/wp-content\/uploads\/2015\/02\/wo_mtb_gastein_19-325x209.jpg 325w, https:\/\/www.salzburgerland.com\/de\/magazin\/wp-content\/uploads\/2015\/02\/wo_mtb_gastein_19-249x160.jpg 249w\"><\/source><source media=\"(min-width: 0)\" srcset=\"https:\/\/www.salzburgerland.com\/de\/magazin\/wp-content\/uploads\/2015\/02\/wo_mtb_gastein_19-249x160.jpg 249w, https:\/\/www.salzburgerland.com\/de\/magazin\/wp-content\/uploads\/2015\/02\/wo_mtb_gastein_19-325x209.jpg 325w\"><\/source><img decoding=\"async\" alt=\"Ein Radfahrer f&auml;hrt auf einem geschotterten Bergweg mit schneebedeckten Gipfeln im Hintergrund.\" src=\"https:\/\/www.salzburgerland.com\/de\/magazin\/wp-content\/uploads\/2015\/02\/wo_mtb_gastein_19.jpg\">\t<\/picture><\/a><\/figure><\/div><div class=\"col-6 col-sm-4\"><figure><a class=\"thumb-container\" href=\"https:\/\/www.salzburgerland.com\/de\/magazin\/wp-content\/uploads\/2015\/02\/bergsee_in_der_alpentherme-1280x1024.jpg\">\t<picture><source media=\"(min-width: 576px)\" srcset=\"https:\/\/www.salzburgerland.com\/de\/magazin\/wp-content\/uploads\/2015\/02\/bergsee_in_der_alpentherme-325x209.jpg 325w, https:\/\/www.salzburgerland.com\/de\/magazin\/wp-content\/uploads\/2015\/02\/bergsee_in_der_alpentherme-249x160.jpg 249w\"><\/source><source media=\"(min-width: 0)\" srcset=\"https:\/\/www.salzburgerland.com\/de\/magazin\/wp-content\/uploads\/2015\/02\/bergsee_in_der_alpentherme-249x160.jpg 249w, https:\/\/www.salzburgerland.com\/de\/magazin\/wp-content\/uploads\/2015\/02\/bergsee_in_der_alpentherme-325x209.jpg 325w\"><\/source><img decoding=\"async\" alt=\"Zwei Menschen planschen an einem sonnigen Wintertag in einem dampfenden Freibad und heben die Arme.\" src=\"https:\/\/www.salzburgerland.com\/de\/magazin\/wp-content\/uploads\/2015\/02\/bergsee_in_der_alpentherme.jpg\">\t<\/picture><\/a><\/figure><\/div><\/div><figcaption><\/figcaption><\/div>\n\n\n\n<p><strong>Nachfragen:<\/strong><\/p>\n\n\n\n<p>Gasteinertal Tourismus GmbH<br>Tauernplatz 1<br>A-5630 Bad Hofgastein<br>T: +43 6432 3393-0<br><a href=\"mailto:info@gastein.com\" target=\"_blank\" rel=\"noopener\">info@gastein.com<\/a><br><a href=\"http:\/\/www.gastein.com\" target=\"_blank\" rel=\"noopener\">www.gastein.com<\/a><\/p>\n\n\n\n<p><strong>Meeresh\u00f6he<br><\/strong>812 (Dorfgastein) &#8211; 1590&nbsp;(Talstation Sportgastein\/Na\u00dffeld)<\/p>\n\n\n\n<p><strong>Guiding<\/strong><\/p>\n\n\n\n<p><strong>Bike Gastein,<br><\/strong>Radsport Andrea Eckschlager<br>Bad Hofgastein,<br>T: +43 650 99 84 119<br><a href=\"http:\/\/www.bike-gastein.at\" target=\"_blank\" rel=\"noopener\">www.bike-gastein.at<\/a><\/p>\n\n\n\n<p><strong>Bike Shops<\/strong><br><strong><br>Bad Gastein<\/strong><br>Hervis<br>T: +43 6434 6424<br><a href=\"http:\/\/www.hervis.at\" target=\"_blank\" rel=\"noopener\">www.hervis.at<\/a><\/p>\n\n\n\n<p>Sport Fleiss<br>T: +43 6434 46 55-32<br><a href=\"http:\/\/www.sport-fleiss.at\" target=\"_blank\" rel=\"noopener\">www.sport-fleiss.at<\/a><\/p>\n\n\n\n<p><strong>Bad Hofgastein<br><\/strong>Bike Gastein, Sport Eckschlager<br>T: +43 650 9984119<br><a href=\"http:\/\/www.bike-gastein.at\" target=\"_blank\" rel=\"noopener\">www.bike-gastein.at<\/a><\/p>\n\n\n\n<p>Sport Fleiss<br>T: +43 6432 7218<br><a href=\"http:\/\/www.sport-fleiss.at\" target=\"_blank\" rel=\"noopener\">www.sport-fleiss.at<\/a><\/p>\n\n\n\n<p><strong>Dorfgastein<br><\/strong>Sport | Fashion | Rent, Sport&nbsp;Egger<br>T: +43 6432 2097 02<br><a href=\"http:\/\/www.sport-egger.com\" target=\"_blank\" rel=\"noopener\">www.sport-egger.com&nbsp;<\/a><\/p>\n\n\n\n<p><strong>Tipp<\/strong><\/p>\n\n\n\n<p>Mit der \u201eGastein Card\u201c steht den G\u00e4sten eine attraktive Mehrwertkarte zur Verf\u00fcgung.&nbsp;Die Card beinhaltet eine Vielzahl inkludierter und erm\u00e4\u00dfigter Leistungen im gesamten Tal.&nbsp;Informationen unter <a href=\"http:\/\/www.gastein.com\/de\/region-orte\/gastein-card\" target=\"_blank\" rel=\"noopener\">www.gastein.com<\/a>.<\/p>\n","protected":false},"excerpt":{"rendered":"<p>Zwischen den unterschiedlichsten Welten liegen manchmal nur wenige Kilometer Luftlinie. Ich lasse mich im hei\u00dfen Thermalwasser der Gasteiner Alpentherme treiben, der Wasserdampf steigt um uns herum in den tr\u00fcben Himmel eines verregneten Sommertages empor. Im Gesicht prickelt die kalte Luft auf der Haut. Mehrere Saunag\u00e4nge liegen bereits hinter uns. Vom Kr\u00e4uter- bis zum Bieraufguss &nbsp;haben [&hellip;]<\/p>\n","protected":false},"author":506,"featured_media":95228,"comment_status":"open","ping_status":"open","sticky":false,"template":"","format":"standard","meta":{"_acf_changed":false,"wl_entities_gutenberg":"","_wl_entity_redirect_enabled":"","footnotes":""},"categories":[8],"tags":[],"wl_entity_type":[306],"monatsauswahl":[86,87,88,89,90,91],"class_list":["post-95225","post","type-post","status-publish","format-standard","has-post-thumbnail","hentry","category-outdoor-sport","wl_entity_type-article","monatsauswahl-monat_5","monatsauswahl-monat_6","monatsauswahl-monat_7","monatsauswahl-monat_8","monatsauswahl-monat_9","monatsauswahl-monat_10"],"acf":[],"yoast_head":"<!-- This site is optimized with the Yoast SEO Premium plugin v27.4 (Yoast SEO v27.4) - https:\/\/yoast.com\/product\/yoast-seo-premium-wordpress\/ -->\n<title>Gastein - Erst die Alm dann die Wellness - SalzburgerLand Magazin<\/title>\n<meta name=\"description\" content=\"Zwischen den unterschiedlichsten Welten liegen manchmal nur wenige Kilometer Luftlinie. Ich lasse mich im hei\u00dfen Thermalwasser der Gasteiner Alpentherme treiben, der Wasserdampf steigt um uns herum in den tr\u00fcben Himmel eines verregneten Sommertages empor. Im Gesicht prickelt die kalte Luft auf der Haut. Mehrere Saunag\u00e4nge liegen bereits hinter uns. Vom Kr\u00e4uter- bis zum Bieraufguss &nbsp;haben [&hellip;]\" \/>\n<meta name=\"robots\" content=\"index, follow, max-snippet:-1, max-image-preview:large, max-video-preview:-1\" \/>\n<link rel=\"canonical\" href=\"https:\/\/www.salzburgerland.com\/de\/magazin\/gastein-erst-die-alm-dann-die-wellness\/\" \/>\n<meta property=\"og:locale\" content=\"de_DE\" \/>\n<meta property=\"og:type\" content=\"article\" \/>\n<meta property=\"og:title\" content=\"Gastein - Erst die Alm dann die Wellness\" \/>\n<meta property=\"og:description\" content=\"Zwischen den unterschiedlichsten Welten liegen manchmal nur wenige Kilometer Luftlinie. Ich lasse mich im hei\u00dfen Thermalwasser der Gasteiner Alpentherme treiben, der Wasserdampf steigt um uns herum in den tr\u00fcben Himmel eines verregneten Sommertages empor. Im Gesicht prickelt die kalte Luft auf der Haut. Mehrere Saunag\u00e4nge liegen bereits hinter uns. Vom Kr\u00e4uter- bis zum Bieraufguss &nbsp;haben [&hellip;]\" \/>\n<meta property=\"og:url\" content=\"https:\/\/www.salzburgerland.com\/de\/magazin\/gastein-erst-die-alm-dann-die-wellness\/\" \/>\n<meta property=\"og:site_name\" content=\"SalzburgerLand Magazin\" \/>\n<meta property=\"article:publisher\" content=\"https:\/\/www.facebook.com\/salzburgerland\/\" \/>\n<meta property=\"article:published_time\" content=\"2015-02-22T10:02:58+00:00\" \/>\n<meta property=\"article:modified_time\" content=\"2025-08-07T09:09:15+00:00\" \/>\n<meta property=\"og:image\" content=\"https:\/\/www.salzburgerland.com\/de\/magazin\/wp-content\/uploads\/2015\/02\/wo_mtb_gastein_03.jpg\" \/>\n\t<meta property=\"og:image:width\" content=\"1600\" \/>\n\t<meta property=\"og:image:height\" content=\"1067\" \/>\n\t<meta property=\"og:image:type\" content=\"image\/jpeg\" \/>\n<meta name=\"author\" content=\"World of MTB Magazin\" \/>\n<meta name=\"twitter:card\" content=\"summary_large_image\" \/>\n<meta name=\"twitter:creator\" content=\"@Salzburgerland\" \/>\n<meta name=\"twitter:site\" content=\"@Salzburgerland\" \/>\n<meta name=\"twitter:label1\" content=\"Verfasst von\" \/>\n\t<meta name=\"twitter:data1\" content=\"World of MTB Magazin\" \/>\n\t<meta name=\"twitter:label2\" content=\"Gesch\u00e4tzte Lesezeit\" \/>\n\t<meta name=\"twitter:data2\" content=\"7\u00a0Minuten\" \/>\n<script type=\"application\/ld+json\" class=\"yoast-schema-graph\">{\"@context\":\"https:\\\/\\\/schema.org\",\"@graph\":[{\"@type\":\"Article\",\"@id\":\"https:\\\/\\\/www.salzburgerland.com\\\/de\\\/magazin\\\/gastein-erst-die-alm-dann-die-wellness\\\/#article\",\"isPartOf\":{\"@id\":\"https:\\\/\\\/www.salzburgerland.com\\\/de\\\/magazin\\\/gastein-erst-die-alm-dann-die-wellness\\\/\"},\"author\":{\"name\":\"World of MTB Magazin\",\"@id\":\"https:\\\/\\\/www.salzburgerland.com\\\/de\\\/magazin\\\/#\\\/schema\\\/person\\\/197eef6eb5d65a2b7a2d6e4ff9743fba\"},\"headline\":\"Gastein &#8211; Erst die Alm dann die Wellness\",\"datePublished\":\"2015-02-22T10:02:58+00:00\",\"dateModified\":\"2025-08-07T09:09:15+00:00\",\"mainEntityOfPage\":{\"@id\":\"https:\\\/\\\/www.salzburgerland.com\\\/de\\\/magazin\\\/gastein-erst-die-alm-dann-die-wellness\\\/\"},\"wordCount\":1025,\"commentCount\":0,\"publisher\":{\"@id\":\"https:\\\/\\\/www.salzburgerland.com\\\/de\\\/magazin\\\/#organization\"},\"image\":{\"@id\":\"https:\\\/\\\/www.salzburgerland.com\\\/de\\\/magazin\\\/gastein-erst-die-alm-dann-die-wellness\\\/#primaryimage\"},\"thumbnailUrl\":\"https:\\\/\\\/www.salzburgerland.com\\\/de\\\/magazin\\\/wp-content\\\/uploads\\\/2015\\\/02\\\/wo_mtb_gastein_03.jpg\",\"articleSection\":[\"Outdoor &amp; Sport\"],\"inLanguage\":\"de\",\"potentialAction\":[{\"@type\":\"CommentAction\",\"name\":\"Comment\",\"target\":[\"https:\\\/\\\/www.salzburgerland.com\\\/de\\\/magazin\\\/gastein-erst-die-alm-dann-die-wellness\\\/#respond\"]}]},{\"@type\":\"WebPage\",\"@id\":\"https:\\\/\\\/www.salzburgerland.com\\\/de\\\/magazin\\\/gastein-erst-die-alm-dann-die-wellness\\\/\",\"url\":\"https:\\\/\\\/www.salzburgerland.com\\\/de\\\/magazin\\\/gastein-erst-die-alm-dann-die-wellness\\\/\",\"name\":\"Gastein - Erst die Alm dann die Wellness - SalzburgerLand Magazin\",\"isPartOf\":{\"@id\":\"https:\\\/\\\/www.salzburgerland.com\\\/de\\\/magazin\\\/#website\"},\"primaryImageOfPage\":{\"@id\":\"https:\\\/\\\/www.salzburgerland.com\\\/de\\\/magazin\\\/gastein-erst-die-alm-dann-die-wellness\\\/#primaryimage\"},\"image\":{\"@id\":\"https:\\\/\\\/www.salzburgerland.com\\\/de\\\/magazin\\\/gastein-erst-die-alm-dann-die-wellness\\\/#primaryimage\"},\"thumbnailUrl\":\"https:\\\/\\\/www.salzburgerland.com\\\/de\\\/magazin\\\/wp-content\\\/uploads\\\/2015\\\/02\\\/wo_mtb_gastein_03.jpg\",\"datePublished\":\"2015-02-22T10:02:58+00:00\",\"dateModified\":\"2025-08-07T09:09:15+00:00\",\"breadcrumb\":{\"@id\":\"https:\\\/\\\/www.salzburgerland.com\\\/de\\\/magazin\\\/gastein-erst-die-alm-dann-die-wellness\\\/#breadcrumb\"},\"inLanguage\":\"de\",\"potentialAction\":[{\"@type\":\"ReadAction\",\"target\":[\"https:\\\/\\\/www.salzburgerland.com\\\/de\\\/magazin\\\/gastein-erst-die-alm-dann-die-wellness\\\/\"]}]},{\"@type\":\"ImageObject\",\"inLanguage\":\"de\",\"@id\":\"https:\\\/\\\/www.salzburgerland.com\\\/de\\\/magazin\\\/gastein-erst-die-alm-dann-die-wellness\\\/#primaryimage\",\"url\":\"https:\\\/\\\/www.salzburgerland.com\\\/de\\\/magazin\\\/wp-content\\\/uploads\\\/2015\\\/02\\\/wo_mtb_gastein_03.jpg\",\"contentUrl\":\"https:\\\/\\\/www.salzburgerland.com\\\/de\\\/magazin\\\/wp-content\\\/uploads\\\/2015\\\/02\\\/wo_mtb_gastein_03.jpg\",\"width\":1600,\"height\":1067,\"caption\":\"Zwei Radfahrer mit Mountainbikes halten in der N\u00e4he einer rustikalen Holzh\u00fctte auf einem Schotterweg in den Bergen an.\"},{\"@type\":\"BreadcrumbList\",\"@id\":\"https:\\\/\\\/www.salzburgerland.com\\\/de\\\/magazin\\\/gastein-erst-die-alm-dann-die-wellness\\\/#breadcrumb\",\"itemListElement\":[{\"@type\":\"ListItem\",\"position\":1,\"name\":\"Startseite\",\"item\":\"https:\\\/\\\/www.salzburgerland.com\\\/de\\\/magazin\\\/\"},{\"@type\":\"ListItem\",\"position\":2,\"name\":\"Outdoor &amp; Sport\",\"item\":\"https:\\\/\\\/www.salzburgerland.com\\\/de\\\/magazin\\\/thema\\\/outdoor-sport\\\/\"},{\"@type\":\"ListItem\",\"position\":3,\"name\":\"Gastein &#8211; Erst die Alm dann die Wellness\"}]},{\"@type\":\"WebSite\",\"@id\":\"https:\\\/\\\/www.salzburgerland.com\\\/de\\\/magazin\\\/#website\",\"url\":\"https:\\\/\\\/www.salzburgerland.com\\\/de\\\/magazin\\\/\",\"name\":\"SalzburgerLand Magazin\",\"description\":\"Geschichten und Interessantes aus dem SalzburgerLand\",\"publisher\":{\"@id\":\"https:\\\/\\\/www.salzburgerland.com\\\/de\\\/magazin\\\/#organization\"},\"potentialAction\":[{\"@type\":\"SearchAction\",\"target\":{\"@type\":\"EntryPoint\",\"urlTemplate\":\"https:\\\/\\\/www.salzburgerland.com\\\/de\\\/magazin\\\/?s={search_term_string}\"},\"query-input\":{\"@type\":\"PropertyValueSpecification\",\"valueRequired\":true,\"valueName\":\"search_term_string\"}}],\"inLanguage\":\"de\"},{\"@type\":\"Organization\",\"@id\":\"https:\\\/\\\/www.salzburgerland.com\\\/de\\\/magazin\\\/#organization\",\"name\":\"SalzburgerLand Tourismus\",\"url\":\"https:\\\/\\\/www.salzburgerland.com\\\/de\\\/magazin\\\/\",\"logo\":{\"@type\":\"ImageObject\",\"inLanguage\":\"de\",\"@id\":\"https:\\\/\\\/www.salzburgerland.com\\\/de\\\/magazin\\\/#\\\/schema\\\/logo\\\/image\\\/\",\"url\":\"https:\\\/\\\/www.salzburgerland.com\\\/de\\\/magazin\\\/wp-content\\\/uploads\\\/2019\\\/06\\\/salzburgerland-logo1.jpg\",\"contentUrl\":\"https:\\\/\\\/www.salzburgerland.com\\\/de\\\/magazin\\\/wp-content\\\/uploads\\\/2019\\\/06\\\/salzburgerland-logo1.jpg\",\"width\":2011,\"height\":866,\"caption\":\"SalzburgerLand Tourismus\"},\"image\":{\"@id\":\"https:\\\/\\\/www.salzburgerland.com\\\/de\\\/magazin\\\/#\\\/schema\\\/logo\\\/image\\\/\"},\"sameAs\":[\"https:\\\/\\\/www.facebook.com\\\/salzburgerland\\\/\",\"https:\\\/\\\/x.com\\\/Salzburgerland\",\"https:\\\/\\\/www.instagram.com\\\/salzburgerland\\\/\",\"https:\\\/\\\/at.linkedin.com\\\/company\\\/salzburgerland-tourismus-gmbh\",\"https:\\\/\\\/www.pinterest.at\\\/salzburgerland\\\/\",\"https:\\\/\\\/www.youtube.com\\\/user\\\/salzburgerland\",\"https:\\\/\\\/de.wikipedia.org\\\/wiki\\\/SalzburgerLand_Tourismus_GmbH\"]},{\"@type\":\"Person\",\"@id\":\"https:\\\/\\\/www.salzburgerland.com\\\/de\\\/magazin\\\/#\\\/schema\\\/person\\\/197eef6eb5d65a2b7a2d6e4ff9743fba\",\"name\":\"World of MTB Magazin\",\"description\":\"Das Team des World of MTB Magazins zieht von Fr\u00fchjahr bis Herbst gerne durch den Alpenraum auf der Suche nach einzigartigen Geschichten und den Menschen dahinter. Gerne halten wir uns l\u00e4nger an einem Ort auf um ihn in seiner ganzen Bandbreite aufnehmen zu k\u00f6nnen. Das Salzburger Land hat uns 2014 in seinen Bann gezogen und noch immer haben wir zahlreiche Abenteuer auf unserer pers\u00f6nlichen To-Do Liste. Dosige(r) oder Zuagroast? Durchgroast. Fr\u00fchling, Sommer, Herbst oder Winter? Haben alle ihren Reiz, als Mountainbiker bevorzugen wir nat\u00fcrlich die schneefreie Zeit. Gerade der Herbst bietet vielf\u00e4ltige hochalpine M\u00f6glichkeiten und vor allem Ruhemomente. Luxushotel oder Almh\u00fctte? Almh\u00fctte, denn die spannenden Geschichten gibt es meist bei Selbstgebranntem zu sp\u00e4ter Abendstunde. Auf dieses weitergegebene Wissen m\u00f6chten wir nicht mehr verzichten. Ausstellung oder Bergpanorama? Beides bedingt sich, beides inspiriert sich gegenseitig. Die Abwechslung macht es.\",\"url\":\"https:\\\/\\\/www.salzburgerland.com\\\/de\\\/magazin\\\/author\\\/world-of-mtb\\\/\"}]}<\/script>\n<!-- \/ Yoast SEO Premium plugin. -->","yoast_head_json":{"title":"Gastein - Erst die Alm dann die Wellness - SalzburgerLand Magazin","description":"Zwischen den unterschiedlichsten Welten liegen manchmal nur wenige Kilometer Luftlinie. Ich lasse mich im hei\u00dfen Thermalwasser der Gasteiner Alpentherme treiben, der Wasserdampf steigt um uns herum in den tr\u00fcben Himmel eines verregneten Sommertages empor. Im Gesicht prickelt die kalte Luft auf der Haut. Mehrere Saunag\u00e4nge liegen bereits hinter uns. Vom Kr\u00e4uter- bis zum Bieraufguss &nbsp;haben [&hellip;]","robots":{"index":"index","follow":"follow","max-snippet":"max-snippet:-1","max-image-preview":"max-image-preview:large","max-video-preview":"max-video-preview:-1"},"canonical":"https:\/\/www.salzburgerland.com\/de\/magazin\/gastein-erst-die-alm-dann-die-wellness\/","og_locale":"de_DE","og_type":"article","og_title":"Gastein - Erst die Alm dann die Wellness","og_description":"Zwischen den unterschiedlichsten Welten liegen manchmal nur wenige Kilometer Luftlinie. Ich lasse mich im hei\u00dfen Thermalwasser der Gasteiner Alpentherme treiben, der Wasserdampf steigt um uns herum in den tr\u00fcben Himmel eines verregneten Sommertages empor. Im Gesicht prickelt die kalte Luft auf der Haut. Mehrere Saunag\u00e4nge liegen bereits hinter uns. Vom Kr\u00e4uter- bis zum Bieraufguss &nbsp;haben [&hellip;]","og_url":"https:\/\/www.salzburgerland.com\/de\/magazin\/gastein-erst-die-alm-dann-die-wellness\/","og_site_name":"SalzburgerLand Magazin","article_publisher":"https:\/\/www.facebook.com\/salzburgerland\/","article_published_time":"2015-02-22T10:02:58+00:00","article_modified_time":"2025-08-07T09:09:15+00:00","og_image":[{"width":1600,"height":1067,"url":"https:\/\/www.salzburgerland.com\/de\/magazin\/wp-content\/uploads\/2015\/02\/wo_mtb_gastein_03.jpg","type":"image\/jpeg"}],"author":"World of MTB Magazin","twitter_card":"summary_large_image","twitter_creator":"@Salzburgerland","twitter_site":"@Salzburgerland","twitter_misc":{"Verfasst von":"World of MTB Magazin","Gesch\u00e4tzte Lesezeit":"7\u00a0Minuten"},"schema":{"@context":"https:\/\/schema.org","@graph":[{"@type":"Article","@id":"https:\/\/www.salzburgerland.com\/de\/magazin\/gastein-erst-die-alm-dann-die-wellness\/#article","isPartOf":{"@id":"https:\/\/www.salzburgerland.com\/de\/magazin\/gastein-erst-die-alm-dann-die-wellness\/"},"author":{"name":"World of MTB Magazin","@id":"https:\/\/www.salzburgerland.com\/de\/magazin\/#\/schema\/person\/197eef6eb5d65a2b7a2d6e4ff9743fba"},"headline":"Gastein &#8211; Erst die Alm dann die Wellness","datePublished":"2015-02-22T10:02:58+00:00","dateModified":"2025-08-07T09:09:15+00:00","mainEntityOfPage":{"@id":"https:\/\/www.salzburgerland.com\/de\/magazin\/gastein-erst-die-alm-dann-die-wellness\/"},"wordCount":1025,"commentCount":0,"publisher":{"@id":"https:\/\/www.salzburgerland.com\/de\/magazin\/#organization"},"image":{"@id":"https:\/\/www.salzburgerland.com\/de\/magazin\/gastein-erst-die-alm-dann-die-wellness\/#primaryimage"},"thumbnailUrl":"https:\/\/www.salzburgerland.com\/de\/magazin\/wp-content\/uploads\/2015\/02\/wo_mtb_gastein_03.jpg","articleSection":["Outdoor &amp; Sport"],"inLanguage":"de","potentialAction":[{"@type":"CommentAction","name":"Comment","target":["https:\/\/www.salzburgerland.com\/de\/magazin\/gastein-erst-die-alm-dann-die-wellness\/#respond"]}]},{"@type":"WebPage","@id":"https:\/\/www.salzburgerland.com\/de\/magazin\/gastein-erst-die-alm-dann-die-wellness\/","url":"https:\/\/www.salzburgerland.com\/de\/magazin\/gastein-erst-die-alm-dann-die-wellness\/","name":"Gastein - Erst die Alm dann die Wellness - SalzburgerLand Magazin","isPartOf":{"@id":"https:\/\/www.salzburgerland.com\/de\/magazin\/#website"},"primaryImageOfPage":{"@id":"https:\/\/www.salzburgerland.com\/de\/magazin\/gastein-erst-die-alm-dann-die-wellness\/#primaryimage"},"image":{"@id":"https:\/\/www.salzburgerland.com\/de\/magazin\/gastein-erst-die-alm-dann-die-wellness\/#primaryimage"},"thumbnailUrl":"https:\/\/www.salzburgerland.com\/de\/magazin\/wp-content\/uploads\/2015\/02\/wo_mtb_gastein_03.jpg","datePublished":"2015-02-22T10:02:58+00:00","dateModified":"2025-08-07T09:09:15+00:00","breadcrumb":{"@id":"https:\/\/www.salzburgerland.com\/de\/magazin\/gastein-erst-die-alm-dann-die-wellness\/#breadcrumb"},"inLanguage":"de","potentialAction":[{"@type":"ReadAction","target":["https:\/\/www.salzburgerland.com\/de\/magazin\/gastein-erst-die-alm-dann-die-wellness\/"]}]},{"@type":"ImageObject","inLanguage":"de","@id":"https:\/\/www.salzburgerland.com\/de\/magazin\/gastein-erst-die-alm-dann-die-wellness\/#primaryimage","url":"https:\/\/www.salzburgerland.com\/de\/magazin\/wp-content\/uploads\/2015\/02\/wo_mtb_gastein_03.jpg","contentUrl":"https:\/\/www.salzburgerland.com\/de\/magazin\/wp-content\/uploads\/2015\/02\/wo_mtb_gastein_03.jpg","width":1600,"height":1067,"caption":"Zwei Radfahrer mit Mountainbikes halten in der N\u00e4he einer rustikalen Holzh\u00fctte auf einem Schotterweg in den Bergen an."},{"@type":"BreadcrumbList","@id":"https:\/\/www.salzburgerland.com\/de\/magazin\/gastein-erst-die-alm-dann-die-wellness\/#breadcrumb","itemListElement":[{"@type":"ListItem","position":1,"name":"Startseite","item":"https:\/\/www.salzburgerland.com\/de\/magazin\/"},{"@type":"ListItem","position":2,"name":"Outdoor &amp; Sport","item":"https:\/\/www.salzburgerland.com\/de\/magazin\/thema\/outdoor-sport\/"},{"@type":"ListItem","position":3,"name":"Gastein &#8211; Erst die Alm dann die Wellness"}]},{"@type":"WebSite","@id":"https:\/\/www.salzburgerland.com\/de\/magazin\/#website","url":"https:\/\/www.salzburgerland.com\/de\/magazin\/","name":"SalzburgerLand Magazin","description":"Geschichten und Interessantes aus dem SalzburgerLand","publisher":{"@id":"https:\/\/www.salzburgerland.com\/de\/magazin\/#organization"},"potentialAction":[{"@type":"SearchAction","target":{"@type":"EntryPoint","urlTemplate":"https:\/\/www.salzburgerland.com\/de\/magazin\/?s={search_term_string}"},"query-input":{"@type":"PropertyValueSpecification","valueRequired":true,"valueName":"search_term_string"}}],"inLanguage":"de"},{"@type":"Organization","@id":"https:\/\/www.salzburgerland.com\/de\/magazin\/#organization","name":"SalzburgerLand Tourismus","url":"https:\/\/www.salzburgerland.com\/de\/magazin\/","logo":{"@type":"ImageObject","inLanguage":"de","@id":"https:\/\/www.salzburgerland.com\/de\/magazin\/#\/schema\/logo\/image\/","url":"https:\/\/www.salzburgerland.com\/de\/magazin\/wp-content\/uploads\/2019\/06\/salzburgerland-logo1.jpg","contentUrl":"https:\/\/www.salzburgerland.com\/de\/magazin\/wp-content\/uploads\/2019\/06\/salzburgerland-logo1.jpg","width":2011,"height":866,"caption":"SalzburgerLand Tourismus"},"image":{"@id":"https:\/\/www.salzburgerland.com\/de\/magazin\/#\/schema\/logo\/image\/"},"sameAs":["https:\/\/www.facebook.com\/salzburgerland\/","https:\/\/x.com\/Salzburgerland","https:\/\/www.instagram.com\/salzburgerland\/","https:\/\/at.linkedin.com\/company\/salzburgerland-tourismus-gmbh","https:\/\/www.pinterest.at\/salzburgerland\/","https:\/\/www.youtube.com\/user\/salzburgerland","https:\/\/de.wikipedia.org\/wiki\/SalzburgerLand_Tourismus_GmbH"]},{"@type":"Person","@id":"https:\/\/www.salzburgerland.com\/de\/magazin\/#\/schema\/person\/197eef6eb5d65a2b7a2d6e4ff9743fba","name":"World of MTB Magazin","description":"Das Team des World of MTB Magazins zieht von Fr\u00fchjahr bis Herbst gerne durch den Alpenraum auf der Suche nach einzigartigen Geschichten und den Menschen dahinter. Gerne halten wir uns l\u00e4nger an einem Ort auf um ihn in seiner ganzen Bandbreite aufnehmen zu k\u00f6nnen. Das Salzburger Land hat uns 2014 in seinen Bann gezogen und noch immer haben wir zahlreiche Abenteuer auf unserer pers\u00f6nlichen To-Do Liste. Dosige(r) oder Zuagroast? Durchgroast. Fr\u00fchling, Sommer, Herbst oder Winter? Haben alle ihren Reiz, als Mountainbiker bevorzugen wir nat\u00fcrlich die schneefreie Zeit. Gerade der Herbst bietet vielf\u00e4ltige hochalpine M\u00f6glichkeiten und vor allem Ruhemomente. Luxushotel oder Almh\u00fctte? Almh\u00fctte, denn die spannenden Geschichten gibt es meist bei Selbstgebranntem zu sp\u00e4ter Abendstunde. Auf dieses weitergegebene Wissen m\u00f6chten wir nicht mehr verzichten. Ausstellung oder Bergpanorama? Beides bedingt sich, beides inspiriert sich gegenseitig. Die Abwechslung macht es.","url":"https:\/\/www.salzburgerland.com\/de\/magazin\/author\/world-of-mtb\/"}]}},"_wl_alt_label":[],"wl:entity_url":"http:\/\/open.salzburgerland.com\/magazin\/post\/gastein_-_erst_die_alm_dann_die_wellness","_links":{"self":[{"href":"https:\/\/www.salzburgerland.com\/de\/magazin\/wp-json\/wp\/v2\/posts\/95225","targetHints":{"allow":["GET"]}}],"collection":[{"href":"https:\/\/www.salzburgerland.com\/de\/magazin\/wp-json\/wp\/v2\/posts"}],"about":[{"href":"https:\/\/www.salzburgerland.com\/de\/magazin\/wp-json\/wp\/v2\/types\/post"}],"author":[{"embeddable":true,"href":"https:\/\/www.salzburgerland.com\/de\/magazin\/wp-json\/wp\/v2\/users\/506"}],"replies":[{"embeddable":true,"href":"https:\/\/www.salzburgerland.com\/de\/magazin\/wp-json\/wp\/v2\/comments?post=95225"}],"version-history":[{"count":4,"href":"https:\/\/www.salzburgerland.com\/de\/magazin\/wp-json\/wp\/v2\/posts\/95225\/revisions"}],"predecessor-version":[{"id":183958,"href":"https:\/\/www.salzburgerland.com\/de\/magazin\/wp-json\/wp\/v2\/posts\/95225\/revisions\/183958"}],"wp:featuredmedia":[{"embeddable":true,"href":"https:\/\/www.salzburgerland.com\/de\/magazin\/wp-json\/wp\/v2\/media\/95228"}],"wp:attachment":[{"href":"https:\/\/www.salzburgerland.com\/de\/magazin\/wp-json\/wp\/v2\/media?parent=95225"}],"wp:term":[{"taxonomy":"category","embeddable":true,"href":"https:\/\/www.salzburgerland.com\/de\/magazin\/wp-json\/wp\/v2\/categories?post=95225"},{"taxonomy":"post_tag","embeddable":true,"href":"https:\/\/www.salzburgerland.com\/de\/magazin\/wp-json\/wp\/v2\/tags?post=95225"},{"taxonomy":"wl_entity_type","embeddable":true,"href":"https:\/\/www.salzburgerland.com\/de\/magazin\/wp-json\/wp\/v2\/wl_entity_type?post=95225"},{"taxonomy":"monatsauswahl","embeddable":true,"href":"https:\/\/www.salzburgerland.com\/de\/magazin\/wp-json\/wp\/v2\/monatsauswahl?post=95225"}],"curies":[{"name":"wp","href":"https:\/\/api.w.org\/{rel}","templated":true}]}}