{"id":94981,"date":"2015-02-23T19:14:29","date_gmt":"2015-02-23T18:14:29","guid":{"rendered":"http:\/\/magazin.salzburgerland.com\/?p=94981"},"modified":"2015-03-17T10:42:57","modified_gmt":"2015-03-17T09:42:57","slug":"kunstbox-emailwerk-in-seekirchen","status":"publish","type":"post","link":"https:\/\/www.salzburgerland.com\/de\/magazin\/kunstbox-emailwerk-in-seekirchen\/","title":{"rendered":"Kunstbox: EmailWerk in Seekirchen"},"content":{"rendered":"<div>Das Salzburger Seengebiet ist ein Genuss f\u00fcr Wassersportler, Rennradlfahrer, L\u00e4ufer, Spaziergeher und einfach f\u00fcr alle, die das Leben lieben und in vollen Z\u00fcgen\u00a0genie\u00dfen. Und seit dem Jahre 2005 gibt es mitten drin auch einen Treffpunkt f\u00fcr echte Kulturfreunde: Das <a href=\"http:\/\/www.kunstbox.at\/\" target=\"_blank\">Kulturhaus EmailWerk<\/a> in der idyllischen Stadt Seekirchen am Wallerseee! Damals vom <a href=\"http:\/\/www.kunstbox.at\/\" target=\"_blank\">Kulturverein KunstBox<\/a> mit dem Ziel gegr\u00fcndet, zeitgen\u00f6ssische Kunst auch au\u00dferhalb der Mozartstadt zu zeigen, hat es sich zu einem besonders beliebten Veranstaltungsort entwickelt. Dabei stand der Wunsch, Kunst als Teil des Lebens begreifbar zu machen, von Beginn an f\u00fcr die Initiatoren im\u00a0Vordergrund. Au\u00dferdem sollte die Kunst als Sprachrohr f\u00fcr gesellschaftsrelevante Themen \u2013 mit Offenheit, Aufgeschlossenheit gegen\u00fcber Neuem und Toleranz, in Interaktion mit regionalen, nationalen\u00a0und internationalen K\u00fcnstlern gesehen werden.\u00a0<\/div>\n<div>\u00a0<\/div>\n<div>Im so genannten &#8222;Mehrspartenhaus&#8220; warten vielseitige Kunstrichtungen mit Theater, Literatur und Musik der unterschiedlichsten Genres und Stilrichtungen auf neugierige Besucher.\u00a0Damit auch die kleinen G\u00e4ste ihre Begeisterung f\u00fcr Kunst und Kultur entdecken k\u00f6nnen, gibt es allj\u00e4hrlich die &#8222;Kreativen Kindertage&#8220; zum Kommen, Staunen und Mitmachen.\u00a0Dank kluger \u00dcberlegung und unerm\u00fcdlichem Tatendrang der Veranstalter wechselt das Programm regelm\u00e4\u00dfig und Langweile kommt im EmailWerk nie auf.\u00a0Die Programmphilosophie ist immer\u00a0vielseitig, herausfordernd und auf hohem Niveau, ohne &#8222;die Augenh\u00f6he des Publikums zu verlassen&#8220;, wie Betreiber\u00a0Leo\u00a0Fellinger betonen. Die vielseitige Mischung aus den unterschiedlichsten Veranstaltungen zeugt von umsichtiger Planung: Denn\u00a0vom\u00a0rockigen Violinkonzert, \u00fcber einen\u00a0Breakdance-Workshop zum Mitmachen bis hin zur\u00a0Bilderreportage mit spannenden Geschichten, im EmailWerk gibt es Kultur nach individuellem Geschmack. \u00a0<\/div>\n<div>\u00a0<\/div>\n<div>Rund 13.000 Besucher erfreut das EmailWerk Jahr f\u00fcr Jahr mit ca. 280 Veranstaltungen und Programmhighlights.\u00a0<\/div>\n<div>Neben zahlreichen anderen Ehrungen und Auszeichnungen gibt im\u00a0Jahr 2011 auch der &#8222;Landespreis f\u00fcr Kulturarbeit&#8220; an das Kulturzentrum,\u00a0&#8222;&#8230;weil hier Kultur nicht nur reproduziert wird, sondern Kultur geschaffen und das EmailWerk K\u00fcnstler und Kunstsparten zur Weiterentwicklung anregt&#8230;&#8220; (Zitat der begeisterten Jury).<\/div>\n<div>\u00a0<\/div>\n<div>Egal ob zur Einstimmung vor der besuchten Veranstaltung oder zum Ausklang danach, die stimmungsvolle Kulturhaus-Bar l\u00e4dt zum Diskutieren und Philosophieren in besonderer Atmosph\u00e4re ein. Schlie\u00dflich l\u00e4sst es sich mit\u00a0einem Glas Wein oder einem Drink noch besser \u00fcber Kunst und Kultur\u00a0fachsimpeln. Einen kleinen Einblick in die bunte Kulturwelt der EmailBox gibt es auf <a href=\"https:\/\/www.flickr.com\/photos\/kunstbox\/sets\/\" target=\"_blank\">flickr<\/a>!<\/div>\n<div>\u00a0<\/div>\n<div><a href=\"http:\/\/www.kunstbox.at\/\" target=\"_blank\">Kulturverein KunstBox<\/a><\/div>\n<div>\u00a0<\/div>\n<div>Gesch\u00e4ftsf\u00fchrung Verena Fellinger<\/div>\n<div>Anton-Windhager-Strasse 7<br \/>5201 Seekirchen<\/div>\n<div>mobil: 0043664\/ 2302196<\/div>\n<div>Mail: info@kunstbox.at<\/div>\n<div>\u00a0<\/div>\n<div>\n<div class=\"mag-gallery\"><div class=\"row\"><div class=\"col-6 col-sm-4\"><figure><a class=\"thumb-container\" href=\"https:\/\/www.salzburgerland.com\/de\/magazin\/wp-content\/uploads\/2015\/02\/Emailwerk_Ansicht11-1280x1024.jpg\">\t<picture><source media=\"(min-width: 576px)\" srcset=\"https:\/\/www.salzburgerland.com\/de\/magazin\/wp-content\/uploads\/2015\/02\/Emailwerk_Ansicht11-325x209.jpg 325w, https:\/\/www.salzburgerland.com\/de\/magazin\/wp-content\/uploads\/2015\/02\/Emailwerk_Ansicht11-249x160.jpg 249w\" \/><source media=\"(min-width: 0)\" srcset=\"https:\/\/www.salzburgerland.com\/de\/magazin\/wp-content\/uploads\/2015\/02\/Emailwerk_Ansicht11-249x160.jpg 249w, https:\/\/www.salzburgerland.com\/de\/magazin\/wp-content\/uploads\/2015\/02\/Emailwerk_Ansicht11-325x209.jpg 325w\" \/><img decoding=\"async\" alt=\"Ein modernes Geb\u00e4ude mit leuchtend roter Innenbeleuchtung in der Abendd\u00e4mmerung, ein unscharfes Auto im Vordergrund.\" src=\"https:\/\/www.salzburgerland.com\/de\/magazin\/wp-content\/uploads\/2015\/02\/Emailwerk_Ansicht11.jpg\" \/>\t<\/picture><\/a><\/figure><\/div><div class=\"col-6 col-sm-4\"><figure><a class=\"thumb-container\" href=\"https:\/\/www.salzburgerland.com\/de\/magazin\/wp-content\/uploads\/2015\/02\/Emailwerk_Ansicht21-1280x1024.jpg\">\t<picture><source media=\"(min-width: 576px)\" srcset=\"https:\/\/www.salzburgerland.com\/de\/magazin\/wp-content\/uploads\/2015\/02\/Emailwerk_Ansicht21-325x209.jpg 325w, https:\/\/www.salzburgerland.com\/de\/magazin\/wp-content\/uploads\/2015\/02\/Emailwerk_Ansicht21-249x160.jpg 249w\" \/><source media=\"(min-width: 0)\" srcset=\"https:\/\/www.salzburgerland.com\/de\/magazin\/wp-content\/uploads\/2015\/02\/Emailwerk_Ansicht21-249x160.jpg 249w, https:\/\/www.salzburgerland.com\/de\/magazin\/wp-content\/uploads\/2015\/02\/Emailwerk_Ansicht21-325x209.jpg 325w\" \/><img decoding=\"async\" alt=\"Modernes graues Geb\u00e4ude mit gro\u00dfen Fenstern und einem leuchtend roten Akzent, mit einem bunten Veranstaltungsplakat au\u00dfen.\" src=\"https:\/\/www.salzburgerland.com\/de\/magazin\/wp-content\/uploads\/2015\/02\/Emailwerk_Ansicht21.jpg\" \/>\t<\/picture><\/a><\/figure><\/div><div class=\"col-6 col-sm-4\"><figure><a class=\"thumb-container\" href=\"https:\/\/www.salzburgerland.com\/de\/magazin\/wp-content\/uploads\/2015\/02\/Emailwerk_Atmosphaere1-1280x1024.jpg\">\t<picture><source media=\"(min-width: 576px)\" srcset=\"https:\/\/www.salzburgerland.com\/de\/magazin\/wp-content\/uploads\/2015\/02\/Emailwerk_Atmosphaere1-325x209.jpg 325w, https:\/\/www.salzburgerland.com\/de\/magazin\/wp-content\/uploads\/2015\/02\/Emailwerk_Atmosphaere1-249x160.jpg 249w\" \/><source media=\"(min-width: 0)\" srcset=\"https:\/\/www.salzburgerland.com\/de\/magazin\/wp-content\/uploads\/2015\/02\/Emailwerk_Atmosphaere1-249x160.jpg 249w, https:\/\/www.salzburgerland.com\/de\/magazin\/wp-content\/uploads\/2015\/02\/Emailwerk_Atmosphaere1-325x209.jpg 325w\" \/><img decoding=\"async\" alt=\"Eine lebhafte Gruppe von Menschen tanzt fr\u00f6hlich auf einer schwach beleuchteten Tanzfl\u00e4che zusammen.\" src=\"https:\/\/www.salzburgerland.com\/de\/magazin\/wp-content\/uploads\/2015\/02\/Emailwerk_Atmosphaere1.jpg\" \/>\t<\/picture><\/a><\/figure><\/div><div class=\"col-6 col-sm-4\"><figure><a class=\"thumb-container\" href=\"https:\/\/www.salzburgerland.com\/de\/magazin\/wp-content\/uploads\/2015\/02\/Emailwerk_Konzert1-1280x1024.jpg\">\t<picture><source media=\"(min-width: 576px)\" srcset=\"https:\/\/www.salzburgerland.com\/de\/magazin\/wp-content\/uploads\/2015\/02\/Emailwerk_Konzert1-325x209.jpg 325w, https:\/\/www.salzburgerland.com\/de\/magazin\/wp-content\/uploads\/2015\/02\/Emailwerk_Konzert1-249x160.jpg 249w\" \/><source media=\"(min-width: 0)\" srcset=\"https:\/\/www.salzburgerland.com\/de\/magazin\/wp-content\/uploads\/2015\/02\/Emailwerk_Konzert1-249x160.jpg 249w, https:\/\/www.salzburgerland.com\/de\/magazin\/wp-content\/uploads\/2015\/02\/Emailwerk_Konzert1-325x209.jpg 325w\" \/><img decoding=\"async\" alt=\"Eine lebhafte Band in bunten Hemden spielt auf einer hell erleuchteten B\u00fchne Schlagzeug und Tamburin.\" src=\"https:\/\/www.salzburgerland.com\/de\/magazin\/wp-content\/uploads\/2015\/02\/Emailwerk_Konzert1.jpg\" \/>\t<\/picture><\/a><\/figure><\/div><div class=\"col-6 col-sm-4\"><figure><a class=\"thumb-container\" href=\"https:\/\/www.salzburgerland.com\/de\/magazin\/wp-content\/uploads\/2015\/02\/Emailwerk_Saal1-1280x1024.jpg\">\t<picture><source media=\"(min-width: 576px)\" srcset=\"https:\/\/www.salzburgerland.com\/de\/magazin\/wp-content\/uploads\/2015\/02\/Emailwerk_Saal1-325x209.jpg 325w, https:\/\/www.salzburgerland.com\/de\/magazin\/wp-content\/uploads\/2015\/02\/Emailwerk_Saal1-249x160.jpg 249w\" \/><source media=\"(min-width: 0)\" srcset=\"https:\/\/www.salzburgerland.com\/de\/magazin\/wp-content\/uploads\/2015\/02\/Emailwerk_Saal1-249x160.jpg 249w, https:\/\/www.salzburgerland.com\/de\/magazin\/wp-content\/uploads\/2015\/02\/Emailwerk_Saal1-325x209.jpg 325w\" \/><img decoding=\"async\" alt=\"Schummerig beleuchteter Veranstaltungsraum mit hohen, mit wei\u00dfem Stoff drapierten Cocktailtischen und bunten Lichtern auf dem Boden.\" src=\"https:\/\/www.salzburgerland.com\/de\/magazin\/wp-content\/uploads\/2015\/02\/Emailwerk_Saal1.jpg\" \/>\t<\/picture><\/a><\/figure><\/div><div class=\"col-6 col-sm-4\"><figure><a class=\"thumb-container\" href=\"https:\/\/www.salzburgerland.com\/de\/magazin\/wp-content\/uploads\/2015\/02\/Emailwerk_Tanztheater1-1280x1024.jpg\">\t<picture><source media=\"(min-width: 576px)\" srcset=\"https:\/\/www.salzburgerland.com\/de\/magazin\/wp-content\/uploads\/2015\/02\/Emailwerk_Tanztheater1-325x209.jpg 325w, https:\/\/www.salzburgerland.com\/de\/magazin\/wp-content\/uploads\/2015\/02\/Emailwerk_Tanztheater1-249x160.jpg 249w\" \/><source media=\"(min-width: 0)\" srcset=\"https:\/\/www.salzburgerland.com\/de\/magazin\/wp-content\/uploads\/2015\/02\/Emailwerk_Tanztheater1-249x160.jpg 249w, https:\/\/www.salzburgerland.com\/de\/magazin\/wp-content\/uploads\/2015\/02\/Emailwerk_Tanztheater1-325x209.jpg 325w\" \/><img decoding=\"async\" alt=\"Person in einem roten Trainingsanzug, die sich dramatisch nach oben streckt, w\u00e4hrend sie auf der B\u00fchne neben einer roten Box liegt.\" src=\"https:\/\/www.salzburgerland.com\/de\/magazin\/wp-content\/uploads\/2015\/02\/Emailwerk_Tanztheater1.jpg\" \/>\t<\/picture><\/a><\/figure><\/div><div class=\"col-6 col-sm-4\"><figure><a class=\"thumb-container\" href=\"https:\/\/www.salzburgerland.com\/de\/magazin\/wp-content\/uploads\/2015\/02\/11128539745_214b097a0c_o-1280x1024.jpg\">\t<picture><source media=\"(min-width: 576px)\" srcset=\"https:\/\/www.salzburgerland.com\/de\/magazin\/wp-content\/uploads\/2015\/02\/11128539745_214b097a0c_o-325x209.jpg 325w, https:\/\/www.salzburgerland.com\/de\/magazin\/wp-content\/uploads\/2015\/02\/11128539745_214b097a0c_o-249x160.jpg 249w\" \/><source media=\"(min-width: 0)\" srcset=\"https:\/\/www.salzburgerland.com\/de\/magazin\/wp-content\/uploads\/2015\/02\/11128539745_214b097a0c_o-249x160.jpg 249w, https:\/\/www.salzburgerland.com\/de\/magazin\/wp-content\/uploads\/2015\/02\/11128539745_214b097a0c_o-325x209.jpg 325w\" \/><img decoding=\"async\" alt=\"Eine Luftakrobatin turnt auf Seilen \u00fcber der B\u00fchne, w\u00e4hrend drei Schauspieler zusehen, einer stehend, zwei in Schwarz mit dramatischen Gesten.\" src=\"https:\/\/www.salzburgerland.com\/de\/magazin\/wp-content\/uploads\/2015\/02\/11128539745_214b097a0c_o.jpg\" \/>\t<\/picture><\/a><\/figure><\/div><div class=\"col-6 col-sm-4\"><figure><a class=\"thumb-container\" href=\"https:\/\/www.salzburgerland.com\/de\/magazin\/wp-content\/uploads\/2015\/02\/11128692823_97ce19a8ae_k-1280x1024.jpg\">\t<picture><source media=\"(min-width: 576px)\" srcset=\"https:\/\/www.salzburgerland.com\/de\/magazin\/wp-content\/uploads\/2015\/02\/11128692823_97ce19a8ae_k-325x209.jpg 325w, https:\/\/www.salzburgerland.com\/de\/magazin\/wp-content\/uploads\/2015\/02\/11128692823_97ce19a8ae_k-249x160.jpg 249w\" \/><source media=\"(min-width: 0)\" srcset=\"https:\/\/www.salzburgerland.com\/de\/magazin\/wp-content\/uploads\/2015\/02\/11128692823_97ce19a8ae_k-249x160.jpg 249w, https:\/\/www.salzburgerland.com\/de\/magazin\/wp-content\/uploads\/2015\/02\/11128692823_97ce19a8ae_k-325x209.jpg 325w\" \/><img decoding=\"async\" alt=\"Ein Geiger spielt auf der B\u00fchne, w\u00e4hrend drei schwarz gekleidete Schauspieler dramatisch hinter ihm posieren.\" src=\"https:\/\/www.salzburgerland.com\/de\/magazin\/wp-content\/uploads\/2015\/02\/11128692823_97ce19a8ae_k.jpg\" \/>\t<\/picture><\/a><\/figure><\/div><div class=\"col-6 col-sm-4\"><figure><a class=\"thumb-container\" href=\"https:\/\/www.salzburgerland.com\/de\/magazin\/wp-content\/uploads\/2015\/02\/16391038906_1441af5b45_k-1280x1024.jpg\">\t<picture><source media=\"(min-width: 576px)\" srcset=\"https:\/\/www.salzburgerland.com\/de\/magazin\/wp-content\/uploads\/2015\/02\/16391038906_1441af5b45_k-325x209.jpg 325w, https:\/\/www.salzburgerland.com\/de\/magazin\/wp-content\/uploads\/2015\/02\/16391038906_1441af5b45_k-249x160.jpg 249w\" \/><source media=\"(min-width: 0)\" srcset=\"https:\/\/www.salzburgerland.com\/de\/magazin\/wp-content\/uploads\/2015\/02\/16391038906_1441af5b45_k-249x160.jpg 249w, https:\/\/www.salzburgerland.com\/de\/magazin\/wp-content\/uploads\/2015\/02\/16391038906_1441af5b45_k-325x209.jpg 325w\" \/><img decoding=\"async\" alt=\"Sieben Musiker in traditioneller \u00f6sterreichischer Tracht spielen auf einer B\u00fchne mit einem dunklen Vorhang im Hintergrund Blasinstrumente.\" src=\"https:\/\/www.salzburgerland.com\/de\/magazin\/wp-content\/uploads\/2015\/02\/16391038906_1441af5b45_k.jpg\" \/>\t<\/picture><\/a><\/figure><\/div><div class=\"col-6 col-sm-4\"><figure><a class=\"thumb-container\" href=\"https:\/\/www.salzburgerland.com\/de\/magazin\/wp-content\/uploads\/2015\/02\/12267242573_e2c8e91e84_k-1280x1024.jpg\">\t<picture><source media=\"(min-width: 576px)\" srcset=\"https:\/\/www.salzburgerland.com\/de\/magazin\/wp-content\/uploads\/2015\/02\/12267242573_e2c8e91e84_k-325x209.jpg 325w, https:\/\/www.salzburgerland.com\/de\/magazin\/wp-content\/uploads\/2015\/02\/12267242573_e2c8e91e84_k-249x160.jpg 249w\" \/><source media=\"(min-width: 0)\" srcset=\"https:\/\/www.salzburgerland.com\/de\/magazin\/wp-content\/uploads\/2015\/02\/12267242573_e2c8e91e84_k-249x160.jpg 249w, https:\/\/www.salzburgerland.com\/de\/magazin\/wp-content\/uploads\/2015\/02\/12267242573_e2c8e91e84_k-325x209.jpg 325w\" \/><img decoding=\"async\" alt=\"Ein Mann mit Brille spielt auf der B\u00fchne einen Kontrabass vor einem dunklen Vorhanghintergrund.\" src=\"https:\/\/www.salzburgerland.com\/de\/magazin\/wp-content\/uploads\/2015\/02\/12267242573_e2c8e91e84_k.jpg\" \/>\t<\/picture><\/a><\/figure><\/div><div class=\"col-6 col-sm-4\"><figure><a class=\"thumb-container\" href=\"https:\/\/www.salzburgerland.com\/de\/magazin\/wp-content\/uploads\/2015\/02\/12267239763_d5928603db_k-1280x1024.jpg\">\t<picture><source media=\"(min-width: 576px)\" srcset=\"https:\/\/www.salzburgerland.com\/de\/magazin\/wp-content\/uploads\/2015\/02\/12267239763_d5928603db_k-325x209.jpg 325w, https:\/\/www.salzburgerland.com\/de\/magazin\/wp-content\/uploads\/2015\/02\/12267239763_d5928603db_k-249x160.jpg 249w\" \/><source media=\"(min-width: 0)\" srcset=\"https:\/\/www.salzburgerland.com\/de\/magazin\/wp-content\/uploads\/2015\/02\/12267239763_d5928603db_k-249x160.jpg 249w, https:\/\/www.salzburgerland.com\/de\/magazin\/wp-content\/uploads\/2015\/02\/12267239763_d5928603db_k-325x209.jpg 325w\" \/><img decoding=\"async\" alt=\"Ein Mann spielt das Vibraphon, w\u00e4hrend hinter ihm auf der B\u00fchne ein Schlagzeuger spielt.\" src=\"https:\/\/www.salzburgerland.com\/de\/magazin\/wp-content\/uploads\/2015\/02\/12267239763_d5928603db_k.jpg\" \/>\t<\/picture><\/a><\/figure><\/div><div class=\"col-6 col-sm-4\"><figure><a class=\"thumb-container\" href=\"https:\/\/www.salzburgerland.com\/de\/magazin\/wp-content\/uploads\/2015\/02\/Emailwerk_Theater1-1280x1024.jpg\">\t<picture><source media=\"(min-width: 576px)\" srcset=\"https:\/\/www.salzburgerland.com\/de\/magazin\/wp-content\/uploads\/2015\/02\/Emailwerk_Theater1-325x209.jpg 325w, https:\/\/www.salzburgerland.com\/de\/magazin\/wp-content\/uploads\/2015\/02\/Emailwerk_Theater1-249x160.jpg 249w\" \/><source media=\"(min-width: 0)\" srcset=\"https:\/\/www.salzburgerland.com\/de\/magazin\/wp-content\/uploads\/2015\/02\/Emailwerk_Theater1-249x160.jpg 249w, https:\/\/www.salzburgerland.com\/de\/magazin\/wp-content\/uploads\/2015\/02\/Emailwerk_Theater1-325x209.jpg 325w\" \/><img decoding=\"async\" alt=\"Zwei Menschen sitzen auf der B\u00fchne, einer liest eine Zeitung, der andere schaut \u00fcberrascht mit den H\u00e4nden hinter dem Kopf.\" src=\"https:\/\/www.salzburgerland.com\/de\/magazin\/wp-content\/uploads\/2015\/02\/Emailwerk_Theater1.jpg\" \/>\t<\/picture><\/a><\/figure><\/div><\/div><\/div><figcaption><\/figcaption>\n<\/div>\n<div>\n<div>\u00a0fotocredits\u00a0\u00a9\u00a0EmailWerk<\/div>\n<\/div>\n","protected":false},"excerpt":{"rendered":"<p>Das Salzburger Seengebiet ist ein Genuss f\u00fcr Wassersportler, Rennradlfahrer, L\u00e4ufer, Spaziergeher und einfach f\u00fcr alle, die das Leben lieben und in vollen Z\u00fcgen\u00a0genie\u00dfen. Und seit dem Jahre 2005 gibt es mitten drin auch einen Treffpunkt f\u00fcr echte Kulturfreunde: Das Kulturhaus EmailWerk in der idyllischen Stadt Seekirchen am Wallerseee! Damals vom Kulturverein KunstBox mit dem Ziel [&hellip;]<\/p>\n","protected":false},"author":482,"featured_media":94996,"comment_status":"open","ping_status":"open","sticky":false,"template":"","format":"standard","meta":{"_acf_changed":false,"wl_entities_gutenberg":"","_wl_entity_redirect_enabled":"","footnotes":""},"categories":[9],"tags":[],"wl_entity_type":[306],"monatsauswahl":[82,83,84,85,86,87,88,89,90,91,92,93],"class_list":["post-94981","post","type-post","status-publish","format-standard","has-post-thumbnail","hentry","category-sehenswurdig","wl_entity_type-article","monatsauswahl-monat_1","monatsauswahl-monat_2","monatsauswahl-monat_3","monatsauswahl-monat_4","monatsauswahl-monat_5","monatsauswahl-monat_6","monatsauswahl-monat_7","monatsauswahl-monat_8","monatsauswahl-monat_9","monatsauswahl-monat_10","monatsauswahl-monat_11","monatsauswahl-monat_12"],"acf":[],"yoast_head":"<!-- This site is optimized with the Yoast SEO Premium plugin v27.4 (Yoast SEO v27.4) - https:\/\/yoast.com\/product\/yoast-seo-premium-wordpress\/ -->\n<title>Kunstbox: EmailWerk in Seekirchen - SalzburgerLand Magazin<\/title>\n<meta name=\"description\" content=\"Das Salzburger Seengebiet ist ein Genuss f\u00fcr Wassersportler, Rennradlfahrer, L\u00e4ufer, Spaziergeher und einfach f\u00fcr alle, die das Leben lieben und in vollen Z\u00fcgen\u00a0genie\u00dfen. Und seit dem Jahre 2005 gibt es mitten drin auch einen Treffpunkt f\u00fcr echte Kulturfreunde: Das Kulturhaus EmailWerk in der idyllischen Stadt Seekirchen am Wallerseee! Damals vom Kulturverein KunstBox mit dem Ziel [&hellip;]\" \/>\n<meta name=\"robots\" content=\"index, follow, max-snippet:-1, max-image-preview:large, max-video-preview:-1\" \/>\n<link rel=\"canonical\" href=\"https:\/\/www.salzburgerland.com\/de\/magazin\/kunstbox-emailwerk-in-seekirchen\/\" \/>\n<meta property=\"og:locale\" content=\"de_DE\" \/>\n<meta property=\"og:type\" content=\"article\" \/>\n<meta property=\"og:title\" content=\"Kunstbox: EmailWerk in Seekirchen\" \/>\n<meta property=\"og:description\" content=\"Das Salzburger Seengebiet ist ein Genuss f\u00fcr Wassersportler, Rennradlfahrer, L\u00e4ufer, Spaziergeher und einfach f\u00fcr alle, die das Leben lieben und in vollen Z\u00fcgen\u00a0genie\u00dfen. Und seit dem Jahre 2005 gibt es mitten drin auch einen Treffpunkt f\u00fcr echte Kulturfreunde: Das Kulturhaus EmailWerk in der idyllischen Stadt Seekirchen am Wallerseee! Damals vom Kulturverein KunstBox mit dem Ziel [&hellip;]\" \/>\n<meta property=\"og:url\" content=\"https:\/\/www.salzburgerland.com\/de\/magazin\/kunstbox-emailwerk-in-seekirchen\/\" \/>\n<meta property=\"og:site_name\" content=\"SalzburgerLand Magazin\" \/>\n<meta property=\"article:publisher\" content=\"https:\/\/www.facebook.com\/salzburgerland\/\" \/>\n<meta property=\"article:published_time\" content=\"2015-02-23T18:14:29+00:00\" \/>\n<meta property=\"article:modified_time\" content=\"2015-03-17T09:42:57+00:00\" \/>\n<meta property=\"og:image\" content=\"https:\/\/www.salzburgerland.com\/de\/magazin\/wp-content\/uploads\/2015\/02\/Emailwerk_Theater1.jpg\" \/>\n\t<meta property=\"og:image:width\" content=\"1600\" \/>\n\t<meta property=\"og:image:height\" content=\"1048\" \/>\n\t<meta property=\"og:image:type\" content=\"image\/jpeg\" \/>\n<meta name=\"author\" content=\"Magdalena Lublasser-Fazal\" \/>\n<meta name=\"twitter:card\" content=\"summary_large_image\" \/>\n<meta name=\"twitter:creator\" content=\"@Salzburgerland\" \/>\n<meta name=\"twitter:site\" content=\"@Salzburgerland\" \/>\n<meta name=\"twitter:label1\" content=\"Verfasst von\" \/>\n\t<meta name=\"twitter:data1\" content=\"Magdalena Lublasser-Fazal\" \/>\n\t<meta name=\"twitter:label2\" content=\"Gesch\u00e4tzte Lesezeit\" \/>\n\t<meta name=\"twitter:data2\" content=\"2\u00a0Minuten\" \/>\n<script type=\"application\/ld+json\" class=\"yoast-schema-graph\">{\"@context\":\"https:\\\/\\\/schema.org\",\"@graph\":[{\"@type\":\"Article\",\"@id\":\"https:\\\/\\\/www.salzburgerland.com\\\/de\\\/magazin\\\/kunstbox-emailwerk-in-seekirchen\\\/#article\",\"isPartOf\":{\"@id\":\"https:\\\/\\\/www.salzburgerland.com\\\/de\\\/magazin\\\/kunstbox-emailwerk-in-seekirchen\\\/\"},\"author\":{\"name\":\"Magdalena Lublasser-Fazal\",\"@id\":\"https:\\\/\\\/www.salzburgerland.com\\\/de\\\/magazin\\\/#\\\/schema\\\/person\\\/f4e5670b6a3cc9fcea30e5908634464b\"},\"headline\":\"Kunstbox: EmailWerk in Seekirchen\",\"datePublished\":\"2015-02-23T18:14:29+00:00\",\"dateModified\":\"2015-03-17T09:42:57+00:00\",\"mainEntityOfPage\":{\"@id\":\"https:\\\/\\\/www.salzburgerland.com\\\/de\\\/magazin\\\/kunstbox-emailwerk-in-seekirchen\\\/\"},\"wordCount\":399,\"commentCount\":0,\"publisher\":{\"@id\":\"https:\\\/\\\/www.salzburgerland.com\\\/de\\\/magazin\\\/#organization\"},\"image\":{\"@id\":\"https:\\\/\\\/www.salzburgerland.com\\\/de\\\/magazin\\\/kunstbox-emailwerk-in-seekirchen\\\/#primaryimage\"},\"thumbnailUrl\":\"https:\\\/\\\/www.salzburgerland.com\\\/de\\\/magazin\\\/wp-content\\\/uploads\\\/2015\\\/02\\\/Emailwerk_Theater1.jpg\",\"articleSection\":[\"Sehensw\u00fcrdig\"],\"inLanguage\":\"de\",\"potentialAction\":[{\"@type\":\"CommentAction\",\"name\":\"Comment\",\"target\":[\"https:\\\/\\\/www.salzburgerland.com\\\/de\\\/magazin\\\/kunstbox-emailwerk-in-seekirchen\\\/#respond\"]}]},{\"@type\":\"WebPage\",\"@id\":\"https:\\\/\\\/www.salzburgerland.com\\\/de\\\/magazin\\\/kunstbox-emailwerk-in-seekirchen\\\/\",\"url\":\"https:\\\/\\\/www.salzburgerland.com\\\/de\\\/magazin\\\/kunstbox-emailwerk-in-seekirchen\\\/\",\"name\":\"Kunstbox: EmailWerk in Seekirchen - SalzburgerLand Magazin\",\"isPartOf\":{\"@id\":\"https:\\\/\\\/www.salzburgerland.com\\\/de\\\/magazin\\\/#website\"},\"primaryImageOfPage\":{\"@id\":\"https:\\\/\\\/www.salzburgerland.com\\\/de\\\/magazin\\\/kunstbox-emailwerk-in-seekirchen\\\/#primaryimage\"},\"image\":{\"@id\":\"https:\\\/\\\/www.salzburgerland.com\\\/de\\\/magazin\\\/kunstbox-emailwerk-in-seekirchen\\\/#primaryimage\"},\"thumbnailUrl\":\"https:\\\/\\\/www.salzburgerland.com\\\/de\\\/magazin\\\/wp-content\\\/uploads\\\/2015\\\/02\\\/Emailwerk_Theater1.jpg\",\"datePublished\":\"2015-02-23T18:14:29+00:00\",\"dateModified\":\"2015-03-17T09:42:57+00:00\",\"breadcrumb\":{\"@id\":\"https:\\\/\\\/www.salzburgerland.com\\\/de\\\/magazin\\\/kunstbox-emailwerk-in-seekirchen\\\/#breadcrumb\"},\"inLanguage\":\"de\",\"potentialAction\":[{\"@type\":\"ReadAction\",\"target\":[\"https:\\\/\\\/www.salzburgerland.com\\\/de\\\/magazin\\\/kunstbox-emailwerk-in-seekirchen\\\/\"]}]},{\"@type\":\"ImageObject\",\"inLanguage\":\"de\",\"@id\":\"https:\\\/\\\/www.salzburgerland.com\\\/de\\\/magazin\\\/kunstbox-emailwerk-in-seekirchen\\\/#primaryimage\",\"url\":\"https:\\\/\\\/www.salzburgerland.com\\\/de\\\/magazin\\\/wp-content\\\/uploads\\\/2015\\\/02\\\/Emailwerk_Theater1.jpg\",\"contentUrl\":\"https:\\\/\\\/www.salzburgerland.com\\\/de\\\/magazin\\\/wp-content\\\/uploads\\\/2015\\\/02\\\/Emailwerk_Theater1.jpg\",\"width\":1600,\"height\":1048,\"caption\":\"Zur\u00fccklehnen und genie\u00dfen!\"},{\"@type\":\"BreadcrumbList\",\"@id\":\"https:\\\/\\\/www.salzburgerland.com\\\/de\\\/magazin\\\/kunstbox-emailwerk-in-seekirchen\\\/#breadcrumb\",\"itemListElement\":[{\"@type\":\"ListItem\",\"position\":1,\"name\":\"Startseite\",\"item\":\"https:\\\/\\\/www.salzburgerland.com\\\/de\\\/magazin\\\/\"},{\"@type\":\"ListItem\",\"position\":2,\"name\":\"Sehensw\u00fcrdig\",\"item\":\"https:\\\/\\\/www.salzburgerland.com\\\/de\\\/magazin\\\/thema\\\/sehenswurdig\\\/\"},{\"@type\":\"ListItem\",\"position\":3,\"name\":\"Kunstbox: EmailWerk in Seekirchen\"}]},{\"@type\":\"WebSite\",\"@id\":\"https:\\\/\\\/www.salzburgerland.com\\\/de\\\/magazin\\\/#website\",\"url\":\"https:\\\/\\\/www.salzburgerland.com\\\/de\\\/magazin\\\/\",\"name\":\"SalzburgerLand Magazin\",\"description\":\"Geschichten und Interessantes aus dem SalzburgerLand\",\"publisher\":{\"@id\":\"https:\\\/\\\/www.salzburgerland.com\\\/de\\\/magazin\\\/#organization\"},\"potentialAction\":[{\"@type\":\"SearchAction\",\"target\":{\"@type\":\"EntryPoint\",\"urlTemplate\":\"https:\\\/\\\/www.salzburgerland.com\\\/de\\\/magazin\\\/?s={search_term_string}\"},\"query-input\":{\"@type\":\"PropertyValueSpecification\",\"valueRequired\":true,\"valueName\":\"search_term_string\"}}],\"inLanguage\":\"de\"},{\"@type\":\"Organization\",\"@id\":\"https:\\\/\\\/www.salzburgerland.com\\\/de\\\/magazin\\\/#organization\",\"name\":\"SalzburgerLand Tourismus\",\"url\":\"https:\\\/\\\/www.salzburgerland.com\\\/de\\\/magazin\\\/\",\"logo\":{\"@type\":\"ImageObject\",\"inLanguage\":\"de\",\"@id\":\"https:\\\/\\\/www.salzburgerland.com\\\/de\\\/magazin\\\/#\\\/schema\\\/logo\\\/image\\\/\",\"url\":\"https:\\\/\\\/www.salzburgerland.com\\\/de\\\/magazin\\\/wp-content\\\/uploads\\\/2019\\\/06\\\/salzburgerland-logo1.jpg\",\"contentUrl\":\"https:\\\/\\\/www.salzburgerland.com\\\/de\\\/magazin\\\/wp-content\\\/uploads\\\/2019\\\/06\\\/salzburgerland-logo1.jpg\",\"width\":2011,\"height\":866,\"caption\":\"SalzburgerLand Tourismus\"},\"image\":{\"@id\":\"https:\\\/\\\/www.salzburgerland.com\\\/de\\\/magazin\\\/#\\\/schema\\\/logo\\\/image\\\/\"},\"sameAs\":[\"https:\\\/\\\/www.facebook.com\\\/salzburgerland\\\/\",\"https:\\\/\\\/x.com\\\/Salzburgerland\",\"https:\\\/\\\/www.instagram.com\\\/salzburgerland\\\/\",\"https:\\\/\\\/at.linkedin.com\\\/company\\\/salzburgerland-tourismus-gmbh\",\"https:\\\/\\\/www.pinterest.at\\\/salzburgerland\\\/\",\"https:\\\/\\\/www.youtube.com\\\/user\\\/salzburgerland\",\"https:\\\/\\\/de.wikipedia.org\\\/wiki\\\/SalzburgerLand_Tourismus_GmbH\"]},{\"@type\":\"Person\",\"@id\":\"https:\\\/\\\/www.salzburgerland.com\\\/de\\\/magazin\\\/#\\\/schema\\\/person\\\/f4e5670b6a3cc9fcea30e5908634464b\",\"name\":\"Magdalena Lublasser-Fazal\",\"description\":\"Geboren im sch\u00f6nen Pinzgau, aufgewachsen in der kulturtr\u00e4chtigen Salzburger Altstadt und sesshaft geworden im Flachgau ist Magdalena Fazal-Ahmad ein Salzburgerin mit Leib und Seele. Dabei ist es die einzigartige Mischung, die f\u00fcr sie die Faszination ihrer Heimat ausmacht. An einem fr\u00fchen Fr\u00fchlingsmorgen den Sonnenaufgang hinter den Berggipfeln erleben, mit dem Fahrrad durch die Altstadt radeln und dabei Geschichte und Architektur bewundern und den Nachmittagskaffee auf der Sonnenterasse am M\u00f6nchsberg genie\u00dfen - so sieht ihr perfekter Tag aus. Wenn der Abend dann noch mit einem Sonnenuntergang am Gaisberg ausklingt, ist die Idylle perfekt.\u00a0 In Ihrer Freizeit besch\u00e4ftigt sie sich gerne mit Sport, Kultur, Kulinarik und Tradition. Und gl\u00fccklicherweise kann sie diese Interessen in ihrer Berufung als Freie Journalistin so sch\u00f6n vereinen. Fr\u00fchling, Sommer, Herbst oder Winter? Jede Jahreszeit hat ihre sch\u00f6nen Seiten und gerade diese Vielfalt ist es, die mir bestimmt abgehen w\u00fcrde, wenn ich in einer anderen Klimazone wohnen w\u00fcrde. Meine Mama sagt immer, das man die Jahreszeit am liebsten mag, in der man geboren ist. Und als M\u00e4rz-Kind hab ich den Fr\u00fchling schon besonders gerne. Morgen- oder Abendmensch? Definitiv Morgenmensch! Nichts ist sch\u00f6ner, als das Gef\u00fchl bereits vor Sonnenaufgang unterwegs zu sein und die einzigartige Stimmung beim Morgenlauf zu genie\u00dfen. So kann der Tag nur gut werden. Den Abend lasse ich am liebsten gem\u00fctlich bei einer Tasse Tee ausklingen. Salzburger Nockerl oder Schwarzbeernocken? Auch wenn der s\u00fc\u00dfe Eischnee f\u00fcr die imposanten Gipfel der Salzburger Berge steht sind mir die Schwarzbeernocken schon lieber - weniger s\u00fc\u00df und daf\u00fcr umso fruchtiger. Am besten schmecken sie nat\u00fcrlich mit selbstgepfl\u00fcckten Schwoazbeern von der morgendlichen Almwanderung. Haubenlokal oder Ab-Hof-Laden? So ein f\u00fcnf G\u00e4nge Men\u00fc mit ausgefallenen Kreationen ist schon ein besonderes Erlebnis und ein Mal im Jahr freue ich mich \u00fcber einen Ausflug in die Haute Cuisine. Der w\u00f6chentlichen Einkauf beim Bauern ums Eck ist ein fixer Bestandteil meines Alltags. Mountainbike oder Rennrad? Je nach Stimmung: Zum richtigen Auspowern und Wadlst\u00e4hlen geht`s mit dem Mountainbike \u00fcber Stock und Stein auf den Gaisberg, um den Kopf frei zu machen wird mit dem Rennrad eine Runde durchs Salzburger Seengebiet gedreht. &nbsp; &nbsp; &nbsp; &nbsp;\",\"url\":\"https:\\\/\\\/www.salzburgerland.com\\\/de\\\/magazin\\\/author\\\/magdalena-lublasser-fazal\\\/\"}]}<\/script>\n<!-- \/ Yoast SEO Premium plugin. -->","yoast_head_json":{"title":"Kunstbox: EmailWerk in Seekirchen - SalzburgerLand Magazin","description":"Das Salzburger Seengebiet ist ein Genuss f\u00fcr Wassersportler, Rennradlfahrer, L\u00e4ufer, Spaziergeher und einfach f\u00fcr alle, die das Leben lieben und in vollen Z\u00fcgen\u00a0genie\u00dfen. Und seit dem Jahre 2005 gibt es mitten drin auch einen Treffpunkt f\u00fcr echte Kulturfreunde: Das Kulturhaus EmailWerk in der idyllischen Stadt Seekirchen am Wallerseee! Damals vom Kulturverein KunstBox mit dem Ziel [&hellip;]","robots":{"index":"index","follow":"follow","max-snippet":"max-snippet:-1","max-image-preview":"max-image-preview:large","max-video-preview":"max-video-preview:-1"},"canonical":"https:\/\/www.salzburgerland.com\/de\/magazin\/kunstbox-emailwerk-in-seekirchen\/","og_locale":"de_DE","og_type":"article","og_title":"Kunstbox: EmailWerk in Seekirchen","og_description":"Das Salzburger Seengebiet ist ein Genuss f\u00fcr Wassersportler, Rennradlfahrer, L\u00e4ufer, Spaziergeher und einfach f\u00fcr alle, die das Leben lieben und in vollen Z\u00fcgen\u00a0genie\u00dfen. Und seit dem Jahre 2005 gibt es mitten drin auch einen Treffpunkt f\u00fcr echte Kulturfreunde: Das Kulturhaus EmailWerk in der idyllischen Stadt Seekirchen am Wallerseee! Damals vom Kulturverein KunstBox mit dem Ziel [&hellip;]","og_url":"https:\/\/www.salzburgerland.com\/de\/magazin\/kunstbox-emailwerk-in-seekirchen\/","og_site_name":"SalzburgerLand Magazin","article_publisher":"https:\/\/www.facebook.com\/salzburgerland\/","article_published_time":"2015-02-23T18:14:29+00:00","article_modified_time":"2015-03-17T09:42:57+00:00","og_image":[{"width":1600,"height":1048,"url":"https:\/\/www.salzburgerland.com\/de\/magazin\/wp-content\/uploads\/2015\/02\/Emailwerk_Theater1.jpg","type":"image\/jpeg"}],"author":"Magdalena Lublasser-Fazal","twitter_card":"summary_large_image","twitter_creator":"@Salzburgerland","twitter_site":"@Salzburgerland","twitter_misc":{"Verfasst von":"Magdalena Lublasser-Fazal","Gesch\u00e4tzte Lesezeit":"2\u00a0Minuten"},"schema":{"@context":"https:\/\/schema.org","@graph":[{"@type":"Article","@id":"https:\/\/www.salzburgerland.com\/de\/magazin\/kunstbox-emailwerk-in-seekirchen\/#article","isPartOf":{"@id":"https:\/\/www.salzburgerland.com\/de\/magazin\/kunstbox-emailwerk-in-seekirchen\/"},"author":{"name":"Magdalena Lublasser-Fazal","@id":"https:\/\/www.salzburgerland.com\/de\/magazin\/#\/schema\/person\/f4e5670b6a3cc9fcea30e5908634464b"},"headline":"Kunstbox: EmailWerk in Seekirchen","datePublished":"2015-02-23T18:14:29+00:00","dateModified":"2015-03-17T09:42:57+00:00","mainEntityOfPage":{"@id":"https:\/\/www.salzburgerland.com\/de\/magazin\/kunstbox-emailwerk-in-seekirchen\/"},"wordCount":399,"commentCount":0,"publisher":{"@id":"https:\/\/www.salzburgerland.com\/de\/magazin\/#organization"},"image":{"@id":"https:\/\/www.salzburgerland.com\/de\/magazin\/kunstbox-emailwerk-in-seekirchen\/#primaryimage"},"thumbnailUrl":"https:\/\/www.salzburgerland.com\/de\/magazin\/wp-content\/uploads\/2015\/02\/Emailwerk_Theater1.jpg","articleSection":["Sehensw\u00fcrdig"],"inLanguage":"de","potentialAction":[{"@type":"CommentAction","name":"Comment","target":["https:\/\/www.salzburgerland.com\/de\/magazin\/kunstbox-emailwerk-in-seekirchen\/#respond"]}]},{"@type":"WebPage","@id":"https:\/\/www.salzburgerland.com\/de\/magazin\/kunstbox-emailwerk-in-seekirchen\/","url":"https:\/\/www.salzburgerland.com\/de\/magazin\/kunstbox-emailwerk-in-seekirchen\/","name":"Kunstbox: EmailWerk in Seekirchen - SalzburgerLand Magazin","isPartOf":{"@id":"https:\/\/www.salzburgerland.com\/de\/magazin\/#website"},"primaryImageOfPage":{"@id":"https:\/\/www.salzburgerland.com\/de\/magazin\/kunstbox-emailwerk-in-seekirchen\/#primaryimage"},"image":{"@id":"https:\/\/www.salzburgerland.com\/de\/magazin\/kunstbox-emailwerk-in-seekirchen\/#primaryimage"},"thumbnailUrl":"https:\/\/www.salzburgerland.com\/de\/magazin\/wp-content\/uploads\/2015\/02\/Emailwerk_Theater1.jpg","datePublished":"2015-02-23T18:14:29+00:00","dateModified":"2015-03-17T09:42:57+00:00","breadcrumb":{"@id":"https:\/\/www.salzburgerland.com\/de\/magazin\/kunstbox-emailwerk-in-seekirchen\/#breadcrumb"},"inLanguage":"de","potentialAction":[{"@type":"ReadAction","target":["https:\/\/www.salzburgerland.com\/de\/magazin\/kunstbox-emailwerk-in-seekirchen\/"]}]},{"@type":"ImageObject","inLanguage":"de","@id":"https:\/\/www.salzburgerland.com\/de\/magazin\/kunstbox-emailwerk-in-seekirchen\/#primaryimage","url":"https:\/\/www.salzburgerland.com\/de\/magazin\/wp-content\/uploads\/2015\/02\/Emailwerk_Theater1.jpg","contentUrl":"https:\/\/www.salzburgerland.com\/de\/magazin\/wp-content\/uploads\/2015\/02\/Emailwerk_Theater1.jpg","width":1600,"height":1048,"caption":"Zur\u00fccklehnen und genie\u00dfen!"},{"@type":"BreadcrumbList","@id":"https:\/\/www.salzburgerland.com\/de\/magazin\/kunstbox-emailwerk-in-seekirchen\/#breadcrumb","itemListElement":[{"@type":"ListItem","position":1,"name":"Startseite","item":"https:\/\/www.salzburgerland.com\/de\/magazin\/"},{"@type":"ListItem","position":2,"name":"Sehensw\u00fcrdig","item":"https:\/\/www.salzburgerland.com\/de\/magazin\/thema\/sehenswurdig\/"},{"@type":"ListItem","position":3,"name":"Kunstbox: EmailWerk in Seekirchen"}]},{"@type":"WebSite","@id":"https:\/\/www.salzburgerland.com\/de\/magazin\/#website","url":"https:\/\/www.salzburgerland.com\/de\/magazin\/","name":"SalzburgerLand Magazin","description":"Geschichten und Interessantes aus dem SalzburgerLand","publisher":{"@id":"https:\/\/www.salzburgerland.com\/de\/magazin\/#organization"},"potentialAction":[{"@type":"SearchAction","target":{"@type":"EntryPoint","urlTemplate":"https:\/\/www.salzburgerland.com\/de\/magazin\/?s={search_term_string}"},"query-input":{"@type":"PropertyValueSpecification","valueRequired":true,"valueName":"search_term_string"}}],"inLanguage":"de"},{"@type":"Organization","@id":"https:\/\/www.salzburgerland.com\/de\/magazin\/#organization","name":"SalzburgerLand Tourismus","url":"https:\/\/www.salzburgerland.com\/de\/magazin\/","logo":{"@type":"ImageObject","inLanguage":"de","@id":"https:\/\/www.salzburgerland.com\/de\/magazin\/#\/schema\/logo\/image\/","url":"https:\/\/www.salzburgerland.com\/de\/magazin\/wp-content\/uploads\/2019\/06\/salzburgerland-logo1.jpg","contentUrl":"https:\/\/www.salzburgerland.com\/de\/magazin\/wp-content\/uploads\/2019\/06\/salzburgerland-logo1.jpg","width":2011,"height":866,"caption":"SalzburgerLand Tourismus"},"image":{"@id":"https:\/\/www.salzburgerland.com\/de\/magazin\/#\/schema\/logo\/image\/"},"sameAs":["https:\/\/www.facebook.com\/salzburgerland\/","https:\/\/x.com\/Salzburgerland","https:\/\/www.instagram.com\/salzburgerland\/","https:\/\/at.linkedin.com\/company\/salzburgerland-tourismus-gmbh","https:\/\/www.pinterest.at\/salzburgerland\/","https:\/\/www.youtube.com\/user\/salzburgerland","https:\/\/de.wikipedia.org\/wiki\/SalzburgerLand_Tourismus_GmbH"]},{"@type":"Person","@id":"https:\/\/www.salzburgerland.com\/de\/magazin\/#\/schema\/person\/f4e5670b6a3cc9fcea30e5908634464b","name":"Magdalena Lublasser-Fazal","description":"Geboren im sch\u00f6nen Pinzgau, aufgewachsen in der kulturtr\u00e4chtigen Salzburger Altstadt und sesshaft geworden im Flachgau ist Magdalena Fazal-Ahmad ein Salzburgerin mit Leib und Seele. Dabei ist es die einzigartige Mischung, die f\u00fcr sie die Faszination ihrer Heimat ausmacht. An einem fr\u00fchen Fr\u00fchlingsmorgen den Sonnenaufgang hinter den Berggipfeln erleben, mit dem Fahrrad durch die Altstadt radeln und dabei Geschichte und Architektur bewundern und den Nachmittagskaffee auf der Sonnenterasse am M\u00f6nchsberg genie\u00dfen - so sieht ihr perfekter Tag aus. Wenn der Abend dann noch mit einem Sonnenuntergang am Gaisberg ausklingt, ist die Idylle perfekt.\u00a0 In Ihrer Freizeit besch\u00e4ftigt sie sich gerne mit Sport, Kultur, Kulinarik und Tradition. Und gl\u00fccklicherweise kann sie diese Interessen in ihrer Berufung als Freie Journalistin so sch\u00f6n vereinen. Fr\u00fchling, Sommer, Herbst oder Winter? Jede Jahreszeit hat ihre sch\u00f6nen Seiten und gerade diese Vielfalt ist es, die mir bestimmt abgehen w\u00fcrde, wenn ich in einer anderen Klimazone wohnen w\u00fcrde. Meine Mama sagt immer, das man die Jahreszeit am liebsten mag, in der man geboren ist. Und als M\u00e4rz-Kind hab ich den Fr\u00fchling schon besonders gerne. Morgen- oder Abendmensch? Definitiv Morgenmensch! Nichts ist sch\u00f6ner, als das Gef\u00fchl bereits vor Sonnenaufgang unterwegs zu sein und die einzigartige Stimmung beim Morgenlauf zu genie\u00dfen. So kann der Tag nur gut werden. Den Abend lasse ich am liebsten gem\u00fctlich bei einer Tasse Tee ausklingen. Salzburger Nockerl oder Schwarzbeernocken? Auch wenn der s\u00fc\u00dfe Eischnee f\u00fcr die imposanten Gipfel der Salzburger Berge steht sind mir die Schwarzbeernocken schon lieber - weniger s\u00fc\u00df und daf\u00fcr umso fruchtiger. Am besten schmecken sie nat\u00fcrlich mit selbstgepfl\u00fcckten Schwoazbeern von der morgendlichen Almwanderung. Haubenlokal oder Ab-Hof-Laden? So ein f\u00fcnf G\u00e4nge Men\u00fc mit ausgefallenen Kreationen ist schon ein besonderes Erlebnis und ein Mal im Jahr freue ich mich \u00fcber einen Ausflug in die Haute Cuisine. Der w\u00f6chentlichen Einkauf beim Bauern ums Eck ist ein fixer Bestandteil meines Alltags. Mountainbike oder Rennrad? Je nach Stimmung: Zum richtigen Auspowern und Wadlst\u00e4hlen geht`s mit dem Mountainbike \u00fcber Stock und Stein auf den Gaisberg, um den Kopf frei zu machen wird mit dem Rennrad eine Runde durchs Salzburger Seengebiet gedreht. &nbsp; &nbsp; &nbsp; &nbsp;","url":"https:\/\/www.salzburgerland.com\/de\/magazin\/author\/magdalena-lublasser-fazal\/"}]}},"_wl_alt_label":[],"wl:entity_url":"http:\/\/open.salzburgerland.com\/magazin\/post\/kunstbox__emailwerk_in_seekirchen","_links":{"self":[{"href":"https:\/\/www.salzburgerland.com\/de\/magazin\/wp-json\/wp\/v2\/posts\/94981","targetHints":{"allow":["GET"]}}],"collection":[{"href":"https:\/\/www.salzburgerland.com\/de\/magazin\/wp-json\/wp\/v2\/posts"}],"about":[{"href":"https:\/\/www.salzburgerland.com\/de\/magazin\/wp-json\/wp\/v2\/types\/post"}],"author":[{"embeddable":true,"href":"https:\/\/www.salzburgerland.com\/de\/magazin\/wp-json\/wp\/v2\/users\/482"}],"replies":[{"embeddable":true,"href":"https:\/\/www.salzburgerland.com\/de\/magazin\/wp-json\/wp\/v2\/comments?post=94981"}],"version-history":[{"count":0,"href":"https:\/\/www.salzburgerland.com\/de\/magazin\/wp-json\/wp\/v2\/posts\/94981\/revisions"}],"wp:featuredmedia":[{"embeddable":true,"href":"https:\/\/www.salzburgerland.com\/de\/magazin\/wp-json\/wp\/v2\/media\/94996"}],"wp:attachment":[{"href":"https:\/\/www.salzburgerland.com\/de\/magazin\/wp-json\/wp\/v2\/media?parent=94981"}],"wp:term":[{"taxonomy":"category","embeddable":true,"href":"https:\/\/www.salzburgerland.com\/de\/magazin\/wp-json\/wp\/v2\/categories?post=94981"},{"taxonomy":"post_tag","embeddable":true,"href":"https:\/\/www.salzburgerland.com\/de\/magazin\/wp-json\/wp\/v2\/tags?post=94981"},{"taxonomy":"wl_entity_type","embeddable":true,"href":"https:\/\/www.salzburgerland.com\/de\/magazin\/wp-json\/wp\/v2\/wl_entity_type?post=94981"},{"taxonomy":"monatsauswahl","embeddable":true,"href":"https:\/\/www.salzburgerland.com\/de\/magazin\/wp-json\/wp\/v2\/monatsauswahl?post=94981"}],"curies":[{"name":"wp","href":"https:\/\/api.w.org\/{rel}","templated":true}]}}