{"id":93921,"date":"2014-12-18T13:40:56","date_gmt":"2014-12-18T12:40:56","guid":{"rendered":"http:\/\/magazin.salzburgerland.com\/?p=93921"},"modified":"2014-12-18T13:40:56","modified_gmt":"2014-12-18T12:40:56","slug":"rauhnaechte-magische-zeit-voller-maerchen-und-mythen","status":"publish","type":"post","link":"https:\/\/www.salzburgerland.com\/de\/magazin\/rauhnaechte-magische-zeit-voller-maerchen-und-mythen\/","title":{"rendered":"Rauhn\u00e4chte &#8211; magische Zeit voller M\u00e4rchen und Mythen"},"content":{"rendered":"<p>Wenn Winterst\u00fcrme um die H\u00e4user sausen und die &#8222;Wilde Jagd&#8220; um Haus und Hof tobt, dann ist es Zeit f\u00fcr das R\u00e4uchern. Mit speziellen Kr\u00e4utern und Harzen bitten die Menschen in den Rauhn\u00e4chten seit jeher um Schutz, Reinigung und Zusammengeh\u00f6rigkeit.<\/p>\n<p>Die Rauhn\u00e4chte galten in l\u00e4ngst vergangenen Zeiten als Heilige N\u00e4chte. In diesen &#8222;magischen&#8220; N\u00e4chten wollen die Familien b\u00f6se Geister abwehren. Zudem bitten sie um Schutz und Segen f\u00fcr Familie, Haus und Hof. Viele Familien r\u00e4uchern vor allem in den drei N\u00e4chten Weihnachten, Silvester und f\u00fcnfter J\u00e4nner.<\/p>\n<p>Manche lassen am 21. Dezember &#8211; dem Tag der Wintersonnenwende &#8211; das erste Mal den Rauch aufsteigen. Andere wie Barbara und Hans Haider aus Unken, beginnen am 24. Dezember, dem &#8222;Heiligen Abend&#8220;. Da holt der Lutzbauer die eiserne Pfanne mit dem Holzgriff das erste Mal aus dem Schrank und sch\u00fcrt etwas Glut aus dem Holzofen in die Pfanne. Am &#8222;Heiligen Abend&#8220; ist die ganze Familie versammelt. &#8222;Das ist wichtig, denn &#8222;wenn einer nicht da ist, wird er im kommenden Jahr das Haus verlassen&#8220;, glaubt die Lutzb\u00e4uerin. Weihrauchk\u00f6rner, Kr\u00e4uter vom Kr\u00e4uterbuschen und Weihwasser stehen bereit. Das Holz knistert und gl\u00fcht in der Pfanne. Die Lutzb\u00e4uerin streut ein paar Harzperlen in die Glut. Vorsichtig bl\u00e4st der Lutzbauer in die Pfanne und schon schmilzt das Harz. Rauch steigt auf. Dann streut die Lutzb\u00e4uerin getrocknete Kr\u00e4uter dar\u00fcber. In der Stube ist es still. In den Rauhn\u00e4chten sprengt eines ihrer drei Kinder mit einem Tannenzweiglein Weihwasser \u00fcber die R\u00e4ucherpfanne. Der Vater schwenkt die Pfanne in alle Ecken der aufger\u00e4umten Zimmer. Dann geht die Familie in den Keller und in den Stall.<\/p>\n<p>Wenn die Winde N\u00e4chtens um die H\u00e4user heulen und toben, meinten die Menschen in fr\u00fcheren Zeiten die &#8222;wilde Jagd&#8220; habe begonnen oder Frau Percht treibt ihr Unwesen. Vor allem Ende Dezember und Anfang J\u00e4nner finden im Salzburger Land Perchtenl\u00e4ufe mit Frau Percht samt ihren Begleitern &#8211; den Sch\u00f6n- und Schiachperchten &#8211; vielerorts statt. Auf den Fotos sind die Barmstoana-Perchten in Golling zu sehen.\u00a0 Zudem tobt die &#8222;wilde Jagd&#8220; am Untersberg. Zw\u00f6lf Figuren wie die Habergoa\u00df, der Schwegler und der Kraxentr\u00e4ger treiben ihr Unwesen. Es sind nicht zuf\u00e4llig zw\u00f6lf Personen: Die zw\u00f6lf N\u00e4chte zwischen dem Thomastag &#8211; am 21. Dezember &#8211; und dem Fest der Heiligen Drei K\u00f6nige &#8211; am sechsten J\u00e4nner &#8211; spielten im Volksglauben eine gro\u00dfe Rolle. Diese zw\u00f6lf N\u00e4chte werden auch Rauhn\u00e4chte genannt, weil sie als die finsterste Zeit des Jahres galten und voller Geheimnisse, Zaubereien und Weissagungen war.<\/p>\n<p>F\u00fcr Haider hei\u00dfen die Rauhn\u00e4chte Rauchn\u00e4chte, &#8222;weil es ums Rauchen geht&#8220;, betont er. Der Pinzgauer will den alten Brauch des R\u00e4ucherns vor dem Vergessen bewahren und gibt sein Wissen in Kursen weiter. <br \/><a href=\"http:\/\/www.lutzbauer.at\/termine-kraeutergarten-unken\" target=\"_blank\">Informationen dazu gibt es hier!<\/a><\/p>\n<p>&nbsp;<\/p>\n<div class=\"mag-gallery\"><div class=\"row\"><div class=\"col-6 col-sm-4\"><figure><a class=\"thumb-container\" href=\"https:\/\/www.salzburgerland.com\/de\/magazin\/wp-content\/uploads\/2014\/12\/Rauchern-e-1280x1024.jpg\">\t<picture><source media=\"(min-width: 576px)\" srcset=\"https:\/\/www.salzburgerland.com\/de\/magazin\/wp-content\/uploads\/2014\/12\/Rauchern-e-325x209.jpg 325w, https:\/\/www.salzburgerland.com\/de\/magazin\/wp-content\/uploads\/2014\/12\/Rauchern-e-249x160.jpg 249w\" \/><source media=\"(min-width: 0)\" srcset=\"https:\/\/www.salzburgerland.com\/de\/magazin\/wp-content\/uploads\/2014\/12\/Rauchern-e-249x160.jpg 249w, https:\/\/www.salzburgerland.com\/de\/magazin\/wp-content\/uploads\/2014\/12\/Rauchern-e-325x209.jpg 325w\" \/><img decoding=\"async\" alt=\"Eine l\u00e4chelnde Frau h\u00e4lt in einem h\u00f6lzernen Raum Kr\u00e4uter, hinter ihr stehen Gl\u00e4ser und gr\u00fcne Vorratsdosen in Regalen.\" src=\"https:\/\/www.salzburgerland.com\/de\/magazin\/wp-content\/uploads\/2014\/12\/Rauchern-e.jpg\" \/>\t<\/picture><\/a><\/figure><\/div><div class=\"col-6 col-sm-4\"><figure><a class=\"thumb-container\" href=\"https:\/\/www.salzburgerland.com\/de\/magazin\/wp-content\/uploads\/2014\/12\/Rauchern-a-1280x1024.jpg\">\t<picture><source media=\"(min-width: 576px)\" srcset=\"https:\/\/www.salzburgerland.com\/de\/magazin\/wp-content\/uploads\/2014\/12\/Rauchern-a-325x209.jpg 325w, https:\/\/www.salzburgerland.com\/de\/magazin\/wp-content\/uploads\/2014\/12\/Rauchern-a-249x160.jpg 249w\" \/><source media=\"(min-width: 0)\" srcset=\"https:\/\/www.salzburgerland.com\/de\/magazin\/wp-content\/uploads\/2014\/12\/Rauchern-a-249x160.jpg 249w, https:\/\/www.salzburgerland.com\/de\/magazin\/wp-content\/uploads\/2014\/12\/Rauchern-a-325x209.jpg 325w\" \/><img decoding=\"async\" alt=\"Ein Mann k\u00fcmmert sich um einen Holzofen und benutzt eine Metallpfanne, um die hei\u00dfe Asche in einem rustikalen Raum zu entsorgen.\" src=\"https:\/\/www.salzburgerland.com\/de\/magazin\/wp-content\/uploads\/2014\/12\/Rauchern-a.jpg\" \/>\t<\/picture><\/a><\/figure><\/div><div class=\"col-6 col-sm-4\"><figure><a class=\"thumb-container\" href=\"https:\/\/www.salzburgerland.com\/de\/magazin\/wp-content\/uploads\/2014\/12\/Rauchern-b-1280x1024.jpg\">\t<picture><source media=\"(min-width: 576px)\" srcset=\"https:\/\/www.salzburgerland.com\/de\/magazin\/wp-content\/uploads\/2014\/12\/Rauchern-b-325x209.jpg 325w, https:\/\/www.salzburgerland.com\/de\/magazin\/wp-content\/uploads\/2014\/12\/Rauchern-b-249x160.jpg 249w\" \/><source media=\"(min-width: 0)\" srcset=\"https:\/\/www.salzburgerland.com\/de\/magazin\/wp-content\/uploads\/2014\/12\/Rauchern-b-249x160.jpg 249w, https:\/\/www.salzburgerland.com\/de\/magazin\/wp-content\/uploads\/2014\/12\/Rauchern-b-325x209.jpg 325w\" \/><img decoding=\"async\" alt=\"Ein Mann und eine Frau in einem Haus, die Schalen in der Hand halten, wobei die Frau Gr\u00fcnzeug in die Schale des Mannes gibt.\" src=\"https:\/\/www.salzburgerland.com\/de\/magazin\/wp-content\/uploads\/2014\/12\/Rauchern-b.jpg\" \/>\t<\/picture><\/a><\/figure><\/div><div class=\"col-6 col-sm-4\"><figure><a class=\"thumb-container\" href=\"https:\/\/www.salzburgerland.com\/de\/magazin\/wp-content\/uploads\/2014\/12\/Rauchern-c-1280x1024.jpg\">\t<picture><source media=\"(min-width: 576px)\" srcset=\"https:\/\/www.salzburgerland.com\/de\/magazin\/wp-content\/uploads\/2014\/12\/Rauchern-c-325x209.jpg 325w, https:\/\/www.salzburgerland.com\/de\/magazin\/wp-content\/uploads\/2014\/12\/Rauchern-c-249x160.jpg 249w\" \/><source media=\"(min-width: 0)\" srcset=\"https:\/\/www.salzburgerland.com\/de\/magazin\/wp-content\/uploads\/2014\/12\/Rauchern-c-249x160.jpg 249w, https:\/\/www.salzburgerland.com\/de\/magazin\/wp-content\/uploads\/2014\/12\/Rauchern-c-325x209.jpg 325w\" \/><img decoding=\"async\" alt=\"Zwei Personen halten eine Pfanne mit brennenden Kr\u00e4utern und einen Holzbecher mit Beeren und f\u00fchren ein Ritual durch.\" src=\"https:\/\/www.salzburgerland.com\/de\/magazin\/wp-content\/uploads\/2014\/12\/Rauchern-c.jpg\" \/>\t<\/picture><\/a><\/figure><\/div><div class=\"col-6 col-sm-4\"><figure><a class=\"thumb-container\" href=\"https:\/\/www.salzburgerland.com\/de\/magazin\/wp-content\/uploads\/2014\/12\/Rauchern-f-1280x1024.jpg\">\t<picture><source media=\"(min-width: 576px)\" srcset=\"https:\/\/www.salzburgerland.com\/de\/magazin\/wp-content\/uploads\/2014\/12\/Rauchern-f-325x209.jpg 325w, https:\/\/www.salzburgerland.com\/de\/magazin\/wp-content\/uploads\/2014\/12\/Rauchern-f-249x160.jpg 249w\" \/><source media=\"(min-width: 0)\" srcset=\"https:\/\/www.salzburgerland.com\/de\/magazin\/wp-content\/uploads\/2014\/12\/Rauchern-f-249x160.jpg 249w, https:\/\/www.salzburgerland.com\/de\/magazin\/wp-content\/uploads\/2014\/12\/Rauchern-f-325x209.jpg 325w\" \/><img decoding=\"async\" alt=\"Zwei Personen in einem Haus, die ein traditionelles Ritual mit Rauch und Kr\u00e4utern in einer rustikalen Umgebung durchf\u00fchren.\" src=\"https:\/\/www.salzburgerland.com\/de\/magazin\/wp-content\/uploads\/2014\/12\/Rauchern-f.jpg\" \/>\t<\/picture><\/a><\/figure><\/div><div class=\"col-6 col-sm-4\"><figure><a class=\"thumb-container\" href=\"https:\/\/www.salzburgerland.com\/de\/magazin\/wp-content\/uploads\/2014\/12\/Rauchern-d-1280x1024.jpg\">\t<picture><source media=\"(min-width: 576px)\" srcset=\"https:\/\/www.salzburgerland.com\/de\/magazin\/wp-content\/uploads\/2014\/12\/Rauchern-d-325x209.jpg 325w, https:\/\/www.salzburgerland.com\/de\/magazin\/wp-content\/uploads\/2014\/12\/Rauchern-d-249x160.jpg 249w\" \/><source media=\"(min-width: 0)\" srcset=\"https:\/\/www.salzburgerland.com\/de\/magazin\/wp-content\/uploads\/2014\/12\/Rauchern-d-249x160.jpg 249w, https:\/\/www.salzburgerland.com\/de\/magazin\/wp-content\/uploads\/2014\/12\/Rauchern-d-325x209.jpg 325w\" \/><img decoding=\"async\" alt=\"Ein Mann und eine Frau f\u00fcttern eine braune Kuh in einer Scheune mit Holzbalken und Tierst\u00e4llen.\" src=\"https:\/\/www.salzburgerland.com\/de\/magazin\/wp-content\/uploads\/2014\/12\/Rauchern-d.jpg\" \/>\t<\/picture><\/a><\/figure><\/div><div class=\"col-6 col-sm-4\"><figure><a class=\"thumb-container\" href=\"https:\/\/www.salzburgerland.com\/de\/magazin\/wp-content\/uploads\/2014\/12\/Perchten-c--1280x1024.jpg\">\t<picture><source media=\"(min-width: 576px)\" srcset=\"https:\/\/www.salzburgerland.com\/de\/magazin\/wp-content\/uploads\/2014\/12\/Perchten-c--325x209.jpg 325w, https:\/\/www.salzburgerland.com\/de\/magazin\/wp-content\/uploads\/2014\/12\/Perchten-c--249x160.jpg 249w\" \/><source media=\"(min-width: 0)\" srcset=\"https:\/\/www.salzburgerland.com\/de\/magazin\/wp-content\/uploads\/2014\/12\/Perchten-c--249x160.jpg 249w, https:\/\/www.salzburgerland.com\/de\/magazin\/wp-content\/uploads\/2014\/12\/Perchten-c--325x209.jpg 325w\" \/><img decoding=\"async\" alt=\"Menschen in gruseligen Kost\u00fcmen und Masken ziehen durch verschneite W\u00e4lder, beobachtet von Schaulustigen in Winterkleidung.\" src=\"https:\/\/www.salzburgerland.com\/de\/magazin\/wp-content\/uploads\/2014\/12\/Perchten-c-.jpg\" \/>\t<\/picture><\/a><\/figure><\/div><div class=\"col-6 col-sm-4\"><figure><a class=\"thumb-container\" href=\"https:\/\/www.salzburgerland.com\/de\/magazin\/wp-content\/uploads\/2014\/12\/Perchten-a1-1280x1024.jpg\">\t<picture><source media=\"(min-width: 576px)\" srcset=\"https:\/\/www.salzburgerland.com\/de\/magazin\/wp-content\/uploads\/2014\/12\/Perchten-a1-325x209.jpg 325w, https:\/\/www.salzburgerland.com\/de\/magazin\/wp-content\/uploads\/2014\/12\/Perchten-a1-249x160.jpg 249w\" \/><source media=\"(min-width: 0)\" srcset=\"https:\/\/www.salzburgerland.com\/de\/magazin\/wp-content\/uploads\/2014\/12\/Perchten-a1-249x160.jpg 249w, https:\/\/www.salzburgerland.com\/de\/magazin\/wp-content\/uploads\/2014\/12\/Perchten-a1-325x209.jpg 325w\" \/><img decoding=\"async\" alt=\"Menschen in geh\u00f6rnten, gruseligen Krampuskost\u00fcmen stehen im Schnee, andere in Winterkleidung in der N\u00e4he.\" src=\"https:\/\/www.salzburgerland.com\/de\/magazin\/wp-content\/uploads\/2014\/12\/Perchten-a1.jpg\" \/>\t<\/picture><\/a><\/figure><\/div><div class=\"col-6 col-sm-4\"><figure><a class=\"thumb-container\" href=\"https:\/\/www.salzburgerland.com\/de\/magazin\/wp-content\/uploads\/2014\/12\/Perchten-d--1280x1024.jpg\">\t<picture><source media=\"(min-width: 576px)\" srcset=\"https:\/\/www.salzburgerland.com\/de\/magazin\/wp-content\/uploads\/2014\/12\/Perchten-d--325x209.jpg 325w, https:\/\/www.salzburgerland.com\/de\/magazin\/wp-content\/uploads\/2014\/12\/Perchten-d--249x160.jpg 249w\" \/><source media=\"(min-width: 0)\" srcset=\"https:\/\/www.salzburgerland.com\/de\/magazin\/wp-content\/uploads\/2014\/12\/Perchten-d--249x160.jpg 249w, https:\/\/www.salzburgerland.com\/de\/magazin\/wp-content\/uploads\/2014\/12\/Perchten-d--325x209.jpg 325w\" \/><img decoding=\"async\" alt=\"Drei Personen in gruseligen Kost\u00fcmen, darunter ein Vogel und Hexen, stehen drau\u00dfen in einem verschneiten Wald.\" src=\"https:\/\/www.salzburgerland.com\/de\/magazin\/wp-content\/uploads\/2014\/12\/Perchten-d-.jpg\" \/>\t<\/picture><\/a><\/figure><\/div><div class=\"col-6 col-sm-4\"><figure><a class=\"thumb-container\" href=\"https:\/\/www.salzburgerland.com\/de\/magazin\/wp-content\/uploads\/2014\/12\/Hexe-a-1280x1024.jpg\">\t<picture><source media=\"(min-width: 576px)\" srcset=\"https:\/\/www.salzburgerland.com\/de\/magazin\/wp-content\/uploads\/2014\/12\/Hexe-a-325x209.jpg 325w, https:\/\/www.salzburgerland.com\/de\/magazin\/wp-content\/uploads\/2014\/12\/Hexe-a-249x160.jpg 249w\" \/><source media=\"(min-width: 0)\" srcset=\"https:\/\/www.salzburgerland.com\/de\/magazin\/wp-content\/uploads\/2014\/12\/Hexe-a-249x160.jpg 249w, https:\/\/www.salzburgerland.com\/de\/magazin\/wp-content\/uploads\/2014\/12\/Hexe-a-325x209.jpg 325w\" \/><img decoding=\"async\" alt=\"Eine Person mit Hexenmaske und Hut steht im Schnee in der N\u00e4he eines gro\u00dfen Lagerfeuers, im Hintergrund sind Menschen versammelt.\" src=\"https:\/\/www.salzburgerland.com\/de\/magazin\/wp-content\/uploads\/2014\/12\/Hexe-a.jpg\" \/>\t<\/picture><\/a><\/figure><\/div><div class=\"col-6 col-sm-4\"><figure><a class=\"thumb-container\" href=\"https:\/\/www.salzburgerland.com\/de\/magazin\/wp-content\/uploads\/2014\/12\/Zapfenmanderl-a-1280x1024.jpg\">\t<picture><source media=\"(min-width: 576px)\" srcset=\"https:\/\/www.salzburgerland.com\/de\/magazin\/wp-content\/uploads\/2014\/12\/Zapfenmanderl-a-325x209.jpg 325w, https:\/\/www.salzburgerland.com\/de\/magazin\/wp-content\/uploads\/2014\/12\/Zapfenmanderl-a-249x160.jpg 249w\" \/><source media=\"(min-width: 0)\" srcset=\"https:\/\/www.salzburgerland.com\/de\/magazin\/wp-content\/uploads\/2014\/12\/Zapfenmanderl-a-249x160.jpg 249w, https:\/\/www.salzburgerland.com\/de\/magazin\/wp-content\/uploads\/2014\/12\/Zapfenmanderl-a-325x209.jpg 325w\" \/><img decoding=\"async\" alt=\"Person in einem Wald, die ein Kost\u00fcm aus Tannenzapfen und Geweih tr\u00e4gt, mit Schnee auf dem Boden.\" src=\"https:\/\/www.salzburgerland.com\/de\/magazin\/wp-content\/uploads\/2014\/12\/Zapfenmanderl-a.jpg\" \/>\t<\/picture><\/a><\/figure><\/div><div class=\"col-6 col-sm-4\"><figure><a class=\"thumb-container\" href=\"https:\/\/www.salzburgerland.com\/de\/magazin\/wp-content\/uploads\/2014\/12\/Perchten-b-1280x1024.jpg\">\t<picture><source media=\"(min-width: 576px)\" srcset=\"https:\/\/www.salzburgerland.com\/de\/magazin\/wp-content\/uploads\/2014\/12\/Perchten-b-325x209.jpg 325w, https:\/\/www.salzburgerland.com\/de\/magazin\/wp-content\/uploads\/2014\/12\/Perchten-b-249x160.jpg 249w\" \/><source media=\"(min-width: 0)\" srcset=\"https:\/\/www.salzburgerland.com\/de\/magazin\/wp-content\/uploads\/2014\/12\/Perchten-b-249x160.jpg 249w, https:\/\/www.salzburgerland.com\/de\/magazin\/wp-content\/uploads\/2014\/12\/Perchten-b-325x209.jpg 325w\" \/><img decoding=\"async\" alt=\"Menschen in Kost\u00fcmen, darunter einer im B\u00e4renkost\u00fcm, paradieren im Schnee in der N\u00e4he eines gro\u00dfen Lagerfeuers, das von Bergen umgeben ist.\" src=\"https:\/\/www.salzburgerland.com\/de\/magazin\/wp-content\/uploads\/2014\/12\/Perchten-b.jpg\" \/>\t<\/picture><\/a><\/figure><\/div><\/div><\/div><figcaption><\/figcaption>\n","protected":false},"excerpt":{"rendered":"<p>Wenn Winterst\u00fcrme um die H\u00e4user sausen und die &#8222;Wilde Jagd&#8220; um Haus und Hof tobt, dann ist es Zeit f\u00fcr das R\u00e4uchern. Mit speziellen Kr\u00e4utern und Harzen bitten die Menschen in den Rauhn\u00e4chten seit jeher um Schutz, Reinigung und Zusammengeh\u00f6rigkeit. Die Rauhn\u00e4chte galten in l\u00e4ngst vergangenen Zeiten als Heilige N\u00e4chte. In diesen &#8222;magischen&#8220; N\u00e4chten wollen [&hellip;]<\/p>\n","protected":false},"author":236,"featured_media":93935,"comment_status":"open","ping_status":"open","sticky":false,"template":"","format":"standard","meta":{"_acf_changed":false,"wl_entities_gutenberg":"","_wl_entity_redirect_enabled":"","footnotes":""},"categories":[6],"tags":[],"wl_entity_type":[306],"monatsauswahl":[82,93],"class_list":["post-93921","post","type-post","status-publish","format-standard","has-post-thumbnail","hentry","category-kunst-kultur","wl_entity_type-article","monatsauswahl-monat_1","monatsauswahl-monat_12"],"acf":[],"yoast_head":"<!-- This site is optimized with the Yoast SEO Premium plugin v27.4 (Yoast SEO v27.4) - https:\/\/yoast.com\/product\/yoast-seo-premium-wordpress\/ -->\n<title>Rauhn\u00e4chte - magische Zeit voller M\u00e4rchen und Mythen - SalzburgerLand Magazin<\/title>\n<meta name=\"description\" content=\"Wenn Winterst\u00fcrme um die H\u00e4user sausen und die &#8222;Wilde Jagd&#8220; um Haus und Hof tobt, dann ist es Zeit f\u00fcr das R\u00e4uchern. Mit speziellen Kr\u00e4utern und Harzen bitten die Menschen in den Rauhn\u00e4chten seit jeher um Schutz, Reinigung und Zusammengeh\u00f6rigkeit. Die Rauhn\u00e4chte galten in l\u00e4ngst vergangenen Zeiten als Heilige N\u00e4chte. In diesen &#8222;magischen&#8220; N\u00e4chten wollen [&hellip;]\" \/>\n<meta name=\"robots\" content=\"index, follow, max-snippet:-1, max-image-preview:large, max-video-preview:-1\" \/>\n<link rel=\"canonical\" href=\"https:\/\/www.salzburgerland.com\/de\/magazin\/rauhnaechte-magische-zeit-voller-maerchen-und-mythen\/\" \/>\n<meta property=\"og:locale\" content=\"de_DE\" \/>\n<meta property=\"og:type\" content=\"article\" \/>\n<meta property=\"og:title\" content=\"Rauhn\u00e4chte - magische Zeit voller M\u00e4rchen und Mythen\" \/>\n<meta property=\"og:description\" content=\"Wenn Winterst\u00fcrme um die H\u00e4user sausen und die &#8222;Wilde Jagd&#8220; um Haus und Hof tobt, dann ist es Zeit f\u00fcr das R\u00e4uchern. Mit speziellen Kr\u00e4utern und Harzen bitten die Menschen in den Rauhn\u00e4chten seit jeher um Schutz, Reinigung und Zusammengeh\u00f6rigkeit. Die Rauhn\u00e4chte galten in l\u00e4ngst vergangenen Zeiten als Heilige N\u00e4chte. In diesen &#8222;magischen&#8220; N\u00e4chten wollen [&hellip;]\" \/>\n<meta property=\"og:url\" content=\"https:\/\/www.salzburgerland.com\/de\/magazin\/rauhnaechte-magische-zeit-voller-maerchen-und-mythen\/\" \/>\n<meta property=\"og:site_name\" content=\"SalzburgerLand Magazin\" \/>\n<meta property=\"article:publisher\" content=\"https:\/\/www.facebook.com\/salzburgerland\/\" \/>\n<meta property=\"article:published_time\" content=\"2014-12-18T12:40:56+00:00\" \/>\n<meta property=\"og:image\" content=\"https:\/\/www.salzburgerland.com\/de\/magazin\/wp-content\/uploads\/2014\/12\/Rauchern-f.jpg\" \/>\n\t<meta property=\"og:image:width\" content=\"724\" \/>\n\t<meta property=\"og:image:height\" content=\"615\" \/>\n\t<meta property=\"og:image:type\" content=\"image\/jpeg\" \/>\n<meta name=\"author\" content=\"Christine Fr\u00f6schl\" \/>\n<meta name=\"twitter:card\" content=\"summary_large_image\" \/>\n<meta name=\"twitter:creator\" content=\"@Salzburgerland\" \/>\n<meta name=\"twitter:site\" content=\"@Salzburgerland\" \/>\n<meta name=\"twitter:label1\" content=\"Verfasst von\" \/>\n\t<meta name=\"twitter:data1\" content=\"Christine Fr\u00f6schl\" \/>\n\t<meta name=\"twitter:label2\" content=\"Gesch\u00e4tzte Lesezeit\" \/>\n\t<meta name=\"twitter:data2\" content=\"2\u00a0Minuten\" \/>\n<script type=\"application\/ld+json\" class=\"yoast-schema-graph\">{\"@context\":\"https:\\\/\\\/schema.org\",\"@graph\":[{\"@type\":\"Article\",\"@id\":\"https:\\\/\\\/www.salzburgerland.com\\\/de\\\/magazin\\\/rauhnaechte-magische-zeit-voller-maerchen-und-mythen\\\/#article\",\"isPartOf\":{\"@id\":\"https:\\\/\\\/www.salzburgerland.com\\\/de\\\/magazin\\\/rauhnaechte-magische-zeit-voller-maerchen-und-mythen\\\/\"},\"author\":{\"name\":\"Christine Fr\u00f6schl\",\"@id\":\"https:\\\/\\\/www.salzburgerland.com\\\/de\\\/magazin\\\/#\\\/schema\\\/person\\\/7932db74f19d9640620859cb2b794c4e\"},\"headline\":\"Rauhn\u00e4chte &#8211; magische Zeit voller M\u00e4rchen und Mythen\",\"datePublished\":\"2014-12-18T12:40:56+00:00\",\"mainEntityOfPage\":{\"@id\":\"https:\\\/\\\/www.salzburgerland.com\\\/de\\\/magazin\\\/rauhnaechte-magische-zeit-voller-maerchen-und-mythen\\\/\"},\"wordCount\":504,\"commentCount\":0,\"publisher\":{\"@id\":\"https:\\\/\\\/www.salzburgerland.com\\\/de\\\/magazin\\\/#organization\"},\"image\":{\"@id\":\"https:\\\/\\\/www.salzburgerland.com\\\/de\\\/magazin\\\/rauhnaechte-magische-zeit-voller-maerchen-und-mythen\\\/#primaryimage\"},\"thumbnailUrl\":\"https:\\\/\\\/www.salzburgerland.com\\\/de\\\/magazin\\\/wp-content\\\/uploads\\\/2014\\\/12\\\/Rauchern-f.jpg\",\"articleSection\":[\"Kunst &amp; Kultur\"],\"inLanguage\":\"de\",\"potentialAction\":[{\"@type\":\"CommentAction\",\"name\":\"Comment\",\"target\":[\"https:\\\/\\\/www.salzburgerland.com\\\/de\\\/magazin\\\/rauhnaechte-magische-zeit-voller-maerchen-und-mythen\\\/#respond\"]}]},{\"@type\":\"WebPage\",\"@id\":\"https:\\\/\\\/www.salzburgerland.com\\\/de\\\/magazin\\\/rauhnaechte-magische-zeit-voller-maerchen-und-mythen\\\/\",\"url\":\"https:\\\/\\\/www.salzburgerland.com\\\/de\\\/magazin\\\/rauhnaechte-magische-zeit-voller-maerchen-und-mythen\\\/\",\"name\":\"Rauhn\u00e4chte - magische Zeit voller M\u00e4rchen und Mythen - SalzburgerLand Magazin\",\"isPartOf\":{\"@id\":\"https:\\\/\\\/www.salzburgerland.com\\\/de\\\/magazin\\\/#website\"},\"primaryImageOfPage\":{\"@id\":\"https:\\\/\\\/www.salzburgerland.com\\\/de\\\/magazin\\\/rauhnaechte-magische-zeit-voller-maerchen-und-mythen\\\/#primaryimage\"},\"image\":{\"@id\":\"https:\\\/\\\/www.salzburgerland.com\\\/de\\\/magazin\\\/rauhnaechte-magische-zeit-voller-maerchen-und-mythen\\\/#primaryimage\"},\"thumbnailUrl\":\"https:\\\/\\\/www.salzburgerland.com\\\/de\\\/magazin\\\/wp-content\\\/uploads\\\/2014\\\/12\\\/Rauchern-f.jpg\",\"datePublished\":\"2014-12-18T12:40:56+00:00\",\"breadcrumb\":{\"@id\":\"https:\\\/\\\/www.salzburgerland.com\\\/de\\\/magazin\\\/rauhnaechte-magische-zeit-voller-maerchen-und-mythen\\\/#breadcrumb\"},\"inLanguage\":\"de\",\"potentialAction\":[{\"@type\":\"ReadAction\",\"target\":[\"https:\\\/\\\/www.salzburgerland.com\\\/de\\\/magazin\\\/rauhnaechte-magische-zeit-voller-maerchen-und-mythen\\\/\"]}]},{\"@type\":\"ImageObject\",\"inLanguage\":\"de\",\"@id\":\"https:\\\/\\\/www.salzburgerland.com\\\/de\\\/magazin\\\/rauhnaechte-magische-zeit-voller-maerchen-und-mythen\\\/#primaryimage\",\"url\":\"https:\\\/\\\/www.salzburgerland.com\\\/de\\\/magazin\\\/wp-content\\\/uploads\\\/2014\\\/12\\\/Rauchern-f.jpg\",\"contentUrl\":\"https:\\\/\\\/www.salzburgerland.com\\\/de\\\/magazin\\\/wp-content\\\/uploads\\\/2014\\\/12\\\/Rauchern-f.jpg\",\"width\":724,\"height\":615,\"caption\":\"Mit dem Hut f\u00e4cheln\"},{\"@type\":\"BreadcrumbList\",\"@id\":\"https:\\\/\\\/www.salzburgerland.com\\\/de\\\/magazin\\\/rauhnaechte-magische-zeit-voller-maerchen-und-mythen\\\/#breadcrumb\",\"itemListElement\":[{\"@type\":\"ListItem\",\"position\":1,\"name\":\"Startseite\",\"item\":\"https:\\\/\\\/www.salzburgerland.com\\\/de\\\/magazin\\\/\"},{\"@type\":\"ListItem\",\"position\":2,\"name\":\"Kunst &amp; Kultur\",\"item\":\"https:\\\/\\\/www.salzburgerland.com\\\/de\\\/magazin\\\/thema\\\/kunst-kultur\\\/\"},{\"@type\":\"ListItem\",\"position\":3,\"name\":\"Rauhn\u00e4chte &#8211; magische Zeit voller M\u00e4rchen und Mythen\"}]},{\"@type\":\"WebSite\",\"@id\":\"https:\\\/\\\/www.salzburgerland.com\\\/de\\\/magazin\\\/#website\",\"url\":\"https:\\\/\\\/www.salzburgerland.com\\\/de\\\/magazin\\\/\",\"name\":\"SalzburgerLand Magazin\",\"description\":\"Geschichten und Interessantes aus dem SalzburgerLand\",\"publisher\":{\"@id\":\"https:\\\/\\\/www.salzburgerland.com\\\/de\\\/magazin\\\/#organization\"},\"potentialAction\":[{\"@type\":\"SearchAction\",\"target\":{\"@type\":\"EntryPoint\",\"urlTemplate\":\"https:\\\/\\\/www.salzburgerland.com\\\/de\\\/magazin\\\/?s={search_term_string}\"},\"query-input\":{\"@type\":\"PropertyValueSpecification\",\"valueRequired\":true,\"valueName\":\"search_term_string\"}}],\"inLanguage\":\"de\"},{\"@type\":\"Organization\",\"@id\":\"https:\\\/\\\/www.salzburgerland.com\\\/de\\\/magazin\\\/#organization\",\"name\":\"SalzburgerLand Tourismus\",\"url\":\"https:\\\/\\\/www.salzburgerland.com\\\/de\\\/magazin\\\/\",\"logo\":{\"@type\":\"ImageObject\",\"inLanguage\":\"de\",\"@id\":\"https:\\\/\\\/www.salzburgerland.com\\\/de\\\/magazin\\\/#\\\/schema\\\/logo\\\/image\\\/\",\"url\":\"https:\\\/\\\/www.salzburgerland.com\\\/de\\\/magazin\\\/wp-content\\\/uploads\\\/2019\\\/06\\\/salzburgerland-logo1.jpg\",\"contentUrl\":\"https:\\\/\\\/www.salzburgerland.com\\\/de\\\/magazin\\\/wp-content\\\/uploads\\\/2019\\\/06\\\/salzburgerland-logo1.jpg\",\"width\":2011,\"height\":866,\"caption\":\"SalzburgerLand Tourismus\"},\"image\":{\"@id\":\"https:\\\/\\\/www.salzburgerland.com\\\/de\\\/magazin\\\/#\\\/schema\\\/logo\\\/image\\\/\"},\"sameAs\":[\"https:\\\/\\\/www.facebook.com\\\/salzburgerland\\\/\",\"https:\\\/\\\/x.com\\\/Salzburgerland\",\"https:\\\/\\\/www.instagram.com\\\/salzburgerland\\\/\",\"https:\\\/\\\/at.linkedin.com\\\/company\\\/salzburgerland-tourismus-gmbh\",\"https:\\\/\\\/www.pinterest.at\\\/salzburgerland\\\/\",\"https:\\\/\\\/www.youtube.com\\\/user\\\/salzburgerland\",\"https:\\\/\\\/de.wikipedia.org\\\/wiki\\\/SalzburgerLand_Tourismus_GmbH\"]},{\"@type\":\"Person\",\"@id\":\"https:\\\/\\\/www.salzburgerland.com\\\/de\\\/magazin\\\/#\\\/schema\\\/person\\\/7932db74f19d9640620859cb2b794c4e\",\"name\":\"Christine Fr\u00f6schl\",\"description\":\"Dein pers\u00f6nlicher Logenplatz im SalzburgerLand? Am liebsten gehe ich auf den Einberg im Salzburger Tennengau. Der Berg in der Osterhorn-Gruppe gl\u00e4nzt das ganze Jahr im Sonnenschein, auf dem Gipfel heben Paragleiter ab und die Aussicht auf das Tennengebirge, den Dachstein und die Bischofsm\u00fctze ist traumhaft. Dosige(r) oder Zuagroast? Zuagroast aus dem sch\u00f6nen Nieder\u00f6sterreich. Fr\u00fchling, Sommer, Herbst oder Winter? Alle Jahreszeiten begeistern mich. Momentan freue ich mich auf den Fr\u00fchling, das Zwitschern der V\u00f6gel und auf die sattgr\u00fcnen Wiesen. Salzburger Nockerl oder Schwarzbeernocken? Eindeutig Schwarzbeernocken. Rindsroulade vom Pinzgauer Biorind oder Saibling fangfrisch aus dem Fuschlsee? Mhhhh. Da kann ich mich nicht entscheiden. Bergtour oder Seentour? Mich zieht es auf jeden Fall hinauf. Begeistert bin ich auch von tiefblauen Bergseen in denen sich die Umgebung spiegelt und von der Aussicht w\u00e4hrend des Weges auf einen der wundersch\u00f6nen Seen im Salzburger Land.\",\"url\":\"https:\\\/\\\/www.salzburgerland.com\\\/de\\\/magazin\\\/author\\\/christine-froeschl\\\/\"}]}<\/script>\n<!-- \/ Yoast SEO Premium plugin. -->","yoast_head_json":{"title":"Rauhn\u00e4chte - magische Zeit voller M\u00e4rchen und Mythen - SalzburgerLand Magazin","description":"Wenn Winterst\u00fcrme um die H\u00e4user sausen und die &#8222;Wilde Jagd&#8220; um Haus und Hof tobt, dann ist es Zeit f\u00fcr das R\u00e4uchern. Mit speziellen Kr\u00e4utern und Harzen bitten die Menschen in den Rauhn\u00e4chten seit jeher um Schutz, Reinigung und Zusammengeh\u00f6rigkeit. Die Rauhn\u00e4chte galten in l\u00e4ngst vergangenen Zeiten als Heilige N\u00e4chte. In diesen &#8222;magischen&#8220; N\u00e4chten wollen [&hellip;]","robots":{"index":"index","follow":"follow","max-snippet":"max-snippet:-1","max-image-preview":"max-image-preview:large","max-video-preview":"max-video-preview:-1"},"canonical":"https:\/\/www.salzburgerland.com\/de\/magazin\/rauhnaechte-magische-zeit-voller-maerchen-und-mythen\/","og_locale":"de_DE","og_type":"article","og_title":"Rauhn\u00e4chte - magische Zeit voller M\u00e4rchen und Mythen","og_description":"Wenn Winterst\u00fcrme um die H\u00e4user sausen und die &#8222;Wilde Jagd&#8220; um Haus und Hof tobt, dann ist es Zeit f\u00fcr das R\u00e4uchern. Mit speziellen Kr\u00e4utern und Harzen bitten die Menschen in den Rauhn\u00e4chten seit jeher um Schutz, Reinigung und Zusammengeh\u00f6rigkeit. Die Rauhn\u00e4chte galten in l\u00e4ngst vergangenen Zeiten als Heilige N\u00e4chte. In diesen &#8222;magischen&#8220; N\u00e4chten wollen [&hellip;]","og_url":"https:\/\/www.salzburgerland.com\/de\/magazin\/rauhnaechte-magische-zeit-voller-maerchen-und-mythen\/","og_site_name":"SalzburgerLand Magazin","article_publisher":"https:\/\/www.facebook.com\/salzburgerland\/","article_published_time":"2014-12-18T12:40:56+00:00","og_image":[{"width":724,"height":615,"url":"https:\/\/www.salzburgerland.com\/de\/magazin\/wp-content\/uploads\/2014\/12\/Rauchern-f.jpg","type":"image\/jpeg"}],"author":"Christine Fr\u00f6schl","twitter_card":"summary_large_image","twitter_creator":"@Salzburgerland","twitter_site":"@Salzburgerland","twitter_misc":{"Verfasst von":"Christine Fr\u00f6schl","Gesch\u00e4tzte Lesezeit":"2\u00a0Minuten"},"schema":{"@context":"https:\/\/schema.org","@graph":[{"@type":"Article","@id":"https:\/\/www.salzburgerland.com\/de\/magazin\/rauhnaechte-magische-zeit-voller-maerchen-und-mythen\/#article","isPartOf":{"@id":"https:\/\/www.salzburgerland.com\/de\/magazin\/rauhnaechte-magische-zeit-voller-maerchen-und-mythen\/"},"author":{"name":"Christine Fr\u00f6schl","@id":"https:\/\/www.salzburgerland.com\/de\/magazin\/#\/schema\/person\/7932db74f19d9640620859cb2b794c4e"},"headline":"Rauhn\u00e4chte &#8211; magische Zeit voller M\u00e4rchen und Mythen","datePublished":"2014-12-18T12:40:56+00:00","mainEntityOfPage":{"@id":"https:\/\/www.salzburgerland.com\/de\/magazin\/rauhnaechte-magische-zeit-voller-maerchen-und-mythen\/"},"wordCount":504,"commentCount":0,"publisher":{"@id":"https:\/\/www.salzburgerland.com\/de\/magazin\/#organization"},"image":{"@id":"https:\/\/www.salzburgerland.com\/de\/magazin\/rauhnaechte-magische-zeit-voller-maerchen-und-mythen\/#primaryimage"},"thumbnailUrl":"https:\/\/www.salzburgerland.com\/de\/magazin\/wp-content\/uploads\/2014\/12\/Rauchern-f.jpg","articleSection":["Kunst &amp; Kultur"],"inLanguage":"de","potentialAction":[{"@type":"CommentAction","name":"Comment","target":["https:\/\/www.salzburgerland.com\/de\/magazin\/rauhnaechte-magische-zeit-voller-maerchen-und-mythen\/#respond"]}]},{"@type":"WebPage","@id":"https:\/\/www.salzburgerland.com\/de\/magazin\/rauhnaechte-magische-zeit-voller-maerchen-und-mythen\/","url":"https:\/\/www.salzburgerland.com\/de\/magazin\/rauhnaechte-magische-zeit-voller-maerchen-und-mythen\/","name":"Rauhn\u00e4chte - magische Zeit voller M\u00e4rchen und Mythen - SalzburgerLand Magazin","isPartOf":{"@id":"https:\/\/www.salzburgerland.com\/de\/magazin\/#website"},"primaryImageOfPage":{"@id":"https:\/\/www.salzburgerland.com\/de\/magazin\/rauhnaechte-magische-zeit-voller-maerchen-und-mythen\/#primaryimage"},"image":{"@id":"https:\/\/www.salzburgerland.com\/de\/magazin\/rauhnaechte-magische-zeit-voller-maerchen-und-mythen\/#primaryimage"},"thumbnailUrl":"https:\/\/www.salzburgerland.com\/de\/magazin\/wp-content\/uploads\/2014\/12\/Rauchern-f.jpg","datePublished":"2014-12-18T12:40:56+00:00","breadcrumb":{"@id":"https:\/\/www.salzburgerland.com\/de\/magazin\/rauhnaechte-magische-zeit-voller-maerchen-und-mythen\/#breadcrumb"},"inLanguage":"de","potentialAction":[{"@type":"ReadAction","target":["https:\/\/www.salzburgerland.com\/de\/magazin\/rauhnaechte-magische-zeit-voller-maerchen-und-mythen\/"]}]},{"@type":"ImageObject","inLanguage":"de","@id":"https:\/\/www.salzburgerland.com\/de\/magazin\/rauhnaechte-magische-zeit-voller-maerchen-und-mythen\/#primaryimage","url":"https:\/\/www.salzburgerland.com\/de\/magazin\/wp-content\/uploads\/2014\/12\/Rauchern-f.jpg","contentUrl":"https:\/\/www.salzburgerland.com\/de\/magazin\/wp-content\/uploads\/2014\/12\/Rauchern-f.jpg","width":724,"height":615,"caption":"Mit dem Hut f\u00e4cheln"},{"@type":"BreadcrumbList","@id":"https:\/\/www.salzburgerland.com\/de\/magazin\/rauhnaechte-magische-zeit-voller-maerchen-und-mythen\/#breadcrumb","itemListElement":[{"@type":"ListItem","position":1,"name":"Startseite","item":"https:\/\/www.salzburgerland.com\/de\/magazin\/"},{"@type":"ListItem","position":2,"name":"Kunst &amp; Kultur","item":"https:\/\/www.salzburgerland.com\/de\/magazin\/thema\/kunst-kultur\/"},{"@type":"ListItem","position":3,"name":"Rauhn\u00e4chte &#8211; magische Zeit voller M\u00e4rchen und Mythen"}]},{"@type":"WebSite","@id":"https:\/\/www.salzburgerland.com\/de\/magazin\/#website","url":"https:\/\/www.salzburgerland.com\/de\/magazin\/","name":"SalzburgerLand Magazin","description":"Geschichten und Interessantes aus dem SalzburgerLand","publisher":{"@id":"https:\/\/www.salzburgerland.com\/de\/magazin\/#organization"},"potentialAction":[{"@type":"SearchAction","target":{"@type":"EntryPoint","urlTemplate":"https:\/\/www.salzburgerland.com\/de\/magazin\/?s={search_term_string}"},"query-input":{"@type":"PropertyValueSpecification","valueRequired":true,"valueName":"search_term_string"}}],"inLanguage":"de"},{"@type":"Organization","@id":"https:\/\/www.salzburgerland.com\/de\/magazin\/#organization","name":"SalzburgerLand Tourismus","url":"https:\/\/www.salzburgerland.com\/de\/magazin\/","logo":{"@type":"ImageObject","inLanguage":"de","@id":"https:\/\/www.salzburgerland.com\/de\/magazin\/#\/schema\/logo\/image\/","url":"https:\/\/www.salzburgerland.com\/de\/magazin\/wp-content\/uploads\/2019\/06\/salzburgerland-logo1.jpg","contentUrl":"https:\/\/www.salzburgerland.com\/de\/magazin\/wp-content\/uploads\/2019\/06\/salzburgerland-logo1.jpg","width":2011,"height":866,"caption":"SalzburgerLand Tourismus"},"image":{"@id":"https:\/\/www.salzburgerland.com\/de\/magazin\/#\/schema\/logo\/image\/"},"sameAs":["https:\/\/www.facebook.com\/salzburgerland\/","https:\/\/x.com\/Salzburgerland","https:\/\/www.instagram.com\/salzburgerland\/","https:\/\/at.linkedin.com\/company\/salzburgerland-tourismus-gmbh","https:\/\/www.pinterest.at\/salzburgerland\/","https:\/\/www.youtube.com\/user\/salzburgerland","https:\/\/de.wikipedia.org\/wiki\/SalzburgerLand_Tourismus_GmbH"]},{"@type":"Person","@id":"https:\/\/www.salzburgerland.com\/de\/magazin\/#\/schema\/person\/7932db74f19d9640620859cb2b794c4e","name":"Christine Fr\u00f6schl","description":"Dein pers\u00f6nlicher Logenplatz im SalzburgerLand? Am liebsten gehe ich auf den Einberg im Salzburger Tennengau. Der Berg in der Osterhorn-Gruppe gl\u00e4nzt das ganze Jahr im Sonnenschein, auf dem Gipfel heben Paragleiter ab und die Aussicht auf das Tennengebirge, den Dachstein und die Bischofsm\u00fctze ist traumhaft. Dosige(r) oder Zuagroast? Zuagroast aus dem sch\u00f6nen Nieder\u00f6sterreich. Fr\u00fchling, Sommer, Herbst oder Winter? Alle Jahreszeiten begeistern mich. Momentan freue ich mich auf den Fr\u00fchling, das Zwitschern der V\u00f6gel und auf die sattgr\u00fcnen Wiesen. Salzburger Nockerl oder Schwarzbeernocken? Eindeutig Schwarzbeernocken. Rindsroulade vom Pinzgauer Biorind oder Saibling fangfrisch aus dem Fuschlsee? Mhhhh. Da kann ich mich nicht entscheiden. Bergtour oder Seentour? Mich zieht es auf jeden Fall hinauf. Begeistert bin ich auch von tiefblauen Bergseen in denen sich die Umgebung spiegelt und von der Aussicht w\u00e4hrend des Weges auf einen der wundersch\u00f6nen Seen im Salzburger Land.","url":"https:\/\/www.salzburgerland.com\/de\/magazin\/author\/christine-froeschl\/"}]}},"_wl_alt_label":[],"wl:entity_url":"http:\/\/open.salzburgerland.com\/magazin\/post\/rauhnaechte_-_magische_zeit_voller_maerchen_und_mythen","_links":{"self":[{"href":"https:\/\/www.salzburgerland.com\/de\/magazin\/wp-json\/wp\/v2\/posts\/93921","targetHints":{"allow":["GET"]}}],"collection":[{"href":"https:\/\/www.salzburgerland.com\/de\/magazin\/wp-json\/wp\/v2\/posts"}],"about":[{"href":"https:\/\/www.salzburgerland.com\/de\/magazin\/wp-json\/wp\/v2\/types\/post"}],"author":[{"embeddable":true,"href":"https:\/\/www.salzburgerland.com\/de\/magazin\/wp-json\/wp\/v2\/users\/236"}],"replies":[{"embeddable":true,"href":"https:\/\/www.salzburgerland.com\/de\/magazin\/wp-json\/wp\/v2\/comments?post=93921"}],"version-history":[{"count":0,"href":"https:\/\/www.salzburgerland.com\/de\/magazin\/wp-json\/wp\/v2\/posts\/93921\/revisions"}],"wp:featuredmedia":[{"embeddable":true,"href":"https:\/\/www.salzburgerland.com\/de\/magazin\/wp-json\/wp\/v2\/media\/93935"}],"wp:attachment":[{"href":"https:\/\/www.salzburgerland.com\/de\/magazin\/wp-json\/wp\/v2\/media?parent=93921"}],"wp:term":[{"taxonomy":"category","embeddable":true,"href":"https:\/\/www.salzburgerland.com\/de\/magazin\/wp-json\/wp\/v2\/categories?post=93921"},{"taxonomy":"post_tag","embeddable":true,"href":"https:\/\/www.salzburgerland.com\/de\/magazin\/wp-json\/wp\/v2\/tags?post=93921"},{"taxonomy":"wl_entity_type","embeddable":true,"href":"https:\/\/www.salzburgerland.com\/de\/magazin\/wp-json\/wp\/v2\/wl_entity_type?post=93921"},{"taxonomy":"monatsauswahl","embeddable":true,"href":"https:\/\/www.salzburgerland.com\/de\/magazin\/wp-json\/wp\/v2\/monatsauswahl?post=93921"}],"curies":[{"name":"wp","href":"https:\/\/api.w.org\/{rel}","templated":true}]}}