{"id":93569,"date":"2014-12-05T15:42:16","date_gmt":"2014-12-05T14:42:16","guid":{"rendered":"http:\/\/magazin.salzburgerland.com\/?p=93569"},"modified":"2022-01-19T10:11:52","modified_gmt":"2022-01-19T09:11:52","slug":"schloss-mittersill-die-heimat-der-chanel-jacke","status":"publish","type":"post","link":"https:\/\/www.salzburgerland.com\/de\/magazin\/schloss-mittersill-die-heimat-der-chanel-jacke\/","title":{"rendered":"Schloss Mittersill"},"content":{"rendered":"\n<h2 class=\"wp-block-slt-subtitle\">Die Heimat der Chanel Jacke<\/h2>\n\n\n\n<p class=\"wp-block-slt-intro\">Die begehrten Kollektionser\u00f6ffnungen finden beim luxuri\u00f6sen Designerlabel\u00a0Chanel traditionellerweise an Orten statt, die f\u00fcr Gr\u00fcnderin Gabrielle &#8222;Coco&#8220; Chanel eine besondere Bedeutung haben. Salzburg z\u00e4hlt neben Bombay, Edinburgh und Dallas zu diesem elit\u00e4ren Kreis. Die Bergwelt, die Gastfreundschaft und der Charme, die Natur und das gesellschaftliche Leben hatten es ihr besonders angetan.<\/p>\n\n\n\n<p>Aus diesem Grund lud im\u00a0Dezember 2014 kein geringerer als Stardesigner Karl Lagerfeld zur <a title=\"Karl Lagerfeld in Salzburg\" href=\"https:\/\/www.salzburgerland.com\/de\/magazin\/lifestyle\/karl-lagerfeld-in-salzburg\/\">Er\u00f6ffnung der Chanel-Kollektion<\/a>. Im ehrw\u00fcrdigen <a title=\"Schloss Leopoldskron ist jetzt auch Hotel\" href=\"https:\/\/www.salzburgerland.com\/de\/magazin\/hotel-reise\/schloss-leopoldskron-ist-jetzt-auch-hotel\/\">Schloss Leopoldskron<\/a> wurden die einzigartigen Kleider von internationale Models in den Prunkr\u00e4umen vorgef\u00fchrt, w\u00e4hrend die geladenen G\u00e4ste auf historischen Ottomanen residierten. Lange wurde \u00fcber die neue Kollektion ger\u00e4tselt: Welche Materialen spielen die Hauptrolle? Welche Schnitte sind in dieser Saison angesagt? Und ohne welche Handtasche darf man sich ab sofort keineswegs mehr au\u00dfer Haus wagen? Niemand geringerer als S\u00e4nger Pharell Williams und das britische Topmodel Cara Delevigne spielen in der &#8222;M\u00e9tiers d&#8220;Art&#8220; Kollektion die Hauptrolle.<\/p>\n\n\n\n<figure class=\"wp-block-embed is-type-video is-provider-youtube wp-block-embed-youtube wp-embed-aspect-16-9 wp-has-aspect-ratio\"><div class=\"wp-block-embed__wrapper\">\n<iframe loading=\"lazy\" title=\"&quot;Reincarnation&quot; film by Karl Lagerfeld ft. P. Williams, C. Delevingne &amp; G. Chaplin \u2013 CHANEL\" width=\"640\" height=\"360\" src=\"https:\/\/www.youtube-nocookie.com\/embed\/wO4-TV6Zckc?feature=oembed&#038;rel=0&#038;modestbranding=1\" frameborder=\"0\" allow=\"accelerometer; autoplay; clipboard-write; encrypted-media; gyroscope; picture-in-picture; web-share\" referrerpolicy=\"strict-origin-when-cross-origin\" allowfullscreen><\/iframe>\n<\/div><\/figure>\n\n\n\n<p>Bei aller Vielfalt und Kreativit\u00e4t: Ein Schmuckst\u00fcck darf in keiner Chanel-Kollektion fehlen. Die Rede ist nat\u00fcrlich von der Chanel-Jacke! Von Modeliebhaberinnen und Stilikonen rund um den Globus getragen, liegt ihr Ursprung im Salzburger Pinzgau.&nbsp;Denn die Inspiration f\u00fcr das Must-have fand Coco Chanel bei ihrem Besuch im <a title=\"Schloss Mittersill Coco Chanel\" href=\"http:\/\/www.schloss-mittersill.at\" target=\"_blank\" rel=\"noopener\">Schloss Mittersill<\/a>.<\/p>\n\n\n\n<h2 class=\"wp-block-heading\" id=\"h-die-ganze-welt-trifft-sich-in-mittersill\">Die ganze Welt trifft sich in Mittersill<\/h2>\n\n\n\n<p>Das m\u00e4rchenhafte Schloss thront dank seiner g\u00fcnstigen Lage auf einem Sporn hoch \u00fcber dem Talgrund. Und blickt auf eine Jahrhunderte \u00fcberdauernde Tradition mit historischen H\u00f6hen und Tiefen zur\u00fcck. Bereits im Jahre 1150 lebte hier Graf von Lechsgm\u00fcnd, der damalige Herr des Pinzgaus. Beinahe einhundert Jahre sp\u00e4ter kam in seinen Besitz des F\u00fcrst Erzbischofs Eberhard von Regensberg. In den darauffolgenden Jahrhunderten erfreute es eine Reihe von Privateigent\u00fcmer, bevor im Jahre 1934 der adelige Industrielle Baron Hubert von Pantz das Schloss Mittersill erwarb. Unter seinem Besitz wurde Mittersill zum Anziehungspunkt f\u00fcr nationale und internationale Adelige, Stars und wohlhabende Unternehmer. Wie so viele andere Gemeinden in Salzburg, ereilte auch den Pinzgau das Schicksal des Nationalsozialismus. Das Schloss Mittersill wurde eingenommen und Baron von Pantz fl\u00fcchtete nach Amerika. Nach Kriegsende und seiner R\u00fcckkehr gr\u00fcndete Baron von Pantz den damals exklusivsten Club der Welt und der \u201cSport &amp; Shooting Club\u201d holte den Jet Set zur\u00fcck nach Salzburg. Neben dem Schah von Persien, dem Herzog von Windsor, Aga Khan, K\u00f6nig Faruk von \u00c4gypten, Clark Gable, Bob Hope, Bill Crosby und Rity Hayqorth verbrachten viele internationale Ber\u00fchmtheiten ihren Urlaub im Schloss Mittersill, wie es noch heute im G\u00e4stebuch festgehalten ist. Die amerikanische VOGUE beschrieb das Schloss Mittersill gar als \u201eden Ort in \u00d6sterreich, \u00fcber den am meisten gesprochen wurde&#8220;.<\/p>\n\n\n\n<h2 class=\"wp-block-heading\">Coco Chanels Liebelei<\/h2>\n\n\n\n<p>Zwischen dem charmanten Baron von Pantz und der stilsicheren Coco Chanel entwickelte sich in den 1930er Jahren eine Romanze und so verbrachte sie viele sch\u00f6ne Tage im Schloss Mittersill. Wie es das Schicksal so wollte, hatte&nbsp;es ihr die Arbeitsuniform des Liftboys besonders angetan. Denn der alpenl\u00e4ndische Trachtenjanker mit den vier charakteristischen Taschen und der geflochtenen Borte war es, der sie zur Chanel-Jacke inspiriert hat. Die weltber\u00fchmte Jacke fehlt seitdem in keinem Chanel-Shop und avancierte zum absoluten Klassiker. \u201cManche Dinge kommen nie aus der Mode; Jeans, ein wei\u00dfes Shirt und eine Chanel Jacke\u201d, schw\u00e4rmt der Meister h\u00f6chst pers\u00f6nlich, Karl Lagerfeld. Vielfach kopiert doch nie erreicht zierte die Chanel Jacke bereits Brigitte Bardot, Grace Kelly, Romy Schneider, Sarah Jessica Parker und Gwyneth Paltrow.<\/p>\n\n\n<div class=\"mag-gallery\"><div class=\"row\"><div class=\"col-6 col-sm-4\"><figure><a class=\"thumb-container\" href=\"https:\/\/www.salzburgerland.com\/de\/magazin\/wp-content\/uploads\/2014\/12\/1Fu%C2%A6%C3%AArstenzimmern_Turmsuite2-1280x1024.jpg\">\t<picture><source media=\"(min-width: 576px)\" srcset=\"https:\/\/www.salzburgerland.com\/de\/magazin\/wp-content\/uploads\/2014\/12\/1Fu&brvbar;&ecirc;rstenzimmern_Turmsuite2-325x209.jpg 325w, https:\/\/www.salzburgerland.com\/de\/magazin\/wp-content\/uploads\/2014\/12\/1Fu&brvbar;&ecirc;rstenzimmern_Turmsuite2-249x160.jpg 249w\"><\/source><source media=\"(min-width: 0)\" srcset=\"https:\/\/www.salzburgerland.com\/de\/magazin\/wp-content\/uploads\/2014\/12\/1Fu&brvbar;&ecirc;rstenzimmern_Turmsuite2-249x160.jpg 249w, https:\/\/www.salzburgerland.com\/de\/magazin\/wp-content\/uploads\/2014\/12\/1Fu&brvbar;&ecirc;rstenzimmern_Turmsuite2-325x209.jpg 325w\"><\/source><img decoding=\"async\" alt=\"Schwarz-Wei&szlig;-Foto eines gro&szlig;en, alten Schlafzimmers mit einem Himmelbett, einem Kamin und einem Kronleuchter.\" src=\"https:\/\/www.salzburgerland.com\/de\/magazin\/wp-content\/uploads\/2014\/12\/1Fu%C2%A6%C3%AArstenzimmern_Turmsuite2.jpg\">\t<\/picture><\/a><\/figure><\/div><div class=\"col-6 col-sm-4\"><figure><a class=\"thumb-container\" href=\"https:\/\/www.salzburgerland.com\/de\/magazin\/wp-content\/uploads\/2014\/12\/1Fu%C2%A6%C3%AArstenzimmern_Turmsuite3-1280x1024.jpg\">\t<picture><source media=\"(min-width: 576px)\" srcset=\"https:\/\/www.salzburgerland.com\/de\/magazin\/wp-content\/uploads\/2014\/12\/1Fu&brvbar;&ecirc;rstenzimmern_Turmsuite3-325x209.jpg 325w, https:\/\/www.salzburgerland.com\/de\/magazin\/wp-content\/uploads\/2014\/12\/1Fu&brvbar;&ecirc;rstenzimmern_Turmsuite3-249x160.jpg 249w\"><\/source><source media=\"(min-width: 0)\" srcset=\"https:\/\/www.salzburgerland.com\/de\/magazin\/wp-content\/uploads\/2014\/12\/1Fu&brvbar;&ecirc;rstenzimmern_Turmsuite3-249x160.jpg 249w, https:\/\/www.salzburgerland.com\/de\/magazin\/wp-content\/uploads\/2014\/12\/1Fu&brvbar;&ecirc;rstenzimmern_Turmsuite3-325x209.jpg 325w\"><\/source><img decoding=\"async\" alt=\"Schwarz-Wei&szlig;-Foto eines alten Esszimmers mit gew&ouml;lbter Decke, Tisch, St&uuml;hlen und einem Fenster.\" src=\"https:\/\/www.salzburgerland.com\/de\/magazin\/wp-content\/uploads\/2014\/12\/1Fu%C2%A6%C3%AArstenzimmern_Turmsuite3.jpg\">\t<\/picture><\/a><\/figure><\/div><div class=\"col-6 col-sm-4\"><figure><a class=\"thumb-container\" href=\"https:\/\/www.salzburgerland.com\/de\/magazin\/wp-content\/uploads\/2014\/12\/1Fu%C2%A6%C3%AArstenzimmern_Turmsuite4-1280x1024.jpg\">\t<picture><source media=\"(min-width: 576px)\" srcset=\"https:\/\/www.salzburgerland.com\/de\/magazin\/wp-content\/uploads\/2014\/12\/1Fu&brvbar;&ecirc;rstenzimmern_Turmsuite4-325x209.jpg 325w, https:\/\/www.salzburgerland.com\/de\/magazin\/wp-content\/uploads\/2014\/12\/1Fu&brvbar;&ecirc;rstenzimmern_Turmsuite4-249x160.jpg 249w\"><\/source><source media=\"(min-width: 0)\" srcset=\"https:\/\/www.salzburgerland.com\/de\/magazin\/wp-content\/uploads\/2014\/12\/1Fu&brvbar;&ecirc;rstenzimmern_Turmsuite4-249x160.jpg 249w, https:\/\/www.salzburgerland.com\/de\/magazin\/wp-content\/uploads\/2014\/12\/1Fu&brvbar;&ecirc;rstenzimmern_Turmsuite4-325x209.jpg 325w\"><\/source><img decoding=\"async\" alt=\"Schwarz-Wei&szlig;-Foto eines alten Billardzimmers mit gro&szlig;en Fenstern und kunstvollem Dekor.\" src=\"https:\/\/www.salzburgerland.com\/de\/magazin\/wp-content\/uploads\/2014\/12\/1Fu%C2%A6%C3%AArstenzimmern_Turmsuite4.jpg\">\t<\/picture><\/a><\/figure><\/div><div class=\"col-6 col-sm-4\"><figure><a class=\"thumb-container\" href=\"https:\/\/www.salzburgerland.com\/de\/magazin\/wp-content\/uploads\/2014\/12\/1Fu%C2%A6%C3%AArstenzimmern_Turmsuite5-1280x1024.jpg\">\t<picture><source media=\"(min-width: 576px)\" srcset=\"https:\/\/www.salzburgerland.com\/de\/magazin\/wp-content\/uploads\/2014\/12\/1Fu&brvbar;&ecirc;rstenzimmern_Turmsuite5-325x209.jpg 325w, https:\/\/www.salzburgerland.com\/de\/magazin\/wp-content\/uploads\/2014\/12\/1Fu&brvbar;&ecirc;rstenzimmern_Turmsuite5-249x160.jpg 249w\"><\/source><source media=\"(min-width: 0)\" srcset=\"https:\/\/www.salzburgerland.com\/de\/magazin\/wp-content\/uploads\/2014\/12\/1Fu&brvbar;&ecirc;rstenzimmern_Turmsuite5-249x160.jpg 249w, https:\/\/www.salzburgerland.com\/de\/magazin\/wp-content\/uploads\/2014\/12\/1Fu&brvbar;&ecirc;rstenzimmern_Turmsuite5-325x209.jpg 325w\"><\/source><img decoding=\"async\" alt=\"Schwarz-Wei&szlig;-Foto eines alten Zimmers mit gew&ouml;lbten Fenstern, Tischen, St&uuml;hlen und Blumendekorationen.\" src=\"https:\/\/www.salzburgerland.com\/de\/magazin\/wp-content\/uploads\/2014\/12\/1Fu%C2%A6%C3%AArstenzimmern_Turmsuite5.jpg\">\t<\/picture><\/a><\/figure><\/div><div class=\"col-6 col-sm-4\"><figure><a class=\"thumb-container\" href=\"https:\/\/www.salzburgerland.com\/de\/magazin\/wp-content\/uploads\/2014\/12\/1Fu%C2%A6%C3%AArstenzimmern_Turmsuite8-1280x1024.jpg\">\t<picture><source media=\"(min-width: 576px)\" srcset=\"https:\/\/www.salzburgerland.com\/de\/magazin\/wp-content\/uploads\/2014\/12\/1Fu&brvbar;&ecirc;rstenzimmern_Turmsuite8-325x209.jpg 325w, https:\/\/www.salzburgerland.com\/de\/magazin\/wp-content\/uploads\/2014\/12\/1Fu&brvbar;&ecirc;rstenzimmern_Turmsuite8-249x160.jpg 249w\"><\/source><source media=\"(min-width: 0)\" srcset=\"https:\/\/www.salzburgerland.com\/de\/magazin\/wp-content\/uploads\/2014\/12\/1Fu&brvbar;&ecirc;rstenzimmern_Turmsuite8-249x160.jpg 249w, https:\/\/www.salzburgerland.com\/de\/magazin\/wp-content\/uploads\/2014\/12\/1Fu&brvbar;&ecirc;rstenzimmern_Turmsuite8-325x209.jpg 325w\"><\/source><img decoding=\"async\" alt=\"Schwarz-Wei&szlig;-Foto eines geschm&uuml;ckten Zimmers mit einem Wandteppich, einem geschnitzten Stuhl, einem Holztisch und einem verzierten Ofen.\" src=\"https:\/\/www.salzburgerland.com\/de\/magazin\/wp-content\/uploads\/2014\/12\/1Fu%C2%A6%C3%AArstenzimmern_Turmsuite8.jpg\">\t<\/picture><\/a><\/figure><\/div><div class=\"col-6 col-sm-4\"><figure><a class=\"thumb-container\" href=\"https:\/\/www.salzburgerland.com\/de\/magazin\/wp-content\/uploads\/2014\/12\/1Fu-a-%C2%ACrstenzimmern_Turmsuite6-1280x1024.jpg\">\t<picture><source media=\"(min-width: 576px)\" srcset=\"https:\/\/www.salzburgerland.com\/de\/magazin\/wp-content\/uploads\/2014\/12\/1Fu-a-&not;rstenzimmern_Turmsuite6-325x209.jpg 325w, https:\/\/www.salzburgerland.com\/de\/magazin\/wp-content\/uploads\/2014\/12\/1Fu-a-&not;rstenzimmern_Turmsuite6-249x160.jpg 249w\"><\/source><source media=\"(min-width: 0)\" srcset=\"https:\/\/www.salzburgerland.com\/de\/magazin\/wp-content\/uploads\/2014\/12\/1Fu-a-&not;rstenzimmern_Turmsuite6-249x160.jpg 249w, https:\/\/www.salzburgerland.com\/de\/magazin\/wp-content\/uploads\/2014\/12\/1Fu-a-&not;rstenzimmern_Turmsuite6-325x209.jpg 325w\"><\/source><img decoding=\"async\" alt=\"Gew&ouml;lbter Flur im Vintage-Stil mit Treppe, Kronleuchter, offener T&uuml;r und Licht, das von drau&szlig;en hereinstr&ouml;mt.\" src=\"https:\/\/www.salzburgerland.com\/de\/magazin\/wp-content\/uploads\/2014\/12\/1Fu-a-%C2%ACrstenzimmern_Turmsuite6.jpg\">\t<\/picture><\/a><\/figure><\/div><div class=\"col-6 col-sm-4\"><figure><a class=\"thumb-container\" href=\"https:\/\/www.salzburgerland.com\/de\/magazin\/wp-content\/uploads\/2014\/12\/1Golf-1280x1024.jpg\">\t<picture><source media=\"(min-width: 576px)\" srcset=\"https:\/\/www.salzburgerland.com\/de\/magazin\/wp-content\/uploads\/2014\/12\/1Golf-325x209.jpg 325w, https:\/\/www.salzburgerland.com\/de\/magazin\/wp-content\/uploads\/2014\/12\/1Golf-249x160.jpg 249w\"><\/source><source media=\"(min-width: 0)\" srcset=\"https:\/\/www.salzburgerland.com\/de\/magazin\/wp-content\/uploads\/2014\/12\/1Golf-249x160.jpg 249w, https:\/\/www.salzburgerland.com\/de\/magazin\/wp-content\/uploads\/2014\/12\/1Golf-325x209.jpg 325w\"><\/source><img decoding=\"async\" alt=\"Alte illustrierte Karte mit Golfpl&auml;tzen, Clubhaus, Sportclub, Schwimmbad und Bergen in der N&auml;he von Mittersill, &Ouml;sterreich.\" src=\"https:\/\/www.salzburgerland.com\/de\/magazin\/wp-content\/uploads\/2014\/12\/1Golf.jpg\">\t<\/picture><\/a><\/figure><\/div><div class=\"col-6 col-sm-4\"><figure><a class=\"thumb-container\" href=\"https:\/\/www.salzburgerland.com\/de\/magazin\/wp-content\/uploads\/2014\/12\/1Golf22-1280x1024.jpg\">\t<picture><source media=\"(min-width: 576px)\" srcset=\"https:\/\/www.salzburgerland.com\/de\/magazin\/wp-content\/uploads\/2014\/12\/1Golf22-325x209.jpg 325w, https:\/\/www.salzburgerland.com\/de\/magazin\/wp-content\/uploads\/2014\/12\/1Golf22-249x160.jpg 249w\"><\/source><source media=\"(min-width: 0)\" srcset=\"https:\/\/www.salzburgerland.com\/de\/magazin\/wp-content\/uploads\/2014\/12\/1Golf22-249x160.jpg 249w, https:\/\/www.salzburgerland.com\/de\/magazin\/wp-content\/uploads\/2014\/12\/1Golf22-325x209.jpg 325w\"><\/source><img decoding=\"async\" alt=\"Karte von &Ouml;sterreich mit St&auml;dten, mit Entfernungen in Kilometern von verschiedenen europ&auml;ischen St&auml;dten nach Mittersill.\" src=\"https:\/\/www.salzburgerland.com\/de\/magazin\/wp-content\/uploads\/2014\/12\/1Golf22.jpg\">\t<\/picture><\/a><\/figure><\/div><div class=\"col-6 col-sm-4\"><figure><a class=\"thumb-container\" href=\"https:\/\/www.salzburgerland.com\/de\/magazin\/wp-content\/uploads\/2014\/12\/1Golf23-1280x1024.jpg\">\t<picture><source media=\"(min-width: 576px)\" srcset=\"https:\/\/www.salzburgerland.com\/de\/magazin\/wp-content\/uploads\/2014\/12\/1Golf23-325x209.jpg 325w, https:\/\/www.salzburgerland.com\/de\/magazin\/wp-content\/uploads\/2014\/12\/1Golf23-249x160.jpg 249w\"><\/source><source media=\"(min-width: 0)\" srcset=\"https:\/\/www.salzburgerland.com\/de\/magazin\/wp-content\/uploads\/2014\/12\/1Golf23-249x160.jpg 249w, https:\/\/www.salzburgerland.com\/de\/magazin\/wp-content\/uploads\/2014\/12\/1Golf23-325x209.jpg 325w\"><\/source><img decoding=\"async\" alt=\"Wei&szlig;es Blatt mit einer Liste von Ehrenmitgliedern und Mitgliedern des Sportausschusses eines Vereins, mit Namen und Titeln in blauer und roter Schrift.\" src=\"https:\/\/www.salzburgerland.com\/de\/magazin\/wp-content\/uploads\/2014\/12\/1Golf23.jpg\">\t<\/picture><\/a><\/figure><\/div><div class=\"col-6 col-sm-4\"><figure><a class=\"thumb-container\" href=\"https:\/\/www.salzburgerland.com\/de\/magazin\/wp-content\/uploads\/2014\/12\/1Golf24-1280x1024.jpg\">\t<picture><source media=\"(min-width: 576px)\" srcset=\"https:\/\/www.salzburgerland.com\/de\/magazin\/wp-content\/uploads\/2014\/12\/1Golf24-325x209.jpg 325w, https:\/\/www.salzburgerland.com\/de\/magazin\/wp-content\/uploads\/2014\/12\/1Golf24-249x160.jpg 249w\"><\/source><source media=\"(min-width: 0)\" srcset=\"https:\/\/www.salzburgerland.com\/de\/magazin\/wp-content\/uploads\/2014\/12\/1Golf24-249x160.jpg 249w, https:\/\/www.salzburgerland.com\/de\/magazin\/wp-content\/uploads\/2014\/12\/1Golf24-325x209.jpg 325w\"><\/source><img decoding=\"async\" alt=\"Eine alte Brosch&uuml;re beschreibt den Land Salzburg Golf Club Mittersill mit Abbildungen von Golfern und malerischen Bergen.\" src=\"https:\/\/www.salzburgerland.com\/de\/magazin\/wp-content\/uploads\/2014\/12\/1Golf24.jpg\">\t<\/picture><\/a><\/figure><\/div><div class=\"col-6 col-sm-4\"><figure><a class=\"thumb-container\" href=\"https:\/\/www.salzburgerland.com\/de\/magazin\/wp-content\/uploads\/2014\/12\/1Golf25-1280x1024.jpg\">\t<picture><source media=\"(min-width: 576px)\" srcset=\"https:\/\/www.salzburgerland.com\/de\/magazin\/wp-content\/uploads\/2014\/12\/1Golf25-325x209.jpg 325w, https:\/\/www.salzburgerland.com\/de\/magazin\/wp-content\/uploads\/2014\/12\/1Golf25-249x160.jpg 249w\"><\/source><source media=\"(min-width: 0)\" srcset=\"https:\/\/www.salzburgerland.com\/de\/magazin\/wp-content\/uploads\/2014\/12\/1Golf25-249x160.jpg 249w, https:\/\/www.salzburgerland.com\/de\/magazin\/wp-content\/uploads\/2014\/12\/1Golf25-325x209.jpg 325w\"><\/source><img decoding=\"async\" alt=\"Eine alte Brosch&uuml;re, in der die Golfclubs aufgelistet sind und die Aktivit&auml;ten im Golfclub Mittersill in &Ouml;sterreich vorgestellt werden.\" src=\"https:\/\/www.salzburgerland.com\/de\/magazin\/wp-content\/uploads\/2014\/12\/1Golf25.jpg\">\t<\/picture><\/a><\/figure><\/div><div class=\"col-6 col-sm-4\"><figure><a class=\"thumb-container\" href=\"https:\/\/www.salzburgerland.com\/de\/magazin\/wp-content\/uploads\/2014\/12\/1Tennis-1280x1024.jpg\">\t<picture><source media=\"(min-width: 576px)\" srcset=\"https:\/\/www.salzburgerland.com\/de\/magazin\/wp-content\/uploads\/2014\/12\/1Tennis-325x209.jpg 325w, https:\/\/www.salzburgerland.com\/de\/magazin\/wp-content\/uploads\/2014\/12\/1Tennis-249x160.jpg 249w\"><\/source><source media=\"(min-width: 0)\" srcset=\"https:\/\/www.salzburgerland.com\/de\/magazin\/wp-content\/uploads\/2014\/12\/1Tennis-249x160.jpg 249w, https:\/\/www.salzburgerland.com\/de\/magazin\/wp-content\/uploads\/2014\/12\/1Tennis-325x209.jpg 325w\"><\/source><img decoding=\"async\" alt=\"Schwarz-Wei&szlig;-Foto einer Tennisplatzzeremonie mit stehenden Menschen und einer Flagge in der Mitte.\" src=\"https:\/\/www.salzburgerland.com\/de\/magazin\/wp-content\/uploads\/2014\/12\/1Tennis.jpg\">\t<\/picture><\/a><\/figure><\/div><div class=\"col-6 col-sm-4\"><figure><a class=\"thumb-container\" href=\"https:\/\/www.salzburgerland.com\/de\/magazin\/wp-content\/uploads\/2014\/12\/1Tontaubenschiessen-1280x1024.jpg\">\t<picture><source media=\"(min-width: 576px)\" srcset=\"https:\/\/www.salzburgerland.com\/de\/magazin\/wp-content\/uploads\/2014\/12\/1Tontaubenschiessen-325x209.jpg 325w, https:\/\/www.salzburgerland.com\/de\/magazin\/wp-content\/uploads\/2014\/12\/1Tontaubenschiessen-249x160.jpg 249w\"><\/source><source media=\"(min-width: 0)\" srcset=\"https:\/\/www.salzburgerland.com\/de\/magazin\/wp-content\/uploads\/2014\/12\/1Tontaubenschiessen-249x160.jpg 249w, https:\/\/www.salzburgerland.com\/de\/magazin\/wp-content\/uploads\/2014\/12\/1Tontaubenschiessen-325x209.jpg 325w\"><\/source><img decoding=\"async\" alt=\"Mehrere M&auml;nner zielen und schauen bei einer Schie&szlig;veranstaltung in einer grasbewachsenen Berglandschaft zu.\" src=\"https:\/\/www.salzburgerland.com\/de\/magazin\/wp-content\/uploads\/2014\/12\/1Tontaubenschiessen.jpg\">\t<\/picture><\/a><\/figure><\/div><div class=\"col-6 col-sm-4\"><figure><a class=\"thumb-container\" href=\"https:\/\/www.salzburgerland.com\/de\/magazin\/wp-content\/uploads\/2014\/12\/1Zimmer_Clarc_Gable2-1280x1024.jpg\">\t<picture><source media=\"(min-width: 576px)\" srcset=\"\"><\/source><source media=\"(min-width: 0)\" srcset=\"https:\/\/www.salzburgerland.com\/de\/magazin\/wp-content\/uploads\/2014\/12\/1Zimmer_Clarc_Gable2.jpg 1127w, https:\/\/www.salzburgerland.com\/de\/magazin\/wp-content\/uploads\/2014\/12\/1Zimmer_Clarc_Gable2-211x300.jpg 211w, https:\/\/www.salzburgerland.com\/de\/magazin\/wp-content\/uploads\/2014\/12\/1Zimmer_Clarc_Gable2-387x550.jpg 387w, https:\/\/www.salzburgerland.com\/de\/magazin\/wp-content\/uploads\/2014\/12\/1Zimmer_Clarc_Gable2-282x400.jpg 282w\"><\/source><img decoding=\"async\" alt=\"Eine Frau mit Hut und Sonnenbrille l&auml;chelt auf einem Schwarz-Wei&szlig;-Foto zwei M&auml;nner im Freien an.\" src=\"https:\/\/www.salzburgerland.com\/de\/magazin\/wp-content\/uploads\/2014\/12\/1Zimmer_Clarc_Gable2.jpg\">\t<\/picture><\/a><\/figure><\/div><div class=\"col-6 col-sm-4\"><figure><a class=\"thumb-container\" href=\"https:\/\/www.salzburgerland.com\/de\/magazin\/wp-content\/uploads\/2014\/12\/1Zimmer_Clarc_Gable3-1280x1024.jpg\">\t<picture><source media=\"(min-width: 576px)\" srcset=\"\"><\/source><source media=\"(min-width: 0)\" srcset=\"https:\/\/www.salzburgerland.com\/de\/magazin\/wp-content\/uploads\/2014\/12\/1Zimmer_Clarc_Gable3.jpg 1127w, https:\/\/www.salzburgerland.com\/de\/magazin\/wp-content\/uploads\/2014\/12\/1Zimmer_Clarc_Gable3-211x300.jpg 211w, https:\/\/www.salzburgerland.com\/de\/magazin\/wp-content\/uploads\/2014\/12\/1Zimmer_Clarc_Gable3-387x550.jpg 387w, https:\/\/www.salzburgerland.com\/de\/magazin\/wp-content\/uploads\/2014\/12\/1Zimmer_Clarc_Gable3-282x400.jpg 282w\"><\/source><img decoding=\"async\" alt=\"Eine Frau mit Hut und ein Mann im Anzug sitzen an einem Springbrunnen vor einem Geb&auml;ude im Stil der 1950er Jahre.\" src=\"https:\/\/www.salzburgerland.com\/de\/magazin\/wp-content\/uploads\/2014\/12\/1Zimmer_Clarc_Gable3.jpg\">\t<\/picture><\/a><\/figure><\/div><div class=\"col-6 col-sm-4\"><figure><a class=\"thumb-container\" href=\"https:\/\/www.salzburgerland.com\/de\/magazin\/wp-content\/uploads\/2014\/12\/1Zimmer_Ko-a-%C2%ACnigin_Juliana-1280x1024.jpg\">\t<picture><source media=\"(min-width: 576px)\" srcset=\"\"><\/source><source media=\"(min-width: 0)\" srcset=\"https:\/\/www.salzburgerland.com\/de\/magazin\/wp-content\/uploads\/2014\/12\/1Zimmer_Ko-a-&not;nigin_Juliana.jpg 1131w, https:\/\/www.salzburgerland.com\/de\/magazin\/wp-content\/uploads\/2014\/12\/1Zimmer_Ko-a-&not;nigin_Juliana-212x300.jpg 212w, https:\/\/www.salzburgerland.com\/de\/magazin\/wp-content\/uploads\/2014\/12\/1Zimmer_Ko-a-&not;nigin_Juliana-389x550.jpg 389w, https:\/\/www.salzburgerland.com\/de\/magazin\/wp-content\/uploads\/2014\/12\/1Zimmer_Ko-a-&not;nigin_Juliana-283x400.jpg 283w\"><\/source><img decoding=\"async\" alt=\"Eine l&auml;chelnde Frau in einem Kleid steht neben einem Mann in einem Anzug, beide posieren in einem Innenraum vor einem Fenster.\" src=\"https:\/\/www.salzburgerland.com\/de\/magazin\/wp-content\/uploads\/2014\/12\/1Zimmer_Ko-a-%C2%ACnigin_Juliana.jpg\">\t<\/picture><\/a><\/figure><\/div><div class=\"col-6 col-sm-4\"><figure><a class=\"thumb-container\" href=\"https:\/\/www.salzburgerland.com\/de\/magazin\/wp-content\/uploads\/2014\/12\/1Zimmer_Pantz-1280x1024.jpg\">\t<picture><source media=\"(min-width: 576px)\" srcset=\"https:\/\/www.salzburgerland.com\/de\/magazin\/wp-content\/uploads\/2014\/12\/1Zimmer_Pantz-325x209.jpg 325w, https:\/\/www.salzburgerland.com\/de\/magazin\/wp-content\/uploads\/2014\/12\/1Zimmer_Pantz-249x160.jpg 249w\"><\/source><source media=\"(min-width: 0)\" srcset=\"https:\/\/www.salzburgerland.com\/de\/magazin\/wp-content\/uploads\/2014\/12\/1Zimmer_Pantz-249x160.jpg 249w, https:\/\/www.salzburgerland.com\/de\/magazin\/wp-content\/uploads\/2014\/12\/1Zimmer_Pantz-325x209.jpg 325w\"><\/source><img decoding=\"async\" alt=\"Eine Gruppe von Menschen sitzt auf einer sonnigen Terrasse mit Blick auf gr&uuml;ne Berge und ein Tal und unterh&auml;lt sich.\" src=\"https:\/\/www.salzburgerland.com\/de\/magazin\/wp-content\/uploads\/2014\/12\/1Zimmer_Pantz.jpg\">\t<\/picture><\/a><\/figure><\/div><div class=\"col-6 col-sm-4\"><figure><a class=\"thumb-container\" href=\"https:\/\/www.salzburgerland.com\/de\/magazin\/wp-content\/uploads\/2014\/12\/1Zimmer_Pantz2-1280x1024.jpg\">\t<picture><source media=\"(min-width: 576px)\" srcset=\"https:\/\/www.salzburgerland.com\/de\/magazin\/wp-content\/uploads\/2014\/12\/1Zimmer_Pantz2-325x209.jpg 325w, https:\/\/www.salzburgerland.com\/de\/magazin\/wp-content\/uploads\/2014\/12\/1Zimmer_Pantz2-249x160.jpg 249w\"><\/source><source media=\"(min-width: 0)\" srcset=\"https:\/\/www.salzburgerland.com\/de\/magazin\/wp-content\/uploads\/2014\/12\/1Zimmer_Pantz2-249x160.jpg 249w, https:\/\/www.salzburgerland.com\/de\/magazin\/wp-content\/uploads\/2014\/12\/1Zimmer_Pantz2-325x209.jpg 325w\"><\/source><img decoding=\"async\" alt=\"Vier M&auml;nner in wei&szlig;er Sportkleidung, einer mit einem Tennisschl&auml;ger in der Hand, stehen im Freien und l&auml;cheln.\" src=\"https:\/\/www.salzburgerland.com\/de\/magazin\/wp-content\/uploads\/2014\/12\/1Zimmer_Pantz2.jpg\">\t<\/picture><\/a><\/figure><\/div><div class=\"col-6 col-sm-4\"><figure><a class=\"thumb-container\" href=\"https:\/\/www.salzburgerland.com\/de\/magazin\/wp-content\/uploads\/2014\/12\/003-1280x1024.jpg\">\t<picture><source media=\"(min-width: 576px)\" srcset=\"https:\/\/www.salzburgerland.com\/de\/magazin\/wp-content\/uploads\/2014\/12\/003-325x209.jpg 325w, https:\/\/www.salzburgerland.com\/de\/magazin\/wp-content\/uploads\/2014\/12\/003-249x160.jpg 249w\"><\/source><source media=\"(min-width: 0)\" srcset=\"https:\/\/www.salzburgerland.com\/de\/magazin\/wp-content\/uploads\/2014\/12\/003-249x160.jpg 249w, https:\/\/www.salzburgerland.com\/de\/magazin\/wp-content\/uploads\/2014\/12\/003-325x209.jpg 325w\"><\/source><img decoding=\"async\" alt=\"Ein Zimmer mit einem Kamin und einem Geweih an der Wand.\" src=\"https:\/\/www.salzburgerland.com\/de\/magazin\/wp-content\/uploads\/2014\/12\/003.jpg\">\t<\/picture><\/a><\/figure><\/div><div class=\"col-6 col-sm-4\"><figure><a class=\"thumb-container\" href=\"https:\/\/www.salzburgerland.com\/de\/magazin\/wp-content\/uploads\/2014\/12\/0071-1280x1024.jpg\">\t<picture><source media=\"(min-width: 576px)\" srcset=\"https:\/\/www.salzburgerland.com\/de\/magazin\/wp-content\/uploads\/2014\/12\/0071-325x209.jpg 325w, https:\/\/www.salzburgerland.com\/de\/magazin\/wp-content\/uploads\/2014\/12\/0071-249x160.jpg 249w\"><\/source><source media=\"(min-width: 0)\" srcset=\"https:\/\/www.salzburgerland.com\/de\/magazin\/wp-content\/uploads\/2014\/12\/0071-249x160.jpg 249w, https:\/\/www.salzburgerland.com\/de\/magazin\/wp-content\/uploads\/2014\/12\/0071-325x209.jpg 325w\"><\/source><img decoding=\"async\" alt=\"Zwei M&auml;nner sitzen in einem Oldtimer-Cabrio; ein dritter Mann im Anzug steht hinter ihnen im Freien.\" src=\"https:\/\/www.salzburgerland.com\/de\/magazin\/wp-content\/uploads\/2014\/12\/0071.jpg\">\t<\/picture><\/a><\/figure><\/div><div class=\"col-6 col-sm-4\"><figure><a class=\"thumb-container\" href=\"https:\/\/www.salzburgerland.com\/de\/magazin\/wp-content\/uploads\/2014\/12\/Baron-Hubert-von-Pantz-1280x1024.jpg\">\t<picture><source media=\"(min-width: 576px)\" srcset=\"\"><\/source><source media=\"(min-width: 0)\" srcset=\"https:\/\/www.salzburgerland.com\/de\/magazin\/wp-content\/uploads\/2014\/12\/Baron-Hubert-von-Pantz.jpg 629w, https:\/\/www.salzburgerland.com\/de\/magazin\/wp-content\/uploads\/2014\/12\/Baron-Hubert-von-Pantz-236x300.jpg 236w, https:\/\/www.salzburgerland.com\/de\/magazin\/wp-content\/uploads\/2014\/12\/Baron-Hubert-von-Pantz-432x550.jpg 432w, https:\/\/www.salzburgerland.com\/de\/magazin\/wp-content\/uploads\/2014\/12\/Baron-Hubert-von-Pantz-315x400.jpg 315w\"><\/source><img decoding=\"async\" alt=\"Mann beim Skifahren auf einer verschneiten Piste mit B&auml;umen im Hintergrund, tr&auml;gt Winterkleidung und Handschuhe.\" src=\"https:\/\/www.salzburgerland.com\/de\/magazin\/wp-content\/uploads\/2014\/12\/Baron-Hubert-von-Pantz.jpg\">\t<\/picture><\/a><\/figure><\/div><\/div><figcaption><\/figcaption><\/div>\n\n\n\n<h2 class=\"wp-block-heading\">Urlaub im M\u00e4rchenschloss<\/h2>\n\n\n\n<p>Das Schloss Mittersill befindet sich seit dem Jahre 2009 in Pinzgauer Hand und bietet nach aufw\u00e4ndigen Renovierungsarbeiten seinen G\u00e4sten heute h\u00f6chsten Komfort in historischem Ambiente. In den&nbsp;Schlossgem\u00e4chern finden&nbsp;nur die besten Materialen ihren Platz. Wie w\u00e4re es mit einer Nacht in der &#8222;Henry Ford-Suite&#8220; oder der &#8222;Clark Gable-Suite&#8220;? Beim SPA im Schloss, der privaten Sauna oder im Au\u00dfenpool mit Panoramablick f\u00fchlt man sich wahrlich k\u00f6niglich. Regionale K\u00f6stlichkeiten werden im hoteleigenen Restaurant serviert und mit dem Blick auf die umliegende Bergwelt wird ein Besuch im Schloss Mittersill zum unvergesslichen Genuss. &nbsp;<\/p>\n\n\n<div class=\"mag-gallery\"><div class=\"row\"><div class=\"col-6 col-sm-4\"><figure><a class=\"thumb-container\" href=\"https:\/\/www.salzburgerland.com\/de\/magazin\/wp-content\/uploads\/2014\/12\/schlossmittersillstube4-1280x1024.jpg\">\t<picture><source media=\"(min-width: 576px)\" srcset=\"https:\/\/www.salzburgerland.com\/de\/magazin\/wp-content\/uploads\/2014\/12\/schlossmittersillstube4-325x209.jpg 325w, https:\/\/www.salzburgerland.com\/de\/magazin\/wp-content\/uploads\/2014\/12\/schlossmittersillstube4-249x160.jpg 249w\"><\/source><source media=\"(min-width: 0)\" srcset=\"https:\/\/www.salzburgerland.com\/de\/magazin\/wp-content\/uploads\/2014\/12\/schlossmittersillstube4-249x160.jpg 249w, https:\/\/www.salzburgerland.com\/de\/magazin\/wp-content\/uploads\/2014\/12\/schlossmittersillstube4-325x209.jpg 325w\"><\/source><img decoding=\"async\" alt=\"Ein gem&uuml;tliches Schlafzimmer mit einem Holzbett, einem Steinkamin, verzierten M&ouml;beln und einem Gem&auml;lde &uuml;ber einem Schrank.\" src=\"https:\/\/www.salzburgerland.com\/de\/magazin\/wp-content\/uploads\/2014\/12\/schlossmittersillstube4.jpg\">\t<\/picture><\/a><\/figure><\/div><div class=\"col-6 col-sm-4\"><figure><a class=\"thumb-container\" href=\"https:\/\/www.salzburgerland.com\/de\/magazin\/wp-content\/uploads\/2014\/12\/schlossmittersill5-1280x1024.jpg\">\t<picture><source media=\"(min-width: 576px)\" srcset=\"https:\/\/www.salzburgerland.com\/de\/magazin\/wp-content\/uploads\/2014\/12\/schlossmittersill5-325x209.jpg 325w, https:\/\/www.salzburgerland.com\/de\/magazin\/wp-content\/uploads\/2014\/12\/schlossmittersill5-249x160.jpg 249w\"><\/source><source media=\"(min-width: 0)\" srcset=\"https:\/\/www.salzburgerland.com\/de\/magazin\/wp-content\/uploads\/2014\/12\/schlossmittersill5-249x160.jpg 249w, https:\/\/www.salzburgerland.com\/de\/magazin\/wp-content\/uploads\/2014\/12\/schlossmittersill5-325x209.jpg 325w\"><\/source><img decoding=\"async\" alt=\"Gem&uuml;tliches Schlafzimmer im Dachgeschoss mit Holzbalken, gro&szlig;em Bett, Schreibtisch, Sessel und nat&uuml;rlichem Licht durch die Balkont&uuml;ren.\" src=\"https:\/\/www.salzburgerland.com\/de\/magazin\/wp-content\/uploads\/2014\/12\/schlossmittersill5.jpg\">\t<\/picture><\/a><\/figure><\/div><div class=\"col-6 col-sm-4\"><figure><a class=\"thumb-container\" href=\"https:\/\/www.salzburgerland.com\/de\/magazin\/wp-content\/uploads\/2014\/12\/schlossmittersillstube-1280x1024.jpg\">\t<picture><source media=\"(min-width: 576px)\" srcset=\"https:\/\/www.salzburgerland.com\/de\/magazin\/wp-content\/uploads\/2014\/12\/schlossmittersillstube-325x209.jpg 325w, https:\/\/www.salzburgerland.com\/de\/magazin\/wp-content\/uploads\/2014\/12\/schlossmittersillstube-249x160.jpg 249w\"><\/source><source media=\"(min-width: 0)\" srcset=\"https:\/\/www.salzburgerland.com\/de\/magazin\/wp-content\/uploads\/2014\/12\/schlossmittersillstube-249x160.jpg 249w, https:\/\/www.salzburgerland.com\/de\/magazin\/wp-content\/uploads\/2014\/12\/schlossmittersillstube-325x209.jpg 325w\"><\/source><img decoding=\"async\" alt=\"Gem&uuml;tliches Restaurantinterieur mit eleganten Tischen, gepolsterten St&uuml;hlen, einem beleuchteten Kamin und einem gro&szlig;en Fenster mit Vorh&auml;ngen.\" src=\"https:\/\/www.salzburgerland.com\/de\/magazin\/wp-content\/uploads\/2014\/12\/schlossmittersillstube.jpg\">\t<\/picture><\/a><\/figure><\/div><div class=\"col-6 col-sm-4\"><figure><a class=\"thumb-container\" href=\"https:\/\/www.salzburgerland.com\/de\/magazin\/wp-content\/uploads\/2014\/12\/schlossmittersillstube2-1280x1024.jpg\">\t<picture><source media=\"(min-width: 576px)\" srcset=\"https:\/\/www.salzburgerland.com\/de\/magazin\/wp-content\/uploads\/2014\/12\/schlossmittersillstube2-325x209.jpg 325w, https:\/\/www.salzburgerland.com\/de\/magazin\/wp-content\/uploads\/2014\/12\/schlossmittersillstube2-249x160.jpg 249w\"><\/source><source media=\"(min-width: 0)\" srcset=\"https:\/\/www.salzburgerland.com\/de\/magazin\/wp-content\/uploads\/2014\/12\/schlossmittersillstube2-249x160.jpg 249w, https:\/\/www.salzburgerland.com\/de\/magazin\/wp-content\/uploads\/2014\/12\/schlossmittersillstube2-325x209.jpg 325w\"><\/source><img decoding=\"async\" alt=\"Elegantes Esszimmer mit Rundbogenfenstern, wei&szlig;er Tischw&auml;sche und einem dekorativen antiken Ofen an der Wand.\" src=\"https:\/\/www.salzburgerland.com\/de\/magazin\/wp-content\/uploads\/2014\/12\/schlossmittersillstube2.jpg\">\t<\/picture><\/a><\/figure><\/div><div class=\"col-6 col-sm-4\"><figure><a class=\"thumb-container\" href=\"https:\/\/www.salzburgerland.com\/de\/magazin\/wp-content\/uploads\/2014\/12\/schlossmittersillstube3-1280x1024.jpg\">\t<picture><source media=\"(min-width: 576px)\" srcset=\"https:\/\/www.salzburgerland.com\/de\/magazin\/wp-content\/uploads\/2014\/12\/schlossmittersillstube3-325x209.jpg 325w, https:\/\/www.salzburgerland.com\/de\/magazin\/wp-content\/uploads\/2014\/12\/schlossmittersillstube3-249x160.jpg 249w\"><\/source><source media=\"(min-width: 0)\" srcset=\"https:\/\/www.salzburgerland.com\/de\/magazin\/wp-content\/uploads\/2014\/12\/schlossmittersillstube3-249x160.jpg 249w, https:\/\/www.salzburgerland.com\/de\/magazin\/wp-content\/uploads\/2014\/12\/schlossmittersillstube3-325x209.jpg 325w\"><\/source><img decoding=\"async\" alt=\"Moderne Lounge mit gro&szlig;en Fenstern, Liegest&uuml;hlen und Blick auf die Berge; warme, gem&uuml;tliche und einladende Atmosph&auml;re.\" src=\"https:\/\/www.salzburgerland.com\/de\/magazin\/wp-content\/uploads\/2014\/12\/schlossmittersillstube3.jpg\">\t<\/picture><\/a><\/figure><\/div><div class=\"col-6 col-sm-4\"><figure><a class=\"thumb-container\" href=\"https:\/\/www.salzburgerland.com\/de\/magazin\/wp-content\/uploads\/2014\/12\/mittersillschloss-1280x1024.jpg\">\t<picture><source media=\"(min-width: 576px)\" srcset=\"https:\/\/www.salzburgerland.com\/de\/magazin\/wp-content\/uploads\/2014\/12\/mittersillschloss-325x209.jpg 325w, https:\/\/www.salzburgerland.com\/de\/magazin\/wp-content\/uploads\/2014\/12\/mittersillschloss-249x160.jpg 249w\"><\/source><source media=\"(min-width: 0)\" srcset=\"https:\/\/www.salzburgerland.com\/de\/magazin\/wp-content\/uploads\/2014\/12\/mittersillschloss-249x160.jpg 249w, https:\/\/www.salzburgerland.com\/de\/magazin\/wp-content\/uploads\/2014\/12\/mittersillschloss-325x209.jpg 325w\"><\/source><img decoding=\"async\" alt=\"Dekorative Deckenbalken aus Holz mit gemalten Portr&auml;ts und geschnitzten Details an den R&auml;ndern.\" src=\"https:\/\/www.salzburgerland.com\/de\/magazin\/wp-content\/uploads\/2014\/12\/mittersillschloss.jpg\">\t<\/picture><\/a><\/figure><\/div><\/div><figcaption><\/figcaption><\/div>\n\n\n\n<p>Fotos \u00a9 &nbsp;Schloss Mittersill<\/p>\n\n\n\n<p>Schloss Mittersill Hotel GmbH &amp; CoKG<br>Thalbach 1, A-5730 Mittersill<br>Tel: +43 6562 20200<br>Web: <a href=\"http:\/\/www.schloss-mittersill.at\" target=\"_blank\" rel=\"noopener\">www.schloss-mittersill.at<\/a><br>E-mail: <a href=\"mailto:office@schloss-mittersill.at\" target=\"_blank\" rel=\"noopener\">office@schloss-mittersill.at<\/a><\/p>\n","protected":false},"excerpt":{"rendered":"<p>Aus diesem Grund lud im\u00a0Dezember 2014 kein geringerer als Stardesigner Karl Lagerfeld zur Er\u00f6ffnung der Chanel-Kollektion. Im ehrw\u00fcrdigen Schloss Leopoldskron wurden die einzigartigen Kleider von internationale Models in den Prunkr\u00e4umen vorgef\u00fchrt, w\u00e4hrend die geladenen G\u00e4ste auf historischen Ottomanen residierten. Lange wurde \u00fcber die neue Kollektion ger\u00e4tselt: Welche Materialen spielen die Hauptrolle? Welche Schnitte sind in [&hellip;]<\/p>\n","protected":false},"author":546,"featured_media":93674,"comment_status":"closed","ping_status":"closed","sticky":false,"template":"","format":"standard","meta":{"_acf_changed":false,"wl_entities_gutenberg":"","_wl_entity_redirect_enabled":"","footnotes":""},"categories":[5],"tags":[240],"wl_entity_type":[306],"monatsauswahl":[82,83,84,85,86,87,88,89,90,91,92,93],"class_list":["post-93569","post","type-post","status-publish","format-standard","has-post-thumbnail","hentry","category-hotel-reise","tag-nationalpark","wl_entity_type-article","monatsauswahl-monat_1","monatsauswahl-monat_2","monatsauswahl-monat_3","monatsauswahl-monat_4","monatsauswahl-monat_5","monatsauswahl-monat_6","monatsauswahl-monat_7","monatsauswahl-monat_8","monatsauswahl-monat_9","monatsauswahl-monat_10","monatsauswahl-monat_11","monatsauswahl-monat_12"],"acf":[],"yoast_head":"<!-- This site is optimized with the Yoast SEO Premium plugin v27.4 (Yoast SEO v27.4) - https:\/\/yoast.com\/product\/yoast-seo-premium-wordpress\/ -->\n<title>Schloss Mittersill - SalzburgerLand Magazin<\/title>\n<meta name=\"description\" content=\"Die begehrten Kollektionser\u00f6ffnungen finden beim luxuri\u00f6sen Designerlabel\u00a0Chanel traditionellerweise an Orten statt, die f\u00fcr Gr\u00fcnderin Gabrielle &quot;Coco&quot; Chanel eine besondere Bedeutung haben. Salzburg z\u00e4hlt neben Bombay, Edinburgh und Dallas zu diesem elit\u00e4ren Kreis. Die Bergwelt, die Gastfreundschaft und der Charme, die Natur und das gesellschaftliche Leben hatten es ihr besonders angetan.\" \/>\n<meta name=\"robots\" content=\"index, follow, max-snippet:-1, max-image-preview:large, max-video-preview:-1\" \/>\n<link rel=\"canonical\" href=\"https:\/\/www.salzburgerland.com\/de\/magazin\/schloss-mittersill-die-heimat-der-chanel-jacke\/\" \/>\n<meta property=\"og:locale\" content=\"de_DE\" \/>\n<meta property=\"og:type\" content=\"article\" \/>\n<meta property=\"og:title\" content=\"Schloss Mittersill\" \/>\n<meta property=\"og:description\" content=\"Aus diesem Grund lud im\u00a0Dezember 2014 kein geringerer als Stardesigner Karl Lagerfeld zur Er\u00f6ffnung der Chanel-Kollektion. Im ehrw\u00fcrdigen Schloss Leopoldskron wurden die einzigartigen Kleider von internationale Models in den Prunkr\u00e4umen vorgef\u00fchrt, w\u00e4hrend die geladenen G\u00e4ste auf historischen Ottomanen residierten. Lange wurde \u00fcber die neue Kollektion ger\u00e4tselt: Welche Materialen spielen die Hauptrolle? Welche Schnitte sind in [&hellip;]\" \/>\n<meta property=\"og:url\" content=\"https:\/\/www.salzburgerland.com\/de\/magazin\/schloss-mittersill-die-heimat-der-chanel-jacke\/\" \/>\n<meta property=\"og:site_name\" content=\"SalzburgerLand Magazin\" \/>\n<meta property=\"article:publisher\" content=\"https:\/\/www.facebook.com\/salzburgerland\/\" \/>\n<meta property=\"article:published_time\" content=\"2014-12-05T14:42:16+00:00\" \/>\n<meta property=\"article:modified_time\" content=\"2022-01-19T09:11:52+00:00\" \/>\n<meta property=\"og:image\" content=\"https:\/\/www.salzburgerland.com\/de\/magazin\/wp-content\/uploads\/2014\/12\/Aussenansicht-2.jpg\" \/>\n\t<meta property=\"og:image:width\" content=\"1600\" \/>\n\t<meta property=\"og:image:height\" content=\"899\" \/>\n\t<meta property=\"og:image:type\" content=\"image\/jpeg\" \/>\n<meta name=\"author\" content=\"Christoph Fazekas\" \/>\n<meta name=\"twitter:card\" content=\"summary_large_image\" \/>\n<meta name=\"twitter:creator\" content=\"@Salzburgerland\" \/>\n<meta name=\"twitter:site\" content=\"@Salzburgerland\" \/>\n<meta name=\"twitter:label1\" content=\"Verfasst von\" \/>\n\t<meta name=\"twitter:data1\" content=\"Christoph Fazekas\" \/>\n\t<meta name=\"twitter:label2\" content=\"Gesch\u00e4tzte Lesezeit\" \/>\n\t<meta name=\"twitter:data2\" content=\"9\u00a0Minuten\" \/>\n<script type=\"application\/ld+json\" class=\"yoast-schema-graph\">{\"@context\":\"https:\\\/\\\/schema.org\",\"@graph\":[{\"@type\":\"Article\",\"@id\":\"https:\\\/\\\/www.salzburgerland.com\\\/de\\\/magazin\\\/schloss-mittersill-die-heimat-der-chanel-jacke\\\/#article\",\"isPartOf\":{\"@id\":\"https:\\\/\\\/www.salzburgerland.com\\\/de\\\/magazin\\\/schloss-mittersill-die-heimat-der-chanel-jacke\\\/\"},\"author\":{\"name\":\"Christoph Fazekas\",\"@id\":\"https:\\\/\\\/www.salzburgerland.com\\\/de\\\/magazin\\\/#\\\/schema\\\/person\\\/57f31a0d6b66d3ec06e2b5f5c473ee82\"},\"headline\":\"Schloss Mittersill\",\"datePublished\":\"2014-12-05T14:42:16+00:00\",\"dateModified\":\"2022-01-19T09:11:52+00:00\",\"mainEntityOfPage\":{\"@id\":\"https:\\\/\\\/www.salzburgerland.com\\\/de\\\/magazin\\\/schloss-mittersill-die-heimat-der-chanel-jacke\\\/\"},\"wordCount\":721,\"publisher\":{\"@id\":\"https:\\\/\\\/www.salzburgerland.com\\\/de\\\/magazin\\\/#organization\"},\"image\":{\"@id\":\"https:\\\/\\\/www.salzburgerland.com\\\/de\\\/magazin\\\/schloss-mittersill-die-heimat-der-chanel-jacke\\\/#primaryimage\"},\"thumbnailUrl\":\"https:\\\/\\\/www.salzburgerland.com\\\/de\\\/magazin\\\/wp-content\\\/uploads\\\/2014\\\/12\\\/Aussenansicht-2.jpg\",\"keywords\":[\"nationalpark\"],\"articleSection\":[\"Hotel &amp; Reise\"],\"inLanguage\":\"de\"},{\"@type\":\"WebPage\",\"@id\":\"https:\\\/\\\/www.salzburgerland.com\\\/de\\\/magazin\\\/schloss-mittersill-die-heimat-der-chanel-jacke\\\/\",\"url\":\"https:\\\/\\\/www.salzburgerland.com\\\/de\\\/magazin\\\/schloss-mittersill-die-heimat-der-chanel-jacke\\\/\",\"name\":\"Schloss Mittersill - SalzburgerLand Magazin\",\"isPartOf\":{\"@id\":\"https:\\\/\\\/www.salzburgerland.com\\\/de\\\/magazin\\\/#website\"},\"primaryImageOfPage\":{\"@id\":\"https:\\\/\\\/www.salzburgerland.com\\\/de\\\/magazin\\\/schloss-mittersill-die-heimat-der-chanel-jacke\\\/#primaryimage\"},\"image\":{\"@id\":\"https:\\\/\\\/www.salzburgerland.com\\\/de\\\/magazin\\\/schloss-mittersill-die-heimat-der-chanel-jacke\\\/#primaryimage\"},\"thumbnailUrl\":\"https:\\\/\\\/www.salzburgerland.com\\\/de\\\/magazin\\\/wp-content\\\/uploads\\\/2014\\\/12\\\/Aussenansicht-2.jpg\",\"datePublished\":\"2014-12-05T14:42:16+00:00\",\"dateModified\":\"2022-01-19T09:11:52+00:00\",\"breadcrumb\":{\"@id\":\"https:\\\/\\\/www.salzburgerland.com\\\/de\\\/magazin\\\/schloss-mittersill-die-heimat-der-chanel-jacke\\\/#breadcrumb\"},\"inLanguage\":\"de\",\"potentialAction\":[{\"@type\":\"ReadAction\",\"target\":[\"https:\\\/\\\/www.salzburgerland.com\\\/de\\\/magazin\\\/schloss-mittersill-die-heimat-der-chanel-jacke\\\/\"]}]},{\"@type\":\"ImageObject\",\"inLanguage\":\"de\",\"@id\":\"https:\\\/\\\/www.salzburgerland.com\\\/de\\\/magazin\\\/schloss-mittersill-die-heimat-der-chanel-jacke\\\/#primaryimage\",\"url\":\"https:\\\/\\\/www.salzburgerland.com\\\/de\\\/magazin\\\/wp-content\\\/uploads\\\/2014\\\/12\\\/Aussenansicht-2.jpg\",\"contentUrl\":\"https:\\\/\\\/www.salzburgerland.com\\\/de\\\/magazin\\\/wp-content\\\/uploads\\\/2014\\\/12\\\/Aussenansicht-2.jpg\",\"width\":1600,\"height\":899,\"caption\":\"Schneebedecktes Schloss auf einem H\u00fcgel mit Bergen und B\u00e4umen im Hintergrund unter einem klaren blauen Himmel.\"},{\"@type\":\"BreadcrumbList\",\"@id\":\"https:\\\/\\\/www.salzburgerland.com\\\/de\\\/magazin\\\/schloss-mittersill-die-heimat-der-chanel-jacke\\\/#breadcrumb\",\"itemListElement\":[{\"@type\":\"ListItem\",\"position\":1,\"name\":\"Startseite\",\"item\":\"https:\\\/\\\/www.salzburgerland.com\\\/de\\\/magazin\\\/\"},{\"@type\":\"ListItem\",\"position\":2,\"name\":\"Hotel &amp; Reise\",\"item\":\"https:\\\/\\\/www.salzburgerland.com\\\/de\\\/magazin\\\/thema\\\/hotel-reise\\\/\"},{\"@type\":\"ListItem\",\"position\":3,\"name\":\"Schloss Mittersill\"}]},{\"@type\":\"WebSite\",\"@id\":\"https:\\\/\\\/www.salzburgerland.com\\\/de\\\/magazin\\\/#website\",\"url\":\"https:\\\/\\\/www.salzburgerland.com\\\/de\\\/magazin\\\/\",\"name\":\"SalzburgerLand Magazin\",\"description\":\"Geschichten und Interessantes aus dem SalzburgerLand\",\"publisher\":{\"@id\":\"https:\\\/\\\/www.salzburgerland.com\\\/de\\\/magazin\\\/#organization\"},\"potentialAction\":[{\"@type\":\"SearchAction\",\"target\":{\"@type\":\"EntryPoint\",\"urlTemplate\":\"https:\\\/\\\/www.salzburgerland.com\\\/de\\\/magazin\\\/?s={search_term_string}\"},\"query-input\":{\"@type\":\"PropertyValueSpecification\",\"valueRequired\":true,\"valueName\":\"search_term_string\"}}],\"inLanguage\":\"de\"},{\"@type\":\"Organization\",\"@id\":\"https:\\\/\\\/www.salzburgerland.com\\\/de\\\/magazin\\\/#organization\",\"name\":\"SalzburgerLand Tourismus\",\"url\":\"https:\\\/\\\/www.salzburgerland.com\\\/de\\\/magazin\\\/\",\"logo\":{\"@type\":\"ImageObject\",\"inLanguage\":\"de\",\"@id\":\"https:\\\/\\\/www.salzburgerland.com\\\/de\\\/magazin\\\/#\\\/schema\\\/logo\\\/image\\\/\",\"url\":\"https:\\\/\\\/www.salzburgerland.com\\\/de\\\/magazin\\\/wp-content\\\/uploads\\\/2019\\\/06\\\/salzburgerland-logo1.jpg\",\"contentUrl\":\"https:\\\/\\\/www.salzburgerland.com\\\/de\\\/magazin\\\/wp-content\\\/uploads\\\/2019\\\/06\\\/salzburgerland-logo1.jpg\",\"width\":2011,\"height\":866,\"caption\":\"SalzburgerLand Tourismus\"},\"image\":{\"@id\":\"https:\\\/\\\/www.salzburgerland.com\\\/de\\\/magazin\\\/#\\\/schema\\\/logo\\\/image\\\/\"},\"sameAs\":[\"https:\\\/\\\/www.facebook.com\\\/salzburgerland\\\/\",\"https:\\\/\\\/x.com\\\/Salzburgerland\",\"https:\\\/\\\/www.instagram.com\\\/salzburgerland\\\/\",\"https:\\\/\\\/at.linkedin.com\\\/company\\\/salzburgerland-tourismus-gmbh\",\"https:\\\/\\\/www.pinterest.at\\\/salzburgerland\\\/\",\"https:\\\/\\\/www.youtube.com\\\/user\\\/salzburgerland\",\"https:\\\/\\\/de.wikipedia.org\\\/wiki\\\/SalzburgerLand_Tourismus_GmbH\"]},{\"@type\":\"Person\",\"@id\":\"https:\\\/\\\/www.salzburgerland.com\\\/de\\\/magazin\\\/#\\\/schema\\\/person\\\/57f31a0d6b66d3ec06e2b5f5c473ee82\",\"name\":\"Christoph Fazekas\",\"description\":\"Besonders f\u00fcr K\u00f6nig Fu\u00dfball bin ich weit gereist, auch um immer wieder festzustellen, dass es daheim im Salzburger Land am sch\u00f6nsten ist. Als gelernter Sportartikelverk\u00e4ufer war ich auch beruflich seit jeher nah dran am gro\u00dfartigen Freizeitangebot, das sich in unserer Region bietet. Inzwischen habe ich mit dem Studium der Kommunikationswissenschaft in Salzburg einen neuen Weg eingeschlagen, der zu mir passt. Unsere sch\u00f6ne Heimat f\u00fcr das \\\"SalzburgerLand Magazin\\\" in Szene zu setzen ist eine der reizvollsten Aufgaben, die sich daraus in der Praxis ergeben. Dein pers\u00f6nlicher Logenplatz im SalzburgerLand? Zell am See. Wundersch\u00f6ner See eingebettet in malerisches Panorama mit Blick aufs Kitzsteinhorn, weltgewandtes Kleinstadt-Ambiente und last bot not least: Geburtsstadt meiner Tochter. Dosiger oder Zuagroast? Dosiger. Fr\u00fchling, Sommer, Herbst oder Winter? Fr\u00fchling und Herbst. Die Monate angenehmer, mittlerer Temperaturen sind auch reich an echten Geheimtipps. Mozart oder Hubert von Goisern? Mozart. Rindsroulade vom Pinzgauer Biorind oder Saibling fangfrisch aus dem Fuschlsee? Ersteres, ein kulinarischer Lokalpatriot eben ;-) Luxushotel oder Almh\u00fctte? Den Luxus einer Almh\u00fctte zu erkennen, darum geht's doch ;-)\",\"sameAs\":[\"https:\\\/\\\/www.christext.com\"],\"url\":\"https:\\\/\\\/www.salzburgerland.com\\\/de\\\/magazin\\\/author\\\/christoph-dum\\\/\"}]}<\/script>\n<meta property=\"og:video\" content=\"https:\/\/www.youtube.com\/embed\/wO4-TV6Zckc\" \/>\n<meta property=\"og:video:type\" content=\"text\/html\" \/>\n<meta property=\"og:video:duration\" content=\"467\" \/>\n<meta property=\"og:video:width\" content=\"480\" \/>\n<meta property=\"og:video:height\" content=\"270\" \/>\n<meta property=\"ya:ovs:adult\" content=\"false\" \/>\n<meta property=\"ya:ovs:upload_date\" content=\"2014-12-05T14:42:16+00:00\" \/>\n<meta property=\"ya:ovs:allow_embed\" content=\"true\" \/>\n<!-- \/ Yoast SEO Premium plugin. -->","yoast_head_json":{"title":"Schloss Mittersill - SalzburgerLand Magazin","description":"Die begehrten Kollektionser\u00f6ffnungen finden beim luxuri\u00f6sen Designerlabel\u00a0Chanel traditionellerweise an Orten statt, die f\u00fcr Gr\u00fcnderin Gabrielle \"Coco\" Chanel eine besondere Bedeutung haben. Salzburg z\u00e4hlt neben Bombay, Edinburgh und Dallas zu diesem elit\u00e4ren Kreis. Die Bergwelt, die Gastfreundschaft und der Charme, die Natur und das gesellschaftliche Leben hatten es ihr besonders angetan.","robots":{"index":"index","follow":"follow","max-snippet":"max-snippet:-1","max-image-preview":"max-image-preview:large","max-video-preview":"max-video-preview:-1"},"canonical":"https:\/\/www.salzburgerland.com\/de\/magazin\/schloss-mittersill-die-heimat-der-chanel-jacke\/","og_locale":"de_DE","og_type":"article","og_title":"Schloss Mittersill","og_description":"Aus diesem Grund lud im\u00a0Dezember 2014 kein geringerer als Stardesigner Karl Lagerfeld zur Er\u00f6ffnung der Chanel-Kollektion. Im ehrw\u00fcrdigen Schloss Leopoldskron wurden die einzigartigen Kleider von internationale Models in den Prunkr\u00e4umen vorgef\u00fchrt, w\u00e4hrend die geladenen G\u00e4ste auf historischen Ottomanen residierten. Lange wurde \u00fcber die neue Kollektion ger\u00e4tselt: Welche Materialen spielen die Hauptrolle? Welche Schnitte sind in [&hellip;]","og_url":"https:\/\/www.salzburgerland.com\/de\/magazin\/schloss-mittersill-die-heimat-der-chanel-jacke\/","og_site_name":"SalzburgerLand Magazin","article_publisher":"https:\/\/www.facebook.com\/salzburgerland\/","article_published_time":"2014-12-05T14:42:16+00:00","article_modified_time":"2022-01-19T09:11:52+00:00","og_image":[{"width":1600,"height":899,"url":"https:\/\/www.salzburgerland.com\/de\/magazin\/wp-content\/uploads\/2014\/12\/Aussenansicht-2.jpg","type":"image\/jpeg"}],"author":"Christoph Fazekas","twitter_card":"summary_large_image","twitter_creator":"@Salzburgerland","twitter_site":"@Salzburgerland","twitter_misc":{"Verfasst von":"Christoph Fazekas","Gesch\u00e4tzte Lesezeit":"9\u00a0Minuten"},"schema":{"@context":"https:\/\/schema.org","@graph":[{"@type":"Article","@id":"https:\/\/www.salzburgerland.com\/de\/magazin\/schloss-mittersill-die-heimat-der-chanel-jacke\/#article","isPartOf":{"@id":"https:\/\/www.salzburgerland.com\/de\/magazin\/schloss-mittersill-die-heimat-der-chanel-jacke\/"},"author":{"name":"Christoph Fazekas","@id":"https:\/\/www.salzburgerland.com\/de\/magazin\/#\/schema\/person\/57f31a0d6b66d3ec06e2b5f5c473ee82"},"headline":"Schloss Mittersill","datePublished":"2014-12-05T14:42:16+00:00","dateModified":"2022-01-19T09:11:52+00:00","mainEntityOfPage":{"@id":"https:\/\/www.salzburgerland.com\/de\/magazin\/schloss-mittersill-die-heimat-der-chanel-jacke\/"},"wordCount":721,"publisher":{"@id":"https:\/\/www.salzburgerland.com\/de\/magazin\/#organization"},"image":{"@id":"https:\/\/www.salzburgerland.com\/de\/magazin\/schloss-mittersill-die-heimat-der-chanel-jacke\/#primaryimage"},"thumbnailUrl":"https:\/\/www.salzburgerland.com\/de\/magazin\/wp-content\/uploads\/2014\/12\/Aussenansicht-2.jpg","keywords":["nationalpark"],"articleSection":["Hotel &amp; Reise"],"inLanguage":"de"},{"@type":"WebPage","@id":"https:\/\/www.salzburgerland.com\/de\/magazin\/schloss-mittersill-die-heimat-der-chanel-jacke\/","url":"https:\/\/www.salzburgerland.com\/de\/magazin\/schloss-mittersill-die-heimat-der-chanel-jacke\/","name":"Schloss Mittersill - SalzburgerLand Magazin","isPartOf":{"@id":"https:\/\/www.salzburgerland.com\/de\/magazin\/#website"},"primaryImageOfPage":{"@id":"https:\/\/www.salzburgerland.com\/de\/magazin\/schloss-mittersill-die-heimat-der-chanel-jacke\/#primaryimage"},"image":{"@id":"https:\/\/www.salzburgerland.com\/de\/magazin\/schloss-mittersill-die-heimat-der-chanel-jacke\/#primaryimage"},"thumbnailUrl":"https:\/\/www.salzburgerland.com\/de\/magazin\/wp-content\/uploads\/2014\/12\/Aussenansicht-2.jpg","datePublished":"2014-12-05T14:42:16+00:00","dateModified":"2022-01-19T09:11:52+00:00","breadcrumb":{"@id":"https:\/\/www.salzburgerland.com\/de\/magazin\/schloss-mittersill-die-heimat-der-chanel-jacke\/#breadcrumb"},"inLanguage":"de","potentialAction":[{"@type":"ReadAction","target":["https:\/\/www.salzburgerland.com\/de\/magazin\/schloss-mittersill-die-heimat-der-chanel-jacke\/"]}]},{"@type":"ImageObject","inLanguage":"de","@id":"https:\/\/www.salzburgerland.com\/de\/magazin\/schloss-mittersill-die-heimat-der-chanel-jacke\/#primaryimage","url":"https:\/\/www.salzburgerland.com\/de\/magazin\/wp-content\/uploads\/2014\/12\/Aussenansicht-2.jpg","contentUrl":"https:\/\/www.salzburgerland.com\/de\/magazin\/wp-content\/uploads\/2014\/12\/Aussenansicht-2.jpg","width":1600,"height":899,"caption":"Schneebedecktes Schloss auf einem H\u00fcgel mit Bergen und B\u00e4umen im Hintergrund unter einem klaren blauen Himmel."},{"@type":"BreadcrumbList","@id":"https:\/\/www.salzburgerland.com\/de\/magazin\/schloss-mittersill-die-heimat-der-chanel-jacke\/#breadcrumb","itemListElement":[{"@type":"ListItem","position":1,"name":"Startseite","item":"https:\/\/www.salzburgerland.com\/de\/magazin\/"},{"@type":"ListItem","position":2,"name":"Hotel &amp; Reise","item":"https:\/\/www.salzburgerland.com\/de\/magazin\/thema\/hotel-reise\/"},{"@type":"ListItem","position":3,"name":"Schloss Mittersill"}]},{"@type":"WebSite","@id":"https:\/\/www.salzburgerland.com\/de\/magazin\/#website","url":"https:\/\/www.salzburgerland.com\/de\/magazin\/","name":"SalzburgerLand Magazin","description":"Geschichten und Interessantes aus dem SalzburgerLand","publisher":{"@id":"https:\/\/www.salzburgerland.com\/de\/magazin\/#organization"},"potentialAction":[{"@type":"SearchAction","target":{"@type":"EntryPoint","urlTemplate":"https:\/\/www.salzburgerland.com\/de\/magazin\/?s={search_term_string}"},"query-input":{"@type":"PropertyValueSpecification","valueRequired":true,"valueName":"search_term_string"}}],"inLanguage":"de"},{"@type":"Organization","@id":"https:\/\/www.salzburgerland.com\/de\/magazin\/#organization","name":"SalzburgerLand Tourismus","url":"https:\/\/www.salzburgerland.com\/de\/magazin\/","logo":{"@type":"ImageObject","inLanguage":"de","@id":"https:\/\/www.salzburgerland.com\/de\/magazin\/#\/schema\/logo\/image\/","url":"https:\/\/www.salzburgerland.com\/de\/magazin\/wp-content\/uploads\/2019\/06\/salzburgerland-logo1.jpg","contentUrl":"https:\/\/www.salzburgerland.com\/de\/magazin\/wp-content\/uploads\/2019\/06\/salzburgerland-logo1.jpg","width":2011,"height":866,"caption":"SalzburgerLand Tourismus"},"image":{"@id":"https:\/\/www.salzburgerland.com\/de\/magazin\/#\/schema\/logo\/image\/"},"sameAs":["https:\/\/www.facebook.com\/salzburgerland\/","https:\/\/x.com\/Salzburgerland","https:\/\/www.instagram.com\/salzburgerland\/","https:\/\/at.linkedin.com\/company\/salzburgerland-tourismus-gmbh","https:\/\/www.pinterest.at\/salzburgerland\/","https:\/\/www.youtube.com\/user\/salzburgerland","https:\/\/de.wikipedia.org\/wiki\/SalzburgerLand_Tourismus_GmbH"]},{"@type":"Person","@id":"https:\/\/www.salzburgerland.com\/de\/magazin\/#\/schema\/person\/57f31a0d6b66d3ec06e2b5f5c473ee82","name":"Christoph Fazekas","description":"Besonders f\u00fcr K\u00f6nig Fu\u00dfball bin ich weit gereist, auch um immer wieder festzustellen, dass es daheim im Salzburger Land am sch\u00f6nsten ist. Als gelernter Sportartikelverk\u00e4ufer war ich auch beruflich seit jeher nah dran am gro\u00dfartigen Freizeitangebot, das sich in unserer Region bietet. Inzwischen habe ich mit dem Studium der Kommunikationswissenschaft in Salzburg einen neuen Weg eingeschlagen, der zu mir passt. Unsere sch\u00f6ne Heimat f\u00fcr das \"SalzburgerLand Magazin\" in Szene zu setzen ist eine der reizvollsten Aufgaben, die sich daraus in der Praxis ergeben. Dein pers\u00f6nlicher Logenplatz im SalzburgerLand? Zell am See. Wundersch\u00f6ner See eingebettet in malerisches Panorama mit Blick aufs Kitzsteinhorn, weltgewandtes Kleinstadt-Ambiente und last bot not least: Geburtsstadt meiner Tochter. Dosiger oder Zuagroast? Dosiger. Fr\u00fchling, Sommer, Herbst oder Winter? Fr\u00fchling und Herbst. Die Monate angenehmer, mittlerer Temperaturen sind auch reich an echten Geheimtipps. Mozart oder Hubert von Goisern? Mozart. Rindsroulade vom Pinzgauer Biorind oder Saibling fangfrisch aus dem Fuschlsee? Ersteres, ein kulinarischer Lokalpatriot eben ;-) Luxushotel oder Almh\u00fctte? Den Luxus einer Almh\u00fctte zu erkennen, darum geht's doch ;-)","sameAs":["https:\/\/www.christext.com"],"url":"https:\/\/www.salzburgerland.com\/de\/magazin\/author\/christoph-dum\/"}]},"og_video":"https:\/\/www.youtube.com\/embed\/wO4-TV6Zckc","og_video_type":"text\/html","og_video_duration":"467","og_video_width":"480","og_video_height":"270","ya_ovs_adult":"false","ya_ovs_upload_date":"2014-12-05T14:42:16+00:00","ya_ovs_allow_embed":"true"},"_wl_alt_label":[],"wl:entity_url":"http:\/\/open.salzburgerland.com\/magazin\/post\/schloss_mittersill__die_heimat_der_chanel_jacke","_links":{"self":[{"href":"https:\/\/www.salzburgerland.com\/de\/magazin\/wp-json\/wp\/v2\/posts\/93569","targetHints":{"allow":["GET"]}}],"collection":[{"href":"https:\/\/www.salzburgerland.com\/de\/magazin\/wp-json\/wp\/v2\/posts"}],"about":[{"href":"https:\/\/www.salzburgerland.com\/de\/magazin\/wp-json\/wp\/v2\/types\/post"}],"author":[{"embeddable":true,"href":"https:\/\/www.salzburgerland.com\/de\/magazin\/wp-json\/wp\/v2\/users\/546"}],"replies":[{"embeddable":true,"href":"https:\/\/www.salzburgerland.com\/de\/magazin\/wp-json\/wp\/v2\/comments?post=93569"}],"version-history":[{"count":2,"href":"https:\/\/www.salzburgerland.com\/de\/magazin\/wp-json\/wp\/v2\/posts\/93569\/revisions"}],"predecessor-version":[{"id":159901,"href":"https:\/\/www.salzburgerland.com\/de\/magazin\/wp-json\/wp\/v2\/posts\/93569\/revisions\/159901"}],"wp:featuredmedia":[{"embeddable":true,"href":"https:\/\/www.salzburgerland.com\/de\/magazin\/wp-json\/wp\/v2\/media\/93674"}],"wp:attachment":[{"href":"https:\/\/www.salzburgerland.com\/de\/magazin\/wp-json\/wp\/v2\/media?parent=93569"}],"wp:term":[{"taxonomy":"category","embeddable":true,"href":"https:\/\/www.salzburgerland.com\/de\/magazin\/wp-json\/wp\/v2\/categories?post=93569"},{"taxonomy":"post_tag","embeddable":true,"href":"https:\/\/www.salzburgerland.com\/de\/magazin\/wp-json\/wp\/v2\/tags?post=93569"},{"taxonomy":"wl_entity_type","embeddable":true,"href":"https:\/\/www.salzburgerland.com\/de\/magazin\/wp-json\/wp\/v2\/wl_entity_type?post=93569"},{"taxonomy":"monatsauswahl","embeddable":true,"href":"https:\/\/www.salzburgerland.com\/de\/magazin\/wp-json\/wp\/v2\/monatsauswahl?post=93569"}],"curies":[{"name":"wp","href":"https:\/\/api.w.org\/{rel}","templated":true}]}}