{"id":93507,"date":"2014-12-03T10:21:25","date_gmt":"2014-12-03T09:21:25","guid":{"rendered":"http:\/\/magazin.salzburgerland.com\/?p=93507"},"modified":"2025-03-04T07:12:28","modified_gmt":"2025-03-04T06:12:28","slug":"karl-lagerfeld-in-salzburg","status":"publish","type":"post","link":"https:\/\/www.salzburgerland.com\/de\/magazin\/karl-lagerfeld-in-salzburg\/","title":{"rendered":"Karl Lagerfeld in Salzburg"},"content":{"rendered":"\n<p class=\"wp-block-slt-intro\">Modezar Karl Lagerfeld hat die neue Kollektion &#8222;Metiers d&#8217;Art&#8220; von Chanel im <a href=\"https:\/\/www.schloss-leopoldskron.com\/\" target=\"_blank\" rel=\"noreferrer noopener\">Schloss Leopoldskron<\/a> in der Stadt Salzburg am 2. Dezember 2014 pr\u00e4sentiert. Er zelebrierte in der fulminanten Modenschau eine Mischung der \u00f6sterreichischen Tracht und des verspielten Rokoko-Stils.\u00a0<\/p>\n\n\n\n<p>In der rund 30-min\u00fctigen Show&nbsp;wandelten&nbsp;die Models vor rund 500 G\u00e4sten durch die majest\u00e4tischen R\u00e4umlichkeiten des Rokoko-Schlosses. Mit dabei: Cara Delevingne, Kendall Jenner und Dressman Brad Kroenig. Auch ein sehr junger Herr war Gast der Show: Kroenigs Sohn, der sechsj\u00e4hrige Hudson, der zugleich das Patenkind &nbsp;von Karl Lagerfeld, Eleonore Toulin, Kremi Otashliyska, Audrey Marnay, Brogan Loftus und Jake Davies ist.<\/p>\n\n\n\n<p>Zur Show hatte Lagerfeld noch wenige Tage zuvor seinen neuesten Film &#8222;Reincarnation&#8220; pr\u00e4sentiert, in dem er Coco Chanel und niemanden geringeren als Kaiser Franz und seine Sissi wieder aufleben lie\u00df. Supermodel Cara Delevingne mimte dabei den weiblichen Part \u2013 eingekleidet im neuen Ausseer Dirndl vom edlen Salzburger Trachtenhersteller <a href=\"http:\/\/www.goessl.com\/eingangseite.html\" target=\"_blank\" rel=\"noopener\">G\u00f6ssl<\/a>.<\/p>\n\n\n\n<h2 class=\"wp-block-heading\" id=\"h-ruschen-trachten-loden-hute\">R\u00fcschen, Trachten, Loden-H\u00fcte<\/h2>\n\n\n\n<p>Statt moderner Kleidchen trugen die Lagerfeld-Models die Kollektion des Modesch\u00f6pfers, die die Tracht des Alpenraums wieder neu erstrahlen l\u00e4sst: Unter den kostbar inszenierten Kleidungsst\u00fccken fanden sich federgeschm\u00fcckte Loden-H\u00fcte, Trachtenminir\u00f6cke, elegante schwarze Seidenkleider die mit roter Blumenborte verziert waren, mit Alpenblumen bestickte Capes, Strickkleider, wei\u00dfe R\u00fcschenblusen, Strickkleider und Kost\u00fcme mit Maschen und Brosche. Das erinnert an ein fr\u00fcheres Projekt des Modezaren: Vor 15 Jahren entwarf Lagerfeld Seidenkleider und einen Frack f\u00fcr Hofmannsthals Kom\u00f6die &#8222;Der Schwierige&#8220;. Ebenfalls \u2013 wie passend \u2013 in Salzburg, f\u00fcr die ber\u00fchmten\u00a0<a href=\"http:\/\/www.salzburgerfestspiele.at\/\" target=\"_blank\" rel=\"noopener\">Salzburger Festspielen.<\/a>\u00a0Erkennbar waren zudem Einfl\u00fcsse aus den Kost\u00fcmskizzen f\u00fcr die Hofmansthal-Oper &#8222;Der Rosenkavalier&#8220; (Musik von Richard Strauss), aufgef\u00fchrt im Jahre 1910.<\/p>\n\n\n\n<h2 class=\"wp-block-heading\" id=\"h-lagerfeld-und-die-tracht\">Lagerfeld und die Tracht<\/h2>\n\n\n\n<p>Er habe die \u00f6sterreichische Tracht bereits als Kind geliebt \u2013 und getragen. Das berichtete Lagerfeld den Medien. &#8222;Die \u00f6sterreichische Mode ist wirklich etwas Unsterbliches&#8220;, so der\u00a081-j\u00e4hrige Chanel-Chefdesigner im Gespr\u00e4ch mit Journalisten. Seine Eltern h\u00e4tten ihm, als er noch klein war, St\u00fccke\u00a0des alpenl\u00e4ndischen Folklorestils mitgebracht. Woraufhin der junge Lagerfeld beschloss, nur noch diese Kleidung zu tragen: &#8222;Ich wollte ja nicht aussehen wie die anderen Jungen.&#8220; In seiner Pre-Fall-Kollektion 2015 feiert der Modezar die Salzburger Kultur und Tracht.\u00a0Im prunkvollen Schoss Leopoldskron, das er sich als Kulisse f\u00fcr ihre Pr\u00e4sentation\u00a0auserkoren hatte, wurden die Experten exklusivster Fachbereiche geehrt:\u00a0Der Schmuckdesigner Desrues, der Federschmuckmacher Lemarie, der Stickereiatelier Lesage und Montex, der Schuhmacher Massaro, der Modist Michel und der Kaschmirexperte Barrie. Eines der Models, deren Name hier nicht genannt werden darf, wurde sogar von einem Salzburger Juwelier, Florian K\u00f6chert, ausgestattet.<\/p>\n\n\n\n<h2 class=\"wp-block-heading\" id=\"h-eine-tradition-beehrt-salzburg\">Eine Tradition beehrt Salzburg<\/h2>\n\n\n\n<p>Die Kollektion der &#8222;Metiers d&#8217;art&#8220; von Chanel erscheint seit 2002 j\u00e4hrlich. Jedes Jahr feiert sie die Handwerkskunst einer anderen geschichtsreichen Stadt, die seit jeher mit Chanel verbunden ist. Bombay, Edinburgh und Dallas waren drei der vergangenen Austragungsst\u00e4tten. Dieses Jahr entschied sich Lagerfeld f\u00fcr unser sch\u00f6nes Salzburg. Die M\u00f6bel wurden aus Wien, London und M\u00fcnchen in das Schloss Leopoldskron herbeigeschafft, unz\u00e4hlige Kerzen wurden aufgestellt. So entstand eine elegante und gleichzeitig gem\u00fctliche Atmosph\u00e4re. Die M\u00f6bel stammen \u00fcbrigens aus der Zeit des \u00f6sterreichischen Theater- und Filmregisseurs Max Reinhardt, wie Lagerfeld den Medien berichtete. Auch hier nahm er den rote Faden wieder auf: Denn niemand anders als Reinhardt hatte die Salzburger Festspiele im August 1920 begr\u00fcndet.\u00a0<\/p>\n\n\n\n<h2 class=\"wp-block-heading\" id=\"h-beruhmte-gaste\">Ber\u00fchmte G\u00e4ste<\/h2>\n\n\n\n<p>Ins Schloss eingeladen waren rund 200 Schauspieler, Modedesigner, K\u00fcnstler, Visagisten, Vertreter von Kosmetikkonzernen, Modejournalisten sowie Bekannte und Freunde des Hauses Chanel: Iris Berben, Rooney Mara, Alice Dellal, Lily Allen, Jasna Fritzi Bauer, Mavie H\u00f6rbiger, Nina Hoss, Geraldine Chaplin, Astrid Berges-Frisbey und Vogue-Stylistin Caroline Sieber. Die Reaktionen waren begeistert, ger\u00fchrt, verzaubert \u2013 und alles zusammen.<\/p>\n\n\n<div class=\"mag-gallery\"><div class=\"row\"><div class=\"col-6 col-sm-4\"><figure><a class=\"thumb-container\" href=\"https:\/\/www.salzburgerland.com\/de\/magazin\/wp-content\/uploads\/2014\/12\/RedModels_Chanel_06-1280x1024.jpg\">\t<picture><source media=\"(min-width: 576px)\" srcset=\"\"><\/source><source media=\"(min-width: 0)\" srcset=\"https:\/\/www.salzburgerland.com\/de\/magazin\/wp-content\/uploads\/2014\/12\/RedModels_Chanel_06.jpg 1066w, https:\/\/www.salzburgerland.com\/de\/magazin\/wp-content\/uploads\/2014\/12\/RedModels_Chanel_06-200x300.jpg 200w, https:\/\/www.salzburgerland.com\/de\/magazin\/wp-content\/uploads\/2014\/12\/RedModels_Chanel_06-366x550.jpg 366w, https:\/\/www.salzburgerland.com\/de\/magazin\/wp-content\/uploads\/2014\/12\/RedModels_Chanel_06-267x400.jpg 267w\"><\/source><img decoding=\"async\" alt='Zwei junge Frauen mit Koffern, die l&auml;chelnd auf einem Flughafen neben einem \"Herzlich Willkommen\"-Schild stehen.' src=\"https:\/\/www.salzburgerland.com\/de\/magazin\/wp-content\/uploads\/2014\/12\/RedModels_Chanel_06.jpg\">\t<\/picture><\/a><\/figure><\/div><div class=\"col-6 col-sm-4\"><figure><a class=\"thumb-container\" href=\"https:\/\/www.salzburgerland.com\/de\/magazin\/wp-content\/uploads\/2014\/12\/RedLagerfeld_04-1280x1024.jpg\">\t<picture><source media=\"(min-width: 576px)\" srcset=\"https:\/\/www.salzburgerland.com\/de\/magazin\/wp-content\/uploads\/2014\/12\/RedLagerfeld_04-325x209.jpg 325w, https:\/\/www.salzburgerland.com\/de\/magazin\/wp-content\/uploads\/2014\/12\/RedLagerfeld_04-249x160.jpg 249w\"><\/source><source media=\"(min-width: 0)\" srcset=\"https:\/\/www.salzburgerland.com\/de\/magazin\/wp-content\/uploads\/2014\/12\/RedLagerfeld_04-249x160.jpg 249w, https:\/\/www.salzburgerland.com\/de\/magazin\/wp-content\/uploads\/2014\/12\/RedLagerfeld_04-325x209.jpg 325w\"><\/source><img decoding=\"async\" alt=\"Eine Person in einem dunklen Mantel steigt nachts aus einem Privatjet aus und wird von anderen in der N&auml;he eines schwarzen Lieferwagens begr&uuml;&szlig;t.\" src=\"https:\/\/www.salzburgerland.com\/de\/magazin\/wp-content\/uploads\/2014\/12\/RedLagerfeld_04.jpg\">\t<\/picture><\/a><\/figure><\/div><div class=\"col-6 col-sm-4\"><figure><a class=\"thumb-container\" href=\"https:\/\/www.salzburgerland.com\/de\/magazin\/wp-content\/uploads\/2014\/12\/RedChanelSanktPeter_08-1280x1024.jpg\">\t<picture><source media=\"(min-width: 576px)\" srcset=\"https:\/\/www.salzburgerland.com\/de\/magazin\/wp-content\/uploads\/2014\/12\/RedChanelSanktPeter_08-325x209.jpg 325w, https:\/\/www.salzburgerland.com\/de\/magazin\/wp-content\/uploads\/2014\/12\/RedChanelSanktPeter_08-249x160.jpg 249w\"><\/source><source media=\"(min-width: 0)\" srcset=\"https:\/\/www.salzburgerland.com\/de\/magazin\/wp-content\/uploads\/2014\/12\/RedChanelSanktPeter_08-249x160.jpg 249w, https:\/\/www.salzburgerland.com\/de\/magazin\/wp-content\/uploads\/2014\/12\/RedChanelSanktPeter_08-325x209.jpg 325w\"><\/source><img decoding=\"async\" alt=\"Ein Mann mit Sonnenbrille und kariertem Schal geht mit Handschuhen nach drau&szlig;en, im Hintergrund sind Menschen und ein Reporter zu sehen.\" src=\"https:\/\/www.salzburgerland.com\/de\/magazin\/wp-content\/uploads\/2014\/12\/RedChanelSanktPeter_08.jpg\">\t<\/picture><\/a><\/figure><\/div><div class=\"col-6 col-sm-4\"><figure><a class=\"thumb-container\" href=\"https:\/\/www.salzburgerland.com\/de\/magazin\/wp-content\/uploads\/2014\/12\/RedChanelSanktPeter_06-1280x1024.jpg\">\t<picture><source media=\"(min-width: 576px)\" srcset=\"https:\/\/www.salzburgerland.com\/de\/magazin\/wp-content\/uploads\/2014\/12\/RedChanelSanktPeter_06-325x209.jpg 325w, https:\/\/www.salzburgerland.com\/de\/magazin\/wp-content\/uploads\/2014\/12\/RedChanelSanktPeter_06-249x160.jpg 249w\"><\/source><source media=\"(min-width: 0)\" srcset=\"https:\/\/www.salzburgerland.com\/de\/magazin\/wp-content\/uploads\/2014\/12\/RedChanelSanktPeter_06-249x160.jpg 249w, https:\/\/www.salzburgerland.com\/de\/magazin\/wp-content\/uploads\/2014\/12\/RedChanelSanktPeter_06-325x209.jpg 325w\"><\/source><img decoding=\"async\" alt=\"&Auml;lterer Mann mit Sonnenbrille und kariertem Schal, der nachts drau&szlig;en spazieren geht, mit Handschuhen in der Hand, mit einem anderen Mann hinter ihm.\" src=\"https:\/\/www.salzburgerland.com\/de\/magazin\/wp-content\/uploads\/2014\/12\/RedChanelSanktPeter_06.jpg\">\t<\/picture><\/a><\/figure><\/div><div class=\"col-6 col-sm-4\"><figure><a class=\"thumb-container\" href=\"https:\/\/www.salzburgerland.com\/de\/magazin\/wp-content\/uploads\/2014\/12\/RedChanelShow_98-1280x1024.jpg\">\t<picture><source media=\"(min-width: 576px)\" srcset=\"https:\/\/www.salzburgerland.com\/de\/magazin\/wp-content\/uploads\/2014\/12\/RedChanelShow_98-325x209.jpg 325w, https:\/\/www.salzburgerland.com\/de\/magazin\/wp-content\/uploads\/2014\/12\/RedChanelShow_98-249x160.jpg 249w\"><\/source><source media=\"(min-width: 0)\" srcset=\"https:\/\/www.salzburgerland.com\/de\/magazin\/wp-content\/uploads\/2014\/12\/RedChanelShow_98-249x160.jpg 249w, https:\/\/www.salzburgerland.com\/de\/magazin\/wp-content\/uploads\/2014\/12\/RedChanelShow_98-325x209.jpg 325w\"><\/source><img decoding=\"async\" alt=\"Ein &auml;lterer Mann mit dunkler Sonnenbrille und Handschuhen steht im Freien vor einer Lampe, im Hintergrund sind B&auml;ume und ein See zu sehen.\" src=\"https:\/\/www.salzburgerland.com\/de\/magazin\/wp-content\/uploads\/2014\/12\/RedChanelShow_98.jpg\">\t<\/picture><\/a><\/figure><\/div><div class=\"col-6 col-sm-4\"><figure><a class=\"thumb-container\" href=\"https:\/\/www.salzburgerland.com\/de\/magazin\/wp-content\/uploads\/2014\/12\/RedChanelShow_20-1280x1024.jpg\">\t<picture><source media=\"(min-width: 576px)\" srcset=\"https:\/\/www.salzburgerland.com\/de\/magazin\/wp-content\/uploads\/2014\/12\/RedChanelShow_20-325x209.jpg 325w, https:\/\/www.salzburgerland.com\/de\/magazin\/wp-content\/uploads\/2014\/12\/RedChanelShow_20-249x160.jpg 249w\"><\/source><source media=\"(min-width: 0)\" srcset=\"https:\/\/www.salzburgerland.com\/de\/magazin\/wp-content\/uploads\/2014\/12\/RedChanelShow_20-249x160.jpg 249w, https:\/\/www.salzburgerland.com\/de\/magazin\/wp-content\/uploads\/2014\/12\/RedChanelShow_20-325x209.jpg 325w\"><\/source><img decoding=\"async\" alt=\"H&auml;nde, die einen Modefotodruck eines Modells mit schwarzem Hut und verzierter Jacke halten, mit Teetassen auf einem Tisch in der N&auml;he.\" src=\"https:\/\/www.salzburgerland.com\/de\/magazin\/wp-content\/uploads\/2014\/12\/RedChanelShow_20.jpg\">\t<\/picture><\/a><\/figure><\/div><div class=\"col-6 col-sm-4\"><figure><a class=\"thumb-container\" href=\"https:\/\/www.salzburgerland.com\/de\/magazin\/wp-content\/uploads\/2014\/12\/RedChanelShow_85-1280x1024.jpg\">\t<picture><source media=\"(min-width: 576px)\" srcset=\"https:\/\/www.salzburgerland.com\/de\/magazin\/wp-content\/uploads\/2014\/12\/RedChanelShow_85-325x209.jpg 325w, https:\/\/www.salzburgerland.com\/de\/magazin\/wp-content\/uploads\/2014\/12\/RedChanelShow_85-249x160.jpg 249w\"><\/source><source media=\"(min-width: 0)\" srcset=\"https:\/\/www.salzburgerland.com\/de\/magazin\/wp-content\/uploads\/2014\/12\/RedChanelShow_85-249x160.jpg 249w, https:\/\/www.salzburgerland.com\/de\/magazin\/wp-content\/uploads\/2014\/12\/RedChanelShow_85-325x209.jpg 325w\"><\/source><img decoding=\"async\" alt=\"Eine Frau in einem wei&szlig;en Kleid und ein Mann in dunkler Kleidung gehen gemeinsam durch eine mit B&uuml;cherregalen ausgestattete Bibliothek.\" src=\"https:\/\/www.salzburgerland.com\/de\/magazin\/wp-content\/uploads\/2014\/12\/RedChanelShow_85.jpg\">\t<\/picture><\/a><\/figure><\/div><div class=\"col-6 col-sm-4\"><figure><a class=\"thumb-container\" href=\"https:\/\/www.salzburgerland.com\/de\/magazin\/wp-content\/uploads\/2014\/12\/RedChanelShow_13-1280x1024.jpg\">\t<picture><source media=\"(min-width: 576px)\" srcset=\"https:\/\/www.salzburgerland.com\/de\/magazin\/wp-content\/uploads\/2014\/12\/RedChanelShow_13-325x209.jpg 325w, https:\/\/www.salzburgerland.com\/de\/magazin\/wp-content\/uploads\/2014\/12\/RedChanelShow_13-249x160.jpg 249w\"><\/source><source media=\"(min-width: 0)\" srcset=\"https:\/\/www.salzburgerland.com\/de\/magazin\/wp-content\/uploads\/2014\/12\/RedChanelShow_13-249x160.jpg 249w, https:\/\/www.salzburgerland.com\/de\/magazin\/wp-content\/uploads\/2014\/12\/RedChanelShow_13-325x209.jpg 325w\"><\/source><img decoding=\"async\" alt=\"Ein &uuml;ppig gedeckter Tisch mit Obst, Geb&auml;ck und Kerzen, umgeben von Menschen in einem eleganten Raum.\" src=\"https:\/\/www.salzburgerland.com\/de\/magazin\/wp-content\/uploads\/2014\/12\/RedChanelShow_13.jpg\">\t<\/picture><\/a><\/figure><\/div><div class=\"col-6 col-sm-4\"><figure><a class=\"thumb-container\" href=\"https:\/\/www.salzburgerland.com\/de\/magazin\/wp-content\/uploads\/2014\/12\/RedChanelShow_21-1280x1024.jpg\">\t<picture><source media=\"(min-width: 576px)\" srcset=\"https:\/\/www.salzburgerland.com\/de\/magazin\/wp-content\/uploads\/2014\/12\/RedChanelShow_21-325x209.jpg 325w, https:\/\/www.salzburgerland.com\/de\/magazin\/wp-content\/uploads\/2014\/12\/RedChanelShow_21-249x160.jpg 249w\"><\/source><source media=\"(min-width: 0)\" srcset=\"https:\/\/www.salzburgerland.com\/de\/magazin\/wp-content\/uploads\/2014\/12\/RedChanelShow_21-249x160.jpg 249w, https:\/\/www.salzburgerland.com\/de\/magazin\/wp-content\/uploads\/2014\/12\/RedChanelShow_21-325x209.jpg 325w\"><\/source><img decoding=\"async\" alt=\"Ein reich gedeckter Tisch mit Obst, Geb&auml;ck und Kerzen; elegant gekleidete Menschen unterhalten sich in einem gro&szlig;en Raum.\" src=\"https:\/\/www.salzburgerland.com\/de\/magazin\/wp-content\/uploads\/2014\/12\/RedChanelShow_21.jpg\">\t<\/picture><\/a><\/figure><\/div><div class=\"col-6 col-sm-4\"><figure><a class=\"thumb-container\" href=\"https:\/\/www.salzburgerland.com\/de\/magazin\/wp-content\/uploads\/2014\/12\/RedChanelShow_80-1280x1024.jpg\">\t<picture><source media=\"(min-width: 576px)\" srcset=\"https:\/\/www.salzburgerland.com\/de\/magazin\/wp-content\/uploads\/2014\/12\/RedChanelShow_80-325x209.jpg 325w, https:\/\/www.salzburgerland.com\/de\/magazin\/wp-content\/uploads\/2014\/12\/RedChanelShow_80-249x160.jpg 249w\"><\/source><source media=\"(min-width: 0)\" srcset=\"https:\/\/www.salzburgerland.com\/de\/magazin\/wp-content\/uploads\/2014\/12\/RedChanelShow_80-249x160.jpg 249w, https:\/\/www.salzburgerland.com\/de\/magazin\/wp-content\/uploads\/2014\/12\/RedChanelShow_80-325x209.jpg 325w\"><\/source><img decoding=\"async\" alt=\"Ein Model und ein Mann laufen in einer Modenschau zum Thema Bibliothek, w&auml;hrend das sitzende Publikum applaudiert und Fotos macht.\" src=\"https:\/\/www.salzburgerland.com\/de\/magazin\/wp-content\/uploads\/2014\/12\/RedChanelShow_80.jpg\">\t<\/picture><\/a><\/figure><\/div><div class=\"col-6 col-sm-4\"><figure><a class=\"thumb-container\" href=\"https:\/\/www.salzburgerland.com\/de\/magazin\/wp-content\/uploads\/2014\/12\/RedChanelShow_77-1280x1024.jpg\">\t<picture><source media=\"(min-width: 576px)\" srcset=\"https:\/\/www.salzburgerland.com\/de\/magazin\/wp-content\/uploads\/2014\/12\/RedChanelShow_77-325x209.jpg 325w, https:\/\/www.salzburgerland.com\/de\/magazin\/wp-content\/uploads\/2014\/12\/RedChanelShow_77-249x160.jpg 249w\"><\/source><source media=\"(min-width: 0)\" srcset=\"https:\/\/www.salzburgerland.com\/de\/magazin\/wp-content\/uploads\/2014\/12\/RedChanelShow_77-249x160.jpg 249w, https:\/\/www.salzburgerland.com\/de\/magazin\/wp-content\/uploads\/2014\/12\/RedChanelShow_77-325x209.jpg 325w\"><\/source><img decoding=\"async\" alt=\"Models laufen w&auml;hrend einer Modenschau durch einen luxuri&ouml;sen, bibliothekarisch gestalteten Raum, w&auml;hrend die G&auml;ste sitzen und zusehen.\" src=\"https:\/\/www.salzburgerland.com\/de\/magazin\/wp-content\/uploads\/2014\/12\/RedChanelShow_77.jpg\">\t<\/picture><\/a><\/figure><\/div><div class=\"col-6 col-sm-4\"><figure><a class=\"thumb-container\" href=\"https:\/\/www.salzburgerland.com\/de\/magazin\/wp-content\/uploads\/2014\/12\/RedChanelShow_76-1280x1024.jpg\">\t<picture><source media=\"(min-width: 576px)\" srcset=\"\"><\/source><source media=\"(min-width: 0)\" srcset=\"https:\/\/www.salzburgerland.com\/de\/magazin\/wp-content\/uploads\/2014\/12\/RedChanelShow_76.jpg 1106w, https:\/\/www.salzburgerland.com\/de\/magazin\/wp-content\/uploads\/2014\/12\/RedChanelShow_76-207x300.jpg 207w, https:\/\/www.salzburgerland.com\/de\/magazin\/wp-content\/uploads\/2014\/12\/RedChanelShow_76-380x550.jpg 380w, https:\/\/www.salzburgerland.com\/de\/magazin\/wp-content\/uploads\/2014\/12\/RedChanelShow_76-277x400.jpg 277w\"><\/source><img decoding=\"async\" alt=\"Models in stilvollen, vielseitigen Outfits laufen &uuml;ber einen Laufsteg in einem eleganten, verzierten Raum mit Holzdekor und Kronleuchtern.\" src=\"https:\/\/www.salzburgerland.com\/de\/magazin\/wp-content\/uploads\/2014\/12\/RedChanelShow_76.jpg\">\t<\/picture><\/a><\/figure><\/div><div class=\"col-6 col-sm-4\"><figure><a class=\"thumb-container\" href=\"https:\/\/www.salzburgerland.com\/de\/magazin\/wp-content\/uploads\/2014\/12\/RedChanelShow_65-1280x1024.jpg\">\t<picture><source media=\"(min-width: 576px)\" srcset=\"\"><\/source><source media=\"(min-width: 0)\" srcset=\"https:\/\/www.salzburgerland.com\/de\/magazin\/wp-content\/uploads\/2014\/12\/RedChanelShow_65.jpg 1013w, https:\/\/www.salzburgerland.com\/de\/magazin\/wp-content\/uploads\/2014\/12\/RedChanelShow_65-190x300.jpg 190w, https:\/\/www.salzburgerland.com\/de\/magazin\/wp-content\/uploads\/2014\/12\/RedChanelShow_65-348x550.jpg 348w, https:\/\/www.salzburgerland.com\/de\/magazin\/wp-content\/uploads\/2014\/12\/RedChanelShow_65-253x400.jpg 253w\"><\/source><img decoding=\"async\" alt=\"Ein Model in einem langen, gemusterten Kleid und schwarzen Stiefeln geht durch eine Bibliothek mit B&uuml;cherregalen und Holzb&ouml;den.\" src=\"https:\/\/www.salzburgerland.com\/de\/magazin\/wp-content\/uploads\/2014\/12\/RedChanelShow_65.jpg\">\t<\/picture><\/a><\/figure><\/div><div class=\"col-6 col-sm-4\"><figure><a class=\"thumb-container\" href=\"https:\/\/www.salzburgerland.com\/de\/magazin\/wp-content\/uploads\/2014\/12\/RedChanelShow_64-1280x1024.jpg\">\t<picture><source media=\"(min-width: 576px)\" srcset=\"\"><\/source><source media=\"(min-width: 0)\" srcset=\"https:\/\/www.salzburgerland.com\/de\/magazin\/wp-content\/uploads\/2014\/12\/RedChanelShow_64.jpg 1000w, https:\/\/www.salzburgerland.com\/de\/magazin\/wp-content\/uploads\/2014\/12\/RedChanelShow_64-188x300.jpg 188w, https:\/\/www.salzburgerland.com\/de\/magazin\/wp-content\/uploads\/2014\/12\/RedChanelShow_64-344x550.jpg 344w, https:\/\/www.salzburgerland.com\/de\/magazin\/wp-content\/uploads\/2014\/12\/RedChanelShow_64-250x400.jpg 250w\"><\/source><img decoding=\"async\" alt=\"Ein Erwachsener und ein Kind in traditioneller alpiner Kleidung gehen Hand in Hand in einer holzget&auml;felten Bibliothek.\" src=\"https:\/\/www.salzburgerland.com\/de\/magazin\/wp-content\/uploads\/2014\/12\/RedChanelShow_64.jpg\">\t<\/picture><\/a><\/figure><\/div><div class=\"col-6 col-sm-4\"><figure><a class=\"thumb-container\" href=\"https:\/\/www.salzburgerland.com\/de\/magazin\/wp-content\/uploads\/2014\/12\/RedChanelShow_44-1280x1024.jpg\">\t<picture><source media=\"(min-width: 576px)\" srcset=\"\"><\/source><source media=\"(min-width: 0)\" srcset=\"https:\/\/www.salzburgerland.com\/de\/magazin\/wp-content\/uploads\/2014\/12\/RedChanelShow_44.jpg 956w, https:\/\/www.salzburgerland.com\/de\/magazin\/wp-content\/uploads\/2014\/12\/RedChanelShow_44-179x300.jpg 179w, https:\/\/www.salzburgerland.com\/de\/magazin\/wp-content\/uploads\/2014\/12\/RedChanelShow_44-329x550.jpg 329w, https:\/\/www.salzburgerland.com\/de\/magazin\/wp-content\/uploads\/2014\/12\/RedChanelShow_44-239x400.jpg 239w\"><\/source><img decoding=\"async\" alt=\"Model in einer Bibliothek in einer gebl&uuml;mten Lederjacke, einem gemusterten Top, einem Minirock und rosa Stiefeln.\" src=\"https:\/\/www.salzburgerland.com\/de\/magazin\/wp-content\/uploads\/2014\/12\/RedChanelShow_44.jpg\">\t<\/picture><\/a><\/figure><\/div><div class=\"col-6 col-sm-4\"><figure><a class=\"thumb-container\" href=\"https:\/\/www.salzburgerland.com\/de\/magazin\/wp-content\/uploads\/2014\/12\/RedChanelShow_43-1280x1024.jpg\">\t<picture><source media=\"(min-width: 576px)\" srcset=\"\"><\/source><source media=\"(min-width: 0)\" srcset=\"https:\/\/www.salzburgerland.com\/de\/magazin\/wp-content\/uploads\/2014\/12\/RedChanelShow_43.jpg 940w, https:\/\/www.salzburgerland.com\/de\/magazin\/wp-content\/uploads\/2014\/12\/RedChanelShow_43-176x300.jpg 176w, https:\/\/www.salzburgerland.com\/de\/magazin\/wp-content\/uploads\/2014\/12\/RedChanelShow_43-323x550.jpg 323w, https:\/\/www.salzburgerland.com\/de\/magazin\/wp-content\/uploads\/2014\/12\/RedChanelShow_43-235x400.jpg 235w\"><\/source><img decoding=\"async\" alt=\"Ein Model geht in einer Bibliothek spazieren, tr&auml;gt eine gemusterte Jacke, kurze Hosen, wei&szlig;e Strumpfhosen und hat eine schwarze Handtasche in der Hand.\" src=\"https:\/\/www.salzburgerland.com\/de\/magazin\/wp-content\/uploads\/2014\/12\/RedChanelShow_43.jpg\">\t<\/picture><\/a><\/figure><\/div><div class=\"col-6 col-sm-4\"><figure><a class=\"thumb-container\" href=\"https:\/\/www.salzburgerland.com\/de\/magazin\/wp-content\/uploads\/2014\/12\/RedChanelShow_35-1280x1024.jpg\">\t<picture><source media=\"(min-width: 576px)\" srcset=\"\"><\/source><source media=\"(min-width: 0)\" srcset=\"https:\/\/www.salzburgerland.com\/de\/magazin\/wp-content\/uploads\/2014\/12\/RedChanelShow_35.jpg 1034w, https:\/\/www.salzburgerland.com\/de\/magazin\/wp-content\/uploads\/2014\/12\/RedChanelShow_35-194x300.jpg 194w, https:\/\/www.salzburgerland.com\/de\/magazin\/wp-content\/uploads\/2014\/12\/RedChanelShow_35-355x550.jpg 355w, https:\/\/www.salzburgerland.com\/de\/magazin\/wp-content\/uploads\/2014\/12\/RedChanelShow_35-259x400.jpg 259w\"><\/source><img decoding=\"async\" alt=\"Ein Modell in eklektischer, mehrlagiger Kleidung und einem Hut mit Federn geht in einer Bibliothek mit B&uuml;cherregalen spazieren.\" src=\"https:\/\/www.salzburgerland.com\/de\/magazin\/wp-content\/uploads\/2014\/12\/RedChanelShow_35.jpg\">\t<\/picture><\/a><\/figure><\/div><div class=\"col-6 col-sm-4\"><figure><a class=\"thumb-container\" href=\"https:\/\/www.salzburgerland.com\/de\/magazin\/wp-content\/uploads\/2014\/12\/RedChanelShow_34-1280x1024.jpg\">\t<picture><source media=\"(min-width: 576px)\" srcset=\"\"><\/source><source media=\"(min-width: 0)\" srcset=\"https:\/\/www.salzburgerland.com\/de\/magazin\/wp-content\/uploads\/2014\/12\/RedChanelShow_34.jpg 1066w, https:\/\/www.salzburgerland.com\/de\/magazin\/wp-content\/uploads\/2014\/12\/RedChanelShow_34-200x300.jpg 200w, https:\/\/www.salzburgerland.com\/de\/magazin\/wp-content\/uploads\/2014\/12\/RedChanelShow_34-366x550.jpg 366w, https:\/\/www.salzburgerland.com\/de\/magazin\/wp-content\/uploads\/2014\/12\/RedChanelShow_34-267x400.jpg 267w\"><\/source><img decoding=\"async\" alt=\"Eine Frau in einem blaugr&uuml;nen, strukturierten Umhang und einem schwarzen Hut steht in einer Bibliothek mit Holzregalen im Hintergrund.\" src=\"https:\/\/www.salzburgerland.com\/de\/magazin\/wp-content\/uploads\/2014\/12\/RedChanelShow_34.jpg\">\t<\/picture><\/a><\/figure><\/div><div class=\"col-6 col-sm-4\"><figure><a class=\"thumb-container\" href=\"https:\/\/www.salzburgerland.com\/de\/magazin\/wp-content\/uploads\/2014\/12\/RedChanelShow_30-1280x1024.jpg\">\t<picture><source media=\"(min-width: 576px)\" srcset=\"\"><\/source><source media=\"(min-width: 0)\" srcset=\"https:\/\/www.salzburgerland.com\/de\/magazin\/wp-content\/uploads\/2014\/12\/RedChanelShow_30.jpg 1000w, https:\/\/www.salzburgerland.com\/de\/magazin\/wp-content\/uploads\/2014\/12\/RedChanelShow_30-188x300.jpg 188w, https:\/\/www.salzburgerland.com\/de\/magazin\/wp-content\/uploads\/2014\/12\/RedChanelShow_30-344x550.jpg 344w, https:\/\/www.salzburgerland.com\/de\/magazin\/wp-content\/uploads\/2014\/12\/RedChanelShow_30-250x400.jpg 250w\"><\/source><img decoding=\"async\" alt=\"Ein Modell tr&auml;gt einen roten Mantel, einen bestickten Pullover, gr&uuml;ne Shorts und hohe Socken und geht in einer Bibliothek spazieren.\" src=\"https:\/\/www.salzburgerland.com\/de\/magazin\/wp-content\/uploads\/2014\/12\/RedChanelShow_30.jpg\">\t<\/picture><\/a><\/figure><\/div><div class=\"col-6 col-sm-4\"><figure><a class=\"thumb-container\" href=\"https:\/\/www.salzburgerland.com\/de\/magazin\/wp-content\/uploads\/2014\/12\/RedChanelShow_28-1280x1024.jpg\">\t<picture><source media=\"(min-width: 576px)\" srcset=\"\"><\/source><source media=\"(min-width: 0)\" srcset=\"https:\/\/www.salzburgerland.com\/de\/magazin\/wp-content\/uploads\/2014\/12\/RedChanelShow_28.jpg 853w, https:\/\/www.salzburgerland.com\/de\/magazin\/wp-content\/uploads\/2014\/12\/RedChanelShow_28-160x300.jpg 160w, https:\/\/www.salzburgerland.com\/de\/magazin\/wp-content\/uploads\/2014\/12\/RedChanelShow_28-293x550.jpg 293w, https:\/\/www.salzburgerland.com\/de\/magazin\/wp-content\/uploads\/2014\/12\/RedChanelShow_28-213x400.jpg 213w\"><\/source><img decoding=\"async\" alt=\"Ein Mann mit grauem Mantel und Krawatte geht einen Flur entlang; eine Frau in einem roten Mantel geht im Hintergrund.\" src=\"https:\/\/www.salzburgerland.com\/de\/magazin\/wp-content\/uploads\/2014\/12\/RedChanelShow_28.jpg\">\t<\/picture><\/a><\/figure><\/div><div class=\"col-6 col-sm-4\"><figure><a class=\"thumb-container\" href=\"https:\/\/www.salzburgerland.com\/de\/magazin\/wp-content\/uploads\/2014\/12\/RedChanelShow_27-1280x1024.jpg\">\t<picture><source media=\"(min-width: 576px)\" srcset=\"\"><\/source><source media=\"(min-width: 0)\" srcset=\"https:\/\/www.salzburgerland.com\/de\/magazin\/wp-content\/uploads\/2014\/12\/RedChanelShow_27.jpg 945w, https:\/\/www.salzburgerland.com\/de\/magazin\/wp-content\/uploads\/2014\/12\/RedChanelShow_27-177x300.jpg 177w, https:\/\/www.salzburgerland.com\/de\/magazin\/wp-content\/uploads\/2014\/12\/RedChanelShow_27-325x550.jpg 325w, https:\/\/www.salzburgerland.com\/de\/magazin\/wp-content\/uploads\/2014\/12\/RedChanelShow_27-236x400.jpg 236w\"><\/source><img decoding=\"async\" alt=\"Ein Model in einer marineblauen und roten Jacke, einer schwarzen Hose und Stiefeln geht durch eine Bibliothek mit B&uuml;cherregalen.\" src=\"https:\/\/www.salzburgerland.com\/de\/magazin\/wp-content\/uploads\/2014\/12\/RedChanelShow_27.jpg\">\t<\/picture><\/a><\/figure><\/div><\/div><figcaption><\/figcaption><\/div>\n\n\n\n<p>Fotos: Andreas Kolarik<\/p>\n","protected":false},"excerpt":{"rendered":"<p>In der rund 30-min\u00fctigen Show&nbsp;wandelten&nbsp;die Models vor rund 500 G\u00e4sten durch die majest\u00e4tischen R\u00e4umlichkeiten des Rokoko-Schlosses. Mit dabei: Cara Delevingne, Kendall Jenner und Dressman Brad Kroenig. Auch ein sehr junger Herr war Gast der Show: Kroenigs Sohn, der sechsj\u00e4hrige Hudson, der zugleich das Patenkind &nbsp;von Karl Lagerfeld, Eleonore Toulin, Kremi Otashliyska, Audrey Marnay, Brogan Loftus [&hellip;]<\/p>\n","protected":false},"author":12,"featured_media":93532,"comment_status":"open","ping_status":"open","sticky":false,"template":"","format":"standard","meta":{"_acf_changed":false,"wl_entities_gutenberg":"","_wl_entity_redirect_enabled":"","footnotes":""},"categories":[7],"tags":[],"wl_entity_type":[306],"monatsauswahl":[93],"class_list":["post-93507","post","type-post","status-publish","format-standard","has-post-thumbnail","hentry","category-lifestyle","wl_entity_type-article","monatsauswahl-monat_12"],"acf":[],"yoast_head":"<!-- This site is optimized with the Yoast SEO Premium plugin v27.4 (Yoast SEO v27.4) - https:\/\/yoast.com\/product\/yoast-seo-premium-wordpress\/ -->\n<title>Karl Lagerfeld in Salzburg - SalzburgerLand Magazin<\/title>\n<meta name=\"description\" content=\"Modezar Karl Lagerfeld hat die neue Kollektion &quot;Metiers d&#039;Art&quot; von Chanel im Schloss Leopoldskron in der Stadt Salzburg am 2. Dezember 2014 pr\u00e4sentiert. Er zelebrierte in der fulminanten Modenschau eine Mischung der \u00f6sterreichischen Tracht und des verspielten Rokoko-Stils.\u00a0\" \/>\n<meta name=\"robots\" content=\"index, follow, max-snippet:-1, max-image-preview:large, max-video-preview:-1\" \/>\n<link rel=\"canonical\" href=\"https:\/\/www.salzburgerland.com\/de\/magazin\/karl-lagerfeld-in-salzburg\/\" \/>\n<meta property=\"og:locale\" content=\"de_DE\" \/>\n<meta property=\"og:type\" content=\"article\" \/>\n<meta property=\"og:title\" content=\"Karl Lagerfeld in Salzburg\" \/>\n<meta property=\"og:description\" content=\"In der rund 30-min\u00fctigen Show&nbsp;wandelten&nbsp;die Models vor rund 500 G\u00e4sten durch die majest\u00e4tischen R\u00e4umlichkeiten des Rokoko-Schlosses. Mit dabei: Cara Delevingne, Kendall Jenner und Dressman Brad Kroenig. Auch ein sehr junger Herr war Gast der Show: Kroenigs Sohn, der sechsj\u00e4hrige Hudson, der zugleich das Patenkind &nbsp;von Karl Lagerfeld, Eleonore Toulin, Kremi Otashliyska, Audrey Marnay, Brogan Loftus [&hellip;]\" \/>\n<meta property=\"og:url\" content=\"https:\/\/www.salzburgerland.com\/de\/magazin\/karl-lagerfeld-in-salzburg\/\" \/>\n<meta property=\"og:site_name\" content=\"SalzburgerLand Magazin\" \/>\n<meta property=\"article:publisher\" content=\"https:\/\/www.facebook.com\/salzburgerland\/\" \/>\n<meta property=\"article:published_time\" content=\"2014-12-03T09:21:25+00:00\" \/>\n<meta property=\"article:modified_time\" content=\"2025-03-04T06:12:28+00:00\" \/>\n<meta property=\"og:image\" content=\"https:\/\/www.salzburgerland.com\/de\/magazin\/wp-content\/uploads\/2014\/12\/RedChanelShow_80.jpg\" \/>\n\t<meta property=\"og:image:width\" content=\"1600\" \/>\n\t<meta property=\"og:image:height\" content=\"1066\" \/>\n\t<meta property=\"og:image:type\" content=\"image\/jpeg\" \/>\n<meta name=\"author\" content=\"Daniela J\u00e4ger\" \/>\n<meta name=\"twitter:card\" content=\"summary_large_image\" \/>\n<meta name=\"twitter:creator\" content=\"@Salzburgerland\" \/>\n<meta name=\"twitter:site\" content=\"@Salzburgerland\" \/>\n<meta name=\"twitter:label1\" content=\"Verfasst von\" \/>\n\t<meta name=\"twitter:data1\" content=\"Daniela J\u00e4ger\" \/>\n\t<meta name=\"twitter:label2\" content=\"Gesch\u00e4tzte Lesezeit\" \/>\n\t<meta name=\"twitter:data2\" content=\"8\u00a0Minuten\" \/>\n<script type=\"application\/ld+json\" class=\"yoast-schema-graph\">{\"@context\":\"https:\\\/\\\/schema.org\",\"@graph\":[{\"@type\":\"Article\",\"@id\":\"https:\\\/\\\/www.salzburgerland.com\\\/de\\\/magazin\\\/karl-lagerfeld-in-salzburg\\\/#article\",\"isPartOf\":{\"@id\":\"https:\\\/\\\/www.salzburgerland.com\\\/de\\\/magazin\\\/karl-lagerfeld-in-salzburg\\\/\"},\"author\":{\"name\":\"Daniela J\u00e4ger\",\"@id\":\"https:\\\/\\\/www.salzburgerland.com\\\/de\\\/magazin\\\/#\\\/schema\\\/person\\\/436a159c3d355745bb9190e3e7f6d897\"},\"headline\":\"Karl Lagerfeld in Salzburg\",\"datePublished\":\"2014-12-03T09:21:25+00:00\",\"dateModified\":\"2025-03-04T06:12:28+00:00\",\"mainEntityOfPage\":{\"@id\":\"https:\\\/\\\/www.salzburgerland.com\\\/de\\\/magazin\\\/karl-lagerfeld-in-salzburg\\\/\"},\"wordCount\":621,\"commentCount\":0,\"publisher\":{\"@id\":\"https:\\\/\\\/www.salzburgerland.com\\\/de\\\/magazin\\\/#organization\"},\"image\":{\"@id\":\"https:\\\/\\\/www.salzburgerland.com\\\/de\\\/magazin\\\/karl-lagerfeld-in-salzburg\\\/#primaryimage\"},\"thumbnailUrl\":\"https:\\\/\\\/www.salzburgerland.com\\\/de\\\/magazin\\\/wp-content\\\/uploads\\\/2014\\\/12\\\/RedChanelShow_80.jpg\",\"articleSection\":[\"Lifestyle\"],\"inLanguage\":\"de\",\"potentialAction\":[{\"@type\":\"CommentAction\",\"name\":\"Comment\",\"target\":[\"https:\\\/\\\/www.salzburgerland.com\\\/de\\\/magazin\\\/karl-lagerfeld-in-salzburg\\\/#respond\"]}]},{\"@type\":\"WebPage\",\"@id\":\"https:\\\/\\\/www.salzburgerland.com\\\/de\\\/magazin\\\/karl-lagerfeld-in-salzburg\\\/\",\"url\":\"https:\\\/\\\/www.salzburgerland.com\\\/de\\\/magazin\\\/karl-lagerfeld-in-salzburg\\\/\",\"name\":\"Karl Lagerfeld in Salzburg - SalzburgerLand Magazin\",\"isPartOf\":{\"@id\":\"https:\\\/\\\/www.salzburgerland.com\\\/de\\\/magazin\\\/#website\"},\"primaryImageOfPage\":{\"@id\":\"https:\\\/\\\/www.salzburgerland.com\\\/de\\\/magazin\\\/karl-lagerfeld-in-salzburg\\\/#primaryimage\"},\"image\":{\"@id\":\"https:\\\/\\\/www.salzburgerland.com\\\/de\\\/magazin\\\/karl-lagerfeld-in-salzburg\\\/#primaryimage\"},\"thumbnailUrl\":\"https:\\\/\\\/www.salzburgerland.com\\\/de\\\/magazin\\\/wp-content\\\/uploads\\\/2014\\\/12\\\/RedChanelShow_80.jpg\",\"datePublished\":\"2014-12-03T09:21:25+00:00\",\"dateModified\":\"2025-03-04T06:12:28+00:00\",\"breadcrumb\":{\"@id\":\"https:\\\/\\\/www.salzburgerland.com\\\/de\\\/magazin\\\/karl-lagerfeld-in-salzburg\\\/#breadcrumb\"},\"inLanguage\":\"de\",\"potentialAction\":[{\"@type\":\"ReadAction\",\"target\":[\"https:\\\/\\\/www.salzburgerland.com\\\/de\\\/magazin\\\/karl-lagerfeld-in-salzburg\\\/\"]}]},{\"@type\":\"ImageObject\",\"inLanguage\":\"de\",\"@id\":\"https:\\\/\\\/www.salzburgerland.com\\\/de\\\/magazin\\\/karl-lagerfeld-in-salzburg\\\/#primaryimage\",\"url\":\"https:\\\/\\\/www.salzburgerland.com\\\/de\\\/magazin\\\/wp-content\\\/uploads\\\/2014\\\/12\\\/RedChanelShow_80.jpg\",\"contentUrl\":\"https:\\\/\\\/www.salzburgerland.com\\\/de\\\/magazin\\\/wp-content\\\/uploads\\\/2014\\\/12\\\/RedChanelShow_80.jpg\",\"width\":1600,\"height\":1066,\"caption\":\"Ein Model und ein Mann laufen in einer Modenschau zum Thema Bibliothek, w\u00e4hrend das sitzende Publikum applaudiert und Fotos macht.\"},{\"@type\":\"BreadcrumbList\",\"@id\":\"https:\\\/\\\/www.salzburgerland.com\\\/de\\\/magazin\\\/karl-lagerfeld-in-salzburg\\\/#breadcrumb\",\"itemListElement\":[{\"@type\":\"ListItem\",\"position\":1,\"name\":\"Startseite\",\"item\":\"https:\\\/\\\/www.salzburgerland.com\\\/de\\\/magazin\\\/\"},{\"@type\":\"ListItem\",\"position\":2,\"name\":\"Lifestyle\",\"item\":\"https:\\\/\\\/www.salzburgerland.com\\\/de\\\/magazin\\\/thema\\\/lifestyle\\\/\"},{\"@type\":\"ListItem\",\"position\":3,\"name\":\"Karl Lagerfeld in Salzburg\"}]},{\"@type\":\"WebSite\",\"@id\":\"https:\\\/\\\/www.salzburgerland.com\\\/de\\\/magazin\\\/#website\",\"url\":\"https:\\\/\\\/www.salzburgerland.com\\\/de\\\/magazin\\\/\",\"name\":\"SalzburgerLand Magazin\",\"description\":\"Geschichten und Interessantes aus dem SalzburgerLand\",\"publisher\":{\"@id\":\"https:\\\/\\\/www.salzburgerland.com\\\/de\\\/magazin\\\/#organization\"},\"potentialAction\":[{\"@type\":\"SearchAction\",\"target\":{\"@type\":\"EntryPoint\",\"urlTemplate\":\"https:\\\/\\\/www.salzburgerland.com\\\/de\\\/magazin\\\/?s={search_term_string}\"},\"query-input\":{\"@type\":\"PropertyValueSpecification\",\"valueRequired\":true,\"valueName\":\"search_term_string\"}}],\"inLanguage\":\"de\"},{\"@type\":\"Organization\",\"@id\":\"https:\\\/\\\/www.salzburgerland.com\\\/de\\\/magazin\\\/#organization\",\"name\":\"SalzburgerLand Tourismus\",\"url\":\"https:\\\/\\\/www.salzburgerland.com\\\/de\\\/magazin\\\/\",\"logo\":{\"@type\":\"ImageObject\",\"inLanguage\":\"de\",\"@id\":\"https:\\\/\\\/www.salzburgerland.com\\\/de\\\/magazin\\\/#\\\/schema\\\/logo\\\/image\\\/\",\"url\":\"https:\\\/\\\/www.salzburgerland.com\\\/de\\\/magazin\\\/wp-content\\\/uploads\\\/2019\\\/06\\\/salzburgerland-logo1.jpg\",\"contentUrl\":\"https:\\\/\\\/www.salzburgerland.com\\\/de\\\/magazin\\\/wp-content\\\/uploads\\\/2019\\\/06\\\/salzburgerland-logo1.jpg\",\"width\":2011,\"height\":866,\"caption\":\"SalzburgerLand Tourismus\"},\"image\":{\"@id\":\"https:\\\/\\\/www.salzburgerland.com\\\/de\\\/magazin\\\/#\\\/schema\\\/logo\\\/image\\\/\"},\"sameAs\":[\"https:\\\/\\\/www.facebook.com\\\/salzburgerland\\\/\",\"https:\\\/\\\/x.com\\\/Salzburgerland\",\"https:\\\/\\\/www.instagram.com\\\/salzburgerland\\\/\",\"https:\\\/\\\/at.linkedin.com\\\/company\\\/salzburgerland-tourismus-gmbh\",\"https:\\\/\\\/www.pinterest.at\\\/salzburgerland\\\/\",\"https:\\\/\\\/www.youtube.com\\\/user\\\/salzburgerland\",\"https:\\\/\\\/de.wikipedia.org\\\/wiki\\\/SalzburgerLand_Tourismus_GmbH\"]},{\"@type\":\"Person\",\"@id\":\"https:\\\/\\\/www.salzburgerland.com\\\/de\\\/magazin\\\/#\\\/schema\\\/person\\\/436a159c3d355745bb9190e3e7f6d897\",\"name\":\"Daniela J\u00e4ger\",\"description\":\"Salzburg Stadt, SalzburgLand, Bad Ischl, Krems, St. P\u00f6lten, M\u00fcnchen, Wien und wieder retour. Daniela J\u00e4ger hat w\u00e4hrend ihrer Ausbildung und ersten Berufserfahrungen relativ wenig von der Welt, daf\u00fcr viel von \u00d6sterreich gesehen und wei\u00df - zu Hause im SalzburgerLand ist es doch am sch\u00f6nsten. Zur\u00fcckgekommen, um zu bleiben lautet also das Motto. Im M\u00e4rz 2009 in der Stadt Salzburg mit einer Marketing- und PR-Agentur selbstst\u00e4ndig gemacht hatte Daniela J\u00e4ger von Beginn an das Gl\u00fcck, der Heimat, der Tradition &amp; der Innovation verbundene Unternehmen ihre Kunden nennen zu d\u00fcrfen. In der Freizeit nutzt sie jede Gelegenheit, einen Berg zu erobern oder an einem der umliegenden Seen die Seele baumeln zu lassen und die Sch\u00f6nheit der Salzburger Natur zu jeder Jahreszeit voll und ganz auszukosten. Fragen mit Antworten von Daniela J\u00e4ger Fr\u00fchling, Sommer, Herbst oder Winter? Das wirklich Besondere bei uns sind die Jahreszeiten. Der Fr\u00fchling mit seinem Erwachen, der Sommer mit seiner Energie, der Herbst mit seiner Sinnlichkeit und der Winter mit seiner Ruhe - ich liebe sie alle! Luxushotel oder Almh\u00fctte? Da sag ich ganz klar zu keinem von beiden Nein. Jede dieser \\\"Herbergen\\\" haben ihren ganz besonderen Reiz und je nach Sehnsucht wird dort wie da entspannt und jeder auch noch so kurze Besuch wird zu Urlaubsfeeling pur. Gummistiefel oder Highheels? Bei meiner R\u00fcckkehr nach Salzburg waren auch meine Gummistiefel - nicht diese modischen Modestieferl, sondern die echten - mit im Gep\u00e4ck. Klar, im Salzburger Schn\u00fcrlregen habe ich nun endlich Grund, sie dauerzutragen. Aber auch mit atemberaubenden Highheels d\u00fcrfen meine F\u00fc\u00dfe ab und an au\u00dfer Haus. Kr\u00e4utertee oder Zirbenschnaps? Ein Zirberl in Ehren kann dieJ\u00e4gerin niemals verwehren - aber selbstverst\u00e4ndlich nur die, die auf legalem Weg kredenzt werden, denn der Zirbenzapfen steht unter Naturschutz. Doch auch ein guter Bio-Kr\u00e4utertee hat es etwas Magisches und tut unglaublich gut. Alpinski, Offpist oder Skitour? Alles was mit zwei Brettern unter den F\u00fc\u00dfen zu tun hat wird gemacht. Au\u00dfer im Sommer. Da tausche ich die Wasserski lieber gegen das Wakeboard. Einer der gro\u00dfen Vorteile am Leben im SalzburgerLand ist die N\u00e4he zu unz\u00e4hligen Skigebieten. Da kann man auch unter der Woche nach dem B\u00fcro die Tourenski anschnallen und noch schnell den D\u00fcrrnberg oder das Zw\u00f6lferhorn bezwingen. Und am Wochenende geht es dann zum Powdern und Carven in eines der gr\u00f6\u00dferen umliegenden Skigebiete.\",\"url\":\"https:\\\/\\\/www.salzburgerland.com\\\/de\\\/magazin\\\/author\\\/daniela-jaeger\\\/\"}]}<\/script>\n<!-- \/ Yoast SEO Premium plugin. -->","yoast_head_json":{"title":"Karl Lagerfeld in Salzburg - SalzburgerLand Magazin","description":"Modezar Karl Lagerfeld hat die neue Kollektion \"Metiers d'Art\" von Chanel im Schloss Leopoldskron in der Stadt Salzburg am 2. Dezember 2014 pr\u00e4sentiert. Er zelebrierte in der fulminanten Modenschau eine Mischung der \u00f6sterreichischen Tracht und des verspielten Rokoko-Stils.\u00a0","robots":{"index":"index","follow":"follow","max-snippet":"max-snippet:-1","max-image-preview":"max-image-preview:large","max-video-preview":"max-video-preview:-1"},"canonical":"https:\/\/www.salzburgerland.com\/de\/magazin\/karl-lagerfeld-in-salzburg\/","og_locale":"de_DE","og_type":"article","og_title":"Karl Lagerfeld in Salzburg","og_description":"In der rund 30-min\u00fctigen Show&nbsp;wandelten&nbsp;die Models vor rund 500 G\u00e4sten durch die majest\u00e4tischen R\u00e4umlichkeiten des Rokoko-Schlosses. Mit dabei: Cara Delevingne, Kendall Jenner und Dressman Brad Kroenig. Auch ein sehr junger Herr war Gast der Show: Kroenigs Sohn, der sechsj\u00e4hrige Hudson, der zugleich das Patenkind &nbsp;von Karl Lagerfeld, Eleonore Toulin, Kremi Otashliyska, Audrey Marnay, Brogan Loftus [&hellip;]","og_url":"https:\/\/www.salzburgerland.com\/de\/magazin\/karl-lagerfeld-in-salzburg\/","og_site_name":"SalzburgerLand Magazin","article_publisher":"https:\/\/www.facebook.com\/salzburgerland\/","article_published_time":"2014-12-03T09:21:25+00:00","article_modified_time":"2025-03-04T06:12:28+00:00","og_image":[{"width":1600,"height":1066,"url":"https:\/\/www.salzburgerland.com\/de\/magazin\/wp-content\/uploads\/2014\/12\/RedChanelShow_80.jpg","type":"image\/jpeg"}],"author":"Daniela J\u00e4ger","twitter_card":"summary_large_image","twitter_creator":"@Salzburgerland","twitter_site":"@Salzburgerland","twitter_misc":{"Verfasst von":"Daniela J\u00e4ger","Gesch\u00e4tzte Lesezeit":"8\u00a0Minuten"},"schema":{"@context":"https:\/\/schema.org","@graph":[{"@type":"Article","@id":"https:\/\/www.salzburgerland.com\/de\/magazin\/karl-lagerfeld-in-salzburg\/#article","isPartOf":{"@id":"https:\/\/www.salzburgerland.com\/de\/magazin\/karl-lagerfeld-in-salzburg\/"},"author":{"name":"Daniela J\u00e4ger","@id":"https:\/\/www.salzburgerland.com\/de\/magazin\/#\/schema\/person\/436a159c3d355745bb9190e3e7f6d897"},"headline":"Karl Lagerfeld in Salzburg","datePublished":"2014-12-03T09:21:25+00:00","dateModified":"2025-03-04T06:12:28+00:00","mainEntityOfPage":{"@id":"https:\/\/www.salzburgerland.com\/de\/magazin\/karl-lagerfeld-in-salzburg\/"},"wordCount":621,"commentCount":0,"publisher":{"@id":"https:\/\/www.salzburgerland.com\/de\/magazin\/#organization"},"image":{"@id":"https:\/\/www.salzburgerland.com\/de\/magazin\/karl-lagerfeld-in-salzburg\/#primaryimage"},"thumbnailUrl":"https:\/\/www.salzburgerland.com\/de\/magazin\/wp-content\/uploads\/2014\/12\/RedChanelShow_80.jpg","articleSection":["Lifestyle"],"inLanguage":"de","potentialAction":[{"@type":"CommentAction","name":"Comment","target":["https:\/\/www.salzburgerland.com\/de\/magazin\/karl-lagerfeld-in-salzburg\/#respond"]}]},{"@type":"WebPage","@id":"https:\/\/www.salzburgerland.com\/de\/magazin\/karl-lagerfeld-in-salzburg\/","url":"https:\/\/www.salzburgerland.com\/de\/magazin\/karl-lagerfeld-in-salzburg\/","name":"Karl Lagerfeld in Salzburg - SalzburgerLand Magazin","isPartOf":{"@id":"https:\/\/www.salzburgerland.com\/de\/magazin\/#website"},"primaryImageOfPage":{"@id":"https:\/\/www.salzburgerland.com\/de\/magazin\/karl-lagerfeld-in-salzburg\/#primaryimage"},"image":{"@id":"https:\/\/www.salzburgerland.com\/de\/magazin\/karl-lagerfeld-in-salzburg\/#primaryimage"},"thumbnailUrl":"https:\/\/www.salzburgerland.com\/de\/magazin\/wp-content\/uploads\/2014\/12\/RedChanelShow_80.jpg","datePublished":"2014-12-03T09:21:25+00:00","dateModified":"2025-03-04T06:12:28+00:00","breadcrumb":{"@id":"https:\/\/www.salzburgerland.com\/de\/magazin\/karl-lagerfeld-in-salzburg\/#breadcrumb"},"inLanguage":"de","potentialAction":[{"@type":"ReadAction","target":["https:\/\/www.salzburgerland.com\/de\/magazin\/karl-lagerfeld-in-salzburg\/"]}]},{"@type":"ImageObject","inLanguage":"de","@id":"https:\/\/www.salzburgerland.com\/de\/magazin\/karl-lagerfeld-in-salzburg\/#primaryimage","url":"https:\/\/www.salzburgerland.com\/de\/magazin\/wp-content\/uploads\/2014\/12\/RedChanelShow_80.jpg","contentUrl":"https:\/\/www.salzburgerland.com\/de\/magazin\/wp-content\/uploads\/2014\/12\/RedChanelShow_80.jpg","width":1600,"height":1066,"caption":"Ein Model und ein Mann laufen in einer Modenschau zum Thema Bibliothek, w\u00e4hrend das sitzende Publikum applaudiert und Fotos macht."},{"@type":"BreadcrumbList","@id":"https:\/\/www.salzburgerland.com\/de\/magazin\/karl-lagerfeld-in-salzburg\/#breadcrumb","itemListElement":[{"@type":"ListItem","position":1,"name":"Startseite","item":"https:\/\/www.salzburgerland.com\/de\/magazin\/"},{"@type":"ListItem","position":2,"name":"Lifestyle","item":"https:\/\/www.salzburgerland.com\/de\/magazin\/thema\/lifestyle\/"},{"@type":"ListItem","position":3,"name":"Karl Lagerfeld in Salzburg"}]},{"@type":"WebSite","@id":"https:\/\/www.salzburgerland.com\/de\/magazin\/#website","url":"https:\/\/www.salzburgerland.com\/de\/magazin\/","name":"SalzburgerLand Magazin","description":"Geschichten und Interessantes aus dem SalzburgerLand","publisher":{"@id":"https:\/\/www.salzburgerland.com\/de\/magazin\/#organization"},"potentialAction":[{"@type":"SearchAction","target":{"@type":"EntryPoint","urlTemplate":"https:\/\/www.salzburgerland.com\/de\/magazin\/?s={search_term_string}"},"query-input":{"@type":"PropertyValueSpecification","valueRequired":true,"valueName":"search_term_string"}}],"inLanguage":"de"},{"@type":"Organization","@id":"https:\/\/www.salzburgerland.com\/de\/magazin\/#organization","name":"SalzburgerLand Tourismus","url":"https:\/\/www.salzburgerland.com\/de\/magazin\/","logo":{"@type":"ImageObject","inLanguage":"de","@id":"https:\/\/www.salzburgerland.com\/de\/magazin\/#\/schema\/logo\/image\/","url":"https:\/\/www.salzburgerland.com\/de\/magazin\/wp-content\/uploads\/2019\/06\/salzburgerland-logo1.jpg","contentUrl":"https:\/\/www.salzburgerland.com\/de\/magazin\/wp-content\/uploads\/2019\/06\/salzburgerland-logo1.jpg","width":2011,"height":866,"caption":"SalzburgerLand Tourismus"},"image":{"@id":"https:\/\/www.salzburgerland.com\/de\/magazin\/#\/schema\/logo\/image\/"},"sameAs":["https:\/\/www.facebook.com\/salzburgerland\/","https:\/\/x.com\/Salzburgerland","https:\/\/www.instagram.com\/salzburgerland\/","https:\/\/at.linkedin.com\/company\/salzburgerland-tourismus-gmbh","https:\/\/www.pinterest.at\/salzburgerland\/","https:\/\/www.youtube.com\/user\/salzburgerland","https:\/\/de.wikipedia.org\/wiki\/SalzburgerLand_Tourismus_GmbH"]},{"@type":"Person","@id":"https:\/\/www.salzburgerland.com\/de\/magazin\/#\/schema\/person\/436a159c3d355745bb9190e3e7f6d897","name":"Daniela J\u00e4ger","description":"Salzburg Stadt, SalzburgLand, Bad Ischl, Krems, St. P\u00f6lten, M\u00fcnchen, Wien und wieder retour. Daniela J\u00e4ger hat w\u00e4hrend ihrer Ausbildung und ersten Berufserfahrungen relativ wenig von der Welt, daf\u00fcr viel von \u00d6sterreich gesehen und wei\u00df - zu Hause im SalzburgerLand ist es doch am sch\u00f6nsten. Zur\u00fcckgekommen, um zu bleiben lautet also das Motto. Im M\u00e4rz 2009 in der Stadt Salzburg mit einer Marketing- und PR-Agentur selbstst\u00e4ndig gemacht hatte Daniela J\u00e4ger von Beginn an das Gl\u00fcck, der Heimat, der Tradition &amp; der Innovation verbundene Unternehmen ihre Kunden nennen zu d\u00fcrfen. In der Freizeit nutzt sie jede Gelegenheit, einen Berg zu erobern oder an einem der umliegenden Seen die Seele baumeln zu lassen und die Sch\u00f6nheit der Salzburger Natur zu jeder Jahreszeit voll und ganz auszukosten. Fragen mit Antworten von Daniela J\u00e4ger Fr\u00fchling, Sommer, Herbst oder Winter? Das wirklich Besondere bei uns sind die Jahreszeiten. Der Fr\u00fchling mit seinem Erwachen, der Sommer mit seiner Energie, der Herbst mit seiner Sinnlichkeit und der Winter mit seiner Ruhe - ich liebe sie alle! Luxushotel oder Almh\u00fctte? Da sag ich ganz klar zu keinem von beiden Nein. Jede dieser \"Herbergen\" haben ihren ganz besonderen Reiz und je nach Sehnsucht wird dort wie da entspannt und jeder auch noch so kurze Besuch wird zu Urlaubsfeeling pur. Gummistiefel oder Highheels? Bei meiner R\u00fcckkehr nach Salzburg waren auch meine Gummistiefel - nicht diese modischen Modestieferl, sondern die echten - mit im Gep\u00e4ck. Klar, im Salzburger Schn\u00fcrlregen habe ich nun endlich Grund, sie dauerzutragen. Aber auch mit atemberaubenden Highheels d\u00fcrfen meine F\u00fc\u00dfe ab und an au\u00dfer Haus. Kr\u00e4utertee oder Zirbenschnaps? Ein Zirberl in Ehren kann dieJ\u00e4gerin niemals verwehren - aber selbstverst\u00e4ndlich nur die, die auf legalem Weg kredenzt werden, denn der Zirbenzapfen steht unter Naturschutz. Doch auch ein guter Bio-Kr\u00e4utertee hat es etwas Magisches und tut unglaublich gut. Alpinski, Offpist oder Skitour? Alles was mit zwei Brettern unter den F\u00fc\u00dfen zu tun hat wird gemacht. Au\u00dfer im Sommer. Da tausche ich die Wasserski lieber gegen das Wakeboard. Einer der gro\u00dfen Vorteile am Leben im SalzburgerLand ist die N\u00e4he zu unz\u00e4hligen Skigebieten. Da kann man auch unter der Woche nach dem B\u00fcro die Tourenski anschnallen und noch schnell den D\u00fcrrnberg oder das Zw\u00f6lferhorn bezwingen. Und am Wochenende geht es dann zum Powdern und Carven in eines der gr\u00f6\u00dferen umliegenden Skigebiete.","url":"https:\/\/www.salzburgerland.com\/de\/magazin\/author\/daniela-jaeger\/"}]}},"_wl_alt_label":[],"wl:entity_url":"http:\/\/open.salzburgerland.com\/magazin\/post\/karl_lagerfeld_in_salzburg","_links":{"self":[{"href":"https:\/\/www.salzburgerland.com\/de\/magazin\/wp-json\/wp\/v2\/posts\/93507","targetHints":{"allow":["GET"]}}],"collection":[{"href":"https:\/\/www.salzburgerland.com\/de\/magazin\/wp-json\/wp\/v2\/posts"}],"about":[{"href":"https:\/\/www.salzburgerland.com\/de\/magazin\/wp-json\/wp\/v2\/types\/post"}],"author":[{"embeddable":true,"href":"https:\/\/www.salzburgerland.com\/de\/magazin\/wp-json\/wp\/v2\/users\/12"}],"replies":[{"embeddable":true,"href":"https:\/\/www.salzburgerland.com\/de\/magazin\/wp-json\/wp\/v2\/comments?post=93507"}],"version-history":[{"count":1,"href":"https:\/\/www.salzburgerland.com\/de\/magazin\/wp-json\/wp\/v2\/posts\/93507\/revisions"}],"predecessor-version":[{"id":181362,"href":"https:\/\/www.salzburgerland.com\/de\/magazin\/wp-json\/wp\/v2\/posts\/93507\/revisions\/181362"}],"wp:featuredmedia":[{"embeddable":true,"href":"https:\/\/www.salzburgerland.com\/de\/magazin\/wp-json\/wp\/v2\/media\/93532"}],"wp:attachment":[{"href":"https:\/\/www.salzburgerland.com\/de\/magazin\/wp-json\/wp\/v2\/media?parent=93507"}],"wp:term":[{"taxonomy":"category","embeddable":true,"href":"https:\/\/www.salzburgerland.com\/de\/magazin\/wp-json\/wp\/v2\/categories?post=93507"},{"taxonomy":"post_tag","embeddable":true,"href":"https:\/\/www.salzburgerland.com\/de\/magazin\/wp-json\/wp\/v2\/tags?post=93507"},{"taxonomy":"wl_entity_type","embeddable":true,"href":"https:\/\/www.salzburgerland.com\/de\/magazin\/wp-json\/wp\/v2\/wl_entity_type?post=93507"},{"taxonomy":"monatsauswahl","embeddable":true,"href":"https:\/\/www.salzburgerland.com\/de\/magazin\/wp-json\/wp\/v2\/monatsauswahl?post=93507"}],"curies":[{"name":"wp","href":"https:\/\/api.w.org\/{rel}","templated":true}]}}