{"id":93488,"date":"2014-12-08T08:19:05","date_gmt":"2014-12-08T07:19:05","guid":{"rendered":"http:\/\/magazin.salzburgerland.com\/?p=93488"},"modified":"2024-11-13T07:51:16","modified_gmt":"2024-11-13T06:51:16","slug":"connys-marillen-topfen-stollen","status":"publish","type":"post","link":"https:\/\/www.salzburgerland.com\/de\/magazin\/connys-marillen-topfen-stollen\/","title":{"rendered":"Marillen-Topfen-Stollen"},"content":{"rendered":"\n<h2 class=\"wp-block-slt-subtitle\">Ein Rezept von Food-Bloggerin Conny<\/h2>\n\n\n\n<p class=\"wp-block-slt-intro\">&#8222;Voller Energie und Tatendrang, manchmal vielleicht etwas \u00fcberambitioniert&#8220;, so beschreibt sich&nbsp;Conny selbst \u2013 und damit auch ihr Herzensprojekt: ihren Food-Blog<a rel=\"noreferrer noopener\" href=\"http:\/\/www.inajellyjar.com\/\" target=\"_blank\"> &#8222;moment in a jelly jar&#8220;<\/a>.<\/p>\n\n\n\n<p>Aufw\u00e4ndig inszenierte Fotos, ausgekl\u00fcgelte Rezepte zu Kuchen, Keksen und andere s\u00fc\u00dfe Leckereien und dazu immer ein paar kluge Gedanken \u00fcber Gott und die Welt: Das ist Connys Markenzeichen.<\/p>\n\n\n\n<p>Denn neben herrlich verlockenden Rezepten sorgt die Food-Bloggerin zus\u00e4tzlich f\u00fcr Lesestoff, w\u00e4hrend man auf ihrer Website st\u00f6bert. Da geht es manchmal um Gedanken \u00fcber die Zukunft, pers\u00f6nliche \u00c4ngste oder wie es sich anf\u00fchlt, wenn man keinen Fernseher mehr Zuhause hat. Zu tiefsinnig f\u00fcr einen Food-Blog? Die junge Frau beweist das Gegenteil&nbsp;und mischt gekonnt ihre Texte mit Fotos s\u00fc\u00dfer Verf\u00fchrungen.<\/p>\n\n\n\n<h2 class=\"wp-block-heading\" id=\"h-moments-in-a-jelly-jar\">Moments in a Jelly Jar<\/h2>\n\n\n\n<p>Milchreis mit Kokos und Kardamon, French-Toast-Auflauf mit Heidelbeeren, Zucchini-Cookies mit Schokolade \u2013 Connys Gerichte sind nicht unbedingt allt\u00e4glich und damit eine umso willkommenere Abwechslung zu herk\u00f6mmlicher Kochliteratur. &#8222;F\u00fcr mich gibt es nicht Sch\u00f6neres, als einen freien Tag mit dem Duft von Apfelkuchen zu f\u00fcllen&#8220;, beschreibt die Ober\u00f6sterreicherin, die in Salzburg lebt. &#8222;Marmeladenglas-Momente&#8220; nennt sie das \u2013&nbsp;daher stammt auch der Name ihres Blogs.<\/p>\n\n\n\n<p>Uns hat Conny das Rezept f\u00fcr einen herrlichen Marillen-Topfen-Stollen verraten!<\/p>\n\n\n\n<figure class=\"wp-block-image alignnone size-full\"><a href=\"https:\/\/www.salzburgerland.com\/de\/magazin\/wp-content\/uploads\/2014\/11\/slt-x-mas-26-von-31.jpg\"><img loading=\"lazy\" decoding=\"async\" width=\"1066\" height=\"1600\" src=\"https:\/\/www.salzburgerland.com\/de\/magazin\/wp-content\/uploads\/2014\/11\/slt-x-mas-26-von-31.jpg\" alt=\"Aufgeschnittenes Brot auf einem Teller und Schneidebrett, mit Kerzen und festlicher Tischdekoration im Hintergrund.\" class=\"wp-image-93391\" srcset=\"https:\/\/www.salzburgerland.com\/de\/magazin\/wp-content\/uploads\/2014\/11\/slt-x-mas-26-von-31.jpg 1066w, https:\/\/www.salzburgerland.com\/de\/magazin\/wp-content\/uploads\/2014\/11\/slt-x-mas-26-von-31-200x300.jpg 200w, https:\/\/www.salzburgerland.com\/de\/magazin\/wp-content\/uploads\/2014\/11\/slt-x-mas-26-von-31-366x550.jpg 366w, https:\/\/www.salzburgerland.com\/de\/magazin\/wp-content\/uploads\/2014\/11\/slt-x-mas-26-von-31-267x400.jpg 267w\" sizes=\"auto, (max-width: 1066px) 100vw, 1066px\" \/><\/a><figcaption class=\"wp-element-caption\">Der k\u00f6stliche Stollen wartet schon darauf, genossen zu werden<\/figcaption><\/figure>\n\n\n\n<h2 class=\"wp-block-heading\" id=\"h-marillen-topfen-stollen\"><strong>Marillen-Topfen-Stollen<\/strong><\/h2>\n\n\n\n<p><strong>Zutaten:<\/strong><\/p>\n\n\n\n<p>200 g getrocknete Marillen<br>100 g Topfen<br>50 g Butterschmalz<br>70 g Kristallzucker<br>1 Pkg. Vanillezucker<br>1 Ei<br>2 El Vollmilch<br>5 Tropfen Bittermandelaroma<br>1 Prise Salz<br>2 El gemahlene Mandeln<br>180 g glattes Weizenmehl<br>1 Pkg. Backpulver<br>ca. 50 g zerlassene Butter<br>2-3 EL Staubzucker<\/p>\n\n\n\n<p>&nbsp;<strong>Zubereitung:<\/strong><\/p>\n\n\n\n<p>Als erstes die Marillen fein hacken und den Backofen auf 200 Grad Ober-\/Unterhitze vorheizen. Den Topfen mit dem Butterschmalz, Kristallzucker und Vanillezucker, Ei, Milch, Bittermandelaroma und Salz gut verr\u00fchren. Die gemahlenen Mandeln mit Mehl und Backpulver vermischen und unter die Topfenmasse heben. Jetzt die Marillen unterarbeiten. Den Teig mit der Hand auf der bemehlten Arbeitsfl\u00e4che ein paar Mal kr\u00e4ftig durchkneten und zu einem Stollen formen. Den Stollen auf ein mit Backpapier ausgelegtes Backblech legen und auf mittlerer Schiene etwa 35-40 Minuten backen. Mit einem Holszpiesschen Garprobe machen. Butter \u00fcber den noch warmen Stollen streichen und mit Staubzucker bestreuen.<\/p>\n\n\n\n<p>&nbsp;<em>Fotocredits: Carolina Hubelnig<\/em><\/p>\n","protected":false},"excerpt":{"rendered":"<p>Aufw\u00e4ndig inszenierte Fotos, ausgekl\u00fcgelte Rezepte zu Kuchen, Keksen und andere s\u00fc\u00dfe Leckereien und dazu immer ein paar kluge Gedanken \u00fcber Gott und die Welt: Das ist Connys Markenzeichen. Denn neben herrlich verlockenden Rezepten sorgt die Food-Bloggerin zus\u00e4tzlich f\u00fcr Lesestoff, w\u00e4hrend man auf ihrer Website st\u00f6bert. Da geht es manchmal um Gedanken \u00fcber die Zukunft, pers\u00f6nliche [&hellip;]<\/p>\n","protected":false},"author":8,"featured_media":93396,"comment_status":"open","ping_status":"open","sticky":false,"template":"","format":"standard","meta":{"_acf_changed":false,"wl_entities_gutenberg":"","_wl_entity_redirect_enabled":"","footnotes":""},"categories":[3],"tags":[24],"wl_entity_type":[871],"monatsauswahl":[82,90,92,93],"class_list":["post-93488","post","type-post","status-publish","format-standard","has-post-thumbnail","hentry","category-essen-trinken","tag-rezept","wl_entity_type-recipe","monatsauswahl-monat_1","monatsauswahl-monat_9","monatsauswahl-monat_11","monatsauswahl-monat_12"],"acf":[],"yoast_head":"<!-- This site is optimized with the Yoast SEO Premium plugin v27.4 (Yoast SEO v27.4) - https:\/\/yoast.com\/product\/yoast-seo-premium-wordpress\/ -->\n<title>Marillen-Topfen-Stollen - SalzburgerLand Magazin<\/title>\n<meta name=\"description\" content=\"&quot;Voller Energie und Tatendrang, manchmal vielleicht etwas \u00fcberambitioniert&quot;, so beschreibt sich&nbsp;Conny selbst \u2013 und damit auch ihr Herzensprojekt: ihren Food-Blog &quot;moment in a jelly jar&quot;.\" \/>\n<meta name=\"robots\" content=\"index, follow, max-snippet:-1, max-image-preview:large, max-video-preview:-1\" \/>\n<link rel=\"canonical\" href=\"https:\/\/www.salzburgerland.com\/de\/magazin\/connys-marillen-topfen-stollen\/\" \/>\n<meta property=\"og:locale\" content=\"de_DE\" \/>\n<meta property=\"og:type\" content=\"article\" \/>\n<meta property=\"og:title\" content=\"Marillen-Topfen-Stollen\" \/>\n<meta property=\"og:description\" content=\"Aufw\u00e4ndig inszenierte Fotos, ausgekl\u00fcgelte Rezepte zu Kuchen, Keksen und andere s\u00fc\u00dfe Leckereien und dazu immer ein paar kluge Gedanken \u00fcber Gott und die Welt: Das ist Connys Markenzeichen. Denn neben herrlich verlockenden Rezepten sorgt die Food-Bloggerin zus\u00e4tzlich f\u00fcr Lesestoff, w\u00e4hrend man auf ihrer Website st\u00f6bert. Da geht es manchmal um Gedanken \u00fcber die Zukunft, pers\u00f6nliche [&hellip;]\" \/>\n<meta property=\"og:url\" content=\"https:\/\/www.salzburgerland.com\/de\/magazin\/connys-marillen-topfen-stollen\/\" \/>\n<meta property=\"og:site_name\" content=\"SalzburgerLand Magazin\" \/>\n<meta property=\"article:publisher\" content=\"https:\/\/www.facebook.com\/salzburgerland\/\" \/>\n<meta property=\"article:published_time\" content=\"2014-12-08T07:19:05+00:00\" \/>\n<meta property=\"article:modified_time\" content=\"2024-11-13T06:51:16+00:00\" \/>\n<meta property=\"og:image\" content=\"https:\/\/www.salzburgerland.com\/de\/magazin\/wp-content\/uploads\/2014\/11\/slt-x-mas-31-von-31.jpg\" \/>\n\t<meta property=\"og:image:width\" content=\"1066\" \/>\n\t<meta property=\"og:image:height\" content=\"1600\" \/>\n\t<meta property=\"og:image:type\" content=\"image\/jpeg\" \/>\n<meta name=\"author\" content=\"Christine Gnahn\" \/>\n<meta name=\"twitter:card\" content=\"summary_large_image\" \/>\n<meta name=\"twitter:creator\" content=\"@Salzburgerland\" \/>\n<meta name=\"twitter:site\" content=\"@Salzburgerland\" \/>\n<meta name=\"twitter:label1\" content=\"Verfasst von\" \/>\n\t<meta name=\"twitter:data1\" content=\"Christine Gnahn\" \/>\n\t<meta name=\"twitter:label2\" content=\"Gesch\u00e4tzte Lesezeit\" \/>\n\t<meta name=\"twitter:data2\" content=\"3\u00a0Minuten\" \/>\n<script type=\"application\/ld+json\" class=\"yoast-schema-graph\">{\"@context\":\"https:\\\/\\\/schema.org\",\"@graph\":[{\"@type\":\"Article\",\"@id\":\"https:\\\/\\\/www.salzburgerland.com\\\/de\\\/magazin\\\/connys-marillen-topfen-stollen\\\/#article\",\"isPartOf\":{\"@id\":\"https:\\\/\\\/www.salzburgerland.com\\\/de\\\/magazin\\\/connys-marillen-topfen-stollen\\\/\"},\"author\":{\"name\":\"Christine Gnahn\",\"@id\":\"https:\\\/\\\/www.salzburgerland.com\\\/de\\\/magazin\\\/#\\\/schema\\\/person\\\/bffbd5cf7c6a1f4948505566c7fcff7c\"},\"headline\":\"Marillen-Topfen-Stollen\",\"datePublished\":\"2014-12-08T07:19:05+00:00\",\"dateModified\":\"2024-11-13T06:51:16+00:00\",\"mainEntityOfPage\":{\"@id\":\"https:\\\/\\\/www.salzburgerland.com\\\/de\\\/magazin\\\/connys-marillen-topfen-stollen\\\/\"},\"wordCount\":368,\"commentCount\":0,\"publisher\":{\"@id\":\"https:\\\/\\\/www.salzburgerland.com\\\/de\\\/magazin\\\/#organization\"},\"image\":{\"@id\":\"https:\\\/\\\/www.salzburgerland.com\\\/de\\\/magazin\\\/connys-marillen-topfen-stollen\\\/#primaryimage\"},\"thumbnailUrl\":\"https:\\\/\\\/www.salzburgerland.com\\\/de\\\/magazin\\\/wp-content\\\/uploads\\\/2014\\\/11\\\/slt-x-mas-31-von-31.jpg\",\"keywords\":[\"rezept\"],\"articleSection\":[\"Essen &amp; Trinken\"],\"inLanguage\":\"de\",\"potentialAction\":[{\"@type\":\"CommentAction\",\"name\":\"Comment\",\"target\":[\"https:\\\/\\\/www.salzburgerland.com\\\/de\\\/magazin\\\/connys-marillen-topfen-stollen\\\/#respond\"]}]},{\"@type\":\"WebPage\",\"@id\":\"https:\\\/\\\/www.salzburgerland.com\\\/de\\\/magazin\\\/connys-marillen-topfen-stollen\\\/\",\"url\":\"https:\\\/\\\/www.salzburgerland.com\\\/de\\\/magazin\\\/connys-marillen-topfen-stollen\\\/\",\"name\":\"Marillen-Topfen-Stollen - SalzburgerLand Magazin\",\"isPartOf\":{\"@id\":\"https:\\\/\\\/www.salzburgerland.com\\\/de\\\/magazin\\\/#website\"},\"primaryImageOfPage\":{\"@id\":\"https:\\\/\\\/www.salzburgerland.com\\\/de\\\/magazin\\\/connys-marillen-topfen-stollen\\\/#primaryimage\"},\"image\":{\"@id\":\"https:\\\/\\\/www.salzburgerland.com\\\/de\\\/magazin\\\/connys-marillen-topfen-stollen\\\/#primaryimage\"},\"thumbnailUrl\":\"https:\\\/\\\/www.salzburgerland.com\\\/de\\\/magazin\\\/wp-content\\\/uploads\\\/2014\\\/11\\\/slt-x-mas-31-von-31.jpg\",\"datePublished\":\"2014-12-08T07:19:05+00:00\",\"dateModified\":\"2024-11-13T06:51:16+00:00\",\"breadcrumb\":{\"@id\":\"https:\\\/\\\/www.salzburgerland.com\\\/de\\\/magazin\\\/connys-marillen-topfen-stollen\\\/#breadcrumb\"},\"inLanguage\":\"de\",\"potentialAction\":[{\"@type\":\"ReadAction\",\"target\":[\"https:\\\/\\\/www.salzburgerland.com\\\/de\\\/magazin\\\/connys-marillen-topfen-stollen\\\/\"]}]},{\"@type\":\"ImageObject\",\"inLanguage\":\"de\",\"@id\":\"https:\\\/\\\/www.salzburgerland.com\\\/de\\\/magazin\\\/connys-marillen-topfen-stollen\\\/#primaryimage\",\"url\":\"https:\\\/\\\/www.salzburgerland.com\\\/de\\\/magazin\\\/wp-content\\\/uploads\\\/2014\\\/11\\\/slt-x-mas-31-von-31.jpg\",\"contentUrl\":\"https:\\\/\\\/www.salzburgerland.com\\\/de\\\/magazin\\\/wp-content\\\/uploads\\\/2014\\\/11\\\/slt-x-mas-31-von-31.jpg\",\"width\":1066,\"height\":1600,\"caption\":\"Ein St\u00fcck Puderzuckerkuchen auf einem Holzbrett, daneben eine brennende Kerze und festliche Dekoration.\"},{\"@type\":\"BreadcrumbList\",\"@id\":\"https:\\\/\\\/www.salzburgerland.com\\\/de\\\/magazin\\\/connys-marillen-topfen-stollen\\\/#breadcrumb\",\"itemListElement\":[{\"@type\":\"ListItem\",\"position\":1,\"name\":\"Startseite\",\"item\":\"https:\\\/\\\/www.salzburgerland.com\\\/de\\\/magazin\\\/\"},{\"@type\":\"ListItem\",\"position\":2,\"name\":\"Essen &amp; Trinken\",\"item\":\"https:\\\/\\\/www.salzburgerland.com\\\/de\\\/magazin\\\/thema\\\/essen-trinken\\\/\"},{\"@type\":\"ListItem\",\"position\":3,\"name\":\"Marillen-Topfen-Stollen\"}]},{\"@type\":\"WebSite\",\"@id\":\"https:\\\/\\\/www.salzburgerland.com\\\/de\\\/magazin\\\/#website\",\"url\":\"https:\\\/\\\/www.salzburgerland.com\\\/de\\\/magazin\\\/\",\"name\":\"SalzburgerLand Magazin\",\"description\":\"Geschichten und Interessantes aus dem SalzburgerLand\",\"publisher\":{\"@id\":\"https:\\\/\\\/www.salzburgerland.com\\\/de\\\/magazin\\\/#organization\"},\"potentialAction\":[{\"@type\":\"SearchAction\",\"target\":{\"@type\":\"EntryPoint\",\"urlTemplate\":\"https:\\\/\\\/www.salzburgerland.com\\\/de\\\/magazin\\\/?s={search_term_string}\"},\"query-input\":{\"@type\":\"PropertyValueSpecification\",\"valueRequired\":true,\"valueName\":\"search_term_string\"}}],\"inLanguage\":\"de\"},{\"@type\":\"Organization\",\"@id\":\"https:\\\/\\\/www.salzburgerland.com\\\/de\\\/magazin\\\/#organization\",\"name\":\"SalzburgerLand Tourismus\",\"url\":\"https:\\\/\\\/www.salzburgerland.com\\\/de\\\/magazin\\\/\",\"logo\":{\"@type\":\"ImageObject\",\"inLanguage\":\"de\",\"@id\":\"https:\\\/\\\/www.salzburgerland.com\\\/de\\\/magazin\\\/#\\\/schema\\\/logo\\\/image\\\/\",\"url\":\"https:\\\/\\\/www.salzburgerland.com\\\/de\\\/magazin\\\/wp-content\\\/uploads\\\/2019\\\/06\\\/salzburgerland-logo1.jpg\",\"contentUrl\":\"https:\\\/\\\/www.salzburgerland.com\\\/de\\\/magazin\\\/wp-content\\\/uploads\\\/2019\\\/06\\\/salzburgerland-logo1.jpg\",\"width\":2011,\"height\":866,\"caption\":\"SalzburgerLand Tourismus\"},\"image\":{\"@id\":\"https:\\\/\\\/www.salzburgerland.com\\\/de\\\/magazin\\\/#\\\/schema\\\/logo\\\/image\\\/\"},\"sameAs\":[\"https:\\\/\\\/www.facebook.com\\\/salzburgerland\\\/\",\"https:\\\/\\\/x.com\\\/Salzburgerland\",\"https:\\\/\\\/www.instagram.com\\\/salzburgerland\\\/\",\"https:\\\/\\\/at.linkedin.com\\\/company\\\/salzburgerland-tourismus-gmbh\",\"https:\\\/\\\/www.pinterest.at\\\/salzburgerland\\\/\",\"https:\\\/\\\/www.youtube.com\\\/user\\\/salzburgerland\",\"https:\\\/\\\/de.wikipedia.org\\\/wiki\\\/SalzburgerLand_Tourismus_GmbH\"]},{\"@type\":\"Person\",\"@id\":\"https:\\\/\\\/www.salzburgerland.com\\\/de\\\/magazin\\\/#\\\/schema\\\/person\\\/bffbd5cf7c6a1f4948505566c7fcff7c\",\"name\":\"Christine Gnahn\",\"description\":\"Christine Gnahn ist mit Leidenschaft dabei, wenn es um Kunst, Kultur und Menschen im sch\u00f6nen SalzburgerLand geht. In ihrer Freizeit ist sie gern immer im Trubel des Geschehens und verbringt viel Zeit mit Sport und Wandern in der heilsamen Atmosph\u00e4re vom Salzburger M\u00f6nchs- und Kapuzinerberg. Das Schreiben ist sowohl Beruf als auch Hobby: Auch Gedichte, Kurzgeschichten und Romane z\u00e4hlen zum Repertoire der 22-j\u00e4hrigen Journalistin und Schrifstellerin. Um den eigenen Horrizont zu erweitern, begibt sie sich regelm\u00e4\u00dfig auf abenteuerliche Rucksackreisen durch aller Herren L\u00e4nder. Lebensmotto: Leb den Moment! Fragen mit Antworten von Christine Gnahn Morgen- oder Abendmensch? Wenn Morgens die Sonne aufgeht bin ich putzmunter und hab Riesenhunger auf Fr\u00fchst\u00fcck und Leben! Ich wei\u00df ich geh\u00f6re einer aussterbenden Rasse an aber ich f\u00fchle mich pudelwohl damit! Im Morgen liegt einfach eine besondere Kraft: Die Kraft des Neubeginns. Wellnessurlaub oder Rucksackreise? Rucksackreise, ruhig auch ohne jeglichen Komfort. Ich gehe auf Reisen, um Menschen, Land und Lebensgef\u00fchl zu sp\u00fcren. Dazu braucht es weder h\u00fcbsches Hotelzimmer noch edle Buffets. Alles Hab und Gut auf den R\u00fccken und bereit f\u00fcr jedes Abenteuer, das ist doch die wahre Freiheit! Berge oder Meer? Obwohl ich die Berge sehr liebe, w\u00fcrde ich wohl meist das Meer bevorzugen. Schon als Kind Stunden und Tage an der Adria verbracht, ist es mit seinen Wellen, Str\u00f6mung, Flut und Ebbe f\u00fcr mich Sinnbild der Energie und der Ruhe zugleich. Wandern oder Laufen? Ich bin ein Sportfreak. Erst morgens Laufen, dann Wandern! Turnschuhe oder High Heels? Ich besitze ein paar High Heels und die trage ich ungef\u00e4hr einmal in zwei Jahren. Im \u00fcbrigen ist High Heel wohl auch ein klarer Euphemismus f\u00fcr drei Zentimeter Absatz. Gmiadlich soll's sein und ich will mich wohlf\u00fchlen, daher: Turnschuhe! Fr\u00fchling, Sommer, Herbst oder Winter? Ich mag eigentlich jede Jahreszeit. Grad in Australien, wo grad im Norden Jahreszeiten eigentlich komplett durch Regen- und Trockenzeit ersetzt werden, lernt man sie zu sch\u00e4tzen. Aber wenn ich w\u00e4hlen muss, mag ich wohl Fr\u00fchling und Sommer am liebsten. Rindsroulade vom Pinzgauer Biorind oder Saibling fangfrisch aus dem\u00a0Fuschlsee? Ganz klar der Fisch! Grad frischem Fisch kann ich nicht widerstehen. Dazu noch ein Hauch Zitrone... mhhhh!\",\"url\":\"https:\\\/\\\/www.salzburgerland.com\\\/de\\\/magazin\\\/author\\\/cgnahn\\\/\"}]}<\/script>\n<!-- \/ Yoast SEO Premium plugin. -->","yoast_head_json":{"title":"Marillen-Topfen-Stollen - SalzburgerLand Magazin","description":"\"Voller Energie und Tatendrang, manchmal vielleicht etwas \u00fcberambitioniert\", so beschreibt sich&nbsp;Conny selbst \u2013 und damit auch ihr Herzensprojekt: ihren Food-Blog \"moment in a jelly jar\".","robots":{"index":"index","follow":"follow","max-snippet":"max-snippet:-1","max-image-preview":"max-image-preview:large","max-video-preview":"max-video-preview:-1"},"canonical":"https:\/\/www.salzburgerland.com\/de\/magazin\/connys-marillen-topfen-stollen\/","og_locale":"de_DE","og_type":"article","og_title":"Marillen-Topfen-Stollen","og_description":"Aufw\u00e4ndig inszenierte Fotos, ausgekl\u00fcgelte Rezepte zu Kuchen, Keksen und andere s\u00fc\u00dfe Leckereien und dazu immer ein paar kluge Gedanken \u00fcber Gott und die Welt: Das ist Connys Markenzeichen. Denn neben herrlich verlockenden Rezepten sorgt die Food-Bloggerin zus\u00e4tzlich f\u00fcr Lesestoff, w\u00e4hrend man auf ihrer Website st\u00f6bert. Da geht es manchmal um Gedanken \u00fcber die Zukunft, pers\u00f6nliche [&hellip;]","og_url":"https:\/\/www.salzburgerland.com\/de\/magazin\/connys-marillen-topfen-stollen\/","og_site_name":"SalzburgerLand Magazin","article_publisher":"https:\/\/www.facebook.com\/salzburgerland\/","article_published_time":"2014-12-08T07:19:05+00:00","article_modified_time":"2024-11-13T06:51:16+00:00","og_image":[{"width":1066,"height":1600,"url":"https:\/\/www.salzburgerland.com\/de\/magazin\/wp-content\/uploads\/2014\/11\/slt-x-mas-31-von-31.jpg","type":"image\/jpeg"}],"author":"Christine Gnahn","twitter_card":"summary_large_image","twitter_creator":"@Salzburgerland","twitter_site":"@Salzburgerland","twitter_misc":{"Verfasst von":"Christine Gnahn","Gesch\u00e4tzte Lesezeit":"3\u00a0Minuten"},"schema":{"@context":"https:\/\/schema.org","@graph":[{"@type":"Article","@id":"https:\/\/www.salzburgerland.com\/de\/magazin\/connys-marillen-topfen-stollen\/#article","isPartOf":{"@id":"https:\/\/www.salzburgerland.com\/de\/magazin\/connys-marillen-topfen-stollen\/"},"author":{"name":"Christine Gnahn","@id":"https:\/\/www.salzburgerland.com\/de\/magazin\/#\/schema\/person\/bffbd5cf7c6a1f4948505566c7fcff7c"},"headline":"Marillen-Topfen-Stollen","datePublished":"2014-12-08T07:19:05+00:00","dateModified":"2024-11-13T06:51:16+00:00","mainEntityOfPage":{"@id":"https:\/\/www.salzburgerland.com\/de\/magazin\/connys-marillen-topfen-stollen\/"},"wordCount":368,"commentCount":0,"publisher":{"@id":"https:\/\/www.salzburgerland.com\/de\/magazin\/#organization"},"image":{"@id":"https:\/\/www.salzburgerland.com\/de\/magazin\/connys-marillen-topfen-stollen\/#primaryimage"},"thumbnailUrl":"https:\/\/www.salzburgerland.com\/de\/magazin\/wp-content\/uploads\/2014\/11\/slt-x-mas-31-von-31.jpg","keywords":["rezept"],"articleSection":["Essen &amp; Trinken"],"inLanguage":"de","potentialAction":[{"@type":"CommentAction","name":"Comment","target":["https:\/\/www.salzburgerland.com\/de\/magazin\/connys-marillen-topfen-stollen\/#respond"]}]},{"@type":"WebPage","@id":"https:\/\/www.salzburgerland.com\/de\/magazin\/connys-marillen-topfen-stollen\/","url":"https:\/\/www.salzburgerland.com\/de\/magazin\/connys-marillen-topfen-stollen\/","name":"Marillen-Topfen-Stollen - SalzburgerLand Magazin","isPartOf":{"@id":"https:\/\/www.salzburgerland.com\/de\/magazin\/#website"},"primaryImageOfPage":{"@id":"https:\/\/www.salzburgerland.com\/de\/magazin\/connys-marillen-topfen-stollen\/#primaryimage"},"image":{"@id":"https:\/\/www.salzburgerland.com\/de\/magazin\/connys-marillen-topfen-stollen\/#primaryimage"},"thumbnailUrl":"https:\/\/www.salzburgerland.com\/de\/magazin\/wp-content\/uploads\/2014\/11\/slt-x-mas-31-von-31.jpg","datePublished":"2014-12-08T07:19:05+00:00","dateModified":"2024-11-13T06:51:16+00:00","breadcrumb":{"@id":"https:\/\/www.salzburgerland.com\/de\/magazin\/connys-marillen-topfen-stollen\/#breadcrumb"},"inLanguage":"de","potentialAction":[{"@type":"ReadAction","target":["https:\/\/www.salzburgerland.com\/de\/magazin\/connys-marillen-topfen-stollen\/"]}]},{"@type":"ImageObject","inLanguage":"de","@id":"https:\/\/www.salzburgerland.com\/de\/magazin\/connys-marillen-topfen-stollen\/#primaryimage","url":"https:\/\/www.salzburgerland.com\/de\/magazin\/wp-content\/uploads\/2014\/11\/slt-x-mas-31-von-31.jpg","contentUrl":"https:\/\/www.salzburgerland.com\/de\/magazin\/wp-content\/uploads\/2014\/11\/slt-x-mas-31-von-31.jpg","width":1066,"height":1600,"caption":"Ein St\u00fcck Puderzuckerkuchen auf einem Holzbrett, daneben eine brennende Kerze und festliche Dekoration."},{"@type":"BreadcrumbList","@id":"https:\/\/www.salzburgerland.com\/de\/magazin\/connys-marillen-topfen-stollen\/#breadcrumb","itemListElement":[{"@type":"ListItem","position":1,"name":"Startseite","item":"https:\/\/www.salzburgerland.com\/de\/magazin\/"},{"@type":"ListItem","position":2,"name":"Essen &amp; Trinken","item":"https:\/\/www.salzburgerland.com\/de\/magazin\/thema\/essen-trinken\/"},{"@type":"ListItem","position":3,"name":"Marillen-Topfen-Stollen"}]},{"@type":"WebSite","@id":"https:\/\/www.salzburgerland.com\/de\/magazin\/#website","url":"https:\/\/www.salzburgerland.com\/de\/magazin\/","name":"SalzburgerLand Magazin","description":"Geschichten und Interessantes aus dem SalzburgerLand","publisher":{"@id":"https:\/\/www.salzburgerland.com\/de\/magazin\/#organization"},"potentialAction":[{"@type":"SearchAction","target":{"@type":"EntryPoint","urlTemplate":"https:\/\/www.salzburgerland.com\/de\/magazin\/?s={search_term_string}"},"query-input":{"@type":"PropertyValueSpecification","valueRequired":true,"valueName":"search_term_string"}}],"inLanguage":"de"},{"@type":"Organization","@id":"https:\/\/www.salzburgerland.com\/de\/magazin\/#organization","name":"SalzburgerLand Tourismus","url":"https:\/\/www.salzburgerland.com\/de\/magazin\/","logo":{"@type":"ImageObject","inLanguage":"de","@id":"https:\/\/www.salzburgerland.com\/de\/magazin\/#\/schema\/logo\/image\/","url":"https:\/\/www.salzburgerland.com\/de\/magazin\/wp-content\/uploads\/2019\/06\/salzburgerland-logo1.jpg","contentUrl":"https:\/\/www.salzburgerland.com\/de\/magazin\/wp-content\/uploads\/2019\/06\/salzburgerland-logo1.jpg","width":2011,"height":866,"caption":"SalzburgerLand Tourismus"},"image":{"@id":"https:\/\/www.salzburgerland.com\/de\/magazin\/#\/schema\/logo\/image\/"},"sameAs":["https:\/\/www.facebook.com\/salzburgerland\/","https:\/\/x.com\/Salzburgerland","https:\/\/www.instagram.com\/salzburgerland\/","https:\/\/at.linkedin.com\/company\/salzburgerland-tourismus-gmbh","https:\/\/www.pinterest.at\/salzburgerland\/","https:\/\/www.youtube.com\/user\/salzburgerland","https:\/\/de.wikipedia.org\/wiki\/SalzburgerLand_Tourismus_GmbH"]},{"@type":"Person","@id":"https:\/\/www.salzburgerland.com\/de\/magazin\/#\/schema\/person\/bffbd5cf7c6a1f4948505566c7fcff7c","name":"Christine Gnahn","description":"Christine Gnahn ist mit Leidenschaft dabei, wenn es um Kunst, Kultur und Menschen im sch\u00f6nen SalzburgerLand geht. In ihrer Freizeit ist sie gern immer im Trubel des Geschehens und verbringt viel Zeit mit Sport und Wandern in der heilsamen Atmosph\u00e4re vom Salzburger M\u00f6nchs- und Kapuzinerberg. Das Schreiben ist sowohl Beruf als auch Hobby: Auch Gedichte, Kurzgeschichten und Romane z\u00e4hlen zum Repertoire der 22-j\u00e4hrigen Journalistin und Schrifstellerin. Um den eigenen Horrizont zu erweitern, begibt sie sich regelm\u00e4\u00dfig auf abenteuerliche Rucksackreisen durch aller Herren L\u00e4nder. Lebensmotto: Leb den Moment! Fragen mit Antworten von Christine Gnahn Morgen- oder Abendmensch? Wenn Morgens die Sonne aufgeht bin ich putzmunter und hab Riesenhunger auf Fr\u00fchst\u00fcck und Leben! Ich wei\u00df ich geh\u00f6re einer aussterbenden Rasse an aber ich f\u00fchle mich pudelwohl damit! Im Morgen liegt einfach eine besondere Kraft: Die Kraft des Neubeginns. Wellnessurlaub oder Rucksackreise? Rucksackreise, ruhig auch ohne jeglichen Komfort. Ich gehe auf Reisen, um Menschen, Land und Lebensgef\u00fchl zu sp\u00fcren. Dazu braucht es weder h\u00fcbsches Hotelzimmer noch edle Buffets. Alles Hab und Gut auf den R\u00fccken und bereit f\u00fcr jedes Abenteuer, das ist doch die wahre Freiheit! Berge oder Meer? Obwohl ich die Berge sehr liebe, w\u00fcrde ich wohl meist das Meer bevorzugen. Schon als Kind Stunden und Tage an der Adria verbracht, ist es mit seinen Wellen, Str\u00f6mung, Flut und Ebbe f\u00fcr mich Sinnbild der Energie und der Ruhe zugleich. Wandern oder Laufen? Ich bin ein Sportfreak. Erst morgens Laufen, dann Wandern! Turnschuhe oder High Heels? Ich besitze ein paar High Heels und die trage ich ungef\u00e4hr einmal in zwei Jahren. Im \u00fcbrigen ist High Heel wohl auch ein klarer Euphemismus f\u00fcr drei Zentimeter Absatz. Gmiadlich soll's sein und ich will mich wohlf\u00fchlen, daher: Turnschuhe! Fr\u00fchling, Sommer, Herbst oder Winter? Ich mag eigentlich jede Jahreszeit. Grad in Australien, wo grad im Norden Jahreszeiten eigentlich komplett durch Regen- und Trockenzeit ersetzt werden, lernt man sie zu sch\u00e4tzen. Aber wenn ich w\u00e4hlen muss, mag ich wohl Fr\u00fchling und Sommer am liebsten. Rindsroulade vom Pinzgauer Biorind oder Saibling fangfrisch aus dem\u00a0Fuschlsee? Ganz klar der Fisch! Grad frischem Fisch kann ich nicht widerstehen. Dazu noch ein Hauch Zitrone... mhhhh!","url":"https:\/\/www.salzburgerland.com\/de\/magazin\/author\/cgnahn\/"}]}},"_wl_alt_label":[],"wl:entity_url":"http:\/\/open.salzburgerland.com\/magazin\/post\/connys_marillen-topfen-stollen","_links":{"self":[{"href":"https:\/\/www.salzburgerland.com\/de\/magazin\/wp-json\/wp\/v2\/posts\/93488","targetHints":{"allow":["GET"]}}],"collection":[{"href":"https:\/\/www.salzburgerland.com\/de\/magazin\/wp-json\/wp\/v2\/posts"}],"about":[{"href":"https:\/\/www.salzburgerland.com\/de\/magazin\/wp-json\/wp\/v2\/types\/post"}],"author":[{"embeddable":true,"href":"https:\/\/www.salzburgerland.com\/de\/magazin\/wp-json\/wp\/v2\/users\/8"}],"replies":[{"embeddable":true,"href":"https:\/\/www.salzburgerland.com\/de\/magazin\/wp-json\/wp\/v2\/comments?post=93488"}],"version-history":[{"count":2,"href":"https:\/\/www.salzburgerland.com\/de\/magazin\/wp-json\/wp\/v2\/posts\/93488\/revisions"}],"predecessor-version":[{"id":179277,"href":"https:\/\/www.salzburgerland.com\/de\/magazin\/wp-json\/wp\/v2\/posts\/93488\/revisions\/179277"}],"wp:featuredmedia":[{"embeddable":true,"href":"https:\/\/www.salzburgerland.com\/de\/magazin\/wp-json\/wp\/v2\/media\/93396"}],"wp:attachment":[{"href":"https:\/\/www.salzburgerland.com\/de\/magazin\/wp-json\/wp\/v2\/media?parent=93488"}],"wp:term":[{"taxonomy":"category","embeddable":true,"href":"https:\/\/www.salzburgerland.com\/de\/magazin\/wp-json\/wp\/v2\/categories?post=93488"},{"taxonomy":"post_tag","embeddable":true,"href":"https:\/\/www.salzburgerland.com\/de\/magazin\/wp-json\/wp\/v2\/tags?post=93488"},{"taxonomy":"wl_entity_type","embeddable":true,"href":"https:\/\/www.salzburgerland.com\/de\/magazin\/wp-json\/wp\/v2\/wl_entity_type?post=93488"},{"taxonomy":"monatsauswahl","embeddable":true,"href":"https:\/\/www.salzburgerland.com\/de\/magazin\/wp-json\/wp\/v2\/monatsauswahl?post=93488"}],"curies":[{"name":"wp","href":"https:\/\/api.w.org\/{rel}","templated":true}]}}