{"id":93337,"date":"2014-12-04T08:00:39","date_gmt":"2014-12-04T07:00:39","guid":{"rendered":"http:\/\/magazin.salzburgerland.com\/?p=93337"},"modified":"2024-11-25T15:26:47","modified_gmt":"2024-11-25T14:26:47","slug":"infiziert-vom-krippenvirus","status":"publish","type":"post","link":"https:\/\/www.salzburgerland.com\/de\/magazin\/infiziert-vom-krippenvirus\/","title":{"rendered":"Infiziert vom Krippe(n)Virus"},"content":{"rendered":"<p class=\"p1\">Peter Volgger aus <a href=\"http:\/\/www.uttendorf.com\/\" target=\"_blank\" rel=\"noopener\">Uttendorf<\/a> ist ein vielbeachteter Krippenfiguren-Schnitzer mit Liebe f\u00fcrs Detail. Die unter seinem Schnitzmesser erschaffenen Figuren der Weihnachtsgeschichte sind begehrte Sammlerst\u00fccke im In- und Ausland und ganze biblische Szenerien werden auf Jahre im Vorhinein bei dem Bildhauermeister bestellt.<\/p>\n<figure id=\"attachment_93346\" aria-describedby=\"caption-attachment-93346\" style=\"width: 650px\" class=\"wp-caption alignnone\"><a href=\"https:\/\/www.salzburgerland.com\/de\/magazin\/wp-content\/uploads\/2014\/11\/EDI_6242.jpg\"><img loading=\"lazy\" decoding=\"async\" class=\"size-singlePost wp-image-93346\" src=\"https:\/\/www.salzburgerland.com\/de\/magazin\/wp-content\/uploads\/2014\/11\/EDI_6242-650x435.jpg\" alt=\"Die Heilige Familie\" width=\"650\" height=\"435\" \/><\/a><figcaption id=\"caption-attachment-93346\" class=\"wp-caption-text\">Die Heilige Familie<\/figcaption><\/figure>\n<p class=\"p1\">\u201eIch bin kein K\u00fcnstler\u201d, h\u00e4lt Peter Volgger gleich zu Beginn meines Besuches in seinem Atelier in Uttendorf mit Nachdruck fest und erkl\u00e4rt: \u201eEin jeder ist doch heute schon K\u00fcnstler und alles gilt als Kunst. Fr\u00fcher hat es mich mit Stolz erf\u00fcllt, wenn jemand zu mir sagte, ich sei ein K\u00fcnstler &#8211; mittlerweile bestehe ich drauf, leidenschaftlicher Bildhauermeister und Holzschnitzer zu sein.\u201c Und Holzschnitzer ist er schon sehr lange, denn bereits als Kind erkannte ein Onkel sein zeichnerisches Talent und r\u00e4umliches Vorstellungsverm\u00f6gen. Er erinnert sich: \u201eMeine Tante hatte einen Krippenschnitzer in Tirol geheiratet und mein Bruder und ich durften damals in den Sommerferien mit ihm schnitzen. Er sah gleich, dass ich eine gute Hand daf\u00fcr hatte und lie\u00df mich auch ab und zu bei seinen Auftr\u00e4gen f\u00fcr die Weihnachtskrippen mitarbeiten. Nach der Hauptschule stellte ich mich bei dem bekannten Saalfeldner Bildhauer Klaus Moroder vor und fragte um eine Lehrstelle an. Er verwies mich jedoch auf die vierj\u00e4hrige Schnitzschule f\u00fcr gewerbliche Holz- und Steinbildhauerei in Elbigenalp im Tiroler Lechtal. Unser Handwerk war immer gefragt, denn bereits im dritten Schuljahr schnitzten wir auf Auftrag und nach dem Bundesheer arbeitete ich in Osttirol bei einem Schnitzer. Im Juli 1986 hatte ich dann meine Meisterpr\u00fcfung in der Tasche, konnte endlich mein Gewerbe anmelden und mich selbstst\u00e4ndig machen. Seitdem wohne und arbeite ich &#8211; gemeinsam mit meiner Frau Elfriede &#8211; in meinem Atelier in Uttendorf.\u201c<\/p>\n<figure id=\"attachment_93343\" aria-describedby=\"caption-attachment-93343\" style=\"width: 650px\" class=\"wp-caption alignnone\"><a href=\"https:\/\/www.salzburgerland.com\/de\/magazin\/wp-content\/uploads\/2014\/11\/EDI_6236.jpg\"><img loading=\"lazy\" decoding=\"async\" class=\"size-singlePost wp-image-93343\" src=\"https:\/\/www.salzburgerland.com\/de\/magazin\/wp-content\/uploads\/2014\/11\/EDI_6236-650x435.jpg\" alt=\"Nach Kundenwunsch fertigt Peter Volgger Skizzen der Figuren an - auf anatomische Korrektheit legt er viel wert.\" width=\"650\" height=\"435\" \/><\/a><figcaption id=\"caption-attachment-93343\" class=\"wp-caption-text\">Nach Kundenwunsch fertigt Peter Volgger Skizzen der Figuren an &#8211; auf anatomische Korrektheit legt er viel wert.<\/figcaption><\/figure>\n<p class=\"p1\"><b>Die \u201eHeilige Familie\u201c als Handwerks-Sprungbrett<br \/>\n<\/b>Kunstvolle Madonnen und Kreuze schnitzte Peter Volgger anfangs und schon bei diesen Werken zeigte sich seine Liebe zum Detail. Doch eigentlich war er l\u00e4ngst schon infiziert vom Krippe(n)Virus, wie er gesteht: \u201eAngesteckt mit dieser Liebe zu den Krippenfiguren hat mich wohl mein Tiroler Onkel. Ich habe schon als kleiner Junge Krippen aus Pappe gebaut und ging &#8211; zum Krippenschauen &#8211; mit den Ministranten beim Sternsingen von Hof zu Hof. Doch ich war meist entt\u00e4uscht, wie bescheiden die Krippen bei uns in der Region best\u00fcckt waren.\u00a0 Eines Tages fragte mich ein Kollege aus Tirol, ob ich ihm nicht eine ,Heilige Familie\u2018 f\u00fcr eine Krippe in Wattens schnitzen k\u00f6nne. Wattens hatte immer schon einen sehr regen Krippenverein und so fanden sich meine Figuren dort auch auf einer gro\u00dfen Krippenausstellung wieder. Als ich die Ausstellung besuchte, kam ich fast bei der T\u00fcr nicht mehr heraus, denn jeder wollte bei mir Figuren bestellen. Das war eine F\u00fcgung &#8211; ich war mit meinem K\u00f6nnen zum richtigen Zeitpunkt am richtigen Ort. Seitdem sind meine Auftragsb\u00fccher voll und meine Kunden wissen und akzeptieren, dass es dadurch eine Wartezeit von bis zu drei Jahren gibt.\u201c<\/p>\n<figure id=\"attachment_93345\" aria-describedby=\"caption-attachment-93345\" style=\"width: 650px\" class=\"wp-caption alignnone\"><a href=\"https:\/\/www.salzburgerland.com\/de\/magazin\/wp-content\/uploads\/2014\/11\/EDI_6241.jpg\"><img loading=\"lazy\" decoding=\"async\" class=\"size-singlePost wp-image-93345\" src=\"https:\/\/www.salzburgerland.com\/de\/magazin\/wp-content\/uploads\/2014\/11\/EDI_6241-650x435.jpg\" alt=\"Die Vitrine im Atelier zeigt einige Figuren aus der Schaffenszeit des Schnitzers.\" width=\"650\" height=\"435\" \/><\/a><figcaption id=\"caption-attachment-93345\" class=\"wp-caption-text\">Die Vitrine im Atelier zeigt einige Figuren aus der Schaffenszeit des Schnitzers.<\/figcaption><\/figure>\n<p class=\"p1\"><b>Weihnachtsgeschichte in Zirbenholz<br \/>\n<\/b>Peter Volgger gilt heute als einer der drei besten Krippenfiguren-Schnitzer in ganz \u00d6sterreich. Sein eigener Anspruch an die von ihm gefertigten Figuren und Szenen aus bestem Zirbenholz liegt hoch: \u201eIch will mich immer steigern und eine Figur wie etwa die Maria sieht nicht zwei Mal gleich aus. Schon bei der Bestellung verraten mir die Kunden, wie die Figur sitzen oder stehen soll oder wo sie in ihrer bestehenden Krippe letztendlich platziert wird. Oft werden ganze Szenen mit bis zu drei sehr realistischen Figuren &#8211; etwa die Verk\u00fcndigung an die Hirten, die Ankunft der K\u00f6nige oder eine Brunnenszene &#8211; gemeinsam bestellt. Manche Krippen-Besitzer begannen bereits in den 30er Jahren mit dem Sammeln der Figuren &#8211; der Wert dieser Krippen liegt heute oft zwischen 200.000 Euro und einer Million.\u201c<\/p>\n<figure id=\"attachment_93342\" aria-describedby=\"caption-attachment-93342\" style=\"width: 650px\" class=\"wp-caption alignnone\"><a href=\"https:\/\/www.salzburgerland.com\/de\/magazin\/wp-content\/uploads\/2014\/11\/Dorfkrippe-Uttendorf-Fig-110-cm-.jpeg\"><img loading=\"lazy\" decoding=\"async\" class=\"size-singlePost wp-image-93342\" src=\"https:\/\/www.salzburgerland.com\/de\/magazin\/wp-content\/uploads\/2014\/11\/Dorfkrippe-Uttendorf-Fig-110-cm--650x435.jpeg\" alt=\"Dorfkrippe Uttendoerf aus dem Jahr 2006 mit \u00fcber 1 Meter hohen Figuren.\" width=\"650\" height=\"435\" \/><\/a><figcaption id=\"caption-attachment-93342\" class=\"wp-caption-text\">Dorfkrippe Uttendoerf aus dem Jahr 2006 mit \u00fcber 1 Meter hohen Figuren.<\/figcaption><\/figure>\n<p class=\"p1\"><b>Vom Holzklotz zur biblischen Figur<br \/>\n<\/b>Konzentriert schnitzt Peter Volgger, w\u00e4hrend er mir seine Geschichte erz\u00e4hlt &#8211; die Figur in der einen &#8211; das Schnitzmesser in der anderen Hand. Eine Skizze der fertigen Szene h\u00e4ngt vor ihm an der Wand und die Figur in der Hand hat w\u00e4hrend unseres Gespr\u00e4chs schon gro\u00dfe \u00c4hnlichkeit mit der Zeichnung bekommen. \u201eManche Krippen haben eine enorme Gr\u00f6\u00dfe und es finden sich dort neben den 50 bis 80 Figuren auch Herden mit rund 200 Schafen. Schafe schnitze ich allerdings nicht, das w\u00e4re zu zeitaufw\u00e4ndig &#8211; daf\u00fcr gibt es eigene Schnitzer. Wenn die Figur geschnitzt ist, wird sie grundiert &#8211; dabei hilft mir meine Frau Elfi &#8211; und danach wird sie bemalt oder vergoldet. Ich habe selbst immer eine riesige Freude, wenn ich beim Abholen der fertigen Figuren das Leuchten in den Augen meiner Kunden sehe und wei\u00df, dass sie ihnen gefallen.\u201c<\/p>\n<p class=\"p1\">Im Jahr 1992 gr\u00fcndete Peter Volgger den Uttendorfer Krippenverein und steht diesem auch als Obmann vor. Gemeinsam mit Vereinskollegen gibt er Krippenbaukurse und 2005 erhielt er f\u00fcr besondere Verdienste um das Krippenwesen das goldene Ehrenzeichen des Landeskrippenverbandes Salzburg. Jedes Jahr am 23. Dezember wird die eigene Krippe im Hause Volgger aufgebaut und der Bildhauermeister verr\u00e4t: \u201eZu Weihnachten geh\u00f6ren klarerweise Kekse und Baum &#8211; aber ohne Krippe w\u00e4re es f\u00fcr mich kein Weihnachten!\u201c<\/p>\n<p class=\"p1\"><strong>Kontakt:<\/strong><br \/>\nPeter Volgger<br \/>\nManlitzweg 9 &#8211;\u00a05723 Uttendorf<br \/>\nwww.peter-volgger.at<\/p>\n<div class=\"mag-gallery\"><div class=\"row\"><div class=\"col-6 col-sm-4\"><figure><a class=\"thumb-container\" href=\"https:\/\/www.salzburgerland.com\/de\/magazin\/wp-content\/uploads\/2014\/11\/EDI_6248-1280x1024.jpg\">\t<picture><source media=\"(min-width: 576px)\" srcset=\"https:\/\/www.salzburgerland.com\/de\/magazin\/wp-content\/uploads\/2014\/11\/EDI_6248-325x209.jpg 325w, https:\/\/www.salzburgerland.com\/de\/magazin\/wp-content\/uploads\/2014\/11\/EDI_6248-249x160.jpg 249w\" \/><source media=\"(min-width: 0)\" srcset=\"https:\/\/www.salzburgerland.com\/de\/magazin\/wp-content\/uploads\/2014\/11\/EDI_6248-249x160.jpg 249w, https:\/\/www.salzburgerland.com\/de\/magazin\/wp-content\/uploads\/2014\/11\/EDI_6248-325x209.jpg 325w\" \/><img decoding=\"async\" alt=\"Peter Volgger schnitzt die Krippenfigur von Hand\" src=\"https:\/\/www.salzburgerland.com\/de\/magazin\/wp-content\/uploads\/2014\/11\/EDI_6248.jpg\" \/>\t<\/picture><\/a><\/figure><\/div><div class=\"col-6 col-sm-4\"><figure><a class=\"thumb-container\" href=\"https:\/\/www.salzburgerland.com\/de\/magazin\/wp-content\/uploads\/2014\/11\/EDI_6242-1280x1024.jpg\">\t<picture><source media=\"(min-width: 576px)\" srcset=\"https:\/\/www.salzburgerland.com\/de\/magazin\/wp-content\/uploads\/2014\/11\/EDI_6242-325x209.jpg 325w, https:\/\/www.salzburgerland.com\/de\/magazin\/wp-content\/uploads\/2014\/11\/EDI_6242-249x160.jpg 249w\" \/><source media=\"(min-width: 0)\" srcset=\"https:\/\/www.salzburgerland.com\/de\/magazin\/wp-content\/uploads\/2014\/11\/EDI_6242-249x160.jpg 249w, https:\/\/www.salzburgerland.com\/de\/magazin\/wp-content\/uploads\/2014\/11\/EDI_6242-325x209.jpg 325w\" \/><img decoding=\"async\" alt=\"Die Heilige Familie\" src=\"https:\/\/www.salzburgerland.com\/de\/magazin\/wp-content\/uploads\/2014\/11\/EDI_6242.jpg\" \/>\t<\/picture><\/a><\/figure><\/div><div class=\"col-6 col-sm-4\"><figure><a class=\"thumb-container\" href=\"https:\/\/www.salzburgerland.com\/de\/magazin\/wp-content\/uploads\/2014\/11\/EDI_6238-1280x1024.jpg\">\t<picture><source media=\"(min-width: 576px)\" srcset=\"https:\/\/www.salzburgerland.com\/de\/magazin\/wp-content\/uploads\/2014\/11\/EDI_6238-325x209.jpg 325w, https:\/\/www.salzburgerland.com\/de\/magazin\/wp-content\/uploads\/2014\/11\/EDI_6238-249x160.jpg 249w\" \/><source media=\"(min-width: 0)\" srcset=\"https:\/\/www.salzburgerland.com\/de\/magazin\/wp-content\/uploads\/2014\/11\/EDI_6238-249x160.jpg 249w, https:\/\/www.salzburgerland.com\/de\/magazin\/wp-content\/uploads\/2014\/11\/EDI_6238-325x209.jpg 325w\" \/><img decoding=\"async\" alt=\"Szenen aus der Heiligen Nacht - eine Momentaufnahme f\u00fcr weihnachtliche Wohnzimmer.\" src=\"https:\/\/www.salzburgerland.com\/de\/magazin\/wp-content\/uploads\/2014\/11\/EDI_6238.jpg\" \/>\t<\/picture><\/a><\/figure><\/div><div class=\"col-6 col-sm-4\"><figure><a class=\"thumb-container\" href=\"https:\/\/www.salzburgerland.com\/de\/magazin\/wp-content\/uploads\/2014\/11\/Hirtenverkundigung-16cm-1280x1024.jpg\">\t<picture><source media=\"(min-width: 576px)\" srcset=\"https:\/\/www.salzburgerland.com\/de\/magazin\/wp-content\/uploads\/2014\/11\/Hirtenverkundigung-16cm-325x209.jpg 325w, https:\/\/www.salzburgerland.com\/de\/magazin\/wp-content\/uploads\/2014\/11\/Hirtenverkundigung-16cm-249x160.jpg 249w\" \/><source media=\"(min-width: 0)\" srcset=\"https:\/\/www.salzburgerland.com\/de\/magazin\/wp-content\/uploads\/2014\/11\/Hirtenverkundigung-16cm-249x160.jpg 249w, https:\/\/www.salzburgerland.com\/de\/magazin\/wp-content\/uploads\/2014\/11\/Hirtenverkundigung-16cm-325x209.jpg 325w\" \/><img decoding=\"async\" alt=\"Hirtenverk\u00fcndigung 16cm\" src=\"https:\/\/www.salzburgerland.com\/de\/magazin\/wp-content\/uploads\/2014\/11\/Hirtenverkundigung-16cm.jpg\" \/>\t<\/picture><\/a><\/figure><\/div><div class=\"col-6 col-sm-4\"><figure><a class=\"thumb-container\" href=\"https:\/\/www.salzburgerland.com\/de\/magazin\/wp-content\/uploads\/2014\/11\/Herbergsuche-12cm-1280x1024.jpg\">\t<picture><source media=\"(min-width: 576px)\" srcset=\"https:\/\/www.salzburgerland.com\/de\/magazin\/wp-content\/uploads\/2014\/11\/Herbergsuche-12cm-325x209.jpg 325w, https:\/\/www.salzburgerland.com\/de\/magazin\/wp-content\/uploads\/2014\/11\/Herbergsuche-12cm-249x160.jpg 249w\" \/><source media=\"(min-width: 0)\" srcset=\"https:\/\/www.salzburgerland.com\/de\/magazin\/wp-content\/uploads\/2014\/11\/Herbergsuche-12cm-249x160.jpg 249w, https:\/\/www.salzburgerland.com\/de\/magazin\/wp-content\/uploads\/2014\/11\/Herbergsuche-12cm-325x209.jpg 325w\" \/><img decoding=\"async\" alt=\"Herbergsuche 12cm\" src=\"https:\/\/www.salzburgerland.com\/de\/magazin\/wp-content\/uploads\/2014\/11\/Herbergsuche-12cm.jpg\" \/>\t<\/picture><\/a><\/figure><\/div><div class=\"col-6 col-sm-4\"><figure><a class=\"thumb-container\" href=\"https:\/\/www.salzburgerland.com\/de\/magazin\/wp-content\/uploads\/2014\/11\/Anbetender-Konig-16cm-1280x1024.jpg\">\t<picture><source media=\"(min-width: 576px)\" srcset=\"https:\/\/www.salzburgerland.com\/de\/magazin\/wp-content\/uploads\/2014\/11\/Anbetender-Konig-16cm-325x209.jpg 325w, https:\/\/www.salzburgerland.com\/de\/magazin\/wp-content\/uploads\/2014\/11\/Anbetender-Konig-16cm-249x160.jpg 249w\" \/><source media=\"(min-width: 0)\" srcset=\"https:\/\/www.salzburgerland.com\/de\/magazin\/wp-content\/uploads\/2014\/11\/Anbetender-Konig-16cm-249x160.jpg 249w, https:\/\/www.salzburgerland.com\/de\/magazin\/wp-content\/uploads\/2014\/11\/Anbetender-Konig-16cm-325x209.jpg 325w\" \/><img decoding=\"async\" alt=\"Anbetender K\u00f6nig 16cm\" src=\"https:\/\/www.salzburgerland.com\/de\/magazin\/wp-content\/uploads\/2014\/11\/Anbetender-Konig-16cm.jpg\" \/>\t<\/picture><\/a><\/figure><\/div><div class=\"col-6 col-sm-4\"><figure><a class=\"thumb-container\" href=\"https:\/\/www.salzburgerland.com\/de\/magazin\/wp-content\/uploads\/2014\/11\/Brunnengruppe-11cm-1280x1024.jpg\">\t<picture><source media=\"(min-width: 576px)\" srcset=\"https:\/\/www.salzburgerland.com\/de\/magazin\/wp-content\/uploads\/2014\/11\/Brunnengruppe-11cm-325x209.jpg 325w, https:\/\/www.salzburgerland.com\/de\/magazin\/wp-content\/uploads\/2014\/11\/Brunnengruppe-11cm-249x160.jpg 249w\" \/><source media=\"(min-width: 0)\" srcset=\"https:\/\/www.salzburgerland.com\/de\/magazin\/wp-content\/uploads\/2014\/11\/Brunnengruppe-11cm-249x160.jpg 249w, https:\/\/www.salzburgerland.com\/de\/magazin\/wp-content\/uploads\/2014\/11\/Brunnengruppe-11cm-325x209.jpg 325w\" \/><img decoding=\"async\" alt=\"Brunnengruppe 11cm\" src=\"https:\/\/www.salzburgerland.com\/de\/magazin\/wp-content\/uploads\/2014\/11\/Brunnengruppe-11cm.jpg\" \/>\t<\/picture><\/a><\/figure><\/div><div class=\"col-6 col-sm-4\"><figure><a class=\"thumb-container\" href=\"https:\/\/www.salzburgerland.com\/de\/magazin\/wp-content\/uploads\/2014\/11\/EDI_6241-1280x1024.jpg\">\t<picture><source media=\"(min-width: 576px)\" srcset=\"https:\/\/www.salzburgerland.com\/de\/magazin\/wp-content\/uploads\/2014\/11\/EDI_6241-325x209.jpg 325w, https:\/\/www.salzburgerland.com\/de\/magazin\/wp-content\/uploads\/2014\/11\/EDI_6241-249x160.jpg 249w\" \/><source media=\"(min-width: 0)\" srcset=\"https:\/\/www.salzburgerland.com\/de\/magazin\/wp-content\/uploads\/2014\/11\/EDI_6241-249x160.jpg 249w, https:\/\/www.salzburgerland.com\/de\/magazin\/wp-content\/uploads\/2014\/11\/EDI_6241-325x209.jpg 325w\" \/><img decoding=\"async\" alt=\"Die Vitrine im Atelier zeigt einige Figuren aus der Schaffenszeit des Schnitzers.\" src=\"https:\/\/www.salzburgerland.com\/de\/magazin\/wp-content\/uploads\/2014\/11\/EDI_6241.jpg\" \/>\t<\/picture><\/a><\/figure><\/div><div class=\"col-6 col-sm-4\"><figure><a class=\"thumb-container\" href=\"https:\/\/www.salzburgerland.com\/de\/magazin\/wp-content\/uploads\/2014\/11\/EDI_6236-1280x1024.jpg\">\t<picture><source media=\"(min-width: 576px)\" srcset=\"https:\/\/www.salzburgerland.com\/de\/magazin\/wp-content\/uploads\/2014\/11\/EDI_6236-325x209.jpg 325w, https:\/\/www.salzburgerland.com\/de\/magazin\/wp-content\/uploads\/2014\/11\/EDI_6236-249x160.jpg 249w\" \/><source media=\"(min-width: 0)\" srcset=\"https:\/\/www.salzburgerland.com\/de\/magazin\/wp-content\/uploads\/2014\/11\/EDI_6236-249x160.jpg 249w, https:\/\/www.salzburgerland.com\/de\/magazin\/wp-content\/uploads\/2014\/11\/EDI_6236-325x209.jpg 325w\" \/><img decoding=\"async\" alt=\"Nach Kundenwunsch fertigt Peter Volgger Skizzen der Figuren an - auf anatomische Korrektheit legt er viel wert.\" src=\"https:\/\/www.salzburgerland.com\/de\/magazin\/wp-content\/uploads\/2014\/11\/EDI_6236.jpg\" \/>\t<\/picture><\/a><\/figure><\/div><div class=\"col-6 col-sm-4\"><figure><a class=\"thumb-container\" href=\"https:\/\/www.salzburgerland.com\/de\/magazin\/wp-content\/uploads\/2014\/11\/Dorfkrippe-Uttendorf-Fig-110-cm--1280x1024.jpeg\">\t<picture><source media=\"(min-width: 576px)\" srcset=\"https:\/\/www.salzburgerland.com\/de\/magazin\/wp-content\/uploads\/2014\/11\/Dorfkrippe-Uttendorf-Fig-110-cm--325x209.jpeg 325w, https:\/\/www.salzburgerland.com\/de\/magazin\/wp-content\/uploads\/2014\/11\/Dorfkrippe-Uttendorf-Fig-110-cm--249x160.jpeg 249w\" \/><source media=\"(min-width: 0)\" srcset=\"https:\/\/www.salzburgerland.com\/de\/magazin\/wp-content\/uploads\/2014\/11\/Dorfkrippe-Uttendorf-Fig-110-cm--249x160.jpeg 249w, https:\/\/www.salzburgerland.com\/de\/magazin\/wp-content\/uploads\/2014\/11\/Dorfkrippe-Uttendorf-Fig-110-cm--325x209.jpeg 325w\" \/><img decoding=\"async\" alt=\"Dorfkrippe Uttendoerf aus dem Jahr 2006 mit \u00fcber 1 Meter hohen Figuren.\" src=\"https:\/\/www.salzburgerland.com\/de\/magazin\/wp-content\/uploads\/2014\/11\/Dorfkrippe-Uttendorf-Fig-110-cm-.jpeg\" \/>\t<\/picture><\/a><\/figure><\/div><\/div><\/div><figcaption><\/figcaption>\n","protected":false},"excerpt":{"rendered":"<p>Peter Volgger aus Uttendorf ist ein vielbeachteter Krippenfiguren-Schnitzer mit Liebe f\u00fcrs Detail. Die unter seinem Schnitzmesser erschaffenen Figuren der Weihnachtsgeschichte sind begehrte Sammlerst\u00fccke im In- und Ausland und ganze biblische Szenerien werden auf Jahre im Vorhinein bei dem Bildhauermeister bestellt. \u201eIch bin kein K\u00fcnstler\u201d, h\u00e4lt Peter Volgger gleich zu Beginn meines Besuches in seinem Atelier [&hellip;]<\/p>\n","protected":false},"author":11,"featured_media":93347,"comment_status":"open","ping_status":"open","sticky":false,"template":"","format":"standard","meta":{"_acf_changed":false,"wl_entities_gutenberg":"","_wl_entity_redirect_enabled":"","footnotes":""},"categories":[6],"tags":[],"wl_entity_type":[306],"monatsauswahl":[90,91,92,93],"class_list":["post-93337","post","type-post","status-publish","format-standard","has-post-thumbnail","hentry","category-kunst-kultur","wl_entity_type-article","monatsauswahl-monat_9","monatsauswahl-monat_10","monatsauswahl-monat_11","monatsauswahl-monat_12"],"acf":[],"yoast_head":"<!-- This site is optimized with the Yoast SEO Premium plugin v27.4 (Yoast SEO v27.4) - https:\/\/yoast.com\/product\/yoast-seo-premium-wordpress\/ -->\n<title>Infiziert vom Krippe(n)Virus - SalzburgerLand Magazin<\/title>\n<meta name=\"description\" content=\"Peter Volgger aus Uttendorf ist ein vielbeachteter Krippenfiguren-Schnitzer mit Liebe f\u00fcrs Detail. Die unter seinem Schnitzmesser erschaffenen Figuren der Weihnachtsgeschichte sind begehrte Sammlerst\u00fccke im In- und Ausland und ganze biblische Szenerien werden auf Jahre im Vorhinein bei dem Bildhauermeister bestellt. \u201eIch bin kein K\u00fcnstler\u201d, h\u00e4lt Peter Volgger gleich zu Beginn meines Besuches in seinem Atelier [&hellip;]\" \/>\n<meta name=\"robots\" content=\"index, follow, max-snippet:-1, max-image-preview:large, max-video-preview:-1\" \/>\n<link rel=\"canonical\" href=\"https:\/\/www.salzburgerland.com\/de\/magazin\/infiziert-vom-krippenvirus\/\" \/>\n<meta property=\"og:locale\" content=\"de_DE\" \/>\n<meta property=\"og:type\" content=\"article\" \/>\n<meta property=\"og:title\" content=\"Infiziert vom Krippe(n)Virus\" \/>\n<meta property=\"og:description\" content=\"Peter Volgger aus Uttendorf ist ein vielbeachteter Krippenfiguren-Schnitzer mit Liebe f\u00fcrs Detail. Die unter seinem Schnitzmesser erschaffenen Figuren der Weihnachtsgeschichte sind begehrte Sammlerst\u00fccke im In- und Ausland und ganze biblische Szenerien werden auf Jahre im Vorhinein bei dem Bildhauermeister bestellt. \u201eIch bin kein K\u00fcnstler\u201d, h\u00e4lt Peter Volgger gleich zu Beginn meines Besuches in seinem Atelier [&hellip;]\" \/>\n<meta property=\"og:url\" content=\"https:\/\/www.salzburgerland.com\/de\/magazin\/infiziert-vom-krippenvirus\/\" \/>\n<meta property=\"og:site_name\" content=\"SalzburgerLand Magazin\" \/>\n<meta property=\"article:publisher\" content=\"https:\/\/www.facebook.com\/salzburgerland\/\" \/>\n<meta property=\"article:published_time\" content=\"2014-12-04T07:00:39+00:00\" \/>\n<meta property=\"article:modified_time\" content=\"2024-11-25T14:26:47+00:00\" \/>\n<meta property=\"og:image\" content=\"https:\/\/www.salzburgerland.com\/de\/magazin\/wp-content\/uploads\/2014\/11\/EDI_6248.jpg\" \/>\n\t<meta property=\"og:image:width\" content=\"1600\" \/>\n\t<meta property=\"og:image:height\" content=\"1068\" \/>\n\t<meta property=\"og:image:type\" content=\"image\/jpeg\" \/>\n<meta name=\"author\" content=\"Edith Danzer\" \/>\n<meta name=\"twitter:card\" content=\"summary_large_image\" \/>\n<meta name=\"twitter:creator\" content=\"@Salzburgerland\" \/>\n<meta name=\"twitter:site\" content=\"@Salzburgerland\" \/>\n<meta name=\"twitter:label1\" content=\"Verfasst von\" \/>\n\t<meta name=\"twitter:data1\" content=\"Edith Danzer\" \/>\n\t<meta name=\"twitter:label2\" content=\"Gesch\u00e4tzte Lesezeit\" \/>\n\t<meta name=\"twitter:data2\" content=\"6\u00a0Minuten\" \/>\n<script type=\"application\/ld+json\" class=\"yoast-schema-graph\">{\"@context\":\"https:\\\/\\\/schema.org\",\"@graph\":[{\"@type\":\"Article\",\"@id\":\"https:\\\/\\\/www.salzburgerland.com\\\/de\\\/magazin\\\/infiziert-vom-krippenvirus\\\/#article\",\"isPartOf\":{\"@id\":\"https:\\\/\\\/www.salzburgerland.com\\\/de\\\/magazin\\\/infiziert-vom-krippenvirus\\\/\"},\"author\":{\"name\":\"Edith Danzer\",\"@id\":\"https:\\\/\\\/www.salzburgerland.com\\\/de\\\/magazin\\\/#\\\/schema\\\/person\\\/79452c699c410aa31a119426313748de\"},\"headline\":\"Infiziert vom Krippe(n)Virus\",\"datePublished\":\"2014-12-04T07:00:39+00:00\",\"dateModified\":\"2024-11-25T14:26:47+00:00\",\"mainEntityOfPage\":{\"@id\":\"https:\\\/\\\/www.salzburgerland.com\\\/de\\\/magazin\\\/infiziert-vom-krippenvirus\\\/\"},\"wordCount\":934,\"commentCount\":0,\"publisher\":{\"@id\":\"https:\\\/\\\/www.salzburgerland.com\\\/de\\\/magazin\\\/#organization\"},\"image\":{\"@id\":\"https:\\\/\\\/www.salzburgerland.com\\\/de\\\/magazin\\\/infiziert-vom-krippenvirus\\\/#primaryimage\"},\"thumbnailUrl\":\"https:\\\/\\\/www.salzburgerland.com\\\/de\\\/magazin\\\/wp-content\\\/uploads\\\/2014\\\/11\\\/EDI_6248.jpg\",\"articleSection\":[\"Kunst &amp; Kultur\"],\"inLanguage\":\"de\",\"potentialAction\":[{\"@type\":\"CommentAction\",\"name\":\"Comment\",\"target\":[\"https:\\\/\\\/www.salzburgerland.com\\\/de\\\/magazin\\\/infiziert-vom-krippenvirus\\\/#respond\"]}]},{\"@type\":\"WebPage\",\"@id\":\"https:\\\/\\\/www.salzburgerland.com\\\/de\\\/magazin\\\/infiziert-vom-krippenvirus\\\/\",\"url\":\"https:\\\/\\\/www.salzburgerland.com\\\/de\\\/magazin\\\/infiziert-vom-krippenvirus\\\/\",\"name\":\"Infiziert vom Krippe(n)Virus - SalzburgerLand Magazin\",\"isPartOf\":{\"@id\":\"https:\\\/\\\/www.salzburgerland.com\\\/de\\\/magazin\\\/#website\"},\"primaryImageOfPage\":{\"@id\":\"https:\\\/\\\/www.salzburgerland.com\\\/de\\\/magazin\\\/infiziert-vom-krippenvirus\\\/#primaryimage\"},\"image\":{\"@id\":\"https:\\\/\\\/www.salzburgerland.com\\\/de\\\/magazin\\\/infiziert-vom-krippenvirus\\\/#primaryimage\"},\"thumbnailUrl\":\"https:\\\/\\\/www.salzburgerland.com\\\/de\\\/magazin\\\/wp-content\\\/uploads\\\/2014\\\/11\\\/EDI_6248.jpg\",\"datePublished\":\"2014-12-04T07:00:39+00:00\",\"dateModified\":\"2024-11-25T14:26:47+00:00\",\"breadcrumb\":{\"@id\":\"https:\\\/\\\/www.salzburgerland.com\\\/de\\\/magazin\\\/infiziert-vom-krippenvirus\\\/#breadcrumb\"},\"inLanguage\":\"de\",\"potentialAction\":[{\"@type\":\"ReadAction\",\"target\":[\"https:\\\/\\\/www.salzburgerland.com\\\/de\\\/magazin\\\/infiziert-vom-krippenvirus\\\/\"]}]},{\"@type\":\"ImageObject\",\"inLanguage\":\"de\",\"@id\":\"https:\\\/\\\/www.salzburgerland.com\\\/de\\\/magazin\\\/infiziert-vom-krippenvirus\\\/#primaryimage\",\"url\":\"https:\\\/\\\/www.salzburgerland.com\\\/de\\\/magazin\\\/wp-content\\\/uploads\\\/2014\\\/11\\\/EDI_6248.jpg\",\"contentUrl\":\"https:\\\/\\\/www.salzburgerland.com\\\/de\\\/magazin\\\/wp-content\\\/uploads\\\/2014\\\/11\\\/EDI_6248.jpg\",\"width\":1600,\"height\":1068,\"caption\":\"Peter Volgger schnitzt die Krippenfigur von Hand\"},{\"@type\":\"BreadcrumbList\",\"@id\":\"https:\\\/\\\/www.salzburgerland.com\\\/de\\\/magazin\\\/infiziert-vom-krippenvirus\\\/#breadcrumb\",\"itemListElement\":[{\"@type\":\"ListItem\",\"position\":1,\"name\":\"Startseite\",\"item\":\"https:\\\/\\\/www.salzburgerland.com\\\/de\\\/magazin\\\/\"},{\"@type\":\"ListItem\",\"position\":2,\"name\":\"Kunst &amp; Kultur\",\"item\":\"https:\\\/\\\/www.salzburgerland.com\\\/de\\\/magazin\\\/thema\\\/kunst-kultur\\\/\"},{\"@type\":\"ListItem\",\"position\":3,\"name\":\"Infiziert vom Krippe(n)Virus\"}]},{\"@type\":\"WebSite\",\"@id\":\"https:\\\/\\\/www.salzburgerland.com\\\/de\\\/magazin\\\/#website\",\"url\":\"https:\\\/\\\/www.salzburgerland.com\\\/de\\\/magazin\\\/\",\"name\":\"SalzburgerLand Magazin\",\"description\":\"Geschichten und Interessantes aus dem SalzburgerLand\",\"publisher\":{\"@id\":\"https:\\\/\\\/www.salzburgerland.com\\\/de\\\/magazin\\\/#organization\"},\"potentialAction\":[{\"@type\":\"SearchAction\",\"target\":{\"@type\":\"EntryPoint\",\"urlTemplate\":\"https:\\\/\\\/www.salzburgerland.com\\\/de\\\/magazin\\\/?s={search_term_string}\"},\"query-input\":{\"@type\":\"PropertyValueSpecification\",\"valueRequired\":true,\"valueName\":\"search_term_string\"}}],\"inLanguage\":\"de\"},{\"@type\":\"Organization\",\"@id\":\"https:\\\/\\\/www.salzburgerland.com\\\/de\\\/magazin\\\/#organization\",\"name\":\"SalzburgerLand Tourismus\",\"url\":\"https:\\\/\\\/www.salzburgerland.com\\\/de\\\/magazin\\\/\",\"logo\":{\"@type\":\"ImageObject\",\"inLanguage\":\"de\",\"@id\":\"https:\\\/\\\/www.salzburgerland.com\\\/de\\\/magazin\\\/#\\\/schema\\\/logo\\\/image\\\/\",\"url\":\"https:\\\/\\\/www.salzburgerland.com\\\/de\\\/magazin\\\/wp-content\\\/uploads\\\/2019\\\/06\\\/salzburgerland-logo1.jpg\",\"contentUrl\":\"https:\\\/\\\/www.salzburgerland.com\\\/de\\\/magazin\\\/wp-content\\\/uploads\\\/2019\\\/06\\\/salzburgerland-logo1.jpg\",\"width\":2011,\"height\":866,\"caption\":\"SalzburgerLand Tourismus\"},\"image\":{\"@id\":\"https:\\\/\\\/www.salzburgerland.com\\\/de\\\/magazin\\\/#\\\/schema\\\/logo\\\/image\\\/\"},\"sameAs\":[\"https:\\\/\\\/www.facebook.com\\\/salzburgerland\\\/\",\"https:\\\/\\\/x.com\\\/Salzburgerland\",\"https:\\\/\\\/www.instagram.com\\\/salzburgerland\\\/\",\"https:\\\/\\\/at.linkedin.com\\\/company\\\/salzburgerland-tourismus-gmbh\",\"https:\\\/\\\/www.pinterest.at\\\/salzburgerland\\\/\",\"https:\\\/\\\/www.youtube.com\\\/user\\\/salzburgerland\",\"https:\\\/\\\/de.wikipedia.org\\\/wiki\\\/SalzburgerLand_Tourismus_GmbH\"]},{\"@type\":\"Person\",\"@id\":\"https:\\\/\\\/www.salzburgerland.com\\\/de\\\/magazin\\\/#\\\/schema\\\/person\\\/79452c699c410aa31a119426313748de\",\"name\":\"Edith Danzer\",\"description\":\"Seit Jahren arbeite ich als freie Redakteurin und Fotografin im SalzburgerLand. Schreiben ist f\u00fcr mich nicht blo\u00df das Erstellen eines Textes. Es ist ein Komponieren einer wundervollen Melodie, ein Malen mit Buchstaben und Worten. Ich liebe die Begegnungen mit Menschen, die mir ihre Geschichte anvertrauen. Wenn man mich sucht, bin ich entweder am Schreibtisch (der auch mal am sonnigen H\u00fcttenbankerl stehen kann) oder mit meinem Husky-M\u00e4dl Ylvi am Berg, am See oder im Wald. Ich \u2026 \u2026 in ein paar Worten. \u2022 Lieber drau\u00dfen, als drinnen. \u2022 Lieber Norden, als S\u00fcden. \u2022 Lieber Buchstaben, als Zahlen. \u2022 Lieber Schnee, als Strand. \u2022 Lieber Berg, als Tal. \u2022 Lieber Nordlichter, als S\u00fcdseezauber. \u2022 Lieber H\u00fctte, als F\u00fcnfsternschuppen. \u2022 Lieber Hund, als Katze. \u2022 Lieber grader Michl, als falscher Fufzga. \u2022 Lieber mittendurch, als drumherum \u2022 Lieber Almleben, als Couchpotato\",\"url\":\"https:\\\/\\\/www.salzburgerland.com\\\/de\\\/magazin\\\/author\\\/edith-danzer\\\/\"}]}<\/script>\n<!-- \/ Yoast SEO Premium plugin. -->","yoast_head_json":{"title":"Infiziert vom Krippe(n)Virus - SalzburgerLand Magazin","description":"Peter Volgger aus Uttendorf ist ein vielbeachteter Krippenfiguren-Schnitzer mit Liebe f\u00fcrs Detail. Die unter seinem Schnitzmesser erschaffenen Figuren der Weihnachtsgeschichte sind begehrte Sammlerst\u00fccke im In- und Ausland und ganze biblische Szenerien werden auf Jahre im Vorhinein bei dem Bildhauermeister bestellt. \u201eIch bin kein K\u00fcnstler\u201d, h\u00e4lt Peter Volgger gleich zu Beginn meines Besuches in seinem Atelier [&hellip;]","robots":{"index":"index","follow":"follow","max-snippet":"max-snippet:-1","max-image-preview":"max-image-preview:large","max-video-preview":"max-video-preview:-1"},"canonical":"https:\/\/www.salzburgerland.com\/de\/magazin\/infiziert-vom-krippenvirus\/","og_locale":"de_DE","og_type":"article","og_title":"Infiziert vom Krippe(n)Virus","og_description":"Peter Volgger aus Uttendorf ist ein vielbeachteter Krippenfiguren-Schnitzer mit Liebe f\u00fcrs Detail. Die unter seinem Schnitzmesser erschaffenen Figuren der Weihnachtsgeschichte sind begehrte Sammlerst\u00fccke im In- und Ausland und ganze biblische Szenerien werden auf Jahre im Vorhinein bei dem Bildhauermeister bestellt. \u201eIch bin kein K\u00fcnstler\u201d, h\u00e4lt Peter Volgger gleich zu Beginn meines Besuches in seinem Atelier [&hellip;]","og_url":"https:\/\/www.salzburgerland.com\/de\/magazin\/infiziert-vom-krippenvirus\/","og_site_name":"SalzburgerLand Magazin","article_publisher":"https:\/\/www.facebook.com\/salzburgerland\/","article_published_time":"2014-12-04T07:00:39+00:00","article_modified_time":"2024-11-25T14:26:47+00:00","og_image":[{"width":1600,"height":1068,"url":"https:\/\/www.salzburgerland.com\/de\/magazin\/wp-content\/uploads\/2014\/11\/EDI_6248.jpg","type":"image\/jpeg"}],"author":"Edith Danzer","twitter_card":"summary_large_image","twitter_creator":"@Salzburgerland","twitter_site":"@Salzburgerland","twitter_misc":{"Verfasst von":"Edith Danzer","Gesch\u00e4tzte Lesezeit":"6\u00a0Minuten"},"schema":{"@context":"https:\/\/schema.org","@graph":[{"@type":"Article","@id":"https:\/\/www.salzburgerland.com\/de\/magazin\/infiziert-vom-krippenvirus\/#article","isPartOf":{"@id":"https:\/\/www.salzburgerland.com\/de\/magazin\/infiziert-vom-krippenvirus\/"},"author":{"name":"Edith Danzer","@id":"https:\/\/www.salzburgerland.com\/de\/magazin\/#\/schema\/person\/79452c699c410aa31a119426313748de"},"headline":"Infiziert vom Krippe(n)Virus","datePublished":"2014-12-04T07:00:39+00:00","dateModified":"2024-11-25T14:26:47+00:00","mainEntityOfPage":{"@id":"https:\/\/www.salzburgerland.com\/de\/magazin\/infiziert-vom-krippenvirus\/"},"wordCount":934,"commentCount":0,"publisher":{"@id":"https:\/\/www.salzburgerland.com\/de\/magazin\/#organization"},"image":{"@id":"https:\/\/www.salzburgerland.com\/de\/magazin\/infiziert-vom-krippenvirus\/#primaryimage"},"thumbnailUrl":"https:\/\/www.salzburgerland.com\/de\/magazin\/wp-content\/uploads\/2014\/11\/EDI_6248.jpg","articleSection":["Kunst &amp; Kultur"],"inLanguage":"de","potentialAction":[{"@type":"CommentAction","name":"Comment","target":["https:\/\/www.salzburgerland.com\/de\/magazin\/infiziert-vom-krippenvirus\/#respond"]}]},{"@type":"WebPage","@id":"https:\/\/www.salzburgerland.com\/de\/magazin\/infiziert-vom-krippenvirus\/","url":"https:\/\/www.salzburgerland.com\/de\/magazin\/infiziert-vom-krippenvirus\/","name":"Infiziert vom Krippe(n)Virus - SalzburgerLand Magazin","isPartOf":{"@id":"https:\/\/www.salzburgerland.com\/de\/magazin\/#website"},"primaryImageOfPage":{"@id":"https:\/\/www.salzburgerland.com\/de\/magazin\/infiziert-vom-krippenvirus\/#primaryimage"},"image":{"@id":"https:\/\/www.salzburgerland.com\/de\/magazin\/infiziert-vom-krippenvirus\/#primaryimage"},"thumbnailUrl":"https:\/\/www.salzburgerland.com\/de\/magazin\/wp-content\/uploads\/2014\/11\/EDI_6248.jpg","datePublished":"2014-12-04T07:00:39+00:00","dateModified":"2024-11-25T14:26:47+00:00","breadcrumb":{"@id":"https:\/\/www.salzburgerland.com\/de\/magazin\/infiziert-vom-krippenvirus\/#breadcrumb"},"inLanguage":"de","potentialAction":[{"@type":"ReadAction","target":["https:\/\/www.salzburgerland.com\/de\/magazin\/infiziert-vom-krippenvirus\/"]}]},{"@type":"ImageObject","inLanguage":"de","@id":"https:\/\/www.salzburgerland.com\/de\/magazin\/infiziert-vom-krippenvirus\/#primaryimage","url":"https:\/\/www.salzburgerland.com\/de\/magazin\/wp-content\/uploads\/2014\/11\/EDI_6248.jpg","contentUrl":"https:\/\/www.salzburgerland.com\/de\/magazin\/wp-content\/uploads\/2014\/11\/EDI_6248.jpg","width":1600,"height":1068,"caption":"Peter Volgger schnitzt die Krippenfigur von Hand"},{"@type":"BreadcrumbList","@id":"https:\/\/www.salzburgerland.com\/de\/magazin\/infiziert-vom-krippenvirus\/#breadcrumb","itemListElement":[{"@type":"ListItem","position":1,"name":"Startseite","item":"https:\/\/www.salzburgerland.com\/de\/magazin\/"},{"@type":"ListItem","position":2,"name":"Kunst &amp; Kultur","item":"https:\/\/www.salzburgerland.com\/de\/magazin\/thema\/kunst-kultur\/"},{"@type":"ListItem","position":3,"name":"Infiziert vom Krippe(n)Virus"}]},{"@type":"WebSite","@id":"https:\/\/www.salzburgerland.com\/de\/magazin\/#website","url":"https:\/\/www.salzburgerland.com\/de\/magazin\/","name":"SalzburgerLand Magazin","description":"Geschichten und Interessantes aus dem SalzburgerLand","publisher":{"@id":"https:\/\/www.salzburgerland.com\/de\/magazin\/#organization"},"potentialAction":[{"@type":"SearchAction","target":{"@type":"EntryPoint","urlTemplate":"https:\/\/www.salzburgerland.com\/de\/magazin\/?s={search_term_string}"},"query-input":{"@type":"PropertyValueSpecification","valueRequired":true,"valueName":"search_term_string"}}],"inLanguage":"de"},{"@type":"Organization","@id":"https:\/\/www.salzburgerland.com\/de\/magazin\/#organization","name":"SalzburgerLand Tourismus","url":"https:\/\/www.salzburgerland.com\/de\/magazin\/","logo":{"@type":"ImageObject","inLanguage":"de","@id":"https:\/\/www.salzburgerland.com\/de\/magazin\/#\/schema\/logo\/image\/","url":"https:\/\/www.salzburgerland.com\/de\/magazin\/wp-content\/uploads\/2019\/06\/salzburgerland-logo1.jpg","contentUrl":"https:\/\/www.salzburgerland.com\/de\/magazin\/wp-content\/uploads\/2019\/06\/salzburgerland-logo1.jpg","width":2011,"height":866,"caption":"SalzburgerLand Tourismus"},"image":{"@id":"https:\/\/www.salzburgerland.com\/de\/magazin\/#\/schema\/logo\/image\/"},"sameAs":["https:\/\/www.facebook.com\/salzburgerland\/","https:\/\/x.com\/Salzburgerland","https:\/\/www.instagram.com\/salzburgerland\/","https:\/\/at.linkedin.com\/company\/salzburgerland-tourismus-gmbh","https:\/\/www.pinterest.at\/salzburgerland\/","https:\/\/www.youtube.com\/user\/salzburgerland","https:\/\/de.wikipedia.org\/wiki\/SalzburgerLand_Tourismus_GmbH"]},{"@type":"Person","@id":"https:\/\/www.salzburgerland.com\/de\/magazin\/#\/schema\/person\/79452c699c410aa31a119426313748de","name":"Edith Danzer","description":"Seit Jahren arbeite ich als freie Redakteurin und Fotografin im SalzburgerLand. Schreiben ist f\u00fcr mich nicht blo\u00df das Erstellen eines Textes. Es ist ein Komponieren einer wundervollen Melodie, ein Malen mit Buchstaben und Worten. Ich liebe die Begegnungen mit Menschen, die mir ihre Geschichte anvertrauen. Wenn man mich sucht, bin ich entweder am Schreibtisch (der auch mal am sonnigen H\u00fcttenbankerl stehen kann) oder mit meinem Husky-M\u00e4dl Ylvi am Berg, am See oder im Wald. Ich \u2026 \u2026 in ein paar Worten. \u2022 Lieber drau\u00dfen, als drinnen. \u2022 Lieber Norden, als S\u00fcden. \u2022 Lieber Buchstaben, als Zahlen. \u2022 Lieber Schnee, als Strand. \u2022 Lieber Berg, als Tal. \u2022 Lieber Nordlichter, als S\u00fcdseezauber. \u2022 Lieber H\u00fctte, als F\u00fcnfsternschuppen. \u2022 Lieber Hund, als Katze. \u2022 Lieber grader Michl, als falscher Fufzga. \u2022 Lieber mittendurch, als drumherum \u2022 Lieber Almleben, als Couchpotato","url":"https:\/\/www.salzburgerland.com\/de\/magazin\/author\/edith-danzer\/"}]}},"_wl_alt_label":[],"wl:entity_url":"http:\/\/open.salzburgerland.com\/magazin\/post\/infiziert_vom_krippenvirus","_links":{"self":[{"href":"https:\/\/www.salzburgerland.com\/de\/magazin\/wp-json\/wp\/v2\/posts\/93337","targetHints":{"allow":["GET"]}}],"collection":[{"href":"https:\/\/www.salzburgerland.com\/de\/magazin\/wp-json\/wp\/v2\/posts"}],"about":[{"href":"https:\/\/www.salzburgerland.com\/de\/magazin\/wp-json\/wp\/v2\/types\/post"}],"author":[{"embeddable":true,"href":"https:\/\/www.salzburgerland.com\/de\/magazin\/wp-json\/wp\/v2\/users\/11"}],"replies":[{"embeddable":true,"href":"https:\/\/www.salzburgerland.com\/de\/magazin\/wp-json\/wp\/v2\/comments?post=93337"}],"version-history":[{"count":1,"href":"https:\/\/www.salzburgerland.com\/de\/magazin\/wp-json\/wp\/v2\/posts\/93337\/revisions"}],"predecessor-version":[{"id":179564,"href":"https:\/\/www.salzburgerland.com\/de\/magazin\/wp-json\/wp\/v2\/posts\/93337\/revisions\/179564"}],"wp:featuredmedia":[{"embeddable":true,"href":"https:\/\/www.salzburgerland.com\/de\/magazin\/wp-json\/wp\/v2\/media\/93347"}],"wp:attachment":[{"href":"https:\/\/www.salzburgerland.com\/de\/magazin\/wp-json\/wp\/v2\/media?parent=93337"}],"wp:term":[{"taxonomy":"category","embeddable":true,"href":"https:\/\/www.salzburgerland.com\/de\/magazin\/wp-json\/wp\/v2\/categories?post=93337"},{"taxonomy":"post_tag","embeddable":true,"href":"https:\/\/www.salzburgerland.com\/de\/magazin\/wp-json\/wp\/v2\/tags?post=93337"},{"taxonomy":"wl_entity_type","embeddable":true,"href":"https:\/\/www.salzburgerland.com\/de\/magazin\/wp-json\/wp\/v2\/wl_entity_type?post=93337"},{"taxonomy":"monatsauswahl","embeddable":true,"href":"https:\/\/www.salzburgerland.com\/de\/magazin\/wp-json\/wp\/v2\/monatsauswahl?post=93337"}],"curies":[{"name":"wp","href":"https:\/\/api.w.org\/{rel}","templated":true}]}}