{"id":93232,"date":"2014-11-27T10:26:44","date_gmt":"2014-11-27T09:26:44","guid":{"rendered":"http:\/\/magazin.salzburgerland.com\/?p=93232"},"modified":"2016-10-27T12:34:47","modified_gmt":"2016-10-27T10:34:47","slug":"nikolaus-engel-und-koerberltraeger-begleiten-den-krampus","status":"publish","type":"post","link":"https:\/\/www.salzburgerland.com\/de\/magazin\/nikolaus-engel-und-koerberltraeger-begleiten-den-krampus\/","title":{"rendered":"Nikolaus, Engel und K\u00f6rberltr\u00e4ger begleiten den Krampus"},"content":{"rendered":"<p>Dumpfes Glockengel\u00e4ut, Kettenrasseln und schaurige Masken: Sobald es dunkel wird, ziehen vor allem am 5. und 6. Dezember Krampusse von Haus zu Haus oder durch die Stra\u00dfen im SalzburgerLand. Der Nikolaus f\u00fchrt die l\u00e4rmenden und furchterregend h\u00f6llisch-h\u00e4sslichen Gestalten an. Ein K\u00f6rberltr\u00e4ger folgt ihm. Das M\u00e4nnlein tr\u00e4gt in seinem Korb kleine Geschenke wie Kekse, Mandarinen, N\u00fcsse und \u00c4pfel. Mancherorts begleiten Engel diese so genannte Pass.<\/p>\n<p>Im <a href=\"http:\/\/www.gasteinertal.com\/krampuslauf\" target=\"_blank\">Gasteinertal <\/a>haben die Krampusse &#8211; ganz nach traditioneller Weise &#8211; Masken aus Holz. Darauf drohen H\u00f6rner vom Ziegenbock und vom Widder. Gekleidet sind die dunklen Gesellen in ein Schaf- oder in ein Ziegenfell. Im unten eingef\u00fcgten Video l\u00e4rmt die Pass &#8222;D&#8217;Echten&#8220; vor einem Haus. Der Nikolaus ist bereits in der Stube bei der Familie. Er tr\u00e4gt ein pr\u00e4chtiges Gewandt und einen Bischofsstab. Die Krampusse l\u00e4rmen solange vor dem Haus, bis sie gerufen werden.\u00a0 W\u00e4hrend die schaurigen Gesellen warten, liest der Bischof von Myra (Asien) der Familie ein Gedicht aus seinem gro\u00dfen goldenen Buch vor. Ein Teil seines Gedichtes lautet: &#8222;Jedes Jahr zur selben Zeit, wenn es auf Weihnachten ist es nicht mehr weit, ziehen wir von Haus zu Haus und richten Gottes Segen euch aus.&#8220; Nach dem Gedicht und einem g\u00fctig-ermahnenden Gespr\u00e4ch, bekommen die Braven ein Sackerl aus dem Korb des K\u00f6rberltr\u00e4gers. Im Lungau wird dieser &#8222;Guaezelmandel&#8220; genannt. Danach l\u00e4rmen die Krampusse mit Glockengel\u00e4ut, Kettenrasseln und den Ruten ins Haus. F\u00fcr die Schlimmen gibt es ein bei paar Hiebe. Dann zieht der Nikolaus mit seinen Begleitern weiter zum n\u00e4chsten Haus. Wenn zwei Passen auf ihrem Weg aufeinander treffen, kreuzen die Nikol\u00e4use ihre Bischofsst\u00e4be. Danach rempeln (Kr\u00e4fte messen) die Krampusse miteinander. Die Nikol\u00e4use schauen ein paar Minuten zu, dann beenden sie die Rempelei und gehen weiter.<\/p>\n<p>Viele Nikol\u00e4use und ihre Begleiter wandern traditionellerweise im SalzburgerLand &#8211; sowie die Gasteiner Passen &#8211; am 5. und 6. Dezember von Haus zu Haus und besuchen die Familien. Zudem finden in zahlreichen Gemeinden und St\u00e4dten Krampusl\u00e4ufe und Krampuspartys statt. Einer der gr\u00f6\u00dften L\u00e4ufe im SalzburgerLand geht am 5. und 6. Dezember in der Pongauer Metropole <a href=\"http:\/\/www.JOsalzburg.com\/\" target=\"_blank\">St. Johann<\/a> \u00fcber die B\u00fchne. \u00dcber 60 Passen aus dem Salzburger Land, Bayern und Ober\u00f6sterreich haben sich zu diesem Schaulauf angemeldet. Ein weiterer spektakul\u00e4rer Lauf findet in der Halleiner Altstadt am 29.11., ab 18 Uhr statt. Extreme Monster, furchterregende Fratzen und Zombies sowie ein diabolisches Spektakel verbreiten bei diesen L\u00e4ufen schaurig-gruselige Nervenkitzel.<\/p>\n<p>Die Fotos f\u00fcr diesen Beitrag stammen \u00fcbrigens von den Tourismusverb\u00e4nden, von der Pass D&#8217;Echten und von Christine Fr\u00f6schl.<\/p>\n<p><a href=\"http:\/\/www.salzburg24.at\/specials\/krampusse-und-perchten-in-salzburg\" target=\"_blank\">Einen sehr guten \u00dcberblick \u00fcber alle Krampusl\u00e4ufe im SalzburgerLand bekommt man hier! <\/a><\/p>\n<p><iframe loading=\"lazy\" title=\"2013 D Echtn\" width=\"640\" height=\"360\" src=\"https:\/\/www.youtube-nocookie.com\/embed\/6C7rrpl-Fo4?feature=oembed&#038;rel=0&#038;modestbranding=1\" frameborder=\"0\" allow=\"accelerometer; autoplay; clipboard-write; encrypted-media; gyroscope; picture-in-picture; web-share\" referrerpolicy=\"strict-origin-when-cross-origin\" allowfullscreen><\/iframe><\/p>\n<div class=\"mag-gallery\"><div class=\"row\"><div class=\"col-6 col-sm-4\"><figure><a class=\"thumb-container\" href=\"https:\/\/www.salzburgerland.com\/de\/magazin\/wp-content\/uploads\/2014\/11\/krampus-gastein-j-1280x1024.jpg\">\t<picture><source media=\"(min-width: 576px)\" srcset=\"https:\/\/www.salzburgerland.com\/de\/magazin\/wp-content\/uploads\/2014\/11\/krampus-gastein-j-325x209.jpg 325w, https:\/\/www.salzburgerland.com\/de\/magazin\/wp-content\/uploads\/2014\/11\/krampus-gastein-j-249x160.jpg 249w\" \/><source media=\"(min-width: 0)\" srcset=\"https:\/\/www.salzburgerland.com\/de\/magazin\/wp-content\/uploads\/2014\/11\/krampus-gastein-j-249x160.jpg 249w, https:\/\/www.salzburgerland.com\/de\/magazin\/wp-content\/uploads\/2014\/11\/krampus-gastein-j-325x209.jpg 325w\" \/><img decoding=\"async\" alt=\"Menschen in H\u00f6rnerkost\u00fcmen gehen in einer Reihe auf einem verschneiten Hang mit Bergen und B\u00e4umen im Hintergrund.\" src=\"https:\/\/www.salzburgerland.com\/de\/magazin\/wp-content\/uploads\/2014\/11\/krampus-gastein-j.jpg\" \/>\t<\/picture><\/a><\/figure><\/div><div class=\"col-6 col-sm-4\"><figure><a class=\"thumb-container\" href=\"https:\/\/www.salzburgerland.com\/de\/magazin\/wp-content\/uploads\/2014\/11\/krampus-und-seine-begleiter-f-1280x1024.jpg\">\t<picture><source media=\"(min-width: 576px)\" srcset=\"https:\/\/www.salzburgerland.com\/de\/magazin\/wp-content\/uploads\/2014\/11\/krampus-und-seine-begleiter-f-325x209.jpg 325w, https:\/\/www.salzburgerland.com\/de\/magazin\/wp-content\/uploads\/2014\/11\/krampus-und-seine-begleiter-f-249x160.jpg 249w\" \/><source media=\"(min-width: 0)\" srcset=\"https:\/\/www.salzburgerland.com\/de\/magazin\/wp-content\/uploads\/2014\/11\/krampus-und-seine-begleiter-f-249x160.jpg 249w, https:\/\/www.salzburgerland.com\/de\/magazin\/wp-content\/uploads\/2014\/11\/krampus-und-seine-begleiter-f-325x209.jpg 325w\" \/><img decoding=\"async\" alt=\"Drei Kinder in festlichen Kost\u00fcmen fahren auf einem geschm\u00fcckten Holzwagen bei einer Winterveranstaltung im Freien.\" src=\"https:\/\/www.salzburgerland.com\/de\/magazin\/wp-content\/uploads\/2014\/11\/krampus-und-seine-begleiter-f.jpg\" \/>\t<\/picture><\/a><\/figure><\/div><div class=\"col-6 col-sm-4\"><figure><a class=\"thumb-container\" href=\"https:\/\/www.salzburgerland.com\/de\/magazin\/wp-content\/uploads\/2014\/11\/Lungauer-Nikolo-1280x1024.jpg\">\t<picture><source media=\"(min-width: 576px)\" srcset=\"https:\/\/www.salzburgerland.com\/de\/magazin\/wp-content\/uploads\/2014\/11\/Lungauer-Nikolo-325x209.jpg 325w, https:\/\/www.salzburgerland.com\/de\/magazin\/wp-content\/uploads\/2014\/11\/Lungauer-Nikolo-249x160.jpg 249w\" \/><source media=\"(min-width: 0)\" srcset=\"https:\/\/www.salzburgerland.com\/de\/magazin\/wp-content\/uploads\/2014\/11\/Lungauer-Nikolo-249x160.jpg 249w, https:\/\/www.salzburgerland.com\/de\/magazin\/wp-content\/uploads\/2014\/11\/Lungauer-Nikolo-325x209.jpg 325w\" \/><img decoding=\"async\" alt=\"Drei Personen in Winterkost\u00fcmen: ein geh\u00f6rntes Tier, ein Bischof mit Stab und eine pelzige Gestalt mit einem Korb.\" src=\"https:\/\/www.salzburgerland.com\/de\/magazin\/wp-content\/uploads\/2014\/11\/Lungauer-Nikolo.jpg\" \/>\t<\/picture><\/a><\/figure><\/div><div class=\"col-6 col-sm-4\"><figure><a class=\"thumb-container\" href=\"https:\/\/www.salzburgerland.com\/de\/magazin\/wp-content\/uploads\/2014\/11\/krampus-und-seine-begleiter-h-1280x1024.jpg\">\t<picture><source media=\"(min-width: 576px)\" srcset=\"\" \/><source media=\"(min-width: 0)\" srcset=\"https:\/\/www.salzburgerland.com\/de\/magazin\/wp-content\/uploads\/2014\/11\/krampus-und-seine-begleiter-h.jpg 926w, https:\/\/www.salzburgerland.com\/de\/magazin\/wp-content\/uploads\/2014\/11\/krampus-und-seine-begleiter-h-285x300.jpg 285w, https:\/\/www.salzburgerland.com\/de\/magazin\/wp-content\/uploads\/2014\/11\/krampus-und-seine-begleiter-h-523x550.jpg 523w, https:\/\/www.salzburgerland.com\/de\/magazin\/wp-content\/uploads\/2014\/11\/krampus-und-seine-begleiter-h-380x400.jpg 380w\" \/><img decoding=\"async\" alt=\"Eine Gruppe mit Nikolaus, Krampus und einem Akkordeon spielenden Jungen posiert gemeinsam in einem Hausflur.\" src=\"https:\/\/www.salzburgerland.com\/de\/magazin\/wp-content\/uploads\/2014\/11\/krampus-und-seine-begleiter-h.jpg\" \/>\t<\/picture><\/a><\/figure><\/div><div class=\"col-6 col-sm-4\"><figure><a class=\"thumb-container\" href=\"https:\/\/www.salzburgerland.com\/de\/magazin\/wp-content\/uploads\/2014\/11\/krampus-und-seine-begleiter-e-1280x1024.jpg\">\t<picture><source media=\"(min-width: 576px)\" srcset=\"https:\/\/www.salzburgerland.com\/de\/magazin\/wp-content\/uploads\/2014\/11\/krampus-und-seine-begleiter-e-325x209.jpg 325w, https:\/\/www.salzburgerland.com\/de\/magazin\/wp-content\/uploads\/2014\/11\/krampus-und-seine-begleiter-e-249x160.jpg 249w\" \/><source media=\"(min-width: 0)\" srcset=\"https:\/\/www.salzburgerland.com\/de\/magazin\/wp-content\/uploads\/2014\/11\/krampus-und-seine-begleiter-e-249x160.jpg 249w, https:\/\/www.salzburgerland.com\/de\/magazin\/wp-content\/uploads\/2014\/11\/krampus-und-seine-begleiter-e-325x209.jpg 325w\" \/><img decoding=\"async\" alt=\"Ein M\u00e4dchen in einem wei\u00dfen Kost\u00fcm h\u00e4lt einen geflochtenen Korb im n\u00e4chtlichen Freien, mit Lichterketten im Hintergrund.\" src=\"https:\/\/www.salzburgerland.com\/de\/magazin\/wp-content\/uploads\/2014\/11\/krampus-und-seine-begleiter-e.jpg\" \/>\t<\/picture><\/a><\/figure><\/div><div class=\"col-6 col-sm-4\"><figure><a class=\"thumb-container\" href=\"https:\/\/www.salzburgerland.com\/de\/magazin\/wp-content\/uploads\/2014\/11\/krampus-und-seine-begleiter-d-1280x1024.jpg\">\t<picture><source media=\"(min-width: 576px)\" srcset=\"https:\/\/www.salzburgerland.com\/de\/magazin\/wp-content\/uploads\/2014\/11\/krampus-und-seine-begleiter-d-325x209.jpg 325w, https:\/\/www.salzburgerland.com\/de\/magazin\/wp-content\/uploads\/2014\/11\/krampus-und-seine-begleiter-d-249x160.jpg 249w\" \/><source media=\"(min-width: 0)\" srcset=\"https:\/\/www.salzburgerland.com\/de\/magazin\/wp-content\/uploads\/2014\/11\/krampus-und-seine-begleiter-d-249x160.jpg 249w, https:\/\/www.salzburgerland.com\/de\/magazin\/wp-content\/uploads\/2014\/11\/krampus-und-seine-begleiter-d-325x209.jpg 325w\" \/><img decoding=\"async\" alt=\"Ein wei\u00df gekleidetes M\u00e4dchen steht l\u00e4chelnd im Schnee, umgeben von Menschen in geh\u00f6rnten, pelzigen Monsterkost\u00fcmen bei Nacht.\" src=\"https:\/\/www.salzburgerland.com\/de\/magazin\/wp-content\/uploads\/2014\/11\/krampus-und-seine-begleiter-d.jpg\" \/>\t<\/picture><\/a><\/figure><\/div><div class=\"col-6 col-sm-4\"><figure><a class=\"thumb-container\" href=\"https:\/\/www.salzburgerland.com\/de\/magazin\/wp-content\/uploads\/2014\/11\/krampus-gastein-k-1280x1024.jpg\">\t<picture><source media=\"(min-width: 576px)\" srcset=\"https:\/\/www.salzburgerland.com\/de\/magazin\/wp-content\/uploads\/2014\/11\/krampus-gastein-k-325x209.jpg 325w, https:\/\/www.salzburgerland.com\/de\/magazin\/wp-content\/uploads\/2014\/11\/krampus-gastein-k-249x160.jpg 249w\" \/><source media=\"(min-width: 0)\" srcset=\"https:\/\/www.salzburgerland.com\/de\/magazin\/wp-content\/uploads\/2014\/11\/krampus-gastein-k-249x160.jpg 249w, https:\/\/www.salzburgerland.com\/de\/magazin\/wp-content\/uploads\/2014\/11\/krampus-gastein-k-325x209.jpg 325w\" \/><img decoding=\"async\" alt=\"Menschen in aufwendigen Krampuskost\u00fcmen versammeln sich um einen Tisch in einem festlichen, rustikalen Raum mit roten Vorh\u00e4ngen.\" src=\"https:\/\/www.salzburgerland.com\/de\/magazin\/wp-content\/uploads\/2014\/11\/krampus-gastein-k.jpg\" \/>\t<\/picture><\/a><\/figure><\/div><div class=\"col-6 col-sm-4\"><figure><a class=\"thumb-container\" href=\"https:\/\/www.salzburgerland.com\/de\/magazin\/wp-content\/uploads\/2014\/11\/Gastein-i-1280x1024.jpg\">\t<picture><source media=\"(min-width: 576px)\" srcset=\"\" \/><source media=\"(min-width: 0)\" srcset=\"https:\/\/www.salzburgerland.com\/de\/magazin\/wp-content\/uploads\/2014\/11\/Gastein-i.jpg 860w, https:\/\/www.salzburgerland.com\/de\/magazin\/wp-content\/uploads\/2014\/11\/Gastein-i-279x300.jpg 279w, https:\/\/www.salzburgerland.com\/de\/magazin\/wp-content\/uploads\/2014\/11\/Gastein-i-512x550.jpg 512w, https:\/\/www.salzburgerland.com\/de\/magazin\/wp-content\/uploads\/2014\/11\/Gastein-i-372x400.jpg 372w\" \/><img decoding=\"async\" alt=\"Eine Person in einem zotteligen, geh\u00f6rnten, monstr\u00f6sen Kost\u00fcm steht neben geh\u00f6rnten Masken an einer Holzwand.\" src=\"https:\/\/www.salzburgerland.com\/de\/magazin\/wp-content\/uploads\/2014\/11\/Gastein-i.jpg\" \/>\t<\/picture><\/a><\/figure><\/div><div class=\"col-6 col-sm-4\"><figure><a class=\"thumb-container\" href=\"https:\/\/www.salzburgerland.com\/de\/magazin\/wp-content\/uploads\/2014\/11\/krampus-und-seine-begleiter-g-1280x1024.jpg\">\t<picture><source media=\"(min-width: 576px)\" srcset=\"https:\/\/www.salzburgerland.com\/de\/magazin\/wp-content\/uploads\/2014\/11\/krampus-und-seine-begleiter-g-325x209.jpg 325w, https:\/\/www.salzburgerland.com\/de\/magazin\/wp-content\/uploads\/2014\/11\/krampus-und-seine-begleiter-g-249x160.jpg 249w\" \/><source media=\"(min-width: 0)\" srcset=\"https:\/\/www.salzburgerland.com\/de\/magazin\/wp-content\/uploads\/2014\/11\/krampus-und-seine-begleiter-g-249x160.jpg 249w, https:\/\/www.salzburgerland.com\/de\/magazin\/wp-content\/uploads\/2014\/11\/krampus-und-seine-begleiter-g-325x209.jpg 325w\" \/><img decoding=\"async\" alt=\"Eine gro\u00dfe Menschenmenge versammelt sich w\u00e4hrend einer n\u00e4chtlichen Feier im Freien um St. Nikolaus und seine Begleiter.\" src=\"https:\/\/www.salzburgerland.com\/de\/magazin\/wp-content\/uploads\/2014\/11\/krampus-und-seine-begleiter-g.jpg\" \/>\t<\/picture><\/a><\/figure><\/div><div class=\"col-6 col-sm-4\"><figure><a class=\"thumb-container\" href=\"https:\/\/www.salzburgerland.com\/de\/magazin\/wp-content\/uploads\/2014\/11\/krampus-und-seine-begleiter-c-1280x1024.jpg\">\t<picture><source media=\"(min-width: 576px)\" srcset=\"https:\/\/www.salzburgerland.com\/de\/magazin\/wp-content\/uploads\/2014\/11\/krampus-und-seine-begleiter-c-325x209.jpg 325w, https:\/\/www.salzburgerland.com\/de\/magazin\/wp-content\/uploads\/2014\/11\/krampus-und-seine-begleiter-c-249x160.jpg 249w\" \/><source media=\"(min-width: 0)\" srcset=\"https:\/\/www.salzburgerland.com\/de\/magazin\/wp-content\/uploads\/2014\/11\/krampus-und-seine-begleiter-c-249x160.jpg 249w, https:\/\/www.salzburgerland.com\/de\/magazin\/wp-content\/uploads\/2014\/11\/krampus-und-seine-begleiter-c-325x209.jpg 325w\" \/><img decoding=\"async\" alt=\"Figuren in dunklen Kost\u00fcmen und Masken stehen in rotem Licht, w\u00e4hrend im Hintergrund nachts Feuer oder eine Fackel brennt.\" src=\"https:\/\/www.salzburgerland.com\/de\/magazin\/wp-content\/uploads\/2014\/11\/krampus-und-seine-begleiter-c.jpg\" \/>\t<\/picture><\/a><\/figure><\/div><div class=\"col-6 col-sm-4\"><figure><a class=\"thumb-container\" href=\"https:\/\/www.salzburgerland.com\/de\/magazin\/wp-content\/uploads\/2014\/11\/krampus-und-seine-begleiter-b-1280x1024.jpg\">\t<picture><source media=\"(min-width: 576px)\" srcset=\"https:\/\/www.salzburgerland.com\/de\/magazin\/wp-content\/uploads\/2014\/11\/krampus-und-seine-begleiter-b-325x209.jpg 325w, https:\/\/www.salzburgerland.com\/de\/magazin\/wp-content\/uploads\/2014\/11\/krampus-und-seine-begleiter-b-249x160.jpg 249w\" \/><source media=\"(min-width: 0)\" srcset=\"https:\/\/www.salzburgerland.com\/de\/magazin\/wp-content\/uploads\/2014\/11\/krampus-und-seine-begleiter-b-249x160.jpg 249w, https:\/\/www.salzburgerland.com\/de\/magazin\/wp-content\/uploads\/2014\/11\/krampus-und-seine-begleiter-b-325x209.jpg 325w\" \/><img decoding=\"async\" alt=\"Silhouettierte Figuren in Kost\u00fcmen halten Fackeln inmitten von Rauch bei einer dunklen Veranstaltung oder einem Festival im Freien.\" src=\"https:\/\/www.salzburgerland.com\/de\/magazin\/wp-content\/uploads\/2014\/11\/krampus-und-seine-begleiter-b.jpg\" \/>\t<\/picture><\/a><\/figure><\/div><div class=\"col-6 col-sm-4\"><figure><a class=\"thumb-container\" href=\"https:\/\/www.salzburgerland.com\/de\/magazin\/wp-content\/uploads\/2014\/11\/krampus-und-seine-begleiter-a-1280x1024.jpg\">\t<picture><source media=\"(min-width: 576px)\" srcset=\"https:\/\/www.salzburgerland.com\/de\/magazin\/wp-content\/uploads\/2014\/11\/krampus-und-seine-begleiter-a-325x209.jpg 325w, https:\/\/www.salzburgerland.com\/de\/magazin\/wp-content\/uploads\/2014\/11\/krampus-und-seine-begleiter-a-249x160.jpg 249w\" \/><source media=\"(min-width: 0)\" srcset=\"https:\/\/www.salzburgerland.com\/de\/magazin\/wp-content\/uploads\/2014\/11\/krampus-und-seine-begleiter-a-249x160.jpg 249w, https:\/\/www.salzburgerland.com\/de\/magazin\/wp-content\/uploads\/2014\/11\/krampus-und-seine-begleiter-a-325x209.jpg 325w\" \/><img decoding=\"async\" alt=\"Eine Person in einem pelzigen Kost\u00fcm und eine weitere mit Fl\u00fcgeln stehen in rot beleuchtetem Rauch und halten Fackeln in die Luft.\" src=\"https:\/\/www.salzburgerland.com\/de\/magazin\/wp-content\/uploads\/2014\/11\/krampus-und-seine-begleiter-a.jpg\" \/>\t<\/picture><\/a><\/figure><\/div><\/div><\/div><figcaption><\/figcaption>\n","protected":false},"excerpt":{"rendered":"<p>Dumpfes Glockengel\u00e4ut, Kettenrasseln und schaurige Masken: Sobald es dunkel wird, ziehen vor allem am 5. und 6. Dezember Krampusse von Haus zu Haus oder durch die Stra\u00dfen im SalzburgerLand. Der Nikolaus f\u00fchrt die l\u00e4rmenden und furchterregend h\u00f6llisch-h\u00e4sslichen Gestalten an. Ein K\u00f6rberltr\u00e4ger folgt ihm. Das M\u00e4nnlein tr\u00e4gt in seinem Korb kleine Geschenke wie Kekse, Mandarinen, N\u00fcsse [&hellip;]<\/p>\n","protected":false},"author":236,"featured_media":93243,"comment_status":"open","ping_status":"open","sticky":false,"template":"","format":"standard","meta":{"_acf_changed":false,"wl_entities_gutenberg":"","_wl_entity_redirect_enabled":"","footnotes":""},"categories":[6],"tags":[],"wl_entity_type":[306],"monatsauswahl":[92,93],"class_list":["post-93232","post","type-post","status-publish","format-standard","has-post-thumbnail","hentry","category-kunst-kultur","wl_entity_type-article","monatsauswahl-monat_11","monatsauswahl-monat_12"],"acf":[],"yoast_head":"<!-- This site is optimized with the Yoast SEO Premium plugin v27.4 (Yoast SEO v27.4) - https:\/\/yoast.com\/product\/yoast-seo-premium-wordpress\/ -->\n<title>Nikolaus, Engel und K\u00f6rberltr\u00e4ger begleiten den Krampus - SalzburgerLand Magazin<\/title>\n<meta name=\"description\" content=\"Dumpfes Glockengel\u00e4ut, Kettenrasseln und schaurige Masken: Sobald es dunkel wird, ziehen vor allem am 5. und 6. Dezember Krampusse von Haus zu Haus oder durch die Stra\u00dfen im SalzburgerLand. Der Nikolaus f\u00fchrt die l\u00e4rmenden und furchterregend h\u00f6llisch-h\u00e4sslichen Gestalten an. Ein K\u00f6rberltr\u00e4ger folgt ihm. Das M\u00e4nnlein tr\u00e4gt in seinem Korb kleine Geschenke wie Kekse, Mandarinen, N\u00fcsse [&hellip;]\" \/>\n<meta name=\"robots\" content=\"index, follow, max-snippet:-1, max-image-preview:large, max-video-preview:-1\" \/>\n<link rel=\"canonical\" href=\"https:\/\/www.salzburgerland.com\/de\/magazin\/nikolaus-engel-und-koerberltraeger-begleiten-den-krampus\/\" \/>\n<meta property=\"og:locale\" content=\"de_DE\" \/>\n<meta property=\"og:type\" content=\"article\" \/>\n<meta property=\"og:title\" content=\"Nikolaus, Engel und K\u00f6rberltr\u00e4ger begleiten den Krampus\" \/>\n<meta property=\"og:description\" content=\"Dumpfes Glockengel\u00e4ut, Kettenrasseln und schaurige Masken: Sobald es dunkel wird, ziehen vor allem am 5. und 6. Dezember Krampusse von Haus zu Haus oder durch die Stra\u00dfen im SalzburgerLand. Der Nikolaus f\u00fchrt die l\u00e4rmenden und furchterregend h\u00f6llisch-h\u00e4sslichen Gestalten an. Ein K\u00f6rberltr\u00e4ger folgt ihm. Das M\u00e4nnlein tr\u00e4gt in seinem Korb kleine Geschenke wie Kekse, Mandarinen, N\u00fcsse [&hellip;]\" \/>\n<meta property=\"og:url\" content=\"https:\/\/www.salzburgerland.com\/de\/magazin\/nikolaus-engel-und-koerberltraeger-begleiten-den-krampus\/\" \/>\n<meta property=\"og:site_name\" content=\"SalzburgerLand Magazin\" \/>\n<meta property=\"article:publisher\" content=\"https:\/\/www.facebook.com\/salzburgerland\/\" \/>\n<meta property=\"article:published_time\" content=\"2014-11-27T09:26:44+00:00\" \/>\n<meta property=\"article:modified_time\" content=\"2016-10-27T10:34:47+00:00\" \/>\n<meta property=\"og:image\" content=\"https:\/\/www.salzburgerland.com\/de\/magazin\/wp-content\/uploads\/2014\/11\/krampus-und-seine-begleiter-f.jpg\" \/>\n\t<meta property=\"og:image:width\" content=\"504\" \/>\n\t<meta property=\"og:image:height\" content=\"335\" \/>\n\t<meta property=\"og:image:type\" content=\"image\/jpeg\" \/>\n<meta name=\"author\" content=\"Christine Fr\u00f6schl\" \/>\n<meta name=\"twitter:card\" content=\"summary_large_image\" \/>\n<meta name=\"twitter:creator\" content=\"@Salzburgerland\" \/>\n<meta name=\"twitter:site\" content=\"@Salzburgerland\" \/>\n<meta name=\"twitter:label1\" content=\"Verfasst von\" \/>\n\t<meta name=\"twitter:data1\" content=\"Christine Fr\u00f6schl\" \/>\n\t<meta name=\"twitter:label2\" content=\"Gesch\u00e4tzte Lesezeit\" \/>\n\t<meta name=\"twitter:data2\" content=\"2\u00a0Minuten\" \/>\n<script type=\"application\/ld+json\" class=\"yoast-schema-graph\">{\"@context\":\"https:\\\/\\\/schema.org\",\"@graph\":[{\"@type\":\"Article\",\"@id\":\"https:\\\/\\\/www.salzburgerland.com\\\/de\\\/magazin\\\/nikolaus-engel-und-koerberltraeger-begleiten-den-krampus\\\/#article\",\"isPartOf\":{\"@id\":\"https:\\\/\\\/www.salzburgerland.com\\\/de\\\/magazin\\\/nikolaus-engel-und-koerberltraeger-begleiten-den-krampus\\\/\"},\"author\":{\"name\":\"Christine Fr\u00f6schl\",\"@id\":\"https:\\\/\\\/www.salzburgerland.com\\\/de\\\/magazin\\\/#\\\/schema\\\/person\\\/7932db74f19d9640620859cb2b794c4e\"},\"headline\":\"Nikolaus, Engel und K\u00f6rberltr\u00e4ger begleiten den Krampus\",\"datePublished\":\"2014-11-27T09:26:44+00:00\",\"dateModified\":\"2016-10-27T10:34:47+00:00\",\"mainEntityOfPage\":{\"@id\":\"https:\\\/\\\/www.salzburgerland.com\\\/de\\\/magazin\\\/nikolaus-engel-und-koerberltraeger-begleiten-den-krampus\\\/\"},\"wordCount\":470,\"commentCount\":0,\"publisher\":{\"@id\":\"https:\\\/\\\/www.salzburgerland.com\\\/de\\\/magazin\\\/#organization\"},\"image\":{\"@id\":\"https:\\\/\\\/www.salzburgerland.com\\\/de\\\/magazin\\\/nikolaus-engel-und-koerberltraeger-begleiten-den-krampus\\\/#primaryimage\"},\"thumbnailUrl\":\"https:\\\/\\\/www.salzburgerland.com\\\/de\\\/magazin\\\/wp-content\\\/uploads\\\/2014\\\/11\\\/krampus-und-seine-begleiter-f.jpg\",\"articleSection\":[\"Kunst &amp; Kultur\"],\"inLanguage\":\"de\",\"potentialAction\":[{\"@type\":\"CommentAction\",\"name\":\"Comment\",\"target\":[\"https:\\\/\\\/www.salzburgerland.com\\\/de\\\/magazin\\\/nikolaus-engel-und-koerberltraeger-begleiten-den-krampus\\\/#respond\"]}]},{\"@type\":\"WebPage\",\"@id\":\"https:\\\/\\\/www.salzburgerland.com\\\/de\\\/magazin\\\/nikolaus-engel-und-koerberltraeger-begleiten-den-krampus\\\/\",\"url\":\"https:\\\/\\\/www.salzburgerland.com\\\/de\\\/magazin\\\/nikolaus-engel-und-koerberltraeger-begleiten-den-krampus\\\/\",\"name\":\"Nikolaus, Engel und K\u00f6rberltr\u00e4ger begleiten den Krampus - SalzburgerLand Magazin\",\"isPartOf\":{\"@id\":\"https:\\\/\\\/www.salzburgerland.com\\\/de\\\/magazin\\\/#website\"},\"primaryImageOfPage\":{\"@id\":\"https:\\\/\\\/www.salzburgerland.com\\\/de\\\/magazin\\\/nikolaus-engel-und-koerberltraeger-begleiten-den-krampus\\\/#primaryimage\"},\"image\":{\"@id\":\"https:\\\/\\\/www.salzburgerland.com\\\/de\\\/magazin\\\/nikolaus-engel-und-koerberltraeger-begleiten-den-krampus\\\/#primaryimage\"},\"thumbnailUrl\":\"https:\\\/\\\/www.salzburgerland.com\\\/de\\\/magazin\\\/wp-content\\\/uploads\\\/2014\\\/11\\\/krampus-und-seine-begleiter-f.jpg\",\"datePublished\":\"2014-11-27T09:26:44+00:00\",\"dateModified\":\"2016-10-27T10:34:47+00:00\",\"breadcrumb\":{\"@id\":\"https:\\\/\\\/www.salzburgerland.com\\\/de\\\/magazin\\\/nikolaus-engel-und-koerberltraeger-begleiten-den-krampus\\\/#breadcrumb\"},\"inLanguage\":\"de\",\"potentialAction\":[{\"@type\":\"ReadAction\",\"target\":[\"https:\\\/\\\/www.salzburgerland.com\\\/de\\\/magazin\\\/nikolaus-engel-und-koerberltraeger-begleiten-den-krampus\\\/\"]}]},{\"@type\":\"ImageObject\",\"inLanguage\":\"de\",\"@id\":\"https:\\\/\\\/www.salzburgerland.com\\\/de\\\/magazin\\\/nikolaus-engel-und-koerberltraeger-begleiten-den-krampus\\\/#primaryimage\",\"url\":\"https:\\\/\\\/www.salzburgerland.com\\\/de\\\/magazin\\\/wp-content\\\/uploads\\\/2014\\\/11\\\/krampus-und-seine-begleiter-f.jpg\",\"contentUrl\":\"https:\\\/\\\/www.salzburgerland.com\\\/de\\\/magazin\\\/wp-content\\\/uploads\\\/2014\\\/11\\\/krampus-und-seine-begleiter-f.jpg\",\"width\":504,\"height\":335,\"caption\":\"Kinder als Nikolaus, \\\"Guazelmandel\\\" und Engerl\"},{\"@type\":\"BreadcrumbList\",\"@id\":\"https:\\\/\\\/www.salzburgerland.com\\\/de\\\/magazin\\\/nikolaus-engel-und-koerberltraeger-begleiten-den-krampus\\\/#breadcrumb\",\"itemListElement\":[{\"@type\":\"ListItem\",\"position\":1,\"name\":\"Startseite\",\"item\":\"https:\\\/\\\/www.salzburgerland.com\\\/de\\\/magazin\\\/\"},{\"@type\":\"ListItem\",\"position\":2,\"name\":\"Kunst &amp; Kultur\",\"item\":\"https:\\\/\\\/www.salzburgerland.com\\\/de\\\/magazin\\\/thema\\\/kunst-kultur\\\/\"},{\"@type\":\"ListItem\",\"position\":3,\"name\":\"Nikolaus, Engel und K\u00f6rberltr\u00e4ger begleiten den Krampus\"}]},{\"@type\":\"WebSite\",\"@id\":\"https:\\\/\\\/www.salzburgerland.com\\\/de\\\/magazin\\\/#website\",\"url\":\"https:\\\/\\\/www.salzburgerland.com\\\/de\\\/magazin\\\/\",\"name\":\"SalzburgerLand Magazin\",\"description\":\"Geschichten und Interessantes aus dem SalzburgerLand\",\"publisher\":{\"@id\":\"https:\\\/\\\/www.salzburgerland.com\\\/de\\\/magazin\\\/#organization\"},\"potentialAction\":[{\"@type\":\"SearchAction\",\"target\":{\"@type\":\"EntryPoint\",\"urlTemplate\":\"https:\\\/\\\/www.salzburgerland.com\\\/de\\\/magazin\\\/?s={search_term_string}\"},\"query-input\":{\"@type\":\"PropertyValueSpecification\",\"valueRequired\":true,\"valueName\":\"search_term_string\"}}],\"inLanguage\":\"de\"},{\"@type\":\"Organization\",\"@id\":\"https:\\\/\\\/www.salzburgerland.com\\\/de\\\/magazin\\\/#organization\",\"name\":\"SalzburgerLand Tourismus\",\"url\":\"https:\\\/\\\/www.salzburgerland.com\\\/de\\\/magazin\\\/\",\"logo\":{\"@type\":\"ImageObject\",\"inLanguage\":\"de\",\"@id\":\"https:\\\/\\\/www.salzburgerland.com\\\/de\\\/magazin\\\/#\\\/schema\\\/logo\\\/image\\\/\",\"url\":\"https:\\\/\\\/www.salzburgerland.com\\\/de\\\/magazin\\\/wp-content\\\/uploads\\\/2019\\\/06\\\/salzburgerland-logo1.jpg\",\"contentUrl\":\"https:\\\/\\\/www.salzburgerland.com\\\/de\\\/magazin\\\/wp-content\\\/uploads\\\/2019\\\/06\\\/salzburgerland-logo1.jpg\",\"width\":2011,\"height\":866,\"caption\":\"SalzburgerLand Tourismus\"},\"image\":{\"@id\":\"https:\\\/\\\/www.salzburgerland.com\\\/de\\\/magazin\\\/#\\\/schema\\\/logo\\\/image\\\/\"},\"sameAs\":[\"https:\\\/\\\/www.facebook.com\\\/salzburgerland\\\/\",\"https:\\\/\\\/x.com\\\/Salzburgerland\",\"https:\\\/\\\/www.instagram.com\\\/salzburgerland\\\/\",\"https:\\\/\\\/at.linkedin.com\\\/company\\\/salzburgerland-tourismus-gmbh\",\"https:\\\/\\\/www.pinterest.at\\\/salzburgerland\\\/\",\"https:\\\/\\\/www.youtube.com\\\/user\\\/salzburgerland\",\"https:\\\/\\\/de.wikipedia.org\\\/wiki\\\/SalzburgerLand_Tourismus_GmbH\"]},{\"@type\":\"Person\",\"@id\":\"https:\\\/\\\/www.salzburgerland.com\\\/de\\\/magazin\\\/#\\\/schema\\\/person\\\/7932db74f19d9640620859cb2b794c4e\",\"name\":\"Christine Fr\u00f6schl\",\"description\":\"Dein pers\u00f6nlicher Logenplatz im SalzburgerLand? Am liebsten gehe ich auf den Einberg im Salzburger Tennengau. Der Berg in der Osterhorn-Gruppe gl\u00e4nzt das ganze Jahr im Sonnenschein, auf dem Gipfel heben Paragleiter ab und die Aussicht auf das Tennengebirge, den Dachstein und die Bischofsm\u00fctze ist traumhaft. Dosige(r) oder Zuagroast? Zuagroast aus dem sch\u00f6nen Nieder\u00f6sterreich. Fr\u00fchling, Sommer, Herbst oder Winter? Alle Jahreszeiten begeistern mich. Momentan freue ich mich auf den Fr\u00fchling, das Zwitschern der V\u00f6gel und auf die sattgr\u00fcnen Wiesen. Salzburger Nockerl oder Schwarzbeernocken? Eindeutig Schwarzbeernocken. Rindsroulade vom Pinzgauer Biorind oder Saibling fangfrisch aus dem Fuschlsee? Mhhhh. Da kann ich mich nicht entscheiden. Bergtour oder Seentour? Mich zieht es auf jeden Fall hinauf. Begeistert bin ich auch von tiefblauen Bergseen in denen sich die Umgebung spiegelt und von der Aussicht w\u00e4hrend des Weges auf einen der wundersch\u00f6nen Seen im Salzburger Land.\",\"url\":\"https:\\\/\\\/www.salzburgerland.com\\\/de\\\/magazin\\\/author\\\/christine-froeschl\\\/\"}]}<\/script>\n<meta property=\"og:video\" content=\"https:\/\/www.youtube.com\/embed\/6C7rrpl-Fo4\" \/>\n<meta property=\"og:video:type\" content=\"text\/html\" \/>\n<meta property=\"og:video:duration\" content=\"199\" \/>\n<meta property=\"og:video:width\" content=\"480\" \/>\n<meta property=\"og:video:height\" content=\"270\" \/>\n<meta property=\"ya:ovs:adult\" content=\"false\" \/>\n<meta property=\"ya:ovs:upload_date\" content=\"2014-11-27T09:26:44+00:00\" \/>\n<meta property=\"ya:ovs:allow_embed\" content=\"true\" \/>\n<!-- \/ Yoast SEO Premium plugin. -->","yoast_head_json":{"title":"Nikolaus, Engel und K\u00f6rberltr\u00e4ger begleiten den Krampus - SalzburgerLand Magazin","description":"Dumpfes Glockengel\u00e4ut, Kettenrasseln und schaurige Masken: Sobald es dunkel wird, ziehen vor allem am 5. und 6. Dezember Krampusse von Haus zu Haus oder durch die Stra\u00dfen im SalzburgerLand. Der Nikolaus f\u00fchrt die l\u00e4rmenden und furchterregend h\u00f6llisch-h\u00e4sslichen Gestalten an. Ein K\u00f6rberltr\u00e4ger folgt ihm. Das M\u00e4nnlein tr\u00e4gt in seinem Korb kleine Geschenke wie Kekse, Mandarinen, N\u00fcsse [&hellip;]","robots":{"index":"index","follow":"follow","max-snippet":"max-snippet:-1","max-image-preview":"max-image-preview:large","max-video-preview":"max-video-preview:-1"},"canonical":"https:\/\/www.salzburgerland.com\/de\/magazin\/nikolaus-engel-und-koerberltraeger-begleiten-den-krampus\/","og_locale":"de_DE","og_type":"article","og_title":"Nikolaus, Engel und K\u00f6rberltr\u00e4ger begleiten den Krampus","og_description":"Dumpfes Glockengel\u00e4ut, Kettenrasseln und schaurige Masken: Sobald es dunkel wird, ziehen vor allem am 5. und 6. Dezember Krampusse von Haus zu Haus oder durch die Stra\u00dfen im SalzburgerLand. Der Nikolaus f\u00fchrt die l\u00e4rmenden und furchterregend h\u00f6llisch-h\u00e4sslichen Gestalten an. Ein K\u00f6rberltr\u00e4ger folgt ihm. Das M\u00e4nnlein tr\u00e4gt in seinem Korb kleine Geschenke wie Kekse, Mandarinen, N\u00fcsse [&hellip;]","og_url":"https:\/\/www.salzburgerland.com\/de\/magazin\/nikolaus-engel-und-koerberltraeger-begleiten-den-krampus\/","og_site_name":"SalzburgerLand Magazin","article_publisher":"https:\/\/www.facebook.com\/salzburgerland\/","article_published_time":"2014-11-27T09:26:44+00:00","article_modified_time":"2016-10-27T10:34:47+00:00","og_image":[{"width":504,"height":335,"url":"https:\/\/www.salzburgerland.com\/de\/magazin\/wp-content\/uploads\/2014\/11\/krampus-und-seine-begleiter-f.jpg","type":"image\/jpeg"}],"author":"Christine Fr\u00f6schl","twitter_card":"summary_large_image","twitter_creator":"@Salzburgerland","twitter_site":"@Salzburgerland","twitter_misc":{"Verfasst von":"Christine Fr\u00f6schl","Gesch\u00e4tzte Lesezeit":"2\u00a0Minuten"},"schema":{"@context":"https:\/\/schema.org","@graph":[{"@type":"Article","@id":"https:\/\/www.salzburgerland.com\/de\/magazin\/nikolaus-engel-und-koerberltraeger-begleiten-den-krampus\/#article","isPartOf":{"@id":"https:\/\/www.salzburgerland.com\/de\/magazin\/nikolaus-engel-und-koerberltraeger-begleiten-den-krampus\/"},"author":{"name":"Christine Fr\u00f6schl","@id":"https:\/\/www.salzburgerland.com\/de\/magazin\/#\/schema\/person\/7932db74f19d9640620859cb2b794c4e"},"headline":"Nikolaus, Engel und K\u00f6rberltr\u00e4ger begleiten den Krampus","datePublished":"2014-11-27T09:26:44+00:00","dateModified":"2016-10-27T10:34:47+00:00","mainEntityOfPage":{"@id":"https:\/\/www.salzburgerland.com\/de\/magazin\/nikolaus-engel-und-koerberltraeger-begleiten-den-krampus\/"},"wordCount":470,"commentCount":0,"publisher":{"@id":"https:\/\/www.salzburgerland.com\/de\/magazin\/#organization"},"image":{"@id":"https:\/\/www.salzburgerland.com\/de\/magazin\/nikolaus-engel-und-koerberltraeger-begleiten-den-krampus\/#primaryimage"},"thumbnailUrl":"https:\/\/www.salzburgerland.com\/de\/magazin\/wp-content\/uploads\/2014\/11\/krampus-und-seine-begleiter-f.jpg","articleSection":["Kunst &amp; Kultur"],"inLanguage":"de","potentialAction":[{"@type":"CommentAction","name":"Comment","target":["https:\/\/www.salzburgerland.com\/de\/magazin\/nikolaus-engel-und-koerberltraeger-begleiten-den-krampus\/#respond"]}]},{"@type":"WebPage","@id":"https:\/\/www.salzburgerland.com\/de\/magazin\/nikolaus-engel-und-koerberltraeger-begleiten-den-krampus\/","url":"https:\/\/www.salzburgerland.com\/de\/magazin\/nikolaus-engel-und-koerberltraeger-begleiten-den-krampus\/","name":"Nikolaus, Engel und K\u00f6rberltr\u00e4ger begleiten den Krampus - SalzburgerLand Magazin","isPartOf":{"@id":"https:\/\/www.salzburgerland.com\/de\/magazin\/#website"},"primaryImageOfPage":{"@id":"https:\/\/www.salzburgerland.com\/de\/magazin\/nikolaus-engel-und-koerberltraeger-begleiten-den-krampus\/#primaryimage"},"image":{"@id":"https:\/\/www.salzburgerland.com\/de\/magazin\/nikolaus-engel-und-koerberltraeger-begleiten-den-krampus\/#primaryimage"},"thumbnailUrl":"https:\/\/www.salzburgerland.com\/de\/magazin\/wp-content\/uploads\/2014\/11\/krampus-und-seine-begleiter-f.jpg","datePublished":"2014-11-27T09:26:44+00:00","dateModified":"2016-10-27T10:34:47+00:00","breadcrumb":{"@id":"https:\/\/www.salzburgerland.com\/de\/magazin\/nikolaus-engel-und-koerberltraeger-begleiten-den-krampus\/#breadcrumb"},"inLanguage":"de","potentialAction":[{"@type":"ReadAction","target":["https:\/\/www.salzburgerland.com\/de\/magazin\/nikolaus-engel-und-koerberltraeger-begleiten-den-krampus\/"]}]},{"@type":"ImageObject","inLanguage":"de","@id":"https:\/\/www.salzburgerland.com\/de\/magazin\/nikolaus-engel-und-koerberltraeger-begleiten-den-krampus\/#primaryimage","url":"https:\/\/www.salzburgerland.com\/de\/magazin\/wp-content\/uploads\/2014\/11\/krampus-und-seine-begleiter-f.jpg","contentUrl":"https:\/\/www.salzburgerland.com\/de\/magazin\/wp-content\/uploads\/2014\/11\/krampus-und-seine-begleiter-f.jpg","width":504,"height":335,"caption":"Kinder als Nikolaus, \"Guazelmandel\" und Engerl"},{"@type":"BreadcrumbList","@id":"https:\/\/www.salzburgerland.com\/de\/magazin\/nikolaus-engel-und-koerberltraeger-begleiten-den-krampus\/#breadcrumb","itemListElement":[{"@type":"ListItem","position":1,"name":"Startseite","item":"https:\/\/www.salzburgerland.com\/de\/magazin\/"},{"@type":"ListItem","position":2,"name":"Kunst &amp; Kultur","item":"https:\/\/www.salzburgerland.com\/de\/magazin\/thema\/kunst-kultur\/"},{"@type":"ListItem","position":3,"name":"Nikolaus, Engel und K\u00f6rberltr\u00e4ger begleiten den Krampus"}]},{"@type":"WebSite","@id":"https:\/\/www.salzburgerland.com\/de\/magazin\/#website","url":"https:\/\/www.salzburgerland.com\/de\/magazin\/","name":"SalzburgerLand Magazin","description":"Geschichten und Interessantes aus dem SalzburgerLand","publisher":{"@id":"https:\/\/www.salzburgerland.com\/de\/magazin\/#organization"},"potentialAction":[{"@type":"SearchAction","target":{"@type":"EntryPoint","urlTemplate":"https:\/\/www.salzburgerland.com\/de\/magazin\/?s={search_term_string}"},"query-input":{"@type":"PropertyValueSpecification","valueRequired":true,"valueName":"search_term_string"}}],"inLanguage":"de"},{"@type":"Organization","@id":"https:\/\/www.salzburgerland.com\/de\/magazin\/#organization","name":"SalzburgerLand Tourismus","url":"https:\/\/www.salzburgerland.com\/de\/magazin\/","logo":{"@type":"ImageObject","inLanguage":"de","@id":"https:\/\/www.salzburgerland.com\/de\/magazin\/#\/schema\/logo\/image\/","url":"https:\/\/www.salzburgerland.com\/de\/magazin\/wp-content\/uploads\/2019\/06\/salzburgerland-logo1.jpg","contentUrl":"https:\/\/www.salzburgerland.com\/de\/magazin\/wp-content\/uploads\/2019\/06\/salzburgerland-logo1.jpg","width":2011,"height":866,"caption":"SalzburgerLand Tourismus"},"image":{"@id":"https:\/\/www.salzburgerland.com\/de\/magazin\/#\/schema\/logo\/image\/"},"sameAs":["https:\/\/www.facebook.com\/salzburgerland\/","https:\/\/x.com\/Salzburgerland","https:\/\/www.instagram.com\/salzburgerland\/","https:\/\/at.linkedin.com\/company\/salzburgerland-tourismus-gmbh","https:\/\/www.pinterest.at\/salzburgerland\/","https:\/\/www.youtube.com\/user\/salzburgerland","https:\/\/de.wikipedia.org\/wiki\/SalzburgerLand_Tourismus_GmbH"]},{"@type":"Person","@id":"https:\/\/www.salzburgerland.com\/de\/magazin\/#\/schema\/person\/7932db74f19d9640620859cb2b794c4e","name":"Christine Fr\u00f6schl","description":"Dein pers\u00f6nlicher Logenplatz im SalzburgerLand? Am liebsten gehe ich auf den Einberg im Salzburger Tennengau. Der Berg in der Osterhorn-Gruppe gl\u00e4nzt das ganze Jahr im Sonnenschein, auf dem Gipfel heben Paragleiter ab und die Aussicht auf das Tennengebirge, den Dachstein und die Bischofsm\u00fctze ist traumhaft. Dosige(r) oder Zuagroast? Zuagroast aus dem sch\u00f6nen Nieder\u00f6sterreich. Fr\u00fchling, Sommer, Herbst oder Winter? Alle Jahreszeiten begeistern mich. Momentan freue ich mich auf den Fr\u00fchling, das Zwitschern der V\u00f6gel und auf die sattgr\u00fcnen Wiesen. Salzburger Nockerl oder Schwarzbeernocken? Eindeutig Schwarzbeernocken. Rindsroulade vom Pinzgauer Biorind oder Saibling fangfrisch aus dem Fuschlsee? Mhhhh. Da kann ich mich nicht entscheiden. Bergtour oder Seentour? Mich zieht es auf jeden Fall hinauf. Begeistert bin ich auch von tiefblauen Bergseen in denen sich die Umgebung spiegelt und von der Aussicht w\u00e4hrend des Weges auf einen der wundersch\u00f6nen Seen im Salzburger Land.","url":"https:\/\/www.salzburgerland.com\/de\/magazin\/author\/christine-froeschl\/"}]},"og_video":"https:\/\/www.youtube.com\/embed\/6C7rrpl-Fo4","og_video_type":"text\/html","og_video_duration":"199","og_video_width":"480","og_video_height":"270","ya_ovs_adult":"false","ya_ovs_upload_date":"2014-11-27T09:26:44+00:00","ya_ovs_allow_embed":"true"},"_wl_alt_label":[],"wl:entity_url":"http:\/\/open.salzburgerland.com\/magazin\/post\/nikolaus__engel_und_koerberltraeger_begleiten_den_krampus","_links":{"self":[{"href":"https:\/\/www.salzburgerland.com\/de\/magazin\/wp-json\/wp\/v2\/posts\/93232","targetHints":{"allow":["GET"]}}],"collection":[{"href":"https:\/\/www.salzburgerland.com\/de\/magazin\/wp-json\/wp\/v2\/posts"}],"about":[{"href":"https:\/\/www.salzburgerland.com\/de\/magazin\/wp-json\/wp\/v2\/types\/post"}],"author":[{"embeddable":true,"href":"https:\/\/www.salzburgerland.com\/de\/magazin\/wp-json\/wp\/v2\/users\/236"}],"replies":[{"embeddable":true,"href":"https:\/\/www.salzburgerland.com\/de\/magazin\/wp-json\/wp\/v2\/comments?post=93232"}],"version-history":[{"count":0,"href":"https:\/\/www.salzburgerland.com\/de\/magazin\/wp-json\/wp\/v2\/posts\/93232\/revisions"}],"wp:featuredmedia":[{"embeddable":true,"href":"https:\/\/www.salzburgerland.com\/de\/magazin\/wp-json\/wp\/v2\/media\/93243"}],"wp:attachment":[{"href":"https:\/\/www.salzburgerland.com\/de\/magazin\/wp-json\/wp\/v2\/media?parent=93232"}],"wp:term":[{"taxonomy":"category","embeddable":true,"href":"https:\/\/www.salzburgerland.com\/de\/magazin\/wp-json\/wp\/v2\/categories?post=93232"},{"taxonomy":"post_tag","embeddable":true,"href":"https:\/\/www.salzburgerland.com\/de\/magazin\/wp-json\/wp\/v2\/tags?post=93232"},{"taxonomy":"wl_entity_type","embeddable":true,"href":"https:\/\/www.salzburgerland.com\/de\/magazin\/wp-json\/wp\/v2\/wl_entity_type?post=93232"},{"taxonomy":"monatsauswahl","embeddable":true,"href":"https:\/\/www.salzburgerland.com\/de\/magazin\/wp-json\/wp\/v2\/monatsauswahl?post=93232"}],"curies":[{"name":"wp","href":"https:\/\/api.w.org\/{rel}","templated":true}]}}