{"id":92675,"date":"2014-11-13T08:00:13","date_gmt":"2014-11-13T07:00:13","guid":{"rendered":"http:\/\/magazin.salzburgerland.com\/?p=92675"},"modified":"2020-02-20T15:56:29","modified_gmt":"2020-02-20T14:56:29","slug":"eingekocht-leckere-chutnys-selbstgemacht","status":"publish","type":"post","link":"https:\/\/www.salzburgerland.com\/de\/magazin\/eingekocht-leckere-chutnys-selbstgemacht\/","title":{"rendered":"Eingekocht: Leckere Chutnys selbstgemacht"},"content":{"rendered":"\n<p>\u00c4pfel, Chili und Tomaten &#8211; wie passt das zusammen? Maria H\u00f6ll, die Altb\u00e4uerin vom Mandlhof in Annaberg, verkocht diese Fr\u00fcchte jeden Herbst zu leckeren Chutnys. Auf dem K\u00fcchentisch der kreativen Lammertaler Biob\u00e4uerin stehen K\u00f6rbe und Sch\u00fcsseln. Gef\u00fcllt sind sie mit s\u00e4uerlichen \u00c4pfeln, gelben und gr\u00fcnen Chilis sowie roten, gelben und gr\u00fcnen Tomaten. &#8222;Die Tomaten k\u00f6nnen f\u00fcr das Chutny unreif sein&#8220;, sagt Maria. Die \u00c4pfel stammen von einem alten Apfelbaum im Garten.<\/p>\n\n\n\n<p>Marias Familie isst gerne Chutny zu K\u00e4se und gebratenem Fleisch. Daher pfl\u00fcckt Maria die letzten, noch unreifen Tomaten und Chili von der Staude. Gemeinsam mit reifen Tomaten und Chili sowie \u00c4pfeln verarbeitet sie dieses Obst und Gem\u00fcse zu einem Tomaten-Apfel-Chutny. Am Beginn w\u00e4scht sie die \u00c4pfel, sch\u00e4lt flink die Schale ab und entfernt das Kerngeh\u00e4use. Danach schneidet Maria die \u00c4pfel in Scheiben. Alle weiteren Zutaten f\u00fcr das Tomaten-Apfel-Chutny hat Maria schon geschnipselt, gehackt und gem\u00f6rsert. Die Tomaten sind bereits enth\u00e4utet.<\/p>\n\n\n\n<p>Hier das Rezept:<\/p>\n\n\n\n<p><b>Marias Fallobst Rezept &#8211;<br>Tomaten-Apfel-Chutny<\/b><\/p>\n\n\n\n<p>ca. 1 kg Apfel entkernt, gesch\u00e4lt und in Scheiben geschnitten<br>400 ml Wasser<br>1 Essl\u00f6ffel gelbe Senfk\u00f6rner im M\u00f6rser zerkleinert<br>1 kg Tomaten (auch unreife k\u00f6nnen verwendet werden) enth\u00e4utet<br>2 gro\u00dfe Zwiebeln gehackt<br>1 Knoblauchzehe gehackt<br>10 St\u00fcck Chili Schoten, rot oder gr\u00fcn, entkernt und klein geschnitten<br>Bio-Rosinen oder Sultaninen, eine Handvoll<br>140 g Rohrzucker<br>1 geh\u00e4ufter Essl\u00f6ffel Curcuma -oder Currypulver<br>1 Teel\u00f6ffel Kardamom gemahlen<br>10 Gew\u00fcrznelken ganz<br>1 Teel\u00f6ffel&nbsp; Ingwerpulver, oder besser frisch geriebene Wurzel<br>1Teel\u00f6ffel Salz<br>3 Stamperl Apfelessig<\/p>\n\n\n\n<p>Zubereitung:<\/p>\n\n\n\n<p>Die \u00c4pfel samt Wasser in einen Kochtopf geben und zugedeckt k\u00f6cheln lassen.<br>Die gesto\u00dfenen Senfk\u00f6rner, Zucker und alle \u00fcbrigen Zutaten untermischen und diese Mixtur aufkochen. Bei geringer Hitze ca. 2,5 Stunden k\u00f6cheln lassen. Gelegentlich umr\u00fchren. Wenn die Masse breiig geworden ist, noch einmal abschmecken und auf den pers\u00f6nlichen Geschmack abstimmen, danach in saubere, mit hei\u00dfem Wasser ausgesp\u00fclte Gl\u00e4ser, bis zum Rand&nbsp; f\u00fcllen und gut verschrauben. Auf den Kopf stellen und abk\u00fchlen lassen.<\/p>\n\n\n\n<p>W\u00e4hrend das Chutny k\u00f6chelt fischt sich Maria den n\u00e4chsten Apfel, sch\u00e4lt wiederrum flink die Schale ab und entfernt das Kerngeh\u00e4use. Jetzt bereitet sie ihr Apfelmus zu:<\/p>\n\n\n\n<p><b>Apfelmus grob<\/b><br>ca. 1kg Apfel entkernt, gesch\u00e4lt, grob gerieben und mit Zitronensaft betr\u00e4ufeln<br>Rohrzucker nach Belieben, richtet sich nach S\u00e4uregehalt der \u00c4pfel<br>ca. 400ml Wasser<br>eine halbe Zimtstange<br>6 Gew\u00fcrznelken<\/p>\n\n\n\n<p>In einem Kochtopf das Wasser mit Rohrzucker, Zimt und Gew\u00fcrznelken zum Kochen bringen.<br>Danach die geriebenen \u00c4pfel einmengen und nach nochmaligem Aufkochen ca. eine halbe Stunde leicht k\u00f6cheln lassen. Man kann die \u00c4pfel nach Belieben auch l\u00e4nger kochen. Wenn die Masse die gew\u00fcnschte Konsistenz erreicht hat, noch hei\u00df in vorbereitete Gl\u00e4ser f\u00fcllen und gut verschrauben. Gl\u00e4ser auf den Kopf stellen und ausk\u00fchlen lassen.<\/p>\n\n\n\n<p>Maria und ihre Familie essen das Apfelmus am liebsten zu Kartoffellpuffern, als Kompott zum Kaiserschmarrn oder l\u00f6ffeln es gemeinsam mit einem Naturjoghurt .<\/p>\n\n\n<div class=\"mag-gallery\"><div class=\"row\"><div class=\"col-6 col-sm-4\"><figure><a class=\"thumb-container\" href=\"https:\/\/www.salzburgerland.com\/de\/magazin\/wp-content\/uploads\/2014\/11\/Maria-a-1280x1024.jpg\">\t<picture><source media=\"(min-width: 576px)\" srcset=\"https:\/\/www.salzburgerland.com\/de\/magazin\/wp-content\/uploads\/2014\/11\/Maria-a-325x209.jpg 325w, https:\/\/www.salzburgerland.com\/de\/magazin\/wp-content\/uploads\/2014\/11\/Maria-a-249x160.jpg 249w\"><\/source><source media=\"(min-width: 0)\" srcset=\"https:\/\/www.salzburgerland.com\/de\/magazin\/wp-content\/uploads\/2014\/11\/Maria-a-249x160.jpg 249w, https:\/\/www.salzburgerland.com\/de\/magazin\/wp-content\/uploads\/2014\/11\/Maria-a-325x209.jpg 325w\"><\/source><img decoding=\"async\" alt=\"Drei Schalen auf einem Tisch: eine mit &Auml;pfeln, eine mit Tomaten und eine mit verschiedenen gr&uuml;nen und roten Paprikas.\" src=\"https:\/\/www.salzburgerland.com\/de\/magazin\/wp-content\/uploads\/2014\/11\/Maria-a.jpg\">\t<\/picture><\/a><\/figure><\/div><div class=\"col-6 col-sm-4\"><figure><a class=\"thumb-container\" href=\"https:\/\/www.salzburgerland.com\/de\/magazin\/wp-content\/uploads\/2014\/11\/Maria-b-jpg-1280x1024.jpg\">\t<picture><source media=\"(min-width: 576px)\" srcset=\"https:\/\/www.salzburgerland.com\/de\/magazin\/wp-content\/uploads\/2014\/11\/Maria-b-jpg-325x209.jpg 325w, https:\/\/www.salzburgerland.com\/de\/magazin\/wp-content\/uploads\/2014\/11\/Maria-b-jpg-249x160.jpg 249w\"><\/source><source media=\"(min-width: 0)\" srcset=\"https:\/\/www.salzburgerland.com\/de\/magazin\/wp-content\/uploads\/2014\/11\/Maria-b-jpg-249x160.jpg 249w, https:\/\/www.salzburgerland.com\/de\/magazin\/wp-content\/uploads\/2014\/11\/Maria-b-jpg-325x209.jpg 325w\"><\/source><img decoding=\"async\" alt=\"Ein Weidenkorb gef&uuml;llt mit &Auml;pfeln, Tomaten und gr&uuml;nen Chilischoten auf einer hellen Unterlage.\" src=\"https:\/\/www.salzburgerland.com\/de\/magazin\/wp-content\/uploads\/2014\/11\/Maria-b-jpg.jpg\">\t<\/picture><\/a><\/figure><\/div><div class=\"col-6 col-sm-4\"><figure><a class=\"thumb-container\" href=\"https:\/\/www.salzburgerland.com\/de\/magazin\/wp-content\/uploads\/2014\/11\/Maria-d--1280x1024.jpg\">\t<picture><source media=\"(min-width: 576px)\" srcset=\"\"><\/source><source media=\"(min-width: 0)\" srcset=\"https:\/\/www.salzburgerland.com\/de\/magazin\/wp-content\/uploads\/2014\/11\/Maria-d-.jpg 936w, https:\/\/www.salzburgerland.com\/de\/magazin\/wp-content\/uploads\/2014\/11\/Maria-d--293x300.jpg 293w, https:\/\/www.salzburgerland.com\/de\/magazin\/wp-content\/uploads\/2014\/11\/Maria-d--537x550.jpg 537w, https:\/\/www.salzburgerland.com\/de\/magazin\/wp-content\/uploads\/2014\/11\/Maria-d--390x400.jpg 390w\"><\/source><img decoding=\"async\" alt=\"&Auml;ltere Frau, die in einer K&uuml;che &Auml;pfel sch&auml;lt, mit einem Korb und einer Sch&uuml;ssel auf dem Tresen vor ihr.\" src=\"https:\/\/www.salzburgerland.com\/de\/magazin\/wp-content\/uploads\/2014\/11\/Maria-d-.jpg\">\t<\/picture><\/a><\/figure><\/div><div class=\"col-6 col-sm-4\"><figure><a class=\"thumb-container\" href=\"https:\/\/www.salzburgerland.com\/de\/magazin\/wp-content\/uploads\/2014\/11\/Maria-e--1280x1024.jpg\">\t<picture><source media=\"(min-width: 576px)\" srcset=\"https:\/\/www.salzburgerland.com\/de\/magazin\/wp-content\/uploads\/2014\/11\/Maria-e--325x209.jpg 325w, https:\/\/www.salzburgerland.com\/de\/magazin\/wp-content\/uploads\/2014\/11\/Maria-e--249x160.jpg 249w\"><\/source><source media=\"(min-width: 0)\" srcset=\"https:\/\/www.salzburgerland.com\/de\/magazin\/wp-content\/uploads\/2014\/11\/Maria-e--249x160.jpg 249w, https:\/\/www.salzburgerland.com\/de\/magazin\/wp-content\/uploads\/2014\/11\/Maria-e--325x209.jpg 325w\"><\/source><img decoding=\"async\" alt=\"Ein Topf mit Gem&uuml;seeintopf k&ouml;chelt auf dem Herd, ein Holzl&ouml;ffel liegt auf dem Rand des Topfes.\" src=\"https:\/\/www.salzburgerland.com\/de\/magazin\/wp-content\/uploads\/2014\/11\/Maria-e-.jpg\">\t<\/picture><\/a><\/figure><\/div><div class=\"col-6 col-sm-4\"><figure><a class=\"thumb-container\" href=\"https:\/\/www.salzburgerland.com\/de\/magazin\/wp-content\/uploads\/2014\/11\/Maria-j-1280x1024.jpg\">\t<picture><source media=\"(min-width: 576px)\" srcset=\"https:\/\/www.salzburgerland.com\/de\/magazin\/wp-content\/uploads\/2014\/11\/Maria-j-325x209.jpg 325w, https:\/\/www.salzburgerland.com\/de\/magazin\/wp-content\/uploads\/2014\/11\/Maria-j-249x160.jpg 249w\"><\/source><source media=\"(min-width: 0)\" srcset=\"https:\/\/www.salzburgerland.com\/de\/magazin\/wp-content\/uploads\/2014\/11\/Maria-j-249x160.jpg 249w, https:\/\/www.salzburgerland.com\/de\/magazin\/wp-content\/uploads\/2014\/11\/Maria-j-325x209.jpg 325w\"><\/source><img decoding=\"async\" alt=\"Eine Person l&ouml;ffelt Marmelade oder Eingemachtes aus einem Plastikkrug in leere Gl&auml;ser auf einem K&uuml;chentisch.\" src=\"https:\/\/www.salzburgerland.com\/de\/magazin\/wp-content\/uploads\/2014\/11\/Maria-j.jpg\">\t<\/picture><\/a><\/figure><\/div><div class=\"col-6 col-sm-4\"><figure><a class=\"thumb-container\" href=\"https:\/\/www.salzburgerland.com\/de\/magazin\/wp-content\/uploads\/2014\/11\/Maria-i--1280x1024.jpg\">\t<picture><source media=\"(min-width: 576px)\" srcset=\"https:\/\/www.salzburgerland.com\/de\/magazin\/wp-content\/uploads\/2014\/11\/Maria-i--325x209.jpg 325w, https:\/\/www.salzburgerland.com\/de\/magazin\/wp-content\/uploads\/2014\/11\/Maria-i--249x160.jpg 249w\"><\/source><source media=\"(min-width: 0)\" srcset=\"https:\/\/www.salzburgerland.com\/de\/magazin\/wp-content\/uploads\/2014\/11\/Maria-i--249x160.jpg 249w, https:\/\/www.salzburgerland.com\/de\/magazin\/wp-content\/uploads\/2014\/11\/Maria-i--325x209.jpg 325w\"><\/source><img decoding=\"async\" alt=\"Chutney wird aus einer Sch&uuml;ssel in ein Glas auf dem K&uuml;chentisch gegossen.\" src=\"https:\/\/www.salzburgerland.com\/de\/magazin\/wp-content\/uploads\/2014\/11\/Maria-i-.jpg\">\t<\/picture><\/a><\/figure><\/div><div class=\"col-6 col-sm-4\"><figure><a class=\"thumb-container\" href=\"https:\/\/www.salzburgerland.com\/de\/magazin\/wp-content\/uploads\/2014\/11\/Maria-k-1280x1024.jpg\">\t<picture><source media=\"(min-width: 576px)\" srcset=\"https:\/\/www.salzburgerland.com\/de\/magazin\/wp-content\/uploads\/2014\/11\/Maria-k-325x209.jpg 325w, https:\/\/www.salzburgerland.com\/de\/magazin\/wp-content\/uploads\/2014\/11\/Maria-k-249x160.jpg 249w\"><\/source><source media=\"(min-width: 0)\" srcset=\"https:\/\/www.salzburgerland.com\/de\/magazin\/wp-content\/uploads\/2014\/11\/Maria-k-249x160.jpg 249w, https:\/\/www.salzburgerland.com\/de\/magazin\/wp-content\/uploads\/2014\/11\/Maria-k-325x209.jpg 325w\"><\/source><img decoding=\"async\" alt=\"Eine Person gie&szlig;t selbstgemachtes Relish in Gl&auml;ser auf einer K&uuml;chentheke neben einem Topf und gef&uuml;llten Gl&auml;sern.\" src=\"https:\/\/www.salzburgerland.com\/de\/magazin\/wp-content\/uploads\/2014\/11\/Maria-k.jpg\">\t<\/picture><\/a><\/figure><\/div><div class=\"col-6 col-sm-4\"><figure><a class=\"thumb-container\" href=\"https:\/\/www.salzburgerland.com\/de\/magazin\/wp-content\/uploads\/2014\/11\/Maria-j--1280x1024.jpg\">\t<picture><source media=\"(min-width: 576px)\" srcset=\"https:\/\/www.salzburgerland.com\/de\/magazin\/wp-content\/uploads\/2014\/11\/Maria-j--325x209.jpg 325w, https:\/\/www.salzburgerland.com\/de\/magazin\/wp-content\/uploads\/2014\/11\/Maria-j--249x160.jpg 249w\"><\/source><source media=\"(min-width: 0)\" srcset=\"https:\/\/www.salzburgerland.com\/de\/magazin\/wp-content\/uploads\/2014\/11\/Maria-j--249x160.jpg 249w, https:\/\/www.salzburgerland.com\/de\/magazin\/wp-content\/uploads\/2014\/11\/Maria-j--325x209.jpg 325w\"><\/source><img decoding=\"async\" alt=\"Sechs mit gelbem Relish gef&uuml;llte Gl&auml;ser mit rot karierten Deckeln stehen kopf&uuml;ber auf einer Theke.\" src=\"https:\/\/www.salzburgerland.com\/de\/magazin\/wp-content\/uploads\/2014\/11\/Maria-j-.jpg\">\t<\/picture><\/a><\/figure><\/div><div class=\"col-6 col-sm-4\"><figure><a class=\"thumb-container\" href=\"https:\/\/www.salzburgerland.com\/de\/magazin\/wp-content\/uploads\/2014\/11\/Maria-g--1280x1024.jpg\">\t<picture><source media=\"(min-width: 576px)\" srcset=\"https:\/\/www.salzburgerland.com\/de\/magazin\/wp-content\/uploads\/2014\/11\/Maria-g--325x209.jpg 325w, https:\/\/www.salzburgerland.com\/de\/magazin\/wp-content\/uploads\/2014\/11\/Maria-g--249x160.jpg 249w\"><\/source><source media=\"(min-width: 0)\" srcset=\"https:\/\/www.salzburgerland.com\/de\/magazin\/wp-content\/uploads\/2014\/11\/Maria-g--249x160.jpg 249w, https:\/\/www.salzburgerland.com\/de\/magazin\/wp-content\/uploads\/2014\/11\/Maria-g--325x209.jpg 325w\"><\/source><img decoding=\"async\" alt=\"Ein Korb mit &Auml;pfeln und f&uuml;nf gesch&auml;lte, entkernte &Auml;pfel auf einem h&ouml;lzernen Schneidebrett auf einem K&uuml;chentisch.\" src=\"https:\/\/www.salzburgerland.com\/de\/magazin\/wp-content\/uploads\/2014\/11\/Maria-g-.jpg\">\t<\/picture><\/a><\/figure><\/div><div class=\"col-6 col-sm-4\"><figure><a class=\"thumb-container\" href=\"https:\/\/www.salzburgerland.com\/de\/magazin\/wp-content\/uploads\/2014\/11\/Maria-l-1280x1024.jpg\">\t<picture><source media=\"(min-width: 576px)\" srcset=\"https:\/\/www.salzburgerland.com\/de\/magazin\/wp-content\/uploads\/2014\/11\/Maria-l-325x209.jpg 325w, https:\/\/www.salzburgerland.com\/de\/magazin\/wp-content\/uploads\/2014\/11\/Maria-l-249x160.jpg 249w\"><\/source><source media=\"(min-width: 0)\" srcset=\"https:\/\/www.salzburgerland.com\/de\/magazin\/wp-content\/uploads\/2014\/11\/Maria-l-249x160.jpg 249w, https:\/\/www.salzburgerland.com\/de\/magazin\/wp-content\/uploads\/2014\/11\/Maria-l-325x209.jpg 325w\"><\/source><img decoding=\"async\" alt=\"Eine &auml;ltere Frau reibt in einer sonnendurchfluteten K&uuml;che Lebensmittel in eine rosa Sch&uuml;ssel und l&auml;chelt in die Kamera.\" src=\"https:\/\/www.salzburgerland.com\/de\/magazin\/wp-content\/uploads\/2014\/11\/Maria-l.jpg\">\t<\/picture><\/a><\/figure><\/div><div class=\"col-6 col-sm-4\"><figure><a class=\"thumb-container\" href=\"https:\/\/www.salzburgerland.com\/de\/magazin\/wp-content\/uploads\/2014\/11\/Maria-h--1280x1024.jpg\">\t<picture><source media=\"(min-width: 576px)\" srcset=\"https:\/\/www.salzburgerland.com\/de\/magazin\/wp-content\/uploads\/2014\/11\/Maria-h--325x209.jpg 325w, https:\/\/www.salzburgerland.com\/de\/magazin\/wp-content\/uploads\/2014\/11\/Maria-h--249x160.jpg 249w\"><\/source><source media=\"(min-width: 0)\" srcset=\"https:\/\/www.salzburgerland.com\/de\/magazin\/wp-content\/uploads\/2014\/11\/Maria-h--249x160.jpg 249w, https:\/\/www.salzburgerland.com\/de\/magazin\/wp-content\/uploads\/2014\/11\/Maria-h--325x209.jpg 325w\"><\/source><img decoding=\"async\" alt=\"Eine &auml;ltere Frau sch&uuml;ttet zerkleinertes Gem&uuml;se aus einer rosafarbenen Sch&uuml;ssel in einen Topf auf dem Herd in einer K&uuml;che.\" src=\"https:\/\/www.salzburgerland.com\/de\/magazin\/wp-content\/uploads\/2014\/11\/Maria-h-.jpg\">\t<\/picture><\/a><\/figure><\/div><div class=\"col-6 col-sm-4\"><figure><a class=\"thumb-container\" href=\"https:\/\/www.salzburgerland.com\/de\/magazin\/wp-content\/uploads\/2014\/11\/Maria-f--1280x1024.jpg\">\t<picture><source media=\"(min-width: 576px)\" srcset=\"https:\/\/www.salzburgerland.com\/de\/magazin\/wp-content\/uploads\/2014\/11\/Maria-f--325x209.jpg 325w, https:\/\/www.salzburgerland.com\/de\/magazin\/wp-content\/uploads\/2014\/11\/Maria-f--249x160.jpg 249w\"><\/source><source media=\"(min-width: 0)\" srcset=\"https:\/\/www.salzburgerland.com\/de\/magazin\/wp-content\/uploads\/2014\/11\/Maria-f--249x160.jpg 249w, https:\/\/www.salzburgerland.com\/de\/magazin\/wp-content\/uploads\/2014\/11\/Maria-f--325x209.jpg 325w\"><\/source><img decoding=\"async\" alt=\"Eine Hand r&uuml;hrt zerkleinerte &Auml;pfel, die in einem Topf auf dem Herd kochen.\" src=\"https:\/\/www.salzburgerland.com\/de\/magazin\/wp-content\/uploads\/2014\/11\/Maria-f-.jpg\">\t<\/picture><\/a><\/figure><\/div><\/div><figcaption><\/figcaption><\/div>\n","protected":false},"excerpt":{"rendered":"<p>\u00c4pfel, Chili und Tomaten &#8211; wie passt das zusammen? Maria H\u00f6ll, die Altb\u00e4uerin vom Mandlhof in Annaberg, verkocht diese Fr\u00fcchte jeden Herbst zu leckeren Chutnys. Auf dem K\u00fcchentisch der kreativen Lammertaler Biob\u00e4uerin stehen K\u00f6rbe und Sch\u00fcsseln. Gef\u00fcllt sind sie mit s\u00e4uerlichen \u00c4pfeln, gelben und gr\u00fcnen Chilis sowie roten, gelben und gr\u00fcnen Tomaten. &#8222;Die Tomaten k\u00f6nnen [&hellip;]<\/p>\n","protected":false},"author":236,"featured_media":92679,"comment_status":"open","ping_status":"open","sticky":false,"template":"","format":"standard","meta":{"_acf_changed":false,"wl_entities_gutenberg":"","_wl_entity_redirect_enabled":"","footnotes":""},"categories":[3],"tags":[24],"wl_entity_type":[871],"monatsauswahl":[91,92],"class_list":["post-92675","post","type-post","status-publish","format-standard","has-post-thumbnail","hentry","category-essen-trinken","tag-rezept","wl_entity_type-recipe","monatsauswahl-monat_10","monatsauswahl-monat_11"],"acf":[],"yoast_head":"<!-- This site is optimized with the Yoast SEO Premium plugin v27.4 (Yoast SEO v27.4) - https:\/\/yoast.com\/product\/yoast-seo-premium-wordpress\/ -->\n<title>Eingekocht: Leckere Chutnys selbstgemacht - SalzburgerLand Magazin<\/title>\n<meta name=\"description\" content=\"\u00c4pfel, Chili und Tomaten &#8211; wie passt das zusammen? Maria H\u00f6ll, die Altb\u00e4uerin vom Mandlhof in Annaberg, verkocht diese Fr\u00fcchte jeden Herbst zu leckeren Chutnys. Auf dem K\u00fcchentisch der kreativen Lammertaler Biob\u00e4uerin stehen K\u00f6rbe und Sch\u00fcsseln. Gef\u00fcllt sind sie mit s\u00e4uerlichen \u00c4pfeln, gelben und gr\u00fcnen Chilis sowie roten, gelben und gr\u00fcnen Tomaten. &#8222;Die Tomaten k\u00f6nnen [&hellip;]\" \/>\n<meta name=\"robots\" content=\"index, follow, max-snippet:-1, max-image-preview:large, max-video-preview:-1\" \/>\n<link rel=\"canonical\" href=\"https:\/\/www.salzburgerland.com\/de\/magazin\/eingekocht-leckere-chutnys-selbstgemacht\/\" \/>\n<meta property=\"og:locale\" content=\"de_DE\" \/>\n<meta property=\"og:type\" content=\"article\" \/>\n<meta property=\"og:title\" content=\"Eingekocht: Leckere Chutnys selbstgemacht\" \/>\n<meta property=\"og:description\" content=\"\u00c4pfel, Chili und Tomaten &#8211; wie passt das zusammen? Maria H\u00f6ll, die Altb\u00e4uerin vom Mandlhof in Annaberg, verkocht diese Fr\u00fcchte jeden Herbst zu leckeren Chutnys. Auf dem K\u00fcchentisch der kreativen Lammertaler Biob\u00e4uerin stehen K\u00f6rbe und Sch\u00fcsseln. Gef\u00fcllt sind sie mit s\u00e4uerlichen \u00c4pfeln, gelben und gr\u00fcnen Chilis sowie roten, gelben und gr\u00fcnen Tomaten. &#8222;Die Tomaten k\u00f6nnen [&hellip;]\" \/>\n<meta property=\"og:url\" content=\"https:\/\/www.salzburgerland.com\/de\/magazin\/eingekocht-leckere-chutnys-selbstgemacht\/\" \/>\n<meta property=\"og:site_name\" content=\"SalzburgerLand Magazin\" \/>\n<meta property=\"article:publisher\" content=\"https:\/\/www.facebook.com\/salzburgerland\/\" \/>\n<meta property=\"article:published_time\" content=\"2014-11-13T07:00:13+00:00\" \/>\n<meta property=\"article:modified_time\" content=\"2020-02-20T14:56:29+00:00\" \/>\n<meta property=\"og:image\" content=\"https:\/\/www.salzburgerland.com\/de\/magazin\/wp-content\/uploads\/2014\/11\/Maria-d-.jpg\" \/>\n\t<meta property=\"og:image:width\" content=\"936\" \/>\n\t<meta property=\"og:image:height\" content=\"959\" \/>\n\t<meta property=\"og:image:type\" content=\"image\/jpeg\" \/>\n<meta name=\"author\" content=\"Christine Fr\u00f6schl\" \/>\n<meta name=\"twitter:card\" content=\"summary_large_image\" \/>\n<meta name=\"twitter:creator\" content=\"@Salzburgerland\" \/>\n<meta name=\"twitter:site\" content=\"@Salzburgerland\" \/>\n<meta name=\"twitter:label1\" content=\"Verfasst von\" \/>\n\t<meta name=\"twitter:data1\" content=\"Christine Fr\u00f6schl\" \/>\n\t<meta name=\"twitter:label2\" content=\"Gesch\u00e4tzte Lesezeit\" \/>\n\t<meta name=\"twitter:data2\" content=\"3\u00a0Minuten\" \/>\n<script type=\"application\/ld+json\" class=\"yoast-schema-graph\">{\"@context\":\"https:\\\/\\\/schema.org\",\"@graph\":[{\"@type\":\"Article\",\"@id\":\"https:\\\/\\\/www.salzburgerland.com\\\/de\\\/magazin\\\/eingekocht-leckere-chutnys-selbstgemacht\\\/#article\",\"isPartOf\":{\"@id\":\"https:\\\/\\\/www.salzburgerland.com\\\/de\\\/magazin\\\/eingekocht-leckere-chutnys-selbstgemacht\\\/\"},\"author\":{\"name\":\"Christine Fr\u00f6schl\",\"@id\":\"https:\\\/\\\/www.salzburgerland.com\\\/de\\\/magazin\\\/#\\\/schema\\\/person\\\/7932db74f19d9640620859cb2b794c4e\"},\"headline\":\"Eingekocht: Leckere Chutnys selbstgemacht\",\"datePublished\":\"2014-11-13T07:00:13+00:00\",\"dateModified\":\"2020-02-20T14:56:29+00:00\",\"mainEntityOfPage\":{\"@id\":\"https:\\\/\\\/www.salzburgerland.com\\\/de\\\/magazin\\\/eingekocht-leckere-chutnys-selbstgemacht\\\/\"},\"wordCount\":506,\"commentCount\":0,\"publisher\":{\"@id\":\"https:\\\/\\\/www.salzburgerland.com\\\/de\\\/magazin\\\/#organization\"},\"image\":{\"@id\":\"https:\\\/\\\/www.salzburgerland.com\\\/de\\\/magazin\\\/eingekocht-leckere-chutnys-selbstgemacht\\\/#primaryimage\"},\"thumbnailUrl\":\"https:\\\/\\\/www.salzburgerland.com\\\/de\\\/magazin\\\/wp-content\\\/uploads\\\/2014\\\/11\\\/Maria-d-.jpg\",\"keywords\":[\"rezept\"],\"articleSection\":[\"Essen &amp; Trinken\"],\"inLanguage\":\"de\",\"potentialAction\":[{\"@type\":\"CommentAction\",\"name\":\"Comment\",\"target\":[\"https:\\\/\\\/www.salzburgerland.com\\\/de\\\/magazin\\\/eingekocht-leckere-chutnys-selbstgemacht\\\/#respond\"]}]},{\"@type\":\"WebPage\",\"@id\":\"https:\\\/\\\/www.salzburgerland.com\\\/de\\\/magazin\\\/eingekocht-leckere-chutnys-selbstgemacht\\\/\",\"url\":\"https:\\\/\\\/www.salzburgerland.com\\\/de\\\/magazin\\\/eingekocht-leckere-chutnys-selbstgemacht\\\/\",\"name\":\"Eingekocht: Leckere Chutnys selbstgemacht - SalzburgerLand Magazin\",\"isPartOf\":{\"@id\":\"https:\\\/\\\/www.salzburgerland.com\\\/de\\\/magazin\\\/#website\"},\"primaryImageOfPage\":{\"@id\":\"https:\\\/\\\/www.salzburgerland.com\\\/de\\\/magazin\\\/eingekocht-leckere-chutnys-selbstgemacht\\\/#primaryimage\"},\"image\":{\"@id\":\"https:\\\/\\\/www.salzburgerland.com\\\/de\\\/magazin\\\/eingekocht-leckere-chutnys-selbstgemacht\\\/#primaryimage\"},\"thumbnailUrl\":\"https:\\\/\\\/www.salzburgerland.com\\\/de\\\/magazin\\\/wp-content\\\/uploads\\\/2014\\\/11\\\/Maria-d-.jpg\",\"datePublished\":\"2014-11-13T07:00:13+00:00\",\"dateModified\":\"2020-02-20T14:56:29+00:00\",\"breadcrumb\":{\"@id\":\"https:\\\/\\\/www.salzburgerland.com\\\/de\\\/magazin\\\/eingekocht-leckere-chutnys-selbstgemacht\\\/#breadcrumb\"},\"inLanguage\":\"de\",\"potentialAction\":[{\"@type\":\"ReadAction\",\"target\":[\"https:\\\/\\\/www.salzburgerland.com\\\/de\\\/magazin\\\/eingekocht-leckere-chutnys-selbstgemacht\\\/\"]}]},{\"@type\":\"ImageObject\",\"inLanguage\":\"de\",\"@id\":\"https:\\\/\\\/www.salzburgerland.com\\\/de\\\/magazin\\\/eingekocht-leckere-chutnys-selbstgemacht\\\/#primaryimage\",\"url\":\"https:\\\/\\\/www.salzburgerland.com\\\/de\\\/magazin\\\/wp-content\\\/uploads\\\/2014\\\/11\\\/Maria-d-.jpg\",\"contentUrl\":\"https:\\\/\\\/www.salzburgerland.com\\\/de\\\/magazin\\\/wp-content\\\/uploads\\\/2014\\\/11\\\/Maria-d-.jpg\",\"width\":936,\"height\":959,\"caption\":\"Maria beim \u00c4pfelsch\u00e4len\"},{\"@type\":\"BreadcrumbList\",\"@id\":\"https:\\\/\\\/www.salzburgerland.com\\\/de\\\/magazin\\\/eingekocht-leckere-chutnys-selbstgemacht\\\/#breadcrumb\",\"itemListElement\":[{\"@type\":\"ListItem\",\"position\":1,\"name\":\"Startseite\",\"item\":\"https:\\\/\\\/www.salzburgerland.com\\\/de\\\/magazin\\\/\"},{\"@type\":\"ListItem\",\"position\":2,\"name\":\"Essen &amp; Trinken\",\"item\":\"https:\\\/\\\/www.salzburgerland.com\\\/de\\\/magazin\\\/thema\\\/essen-trinken\\\/\"},{\"@type\":\"ListItem\",\"position\":3,\"name\":\"Eingekocht: Leckere Chutnys selbstgemacht\"}]},{\"@type\":\"WebSite\",\"@id\":\"https:\\\/\\\/www.salzburgerland.com\\\/de\\\/magazin\\\/#website\",\"url\":\"https:\\\/\\\/www.salzburgerland.com\\\/de\\\/magazin\\\/\",\"name\":\"SalzburgerLand Magazin\",\"description\":\"Geschichten und Interessantes aus dem SalzburgerLand\",\"publisher\":{\"@id\":\"https:\\\/\\\/www.salzburgerland.com\\\/de\\\/magazin\\\/#organization\"},\"potentialAction\":[{\"@type\":\"SearchAction\",\"target\":{\"@type\":\"EntryPoint\",\"urlTemplate\":\"https:\\\/\\\/www.salzburgerland.com\\\/de\\\/magazin\\\/?s={search_term_string}\"},\"query-input\":{\"@type\":\"PropertyValueSpecification\",\"valueRequired\":true,\"valueName\":\"search_term_string\"}}],\"inLanguage\":\"de\"},{\"@type\":\"Organization\",\"@id\":\"https:\\\/\\\/www.salzburgerland.com\\\/de\\\/magazin\\\/#organization\",\"name\":\"SalzburgerLand Tourismus\",\"url\":\"https:\\\/\\\/www.salzburgerland.com\\\/de\\\/magazin\\\/\",\"logo\":{\"@type\":\"ImageObject\",\"inLanguage\":\"de\",\"@id\":\"https:\\\/\\\/www.salzburgerland.com\\\/de\\\/magazin\\\/#\\\/schema\\\/logo\\\/image\\\/\",\"url\":\"https:\\\/\\\/www.salzburgerland.com\\\/de\\\/magazin\\\/wp-content\\\/uploads\\\/2019\\\/06\\\/salzburgerland-logo1.jpg\",\"contentUrl\":\"https:\\\/\\\/www.salzburgerland.com\\\/de\\\/magazin\\\/wp-content\\\/uploads\\\/2019\\\/06\\\/salzburgerland-logo1.jpg\",\"width\":2011,\"height\":866,\"caption\":\"SalzburgerLand Tourismus\"},\"image\":{\"@id\":\"https:\\\/\\\/www.salzburgerland.com\\\/de\\\/magazin\\\/#\\\/schema\\\/logo\\\/image\\\/\"},\"sameAs\":[\"https:\\\/\\\/www.facebook.com\\\/salzburgerland\\\/\",\"https:\\\/\\\/x.com\\\/Salzburgerland\",\"https:\\\/\\\/www.instagram.com\\\/salzburgerland\\\/\",\"https:\\\/\\\/at.linkedin.com\\\/company\\\/salzburgerland-tourismus-gmbh\",\"https:\\\/\\\/www.pinterest.at\\\/salzburgerland\\\/\",\"https:\\\/\\\/www.youtube.com\\\/user\\\/salzburgerland\",\"https:\\\/\\\/de.wikipedia.org\\\/wiki\\\/SalzburgerLand_Tourismus_GmbH\"]},{\"@type\":\"Person\",\"@id\":\"https:\\\/\\\/www.salzburgerland.com\\\/de\\\/magazin\\\/#\\\/schema\\\/person\\\/7932db74f19d9640620859cb2b794c4e\",\"name\":\"Christine Fr\u00f6schl\",\"description\":\"Dein pers\u00f6nlicher Logenplatz im SalzburgerLand? Am liebsten gehe ich auf den Einberg im Salzburger Tennengau. Der Berg in der Osterhorn-Gruppe gl\u00e4nzt das ganze Jahr im Sonnenschein, auf dem Gipfel heben Paragleiter ab und die Aussicht auf das Tennengebirge, den Dachstein und die Bischofsm\u00fctze ist traumhaft. Dosige(r) oder Zuagroast? Zuagroast aus dem sch\u00f6nen Nieder\u00f6sterreich. Fr\u00fchling, Sommer, Herbst oder Winter? Alle Jahreszeiten begeistern mich. Momentan freue ich mich auf den Fr\u00fchling, das Zwitschern der V\u00f6gel und auf die sattgr\u00fcnen Wiesen. Salzburger Nockerl oder Schwarzbeernocken? Eindeutig Schwarzbeernocken. Rindsroulade vom Pinzgauer Biorind oder Saibling fangfrisch aus dem Fuschlsee? Mhhhh. Da kann ich mich nicht entscheiden. Bergtour oder Seentour? Mich zieht es auf jeden Fall hinauf. Begeistert bin ich auch von tiefblauen Bergseen in denen sich die Umgebung spiegelt und von der Aussicht w\u00e4hrend des Weges auf einen der wundersch\u00f6nen Seen im Salzburger Land.\",\"url\":\"https:\\\/\\\/www.salzburgerland.com\\\/de\\\/magazin\\\/author\\\/christine-froeschl\\\/\"}]}<\/script>\n<!-- \/ Yoast SEO Premium plugin. -->","yoast_head_json":{"title":"Eingekocht: Leckere Chutnys selbstgemacht - SalzburgerLand Magazin","description":"\u00c4pfel, Chili und Tomaten &#8211; wie passt das zusammen? Maria H\u00f6ll, die Altb\u00e4uerin vom Mandlhof in Annaberg, verkocht diese Fr\u00fcchte jeden Herbst zu leckeren Chutnys. Auf dem K\u00fcchentisch der kreativen Lammertaler Biob\u00e4uerin stehen K\u00f6rbe und Sch\u00fcsseln. Gef\u00fcllt sind sie mit s\u00e4uerlichen \u00c4pfeln, gelben und gr\u00fcnen Chilis sowie roten, gelben und gr\u00fcnen Tomaten. &#8222;Die Tomaten k\u00f6nnen [&hellip;]","robots":{"index":"index","follow":"follow","max-snippet":"max-snippet:-1","max-image-preview":"max-image-preview:large","max-video-preview":"max-video-preview:-1"},"canonical":"https:\/\/www.salzburgerland.com\/de\/magazin\/eingekocht-leckere-chutnys-selbstgemacht\/","og_locale":"de_DE","og_type":"article","og_title":"Eingekocht: Leckere Chutnys selbstgemacht","og_description":"\u00c4pfel, Chili und Tomaten &#8211; wie passt das zusammen? Maria H\u00f6ll, die Altb\u00e4uerin vom Mandlhof in Annaberg, verkocht diese Fr\u00fcchte jeden Herbst zu leckeren Chutnys. Auf dem K\u00fcchentisch der kreativen Lammertaler Biob\u00e4uerin stehen K\u00f6rbe und Sch\u00fcsseln. Gef\u00fcllt sind sie mit s\u00e4uerlichen \u00c4pfeln, gelben und gr\u00fcnen Chilis sowie roten, gelben und gr\u00fcnen Tomaten. &#8222;Die Tomaten k\u00f6nnen [&hellip;]","og_url":"https:\/\/www.salzburgerland.com\/de\/magazin\/eingekocht-leckere-chutnys-selbstgemacht\/","og_site_name":"SalzburgerLand Magazin","article_publisher":"https:\/\/www.facebook.com\/salzburgerland\/","article_published_time":"2014-11-13T07:00:13+00:00","article_modified_time":"2020-02-20T14:56:29+00:00","og_image":[{"width":936,"height":959,"url":"https:\/\/www.salzburgerland.com\/de\/magazin\/wp-content\/uploads\/2014\/11\/Maria-d-.jpg","type":"image\/jpeg"}],"author":"Christine Fr\u00f6schl","twitter_card":"summary_large_image","twitter_creator":"@Salzburgerland","twitter_site":"@Salzburgerland","twitter_misc":{"Verfasst von":"Christine Fr\u00f6schl","Gesch\u00e4tzte Lesezeit":"3\u00a0Minuten"},"schema":{"@context":"https:\/\/schema.org","@graph":[{"@type":"Article","@id":"https:\/\/www.salzburgerland.com\/de\/magazin\/eingekocht-leckere-chutnys-selbstgemacht\/#article","isPartOf":{"@id":"https:\/\/www.salzburgerland.com\/de\/magazin\/eingekocht-leckere-chutnys-selbstgemacht\/"},"author":{"name":"Christine Fr\u00f6schl","@id":"https:\/\/www.salzburgerland.com\/de\/magazin\/#\/schema\/person\/7932db74f19d9640620859cb2b794c4e"},"headline":"Eingekocht: Leckere Chutnys selbstgemacht","datePublished":"2014-11-13T07:00:13+00:00","dateModified":"2020-02-20T14:56:29+00:00","mainEntityOfPage":{"@id":"https:\/\/www.salzburgerland.com\/de\/magazin\/eingekocht-leckere-chutnys-selbstgemacht\/"},"wordCount":506,"commentCount":0,"publisher":{"@id":"https:\/\/www.salzburgerland.com\/de\/magazin\/#organization"},"image":{"@id":"https:\/\/www.salzburgerland.com\/de\/magazin\/eingekocht-leckere-chutnys-selbstgemacht\/#primaryimage"},"thumbnailUrl":"https:\/\/www.salzburgerland.com\/de\/magazin\/wp-content\/uploads\/2014\/11\/Maria-d-.jpg","keywords":["rezept"],"articleSection":["Essen &amp; Trinken"],"inLanguage":"de","potentialAction":[{"@type":"CommentAction","name":"Comment","target":["https:\/\/www.salzburgerland.com\/de\/magazin\/eingekocht-leckere-chutnys-selbstgemacht\/#respond"]}]},{"@type":"WebPage","@id":"https:\/\/www.salzburgerland.com\/de\/magazin\/eingekocht-leckere-chutnys-selbstgemacht\/","url":"https:\/\/www.salzburgerland.com\/de\/magazin\/eingekocht-leckere-chutnys-selbstgemacht\/","name":"Eingekocht: Leckere Chutnys selbstgemacht - SalzburgerLand Magazin","isPartOf":{"@id":"https:\/\/www.salzburgerland.com\/de\/magazin\/#website"},"primaryImageOfPage":{"@id":"https:\/\/www.salzburgerland.com\/de\/magazin\/eingekocht-leckere-chutnys-selbstgemacht\/#primaryimage"},"image":{"@id":"https:\/\/www.salzburgerland.com\/de\/magazin\/eingekocht-leckere-chutnys-selbstgemacht\/#primaryimage"},"thumbnailUrl":"https:\/\/www.salzburgerland.com\/de\/magazin\/wp-content\/uploads\/2014\/11\/Maria-d-.jpg","datePublished":"2014-11-13T07:00:13+00:00","dateModified":"2020-02-20T14:56:29+00:00","breadcrumb":{"@id":"https:\/\/www.salzburgerland.com\/de\/magazin\/eingekocht-leckere-chutnys-selbstgemacht\/#breadcrumb"},"inLanguage":"de","potentialAction":[{"@type":"ReadAction","target":["https:\/\/www.salzburgerland.com\/de\/magazin\/eingekocht-leckere-chutnys-selbstgemacht\/"]}]},{"@type":"ImageObject","inLanguage":"de","@id":"https:\/\/www.salzburgerland.com\/de\/magazin\/eingekocht-leckere-chutnys-selbstgemacht\/#primaryimage","url":"https:\/\/www.salzburgerland.com\/de\/magazin\/wp-content\/uploads\/2014\/11\/Maria-d-.jpg","contentUrl":"https:\/\/www.salzburgerland.com\/de\/magazin\/wp-content\/uploads\/2014\/11\/Maria-d-.jpg","width":936,"height":959,"caption":"Maria beim \u00c4pfelsch\u00e4len"},{"@type":"BreadcrumbList","@id":"https:\/\/www.salzburgerland.com\/de\/magazin\/eingekocht-leckere-chutnys-selbstgemacht\/#breadcrumb","itemListElement":[{"@type":"ListItem","position":1,"name":"Startseite","item":"https:\/\/www.salzburgerland.com\/de\/magazin\/"},{"@type":"ListItem","position":2,"name":"Essen &amp; Trinken","item":"https:\/\/www.salzburgerland.com\/de\/magazin\/thema\/essen-trinken\/"},{"@type":"ListItem","position":3,"name":"Eingekocht: Leckere Chutnys selbstgemacht"}]},{"@type":"WebSite","@id":"https:\/\/www.salzburgerland.com\/de\/magazin\/#website","url":"https:\/\/www.salzburgerland.com\/de\/magazin\/","name":"SalzburgerLand Magazin","description":"Geschichten und Interessantes aus dem SalzburgerLand","publisher":{"@id":"https:\/\/www.salzburgerland.com\/de\/magazin\/#organization"},"potentialAction":[{"@type":"SearchAction","target":{"@type":"EntryPoint","urlTemplate":"https:\/\/www.salzburgerland.com\/de\/magazin\/?s={search_term_string}"},"query-input":{"@type":"PropertyValueSpecification","valueRequired":true,"valueName":"search_term_string"}}],"inLanguage":"de"},{"@type":"Organization","@id":"https:\/\/www.salzburgerland.com\/de\/magazin\/#organization","name":"SalzburgerLand Tourismus","url":"https:\/\/www.salzburgerland.com\/de\/magazin\/","logo":{"@type":"ImageObject","inLanguage":"de","@id":"https:\/\/www.salzburgerland.com\/de\/magazin\/#\/schema\/logo\/image\/","url":"https:\/\/www.salzburgerland.com\/de\/magazin\/wp-content\/uploads\/2019\/06\/salzburgerland-logo1.jpg","contentUrl":"https:\/\/www.salzburgerland.com\/de\/magazin\/wp-content\/uploads\/2019\/06\/salzburgerland-logo1.jpg","width":2011,"height":866,"caption":"SalzburgerLand Tourismus"},"image":{"@id":"https:\/\/www.salzburgerland.com\/de\/magazin\/#\/schema\/logo\/image\/"},"sameAs":["https:\/\/www.facebook.com\/salzburgerland\/","https:\/\/x.com\/Salzburgerland","https:\/\/www.instagram.com\/salzburgerland\/","https:\/\/at.linkedin.com\/company\/salzburgerland-tourismus-gmbh","https:\/\/www.pinterest.at\/salzburgerland\/","https:\/\/www.youtube.com\/user\/salzburgerland","https:\/\/de.wikipedia.org\/wiki\/SalzburgerLand_Tourismus_GmbH"]},{"@type":"Person","@id":"https:\/\/www.salzburgerland.com\/de\/magazin\/#\/schema\/person\/7932db74f19d9640620859cb2b794c4e","name":"Christine Fr\u00f6schl","description":"Dein pers\u00f6nlicher Logenplatz im SalzburgerLand? Am liebsten gehe ich auf den Einberg im Salzburger Tennengau. Der Berg in der Osterhorn-Gruppe gl\u00e4nzt das ganze Jahr im Sonnenschein, auf dem Gipfel heben Paragleiter ab und die Aussicht auf das Tennengebirge, den Dachstein und die Bischofsm\u00fctze ist traumhaft. Dosige(r) oder Zuagroast? Zuagroast aus dem sch\u00f6nen Nieder\u00f6sterreich. Fr\u00fchling, Sommer, Herbst oder Winter? Alle Jahreszeiten begeistern mich. Momentan freue ich mich auf den Fr\u00fchling, das Zwitschern der V\u00f6gel und auf die sattgr\u00fcnen Wiesen. Salzburger Nockerl oder Schwarzbeernocken? Eindeutig Schwarzbeernocken. Rindsroulade vom Pinzgauer Biorind oder Saibling fangfrisch aus dem Fuschlsee? Mhhhh. Da kann ich mich nicht entscheiden. Bergtour oder Seentour? Mich zieht es auf jeden Fall hinauf. Begeistert bin ich auch von tiefblauen Bergseen in denen sich die Umgebung spiegelt und von der Aussicht w\u00e4hrend des Weges auf einen der wundersch\u00f6nen Seen im Salzburger Land.","url":"https:\/\/www.salzburgerland.com\/de\/magazin\/author\/christine-froeschl\/"}]}},"_wl_alt_label":[],"wl:entity_url":"http:\/\/open.salzburgerland.com\/magazin\/post\/eingekocht__leckere_chutnys_selbstgemacht","_links":{"self":[{"href":"https:\/\/www.salzburgerland.com\/de\/magazin\/wp-json\/wp\/v2\/posts\/92675","targetHints":{"allow":["GET"]}}],"collection":[{"href":"https:\/\/www.salzburgerland.com\/de\/magazin\/wp-json\/wp\/v2\/posts"}],"about":[{"href":"https:\/\/www.salzburgerland.com\/de\/magazin\/wp-json\/wp\/v2\/types\/post"}],"author":[{"embeddable":true,"href":"https:\/\/www.salzburgerland.com\/de\/magazin\/wp-json\/wp\/v2\/users\/236"}],"replies":[{"embeddable":true,"href":"https:\/\/www.salzburgerland.com\/de\/magazin\/wp-json\/wp\/v2\/comments?post=92675"}],"version-history":[{"count":0,"href":"https:\/\/www.salzburgerland.com\/de\/magazin\/wp-json\/wp\/v2\/posts\/92675\/revisions"}],"wp:featuredmedia":[{"embeddable":true,"href":"https:\/\/www.salzburgerland.com\/de\/magazin\/wp-json\/wp\/v2\/media\/92679"}],"wp:attachment":[{"href":"https:\/\/www.salzburgerland.com\/de\/magazin\/wp-json\/wp\/v2\/media?parent=92675"}],"wp:term":[{"taxonomy":"category","embeddable":true,"href":"https:\/\/www.salzburgerland.com\/de\/magazin\/wp-json\/wp\/v2\/categories?post=92675"},{"taxonomy":"post_tag","embeddable":true,"href":"https:\/\/www.salzburgerland.com\/de\/magazin\/wp-json\/wp\/v2\/tags?post=92675"},{"taxonomy":"wl_entity_type","embeddable":true,"href":"https:\/\/www.salzburgerland.com\/de\/magazin\/wp-json\/wp\/v2\/wl_entity_type?post=92675"},{"taxonomy":"monatsauswahl","embeddable":true,"href":"https:\/\/www.salzburgerland.com\/de\/magazin\/wp-json\/wp\/v2\/monatsauswahl?post=92675"}],"curies":[{"name":"wp","href":"https:\/\/api.w.org\/{rel}","templated":true}]}}